{"id":10213,"date":"2016-01-23T10:27:38","date_gmt":"2016-01-23T10:27:38","guid":{"rendered":"https:\/\/www.aquimicasa.net\/blog\/?p=10213"},"modified":"2020-04-02T18:30:51","modified_gmt":"2020-04-02T16:30:51","slug":"factura-del-agua","status":"publish","type":"post","link":"https:\/\/www.aquimicasa.net\/blog\/vivienda\/noticias-mercado-inmobiliario\/factura-del-agua\/","title":{"rendered":"La privatizaci\u00f3n del agua supone desigualdad entre los espa\u00f1oles"},"content":{"rendered":"<p>La fijaci\u00f3n del Partido Popular y sus pol\u00edticas neoconservadoras ha supuesto la privatizaci\u00f3n de muchos servicios que eran antes p\u00fablicos o la subida del servicio, en caso de seguir siendo municipal, como es el caso del servicio de abastecimiento en C\u00e1diz, hasta l\u00edmites poco asumibles por determinados segmentos de la poblaci\u00f3n. La privatizaci\u00f3n en el suministro de agua, en forma de empresa mixta, ha supuesto un encarecimiento del agua para el ciudadano, un empeoramiento del servicio y la inaplicaci\u00f3n de pol\u00edticas sociales, adem\u00e1s de, en muchos casos, la venta del patrimonio ciudadano en cantidades irrisorias a empresas \u00abamigas\u00bb. Las desigualdades de los ciudadanos en nuestro territorio ante la factura del agua son desorbitadas. FACUA-Consumidores en Acci\u00f3n ha realizado un estudio sobre las tarifas domiciliarias de agua en 2015 en veintiocho ciudades espa\u00f1olas, donde<strong> ha constatado diferencias entre ciudades<\/strong> de hasta el 349,4%. Las variaciones alcanzan los 453,60 euros al a\u00f1o para una vivienda con un consumo de 10 metros c\u00fabicos mensuales y un calibre de contador de 15mm. Los precios comparados incluyen los c\u00e1nones y recargos que se aplican en muchas ciudades pero no cuentan las tarifas por alquiler y mantenimiento de contadores ni el IVA.<\/p>\n<p>El an\u00e1lisis de FACUA toma como referencia una vivienda con tres habitantes y un consumo mensual de 10 metros c\u00fabicos. Los usuarios con contadores de 13 mil\u00edmetros de di\u00e1metro han experimentado una subida media del 0,4%, mientras que las tarifas para los contadores de 15 mil\u00edmetros han sufrido un aumento del 0,5%.<\/p>\n<p>La asociaci\u00f3n exige que se apliquen <strong>tarifas progresivas<\/strong> facturadas en funci\u00f3n del n\u00famero de habitantes del inmueble y que se penalicen los consumos excesivos.<\/p>\n<p>FACUA considera necesario que se tenga en consideraci\u00f3n el car\u00e1cter de <strong>derecho humano del agua<\/strong> y que se regule para que no se produzcan cortes de suministro a familias vulnerables as\u00ed como que se establezcan m\u00ednimos vitales.<\/p>\n<p>Para ello, es necesario potenciar la visi\u00f3n del ciclo integral del agua y abordarla desde una nueva regulaci\u00f3n integral que <strong>garantice el acceso al suministro a toda la poblaci\u00f3n<\/strong>, unos precios justos y razonables, que reconozca su dimensi\u00f3n como derecho humano y recurso esencial para la vida, que respete el car\u00e1cter renovable del recurso, garantice su uso sostenible, gestione la demanda para conseguir su uso eficiente y la calidad adecuada y los valores ambientales asociados al medio h\u00eddrico.<\/p>\n<p>Con contadores de 13 mm y un consumo de 10 m3, los importes m\u00e1s elevados encontrados han sido los de Murcia, con un importe de 29,35 euros, Barcelona, en ambos casos gestionadas por una empresa mixta, 23,49 euros y C\u00e1diz, gestionada por una empresa p\u00fablica, 22,98. En el otro extremo se encuentra Valladolid, con un modelo de gesti\u00f3n privado, que no ha modificado sus tarifas, donde independientemente de si el calibre es de 13 o 15 mm, su coste es de 10,82 euros.<\/p>\n<p>Para un consumo de 10 m3 con un contador de 15 mm, <strong>los precios m\u00e1s caros mensuales son los que se abonan en Alicante<\/strong>, con un importe de 48,62 euros, donde menos del 1% de la poblaci\u00f3n tienen instalados contadores de 15mm, Murcia 29,35 euros y Huelva (24,24 euros), en los tres casos gestionadas por empresas mixtas.<\/p>\n<p>Este mismo consumo con un contador de 13 mm supone un gasto medio de 17,52 euros, mientras que si se utiliza un contador de 15 mm, la media asciende a 18,92 euros (sin incluir el IVA y sin tener en cuenta el coste por alquiler o mantenimiento de contadores).<\/p>\n<p>En diez de las ciudades analizadas no se han producido cambios en las tarifas del suministro domiciliario de agua con respecto a 2014 y son: A Coru\u00f1a, Bilbao, Cuenca, Murcia, Palma de Mallorca, Pamplona, Salamanca, Santa Cruz de Tenerife, Valladolid y Zaragoza.<\/p>\n<p>La mayor subida del precio del agua detectada por FACUA se ha producido en Alicante, empresa mixta, con un incremento del 2,4% para un consumo mensual de 10 m3 con un calibre de contador de 13 mm.<\/p>\n<p>Le sigue Barcelona, tambi\u00e9n gestionada por una empresa mixta, con un aumento del 2,1% y Ja\u00e9n (1,9%), en manos de empresa privada, con un incremento en los c\u00e1nones.<\/p>\n<p>FACUA recuerda que estas subidas de tarifas pueden obedecer no s\u00f3lo a los incrementos aprobados por las empresas suministradoras de agua, sino tambi\u00e9n a los aumentos de los c\u00e1nones o a la aparici\u00f3n de otros nuevos en municipios, provincias o comunidades aut\u00f3nomas.<\/p>\n<p>FACUA considera que el concepto de ahorro o despilfarro no puede desvincularse del n\u00famero de residentes de la vivienda. Por ello, la asociaci\u00f3n cree que debe avanzarse en la <strong>facturaci\u00f3n por habitante<\/strong> as\u00ed como en la aplicaci\u00f3n de tarifas progresivas donde se penalicen los consumos excesivos.<\/p>\n<p>En la actualidad, s\u00f3lo dos de las ciudades analizadas \u2013M\u00e1laga y Sevilla- dispone de tarifas vinculadas al n\u00famero de personas que residen en la vivienda. Sin embargo, hay algunas ciudades que a partir de cuatro miembros o m\u00e1s en el n\u00facleo familiar aplica tarifas distintas, como A Coru\u00f1a y Barcelona.<\/p>\n<p>En otros diecisiete municipios se tiene en cuenta si los titulares del suministro en las viviendas donde residen m\u00e1s de tres personas conforman una familia o vivienda numerosa con el fin de aplicarles tarifas m\u00e1s reducidas. La asociaci\u00f3n se\u00f1ala que, en algunos casos, estos precios m\u00e1s bajos se aplican a todas las familias numerosas, mientras que en otros est\u00e1n vinculados a renta o a situaciones como aqu\u00e9llas en las que todos sus miembros se encuentren en paro o pensionistas con bajos ingresos.<\/p>\n<p>FACUA reivindica que se incluya en la <strong>estructura tarifaria tarifas de car\u00e1cter social<\/strong> que tengan en consideraci\u00f3n colectivos desfavorecidos. La asociaci\u00f3n reclama que se articulen medidas para evitar la privatizaci\u00f3n de un suministro esencial y b\u00e1sico a aquellas familias que les resulte imposible hacer frente a su pago y recuerda que el agua ha sido declarado derecho humano por la ONU.<\/p>\n<p>Los c\u00e1nones pueden ser de \u00e1mbito local, provincial o auton\u00f3mico. La finalidad de los mismos, salvo alguna excepci\u00f3n, es destinar lo recaudado a infraestructuras de saneamiento y depuraci\u00f3n.<\/p>\n<p>En ocho ciudades, los usuarios pagan en 2015 m\u00e1s que en 2014 por el incremento de los importes de los c\u00e1nones que aplican, en algunos casos auton\u00f3micos y en otros locales, pese a que las tarifas del resto de importes no se han modificado.<\/p>\n<p>En Badajoz, gestionada por una empresa privada, la bajada del canon de saneamiento de la junta de Extremadura reduce a los consumidores el precio que pagan por el suministro domiciliario de agua.<\/p>\n<p>De las veintiocho ciudades analizadas, siete de ellas cobran precios distintos en la cuota fija de abastecimiento y\/o saneamiento en funci\u00f3n de si el calibre es de 13 o 15mm. Los importes se incrementan al aumentar el calibre en Alicante, Castell\u00f3n, Granada, Huelva, Madrid, Santa Cruz de Tenerife y Valencia.<\/p>\n<p>Ante esta cuesti\u00f3n, y en base a dos resoluciones emitidas por la Consejer\u00eda de Industria de la Junta de Andaluc\u00eda, a documentos t\u00e9cnicos de algunos operadores como el Canal de Isabel II y a especificaciones t\u00e9cnicas de los propios fabricantes de contadores, FACUA se cuestiona si existe alguna raz\u00f3n que justifique la <strong>diferenciaci\u00f3n de precios entre un calibre de 13mm y uno de 15mm<\/strong>.<\/p>\n<p>En la resoluci\u00f3n de industria se se\u00f1ala que no existen razones que justifiquen la diferenciaci\u00f3n de precios entre ambos contadores cuando no existen diferencias constructivas, ni metrol\u00f3gicas ni de transporte de agua.<\/p>\n<p>En un documento t\u00e9cnico elaborado por el operador del Canal de Isabel II se se\u00f1ala que \u201cEn la pr\u00e1ctica, desde un punto de vista constructivo, de capacidad metrol\u00f3gica y de transporte de aguas, los contadores de estos dos di\u00e1metros son exactamente iguales y la \u00fanica diferencia entre ambos corresponde al di\u00e1metro de las roscas de conexi\u00f3n\u201d. Contin\u00faa se\u00f1alando que \u201cA veces, en algunos abastecimientos y por cuestiones hist\u00f3ricas, los contadores de 13 y 15 mm se utilizan en viviendas de diferentes tipos\u201d.<\/p>\n<p>En Espa\u00f1a, el suministro domiciliario de agua es competencia de los ayuntamientos, que lo gestionan desde el propio ente, consorcios o mancomunidades, o a trav\u00e9s del otorgamiento de las concesiones de servicio a empresas p\u00fablicas, privadas o mixtas, se\u00f1ala FACUA.<\/p>\n<p>En algunos casos existen c\u00e1nones o recargos locales, provinciales y\/o auton\u00f3micos que repercuten en los consumidores con car\u00e1cter finalista, habitualmente con el objetivo de sufragar infraestructuras de abastecimiento, saneamiento o depuraci\u00f3n.<\/p>\n<p>FACUA ve necesario que los ayuntamientos y entidades gestoras den participaci\u00f3n a las asociaciones de consumidores a la hora de dise\u00f1ar las tarifas y aprobarlas.<\/p>\n<p>FACUA contin\u00faa demandando una norma marco que regule aspectos b\u00e1sicos del servicio; estructuras tarifarias, procedimientos de aprobaci\u00f3n, condiciones del servicio, reclamaciones, contrataci\u00f3n y participaci\u00f3n.<\/p>\n<p>La asociaci\u00f3n es conscientes de que no puede hablarse de una gesti\u00f3n eficiente y eficaz del recurso si no se aborda dicha gesti\u00f3n de forma unitaria e integral, en todas sus fases, desde la captaci\u00f3n hasta la depuraci\u00f3n, en lo que se viene denominando Ciclo Integral del Agua (abastecimiento, saneamiento y depuraci\u00f3n). Una regulaci\u00f3n que <strong>garantice lo principios de unidad de gesti\u00f3n<\/strong>, tratamiento integral, econom\u00eda del agua, descentralizaci\u00f3n, coordinaci\u00f3n, eficacia, participaci\u00f3n de los usuarios y transparencia en la gesti\u00f3n del agua, rendici\u00f3n de cuentas de las entidades prestadoras de servicios de agua, garant\u00eda de calidad en los servicios p\u00fablicos y corresponsabilidad de los usuarios en la prestaci\u00f3n de dichos servicios p\u00fablicos.<\/p>\n<p>Asimismo, esta normativa deber\u00eda abarcar las indemnizaciones por deficiencias de la calidad de los servicios que se pueden percibir en caso de cortes del suministro por motivos que no respondan a fuerza mayor o acciones de terceros o la periodicidad de lectura de los contadores y facturaci\u00f3n.<\/p>\n<p>FACUA considera que tambi\u00e9n deben quedar recogidos en un marco legal las condiciones de presi\u00f3n y caudal m\u00ednimas exigibles por los usuarios, los procedimientos que garanticen la suspensi\u00f3n o la baja en el suministro y los sistemas para la resoluci\u00f3n de las reclamaciones.<\/p>\n<p>A ello se le a\u00f1ade la necesidad de establecer una norma que clarificase el precio del agua y los conceptos repercutibles a los usuarios por parte del sector, con el fin de fomentar un modelo lo m\u00e1s claro posible, reclama FACUA.<\/p>\n<p>La asociaci\u00f3n tambi\u00e9n reivindica la obligaci\u00f3n de que las empresas que prestan este servicio cuenten con tel\u00e9fonos gratuitos y oficinas para la atenci\u00f3n a los usuarios, y que est\u00e9n adheridas a procedimientos de resoluci\u00f3n extrajudicial de conflictos como el Sistema Arbitral de Consumo.<\/p>\n<p>Para realizar este estudio, FACUA ha tenido en cuenta el ciclo integral del agua: las cuotas fijas y variables facturables tanto por el abastecimiento como por el saneamiento, alcantarillado, depuraci\u00f3n y\/o vertidos, junto a los posibles c\u00e1nones o recargos relacionados con la mejora de infraestructuras, impulsi\u00f3n, sequ\u00eda&#8230;<\/p>\n<p>De los datos obtenidos FACUA ha comparado en la nota los referidos a un consumo de 10m3, dentro de la media para el perfil de una vivienda con tres habitantes.<\/p>\n<p>De los precios recogidos est\u00e1n excluidos conceptos como el alquiler y\/o mantenimiento de contadores con importe independiente as\u00ed como el IVA.<\/p>\n<p>Como cuotas fijas o de servicio FACUA considera aqu\u00e9llas que hay que pagar aunque no se haga uso de las mismas, mientras que las variables o de consumo dependen del volumen de agua consumida.<\/p>\n<p>Tampoco se ha reflejado la existencia o no de bonificaciones a las familias numerosas para dejar fuera las penalizaciones de consumos elevados, que en estos casos resultan justificados. De igual modo, no se han tenido en cuenta las tarifas para usuarios de rentas bajas.<\/p>\n<p>Para evaluar las cuotas fijas y variables de abastecimiento y saneamiento se ha tomado como referencia una vivienda habitada por tres miembros, con periodicidad mensual. Adem\u00e1s, se han establecido dos consumos medios, de 10 y 20 m3, obtenidos a trav\u00e9s de contadores individuales de 13 y 15 mm de calibre.<\/p>\n<p>Seg\u00fan la ciudad, la facturaci\u00f3n puede realizarse de forma mensual, bimestral o trimestralmente, por lo que, al objeto de realizar el estudio, se ha calculado su equivalente mensual.<\/p>\n<p>Tampoco se han reflejado en el estudio otros conceptos que influyen en el precio del agua, como son la disponibilidad y calidad del agua en origen, la calidad del servicio prestado o la existencia o no de subvenciones, tanto de explotaci\u00f3n como de capital.<\/p>\n","protected":false},"excerpt":{"rendered":"<p>La fijaci\u00f3n del Partido Popular y sus pol\u00edticas neoconservadoras ha [&hellip;]<\/p>\n","protected":false},"author":3,"featured_media":0,"comment_status":"open","ping_status":"open","sticky":false,"template":"","format":"standard","meta":{"_jetpack_memberships_contains_paid_content":false,"footnotes":"","jetpack_publicize_message":"","jetpack_publicize_feature_enabled":true,"jetpack_social_post_already_shared":false,"jetpack_social_options":{"image_generator_settings":{"template":"highway","default_image_id":0,"font":"","enabled":false},"version":2}},"categories":[7565],"tags":[1813,401,1806,359,1758,1812,445,1808,1810,1811,1809],"class_list":["post-10213","post","type-post","status-publish","format-standard","hentry","category-noticias-mercado-inmobiliario","tag-abastecimiento","tag-agua","tag-calibre","tag-consumo","tag-contadores","tag-empresa-mixta","tag-familias","tag-hidrico","tag-privado","tag-publico","tag-recursos"],"yoast_head":"<!-- This site is optimized with the Yoast SEO plugin v28.2 - https:\/\/yoast.com\/product\/yoast-seo-wordpress\/ -->\n<title>La privatizaci\u00f3n del agua supone desigualdad entre los espa\u00f1oles - Blog de aquimicasa.net<\/title>\n<meta name=\"robots\" content=\"index, follow, max-snippet:-1, max-image-preview:large, max-video-preview:-1\" \/>\n<link rel=\"canonical\" href=\"https:\/\/www.aquimicasa.net\/blog\/vivienda\/noticias-mercado-inmobiliario\/factura-del-agua\/\" \/>\n<meta property=\"og:locale\" content=\"es_ES\" \/>\n<meta property=\"og:type\" content=\"article\" \/>\n<meta property=\"og:title\" content=\"La privatizaci\u00f3n del agua supone desigualdad entre los espa\u00f1oles - Blog de aquimicasa.net\" \/>\n<meta property=\"og:description\" content=\"La fijaci\u00f3n del Partido Popular y sus pol\u00edticas neoconservadoras ha [&hellip;]\" \/>\n<meta property=\"og:url\" content=\"https:\/\/www.aquimicasa.net\/blog\/vivienda\/noticias-mercado-inmobiliario\/factura-del-agua\/\" \/>\n<meta property=\"og:site_name\" content=\"Blog de aquimicasa.net\" \/>\n<meta property=\"article:publisher\" content=\"https:\/\/www.facebook.com\/aquimicasa.net\" \/>\n<meta property=\"article:published_time\" content=\"2016-01-23T10:27:38+00:00\" \/>\n<meta property=\"article:modified_time\" content=\"2020-04-02T16:30:51+00:00\" \/>\n<meta name=\"author\" content=\"Eduardo Lizarraga\" \/>\n<meta name=\"twitter:label1\" content=\"Escrito por\" \/>\n\t<meta name=\"twitter:data1\" content=\"Eduardo Lizarraga\" \/>\n\t<meta name=\"twitter:label2\" content=\"Tiempo de lectura\" \/>\n\t<meta name=\"twitter:data2\" content=\"11 minutos\" \/>\n<script type=\"application\/ld+json\" class=\"yoast-schema-graph\">{\"@context\":\"https:\\\/\\\/schema.org\",\"@graph\":[{\"@type\":\"Article\",\"@id\":\"https:\\\/\\\/www.aquimicasa.net\\\/blog\\\/vivienda\\\/noticias-mercado-inmobiliario\\\/factura-del-agua\\\/#article\",\"isPartOf\":{\"@id\":\"https:\\\/\\\/www.aquimicasa.net\\\/blog\\\/vivienda\\\/noticias-mercado-inmobiliario\\\/factura-del-agua\\\/\"},\"author\":{\"name\":\"Eduardo Lizarraga\",\"@id\":\"https:\\\/\\\/www.aquimicasa.net\\\/blog\\\/#\\\/schema\\\/person\\\/2cdfa2605534583395c8d7ce1d6cac14\"},\"headline\":\"La privatizaci\u00f3n del agua supone desigualdad entre los espa\u00f1oles\",\"datePublished\":\"2016-01-23T10:27:38+00:00\",\"dateModified\":\"2020-04-02T16:30:51+00:00\",\"mainEntityOfPage\":{\"@id\":\"https:\\\/\\\/www.aquimicasa.net\\\/blog\\\/vivienda\\\/noticias-mercado-inmobiliario\\\/factura-del-agua\\\/\"},\"wordCount\":2132,\"commentCount\":0,\"publisher\":{\"@id\":\"https:\\\/\\\/www.aquimicasa.net\\\/blog\\\/#organization\"},\"keywords\":[\"abastecimiento\",\"agua\",\"calibre\",\"consumo\",\"contadores\",\"empresa mixta\",\"familias\",\"h\u00eddrico\",\"privado\",\"p\u00fablico\",\"recursos\"],\"articleSection\":[\"Noticias Mercado Inmobiliario\"],\"inLanguage\":\"es\",\"potentialAction\":[{\"@type\":\"CommentAction\",\"name\":\"Comment\",\"target\":[\"https:\\\/\\\/www.aquimicasa.net\\\/blog\\\/vivienda\\\/noticias-mercado-inmobiliario\\\/factura-del-agua\\\/#respond\"]}]},{\"@type\":\"WebPage\",\"@id\":\"https:\\\/\\\/www.aquimicasa.net\\\/blog\\\/vivienda\\\/noticias-mercado-inmobiliario\\\/factura-del-agua\\\/\",\"url\":\"https:\\\/\\\/www.aquimicasa.net\\\/blog\\\/vivienda\\\/noticias-mercado-inmobiliario\\\/factura-del-agua\\\/\",\"name\":\"La privatizaci\u00f3n del agua supone desigualdad entre los espa\u00f1oles - Blog de aquimicasa.net\",\"isPartOf\":{\"@id\":\"https:\\\/\\\/www.aquimicasa.net\\\/blog\\\/#website\"},\"datePublished\":\"2016-01-23T10:27:38+00:00\",\"dateModified\":\"2020-04-02T16:30:51+00:00\",\"breadcrumb\":{\"@id\":\"https:\\\/\\\/www.aquimicasa.net\\\/blog\\\/vivienda\\\/noticias-mercado-inmobiliario\\\/factura-del-agua\\\/#breadcrumb\"},\"inLanguage\":\"es\",\"potentialAction\":[{\"@type\":\"ReadAction\",\"target\":[\"https:\\\/\\\/www.aquimicasa.net\\\/blog\\\/vivienda\\\/noticias-mercado-inmobiliario\\\/factura-del-agua\\\/\"]}]},{\"@type\":\"BreadcrumbList\",\"@id\":\"https:\\\/\\\/www.aquimicasa.net\\\/blog\\\/vivienda\\\/noticias-mercado-inmobiliario\\\/factura-del-agua\\\/#breadcrumb\",\"itemListElement\":[{\"@type\":\"ListItem\",\"position\":1,\"name\":\"Portada\",\"item\":\"https:\\\/\\\/www.aquimicasa.net\\\/blog\\\/\"},{\"@type\":\"ListItem\",\"position\":2,\"name\":\"La privatizaci\u00f3n del agua supone desigualdad entre los espa\u00f1oles\"}]},{\"@type\":\"WebSite\",\"@id\":\"https:\\\/\\\/www.aquimicasa.net\\\/blog\\\/#website\",\"url\":\"https:\\\/\\\/www.aquimicasa.net\\\/blog\\\/\",\"name\":\"Blog de aquimicasa.net\",\"description\":\"Noticias del Mundo Inmobiliario\",\"publisher\":{\"@id\":\"https:\\\/\\\/www.aquimicasa.net\\\/blog\\\/#organization\"},\"potentialAction\":[{\"@type\":\"SearchAction\",\"target\":{\"@type\":\"EntryPoint\",\"urlTemplate\":\"https:\\\/\\\/www.aquimicasa.net\\\/blog\\\/?s={search_term_string}\"},\"query-input\":{\"@type\":\"PropertyValueSpecification\",\"valueRequired\":true,\"valueName\":\"search_term_string\"}}],\"inLanguage\":\"es\"},{\"@type\":\"Organization\",\"@id\":\"https:\\\/\\\/www.aquimicasa.net\\\/blog\\\/#organization\",\"name\":\"Blog de aquimicasa.net\",\"url\":\"https:\\\/\\\/www.aquimicasa.net\\\/blog\\\/\",\"logo\":{\"@type\":\"ImageObject\",\"inLanguage\":\"es\",\"@id\":\"https:\\\/\\\/www.aquimicasa.net\\\/blog\\\/#\\\/schema\\\/logo\\\/image\\\/\",\"url\":\"https:\\\/\\\/www.aquimicasa.net\\\/blog\\\/wp-content\\\/uploads\\\/Logo-aquimicasa-1-e1528048213782.png\",\"contentUrl\":\"https:\\\/\\\/www.aquimicasa.net\\\/blog\\\/wp-content\\\/uploads\\\/Logo-aquimicasa-1-e1528048213782.png\",\"width\":225,\"height\":225,\"caption\":\"Blog de aquimicasa.net\"},\"image\":{\"@id\":\"https:\\\/\\\/www.aquimicasa.net\\\/blog\\\/#\\\/schema\\\/logo\\\/image\\\/\"},\"sameAs\":[\"https:\\\/\\\/www.facebook.com\\\/aquimicasa.net\",\"https:\\\/\\\/www.instagram.com\\\/\",\"https:\\\/\\\/x.com\\\/EduLizarragaD\",\"https:\\\/\\\/www.linkedin.com\\\/feed\\\/\"]},{\"@type\":\"Person\",\"@id\":\"https:\\\/\\\/www.aquimicasa.net\\\/blog\\\/#\\\/schema\\\/person\\\/2cdfa2605534583395c8d7ce1d6cac14\",\"name\":\"Eduardo Lizarraga\",\"image\":{\"@type\":\"ImageObject\",\"inLanguage\":\"es\",\"@id\":\"https:\\\/\\\/secure.gravatar.com\\\/avatar\\\/bdabe1eeeed97b65a9cb7de2edd624b07995f7e13abc5fead15961f745f908cc?s=96&d=mm&r=g\",\"url\":\"https:\\\/\\\/secure.gravatar.com\\\/avatar\\\/bdabe1eeeed97b65a9cb7de2edd624b07995f7e13abc5fead15961f745f908cc?s=96&d=mm&r=g\",\"contentUrl\":\"https:\\\/\\\/secure.gravatar.com\\\/avatar\\\/bdabe1eeeed97b65a9cb7de2edd624b07995f7e13abc5fead15961f745f908cc?s=96&d=mm&r=g\",\"caption\":\"Eduardo Lizarraga\"},\"description\":\"Periodista Econ\u00f3mico. Ha trabajado en diversos campos de la informaci\u00f3n. Corresponsal en conflictos, analista pol\u00edtico en Congreso y Senado, periodista del medio ambiente, editor, director editorial, director de comunicaci\u00f3n.... En estos momentos se ha especializado en el sector inmobiliario. Pero tambi\u00e9n es navegante y viajero, preocupado por la pobreza, el medio ambiente y por las actuaciones descontroladas del neoliberalismo empresarial y pol\u00edtico en todo el mundo. Los desahucios, la pobreza infantil y la falta de acceso a los suministros b\u00e1sicos son algunos de los grandes dramas de nuestra sociedad y que es preciso solucionar para hacerla m\u00e1s justa. CEO en www.aquimicasa.net\",\"sameAs\":[\"https:\\\/\\\/www.aquimicasa.net\\\/\"],\"url\":\"https:\\\/\\\/www.aquimicasa.net\\\/blog\\\/author\\\/eduardo\\\/\"}]}<\/script>\n<!-- \/ Yoast SEO plugin. -->","yoast_head_json":{"title":"La privatizaci\u00f3n del agua supone desigualdad entre los espa\u00f1oles - Blog de aquimicasa.net","robots":{"index":"index","follow":"follow","max-snippet":"max-snippet:-1","max-image-preview":"max-image-preview:large","max-video-preview":"max-video-preview:-1"},"canonical":"https:\/\/www.aquimicasa.net\/blog\/vivienda\/noticias-mercado-inmobiliario\/factura-del-agua\/","og_locale":"es_ES","og_type":"article","og_title":"La privatizaci\u00f3n del agua supone desigualdad entre los espa\u00f1oles - Blog de aquimicasa.net","og_description":"La fijaci\u00f3n del Partido Popular y sus pol\u00edticas neoconservadoras ha [&hellip;]","og_url":"https:\/\/www.aquimicasa.net\/blog\/vivienda\/noticias-mercado-inmobiliario\/factura-del-agua\/","og_site_name":"Blog de aquimicasa.net","article_publisher":"https:\/\/www.facebook.com\/aquimicasa.net","article_published_time":"2016-01-23T10:27:38+00:00","article_modified_time":"2020-04-02T16:30:51+00:00","author":"Eduardo Lizarraga","twitter_misc":{"Escrito por":"Eduardo Lizarraga","Tiempo de lectura":"11 minutos"},"schema":{"@context":"https:\/\/schema.org","@graph":[{"@type":"Article","@id":"https:\/\/www.aquimicasa.net\/blog\/vivienda\/noticias-mercado-inmobiliario\/factura-del-agua\/#article","isPartOf":{"@id":"https:\/\/www.aquimicasa.net\/blog\/vivienda\/noticias-mercado-inmobiliario\/factura-del-agua\/"},"author":{"name":"Eduardo Lizarraga","@id":"https:\/\/www.aquimicasa.net\/blog\/#\/schema\/person\/2cdfa2605534583395c8d7ce1d6cac14"},"headline":"La privatizaci\u00f3n del agua supone desigualdad entre los espa\u00f1oles","datePublished":"2016-01-23T10:27:38+00:00","dateModified":"2020-04-02T16:30:51+00:00","mainEntityOfPage":{"@id":"https:\/\/www.aquimicasa.net\/blog\/vivienda\/noticias-mercado-inmobiliario\/factura-del-agua\/"},"wordCount":2132,"commentCount":0,"publisher":{"@id":"https:\/\/www.aquimicasa.net\/blog\/#organization"},"keywords":["abastecimiento","agua","calibre","consumo","contadores","empresa mixta","familias","h\u00eddrico","privado","p\u00fablico","recursos"],"articleSection":["Noticias Mercado Inmobiliario"],"inLanguage":"es","potentialAction":[{"@type":"CommentAction","name":"Comment","target":["https:\/\/www.aquimicasa.net\/blog\/vivienda\/noticias-mercado-inmobiliario\/factura-del-agua\/#respond"]}]},{"@type":"WebPage","@id":"https:\/\/www.aquimicasa.net\/blog\/vivienda\/noticias-mercado-inmobiliario\/factura-del-agua\/","url":"https:\/\/www.aquimicasa.net\/blog\/vivienda\/noticias-mercado-inmobiliario\/factura-del-agua\/","name":"La privatizaci\u00f3n del agua supone desigualdad entre los espa\u00f1oles - Blog de aquimicasa.net","isPartOf":{"@id":"https:\/\/www.aquimicasa.net\/blog\/#website"},"datePublished":"2016-01-23T10:27:38+00:00","dateModified":"2020-04-02T16:30:51+00:00","breadcrumb":{"@id":"https:\/\/www.aquimicasa.net\/blog\/vivienda\/noticias-mercado-inmobiliario\/factura-del-agua\/#breadcrumb"},"inLanguage":"es","potentialAction":[{"@type":"ReadAction","target":["https:\/\/www.aquimicasa.net\/blog\/vivienda\/noticias-mercado-inmobiliario\/factura-del-agua\/"]}]},{"@type":"BreadcrumbList","@id":"https:\/\/www.aquimicasa.net\/blog\/vivienda\/noticias-mercado-inmobiliario\/factura-del-agua\/#breadcrumb","itemListElement":[{"@type":"ListItem","position":1,"name":"Portada","item":"https:\/\/www.aquimicasa.net\/blog\/"},{"@type":"ListItem","position":2,"name":"La privatizaci\u00f3n del agua supone desigualdad entre los espa\u00f1oles"}]},{"@type":"WebSite","@id":"https:\/\/www.aquimicasa.net\/blog\/#website","url":"https:\/\/www.aquimicasa.net\/blog\/","name":"Blog de aquimicasa.net","description":"Noticias del Mundo Inmobiliario","publisher":{"@id":"https:\/\/www.aquimicasa.net\/blog\/#organization"},"potentialAction":[{"@type":"SearchAction","target":{"@type":"EntryPoint","urlTemplate":"https:\/\/www.aquimicasa.net\/blog\/?s={search_term_string}"},"query-input":{"@type":"PropertyValueSpecification","valueRequired":true,"valueName":"search_term_string"}}],"inLanguage":"es"},{"@type":"Organization","@id":"https:\/\/www.aquimicasa.net\/blog\/#organization","name":"Blog de aquimicasa.net","url":"https:\/\/www.aquimicasa.net\/blog\/","logo":{"@type":"ImageObject","inLanguage":"es","@id":"https:\/\/www.aquimicasa.net\/blog\/#\/schema\/logo\/image\/","url":"https:\/\/www.aquimicasa.net\/blog\/wp-content\/uploads\/Logo-aquimicasa-1-e1528048213782.png","contentUrl":"https:\/\/www.aquimicasa.net\/blog\/wp-content\/uploads\/Logo-aquimicasa-1-e1528048213782.png","width":225,"height":225,"caption":"Blog de aquimicasa.net"},"image":{"@id":"https:\/\/www.aquimicasa.net\/blog\/#\/schema\/logo\/image\/"},"sameAs":["https:\/\/www.facebook.com\/aquimicasa.net","https:\/\/www.instagram.com\/","https:\/\/x.com\/EduLizarragaD","https:\/\/www.linkedin.com\/feed\/"]},{"@type":"Person","@id":"https:\/\/www.aquimicasa.net\/blog\/#\/schema\/person\/2cdfa2605534583395c8d7ce1d6cac14","name":"Eduardo Lizarraga","image":{"@type":"ImageObject","inLanguage":"es","@id":"https:\/\/secure.gravatar.com\/avatar\/bdabe1eeeed97b65a9cb7de2edd624b07995f7e13abc5fead15961f745f908cc?s=96&d=mm&r=g","url":"https:\/\/secure.gravatar.com\/avatar\/bdabe1eeeed97b65a9cb7de2edd624b07995f7e13abc5fead15961f745f908cc?s=96&d=mm&r=g","contentUrl":"https:\/\/secure.gravatar.com\/avatar\/bdabe1eeeed97b65a9cb7de2edd624b07995f7e13abc5fead15961f745f908cc?s=96&d=mm&r=g","caption":"Eduardo Lizarraga"},"description":"Periodista Econ\u00f3mico. Ha trabajado en diversos campos de la informaci\u00f3n. Corresponsal en conflictos, analista pol\u00edtico en Congreso y Senado, periodista del medio ambiente, editor, director editorial, director de comunicaci\u00f3n.... En estos momentos se ha especializado en el sector inmobiliario. Pero tambi\u00e9n es navegante y viajero, preocupado por la pobreza, el medio ambiente y por las actuaciones descontroladas del neoliberalismo empresarial y pol\u00edtico en todo el mundo. Los desahucios, la pobreza infantil y la falta de acceso a los suministros b\u00e1sicos son algunos de los grandes dramas de nuestra sociedad y que es preciso solucionar para hacerla m\u00e1s justa. CEO en www.aquimicasa.net","sameAs":["https:\/\/www.aquimicasa.net\/"],"url":"https:\/\/www.aquimicasa.net\/blog\/author\/eduardo\/"}]}},"jetpack_publicize_connections":[],"jetpack_featured_media_url":"","jetpack_sharing_enabled":true,"jetpack_likes_enabled":true,"_links":{"self":[{"href":"https:\/\/www.aquimicasa.net\/blog\/wp-json\/wp\/v2\/posts\/10213","targetHints":{"allow":["GET"]}}],"collection":[{"href":"https:\/\/www.aquimicasa.net\/blog\/wp-json\/wp\/v2\/posts"}],"about":[{"href":"https:\/\/www.aquimicasa.net\/blog\/wp-json\/wp\/v2\/types\/post"}],"author":[{"embeddable":true,"href":"https:\/\/www.aquimicasa.net\/blog\/wp-json\/wp\/v2\/users\/3"}],"replies":[{"embeddable":true,"href":"https:\/\/www.aquimicasa.net\/blog\/wp-json\/wp\/v2\/comments?post=10213"}],"version-history":[{"count":1,"href":"https:\/\/www.aquimicasa.net\/blog\/wp-json\/wp\/v2\/posts\/10213\/revisions"}],"predecessor-version":[{"id":29615,"href":"https:\/\/www.aquimicasa.net\/blog\/wp-json\/wp\/v2\/posts\/10213\/revisions\/29615"}],"wp:attachment":[{"href":"https:\/\/www.aquimicasa.net\/blog\/wp-json\/wp\/v2\/media?parent=10213"}],"wp:term":[{"taxonomy":"category","embeddable":true,"href":"https:\/\/www.aquimicasa.net\/blog\/wp-json\/wp\/v2\/categories?post=10213"},{"taxonomy":"post_tag","embeddable":true,"href":"https:\/\/www.aquimicasa.net\/blog\/wp-json\/wp\/v2\/tags?post=10213"}],"curies":[{"name":"wp","href":"https:\/\/api.w.org\/{rel}","templated":true}]}}