{"id":10325,"date":"2016-02-01T10:33:30","date_gmt":"2016-02-01T10:33:30","guid":{"rendered":"https:\/\/www.aquimicasa.net\/blog\/?p=10325"},"modified":"2020-04-02T18:30:50","modified_gmt":"2020-04-02T16:30:50","slug":"seleccion-de-12-vivienda-en-sevilla","status":"publish","type":"post","link":"https:\/\/www.aquimicasa.net\/blog\/vivienda\/noticias-mercado-inmobiliario\/seleccion-de-12-vivienda-en-sevilla\/","title":{"rendered":"Selecci\u00f3n de 12 vivienda en Sevilla"},"content":{"rendered":"<p><img decoding=\"async\" class=\"alignnone size-full wp-image-10327\" alt=\"Torre del Oro\" src=\"https:\/\/www.aquimicasa.net\/blog\/wp-content\/uploads\/Torre-del-Oro1.jpg\" width=\"550\" height=\"224\" srcset=\"https:\/\/www.aquimicasa.net\/blog\/wp-content\/uploads\/Torre-del-Oro1-150x61.jpg 150w, https:\/\/www.aquimicasa.net\/blog\/wp-content\/uploads\/Torre-del-Oro1-300x122.jpg 300w, https:\/\/www.aquimicasa.net\/blog\/wp-content\/uploads\/Torre-del-Oro1-400x163.jpg 400w, https:\/\/www.aquimicasa.net\/blog\/wp-content\/uploads\/Torre-del-Oro1.jpg 550w\" sizes=\"(max-width: 550px) 100vw, 550px\" \/><\/p>\n<p>Ofrecemos a nuestros lectores una selecci\u00f3n de 12 viviendas en Sevilla y su provincia. Como dato a tener en cuenta se puede decir que las ventas est\u00e1n subiendo aunque los precios a\u00fan contin\u00faan con un leve descenso. Por contra sube ligeramente el precio de los alquileres en Sevilla.<\/p>\n<p><a href=\"https:\/\/www.aquimicasa.net\/casas-chalets-adosados\/sevilla\/chalet-independiente-en-montequinto-i10569\" target=\"_blank\" rel=\"noopener noreferrer\">CHALET EN DOS HERMANAS.<\/a>\u00a0Chalet independiente en una planta y s\u00f3tano, sobre parcela de 800 m. 200 m construidos, cuatro dormitorios, sal\u00f3n, cocina y dos ba\u00f1os, consta de piscina.<\/p>\n<p><a href=\"https:\/\/www.aquimicasa.net\/pisos\/sevilla\/piso-en-alquiler-en-la-palmera-reina-mercedes-i10381\" target=\"_blank\" rel=\"noopener noreferrer\">\u00c1TICO EN ALQUILER EN SEVILLA.<\/a>\u00a0\u00c1tico situado dentro del conjunto residencial \u00abla palmera\u00bb que consta de 2 dormitorios, amplio sal\u00f3n-comedor, cocina, lavadero, 2 cuartos de ba\u00f1o&#8230;<\/p>\n<p><a href=\"https:\/\/www.aquimicasa.net\/pisos\/sevilla\/piso-en-calle-constelacion-corona-boreal-1-i10274\" target=\"_blank\" rel=\"noopener noreferrer\">PISO EN UTRERA.<\/a> Se vende piso 116m2 frente a Parque de Consolaci\u00f3n. Dispone de recibidor, amplio sal\u00f3n-comedor, cocina, 4 dormitorios y 2 ba\u00f1os. A\/a con bomba de calor&#8230;<\/p>\n<p><a href=\"https:\/\/www.aquimicasa.net\/pisos\/sevilla\/piso-cardenal-ilundain-i10244\" target=\"_blank\" rel=\"noopener noreferrer\">PISO EN SEVILLA.<\/a> Amplio piso en Cardenal Ilundain,\u00a0Plaza de garaje, piscina, conserje 24h&#8230;<\/p>\n<p><a href=\"https:\/\/www.aquimicasa.net\/casas-chalets-adosados\/sevilla\/oportunidad-chalet-en-venta-i10120\" target=\"_blank\" rel=\"noopener noreferrer\">CHALET EN EL GARROBO.<\/a>\u00a0Es un chollo: oportunidad de comprar uno de los mejores chalet de la urb, Sierra Lagos. No deje escapar esta ocasi\u00f3n. . La parcela tiene 1.100 m2, con un chalet de&#8230;<\/p>\n<p><a href=\"https:\/\/www.aquimicasa.net\/pisos\/sevilla\/piso-calle-imagen-en-sevilla-i10057\" target=\"_blank\" rel=\"noopener noreferrer\">PISO EN SEVILLA.<\/a>\u00a0Piso en calle imagen de Sevilla (plaza de la Encarnacion) 100 m2., Tercera planta, 2 ascensores, portero f\u00edsico y electr\u00f3nico. (Actualmente adaptado a oficina), 3 grandes&#8230;<\/p>\n<p><a href=\"https:\/\/www.aquimicasa.net\/pisos\/sevilla\/venta-de-chalet-i10054\" target=\"_blank\" rel=\"noopener noreferrer\">CHALET EN CARMONA.<\/a>\u00a0Bonito chalet de 140 m. Independiente con cuadras adaptadas para 3 caballos, perfecto estado amueblada, zona de jard\u00edn, piscina, cochera para 4 veh\u00edculos, pozo&#8230;<\/p>\n<p><a href=\"https:\/\/www.aquimicasa.net\/pisos\/sevilla\/piso-en-eduardo-dato-i10042\">\u00a0PISO EN SEVILLA<\/a>.\u00a0Piso totalmente reformado. Dispone de cocina, terraza lavadero, office\/sala de estar, 3 dormitorios, el principal a modo de suite con ba\u00f1o dentro, amplio sal\u00f3n y un&#8230;<\/p>\n<p><a href=\"https:\/\/www.aquimicasa.net\/casas-chalets-adosados\/sevilla\/casa-pareada-de-4-dormitorios-amueblada-i10013\" target=\"_blank\" rel=\"noopener noreferrer\">CASA EN ESPARTINAS.<\/a>\u00a0Preciosa casa pareada totalmente reformada de 4 dormitorios y 2 ba\u00f1os,parcela amplia con c\u00e9sped artificial,cochera cerrada,armarios,cocina&#8230;<\/p>\n<p><a href=\"https:\/\/www.aquimicasa.net\/pisos\/sevilla\/piso-a-estrenar-en-nuevo-san-jeronimo--i10012\" target=\"_blank\" rel=\"noopener noreferrer\">PISO A ESTRENAR EN ESPARTINAS<\/a>.\u00a0Piso a estrenar en nuevo San Jer\u00f3nimo!! Tres dormitorios, dos ba\u00f1os, uno de ellos en suite, sal\u00f3n con terraza y cocina amueblada con&#8230;<\/p>\n<p><a href=\"https:\/\/www.aquimicasa.net\/pisos\/sevilla\/apartamento-amueblado-centro-plaza-magdalena-i10010\" target=\"_blank\" rel=\"noopener noreferrer\">APARTAMENTO AMUEBLADO EN CENTRO<\/a>. Alquilo apartamento muy luminoso, amueblado, 40 m2, 1 dormitorio, con 2 camas, 1 ba\u00f1o, cocina americana, a\/a, completamente&#8230;<\/p>\n<p><a href=\"https:\/\/www.aquimicasa.net\/pisos\/sevilla\/piso-en-bellavista-i10000\" target=\"_blank\" rel=\"noopener noreferrer\">PISO EN BELLAVISTA<\/a>.\u00a0Av de Bellavista, piso acogedor con dos dormitorios, ba\u00f1o , sal\u00f3n-comedor,cocina amueblada,3 armarios empotrados, todo exterior,puerta blindada y&#8230;<\/p>\n","protected":false},"excerpt":{"rendered":"<p>Ofrecemos a nuestros lectores una selecci\u00f3n de 12 viviendas en [&hellip;]<\/p>\n","protected":false},"author":3,"featured_media":0,"comment_status":"open","ping_status":"open","sticky":false,"template":"","format":"standard","meta":{"_jetpack_memberships_contains_paid_content":false,"footnotes":"","jetpack_publicize_message":"","jetpack_publicize_feature_enabled":true,"jetpack_social_post_already_shared":false,"jetpack_social_options":{"image_generator_settings":{"template":"highway","default_image_id":0,"font":"","enabled":false},"version":2}},"categories":[7565],"tags":[1831,1832,1825,481,1823,431],"class_list":["post-10325","post","type-post","status-publish","format-standard","hentry","category-noticias-mercado-inmobiliario","tag-atico","tag-casa","tag-chalet","tag-compraventa","tag-piso","tag-sevilla"],"yoast_head":"<!-- This site is optimized with the Yoast SEO plugin v28.2 - https:\/\/yoast.com\/product\/yoast-seo-wordpress\/ -->\n<title>Selecci\u00f3n de 12 vivienda en Sevilla - Blog de aquimicasa.net<\/title>\n<meta name=\"robots\" content=\"index, follow, max-snippet:-1, max-image-preview:large, max-video-preview:-1\" \/>\n<link rel=\"canonical\" href=\"https:\/\/www.aquimicasa.net\/blog\/vivienda\/noticias-mercado-inmobiliario\/seleccion-de-12-vivienda-en-sevilla\/\" \/>\n<meta property=\"og:locale\" content=\"es_ES\" \/>\n<meta property=\"og:type\" content=\"article\" \/>\n<meta property=\"og:title\" content=\"Selecci\u00f3n de 12 vivienda en Sevilla - Blog de aquimicasa.net\" \/>\n<meta property=\"og:description\" content=\"Ofrecemos a nuestros lectores una selecci\u00f3n de 12 viviendas en [&hellip;]\" \/>\n<meta property=\"og:url\" content=\"https:\/\/www.aquimicasa.net\/blog\/vivienda\/noticias-mercado-inmobiliario\/seleccion-de-12-vivienda-en-sevilla\/\" \/>\n<meta property=\"og:site_name\" content=\"Blog de aquimicasa.net\" \/>\n<meta property=\"article:publisher\" content=\"https:\/\/www.facebook.com\/aquimicasa.net\" \/>\n<meta property=\"article:published_time\" content=\"2016-02-01T10:33:30+00:00\" \/>\n<meta property=\"article:modified_time\" content=\"2020-04-02T16:30:50+00:00\" \/>\n<meta property=\"og:image\" content=\"https:\/\/www.aquimicasa.net\/blog\/wp-content\/uploads\/Torre-del-Oro1.jpg\" \/>\n<meta name=\"author\" content=\"Eduardo Lizarraga\" \/>\n<meta name=\"twitter:label1\" content=\"Escrito por\" \/>\n\t<meta name=\"twitter:data1\" content=\"Eduardo Lizarraga\" \/>\n\t<meta name=\"twitter:label2\" content=\"Tiempo de lectura\" \/>\n\t<meta name=\"twitter:data2\" content=\"2 minutos\" \/>\n<script type=\"application\/ld+json\" class=\"yoast-schema-graph\">{\"@context\":\"https:\\\/\\\/schema.org\",\"@graph\":[{\"@type\":\"Article\",\"@id\":\"https:\\\/\\\/www.aquimicasa.net\\\/blog\\\/vivienda\\\/noticias-mercado-inmobiliario\\\/seleccion-de-12-vivienda-en-sevilla\\\/#article\",\"isPartOf\":{\"@id\":\"https:\\\/\\\/www.aquimicasa.net\\\/blog\\\/vivienda\\\/noticias-mercado-inmobiliario\\\/seleccion-de-12-vivienda-en-sevilla\\\/\"},\"author\":{\"name\":\"Eduardo Lizarraga\",\"@id\":\"https:\\\/\\\/www.aquimicasa.net\\\/blog\\\/#\\\/schema\\\/person\\\/2cdfa2605534583395c8d7ce1d6cac14\"},\"headline\":\"Selecci\u00f3n de 12 vivienda en Sevilla\",\"datePublished\":\"2016-02-01T10:33:30+00:00\",\"dateModified\":\"2020-04-02T16:30:50+00:00\",\"mainEntityOfPage\":{\"@id\":\"https:\\\/\\\/www.aquimicasa.net\\\/blog\\\/vivienda\\\/noticias-mercado-inmobiliario\\\/seleccion-de-12-vivienda-en-sevilla\\\/\"},\"wordCount\":374,\"commentCount\":0,\"publisher\":{\"@id\":\"https:\\\/\\\/www.aquimicasa.net\\\/blog\\\/#organization\"},\"image\":{\"@id\":\"https:\\\/\\\/www.aquimicasa.net\\\/blog\\\/vivienda\\\/noticias-mercado-inmobiliario\\\/seleccion-de-12-vivienda-en-sevilla\\\/#primaryimage\"},\"thumbnailUrl\":\"https:\\\/\\\/www.aquimicasa.net\\\/blog\\\/wp-content\\\/uploads\\\/Torre-del-Oro1.jpg\",\"keywords\":[\"\u00c1TICO\",\"casa\",\"chalet\",\"compraventa\",\"piso\",\"Sevilla\"],\"articleSection\":[\"Noticias Mercado Inmobiliario\"],\"inLanguage\":\"es\",\"potentialAction\":[{\"@type\":\"CommentAction\",\"name\":\"Comment\",\"target\":[\"https:\\\/\\\/www.aquimicasa.net\\\/blog\\\/vivienda\\\/noticias-mercado-inmobiliario\\\/seleccion-de-12-vivienda-en-sevilla\\\/#respond\"]}]},{\"@type\":\"WebPage\",\"@id\":\"https:\\\/\\\/www.aquimicasa.net\\\/blog\\\/vivienda\\\/noticias-mercado-inmobiliario\\\/seleccion-de-12-vivienda-en-sevilla\\\/\",\"url\":\"https:\\\/\\\/www.aquimicasa.net\\\/blog\\\/vivienda\\\/noticias-mercado-inmobiliario\\\/seleccion-de-12-vivienda-en-sevilla\\\/\",\"name\":\"Selecci\u00f3n de 12 vivienda en Sevilla - Blog de aquimicasa.net\",\"isPartOf\":{\"@id\":\"https:\\\/\\\/www.aquimicasa.net\\\/blog\\\/#website\"},\"primaryImageOfPage\":{\"@id\":\"https:\\\/\\\/www.aquimicasa.net\\\/blog\\\/vivienda\\\/noticias-mercado-inmobiliario\\\/seleccion-de-12-vivienda-en-sevilla\\\/#primaryimage\"},\"image\":{\"@id\":\"https:\\\/\\\/www.aquimicasa.net\\\/blog\\\/vivienda\\\/noticias-mercado-inmobiliario\\\/seleccion-de-12-vivienda-en-sevilla\\\/#primaryimage\"},\"thumbnailUrl\":\"https:\\\/\\\/www.aquimicasa.net\\\/blog\\\/wp-content\\\/uploads\\\/Torre-del-Oro1.jpg\",\"datePublished\":\"2016-02-01T10:33:30+00:00\",\"dateModified\":\"2020-04-02T16:30:50+00:00\",\"breadcrumb\":{\"@id\":\"https:\\\/\\\/www.aquimicasa.net\\\/blog\\\/vivienda\\\/noticias-mercado-inmobiliario\\\/seleccion-de-12-vivienda-en-sevilla\\\/#breadcrumb\"},\"inLanguage\":\"es\",\"potentialAction\":[{\"@type\":\"ReadAction\",\"target\":[\"https:\\\/\\\/www.aquimicasa.net\\\/blog\\\/vivienda\\\/noticias-mercado-inmobiliario\\\/seleccion-de-12-vivienda-en-sevilla\\\/\"]}]},{\"@type\":\"ImageObject\",\"inLanguage\":\"es\",\"@id\":\"https:\\\/\\\/www.aquimicasa.net\\\/blog\\\/vivienda\\\/noticias-mercado-inmobiliario\\\/seleccion-de-12-vivienda-en-sevilla\\\/#primaryimage\",\"url\":\"https:\\\/\\\/www.aquimicasa.net\\\/blog\\\/wp-content\\\/uploads\\\/Torre-del-Oro1.jpg\",\"contentUrl\":\"https:\\\/\\\/www.aquimicasa.net\\\/blog\\\/wp-content\\\/uploads\\\/Torre-del-Oro1.jpg\",\"width\":550,\"height\":224},{\"@type\":\"BreadcrumbList\",\"@id\":\"https:\\\/\\\/www.aquimicasa.net\\\/blog\\\/vivienda\\\/noticias-mercado-inmobiliario\\\/seleccion-de-12-vivienda-en-sevilla\\\/#breadcrumb\",\"itemListElement\":[{\"@type\":\"ListItem\",\"position\":1,\"name\":\"Portada\",\"item\":\"https:\\\/\\\/www.aquimicasa.net\\\/blog\\\/\"},{\"@type\":\"ListItem\",\"position\":2,\"name\":\"Selecci\u00f3n de 12 vivienda en Sevilla\"}]},{\"@type\":\"WebSite\",\"@id\":\"https:\\\/\\\/www.aquimicasa.net\\\/blog\\\/#website\",\"url\":\"https:\\\/\\\/www.aquimicasa.net\\\/blog\\\/\",\"name\":\"Blog de aquimicasa.net\",\"description\":\"Noticias del Mundo Inmobiliario\",\"publisher\":{\"@id\":\"https:\\\/\\\/www.aquimicasa.net\\\/blog\\\/#organization\"},\"potentialAction\":[{\"@type\":\"SearchAction\",\"target\":{\"@type\":\"EntryPoint\",\"urlTemplate\":\"https:\\\/\\\/www.aquimicasa.net\\\/blog\\\/?s={search_term_string}\"},\"query-input\":{\"@type\":\"PropertyValueSpecification\",\"valueRequired\":true,\"valueName\":\"search_term_string\"}}],\"inLanguage\":\"es\"},{\"@type\":\"Organization\",\"@id\":\"https:\\\/\\\/www.aquimicasa.net\\\/blog\\\/#organization\",\"name\":\"Blog de aquimicasa.net\",\"url\":\"https:\\\/\\\/www.aquimicasa.net\\\/blog\\\/\",\"logo\":{\"@type\":\"ImageObject\",\"inLanguage\":\"es\",\"@id\":\"https:\\\/\\\/www.aquimicasa.net\\\/blog\\\/#\\\/schema\\\/logo\\\/image\\\/\",\"url\":\"https:\\\/\\\/www.aquimicasa.net\\\/blog\\\/wp-content\\\/uploads\\\/Logo-aquimicasa-1-e1528048213782.png\",\"contentUrl\":\"https:\\\/\\\/www.aquimicasa.net\\\/blog\\\/wp-content\\\/uploads\\\/Logo-aquimicasa-1-e1528048213782.png\",\"width\":225,\"height\":225,\"caption\":\"Blog de aquimicasa.net\"},\"image\":{\"@id\":\"https:\\\/\\\/www.aquimicasa.net\\\/blog\\\/#\\\/schema\\\/logo\\\/image\\\/\"},\"sameAs\":[\"https:\\\/\\\/www.facebook.com\\\/aquimicasa.net\",\"https:\\\/\\\/www.instagram.com\\\/\",\"https:\\\/\\\/x.com\\\/EduLizarragaD\",\"https:\\\/\\\/www.linkedin.com\\\/feed\\\/\"]},{\"@type\":\"Person\",\"@id\":\"https:\\\/\\\/www.aquimicasa.net\\\/blog\\\/#\\\/schema\\\/person\\\/2cdfa2605534583395c8d7ce1d6cac14\",\"name\":\"Eduardo Lizarraga\",\"image\":{\"@type\":\"ImageObject\",\"inLanguage\":\"es\",\"@id\":\"https:\\\/\\\/secure.gravatar.com\\\/avatar\\\/bdabe1eeeed97b65a9cb7de2edd624b07995f7e13abc5fead15961f745f908cc?s=96&d=mm&r=g\",\"url\":\"https:\\\/\\\/secure.gravatar.com\\\/avatar\\\/bdabe1eeeed97b65a9cb7de2edd624b07995f7e13abc5fead15961f745f908cc?s=96&d=mm&r=g\",\"contentUrl\":\"https:\\\/\\\/secure.gravatar.com\\\/avatar\\\/bdabe1eeeed97b65a9cb7de2edd624b07995f7e13abc5fead15961f745f908cc?s=96&d=mm&r=g\",\"caption\":\"Eduardo Lizarraga\"},\"description\":\"Periodista Econ\u00f3mico. Ha trabajado en diversos campos de la informaci\u00f3n. Corresponsal en conflictos, analista pol\u00edtico en Congreso y Senado, periodista del medio ambiente, editor, director editorial, director de comunicaci\u00f3n.... En estos momentos se ha especializado en el sector inmobiliario. Pero tambi\u00e9n es navegante y viajero, preocupado por la pobreza, el medio ambiente y por las actuaciones descontroladas del neoliberalismo empresarial y pol\u00edtico en todo el mundo. Los desahucios, la pobreza infantil y la falta de acceso a los suministros b\u00e1sicos son algunos de los grandes dramas de nuestra sociedad y que es preciso solucionar para hacerla m\u00e1s justa. CEO en www.aquimicasa.net\",\"sameAs\":[\"https:\\\/\\\/www.aquimicasa.net\\\/\"],\"url\":\"https:\\\/\\\/www.aquimicasa.net\\\/blog\\\/author\\\/eduardo\\\/\"}]}<\/script>\n<!-- \/ Yoast SEO plugin. -->","yoast_head_json":{"title":"Selecci\u00f3n de 12 vivienda en Sevilla - Blog de aquimicasa.net","robots":{"index":"index","follow":"follow","max-snippet":"max-snippet:-1","max-image-preview":"max-image-preview:large","max-video-preview":"max-video-preview:-1"},"canonical":"https:\/\/www.aquimicasa.net\/blog\/vivienda\/noticias-mercado-inmobiliario\/seleccion-de-12-vivienda-en-sevilla\/","og_locale":"es_ES","og_type":"article","og_title":"Selecci\u00f3n de 12 vivienda en Sevilla - Blog de aquimicasa.net","og_description":"Ofrecemos a nuestros lectores una selecci\u00f3n de 12 viviendas en [&hellip;]","og_url":"https:\/\/www.aquimicasa.net\/blog\/vivienda\/noticias-mercado-inmobiliario\/seleccion-de-12-vivienda-en-sevilla\/","og_site_name":"Blog de aquimicasa.net","article_publisher":"https:\/\/www.facebook.com\/aquimicasa.net","article_published_time":"2016-02-01T10:33:30+00:00","article_modified_time":"2020-04-02T16:30:50+00:00","og_image":[{"url":"https:\/\/www.aquimicasa.net\/blog\/wp-content\/uploads\/Torre-del-Oro1.jpg","type":"","width":"","height":""}],"author":"Eduardo Lizarraga","twitter_misc":{"Escrito por":"Eduardo Lizarraga","Tiempo de lectura":"2 minutos"},"schema":{"@context":"https:\/\/schema.org","@graph":[{"@type":"Article","@id":"https:\/\/www.aquimicasa.net\/blog\/vivienda\/noticias-mercado-inmobiliario\/seleccion-de-12-vivienda-en-sevilla\/#article","isPartOf":{"@id":"https:\/\/www.aquimicasa.net\/blog\/vivienda\/noticias-mercado-inmobiliario\/seleccion-de-12-vivienda-en-sevilla\/"},"author":{"name":"Eduardo Lizarraga","@id":"https:\/\/www.aquimicasa.net\/blog\/#\/schema\/person\/2cdfa2605534583395c8d7ce1d6cac14"},"headline":"Selecci\u00f3n de 12 vivienda en Sevilla","datePublished":"2016-02-01T10:33:30+00:00","dateModified":"2020-04-02T16:30:50+00:00","mainEntityOfPage":{"@id":"https:\/\/www.aquimicasa.net\/blog\/vivienda\/noticias-mercado-inmobiliario\/seleccion-de-12-vivienda-en-sevilla\/"},"wordCount":374,"commentCount":0,"publisher":{"@id":"https:\/\/www.aquimicasa.net\/blog\/#organization"},"image":{"@id":"https:\/\/www.aquimicasa.net\/blog\/vivienda\/noticias-mercado-inmobiliario\/seleccion-de-12-vivienda-en-sevilla\/#primaryimage"},"thumbnailUrl":"https:\/\/www.aquimicasa.net\/blog\/wp-content\/uploads\/Torre-del-Oro1.jpg","keywords":["\u00c1TICO","casa","chalet","compraventa","piso","Sevilla"],"articleSection":["Noticias Mercado Inmobiliario"],"inLanguage":"es","potentialAction":[{"@type":"CommentAction","name":"Comment","target":["https:\/\/www.aquimicasa.net\/blog\/vivienda\/noticias-mercado-inmobiliario\/seleccion-de-12-vivienda-en-sevilla\/#respond"]}]},{"@type":"WebPage","@id":"https:\/\/www.aquimicasa.net\/blog\/vivienda\/noticias-mercado-inmobiliario\/seleccion-de-12-vivienda-en-sevilla\/","url":"https:\/\/www.aquimicasa.net\/blog\/vivienda\/noticias-mercado-inmobiliario\/seleccion-de-12-vivienda-en-sevilla\/","name":"Selecci\u00f3n de 12 vivienda en Sevilla - Blog de aquimicasa.net","isPartOf":{"@id":"https:\/\/www.aquimicasa.net\/blog\/#website"},"primaryImageOfPage":{"@id":"https:\/\/www.aquimicasa.net\/blog\/vivienda\/noticias-mercado-inmobiliario\/seleccion-de-12-vivienda-en-sevilla\/#primaryimage"},"image":{"@id":"https:\/\/www.aquimicasa.net\/blog\/vivienda\/noticias-mercado-inmobiliario\/seleccion-de-12-vivienda-en-sevilla\/#primaryimage"},"thumbnailUrl":"https:\/\/www.aquimicasa.net\/blog\/wp-content\/uploads\/Torre-del-Oro1.jpg","datePublished":"2016-02-01T10:33:30+00:00","dateModified":"2020-04-02T16:30:50+00:00","breadcrumb":{"@id":"https:\/\/www.aquimicasa.net\/blog\/vivienda\/noticias-mercado-inmobiliario\/seleccion-de-12-vivienda-en-sevilla\/#breadcrumb"},"inLanguage":"es","potentialAction":[{"@type":"ReadAction","target":["https:\/\/www.aquimicasa.net\/blog\/vivienda\/noticias-mercado-inmobiliario\/seleccion-de-12-vivienda-en-sevilla\/"]}]},{"@type":"ImageObject","inLanguage":"es","@id":"https:\/\/www.aquimicasa.net\/blog\/vivienda\/noticias-mercado-inmobiliario\/seleccion-de-12-vivienda-en-sevilla\/#primaryimage","url":"https:\/\/www.aquimicasa.net\/blog\/wp-content\/uploads\/Torre-del-Oro1.jpg","contentUrl":"https:\/\/www.aquimicasa.net\/blog\/wp-content\/uploads\/Torre-del-Oro1.jpg","width":550,"height":224},{"@type":"BreadcrumbList","@id":"https:\/\/www.aquimicasa.net\/blog\/vivienda\/noticias-mercado-inmobiliario\/seleccion-de-12-vivienda-en-sevilla\/#breadcrumb","itemListElement":[{"@type":"ListItem","position":1,"name":"Portada","item":"https:\/\/www.aquimicasa.net\/blog\/"},{"@type":"ListItem","position":2,"name":"Selecci\u00f3n de 12 vivienda en Sevilla"}]},{"@type":"WebSite","@id":"https:\/\/www.aquimicasa.net\/blog\/#website","url":"https:\/\/www.aquimicasa.net\/blog\/","name":"Blog de aquimicasa.net","description":"Noticias del Mundo Inmobiliario","publisher":{"@id":"https:\/\/www.aquimicasa.net\/blog\/#organization"},"potentialAction":[{"@type":"SearchAction","target":{"@type":"EntryPoint","urlTemplate":"https:\/\/www.aquimicasa.net\/blog\/?s={search_term_string}"},"query-input":{"@type":"PropertyValueSpecification","valueRequired":true,"valueName":"search_term_string"}}],"inLanguage":"es"},{"@type":"Organization","@id":"https:\/\/www.aquimicasa.net\/blog\/#organization","name":"Blog de aquimicasa.net","url":"https:\/\/www.aquimicasa.net\/blog\/","logo":{"@type":"ImageObject","inLanguage":"es","@id":"https:\/\/www.aquimicasa.net\/blog\/#\/schema\/logo\/image\/","url":"https:\/\/www.aquimicasa.net\/blog\/wp-content\/uploads\/Logo-aquimicasa-1-e1528048213782.png","contentUrl":"https:\/\/www.aquimicasa.net\/blog\/wp-content\/uploads\/Logo-aquimicasa-1-e1528048213782.png","width":225,"height":225,"caption":"Blog de aquimicasa.net"},"image":{"@id":"https:\/\/www.aquimicasa.net\/blog\/#\/schema\/logo\/image\/"},"sameAs":["https:\/\/www.facebook.com\/aquimicasa.net","https:\/\/www.instagram.com\/","https:\/\/x.com\/EduLizarragaD","https:\/\/www.linkedin.com\/feed\/"]},{"@type":"Person","@id":"https:\/\/www.aquimicasa.net\/blog\/#\/schema\/person\/2cdfa2605534583395c8d7ce1d6cac14","name":"Eduardo Lizarraga","image":{"@type":"ImageObject","inLanguage":"es","@id":"https:\/\/secure.gravatar.com\/avatar\/bdabe1eeeed97b65a9cb7de2edd624b07995f7e13abc5fead15961f745f908cc?s=96&d=mm&r=g","url":"https:\/\/secure.gravatar.com\/avatar\/bdabe1eeeed97b65a9cb7de2edd624b07995f7e13abc5fead15961f745f908cc?s=96&d=mm&r=g","contentUrl":"https:\/\/secure.gravatar.com\/avatar\/bdabe1eeeed97b65a9cb7de2edd624b07995f7e13abc5fead15961f745f908cc?s=96&d=mm&r=g","caption":"Eduardo Lizarraga"},"description":"Periodista Econ\u00f3mico. Ha trabajado en diversos campos de la informaci\u00f3n. Corresponsal en conflictos, analista pol\u00edtico en Congreso y Senado, periodista del medio ambiente, editor, director editorial, director de comunicaci\u00f3n.... En estos momentos se ha especializado en el sector inmobiliario. Pero tambi\u00e9n es navegante y viajero, preocupado por la pobreza, el medio ambiente y por las actuaciones descontroladas del neoliberalismo empresarial y pol\u00edtico en todo el mundo. Los desahucios, la pobreza infantil y la falta de acceso a los suministros b\u00e1sicos son algunos de los grandes dramas de nuestra sociedad y que es preciso solucionar para hacerla m\u00e1s justa. CEO en www.aquimicasa.net","sameAs":["https:\/\/www.aquimicasa.net\/"],"url":"https:\/\/www.aquimicasa.net\/blog\/author\/eduardo\/"}]}},"jetpack_publicize_connections":[],"jetpack_featured_media_url":"","jetpack_sharing_enabled":true,"jetpack_likes_enabled":true,"_links":{"self":[{"href":"https:\/\/www.aquimicasa.net\/blog\/wp-json\/wp\/v2\/posts\/10325","targetHints":{"allow":["GET"]}}],"collection":[{"href":"https:\/\/www.aquimicasa.net\/blog\/wp-json\/wp\/v2\/posts"}],"about":[{"href":"https:\/\/www.aquimicasa.net\/blog\/wp-json\/wp\/v2\/types\/post"}],"author":[{"embeddable":true,"href":"https:\/\/www.aquimicasa.net\/blog\/wp-json\/wp\/v2\/users\/3"}],"replies":[{"embeddable":true,"href":"https:\/\/www.aquimicasa.net\/blog\/wp-json\/wp\/v2\/comments?post=10325"}],"version-history":[{"count":1,"href":"https:\/\/www.aquimicasa.net\/blog\/wp-json\/wp\/v2\/posts\/10325\/revisions"}],"predecessor-version":[{"id":29605,"href":"https:\/\/www.aquimicasa.net\/blog\/wp-json\/wp\/v2\/posts\/10325\/revisions\/29605"}],"wp:attachment":[{"href":"https:\/\/www.aquimicasa.net\/blog\/wp-json\/wp\/v2\/media?parent=10325"}],"wp:term":[{"taxonomy":"category","embeddable":true,"href":"https:\/\/www.aquimicasa.net\/blog\/wp-json\/wp\/v2\/categories?post=10325"},{"taxonomy":"post_tag","embeddable":true,"href":"https:\/\/www.aquimicasa.net\/blog\/wp-json\/wp\/v2\/tags?post=10325"}],"curies":[{"name":"wp","href":"https:\/\/api.w.org\/{rel}","templated":true}]}}