{"id":1070,"date":"2013-05-25T05:34:49","date_gmt":"2013-05-25T05:34:49","guid":{"rendered":"http:\/\/haciadelante.es\/?p=1070"},"modified":"2020-04-02T18:32:29","modified_gmt":"2020-04-02T16:32:29","slug":"permiso-de-residencia-por-la-compra-de-vivienda","status":"publish","type":"post","link":"https:\/\/www.aquimicasa.net\/blog\/administracion-y-gobierno\/consejo-de-ministros\/permiso-de-residencia-por-la-compra-de-vivienda\/","title":{"rendered":"Permiso de residencia por la compra de vivienda"},"content":{"rendered":"<p>En el Consejo de Ministros el Gobierno se ha aprobado la concesi\u00f3n del permiso de residencia a los extranjeros que compren viviendas por un importe superior a 500.000 euros. Esto supone un considerable incremento a la cantidad que se hab\u00eda anunciado por parte de la Administraci\u00f3n y que eran 160.000 euros. Como novedad est\u00e1 la concesi\u00f3n del mismo permiso de residencia a los que compren deuda p\u00fablica por encima de 2 millones de euros.<\/p>\n<p>&nbsp;<\/p>\n<p>En el anteproyecto de la ley de emprendedores recoge que tambi\u00e9n recibir\u00e1n el permiso de residencia los for\u00e1neos que hagan una inversi\u00f3n significativa o destinada a proyectos empresariales de inter\u00e9s general, como es el caso de la creaci\u00f3n de puestos de trabajo o de una aportaci\u00f3n a la innovaci\u00f3n cient\u00edfica y tecnol\u00f3gica. Tambi\u00e9n se beneficiar\u00e1n con la carta de residencia los profesionales \u00abaltamente cualificados\u00bb que formen parte de un negocio de reconocido prestigio.<br \/>\nPor \u00faltimo, se dar\u00e1 este permiso a los extranjeros que se desplacen a Espa\u00f1a dentro de una relaci\u00f3n laboral o por motivos de formaci\u00f3n profesional.<\/p>\n<h2><\/h2>\n","protected":false},"excerpt":{"rendered":"<p>En el Consejo de Ministros el Gobierno se ha aprobado [&hellip;]<\/p>\n","protected":false},"author":3,"featured_media":0,"comment_status":"open","ping_status":"open","sticky":false,"template":"","format":"standard","meta":{"_jetpack_memberships_contains_paid_content":false,"footnotes":"","jetpack_publicize_message":"","jetpack_publicize_feature_enabled":true,"jetpack_social_post_already_shared":false,"jetpack_social_options":{"image_generator_settings":{"template":"highway","default_image_id":0,"font":"","enabled":false},"version":2}},"categories":[100,63,7565],"tags":[234],"class_list":["post-1070","post","type-post","status-publish","format-standard","hentry","category-compraventa-de-viviendas","category-consejo-de-ministros","category-noticias-mercado-inmobiliario","tag-permiso-de-residencia"],"yoast_head":"<!-- This site is optimized with the Yoast SEO plugin v27.5 - https:\/\/yoast.com\/product\/yoast-seo-wordpress\/ -->\n<title>Permiso de residencia por la compra de vivienda - Blog de aquimicasa.net<\/title>\n<meta name=\"robots\" content=\"index, follow, max-snippet:-1, max-image-preview:large, max-video-preview:-1\" \/>\n<link rel=\"canonical\" href=\"https:\/\/www.aquimicasa.net\/blog\/administracion-y-gobierno\/consejo-de-ministros\/permiso-de-residencia-por-la-compra-de-vivienda\/\" \/>\n<meta property=\"og:locale\" content=\"es_ES\" \/>\n<meta property=\"og:type\" content=\"article\" \/>\n<meta property=\"og:title\" content=\"Permiso de residencia por la compra de vivienda - Blog de aquimicasa.net\" \/>\n<meta property=\"og:description\" content=\"En el Consejo de Ministros el Gobierno se ha aprobado [&hellip;]\" \/>\n<meta property=\"og:url\" content=\"https:\/\/www.aquimicasa.net\/blog\/administracion-y-gobierno\/consejo-de-ministros\/permiso-de-residencia-por-la-compra-de-vivienda\/\" \/>\n<meta property=\"og:site_name\" content=\"Blog de aquimicasa.net\" \/>\n<meta property=\"article:publisher\" content=\"https:\/\/www.facebook.com\/aquimicasa.net\" \/>\n<meta property=\"article:published_time\" content=\"2013-05-25T05:34:49+00:00\" \/>\n<meta property=\"article:modified_time\" content=\"2020-04-02T16:32:29+00:00\" \/>\n<meta name=\"author\" content=\"Eduardo Lizarraga\" \/>\n<meta name=\"twitter:label1\" content=\"Escrito por\" \/>\n\t<meta name=\"twitter:data1\" content=\"Eduardo Lizarraga\" \/>\n\t<meta name=\"twitter:label2\" content=\"Tiempo de lectura\" \/>\n\t<meta name=\"twitter:data2\" content=\"1 minuto\" \/>\n<script type=\"application\/ld+json\" class=\"yoast-schema-graph\">{\"@context\":\"https:\\\/\\\/schema.org\",\"@graph\":[{\"@type\":\"Article\",\"@id\":\"https:\\\/\\\/www.aquimicasa.net\\\/blog\\\/administracion-y-gobierno\\\/consejo-de-ministros\\\/permiso-de-residencia-por-la-compra-de-vivienda\\\/#article\",\"isPartOf\":{\"@id\":\"https:\\\/\\\/www.aquimicasa.net\\\/blog\\\/administracion-y-gobierno\\\/consejo-de-ministros\\\/permiso-de-residencia-por-la-compra-de-vivienda\\\/\"},\"author\":{\"name\":\"Eduardo Lizarraga\",\"@id\":\"https:\\\/\\\/www.aquimicasa.net\\\/blog\\\/#\\\/schema\\\/person\\\/2cdfa2605534583395c8d7ce1d6cac14\"},\"headline\":\"Permiso de residencia por la compra de vivienda\",\"datePublished\":\"2013-05-25T05:34:49+00:00\",\"dateModified\":\"2020-04-02T16:32:29+00:00\",\"mainEntityOfPage\":{\"@id\":\"https:\\\/\\\/www.aquimicasa.net\\\/blog\\\/administracion-y-gobierno\\\/consejo-de-ministros\\\/permiso-de-residencia-por-la-compra-de-vivienda\\\/\"},\"wordCount\":198,\"commentCount\":0,\"publisher\":{\"@id\":\"https:\\\/\\\/www.aquimicasa.net\\\/blog\\\/#organization\"},\"keywords\":[\"Permiso de residencia\"],\"articleSection\":[\"Compra Venta\",\"Consejo de Ministros\",\"Noticias Mercado Inmobiliario\"],\"inLanguage\":\"es\",\"potentialAction\":[{\"@type\":\"CommentAction\",\"name\":\"Comment\",\"target\":[\"https:\\\/\\\/www.aquimicasa.net\\\/blog\\\/administracion-y-gobierno\\\/consejo-de-ministros\\\/permiso-de-residencia-por-la-compra-de-vivienda\\\/#respond\"]}]},{\"@type\":\"WebPage\",\"@id\":\"https:\\\/\\\/www.aquimicasa.net\\\/blog\\\/administracion-y-gobierno\\\/consejo-de-ministros\\\/permiso-de-residencia-por-la-compra-de-vivienda\\\/\",\"url\":\"https:\\\/\\\/www.aquimicasa.net\\\/blog\\\/administracion-y-gobierno\\\/consejo-de-ministros\\\/permiso-de-residencia-por-la-compra-de-vivienda\\\/\",\"name\":\"Permiso de residencia por la compra de vivienda - Blog de aquimicasa.net\",\"isPartOf\":{\"@id\":\"https:\\\/\\\/www.aquimicasa.net\\\/blog\\\/#website\"},\"datePublished\":\"2013-05-25T05:34:49+00:00\",\"dateModified\":\"2020-04-02T16:32:29+00:00\",\"breadcrumb\":{\"@id\":\"https:\\\/\\\/www.aquimicasa.net\\\/blog\\\/administracion-y-gobierno\\\/consejo-de-ministros\\\/permiso-de-residencia-por-la-compra-de-vivienda\\\/#breadcrumb\"},\"inLanguage\":\"es\",\"potentialAction\":[{\"@type\":\"ReadAction\",\"target\":[\"https:\\\/\\\/www.aquimicasa.net\\\/blog\\\/administracion-y-gobierno\\\/consejo-de-ministros\\\/permiso-de-residencia-por-la-compra-de-vivienda\\\/\"]}]},{\"@type\":\"BreadcrumbList\",\"@id\":\"https:\\\/\\\/www.aquimicasa.net\\\/blog\\\/administracion-y-gobierno\\\/consejo-de-ministros\\\/permiso-de-residencia-por-la-compra-de-vivienda\\\/#breadcrumb\",\"itemListElement\":[{\"@type\":\"ListItem\",\"position\":1,\"name\":\"Portada\",\"item\":\"https:\\\/\\\/www.aquimicasa.net\\\/blog\\\/\"},{\"@type\":\"ListItem\",\"position\":2,\"name\":\"Permiso de residencia por la compra de vivienda\"}]},{\"@type\":\"WebSite\",\"@id\":\"https:\\\/\\\/www.aquimicasa.net\\\/blog\\\/#website\",\"url\":\"https:\\\/\\\/www.aquimicasa.net\\\/blog\\\/\",\"name\":\"Blog de aquimicasa.net\",\"description\":\"Noticias del Mundo Inmobiliario\",\"publisher\":{\"@id\":\"https:\\\/\\\/www.aquimicasa.net\\\/blog\\\/#organization\"},\"potentialAction\":[{\"@type\":\"SearchAction\",\"target\":{\"@type\":\"EntryPoint\",\"urlTemplate\":\"https:\\\/\\\/www.aquimicasa.net\\\/blog\\\/?s={search_term_string}\"},\"query-input\":{\"@type\":\"PropertyValueSpecification\",\"valueRequired\":true,\"valueName\":\"search_term_string\"}}],\"inLanguage\":\"es\"},{\"@type\":\"Organization\",\"@id\":\"https:\\\/\\\/www.aquimicasa.net\\\/blog\\\/#organization\",\"name\":\"Blog de aquimicasa.net\",\"url\":\"https:\\\/\\\/www.aquimicasa.net\\\/blog\\\/\",\"logo\":{\"@type\":\"ImageObject\",\"inLanguage\":\"es\",\"@id\":\"https:\\\/\\\/www.aquimicasa.net\\\/blog\\\/#\\\/schema\\\/logo\\\/image\\\/\",\"url\":\"https:\\\/\\\/www.aquimicasa.net\\\/blog\\\/wp-content\\\/uploads\\\/Logo-aquimicasa-1-e1528048213782.png\",\"contentUrl\":\"https:\\\/\\\/www.aquimicasa.net\\\/blog\\\/wp-content\\\/uploads\\\/Logo-aquimicasa-1-e1528048213782.png\",\"width\":225,\"height\":225,\"caption\":\"Blog de aquimicasa.net\"},\"image\":{\"@id\":\"https:\\\/\\\/www.aquimicasa.net\\\/blog\\\/#\\\/schema\\\/logo\\\/image\\\/\"},\"sameAs\":[\"https:\\\/\\\/www.facebook.com\\\/aquimicasa.net\",\"https:\\\/\\\/www.instagram.com\\\/\",\"https:\\\/\\\/x.com\\\/EduLizarragaD\",\"https:\\\/\\\/www.linkedin.com\\\/feed\\\/\"]},{\"@type\":\"Person\",\"@id\":\"https:\\\/\\\/www.aquimicasa.net\\\/blog\\\/#\\\/schema\\\/person\\\/2cdfa2605534583395c8d7ce1d6cac14\",\"name\":\"Eduardo Lizarraga\",\"image\":{\"@type\":\"ImageObject\",\"inLanguage\":\"es\",\"@id\":\"https:\\\/\\\/secure.gravatar.com\\\/avatar\\\/bdabe1eeeed97b65a9cb7de2edd624b07995f7e13abc5fead15961f745f908cc?s=96&d=mm&r=g\",\"url\":\"https:\\\/\\\/secure.gravatar.com\\\/avatar\\\/bdabe1eeeed97b65a9cb7de2edd624b07995f7e13abc5fead15961f745f908cc?s=96&d=mm&r=g\",\"contentUrl\":\"https:\\\/\\\/secure.gravatar.com\\\/avatar\\\/bdabe1eeeed97b65a9cb7de2edd624b07995f7e13abc5fead15961f745f908cc?s=96&d=mm&r=g\",\"caption\":\"Eduardo Lizarraga\"},\"description\":\"Periodista Econ\u00f3mico. Ha trabajado en diversos campos de la informaci\u00f3n. Corresponsal en conflictos, analista pol\u00edtico en Congreso y Senado, periodista del medio ambiente, editor, director editorial, director de comunicaci\u00f3n.... En estos momentos se ha especializado en el sector inmobiliario. Pero tambi\u00e9n es navegante y viajero, preocupado por la pobreza, el medio ambiente y por las actuaciones descontroladas del neoliberalismo empresarial y pol\u00edtico en todo el mundo. Los desahucios, la pobreza infantil y la falta de acceso a los suministros b\u00e1sicos son algunos de los grandes dramas de nuestra sociedad y que es preciso solucionar para hacerla m\u00e1s justa. CEO en www.aquimicasa.net\",\"sameAs\":[\"https:\\\/\\\/www.aquimicasa.net\\\/\"],\"url\":\"https:\\\/\\\/www.aquimicasa.net\\\/blog\\\/author\\\/eduardo\\\/\"}]}<\/script>\n<!-- \/ Yoast SEO plugin. -->","yoast_head_json":{"title":"Permiso de residencia por la compra de vivienda - Blog de aquimicasa.net","robots":{"index":"index","follow":"follow","max-snippet":"max-snippet:-1","max-image-preview":"max-image-preview:large","max-video-preview":"max-video-preview:-1"},"canonical":"https:\/\/www.aquimicasa.net\/blog\/administracion-y-gobierno\/consejo-de-ministros\/permiso-de-residencia-por-la-compra-de-vivienda\/","og_locale":"es_ES","og_type":"article","og_title":"Permiso de residencia por la compra de vivienda - Blog de aquimicasa.net","og_description":"En el Consejo de Ministros el Gobierno se ha aprobado [&hellip;]","og_url":"https:\/\/www.aquimicasa.net\/blog\/administracion-y-gobierno\/consejo-de-ministros\/permiso-de-residencia-por-la-compra-de-vivienda\/","og_site_name":"Blog de aquimicasa.net","article_publisher":"https:\/\/www.facebook.com\/aquimicasa.net","article_published_time":"2013-05-25T05:34:49+00:00","article_modified_time":"2020-04-02T16:32:29+00:00","author":"Eduardo Lizarraga","twitter_misc":{"Escrito por":"Eduardo Lizarraga","Tiempo de lectura":"1 minuto"},"schema":{"@context":"https:\/\/schema.org","@graph":[{"@type":"Article","@id":"https:\/\/www.aquimicasa.net\/blog\/administracion-y-gobierno\/consejo-de-ministros\/permiso-de-residencia-por-la-compra-de-vivienda\/#article","isPartOf":{"@id":"https:\/\/www.aquimicasa.net\/blog\/administracion-y-gobierno\/consejo-de-ministros\/permiso-de-residencia-por-la-compra-de-vivienda\/"},"author":{"name":"Eduardo Lizarraga","@id":"https:\/\/www.aquimicasa.net\/blog\/#\/schema\/person\/2cdfa2605534583395c8d7ce1d6cac14"},"headline":"Permiso de residencia por la compra de vivienda","datePublished":"2013-05-25T05:34:49+00:00","dateModified":"2020-04-02T16:32:29+00:00","mainEntityOfPage":{"@id":"https:\/\/www.aquimicasa.net\/blog\/administracion-y-gobierno\/consejo-de-ministros\/permiso-de-residencia-por-la-compra-de-vivienda\/"},"wordCount":198,"commentCount":0,"publisher":{"@id":"https:\/\/www.aquimicasa.net\/blog\/#organization"},"keywords":["Permiso de residencia"],"articleSection":["Compra Venta","Consejo de Ministros","Noticias Mercado Inmobiliario"],"inLanguage":"es","potentialAction":[{"@type":"CommentAction","name":"Comment","target":["https:\/\/www.aquimicasa.net\/blog\/administracion-y-gobierno\/consejo-de-ministros\/permiso-de-residencia-por-la-compra-de-vivienda\/#respond"]}]},{"@type":"WebPage","@id":"https:\/\/www.aquimicasa.net\/blog\/administracion-y-gobierno\/consejo-de-ministros\/permiso-de-residencia-por-la-compra-de-vivienda\/","url":"https:\/\/www.aquimicasa.net\/blog\/administracion-y-gobierno\/consejo-de-ministros\/permiso-de-residencia-por-la-compra-de-vivienda\/","name":"Permiso de residencia por la compra de vivienda - Blog de aquimicasa.net","isPartOf":{"@id":"https:\/\/www.aquimicasa.net\/blog\/#website"},"datePublished":"2013-05-25T05:34:49+00:00","dateModified":"2020-04-02T16:32:29+00:00","breadcrumb":{"@id":"https:\/\/www.aquimicasa.net\/blog\/administracion-y-gobierno\/consejo-de-ministros\/permiso-de-residencia-por-la-compra-de-vivienda\/#breadcrumb"},"inLanguage":"es","potentialAction":[{"@type":"ReadAction","target":["https:\/\/www.aquimicasa.net\/blog\/administracion-y-gobierno\/consejo-de-ministros\/permiso-de-residencia-por-la-compra-de-vivienda\/"]}]},{"@type":"BreadcrumbList","@id":"https:\/\/www.aquimicasa.net\/blog\/administracion-y-gobierno\/consejo-de-ministros\/permiso-de-residencia-por-la-compra-de-vivienda\/#breadcrumb","itemListElement":[{"@type":"ListItem","position":1,"name":"Portada","item":"https:\/\/www.aquimicasa.net\/blog\/"},{"@type":"ListItem","position":2,"name":"Permiso de residencia por la compra de vivienda"}]},{"@type":"WebSite","@id":"https:\/\/www.aquimicasa.net\/blog\/#website","url":"https:\/\/www.aquimicasa.net\/blog\/","name":"Blog de aquimicasa.net","description":"Noticias del Mundo Inmobiliario","publisher":{"@id":"https:\/\/www.aquimicasa.net\/blog\/#organization"},"potentialAction":[{"@type":"SearchAction","target":{"@type":"EntryPoint","urlTemplate":"https:\/\/www.aquimicasa.net\/blog\/?s={search_term_string}"},"query-input":{"@type":"PropertyValueSpecification","valueRequired":true,"valueName":"search_term_string"}}],"inLanguage":"es"},{"@type":"Organization","@id":"https:\/\/www.aquimicasa.net\/blog\/#organization","name":"Blog de aquimicasa.net","url":"https:\/\/www.aquimicasa.net\/blog\/","logo":{"@type":"ImageObject","inLanguage":"es","@id":"https:\/\/www.aquimicasa.net\/blog\/#\/schema\/logo\/image\/","url":"https:\/\/www.aquimicasa.net\/blog\/wp-content\/uploads\/Logo-aquimicasa-1-e1528048213782.png","contentUrl":"https:\/\/www.aquimicasa.net\/blog\/wp-content\/uploads\/Logo-aquimicasa-1-e1528048213782.png","width":225,"height":225,"caption":"Blog de aquimicasa.net"},"image":{"@id":"https:\/\/www.aquimicasa.net\/blog\/#\/schema\/logo\/image\/"},"sameAs":["https:\/\/www.facebook.com\/aquimicasa.net","https:\/\/www.instagram.com\/","https:\/\/x.com\/EduLizarragaD","https:\/\/www.linkedin.com\/feed\/"]},{"@type":"Person","@id":"https:\/\/www.aquimicasa.net\/blog\/#\/schema\/person\/2cdfa2605534583395c8d7ce1d6cac14","name":"Eduardo Lizarraga","image":{"@type":"ImageObject","inLanguage":"es","@id":"https:\/\/secure.gravatar.com\/avatar\/bdabe1eeeed97b65a9cb7de2edd624b07995f7e13abc5fead15961f745f908cc?s=96&d=mm&r=g","url":"https:\/\/secure.gravatar.com\/avatar\/bdabe1eeeed97b65a9cb7de2edd624b07995f7e13abc5fead15961f745f908cc?s=96&d=mm&r=g","contentUrl":"https:\/\/secure.gravatar.com\/avatar\/bdabe1eeeed97b65a9cb7de2edd624b07995f7e13abc5fead15961f745f908cc?s=96&d=mm&r=g","caption":"Eduardo Lizarraga"},"description":"Periodista Econ\u00f3mico. Ha trabajado en diversos campos de la informaci\u00f3n. Corresponsal en conflictos, analista pol\u00edtico en Congreso y Senado, periodista del medio ambiente, editor, director editorial, director de comunicaci\u00f3n.... En estos momentos se ha especializado en el sector inmobiliario. Pero tambi\u00e9n es navegante y viajero, preocupado por la pobreza, el medio ambiente y por las actuaciones descontroladas del neoliberalismo empresarial y pol\u00edtico en todo el mundo. Los desahucios, la pobreza infantil y la falta de acceso a los suministros b\u00e1sicos son algunos de los grandes dramas de nuestra sociedad y que es preciso solucionar para hacerla m\u00e1s justa. CEO en www.aquimicasa.net","sameAs":["https:\/\/www.aquimicasa.net\/"],"url":"https:\/\/www.aquimicasa.net\/blog\/author\/eduardo\/"}]}},"jetpack_publicize_connections":[],"jetpack_featured_media_url":"","jetpack_sharing_enabled":true,"jetpack_likes_enabled":true,"_links":{"self":[{"href":"https:\/\/www.aquimicasa.net\/blog\/wp-json\/wp\/v2\/posts\/1070","targetHints":{"allow":["GET"]}}],"collection":[{"href":"https:\/\/www.aquimicasa.net\/blog\/wp-json\/wp\/v2\/posts"}],"about":[{"href":"https:\/\/www.aquimicasa.net\/blog\/wp-json\/wp\/v2\/types\/post"}],"author":[{"embeddable":true,"href":"https:\/\/www.aquimicasa.net\/blog\/wp-json\/wp\/v2\/users\/3"}],"replies":[{"embeddable":true,"href":"https:\/\/www.aquimicasa.net\/blog\/wp-json\/wp\/v2\/comments?post=1070"}],"version-history":[{"count":2,"href":"https:\/\/www.aquimicasa.net\/blog\/wp-json\/wp\/v2\/posts\/1070\/revisions"}],"predecessor-version":[{"id":30804,"href":"https:\/\/www.aquimicasa.net\/blog\/wp-json\/wp\/v2\/posts\/1070\/revisions\/30804"}],"wp:attachment":[{"href":"https:\/\/www.aquimicasa.net\/blog\/wp-json\/wp\/v2\/media?parent=1070"}],"wp:term":[{"taxonomy":"category","embeddable":true,"href":"https:\/\/www.aquimicasa.net\/blog\/wp-json\/wp\/v2\/categories?post=1070"},{"taxonomy":"post_tag","embeddable":true,"href":"https:\/\/www.aquimicasa.net\/blog\/wp-json\/wp\/v2\/tags?post=1070"}],"curies":[{"name":"wp","href":"https:\/\/api.w.org\/{rel}","templated":true}]}}