{"id":1078,"date":"2013-05-25T06:21:01","date_gmt":"2013-05-25T06:21:01","guid":{"rendered":"http:\/\/haciadelante.es\/?p=1078"},"modified":"2020-04-02T18:32:29","modified_gmt":"2020-04-02T16:32:29","slug":"amnistia-internacional-critica-la-reforma-de-la-ley-hipotecaria-espanola","status":"publish","type":"post","link":"https:\/\/www.aquimicasa.net\/blog\/administracion-y-gobierno\/ayuntamientos\/amnistia-internacional-critica-la-reforma-de-la-ley-hipotecaria-espanola\/","title":{"rendered":"Amnist\u00eda Internacional critica la reforma de la Ley Hipotecaria espa\u00f1ola"},"content":{"rendered":"<p>La organizaci\u00f3n internacional Amnist\u00eda Internacional ha defendido en Espa\u00f1a la vivienda como un derecho fundamental. La organizaci\u00f3n ha acordado promover una reforma de la Constituci\u00f3n para que este derecho sea considerado \u00abfundamental\u00bb. As\u00ed lo anunci\u00f3 en Madrid , Esteban Beltr\u00e1n, durante la presentaci\u00f3n del informe anual sobre el estado de los derechos humanos en el planeta. Este es\u00a0un acto simult\u00e1neo en varias ciudades del mundo. Acompa\u00f1ado\u00a0por Ada Colau, portavoz de la Plataforma de Afectados por la Hipoteca (PAH), Beltr\u00e1n asegur\u00f3 que la ONG llevar\u00e1 a cabo una investigaci\u00f3n sobre el derecho a la vivienda en Espa\u00f1a. El objetivo es analizar las medidas legales que se pueden llevar a cabo y que reclama la sociedad espa\u00f1ola.<\/p>\n<p>&nbsp;<\/p>\n<p>Los efectos de la crisis econ\u00f3mica, y los recortes asociados a ella en Espa\u00f1a, est\u00e1n preocupando mucho\u00a0a Amnist\u00eda Internacional. La organizaci\u00f3n\u00a0estaba temiendo\u00a0que las pol\u00edticas de austeridad llevadas a cabo por el Ejecutivo de Mariano Rajoy desembocaran en una crisis de los derechos humanos. Lo que \u00abpor desgracia ha ocurrido y nos encontramos ante retrocesos en los derechos de salud y vivienda\u201d, asegur\u00f3 en Barcelona Imma Guix\u00e9, coordinadora de\u00a0AI en Catalu\u00f1a. Tambi\u00e9n critic\u00f3 que se \u201cestigmatice a defensores de los derechos humanos\u201d en clara alusi\u00f3n a la PAH, \u201ccuando sus reivindicaciones por el derecho a la vivienda son leg\u00edtimas y las protestas que llevan a cabo con los escraches son pac\u00edficas\u201d.<\/p>\n<p>&nbsp;<\/p>\n<div id=\"sumario_2|html\">Amnist\u00eda Internacional se muestra muy cr\u00edtica con la reforma de la ley hipotecaria llevada a cabo recientemente por el Gobierno.\u00a0 La ONG asegura\u00a0que\u00a0\u00a0solo aliviar\u00e1 a peque\u00f1os colectivos y durante \u00fanicamente dos a\u00f1os. Para el grueso de los afectados por los desahucios la situaci\u00f3n seguir\u00e1 igual. La reforma es demasiado restrictiva y no garantiza el derecho a una vivienda adecuada..<\/div>\n","protected":false},"excerpt":{"rendered":"<p>La organizaci\u00f3n internacional Amnist\u00eda Internacional ha defendido en Espa\u00f1a la [&hellip;]<\/p>\n","protected":false},"author":3,"featured_media":0,"comment_status":"open","ping_status":"open","sticky":false,"template":"","format":"standard","meta":{"_jetpack_memberships_contains_paid_content":false,"footnotes":"","jetpack_publicize_message":"","jetpack_publicize_feature_enabled":true,"jetpack_social_post_already_shared":false,"jetpack_social_options":{"image_generator_settings":{"template":"highway","default_image_id":0,"font":"","enabled":false},"version":2}},"categories":[5461,7565],"tags":[235],"class_list":["post-1078","post","type-post","status-publish","format-standard","hentry","category-ayuntamientos","category-noticias-mercado-inmobiliario","tag-amnistia-internacional"],"yoast_head":"<!-- This site is optimized with the Yoast SEO plugin v28.2 - https:\/\/yoast.com\/product\/yoast-seo-wordpress\/ -->\n<title>Amnist\u00eda Internacional critica la reforma de la Ley Hipotecaria espa\u00f1ola - Blog de aquimicasa.net<\/title>\n<meta name=\"robots\" content=\"index, follow, max-snippet:-1, max-image-preview:large, max-video-preview:-1\" \/>\n<link rel=\"canonical\" href=\"https:\/\/www.aquimicasa.net\/blog\/administracion-y-gobierno\/ayuntamientos\/amnistia-internacional-critica-la-reforma-de-la-ley-hipotecaria-espanola\/\" \/>\n<meta property=\"og:locale\" content=\"es_ES\" \/>\n<meta property=\"og:type\" content=\"article\" \/>\n<meta property=\"og:title\" content=\"Amnist\u00eda Internacional critica la reforma de la Ley Hipotecaria espa\u00f1ola - Blog de aquimicasa.net\" \/>\n<meta property=\"og:description\" content=\"La organizaci\u00f3n internacional Amnist\u00eda Internacional ha defendido en Espa\u00f1a la [&hellip;]\" \/>\n<meta property=\"og:url\" content=\"https:\/\/www.aquimicasa.net\/blog\/administracion-y-gobierno\/ayuntamientos\/amnistia-internacional-critica-la-reforma-de-la-ley-hipotecaria-espanola\/\" \/>\n<meta property=\"og:site_name\" content=\"Blog de aquimicasa.net\" \/>\n<meta property=\"article:publisher\" content=\"https:\/\/www.facebook.com\/aquimicasa.net\" \/>\n<meta property=\"article:published_time\" content=\"2013-05-25T06:21:01+00:00\" \/>\n<meta property=\"article:modified_time\" content=\"2020-04-02T16:32:29+00:00\" \/>\n<meta name=\"author\" content=\"Eduardo Lizarraga\" \/>\n<meta name=\"twitter:label1\" content=\"Escrito por\" \/>\n\t<meta name=\"twitter:data1\" content=\"Eduardo Lizarraga\" \/>\n\t<meta name=\"twitter:label2\" content=\"Tiempo de lectura\" \/>\n\t<meta name=\"twitter:data2\" content=\"2 minutos\" \/>\n<script type=\"application\/ld+json\" class=\"yoast-schema-graph\">{\"@context\":\"https:\\\/\\\/schema.org\",\"@graph\":[{\"@type\":\"Article\",\"@id\":\"https:\\\/\\\/www.aquimicasa.net\\\/blog\\\/administracion-y-gobierno\\\/ayuntamientos\\\/amnistia-internacional-critica-la-reforma-de-la-ley-hipotecaria-espanola\\\/#article\",\"isPartOf\":{\"@id\":\"https:\\\/\\\/www.aquimicasa.net\\\/blog\\\/administracion-y-gobierno\\\/ayuntamientos\\\/amnistia-internacional-critica-la-reforma-de-la-ley-hipotecaria-espanola\\\/\"},\"author\":{\"name\":\"Eduardo Lizarraga\",\"@id\":\"https:\\\/\\\/www.aquimicasa.net\\\/blog\\\/#\\\/schema\\\/person\\\/2cdfa2605534583395c8d7ce1d6cac14\"},\"headline\":\"Amnist\u00eda Internacional critica la reforma de la Ley Hipotecaria espa\u00f1ola\",\"datePublished\":\"2013-05-25T06:21:01+00:00\",\"dateModified\":\"2020-04-02T16:32:29+00:00\",\"mainEntityOfPage\":{\"@id\":\"https:\\\/\\\/www.aquimicasa.net\\\/blog\\\/administracion-y-gobierno\\\/ayuntamientos\\\/amnistia-internacional-critica-la-reforma-de-la-ley-hipotecaria-espanola\\\/\"},\"wordCount\":334,\"commentCount\":0,\"publisher\":{\"@id\":\"https:\\\/\\\/www.aquimicasa.net\\\/blog\\\/#organization\"},\"keywords\":[\"Amnist\u00eda Internacional\"],\"articleSection\":[\"Ayuntamientos\",\"Noticias Mercado Inmobiliario\"],\"inLanguage\":\"es\",\"potentialAction\":[{\"@type\":\"CommentAction\",\"name\":\"Comment\",\"target\":[\"https:\\\/\\\/www.aquimicasa.net\\\/blog\\\/administracion-y-gobierno\\\/ayuntamientos\\\/amnistia-internacional-critica-la-reforma-de-la-ley-hipotecaria-espanola\\\/#respond\"]}]},{\"@type\":\"WebPage\",\"@id\":\"https:\\\/\\\/www.aquimicasa.net\\\/blog\\\/administracion-y-gobierno\\\/ayuntamientos\\\/amnistia-internacional-critica-la-reforma-de-la-ley-hipotecaria-espanola\\\/\",\"url\":\"https:\\\/\\\/www.aquimicasa.net\\\/blog\\\/administracion-y-gobierno\\\/ayuntamientos\\\/amnistia-internacional-critica-la-reforma-de-la-ley-hipotecaria-espanola\\\/\",\"name\":\"Amnist\u00eda Internacional critica la reforma de la Ley Hipotecaria espa\u00f1ola - Blog de aquimicasa.net\",\"isPartOf\":{\"@id\":\"https:\\\/\\\/www.aquimicasa.net\\\/blog\\\/#website\"},\"datePublished\":\"2013-05-25T06:21:01+00:00\",\"dateModified\":\"2020-04-02T16:32:29+00:00\",\"breadcrumb\":{\"@id\":\"https:\\\/\\\/www.aquimicasa.net\\\/blog\\\/administracion-y-gobierno\\\/ayuntamientos\\\/amnistia-internacional-critica-la-reforma-de-la-ley-hipotecaria-espanola\\\/#breadcrumb\"},\"inLanguage\":\"es\",\"potentialAction\":[{\"@type\":\"ReadAction\",\"target\":[\"https:\\\/\\\/www.aquimicasa.net\\\/blog\\\/administracion-y-gobierno\\\/ayuntamientos\\\/amnistia-internacional-critica-la-reforma-de-la-ley-hipotecaria-espanola\\\/\"]}]},{\"@type\":\"BreadcrumbList\",\"@id\":\"https:\\\/\\\/www.aquimicasa.net\\\/blog\\\/administracion-y-gobierno\\\/ayuntamientos\\\/amnistia-internacional-critica-la-reforma-de-la-ley-hipotecaria-espanola\\\/#breadcrumb\",\"itemListElement\":[{\"@type\":\"ListItem\",\"position\":1,\"name\":\"Portada\",\"item\":\"https:\\\/\\\/www.aquimicasa.net\\\/blog\\\/\"},{\"@type\":\"ListItem\",\"position\":2,\"name\":\"Amnist\u00eda Internacional critica la reforma de la Ley Hipotecaria espa\u00f1ola\"}]},{\"@type\":\"WebSite\",\"@id\":\"https:\\\/\\\/www.aquimicasa.net\\\/blog\\\/#website\",\"url\":\"https:\\\/\\\/www.aquimicasa.net\\\/blog\\\/\",\"name\":\"Blog de aquimicasa.net\",\"description\":\"Noticias del Mundo Inmobiliario\",\"publisher\":{\"@id\":\"https:\\\/\\\/www.aquimicasa.net\\\/blog\\\/#organization\"},\"potentialAction\":[{\"@type\":\"SearchAction\",\"target\":{\"@type\":\"EntryPoint\",\"urlTemplate\":\"https:\\\/\\\/www.aquimicasa.net\\\/blog\\\/?s={search_term_string}\"},\"query-input\":{\"@type\":\"PropertyValueSpecification\",\"valueRequired\":true,\"valueName\":\"search_term_string\"}}],\"inLanguage\":\"es\"},{\"@type\":\"Organization\",\"@id\":\"https:\\\/\\\/www.aquimicasa.net\\\/blog\\\/#organization\",\"name\":\"Blog de aquimicasa.net\",\"url\":\"https:\\\/\\\/www.aquimicasa.net\\\/blog\\\/\",\"logo\":{\"@type\":\"ImageObject\",\"inLanguage\":\"es\",\"@id\":\"https:\\\/\\\/www.aquimicasa.net\\\/blog\\\/#\\\/schema\\\/logo\\\/image\\\/\",\"url\":\"https:\\\/\\\/www.aquimicasa.net\\\/blog\\\/wp-content\\\/uploads\\\/Logo-aquimicasa-1-e1528048213782.png\",\"contentUrl\":\"https:\\\/\\\/www.aquimicasa.net\\\/blog\\\/wp-content\\\/uploads\\\/Logo-aquimicasa-1-e1528048213782.png\",\"width\":225,\"height\":225,\"caption\":\"Blog de aquimicasa.net\"},\"image\":{\"@id\":\"https:\\\/\\\/www.aquimicasa.net\\\/blog\\\/#\\\/schema\\\/logo\\\/image\\\/\"},\"sameAs\":[\"https:\\\/\\\/www.facebook.com\\\/aquimicasa.net\",\"https:\\\/\\\/www.instagram.com\\\/\",\"https:\\\/\\\/x.com\\\/EduLizarragaD\",\"https:\\\/\\\/www.linkedin.com\\\/feed\\\/\"]},{\"@type\":\"Person\",\"@id\":\"https:\\\/\\\/www.aquimicasa.net\\\/blog\\\/#\\\/schema\\\/person\\\/2cdfa2605534583395c8d7ce1d6cac14\",\"name\":\"Eduardo Lizarraga\",\"image\":{\"@type\":\"ImageObject\",\"inLanguage\":\"es\",\"@id\":\"https:\\\/\\\/secure.gravatar.com\\\/avatar\\\/bdabe1eeeed97b65a9cb7de2edd624b07995f7e13abc5fead15961f745f908cc?s=96&d=mm&r=g\",\"url\":\"https:\\\/\\\/secure.gravatar.com\\\/avatar\\\/bdabe1eeeed97b65a9cb7de2edd624b07995f7e13abc5fead15961f745f908cc?s=96&d=mm&r=g\",\"contentUrl\":\"https:\\\/\\\/secure.gravatar.com\\\/avatar\\\/bdabe1eeeed97b65a9cb7de2edd624b07995f7e13abc5fead15961f745f908cc?s=96&d=mm&r=g\",\"caption\":\"Eduardo Lizarraga\"},\"description\":\"Periodista Econ\u00f3mico. Ha trabajado en diversos campos de la informaci\u00f3n. Corresponsal en conflictos, analista pol\u00edtico en Congreso y Senado, periodista del medio ambiente, editor, director editorial, director de comunicaci\u00f3n.... En estos momentos se ha especializado en el sector inmobiliario. Pero tambi\u00e9n es navegante y viajero, preocupado por la pobreza, el medio ambiente y por las actuaciones descontroladas del neoliberalismo empresarial y pol\u00edtico en todo el mundo. Los desahucios, la pobreza infantil y la falta de acceso a los suministros b\u00e1sicos son algunos de los grandes dramas de nuestra sociedad y que es preciso solucionar para hacerla m\u00e1s justa. CEO en www.aquimicasa.net\",\"sameAs\":[\"https:\\\/\\\/www.aquimicasa.net\\\/\"],\"url\":\"https:\\\/\\\/www.aquimicasa.net\\\/blog\\\/author\\\/eduardo\\\/\"}]}<\/script>\n<!-- \/ Yoast SEO plugin. -->","yoast_head_json":{"title":"Amnist\u00eda Internacional critica la reforma de la Ley Hipotecaria espa\u00f1ola - Blog de aquimicasa.net","robots":{"index":"index","follow":"follow","max-snippet":"max-snippet:-1","max-image-preview":"max-image-preview:large","max-video-preview":"max-video-preview:-1"},"canonical":"https:\/\/www.aquimicasa.net\/blog\/administracion-y-gobierno\/ayuntamientos\/amnistia-internacional-critica-la-reforma-de-la-ley-hipotecaria-espanola\/","og_locale":"es_ES","og_type":"article","og_title":"Amnist\u00eda Internacional critica la reforma de la Ley Hipotecaria espa\u00f1ola - Blog de aquimicasa.net","og_description":"La organizaci\u00f3n internacional Amnist\u00eda Internacional ha defendido en Espa\u00f1a la [&hellip;]","og_url":"https:\/\/www.aquimicasa.net\/blog\/administracion-y-gobierno\/ayuntamientos\/amnistia-internacional-critica-la-reforma-de-la-ley-hipotecaria-espanola\/","og_site_name":"Blog de aquimicasa.net","article_publisher":"https:\/\/www.facebook.com\/aquimicasa.net","article_published_time":"2013-05-25T06:21:01+00:00","article_modified_time":"2020-04-02T16:32:29+00:00","author":"Eduardo Lizarraga","twitter_misc":{"Escrito por":"Eduardo Lizarraga","Tiempo de lectura":"2 minutos"},"schema":{"@context":"https:\/\/schema.org","@graph":[{"@type":"Article","@id":"https:\/\/www.aquimicasa.net\/blog\/administracion-y-gobierno\/ayuntamientos\/amnistia-internacional-critica-la-reforma-de-la-ley-hipotecaria-espanola\/#article","isPartOf":{"@id":"https:\/\/www.aquimicasa.net\/blog\/administracion-y-gobierno\/ayuntamientos\/amnistia-internacional-critica-la-reforma-de-la-ley-hipotecaria-espanola\/"},"author":{"name":"Eduardo Lizarraga","@id":"https:\/\/www.aquimicasa.net\/blog\/#\/schema\/person\/2cdfa2605534583395c8d7ce1d6cac14"},"headline":"Amnist\u00eda Internacional critica la reforma de la Ley Hipotecaria espa\u00f1ola","datePublished":"2013-05-25T06:21:01+00:00","dateModified":"2020-04-02T16:32:29+00:00","mainEntityOfPage":{"@id":"https:\/\/www.aquimicasa.net\/blog\/administracion-y-gobierno\/ayuntamientos\/amnistia-internacional-critica-la-reforma-de-la-ley-hipotecaria-espanola\/"},"wordCount":334,"commentCount":0,"publisher":{"@id":"https:\/\/www.aquimicasa.net\/blog\/#organization"},"keywords":["Amnist\u00eda Internacional"],"articleSection":["Ayuntamientos","Noticias Mercado Inmobiliario"],"inLanguage":"es","potentialAction":[{"@type":"CommentAction","name":"Comment","target":["https:\/\/www.aquimicasa.net\/blog\/administracion-y-gobierno\/ayuntamientos\/amnistia-internacional-critica-la-reforma-de-la-ley-hipotecaria-espanola\/#respond"]}]},{"@type":"WebPage","@id":"https:\/\/www.aquimicasa.net\/blog\/administracion-y-gobierno\/ayuntamientos\/amnistia-internacional-critica-la-reforma-de-la-ley-hipotecaria-espanola\/","url":"https:\/\/www.aquimicasa.net\/blog\/administracion-y-gobierno\/ayuntamientos\/amnistia-internacional-critica-la-reforma-de-la-ley-hipotecaria-espanola\/","name":"Amnist\u00eda Internacional critica la reforma de la Ley Hipotecaria espa\u00f1ola - Blog de aquimicasa.net","isPartOf":{"@id":"https:\/\/www.aquimicasa.net\/blog\/#website"},"datePublished":"2013-05-25T06:21:01+00:00","dateModified":"2020-04-02T16:32:29+00:00","breadcrumb":{"@id":"https:\/\/www.aquimicasa.net\/blog\/administracion-y-gobierno\/ayuntamientos\/amnistia-internacional-critica-la-reforma-de-la-ley-hipotecaria-espanola\/#breadcrumb"},"inLanguage":"es","potentialAction":[{"@type":"ReadAction","target":["https:\/\/www.aquimicasa.net\/blog\/administracion-y-gobierno\/ayuntamientos\/amnistia-internacional-critica-la-reforma-de-la-ley-hipotecaria-espanola\/"]}]},{"@type":"BreadcrumbList","@id":"https:\/\/www.aquimicasa.net\/blog\/administracion-y-gobierno\/ayuntamientos\/amnistia-internacional-critica-la-reforma-de-la-ley-hipotecaria-espanola\/#breadcrumb","itemListElement":[{"@type":"ListItem","position":1,"name":"Portada","item":"https:\/\/www.aquimicasa.net\/blog\/"},{"@type":"ListItem","position":2,"name":"Amnist\u00eda Internacional critica la reforma de la Ley Hipotecaria espa\u00f1ola"}]},{"@type":"WebSite","@id":"https:\/\/www.aquimicasa.net\/blog\/#website","url":"https:\/\/www.aquimicasa.net\/blog\/","name":"Blog de aquimicasa.net","description":"Noticias del Mundo Inmobiliario","publisher":{"@id":"https:\/\/www.aquimicasa.net\/blog\/#organization"},"potentialAction":[{"@type":"SearchAction","target":{"@type":"EntryPoint","urlTemplate":"https:\/\/www.aquimicasa.net\/blog\/?s={search_term_string}"},"query-input":{"@type":"PropertyValueSpecification","valueRequired":true,"valueName":"search_term_string"}}],"inLanguage":"es"},{"@type":"Organization","@id":"https:\/\/www.aquimicasa.net\/blog\/#organization","name":"Blog de aquimicasa.net","url":"https:\/\/www.aquimicasa.net\/blog\/","logo":{"@type":"ImageObject","inLanguage":"es","@id":"https:\/\/www.aquimicasa.net\/blog\/#\/schema\/logo\/image\/","url":"https:\/\/www.aquimicasa.net\/blog\/wp-content\/uploads\/Logo-aquimicasa-1-e1528048213782.png","contentUrl":"https:\/\/www.aquimicasa.net\/blog\/wp-content\/uploads\/Logo-aquimicasa-1-e1528048213782.png","width":225,"height":225,"caption":"Blog de aquimicasa.net"},"image":{"@id":"https:\/\/www.aquimicasa.net\/blog\/#\/schema\/logo\/image\/"},"sameAs":["https:\/\/www.facebook.com\/aquimicasa.net","https:\/\/www.instagram.com\/","https:\/\/x.com\/EduLizarragaD","https:\/\/www.linkedin.com\/feed\/"]},{"@type":"Person","@id":"https:\/\/www.aquimicasa.net\/blog\/#\/schema\/person\/2cdfa2605534583395c8d7ce1d6cac14","name":"Eduardo Lizarraga","image":{"@type":"ImageObject","inLanguage":"es","@id":"https:\/\/secure.gravatar.com\/avatar\/bdabe1eeeed97b65a9cb7de2edd624b07995f7e13abc5fead15961f745f908cc?s=96&d=mm&r=g","url":"https:\/\/secure.gravatar.com\/avatar\/bdabe1eeeed97b65a9cb7de2edd624b07995f7e13abc5fead15961f745f908cc?s=96&d=mm&r=g","contentUrl":"https:\/\/secure.gravatar.com\/avatar\/bdabe1eeeed97b65a9cb7de2edd624b07995f7e13abc5fead15961f745f908cc?s=96&d=mm&r=g","caption":"Eduardo Lizarraga"},"description":"Periodista Econ\u00f3mico. Ha trabajado en diversos campos de la informaci\u00f3n. Corresponsal en conflictos, analista pol\u00edtico en Congreso y Senado, periodista del medio ambiente, editor, director editorial, director de comunicaci\u00f3n.... En estos momentos se ha especializado en el sector inmobiliario. Pero tambi\u00e9n es navegante y viajero, preocupado por la pobreza, el medio ambiente y por las actuaciones descontroladas del neoliberalismo empresarial y pol\u00edtico en todo el mundo. Los desahucios, la pobreza infantil y la falta de acceso a los suministros b\u00e1sicos son algunos de los grandes dramas de nuestra sociedad y que es preciso solucionar para hacerla m\u00e1s justa. CEO en www.aquimicasa.net","sameAs":["https:\/\/www.aquimicasa.net\/"],"url":"https:\/\/www.aquimicasa.net\/blog\/author\/eduardo\/"}]}},"jetpack_publicize_connections":[],"jetpack_featured_media_url":"","jetpack_sharing_enabled":true,"jetpack_likes_enabled":true,"_links":{"self":[{"href":"https:\/\/www.aquimicasa.net\/blog\/wp-json\/wp\/v2\/posts\/1078","targetHints":{"allow":["GET"]}}],"collection":[{"href":"https:\/\/www.aquimicasa.net\/blog\/wp-json\/wp\/v2\/posts"}],"about":[{"href":"https:\/\/www.aquimicasa.net\/blog\/wp-json\/wp\/v2\/types\/post"}],"author":[{"embeddable":true,"href":"https:\/\/www.aquimicasa.net\/blog\/wp-json\/wp\/v2\/users\/3"}],"replies":[{"embeddable":true,"href":"https:\/\/www.aquimicasa.net\/blog\/wp-json\/wp\/v2\/comments?post=1078"}],"version-history":[{"count":1,"href":"https:\/\/www.aquimicasa.net\/blog\/wp-json\/wp\/v2\/posts\/1078\/revisions"}],"predecessor-version":[{"id":30545,"href":"https:\/\/www.aquimicasa.net\/blog\/wp-json\/wp\/v2\/posts\/1078\/revisions\/30545"}],"wp:attachment":[{"href":"https:\/\/www.aquimicasa.net\/blog\/wp-json\/wp\/v2\/media?parent=1078"}],"wp:term":[{"taxonomy":"category","embeddable":true,"href":"https:\/\/www.aquimicasa.net\/blog\/wp-json\/wp\/v2\/categories?post=1078"},{"taxonomy":"post_tag","embeddable":true,"href":"https:\/\/www.aquimicasa.net\/blog\/wp-json\/wp\/v2\/tags?post=1078"}],"curies":[{"name":"wp","href":"https:\/\/api.w.org\/{rel}","templated":true}]}}