{"id":10869,"date":"2016-04-04T18:38:14","date_gmt":"2016-04-04T18:38:14","guid":{"rendered":"https:\/\/www.aquimicasa.net\/blog\/?p=10869"},"modified":"2020-04-02T18:30:44","modified_gmt":"2020-04-02T16:30:44","slug":"seleccion-inmobiliaria-en-alicante-2","status":"publish","type":"post","link":"https:\/\/www.aquimicasa.net\/blog\/vivienda\/noticias-mercado-inmobiliario\/seleccion-inmobiliaria-en-alicante-2\/","title":{"rendered":"Selecci\u00f3n inmobiliaria en Alicante"},"content":{"rendered":"<p><img decoding=\"async\" class=\"alignnone size-full wp-image-10872\" style=\"line-height: 1.71429; font-size: 1rem;\" alt=\"Alicante3\" src=\"https:\/\/www.aquimicasa.net\/blog\/wp-content\/uploads\/Alicante3.jpg\" width=\"262\" height=\"192\" srcset=\"https:\/\/www.aquimicasa.net\/blog\/wp-content\/uploads\/Alicante3-150x110.jpg 150w, https:\/\/www.aquimicasa.net\/blog\/wp-content\/uploads\/Alicante3-239x175.jpg 239w, https:\/\/www.aquimicasa.net\/blog\/wp-content\/uploads\/Alicante3.jpg 262w\" sizes=\"(max-width: 262px) 100vw, 262px\" \/><\/p>\n<p>El i\u0301ndice Tinsa IMIE Mercados Locales refleja que el precio medio de la vivienda terminada en Espan\u0303a se increment\u00f3 un 1,4% en el primer trimestre de 2016 respecto al mismo periodo del an\u0303o anterior. El i\u0301ndice trimestral acumula asi\u0301 <strong>dos trimestres consecutivos<\/strong> de tasa interanual positiva.<\/p>\n<p>&#8211;\u00a0<a href=\"https:\/\/www.aquimicasa.net\/casas-chalets-adosados\/alicante\/vendo-bw-en-zona-residencial-de-villena-alicante-avda-doctor-esteban-barbado-53-i11408\" target=\"_blank\" rel=\"noopener noreferrer\">Bungalow en Villena (Alicante)<\/a>.\u00a0250 metros cuadrados, zona residencial cerca de la escuela de tenis de Juan Carlos Ferrero, consta de tres plantas m\u00e1s buhardilla, tiene&#8230;<\/p>\n<p>&#8211;<a href=\"https:\/\/www.aquimicasa.net\/pisos\/alicante\/piso-magnifico-y-muy-amplio-en-pleno-centro-con-garaje-i11401\" target=\"_blank\" rel=\"noopener noreferrer\"> Piso en el centro de Alicante.<\/a> \u00a0Piso primero (sobre entresuelo) en inmueble de 7 plantas. Un vecino por planta, magn\u00cdficas calidades constructivas. Muy silencioso y&#8230;<\/p>\n<p>&#8211; <a href=\"https:\/\/www.aquimicasa.net\/casas-chalets-adosados\/alicante\/casa-nueva-de-montana-en-sierra-del-benicadell-i11400\" target=\"_blank\" rel=\"noopener noreferrer\">Casa de monta\u00f1a en Benicadell (Alicante)<\/a>.\u00a0Casa legal en ladera solana monta\u00f1a Benicadell. Zona monta\u00f1osa vegetaci\u00f3n aut\u00f3ctona. Casa 220 m2, \u00a0parcela 3000 m2. Tres plantas&#8230;<\/p>\n<p>&#8211; <a href=\"https:\/\/www.aquimicasa.net\/pisos\/alicante\/altea-precioso-piso-moderno;-vistas-mar-y-pueblo-i11393\" target=\"_blank\" rel=\"noopener noreferrer\">Piso moderno en Altea (Alicante)<\/a>.\u00a0Particular vende precioso piso en edificio moderno de 2007, con portal de lujo y revestimiento de m\u00e1rmol. Videoportero. Gas ciudad. Garaje&#8230;<\/p>\n<p>&#8211; <a href=\"https:\/\/www.aquimicasa.net\/locales-comerciales\/alicante\/barcafeteriajoseymaria-i11392\" target=\"_blank\" rel=\"noopener noreferrer\">Local en Guardamar del Segura (Alicante)<\/a>. \u00a0\u00a0Local de ocio de 1200 metros.Bar restaurante, mini golf, pista de paddel, piscina,billares&#8230; Gran almac\u00e9n,a 300 metros de la playa&#8230;<\/p>\n<p>&#8211; <a href=\"https:\/\/www.aquimicasa.net\/pisos\/alicante\/apartamento-en-av-cristobal-sanz-i11390\" target=\"_blank\" rel=\"noopener noreferrer\">Apartamento en Santa Pola (Alicante)<\/a>.\u00a0Precioso apartamento de 2 habitaciones, cocina independiente, trastero, y terraza, en buena urbanizaci\u00f3n con parking y piscina&#8230;<\/p>\n<p>&#8211; <a href=\"https:\/\/www.aquimicasa.net\/pisos\/alicante\/apartamento-en-urb-raspeig-playa-muchavista-i11389\" target=\"_blank\" rel=\"noopener noreferrer\">Apartamento en El Campello (Alicante)<\/a>.\u00a0Amplio apartamento en urbanizaci\u00f3n en primera l\u00ednea de la playa muchavista&#8230;<\/p>\n<p>&#8211; <a href=\"https:\/\/www.aquimicasa.net\/pisos\/alicante\/piso-en-alicante-capital-zona-centro-i11387\" target=\"_blank\" rel=\"noopener noreferrer\">Piso en Alicante capital.<\/a> Piso \u00a0con muchas modificaciones actualizadas, pintura cuidada con 3 capas, pintura de saco en las habitaciones, muy bien situado y apto para vivir ya, sin&#8230;<\/p>\n<p>&#8211; <a href=\"https:\/\/www.aquimicasa.net\/pisos\/alicante\/se-vende-precioso-piso-en-una-de-las-mejores-zona-residencial-i11386\" target=\"_blank\" rel=\"noopener noreferrer\">Piso nuevo en Benidorm (Alicante)<\/a>. Piso nuevo,de 2 dorm. 2 ba\u00f1os completo, uno de ellos en suite de dormitorio los dormitorios tienen salida a la terraza que tiene&#8230;<\/p>\n<p>&#8211;<a href=\"https:\/\/www.aquimicasa.net\/pisos\/alicante\/alicante-3-dorm-los-angeles-i11385\" target=\"_blank\" rel=\"noopener noreferrer\"> Piso en Alicante.<\/a>\u00a0Vivienda de 76,72 m2 construidos, tres dormitorios y un ba\u00f1o lista para entrar a vivir, parcialmente amueblada. La cocina est\u00e1 amueblada y con&#8230;<\/p>\n<p>&#8211; <a href=\"https:\/\/www.aquimicasa.net\/casas-chalets-adosados\/alicante\/chalet-independiente-en-urbanizacion-los-balcones-de-torrevieja-i11384\" target=\"_blank\" rel=\"noopener noreferrer\">Chalet independiente en Torrevieja (Alicante).<\/a>\u00a0\u00a0Urbanizaci\u00f3n de los balcones de Torrevieja, situada a escasos 1500 metros del mar, junto a la laguna salada, muy cerca del&#8230;<\/p>\n<p>&#8211;<a href=\"https:\/\/www.aquimicasa.net\/duplex\/alicante\/veta-de-duplex-en-dehesa-de-campoamor-i11380\" target=\"_blank\" rel=\"noopener noreferrer\"> D\u00faplex en Orihuela ( Alicante)<\/a>.\u00a0D\u00faplex en dehesa de Campoamor, en la urbanizaci\u00f3n calas de Campoamor en aguamarina, Orihuela-costa. La zona es&#8230;<\/p>\n<p>&nbsp;<\/p>\n<p>&nbsp;<\/p>\n<p>&nbsp;<\/p>\n","protected":false},"excerpt":{"rendered":"<p>El i\u0301ndice Tinsa IMIE Mercados Locales refleja que el precio [&hellip;]<\/p>\n","protected":false},"author":3,"featured_media":0,"comment_status":"open","ping_status":"open","sticky":false,"template":"","format":"standard","meta":{"_jetpack_memberships_contains_paid_content":false,"footnotes":"","jetpack_publicize_message":"","jetpack_publicize_feature_enabled":true,"jetpack_social_post_already_shared":false,"jetpack_social_options":{"image_generator_settings":{"template":"highway","default_image_id":0,"font":"","enabled":false},"version":2}},"categories":[7565],"tags":[533,893,1824,2015,1996,2018,1825,2017,2013,1823,2016,1822,2014],"class_list":["post-10869","post","type-post","status-publish","format-standard","hentry","category-noticias-mercado-inmobiliario","tag-alicante","tag-altea","tag-apartamento","tag-benicadell","tag-bungalow","tag-campoamor","tag-chalet","tag-guardamar-del-segura","tag-orihuela","tag-piso","tag-santa-pola","tag-torrevieja","tag-villena"],"yoast_head":"<!-- This site is optimized with the Yoast SEO plugin v28.2 - https:\/\/yoast.com\/product\/yoast-seo-wordpress\/ -->\n<title>Selecci\u00f3n inmobiliaria en Alicante - Blog de aquimicasa.net<\/title>\n<meta name=\"robots\" content=\"index, follow, max-snippet:-1, max-image-preview:large, max-video-preview:-1\" \/>\n<link rel=\"canonical\" href=\"https:\/\/www.aquimicasa.net\/blog\/vivienda\/noticias-mercado-inmobiliario\/seleccion-inmobiliaria-en-alicante-2\/\" \/>\n<meta property=\"og:locale\" content=\"es_ES\" \/>\n<meta property=\"og:type\" content=\"article\" \/>\n<meta property=\"og:title\" content=\"Selecci\u00f3n inmobiliaria en Alicante - Blog de aquimicasa.net\" \/>\n<meta property=\"og:description\" content=\"El i\u0301ndice Tinsa IMIE Mercados Locales refleja que el precio [&hellip;]\" \/>\n<meta property=\"og:url\" content=\"https:\/\/www.aquimicasa.net\/blog\/vivienda\/noticias-mercado-inmobiliario\/seleccion-inmobiliaria-en-alicante-2\/\" \/>\n<meta property=\"og:site_name\" content=\"Blog de aquimicasa.net\" \/>\n<meta property=\"article:publisher\" content=\"https:\/\/www.facebook.com\/aquimicasa.net\" \/>\n<meta property=\"article:published_time\" content=\"2016-04-04T18:38:14+00:00\" \/>\n<meta property=\"article:modified_time\" content=\"2020-04-02T16:30:44+00:00\" \/>\n<meta property=\"og:image\" content=\"https:\/\/www.aquimicasa.net\/blog\/wp-content\/uploads\/Alicante3.jpg\" \/>\n<meta name=\"author\" content=\"Eduardo Lizarraga\" \/>\n<meta name=\"twitter:label1\" content=\"Escrito por\" \/>\n\t<meta name=\"twitter:data1\" content=\"Eduardo Lizarraga\" \/>\n\t<meta name=\"twitter:label2\" content=\"Tiempo de lectura\" \/>\n\t<meta name=\"twitter:data2\" content=\"2 minutos\" \/>\n<script type=\"application\/ld+json\" class=\"yoast-schema-graph\">{\"@context\":\"https:\\\/\\\/schema.org\",\"@graph\":[{\"@type\":\"Article\",\"@id\":\"https:\\\/\\\/www.aquimicasa.net\\\/blog\\\/vivienda\\\/noticias-mercado-inmobiliario\\\/seleccion-inmobiliaria-en-alicante-2\\\/#article\",\"isPartOf\":{\"@id\":\"https:\\\/\\\/www.aquimicasa.net\\\/blog\\\/vivienda\\\/noticias-mercado-inmobiliario\\\/seleccion-inmobiliaria-en-alicante-2\\\/\"},\"author\":{\"name\":\"Eduardo Lizarraga\",\"@id\":\"https:\\\/\\\/www.aquimicasa.net\\\/blog\\\/#\\\/schema\\\/person\\\/2cdfa2605534583395c8d7ce1d6cac14\"},\"headline\":\"Selecci\u00f3n inmobiliaria en Alicante\",\"datePublished\":\"2016-04-04T18:38:14+00:00\",\"dateModified\":\"2020-04-02T16:30:44+00:00\",\"mainEntityOfPage\":{\"@id\":\"https:\\\/\\\/www.aquimicasa.net\\\/blog\\\/vivienda\\\/noticias-mercado-inmobiliario\\\/seleccion-inmobiliaria-en-alicante-2\\\/\"},\"wordCount\":373,\"commentCount\":0,\"publisher\":{\"@id\":\"https:\\\/\\\/www.aquimicasa.net\\\/blog\\\/#organization\"},\"image\":{\"@id\":\"https:\\\/\\\/www.aquimicasa.net\\\/blog\\\/vivienda\\\/noticias-mercado-inmobiliario\\\/seleccion-inmobiliaria-en-alicante-2\\\/#primaryimage\"},\"thumbnailUrl\":\"https:\\\/\\\/www.aquimicasa.net\\\/blog\\\/wp-content\\\/uploads\\\/Alicante3.jpg\",\"keywords\":[\"Alicante\",\"Altea\",\"apartamento\",\"Benicadell\",\"bungalow\",\"Campoamor\",\"chalet\",\"Guardamar del Segura\",\"Orihuela\",\"piso\",\"Santa POla\",\"Torrevieja\",\"Villena\"],\"articleSection\":[\"Noticias Mercado Inmobiliario\"],\"inLanguage\":\"es\",\"potentialAction\":[{\"@type\":\"CommentAction\",\"name\":\"Comment\",\"target\":[\"https:\\\/\\\/www.aquimicasa.net\\\/blog\\\/vivienda\\\/noticias-mercado-inmobiliario\\\/seleccion-inmobiliaria-en-alicante-2\\\/#respond\"]}]},{\"@type\":\"WebPage\",\"@id\":\"https:\\\/\\\/www.aquimicasa.net\\\/blog\\\/vivienda\\\/noticias-mercado-inmobiliario\\\/seleccion-inmobiliaria-en-alicante-2\\\/\",\"url\":\"https:\\\/\\\/www.aquimicasa.net\\\/blog\\\/vivienda\\\/noticias-mercado-inmobiliario\\\/seleccion-inmobiliaria-en-alicante-2\\\/\",\"name\":\"Selecci\u00f3n inmobiliaria en Alicante - Blog de aquimicasa.net\",\"isPartOf\":{\"@id\":\"https:\\\/\\\/www.aquimicasa.net\\\/blog\\\/#website\"},\"primaryImageOfPage\":{\"@id\":\"https:\\\/\\\/www.aquimicasa.net\\\/blog\\\/vivienda\\\/noticias-mercado-inmobiliario\\\/seleccion-inmobiliaria-en-alicante-2\\\/#primaryimage\"},\"image\":{\"@id\":\"https:\\\/\\\/www.aquimicasa.net\\\/blog\\\/vivienda\\\/noticias-mercado-inmobiliario\\\/seleccion-inmobiliaria-en-alicante-2\\\/#primaryimage\"},\"thumbnailUrl\":\"https:\\\/\\\/www.aquimicasa.net\\\/blog\\\/wp-content\\\/uploads\\\/Alicante3.jpg\",\"datePublished\":\"2016-04-04T18:38:14+00:00\",\"dateModified\":\"2020-04-02T16:30:44+00:00\",\"breadcrumb\":{\"@id\":\"https:\\\/\\\/www.aquimicasa.net\\\/blog\\\/vivienda\\\/noticias-mercado-inmobiliario\\\/seleccion-inmobiliaria-en-alicante-2\\\/#breadcrumb\"},\"inLanguage\":\"es\",\"potentialAction\":[{\"@type\":\"ReadAction\",\"target\":[\"https:\\\/\\\/www.aquimicasa.net\\\/blog\\\/vivienda\\\/noticias-mercado-inmobiliario\\\/seleccion-inmobiliaria-en-alicante-2\\\/\"]}]},{\"@type\":\"ImageObject\",\"inLanguage\":\"es\",\"@id\":\"https:\\\/\\\/www.aquimicasa.net\\\/blog\\\/vivienda\\\/noticias-mercado-inmobiliario\\\/seleccion-inmobiliaria-en-alicante-2\\\/#primaryimage\",\"url\":\"https:\\\/\\\/www.aquimicasa.net\\\/blog\\\/wp-content\\\/uploads\\\/Alicante3.jpg\",\"contentUrl\":\"https:\\\/\\\/www.aquimicasa.net\\\/blog\\\/wp-content\\\/uploads\\\/Alicante3.jpg\",\"width\":262,\"height\":192},{\"@type\":\"BreadcrumbList\",\"@id\":\"https:\\\/\\\/www.aquimicasa.net\\\/blog\\\/vivienda\\\/noticias-mercado-inmobiliario\\\/seleccion-inmobiliaria-en-alicante-2\\\/#breadcrumb\",\"itemListElement\":[{\"@type\":\"ListItem\",\"position\":1,\"name\":\"Portada\",\"item\":\"https:\\\/\\\/www.aquimicasa.net\\\/blog\\\/\"},{\"@type\":\"ListItem\",\"position\":2,\"name\":\"Selecci\u00f3n inmobiliaria en Alicante\"}]},{\"@type\":\"WebSite\",\"@id\":\"https:\\\/\\\/www.aquimicasa.net\\\/blog\\\/#website\",\"url\":\"https:\\\/\\\/www.aquimicasa.net\\\/blog\\\/\",\"name\":\"Blog de aquimicasa.net\",\"description\":\"Noticias del Mundo Inmobiliario\",\"publisher\":{\"@id\":\"https:\\\/\\\/www.aquimicasa.net\\\/blog\\\/#organization\"},\"potentialAction\":[{\"@type\":\"SearchAction\",\"target\":{\"@type\":\"EntryPoint\",\"urlTemplate\":\"https:\\\/\\\/www.aquimicasa.net\\\/blog\\\/?s={search_term_string}\"},\"query-input\":{\"@type\":\"PropertyValueSpecification\",\"valueRequired\":true,\"valueName\":\"search_term_string\"}}],\"inLanguage\":\"es\"},{\"@type\":\"Organization\",\"@id\":\"https:\\\/\\\/www.aquimicasa.net\\\/blog\\\/#organization\",\"name\":\"Blog de aquimicasa.net\",\"url\":\"https:\\\/\\\/www.aquimicasa.net\\\/blog\\\/\",\"logo\":{\"@type\":\"ImageObject\",\"inLanguage\":\"es\",\"@id\":\"https:\\\/\\\/www.aquimicasa.net\\\/blog\\\/#\\\/schema\\\/logo\\\/image\\\/\",\"url\":\"https:\\\/\\\/www.aquimicasa.net\\\/blog\\\/wp-content\\\/uploads\\\/Logo-aquimicasa-1-e1528048213782.png\",\"contentUrl\":\"https:\\\/\\\/www.aquimicasa.net\\\/blog\\\/wp-content\\\/uploads\\\/Logo-aquimicasa-1-e1528048213782.png\",\"width\":225,\"height\":225,\"caption\":\"Blog de aquimicasa.net\"},\"image\":{\"@id\":\"https:\\\/\\\/www.aquimicasa.net\\\/blog\\\/#\\\/schema\\\/logo\\\/image\\\/\"},\"sameAs\":[\"https:\\\/\\\/www.facebook.com\\\/aquimicasa.net\",\"https:\\\/\\\/www.instagram.com\\\/\",\"https:\\\/\\\/x.com\\\/EduLizarragaD\",\"https:\\\/\\\/www.linkedin.com\\\/feed\\\/\"]},{\"@type\":\"Person\",\"@id\":\"https:\\\/\\\/www.aquimicasa.net\\\/blog\\\/#\\\/schema\\\/person\\\/2cdfa2605534583395c8d7ce1d6cac14\",\"name\":\"Eduardo Lizarraga\",\"image\":{\"@type\":\"ImageObject\",\"inLanguage\":\"es\",\"@id\":\"https:\\\/\\\/secure.gravatar.com\\\/avatar\\\/bdabe1eeeed97b65a9cb7de2edd624b07995f7e13abc5fead15961f745f908cc?s=96&d=mm&r=g\",\"url\":\"https:\\\/\\\/secure.gravatar.com\\\/avatar\\\/bdabe1eeeed97b65a9cb7de2edd624b07995f7e13abc5fead15961f745f908cc?s=96&d=mm&r=g\",\"contentUrl\":\"https:\\\/\\\/secure.gravatar.com\\\/avatar\\\/bdabe1eeeed97b65a9cb7de2edd624b07995f7e13abc5fead15961f745f908cc?s=96&d=mm&r=g\",\"caption\":\"Eduardo Lizarraga\"},\"description\":\"Periodista Econ\u00f3mico. Ha trabajado en diversos campos de la informaci\u00f3n. Corresponsal en conflictos, analista pol\u00edtico en Congreso y Senado, periodista del medio ambiente, editor, director editorial, director de comunicaci\u00f3n.... En estos momentos se ha especializado en el sector inmobiliario. Pero tambi\u00e9n es navegante y viajero, preocupado por la pobreza, el medio ambiente y por las actuaciones descontroladas del neoliberalismo empresarial y pol\u00edtico en todo el mundo. Los desahucios, la pobreza infantil y la falta de acceso a los suministros b\u00e1sicos son algunos de los grandes dramas de nuestra sociedad y que es preciso solucionar para hacerla m\u00e1s justa. CEO en www.aquimicasa.net\",\"sameAs\":[\"https:\\\/\\\/www.aquimicasa.net\\\/\"],\"url\":\"https:\\\/\\\/www.aquimicasa.net\\\/blog\\\/author\\\/eduardo\\\/\"}]}<\/script>\n<!-- \/ Yoast SEO plugin. -->","yoast_head_json":{"title":"Selecci\u00f3n inmobiliaria en Alicante - Blog de aquimicasa.net","robots":{"index":"index","follow":"follow","max-snippet":"max-snippet:-1","max-image-preview":"max-image-preview:large","max-video-preview":"max-video-preview:-1"},"canonical":"https:\/\/www.aquimicasa.net\/blog\/vivienda\/noticias-mercado-inmobiliario\/seleccion-inmobiliaria-en-alicante-2\/","og_locale":"es_ES","og_type":"article","og_title":"Selecci\u00f3n inmobiliaria en Alicante - Blog de aquimicasa.net","og_description":"El i\u0301ndice Tinsa IMIE Mercados Locales refleja que el precio [&hellip;]","og_url":"https:\/\/www.aquimicasa.net\/blog\/vivienda\/noticias-mercado-inmobiliario\/seleccion-inmobiliaria-en-alicante-2\/","og_site_name":"Blog de aquimicasa.net","article_publisher":"https:\/\/www.facebook.com\/aquimicasa.net","article_published_time":"2016-04-04T18:38:14+00:00","article_modified_time":"2020-04-02T16:30:44+00:00","og_image":[{"url":"https:\/\/www.aquimicasa.net\/blog\/wp-content\/uploads\/Alicante3.jpg","type":"","width":"","height":""}],"author":"Eduardo Lizarraga","twitter_misc":{"Escrito por":"Eduardo Lizarraga","Tiempo de lectura":"2 minutos"},"schema":{"@context":"https:\/\/schema.org","@graph":[{"@type":"Article","@id":"https:\/\/www.aquimicasa.net\/blog\/vivienda\/noticias-mercado-inmobiliario\/seleccion-inmobiliaria-en-alicante-2\/#article","isPartOf":{"@id":"https:\/\/www.aquimicasa.net\/blog\/vivienda\/noticias-mercado-inmobiliario\/seleccion-inmobiliaria-en-alicante-2\/"},"author":{"name":"Eduardo Lizarraga","@id":"https:\/\/www.aquimicasa.net\/blog\/#\/schema\/person\/2cdfa2605534583395c8d7ce1d6cac14"},"headline":"Selecci\u00f3n inmobiliaria en Alicante","datePublished":"2016-04-04T18:38:14+00:00","dateModified":"2020-04-02T16:30:44+00:00","mainEntityOfPage":{"@id":"https:\/\/www.aquimicasa.net\/blog\/vivienda\/noticias-mercado-inmobiliario\/seleccion-inmobiliaria-en-alicante-2\/"},"wordCount":373,"commentCount":0,"publisher":{"@id":"https:\/\/www.aquimicasa.net\/blog\/#organization"},"image":{"@id":"https:\/\/www.aquimicasa.net\/blog\/vivienda\/noticias-mercado-inmobiliario\/seleccion-inmobiliaria-en-alicante-2\/#primaryimage"},"thumbnailUrl":"https:\/\/www.aquimicasa.net\/blog\/wp-content\/uploads\/Alicante3.jpg","keywords":["Alicante","Altea","apartamento","Benicadell","bungalow","Campoamor","chalet","Guardamar del Segura","Orihuela","piso","Santa POla","Torrevieja","Villena"],"articleSection":["Noticias Mercado Inmobiliario"],"inLanguage":"es","potentialAction":[{"@type":"CommentAction","name":"Comment","target":["https:\/\/www.aquimicasa.net\/blog\/vivienda\/noticias-mercado-inmobiliario\/seleccion-inmobiliaria-en-alicante-2\/#respond"]}]},{"@type":"WebPage","@id":"https:\/\/www.aquimicasa.net\/blog\/vivienda\/noticias-mercado-inmobiliario\/seleccion-inmobiliaria-en-alicante-2\/","url":"https:\/\/www.aquimicasa.net\/blog\/vivienda\/noticias-mercado-inmobiliario\/seleccion-inmobiliaria-en-alicante-2\/","name":"Selecci\u00f3n inmobiliaria en Alicante - Blog de aquimicasa.net","isPartOf":{"@id":"https:\/\/www.aquimicasa.net\/blog\/#website"},"primaryImageOfPage":{"@id":"https:\/\/www.aquimicasa.net\/blog\/vivienda\/noticias-mercado-inmobiliario\/seleccion-inmobiliaria-en-alicante-2\/#primaryimage"},"image":{"@id":"https:\/\/www.aquimicasa.net\/blog\/vivienda\/noticias-mercado-inmobiliario\/seleccion-inmobiliaria-en-alicante-2\/#primaryimage"},"thumbnailUrl":"https:\/\/www.aquimicasa.net\/blog\/wp-content\/uploads\/Alicante3.jpg","datePublished":"2016-04-04T18:38:14+00:00","dateModified":"2020-04-02T16:30:44+00:00","breadcrumb":{"@id":"https:\/\/www.aquimicasa.net\/blog\/vivienda\/noticias-mercado-inmobiliario\/seleccion-inmobiliaria-en-alicante-2\/#breadcrumb"},"inLanguage":"es","potentialAction":[{"@type":"ReadAction","target":["https:\/\/www.aquimicasa.net\/blog\/vivienda\/noticias-mercado-inmobiliario\/seleccion-inmobiliaria-en-alicante-2\/"]}]},{"@type":"ImageObject","inLanguage":"es","@id":"https:\/\/www.aquimicasa.net\/blog\/vivienda\/noticias-mercado-inmobiliario\/seleccion-inmobiliaria-en-alicante-2\/#primaryimage","url":"https:\/\/www.aquimicasa.net\/blog\/wp-content\/uploads\/Alicante3.jpg","contentUrl":"https:\/\/www.aquimicasa.net\/blog\/wp-content\/uploads\/Alicante3.jpg","width":262,"height":192},{"@type":"BreadcrumbList","@id":"https:\/\/www.aquimicasa.net\/blog\/vivienda\/noticias-mercado-inmobiliario\/seleccion-inmobiliaria-en-alicante-2\/#breadcrumb","itemListElement":[{"@type":"ListItem","position":1,"name":"Portada","item":"https:\/\/www.aquimicasa.net\/blog\/"},{"@type":"ListItem","position":2,"name":"Selecci\u00f3n inmobiliaria en Alicante"}]},{"@type":"WebSite","@id":"https:\/\/www.aquimicasa.net\/blog\/#website","url":"https:\/\/www.aquimicasa.net\/blog\/","name":"Blog de aquimicasa.net","description":"Noticias del Mundo Inmobiliario","publisher":{"@id":"https:\/\/www.aquimicasa.net\/blog\/#organization"},"potentialAction":[{"@type":"SearchAction","target":{"@type":"EntryPoint","urlTemplate":"https:\/\/www.aquimicasa.net\/blog\/?s={search_term_string}"},"query-input":{"@type":"PropertyValueSpecification","valueRequired":true,"valueName":"search_term_string"}}],"inLanguage":"es"},{"@type":"Organization","@id":"https:\/\/www.aquimicasa.net\/blog\/#organization","name":"Blog de aquimicasa.net","url":"https:\/\/www.aquimicasa.net\/blog\/","logo":{"@type":"ImageObject","inLanguage":"es","@id":"https:\/\/www.aquimicasa.net\/blog\/#\/schema\/logo\/image\/","url":"https:\/\/www.aquimicasa.net\/blog\/wp-content\/uploads\/Logo-aquimicasa-1-e1528048213782.png","contentUrl":"https:\/\/www.aquimicasa.net\/blog\/wp-content\/uploads\/Logo-aquimicasa-1-e1528048213782.png","width":225,"height":225,"caption":"Blog de aquimicasa.net"},"image":{"@id":"https:\/\/www.aquimicasa.net\/blog\/#\/schema\/logo\/image\/"},"sameAs":["https:\/\/www.facebook.com\/aquimicasa.net","https:\/\/www.instagram.com\/","https:\/\/x.com\/EduLizarragaD","https:\/\/www.linkedin.com\/feed\/"]},{"@type":"Person","@id":"https:\/\/www.aquimicasa.net\/blog\/#\/schema\/person\/2cdfa2605534583395c8d7ce1d6cac14","name":"Eduardo Lizarraga","image":{"@type":"ImageObject","inLanguage":"es","@id":"https:\/\/secure.gravatar.com\/avatar\/bdabe1eeeed97b65a9cb7de2edd624b07995f7e13abc5fead15961f745f908cc?s=96&d=mm&r=g","url":"https:\/\/secure.gravatar.com\/avatar\/bdabe1eeeed97b65a9cb7de2edd624b07995f7e13abc5fead15961f745f908cc?s=96&d=mm&r=g","contentUrl":"https:\/\/secure.gravatar.com\/avatar\/bdabe1eeeed97b65a9cb7de2edd624b07995f7e13abc5fead15961f745f908cc?s=96&d=mm&r=g","caption":"Eduardo Lizarraga"},"description":"Periodista Econ\u00f3mico. Ha trabajado en diversos campos de la informaci\u00f3n. Corresponsal en conflictos, analista pol\u00edtico en Congreso y Senado, periodista del medio ambiente, editor, director editorial, director de comunicaci\u00f3n.... En estos momentos se ha especializado en el sector inmobiliario. Pero tambi\u00e9n es navegante y viajero, preocupado por la pobreza, el medio ambiente y por las actuaciones descontroladas del neoliberalismo empresarial y pol\u00edtico en todo el mundo. Los desahucios, la pobreza infantil y la falta de acceso a los suministros b\u00e1sicos son algunos de los grandes dramas de nuestra sociedad y que es preciso solucionar para hacerla m\u00e1s justa. CEO en www.aquimicasa.net","sameAs":["https:\/\/www.aquimicasa.net\/"],"url":"https:\/\/www.aquimicasa.net\/blog\/author\/eduardo\/"}]}},"jetpack_publicize_connections":[],"jetpack_featured_media_url":"","jetpack_sharing_enabled":true,"jetpack_likes_enabled":true,"_links":{"self":[{"href":"https:\/\/www.aquimicasa.net\/blog\/wp-json\/wp\/v2\/posts\/10869","targetHints":{"allow":["GET"]}}],"collection":[{"href":"https:\/\/www.aquimicasa.net\/blog\/wp-json\/wp\/v2\/posts"}],"about":[{"href":"https:\/\/www.aquimicasa.net\/blog\/wp-json\/wp\/v2\/types\/post"}],"author":[{"embeddable":true,"href":"https:\/\/www.aquimicasa.net\/blog\/wp-json\/wp\/v2\/users\/3"}],"replies":[{"embeddable":true,"href":"https:\/\/www.aquimicasa.net\/blog\/wp-json\/wp\/v2\/comments?post=10869"}],"version-history":[{"count":1,"href":"https:\/\/www.aquimicasa.net\/blog\/wp-json\/wp\/v2\/posts\/10869\/revisions"}],"predecessor-version":[{"id":29545,"href":"https:\/\/www.aquimicasa.net\/blog\/wp-json\/wp\/v2\/posts\/10869\/revisions\/29545"}],"wp:attachment":[{"href":"https:\/\/www.aquimicasa.net\/blog\/wp-json\/wp\/v2\/media?parent=10869"}],"wp:term":[{"taxonomy":"category","embeddable":true,"href":"https:\/\/www.aquimicasa.net\/blog\/wp-json\/wp\/v2\/categories?post=10869"},{"taxonomy":"post_tag","embeddable":true,"href":"https:\/\/www.aquimicasa.net\/blog\/wp-json\/wp\/v2\/tags?post=10869"}],"curies":[{"name":"wp","href":"https:\/\/api.w.org\/{rel}","templated":true}]}}