{"id":10901,"date":"2016-04-09T05:31:22","date_gmt":"2016-04-09T05:31:22","guid":{"rendered":"https:\/\/www.aquimicasa.net\/blog\/?p=10901"},"modified":"2020-04-02T18:30:44","modified_gmt":"2020-04-02T16:30:44","slug":"seleccion-inmobiliaria-en-murcia","status":"publish","type":"post","link":"https:\/\/www.aquimicasa.net\/blog\/vivienda\/noticias-mercado-inmobiliario\/seleccion-inmobiliaria-en-murcia\/","title":{"rendered":"Selecci\u00f3n inmobiliaria en Murcia"},"content":{"rendered":"<p><img decoding=\"async\" class=\"alignnone size-full wp-image-10904\" alt=\"Murcia2\" src=\"https:\/\/www.aquimicasa.net\/blog\/wp-content\/uploads\/Murcia2.jpg\" width=\"2194\" height=\"1336\" \/><br \/>\nEl mercado inmobiliario en Murcia se debate entre dos grandes tendencias: la mediterr\u00e1nea, que impulsa al alza el n\u00famero de compraventas y el precio de la vivienda, y el que se\u00f1ala una regi\u00f3n muy marcada por la burbuja inmobiliaria y la afecci\u00f3n por la crisis. Como sucede en la mayor parte de los territorios espa\u00f1oles algunos municipios tiran con fuerza y otros se estancan, pero la media ya es positiva.<\/p>\n<p>&#8211; <a href=\"https:\/\/www.aquimicasa.net\/pisos\/murcia\/apartamento-en-la-manga-del-mar-menor-i11414\" target=\"_blank\" rel=\"noopener noreferrer\">Apartamento en La Manga (Murcia)<\/a>.\u00a0Apartamento en km 2,5, zona residencial tranquila, con dos piscinas, plaza de garaje, zona de juegos, cocina completa&#8230;<\/p>\n<p>&#8211;<a href=\"https:\/\/www.aquimicasa.net\/duplex\/murcia\/duplex-puerto-de-mazarron-i11417\" target=\"_blank\" rel=\"noopener noreferrer\"> D\u00faplex en Mazarr\u00f3n (Murcia)<\/a>.\u00a0Magnifico d\u00faplex en la mejor zona de puerto de Mazarr\u00f3n, a 400 metros del mar, en urbanizaci\u00f3n exclusiva, 2 piscinas, magnifica&#8230;<\/p>\n<p>&#8211;<a href=\"https:\/\/www.aquimicasa.net\/casas-chalets-adosados\/murcia\/vendo-duplex-i11418\" target=\"_blank\" rel=\"noopener noreferrer\"> D\u00faplex en Murcia capital.<\/a>\u00a0Vendo d\u00faplex con cocina completa ,electrodom\u00e9sticos,aire acondicionado en sal\u00f3n y dormitorio,rejas en todas las ventanas ,toldo&#8230;<\/p>\n<p>&#8211; <a href=\"https:\/\/www.aquimicasa.net\/pisos\/murcia\/piso-i11419\" target=\"_blank\" rel=\"noopener noreferrer\">Piso en Murcia capital.<\/a>\u00a0Piso 3 dormitorios 2 ba\u00f1os trastero ,garaje ,galer\u00eda,balc\u00f3n&#8230;<\/p>\n<p>&#8211; <a href=\"https:\/\/www.aquimicasa.net\/casas-chalets-adosados\/murcia\/chalet-tres-alturas-360-m2-jardines-piscina-huerta-i11421\" target=\"_blank\" rel=\"noopener noreferrer\">Adosado en Moratalla (Murcia).<\/a>\u00a0 Gran chalet, 360 m2, en moratalla, con tres alturas, jardines, pista de futbito, piscina, estanque, y una huerta de 8.000 m2&#8230;<\/p>\n<p>&#8211; <a href=\"https:\/\/www.aquimicasa.net\/casas-chalets-adosados\/murcia\/chalet-adosado-i11422\" target=\"_blank\" rel=\"noopener noreferrer\">Chalet adosado en Alguazas (Murcia)<\/a>.\u00a0Vivienda de 200m habitables,dos ba\u00f1os,cuatro dormitorios,salon de 50m,cocina amueblada en roble,porche&#8230;<\/p>\n<p>&#8211; <a href=\"https:\/\/www.aquimicasa.net\/duplex\/murcia\/adosado-en-venta-i11423\" target=\"_blank\" rel=\"noopener noreferrer\">Adosado en San Pedro del Pinatar (Murcia)<\/a>.\u00a0Totalmente amueblado, calefacci\u00f3n central, placas solares, tarima en habitaciones, jard\u00edn 70m2 en esquina con caseta de madera&#8230;<\/p>\n<p>&#8211; <a href=\"https:\/\/www.aquimicasa.net\/pisos\/murcia\/piso-nueva-cartagena-130-000--i11432\" target=\"_blank\" rel=\"noopener noreferrer\">Piso en Nueva Cartagena (Murcia)<\/a>.\u00a0Se vende piso de 90m2 en Nueva Cartagena, 4 habitaciones, cuarto de ba\u00f1o y aseo, balc\u00f3n, galer\u00eda, despensa y&#8230;<\/p>\n<p>&#8211; <a href=\"https:\/\/www.aquimicasa.net\/pisos\/murcia\/vendo-piso-i11433#formulario\" target=\"_blank\" rel=\"noopener noreferrer\">Piso en La Uni\u00f3n (Murcia).<\/a>\u00a0Cuatro habitaciones un aseo un ba\u00f1o cocina una peque\u00f1a galer\u00eda.Primera planta con ascensor trasteo y plaza de garaje&#8230;<\/p>\n<p>&#8211; <a href=\"https:\/\/www.aquimicasa.net\/pisos\/murcia\/se-vende-piso-en-murcia-ciudad-i11435#formulario\" target=\"_blank\" rel=\"noopener noreferrer\">Piso en Murcia ciudad.<\/a>\u00a0Piso de tres dormitorios y un ba\u00f1o, con cocina, lavadero y gran sal\u00f3n comedor, adem\u00e1s de balc\u00f3n. Es un piso del barrio de Vistabella, tiene&#8230;<\/p>\n<p>&#8211; <a href=\"https:\/\/www.aquimicasa.net\/duplex\/murcia\/duplex-en-los-dolores-murcia--i11437\" target=\"_blank\" rel=\"noopener noreferrer\">D\u00faplex en Los Dolores (Murcia)<\/a>.\u00a0D\u00faplex,con garaje, trastero, patio lavadero-tendedero, ba\u00f1o completo, aseo, un armario empotrado, sal\u00f3n, 4 dormitorios, aire&#8230;<\/p>\n<p>&#8211; <a href=\"https:\/\/www.aquimicasa.net\/pisos\/murcia\/barrio-san-antonio-i11441#formulario\" target=\"_blank\" rel=\"noopener noreferrer\">Piso en Molina de Segura (Murcia)<\/a>.\u00a0Se vende piso con excelentes calidades. Tarima flotante, puertas de haya vaporizada, ventanas abatibles con doble cristal, rejas en&#8230;<\/p>\n<p>&nbsp;<\/p>\n<p>&nbsp;<\/p>\n","protected":false},"excerpt":{"rendered":"<p>El mercado inmobiliario en Murcia se debate entre dos grandes [&hellip;]<\/p>\n","protected":false},"author":3,"featured_media":0,"comment_status":"open","ping_status":"open","sticky":false,"template":"","format":"standard","meta":{"_jetpack_memberships_contains_paid_content":false,"footnotes":"","jetpack_publicize_message":"","jetpack_publicize_feature_enabled":true,"jetpack_social_post_already_shared":false,"jetpack_social_options":{"image_generator_settings":{"template":"highway","default_image_id":0,"font":"","enabled":false},"version":2}},"categories":[7565],"tags":[1896,1456,1825,1895,2025,2024,2023,215,1823],"class_list":["post-10901","post","type-post","status-publish","format-standard","hentry","category-noticias-mercado-inmobiliario","tag-adosado","tag-cartagena","tag-chalet","tag-duplex","tag-la-manga","tag-la-union","tag-mazarron","tag-murcia","tag-piso"],"yoast_head":"<!-- This site is optimized with the Yoast SEO plugin v28.2 - https:\/\/yoast.com\/product\/yoast-seo-wordpress\/ -->\n<title>Selecci\u00f3n inmobiliaria en Murcia - Blog de aquimicasa.net<\/title>\n<meta name=\"description\" content=\"El mercado inmobiliario en Murcia se debate entre dos grandes tendencias\" \/>\n<meta name=\"robots\" content=\"index, follow, max-snippet:-1, max-image-preview:large, max-video-preview:-1\" \/>\n<link rel=\"canonical\" href=\"https:\/\/www.aquimicasa.net\/blog\/vivienda\/noticias-mercado-inmobiliario\/seleccion-inmobiliaria-en-murcia\/\" \/>\n<meta property=\"og:locale\" content=\"es_ES\" \/>\n<meta property=\"og:type\" content=\"article\" \/>\n<meta property=\"og:title\" content=\"Selecci\u00f3n inmobiliaria en Murcia - Blog de aquimicasa.net\" \/>\n<meta property=\"og:description\" content=\"El mercado inmobiliario en Murcia se debate entre dos grandes tendencias\" \/>\n<meta property=\"og:url\" content=\"https:\/\/www.aquimicasa.net\/blog\/vivienda\/noticias-mercado-inmobiliario\/seleccion-inmobiliaria-en-murcia\/\" \/>\n<meta property=\"og:site_name\" content=\"Blog de aquimicasa.net\" \/>\n<meta property=\"article:publisher\" content=\"https:\/\/www.facebook.com\/aquimicasa.net\" \/>\n<meta property=\"article:published_time\" content=\"2016-04-09T05:31:22+00:00\" \/>\n<meta property=\"article:modified_time\" content=\"2020-04-02T16:30:44+00:00\" \/>\n<meta property=\"og:image\" content=\"https:\/\/www.aquimicasa.net\/blog\/wp-content\/uploads\/Murcia2.jpg\" \/>\n<meta name=\"author\" content=\"Eduardo Lizarraga\" \/>\n<meta name=\"twitter:label1\" content=\"Escrito por\" \/>\n\t<meta name=\"twitter:data1\" content=\"Eduardo Lizarraga\" \/>\n\t<meta name=\"twitter:label2\" content=\"Tiempo de lectura\" \/>\n\t<meta name=\"twitter:data2\" content=\"2 minutos\" \/>\n<script type=\"application\/ld+json\" class=\"yoast-schema-graph\">{\"@context\":\"https:\\\/\\\/schema.org\",\"@graph\":[{\"@type\":\"Article\",\"@id\":\"https:\\\/\\\/www.aquimicasa.net\\\/blog\\\/vivienda\\\/noticias-mercado-inmobiliario\\\/seleccion-inmobiliaria-en-murcia\\\/#article\",\"isPartOf\":{\"@id\":\"https:\\\/\\\/www.aquimicasa.net\\\/blog\\\/vivienda\\\/noticias-mercado-inmobiliario\\\/seleccion-inmobiliaria-en-murcia\\\/\"},\"author\":{\"name\":\"Eduardo Lizarraga\",\"@id\":\"https:\\\/\\\/www.aquimicasa.net\\\/blog\\\/#\\\/schema\\\/person\\\/2cdfa2605534583395c8d7ce1d6cac14\"},\"headline\":\"Selecci\u00f3n inmobiliaria en Murcia\",\"datePublished\":\"2016-04-09T05:31:22+00:00\",\"dateModified\":\"2020-04-02T16:30:44+00:00\",\"mainEntityOfPage\":{\"@id\":\"https:\\\/\\\/www.aquimicasa.net\\\/blog\\\/vivienda\\\/noticias-mercado-inmobiliario\\\/seleccion-inmobiliaria-en-murcia\\\/\"},\"wordCount\":392,\"commentCount\":0,\"publisher\":{\"@id\":\"https:\\\/\\\/www.aquimicasa.net\\\/blog\\\/#organization\"},\"image\":{\"@id\":\"https:\\\/\\\/www.aquimicasa.net\\\/blog\\\/vivienda\\\/noticias-mercado-inmobiliario\\\/seleccion-inmobiliaria-en-murcia\\\/#primaryimage\"},\"thumbnailUrl\":\"https:\\\/\\\/www.aquimicasa.net\\\/blog\\\/wp-content\\\/uploads\\\/Murcia2.jpg\",\"keywords\":[\"adosado\",\"Cartagena\",\"chalet\",\"d\u00faplex\",\"La Manga\",\"La Uni\u00f3n\",\"Mazarr\u00f3n\",\"Murcia\",\"piso\"],\"articleSection\":[\"Noticias Mercado Inmobiliario\"],\"inLanguage\":\"es\",\"potentialAction\":[{\"@type\":\"CommentAction\",\"name\":\"Comment\",\"target\":[\"https:\\\/\\\/www.aquimicasa.net\\\/blog\\\/vivienda\\\/noticias-mercado-inmobiliario\\\/seleccion-inmobiliaria-en-murcia\\\/#respond\"]}]},{\"@type\":\"WebPage\",\"@id\":\"https:\\\/\\\/www.aquimicasa.net\\\/blog\\\/vivienda\\\/noticias-mercado-inmobiliario\\\/seleccion-inmobiliaria-en-murcia\\\/\",\"url\":\"https:\\\/\\\/www.aquimicasa.net\\\/blog\\\/vivienda\\\/noticias-mercado-inmobiliario\\\/seleccion-inmobiliaria-en-murcia\\\/\",\"name\":\"Selecci\u00f3n inmobiliaria en Murcia - Blog de aquimicasa.net\",\"isPartOf\":{\"@id\":\"https:\\\/\\\/www.aquimicasa.net\\\/blog\\\/#website\"},\"primaryImageOfPage\":{\"@id\":\"https:\\\/\\\/www.aquimicasa.net\\\/blog\\\/vivienda\\\/noticias-mercado-inmobiliario\\\/seleccion-inmobiliaria-en-murcia\\\/#primaryimage\"},\"image\":{\"@id\":\"https:\\\/\\\/www.aquimicasa.net\\\/blog\\\/vivienda\\\/noticias-mercado-inmobiliario\\\/seleccion-inmobiliaria-en-murcia\\\/#primaryimage\"},\"thumbnailUrl\":\"https:\\\/\\\/www.aquimicasa.net\\\/blog\\\/wp-content\\\/uploads\\\/Murcia2.jpg\",\"datePublished\":\"2016-04-09T05:31:22+00:00\",\"dateModified\":\"2020-04-02T16:30:44+00:00\",\"description\":\"El mercado inmobiliario en Murcia se debate entre dos grandes tendencias\",\"breadcrumb\":{\"@id\":\"https:\\\/\\\/www.aquimicasa.net\\\/blog\\\/vivienda\\\/noticias-mercado-inmobiliario\\\/seleccion-inmobiliaria-en-murcia\\\/#breadcrumb\"},\"inLanguage\":\"es\",\"potentialAction\":[{\"@type\":\"ReadAction\",\"target\":[\"https:\\\/\\\/www.aquimicasa.net\\\/blog\\\/vivienda\\\/noticias-mercado-inmobiliario\\\/seleccion-inmobiliaria-en-murcia\\\/\"]}]},{\"@type\":\"ImageObject\",\"inLanguage\":\"es\",\"@id\":\"https:\\\/\\\/www.aquimicasa.net\\\/blog\\\/vivienda\\\/noticias-mercado-inmobiliario\\\/seleccion-inmobiliaria-en-murcia\\\/#primaryimage\",\"url\":\"https:\\\/\\\/www.aquimicasa.net\\\/blog\\\/wp-content\\\/uploads\\\/Murcia2.jpg\",\"contentUrl\":\"https:\\\/\\\/www.aquimicasa.net\\\/blog\\\/wp-content\\\/uploads\\\/Murcia2.jpg\"},{\"@type\":\"BreadcrumbList\",\"@id\":\"https:\\\/\\\/www.aquimicasa.net\\\/blog\\\/vivienda\\\/noticias-mercado-inmobiliario\\\/seleccion-inmobiliaria-en-murcia\\\/#breadcrumb\",\"itemListElement\":[{\"@type\":\"ListItem\",\"position\":1,\"name\":\"Portada\",\"item\":\"https:\\\/\\\/www.aquimicasa.net\\\/blog\\\/\"},{\"@type\":\"ListItem\",\"position\":2,\"name\":\"Selecci\u00f3n inmobiliaria en Murcia\"}]},{\"@type\":\"WebSite\",\"@id\":\"https:\\\/\\\/www.aquimicasa.net\\\/blog\\\/#website\",\"url\":\"https:\\\/\\\/www.aquimicasa.net\\\/blog\\\/\",\"name\":\"Blog de aquimicasa.net\",\"description\":\"Noticias del Mundo Inmobiliario\",\"publisher\":{\"@id\":\"https:\\\/\\\/www.aquimicasa.net\\\/blog\\\/#organization\"},\"potentialAction\":[{\"@type\":\"SearchAction\",\"target\":{\"@type\":\"EntryPoint\",\"urlTemplate\":\"https:\\\/\\\/www.aquimicasa.net\\\/blog\\\/?s={search_term_string}\"},\"query-input\":{\"@type\":\"PropertyValueSpecification\",\"valueRequired\":true,\"valueName\":\"search_term_string\"}}],\"inLanguage\":\"es\"},{\"@type\":\"Organization\",\"@id\":\"https:\\\/\\\/www.aquimicasa.net\\\/blog\\\/#organization\",\"name\":\"Blog de aquimicasa.net\",\"url\":\"https:\\\/\\\/www.aquimicasa.net\\\/blog\\\/\",\"logo\":{\"@type\":\"ImageObject\",\"inLanguage\":\"es\",\"@id\":\"https:\\\/\\\/www.aquimicasa.net\\\/blog\\\/#\\\/schema\\\/logo\\\/image\\\/\",\"url\":\"https:\\\/\\\/www.aquimicasa.net\\\/blog\\\/wp-content\\\/uploads\\\/Logo-aquimicasa-1-e1528048213782.png\",\"contentUrl\":\"https:\\\/\\\/www.aquimicasa.net\\\/blog\\\/wp-content\\\/uploads\\\/Logo-aquimicasa-1-e1528048213782.png\",\"width\":225,\"height\":225,\"caption\":\"Blog de aquimicasa.net\"},\"image\":{\"@id\":\"https:\\\/\\\/www.aquimicasa.net\\\/blog\\\/#\\\/schema\\\/logo\\\/image\\\/\"},\"sameAs\":[\"https:\\\/\\\/www.facebook.com\\\/aquimicasa.net\",\"https:\\\/\\\/www.instagram.com\\\/\",\"https:\\\/\\\/x.com\\\/EduLizarragaD\",\"https:\\\/\\\/www.linkedin.com\\\/feed\\\/\"]},{\"@type\":\"Person\",\"@id\":\"https:\\\/\\\/www.aquimicasa.net\\\/blog\\\/#\\\/schema\\\/person\\\/2cdfa2605534583395c8d7ce1d6cac14\",\"name\":\"Eduardo Lizarraga\",\"image\":{\"@type\":\"ImageObject\",\"inLanguage\":\"es\",\"@id\":\"https:\\\/\\\/secure.gravatar.com\\\/avatar\\\/bdabe1eeeed97b65a9cb7de2edd624b07995f7e13abc5fead15961f745f908cc?s=96&d=mm&r=g\",\"url\":\"https:\\\/\\\/secure.gravatar.com\\\/avatar\\\/bdabe1eeeed97b65a9cb7de2edd624b07995f7e13abc5fead15961f745f908cc?s=96&d=mm&r=g\",\"contentUrl\":\"https:\\\/\\\/secure.gravatar.com\\\/avatar\\\/bdabe1eeeed97b65a9cb7de2edd624b07995f7e13abc5fead15961f745f908cc?s=96&d=mm&r=g\",\"caption\":\"Eduardo Lizarraga\"},\"description\":\"Periodista Econ\u00f3mico. Ha trabajado en diversos campos de la informaci\u00f3n. Corresponsal en conflictos, analista pol\u00edtico en Congreso y Senado, periodista del medio ambiente, editor, director editorial, director de comunicaci\u00f3n.... En estos momentos se ha especializado en el sector inmobiliario. Pero tambi\u00e9n es navegante y viajero, preocupado por la pobreza, el medio ambiente y por las actuaciones descontroladas del neoliberalismo empresarial y pol\u00edtico en todo el mundo. Los desahucios, la pobreza infantil y la falta de acceso a los suministros b\u00e1sicos son algunos de los grandes dramas de nuestra sociedad y que es preciso solucionar para hacerla m\u00e1s justa. CEO en www.aquimicasa.net\",\"sameAs\":[\"https:\\\/\\\/www.aquimicasa.net\\\/\"],\"url\":\"https:\\\/\\\/www.aquimicasa.net\\\/blog\\\/author\\\/eduardo\\\/\"}]}<\/script>\n<!-- \/ Yoast SEO plugin. -->","yoast_head_json":{"title":"Selecci\u00f3n inmobiliaria en Murcia - Blog de aquimicasa.net","description":"El mercado inmobiliario en Murcia se debate entre dos grandes tendencias","robots":{"index":"index","follow":"follow","max-snippet":"max-snippet:-1","max-image-preview":"max-image-preview:large","max-video-preview":"max-video-preview:-1"},"canonical":"https:\/\/www.aquimicasa.net\/blog\/vivienda\/noticias-mercado-inmobiliario\/seleccion-inmobiliaria-en-murcia\/","og_locale":"es_ES","og_type":"article","og_title":"Selecci\u00f3n inmobiliaria en Murcia - Blog de aquimicasa.net","og_description":"El mercado inmobiliario en Murcia se debate entre dos grandes tendencias","og_url":"https:\/\/www.aquimicasa.net\/blog\/vivienda\/noticias-mercado-inmobiliario\/seleccion-inmobiliaria-en-murcia\/","og_site_name":"Blog de aquimicasa.net","article_publisher":"https:\/\/www.facebook.com\/aquimicasa.net","article_published_time":"2016-04-09T05:31:22+00:00","article_modified_time":"2020-04-02T16:30:44+00:00","og_image":[{"url":"https:\/\/www.aquimicasa.net\/blog\/wp-content\/uploads\/Murcia2.jpg","type":"","width":"","height":""}],"author":"Eduardo Lizarraga","twitter_misc":{"Escrito por":"Eduardo Lizarraga","Tiempo de lectura":"2 minutos"},"schema":{"@context":"https:\/\/schema.org","@graph":[{"@type":"Article","@id":"https:\/\/www.aquimicasa.net\/blog\/vivienda\/noticias-mercado-inmobiliario\/seleccion-inmobiliaria-en-murcia\/#article","isPartOf":{"@id":"https:\/\/www.aquimicasa.net\/blog\/vivienda\/noticias-mercado-inmobiliario\/seleccion-inmobiliaria-en-murcia\/"},"author":{"name":"Eduardo Lizarraga","@id":"https:\/\/www.aquimicasa.net\/blog\/#\/schema\/person\/2cdfa2605534583395c8d7ce1d6cac14"},"headline":"Selecci\u00f3n inmobiliaria en Murcia","datePublished":"2016-04-09T05:31:22+00:00","dateModified":"2020-04-02T16:30:44+00:00","mainEntityOfPage":{"@id":"https:\/\/www.aquimicasa.net\/blog\/vivienda\/noticias-mercado-inmobiliario\/seleccion-inmobiliaria-en-murcia\/"},"wordCount":392,"commentCount":0,"publisher":{"@id":"https:\/\/www.aquimicasa.net\/blog\/#organization"},"image":{"@id":"https:\/\/www.aquimicasa.net\/blog\/vivienda\/noticias-mercado-inmobiliario\/seleccion-inmobiliaria-en-murcia\/#primaryimage"},"thumbnailUrl":"https:\/\/www.aquimicasa.net\/blog\/wp-content\/uploads\/Murcia2.jpg","keywords":["adosado","Cartagena","chalet","d\u00faplex","La Manga","La Uni\u00f3n","Mazarr\u00f3n","Murcia","piso"],"articleSection":["Noticias Mercado Inmobiliario"],"inLanguage":"es","potentialAction":[{"@type":"CommentAction","name":"Comment","target":["https:\/\/www.aquimicasa.net\/blog\/vivienda\/noticias-mercado-inmobiliario\/seleccion-inmobiliaria-en-murcia\/#respond"]}]},{"@type":"WebPage","@id":"https:\/\/www.aquimicasa.net\/blog\/vivienda\/noticias-mercado-inmobiliario\/seleccion-inmobiliaria-en-murcia\/","url":"https:\/\/www.aquimicasa.net\/blog\/vivienda\/noticias-mercado-inmobiliario\/seleccion-inmobiliaria-en-murcia\/","name":"Selecci\u00f3n inmobiliaria en Murcia - Blog de aquimicasa.net","isPartOf":{"@id":"https:\/\/www.aquimicasa.net\/blog\/#website"},"primaryImageOfPage":{"@id":"https:\/\/www.aquimicasa.net\/blog\/vivienda\/noticias-mercado-inmobiliario\/seleccion-inmobiliaria-en-murcia\/#primaryimage"},"image":{"@id":"https:\/\/www.aquimicasa.net\/blog\/vivienda\/noticias-mercado-inmobiliario\/seleccion-inmobiliaria-en-murcia\/#primaryimage"},"thumbnailUrl":"https:\/\/www.aquimicasa.net\/blog\/wp-content\/uploads\/Murcia2.jpg","datePublished":"2016-04-09T05:31:22+00:00","dateModified":"2020-04-02T16:30:44+00:00","description":"El mercado inmobiliario en Murcia se debate entre dos grandes tendencias","breadcrumb":{"@id":"https:\/\/www.aquimicasa.net\/blog\/vivienda\/noticias-mercado-inmobiliario\/seleccion-inmobiliaria-en-murcia\/#breadcrumb"},"inLanguage":"es","potentialAction":[{"@type":"ReadAction","target":["https:\/\/www.aquimicasa.net\/blog\/vivienda\/noticias-mercado-inmobiliario\/seleccion-inmobiliaria-en-murcia\/"]}]},{"@type":"ImageObject","inLanguage":"es","@id":"https:\/\/www.aquimicasa.net\/blog\/vivienda\/noticias-mercado-inmobiliario\/seleccion-inmobiliaria-en-murcia\/#primaryimage","url":"https:\/\/www.aquimicasa.net\/blog\/wp-content\/uploads\/Murcia2.jpg","contentUrl":"https:\/\/www.aquimicasa.net\/blog\/wp-content\/uploads\/Murcia2.jpg"},{"@type":"BreadcrumbList","@id":"https:\/\/www.aquimicasa.net\/blog\/vivienda\/noticias-mercado-inmobiliario\/seleccion-inmobiliaria-en-murcia\/#breadcrumb","itemListElement":[{"@type":"ListItem","position":1,"name":"Portada","item":"https:\/\/www.aquimicasa.net\/blog\/"},{"@type":"ListItem","position":2,"name":"Selecci\u00f3n inmobiliaria en Murcia"}]},{"@type":"WebSite","@id":"https:\/\/www.aquimicasa.net\/blog\/#website","url":"https:\/\/www.aquimicasa.net\/blog\/","name":"Blog de aquimicasa.net","description":"Noticias del Mundo Inmobiliario","publisher":{"@id":"https:\/\/www.aquimicasa.net\/blog\/#organization"},"potentialAction":[{"@type":"SearchAction","target":{"@type":"EntryPoint","urlTemplate":"https:\/\/www.aquimicasa.net\/blog\/?s={search_term_string}"},"query-input":{"@type":"PropertyValueSpecification","valueRequired":true,"valueName":"search_term_string"}}],"inLanguage":"es"},{"@type":"Organization","@id":"https:\/\/www.aquimicasa.net\/blog\/#organization","name":"Blog de aquimicasa.net","url":"https:\/\/www.aquimicasa.net\/blog\/","logo":{"@type":"ImageObject","inLanguage":"es","@id":"https:\/\/www.aquimicasa.net\/blog\/#\/schema\/logo\/image\/","url":"https:\/\/www.aquimicasa.net\/blog\/wp-content\/uploads\/Logo-aquimicasa-1-e1528048213782.png","contentUrl":"https:\/\/www.aquimicasa.net\/blog\/wp-content\/uploads\/Logo-aquimicasa-1-e1528048213782.png","width":225,"height":225,"caption":"Blog de aquimicasa.net"},"image":{"@id":"https:\/\/www.aquimicasa.net\/blog\/#\/schema\/logo\/image\/"},"sameAs":["https:\/\/www.facebook.com\/aquimicasa.net","https:\/\/www.instagram.com\/","https:\/\/x.com\/EduLizarragaD","https:\/\/www.linkedin.com\/feed\/"]},{"@type":"Person","@id":"https:\/\/www.aquimicasa.net\/blog\/#\/schema\/person\/2cdfa2605534583395c8d7ce1d6cac14","name":"Eduardo Lizarraga","image":{"@type":"ImageObject","inLanguage":"es","@id":"https:\/\/secure.gravatar.com\/avatar\/bdabe1eeeed97b65a9cb7de2edd624b07995f7e13abc5fead15961f745f908cc?s=96&d=mm&r=g","url":"https:\/\/secure.gravatar.com\/avatar\/bdabe1eeeed97b65a9cb7de2edd624b07995f7e13abc5fead15961f745f908cc?s=96&d=mm&r=g","contentUrl":"https:\/\/secure.gravatar.com\/avatar\/bdabe1eeeed97b65a9cb7de2edd624b07995f7e13abc5fead15961f745f908cc?s=96&d=mm&r=g","caption":"Eduardo Lizarraga"},"description":"Periodista Econ\u00f3mico. Ha trabajado en diversos campos de la informaci\u00f3n. Corresponsal en conflictos, analista pol\u00edtico en Congreso y Senado, periodista del medio ambiente, editor, director editorial, director de comunicaci\u00f3n.... En estos momentos se ha especializado en el sector inmobiliario. Pero tambi\u00e9n es navegante y viajero, preocupado por la pobreza, el medio ambiente y por las actuaciones descontroladas del neoliberalismo empresarial y pol\u00edtico en todo el mundo. Los desahucios, la pobreza infantil y la falta de acceso a los suministros b\u00e1sicos son algunos de los grandes dramas de nuestra sociedad y que es preciso solucionar para hacerla m\u00e1s justa. CEO en www.aquimicasa.net","sameAs":["https:\/\/www.aquimicasa.net\/"],"url":"https:\/\/www.aquimicasa.net\/blog\/author\/eduardo\/"}]}},"jetpack_publicize_connections":[],"jetpack_featured_media_url":"","jetpack_sharing_enabled":true,"jetpack_likes_enabled":true,"_links":{"self":[{"href":"https:\/\/www.aquimicasa.net\/blog\/wp-json\/wp\/v2\/posts\/10901","targetHints":{"allow":["GET"]}}],"collection":[{"href":"https:\/\/www.aquimicasa.net\/blog\/wp-json\/wp\/v2\/posts"}],"about":[{"href":"https:\/\/www.aquimicasa.net\/blog\/wp-json\/wp\/v2\/types\/post"}],"author":[{"embeddable":true,"href":"https:\/\/www.aquimicasa.net\/blog\/wp-json\/wp\/v2\/users\/3"}],"replies":[{"embeddable":true,"href":"https:\/\/www.aquimicasa.net\/blog\/wp-json\/wp\/v2\/comments?post=10901"}],"version-history":[{"count":1,"href":"https:\/\/www.aquimicasa.net\/blog\/wp-json\/wp\/v2\/posts\/10901\/revisions"}],"predecessor-version":[{"id":29543,"href":"https:\/\/www.aquimicasa.net\/blog\/wp-json\/wp\/v2\/posts\/10901\/revisions\/29543"}],"wp:attachment":[{"href":"https:\/\/www.aquimicasa.net\/blog\/wp-json\/wp\/v2\/media?parent=10901"}],"wp:term":[{"taxonomy":"category","embeddable":true,"href":"https:\/\/www.aquimicasa.net\/blog\/wp-json\/wp\/v2\/categories?post=10901"},{"taxonomy":"post_tag","embeddable":true,"href":"https:\/\/www.aquimicasa.net\/blog\/wp-json\/wp\/v2\/tags?post=10901"}],"curies":[{"name":"wp","href":"https:\/\/api.w.org\/{rel}","templated":true}]}}