{"id":10977,"date":"2016-04-16T18:00:46","date_gmt":"2016-04-16T18:00:46","guid":{"rendered":"https:\/\/www.aquimicasa.net\/blog\/?p=10977"},"modified":"2020-04-02T18:30:43","modified_gmt":"2020-04-02T16:30:43","slug":"seleccion-inmobiliaria-en-baleares-2","status":"publish","type":"post","link":"https:\/\/www.aquimicasa.net\/blog\/vivienda\/noticias-mercado-inmobiliario\/seleccion-inmobiliaria-en-baleares-2\/","title":{"rendered":"Selecci\u00f3n inmobiliaria en Baleares (1)"},"content":{"rendered":"<p><img decoding=\"async\" class=\"alignnone size-full wp-image-10978\" alt=\"Baleares8\" src=\"https:\/\/www.aquimicasa.net\/blog\/wp-content\/uploads\/Baleares8.jpg\" width=\"550\" height=\"224\" srcset=\"https:\/\/www.aquimicasa.net\/blog\/wp-content\/uploads\/Baleares8-150x61.jpg 150w, https:\/\/www.aquimicasa.net\/blog\/wp-content\/uploads\/Baleares8-300x122.jpg 300w, https:\/\/www.aquimicasa.net\/blog\/wp-content\/uploads\/Baleares8-400x163.jpg 400w, https:\/\/www.aquimicasa.net\/blog\/wp-content\/uploads\/Baleares8.jpg 550w\" sizes=\"(max-width: 550px) 100vw, 550px\" \/><\/p>\n<p>Baleares y Canarias y la costa Mediterr\u00e1nea se consolidan como las zonas con una evoluci\u00f3n positiva m\u00e1s asentada. El precio medio en ambas zonas muestra un incremento interanual del 4,3% en marzo. El ajuste acumulado del precio medio en Espa\u00f1a desde m\u00e1ximos se mantiene en el 41%.<\/p>\n<p>&#8211; <a href=\"https:\/\/www.aquimicasa.net\/casas-chalets-adosados\/islas-baleares\/chalet-unifamiliar-con-vistas-al-mar-i11561\" target=\"_blank\" rel=\"noopener noreferrer\">Unifamiliar en Llucmajor (Baleares)<\/a>.\u00a04 habitaciones dobles. Suite de m\u00e1s de 40m2 incluyendo un vestidor de 16 m2 y ba\u00f1o. 3 ba\u00f1os (uno en suite), 1 terraza en planta superior,..<\/p>\n<p>&#8211; <a href=\"https:\/\/www.aquimicasa.net\/pisos\/islas-baleares\/oportunidad-venta-excelente-piso-en-inca-i11560\" target=\"_blank\" rel=\"noopener noreferrer\">Piso en Inca (Baleares)<\/a>. Finca de solo tres vecinos,primer piso con terraza propia de 30 m2,en solar de 210 metros,180 metros construidos. 25 metros fachada,todas las&#8230;<\/p>\n<p>&#8211;<a href=\"https:\/\/www.aquimicasa.net\/casas-chalets-adosados\/islas-baleares\/chalet-i11520\" target=\"_blank\" rel=\"noopener noreferrer\"> Chalet en Calvi\u00e1 (Baleares)<\/a>. Adosado en esquina, en urbanizaci\u00f3n, costa de la calma, cerca del mar , tambi\u00e9n linda en zona verde, tipo duplex ,3 niveles, zona 1, garaje privado&#8230;<\/p>\n<p>&#8211; <a href=\"https:\/\/www.aquimicasa.net\/casas-chalets-adosados\/islas-baleares\/se-vende-casa-en-porreres-i11521\" target=\"_blank\" rel=\"noopener noreferrer\">Casa en Porreres (Baleares).<\/a> Casa planta baja , bien situada muy cerca de supermercado, parada de bus, plaza del pueblo&#8230; La casa consta de tres plantas, en la primera&#8230;<\/p>\n<p>&#8211; <a href=\"https:\/\/www.aquimicasa.net\/aticos\/islas-baleares\/atico-i11523\" target=\"_blank\" rel=\"noopener noreferrer\">\u00c1tico en Campos (Baleares).<\/a>\u00a0\u00c1tico de 90 m2 con 3 dormitorios con armarios empotrados, 2 ba\u00f1os (1 en suite), cocina, lavander\u00eda, sal\u00f3n comedor, preinstalaci\u00f3n de&#8230;<\/p>\n<p>&#8211; <a href=\"https:\/\/www.aquimicasa.net\/bloque-de-viviendas\/islas-baleares\/apartamento-en-ibiza-es-cana--i11528\" target=\"_blank\" rel=\"noopener noreferrer\">Apartamento en Ibiza (Baleares)<\/a>.\u00a0Estupendo apartamento situado en es Canar, a 20 metros del mar, en zona tranquila, con dos playas cercanas, a 80 y 200 metros cada una&#8230;<\/p>\n<p>&#8211; <a href=\"https:\/\/www.aquimicasa.net\/pisos\/islas-baleares\/vivienda-a-10-min-del-centro-y-de-la-playa-i11533\" target=\"_blank\" rel=\"noopener noreferrer\">Piso en Palma de Mallorca (Baleares).<\/a>\u00a0Vivienda de 3 habitaciones, 1 ba\u00f1o, distribuidor amplio, cocina y coladur\u00eda y sal\u00f3n luminoso. Ventanas climalit con persiana&#8230;<\/p>\n<p>&#8211;<a href=\"https:\/\/www.aquimicasa.net\/pisos\/islas-baleares\/piso-amueblado-i11538\" target=\"_blank\" rel=\"noopener noreferrer\"> Piso en Alcudia (Baleares).<\/a>\u00a0Se vende 1\u00bapiso en alcudia, en buen estado, zona calle sicilia, tiene 75m2, sal\u00f3n comedor muy luminoso. Aire acondicionado y bomba de calor, tres&#8230;<\/p>\n<p>&#8211; <a href=\"https:\/\/www.aquimicasa.net\/casas-chalets-adosados\/islas-baleares\/miquela-i11535\" target=\"_blank\" rel=\"noopener noreferrer\">Casa en Art\u00e1 (Baleares)<\/a>.\u00a0Casa c\u00e9ntrica en el pueblo de Arta , totalmente reformada , madera de teka , climalit, cocina amueblada , barbacoa , lavander\u00eda , entrada , sal\u00f3n&#8230;<\/p>\n<p>&#8211;<a href=\"https:\/\/www.aquimicasa.net\/casas-chalets-adosados\/islas-baleares\/planta-baja-en-paseo-del-ferrocarril-33-i11536\" target=\"_blank\" rel=\"noopener noreferrer\"> Casa planta baja en Manacor (Baleares)<\/a>.\u00a0Se vende casa muy bien situada en Manacor de 240 m2 en parcela de 320 m2. Dispone de dos habitaciones, un ba\u00f1o, cocina, sala,..<\/p>\n<p>&#8211; <a href=\"https:\/\/www.aquimicasa.net\/pisos\/islas-baleares\/apartamento-casco-antiguo-i11537#formulario\" target=\"_blank\" rel=\"noopener noreferrer\">Apartamento en Palma de Mallorca (Baleares).<\/a> En pleno coraz\u00f3n del casco antiguo, consta de un dormitorio cocina ba\u00f1o y sal\u00f3n comedor,posibilidad de terraza&#8230;<\/p>\n<p>&#8211; <a href=\"https:\/\/www.aquimicasa.net\/casas-chalets-adosados\/islas-baleares\/colonial-totally-reformed-villa-in-andratx-i11540\" target=\"_blank\" rel=\"noopener noreferrer\">Villa de lujo en Andratx (Baleares).<\/a>\u00a0Spacious 3 &#8211; bedroom plus 2 &#8211; room villa near to es capdella, calvia and the wondrous galatzo mountain, perfect for families or bigger group of&#8230;<\/p>\n<p>&nbsp;<\/p>\n<p>&nbsp;<\/p>\n","protected":false},"excerpt":{"rendered":"<p>Baleares y Canarias y la costa Mediterr\u00e1nea se consolidan como [&hellip;]<\/p>\n","protected":false},"author":3,"featured_media":0,"comment_status":"open","ping_status":"open","sticky":false,"template":"","format":"standard","meta":{"_jetpack_memberships_contains_paid_content":false,"footnotes":"","jetpack_publicize_message":"","jetpack_publicize_feature_enabled":true,"jetpack_social_post_already_shared":false,"jetpack_social_options":{"image_generator_settings":{"template":"highway","default_image_id":0,"font":"","enabled":false},"version":2}},"categories":[7565],"tags":[2045,2044,2041,706,2048,1832,1825,273,2047,2046,2042,1823,2043,2049],"class_list":["post-10977","post","type-post","status-publish","format-standard","hentry","category-noticias-mercado-inmobiliario","tag-alcudia","tag-apartamenti","tag-arta","tag-baleares","tag-calvia","tag-casa","tag-chalet","tag-ibiza","tag-inca","tag-llucmajor","tag-palma-de-mallorca","tag-piso","tag-planta-baja","tag-porreres"],"yoast_head":"<!-- This site is optimized with the Yoast SEO plugin v28.2 - https:\/\/yoast.com\/product\/yoast-seo-wordpress\/ -->\n<title>Selecci\u00f3n inmobiliaria en Baleares (1) - Blog de aquimicasa.net<\/title>\n<meta name=\"robots\" content=\"index, follow, max-snippet:-1, max-image-preview:large, max-video-preview:-1\" \/>\n<link rel=\"canonical\" href=\"https:\/\/www.aquimicasa.net\/blog\/vivienda\/noticias-mercado-inmobiliario\/seleccion-inmobiliaria-en-baleares-2\/\" \/>\n<meta property=\"og:locale\" content=\"es_ES\" \/>\n<meta property=\"og:type\" content=\"article\" \/>\n<meta property=\"og:title\" content=\"Selecci\u00f3n inmobiliaria en Baleares (1) - Blog de aquimicasa.net\" \/>\n<meta property=\"og:description\" content=\"Baleares y Canarias y la costa Mediterr\u00e1nea se consolidan como [&hellip;]\" \/>\n<meta property=\"og:url\" content=\"https:\/\/www.aquimicasa.net\/blog\/vivienda\/noticias-mercado-inmobiliario\/seleccion-inmobiliaria-en-baleares-2\/\" \/>\n<meta property=\"og:site_name\" content=\"Blog de aquimicasa.net\" \/>\n<meta property=\"article:publisher\" content=\"https:\/\/www.facebook.com\/aquimicasa.net\" \/>\n<meta property=\"article:published_time\" content=\"2016-04-16T18:00:46+00:00\" \/>\n<meta property=\"article:modified_time\" content=\"2020-04-02T16:30:43+00:00\" \/>\n<meta property=\"og:image\" content=\"https:\/\/www.aquimicasa.net\/blog\/wp-content\/uploads\/Baleares8.jpg\" \/>\n<meta name=\"author\" content=\"Eduardo Lizarraga\" \/>\n<meta name=\"twitter:label1\" content=\"Escrito por\" \/>\n\t<meta name=\"twitter:data1\" content=\"Eduardo Lizarraga\" \/>\n\t<meta name=\"twitter:label2\" content=\"Tiempo de lectura\" \/>\n\t<meta name=\"twitter:data2\" content=\"2 minutos\" \/>\n<script type=\"application\/ld+json\" class=\"yoast-schema-graph\">{\"@context\":\"https:\\\/\\\/schema.org\",\"@graph\":[{\"@type\":\"Article\",\"@id\":\"https:\\\/\\\/www.aquimicasa.net\\\/blog\\\/vivienda\\\/noticias-mercado-inmobiliario\\\/seleccion-inmobiliaria-en-baleares-2\\\/#article\",\"isPartOf\":{\"@id\":\"https:\\\/\\\/www.aquimicasa.net\\\/blog\\\/vivienda\\\/noticias-mercado-inmobiliario\\\/seleccion-inmobiliaria-en-baleares-2\\\/\"},\"author\":{\"name\":\"Eduardo Lizarraga\",\"@id\":\"https:\\\/\\\/www.aquimicasa.net\\\/blog\\\/#\\\/schema\\\/person\\\/2cdfa2605534583395c8d7ce1d6cac14\"},\"headline\":\"Selecci\u00f3n inmobiliaria en Baleares (1)\",\"datePublished\":\"2016-04-16T18:00:46+00:00\",\"dateModified\":\"2020-04-02T16:30:43+00:00\",\"mainEntityOfPage\":{\"@id\":\"https:\\\/\\\/www.aquimicasa.net\\\/blog\\\/vivienda\\\/noticias-mercado-inmobiliario\\\/seleccion-inmobiliaria-en-baleares-2\\\/\"},\"wordCount\":398,\"commentCount\":0,\"publisher\":{\"@id\":\"https:\\\/\\\/www.aquimicasa.net\\\/blog\\\/#organization\"},\"image\":{\"@id\":\"https:\\\/\\\/www.aquimicasa.net\\\/blog\\\/vivienda\\\/noticias-mercado-inmobiliario\\\/seleccion-inmobiliaria-en-baleares-2\\\/#primaryimage\"},\"thumbnailUrl\":\"https:\\\/\\\/www.aquimicasa.net\\\/blog\\\/wp-content\\\/uploads\\\/Baleares8.jpg\",\"keywords\":[\"Alcudia\",\"apartamenti\",\"Art\u00e1\",\"Baleares\",\"Calvi\u00e1\",\"casa\",\"chalet\",\"Ibiza\",\"Inca\",\"Llucmajor\",\"Palma de Mallorca\",\"piso\",\"planta baja\",\"Porreres\"],\"articleSection\":[\"Noticias Mercado Inmobiliario\"],\"inLanguage\":\"es\",\"potentialAction\":[{\"@type\":\"CommentAction\",\"name\":\"Comment\",\"target\":[\"https:\\\/\\\/www.aquimicasa.net\\\/blog\\\/vivienda\\\/noticias-mercado-inmobiliario\\\/seleccion-inmobiliaria-en-baleares-2\\\/#respond\"]}]},{\"@type\":\"WebPage\",\"@id\":\"https:\\\/\\\/www.aquimicasa.net\\\/blog\\\/vivienda\\\/noticias-mercado-inmobiliario\\\/seleccion-inmobiliaria-en-baleares-2\\\/\",\"url\":\"https:\\\/\\\/www.aquimicasa.net\\\/blog\\\/vivienda\\\/noticias-mercado-inmobiliario\\\/seleccion-inmobiliaria-en-baleares-2\\\/\",\"name\":\"Selecci\u00f3n inmobiliaria en Baleares (1) - Blog de aquimicasa.net\",\"isPartOf\":{\"@id\":\"https:\\\/\\\/www.aquimicasa.net\\\/blog\\\/#website\"},\"primaryImageOfPage\":{\"@id\":\"https:\\\/\\\/www.aquimicasa.net\\\/blog\\\/vivienda\\\/noticias-mercado-inmobiliario\\\/seleccion-inmobiliaria-en-baleares-2\\\/#primaryimage\"},\"image\":{\"@id\":\"https:\\\/\\\/www.aquimicasa.net\\\/blog\\\/vivienda\\\/noticias-mercado-inmobiliario\\\/seleccion-inmobiliaria-en-baleares-2\\\/#primaryimage\"},\"thumbnailUrl\":\"https:\\\/\\\/www.aquimicasa.net\\\/blog\\\/wp-content\\\/uploads\\\/Baleares8.jpg\",\"datePublished\":\"2016-04-16T18:00:46+00:00\",\"dateModified\":\"2020-04-02T16:30:43+00:00\",\"breadcrumb\":{\"@id\":\"https:\\\/\\\/www.aquimicasa.net\\\/blog\\\/vivienda\\\/noticias-mercado-inmobiliario\\\/seleccion-inmobiliaria-en-baleares-2\\\/#breadcrumb\"},\"inLanguage\":\"es\",\"potentialAction\":[{\"@type\":\"ReadAction\",\"target\":[\"https:\\\/\\\/www.aquimicasa.net\\\/blog\\\/vivienda\\\/noticias-mercado-inmobiliario\\\/seleccion-inmobiliaria-en-baleares-2\\\/\"]}]},{\"@type\":\"ImageObject\",\"inLanguage\":\"es\",\"@id\":\"https:\\\/\\\/www.aquimicasa.net\\\/blog\\\/vivienda\\\/noticias-mercado-inmobiliario\\\/seleccion-inmobiliaria-en-baleares-2\\\/#primaryimage\",\"url\":\"https:\\\/\\\/www.aquimicasa.net\\\/blog\\\/wp-content\\\/uploads\\\/Baleares8.jpg\",\"contentUrl\":\"https:\\\/\\\/www.aquimicasa.net\\\/blog\\\/wp-content\\\/uploads\\\/Baleares8.jpg\",\"width\":550,\"height\":224},{\"@type\":\"BreadcrumbList\",\"@id\":\"https:\\\/\\\/www.aquimicasa.net\\\/blog\\\/vivienda\\\/noticias-mercado-inmobiliario\\\/seleccion-inmobiliaria-en-baleares-2\\\/#breadcrumb\",\"itemListElement\":[{\"@type\":\"ListItem\",\"position\":1,\"name\":\"Portada\",\"item\":\"https:\\\/\\\/www.aquimicasa.net\\\/blog\\\/\"},{\"@type\":\"ListItem\",\"position\":2,\"name\":\"Selecci\u00f3n inmobiliaria en Baleares (1)\"}]},{\"@type\":\"WebSite\",\"@id\":\"https:\\\/\\\/www.aquimicasa.net\\\/blog\\\/#website\",\"url\":\"https:\\\/\\\/www.aquimicasa.net\\\/blog\\\/\",\"name\":\"Blog de aquimicasa.net\",\"description\":\"Noticias del Mundo Inmobiliario\",\"publisher\":{\"@id\":\"https:\\\/\\\/www.aquimicasa.net\\\/blog\\\/#organization\"},\"potentialAction\":[{\"@type\":\"SearchAction\",\"target\":{\"@type\":\"EntryPoint\",\"urlTemplate\":\"https:\\\/\\\/www.aquimicasa.net\\\/blog\\\/?s={search_term_string}\"},\"query-input\":{\"@type\":\"PropertyValueSpecification\",\"valueRequired\":true,\"valueName\":\"search_term_string\"}}],\"inLanguage\":\"es\"},{\"@type\":\"Organization\",\"@id\":\"https:\\\/\\\/www.aquimicasa.net\\\/blog\\\/#organization\",\"name\":\"Blog de aquimicasa.net\",\"url\":\"https:\\\/\\\/www.aquimicasa.net\\\/blog\\\/\",\"logo\":{\"@type\":\"ImageObject\",\"inLanguage\":\"es\",\"@id\":\"https:\\\/\\\/www.aquimicasa.net\\\/blog\\\/#\\\/schema\\\/logo\\\/image\\\/\",\"url\":\"https:\\\/\\\/www.aquimicasa.net\\\/blog\\\/wp-content\\\/uploads\\\/Logo-aquimicasa-1-e1528048213782.png\",\"contentUrl\":\"https:\\\/\\\/www.aquimicasa.net\\\/blog\\\/wp-content\\\/uploads\\\/Logo-aquimicasa-1-e1528048213782.png\",\"width\":225,\"height\":225,\"caption\":\"Blog de aquimicasa.net\"},\"image\":{\"@id\":\"https:\\\/\\\/www.aquimicasa.net\\\/blog\\\/#\\\/schema\\\/logo\\\/image\\\/\"},\"sameAs\":[\"https:\\\/\\\/www.facebook.com\\\/aquimicasa.net\",\"https:\\\/\\\/www.instagram.com\\\/\",\"https:\\\/\\\/x.com\\\/EduLizarragaD\",\"https:\\\/\\\/www.linkedin.com\\\/feed\\\/\"]},{\"@type\":\"Person\",\"@id\":\"https:\\\/\\\/www.aquimicasa.net\\\/blog\\\/#\\\/schema\\\/person\\\/2cdfa2605534583395c8d7ce1d6cac14\",\"name\":\"Eduardo Lizarraga\",\"image\":{\"@type\":\"ImageObject\",\"inLanguage\":\"es\",\"@id\":\"https:\\\/\\\/secure.gravatar.com\\\/avatar\\\/bdabe1eeeed97b65a9cb7de2edd624b07995f7e13abc5fead15961f745f908cc?s=96&d=mm&r=g\",\"url\":\"https:\\\/\\\/secure.gravatar.com\\\/avatar\\\/bdabe1eeeed97b65a9cb7de2edd624b07995f7e13abc5fead15961f745f908cc?s=96&d=mm&r=g\",\"contentUrl\":\"https:\\\/\\\/secure.gravatar.com\\\/avatar\\\/bdabe1eeeed97b65a9cb7de2edd624b07995f7e13abc5fead15961f745f908cc?s=96&d=mm&r=g\",\"caption\":\"Eduardo Lizarraga\"},\"description\":\"Periodista Econ\u00f3mico. Ha trabajado en diversos campos de la informaci\u00f3n. Corresponsal en conflictos, analista pol\u00edtico en Congreso y Senado, periodista del medio ambiente, editor, director editorial, director de comunicaci\u00f3n.... En estos momentos se ha especializado en el sector inmobiliario. Pero tambi\u00e9n es navegante y viajero, preocupado por la pobreza, el medio ambiente y por las actuaciones descontroladas del neoliberalismo empresarial y pol\u00edtico en todo el mundo. Los desahucios, la pobreza infantil y la falta de acceso a los suministros b\u00e1sicos son algunos de los grandes dramas de nuestra sociedad y que es preciso solucionar para hacerla m\u00e1s justa. CEO en www.aquimicasa.net\",\"sameAs\":[\"https:\\\/\\\/www.aquimicasa.net\\\/\"],\"url\":\"https:\\\/\\\/www.aquimicasa.net\\\/blog\\\/author\\\/eduardo\\\/\"}]}<\/script>\n<!-- \/ Yoast SEO plugin. -->","yoast_head_json":{"title":"Selecci\u00f3n inmobiliaria en Baleares (1) - Blog de aquimicasa.net","robots":{"index":"index","follow":"follow","max-snippet":"max-snippet:-1","max-image-preview":"max-image-preview:large","max-video-preview":"max-video-preview:-1"},"canonical":"https:\/\/www.aquimicasa.net\/blog\/vivienda\/noticias-mercado-inmobiliario\/seleccion-inmobiliaria-en-baleares-2\/","og_locale":"es_ES","og_type":"article","og_title":"Selecci\u00f3n inmobiliaria en Baleares (1) - Blog de aquimicasa.net","og_description":"Baleares y Canarias y la costa Mediterr\u00e1nea se consolidan como [&hellip;]","og_url":"https:\/\/www.aquimicasa.net\/blog\/vivienda\/noticias-mercado-inmobiliario\/seleccion-inmobiliaria-en-baleares-2\/","og_site_name":"Blog de aquimicasa.net","article_publisher":"https:\/\/www.facebook.com\/aquimicasa.net","article_published_time":"2016-04-16T18:00:46+00:00","article_modified_time":"2020-04-02T16:30:43+00:00","og_image":[{"url":"https:\/\/www.aquimicasa.net\/blog\/wp-content\/uploads\/Baleares8.jpg","type":"","width":"","height":""}],"author":"Eduardo Lizarraga","twitter_misc":{"Escrito por":"Eduardo Lizarraga","Tiempo de lectura":"2 minutos"},"schema":{"@context":"https:\/\/schema.org","@graph":[{"@type":"Article","@id":"https:\/\/www.aquimicasa.net\/blog\/vivienda\/noticias-mercado-inmobiliario\/seleccion-inmobiliaria-en-baleares-2\/#article","isPartOf":{"@id":"https:\/\/www.aquimicasa.net\/blog\/vivienda\/noticias-mercado-inmobiliario\/seleccion-inmobiliaria-en-baleares-2\/"},"author":{"name":"Eduardo Lizarraga","@id":"https:\/\/www.aquimicasa.net\/blog\/#\/schema\/person\/2cdfa2605534583395c8d7ce1d6cac14"},"headline":"Selecci\u00f3n inmobiliaria en Baleares (1)","datePublished":"2016-04-16T18:00:46+00:00","dateModified":"2020-04-02T16:30:43+00:00","mainEntityOfPage":{"@id":"https:\/\/www.aquimicasa.net\/blog\/vivienda\/noticias-mercado-inmobiliario\/seleccion-inmobiliaria-en-baleares-2\/"},"wordCount":398,"commentCount":0,"publisher":{"@id":"https:\/\/www.aquimicasa.net\/blog\/#organization"},"image":{"@id":"https:\/\/www.aquimicasa.net\/blog\/vivienda\/noticias-mercado-inmobiliario\/seleccion-inmobiliaria-en-baleares-2\/#primaryimage"},"thumbnailUrl":"https:\/\/www.aquimicasa.net\/blog\/wp-content\/uploads\/Baleares8.jpg","keywords":["Alcudia","apartamenti","Art\u00e1","Baleares","Calvi\u00e1","casa","chalet","Ibiza","Inca","Llucmajor","Palma de Mallorca","piso","planta baja","Porreres"],"articleSection":["Noticias Mercado Inmobiliario"],"inLanguage":"es","potentialAction":[{"@type":"CommentAction","name":"Comment","target":["https:\/\/www.aquimicasa.net\/blog\/vivienda\/noticias-mercado-inmobiliario\/seleccion-inmobiliaria-en-baleares-2\/#respond"]}]},{"@type":"WebPage","@id":"https:\/\/www.aquimicasa.net\/blog\/vivienda\/noticias-mercado-inmobiliario\/seleccion-inmobiliaria-en-baleares-2\/","url":"https:\/\/www.aquimicasa.net\/blog\/vivienda\/noticias-mercado-inmobiliario\/seleccion-inmobiliaria-en-baleares-2\/","name":"Selecci\u00f3n inmobiliaria en Baleares (1) - Blog de aquimicasa.net","isPartOf":{"@id":"https:\/\/www.aquimicasa.net\/blog\/#website"},"primaryImageOfPage":{"@id":"https:\/\/www.aquimicasa.net\/blog\/vivienda\/noticias-mercado-inmobiliario\/seleccion-inmobiliaria-en-baleares-2\/#primaryimage"},"image":{"@id":"https:\/\/www.aquimicasa.net\/blog\/vivienda\/noticias-mercado-inmobiliario\/seleccion-inmobiliaria-en-baleares-2\/#primaryimage"},"thumbnailUrl":"https:\/\/www.aquimicasa.net\/blog\/wp-content\/uploads\/Baleares8.jpg","datePublished":"2016-04-16T18:00:46+00:00","dateModified":"2020-04-02T16:30:43+00:00","breadcrumb":{"@id":"https:\/\/www.aquimicasa.net\/blog\/vivienda\/noticias-mercado-inmobiliario\/seleccion-inmobiliaria-en-baleares-2\/#breadcrumb"},"inLanguage":"es","potentialAction":[{"@type":"ReadAction","target":["https:\/\/www.aquimicasa.net\/blog\/vivienda\/noticias-mercado-inmobiliario\/seleccion-inmobiliaria-en-baleares-2\/"]}]},{"@type":"ImageObject","inLanguage":"es","@id":"https:\/\/www.aquimicasa.net\/blog\/vivienda\/noticias-mercado-inmobiliario\/seleccion-inmobiliaria-en-baleares-2\/#primaryimage","url":"https:\/\/www.aquimicasa.net\/blog\/wp-content\/uploads\/Baleares8.jpg","contentUrl":"https:\/\/www.aquimicasa.net\/blog\/wp-content\/uploads\/Baleares8.jpg","width":550,"height":224},{"@type":"BreadcrumbList","@id":"https:\/\/www.aquimicasa.net\/blog\/vivienda\/noticias-mercado-inmobiliario\/seleccion-inmobiliaria-en-baleares-2\/#breadcrumb","itemListElement":[{"@type":"ListItem","position":1,"name":"Portada","item":"https:\/\/www.aquimicasa.net\/blog\/"},{"@type":"ListItem","position":2,"name":"Selecci\u00f3n inmobiliaria en Baleares (1)"}]},{"@type":"WebSite","@id":"https:\/\/www.aquimicasa.net\/blog\/#website","url":"https:\/\/www.aquimicasa.net\/blog\/","name":"Blog de aquimicasa.net","description":"Noticias del Mundo Inmobiliario","publisher":{"@id":"https:\/\/www.aquimicasa.net\/blog\/#organization"},"potentialAction":[{"@type":"SearchAction","target":{"@type":"EntryPoint","urlTemplate":"https:\/\/www.aquimicasa.net\/blog\/?s={search_term_string}"},"query-input":{"@type":"PropertyValueSpecification","valueRequired":true,"valueName":"search_term_string"}}],"inLanguage":"es"},{"@type":"Organization","@id":"https:\/\/www.aquimicasa.net\/blog\/#organization","name":"Blog de aquimicasa.net","url":"https:\/\/www.aquimicasa.net\/blog\/","logo":{"@type":"ImageObject","inLanguage":"es","@id":"https:\/\/www.aquimicasa.net\/blog\/#\/schema\/logo\/image\/","url":"https:\/\/www.aquimicasa.net\/blog\/wp-content\/uploads\/Logo-aquimicasa-1-e1528048213782.png","contentUrl":"https:\/\/www.aquimicasa.net\/blog\/wp-content\/uploads\/Logo-aquimicasa-1-e1528048213782.png","width":225,"height":225,"caption":"Blog de aquimicasa.net"},"image":{"@id":"https:\/\/www.aquimicasa.net\/blog\/#\/schema\/logo\/image\/"},"sameAs":["https:\/\/www.facebook.com\/aquimicasa.net","https:\/\/www.instagram.com\/","https:\/\/x.com\/EduLizarragaD","https:\/\/www.linkedin.com\/feed\/"]},{"@type":"Person","@id":"https:\/\/www.aquimicasa.net\/blog\/#\/schema\/person\/2cdfa2605534583395c8d7ce1d6cac14","name":"Eduardo Lizarraga","image":{"@type":"ImageObject","inLanguage":"es","@id":"https:\/\/secure.gravatar.com\/avatar\/bdabe1eeeed97b65a9cb7de2edd624b07995f7e13abc5fead15961f745f908cc?s=96&d=mm&r=g","url":"https:\/\/secure.gravatar.com\/avatar\/bdabe1eeeed97b65a9cb7de2edd624b07995f7e13abc5fead15961f745f908cc?s=96&d=mm&r=g","contentUrl":"https:\/\/secure.gravatar.com\/avatar\/bdabe1eeeed97b65a9cb7de2edd624b07995f7e13abc5fead15961f745f908cc?s=96&d=mm&r=g","caption":"Eduardo Lizarraga"},"description":"Periodista Econ\u00f3mico. Ha trabajado en diversos campos de la informaci\u00f3n. Corresponsal en conflictos, analista pol\u00edtico en Congreso y Senado, periodista del medio ambiente, editor, director editorial, director de comunicaci\u00f3n.... En estos momentos se ha especializado en el sector inmobiliario. Pero tambi\u00e9n es navegante y viajero, preocupado por la pobreza, el medio ambiente y por las actuaciones descontroladas del neoliberalismo empresarial y pol\u00edtico en todo el mundo. Los desahucios, la pobreza infantil y la falta de acceso a los suministros b\u00e1sicos son algunos de los grandes dramas de nuestra sociedad y que es preciso solucionar para hacerla m\u00e1s justa. CEO en www.aquimicasa.net","sameAs":["https:\/\/www.aquimicasa.net\/"],"url":"https:\/\/www.aquimicasa.net\/blog\/author\/eduardo\/"}]}},"jetpack_publicize_connections":[],"jetpack_featured_media_url":"","jetpack_sharing_enabled":true,"jetpack_likes_enabled":true,"_links":{"self":[{"href":"https:\/\/www.aquimicasa.net\/blog\/wp-json\/wp\/v2\/posts\/10977","targetHints":{"allow":["GET"]}}],"collection":[{"href":"https:\/\/www.aquimicasa.net\/blog\/wp-json\/wp\/v2\/posts"}],"about":[{"href":"https:\/\/www.aquimicasa.net\/blog\/wp-json\/wp\/v2\/types\/post"}],"author":[{"embeddable":true,"href":"https:\/\/www.aquimicasa.net\/blog\/wp-json\/wp\/v2\/users\/3"}],"replies":[{"embeddable":true,"href":"https:\/\/www.aquimicasa.net\/blog\/wp-json\/wp\/v2\/comments?post=10977"}],"version-history":[{"count":1,"href":"https:\/\/www.aquimicasa.net\/blog\/wp-json\/wp\/v2\/posts\/10977\/revisions"}],"predecessor-version":[{"id":29535,"href":"https:\/\/www.aquimicasa.net\/blog\/wp-json\/wp\/v2\/posts\/10977\/revisions\/29535"}],"wp:attachment":[{"href":"https:\/\/www.aquimicasa.net\/blog\/wp-json\/wp\/v2\/media?parent=10977"}],"wp:term":[{"taxonomy":"category","embeddable":true,"href":"https:\/\/www.aquimicasa.net\/blog\/wp-json\/wp\/v2\/categories?post=10977"},{"taxonomy":"post_tag","embeddable":true,"href":"https:\/\/www.aquimicasa.net\/blog\/wp-json\/wp\/v2\/tags?post=10977"}],"curies":[{"name":"wp","href":"https:\/\/api.w.org\/{rel}","templated":true}]}}