{"id":12282,"date":"2016-09-11T08:08:08","date_gmt":"2016-09-11T08:08:08","guid":{"rendered":"https:\/\/www.aquimicasa.net\/blog\/?p=12282"},"modified":"2020-04-02T18:30:30","modified_gmt":"2020-04-02T16:30:30","slug":"seleccion-inmobiliaria-en-pontevedra-2","status":"publish","type":"post","link":"https:\/\/www.aquimicasa.net\/blog\/vivienda\/noticias-mercado-inmobiliario\/seleccion-inmobiliaria-en-pontevedra-2\/","title":{"rendered":"Selecci\u00f3n inmobiliaria en Pontevedra"},"content":{"rendered":"<p><img decoding=\"async\" class=\"alignnone size-medium wp-image-12283\" alt=\"pontevedra2\" src=\"https:\/\/www.aquimicasa.net\/blog\/wp-content\/uploads\/pontevedra2-300x165.jpg\" width=\"300\" height=\"165\" srcset=\"https:\/\/www.aquimicasa.net\/blog\/wp-content\/uploads\/pontevedra2-150x83.jpg 150w, https:\/\/www.aquimicasa.net\/blog\/wp-content\/uploads\/pontevedra2-300x165.jpg 300w, https:\/\/www.aquimicasa.net\/blog\/wp-content\/uploads\/pontevedra2-318x175.jpg 318w, https:\/\/www.aquimicasa.net\/blog\/wp-content\/uploads\/pontevedra2-768x423.jpg 768w, https:\/\/www.aquimicasa.net\/blog\/wp-content\/uploads\/pontevedra2-1024x564.jpg 1024w, https:\/\/www.aquimicasa.net\/blog\/wp-content\/uploads\/pontevedra2.jpg 1200w\" sizes=\"(max-width: 300px) 100vw, 300px\" \/><\/p>\n<p>El descenso del precio medio en Espa\u00f1a desde m\u00e1ximos de 2007<strong> alcanz\u00f3 en agosto un 42,1%<\/strong>. Por debajo de la media espa\u00f1ola se encuentran \u201cBaleares y Canarias\u201d, con una ca\u00edda acumulada del 30,7%, y \u201cResto de municipios\u201d, con un 38,1%. Las \u201c\u00c1reas metropolitanas\u201d relevan a la \u201cCosta mediterr\u00e1nea\u201d como la zona que ha sufrido<strong> un mayor ajuste durante la crisis<\/strong>, con un 46,5% de ca\u00edda, frente al 46% del litoral mediterr\u00e1neo. El descenso desde 2007 en el conjunto de las \u201cCapitales y grandes ciudades\u201d es del 45,4%. La provincia de Pontevedra registra <strong>subidas en algunos municipios costeros<\/strong> y tur\u00edsticos de prestigio y el resto, incluida la capital, sigue registrando bajadas aunque con tendencia creciente a la estabilizaci\u00f3n.<\/p>\n<p>&#8211; <a href=\"https:\/\/www.aquimicasa.net\/pisos\/pontevedra\/vendo-actico-nuevo-en-vigo-i12745\" target=\"_blank\" rel=\"noopener noreferrer\">\u00c1tico nuevo en Vigo (Pontevedra)<\/a>. 3 habitaciones amplias 14m 2 y la 3\u00ba 10, 2 ba\u00f1os, garaje grande, doble trastero, despensa, las mejores calidades, fachada granito, preciosas&#8230;<\/p>\n<p>&#8211;<a href=\"https:\/\/www.aquimicasa.net\/pisos\/pontevedra\/vendo-piso-con-vistas-en-sanxenxo-i12569\" target=\"_blank\" rel=\"noopener noreferrer\"> Piso en Sanxenxo (Pontevedra)<\/a>. Vendo piso de 90 metros, con 2 habitaciones con armarios empotrados, dos ba\u00f1os completos,uno en la habitaci\u00f3n principal, tiene sal\u00f3n, cocina con&#8230;<\/p>\n<p>&#8211; <a href=\"https:\/\/www.aquimicasa.net\/pisos\/pontevedra\/se-vende-piso-en-aldan-linea-de-playa-i12560\" target=\"_blank\" rel=\"noopener noreferrer\">Piso en Cangas de Morrazo (Pontevedra)<\/a>.\u00a0Se vende piso en muy buena zona a 200 escasos metros de la playa, en buenas condiciones muy luminoso y todo&#8230;<\/p>\n<p>&#8211; <a href=\"https:\/\/www.aquimicasa.net\/casas-chalets-adosados\/pontevedra\/venta-casa-chalet-baiona-i12480\" target=\"_blank\" rel=\"noopener noreferrer\">Chalet en Baiona (Pontevedra)<\/a>.\u00a0Casa de dos plantas de unos 300m., Con 25 a\u00f1os de antig\u00fcedad en buen estado, 2 salones, 2 cocinas, 3 ba\u00f1os y 6 habitaciones con&#8230;<\/p>\n<p>&#8211; <a href=\"https:\/\/www.aquimicasa.net\/pisos\/pontevedra\/apartamento-en-playa-de-areas-vistas-al-mar-2-terrazas-piscina-i12474\" target=\"_blank\" rel=\"noopener noreferrer\">Vendo o alquilo apartamento en Sanxenxo (Pontevedra)<\/a>.\u00a0Apartamento de 106 m2 con plaza de aparcamiento, totalmente exterior con tres fachadas (sur, este y oeste), vistas a la playa de&#8230;<\/p>\n<p>&#8211; <a href=\"https:\/\/www.aquimicasa.net\/pisos\/pontevedra\/piso-proximo-a-playa-rodeira-i12537\" target=\"_blank\" rel=\"noopener noreferrer\">Piso en Cangas de Morrazo (Pontevedra)<\/a>. En perfecto estado,4 armarios empotrados,cocina equipada con terraza anexa de tendal, 2 ba\u00f1os completos uno de&#8230;<\/p>\n<p>&#8211; <a href=\"https:\/\/www.aquimicasa.net\/casas-chalets-adosados\/pontevedra\/casa-chalet-i12472\" target=\"_blank\" rel=\"noopener noreferrer\">Chalet en Vigo (Pontevedra)<\/a>.\u00a0Casa-chalet compuesta de planta baja y entresuelo con una superficie de 110 m2 por planta y que contiene cinco habitaciones,dos ba\u00f1os&#8230;<\/p>\n<p>&#8211; <a href=\"https:\/\/www.aquimicasa.net\/casas-chalets-adosados\/pontevedra\/casa-rural-en-nodar-arca-48-a-estrada-i12460#formulario\" target=\"_blank\" rel=\"noopener noreferrer\">Casa rural en Estrada (Pontevedra<\/a>).\u00a0Situada a orillas del rio Umia en un entorno de bosques de robles y prados en la carretera de Arca a Codeseda. Casa solariega en piedra del pa\u00eds&#8230;<\/p>\n<p>&#8211; <a href=\"https:\/\/www.aquimicasa.net\/casas-chalets-adosados\/pontevedra\/casa-con-vistas-al-mar-i12415\" target=\"_blank\" rel=\"noopener noreferrer\">Casa en Nigr\u00e1n (Pontevedra)<\/a>. De 3 dormitorios con dos ba\u00f1os completos uno con ba\u00f1era y otro con plato de ducha, sal\u00f3n con chimenea, calefacci\u00f3n, garaje, jard\u00cdn con barbacoa y&#8230;<\/p>\n<p>&#8211; <a href=\"https:\/\/www.aquimicasa.net\/casas-chalets-adosados\/pontevedra\/venta-de-inmueble-i12408\" target=\"_blank\" rel=\"noopener noreferrer\">Vivienda en Redondela (Pontevedra)<\/a>. De 281 mtrs. construidos, con una zona de aparcamiento de unos 400 mtrs. Antiguo negocio de pub por lo que dispone de una amplia&#8230;<\/p>\n<p>&#8211; <a href=\"https:\/\/www.aquimicasa.net\/pisos\/pontevedra\/piso-frente-al-mar-torres-sotavento-i12400\" target=\"_blank\" rel=\"noopener noreferrer\">Alquilo piso en Vigo (Pontevedra)<\/a>.\u00a0Sin muebles. Superf. 75 m\u00b2, 2 dormitorios , 1 ba\u00f1o, armarios, exterior, puerta blindada, portero autom\u00e1tico, vidrios dobles, cocina&#8230;<\/p>\n<p>&#8211; <a href=\"https:\/\/www.aquimicasa.net\/casas-chalets-adosados\/pontevedra\/adosado-en-urbanizacion-puente-romano-i12383#formulario\" target=\"_blank\" rel=\"noopener noreferrer\">Adosado en Baiona (Pontevedra)<\/a>.\u00a0Chalet adosado en urbanizaci\u00f3n puente romano. En perfecto estado, con calefacci\u00f3n y agua caliente por gas, patio en la parte trasera y garaje con&#8230;<\/p>\n","protected":false},"excerpt":{"rendered":"<p>El descenso del precio medio en Espa\u00f1a desde m\u00e1ximos de [&hellip;]<\/p>\n","protected":false},"author":3,"featured_media":0,"comment_status":"open","ping_status":"open","sticky":false,"template":"","format":"standard","meta":{"_jetpack_memberships_contains_paid_content":false,"footnotes":"","jetpack_publicize_message":"","jetpack_publicize_feature_enabled":true,"jetpack_social_post_already_shared":false,"jetpack_social_options":{"image_generator_settings":{"template":"highway","default_image_id":0,"font":"","enabled":false},"version":2}},"categories":[7565],"tags":[1896,1824,1888,2395,1832,2397,2396,1823,1866,2394,2242,2243],"class_list":["post-12282","post","type-post","status-publish","format-standard","hentry","category-noticias-mercado-inmobiliario","tag-adosado","tag-apartamento","tag-baiona","tag-cangas-de-morrazo","tag-casa","tag-casa-rural","tag-estrada","tag-piso","tag-pontevedra","tag-sanxenxo","tag-unifamiliar","tag-vigo"],"yoast_head":"<!-- This site is optimized with the Yoast SEO plugin v28.2 - https:\/\/yoast.com\/product\/yoast-seo-wordpress\/ -->\n<title>Selecci\u00f3n inmobiliaria en Pontevedra - Blog de aquimicasa.net<\/title>\n<meta name=\"description\" content=\"La provincia de Pontevedra registra subidas en algunos municipios costeros y tur\u00edsticos de prestigio y el resto sigue registrando bajadas.\" \/>\n<meta name=\"robots\" content=\"index, follow, max-snippet:-1, max-image-preview:large, max-video-preview:-1\" \/>\n<link rel=\"canonical\" href=\"https:\/\/www.aquimicasa.net\/blog\/vivienda\/noticias-mercado-inmobiliario\/seleccion-inmobiliaria-en-pontevedra-2\/\" \/>\n<meta property=\"og:locale\" content=\"es_ES\" \/>\n<meta property=\"og:type\" content=\"article\" \/>\n<meta property=\"og:title\" content=\"Selecci\u00f3n inmobiliaria en Pontevedra - Blog de aquimicasa.net\" \/>\n<meta property=\"og:description\" content=\"La provincia de Pontevedra registra subidas en algunos municipios costeros y tur\u00edsticos de prestigio y el resto sigue registrando bajadas.\" \/>\n<meta property=\"og:url\" content=\"https:\/\/www.aquimicasa.net\/blog\/vivienda\/noticias-mercado-inmobiliario\/seleccion-inmobiliaria-en-pontevedra-2\/\" \/>\n<meta property=\"og:site_name\" content=\"Blog de aquimicasa.net\" \/>\n<meta property=\"article:publisher\" content=\"https:\/\/www.facebook.com\/aquimicasa.net\" \/>\n<meta property=\"article:published_time\" content=\"2016-09-11T08:08:08+00:00\" \/>\n<meta property=\"article:modified_time\" content=\"2020-04-02T16:30:30+00:00\" \/>\n<meta property=\"og:image\" content=\"https:\/\/www.aquimicasa.net\/blog\/wp-content\/uploads\/pontevedra2-300x165.jpg\" \/>\n<meta name=\"author\" content=\"Eduardo Lizarraga\" \/>\n<meta name=\"twitter:label1\" content=\"Escrito por\" \/>\n\t<meta name=\"twitter:data1\" content=\"Eduardo Lizarraga\" \/>\n\t<meta name=\"twitter:label2\" content=\"Tiempo de lectura\" \/>\n\t<meta name=\"twitter:data2\" content=\"2 minutos\" \/>\n<script type=\"application\/ld+json\" class=\"yoast-schema-graph\">{\"@context\":\"https:\\\/\\\/schema.org\",\"@graph\":[{\"@type\":\"Article\",\"@id\":\"https:\\\/\\\/www.aquimicasa.net\\\/blog\\\/vivienda\\\/noticias-mercado-inmobiliario\\\/seleccion-inmobiliaria-en-pontevedra-2\\\/#article\",\"isPartOf\":{\"@id\":\"https:\\\/\\\/www.aquimicasa.net\\\/blog\\\/vivienda\\\/noticias-mercado-inmobiliario\\\/seleccion-inmobiliaria-en-pontevedra-2\\\/\"},\"author\":{\"name\":\"Eduardo Lizarraga\",\"@id\":\"https:\\\/\\\/www.aquimicasa.net\\\/blog\\\/#\\\/schema\\\/person\\\/2cdfa2605534583395c8d7ce1d6cac14\"},\"headline\":\"Selecci\u00f3n inmobiliaria en Pontevedra\",\"datePublished\":\"2016-09-11T08:08:08+00:00\",\"dateModified\":\"2020-04-02T16:30:30+00:00\",\"mainEntityOfPage\":{\"@id\":\"https:\\\/\\\/www.aquimicasa.net\\\/blog\\\/vivienda\\\/noticias-mercado-inmobiliario\\\/seleccion-inmobiliaria-en-pontevedra-2\\\/\"},\"wordCount\":462,\"commentCount\":0,\"publisher\":{\"@id\":\"https:\\\/\\\/www.aquimicasa.net\\\/blog\\\/#organization\"},\"image\":{\"@id\":\"https:\\\/\\\/www.aquimicasa.net\\\/blog\\\/vivienda\\\/noticias-mercado-inmobiliario\\\/seleccion-inmobiliaria-en-pontevedra-2\\\/#primaryimage\"},\"thumbnailUrl\":\"https:\\\/\\\/www.aquimicasa.net\\\/blog\\\/wp-content\\\/uploads\\\/pontevedra2-300x165.jpg\",\"keywords\":[\"adosado\",\"apartamento\",\"Baiona\",\"Cangas de Morrazo\",\"casa\",\"casa rural\",\"estrada\",\"piso\",\"Pontevedra\",\"Sanxenxo\",\"unifamiliar\",\"Vigo\"],\"articleSection\":[\"Noticias Mercado Inmobiliario\"],\"inLanguage\":\"es\",\"potentialAction\":[{\"@type\":\"CommentAction\",\"name\":\"Comment\",\"target\":[\"https:\\\/\\\/www.aquimicasa.net\\\/blog\\\/vivienda\\\/noticias-mercado-inmobiliario\\\/seleccion-inmobiliaria-en-pontevedra-2\\\/#respond\"]}]},{\"@type\":\"WebPage\",\"@id\":\"https:\\\/\\\/www.aquimicasa.net\\\/blog\\\/vivienda\\\/noticias-mercado-inmobiliario\\\/seleccion-inmobiliaria-en-pontevedra-2\\\/\",\"url\":\"https:\\\/\\\/www.aquimicasa.net\\\/blog\\\/vivienda\\\/noticias-mercado-inmobiliario\\\/seleccion-inmobiliaria-en-pontevedra-2\\\/\",\"name\":\"Selecci\u00f3n inmobiliaria en Pontevedra - Blog de aquimicasa.net\",\"isPartOf\":{\"@id\":\"https:\\\/\\\/www.aquimicasa.net\\\/blog\\\/#website\"},\"primaryImageOfPage\":{\"@id\":\"https:\\\/\\\/www.aquimicasa.net\\\/blog\\\/vivienda\\\/noticias-mercado-inmobiliario\\\/seleccion-inmobiliaria-en-pontevedra-2\\\/#primaryimage\"},\"image\":{\"@id\":\"https:\\\/\\\/www.aquimicasa.net\\\/blog\\\/vivienda\\\/noticias-mercado-inmobiliario\\\/seleccion-inmobiliaria-en-pontevedra-2\\\/#primaryimage\"},\"thumbnailUrl\":\"https:\\\/\\\/www.aquimicasa.net\\\/blog\\\/wp-content\\\/uploads\\\/pontevedra2-300x165.jpg\",\"datePublished\":\"2016-09-11T08:08:08+00:00\",\"dateModified\":\"2020-04-02T16:30:30+00:00\",\"description\":\"La provincia de Pontevedra registra subidas en algunos municipios costeros y tur\u00edsticos de prestigio y el resto sigue registrando bajadas.\",\"breadcrumb\":{\"@id\":\"https:\\\/\\\/www.aquimicasa.net\\\/blog\\\/vivienda\\\/noticias-mercado-inmobiliario\\\/seleccion-inmobiliaria-en-pontevedra-2\\\/#breadcrumb\"},\"inLanguage\":\"es\",\"potentialAction\":[{\"@type\":\"ReadAction\",\"target\":[\"https:\\\/\\\/www.aquimicasa.net\\\/blog\\\/vivienda\\\/noticias-mercado-inmobiliario\\\/seleccion-inmobiliaria-en-pontevedra-2\\\/\"]}]},{\"@type\":\"ImageObject\",\"inLanguage\":\"es\",\"@id\":\"https:\\\/\\\/www.aquimicasa.net\\\/blog\\\/vivienda\\\/noticias-mercado-inmobiliario\\\/seleccion-inmobiliaria-en-pontevedra-2\\\/#primaryimage\",\"url\":\"https:\\\/\\\/www.aquimicasa.net\\\/blog\\\/wp-content\\\/uploads\\\/pontevedra2.jpg\",\"contentUrl\":\"https:\\\/\\\/www.aquimicasa.net\\\/blog\\\/wp-content\\\/uploads\\\/pontevedra2.jpg\",\"width\":1200,\"height\":661},{\"@type\":\"BreadcrumbList\",\"@id\":\"https:\\\/\\\/www.aquimicasa.net\\\/blog\\\/vivienda\\\/noticias-mercado-inmobiliario\\\/seleccion-inmobiliaria-en-pontevedra-2\\\/#breadcrumb\",\"itemListElement\":[{\"@type\":\"ListItem\",\"position\":1,\"name\":\"Portada\",\"item\":\"https:\\\/\\\/www.aquimicasa.net\\\/blog\\\/\"},{\"@type\":\"ListItem\",\"position\":2,\"name\":\"Selecci\u00f3n inmobiliaria en Pontevedra\"}]},{\"@type\":\"WebSite\",\"@id\":\"https:\\\/\\\/www.aquimicasa.net\\\/blog\\\/#website\",\"url\":\"https:\\\/\\\/www.aquimicasa.net\\\/blog\\\/\",\"name\":\"Blog de aquimicasa.net\",\"description\":\"Noticias del Mundo Inmobiliario\",\"publisher\":{\"@id\":\"https:\\\/\\\/www.aquimicasa.net\\\/blog\\\/#organization\"},\"potentialAction\":[{\"@type\":\"SearchAction\",\"target\":{\"@type\":\"EntryPoint\",\"urlTemplate\":\"https:\\\/\\\/www.aquimicasa.net\\\/blog\\\/?s={search_term_string}\"},\"query-input\":{\"@type\":\"PropertyValueSpecification\",\"valueRequired\":true,\"valueName\":\"search_term_string\"}}],\"inLanguage\":\"es\"},{\"@type\":\"Organization\",\"@id\":\"https:\\\/\\\/www.aquimicasa.net\\\/blog\\\/#organization\",\"name\":\"Blog de aquimicasa.net\",\"url\":\"https:\\\/\\\/www.aquimicasa.net\\\/blog\\\/\",\"logo\":{\"@type\":\"ImageObject\",\"inLanguage\":\"es\",\"@id\":\"https:\\\/\\\/www.aquimicasa.net\\\/blog\\\/#\\\/schema\\\/logo\\\/image\\\/\",\"url\":\"https:\\\/\\\/www.aquimicasa.net\\\/blog\\\/wp-content\\\/uploads\\\/Logo-aquimicasa-1-e1528048213782.png\",\"contentUrl\":\"https:\\\/\\\/www.aquimicasa.net\\\/blog\\\/wp-content\\\/uploads\\\/Logo-aquimicasa-1-e1528048213782.png\",\"width\":225,\"height\":225,\"caption\":\"Blog de aquimicasa.net\"},\"image\":{\"@id\":\"https:\\\/\\\/www.aquimicasa.net\\\/blog\\\/#\\\/schema\\\/logo\\\/image\\\/\"},\"sameAs\":[\"https:\\\/\\\/www.facebook.com\\\/aquimicasa.net\",\"https:\\\/\\\/www.instagram.com\\\/\",\"https:\\\/\\\/x.com\\\/EduLizarragaD\",\"https:\\\/\\\/www.linkedin.com\\\/feed\\\/\"]},{\"@type\":\"Person\",\"@id\":\"https:\\\/\\\/www.aquimicasa.net\\\/blog\\\/#\\\/schema\\\/person\\\/2cdfa2605534583395c8d7ce1d6cac14\",\"name\":\"Eduardo Lizarraga\",\"image\":{\"@type\":\"ImageObject\",\"inLanguage\":\"es\",\"@id\":\"https:\\\/\\\/secure.gravatar.com\\\/avatar\\\/bdabe1eeeed97b65a9cb7de2edd624b07995f7e13abc5fead15961f745f908cc?s=96&d=mm&r=g\",\"url\":\"https:\\\/\\\/secure.gravatar.com\\\/avatar\\\/bdabe1eeeed97b65a9cb7de2edd624b07995f7e13abc5fead15961f745f908cc?s=96&d=mm&r=g\",\"contentUrl\":\"https:\\\/\\\/secure.gravatar.com\\\/avatar\\\/bdabe1eeeed97b65a9cb7de2edd624b07995f7e13abc5fead15961f745f908cc?s=96&d=mm&r=g\",\"caption\":\"Eduardo Lizarraga\"},\"description\":\"Periodista Econ\u00f3mico. Ha trabajado en diversos campos de la informaci\u00f3n. Corresponsal en conflictos, analista pol\u00edtico en Congreso y Senado, periodista del medio ambiente, editor, director editorial, director de comunicaci\u00f3n.... En estos momentos se ha especializado en el sector inmobiliario. Pero tambi\u00e9n es navegante y viajero, preocupado por la pobreza, el medio ambiente y por las actuaciones descontroladas del neoliberalismo empresarial y pol\u00edtico en todo el mundo. Los desahucios, la pobreza infantil y la falta de acceso a los suministros b\u00e1sicos son algunos de los grandes dramas de nuestra sociedad y que es preciso solucionar para hacerla m\u00e1s justa. CEO en www.aquimicasa.net\",\"sameAs\":[\"https:\\\/\\\/www.aquimicasa.net\\\/\"],\"url\":\"https:\\\/\\\/www.aquimicasa.net\\\/blog\\\/author\\\/eduardo\\\/\"}]}<\/script>\n<!-- \/ Yoast SEO plugin. -->","yoast_head_json":{"title":"Selecci\u00f3n inmobiliaria en Pontevedra - Blog de aquimicasa.net","description":"La provincia de Pontevedra registra subidas en algunos municipios costeros y tur\u00edsticos de prestigio y el resto sigue registrando bajadas.","robots":{"index":"index","follow":"follow","max-snippet":"max-snippet:-1","max-image-preview":"max-image-preview:large","max-video-preview":"max-video-preview:-1"},"canonical":"https:\/\/www.aquimicasa.net\/blog\/vivienda\/noticias-mercado-inmobiliario\/seleccion-inmobiliaria-en-pontevedra-2\/","og_locale":"es_ES","og_type":"article","og_title":"Selecci\u00f3n inmobiliaria en Pontevedra - Blog de aquimicasa.net","og_description":"La provincia de Pontevedra registra subidas en algunos municipios costeros y tur\u00edsticos de prestigio y el resto sigue registrando bajadas.","og_url":"https:\/\/www.aquimicasa.net\/blog\/vivienda\/noticias-mercado-inmobiliario\/seleccion-inmobiliaria-en-pontevedra-2\/","og_site_name":"Blog de aquimicasa.net","article_publisher":"https:\/\/www.facebook.com\/aquimicasa.net","article_published_time":"2016-09-11T08:08:08+00:00","article_modified_time":"2020-04-02T16:30:30+00:00","og_image":[{"url":"https:\/\/www.aquimicasa.net\/blog\/wp-content\/uploads\/pontevedra2-300x165.jpg","type":"","width":"","height":""}],"author":"Eduardo Lizarraga","twitter_misc":{"Escrito por":"Eduardo Lizarraga","Tiempo de lectura":"2 minutos"},"schema":{"@context":"https:\/\/schema.org","@graph":[{"@type":"Article","@id":"https:\/\/www.aquimicasa.net\/blog\/vivienda\/noticias-mercado-inmobiliario\/seleccion-inmobiliaria-en-pontevedra-2\/#article","isPartOf":{"@id":"https:\/\/www.aquimicasa.net\/blog\/vivienda\/noticias-mercado-inmobiliario\/seleccion-inmobiliaria-en-pontevedra-2\/"},"author":{"name":"Eduardo Lizarraga","@id":"https:\/\/www.aquimicasa.net\/blog\/#\/schema\/person\/2cdfa2605534583395c8d7ce1d6cac14"},"headline":"Selecci\u00f3n inmobiliaria en Pontevedra","datePublished":"2016-09-11T08:08:08+00:00","dateModified":"2020-04-02T16:30:30+00:00","mainEntityOfPage":{"@id":"https:\/\/www.aquimicasa.net\/blog\/vivienda\/noticias-mercado-inmobiliario\/seleccion-inmobiliaria-en-pontevedra-2\/"},"wordCount":462,"commentCount":0,"publisher":{"@id":"https:\/\/www.aquimicasa.net\/blog\/#organization"},"image":{"@id":"https:\/\/www.aquimicasa.net\/blog\/vivienda\/noticias-mercado-inmobiliario\/seleccion-inmobiliaria-en-pontevedra-2\/#primaryimage"},"thumbnailUrl":"https:\/\/www.aquimicasa.net\/blog\/wp-content\/uploads\/pontevedra2-300x165.jpg","keywords":["adosado","apartamento","Baiona","Cangas de Morrazo","casa","casa rural","estrada","piso","Pontevedra","Sanxenxo","unifamiliar","Vigo"],"articleSection":["Noticias Mercado Inmobiliario"],"inLanguage":"es","potentialAction":[{"@type":"CommentAction","name":"Comment","target":["https:\/\/www.aquimicasa.net\/blog\/vivienda\/noticias-mercado-inmobiliario\/seleccion-inmobiliaria-en-pontevedra-2\/#respond"]}]},{"@type":"WebPage","@id":"https:\/\/www.aquimicasa.net\/blog\/vivienda\/noticias-mercado-inmobiliario\/seleccion-inmobiliaria-en-pontevedra-2\/","url":"https:\/\/www.aquimicasa.net\/blog\/vivienda\/noticias-mercado-inmobiliario\/seleccion-inmobiliaria-en-pontevedra-2\/","name":"Selecci\u00f3n inmobiliaria en Pontevedra - Blog de aquimicasa.net","isPartOf":{"@id":"https:\/\/www.aquimicasa.net\/blog\/#website"},"primaryImageOfPage":{"@id":"https:\/\/www.aquimicasa.net\/blog\/vivienda\/noticias-mercado-inmobiliario\/seleccion-inmobiliaria-en-pontevedra-2\/#primaryimage"},"image":{"@id":"https:\/\/www.aquimicasa.net\/blog\/vivienda\/noticias-mercado-inmobiliario\/seleccion-inmobiliaria-en-pontevedra-2\/#primaryimage"},"thumbnailUrl":"https:\/\/www.aquimicasa.net\/blog\/wp-content\/uploads\/pontevedra2-300x165.jpg","datePublished":"2016-09-11T08:08:08+00:00","dateModified":"2020-04-02T16:30:30+00:00","description":"La provincia de Pontevedra registra subidas en algunos municipios costeros y tur\u00edsticos de prestigio y el resto sigue registrando bajadas.","breadcrumb":{"@id":"https:\/\/www.aquimicasa.net\/blog\/vivienda\/noticias-mercado-inmobiliario\/seleccion-inmobiliaria-en-pontevedra-2\/#breadcrumb"},"inLanguage":"es","potentialAction":[{"@type":"ReadAction","target":["https:\/\/www.aquimicasa.net\/blog\/vivienda\/noticias-mercado-inmobiliario\/seleccion-inmobiliaria-en-pontevedra-2\/"]}]},{"@type":"ImageObject","inLanguage":"es","@id":"https:\/\/www.aquimicasa.net\/blog\/vivienda\/noticias-mercado-inmobiliario\/seleccion-inmobiliaria-en-pontevedra-2\/#primaryimage","url":"https:\/\/www.aquimicasa.net\/blog\/wp-content\/uploads\/pontevedra2.jpg","contentUrl":"https:\/\/www.aquimicasa.net\/blog\/wp-content\/uploads\/pontevedra2.jpg","width":1200,"height":661},{"@type":"BreadcrumbList","@id":"https:\/\/www.aquimicasa.net\/blog\/vivienda\/noticias-mercado-inmobiliario\/seleccion-inmobiliaria-en-pontevedra-2\/#breadcrumb","itemListElement":[{"@type":"ListItem","position":1,"name":"Portada","item":"https:\/\/www.aquimicasa.net\/blog\/"},{"@type":"ListItem","position":2,"name":"Selecci\u00f3n inmobiliaria en Pontevedra"}]},{"@type":"WebSite","@id":"https:\/\/www.aquimicasa.net\/blog\/#website","url":"https:\/\/www.aquimicasa.net\/blog\/","name":"Blog de aquimicasa.net","description":"Noticias del Mundo Inmobiliario","publisher":{"@id":"https:\/\/www.aquimicasa.net\/blog\/#organization"},"potentialAction":[{"@type":"SearchAction","target":{"@type":"EntryPoint","urlTemplate":"https:\/\/www.aquimicasa.net\/blog\/?s={search_term_string}"},"query-input":{"@type":"PropertyValueSpecification","valueRequired":true,"valueName":"search_term_string"}}],"inLanguage":"es"},{"@type":"Organization","@id":"https:\/\/www.aquimicasa.net\/blog\/#organization","name":"Blog de aquimicasa.net","url":"https:\/\/www.aquimicasa.net\/blog\/","logo":{"@type":"ImageObject","inLanguage":"es","@id":"https:\/\/www.aquimicasa.net\/blog\/#\/schema\/logo\/image\/","url":"https:\/\/www.aquimicasa.net\/blog\/wp-content\/uploads\/Logo-aquimicasa-1-e1528048213782.png","contentUrl":"https:\/\/www.aquimicasa.net\/blog\/wp-content\/uploads\/Logo-aquimicasa-1-e1528048213782.png","width":225,"height":225,"caption":"Blog de aquimicasa.net"},"image":{"@id":"https:\/\/www.aquimicasa.net\/blog\/#\/schema\/logo\/image\/"},"sameAs":["https:\/\/www.facebook.com\/aquimicasa.net","https:\/\/www.instagram.com\/","https:\/\/x.com\/EduLizarragaD","https:\/\/www.linkedin.com\/feed\/"]},{"@type":"Person","@id":"https:\/\/www.aquimicasa.net\/blog\/#\/schema\/person\/2cdfa2605534583395c8d7ce1d6cac14","name":"Eduardo Lizarraga","image":{"@type":"ImageObject","inLanguage":"es","@id":"https:\/\/secure.gravatar.com\/avatar\/bdabe1eeeed97b65a9cb7de2edd624b07995f7e13abc5fead15961f745f908cc?s=96&d=mm&r=g","url":"https:\/\/secure.gravatar.com\/avatar\/bdabe1eeeed97b65a9cb7de2edd624b07995f7e13abc5fead15961f745f908cc?s=96&d=mm&r=g","contentUrl":"https:\/\/secure.gravatar.com\/avatar\/bdabe1eeeed97b65a9cb7de2edd624b07995f7e13abc5fead15961f745f908cc?s=96&d=mm&r=g","caption":"Eduardo Lizarraga"},"description":"Periodista Econ\u00f3mico. Ha trabajado en diversos campos de la informaci\u00f3n. Corresponsal en conflictos, analista pol\u00edtico en Congreso y Senado, periodista del medio ambiente, editor, director editorial, director de comunicaci\u00f3n.... En estos momentos se ha especializado en el sector inmobiliario. Pero tambi\u00e9n es navegante y viajero, preocupado por la pobreza, el medio ambiente y por las actuaciones descontroladas del neoliberalismo empresarial y pol\u00edtico en todo el mundo. Los desahucios, la pobreza infantil y la falta de acceso a los suministros b\u00e1sicos son algunos de los grandes dramas de nuestra sociedad y que es preciso solucionar para hacerla m\u00e1s justa. CEO en www.aquimicasa.net","sameAs":["https:\/\/www.aquimicasa.net\/"],"url":"https:\/\/www.aquimicasa.net\/blog\/author\/eduardo\/"}]}},"jetpack_publicize_connections":[],"jetpack_featured_media_url":"","jetpack_sharing_enabled":true,"jetpack_likes_enabled":true,"_links":{"self":[{"href":"https:\/\/www.aquimicasa.net\/blog\/wp-json\/wp\/v2\/posts\/12282","targetHints":{"allow":["GET"]}}],"collection":[{"href":"https:\/\/www.aquimicasa.net\/blog\/wp-json\/wp\/v2\/posts"}],"about":[{"href":"https:\/\/www.aquimicasa.net\/blog\/wp-json\/wp\/v2\/types\/post"}],"author":[{"embeddable":true,"href":"https:\/\/www.aquimicasa.net\/blog\/wp-json\/wp\/v2\/users\/3"}],"replies":[{"embeddable":true,"href":"https:\/\/www.aquimicasa.net\/blog\/wp-json\/wp\/v2\/comments?post=12282"}],"version-history":[{"count":1,"href":"https:\/\/www.aquimicasa.net\/blog\/wp-json\/wp\/v2\/posts\/12282\/revisions"}],"predecessor-version":[{"id":29399,"href":"https:\/\/www.aquimicasa.net\/blog\/wp-json\/wp\/v2\/posts\/12282\/revisions\/29399"}],"wp:attachment":[{"href":"https:\/\/www.aquimicasa.net\/blog\/wp-json\/wp\/v2\/media?parent=12282"}],"wp:term":[{"taxonomy":"category","embeddable":true,"href":"https:\/\/www.aquimicasa.net\/blog\/wp-json\/wp\/v2\/categories?post=12282"},{"taxonomy":"post_tag","embeddable":true,"href":"https:\/\/www.aquimicasa.net\/blog\/wp-json\/wp\/v2\/tags?post=12282"}],"curies":[{"name":"wp","href":"https:\/\/api.w.org\/{rel}","templated":true}]}}