{"id":12723,"date":"2016-10-14T10:03:35","date_gmt":"2016-10-14T10:03:35","guid":{"rendered":"https:\/\/www.aquimicasa.net\/blog\/?p=12723"},"modified":"2020-04-02T18:30:28","modified_gmt":"2020-04-02T16:30:28","slug":"seleccion-inmobiliaria-en-valencia-3","status":"publish","type":"post","link":"https:\/\/www.aquimicasa.net\/blog\/vivienda\/noticias-mercado-inmobiliario\/seleccion-inmobiliaria-en-valencia-3\/","title":{"rendered":"Selecci\u00f3n inmobiliaria en Valencia"},"content":{"rendered":"<p style=\"text-align: justify;\">El precio medio de la <strong>vivienda en Valencia<\/strong> durante el tercer trimestre del 2016 se situ\u00f3 en 935 euros\/m2, lo que representa un crecimiento interanual del 1,4%. En lo que llevamos de a\u00f1o la vivienda se ha revalorizado un 2,8% en la provincia respecto a los precios de cierre del ejercicio anterior. En 2015 el dato acumulado a estas alturas del a\u00f1o reflejaba una ca\u00edda del 1,5%.<\/p>\n<p style=\"text-align: justify;\">El <strong>precio de la vivienda en la provincia de Valencia<\/strong> alcanz\u00f3 su m\u00e1ximo hist\u00f3rico en el tercer trimestre de 2007. Desde entonces este precio m\u00e1ximo ha experimentado un ajuste del 49,6%.<br \/>\nEl vendedor de la<strong> provincia de Valencia<\/strong> tarda 8,2 meses de media en encontrar un comprador para su vivienda.<br \/>\nPor su parte el <strong>precio de la vivienda en la ciudad de Valencia<\/strong> experimenta un incremento del 6%, con un precio medio de 1165 euros\/m2. El dato supone una ca\u00edda del 51,55 respecto al precio m\u00e1ximo alcanzado en la ciudad.<br \/>\nLa evoluci\u00f3n durante el a\u00f1o 2106 est\u00e1 siendo positiva. El precio medio de la vivienda en la ciudad de Valencia en el tercer trimestre de 2016 es un 4,7% superior al registrado en esta zona en el mismo periodo del a\u00f1o anterior. En 2015 la evoluci\u00f3n acumulada para estas mismas fechas registraba un descenso del 0,6% en Valencia.<br \/>\nEl plazo medio de <strong>venta de una vivienda en la ciudad de Valencia<\/strong> est\u00e1 en 13,7 meses.<\/p>\n<p style=\"text-align: justify;\">&#8211; <a href=\"https:\/\/www.aquimicasa.net\/pisos\/valencia\/oportunidad-vivienda-de-lujo-en-el-centro-de-la-ciudad-i13294\">Vivienda de lujo en Sueca (Valencia)<\/a>. Vendo piso c\u00e9ntrico, esquina a dos calles, muy buen estado en sueca (valencia) de 170 m2 utiles; consta de recibidor&#8230;<\/p>\n<p style=\"text-align: justify;\">&#8211; <a href=\"https:\/\/www.aquimicasa.net\/pisos\/valencia\/apartamento-en-complejo-residencial-naquera-i13291\">Apartamento en N\u00e1quera (Valencia)<\/a>.\u00a0Apartamento de 100m2 en urbanizaci\u00f3n Mont.Ros. En complejo de 6250m2. Vallado. Piscina comunitaria, pista de&#8230;<\/p>\n<p style=\"text-align: justify;\">&#8211; <a href=\"https:\/\/www.aquimicasa.net\/casas-chalets-adosados\/valencia\/adosado-en-urb-valle-de-montiel-i13288\">Adosado en Benaguasil (Valencia).\u00a0<\/a>\u00a0Adosado reformado en urbanizaci\u00f3n Valle de Montiel correspondiente a la 2\u00aa fase, (m\u00e1s elevada que 1\u00aa fase) con&#8230;<\/p>\n<p style=\"text-align: justify;\">&#8211; <a href=\"https:\/\/www.aquimicasa.net\/casas-chalets-adosados\/valencia\/chalet-independiente-el-vedat-i13278\">Chalet en Torrent (Valencia).\u00a0<\/a>\u00a0Parcela independiente con piscina propia seminuevo para entrar a vivir muchos extras rejas. Mosquiteras, toldos&#8230;<\/p>\n<p style=\"text-align: justify;\">&#8211; <a href=\"https:\/\/www.aquimicasa.net\/pisos\/valencia\/vendo-piso-en-calle-miguel-paredes-n2-i13210\">Piso en Valencia.<\/a>\u00a0\u00a0Particular vende vivienda en Valencia, zona avda del Cid de 83 m cuadrados, \u00a0totalmente reformada y lista para vivir&#8230;<\/p>\n<p style=\"text-align: justify;\">&#8211; <a href=\"https:\/\/www.aquimicasa.net\/casas-chalets-adosados\/valencia\/unifamiliar-i13256\">Unifamiliar en Ribaroja de Turia (Valencia).<\/a>\u00a0Unifamiliar piscina propia paellero garaje dos coches cubierto zonas ajardinadas f\u00e1cil acceso transporte publico&#8230;<\/p>\n<p style=\"text-align: justify;\">&#8211; <a href=\"https:\/\/www.aquimicasa.net\/pisos\/valencia\/se-vende-magnifico-atico-en-playa-puebla-farnals-i13249\">\u00c1tico en Puebla de Farnals (Valencia).\u00a0<\/a>\u00a0Se vende excelente \u00e1tico en urbanizaci\u00f3n sol y mar en playa Puebla de Farnals. Completamente reformado. Suelos parquet&#8230;<\/p>\n<p style=\"text-align: justify;\">&#8211; <a href=\"https:\/\/www.aquimicasa.net\/aticos\/valencia\/vendo-atico-i13194\">\u00c1tico en Xirivella (Valencia).\u00a0<\/a>\u00a0\u00c1tico muy coqueto con terraza de 38m2,cocina equipada con vitrocer\u00e1mica, horno,etc.. Sal\u00f3n comedor separados por escal\u00f3n de&#8230;<\/p>\n<p style=\"text-align: justify;\">&#8211; <a href=\"https:\/\/www.aquimicasa.net\/pisos\/valencia\/piso-con-gran-terraza-en-albal-i13155\">Piso con terraza en Albal (Valencia)<\/a>. Vivienda de 3 habitaciones, 2 ba\u00f1os (uno de ellos en suite), amplio comedor sal\u00f3n con chimenea (funciona correctamente)&#8230;<\/p>\n<p style=\"text-align: justify;\">&#8211; <a href=\"https:\/\/www.aquimicasa.net\/pisos\/valencia\/piso-playa-cullera-zona-faro-i13116\">Piso en Cullera (Valencia)<\/a>.\u00a0Piso de reciente construcci\u00f3n en la playa de Cullera, zona del faro. Playa de los olivos, cala faro, playa dosel. 3 habitaciones,2 ba\u00f1os,&#8230;<\/p>\n<p style=\"text-align: justify;\">&#8211; <a href=\"https:\/\/www.aquimicasa.net\/pisos\/valencia\/piso-totalmente-reformado-en-la-playa-i13058\">Piso reformado en Valencia.\u00a0<\/a>\u00a0Piso totalmente reformado con cocina y cuartos de ba\u00f1o de dise\u00f1o (90 m2), la vivienda dispone de puerta blindada, 2 habitaciones&#8230;<\/p>\n<p style=\"text-align: justify;\">&#8211; <a href=\"https:\/\/www.aquimicasa.net\/pisos\/valencia\/piso-centrico-con-garaje-y-trastero-i13087\">Piso c\u00e9ntrico en Torrent (Valencia)<\/a>.\u00a0Piso apartamento en el centro de Torrent muy cerca del ayuntamiento y plaza de la torre. con garaje y trastero. 2\u00a4 planta&#8230;<\/p>\n<p style=\"text-align: justify;\">\n<p>&nbsp;<\/p>\n","protected":false},"excerpt":{"rendered":"<p>El precio medio de la vivienda en Valencia durante el [&hellip;]<\/p>\n","protected":false},"author":3,"featured_media":12927,"comment_status":"open","ping_status":"open","sticky":false,"template":"","format":"standard","meta":{"_jetpack_memberships_contains_paid_content":false,"footnotes":"","jetpack_publicize_message":"","jetpack_publicize_feature_enabled":true,"jetpack_social_post_already_shared":false,"jetpack_social_options":{"image_generator_settings":{"template":"highway","default_image_id":0,"font":"","enabled":false},"version":2}},"categories":[7565],"tags":[1896,1824,2523,1832,2526,1823,2524,2525,1073,304],"class_list":["post-12723","post","type-post","status-publish","format-standard","has-post-thumbnail","hentry","category-noticias-mercado-inmobiliario","tag-adosado","tag-apartamento","tag-benaguasil","tag-casa","tag-cullera","tag-piso","tag-pobla-de-farnals","tag-sueca","tag-torrent","tag-valencia"],"yoast_head":"<!-- This site is optimized with the Yoast SEO plugin v28.2 - https:\/\/yoast.com\/product\/yoast-seo-wordpress\/ -->\n<title>Selecci\u00f3n inmobiliaria en Valencia - Blog de aquimicasa.net<\/title>\n<meta name=\"description\" content=\"El precio medio de la vivienda en Valencia durante el tercer trimestre de 2016 se situ\u00f3 en 935 euros\/m2, lo que representa un crecimiento interanual de 1,4%\" \/>\n<meta name=\"robots\" content=\"index, follow, max-snippet:-1, max-image-preview:large, max-video-preview:-1\" \/>\n<link rel=\"canonical\" href=\"https:\/\/www.aquimicasa.net\/blog\/vivienda\/noticias-mercado-inmobiliario\/seleccion-inmobiliaria-en-valencia-3\/\" \/>\n<meta property=\"og:locale\" content=\"es_ES\" \/>\n<meta property=\"og:type\" content=\"article\" \/>\n<meta property=\"og:title\" content=\"Selecci\u00f3n inmobiliaria en Valencia - Blog de aquimicasa.net\" \/>\n<meta property=\"og:description\" content=\"El precio medio de la vivienda en Valencia durante el tercer trimestre de 2016 se situ\u00f3 en 935 euros\/m2, lo que representa un crecimiento interanual de 1,4%\" \/>\n<meta property=\"og:url\" content=\"https:\/\/www.aquimicasa.net\/blog\/vivienda\/noticias-mercado-inmobiliario\/seleccion-inmobiliaria-en-valencia-3\/\" \/>\n<meta property=\"og:site_name\" content=\"Blog de aquimicasa.net\" \/>\n<meta property=\"article:publisher\" content=\"https:\/\/www.facebook.com\/aquimicasa.net\" \/>\n<meta property=\"article:published_time\" content=\"2016-10-14T10:03:35+00:00\" \/>\n<meta property=\"article:modified_time\" content=\"2020-04-02T16:30:28+00:00\" \/>\n<meta property=\"og:image\" content=\"https:\/\/www.aquimicasa.net\/blog\/wp-content\/uploads\/valencia-e1542410214140.jpg\" \/>\n\t<meta property=\"og:image:width\" content=\"300\" \/>\n\t<meta property=\"og:image:height\" content=\"225\" \/>\n\t<meta property=\"og:image:type\" content=\"image\/jpeg\" \/>\n<meta name=\"author\" content=\"Eduardo Lizarraga\" \/>\n<meta name=\"twitter:label1\" content=\"Escrito por\" \/>\n\t<meta name=\"twitter:data1\" content=\"Eduardo Lizarraga\" \/>\n\t<meta name=\"twitter:label2\" content=\"Tiempo de lectura\" \/>\n\t<meta name=\"twitter:data2\" content=\"3 minutos\" \/>\n<script type=\"application\/ld+json\" class=\"yoast-schema-graph\">{\"@context\":\"https:\\\/\\\/schema.org\",\"@graph\":[{\"@type\":\"Article\",\"@id\":\"https:\\\/\\\/www.aquimicasa.net\\\/blog\\\/vivienda\\\/noticias-mercado-inmobiliario\\\/seleccion-inmobiliaria-en-valencia-3\\\/#article\",\"isPartOf\":{\"@id\":\"https:\\\/\\\/www.aquimicasa.net\\\/blog\\\/vivienda\\\/noticias-mercado-inmobiliario\\\/seleccion-inmobiliaria-en-valencia-3\\\/\"},\"author\":{\"name\":\"Eduardo Lizarraga\",\"@id\":\"https:\\\/\\\/www.aquimicasa.net\\\/blog\\\/#\\\/schema\\\/person\\\/2cdfa2605534583395c8d7ce1d6cac14\"},\"headline\":\"Selecci\u00f3n inmobiliaria en Valencia\",\"datePublished\":\"2016-10-14T10:03:35+00:00\",\"dateModified\":\"2020-04-02T16:30:28+00:00\",\"mainEntityOfPage\":{\"@id\":\"https:\\\/\\\/www.aquimicasa.net\\\/blog\\\/vivienda\\\/noticias-mercado-inmobiliario\\\/seleccion-inmobiliaria-en-valencia-3\\\/\"},\"wordCount\":532,\"commentCount\":0,\"publisher\":{\"@id\":\"https:\\\/\\\/www.aquimicasa.net\\\/blog\\\/#organization\"},\"image\":{\"@id\":\"https:\\\/\\\/www.aquimicasa.net\\\/blog\\\/vivienda\\\/noticias-mercado-inmobiliario\\\/seleccion-inmobiliaria-en-valencia-3\\\/#primaryimage\"},\"thumbnailUrl\":\"https:\\\/\\\/www.aquimicasa.net\\\/blog\\\/wp-content\\\/uploads\\\/valencia-e1542410214140.jpg\",\"keywords\":[\"adosado\",\"apartamento\",\"Benaguasil\",\"casa\",\"Cullera\",\"piso\",\"Pobla de Farnals\",\"Sueca\",\"Torrent\",\"Valencia\"],\"articleSection\":[\"Noticias Mercado Inmobiliario\"],\"inLanguage\":\"es\",\"potentialAction\":[{\"@type\":\"CommentAction\",\"name\":\"Comment\",\"target\":[\"https:\\\/\\\/www.aquimicasa.net\\\/blog\\\/vivienda\\\/noticias-mercado-inmobiliario\\\/seleccion-inmobiliaria-en-valencia-3\\\/#respond\"]}]},{\"@type\":\"WebPage\",\"@id\":\"https:\\\/\\\/www.aquimicasa.net\\\/blog\\\/vivienda\\\/noticias-mercado-inmobiliario\\\/seleccion-inmobiliaria-en-valencia-3\\\/\",\"url\":\"https:\\\/\\\/www.aquimicasa.net\\\/blog\\\/vivienda\\\/noticias-mercado-inmobiliario\\\/seleccion-inmobiliaria-en-valencia-3\\\/\",\"name\":\"Selecci\u00f3n inmobiliaria en Valencia - Blog de aquimicasa.net\",\"isPartOf\":{\"@id\":\"https:\\\/\\\/www.aquimicasa.net\\\/blog\\\/#website\"},\"primaryImageOfPage\":{\"@id\":\"https:\\\/\\\/www.aquimicasa.net\\\/blog\\\/vivienda\\\/noticias-mercado-inmobiliario\\\/seleccion-inmobiliaria-en-valencia-3\\\/#primaryimage\"},\"image\":{\"@id\":\"https:\\\/\\\/www.aquimicasa.net\\\/blog\\\/vivienda\\\/noticias-mercado-inmobiliario\\\/seleccion-inmobiliaria-en-valencia-3\\\/#primaryimage\"},\"thumbnailUrl\":\"https:\\\/\\\/www.aquimicasa.net\\\/blog\\\/wp-content\\\/uploads\\\/valencia-e1542410214140.jpg\",\"datePublished\":\"2016-10-14T10:03:35+00:00\",\"dateModified\":\"2020-04-02T16:30:28+00:00\",\"description\":\"El precio medio de la vivienda en Valencia durante el tercer trimestre de 2016 se situ\u00f3 en 935 euros\\\/m2, lo que representa un crecimiento interanual de 1,4%\",\"breadcrumb\":{\"@id\":\"https:\\\/\\\/www.aquimicasa.net\\\/blog\\\/vivienda\\\/noticias-mercado-inmobiliario\\\/seleccion-inmobiliaria-en-valencia-3\\\/#breadcrumb\"},\"inLanguage\":\"es\",\"potentialAction\":[{\"@type\":\"ReadAction\",\"target\":[\"https:\\\/\\\/www.aquimicasa.net\\\/blog\\\/vivienda\\\/noticias-mercado-inmobiliario\\\/seleccion-inmobiliaria-en-valencia-3\\\/\"]}]},{\"@type\":\"ImageObject\",\"inLanguage\":\"es\",\"@id\":\"https:\\\/\\\/www.aquimicasa.net\\\/blog\\\/vivienda\\\/noticias-mercado-inmobiliario\\\/seleccion-inmobiliaria-en-valencia-3\\\/#primaryimage\",\"url\":\"https:\\\/\\\/www.aquimicasa.net\\\/blog\\\/wp-content\\\/uploads\\\/valencia-e1542410214140.jpg\",\"contentUrl\":\"https:\\\/\\\/www.aquimicasa.net\\\/blog\\\/wp-content\\\/uploads\\\/valencia-e1542410214140.jpg\",\"width\":300,\"height\":225},{\"@type\":\"BreadcrumbList\",\"@id\":\"https:\\\/\\\/www.aquimicasa.net\\\/blog\\\/vivienda\\\/noticias-mercado-inmobiliario\\\/seleccion-inmobiliaria-en-valencia-3\\\/#breadcrumb\",\"itemListElement\":[{\"@type\":\"ListItem\",\"position\":1,\"name\":\"Portada\",\"item\":\"https:\\\/\\\/www.aquimicasa.net\\\/blog\\\/\"},{\"@type\":\"ListItem\",\"position\":2,\"name\":\"Selecci\u00f3n inmobiliaria en Valencia\"}]},{\"@type\":\"WebSite\",\"@id\":\"https:\\\/\\\/www.aquimicasa.net\\\/blog\\\/#website\",\"url\":\"https:\\\/\\\/www.aquimicasa.net\\\/blog\\\/\",\"name\":\"Blog de aquimicasa.net\",\"description\":\"Noticias del Mundo Inmobiliario\",\"publisher\":{\"@id\":\"https:\\\/\\\/www.aquimicasa.net\\\/blog\\\/#organization\"},\"potentialAction\":[{\"@type\":\"SearchAction\",\"target\":{\"@type\":\"EntryPoint\",\"urlTemplate\":\"https:\\\/\\\/www.aquimicasa.net\\\/blog\\\/?s={search_term_string}\"},\"query-input\":{\"@type\":\"PropertyValueSpecification\",\"valueRequired\":true,\"valueName\":\"search_term_string\"}}],\"inLanguage\":\"es\"},{\"@type\":\"Organization\",\"@id\":\"https:\\\/\\\/www.aquimicasa.net\\\/blog\\\/#organization\",\"name\":\"Blog de aquimicasa.net\",\"url\":\"https:\\\/\\\/www.aquimicasa.net\\\/blog\\\/\",\"logo\":{\"@type\":\"ImageObject\",\"inLanguage\":\"es\",\"@id\":\"https:\\\/\\\/www.aquimicasa.net\\\/blog\\\/#\\\/schema\\\/logo\\\/image\\\/\",\"url\":\"https:\\\/\\\/www.aquimicasa.net\\\/blog\\\/wp-content\\\/uploads\\\/Logo-aquimicasa-1-e1528048213782.png\",\"contentUrl\":\"https:\\\/\\\/www.aquimicasa.net\\\/blog\\\/wp-content\\\/uploads\\\/Logo-aquimicasa-1-e1528048213782.png\",\"width\":225,\"height\":225,\"caption\":\"Blog de aquimicasa.net\"},\"image\":{\"@id\":\"https:\\\/\\\/www.aquimicasa.net\\\/blog\\\/#\\\/schema\\\/logo\\\/image\\\/\"},\"sameAs\":[\"https:\\\/\\\/www.facebook.com\\\/aquimicasa.net\",\"https:\\\/\\\/www.instagram.com\\\/\",\"https:\\\/\\\/x.com\\\/EduLizarragaD\",\"https:\\\/\\\/www.linkedin.com\\\/feed\\\/\"]},{\"@type\":\"Person\",\"@id\":\"https:\\\/\\\/www.aquimicasa.net\\\/blog\\\/#\\\/schema\\\/person\\\/2cdfa2605534583395c8d7ce1d6cac14\",\"name\":\"Eduardo Lizarraga\",\"image\":{\"@type\":\"ImageObject\",\"inLanguage\":\"es\",\"@id\":\"https:\\\/\\\/secure.gravatar.com\\\/avatar\\\/bdabe1eeeed97b65a9cb7de2edd624b07995f7e13abc5fead15961f745f908cc?s=96&d=mm&r=g\",\"url\":\"https:\\\/\\\/secure.gravatar.com\\\/avatar\\\/bdabe1eeeed97b65a9cb7de2edd624b07995f7e13abc5fead15961f745f908cc?s=96&d=mm&r=g\",\"contentUrl\":\"https:\\\/\\\/secure.gravatar.com\\\/avatar\\\/bdabe1eeeed97b65a9cb7de2edd624b07995f7e13abc5fead15961f745f908cc?s=96&d=mm&r=g\",\"caption\":\"Eduardo Lizarraga\"},\"description\":\"Periodista Econ\u00f3mico. Ha trabajado en diversos campos de la informaci\u00f3n. Corresponsal en conflictos, analista pol\u00edtico en Congreso y Senado, periodista del medio ambiente, editor, director editorial, director de comunicaci\u00f3n.... En estos momentos se ha especializado en el sector inmobiliario. Pero tambi\u00e9n es navegante y viajero, preocupado por la pobreza, el medio ambiente y por las actuaciones descontroladas del neoliberalismo empresarial y pol\u00edtico en todo el mundo. Los desahucios, la pobreza infantil y la falta de acceso a los suministros b\u00e1sicos son algunos de los grandes dramas de nuestra sociedad y que es preciso solucionar para hacerla m\u00e1s justa. CEO en www.aquimicasa.net\",\"sameAs\":[\"https:\\\/\\\/www.aquimicasa.net\\\/\"],\"url\":\"https:\\\/\\\/www.aquimicasa.net\\\/blog\\\/author\\\/eduardo\\\/\"}]}<\/script>\n<!-- \/ Yoast SEO plugin. -->","yoast_head_json":{"title":"Selecci\u00f3n inmobiliaria en Valencia - Blog de aquimicasa.net","description":"El precio medio de la vivienda en Valencia durante el tercer trimestre de 2016 se situ\u00f3 en 935 euros\/m2, lo que representa un crecimiento interanual de 1,4%","robots":{"index":"index","follow":"follow","max-snippet":"max-snippet:-1","max-image-preview":"max-image-preview:large","max-video-preview":"max-video-preview:-1"},"canonical":"https:\/\/www.aquimicasa.net\/blog\/vivienda\/noticias-mercado-inmobiliario\/seleccion-inmobiliaria-en-valencia-3\/","og_locale":"es_ES","og_type":"article","og_title":"Selecci\u00f3n inmobiliaria en Valencia - Blog de aquimicasa.net","og_description":"El precio medio de la vivienda en Valencia durante el tercer trimestre de 2016 se situ\u00f3 en 935 euros\/m2, lo que representa un crecimiento interanual de 1,4%","og_url":"https:\/\/www.aquimicasa.net\/blog\/vivienda\/noticias-mercado-inmobiliario\/seleccion-inmobiliaria-en-valencia-3\/","og_site_name":"Blog de aquimicasa.net","article_publisher":"https:\/\/www.facebook.com\/aquimicasa.net","article_published_time":"2016-10-14T10:03:35+00:00","article_modified_time":"2020-04-02T16:30:28+00:00","og_image":[{"width":300,"height":225,"url":"https:\/\/www.aquimicasa.net\/blog\/wp-content\/uploads\/valencia-e1542410214140.jpg","type":"image\/jpeg"}],"author":"Eduardo Lizarraga","twitter_misc":{"Escrito por":"Eduardo Lizarraga","Tiempo de lectura":"3 minutos"},"schema":{"@context":"https:\/\/schema.org","@graph":[{"@type":"Article","@id":"https:\/\/www.aquimicasa.net\/blog\/vivienda\/noticias-mercado-inmobiliario\/seleccion-inmobiliaria-en-valencia-3\/#article","isPartOf":{"@id":"https:\/\/www.aquimicasa.net\/blog\/vivienda\/noticias-mercado-inmobiliario\/seleccion-inmobiliaria-en-valencia-3\/"},"author":{"name":"Eduardo Lizarraga","@id":"https:\/\/www.aquimicasa.net\/blog\/#\/schema\/person\/2cdfa2605534583395c8d7ce1d6cac14"},"headline":"Selecci\u00f3n inmobiliaria en Valencia","datePublished":"2016-10-14T10:03:35+00:00","dateModified":"2020-04-02T16:30:28+00:00","mainEntityOfPage":{"@id":"https:\/\/www.aquimicasa.net\/blog\/vivienda\/noticias-mercado-inmobiliario\/seleccion-inmobiliaria-en-valencia-3\/"},"wordCount":532,"commentCount":0,"publisher":{"@id":"https:\/\/www.aquimicasa.net\/blog\/#organization"},"image":{"@id":"https:\/\/www.aquimicasa.net\/blog\/vivienda\/noticias-mercado-inmobiliario\/seleccion-inmobiliaria-en-valencia-3\/#primaryimage"},"thumbnailUrl":"https:\/\/www.aquimicasa.net\/blog\/wp-content\/uploads\/valencia-e1542410214140.jpg","keywords":["adosado","apartamento","Benaguasil","casa","Cullera","piso","Pobla de Farnals","Sueca","Torrent","Valencia"],"articleSection":["Noticias Mercado Inmobiliario"],"inLanguage":"es","potentialAction":[{"@type":"CommentAction","name":"Comment","target":["https:\/\/www.aquimicasa.net\/blog\/vivienda\/noticias-mercado-inmobiliario\/seleccion-inmobiliaria-en-valencia-3\/#respond"]}]},{"@type":"WebPage","@id":"https:\/\/www.aquimicasa.net\/blog\/vivienda\/noticias-mercado-inmobiliario\/seleccion-inmobiliaria-en-valencia-3\/","url":"https:\/\/www.aquimicasa.net\/blog\/vivienda\/noticias-mercado-inmobiliario\/seleccion-inmobiliaria-en-valencia-3\/","name":"Selecci\u00f3n inmobiliaria en Valencia - Blog de aquimicasa.net","isPartOf":{"@id":"https:\/\/www.aquimicasa.net\/blog\/#website"},"primaryImageOfPage":{"@id":"https:\/\/www.aquimicasa.net\/blog\/vivienda\/noticias-mercado-inmobiliario\/seleccion-inmobiliaria-en-valencia-3\/#primaryimage"},"image":{"@id":"https:\/\/www.aquimicasa.net\/blog\/vivienda\/noticias-mercado-inmobiliario\/seleccion-inmobiliaria-en-valencia-3\/#primaryimage"},"thumbnailUrl":"https:\/\/www.aquimicasa.net\/blog\/wp-content\/uploads\/valencia-e1542410214140.jpg","datePublished":"2016-10-14T10:03:35+00:00","dateModified":"2020-04-02T16:30:28+00:00","description":"El precio medio de la vivienda en Valencia durante el tercer trimestre de 2016 se situ\u00f3 en 935 euros\/m2, lo que representa un crecimiento interanual de 1,4%","breadcrumb":{"@id":"https:\/\/www.aquimicasa.net\/blog\/vivienda\/noticias-mercado-inmobiliario\/seleccion-inmobiliaria-en-valencia-3\/#breadcrumb"},"inLanguage":"es","potentialAction":[{"@type":"ReadAction","target":["https:\/\/www.aquimicasa.net\/blog\/vivienda\/noticias-mercado-inmobiliario\/seleccion-inmobiliaria-en-valencia-3\/"]}]},{"@type":"ImageObject","inLanguage":"es","@id":"https:\/\/www.aquimicasa.net\/blog\/vivienda\/noticias-mercado-inmobiliario\/seleccion-inmobiliaria-en-valencia-3\/#primaryimage","url":"https:\/\/www.aquimicasa.net\/blog\/wp-content\/uploads\/valencia-e1542410214140.jpg","contentUrl":"https:\/\/www.aquimicasa.net\/blog\/wp-content\/uploads\/valencia-e1542410214140.jpg","width":300,"height":225},{"@type":"BreadcrumbList","@id":"https:\/\/www.aquimicasa.net\/blog\/vivienda\/noticias-mercado-inmobiliario\/seleccion-inmobiliaria-en-valencia-3\/#breadcrumb","itemListElement":[{"@type":"ListItem","position":1,"name":"Portada","item":"https:\/\/www.aquimicasa.net\/blog\/"},{"@type":"ListItem","position":2,"name":"Selecci\u00f3n inmobiliaria en Valencia"}]},{"@type":"WebSite","@id":"https:\/\/www.aquimicasa.net\/blog\/#website","url":"https:\/\/www.aquimicasa.net\/blog\/","name":"Blog de aquimicasa.net","description":"Noticias del Mundo Inmobiliario","publisher":{"@id":"https:\/\/www.aquimicasa.net\/blog\/#organization"},"potentialAction":[{"@type":"SearchAction","target":{"@type":"EntryPoint","urlTemplate":"https:\/\/www.aquimicasa.net\/blog\/?s={search_term_string}"},"query-input":{"@type":"PropertyValueSpecification","valueRequired":true,"valueName":"search_term_string"}}],"inLanguage":"es"},{"@type":"Organization","@id":"https:\/\/www.aquimicasa.net\/blog\/#organization","name":"Blog de aquimicasa.net","url":"https:\/\/www.aquimicasa.net\/blog\/","logo":{"@type":"ImageObject","inLanguage":"es","@id":"https:\/\/www.aquimicasa.net\/blog\/#\/schema\/logo\/image\/","url":"https:\/\/www.aquimicasa.net\/blog\/wp-content\/uploads\/Logo-aquimicasa-1-e1528048213782.png","contentUrl":"https:\/\/www.aquimicasa.net\/blog\/wp-content\/uploads\/Logo-aquimicasa-1-e1528048213782.png","width":225,"height":225,"caption":"Blog de aquimicasa.net"},"image":{"@id":"https:\/\/www.aquimicasa.net\/blog\/#\/schema\/logo\/image\/"},"sameAs":["https:\/\/www.facebook.com\/aquimicasa.net","https:\/\/www.instagram.com\/","https:\/\/x.com\/EduLizarragaD","https:\/\/www.linkedin.com\/feed\/"]},{"@type":"Person","@id":"https:\/\/www.aquimicasa.net\/blog\/#\/schema\/person\/2cdfa2605534583395c8d7ce1d6cac14","name":"Eduardo Lizarraga","image":{"@type":"ImageObject","inLanguage":"es","@id":"https:\/\/secure.gravatar.com\/avatar\/bdabe1eeeed97b65a9cb7de2edd624b07995f7e13abc5fead15961f745f908cc?s=96&d=mm&r=g","url":"https:\/\/secure.gravatar.com\/avatar\/bdabe1eeeed97b65a9cb7de2edd624b07995f7e13abc5fead15961f745f908cc?s=96&d=mm&r=g","contentUrl":"https:\/\/secure.gravatar.com\/avatar\/bdabe1eeeed97b65a9cb7de2edd624b07995f7e13abc5fead15961f745f908cc?s=96&d=mm&r=g","caption":"Eduardo Lizarraga"},"description":"Periodista Econ\u00f3mico. Ha trabajado en diversos campos de la informaci\u00f3n. Corresponsal en conflictos, analista pol\u00edtico en Congreso y Senado, periodista del medio ambiente, editor, director editorial, director de comunicaci\u00f3n.... En estos momentos se ha especializado en el sector inmobiliario. Pero tambi\u00e9n es navegante y viajero, preocupado por la pobreza, el medio ambiente y por las actuaciones descontroladas del neoliberalismo empresarial y pol\u00edtico en todo el mundo. Los desahucios, la pobreza infantil y la falta de acceso a los suministros b\u00e1sicos son algunos de los grandes dramas de nuestra sociedad y que es preciso solucionar para hacerla m\u00e1s justa. CEO en www.aquimicasa.net","sameAs":["https:\/\/www.aquimicasa.net\/"],"url":"https:\/\/www.aquimicasa.net\/blog\/author\/eduardo\/"}]}},"jetpack_publicize_connections":[],"jetpack_featured_media_url":"https:\/\/www.aquimicasa.net\/blog\/wp-content\/uploads\/valencia-e1542410214140.jpg","jetpack_sharing_enabled":true,"jetpack_likes_enabled":true,"_links":{"self":[{"href":"https:\/\/www.aquimicasa.net\/blog\/wp-json\/wp\/v2\/posts\/12723","targetHints":{"allow":["GET"]}}],"collection":[{"href":"https:\/\/www.aquimicasa.net\/blog\/wp-json\/wp\/v2\/posts"}],"about":[{"href":"https:\/\/www.aquimicasa.net\/blog\/wp-json\/wp\/v2\/types\/post"}],"author":[{"embeddable":true,"href":"https:\/\/www.aquimicasa.net\/blog\/wp-json\/wp\/v2\/users\/3"}],"replies":[{"embeddable":true,"href":"https:\/\/www.aquimicasa.net\/blog\/wp-json\/wp\/v2\/comments?post=12723"}],"version-history":[{"count":1,"href":"https:\/\/www.aquimicasa.net\/blog\/wp-json\/wp\/v2\/posts\/12723\/revisions"}],"predecessor-version":[{"id":29367,"href":"https:\/\/www.aquimicasa.net\/blog\/wp-json\/wp\/v2\/posts\/12723\/revisions\/29367"}],"wp:featuredmedia":[{"embeddable":true,"href":"https:\/\/www.aquimicasa.net\/blog\/wp-json\/wp\/v2\/media\/12927"}],"wp:attachment":[{"href":"https:\/\/www.aquimicasa.net\/blog\/wp-json\/wp\/v2\/media?parent=12723"}],"wp:term":[{"taxonomy":"category","embeddable":true,"href":"https:\/\/www.aquimicasa.net\/blog\/wp-json\/wp\/v2\/categories?post=12723"},{"taxonomy":"post_tag","embeddable":true,"href":"https:\/\/www.aquimicasa.net\/blog\/wp-json\/wp\/v2\/tags?post=12723"}],"curies":[{"name":"wp","href":"https:\/\/api.w.org\/{rel}","templated":true}]}}