{"id":13746,"date":"2016-12-14T23:50:15","date_gmt":"2016-12-14T22:50:15","guid":{"rendered":"https:\/\/www.aquimicasa.net\/blog\/?p=13746"},"modified":"2017-03-26T12:04:51","modified_gmt":"2017-03-26T10:04:51","slug":"justicia-ni-ciega-ni-sorda","status":"publish","type":"post","link":"https:\/\/www.aquimicasa.net\/blog\/vivienda\/compraventa-de-viviendas\/justicia-ni-ciega-ni-sorda\/","title":{"rendered":"Justicia: ni ciega ni sorda"},"content":{"rendered":"<p>Todos pensamos, supongo que por eso de las pel\u00edculas y la imagen de la venda y la balanza, que la Justicia es ciega, y todos nos equivocamos, al menos en parte. Si la Justicia puede ser ciega en alg\u00fan momento, lo es con el idealismo de su juventud, porque conforme cumple a\u00f1os y ocupa poltronas con rango, se le cae la venda y va recuperando la vista en sentido proporcional a sus cargos, hasta ver mucho m\u00e1s que cualquiera de nosotros, incluido el \u201cbeneficio del pa\u00eds\u201d, al que ve en demas\u00eda.<\/p>\n<p>Los casos en que empresas de todos conocidas, pierden los juicios en primera instancia y luego los ganan en tribunales superiores son m\u00faltiples y habituales. Y esta misma semana ha vuelto a suceder lo que podr\u00eda ser la antesala \u2013esperemos que no- de un esc\u00e1ndalo en el entorno europeo.<\/p>\n<p>Me refiero a la <strong>cl\u00e1usula suelo<\/strong> y a la devoluci\u00f3n de los intereses cobrados de m\u00e1s por los bancos, gracias a esta cl\u00e1usula, definida como abusiva por el Tribunal Supremo que, sin embargo, eximi\u00f3 a las entidades financieras de pagar los intereses devengados con anterioridad a la sentencia, es decir, al 9 de Mayo del 2013.<\/p>\n<p>Ha sido un juzgado de M\u00e1laga, en concreto el Juzgado de lo Mercantil n\u00famero 2 de Amanda Cohen, el que en una sentencia del pasado 1 de diciembre dictamin\u00f3, textualmente: \u201cque<strong> no procede aplicar la doctrina del Tribunal Supremo <\/strong>en cuanto a la devoluci\u00f3n de cantidades, que \u00fanicamente se refiere al supuesto de nulidad por falta de transparencia, por lo que procede la condena a la entidad demandada a la devoluci\u00f3n de todas aquellas cantidades percibidas de mas por activaci\u00f3n de la cl\u00e1usula de acotaci\u00f3n m\u00ednima y no solo desde el 9 de Mayo de 2.013\u201d. Y por ello conden\u00f3 a la entidad financiera a devolver todas las cantidades cobradas de m\u00e1s, a las que debe sumar intereses legales y costas.<\/p>\n<p>La sentencia se basa en el incumplimiento del control de incorporaci\u00f3n, ya que seg\u00fan el art\u00edculo 5 de la Ley de Condiciones Generales de la Contrataci\u00f3n (LCGC), no quedar\u00e1n incorporadas al contrato las condiciones que el firmante no haya tenido oportunidad real de conocer de manera completa y las que sean ilegibles, ambiguas, oscuras e incomprensibles.<\/p>\n<p>No es el primer juzgado que<strong> obliga a los bancos involucrados en esta gigantesca estafa, consentida por la Administraci\u00f3n y la Justicia, que ven el inter\u00e9s de los bancos y no de los particulares, a devolver el dinero<\/strong> percibido de m\u00e1s, con sus intereses, y al pago de costas. Pero para llegar hasta ah\u00ed, el afectado se ve obligado a denunciar a la entidad financiera y a correr con los gastos de su peculio particular.<\/p>\n<p>Tras esta nueva sentencia en contra de la argumentaci\u00f3n del Tribunal Supremo, que esgrim\u00eda para la no retroactividad de las obligaciones de devoluci\u00f3n, que hab\u00eda que proteger a los bancos, todos los ojos est\u00e1n fijos en la sentencia que emitir\u00e1 el pr\u00f3ximo 21 de diciembre el <strong>Tribunal de Justicia de la Uni\u00f3n Europea<\/strong> (TJUE), sobre la retroactividad total de las cl\u00e1usulas suelo por falta de trasparencia. Y aunque algunos juzgados espa\u00f1oles ya hayan fallado en contra de los bancos, cuando hablamos del TJUE pudiera ser que tuvi\u00e9ramos un disgusto. Y es que esta alta instancia europea podr\u00eda estar sin venda, haber ya recuperado la vista y estimar que los \u201cpobres bancos\u201d tendr\u00e1n problemas si deben devolver el dinero, percibido de forma abusiva, a los usuarios.<\/p>\n<p>Se estima en m\u00e1s de 7.600 millones la cantidad que <strong>los bancos se han llevado de forma fraudulenta<\/strong> de nuestros bolsillos. Y semejante monto, como ya estim\u00f3 el Abogado General del TJUE, Paolo Mengozzi, podr\u00eda poner en riesgo el sistema bancario, con lo que aconsej\u00f3 la retroactividad parcial, establecida por el Tribunal Supremo espa\u00f1ol el ya mencionado d\u00eda 9 de mayo de 2013. A lo que parece, la alta Justicia tiene poco de ciega y ve el perjuicio que puede sufrir la pobre banca espa\u00f1ola, si la cantidad a devolver a los clientes tiene como fecha de inicio el d\u00eda de la firma de la hipoteca, pero no contempla la situaci\u00f3n de los afectados, que llevan a\u00f1os sufriendo la situaci\u00f3n&#8230;y pagando mes a mes.<\/p>\n<p>Y \u00e9ste es el <strong>gran milagro que afecta a la justicia ciega<\/strong>, que vuelve a ver cuando son los intereses de los grandes grupos empresariales y los del Gobierno los que est\u00e1n en juego. Todo ello en perjuicio del individuo y de la sociedad. Una recuperaci\u00f3n de la vista muy relacionada con el escalaf\u00f3n.<\/p>\n<p>Est\u00e1 claro que el Gobierno no es la Justicia y que debe ver y o\u00edr, lo malo es que todo lo que oye y ve le llega desde la misma direcci\u00f3n, la de los lobbys empresariales y los intereses del c\u00edrculo econ\u00f3mico que le sustenta. Intereses que siempre sit\u00faa por encima de los del pueblo. S\u00ed, ya s\u00e9 que las decisiones que toma nuestro gobierno son f\u00e1ciles de argumentar \u201cpor el bien de Espa\u00f1a\u201d, f\u00e1ciles para el que les quiera creer, porque la decisi\u00f3n de rescatar las autopistas con m\u00e1s de 5.000 millones de euros es poco justificable, aunque sea el dinero de bancos y constructoras amigas; sobre todo cuando se avecinan nuevos recortes en Educaci\u00f3n, Sanidad y servicios sociales -si es que queda algo por recortar-, impuestos por la Uni\u00f3n Europea para cumplir los objetivos de d\u00e9ficit.<\/p>\n<p>Vivimos una \u00e9poca \u2013si es que alguna vez hubo otra- en que ni la Justicia es ciega ni los gobiernos miran por los intereses de los pueblos que gobiernan, sino por el de los grupos econ\u00f3micos que les apoyan. Pero <strong>el sistema tiene que cambiar<\/strong> porque ya no se aguanta y hasta los fundamentalistas ideol\u00f3gicos terminan por cansarse y pueden comenzar a ver \u2013ellos tambi\u00e9n- otras posibilidades a las que votar.<\/p>\n<p><img decoding=\"async\" class=\"alignnone size-full wp-image-11756\" src=\"https:\/\/www.aquimicasa.net\/blog\/wp-content\/uploads\/8fa465d5-826e-469d-9120-c066626ddd9d-e1468013202474.jpg\" alt=\"8fa465d5-826e-469d-9120-c066626ddd9d\" width=\"200\" height=\"149\" srcset=\"https:\/\/www.aquimicasa.net\/blog\/wp-content\/uploads\/8fa465d5-826e-469d-9120-c066626ddd9d-e1468013202474-150x112.jpg 150w, https:\/\/www.aquimicasa.net\/blog\/wp-content\/uploads\/8fa465d5-826e-469d-9120-c066626ddd9d-e1468013202474.jpg 200w\" sizes=\"(max-width: 200px) 100vw, 200px\" \/><\/p>\n<p>Eduardo Lizarraga<br \/>\nWWW.AQUIMICASA.NET<\/p>\n","protected":false},"excerpt":{"rendered":"<p>El pr\u00f3ximo 21 de diciembre llega la soluci\u00f3n a la cl\u00e1usula suelo, prorrogada por sentencia de juzgados espa\u00f1oles. \u00bfQu\u00e9 pasar\u00e1?<\/p>\n","protected":false},"author":3,"featured_media":13751,"comment_status":"open","ping_status":"open","sticky":false,"template":"","format":"standard","meta":{"_jetpack_memberships_contains_paid_content":false,"footnotes":"","jetpack_publicize_message":"","jetpack_publicize_feature_enabled":true,"jetpack_social_post_already_shared":true,"jetpack_social_options":{"image_generator_settings":{"template":"highway","default_image_id":0,"font":"","enabled":false},"version":2}},"categories":[100],"tags":[],"class_list":["post-13746","post","type-post","status-publish","format-standard","has-post-thumbnail","hentry","category-compraventa-de-viviendas"],"yoast_head":"<!-- This site is optimized with the Yoast SEO plugin v28.2 - https:\/\/yoast.com\/product\/yoast-seo-wordpress\/ -->\n<title>Justicia: ni ciega ni sorda, llega la soluci\u00f3n a la cl\u00e1usula suelo<\/title>\n<meta name=\"description\" content=\"Todos imaginamos, supongo que por eso de las pel\u00edculas y la imagen de la venda y la balanza, que la Justicia es ciega, y todos nos equivocamos\" \/>\n<meta name=\"robots\" content=\"index, follow, max-snippet:-1, max-image-preview:large, max-video-preview:-1\" \/>\n<link rel=\"canonical\" href=\"https:\/\/www.aquimicasa.net\/blog\/vivienda\/compraventa-de-viviendas\/justicia-ni-ciega-ni-sorda\/\" \/>\n<meta property=\"og:locale\" content=\"es_ES\" \/>\n<meta property=\"og:type\" content=\"article\" \/>\n<meta property=\"og:title\" content=\"Justicia: ni ciega ni sorda, llega la soluci\u00f3n a la cl\u00e1usula suelo\" \/>\n<meta property=\"og:description\" content=\"Todos imaginamos, supongo que por eso de las pel\u00edculas y la imagen de la venda y la balanza, que la Justicia es ciega, y todos nos equivocamos\" \/>\n<meta property=\"og:url\" content=\"https:\/\/www.aquimicasa.net\/blog\/vivienda\/compraventa-de-viviendas\/justicia-ni-ciega-ni-sorda\/\" \/>\n<meta property=\"og:site_name\" content=\"Blog de aquimicasa.net\" \/>\n<meta property=\"article:publisher\" content=\"https:\/\/www.facebook.com\/aquimicasa.net\" \/>\n<meta property=\"article:published_time\" content=\"2016-12-14T22:50:15+00:00\" \/>\n<meta property=\"article:modified_time\" content=\"2017-03-26T10:04:51+00:00\" \/>\n<meta property=\"og:image\" content=\"https:\/\/www.aquimicasa.net\/blog\/wp-content\/uploads\/justice_16x9-e1481754460918.jpg\" \/>\n\t<meta property=\"og:image:width\" content=\"400\" \/>\n\t<meta property=\"og:image:height\" content=\"224\" \/>\n\t<meta property=\"og:image:type\" content=\"image\/jpeg\" \/>\n<meta name=\"author\" content=\"Eduardo Lizarraga\" \/>\n<meta name=\"twitter:label1\" content=\"Escrito por\" \/>\n\t<meta name=\"twitter:data1\" content=\"Eduardo Lizarraga\" \/>\n\t<meta name=\"twitter:label2\" content=\"Tiempo de lectura\" \/>\n\t<meta name=\"twitter:data2\" content=\"5 minutos\" \/>\n<script type=\"application\/ld+json\" class=\"yoast-schema-graph\">{\"@context\":\"https:\\\/\\\/schema.org\",\"@graph\":[{\"@type\":\"Article\",\"@id\":\"https:\\\/\\\/www.aquimicasa.net\\\/blog\\\/vivienda\\\/compraventa-de-viviendas\\\/justicia-ni-ciega-ni-sorda\\\/#article\",\"isPartOf\":{\"@id\":\"https:\\\/\\\/www.aquimicasa.net\\\/blog\\\/vivienda\\\/compraventa-de-viviendas\\\/justicia-ni-ciega-ni-sorda\\\/\"},\"author\":{\"name\":\"Eduardo Lizarraga\",\"@id\":\"https:\\\/\\\/www.aquimicasa.net\\\/blog\\\/#\\\/schema\\\/person\\\/2cdfa2605534583395c8d7ce1d6cac14\"},\"headline\":\"Justicia: ni ciega ni sorda\",\"datePublished\":\"2016-12-14T22:50:15+00:00\",\"dateModified\":\"2017-03-26T10:04:51+00:00\",\"mainEntityOfPage\":{\"@id\":\"https:\\\/\\\/www.aquimicasa.net\\\/blog\\\/vivienda\\\/compraventa-de-viviendas\\\/justicia-ni-ciega-ni-sorda\\\/\"},\"wordCount\":1029,\"commentCount\":1,\"publisher\":{\"@id\":\"https:\\\/\\\/www.aquimicasa.net\\\/blog\\\/#organization\"},\"image\":{\"@id\":\"https:\\\/\\\/www.aquimicasa.net\\\/blog\\\/vivienda\\\/compraventa-de-viviendas\\\/justicia-ni-ciega-ni-sorda\\\/#primaryimage\"},\"thumbnailUrl\":\"https:\\\/\\\/www.aquimicasa.net\\\/blog\\\/wp-content\\\/uploads\\\/justice_16x9-e1481754460918.jpg\",\"articleSection\":[\"Compra Venta\"],\"inLanguage\":\"es\",\"potentialAction\":[{\"@type\":\"CommentAction\",\"name\":\"Comment\",\"target\":[\"https:\\\/\\\/www.aquimicasa.net\\\/blog\\\/vivienda\\\/compraventa-de-viviendas\\\/justicia-ni-ciega-ni-sorda\\\/#respond\"]}]},{\"@type\":\"WebPage\",\"@id\":\"https:\\\/\\\/www.aquimicasa.net\\\/blog\\\/vivienda\\\/compraventa-de-viviendas\\\/justicia-ni-ciega-ni-sorda\\\/\",\"url\":\"https:\\\/\\\/www.aquimicasa.net\\\/blog\\\/vivienda\\\/compraventa-de-viviendas\\\/justicia-ni-ciega-ni-sorda\\\/\",\"name\":\"Justicia: ni ciega ni sorda, llega la soluci\u00f3n a la cl\u00e1usula suelo\",\"isPartOf\":{\"@id\":\"https:\\\/\\\/www.aquimicasa.net\\\/blog\\\/#website\"},\"primaryImageOfPage\":{\"@id\":\"https:\\\/\\\/www.aquimicasa.net\\\/blog\\\/vivienda\\\/compraventa-de-viviendas\\\/justicia-ni-ciega-ni-sorda\\\/#primaryimage\"},\"image\":{\"@id\":\"https:\\\/\\\/www.aquimicasa.net\\\/blog\\\/vivienda\\\/compraventa-de-viviendas\\\/justicia-ni-ciega-ni-sorda\\\/#primaryimage\"},\"thumbnailUrl\":\"https:\\\/\\\/www.aquimicasa.net\\\/blog\\\/wp-content\\\/uploads\\\/justice_16x9-e1481754460918.jpg\",\"datePublished\":\"2016-12-14T22:50:15+00:00\",\"dateModified\":\"2017-03-26T10:04:51+00:00\",\"description\":\"Todos imaginamos, supongo que por eso de las pel\u00edculas y la imagen de la venda y la balanza, que la Justicia es ciega, y todos nos equivocamos\",\"breadcrumb\":{\"@id\":\"https:\\\/\\\/www.aquimicasa.net\\\/blog\\\/vivienda\\\/compraventa-de-viviendas\\\/justicia-ni-ciega-ni-sorda\\\/#breadcrumb\"},\"inLanguage\":\"es\",\"potentialAction\":[{\"@type\":\"ReadAction\",\"target\":[\"https:\\\/\\\/www.aquimicasa.net\\\/blog\\\/vivienda\\\/compraventa-de-viviendas\\\/justicia-ni-ciega-ni-sorda\\\/\"]}]},{\"@type\":\"ImageObject\",\"inLanguage\":\"es\",\"@id\":\"https:\\\/\\\/www.aquimicasa.net\\\/blog\\\/vivienda\\\/compraventa-de-viviendas\\\/justicia-ni-ciega-ni-sorda\\\/#primaryimage\",\"url\":\"https:\\\/\\\/www.aquimicasa.net\\\/blog\\\/wp-content\\\/uploads\\\/justice_16x9-e1481754460918.jpg\",\"contentUrl\":\"https:\\\/\\\/www.aquimicasa.net\\\/blog\\\/wp-content\\\/uploads\\\/justice_16x9-e1481754460918.jpg\",\"width\":400,\"height\":224},{\"@type\":\"BreadcrumbList\",\"@id\":\"https:\\\/\\\/www.aquimicasa.net\\\/blog\\\/vivienda\\\/compraventa-de-viviendas\\\/justicia-ni-ciega-ni-sorda\\\/#breadcrumb\",\"itemListElement\":[{\"@type\":\"ListItem\",\"position\":1,\"name\":\"Portada\",\"item\":\"https:\\\/\\\/www.aquimicasa.net\\\/blog\\\/\"},{\"@type\":\"ListItem\",\"position\":2,\"name\":\"Justicia: ni ciega ni sorda\"}]},{\"@type\":\"WebSite\",\"@id\":\"https:\\\/\\\/www.aquimicasa.net\\\/blog\\\/#website\",\"url\":\"https:\\\/\\\/www.aquimicasa.net\\\/blog\\\/\",\"name\":\"Blog de aquimicasa.net\",\"description\":\"Noticias del Mundo Inmobiliario\",\"publisher\":{\"@id\":\"https:\\\/\\\/www.aquimicasa.net\\\/blog\\\/#organization\"},\"potentialAction\":[{\"@type\":\"SearchAction\",\"target\":{\"@type\":\"EntryPoint\",\"urlTemplate\":\"https:\\\/\\\/www.aquimicasa.net\\\/blog\\\/?s={search_term_string}\"},\"query-input\":{\"@type\":\"PropertyValueSpecification\",\"valueRequired\":true,\"valueName\":\"search_term_string\"}}],\"inLanguage\":\"es\"},{\"@type\":\"Organization\",\"@id\":\"https:\\\/\\\/www.aquimicasa.net\\\/blog\\\/#organization\",\"name\":\"Blog de aquimicasa.net\",\"url\":\"https:\\\/\\\/www.aquimicasa.net\\\/blog\\\/\",\"logo\":{\"@type\":\"ImageObject\",\"inLanguage\":\"es\",\"@id\":\"https:\\\/\\\/www.aquimicasa.net\\\/blog\\\/#\\\/schema\\\/logo\\\/image\\\/\",\"url\":\"https:\\\/\\\/www.aquimicasa.net\\\/blog\\\/wp-content\\\/uploads\\\/Logo-aquimicasa-1-e1528048213782.png\",\"contentUrl\":\"https:\\\/\\\/www.aquimicasa.net\\\/blog\\\/wp-content\\\/uploads\\\/Logo-aquimicasa-1-e1528048213782.png\",\"width\":225,\"height\":225,\"caption\":\"Blog de aquimicasa.net\"},\"image\":{\"@id\":\"https:\\\/\\\/www.aquimicasa.net\\\/blog\\\/#\\\/schema\\\/logo\\\/image\\\/\"},\"sameAs\":[\"https:\\\/\\\/www.facebook.com\\\/aquimicasa.net\",\"https:\\\/\\\/www.instagram.com\\\/\",\"https:\\\/\\\/x.com\\\/EduLizarragaD\",\"https:\\\/\\\/www.linkedin.com\\\/feed\\\/\"]},{\"@type\":\"Person\",\"@id\":\"https:\\\/\\\/www.aquimicasa.net\\\/blog\\\/#\\\/schema\\\/person\\\/2cdfa2605534583395c8d7ce1d6cac14\",\"name\":\"Eduardo Lizarraga\",\"image\":{\"@type\":\"ImageObject\",\"inLanguage\":\"es\",\"@id\":\"https:\\\/\\\/secure.gravatar.com\\\/avatar\\\/bdabe1eeeed97b65a9cb7de2edd624b07995f7e13abc5fead15961f745f908cc?s=96&d=mm&r=g\",\"url\":\"https:\\\/\\\/secure.gravatar.com\\\/avatar\\\/bdabe1eeeed97b65a9cb7de2edd624b07995f7e13abc5fead15961f745f908cc?s=96&d=mm&r=g\",\"contentUrl\":\"https:\\\/\\\/secure.gravatar.com\\\/avatar\\\/bdabe1eeeed97b65a9cb7de2edd624b07995f7e13abc5fead15961f745f908cc?s=96&d=mm&r=g\",\"caption\":\"Eduardo Lizarraga\"},\"description\":\"Periodista Econ\u00f3mico. Ha trabajado en diversos campos de la informaci\u00f3n. Corresponsal en conflictos, analista pol\u00edtico en Congreso y Senado, periodista del medio ambiente, editor, director editorial, director de comunicaci\u00f3n.... En estos momentos se ha especializado en el sector inmobiliario. Pero tambi\u00e9n es navegante y viajero, preocupado por la pobreza, el medio ambiente y por las actuaciones descontroladas del neoliberalismo empresarial y pol\u00edtico en todo el mundo. Los desahucios, la pobreza infantil y la falta de acceso a los suministros b\u00e1sicos son algunos de los grandes dramas de nuestra sociedad y que es preciso solucionar para hacerla m\u00e1s justa. CEO en www.aquimicasa.net\",\"sameAs\":[\"https:\\\/\\\/www.aquimicasa.net\\\/\"],\"url\":\"https:\\\/\\\/www.aquimicasa.net\\\/blog\\\/author\\\/eduardo\\\/\"}]}<\/script>\n<!-- \/ Yoast SEO plugin. -->","yoast_head_json":{"title":"Justicia: ni ciega ni sorda, llega la soluci\u00f3n a la cl\u00e1usula suelo","description":"Todos imaginamos, supongo que por eso de las pel\u00edculas y la imagen de la venda y la balanza, que la Justicia es ciega, y todos nos equivocamos","robots":{"index":"index","follow":"follow","max-snippet":"max-snippet:-1","max-image-preview":"max-image-preview:large","max-video-preview":"max-video-preview:-1"},"canonical":"https:\/\/www.aquimicasa.net\/blog\/vivienda\/compraventa-de-viviendas\/justicia-ni-ciega-ni-sorda\/","og_locale":"es_ES","og_type":"article","og_title":"Justicia: ni ciega ni sorda, llega la soluci\u00f3n a la cl\u00e1usula suelo","og_description":"Todos imaginamos, supongo que por eso de las pel\u00edculas y la imagen de la venda y la balanza, que la Justicia es ciega, y todos nos equivocamos","og_url":"https:\/\/www.aquimicasa.net\/blog\/vivienda\/compraventa-de-viviendas\/justicia-ni-ciega-ni-sorda\/","og_site_name":"Blog de aquimicasa.net","article_publisher":"https:\/\/www.facebook.com\/aquimicasa.net","article_published_time":"2016-12-14T22:50:15+00:00","article_modified_time":"2017-03-26T10:04:51+00:00","og_image":[{"width":400,"height":224,"url":"https:\/\/www.aquimicasa.net\/blog\/wp-content\/uploads\/justice_16x9-e1481754460918.jpg","type":"image\/jpeg"}],"author":"Eduardo Lizarraga","twitter_misc":{"Escrito por":"Eduardo Lizarraga","Tiempo de lectura":"5 minutos"},"schema":{"@context":"https:\/\/schema.org","@graph":[{"@type":"Article","@id":"https:\/\/www.aquimicasa.net\/blog\/vivienda\/compraventa-de-viviendas\/justicia-ni-ciega-ni-sorda\/#article","isPartOf":{"@id":"https:\/\/www.aquimicasa.net\/blog\/vivienda\/compraventa-de-viviendas\/justicia-ni-ciega-ni-sorda\/"},"author":{"name":"Eduardo Lizarraga","@id":"https:\/\/www.aquimicasa.net\/blog\/#\/schema\/person\/2cdfa2605534583395c8d7ce1d6cac14"},"headline":"Justicia: ni ciega ni sorda","datePublished":"2016-12-14T22:50:15+00:00","dateModified":"2017-03-26T10:04:51+00:00","mainEntityOfPage":{"@id":"https:\/\/www.aquimicasa.net\/blog\/vivienda\/compraventa-de-viviendas\/justicia-ni-ciega-ni-sorda\/"},"wordCount":1029,"commentCount":1,"publisher":{"@id":"https:\/\/www.aquimicasa.net\/blog\/#organization"},"image":{"@id":"https:\/\/www.aquimicasa.net\/blog\/vivienda\/compraventa-de-viviendas\/justicia-ni-ciega-ni-sorda\/#primaryimage"},"thumbnailUrl":"https:\/\/www.aquimicasa.net\/blog\/wp-content\/uploads\/justice_16x9-e1481754460918.jpg","articleSection":["Compra Venta"],"inLanguage":"es","potentialAction":[{"@type":"CommentAction","name":"Comment","target":["https:\/\/www.aquimicasa.net\/blog\/vivienda\/compraventa-de-viviendas\/justicia-ni-ciega-ni-sorda\/#respond"]}]},{"@type":"WebPage","@id":"https:\/\/www.aquimicasa.net\/blog\/vivienda\/compraventa-de-viviendas\/justicia-ni-ciega-ni-sorda\/","url":"https:\/\/www.aquimicasa.net\/blog\/vivienda\/compraventa-de-viviendas\/justicia-ni-ciega-ni-sorda\/","name":"Justicia: ni ciega ni sorda, llega la soluci\u00f3n a la cl\u00e1usula suelo","isPartOf":{"@id":"https:\/\/www.aquimicasa.net\/blog\/#website"},"primaryImageOfPage":{"@id":"https:\/\/www.aquimicasa.net\/blog\/vivienda\/compraventa-de-viviendas\/justicia-ni-ciega-ni-sorda\/#primaryimage"},"image":{"@id":"https:\/\/www.aquimicasa.net\/blog\/vivienda\/compraventa-de-viviendas\/justicia-ni-ciega-ni-sorda\/#primaryimage"},"thumbnailUrl":"https:\/\/www.aquimicasa.net\/blog\/wp-content\/uploads\/justice_16x9-e1481754460918.jpg","datePublished":"2016-12-14T22:50:15+00:00","dateModified":"2017-03-26T10:04:51+00:00","description":"Todos imaginamos, supongo que por eso de las pel\u00edculas y la imagen de la venda y la balanza, que la Justicia es ciega, y todos nos equivocamos","breadcrumb":{"@id":"https:\/\/www.aquimicasa.net\/blog\/vivienda\/compraventa-de-viviendas\/justicia-ni-ciega-ni-sorda\/#breadcrumb"},"inLanguage":"es","potentialAction":[{"@type":"ReadAction","target":["https:\/\/www.aquimicasa.net\/blog\/vivienda\/compraventa-de-viviendas\/justicia-ni-ciega-ni-sorda\/"]}]},{"@type":"ImageObject","inLanguage":"es","@id":"https:\/\/www.aquimicasa.net\/blog\/vivienda\/compraventa-de-viviendas\/justicia-ni-ciega-ni-sorda\/#primaryimage","url":"https:\/\/www.aquimicasa.net\/blog\/wp-content\/uploads\/justice_16x9-e1481754460918.jpg","contentUrl":"https:\/\/www.aquimicasa.net\/blog\/wp-content\/uploads\/justice_16x9-e1481754460918.jpg","width":400,"height":224},{"@type":"BreadcrumbList","@id":"https:\/\/www.aquimicasa.net\/blog\/vivienda\/compraventa-de-viviendas\/justicia-ni-ciega-ni-sorda\/#breadcrumb","itemListElement":[{"@type":"ListItem","position":1,"name":"Portada","item":"https:\/\/www.aquimicasa.net\/blog\/"},{"@type":"ListItem","position":2,"name":"Justicia: ni ciega ni sorda"}]},{"@type":"WebSite","@id":"https:\/\/www.aquimicasa.net\/blog\/#website","url":"https:\/\/www.aquimicasa.net\/blog\/","name":"Blog de aquimicasa.net","description":"Noticias del Mundo Inmobiliario","publisher":{"@id":"https:\/\/www.aquimicasa.net\/blog\/#organization"},"potentialAction":[{"@type":"SearchAction","target":{"@type":"EntryPoint","urlTemplate":"https:\/\/www.aquimicasa.net\/blog\/?s={search_term_string}"},"query-input":{"@type":"PropertyValueSpecification","valueRequired":true,"valueName":"search_term_string"}}],"inLanguage":"es"},{"@type":"Organization","@id":"https:\/\/www.aquimicasa.net\/blog\/#organization","name":"Blog de aquimicasa.net","url":"https:\/\/www.aquimicasa.net\/blog\/","logo":{"@type":"ImageObject","inLanguage":"es","@id":"https:\/\/www.aquimicasa.net\/blog\/#\/schema\/logo\/image\/","url":"https:\/\/www.aquimicasa.net\/blog\/wp-content\/uploads\/Logo-aquimicasa-1-e1528048213782.png","contentUrl":"https:\/\/www.aquimicasa.net\/blog\/wp-content\/uploads\/Logo-aquimicasa-1-e1528048213782.png","width":225,"height":225,"caption":"Blog de aquimicasa.net"},"image":{"@id":"https:\/\/www.aquimicasa.net\/blog\/#\/schema\/logo\/image\/"},"sameAs":["https:\/\/www.facebook.com\/aquimicasa.net","https:\/\/www.instagram.com\/","https:\/\/x.com\/EduLizarragaD","https:\/\/www.linkedin.com\/feed\/"]},{"@type":"Person","@id":"https:\/\/www.aquimicasa.net\/blog\/#\/schema\/person\/2cdfa2605534583395c8d7ce1d6cac14","name":"Eduardo Lizarraga","image":{"@type":"ImageObject","inLanguage":"es","@id":"https:\/\/secure.gravatar.com\/avatar\/bdabe1eeeed97b65a9cb7de2edd624b07995f7e13abc5fead15961f745f908cc?s=96&d=mm&r=g","url":"https:\/\/secure.gravatar.com\/avatar\/bdabe1eeeed97b65a9cb7de2edd624b07995f7e13abc5fead15961f745f908cc?s=96&d=mm&r=g","contentUrl":"https:\/\/secure.gravatar.com\/avatar\/bdabe1eeeed97b65a9cb7de2edd624b07995f7e13abc5fead15961f745f908cc?s=96&d=mm&r=g","caption":"Eduardo Lizarraga"},"description":"Periodista Econ\u00f3mico. Ha trabajado en diversos campos de la informaci\u00f3n. Corresponsal en conflictos, analista pol\u00edtico en Congreso y Senado, periodista del medio ambiente, editor, director editorial, director de comunicaci\u00f3n.... En estos momentos se ha especializado en el sector inmobiliario. Pero tambi\u00e9n es navegante y viajero, preocupado por la pobreza, el medio ambiente y por las actuaciones descontroladas del neoliberalismo empresarial y pol\u00edtico en todo el mundo. Los desahucios, la pobreza infantil y la falta de acceso a los suministros b\u00e1sicos son algunos de los grandes dramas de nuestra sociedad y que es preciso solucionar para hacerla m\u00e1s justa. CEO en www.aquimicasa.net","sameAs":["https:\/\/www.aquimicasa.net\/"],"url":"https:\/\/www.aquimicasa.net\/blog\/author\/eduardo\/"}]}},"jetpack_publicize_connections":[],"jetpack_featured_media_url":"https:\/\/www.aquimicasa.net\/blog\/wp-content\/uploads\/justice_16x9-e1481754460918.jpg","jetpack_sharing_enabled":true,"jetpack_likes_enabled":true,"_links":{"self":[{"href":"https:\/\/www.aquimicasa.net\/blog\/wp-json\/wp\/v2\/posts\/13746","targetHints":{"allow":["GET"]}}],"collection":[{"href":"https:\/\/www.aquimicasa.net\/blog\/wp-json\/wp\/v2\/posts"}],"about":[{"href":"https:\/\/www.aquimicasa.net\/blog\/wp-json\/wp\/v2\/types\/post"}],"author":[{"embeddable":true,"href":"https:\/\/www.aquimicasa.net\/blog\/wp-json\/wp\/v2\/users\/3"}],"replies":[{"embeddable":true,"href":"https:\/\/www.aquimicasa.net\/blog\/wp-json\/wp\/v2\/comments?post=13746"}],"version-history":[{"count":1,"href":"https:\/\/www.aquimicasa.net\/blog\/wp-json\/wp\/v2\/posts\/13746\/revisions"}],"predecessor-version":[{"id":15199,"href":"https:\/\/www.aquimicasa.net\/blog\/wp-json\/wp\/v2\/posts\/13746\/revisions\/15199"}],"wp:featuredmedia":[{"embeddable":true,"href":"https:\/\/www.aquimicasa.net\/blog\/wp-json\/wp\/v2\/media\/13751"}],"wp:attachment":[{"href":"https:\/\/www.aquimicasa.net\/blog\/wp-json\/wp\/v2\/media?parent=13746"}],"wp:term":[{"taxonomy":"category","embeddable":true,"href":"https:\/\/www.aquimicasa.net\/blog\/wp-json\/wp\/v2\/categories?post=13746"},{"taxonomy":"post_tag","embeddable":true,"href":"https:\/\/www.aquimicasa.net\/blog\/wp-json\/wp\/v2\/tags?post=13746"}],"curies":[{"name":"wp","href":"https:\/\/api.w.org\/{rel}","templated":true}]}}