{"id":13815,"date":"2016-12-20T12:40:47","date_gmt":"2016-12-20T11:40:47","guid":{"rendered":"https:\/\/www.aquimicasa.net\/blog\/?p=13815"},"modified":"2020-04-02T13:55:53","modified_gmt":"2020-04-02T11:55:53","slug":"no-mas-cortes-de-luz-en-nuestras-viviendas","status":"publish","type":"post","link":"https:\/\/www.aquimicasa.net\/blog\/energia\/electricas\/no-mas-cortes-de-luz-en-nuestras-viviendas\/","title":{"rendered":"No m\u00e1s cortes de luz en nuestras viviendas"},"content":{"rendered":"<p>Las 25 organizaciones de la sociedad civil impulsoras del manifiesto <em><a href=\"https:\/\/www.nomascortesdeluz.org\/\" data-display=\"nomascortesdeluz.org\" data-sanitized=\"http:\/\/www.google.com\/url?q=http%3A%2F%2Fnomascortesdeluz.org&amp;sa=D&amp;sntz=1&amp;usg=AFQjCNEK_hsWus69oRy9hrlaVgISgzO4CA\" rel=\"nofollow noopener\">nomascortesdeluz.org<\/a><\/em>, partidos pol\u00edticos que apoyan sus reivindicaciones y numerosos colectivos locales han convocado concentraciones y manifestaciones el pr\u00f3ximo mi\u00e9rcoles 21 de diciembre en cuarenta ciudades de todo el Estado (<a href=\"https:\/\/nomascortesdeluz.org\/movilizaciones.php\" target=\"_blank\" rel=\"nofollow noopener\">cons\u00faltalas aqu\u00ed<\/a>).<\/p>\n<p>Adem\u00e1s de las movilizaciones en la calle, los promotores de la iniciativa han convocado un apag\u00f3n de una hora a las 19h, que est\u00e1n impuls\u00e1ndose en las redes sociales con las etiquetas <em>#Apag\u00f3n21D y #El21DYoVoy<\/em>. Las organizaciones, partidos y usuarios est\u00e1n solicitando en ayuntamientos, diputaciones y parlamentos auton\u00f3micos la aprobaci\u00f3n de declaraciones institucionales de apoyo.<\/p>\n<p>El manifiesto reivindica la paralizaci\u00f3n de los cortes de electricidad a familias sin recursos y medidas gubernamentales contra los abusos tarifarios de las el\u00e9ctricas. A trav\u00e9s de seis reivindicaciones, reclaman que se ponga fin a los abusos que afectan a un servicio esencial, por lo que exigen tambi\u00e9n al Gobierno de Espa\u00f1a que regule una tarifa asequible a la que puedan acogerse todos los consumidores dom\u00e9sticos y una aut\u00e9ntica tarifa social para familias con bajos niveles de renta.<\/p>\n<p>Los ciudadanos tambi\u00e9n pueden registrar en su ayuntamiento la petici\u00f3n de apoyo a la iniciativa, para lo que tienen a su disposici\u00f3n un modelo, que pueden <a href=\"http:\/\/facua.org\/es\/documentos\/nomascortesdeluzdeclaracion.pdf\" target=\"_blank\" rel=\"nofollow noopener\">descargar en .pdf<\/a> en la web <em>nomascortesdeluz.org<\/em>. Los grupos municipales de numerosos ayuntamientos est\u00e1n debatiendo ya la aprobaci\u00f3n de la declaraci\u00f3n de apoyo al<em> #Apag\u00f3n21D<\/em>, de manera que sus edificios p\u00fablicos tambi\u00e9n se apagar\u00edan durante ese periodo.<\/p>\n<p>El manifiesto, que puede suscribirse en la web <em><a href=\"https:\/\/nomascortesdeluz.org\/\" target=\"_blank\" rel=\"nofollow noopener\">nomascortesdeluz.org<\/a><\/em>, est\u00e1 impulsado por 25 organizaciones: Alianza contra la Pobreza Energ\u00e9tica, Amigos de la Tierra, Anticapitalistas, Asgeco, Attac, CCOO, CGT, Confederaci\u00f3n Intersindical, Convocatoria C\u00edvica, Democracia real YA!, Ecologistas en Acci\u00f3n, FACUA-Consumidores en Acci\u00f3n, Frente C\u00edvico Somos Mayor\u00eda, Fundaci\u00f3n Internacional de Derechos Humanos, Greenpeace, InspirAction, la Plataforma de Afectados por la Hipoteca (PAH), Plataforma Garanticemos las Pensiones, Plataforma por un Nuevo Modelo Energ\u00e9tico, Red de Solidaridad Popular, Somos Izquierda, Somos Sindicalistas, UGT, Unccue, USO y WWF.<\/p>\n<p>El documento cuenta ya con el apoyo de todas las formaciones del grupo parlamentario Unidos Podemos, ERC y Coalici\u00f3n Canaria.<\/p>\n<p>\u00c9stas son las seis reivindicaciones del manifiesto:<\/p>\n<p><strong>1. Prohibici\u00f3n legal de todos los cortes de luz a familias con problemas econ\u00f3micos.<\/strong> Las el\u00e9ctricas deber\u00e1n dirigirse a la administraci\u00f3n para comprobar la situaci\u00f3n de las familias que no abonen sus recibos. Si sufren vulnerabilidad econ\u00f3mica, no podr\u00e1n cortarles el suministro y el coste ser\u00e1 asumido por las compa\u00f1\u00edas.<\/p>\n<p><strong>2. Fin a los abusos tarifarios.<\/strong> Aprobaci\u00f3n de una tarifa asequible, regulada por el Gobierno, a la que podr\u00e1n acogerse todos los consumidores dom\u00e9sticos en su primera residencia.<\/p>\n<p><strong>3. Creaci\u00f3n de una aut\u00e9ntica tarifa social.<\/strong> Sustituci\u00f3n del actual bono social por una tarifa de reducida cuant\u00eda dirigida a las familias con bajos niveles de renta, sufragada por las el\u00e9ctricas.<\/p>\n<p><strong>4. Reconocimiento y devoluci\u00f3n por parte de las grandes el\u00e9ctricas de los 3.500 millones de euros<\/strong> que cobraron indebidamente en conceptos de Costes de Transici\u00f3n a la Competencia (CTCs).<\/p>\n<p><strong>5. Auditor\u00eda al sistema el\u00e9ctrico.<\/strong> Realizaci\u00f3n de un an\u00e1lisis de los costes del sistema desde que se puso en marcha la liberalizaci\u00f3n del sector, con el objetivo de determinar el precio real de las tarifas el\u00e9ctricas.<\/p>\n<p><strong>6. Aplicaci\u00f3n del tipo de IVA superreducido a la electricidad<\/strong>, pasando del 21% actual al 4% por ser considerado un servicio esencial para la ciudadan\u00eda.<\/p>\n","protected":false},"excerpt":{"rendered":"<p>25 organizaciones civiles convocan manifestaciones en muchas ciudades de Espa\u00f1a para exigir no m\u00e1s cortes de luz. \u00a1Mira d\u00f3nde!<\/p>\n","protected":false},"author":3,"featured_media":13765,"comment_status":"open","ping_status":"open","sticky":false,"template":"","format":"standard","meta":{"_jetpack_memberships_contains_paid_content":false,"footnotes":"","jetpack_publicize_message":"","jetpack_publicize_feature_enabled":true,"jetpack_social_post_already_shared":true,"jetpack_social_options":{"image_generator_settings":{"template":"highway","default_image_id":0,"font":"","enabled":false},"version":2}},"categories":[639],"tags":[2816,2678,400,2817,2759,2818],"class_list":["post-13815","post","type-post","status-publish","format-standard","has-post-thumbnail","hentry","category-electricas","tag-cortes-de-luz","tag-cortes-de-luz-a-familias","tag-facua","tag-manifestacion","tag-no-mas-cortes-de-luz","tag-precio-electricidad"],"yoast_head":"<!-- This site is optimized with the Yoast SEO plugin v28.2 - https:\/\/yoast.com\/product\/yoast-seo-wordpress\/ -->\n<title>No m\u00e1s cortes de luz en nuestras viviendas con problemas econ\u00f3micos<\/title>\n<meta name=\"description\" content=\"25 organizaciones de la sociedad civil promueven manifestaciones en toda Espa\u00f1a contra los cortes de luz. \u00a1Mira en t\u00fa ciudad!\" \/>\n<meta name=\"robots\" content=\"index, follow, max-snippet:-1, max-image-preview:large, max-video-preview:-1\" \/>\n<link rel=\"canonical\" href=\"https:\/\/www.aquimicasa.net\/blog\/energia\/electricas\/no-mas-cortes-de-luz-en-nuestras-viviendas\/\" \/>\n<meta property=\"og:locale\" content=\"es_ES\" \/>\n<meta property=\"og:type\" content=\"article\" \/>\n<meta property=\"og:title\" content=\"No m\u00e1s cortes de luz en nuestras viviendas con problemas econ\u00f3micos\" \/>\n<meta property=\"og:description\" content=\"25 organizaciones de la sociedad civil promueven manifestaciones en toda Espa\u00f1a contra los cortes de luz. \u00a1Mira en t\u00fa ciudad!\" \/>\n<meta property=\"og:url\" content=\"https:\/\/www.aquimicasa.net\/blog\/energia\/electricas\/no-mas-cortes-de-luz-en-nuestras-viviendas\/\" \/>\n<meta property=\"og:site_name\" content=\"Blog de aquimicasa.net\" \/>\n<meta property=\"article:publisher\" content=\"https:\/\/www.facebook.com\/aquimicasa.net\" \/>\n<meta property=\"article:published_time\" content=\"2016-12-20T11:40:47+00:00\" \/>\n<meta property=\"article:modified_time\" content=\"2020-04-02T11:55:53+00:00\" \/>\n<meta property=\"og:image\" content=\"https:\/\/www.aquimicasa.net\/blog\/wp-content\/uploads\/apagon21d_1-e1481913596163.jpg\" \/>\n\t<meta property=\"og:image:width\" content=\"350\" \/>\n\t<meta property=\"og:image:height\" content=\"210\" \/>\n\t<meta property=\"og:image:type\" content=\"image\/jpeg\" \/>\n<meta name=\"author\" content=\"Eduardo Lizarraga\" \/>\n<meta name=\"twitter:label1\" content=\"Escrito por\" \/>\n\t<meta name=\"twitter:data1\" content=\"Eduardo Lizarraga\" \/>\n\t<meta name=\"twitter:label2\" content=\"Tiempo de lectura\" \/>\n\t<meta name=\"twitter:data2\" content=\"3 minutos\" \/>\n<script type=\"application\/ld+json\" class=\"yoast-schema-graph\">{\"@context\":\"https:\\\/\\\/schema.org\",\"@graph\":[{\"@type\":\"Article\",\"@id\":\"https:\\\/\\\/www.aquimicasa.net\\\/blog\\\/energia\\\/electricas\\\/no-mas-cortes-de-luz-en-nuestras-viviendas\\\/#article\",\"isPartOf\":{\"@id\":\"https:\\\/\\\/www.aquimicasa.net\\\/blog\\\/energia\\\/electricas\\\/no-mas-cortes-de-luz-en-nuestras-viviendas\\\/\"},\"author\":{\"name\":\"Eduardo Lizarraga\",\"@id\":\"https:\\\/\\\/www.aquimicasa.net\\\/blog\\\/#\\\/schema\\\/person\\\/2cdfa2605534583395c8d7ce1d6cac14\"},\"headline\":\"No m\u00e1s cortes de luz en nuestras viviendas\",\"datePublished\":\"2016-12-20T11:40:47+00:00\",\"dateModified\":\"2020-04-02T11:55:53+00:00\",\"mainEntityOfPage\":{\"@id\":\"https:\\\/\\\/www.aquimicasa.net\\\/blog\\\/energia\\\/electricas\\\/no-mas-cortes-de-luz-en-nuestras-viviendas\\\/\"},\"wordCount\":616,\"commentCount\":0,\"publisher\":{\"@id\":\"https:\\\/\\\/www.aquimicasa.net\\\/blog\\\/#organization\"},\"image\":{\"@id\":\"https:\\\/\\\/www.aquimicasa.net\\\/blog\\\/energia\\\/electricas\\\/no-mas-cortes-de-luz-en-nuestras-viviendas\\\/#primaryimage\"},\"thumbnailUrl\":\"https:\\\/\\\/www.aquimicasa.net\\\/blog\\\/wp-content\\\/uploads\\\/apagon21d_1-e1481913596163.jpg\",\"keywords\":[\"cortes de luz\",\"cortes de luz a familias\",\"Facua\",\"manifestaci\u00f3n\",\"No m\u00e1s cortes de luz\",\"precio electricidad\"],\"articleSection\":[\"El\u00e9ctricas\"],\"inLanguage\":\"es\",\"potentialAction\":[{\"@type\":\"CommentAction\",\"name\":\"Comment\",\"target\":[\"https:\\\/\\\/www.aquimicasa.net\\\/blog\\\/energia\\\/electricas\\\/no-mas-cortes-de-luz-en-nuestras-viviendas\\\/#respond\"]}]},{\"@type\":\"WebPage\",\"@id\":\"https:\\\/\\\/www.aquimicasa.net\\\/blog\\\/energia\\\/electricas\\\/no-mas-cortes-de-luz-en-nuestras-viviendas\\\/\",\"url\":\"https:\\\/\\\/www.aquimicasa.net\\\/blog\\\/energia\\\/electricas\\\/no-mas-cortes-de-luz-en-nuestras-viviendas\\\/\",\"name\":\"No m\u00e1s cortes de luz en nuestras viviendas con problemas econ\u00f3micos\",\"isPartOf\":{\"@id\":\"https:\\\/\\\/www.aquimicasa.net\\\/blog\\\/#website\"},\"primaryImageOfPage\":{\"@id\":\"https:\\\/\\\/www.aquimicasa.net\\\/blog\\\/energia\\\/electricas\\\/no-mas-cortes-de-luz-en-nuestras-viviendas\\\/#primaryimage\"},\"image\":{\"@id\":\"https:\\\/\\\/www.aquimicasa.net\\\/blog\\\/energia\\\/electricas\\\/no-mas-cortes-de-luz-en-nuestras-viviendas\\\/#primaryimage\"},\"thumbnailUrl\":\"https:\\\/\\\/www.aquimicasa.net\\\/blog\\\/wp-content\\\/uploads\\\/apagon21d_1-e1481913596163.jpg\",\"datePublished\":\"2016-12-20T11:40:47+00:00\",\"dateModified\":\"2020-04-02T11:55:53+00:00\",\"description\":\"25 organizaciones de la sociedad civil promueven manifestaciones en toda Espa\u00f1a contra los cortes de luz. \u00a1Mira en t\u00fa ciudad!\",\"breadcrumb\":{\"@id\":\"https:\\\/\\\/www.aquimicasa.net\\\/blog\\\/energia\\\/electricas\\\/no-mas-cortes-de-luz-en-nuestras-viviendas\\\/#breadcrumb\"},\"inLanguage\":\"es\",\"potentialAction\":[{\"@type\":\"ReadAction\",\"target\":[\"https:\\\/\\\/www.aquimicasa.net\\\/blog\\\/energia\\\/electricas\\\/no-mas-cortes-de-luz-en-nuestras-viviendas\\\/\"]}]},{\"@type\":\"ImageObject\",\"inLanguage\":\"es\",\"@id\":\"https:\\\/\\\/www.aquimicasa.net\\\/blog\\\/energia\\\/electricas\\\/no-mas-cortes-de-luz-en-nuestras-viviendas\\\/#primaryimage\",\"url\":\"https:\\\/\\\/www.aquimicasa.net\\\/blog\\\/wp-content\\\/uploads\\\/apagon21d_1-e1481913596163.jpg\",\"contentUrl\":\"https:\\\/\\\/www.aquimicasa.net\\\/blog\\\/wp-content\\\/uploads\\\/apagon21d_1-e1481913596163.jpg\",\"width\":350,\"height\":210},{\"@type\":\"BreadcrumbList\",\"@id\":\"https:\\\/\\\/www.aquimicasa.net\\\/blog\\\/energia\\\/electricas\\\/no-mas-cortes-de-luz-en-nuestras-viviendas\\\/#breadcrumb\",\"itemListElement\":[{\"@type\":\"ListItem\",\"position\":1,\"name\":\"Portada\",\"item\":\"https:\\\/\\\/www.aquimicasa.net\\\/blog\\\/\"},{\"@type\":\"ListItem\",\"position\":2,\"name\":\"No m\u00e1s cortes de luz en nuestras viviendas\"}]},{\"@type\":\"WebSite\",\"@id\":\"https:\\\/\\\/www.aquimicasa.net\\\/blog\\\/#website\",\"url\":\"https:\\\/\\\/www.aquimicasa.net\\\/blog\\\/\",\"name\":\"Blog de aquimicasa.net\",\"description\":\"Noticias del Mundo Inmobiliario\",\"publisher\":{\"@id\":\"https:\\\/\\\/www.aquimicasa.net\\\/blog\\\/#organization\"},\"potentialAction\":[{\"@type\":\"SearchAction\",\"target\":{\"@type\":\"EntryPoint\",\"urlTemplate\":\"https:\\\/\\\/www.aquimicasa.net\\\/blog\\\/?s={search_term_string}\"},\"query-input\":{\"@type\":\"PropertyValueSpecification\",\"valueRequired\":true,\"valueName\":\"search_term_string\"}}],\"inLanguage\":\"es\"},{\"@type\":\"Organization\",\"@id\":\"https:\\\/\\\/www.aquimicasa.net\\\/blog\\\/#organization\",\"name\":\"Blog de aquimicasa.net\",\"url\":\"https:\\\/\\\/www.aquimicasa.net\\\/blog\\\/\",\"logo\":{\"@type\":\"ImageObject\",\"inLanguage\":\"es\",\"@id\":\"https:\\\/\\\/www.aquimicasa.net\\\/blog\\\/#\\\/schema\\\/logo\\\/image\\\/\",\"url\":\"https:\\\/\\\/www.aquimicasa.net\\\/blog\\\/wp-content\\\/uploads\\\/Logo-aquimicasa-1-e1528048213782.png\",\"contentUrl\":\"https:\\\/\\\/www.aquimicasa.net\\\/blog\\\/wp-content\\\/uploads\\\/Logo-aquimicasa-1-e1528048213782.png\",\"width\":225,\"height\":225,\"caption\":\"Blog de aquimicasa.net\"},\"image\":{\"@id\":\"https:\\\/\\\/www.aquimicasa.net\\\/blog\\\/#\\\/schema\\\/logo\\\/image\\\/\"},\"sameAs\":[\"https:\\\/\\\/www.facebook.com\\\/aquimicasa.net\",\"https:\\\/\\\/www.instagram.com\\\/\",\"https:\\\/\\\/x.com\\\/EduLizarragaD\",\"https:\\\/\\\/www.linkedin.com\\\/feed\\\/\"]},{\"@type\":\"Person\",\"@id\":\"https:\\\/\\\/www.aquimicasa.net\\\/blog\\\/#\\\/schema\\\/person\\\/2cdfa2605534583395c8d7ce1d6cac14\",\"name\":\"Eduardo Lizarraga\",\"image\":{\"@type\":\"ImageObject\",\"inLanguage\":\"es\",\"@id\":\"https:\\\/\\\/secure.gravatar.com\\\/avatar\\\/bdabe1eeeed97b65a9cb7de2edd624b07995f7e13abc5fead15961f745f908cc?s=96&d=mm&r=g\",\"url\":\"https:\\\/\\\/secure.gravatar.com\\\/avatar\\\/bdabe1eeeed97b65a9cb7de2edd624b07995f7e13abc5fead15961f745f908cc?s=96&d=mm&r=g\",\"contentUrl\":\"https:\\\/\\\/secure.gravatar.com\\\/avatar\\\/bdabe1eeeed97b65a9cb7de2edd624b07995f7e13abc5fead15961f745f908cc?s=96&d=mm&r=g\",\"caption\":\"Eduardo Lizarraga\"},\"description\":\"Periodista Econ\u00f3mico. Ha trabajado en diversos campos de la informaci\u00f3n. Corresponsal en conflictos, analista pol\u00edtico en Congreso y Senado, periodista del medio ambiente, editor, director editorial, director de comunicaci\u00f3n.... En estos momentos se ha especializado en el sector inmobiliario. Pero tambi\u00e9n es navegante y viajero, preocupado por la pobreza, el medio ambiente y por las actuaciones descontroladas del neoliberalismo empresarial y pol\u00edtico en todo el mundo. Los desahucios, la pobreza infantil y la falta de acceso a los suministros b\u00e1sicos son algunos de los grandes dramas de nuestra sociedad y que es preciso solucionar para hacerla m\u00e1s justa. CEO en www.aquimicasa.net\",\"sameAs\":[\"https:\\\/\\\/www.aquimicasa.net\\\/\"],\"url\":\"https:\\\/\\\/www.aquimicasa.net\\\/blog\\\/author\\\/eduardo\\\/\"}]}<\/script>\n<!-- \/ Yoast SEO plugin. -->","yoast_head_json":{"title":"No m\u00e1s cortes de luz en nuestras viviendas con problemas econ\u00f3micos","description":"25 organizaciones de la sociedad civil promueven manifestaciones en toda Espa\u00f1a contra los cortes de luz. \u00a1Mira en t\u00fa ciudad!","robots":{"index":"index","follow":"follow","max-snippet":"max-snippet:-1","max-image-preview":"max-image-preview:large","max-video-preview":"max-video-preview:-1"},"canonical":"https:\/\/www.aquimicasa.net\/blog\/energia\/electricas\/no-mas-cortes-de-luz-en-nuestras-viviendas\/","og_locale":"es_ES","og_type":"article","og_title":"No m\u00e1s cortes de luz en nuestras viviendas con problemas econ\u00f3micos","og_description":"25 organizaciones de la sociedad civil promueven manifestaciones en toda Espa\u00f1a contra los cortes de luz. \u00a1Mira en t\u00fa ciudad!","og_url":"https:\/\/www.aquimicasa.net\/blog\/energia\/electricas\/no-mas-cortes-de-luz-en-nuestras-viviendas\/","og_site_name":"Blog de aquimicasa.net","article_publisher":"https:\/\/www.facebook.com\/aquimicasa.net","article_published_time":"2016-12-20T11:40:47+00:00","article_modified_time":"2020-04-02T11:55:53+00:00","og_image":[{"width":350,"height":210,"url":"https:\/\/www.aquimicasa.net\/blog\/wp-content\/uploads\/apagon21d_1-e1481913596163.jpg","type":"image\/jpeg"}],"author":"Eduardo Lizarraga","twitter_misc":{"Escrito por":"Eduardo Lizarraga","Tiempo de lectura":"3 minutos"},"schema":{"@context":"https:\/\/schema.org","@graph":[{"@type":"Article","@id":"https:\/\/www.aquimicasa.net\/blog\/energia\/electricas\/no-mas-cortes-de-luz-en-nuestras-viviendas\/#article","isPartOf":{"@id":"https:\/\/www.aquimicasa.net\/blog\/energia\/electricas\/no-mas-cortes-de-luz-en-nuestras-viviendas\/"},"author":{"name":"Eduardo Lizarraga","@id":"https:\/\/www.aquimicasa.net\/blog\/#\/schema\/person\/2cdfa2605534583395c8d7ce1d6cac14"},"headline":"No m\u00e1s cortes de luz en nuestras viviendas","datePublished":"2016-12-20T11:40:47+00:00","dateModified":"2020-04-02T11:55:53+00:00","mainEntityOfPage":{"@id":"https:\/\/www.aquimicasa.net\/blog\/energia\/electricas\/no-mas-cortes-de-luz-en-nuestras-viviendas\/"},"wordCount":616,"commentCount":0,"publisher":{"@id":"https:\/\/www.aquimicasa.net\/blog\/#organization"},"image":{"@id":"https:\/\/www.aquimicasa.net\/blog\/energia\/electricas\/no-mas-cortes-de-luz-en-nuestras-viviendas\/#primaryimage"},"thumbnailUrl":"https:\/\/www.aquimicasa.net\/blog\/wp-content\/uploads\/apagon21d_1-e1481913596163.jpg","keywords":["cortes de luz","cortes de luz a familias","Facua","manifestaci\u00f3n","No m\u00e1s cortes de luz","precio electricidad"],"articleSection":["El\u00e9ctricas"],"inLanguage":"es","potentialAction":[{"@type":"CommentAction","name":"Comment","target":["https:\/\/www.aquimicasa.net\/blog\/energia\/electricas\/no-mas-cortes-de-luz-en-nuestras-viviendas\/#respond"]}]},{"@type":"WebPage","@id":"https:\/\/www.aquimicasa.net\/blog\/energia\/electricas\/no-mas-cortes-de-luz-en-nuestras-viviendas\/","url":"https:\/\/www.aquimicasa.net\/blog\/energia\/electricas\/no-mas-cortes-de-luz-en-nuestras-viviendas\/","name":"No m\u00e1s cortes de luz en nuestras viviendas con problemas econ\u00f3micos","isPartOf":{"@id":"https:\/\/www.aquimicasa.net\/blog\/#website"},"primaryImageOfPage":{"@id":"https:\/\/www.aquimicasa.net\/blog\/energia\/electricas\/no-mas-cortes-de-luz-en-nuestras-viviendas\/#primaryimage"},"image":{"@id":"https:\/\/www.aquimicasa.net\/blog\/energia\/electricas\/no-mas-cortes-de-luz-en-nuestras-viviendas\/#primaryimage"},"thumbnailUrl":"https:\/\/www.aquimicasa.net\/blog\/wp-content\/uploads\/apagon21d_1-e1481913596163.jpg","datePublished":"2016-12-20T11:40:47+00:00","dateModified":"2020-04-02T11:55:53+00:00","description":"25 organizaciones de la sociedad civil promueven manifestaciones en toda Espa\u00f1a contra los cortes de luz. \u00a1Mira en t\u00fa ciudad!","breadcrumb":{"@id":"https:\/\/www.aquimicasa.net\/blog\/energia\/electricas\/no-mas-cortes-de-luz-en-nuestras-viviendas\/#breadcrumb"},"inLanguage":"es","potentialAction":[{"@type":"ReadAction","target":["https:\/\/www.aquimicasa.net\/blog\/energia\/electricas\/no-mas-cortes-de-luz-en-nuestras-viviendas\/"]}]},{"@type":"ImageObject","inLanguage":"es","@id":"https:\/\/www.aquimicasa.net\/blog\/energia\/electricas\/no-mas-cortes-de-luz-en-nuestras-viviendas\/#primaryimage","url":"https:\/\/www.aquimicasa.net\/blog\/wp-content\/uploads\/apagon21d_1-e1481913596163.jpg","contentUrl":"https:\/\/www.aquimicasa.net\/blog\/wp-content\/uploads\/apagon21d_1-e1481913596163.jpg","width":350,"height":210},{"@type":"BreadcrumbList","@id":"https:\/\/www.aquimicasa.net\/blog\/energia\/electricas\/no-mas-cortes-de-luz-en-nuestras-viviendas\/#breadcrumb","itemListElement":[{"@type":"ListItem","position":1,"name":"Portada","item":"https:\/\/www.aquimicasa.net\/blog\/"},{"@type":"ListItem","position":2,"name":"No m\u00e1s cortes de luz en nuestras viviendas"}]},{"@type":"WebSite","@id":"https:\/\/www.aquimicasa.net\/blog\/#website","url":"https:\/\/www.aquimicasa.net\/blog\/","name":"Blog de aquimicasa.net","description":"Noticias del Mundo Inmobiliario","publisher":{"@id":"https:\/\/www.aquimicasa.net\/blog\/#organization"},"potentialAction":[{"@type":"SearchAction","target":{"@type":"EntryPoint","urlTemplate":"https:\/\/www.aquimicasa.net\/blog\/?s={search_term_string}"},"query-input":{"@type":"PropertyValueSpecification","valueRequired":true,"valueName":"search_term_string"}}],"inLanguage":"es"},{"@type":"Organization","@id":"https:\/\/www.aquimicasa.net\/blog\/#organization","name":"Blog de aquimicasa.net","url":"https:\/\/www.aquimicasa.net\/blog\/","logo":{"@type":"ImageObject","inLanguage":"es","@id":"https:\/\/www.aquimicasa.net\/blog\/#\/schema\/logo\/image\/","url":"https:\/\/www.aquimicasa.net\/blog\/wp-content\/uploads\/Logo-aquimicasa-1-e1528048213782.png","contentUrl":"https:\/\/www.aquimicasa.net\/blog\/wp-content\/uploads\/Logo-aquimicasa-1-e1528048213782.png","width":225,"height":225,"caption":"Blog de aquimicasa.net"},"image":{"@id":"https:\/\/www.aquimicasa.net\/blog\/#\/schema\/logo\/image\/"},"sameAs":["https:\/\/www.facebook.com\/aquimicasa.net","https:\/\/www.instagram.com\/","https:\/\/x.com\/EduLizarragaD","https:\/\/www.linkedin.com\/feed\/"]},{"@type":"Person","@id":"https:\/\/www.aquimicasa.net\/blog\/#\/schema\/person\/2cdfa2605534583395c8d7ce1d6cac14","name":"Eduardo Lizarraga","image":{"@type":"ImageObject","inLanguage":"es","@id":"https:\/\/secure.gravatar.com\/avatar\/bdabe1eeeed97b65a9cb7de2edd624b07995f7e13abc5fead15961f745f908cc?s=96&d=mm&r=g","url":"https:\/\/secure.gravatar.com\/avatar\/bdabe1eeeed97b65a9cb7de2edd624b07995f7e13abc5fead15961f745f908cc?s=96&d=mm&r=g","contentUrl":"https:\/\/secure.gravatar.com\/avatar\/bdabe1eeeed97b65a9cb7de2edd624b07995f7e13abc5fead15961f745f908cc?s=96&d=mm&r=g","caption":"Eduardo Lizarraga"},"description":"Periodista Econ\u00f3mico. Ha trabajado en diversos campos de la informaci\u00f3n. Corresponsal en conflictos, analista pol\u00edtico en Congreso y Senado, periodista del medio ambiente, editor, director editorial, director de comunicaci\u00f3n.... En estos momentos se ha especializado en el sector inmobiliario. Pero tambi\u00e9n es navegante y viajero, preocupado por la pobreza, el medio ambiente y por las actuaciones descontroladas del neoliberalismo empresarial y pol\u00edtico en todo el mundo. Los desahucios, la pobreza infantil y la falta de acceso a los suministros b\u00e1sicos son algunos de los grandes dramas de nuestra sociedad y que es preciso solucionar para hacerla m\u00e1s justa. CEO en www.aquimicasa.net","sameAs":["https:\/\/www.aquimicasa.net\/"],"url":"https:\/\/www.aquimicasa.net\/blog\/author\/eduardo\/"}]}},"jetpack_publicize_connections":[],"jetpack_featured_media_url":"https:\/\/www.aquimicasa.net\/blog\/wp-content\/uploads\/apagon21d_1-e1481913596163.jpg","jetpack_sharing_enabled":true,"jetpack_likes_enabled":true,"_links":{"self":[{"href":"https:\/\/www.aquimicasa.net\/blog\/wp-json\/wp\/v2\/posts\/13815","targetHints":{"allow":["GET"]}}],"collection":[{"href":"https:\/\/www.aquimicasa.net\/blog\/wp-json\/wp\/v2\/posts"}],"about":[{"href":"https:\/\/www.aquimicasa.net\/blog\/wp-json\/wp\/v2\/types\/post"}],"author":[{"embeddable":true,"href":"https:\/\/www.aquimicasa.net\/blog\/wp-json\/wp\/v2\/users\/3"}],"replies":[{"embeddable":true,"href":"https:\/\/www.aquimicasa.net\/blog\/wp-json\/wp\/v2\/comments?post=13815"}],"version-history":[{"count":1,"href":"https:\/\/www.aquimicasa.net\/blog\/wp-json\/wp\/v2\/posts\/13815\/revisions"}],"predecessor-version":[{"id":30468,"href":"https:\/\/www.aquimicasa.net\/blog\/wp-json\/wp\/v2\/posts\/13815\/revisions\/30468"}],"wp:featuredmedia":[{"embeddable":true,"href":"https:\/\/www.aquimicasa.net\/blog\/wp-json\/wp\/v2\/media\/13765"}],"wp:attachment":[{"href":"https:\/\/www.aquimicasa.net\/blog\/wp-json\/wp\/v2\/media?parent=13815"}],"wp:term":[{"taxonomy":"category","embeddable":true,"href":"https:\/\/www.aquimicasa.net\/blog\/wp-json\/wp\/v2\/categories?post=13815"},{"taxonomy":"post_tag","embeddable":true,"href":"https:\/\/www.aquimicasa.net\/blog\/wp-json\/wp\/v2\/tags?post=13815"}],"curies":[{"name":"wp","href":"https:\/\/api.w.org\/{rel}","templated":true}]}}