{"id":13817,"date":"2016-12-24T13:57:33","date_gmt":"2016-12-24T12:57:33","guid":{"rendered":"https:\/\/www.aquimicasa.net\/blog\/?p=13817"},"modified":"2020-04-02T18:23:04","modified_gmt":"2020-04-02T16:23:04","slug":"andalucia-ningunea-a-los-consumidores","status":"publish","type":"post","link":"https:\/\/www.aquimicasa.net\/blog\/consumo\/asociacion-de-consumidores\/andalucia-ningunea-a-los-consumidores\/","title":{"rendered":"Andaluc\u00eda ningunea a los consumidores"},"content":{"rendered":"<p>Con una dotaci\u00f3n presupuestaria ya rid\u00edcula, la Junta de Andaluc\u00eda vuelve a demostrar la importancia que da a los consumidores baj\u00e1ndola un poco m\u00e1s y dej\u00e1ndolos cada vez m\u00e1s inermes ante los intereses y fraudes de las empresas. <\/p>\n<p>El programa espec\u00edfico de consumo, en los presupuestos de la Junta de Andaluc\u00eda, presenta una dotaci\u00f3n presupuestaria para 2017 de 14.714.423 euros, esto es, un 3,3% menos que en 2016. Por ello, el Consejo de Personas Consumidoras y Usuarias de Andaluc\u00eda (Cpcua), m\u00e1ximo \u00f3rgano de consulta y representaci\u00f3n de las personas consumidoras y usuarias de Andaluc\u00eda, considera <strong>absolutamente rid\u00edcula la partida<\/strong> destinada a las pol\u00edticas de consumo y advierte de que esta escasa apuesta por el movimiento de consumidores en la comunidad aumentar\u00e1 los abusos y fraudes de las empresas.<\/p>\n<p>El Consejo, integrado por las <strong>asociaciones de consumidores<\/strong> Adicae-Andaluc\u00eda; Al-Andalus; FACUA Andaluc\u00eda y UCA-UCE, se\u00f1ala que Andaluc\u00eda se encuentra en estos momentos sin aut\u00e9nticas pol\u00edticas p\u00fablicas de <strong>protecci\u00f3n a los consumidores<\/strong>. No hay modelo, planificaci\u00f3n y operativa, y sobre todo, denuncia el Consejo, carece de los recursos necesarios para abordar en estas pol\u00edticas una tarea que cada vez es m\u00e1s ardua y compleja, lo que contribuye as\u00ed al aumento de la brecha de la desigualdad social.<\/p>\n<p>La crisis econ\u00f3mica se ha llevado por delante muchos de los avances sociales conquistados durante d\u00e9cadas y ha marcado una tendencia en los \u00faltimos a\u00f1os de incremento de los fraudes y abusos de las empresas. Hecho que pone a\u00fan m\u00e1s de relevancia el que los presupuestos p\u00fablicos garanticen la cohesi\u00f3n social, otorgando a las pol\u00edticas de consumo la consideraci\u00f3n de verdaderas pol\u00edticas sociales.<\/p>\n<p>Con unos presupuestos para consumo en 2017 que no recuperan los niveles anteriores a la crisis, dado que no igualan ni siquiera la partida presupuestaria de 2009, se produce una merma del papel de las <strong>asociaciones de consumidores<\/strong> como garantes de la <strong>protecci\u00f3n de los derechos<\/strong> de las personas consumidoras, frente a los abusos de las empresas.<\/p>\n<p>El Consejo considera fundamental en este sentido el apoyo institucional y el <strong>aumento de las ayudas p\u00fablicas<\/strong>, as\u00ed como una tramitaci\u00f3n y gesti\u00f3n eficaz y m\u00e1s \u00fatil de las mismas, incorporando las subvenciones destinadas a las actuaciones y programas de las organizaciones de consumidores y usuarios, federaciones y asociaciones al marco especial del art\u00edculo 29 de la Ley del Presupuesto de la Comunidad Aut\u00f3noma de Andaluc\u00eda para el a\u00f1o 2017.<\/p>\n","protected":false},"excerpt":{"rendered":"<p>Los consumidores en Andaluc\u00eda sufren a Susana D\u00edaz que prefiere apoyar a las empresas<\/p>\n","protected":false},"author":3,"featured_media":12953,"comment_status":"open","ping_status":"open","sticky":false,"template":"","format":"standard","meta":{"_jetpack_memberships_contains_paid_content":false,"footnotes":"","jetpack_publicize_message":"","jetpack_publicize_feature_enabled":true,"jetpack_social_post_already_shared":true,"jetpack_social_options":{"image_generator_settings":{"template":"highway","default_image_id":0,"font":"","enabled":false},"version":2}},"categories":[641,7512,7563,7564],"tags":[2854,222,2855,2856,2857],"class_list":["post-13817","post","type-post","status-publish","format-standard","has-post-thumbnail","hentry","category-asociacion-de-consumidores","category-consumidores","category-noticias-consumo","category-noticias-economia","tag-abusos-de-empresas","tag-andalucia","tag-fraudes-de-empresas","tag-partida-presupuestaria","tag-politicas-publicas"],"yoast_head":"<!-- This site is optimized with the Yoast SEO plugin v28.2 - https:\/\/yoast.com\/product\/yoast-seo-wordpress\/ -->\n<title>Andaluc\u00eda ningunea a los consumidores frente a las empresas<\/title>\n<meta name=\"description\" content=\"Con una dotaci\u00f3n presupuestaria ya rid\u00edcula, la Junta de Andaluc\u00eda vuelve a demostrar la importancia que da a los consumidores baj\u00e1ndola un poco m\u00e1s\" \/>\n<meta name=\"robots\" content=\"index, follow, max-snippet:-1, max-image-preview:large, max-video-preview:-1\" \/>\n<link rel=\"canonical\" href=\"https:\/\/www.aquimicasa.net\/blog\/consumo\/asociacion-de-consumidores\/andalucia-ningunea-a-los-consumidores\/\" \/>\n<meta property=\"og:locale\" content=\"es_ES\" \/>\n<meta property=\"og:type\" content=\"article\" \/>\n<meta property=\"og:title\" content=\"Andaluc\u00eda ningunea a los consumidores frente a las empresas\" \/>\n<meta property=\"og:description\" content=\"Con una dotaci\u00f3n presupuestaria ya rid\u00edcula, la Junta de Andaluc\u00eda vuelve a demostrar la importancia que da a los consumidores baj\u00e1ndola un poco m\u00e1s\" \/>\n<meta property=\"og:url\" content=\"https:\/\/www.aquimicasa.net\/blog\/consumo\/asociacion-de-consumidores\/andalucia-ningunea-a-los-consumidores\/\" \/>\n<meta property=\"og:site_name\" content=\"Blog de aquimicasa.net\" \/>\n<meta property=\"article:publisher\" content=\"https:\/\/www.facebook.com\/aquimicasa.net\" \/>\n<meta property=\"article:published_time\" content=\"2016-12-24T12:57:33+00:00\" \/>\n<meta property=\"article:modified_time\" content=\"2020-04-02T16:23:04+00:00\" \/>\n<meta property=\"og:image\" content=\"https:\/\/www.aquimicasa.net\/blog\/wp-content\/uploads\/desigualdad-e1482583836687.jpg\" \/>\n\t<meta property=\"og:image:width\" content=\"300\" \/>\n\t<meta property=\"og:image:height\" content=\"232\" \/>\n\t<meta property=\"og:image:type\" content=\"image\/jpeg\" \/>\n<meta name=\"author\" content=\"Eduardo Lizarraga\" \/>\n<meta name=\"twitter:label1\" content=\"Escrito por\" \/>\n\t<meta name=\"twitter:data1\" content=\"Eduardo Lizarraga\" \/>\n\t<meta name=\"twitter:label2\" content=\"Tiempo de lectura\" \/>\n\t<meta name=\"twitter:data2\" content=\"2 minutos\" \/>\n<script type=\"application\/ld+json\" class=\"yoast-schema-graph\">{\"@context\":\"https:\\\/\\\/schema.org\",\"@graph\":[{\"@type\":\"Article\",\"@id\":\"https:\\\/\\\/www.aquimicasa.net\\\/blog\\\/consumo\\\/asociacion-de-consumidores\\\/andalucia-ningunea-a-los-consumidores\\\/#article\",\"isPartOf\":{\"@id\":\"https:\\\/\\\/www.aquimicasa.net\\\/blog\\\/consumo\\\/asociacion-de-consumidores\\\/andalucia-ningunea-a-los-consumidores\\\/\"},\"author\":{\"name\":\"Eduardo Lizarraga\",\"@id\":\"https:\\\/\\\/www.aquimicasa.net\\\/blog\\\/#\\\/schema\\\/person\\\/2cdfa2605534583395c8d7ce1d6cac14\"},\"headline\":\"Andaluc\u00eda ningunea a los consumidores\",\"datePublished\":\"2016-12-24T12:57:33+00:00\",\"dateModified\":\"2020-04-02T16:23:04+00:00\",\"mainEntityOfPage\":{\"@id\":\"https:\\\/\\\/www.aquimicasa.net\\\/blog\\\/consumo\\\/asociacion-de-consumidores\\\/andalucia-ningunea-a-los-consumidores\\\/\"},\"wordCount\":438,\"commentCount\":0,\"publisher\":{\"@id\":\"https:\\\/\\\/www.aquimicasa.net\\\/blog\\\/#organization\"},\"image\":{\"@id\":\"https:\\\/\\\/www.aquimicasa.net\\\/blog\\\/consumo\\\/asociacion-de-consumidores\\\/andalucia-ningunea-a-los-consumidores\\\/#primaryimage\"},\"thumbnailUrl\":\"https:\\\/\\\/www.aquimicasa.net\\\/blog\\\/wp-content\\\/uploads\\\/desigualdad-e1482583836687.jpg\",\"keywords\":[\"abusos de empresas\",\"Andaluc\u00eda\",\"fraudes de empresas\",\"partida presupuestaria\",\"pol\u00edticas p\u00fablicas\"],\"articleSection\":[\"Asociaciones de Consumidores\",\"Consumidores\",\"Noticias Consumo\",\"Noticias Econom\u00eda\"],\"inLanguage\":\"es\",\"potentialAction\":[{\"@type\":\"CommentAction\",\"name\":\"Comment\",\"target\":[\"https:\\\/\\\/www.aquimicasa.net\\\/blog\\\/consumo\\\/asociacion-de-consumidores\\\/andalucia-ningunea-a-los-consumidores\\\/#respond\"]}]},{\"@type\":\"WebPage\",\"@id\":\"https:\\\/\\\/www.aquimicasa.net\\\/blog\\\/consumo\\\/asociacion-de-consumidores\\\/andalucia-ningunea-a-los-consumidores\\\/\",\"url\":\"https:\\\/\\\/www.aquimicasa.net\\\/blog\\\/consumo\\\/asociacion-de-consumidores\\\/andalucia-ningunea-a-los-consumidores\\\/\",\"name\":\"Andaluc\u00eda ningunea a los consumidores frente a las empresas\",\"isPartOf\":{\"@id\":\"https:\\\/\\\/www.aquimicasa.net\\\/blog\\\/#website\"},\"primaryImageOfPage\":{\"@id\":\"https:\\\/\\\/www.aquimicasa.net\\\/blog\\\/consumo\\\/asociacion-de-consumidores\\\/andalucia-ningunea-a-los-consumidores\\\/#primaryimage\"},\"image\":{\"@id\":\"https:\\\/\\\/www.aquimicasa.net\\\/blog\\\/consumo\\\/asociacion-de-consumidores\\\/andalucia-ningunea-a-los-consumidores\\\/#primaryimage\"},\"thumbnailUrl\":\"https:\\\/\\\/www.aquimicasa.net\\\/blog\\\/wp-content\\\/uploads\\\/desigualdad-e1482583836687.jpg\",\"datePublished\":\"2016-12-24T12:57:33+00:00\",\"dateModified\":\"2020-04-02T16:23:04+00:00\",\"description\":\"Con una dotaci\u00f3n presupuestaria ya rid\u00edcula, la Junta de Andaluc\u00eda vuelve a demostrar la importancia que da a los consumidores baj\u00e1ndola un poco m\u00e1s\",\"breadcrumb\":{\"@id\":\"https:\\\/\\\/www.aquimicasa.net\\\/blog\\\/consumo\\\/asociacion-de-consumidores\\\/andalucia-ningunea-a-los-consumidores\\\/#breadcrumb\"},\"inLanguage\":\"es\",\"potentialAction\":[{\"@type\":\"ReadAction\",\"target\":[\"https:\\\/\\\/www.aquimicasa.net\\\/blog\\\/consumo\\\/asociacion-de-consumidores\\\/andalucia-ningunea-a-los-consumidores\\\/\"]}]},{\"@type\":\"ImageObject\",\"inLanguage\":\"es\",\"@id\":\"https:\\\/\\\/www.aquimicasa.net\\\/blog\\\/consumo\\\/asociacion-de-consumidores\\\/andalucia-ningunea-a-los-consumidores\\\/#primaryimage\",\"url\":\"https:\\\/\\\/www.aquimicasa.net\\\/blog\\\/wp-content\\\/uploads\\\/desigualdad-e1482583836687.jpg\",\"contentUrl\":\"https:\\\/\\\/www.aquimicasa.net\\\/blog\\\/wp-content\\\/uploads\\\/desigualdad-e1482583836687.jpg\",\"width\":300,\"height\":232,\"caption\":\"Asociaciones de consumidores\"},{\"@type\":\"BreadcrumbList\",\"@id\":\"https:\\\/\\\/www.aquimicasa.net\\\/blog\\\/consumo\\\/asociacion-de-consumidores\\\/andalucia-ningunea-a-los-consumidores\\\/#breadcrumb\",\"itemListElement\":[{\"@type\":\"ListItem\",\"position\":1,\"name\":\"Portada\",\"item\":\"https:\\\/\\\/www.aquimicasa.net\\\/blog\\\/\"},{\"@type\":\"ListItem\",\"position\":2,\"name\":\"Andaluc\u00eda ningunea a los consumidores\"}]},{\"@type\":\"WebSite\",\"@id\":\"https:\\\/\\\/www.aquimicasa.net\\\/blog\\\/#website\",\"url\":\"https:\\\/\\\/www.aquimicasa.net\\\/blog\\\/\",\"name\":\"Blog de aquimicasa.net\",\"description\":\"Noticias del Mundo Inmobiliario\",\"publisher\":{\"@id\":\"https:\\\/\\\/www.aquimicasa.net\\\/blog\\\/#organization\"},\"potentialAction\":[{\"@type\":\"SearchAction\",\"target\":{\"@type\":\"EntryPoint\",\"urlTemplate\":\"https:\\\/\\\/www.aquimicasa.net\\\/blog\\\/?s={search_term_string}\"},\"query-input\":{\"@type\":\"PropertyValueSpecification\",\"valueRequired\":true,\"valueName\":\"search_term_string\"}}],\"inLanguage\":\"es\"},{\"@type\":\"Organization\",\"@id\":\"https:\\\/\\\/www.aquimicasa.net\\\/blog\\\/#organization\",\"name\":\"Blog de aquimicasa.net\",\"url\":\"https:\\\/\\\/www.aquimicasa.net\\\/blog\\\/\",\"logo\":{\"@type\":\"ImageObject\",\"inLanguage\":\"es\",\"@id\":\"https:\\\/\\\/www.aquimicasa.net\\\/blog\\\/#\\\/schema\\\/logo\\\/image\\\/\",\"url\":\"https:\\\/\\\/www.aquimicasa.net\\\/blog\\\/wp-content\\\/uploads\\\/Logo-aquimicasa-1-e1528048213782.png\",\"contentUrl\":\"https:\\\/\\\/www.aquimicasa.net\\\/blog\\\/wp-content\\\/uploads\\\/Logo-aquimicasa-1-e1528048213782.png\",\"width\":225,\"height\":225,\"caption\":\"Blog de aquimicasa.net\"},\"image\":{\"@id\":\"https:\\\/\\\/www.aquimicasa.net\\\/blog\\\/#\\\/schema\\\/logo\\\/image\\\/\"},\"sameAs\":[\"https:\\\/\\\/www.facebook.com\\\/aquimicasa.net\",\"https:\\\/\\\/www.instagram.com\\\/\",\"https:\\\/\\\/x.com\\\/EduLizarragaD\",\"https:\\\/\\\/www.linkedin.com\\\/feed\\\/\"]},{\"@type\":\"Person\",\"@id\":\"https:\\\/\\\/www.aquimicasa.net\\\/blog\\\/#\\\/schema\\\/person\\\/2cdfa2605534583395c8d7ce1d6cac14\",\"name\":\"Eduardo Lizarraga\",\"image\":{\"@type\":\"ImageObject\",\"inLanguage\":\"es\",\"@id\":\"https:\\\/\\\/secure.gravatar.com\\\/avatar\\\/bdabe1eeeed97b65a9cb7de2edd624b07995f7e13abc5fead15961f745f908cc?s=96&d=mm&r=g\",\"url\":\"https:\\\/\\\/secure.gravatar.com\\\/avatar\\\/bdabe1eeeed97b65a9cb7de2edd624b07995f7e13abc5fead15961f745f908cc?s=96&d=mm&r=g\",\"contentUrl\":\"https:\\\/\\\/secure.gravatar.com\\\/avatar\\\/bdabe1eeeed97b65a9cb7de2edd624b07995f7e13abc5fead15961f745f908cc?s=96&d=mm&r=g\",\"caption\":\"Eduardo Lizarraga\"},\"description\":\"Periodista Econ\u00f3mico. Ha trabajado en diversos campos de la informaci\u00f3n. Corresponsal en conflictos, analista pol\u00edtico en Congreso y Senado, periodista del medio ambiente, editor, director editorial, director de comunicaci\u00f3n.... En estos momentos se ha especializado en el sector inmobiliario. Pero tambi\u00e9n es navegante y viajero, preocupado por la pobreza, el medio ambiente y por las actuaciones descontroladas del neoliberalismo empresarial y pol\u00edtico en todo el mundo. Los desahucios, la pobreza infantil y la falta de acceso a los suministros b\u00e1sicos son algunos de los grandes dramas de nuestra sociedad y que es preciso solucionar para hacerla m\u00e1s justa. CEO en www.aquimicasa.net\",\"sameAs\":[\"https:\\\/\\\/www.aquimicasa.net\\\/\"],\"url\":\"https:\\\/\\\/www.aquimicasa.net\\\/blog\\\/author\\\/eduardo\\\/\"}]}<\/script>\n<!-- \/ Yoast SEO plugin. -->","yoast_head_json":{"title":"Andaluc\u00eda ningunea a los consumidores frente a las empresas","description":"Con una dotaci\u00f3n presupuestaria ya rid\u00edcula, la Junta de Andaluc\u00eda vuelve a demostrar la importancia que da a los consumidores baj\u00e1ndola un poco m\u00e1s","robots":{"index":"index","follow":"follow","max-snippet":"max-snippet:-1","max-image-preview":"max-image-preview:large","max-video-preview":"max-video-preview:-1"},"canonical":"https:\/\/www.aquimicasa.net\/blog\/consumo\/asociacion-de-consumidores\/andalucia-ningunea-a-los-consumidores\/","og_locale":"es_ES","og_type":"article","og_title":"Andaluc\u00eda ningunea a los consumidores frente a las empresas","og_description":"Con una dotaci\u00f3n presupuestaria ya rid\u00edcula, la Junta de Andaluc\u00eda vuelve a demostrar la importancia que da a los consumidores baj\u00e1ndola un poco m\u00e1s","og_url":"https:\/\/www.aquimicasa.net\/blog\/consumo\/asociacion-de-consumidores\/andalucia-ningunea-a-los-consumidores\/","og_site_name":"Blog de aquimicasa.net","article_publisher":"https:\/\/www.facebook.com\/aquimicasa.net","article_published_time":"2016-12-24T12:57:33+00:00","article_modified_time":"2020-04-02T16:23:04+00:00","og_image":[{"width":300,"height":232,"url":"https:\/\/www.aquimicasa.net\/blog\/wp-content\/uploads\/desigualdad-e1482583836687.jpg","type":"image\/jpeg"}],"author":"Eduardo Lizarraga","twitter_misc":{"Escrito por":"Eduardo Lizarraga","Tiempo de lectura":"2 minutos"},"schema":{"@context":"https:\/\/schema.org","@graph":[{"@type":"Article","@id":"https:\/\/www.aquimicasa.net\/blog\/consumo\/asociacion-de-consumidores\/andalucia-ningunea-a-los-consumidores\/#article","isPartOf":{"@id":"https:\/\/www.aquimicasa.net\/blog\/consumo\/asociacion-de-consumidores\/andalucia-ningunea-a-los-consumidores\/"},"author":{"name":"Eduardo Lizarraga","@id":"https:\/\/www.aquimicasa.net\/blog\/#\/schema\/person\/2cdfa2605534583395c8d7ce1d6cac14"},"headline":"Andaluc\u00eda ningunea a los consumidores","datePublished":"2016-12-24T12:57:33+00:00","dateModified":"2020-04-02T16:23:04+00:00","mainEntityOfPage":{"@id":"https:\/\/www.aquimicasa.net\/blog\/consumo\/asociacion-de-consumidores\/andalucia-ningunea-a-los-consumidores\/"},"wordCount":438,"commentCount":0,"publisher":{"@id":"https:\/\/www.aquimicasa.net\/blog\/#organization"},"image":{"@id":"https:\/\/www.aquimicasa.net\/blog\/consumo\/asociacion-de-consumidores\/andalucia-ningunea-a-los-consumidores\/#primaryimage"},"thumbnailUrl":"https:\/\/www.aquimicasa.net\/blog\/wp-content\/uploads\/desigualdad-e1482583836687.jpg","keywords":["abusos de empresas","Andaluc\u00eda","fraudes de empresas","partida presupuestaria","pol\u00edticas p\u00fablicas"],"articleSection":["Asociaciones de Consumidores","Consumidores","Noticias Consumo","Noticias Econom\u00eda"],"inLanguage":"es","potentialAction":[{"@type":"CommentAction","name":"Comment","target":["https:\/\/www.aquimicasa.net\/blog\/consumo\/asociacion-de-consumidores\/andalucia-ningunea-a-los-consumidores\/#respond"]}]},{"@type":"WebPage","@id":"https:\/\/www.aquimicasa.net\/blog\/consumo\/asociacion-de-consumidores\/andalucia-ningunea-a-los-consumidores\/","url":"https:\/\/www.aquimicasa.net\/blog\/consumo\/asociacion-de-consumidores\/andalucia-ningunea-a-los-consumidores\/","name":"Andaluc\u00eda ningunea a los consumidores frente a las empresas","isPartOf":{"@id":"https:\/\/www.aquimicasa.net\/blog\/#website"},"primaryImageOfPage":{"@id":"https:\/\/www.aquimicasa.net\/blog\/consumo\/asociacion-de-consumidores\/andalucia-ningunea-a-los-consumidores\/#primaryimage"},"image":{"@id":"https:\/\/www.aquimicasa.net\/blog\/consumo\/asociacion-de-consumidores\/andalucia-ningunea-a-los-consumidores\/#primaryimage"},"thumbnailUrl":"https:\/\/www.aquimicasa.net\/blog\/wp-content\/uploads\/desigualdad-e1482583836687.jpg","datePublished":"2016-12-24T12:57:33+00:00","dateModified":"2020-04-02T16:23:04+00:00","description":"Con una dotaci\u00f3n presupuestaria ya rid\u00edcula, la Junta de Andaluc\u00eda vuelve a demostrar la importancia que da a los consumidores baj\u00e1ndola un poco m\u00e1s","breadcrumb":{"@id":"https:\/\/www.aquimicasa.net\/blog\/consumo\/asociacion-de-consumidores\/andalucia-ningunea-a-los-consumidores\/#breadcrumb"},"inLanguage":"es","potentialAction":[{"@type":"ReadAction","target":["https:\/\/www.aquimicasa.net\/blog\/consumo\/asociacion-de-consumidores\/andalucia-ningunea-a-los-consumidores\/"]}]},{"@type":"ImageObject","inLanguage":"es","@id":"https:\/\/www.aquimicasa.net\/blog\/consumo\/asociacion-de-consumidores\/andalucia-ningunea-a-los-consumidores\/#primaryimage","url":"https:\/\/www.aquimicasa.net\/blog\/wp-content\/uploads\/desigualdad-e1482583836687.jpg","contentUrl":"https:\/\/www.aquimicasa.net\/blog\/wp-content\/uploads\/desigualdad-e1482583836687.jpg","width":300,"height":232,"caption":"Asociaciones de consumidores"},{"@type":"BreadcrumbList","@id":"https:\/\/www.aquimicasa.net\/blog\/consumo\/asociacion-de-consumidores\/andalucia-ningunea-a-los-consumidores\/#breadcrumb","itemListElement":[{"@type":"ListItem","position":1,"name":"Portada","item":"https:\/\/www.aquimicasa.net\/blog\/"},{"@type":"ListItem","position":2,"name":"Andaluc\u00eda ningunea a los consumidores"}]},{"@type":"WebSite","@id":"https:\/\/www.aquimicasa.net\/blog\/#website","url":"https:\/\/www.aquimicasa.net\/blog\/","name":"Blog de aquimicasa.net","description":"Noticias del Mundo Inmobiliario","publisher":{"@id":"https:\/\/www.aquimicasa.net\/blog\/#organization"},"potentialAction":[{"@type":"SearchAction","target":{"@type":"EntryPoint","urlTemplate":"https:\/\/www.aquimicasa.net\/blog\/?s={search_term_string}"},"query-input":{"@type":"PropertyValueSpecification","valueRequired":true,"valueName":"search_term_string"}}],"inLanguage":"es"},{"@type":"Organization","@id":"https:\/\/www.aquimicasa.net\/blog\/#organization","name":"Blog de aquimicasa.net","url":"https:\/\/www.aquimicasa.net\/blog\/","logo":{"@type":"ImageObject","inLanguage":"es","@id":"https:\/\/www.aquimicasa.net\/blog\/#\/schema\/logo\/image\/","url":"https:\/\/www.aquimicasa.net\/blog\/wp-content\/uploads\/Logo-aquimicasa-1-e1528048213782.png","contentUrl":"https:\/\/www.aquimicasa.net\/blog\/wp-content\/uploads\/Logo-aquimicasa-1-e1528048213782.png","width":225,"height":225,"caption":"Blog de aquimicasa.net"},"image":{"@id":"https:\/\/www.aquimicasa.net\/blog\/#\/schema\/logo\/image\/"},"sameAs":["https:\/\/www.facebook.com\/aquimicasa.net","https:\/\/www.instagram.com\/","https:\/\/x.com\/EduLizarragaD","https:\/\/www.linkedin.com\/feed\/"]},{"@type":"Person","@id":"https:\/\/www.aquimicasa.net\/blog\/#\/schema\/person\/2cdfa2605534583395c8d7ce1d6cac14","name":"Eduardo Lizarraga","image":{"@type":"ImageObject","inLanguage":"es","@id":"https:\/\/secure.gravatar.com\/avatar\/bdabe1eeeed97b65a9cb7de2edd624b07995f7e13abc5fead15961f745f908cc?s=96&d=mm&r=g","url":"https:\/\/secure.gravatar.com\/avatar\/bdabe1eeeed97b65a9cb7de2edd624b07995f7e13abc5fead15961f745f908cc?s=96&d=mm&r=g","contentUrl":"https:\/\/secure.gravatar.com\/avatar\/bdabe1eeeed97b65a9cb7de2edd624b07995f7e13abc5fead15961f745f908cc?s=96&d=mm&r=g","caption":"Eduardo Lizarraga"},"description":"Periodista Econ\u00f3mico. Ha trabajado en diversos campos de la informaci\u00f3n. Corresponsal en conflictos, analista pol\u00edtico en Congreso y Senado, periodista del medio ambiente, editor, director editorial, director de comunicaci\u00f3n.... En estos momentos se ha especializado en el sector inmobiliario. Pero tambi\u00e9n es navegante y viajero, preocupado por la pobreza, el medio ambiente y por las actuaciones descontroladas del neoliberalismo empresarial y pol\u00edtico en todo el mundo. Los desahucios, la pobreza infantil y la falta de acceso a los suministros b\u00e1sicos son algunos de los grandes dramas de nuestra sociedad y que es preciso solucionar para hacerla m\u00e1s justa. CEO en www.aquimicasa.net","sameAs":["https:\/\/www.aquimicasa.net\/"],"url":"https:\/\/www.aquimicasa.net\/blog\/author\/eduardo\/"}]}},"jetpack_publicize_connections":[],"jetpack_featured_media_url":"https:\/\/www.aquimicasa.net\/blog\/wp-content\/uploads\/desigualdad-e1482583836687.jpg","jetpack_sharing_enabled":true,"jetpack_likes_enabled":true,"_links":{"self":[{"href":"https:\/\/www.aquimicasa.net\/blog\/wp-json\/wp\/v2\/posts\/13817","targetHints":{"allow":["GET"]}}],"collection":[{"href":"https:\/\/www.aquimicasa.net\/blog\/wp-json\/wp\/v2\/posts"}],"about":[{"href":"https:\/\/www.aquimicasa.net\/blog\/wp-json\/wp\/v2\/types\/post"}],"author":[{"embeddable":true,"href":"https:\/\/www.aquimicasa.net\/blog\/wp-json\/wp\/v2\/users\/3"}],"replies":[{"embeddable":true,"href":"https:\/\/www.aquimicasa.net\/blog\/wp-json\/wp\/v2\/comments?post=13817"}],"version-history":[{"count":1,"href":"https:\/\/www.aquimicasa.net\/blog\/wp-json\/wp\/v2\/posts\/13817\/revisions"}],"predecessor-version":[{"id":29322,"href":"https:\/\/www.aquimicasa.net\/blog\/wp-json\/wp\/v2\/posts\/13817\/revisions\/29322"}],"wp:featuredmedia":[{"embeddable":true,"href":"https:\/\/www.aquimicasa.net\/blog\/wp-json\/wp\/v2\/media\/12953"}],"wp:attachment":[{"href":"https:\/\/www.aquimicasa.net\/blog\/wp-json\/wp\/v2\/media?parent=13817"}],"wp:term":[{"taxonomy":"category","embeddable":true,"href":"https:\/\/www.aquimicasa.net\/blog\/wp-json\/wp\/v2\/categories?post=13817"},{"taxonomy":"post_tag","embeddable":true,"href":"https:\/\/www.aquimicasa.net\/blog\/wp-json\/wp\/v2\/tags?post=13817"}],"curies":[{"name":"wp","href":"https:\/\/api.w.org\/{rel}","templated":true}]}}