{"id":14471,"date":"2017-02-04T20:09:27","date_gmt":"2017-02-04T19:09:27","guid":{"rendered":"https:\/\/www.aquimicasa.net\/blog\/?p=14471"},"modified":"2020-04-02T18:30:17","modified_gmt":"2020-04-02T16:30:17","slug":"la-calefaccion-electrica-es-la-mas-perjudicada-por-la-subida-de-enero","status":"publish","type":"post","link":"https:\/\/www.aquimicasa.net\/blog\/vivienda\/noticias-mercado-inmobiliario\/la-calefaccion-electrica-es-la-mas-perjudicada-por-la-subida-de-enero\/","title":{"rendered":"La calefacci\u00f3n el\u00e9ctrica es la m\u00e1s perjudicada por la subida de enero"},"content":{"rendered":"<p>La luz sube de manera imparable y este mes de enero se cerr\u00f3 con un precio del kWh de 0.147 euros. Esta cifra es el precio mensual de la electricidad m\u00e1s elevado desde abril de 2014, donde comenz\u00f3 el PVPC, y es un 11% m\u00e1s elevado que el anterior pico en el precio del PVPC que se produjo en el verano de 2015.<\/p>\n<p>El motivo para este <strong>precio tan elevado<\/strong> est\u00e1 en el funcionamiento del mercado mayorista de electricidad, que ha cerrado el mes de enero con un precio medio de 72\u20ac \/MWh. Hay que remontarse a septiembre de 2008 para encontrar un precio tan elevado en el <strong>mercado mayorista<\/strong>.<\/p>\n<p>La diferencia entre 2008 y enero de este a\u00f1o es que entonces no hab\u00eda ning\u00fan consumidor con una tarifa indexada al mercado mayorista y ahora casi el 50% de los hogares tienen esta tarifa, PVPC, y por lo tanto estas subidas les afectan de forma inmediata en sus bolsillos. Por ejemplo un hogar con un consumo medio de 3500 kWh al a\u00f1o (292 kWh al mes) y 4.6 kW de potencia contratada, pagar\u00e1 este mes de enero<strong> una factura un 26% m\u00e1s cara <\/strong>que hace un a\u00f1o con el mismo consumo.<\/p>\n<p>Y esta subida de la luz en los meses m\u00e1s fr\u00edos es <strong>causa directa del incremento de muertes por incendio<\/strong>. Y no es demagogia afirmarlo como podr\u00e1n decir las el\u00e9ctricas y los pol\u00edticos implicados. Entre diciembre de 2016 y enero de 2017 se han registrado 51 v\u00edctimas mortales en nuestro pa\u00eds (casi un fallecido al d\u00eda),  lo que supone un aumento del 50% con respecto al mismo periodo del a\u00f1o anterior, cuando se contabilizaron 34. Siete de los incendios ocurridos en las \u00faltimas semanas han sido <strong>originados por braseros<\/strong>, uno de los aparatos m\u00e1s peligrosos.<strong> La comunidad m\u00e1s afectada es Andaluc\u00eda<\/strong>, con 10 fallecidos en estos dos \u00faltimos meses.<\/p>\n<p>Para paliar en lo posible las subidas de luz desde OCU se insiste en que el PVPC hasta ahora ha demostrado ser una tarifa competitiva y una opci\u00f3n interesante frente al mercado libre. Pero hay hogares especialmente sensibles a las tarifas PVPC como son aquellos hogares que se calientan con <strong>calefacci\u00f3n el\u00e9ctrica<\/strong> y que al concentrar su consumo en esta \u00e9poca ya que no podr\u00e1n compensarlo con hipot\u00e9ticas bajadas del precio en los pr\u00f3ximos meses. <\/p>\n<p>Un hogar con acumuladores y un consumo de 1500 kWh (de ellos 1350 en horario valle por los acumuladores) y 9.2 kW de potencia pagar\u00e1 este mes una factura de 229 euros. Un a\u00f1o antes ese mismo hogar para id\u00e9ntico consumo tuvo una factura de 151 euros. Un incremento de un 52%.<\/p>\n","protected":false},"excerpt":{"rendered":"<p>La relaci\u00f3n entre la subida del precio de la luz ty las muertes por incendio est\u00e1 directamente relacionada. Andaluc\u00eda en cabeza.<\/p>\n","protected":false},"author":3,"featured_media":13526,"comment_status":"open","ping_status":"open","sticky":false,"template":"","format":"standard","meta":{"_jetpack_memberships_contains_paid_content":false,"footnotes":"","jetpack_publicize_message":"","jetpack_publicize_feature_enabled":true,"jetpack_social_post_already_shared":true,"jetpack_social_options":{"image_generator_settings":{"template":"highway","default_image_id":0,"font":"","enabled":false},"version":2}},"categories":[7565],"tags":[3073,3072,3071,2928],"class_list":["post-14471","post","type-post","status-publish","format-standard","has-post-thumbnail","hentry","category-noticias-mercado-inmobiliario","tag-braseros","tag-calefaccion-electrica","tag-incendios","tag-pvpc"],"yoast_head":"<!-- This site is optimized with the Yoast SEO plugin v28.2 - https:\/\/yoast.com\/product\/yoast-seo-wordpress\/ -->\n<title>La calefacci\u00f3n el\u00e9ctrica es la m\u00e1s perjudicada por la subida de enero<\/title>\n<meta name=\"robots\" content=\"index, follow, max-snippet:-1, max-image-preview:large, max-video-preview:-1\" \/>\n<link rel=\"canonical\" href=\"https:\/\/www.aquimicasa.net\/blog\/vivienda\/noticias-mercado-inmobiliario\/la-calefaccion-electrica-es-la-mas-perjudicada-por-la-subida-de-enero\/\" \/>\n<meta property=\"og:locale\" content=\"es_ES\" \/>\n<meta property=\"og:type\" content=\"article\" \/>\n<meta property=\"og:title\" content=\"La calefacci\u00f3n el\u00e9ctrica es la m\u00e1s perjudicada por la subida de enero\" \/>\n<meta property=\"og:description\" content=\"La relaci\u00f3n entre la subida del precio de la luz ty las muertes por incendio est\u00e1 directamente relacionada. Andaluc\u00eda en cabeza.\" \/>\n<meta property=\"og:url\" content=\"https:\/\/www.aquimicasa.net\/blog\/vivienda\/noticias-mercado-inmobiliario\/la-calefaccion-electrica-es-la-mas-perjudicada-por-la-subida-de-enero\/\" \/>\n<meta property=\"og:site_name\" content=\"Blog de aquimicasa.net\" \/>\n<meta property=\"article:publisher\" content=\"https:\/\/www.facebook.com\/aquimicasa.net\" \/>\n<meta property=\"article:published_time\" content=\"2017-02-04T19:09:27+00:00\" \/>\n<meta property=\"article:modified_time\" content=\"2020-04-02T16:30:17+00:00\" \/>\n<meta property=\"og:image\" content=\"https:\/\/www.aquimicasa.net\/blog\/wp-content\/uploads\/Pobreza-energ\u00e9tica6-e1480361315848.jpg\" \/>\n\t<meta property=\"og:image:width\" content=\"360\" \/>\n\t<meta property=\"og:image:height\" content=\"203\" \/>\n\t<meta property=\"og:image:type\" content=\"image\/jpeg\" \/>\n<meta name=\"author\" content=\"Eduardo Lizarraga\" \/>\n<meta name=\"twitter:label1\" content=\"Escrito por\" \/>\n\t<meta name=\"twitter:data1\" content=\"Eduardo Lizarraga\" \/>\n\t<meta name=\"twitter:label2\" content=\"Tiempo de lectura\" \/>\n\t<meta name=\"twitter:data2\" content=\"2 minutos\" \/>\n<script type=\"application\/ld+json\" class=\"yoast-schema-graph\">{\"@context\":\"https:\\\/\\\/schema.org\",\"@graph\":[{\"@type\":\"Article\",\"@id\":\"https:\\\/\\\/www.aquimicasa.net\\\/blog\\\/vivienda\\\/noticias-mercado-inmobiliario\\\/la-calefaccion-electrica-es-la-mas-perjudicada-por-la-subida-de-enero\\\/#article\",\"isPartOf\":{\"@id\":\"https:\\\/\\\/www.aquimicasa.net\\\/blog\\\/vivienda\\\/noticias-mercado-inmobiliario\\\/la-calefaccion-electrica-es-la-mas-perjudicada-por-la-subida-de-enero\\\/\"},\"author\":{\"name\":\"Eduardo Lizarraga\",\"@id\":\"https:\\\/\\\/www.aquimicasa.net\\\/blog\\\/#\\\/schema\\\/person\\\/2cdfa2605534583395c8d7ce1d6cac14\"},\"headline\":\"La calefacci\u00f3n el\u00e9ctrica es la m\u00e1s perjudicada por la subida de enero\",\"datePublished\":\"2017-02-04T19:09:27+00:00\",\"dateModified\":\"2020-04-02T16:30:17+00:00\",\"mainEntityOfPage\":{\"@id\":\"https:\\\/\\\/www.aquimicasa.net\\\/blog\\\/vivienda\\\/noticias-mercado-inmobiliario\\\/la-calefaccion-electrica-es-la-mas-perjudicada-por-la-subida-de-enero\\\/\"},\"wordCount\":456,\"commentCount\":0,\"publisher\":{\"@id\":\"https:\\\/\\\/www.aquimicasa.net\\\/blog\\\/#organization\"},\"image\":{\"@id\":\"https:\\\/\\\/www.aquimicasa.net\\\/blog\\\/vivienda\\\/noticias-mercado-inmobiliario\\\/la-calefaccion-electrica-es-la-mas-perjudicada-por-la-subida-de-enero\\\/#primaryimage\"},\"thumbnailUrl\":\"https:\\\/\\\/www.aquimicasa.net\\\/blog\\\/wp-content\\\/uploads\\\/Pobreza-energ\u00e9tica6-e1480361315848.jpg\",\"keywords\":[\"braseros\",\"calefacci\u00f3n el\u00e9ctrica\",\"incendios\",\"PVPC\"],\"articleSection\":[\"Noticias Mercado Inmobiliario\"],\"inLanguage\":\"es\",\"potentialAction\":[{\"@type\":\"CommentAction\",\"name\":\"Comment\",\"target\":[\"https:\\\/\\\/www.aquimicasa.net\\\/blog\\\/vivienda\\\/noticias-mercado-inmobiliario\\\/la-calefaccion-electrica-es-la-mas-perjudicada-por-la-subida-de-enero\\\/#respond\"]}]},{\"@type\":\"WebPage\",\"@id\":\"https:\\\/\\\/www.aquimicasa.net\\\/blog\\\/vivienda\\\/noticias-mercado-inmobiliario\\\/la-calefaccion-electrica-es-la-mas-perjudicada-por-la-subida-de-enero\\\/\",\"url\":\"https:\\\/\\\/www.aquimicasa.net\\\/blog\\\/vivienda\\\/noticias-mercado-inmobiliario\\\/la-calefaccion-electrica-es-la-mas-perjudicada-por-la-subida-de-enero\\\/\",\"name\":\"La calefacci\u00f3n el\u00e9ctrica es la m\u00e1s perjudicada por la subida de enero\",\"isPartOf\":{\"@id\":\"https:\\\/\\\/www.aquimicasa.net\\\/blog\\\/#website\"},\"primaryImageOfPage\":{\"@id\":\"https:\\\/\\\/www.aquimicasa.net\\\/blog\\\/vivienda\\\/noticias-mercado-inmobiliario\\\/la-calefaccion-electrica-es-la-mas-perjudicada-por-la-subida-de-enero\\\/#primaryimage\"},\"image\":{\"@id\":\"https:\\\/\\\/www.aquimicasa.net\\\/blog\\\/vivienda\\\/noticias-mercado-inmobiliario\\\/la-calefaccion-electrica-es-la-mas-perjudicada-por-la-subida-de-enero\\\/#primaryimage\"},\"thumbnailUrl\":\"https:\\\/\\\/www.aquimicasa.net\\\/blog\\\/wp-content\\\/uploads\\\/Pobreza-energ\u00e9tica6-e1480361315848.jpg\",\"datePublished\":\"2017-02-04T19:09:27+00:00\",\"dateModified\":\"2020-04-02T16:30:17+00:00\",\"breadcrumb\":{\"@id\":\"https:\\\/\\\/www.aquimicasa.net\\\/blog\\\/vivienda\\\/noticias-mercado-inmobiliario\\\/la-calefaccion-electrica-es-la-mas-perjudicada-por-la-subida-de-enero\\\/#breadcrumb\"},\"inLanguage\":\"es\",\"potentialAction\":[{\"@type\":\"ReadAction\",\"target\":[\"https:\\\/\\\/www.aquimicasa.net\\\/blog\\\/vivienda\\\/noticias-mercado-inmobiliario\\\/la-calefaccion-electrica-es-la-mas-perjudicada-por-la-subida-de-enero\\\/\"]}]},{\"@type\":\"ImageObject\",\"inLanguage\":\"es\",\"@id\":\"https:\\\/\\\/www.aquimicasa.net\\\/blog\\\/vivienda\\\/noticias-mercado-inmobiliario\\\/la-calefaccion-electrica-es-la-mas-perjudicada-por-la-subida-de-enero\\\/#primaryimage\",\"url\":\"https:\\\/\\\/www.aquimicasa.net\\\/blog\\\/wp-content\\\/uploads\\\/Pobreza-energ\u00e9tica6-e1480361315848.jpg\",\"contentUrl\":\"https:\\\/\\\/www.aquimicasa.net\\\/blog\\\/wp-content\\\/uploads\\\/Pobreza-energ\u00e9tica6-e1480361315848.jpg\",\"width\":360,\"height\":203},{\"@type\":\"BreadcrumbList\",\"@id\":\"https:\\\/\\\/www.aquimicasa.net\\\/blog\\\/vivienda\\\/noticias-mercado-inmobiliario\\\/la-calefaccion-electrica-es-la-mas-perjudicada-por-la-subida-de-enero\\\/#breadcrumb\",\"itemListElement\":[{\"@type\":\"ListItem\",\"position\":1,\"name\":\"Portada\",\"item\":\"https:\\\/\\\/www.aquimicasa.net\\\/blog\\\/\"},{\"@type\":\"ListItem\",\"position\":2,\"name\":\"La calefacci\u00f3n el\u00e9ctrica es la m\u00e1s perjudicada por la subida de enero\"}]},{\"@type\":\"WebSite\",\"@id\":\"https:\\\/\\\/www.aquimicasa.net\\\/blog\\\/#website\",\"url\":\"https:\\\/\\\/www.aquimicasa.net\\\/blog\\\/\",\"name\":\"Blog de aquimicasa.net\",\"description\":\"Noticias del Mundo Inmobiliario\",\"publisher\":{\"@id\":\"https:\\\/\\\/www.aquimicasa.net\\\/blog\\\/#organization\"},\"potentialAction\":[{\"@type\":\"SearchAction\",\"target\":{\"@type\":\"EntryPoint\",\"urlTemplate\":\"https:\\\/\\\/www.aquimicasa.net\\\/blog\\\/?s={search_term_string}\"},\"query-input\":{\"@type\":\"PropertyValueSpecification\",\"valueRequired\":true,\"valueName\":\"search_term_string\"}}],\"inLanguage\":\"es\"},{\"@type\":\"Organization\",\"@id\":\"https:\\\/\\\/www.aquimicasa.net\\\/blog\\\/#organization\",\"name\":\"Blog de aquimicasa.net\",\"url\":\"https:\\\/\\\/www.aquimicasa.net\\\/blog\\\/\",\"logo\":{\"@type\":\"ImageObject\",\"inLanguage\":\"es\",\"@id\":\"https:\\\/\\\/www.aquimicasa.net\\\/blog\\\/#\\\/schema\\\/logo\\\/image\\\/\",\"url\":\"https:\\\/\\\/www.aquimicasa.net\\\/blog\\\/wp-content\\\/uploads\\\/Logo-aquimicasa-1-e1528048213782.png\",\"contentUrl\":\"https:\\\/\\\/www.aquimicasa.net\\\/blog\\\/wp-content\\\/uploads\\\/Logo-aquimicasa-1-e1528048213782.png\",\"width\":225,\"height\":225,\"caption\":\"Blog de aquimicasa.net\"},\"image\":{\"@id\":\"https:\\\/\\\/www.aquimicasa.net\\\/blog\\\/#\\\/schema\\\/logo\\\/image\\\/\"},\"sameAs\":[\"https:\\\/\\\/www.facebook.com\\\/aquimicasa.net\",\"https:\\\/\\\/www.instagram.com\\\/\",\"https:\\\/\\\/x.com\\\/EduLizarragaD\",\"https:\\\/\\\/www.linkedin.com\\\/feed\\\/\"]},{\"@type\":\"Person\",\"@id\":\"https:\\\/\\\/www.aquimicasa.net\\\/blog\\\/#\\\/schema\\\/person\\\/2cdfa2605534583395c8d7ce1d6cac14\",\"name\":\"Eduardo Lizarraga\",\"image\":{\"@type\":\"ImageObject\",\"inLanguage\":\"es\",\"@id\":\"https:\\\/\\\/secure.gravatar.com\\\/avatar\\\/bdabe1eeeed97b65a9cb7de2edd624b07995f7e13abc5fead15961f745f908cc?s=96&d=mm&r=g\",\"url\":\"https:\\\/\\\/secure.gravatar.com\\\/avatar\\\/bdabe1eeeed97b65a9cb7de2edd624b07995f7e13abc5fead15961f745f908cc?s=96&d=mm&r=g\",\"contentUrl\":\"https:\\\/\\\/secure.gravatar.com\\\/avatar\\\/bdabe1eeeed97b65a9cb7de2edd624b07995f7e13abc5fead15961f745f908cc?s=96&d=mm&r=g\",\"caption\":\"Eduardo Lizarraga\"},\"description\":\"Periodista Econ\u00f3mico. Ha trabajado en diversos campos de la informaci\u00f3n. Corresponsal en conflictos, analista pol\u00edtico en Congreso y Senado, periodista del medio ambiente, editor, director editorial, director de comunicaci\u00f3n.... En estos momentos se ha especializado en el sector inmobiliario. Pero tambi\u00e9n es navegante y viajero, preocupado por la pobreza, el medio ambiente y por las actuaciones descontroladas del neoliberalismo empresarial y pol\u00edtico en todo el mundo. Los desahucios, la pobreza infantil y la falta de acceso a los suministros b\u00e1sicos son algunos de los grandes dramas de nuestra sociedad y que es preciso solucionar para hacerla m\u00e1s justa. CEO en www.aquimicasa.net\",\"sameAs\":[\"https:\\\/\\\/www.aquimicasa.net\\\/\"],\"url\":\"https:\\\/\\\/www.aquimicasa.net\\\/blog\\\/author\\\/eduardo\\\/\"}]}<\/script>\n<!-- \/ Yoast SEO plugin. -->","yoast_head_json":{"title":"La calefacci\u00f3n el\u00e9ctrica es la m\u00e1s perjudicada por la subida de enero","robots":{"index":"index","follow":"follow","max-snippet":"max-snippet:-1","max-image-preview":"max-image-preview:large","max-video-preview":"max-video-preview:-1"},"canonical":"https:\/\/www.aquimicasa.net\/blog\/vivienda\/noticias-mercado-inmobiliario\/la-calefaccion-electrica-es-la-mas-perjudicada-por-la-subida-de-enero\/","og_locale":"es_ES","og_type":"article","og_title":"La calefacci\u00f3n el\u00e9ctrica es la m\u00e1s perjudicada por la subida de enero","og_description":"La relaci\u00f3n entre la subida del precio de la luz ty las muertes por incendio est\u00e1 directamente relacionada. Andaluc\u00eda en cabeza.","og_url":"https:\/\/www.aquimicasa.net\/blog\/vivienda\/noticias-mercado-inmobiliario\/la-calefaccion-electrica-es-la-mas-perjudicada-por-la-subida-de-enero\/","og_site_name":"Blog de aquimicasa.net","article_publisher":"https:\/\/www.facebook.com\/aquimicasa.net","article_published_time":"2017-02-04T19:09:27+00:00","article_modified_time":"2020-04-02T16:30:17+00:00","og_image":[{"width":360,"height":203,"url":"https:\/\/www.aquimicasa.net\/blog\/wp-content\/uploads\/Pobreza-energ\u00e9tica6-e1480361315848.jpg","type":"image\/jpeg"}],"author":"Eduardo Lizarraga","twitter_misc":{"Escrito por":"Eduardo Lizarraga","Tiempo de lectura":"2 minutos"},"schema":{"@context":"https:\/\/schema.org","@graph":[{"@type":"Article","@id":"https:\/\/www.aquimicasa.net\/blog\/vivienda\/noticias-mercado-inmobiliario\/la-calefaccion-electrica-es-la-mas-perjudicada-por-la-subida-de-enero\/#article","isPartOf":{"@id":"https:\/\/www.aquimicasa.net\/blog\/vivienda\/noticias-mercado-inmobiliario\/la-calefaccion-electrica-es-la-mas-perjudicada-por-la-subida-de-enero\/"},"author":{"name":"Eduardo Lizarraga","@id":"https:\/\/www.aquimicasa.net\/blog\/#\/schema\/person\/2cdfa2605534583395c8d7ce1d6cac14"},"headline":"La calefacci\u00f3n el\u00e9ctrica es la m\u00e1s perjudicada por la subida de enero","datePublished":"2017-02-04T19:09:27+00:00","dateModified":"2020-04-02T16:30:17+00:00","mainEntityOfPage":{"@id":"https:\/\/www.aquimicasa.net\/blog\/vivienda\/noticias-mercado-inmobiliario\/la-calefaccion-electrica-es-la-mas-perjudicada-por-la-subida-de-enero\/"},"wordCount":456,"commentCount":0,"publisher":{"@id":"https:\/\/www.aquimicasa.net\/blog\/#organization"},"image":{"@id":"https:\/\/www.aquimicasa.net\/blog\/vivienda\/noticias-mercado-inmobiliario\/la-calefaccion-electrica-es-la-mas-perjudicada-por-la-subida-de-enero\/#primaryimage"},"thumbnailUrl":"https:\/\/www.aquimicasa.net\/blog\/wp-content\/uploads\/Pobreza-energ\u00e9tica6-e1480361315848.jpg","keywords":["braseros","calefacci\u00f3n el\u00e9ctrica","incendios","PVPC"],"articleSection":["Noticias Mercado Inmobiliario"],"inLanguage":"es","potentialAction":[{"@type":"CommentAction","name":"Comment","target":["https:\/\/www.aquimicasa.net\/blog\/vivienda\/noticias-mercado-inmobiliario\/la-calefaccion-electrica-es-la-mas-perjudicada-por-la-subida-de-enero\/#respond"]}]},{"@type":"WebPage","@id":"https:\/\/www.aquimicasa.net\/blog\/vivienda\/noticias-mercado-inmobiliario\/la-calefaccion-electrica-es-la-mas-perjudicada-por-la-subida-de-enero\/","url":"https:\/\/www.aquimicasa.net\/blog\/vivienda\/noticias-mercado-inmobiliario\/la-calefaccion-electrica-es-la-mas-perjudicada-por-la-subida-de-enero\/","name":"La calefacci\u00f3n el\u00e9ctrica es la m\u00e1s perjudicada por la subida de enero","isPartOf":{"@id":"https:\/\/www.aquimicasa.net\/blog\/#website"},"primaryImageOfPage":{"@id":"https:\/\/www.aquimicasa.net\/blog\/vivienda\/noticias-mercado-inmobiliario\/la-calefaccion-electrica-es-la-mas-perjudicada-por-la-subida-de-enero\/#primaryimage"},"image":{"@id":"https:\/\/www.aquimicasa.net\/blog\/vivienda\/noticias-mercado-inmobiliario\/la-calefaccion-electrica-es-la-mas-perjudicada-por-la-subida-de-enero\/#primaryimage"},"thumbnailUrl":"https:\/\/www.aquimicasa.net\/blog\/wp-content\/uploads\/Pobreza-energ\u00e9tica6-e1480361315848.jpg","datePublished":"2017-02-04T19:09:27+00:00","dateModified":"2020-04-02T16:30:17+00:00","breadcrumb":{"@id":"https:\/\/www.aquimicasa.net\/blog\/vivienda\/noticias-mercado-inmobiliario\/la-calefaccion-electrica-es-la-mas-perjudicada-por-la-subida-de-enero\/#breadcrumb"},"inLanguage":"es","potentialAction":[{"@type":"ReadAction","target":["https:\/\/www.aquimicasa.net\/blog\/vivienda\/noticias-mercado-inmobiliario\/la-calefaccion-electrica-es-la-mas-perjudicada-por-la-subida-de-enero\/"]}]},{"@type":"ImageObject","inLanguage":"es","@id":"https:\/\/www.aquimicasa.net\/blog\/vivienda\/noticias-mercado-inmobiliario\/la-calefaccion-electrica-es-la-mas-perjudicada-por-la-subida-de-enero\/#primaryimage","url":"https:\/\/www.aquimicasa.net\/blog\/wp-content\/uploads\/Pobreza-energ\u00e9tica6-e1480361315848.jpg","contentUrl":"https:\/\/www.aquimicasa.net\/blog\/wp-content\/uploads\/Pobreza-energ\u00e9tica6-e1480361315848.jpg","width":360,"height":203},{"@type":"BreadcrumbList","@id":"https:\/\/www.aquimicasa.net\/blog\/vivienda\/noticias-mercado-inmobiliario\/la-calefaccion-electrica-es-la-mas-perjudicada-por-la-subida-de-enero\/#breadcrumb","itemListElement":[{"@type":"ListItem","position":1,"name":"Portada","item":"https:\/\/www.aquimicasa.net\/blog\/"},{"@type":"ListItem","position":2,"name":"La calefacci\u00f3n el\u00e9ctrica es la m\u00e1s perjudicada por la subida de enero"}]},{"@type":"WebSite","@id":"https:\/\/www.aquimicasa.net\/blog\/#website","url":"https:\/\/www.aquimicasa.net\/blog\/","name":"Blog de aquimicasa.net","description":"Noticias del Mundo Inmobiliario","publisher":{"@id":"https:\/\/www.aquimicasa.net\/blog\/#organization"},"potentialAction":[{"@type":"SearchAction","target":{"@type":"EntryPoint","urlTemplate":"https:\/\/www.aquimicasa.net\/blog\/?s={search_term_string}"},"query-input":{"@type":"PropertyValueSpecification","valueRequired":true,"valueName":"search_term_string"}}],"inLanguage":"es"},{"@type":"Organization","@id":"https:\/\/www.aquimicasa.net\/blog\/#organization","name":"Blog de aquimicasa.net","url":"https:\/\/www.aquimicasa.net\/blog\/","logo":{"@type":"ImageObject","inLanguage":"es","@id":"https:\/\/www.aquimicasa.net\/blog\/#\/schema\/logo\/image\/","url":"https:\/\/www.aquimicasa.net\/blog\/wp-content\/uploads\/Logo-aquimicasa-1-e1528048213782.png","contentUrl":"https:\/\/www.aquimicasa.net\/blog\/wp-content\/uploads\/Logo-aquimicasa-1-e1528048213782.png","width":225,"height":225,"caption":"Blog de aquimicasa.net"},"image":{"@id":"https:\/\/www.aquimicasa.net\/blog\/#\/schema\/logo\/image\/"},"sameAs":["https:\/\/www.facebook.com\/aquimicasa.net","https:\/\/www.instagram.com\/","https:\/\/x.com\/EduLizarragaD","https:\/\/www.linkedin.com\/feed\/"]},{"@type":"Person","@id":"https:\/\/www.aquimicasa.net\/blog\/#\/schema\/person\/2cdfa2605534583395c8d7ce1d6cac14","name":"Eduardo Lizarraga","image":{"@type":"ImageObject","inLanguage":"es","@id":"https:\/\/secure.gravatar.com\/avatar\/bdabe1eeeed97b65a9cb7de2edd624b07995f7e13abc5fead15961f745f908cc?s=96&d=mm&r=g","url":"https:\/\/secure.gravatar.com\/avatar\/bdabe1eeeed97b65a9cb7de2edd624b07995f7e13abc5fead15961f745f908cc?s=96&d=mm&r=g","contentUrl":"https:\/\/secure.gravatar.com\/avatar\/bdabe1eeeed97b65a9cb7de2edd624b07995f7e13abc5fead15961f745f908cc?s=96&d=mm&r=g","caption":"Eduardo Lizarraga"},"description":"Periodista Econ\u00f3mico. Ha trabajado en diversos campos de la informaci\u00f3n. Corresponsal en conflictos, analista pol\u00edtico en Congreso y Senado, periodista del medio ambiente, editor, director editorial, director de comunicaci\u00f3n.... En estos momentos se ha especializado en el sector inmobiliario. Pero tambi\u00e9n es navegante y viajero, preocupado por la pobreza, el medio ambiente y por las actuaciones descontroladas del neoliberalismo empresarial y pol\u00edtico en todo el mundo. Los desahucios, la pobreza infantil y la falta de acceso a los suministros b\u00e1sicos son algunos de los grandes dramas de nuestra sociedad y que es preciso solucionar para hacerla m\u00e1s justa. CEO en www.aquimicasa.net","sameAs":["https:\/\/www.aquimicasa.net\/"],"url":"https:\/\/www.aquimicasa.net\/blog\/author\/eduardo\/"}]}},"jetpack_publicize_connections":[],"jetpack_featured_media_url":"https:\/\/www.aquimicasa.net\/blog\/wp-content\/uploads\/Pobreza-energ\u00e9tica6-e1480361315848.jpg","jetpack_sharing_enabled":true,"jetpack_likes_enabled":true,"_links":{"self":[{"href":"https:\/\/www.aquimicasa.net\/blog\/wp-json\/wp\/v2\/posts\/14471","targetHints":{"allow":["GET"]}}],"collection":[{"href":"https:\/\/www.aquimicasa.net\/blog\/wp-json\/wp\/v2\/posts"}],"about":[{"href":"https:\/\/www.aquimicasa.net\/blog\/wp-json\/wp\/v2\/types\/post"}],"author":[{"embeddable":true,"href":"https:\/\/www.aquimicasa.net\/blog\/wp-json\/wp\/v2\/users\/3"}],"replies":[{"embeddable":true,"href":"https:\/\/www.aquimicasa.net\/blog\/wp-json\/wp\/v2\/comments?post=14471"}],"version-history":[{"count":1,"href":"https:\/\/www.aquimicasa.net\/blog\/wp-json\/wp\/v2\/posts\/14471\/revisions"}],"predecessor-version":[{"id":29187,"href":"https:\/\/www.aquimicasa.net\/blog\/wp-json\/wp\/v2\/posts\/14471\/revisions\/29187"}],"wp:featuredmedia":[{"embeddable":true,"href":"https:\/\/www.aquimicasa.net\/blog\/wp-json\/wp\/v2\/media\/13526"}],"wp:attachment":[{"href":"https:\/\/www.aquimicasa.net\/blog\/wp-json\/wp\/v2\/media?parent=14471"}],"wp:term":[{"taxonomy":"category","embeddable":true,"href":"https:\/\/www.aquimicasa.net\/blog\/wp-json\/wp\/v2\/categories?post=14471"},{"taxonomy":"post_tag","embeddable":true,"href":"https:\/\/www.aquimicasa.net\/blog\/wp-json\/wp\/v2\/tags?post=14471"}],"curies":[{"name":"wp","href":"https:\/\/api.w.org\/{rel}","templated":true}]}}