{"id":14515,"date":"2017-02-19T10:06:51","date_gmt":"2017-02-19T09:06:51","guid":{"rendered":"https:\/\/www.aquimicasa.net\/blog\/?p=14515"},"modified":"2020-04-02T18:30:15","modified_gmt":"2020-04-02T16:30:15","slug":"madrid-compra-vivienda-para-uso-social","status":"publish","type":"post","link":"https:\/\/www.aquimicasa.net\/blog\/vivienda\/noticias-mercado-inmobiliario\/madrid-compra-vivienda-para-uso-social\/","title":{"rendered":"Madrid compra vivienda para uso social"},"content":{"rendered":"<p>Actuando en el sentido contrario al que lo hizo el Ayuntamiento de Ana Botella, el actual consistorio de Madrid busca <strong>comprar viviendas vac\u00edas<\/strong> para destinarlas a usos sociales. Bajo el lema \u00abLa EMVS te la compra\u00bb el Ayuntamiento de Madrid ha iniciado una campa\u00f1a para<strong> adquirir 150 viviendas<\/strong> de entre 50 y 80 metros cuadrados.<\/p>\n<p>A trav\u00e9s de la Empresa Municipal de la Vivienda y Suelo (EMVS), el Ayuntamiento de Madrid quiere hacerse con la propiedad de 150 pisos -no <strong>viviendas unifamiliares<\/strong>&#8211; de entre dos y cuatro dormitorios, para ponerlos en alquiler social. Y ha puesto en marcha una campa\u00f1a para encontrar propietarios que quieran <strong>vender sus viviendas.<\/strong><\/p>\n<p>Los interesados pueden<strong> ofrecer su vivienda<\/strong> al ayuntamiento, que tiene que estar desocupada y libre de cargas- cuotas, suministros, tributos-, hasta el 1 de marzo. Tras cumplimentar la informaci\u00f3n correspondiente, los t\u00e9cnicos acudir\u00e1n a las casas a comprobar y valorar su estado. <strong>Las viviendas, que podr\u00e1n ser de segunda mano o de nueva construcci\u00f3n<\/strong>, deber\u00e1n tener una superficie \u00fatil m\u00ednima de 50 m2 para las viviendas de dos dormitorios, 70 m2 para las de tres dormitorios y 80 m2 para las de m\u00e1s de tres dormitorios. <\/p>\n<p>Adem\u00e1s de estas condiciones, las viviendas deber\u00e1n estar ubicadas sobre rasante y las que se encuentren en la planta baja del edificio deber\u00e1n disponer de alg\u00fan elemento constructivo bajo toda la superficie (s\u00f3tano, trastero, garaje&#8230;) que prevenga las humedades. Igualmente, todas las viviendas susceptibles de ser compradas deber\u00e1n disponer al menos de dos piezas principales con huecos de luz a la v\u00eda p\u00fablica. <\/p>\n<p>El Ayuntamiento de Madrid podr\u00e1 gastar en adecuar los inmuebles un m\u00e1ximo de 7.500 euros cuando cuenten con dos dormitorios, 10.000 con tres y 15.000 si la <strong>vivienda tiene cuatro dormitorios<\/strong>, por lo que los pisos que necesiten una mayor inversi\u00f3n quedar\u00e1n descartados. <\/p>\n<p>Las viviendas ser\u00e1n tasadas por una empresa independiente y a partir de su informe el Consistorio har\u00e1 una contraoferta al propietario, que deber\u00e1 decidir en cinco d\u00edas si la acepta o no. La mesa de contrataci\u00f3n de la EMVS tomar\u00e1 en cuenta las diferentes propuestas de adjudicaci\u00f3n y seleccionar\u00e1 despu\u00e9s las 150 <strong>viviendas a comprar <\/strong>que el Consistorio destinar\u00e1 al alquiler social. <\/p>\n<p>El precio de <strong>venta de las viviendas<\/strong> no podr\u00e1 superar el valor m\u00e1ximo de metro cuadrado construido, con el siguiente baremo: 1.300 euros para Puente de Vallecas y Villaverde; 1.500 euros para Carabanchel, Latina, Usera, Vic\u00e1lvaro, Villa de Vallecas; 1.800 euros para Arganzuela, Ciudad Lineal, Hortaleza, Moratalaz, San Blas y Tetu\u00e1n, y 2.000 euros para Centro, Chamart\u00edn, Chamber\u00ed, Fuencarral-El Pardo, Moncloa-Aravaca, Retiro y Salamanca. <\/p>\n","protected":false},"excerpt":{"rendered":"<p>La EMVS que con Botella vendi\u00f3 sus viviendas sociales ahora, con Carmena, compra vivienda para uso social<\/p>\n","protected":false},"author":3,"featured_media":0,"comment_status":"open","ping_status":"open","sticky":false,"template":"","format":"standard","meta":{"_jetpack_memberships_contains_paid_content":false,"footnotes":"","jetpack_publicize_message":"","jetpack_publicize_feature_enabled":true,"jetpack_social_post_already_shared":true,"jetpack_social_options":{"image_generator_settings":{"template":"highway","default_image_id":0,"font":"","enabled":false},"version":2}},"categories":[7565],"tags":[700,3165,3169,3167,3168,3166],"class_list":["post-14515","post","type-post","status-publish","format-standard","hentry","category-noticias-mercado-inmobiliario","tag-ayuntamiento-de-madrid","tag-vivienda-de-uso-social","tag-viviendas-de-cuatro-dormitorios-en-madrid","tag-viviendas-de-dos-dormitorios-en-madrid","tag-viviendas-de-tres-dormitorios-en-madrid","tag-viviendas-sociales-en-madrid"],"yoast_head":"<!-- This site is optimized with the Yoast SEO plugin v28.2 - https:\/\/yoast.com\/product\/yoast-seo-wordpress\/ -->\n<title>El Ayuntamiento de Madrid compra vivienda para uso social<\/title>\n<meta name=\"robots\" content=\"index, follow, max-snippet:-1, max-image-preview:large, max-video-preview:-1\" \/>\n<link rel=\"canonical\" href=\"https:\/\/www.aquimicasa.net\/blog\/vivienda\/noticias-mercado-inmobiliario\/madrid-compra-vivienda-para-uso-social\/\" \/>\n<meta property=\"og:locale\" content=\"es_ES\" \/>\n<meta property=\"og:type\" content=\"article\" \/>\n<meta property=\"og:title\" content=\"El Ayuntamiento de Madrid compra vivienda para uso social\" \/>\n<meta property=\"og:description\" content=\"La EMVS que con Botella vendi\u00f3 sus viviendas sociales ahora, con Carmena, compra vivienda para uso social\" \/>\n<meta property=\"og:url\" content=\"https:\/\/www.aquimicasa.net\/blog\/vivienda\/noticias-mercado-inmobiliario\/madrid-compra-vivienda-para-uso-social\/\" \/>\n<meta property=\"og:site_name\" content=\"Blog de aquimicasa.net\" \/>\n<meta property=\"article:publisher\" content=\"https:\/\/www.facebook.com\/aquimicasa.net\" \/>\n<meta property=\"article:published_time\" content=\"2017-02-19T09:06:51+00:00\" \/>\n<meta property=\"article:modified_time\" content=\"2020-04-02T16:30:15+00:00\" \/>\n<meta property=\"og:image\" content=\"https:\/\/www.aquimicasa.net\/blog\/wp-content\/uploads\/aYUNTAMIENTO-DE-mADRID-e1482004719467.jpg\" \/>\n\t<meta property=\"og:image:width\" content=\"500\" \/>\n\t<meta property=\"og:image:height\" content=\"217\" \/>\n\t<meta property=\"og:image:type\" content=\"image\/jpeg\" \/>\n<meta name=\"author\" content=\"Eduardo Lizarraga\" \/>\n<meta name=\"twitter:label1\" content=\"Escrito por\" \/>\n\t<meta name=\"twitter:data1\" content=\"Eduardo Lizarraga\" \/>\n\t<meta name=\"twitter:label2\" content=\"Tiempo de lectura\" \/>\n\t<meta name=\"twitter:data2\" content=\"2 minutos\" \/>\n<script type=\"application\/ld+json\" class=\"yoast-schema-graph\">{\"@context\":\"https:\\\/\\\/schema.org\",\"@graph\":[{\"@type\":\"Article\",\"@id\":\"https:\\\/\\\/www.aquimicasa.net\\\/blog\\\/vivienda\\\/noticias-mercado-inmobiliario\\\/madrid-compra-vivienda-para-uso-social\\\/#article\",\"isPartOf\":{\"@id\":\"https:\\\/\\\/www.aquimicasa.net\\\/blog\\\/vivienda\\\/noticias-mercado-inmobiliario\\\/madrid-compra-vivienda-para-uso-social\\\/\"},\"author\":{\"name\":\"Eduardo Lizarraga\",\"@id\":\"https:\\\/\\\/www.aquimicasa.net\\\/blog\\\/#\\\/schema\\\/person\\\/2cdfa2605534583395c8d7ce1d6cac14\"},\"headline\":\"Madrid compra vivienda para uso social\",\"datePublished\":\"2017-02-19T09:06:51+00:00\",\"dateModified\":\"2020-04-02T16:30:15+00:00\",\"mainEntityOfPage\":{\"@id\":\"https:\\\/\\\/www.aquimicasa.net\\\/blog\\\/vivienda\\\/noticias-mercado-inmobiliario\\\/madrid-compra-vivienda-para-uso-social\\\/\"},\"wordCount\":448,\"commentCount\":0,\"publisher\":{\"@id\":\"https:\\\/\\\/www.aquimicasa.net\\\/blog\\\/#organization\"},\"keywords\":[\"Ayuntamiento de Madrid\",\"Vivienda de uso social\",\"viviendas de cuatro dormitorios en Madrid\",\"Viviendas de dos dormitorios en Madrid\",\"viviendas de tres dormitorios en Madrid\",\"viviendas sociales en Madrid\"],\"articleSection\":[\"Noticias Mercado Inmobiliario\"],\"inLanguage\":\"es\",\"potentialAction\":[{\"@type\":\"CommentAction\",\"name\":\"Comment\",\"target\":[\"https:\\\/\\\/www.aquimicasa.net\\\/blog\\\/vivienda\\\/noticias-mercado-inmobiliario\\\/madrid-compra-vivienda-para-uso-social\\\/#respond\"]}]},{\"@type\":\"WebPage\",\"@id\":\"https:\\\/\\\/www.aquimicasa.net\\\/blog\\\/vivienda\\\/noticias-mercado-inmobiliario\\\/madrid-compra-vivienda-para-uso-social\\\/\",\"url\":\"https:\\\/\\\/www.aquimicasa.net\\\/blog\\\/vivienda\\\/noticias-mercado-inmobiliario\\\/madrid-compra-vivienda-para-uso-social\\\/\",\"name\":\"El Ayuntamiento de Madrid compra vivienda para uso social\",\"isPartOf\":{\"@id\":\"https:\\\/\\\/www.aquimicasa.net\\\/blog\\\/#website\"},\"datePublished\":\"2017-02-19T09:06:51+00:00\",\"dateModified\":\"2020-04-02T16:30:15+00:00\",\"breadcrumb\":{\"@id\":\"https:\\\/\\\/www.aquimicasa.net\\\/blog\\\/vivienda\\\/noticias-mercado-inmobiliario\\\/madrid-compra-vivienda-para-uso-social\\\/#breadcrumb\"},\"inLanguage\":\"es\",\"potentialAction\":[{\"@type\":\"ReadAction\",\"target\":[\"https:\\\/\\\/www.aquimicasa.net\\\/blog\\\/vivienda\\\/noticias-mercado-inmobiliario\\\/madrid-compra-vivienda-para-uso-social\\\/\"]}]},{\"@type\":\"BreadcrumbList\",\"@id\":\"https:\\\/\\\/www.aquimicasa.net\\\/blog\\\/vivienda\\\/noticias-mercado-inmobiliario\\\/madrid-compra-vivienda-para-uso-social\\\/#breadcrumb\",\"itemListElement\":[{\"@type\":\"ListItem\",\"position\":1,\"name\":\"Portada\",\"item\":\"https:\\\/\\\/www.aquimicasa.net\\\/blog\\\/\"},{\"@type\":\"ListItem\",\"position\":2,\"name\":\"Madrid compra vivienda para uso social\"}]},{\"@type\":\"WebSite\",\"@id\":\"https:\\\/\\\/www.aquimicasa.net\\\/blog\\\/#website\",\"url\":\"https:\\\/\\\/www.aquimicasa.net\\\/blog\\\/\",\"name\":\"Blog de aquimicasa.net\",\"description\":\"Noticias del Mundo Inmobiliario\",\"publisher\":{\"@id\":\"https:\\\/\\\/www.aquimicasa.net\\\/blog\\\/#organization\"},\"potentialAction\":[{\"@type\":\"SearchAction\",\"target\":{\"@type\":\"EntryPoint\",\"urlTemplate\":\"https:\\\/\\\/www.aquimicasa.net\\\/blog\\\/?s={search_term_string}\"},\"query-input\":{\"@type\":\"PropertyValueSpecification\",\"valueRequired\":true,\"valueName\":\"search_term_string\"}}],\"inLanguage\":\"es\"},{\"@type\":\"Organization\",\"@id\":\"https:\\\/\\\/www.aquimicasa.net\\\/blog\\\/#organization\",\"name\":\"Blog de aquimicasa.net\",\"url\":\"https:\\\/\\\/www.aquimicasa.net\\\/blog\\\/\",\"logo\":{\"@type\":\"ImageObject\",\"inLanguage\":\"es\",\"@id\":\"https:\\\/\\\/www.aquimicasa.net\\\/blog\\\/#\\\/schema\\\/logo\\\/image\\\/\",\"url\":\"https:\\\/\\\/www.aquimicasa.net\\\/blog\\\/wp-content\\\/uploads\\\/Logo-aquimicasa-1-e1528048213782.png\",\"contentUrl\":\"https:\\\/\\\/www.aquimicasa.net\\\/blog\\\/wp-content\\\/uploads\\\/Logo-aquimicasa-1-e1528048213782.png\",\"width\":225,\"height\":225,\"caption\":\"Blog de aquimicasa.net\"},\"image\":{\"@id\":\"https:\\\/\\\/www.aquimicasa.net\\\/blog\\\/#\\\/schema\\\/logo\\\/image\\\/\"},\"sameAs\":[\"https:\\\/\\\/www.facebook.com\\\/aquimicasa.net\",\"https:\\\/\\\/www.instagram.com\\\/\",\"https:\\\/\\\/x.com\\\/EduLizarragaD\",\"https:\\\/\\\/www.linkedin.com\\\/feed\\\/\"]},{\"@type\":\"Person\",\"@id\":\"https:\\\/\\\/www.aquimicasa.net\\\/blog\\\/#\\\/schema\\\/person\\\/2cdfa2605534583395c8d7ce1d6cac14\",\"name\":\"Eduardo Lizarraga\",\"image\":{\"@type\":\"ImageObject\",\"inLanguage\":\"es\",\"@id\":\"https:\\\/\\\/secure.gravatar.com\\\/avatar\\\/bdabe1eeeed97b65a9cb7de2edd624b07995f7e13abc5fead15961f745f908cc?s=96&d=mm&r=g\",\"url\":\"https:\\\/\\\/secure.gravatar.com\\\/avatar\\\/bdabe1eeeed97b65a9cb7de2edd624b07995f7e13abc5fead15961f745f908cc?s=96&d=mm&r=g\",\"contentUrl\":\"https:\\\/\\\/secure.gravatar.com\\\/avatar\\\/bdabe1eeeed97b65a9cb7de2edd624b07995f7e13abc5fead15961f745f908cc?s=96&d=mm&r=g\",\"caption\":\"Eduardo Lizarraga\"},\"description\":\"Periodista Econ\u00f3mico. Ha trabajado en diversos campos de la informaci\u00f3n. Corresponsal en conflictos, analista pol\u00edtico en Congreso y Senado, periodista del medio ambiente, editor, director editorial, director de comunicaci\u00f3n.... En estos momentos se ha especializado en el sector inmobiliario. Pero tambi\u00e9n es navegante y viajero, preocupado por la pobreza, el medio ambiente y por las actuaciones descontroladas del neoliberalismo empresarial y pol\u00edtico en todo el mundo. Los desahucios, la pobreza infantil y la falta de acceso a los suministros b\u00e1sicos son algunos de los grandes dramas de nuestra sociedad y que es preciso solucionar para hacerla m\u00e1s justa. CEO en www.aquimicasa.net\",\"sameAs\":[\"https:\\\/\\\/www.aquimicasa.net\\\/\"],\"url\":\"https:\\\/\\\/www.aquimicasa.net\\\/blog\\\/author\\\/eduardo\\\/\"}]}<\/script>\n<!-- \/ Yoast SEO plugin. -->","yoast_head_json":{"title":"El Ayuntamiento de Madrid compra vivienda para uso social","robots":{"index":"index","follow":"follow","max-snippet":"max-snippet:-1","max-image-preview":"max-image-preview:large","max-video-preview":"max-video-preview:-1"},"canonical":"https:\/\/www.aquimicasa.net\/blog\/vivienda\/noticias-mercado-inmobiliario\/madrid-compra-vivienda-para-uso-social\/","og_locale":"es_ES","og_type":"article","og_title":"El Ayuntamiento de Madrid compra vivienda para uso social","og_description":"La EMVS que con Botella vendi\u00f3 sus viviendas sociales ahora, con Carmena, compra vivienda para uso social","og_url":"https:\/\/www.aquimicasa.net\/blog\/vivienda\/noticias-mercado-inmobiliario\/madrid-compra-vivienda-para-uso-social\/","og_site_name":"Blog de aquimicasa.net","article_publisher":"https:\/\/www.facebook.com\/aquimicasa.net","article_published_time":"2017-02-19T09:06:51+00:00","article_modified_time":"2020-04-02T16:30:15+00:00","og_image":[{"width":500,"height":217,"url":"https:\/\/www.aquimicasa.net\/blog\/wp-content\/uploads\/aYUNTAMIENTO-DE-mADRID-e1482004719467.jpg","type":"image\/jpeg"}],"author":"Eduardo Lizarraga","twitter_misc":{"Escrito por":"Eduardo Lizarraga","Tiempo de lectura":"2 minutos"},"schema":{"@context":"https:\/\/schema.org","@graph":[{"@type":"Article","@id":"https:\/\/www.aquimicasa.net\/blog\/vivienda\/noticias-mercado-inmobiliario\/madrid-compra-vivienda-para-uso-social\/#article","isPartOf":{"@id":"https:\/\/www.aquimicasa.net\/blog\/vivienda\/noticias-mercado-inmobiliario\/madrid-compra-vivienda-para-uso-social\/"},"author":{"name":"Eduardo Lizarraga","@id":"https:\/\/www.aquimicasa.net\/blog\/#\/schema\/person\/2cdfa2605534583395c8d7ce1d6cac14"},"headline":"Madrid compra vivienda para uso social","datePublished":"2017-02-19T09:06:51+00:00","dateModified":"2020-04-02T16:30:15+00:00","mainEntityOfPage":{"@id":"https:\/\/www.aquimicasa.net\/blog\/vivienda\/noticias-mercado-inmobiliario\/madrid-compra-vivienda-para-uso-social\/"},"wordCount":448,"commentCount":0,"publisher":{"@id":"https:\/\/www.aquimicasa.net\/blog\/#organization"},"keywords":["Ayuntamiento de Madrid","Vivienda de uso social","viviendas de cuatro dormitorios en Madrid","Viviendas de dos dormitorios en Madrid","viviendas de tres dormitorios en Madrid","viviendas sociales en Madrid"],"articleSection":["Noticias Mercado Inmobiliario"],"inLanguage":"es","potentialAction":[{"@type":"CommentAction","name":"Comment","target":["https:\/\/www.aquimicasa.net\/blog\/vivienda\/noticias-mercado-inmobiliario\/madrid-compra-vivienda-para-uso-social\/#respond"]}]},{"@type":"WebPage","@id":"https:\/\/www.aquimicasa.net\/blog\/vivienda\/noticias-mercado-inmobiliario\/madrid-compra-vivienda-para-uso-social\/","url":"https:\/\/www.aquimicasa.net\/blog\/vivienda\/noticias-mercado-inmobiliario\/madrid-compra-vivienda-para-uso-social\/","name":"El Ayuntamiento de Madrid compra vivienda para uso social","isPartOf":{"@id":"https:\/\/www.aquimicasa.net\/blog\/#website"},"datePublished":"2017-02-19T09:06:51+00:00","dateModified":"2020-04-02T16:30:15+00:00","breadcrumb":{"@id":"https:\/\/www.aquimicasa.net\/blog\/vivienda\/noticias-mercado-inmobiliario\/madrid-compra-vivienda-para-uso-social\/#breadcrumb"},"inLanguage":"es","potentialAction":[{"@type":"ReadAction","target":["https:\/\/www.aquimicasa.net\/blog\/vivienda\/noticias-mercado-inmobiliario\/madrid-compra-vivienda-para-uso-social\/"]}]},{"@type":"BreadcrumbList","@id":"https:\/\/www.aquimicasa.net\/blog\/vivienda\/noticias-mercado-inmobiliario\/madrid-compra-vivienda-para-uso-social\/#breadcrumb","itemListElement":[{"@type":"ListItem","position":1,"name":"Portada","item":"https:\/\/www.aquimicasa.net\/blog\/"},{"@type":"ListItem","position":2,"name":"Madrid compra vivienda para uso social"}]},{"@type":"WebSite","@id":"https:\/\/www.aquimicasa.net\/blog\/#website","url":"https:\/\/www.aquimicasa.net\/blog\/","name":"Blog de aquimicasa.net","description":"Noticias del Mundo Inmobiliario","publisher":{"@id":"https:\/\/www.aquimicasa.net\/blog\/#organization"},"potentialAction":[{"@type":"SearchAction","target":{"@type":"EntryPoint","urlTemplate":"https:\/\/www.aquimicasa.net\/blog\/?s={search_term_string}"},"query-input":{"@type":"PropertyValueSpecification","valueRequired":true,"valueName":"search_term_string"}}],"inLanguage":"es"},{"@type":"Organization","@id":"https:\/\/www.aquimicasa.net\/blog\/#organization","name":"Blog de aquimicasa.net","url":"https:\/\/www.aquimicasa.net\/blog\/","logo":{"@type":"ImageObject","inLanguage":"es","@id":"https:\/\/www.aquimicasa.net\/blog\/#\/schema\/logo\/image\/","url":"https:\/\/www.aquimicasa.net\/blog\/wp-content\/uploads\/Logo-aquimicasa-1-e1528048213782.png","contentUrl":"https:\/\/www.aquimicasa.net\/blog\/wp-content\/uploads\/Logo-aquimicasa-1-e1528048213782.png","width":225,"height":225,"caption":"Blog de aquimicasa.net"},"image":{"@id":"https:\/\/www.aquimicasa.net\/blog\/#\/schema\/logo\/image\/"},"sameAs":["https:\/\/www.facebook.com\/aquimicasa.net","https:\/\/www.instagram.com\/","https:\/\/x.com\/EduLizarragaD","https:\/\/www.linkedin.com\/feed\/"]},{"@type":"Person","@id":"https:\/\/www.aquimicasa.net\/blog\/#\/schema\/person\/2cdfa2605534583395c8d7ce1d6cac14","name":"Eduardo Lizarraga","image":{"@type":"ImageObject","inLanguage":"es","@id":"https:\/\/secure.gravatar.com\/avatar\/bdabe1eeeed97b65a9cb7de2edd624b07995f7e13abc5fead15961f745f908cc?s=96&d=mm&r=g","url":"https:\/\/secure.gravatar.com\/avatar\/bdabe1eeeed97b65a9cb7de2edd624b07995f7e13abc5fead15961f745f908cc?s=96&d=mm&r=g","contentUrl":"https:\/\/secure.gravatar.com\/avatar\/bdabe1eeeed97b65a9cb7de2edd624b07995f7e13abc5fead15961f745f908cc?s=96&d=mm&r=g","caption":"Eduardo Lizarraga"},"description":"Periodista Econ\u00f3mico. Ha trabajado en diversos campos de la informaci\u00f3n. Corresponsal en conflictos, analista pol\u00edtico en Congreso y Senado, periodista del medio ambiente, editor, director editorial, director de comunicaci\u00f3n.... En estos momentos se ha especializado en el sector inmobiliario. Pero tambi\u00e9n es navegante y viajero, preocupado por la pobreza, el medio ambiente y por las actuaciones descontroladas del neoliberalismo empresarial y pol\u00edtico en todo el mundo. Los desahucios, la pobreza infantil y la falta de acceso a los suministros b\u00e1sicos son algunos de los grandes dramas de nuestra sociedad y que es preciso solucionar para hacerla m\u00e1s justa. CEO en www.aquimicasa.net","sameAs":["https:\/\/www.aquimicasa.net\/"],"url":"https:\/\/www.aquimicasa.net\/blog\/author\/eduardo\/"}]}},"jetpack_publicize_connections":[],"jetpack_featured_media_url":"","jetpack_sharing_enabled":true,"jetpack_likes_enabled":true,"_links":{"self":[{"href":"https:\/\/www.aquimicasa.net\/blog\/wp-json\/wp\/v2\/posts\/14515","targetHints":{"allow":["GET"]}}],"collection":[{"href":"https:\/\/www.aquimicasa.net\/blog\/wp-json\/wp\/v2\/posts"}],"about":[{"href":"https:\/\/www.aquimicasa.net\/blog\/wp-json\/wp\/v2\/types\/post"}],"author":[{"embeddable":true,"href":"https:\/\/www.aquimicasa.net\/blog\/wp-json\/wp\/v2\/users\/3"}],"replies":[{"embeddable":true,"href":"https:\/\/www.aquimicasa.net\/blog\/wp-json\/wp\/v2\/comments?post=14515"}],"version-history":[{"count":1,"href":"https:\/\/www.aquimicasa.net\/blog\/wp-json\/wp\/v2\/posts\/14515\/revisions"}],"predecessor-version":[{"id":30622,"href":"https:\/\/www.aquimicasa.net\/blog\/wp-json\/wp\/v2\/posts\/14515\/revisions\/30622"}],"wp:attachment":[{"href":"https:\/\/www.aquimicasa.net\/blog\/wp-json\/wp\/v2\/media?parent=14515"}],"wp:term":[{"taxonomy":"category","embeddable":true,"href":"https:\/\/www.aquimicasa.net\/blog\/wp-json\/wp\/v2\/categories?post=14515"},{"taxonomy":"post_tag","embeddable":true,"href":"https:\/\/www.aquimicasa.net\/blog\/wp-json\/wp\/v2\/tags?post=14515"}],"curies":[{"name":"wp","href":"https:\/\/api.w.org\/{rel}","templated":true}]}}