{"id":14814,"date":"2017-03-03T18:58:02","date_gmt":"2017-03-03T17:58:02","guid":{"rendered":"https:\/\/www.aquimicasa.net\/blog\/?p=14814"},"modified":"2020-04-02T18:30:13","modified_gmt":"2020-04-02T16:30:13","slug":"mas-de-550-000-afectados-por-la-plusvalia-municipal-inconstitucional","status":"publish","type":"post","link":"https:\/\/www.aquimicasa.net\/blog\/vivienda\/noticias-mercado-inmobiliario\/mas-de-550-000-afectados-por-la-plusvalia-municipal-inconstitucional\/","title":{"rendered":"M\u00e1s de 550.000 afectados por la plusval\u00eda municipal inconstitucional"},"content":{"rendered":"<p>Una sentencia del Tribunal Constitucional del pasado 16 de febrero declara que <strong>no puede exigirse al vendedor de un inmueble <\/strong>el pago de un impuesto que grava un incremento del valor que, en realidad, no se ha producido. La sentencia se ha producido en el Territorio Hist\u00f3rico de Gipuzkoa, pero es ta s\u00f3lo que se extienda al \u00e1mbito estatal. <\/p>\n<p>En cuanto eso suceda, el n\u00famero de viviendas sobre las que se podr\u00eda reclamar la <strong>devoluci\u00f3n del pago de la plusval\u00eda<\/strong>, por haberse transmitido por un valor inferior al de adquisici\u00f3n, estar\u00eda en torno a 550.000 inmuebles, seg\u00fan c\u00e1lculos realizados por Tinsa a partir de sus estad\u00edsticas de evoluci\u00f3n del precio de la vivienda (\u00edndice IMIE) y de datos del Ministerio de Fomento y del Colegio de Registradores de la Propiedad. En esta bolsa de viviendas se incluyen tanto operaciones de compraventa, como donaciones, permutas y herencias, que tambi\u00e9n est\u00e1n gravadas con el pago de este impuesto.<\/p>\n<p>La estimaci\u00f3n de Tinsa tiene en cuenta el n\u00famero de <strong>transmisiones de viviendas realizadas en Espa\u00f1a<\/strong> entre 2013 y 2016 (ya que pueden recurrirse las operaciones de los \u00faltimos cuatro a\u00f1os), as\u00ed como el periodo medio que los inmuebles han estado en manos de sus propietarios. Del cruce de esta informaci\u00f3n con la evoluci\u00f3n del <strong>valor medio en cada una de las provincias espa\u00f1olas<\/strong>, Tinsa ha obtenido el n\u00famero aproximado de viviendas que se han transmitido desde 2013 con un valor de mercado inferior al del momento de la compra.<\/p>\n<p>El IIVTNU grava el incremento del valor del terreno generado en el momento de la transmisi\u00f3n de un inmueble, hasta un periodo m\u00e1ximo de tenencia de 20 a\u00f1os. Sin embargo, para calcular el importe a liquidar por este impuesto se tiene en cuenta \u00fanicamente el <strong>valor catastral del suelo del inmueble<\/strong> en el momento de la venta y los a\u00f1os que haya estado en manos del propietario. Una metodolog\u00eda que acaba mostrando que siempre existen plusval\u00edas, es decir, el contribuyente siempre paga, independientemente de que el valor real del terreno no se haya incrementado.<\/p>\n<p>Marta Garc\u00eda, directora de Consultor\u00eda T\u00e9cnica de Tinsa, pone el ejemplo de una vivienda situada en el distrito de Carabanchel (Madrid capital) con un valor de mercado a fecha actual de 180.000 euros y cuyo valor catastral del suelo es de aproximadamente 52.000 euros. \u201cSeg\u00fan los c\u00e1lculos de la Administraci\u00f3n, si se vendiera hoy esa vivienda tras el <strong>periodo medio de tenencia en Espa\u00f1a<\/strong> (12 a\u00f1os), la<strong> plusval\u00eda municipal a liquidar<\/strong> ser\u00edan 5.000 euros. La realidad es que esos 180.000 euros suponen una significativa p\u00e9rdida respecto a los 245.000 euros de valor de mercado que ten\u00eda en la fecha de su adquisici\u00f3n, en el a\u00f1o 2005\u201d, explica Garc\u00eda.<\/p>\n<p>El <strong>importe de la plusval\u00eda aumenta <\/strong>a medida que se incrementa el valor de mercado del inmueble transmitido, como se ve en el caso de una vivienda situada en el distrito de Tetu\u00e1n, que se adquiri\u00f3 en 2005 por 420.000 euros y que actualmente tiene un valor de mercado de 350.000. Si se vendiera ahora este inmueble, el impuesto se elevar\u00eda a pr\u00e1cticamente 10.000 euros (9.890 \u20ac), pese a que el propietario ha sufrido un <strong>deterioro patrimonial<\/strong> de 70.000 euros.<\/p>\n","protected":false},"excerpt":{"rendered":"<p>La reciente sentencia de inconstitucionalidad del impuesto municipal de plusval\u00eda en caso de p\u00e9rdida de valor deja m\u00e1s de medio mill\u00f3n de afectados.<\/p>\n","protected":false},"author":3,"featured_media":14830,"comment_status":"open","ping_status":"open","sticky":false,"template":"","format":"standard","meta":{"_jetpack_memberships_contains_paid_content":false,"footnotes":"","jetpack_publicize_message":"","jetpack_publicize_feature_enabled":true,"jetpack_social_post_already_shared":true,"jetpack_social_options":{"image_generator_settings":{"template":"highway","default_image_id":0,"font":"","enabled":false},"version":2}},"categories":[7565],"tags":[1460,3233],"class_list":["post-14814","post","type-post","status-publish","format-standard","has-post-thumbnail","hentry","category-noticias-mercado-inmobiliario","tag-ayuntamiento","tag-impuesto-plusvalia-municipal"],"yoast_head":"<!-- This site is optimized with the Yoast SEO plugin v27.5 - https:\/\/yoast.com\/product\/yoast-seo-wordpress\/ -->\n<title>M\u00e1s de 550.000 afectados por la plusval\u00eda municipal inconstitucional<\/title>\n<meta name=\"robots\" content=\"index, follow, max-snippet:-1, max-image-preview:large, max-video-preview:-1\" \/>\n<link rel=\"canonical\" href=\"https:\/\/www.aquimicasa.net\/blog\/vivienda\/noticias-mercado-inmobiliario\/mas-de-550-000-afectados-por-la-plusvalia-municipal-inconstitucional\/\" \/>\n<meta property=\"og:locale\" content=\"es_ES\" \/>\n<meta property=\"og:type\" content=\"article\" \/>\n<meta property=\"og:title\" content=\"M\u00e1s de 550.000 afectados por la plusval\u00eda municipal inconstitucional\" \/>\n<meta property=\"og:description\" content=\"La reciente sentencia de inconstitucionalidad del impuesto municipal de plusval\u00eda en caso de p\u00e9rdida de valor deja m\u00e1s de medio mill\u00f3n de afectados.\" \/>\n<meta property=\"og:url\" content=\"https:\/\/www.aquimicasa.net\/blog\/vivienda\/noticias-mercado-inmobiliario\/mas-de-550-000-afectados-por-la-plusvalia-municipal-inconstitucional\/\" \/>\n<meta property=\"og:site_name\" content=\"Blog de aquimicasa.net\" \/>\n<meta property=\"article:publisher\" content=\"https:\/\/www.facebook.com\/aquimicasa.net\" \/>\n<meta property=\"article:published_time\" content=\"2017-03-03T17:58:02+00:00\" \/>\n<meta property=\"article:modified_time\" content=\"2020-04-02T16:30:13+00:00\" \/>\n<meta property=\"og:image\" content=\"https:\/\/www.aquimicasa.net\/blog\/wp-content\/uploads\/Ayuntamientos-ladrones-e1488563402778.jpg\" \/>\n\t<meta property=\"og:image:width\" content=\"320\" \/>\n\t<meta property=\"og:image:height\" content=\"232\" \/>\n\t<meta property=\"og:image:type\" content=\"image\/jpeg\" \/>\n<meta name=\"author\" content=\"Eduardo Lizarraga\" \/>\n<meta name=\"twitter:label1\" content=\"Escrito por\" \/>\n\t<meta name=\"twitter:data1\" content=\"Eduardo Lizarraga\" \/>\n\t<meta name=\"twitter:label2\" content=\"Tiempo de lectura\" \/>\n\t<meta name=\"twitter:data2\" content=\"3 minutos\" \/>\n<script type=\"application\/ld+json\" class=\"yoast-schema-graph\">{\"@context\":\"https:\\\/\\\/schema.org\",\"@graph\":[{\"@type\":\"Article\",\"@id\":\"https:\\\/\\\/www.aquimicasa.net\\\/blog\\\/vivienda\\\/noticias-mercado-inmobiliario\\\/mas-de-550-000-afectados-por-la-plusvalia-municipal-inconstitucional\\\/#article\",\"isPartOf\":{\"@id\":\"https:\\\/\\\/www.aquimicasa.net\\\/blog\\\/vivienda\\\/noticias-mercado-inmobiliario\\\/mas-de-550-000-afectados-por-la-plusvalia-municipal-inconstitucional\\\/\"},\"author\":{\"name\":\"Eduardo Lizarraga\",\"@id\":\"https:\\\/\\\/www.aquimicasa.net\\\/blog\\\/#\\\/schema\\\/person\\\/2cdfa2605534583395c8d7ce1d6cac14\"},\"headline\":\"M\u00e1s de 550.000 afectados por la plusval\u00eda municipal inconstitucional\",\"datePublished\":\"2017-03-03T17:58:02+00:00\",\"dateModified\":\"2020-04-02T16:30:13+00:00\",\"mainEntityOfPage\":{\"@id\":\"https:\\\/\\\/www.aquimicasa.net\\\/blog\\\/vivienda\\\/noticias-mercado-inmobiliario\\\/mas-de-550-000-afectados-por-la-plusvalia-municipal-inconstitucional\\\/\"},\"wordCount\":565,\"commentCount\":0,\"publisher\":{\"@id\":\"https:\\\/\\\/www.aquimicasa.net\\\/blog\\\/#organization\"},\"image\":{\"@id\":\"https:\\\/\\\/www.aquimicasa.net\\\/blog\\\/vivienda\\\/noticias-mercado-inmobiliario\\\/mas-de-550-000-afectados-por-la-plusvalia-municipal-inconstitucional\\\/#primaryimage\"},\"thumbnailUrl\":\"https:\\\/\\\/www.aquimicasa.net\\\/blog\\\/wp-content\\\/uploads\\\/Ayuntamientos-ladrones-e1488563402778.jpg\",\"keywords\":[\"Ayuntamiento\",\"impuesto plusval\u00eda municipal\"],\"articleSection\":[\"Noticias Mercado Inmobiliario\"],\"inLanguage\":\"es\",\"potentialAction\":[{\"@type\":\"CommentAction\",\"name\":\"Comment\",\"target\":[\"https:\\\/\\\/www.aquimicasa.net\\\/blog\\\/vivienda\\\/noticias-mercado-inmobiliario\\\/mas-de-550-000-afectados-por-la-plusvalia-municipal-inconstitucional\\\/#respond\"]}]},{\"@type\":\"WebPage\",\"@id\":\"https:\\\/\\\/www.aquimicasa.net\\\/blog\\\/vivienda\\\/noticias-mercado-inmobiliario\\\/mas-de-550-000-afectados-por-la-plusvalia-municipal-inconstitucional\\\/\",\"url\":\"https:\\\/\\\/www.aquimicasa.net\\\/blog\\\/vivienda\\\/noticias-mercado-inmobiliario\\\/mas-de-550-000-afectados-por-la-plusvalia-municipal-inconstitucional\\\/\",\"name\":\"M\u00e1s de 550.000 afectados por la plusval\u00eda municipal inconstitucional\",\"isPartOf\":{\"@id\":\"https:\\\/\\\/www.aquimicasa.net\\\/blog\\\/#website\"},\"primaryImageOfPage\":{\"@id\":\"https:\\\/\\\/www.aquimicasa.net\\\/blog\\\/vivienda\\\/noticias-mercado-inmobiliario\\\/mas-de-550-000-afectados-por-la-plusvalia-municipal-inconstitucional\\\/#primaryimage\"},\"image\":{\"@id\":\"https:\\\/\\\/www.aquimicasa.net\\\/blog\\\/vivienda\\\/noticias-mercado-inmobiliario\\\/mas-de-550-000-afectados-por-la-plusvalia-municipal-inconstitucional\\\/#primaryimage\"},\"thumbnailUrl\":\"https:\\\/\\\/www.aquimicasa.net\\\/blog\\\/wp-content\\\/uploads\\\/Ayuntamientos-ladrones-e1488563402778.jpg\",\"datePublished\":\"2017-03-03T17:58:02+00:00\",\"dateModified\":\"2020-04-02T16:30:13+00:00\",\"breadcrumb\":{\"@id\":\"https:\\\/\\\/www.aquimicasa.net\\\/blog\\\/vivienda\\\/noticias-mercado-inmobiliario\\\/mas-de-550-000-afectados-por-la-plusvalia-municipal-inconstitucional\\\/#breadcrumb\"},\"inLanguage\":\"es\",\"potentialAction\":[{\"@type\":\"ReadAction\",\"target\":[\"https:\\\/\\\/www.aquimicasa.net\\\/blog\\\/vivienda\\\/noticias-mercado-inmobiliario\\\/mas-de-550-000-afectados-por-la-plusvalia-municipal-inconstitucional\\\/\"]}]},{\"@type\":\"ImageObject\",\"inLanguage\":\"es\",\"@id\":\"https:\\\/\\\/www.aquimicasa.net\\\/blog\\\/vivienda\\\/noticias-mercado-inmobiliario\\\/mas-de-550-000-afectados-por-la-plusvalia-municipal-inconstitucional\\\/#primaryimage\",\"url\":\"https:\\\/\\\/www.aquimicasa.net\\\/blog\\\/wp-content\\\/uploads\\\/Ayuntamientos-ladrones-e1488563402778.jpg\",\"contentUrl\":\"https:\\\/\\\/www.aquimicasa.net\\\/blog\\\/wp-content\\\/uploads\\\/Ayuntamientos-ladrones-e1488563402778.jpg\",\"width\":320,\"height\":232},{\"@type\":\"BreadcrumbList\",\"@id\":\"https:\\\/\\\/www.aquimicasa.net\\\/blog\\\/vivienda\\\/noticias-mercado-inmobiliario\\\/mas-de-550-000-afectados-por-la-plusvalia-municipal-inconstitucional\\\/#breadcrumb\",\"itemListElement\":[{\"@type\":\"ListItem\",\"position\":1,\"name\":\"Portada\",\"item\":\"https:\\\/\\\/www.aquimicasa.net\\\/blog\\\/\"},{\"@type\":\"ListItem\",\"position\":2,\"name\":\"M\u00e1s de 550.000 afectados por la plusval\u00eda municipal inconstitucional\"}]},{\"@type\":\"WebSite\",\"@id\":\"https:\\\/\\\/www.aquimicasa.net\\\/blog\\\/#website\",\"url\":\"https:\\\/\\\/www.aquimicasa.net\\\/blog\\\/\",\"name\":\"Blog de aquimicasa.net\",\"description\":\"Noticias del Mundo Inmobiliario\",\"publisher\":{\"@id\":\"https:\\\/\\\/www.aquimicasa.net\\\/blog\\\/#organization\"},\"potentialAction\":[{\"@type\":\"SearchAction\",\"target\":{\"@type\":\"EntryPoint\",\"urlTemplate\":\"https:\\\/\\\/www.aquimicasa.net\\\/blog\\\/?s={search_term_string}\"},\"query-input\":{\"@type\":\"PropertyValueSpecification\",\"valueRequired\":true,\"valueName\":\"search_term_string\"}}],\"inLanguage\":\"es\"},{\"@type\":\"Organization\",\"@id\":\"https:\\\/\\\/www.aquimicasa.net\\\/blog\\\/#organization\",\"name\":\"Blog de aquimicasa.net\",\"url\":\"https:\\\/\\\/www.aquimicasa.net\\\/blog\\\/\",\"logo\":{\"@type\":\"ImageObject\",\"inLanguage\":\"es\",\"@id\":\"https:\\\/\\\/www.aquimicasa.net\\\/blog\\\/#\\\/schema\\\/logo\\\/image\\\/\",\"url\":\"https:\\\/\\\/www.aquimicasa.net\\\/blog\\\/wp-content\\\/uploads\\\/Logo-aquimicasa-1-e1528048213782.png\",\"contentUrl\":\"https:\\\/\\\/www.aquimicasa.net\\\/blog\\\/wp-content\\\/uploads\\\/Logo-aquimicasa-1-e1528048213782.png\",\"width\":225,\"height\":225,\"caption\":\"Blog de aquimicasa.net\"},\"image\":{\"@id\":\"https:\\\/\\\/www.aquimicasa.net\\\/blog\\\/#\\\/schema\\\/logo\\\/image\\\/\"},\"sameAs\":[\"https:\\\/\\\/www.facebook.com\\\/aquimicasa.net\",\"https:\\\/\\\/www.instagram.com\\\/\",\"https:\\\/\\\/x.com\\\/EduLizarragaD\",\"https:\\\/\\\/www.linkedin.com\\\/feed\\\/\"]},{\"@type\":\"Person\",\"@id\":\"https:\\\/\\\/www.aquimicasa.net\\\/blog\\\/#\\\/schema\\\/person\\\/2cdfa2605534583395c8d7ce1d6cac14\",\"name\":\"Eduardo Lizarraga\",\"image\":{\"@type\":\"ImageObject\",\"inLanguage\":\"es\",\"@id\":\"https:\\\/\\\/secure.gravatar.com\\\/avatar\\\/bdabe1eeeed97b65a9cb7de2edd624b07995f7e13abc5fead15961f745f908cc?s=96&d=mm&r=g\",\"url\":\"https:\\\/\\\/secure.gravatar.com\\\/avatar\\\/bdabe1eeeed97b65a9cb7de2edd624b07995f7e13abc5fead15961f745f908cc?s=96&d=mm&r=g\",\"contentUrl\":\"https:\\\/\\\/secure.gravatar.com\\\/avatar\\\/bdabe1eeeed97b65a9cb7de2edd624b07995f7e13abc5fead15961f745f908cc?s=96&d=mm&r=g\",\"caption\":\"Eduardo Lizarraga\"},\"description\":\"Periodista Econ\u00f3mico. Ha trabajado en diversos campos de la informaci\u00f3n. Corresponsal en conflictos, analista pol\u00edtico en Congreso y Senado, periodista del medio ambiente, editor, director editorial, director de comunicaci\u00f3n.... En estos momentos se ha especializado en el sector inmobiliario. Pero tambi\u00e9n es navegante y viajero, preocupado por la pobreza, el medio ambiente y por las actuaciones descontroladas del neoliberalismo empresarial y pol\u00edtico en todo el mundo. Los desahucios, la pobreza infantil y la falta de acceso a los suministros b\u00e1sicos son algunos de los grandes dramas de nuestra sociedad y que es preciso solucionar para hacerla m\u00e1s justa. CEO en www.aquimicasa.net\",\"sameAs\":[\"https:\\\/\\\/www.aquimicasa.net\\\/\"],\"url\":\"https:\\\/\\\/www.aquimicasa.net\\\/blog\\\/author\\\/eduardo\\\/\"}]}<\/script>\n<!-- \/ Yoast SEO plugin. -->","yoast_head_json":{"title":"M\u00e1s de 550.000 afectados por la plusval\u00eda municipal inconstitucional","robots":{"index":"index","follow":"follow","max-snippet":"max-snippet:-1","max-image-preview":"max-image-preview:large","max-video-preview":"max-video-preview:-1"},"canonical":"https:\/\/www.aquimicasa.net\/blog\/vivienda\/noticias-mercado-inmobiliario\/mas-de-550-000-afectados-por-la-plusvalia-municipal-inconstitucional\/","og_locale":"es_ES","og_type":"article","og_title":"M\u00e1s de 550.000 afectados por la plusval\u00eda municipal inconstitucional","og_description":"La reciente sentencia de inconstitucionalidad del impuesto municipal de plusval\u00eda en caso de p\u00e9rdida de valor deja m\u00e1s de medio mill\u00f3n de afectados.","og_url":"https:\/\/www.aquimicasa.net\/blog\/vivienda\/noticias-mercado-inmobiliario\/mas-de-550-000-afectados-por-la-plusvalia-municipal-inconstitucional\/","og_site_name":"Blog de aquimicasa.net","article_publisher":"https:\/\/www.facebook.com\/aquimicasa.net","article_published_time":"2017-03-03T17:58:02+00:00","article_modified_time":"2020-04-02T16:30:13+00:00","og_image":[{"width":320,"height":232,"url":"https:\/\/www.aquimicasa.net\/blog\/wp-content\/uploads\/Ayuntamientos-ladrones-e1488563402778.jpg","type":"image\/jpeg"}],"author":"Eduardo Lizarraga","twitter_misc":{"Escrito por":"Eduardo Lizarraga","Tiempo de lectura":"3 minutos"},"schema":{"@context":"https:\/\/schema.org","@graph":[{"@type":"Article","@id":"https:\/\/www.aquimicasa.net\/blog\/vivienda\/noticias-mercado-inmobiliario\/mas-de-550-000-afectados-por-la-plusvalia-municipal-inconstitucional\/#article","isPartOf":{"@id":"https:\/\/www.aquimicasa.net\/blog\/vivienda\/noticias-mercado-inmobiliario\/mas-de-550-000-afectados-por-la-plusvalia-municipal-inconstitucional\/"},"author":{"name":"Eduardo Lizarraga","@id":"https:\/\/www.aquimicasa.net\/blog\/#\/schema\/person\/2cdfa2605534583395c8d7ce1d6cac14"},"headline":"M\u00e1s de 550.000 afectados por la plusval\u00eda municipal inconstitucional","datePublished":"2017-03-03T17:58:02+00:00","dateModified":"2020-04-02T16:30:13+00:00","mainEntityOfPage":{"@id":"https:\/\/www.aquimicasa.net\/blog\/vivienda\/noticias-mercado-inmobiliario\/mas-de-550-000-afectados-por-la-plusvalia-municipal-inconstitucional\/"},"wordCount":565,"commentCount":0,"publisher":{"@id":"https:\/\/www.aquimicasa.net\/blog\/#organization"},"image":{"@id":"https:\/\/www.aquimicasa.net\/blog\/vivienda\/noticias-mercado-inmobiliario\/mas-de-550-000-afectados-por-la-plusvalia-municipal-inconstitucional\/#primaryimage"},"thumbnailUrl":"https:\/\/www.aquimicasa.net\/blog\/wp-content\/uploads\/Ayuntamientos-ladrones-e1488563402778.jpg","keywords":["Ayuntamiento","impuesto plusval\u00eda municipal"],"articleSection":["Noticias Mercado Inmobiliario"],"inLanguage":"es","potentialAction":[{"@type":"CommentAction","name":"Comment","target":["https:\/\/www.aquimicasa.net\/blog\/vivienda\/noticias-mercado-inmobiliario\/mas-de-550-000-afectados-por-la-plusvalia-municipal-inconstitucional\/#respond"]}]},{"@type":"WebPage","@id":"https:\/\/www.aquimicasa.net\/blog\/vivienda\/noticias-mercado-inmobiliario\/mas-de-550-000-afectados-por-la-plusvalia-municipal-inconstitucional\/","url":"https:\/\/www.aquimicasa.net\/blog\/vivienda\/noticias-mercado-inmobiliario\/mas-de-550-000-afectados-por-la-plusvalia-municipal-inconstitucional\/","name":"M\u00e1s de 550.000 afectados por la plusval\u00eda municipal inconstitucional","isPartOf":{"@id":"https:\/\/www.aquimicasa.net\/blog\/#website"},"primaryImageOfPage":{"@id":"https:\/\/www.aquimicasa.net\/blog\/vivienda\/noticias-mercado-inmobiliario\/mas-de-550-000-afectados-por-la-plusvalia-municipal-inconstitucional\/#primaryimage"},"image":{"@id":"https:\/\/www.aquimicasa.net\/blog\/vivienda\/noticias-mercado-inmobiliario\/mas-de-550-000-afectados-por-la-plusvalia-municipal-inconstitucional\/#primaryimage"},"thumbnailUrl":"https:\/\/www.aquimicasa.net\/blog\/wp-content\/uploads\/Ayuntamientos-ladrones-e1488563402778.jpg","datePublished":"2017-03-03T17:58:02+00:00","dateModified":"2020-04-02T16:30:13+00:00","breadcrumb":{"@id":"https:\/\/www.aquimicasa.net\/blog\/vivienda\/noticias-mercado-inmobiliario\/mas-de-550-000-afectados-por-la-plusvalia-municipal-inconstitucional\/#breadcrumb"},"inLanguage":"es","potentialAction":[{"@type":"ReadAction","target":["https:\/\/www.aquimicasa.net\/blog\/vivienda\/noticias-mercado-inmobiliario\/mas-de-550-000-afectados-por-la-plusvalia-municipal-inconstitucional\/"]}]},{"@type":"ImageObject","inLanguage":"es","@id":"https:\/\/www.aquimicasa.net\/blog\/vivienda\/noticias-mercado-inmobiliario\/mas-de-550-000-afectados-por-la-plusvalia-municipal-inconstitucional\/#primaryimage","url":"https:\/\/www.aquimicasa.net\/blog\/wp-content\/uploads\/Ayuntamientos-ladrones-e1488563402778.jpg","contentUrl":"https:\/\/www.aquimicasa.net\/blog\/wp-content\/uploads\/Ayuntamientos-ladrones-e1488563402778.jpg","width":320,"height":232},{"@type":"BreadcrumbList","@id":"https:\/\/www.aquimicasa.net\/blog\/vivienda\/noticias-mercado-inmobiliario\/mas-de-550-000-afectados-por-la-plusvalia-municipal-inconstitucional\/#breadcrumb","itemListElement":[{"@type":"ListItem","position":1,"name":"Portada","item":"https:\/\/www.aquimicasa.net\/blog\/"},{"@type":"ListItem","position":2,"name":"M\u00e1s de 550.000 afectados por la plusval\u00eda municipal inconstitucional"}]},{"@type":"WebSite","@id":"https:\/\/www.aquimicasa.net\/blog\/#website","url":"https:\/\/www.aquimicasa.net\/blog\/","name":"Blog de aquimicasa.net","description":"Noticias del Mundo Inmobiliario","publisher":{"@id":"https:\/\/www.aquimicasa.net\/blog\/#organization"},"potentialAction":[{"@type":"SearchAction","target":{"@type":"EntryPoint","urlTemplate":"https:\/\/www.aquimicasa.net\/blog\/?s={search_term_string}"},"query-input":{"@type":"PropertyValueSpecification","valueRequired":true,"valueName":"search_term_string"}}],"inLanguage":"es"},{"@type":"Organization","@id":"https:\/\/www.aquimicasa.net\/blog\/#organization","name":"Blog de aquimicasa.net","url":"https:\/\/www.aquimicasa.net\/blog\/","logo":{"@type":"ImageObject","inLanguage":"es","@id":"https:\/\/www.aquimicasa.net\/blog\/#\/schema\/logo\/image\/","url":"https:\/\/www.aquimicasa.net\/blog\/wp-content\/uploads\/Logo-aquimicasa-1-e1528048213782.png","contentUrl":"https:\/\/www.aquimicasa.net\/blog\/wp-content\/uploads\/Logo-aquimicasa-1-e1528048213782.png","width":225,"height":225,"caption":"Blog de aquimicasa.net"},"image":{"@id":"https:\/\/www.aquimicasa.net\/blog\/#\/schema\/logo\/image\/"},"sameAs":["https:\/\/www.facebook.com\/aquimicasa.net","https:\/\/www.instagram.com\/","https:\/\/x.com\/EduLizarragaD","https:\/\/www.linkedin.com\/feed\/"]},{"@type":"Person","@id":"https:\/\/www.aquimicasa.net\/blog\/#\/schema\/person\/2cdfa2605534583395c8d7ce1d6cac14","name":"Eduardo Lizarraga","image":{"@type":"ImageObject","inLanguage":"es","@id":"https:\/\/secure.gravatar.com\/avatar\/bdabe1eeeed97b65a9cb7de2edd624b07995f7e13abc5fead15961f745f908cc?s=96&d=mm&r=g","url":"https:\/\/secure.gravatar.com\/avatar\/bdabe1eeeed97b65a9cb7de2edd624b07995f7e13abc5fead15961f745f908cc?s=96&d=mm&r=g","contentUrl":"https:\/\/secure.gravatar.com\/avatar\/bdabe1eeeed97b65a9cb7de2edd624b07995f7e13abc5fead15961f745f908cc?s=96&d=mm&r=g","caption":"Eduardo Lizarraga"},"description":"Periodista Econ\u00f3mico. Ha trabajado en diversos campos de la informaci\u00f3n. Corresponsal en conflictos, analista pol\u00edtico en Congreso y Senado, periodista del medio ambiente, editor, director editorial, director de comunicaci\u00f3n.... En estos momentos se ha especializado en el sector inmobiliario. Pero tambi\u00e9n es navegante y viajero, preocupado por la pobreza, el medio ambiente y por las actuaciones descontroladas del neoliberalismo empresarial y pol\u00edtico en todo el mundo. Los desahucios, la pobreza infantil y la falta de acceso a los suministros b\u00e1sicos son algunos de los grandes dramas de nuestra sociedad y que es preciso solucionar para hacerla m\u00e1s justa. CEO en www.aquimicasa.net","sameAs":["https:\/\/www.aquimicasa.net\/"],"url":"https:\/\/www.aquimicasa.net\/blog\/author\/eduardo\/"}]}},"jetpack_publicize_connections":[],"jetpack_featured_media_url":"https:\/\/www.aquimicasa.net\/blog\/wp-content\/uploads\/Ayuntamientos-ladrones-e1488563402778.jpg","jetpack_sharing_enabled":true,"jetpack_likes_enabled":true,"_links":{"self":[{"href":"https:\/\/www.aquimicasa.net\/blog\/wp-json\/wp\/v2\/posts\/14814","targetHints":{"allow":["GET"]}}],"collection":[{"href":"https:\/\/www.aquimicasa.net\/blog\/wp-json\/wp\/v2\/posts"}],"about":[{"href":"https:\/\/www.aquimicasa.net\/blog\/wp-json\/wp\/v2\/types\/post"}],"author":[{"embeddable":true,"href":"https:\/\/www.aquimicasa.net\/blog\/wp-json\/wp\/v2\/users\/3"}],"replies":[{"embeddable":true,"href":"https:\/\/www.aquimicasa.net\/blog\/wp-json\/wp\/v2\/comments?post=14814"}],"version-history":[{"count":5,"href":"https:\/\/www.aquimicasa.net\/blog\/wp-json\/wp\/v2\/posts\/14814\/revisions"}],"predecessor-version":[{"id":14831,"href":"https:\/\/www.aquimicasa.net\/blog\/wp-json\/wp\/v2\/posts\/14814\/revisions\/14831"}],"wp:featuredmedia":[{"embeddable":true,"href":"https:\/\/www.aquimicasa.net\/blog\/wp-json\/wp\/v2\/media\/14830"}],"wp:attachment":[{"href":"https:\/\/www.aquimicasa.net\/blog\/wp-json\/wp\/v2\/media?parent=14814"}],"wp:term":[{"taxonomy":"category","embeddable":true,"href":"https:\/\/www.aquimicasa.net\/blog\/wp-json\/wp\/v2\/categories?post=14814"},{"taxonomy":"post_tag","embeddable":true,"href":"https:\/\/www.aquimicasa.net\/blog\/wp-json\/wp\/v2\/tags?post=14814"}],"curies":[{"name":"wp","href":"https:\/\/api.w.org\/{rel}","templated":true}]}}