{"id":14896,"date":"2017-03-08T22:30:02","date_gmt":"2017-03-08T21:30:02","guid":{"rendered":"https:\/\/www.aquimicasa.net\/blog\/?p=14896"},"modified":"2020-04-02T18:30:13","modified_gmt":"2020-04-02T16:30:13","slug":"la-vaca-ordenada-por-todos","status":"publish","type":"post","link":"https:\/\/www.aquimicasa.net\/blog\/vivienda\/noticias-mercado-inmobiliario\/la-vaca-ordenada-por-todos\/","title":{"rendered":"La vaca orde\u00f1ada por todos"},"content":{"rendered":"<p>Todo comenz\u00f3 con la luminosa idea de Rodrigo Rato de <strong>liberalizar el suelo<\/strong> y cambiar la Ley de 1990, impulsada por el PSOE, igualitaria e intervencionista, y que hab\u00eda conseguido un nulo incremento de precios e incluso un descenso de la inflaci\u00f3n inmobiliaria durante la crisis de 1992. Idea de Rato, que el Ejecutivo de Aznar plasm\u00f3 en la Ley del Suelo de 1998. A partir de ese momento, no s\u00f3lo se comenz\u00f3 a fraguar <strong>la inmensa burbuja inmobiliaria<\/strong> cuyas consecuencias hemos pagado, pagamos y pagaremos durante mucho tiempo a\u00fan, sino que adem\u00e1s se incorpor\u00f3 a nuestro acervo pol\u00edtico el corrupto organigrama de pol\u00edticos, terratenientes, bancos y constructoras que a\u00fan hoy nos dirige. <\/p>\n<p>La ley de Rato, <strong>lejos de bajar el precio de la vivienda<\/strong>, como manten\u00edan que suceder\u00eda, comenz\u00f3 a subirlo de forma exponencial en una escalada sin parang\u00f3n. Y es que otorg\u00f3 un poder muy amplio a Ayuntamientos y Comunidades Aut\u00f3nomas para decidir qu\u00e9 suelos eran recalificables y urbanizables y cu\u00e1les no. Y con ese poder lleg\u00f3 la corrupci\u00f3n, de la mano y maletines de terratenientes, promotores y constructores, que ve\u00edan m\u00e1s pelotazos, que en todos los partidos de la liga de f\u00fatbol.<\/p>\n<p>Pero Aznar y su banda estaban encantados con los resultados de la idea de Rato. Se generaban m\u00e1s empleo y riqueza que nunca, la prosperidad alcanzaba a la mayor\u00eda \u2013en su justa medida-, el milagro econ\u00f3mico espa\u00f1ol estaba en boca de todos y ello les permiti\u00f3 codearse con lo m\u00e1s florido del mundo econ\u00f3mico internacional. Hasta se llev\u00f3 al genial padre de la idea a presidir el FMI.<\/p>\n<p>Y quien m\u00e1s, quien menos, todos nos aprestamos a sacar tajada del inmenso negocio que acababa de inaugurarse. Y comenz\u00f3 a generarse una inmensa deuda privada al amparo de pol\u00edticas gubernamentales, que apoyaban la <strong>inversi\u00f3n en vivienda con desgravaciones<\/strong> y acallaban por antiespa\u00f1ol cualquier mensaje alarmista. Y en esa locura com\u00fan, el sector de la construcci\u00f3n creci\u00f3 a un ritmo del 5% anual, fabricando pisos como rosquillas en verbena, pisos que alimentaron un sentimiento especulativo en la poblaci\u00f3n, que se endeudaba con viviendas infladas de precio porque en el futuro cercano lo estar\u00edan a\u00fan m\u00e1s.<\/p>\n<p>Y en la locura, todos orde\u00f1aban la vaca, sin mirar apenas m\u00e1s all\u00e1:<\/p>\n<p>. Los ayuntamientos obteniendo ping\u00fces beneficios con las constantes recalificaciones y con la plusval\u00eda municipal, sobre unos suelos que no dejaban de encarecerse, pelotazos y especulaciones aparte.<\/p>\n<p>. Los bancos, que venden dinero, dando cr\u00e9ditos por encima del precio de las casas, ama\u00f1ando las tasaciones para prestar m\u00e1s dinero, dando el 100% de precio de los inmuebles, m\u00e1s los gastos, m\u00e1s el Cayenne. Incorporando a los contratos cl\u00e1usulas abusivas, obligando al comprador que pagara los gastos. Todo val\u00eda con tal de obtener las mejores cifras, m\u00e1s hipotecas, m\u00e1s beneficios, m\u00e1s crecimiento; todo era m\u00e1s. Y en un efecto perverso, pero de manual de macroeconom\u00eda, con tanto dinero en la calle los precios se disparaban d\u00eda a d\u00eda\u2026y m\u00e1s dinero, m\u00e1s precio.<\/p>\n<p>. Los constructores y promotores, bien endeudados con los bancos, que les pon\u00edan alfombra roja cuando llegaban a la sucursal,  levantando bloques de viviendas en los patatales m\u00e1s insospechados, sin infraestructuras ni tejido social o laboral a su alrededor\u2026total, todo se vend\u00eda. Y al mes siguiente en lugar de hacer una promoci\u00f3n hac\u00edan dos y engrasaban al que fuera para disponer de m\u00e1s terreno.<\/p>\n<p>. Y tambi\u00e9n los particulares, enlazando la venta de un piso, por mucho m\u00e1s de lo que les hab\u00eda costado, con la hipoteca para otro que duplicaba el precio del anterior y si pod\u00eda ser d\u00faplex o chalecito en las afueras, mejor. Hab\u00eda dinero en abundancia, llegaba desde los  mercados alem\u00e1n e ingl\u00e9s, que ve\u00edan en Espa\u00f1a un pa\u00eds con altas rentabilidades. Las hipotecas eran sencillas y el mercado laboral, engrasado por tanto dinero en circulaci\u00f3n, se mov\u00eda con soltura y se denostaba a los mileuristas, casi, como si fueran pobres de solemnidad.<\/p>\n<p>El sector de la construcci\u00f3n fue el paradigma de la situaci\u00f3n. Empleo al 100%, salarios en la mano de obra superiores a los de m\u00e9dicos e ingenieros, se juntaba una obra con otra y tiro porque me toca. Las constructoras se apalancaban y creaban mundos financieros ficticios, cuyos ceros no entraban en la p\u00e1gina de un  peri\u00f3dico. El ladrillo ten\u00eda m\u00e1s glamour que un Luis Roederer Brut Cristal al amanecer.  Todos engordaban sus arcas a costa de la vaca y derrochaban en consecuencia\u2026yates, helic\u00f3pteros, aviones&#8230;<\/p>\n<p>Durante esos a\u00f1os de locura, el parque de viviendas espa\u00f1ol se increment\u00f3 en 5,75 millones de casas y su valor, desde el a\u00f1o 98, se elev\u00f3 en m\u00e1s de un 190%. Constru\u00edamos m\u00e1s que Francia, Alemania y Reino Unido juntos. \u201cAf\u00e1n constructor\u201d dec\u00eda una promotora en su publicidad. Todos hab\u00edan perdido la perspectiva de que <strong>la vivienda no es un bien de consumo sino un derecho de primera necesidad.<\/strong><\/p>\n<p>Pero un d\u00eda, despu\u00e9s de nuestras \u00faltimas grandes vacaciones, all\u00e1 por el 2007, todo se empez\u00f3 a parar. La crisis lleg\u00f3 desde Estados Unidos y el frenazo a\u00fan chirr\u00eda. La vaca dej\u00f3 de dar.<\/p>\n<p>Antes, hab\u00eda llegado una nueva Ley del Suelo, la de Zapatero en 2007, que volvi\u00f3 a restringir el suelo urbanizable para evitar los pelotazos. Pero lleg\u00f3 tarde. El da\u00f1o ya estaba hecho e \u00edbamos a pagar sus consecuencias. Sobre todo, aquellos que se quedaron a ganar \u201cel \u00faltimo duro\u201d.<\/p>\n<p><strong>La vivienda ha sido la vaca que todos han orde\u00f1ado<\/strong>, administraciones, pol\u00edticos, constructores, especuladores, bancos, cajas de ahorro \u2013estas se llevaron el guiness de las locuras- impuestos, mordidas, comisiones, sueldos desproporcionados, todo ha ca\u00eddo sobre ella y parec\u00eda que su precio y salud lo aguantaban todo. Las tropel\u00edas y pelotazos cometidos por unos y por otros en el ladrillo no tienen fin. <\/p>\n<p>Los bancos, que ni han pagado la crisis ni sus culpas, tienen que <strong>devolver lo percibido por la cl\u00e1usula suelo<\/strong> y los gastos hipotecarios, aunque tendr\u00edan que dar cuenta de muchas cosas m\u00e1s, como las tasaciones por encima del valor real. Los ayuntamientos,  lo tributado por unas<strong> plusval\u00edas inexistentes<\/strong>. Centenares, miles de constructoras y promotoras desaparecieron barridas por la crisis y sus pisos y promociones enturbian los resultados de unos bancos, que han pasado a la Sareb \u201clo mejorcito\u201d que ten\u00edan, a precio de \u201cpagado con dinero p\u00fablico\u201d.  Las Cajas de Ahorro, gestionadas por pol\u00edticos y arribistas de toda laya, pasaron a la historia en su mayor\u00eda, siendo vendidas a los bancos, eso s\u00ed, bien saneadas con dinero p\u00fablico, a precio de un euro.<\/p>\n<p>Y el espa\u00f1olito de a pie, ese L\u00f3pez V\u00e1zquez que un d\u00eda se crey\u00f3 rico, porque ten\u00eda <strong>un apartamento en la costa<\/strong> y un piso con muchos ceros, ha visto como su patrimonio duramente trabajado, se reduc\u00eda a la mitad, al igual que su sueldo y perspectivas, y ha tenido que malvender para <strong>conservar su casa<\/strong>. Eso en el mejor de los casos, porque tambi\u00e9n m\u00e1s de 500.000 familias espa\u00f1olas se han visto desahuciadas y despojadas de su sue\u00f1o de cuatro paredes, por una situaci\u00f3n en la que s\u00f3lo han sido v\u00edctimas. <\/p>\n<p>Impulsada por la izquierda parlamentaria una Comisi\u00f3n va a intentar dilucidar qu\u00e9 ha pasado. Nunca he tenido fe en esas investigaciones parlamentarias cuyos resultados, por pactados, no satisfacen a nadie.  Creo que nunca sabremos  \u00bfD\u00f3nde ha ido a parar el dinero de los espa\u00f1oles? \u00bfTienen nombre los culpables de la ruina del pa\u00eds? \u00bfQui\u00e9nes se enriquecieron a costa de los dem\u00e1s? \u00bfCu\u00e1nto val\u00edan en realidad las viviendas que pagamos a 100? \u00bfQu\u00e9 pas\u00f3 con las Cajas de Ahorro y las indemnizaciones millonarias a sus directivos? \u00bfY con el rescate? \u00bfY con Bankia?  \u00bfY si la vaca inmobiliaria, esa que tanta leche dio, est\u00e1 muerta y s\u00f3lo sirve ya para hacer starlux? <\/p>\n<p>Eduardo Lizarraga<br \/>\nWWW.AQUIMICASA.NET<\/p>\n","protected":false},"excerpt":{"rendered":"<p>La vivienda pas\u00f3 desde la Ley de Suelo del t\u00e1ndem Rato\/Aznar a ser la vaca a la que todos han orde\u00f1ado y ahora pagamos las consecuencias<\/p>\n","protected":false},"author":3,"featured_media":14898,"comment_status":"open","ping_status":"open","sticky":false,"template":"","format":"standard","meta":{"_jetpack_memberships_contains_paid_content":false,"footnotes":"","jetpack_publicize_message":"","jetpack_publicize_feature_enabled":true,"jetpack_social_post_already_shared":true,"jetpack_social_options":{"image_generator_settings":{"template":"highway","default_image_id":0,"font":"","enabled":false},"version":2}},"categories":[7565],"tags":[1852,1255,1583,1700],"class_list":["post-14896","post","type-post","status-publish","format-standard","has-post-thumbnail","hentry","category-noticias-mercado-inmobiliario","tag-aznar","tag-especulacion","tag-ley-de-suelo","tag-zapatero"],"yoast_head":"<!-- This site is optimized with the Yoast SEO plugin v27.5 - https:\/\/yoast.com\/product\/yoast-seo-wordpress\/ -->\n<title>La vivienda es la vaca orde\u00f1ada por todos,<\/title>\n<meta name=\"robots\" content=\"index, follow, max-snippet:-1, max-image-preview:large, max-video-preview:-1\" \/>\n<link rel=\"canonical\" href=\"https:\/\/www.aquimicasa.net\/blog\/vivienda\/noticias-mercado-inmobiliario\/la-vaca-ordenada-por-todos\/\" \/>\n<meta property=\"og:locale\" content=\"es_ES\" \/>\n<meta property=\"og:type\" content=\"article\" \/>\n<meta property=\"og:title\" content=\"La vivienda es la vaca orde\u00f1ada por todos,\" \/>\n<meta property=\"og:description\" content=\"La vivienda pas\u00f3 desde la Ley de Suelo del t\u00e1ndem Rato\/Aznar a ser la vaca a la que todos han orde\u00f1ado y ahora pagamos las consecuencias\" \/>\n<meta property=\"og:url\" content=\"https:\/\/www.aquimicasa.net\/blog\/vivienda\/noticias-mercado-inmobiliario\/la-vaca-ordenada-por-todos\/\" \/>\n<meta property=\"og:site_name\" content=\"Blog de aquimicasa.net\" \/>\n<meta property=\"article:publisher\" content=\"https:\/\/www.facebook.com\/aquimicasa.net\" \/>\n<meta property=\"article:published_time\" content=\"2017-03-08T21:30:02+00:00\" \/>\n<meta property=\"article:modified_time\" content=\"2020-04-02T16:30:13+00:00\" \/>\n<meta property=\"og:image\" content=\"https:\/\/www.aquimicasa.net\/blog\/wp-content\/uploads\/vaca-e1489006904551.png\" \/>\n\t<meta property=\"og:image:width\" content=\"300\" \/>\n\t<meta property=\"og:image:height\" content=\"252\" \/>\n\t<meta property=\"og:image:type\" content=\"image\/png\" \/>\n<meta name=\"author\" content=\"Eduardo Lizarraga\" \/>\n<meta name=\"twitter:label1\" content=\"Escrito por\" \/>\n\t<meta name=\"twitter:data1\" content=\"Eduardo Lizarraga\" \/>\n\t<meta name=\"twitter:label2\" content=\"Tiempo de lectura\" \/>\n\t<meta name=\"twitter:data2\" content=\"7 minutos\" \/>\n<script type=\"application\/ld+json\" class=\"yoast-schema-graph\">{\"@context\":\"https:\\\/\\\/schema.org\",\"@graph\":[{\"@type\":\"Article\",\"@id\":\"https:\\\/\\\/www.aquimicasa.net\\\/blog\\\/vivienda\\\/noticias-mercado-inmobiliario\\\/la-vaca-ordenada-por-todos\\\/#article\",\"isPartOf\":{\"@id\":\"https:\\\/\\\/www.aquimicasa.net\\\/blog\\\/vivienda\\\/noticias-mercado-inmobiliario\\\/la-vaca-ordenada-por-todos\\\/\"},\"author\":{\"name\":\"Eduardo Lizarraga\",\"@id\":\"https:\\\/\\\/www.aquimicasa.net\\\/blog\\\/#\\\/schema\\\/person\\\/2cdfa2605534583395c8d7ce1d6cac14\"},\"headline\":\"La vaca orde\u00f1ada por todos\",\"datePublished\":\"2017-03-08T21:30:02+00:00\",\"dateModified\":\"2020-04-02T16:30:13+00:00\",\"mainEntityOfPage\":{\"@id\":\"https:\\\/\\\/www.aquimicasa.net\\\/blog\\\/vivienda\\\/noticias-mercado-inmobiliario\\\/la-vaca-ordenada-por-todos\\\/\"},\"wordCount\":1403,\"commentCount\":0,\"publisher\":{\"@id\":\"https:\\\/\\\/www.aquimicasa.net\\\/blog\\\/#organization\"},\"image\":{\"@id\":\"https:\\\/\\\/www.aquimicasa.net\\\/blog\\\/vivienda\\\/noticias-mercado-inmobiliario\\\/la-vaca-ordenada-por-todos\\\/#primaryimage\"},\"thumbnailUrl\":\"https:\\\/\\\/www.aquimicasa.net\\\/blog\\\/wp-content\\\/uploads\\\/vaca-e1489006904551.png\",\"keywords\":[\"Aznar\",\"especulaci\u00f3n\",\"Ley de Suelo\",\"Zapatero\"],\"articleSection\":[\"Noticias Mercado Inmobiliario\"],\"inLanguage\":\"es\",\"potentialAction\":[{\"@type\":\"CommentAction\",\"name\":\"Comment\",\"target\":[\"https:\\\/\\\/www.aquimicasa.net\\\/blog\\\/vivienda\\\/noticias-mercado-inmobiliario\\\/la-vaca-ordenada-por-todos\\\/#respond\"]}]},{\"@type\":\"WebPage\",\"@id\":\"https:\\\/\\\/www.aquimicasa.net\\\/blog\\\/vivienda\\\/noticias-mercado-inmobiliario\\\/la-vaca-ordenada-por-todos\\\/\",\"url\":\"https:\\\/\\\/www.aquimicasa.net\\\/blog\\\/vivienda\\\/noticias-mercado-inmobiliario\\\/la-vaca-ordenada-por-todos\\\/\",\"name\":\"La vivienda es la vaca orde\u00f1ada por todos,\",\"isPartOf\":{\"@id\":\"https:\\\/\\\/www.aquimicasa.net\\\/blog\\\/#website\"},\"primaryImageOfPage\":{\"@id\":\"https:\\\/\\\/www.aquimicasa.net\\\/blog\\\/vivienda\\\/noticias-mercado-inmobiliario\\\/la-vaca-ordenada-por-todos\\\/#primaryimage\"},\"image\":{\"@id\":\"https:\\\/\\\/www.aquimicasa.net\\\/blog\\\/vivienda\\\/noticias-mercado-inmobiliario\\\/la-vaca-ordenada-por-todos\\\/#primaryimage\"},\"thumbnailUrl\":\"https:\\\/\\\/www.aquimicasa.net\\\/blog\\\/wp-content\\\/uploads\\\/vaca-e1489006904551.png\",\"datePublished\":\"2017-03-08T21:30:02+00:00\",\"dateModified\":\"2020-04-02T16:30:13+00:00\",\"breadcrumb\":{\"@id\":\"https:\\\/\\\/www.aquimicasa.net\\\/blog\\\/vivienda\\\/noticias-mercado-inmobiliario\\\/la-vaca-ordenada-por-todos\\\/#breadcrumb\"},\"inLanguage\":\"es\",\"potentialAction\":[{\"@type\":\"ReadAction\",\"target\":[\"https:\\\/\\\/www.aquimicasa.net\\\/blog\\\/vivienda\\\/noticias-mercado-inmobiliario\\\/la-vaca-ordenada-por-todos\\\/\"]}]},{\"@type\":\"ImageObject\",\"inLanguage\":\"es\",\"@id\":\"https:\\\/\\\/www.aquimicasa.net\\\/blog\\\/vivienda\\\/noticias-mercado-inmobiliario\\\/la-vaca-ordenada-por-todos\\\/#primaryimage\",\"url\":\"https:\\\/\\\/www.aquimicasa.net\\\/blog\\\/wp-content\\\/uploads\\\/vaca-e1489006904551.png\",\"contentUrl\":\"https:\\\/\\\/www.aquimicasa.net\\\/blog\\\/wp-content\\\/uploads\\\/vaca-e1489006904551.png\",\"width\":300,\"height\":252},{\"@type\":\"BreadcrumbList\",\"@id\":\"https:\\\/\\\/www.aquimicasa.net\\\/blog\\\/vivienda\\\/noticias-mercado-inmobiliario\\\/la-vaca-ordenada-por-todos\\\/#breadcrumb\",\"itemListElement\":[{\"@type\":\"ListItem\",\"position\":1,\"name\":\"Portada\",\"item\":\"https:\\\/\\\/www.aquimicasa.net\\\/blog\\\/\"},{\"@type\":\"ListItem\",\"position\":2,\"name\":\"La vaca orde\u00f1ada por todos\"}]},{\"@type\":\"WebSite\",\"@id\":\"https:\\\/\\\/www.aquimicasa.net\\\/blog\\\/#website\",\"url\":\"https:\\\/\\\/www.aquimicasa.net\\\/blog\\\/\",\"name\":\"Blog de aquimicasa.net\",\"description\":\"Noticias del Mundo Inmobiliario\",\"publisher\":{\"@id\":\"https:\\\/\\\/www.aquimicasa.net\\\/blog\\\/#organization\"},\"potentialAction\":[{\"@type\":\"SearchAction\",\"target\":{\"@type\":\"EntryPoint\",\"urlTemplate\":\"https:\\\/\\\/www.aquimicasa.net\\\/blog\\\/?s={search_term_string}\"},\"query-input\":{\"@type\":\"PropertyValueSpecification\",\"valueRequired\":true,\"valueName\":\"search_term_string\"}}],\"inLanguage\":\"es\"},{\"@type\":\"Organization\",\"@id\":\"https:\\\/\\\/www.aquimicasa.net\\\/blog\\\/#organization\",\"name\":\"Blog de aquimicasa.net\",\"url\":\"https:\\\/\\\/www.aquimicasa.net\\\/blog\\\/\",\"logo\":{\"@type\":\"ImageObject\",\"inLanguage\":\"es\",\"@id\":\"https:\\\/\\\/www.aquimicasa.net\\\/blog\\\/#\\\/schema\\\/logo\\\/image\\\/\",\"url\":\"https:\\\/\\\/www.aquimicasa.net\\\/blog\\\/wp-content\\\/uploads\\\/Logo-aquimicasa-1-e1528048213782.png\",\"contentUrl\":\"https:\\\/\\\/www.aquimicasa.net\\\/blog\\\/wp-content\\\/uploads\\\/Logo-aquimicasa-1-e1528048213782.png\",\"width\":225,\"height\":225,\"caption\":\"Blog de aquimicasa.net\"},\"image\":{\"@id\":\"https:\\\/\\\/www.aquimicasa.net\\\/blog\\\/#\\\/schema\\\/logo\\\/image\\\/\"},\"sameAs\":[\"https:\\\/\\\/www.facebook.com\\\/aquimicasa.net\",\"https:\\\/\\\/www.instagram.com\\\/\",\"https:\\\/\\\/x.com\\\/EduLizarragaD\",\"https:\\\/\\\/www.linkedin.com\\\/feed\\\/\"]},{\"@type\":\"Person\",\"@id\":\"https:\\\/\\\/www.aquimicasa.net\\\/blog\\\/#\\\/schema\\\/person\\\/2cdfa2605534583395c8d7ce1d6cac14\",\"name\":\"Eduardo Lizarraga\",\"image\":{\"@type\":\"ImageObject\",\"inLanguage\":\"es\",\"@id\":\"https:\\\/\\\/secure.gravatar.com\\\/avatar\\\/bdabe1eeeed97b65a9cb7de2edd624b07995f7e13abc5fead15961f745f908cc?s=96&d=mm&r=g\",\"url\":\"https:\\\/\\\/secure.gravatar.com\\\/avatar\\\/bdabe1eeeed97b65a9cb7de2edd624b07995f7e13abc5fead15961f745f908cc?s=96&d=mm&r=g\",\"contentUrl\":\"https:\\\/\\\/secure.gravatar.com\\\/avatar\\\/bdabe1eeeed97b65a9cb7de2edd624b07995f7e13abc5fead15961f745f908cc?s=96&d=mm&r=g\",\"caption\":\"Eduardo Lizarraga\"},\"description\":\"Periodista Econ\u00f3mico. Ha trabajado en diversos campos de la informaci\u00f3n. Corresponsal en conflictos, analista pol\u00edtico en Congreso y Senado, periodista del medio ambiente, editor, director editorial, director de comunicaci\u00f3n.... En estos momentos se ha especializado en el sector inmobiliario. Pero tambi\u00e9n es navegante y viajero, preocupado por la pobreza, el medio ambiente y por las actuaciones descontroladas del neoliberalismo empresarial y pol\u00edtico en todo el mundo. Los desahucios, la pobreza infantil y la falta de acceso a los suministros b\u00e1sicos son algunos de los grandes dramas de nuestra sociedad y que es preciso solucionar para hacerla m\u00e1s justa. CEO en www.aquimicasa.net\",\"sameAs\":[\"https:\\\/\\\/www.aquimicasa.net\\\/\"],\"url\":\"https:\\\/\\\/www.aquimicasa.net\\\/blog\\\/author\\\/eduardo\\\/\"}]}<\/script>\n<!-- \/ Yoast SEO plugin. -->","yoast_head_json":{"title":"La vivienda es la vaca orde\u00f1ada por todos,","robots":{"index":"index","follow":"follow","max-snippet":"max-snippet:-1","max-image-preview":"max-image-preview:large","max-video-preview":"max-video-preview:-1"},"canonical":"https:\/\/www.aquimicasa.net\/blog\/vivienda\/noticias-mercado-inmobiliario\/la-vaca-ordenada-por-todos\/","og_locale":"es_ES","og_type":"article","og_title":"La vivienda es la vaca orde\u00f1ada por todos,","og_description":"La vivienda pas\u00f3 desde la Ley de Suelo del t\u00e1ndem Rato\/Aznar a ser la vaca a la que todos han orde\u00f1ado y ahora pagamos las consecuencias","og_url":"https:\/\/www.aquimicasa.net\/blog\/vivienda\/noticias-mercado-inmobiliario\/la-vaca-ordenada-por-todos\/","og_site_name":"Blog de aquimicasa.net","article_publisher":"https:\/\/www.facebook.com\/aquimicasa.net","article_published_time":"2017-03-08T21:30:02+00:00","article_modified_time":"2020-04-02T16:30:13+00:00","og_image":[{"width":300,"height":252,"url":"https:\/\/www.aquimicasa.net\/blog\/wp-content\/uploads\/vaca-e1489006904551.png","type":"image\/png"}],"author":"Eduardo Lizarraga","twitter_misc":{"Escrito por":"Eduardo Lizarraga","Tiempo de lectura":"7 minutos"},"schema":{"@context":"https:\/\/schema.org","@graph":[{"@type":"Article","@id":"https:\/\/www.aquimicasa.net\/blog\/vivienda\/noticias-mercado-inmobiliario\/la-vaca-ordenada-por-todos\/#article","isPartOf":{"@id":"https:\/\/www.aquimicasa.net\/blog\/vivienda\/noticias-mercado-inmobiliario\/la-vaca-ordenada-por-todos\/"},"author":{"name":"Eduardo Lizarraga","@id":"https:\/\/www.aquimicasa.net\/blog\/#\/schema\/person\/2cdfa2605534583395c8d7ce1d6cac14"},"headline":"La vaca orde\u00f1ada por todos","datePublished":"2017-03-08T21:30:02+00:00","dateModified":"2020-04-02T16:30:13+00:00","mainEntityOfPage":{"@id":"https:\/\/www.aquimicasa.net\/blog\/vivienda\/noticias-mercado-inmobiliario\/la-vaca-ordenada-por-todos\/"},"wordCount":1403,"commentCount":0,"publisher":{"@id":"https:\/\/www.aquimicasa.net\/blog\/#organization"},"image":{"@id":"https:\/\/www.aquimicasa.net\/blog\/vivienda\/noticias-mercado-inmobiliario\/la-vaca-ordenada-por-todos\/#primaryimage"},"thumbnailUrl":"https:\/\/www.aquimicasa.net\/blog\/wp-content\/uploads\/vaca-e1489006904551.png","keywords":["Aznar","especulaci\u00f3n","Ley de Suelo","Zapatero"],"articleSection":["Noticias Mercado Inmobiliario"],"inLanguage":"es","potentialAction":[{"@type":"CommentAction","name":"Comment","target":["https:\/\/www.aquimicasa.net\/blog\/vivienda\/noticias-mercado-inmobiliario\/la-vaca-ordenada-por-todos\/#respond"]}]},{"@type":"WebPage","@id":"https:\/\/www.aquimicasa.net\/blog\/vivienda\/noticias-mercado-inmobiliario\/la-vaca-ordenada-por-todos\/","url":"https:\/\/www.aquimicasa.net\/blog\/vivienda\/noticias-mercado-inmobiliario\/la-vaca-ordenada-por-todos\/","name":"La vivienda es la vaca orde\u00f1ada por todos,","isPartOf":{"@id":"https:\/\/www.aquimicasa.net\/blog\/#website"},"primaryImageOfPage":{"@id":"https:\/\/www.aquimicasa.net\/blog\/vivienda\/noticias-mercado-inmobiliario\/la-vaca-ordenada-por-todos\/#primaryimage"},"image":{"@id":"https:\/\/www.aquimicasa.net\/blog\/vivienda\/noticias-mercado-inmobiliario\/la-vaca-ordenada-por-todos\/#primaryimage"},"thumbnailUrl":"https:\/\/www.aquimicasa.net\/blog\/wp-content\/uploads\/vaca-e1489006904551.png","datePublished":"2017-03-08T21:30:02+00:00","dateModified":"2020-04-02T16:30:13+00:00","breadcrumb":{"@id":"https:\/\/www.aquimicasa.net\/blog\/vivienda\/noticias-mercado-inmobiliario\/la-vaca-ordenada-por-todos\/#breadcrumb"},"inLanguage":"es","potentialAction":[{"@type":"ReadAction","target":["https:\/\/www.aquimicasa.net\/blog\/vivienda\/noticias-mercado-inmobiliario\/la-vaca-ordenada-por-todos\/"]}]},{"@type":"ImageObject","inLanguage":"es","@id":"https:\/\/www.aquimicasa.net\/blog\/vivienda\/noticias-mercado-inmobiliario\/la-vaca-ordenada-por-todos\/#primaryimage","url":"https:\/\/www.aquimicasa.net\/blog\/wp-content\/uploads\/vaca-e1489006904551.png","contentUrl":"https:\/\/www.aquimicasa.net\/blog\/wp-content\/uploads\/vaca-e1489006904551.png","width":300,"height":252},{"@type":"BreadcrumbList","@id":"https:\/\/www.aquimicasa.net\/blog\/vivienda\/noticias-mercado-inmobiliario\/la-vaca-ordenada-por-todos\/#breadcrumb","itemListElement":[{"@type":"ListItem","position":1,"name":"Portada","item":"https:\/\/www.aquimicasa.net\/blog\/"},{"@type":"ListItem","position":2,"name":"La vaca orde\u00f1ada por todos"}]},{"@type":"WebSite","@id":"https:\/\/www.aquimicasa.net\/blog\/#website","url":"https:\/\/www.aquimicasa.net\/blog\/","name":"Blog de aquimicasa.net","description":"Noticias del Mundo Inmobiliario","publisher":{"@id":"https:\/\/www.aquimicasa.net\/blog\/#organization"},"potentialAction":[{"@type":"SearchAction","target":{"@type":"EntryPoint","urlTemplate":"https:\/\/www.aquimicasa.net\/blog\/?s={search_term_string}"},"query-input":{"@type":"PropertyValueSpecification","valueRequired":true,"valueName":"search_term_string"}}],"inLanguage":"es"},{"@type":"Organization","@id":"https:\/\/www.aquimicasa.net\/blog\/#organization","name":"Blog de aquimicasa.net","url":"https:\/\/www.aquimicasa.net\/blog\/","logo":{"@type":"ImageObject","inLanguage":"es","@id":"https:\/\/www.aquimicasa.net\/blog\/#\/schema\/logo\/image\/","url":"https:\/\/www.aquimicasa.net\/blog\/wp-content\/uploads\/Logo-aquimicasa-1-e1528048213782.png","contentUrl":"https:\/\/www.aquimicasa.net\/blog\/wp-content\/uploads\/Logo-aquimicasa-1-e1528048213782.png","width":225,"height":225,"caption":"Blog de aquimicasa.net"},"image":{"@id":"https:\/\/www.aquimicasa.net\/blog\/#\/schema\/logo\/image\/"},"sameAs":["https:\/\/www.facebook.com\/aquimicasa.net","https:\/\/www.instagram.com\/","https:\/\/x.com\/EduLizarragaD","https:\/\/www.linkedin.com\/feed\/"]},{"@type":"Person","@id":"https:\/\/www.aquimicasa.net\/blog\/#\/schema\/person\/2cdfa2605534583395c8d7ce1d6cac14","name":"Eduardo Lizarraga","image":{"@type":"ImageObject","inLanguage":"es","@id":"https:\/\/secure.gravatar.com\/avatar\/bdabe1eeeed97b65a9cb7de2edd624b07995f7e13abc5fead15961f745f908cc?s=96&d=mm&r=g","url":"https:\/\/secure.gravatar.com\/avatar\/bdabe1eeeed97b65a9cb7de2edd624b07995f7e13abc5fead15961f745f908cc?s=96&d=mm&r=g","contentUrl":"https:\/\/secure.gravatar.com\/avatar\/bdabe1eeeed97b65a9cb7de2edd624b07995f7e13abc5fead15961f745f908cc?s=96&d=mm&r=g","caption":"Eduardo Lizarraga"},"description":"Periodista Econ\u00f3mico. Ha trabajado en diversos campos de la informaci\u00f3n. Corresponsal en conflictos, analista pol\u00edtico en Congreso y Senado, periodista del medio ambiente, editor, director editorial, director de comunicaci\u00f3n.... En estos momentos se ha especializado en el sector inmobiliario. Pero tambi\u00e9n es navegante y viajero, preocupado por la pobreza, el medio ambiente y por las actuaciones descontroladas del neoliberalismo empresarial y pol\u00edtico en todo el mundo. Los desahucios, la pobreza infantil y la falta de acceso a los suministros b\u00e1sicos son algunos de los grandes dramas de nuestra sociedad y que es preciso solucionar para hacerla m\u00e1s justa. CEO en www.aquimicasa.net","sameAs":["https:\/\/www.aquimicasa.net\/"],"url":"https:\/\/www.aquimicasa.net\/blog\/author\/eduardo\/"}]}},"jetpack_publicize_connections":[],"jetpack_featured_media_url":"https:\/\/www.aquimicasa.net\/blog\/wp-content\/uploads\/vaca-e1489006904551.png","jetpack_sharing_enabled":true,"jetpack_likes_enabled":true,"_links":{"self":[{"href":"https:\/\/www.aquimicasa.net\/blog\/wp-json\/wp\/v2\/posts\/14896","targetHints":{"allow":["GET"]}}],"collection":[{"href":"https:\/\/www.aquimicasa.net\/blog\/wp-json\/wp\/v2\/posts"}],"about":[{"href":"https:\/\/www.aquimicasa.net\/blog\/wp-json\/wp\/v2\/types\/post"}],"author":[{"embeddable":true,"href":"https:\/\/www.aquimicasa.net\/blog\/wp-json\/wp\/v2\/users\/3"}],"replies":[{"embeddable":true,"href":"https:\/\/www.aquimicasa.net\/blog\/wp-json\/wp\/v2\/comments?post=14896"}],"version-history":[{"count":11,"href":"https:\/\/www.aquimicasa.net\/blog\/wp-json\/wp\/v2\/posts\/14896\/revisions"}],"predecessor-version":[{"id":14908,"href":"https:\/\/www.aquimicasa.net\/blog\/wp-json\/wp\/v2\/posts\/14896\/revisions\/14908"}],"wp:featuredmedia":[{"embeddable":true,"href":"https:\/\/www.aquimicasa.net\/blog\/wp-json\/wp\/v2\/media\/14898"}],"wp:attachment":[{"href":"https:\/\/www.aquimicasa.net\/blog\/wp-json\/wp\/v2\/media?parent=14896"}],"wp:term":[{"taxonomy":"category","embeddable":true,"href":"https:\/\/www.aquimicasa.net\/blog\/wp-json\/wp\/v2\/categories?post=14896"},{"taxonomy":"post_tag","embeddable":true,"href":"https:\/\/www.aquimicasa.net\/blog\/wp-json\/wp\/v2\/tags?post=14896"}],"curies":[{"name":"wp","href":"https:\/\/api.w.org\/{rel}","templated":true}]}}