{"id":15808,"date":"2017-05-06T21:30:52","date_gmt":"2017-05-06T19:30:52","guid":{"rendered":"https:\/\/www.aquimicasa.net\/blog\/?p=15808"},"modified":"2020-04-02T18:30:07","modified_gmt":"2020-04-02T16:30:07","slug":"el-instituto-cerda-aporta-datos-sobre-la-pobreza-y-la-ocupacion","status":"publish","type":"post","link":"https:\/\/www.aquimicasa.net\/blog\/vivienda\/noticias-mercado-inmobiliario\/el-instituto-cerda-aporta-datos-sobre-la-pobreza-y-la-ocupacion\/","title":{"rendered":"El Instituto Cerd\u00e1 aporta datos sobre la pobreza y la okupaci\u00f3n"},"content":{"rendered":"<p>La pobreza se ha instalado en Espa\u00f1a y \u00a0<strong>atenaza a m\u00e1s de 660.000 familias<\/strong>. \u00a0Este es uno m\u00e1s de los datos que el estudio \u00abLa ocupaci\u00f3n ilegal: realidad social, urbana y econ\u00f3mica\u00bb del Instituto Cerd\u00e1 pone de manifiesto. Junto con el de que m\u00e1s de 67.000 familias -algo m\u00e1s de 260.000 personas-\u00a0<strong>ocupan casas<\/strong> \u00a0de una manera ilegal. Y la situaci\u00f3n no mejora a pesar de los bombos y platillos que se tocan y retocan desde el Gobierno.<\/p>\n<p>El Cerd\u00e1 asegura que el incremento que se est\u00e1 produciendo en las ocupaciones de vivienda se debe a la <strong>persistencia al alza de la pobreza<\/strong>, y a \u00a0la demoledora escasez de un parque suficiente de vivienda social, que cohexiste con un inmenso parque vac\u00edo de viviendas. A esta situaci\u00f3n estructural hay que sumarle una administraci\u00f3n que parece que<strong> mira hacia otro lado<\/strong> y unos procedimientos legislativos \u00a0y administrativos ineficaces y lentos.<\/p>\n<p>Para las administraciones las ocupaciones suponen costes de gesti\u00f3n, de credibilidad pol\u00edtica y situaciones de crisis permanente al no poder atender las demandas de las personas sin hogar.<\/p>\n<p>En el aspecto econ\u00f3mico el Instituto Cerd\u00e1 asegura que los inmuebles en los que existen pisos ocupados pierden entre un 25 y un 40% de su valor de mercado. Peores cifran tienen los pisos ocupados, que llegan a perder hasta el 60% de su valor.<\/p>\n<p>La mayor parte de las ocupaciones, m\u00e1s de un 75%, son ocupaciones de <strong>personas no conflictivas<\/strong> y derivadas de casos de necesidad extrema. Junto a la ocupaci\u00f3n, que abunda m\u00e1s en pisos antiguos, abandonados o inacabados, se producen tambi\u00e9n conexiones ilegales a las redes de gas, agua y luz que pueden entra\u00f1ar diversos riesgos, no s\u00f3lo para las familias ocupantes, sino para el entorno. A lo que tienen que sumar las familias \u00abocupas\u00bb la insalubridad, inseguridad y stress que significan malvivir de esa manera.<\/p>\n<p>El estudio hace especial hincapi\u00e9 en las necesidades que tiene Espa\u00f1a de <strong>vivienda social<\/strong> y que tan s\u00f3lo en Catalu\u00f1a se calcula en 230.000 viviendas. Cifra mucho mayor que las disponibles en todo el estado, que no llegan al 2,5% \u00a0y que si comparamos con la media de la Uni\u00f3n Europea, que es de un 15%, nos dejan en muy mala posici\u00f3n, en el furg\u00f3n de cola.<\/p>\n<p>El estudio del Cerd\u00e1 tambi\u00e9n subraya que los <strong>hogares sin ning\u00fan tipo de ingresos<\/strong> se han incrementado en un 76% desde 2007, y actualmente en Espa\u00f1a hay 630.000 familias en esta condici\u00f3n de pobreza severa. Y los desahucios se han <strong>multiplicado por 2,25 desde el 2008<\/strong>. \u00a0Son las condiciones precisas para que la desesperaci\u00f3n, ante la falta de medidas de la administraci\u00f3n, lleva a las personas a <strong>ocupar viviendas<\/strong>.<\/p>\n","protected":false},"excerpt":{"rendered":"<p>A pesar de la palabrer\u00eda gubernamental los casos de pobreza extrema afectan a mas de 630.000 familias<\/p>\n","protected":false},"author":3,"featured_media":15852,"comment_status":"open","ping_status":"open","sticky":false,"template":"","format":"standard","meta":{"_jetpack_memberships_contains_paid_content":false,"footnotes":"","jetpack_publicize_message":"","jetpack_publicize_feature_enabled":true,"jetpack_social_post_already_shared":true,"jetpack_social_options":{"image_generator_settings":{"template":"highway","default_image_id":0,"font":"","enabled":false},"version":2}},"categories":[7565],"tags":[3723,3724,3725],"class_list":["post-15808","post","type-post","status-publish","format-standard","has-post-thumbnail","hentry","category-noticias-mercado-inmobiliario","tag-instituto-cerda","tag-pobreza-extrema-sin-recursos","tag-sin-casa"],"yoast_head":"<!-- This site is optimized with the Yoast SEO plugin v28.2 - https:\/\/yoast.com\/product\/yoast-seo-wordpress\/ -->\n<title>El Instituto Cerd\u00e1 aporta datos sobre la pobreza y la ocupaci\u00f3n<\/title>\n<meta name=\"robots\" content=\"index, follow, max-snippet:-1, max-image-preview:large, max-video-preview:-1\" \/>\n<link rel=\"canonical\" href=\"https:\/\/www.aquimicasa.net\/blog\/vivienda\/noticias-mercado-inmobiliario\/el-instituto-cerda-aporta-datos-sobre-la-pobreza-y-la-ocupacion\/\" \/>\n<meta property=\"og:locale\" content=\"es_ES\" \/>\n<meta property=\"og:type\" content=\"article\" \/>\n<meta property=\"og:title\" content=\"El Instituto Cerd\u00e1 aporta datos sobre la pobreza y la ocupaci\u00f3n\" \/>\n<meta property=\"og:description\" content=\"A pesar de la palabrer\u00eda gubernamental los casos de pobreza extrema afectan a mas de 630.000 familias\" \/>\n<meta property=\"og:url\" content=\"https:\/\/www.aquimicasa.net\/blog\/vivienda\/noticias-mercado-inmobiliario\/el-instituto-cerda-aporta-datos-sobre-la-pobreza-y-la-ocupacion\/\" \/>\n<meta property=\"og:site_name\" content=\"Blog de aquimicasa.net\" \/>\n<meta property=\"article:publisher\" content=\"https:\/\/www.facebook.com\/aquimicasa.net\" \/>\n<meta property=\"article:published_time\" content=\"2017-05-06T19:30:52+00:00\" \/>\n<meta property=\"article:modified_time\" content=\"2020-04-02T16:30:07+00:00\" \/>\n<meta property=\"og:image\" content=\"https:\/\/www.aquimicasa.net\/blog\/wp-content\/uploads\/Homeless3-e1494098728534.jpg\" \/>\n\t<meta property=\"og:image:width\" content=\"340\" \/>\n\t<meta property=\"og:image:height\" content=\"227\" \/>\n\t<meta property=\"og:image:type\" content=\"image\/jpeg\" \/>\n<meta name=\"author\" content=\"Eduardo Lizarraga\" \/>\n<meta name=\"twitter:label1\" content=\"Escrito por\" \/>\n\t<meta name=\"twitter:data1\" content=\"Eduardo Lizarraga\" \/>\n\t<meta name=\"twitter:label2\" content=\"Tiempo de lectura\" \/>\n\t<meta name=\"twitter:data2\" content=\"2 minutos\" \/>\n<script type=\"application\/ld+json\" class=\"yoast-schema-graph\">{\"@context\":\"https:\\\/\\\/schema.org\",\"@graph\":[{\"@type\":\"Article\",\"@id\":\"https:\\\/\\\/www.aquimicasa.net\\\/blog\\\/vivienda\\\/noticias-mercado-inmobiliario\\\/el-instituto-cerda-aporta-datos-sobre-la-pobreza-y-la-ocupacion\\\/#article\",\"isPartOf\":{\"@id\":\"https:\\\/\\\/www.aquimicasa.net\\\/blog\\\/vivienda\\\/noticias-mercado-inmobiliario\\\/el-instituto-cerda-aporta-datos-sobre-la-pobreza-y-la-ocupacion\\\/\"},\"author\":{\"name\":\"Eduardo Lizarraga\",\"@id\":\"https:\\\/\\\/www.aquimicasa.net\\\/blog\\\/#\\\/schema\\\/person\\\/2cdfa2605534583395c8d7ce1d6cac14\"},\"headline\":\"El Instituto Cerd\u00e1 aporta datos sobre la pobreza y la okupaci\u00f3n\",\"datePublished\":\"2017-05-06T19:30:52+00:00\",\"dateModified\":\"2020-04-02T16:30:07+00:00\",\"mainEntityOfPage\":{\"@id\":\"https:\\\/\\\/www.aquimicasa.net\\\/blog\\\/vivienda\\\/noticias-mercado-inmobiliario\\\/el-instituto-cerda-aporta-datos-sobre-la-pobreza-y-la-ocupacion\\\/\"},\"wordCount\":471,\"commentCount\":0,\"publisher\":{\"@id\":\"https:\\\/\\\/www.aquimicasa.net\\\/blog\\\/#organization\"},\"image\":{\"@id\":\"https:\\\/\\\/www.aquimicasa.net\\\/blog\\\/vivienda\\\/noticias-mercado-inmobiliario\\\/el-instituto-cerda-aporta-datos-sobre-la-pobreza-y-la-ocupacion\\\/#primaryimage\"},\"thumbnailUrl\":\"https:\\\/\\\/www.aquimicasa.net\\\/blog\\\/wp-content\\\/uploads\\\/Homeless3-e1494098728534.jpg\",\"keywords\":[\"Instituto Cerd\u00e1\",\"pobreza extrema. sin recursos\",\"sin casa\"],\"articleSection\":[\"Noticias Mercado Inmobiliario\"],\"inLanguage\":\"es\",\"potentialAction\":[{\"@type\":\"CommentAction\",\"name\":\"Comment\",\"target\":[\"https:\\\/\\\/www.aquimicasa.net\\\/blog\\\/vivienda\\\/noticias-mercado-inmobiliario\\\/el-instituto-cerda-aporta-datos-sobre-la-pobreza-y-la-ocupacion\\\/#respond\"]}]},{\"@type\":\"WebPage\",\"@id\":\"https:\\\/\\\/www.aquimicasa.net\\\/blog\\\/vivienda\\\/noticias-mercado-inmobiliario\\\/el-instituto-cerda-aporta-datos-sobre-la-pobreza-y-la-ocupacion\\\/\",\"url\":\"https:\\\/\\\/www.aquimicasa.net\\\/blog\\\/vivienda\\\/noticias-mercado-inmobiliario\\\/el-instituto-cerda-aporta-datos-sobre-la-pobreza-y-la-ocupacion\\\/\",\"name\":\"El Instituto Cerd\u00e1 aporta datos sobre la pobreza y la ocupaci\u00f3n\",\"isPartOf\":{\"@id\":\"https:\\\/\\\/www.aquimicasa.net\\\/blog\\\/#website\"},\"primaryImageOfPage\":{\"@id\":\"https:\\\/\\\/www.aquimicasa.net\\\/blog\\\/vivienda\\\/noticias-mercado-inmobiliario\\\/el-instituto-cerda-aporta-datos-sobre-la-pobreza-y-la-ocupacion\\\/#primaryimage\"},\"image\":{\"@id\":\"https:\\\/\\\/www.aquimicasa.net\\\/blog\\\/vivienda\\\/noticias-mercado-inmobiliario\\\/el-instituto-cerda-aporta-datos-sobre-la-pobreza-y-la-ocupacion\\\/#primaryimage\"},\"thumbnailUrl\":\"https:\\\/\\\/www.aquimicasa.net\\\/blog\\\/wp-content\\\/uploads\\\/Homeless3-e1494098728534.jpg\",\"datePublished\":\"2017-05-06T19:30:52+00:00\",\"dateModified\":\"2020-04-02T16:30:07+00:00\",\"breadcrumb\":{\"@id\":\"https:\\\/\\\/www.aquimicasa.net\\\/blog\\\/vivienda\\\/noticias-mercado-inmobiliario\\\/el-instituto-cerda-aporta-datos-sobre-la-pobreza-y-la-ocupacion\\\/#breadcrumb\"},\"inLanguage\":\"es\",\"potentialAction\":[{\"@type\":\"ReadAction\",\"target\":[\"https:\\\/\\\/www.aquimicasa.net\\\/blog\\\/vivienda\\\/noticias-mercado-inmobiliario\\\/el-instituto-cerda-aporta-datos-sobre-la-pobreza-y-la-ocupacion\\\/\"]}]},{\"@type\":\"ImageObject\",\"inLanguage\":\"es\",\"@id\":\"https:\\\/\\\/www.aquimicasa.net\\\/blog\\\/vivienda\\\/noticias-mercado-inmobiliario\\\/el-instituto-cerda-aporta-datos-sobre-la-pobreza-y-la-ocupacion\\\/#primaryimage\",\"url\":\"https:\\\/\\\/www.aquimicasa.net\\\/blog\\\/wp-content\\\/uploads\\\/Homeless3-e1494098728534.jpg\",\"contentUrl\":\"https:\\\/\\\/www.aquimicasa.net\\\/blog\\\/wp-content\\\/uploads\\\/Homeless3-e1494098728534.jpg\",\"width\":340,\"height\":227},{\"@type\":\"BreadcrumbList\",\"@id\":\"https:\\\/\\\/www.aquimicasa.net\\\/blog\\\/vivienda\\\/noticias-mercado-inmobiliario\\\/el-instituto-cerda-aporta-datos-sobre-la-pobreza-y-la-ocupacion\\\/#breadcrumb\",\"itemListElement\":[{\"@type\":\"ListItem\",\"position\":1,\"name\":\"Portada\",\"item\":\"https:\\\/\\\/www.aquimicasa.net\\\/blog\\\/\"},{\"@type\":\"ListItem\",\"position\":2,\"name\":\"El Instituto Cerd\u00e1 aporta datos sobre la pobreza y la okupaci\u00f3n\"}]},{\"@type\":\"WebSite\",\"@id\":\"https:\\\/\\\/www.aquimicasa.net\\\/blog\\\/#website\",\"url\":\"https:\\\/\\\/www.aquimicasa.net\\\/blog\\\/\",\"name\":\"Blog de aquimicasa.net\",\"description\":\"Noticias del Mundo Inmobiliario\",\"publisher\":{\"@id\":\"https:\\\/\\\/www.aquimicasa.net\\\/blog\\\/#organization\"},\"potentialAction\":[{\"@type\":\"SearchAction\",\"target\":{\"@type\":\"EntryPoint\",\"urlTemplate\":\"https:\\\/\\\/www.aquimicasa.net\\\/blog\\\/?s={search_term_string}\"},\"query-input\":{\"@type\":\"PropertyValueSpecification\",\"valueRequired\":true,\"valueName\":\"search_term_string\"}}],\"inLanguage\":\"es\"},{\"@type\":\"Organization\",\"@id\":\"https:\\\/\\\/www.aquimicasa.net\\\/blog\\\/#organization\",\"name\":\"Blog de aquimicasa.net\",\"url\":\"https:\\\/\\\/www.aquimicasa.net\\\/blog\\\/\",\"logo\":{\"@type\":\"ImageObject\",\"inLanguage\":\"es\",\"@id\":\"https:\\\/\\\/www.aquimicasa.net\\\/blog\\\/#\\\/schema\\\/logo\\\/image\\\/\",\"url\":\"https:\\\/\\\/www.aquimicasa.net\\\/blog\\\/wp-content\\\/uploads\\\/Logo-aquimicasa-1-e1528048213782.png\",\"contentUrl\":\"https:\\\/\\\/www.aquimicasa.net\\\/blog\\\/wp-content\\\/uploads\\\/Logo-aquimicasa-1-e1528048213782.png\",\"width\":225,\"height\":225,\"caption\":\"Blog de aquimicasa.net\"},\"image\":{\"@id\":\"https:\\\/\\\/www.aquimicasa.net\\\/blog\\\/#\\\/schema\\\/logo\\\/image\\\/\"},\"sameAs\":[\"https:\\\/\\\/www.facebook.com\\\/aquimicasa.net\",\"https:\\\/\\\/www.instagram.com\\\/\",\"https:\\\/\\\/x.com\\\/EduLizarragaD\",\"https:\\\/\\\/www.linkedin.com\\\/feed\\\/\"]},{\"@type\":\"Person\",\"@id\":\"https:\\\/\\\/www.aquimicasa.net\\\/blog\\\/#\\\/schema\\\/person\\\/2cdfa2605534583395c8d7ce1d6cac14\",\"name\":\"Eduardo Lizarraga\",\"image\":{\"@type\":\"ImageObject\",\"inLanguage\":\"es\",\"@id\":\"https:\\\/\\\/secure.gravatar.com\\\/avatar\\\/bdabe1eeeed97b65a9cb7de2edd624b07995f7e13abc5fead15961f745f908cc?s=96&d=mm&r=g\",\"url\":\"https:\\\/\\\/secure.gravatar.com\\\/avatar\\\/bdabe1eeeed97b65a9cb7de2edd624b07995f7e13abc5fead15961f745f908cc?s=96&d=mm&r=g\",\"contentUrl\":\"https:\\\/\\\/secure.gravatar.com\\\/avatar\\\/bdabe1eeeed97b65a9cb7de2edd624b07995f7e13abc5fead15961f745f908cc?s=96&d=mm&r=g\",\"caption\":\"Eduardo Lizarraga\"},\"description\":\"Periodista Econ\u00f3mico. Ha trabajado en diversos campos de la informaci\u00f3n. Corresponsal en conflictos, analista pol\u00edtico en Congreso y Senado, periodista del medio ambiente, editor, director editorial, director de comunicaci\u00f3n.... En estos momentos se ha especializado en el sector inmobiliario. Pero tambi\u00e9n es navegante y viajero, preocupado por la pobreza, el medio ambiente y por las actuaciones descontroladas del neoliberalismo empresarial y pol\u00edtico en todo el mundo. Los desahucios, la pobreza infantil y la falta de acceso a los suministros b\u00e1sicos son algunos de los grandes dramas de nuestra sociedad y que es preciso solucionar para hacerla m\u00e1s justa. CEO en www.aquimicasa.net\",\"sameAs\":[\"https:\\\/\\\/www.aquimicasa.net\\\/\"],\"url\":\"https:\\\/\\\/www.aquimicasa.net\\\/blog\\\/author\\\/eduardo\\\/\"}]}<\/script>\n<!-- \/ Yoast SEO plugin. -->","yoast_head_json":{"title":"El Instituto Cerd\u00e1 aporta datos sobre la pobreza y la ocupaci\u00f3n","robots":{"index":"index","follow":"follow","max-snippet":"max-snippet:-1","max-image-preview":"max-image-preview:large","max-video-preview":"max-video-preview:-1"},"canonical":"https:\/\/www.aquimicasa.net\/blog\/vivienda\/noticias-mercado-inmobiliario\/el-instituto-cerda-aporta-datos-sobre-la-pobreza-y-la-ocupacion\/","og_locale":"es_ES","og_type":"article","og_title":"El Instituto Cerd\u00e1 aporta datos sobre la pobreza y la ocupaci\u00f3n","og_description":"A pesar de la palabrer\u00eda gubernamental los casos de pobreza extrema afectan a mas de 630.000 familias","og_url":"https:\/\/www.aquimicasa.net\/blog\/vivienda\/noticias-mercado-inmobiliario\/el-instituto-cerda-aporta-datos-sobre-la-pobreza-y-la-ocupacion\/","og_site_name":"Blog de aquimicasa.net","article_publisher":"https:\/\/www.facebook.com\/aquimicasa.net","article_published_time":"2017-05-06T19:30:52+00:00","article_modified_time":"2020-04-02T16:30:07+00:00","og_image":[{"width":340,"height":227,"url":"https:\/\/www.aquimicasa.net\/blog\/wp-content\/uploads\/Homeless3-e1494098728534.jpg","type":"image\/jpeg"}],"author":"Eduardo Lizarraga","twitter_misc":{"Escrito por":"Eduardo Lizarraga","Tiempo de lectura":"2 minutos"},"schema":{"@context":"https:\/\/schema.org","@graph":[{"@type":"Article","@id":"https:\/\/www.aquimicasa.net\/blog\/vivienda\/noticias-mercado-inmobiliario\/el-instituto-cerda-aporta-datos-sobre-la-pobreza-y-la-ocupacion\/#article","isPartOf":{"@id":"https:\/\/www.aquimicasa.net\/blog\/vivienda\/noticias-mercado-inmobiliario\/el-instituto-cerda-aporta-datos-sobre-la-pobreza-y-la-ocupacion\/"},"author":{"name":"Eduardo Lizarraga","@id":"https:\/\/www.aquimicasa.net\/blog\/#\/schema\/person\/2cdfa2605534583395c8d7ce1d6cac14"},"headline":"El Instituto Cerd\u00e1 aporta datos sobre la pobreza y la okupaci\u00f3n","datePublished":"2017-05-06T19:30:52+00:00","dateModified":"2020-04-02T16:30:07+00:00","mainEntityOfPage":{"@id":"https:\/\/www.aquimicasa.net\/blog\/vivienda\/noticias-mercado-inmobiliario\/el-instituto-cerda-aporta-datos-sobre-la-pobreza-y-la-ocupacion\/"},"wordCount":471,"commentCount":0,"publisher":{"@id":"https:\/\/www.aquimicasa.net\/blog\/#organization"},"image":{"@id":"https:\/\/www.aquimicasa.net\/blog\/vivienda\/noticias-mercado-inmobiliario\/el-instituto-cerda-aporta-datos-sobre-la-pobreza-y-la-ocupacion\/#primaryimage"},"thumbnailUrl":"https:\/\/www.aquimicasa.net\/blog\/wp-content\/uploads\/Homeless3-e1494098728534.jpg","keywords":["Instituto Cerd\u00e1","pobreza extrema. sin recursos","sin casa"],"articleSection":["Noticias Mercado Inmobiliario"],"inLanguage":"es","potentialAction":[{"@type":"CommentAction","name":"Comment","target":["https:\/\/www.aquimicasa.net\/blog\/vivienda\/noticias-mercado-inmobiliario\/el-instituto-cerda-aporta-datos-sobre-la-pobreza-y-la-ocupacion\/#respond"]}]},{"@type":"WebPage","@id":"https:\/\/www.aquimicasa.net\/blog\/vivienda\/noticias-mercado-inmobiliario\/el-instituto-cerda-aporta-datos-sobre-la-pobreza-y-la-ocupacion\/","url":"https:\/\/www.aquimicasa.net\/blog\/vivienda\/noticias-mercado-inmobiliario\/el-instituto-cerda-aporta-datos-sobre-la-pobreza-y-la-ocupacion\/","name":"El Instituto Cerd\u00e1 aporta datos sobre la pobreza y la ocupaci\u00f3n","isPartOf":{"@id":"https:\/\/www.aquimicasa.net\/blog\/#website"},"primaryImageOfPage":{"@id":"https:\/\/www.aquimicasa.net\/blog\/vivienda\/noticias-mercado-inmobiliario\/el-instituto-cerda-aporta-datos-sobre-la-pobreza-y-la-ocupacion\/#primaryimage"},"image":{"@id":"https:\/\/www.aquimicasa.net\/blog\/vivienda\/noticias-mercado-inmobiliario\/el-instituto-cerda-aporta-datos-sobre-la-pobreza-y-la-ocupacion\/#primaryimage"},"thumbnailUrl":"https:\/\/www.aquimicasa.net\/blog\/wp-content\/uploads\/Homeless3-e1494098728534.jpg","datePublished":"2017-05-06T19:30:52+00:00","dateModified":"2020-04-02T16:30:07+00:00","breadcrumb":{"@id":"https:\/\/www.aquimicasa.net\/blog\/vivienda\/noticias-mercado-inmobiliario\/el-instituto-cerda-aporta-datos-sobre-la-pobreza-y-la-ocupacion\/#breadcrumb"},"inLanguage":"es","potentialAction":[{"@type":"ReadAction","target":["https:\/\/www.aquimicasa.net\/blog\/vivienda\/noticias-mercado-inmobiliario\/el-instituto-cerda-aporta-datos-sobre-la-pobreza-y-la-ocupacion\/"]}]},{"@type":"ImageObject","inLanguage":"es","@id":"https:\/\/www.aquimicasa.net\/blog\/vivienda\/noticias-mercado-inmobiliario\/el-instituto-cerda-aporta-datos-sobre-la-pobreza-y-la-ocupacion\/#primaryimage","url":"https:\/\/www.aquimicasa.net\/blog\/wp-content\/uploads\/Homeless3-e1494098728534.jpg","contentUrl":"https:\/\/www.aquimicasa.net\/blog\/wp-content\/uploads\/Homeless3-e1494098728534.jpg","width":340,"height":227},{"@type":"BreadcrumbList","@id":"https:\/\/www.aquimicasa.net\/blog\/vivienda\/noticias-mercado-inmobiliario\/el-instituto-cerda-aporta-datos-sobre-la-pobreza-y-la-ocupacion\/#breadcrumb","itemListElement":[{"@type":"ListItem","position":1,"name":"Portada","item":"https:\/\/www.aquimicasa.net\/blog\/"},{"@type":"ListItem","position":2,"name":"El Instituto Cerd\u00e1 aporta datos sobre la pobreza y la okupaci\u00f3n"}]},{"@type":"WebSite","@id":"https:\/\/www.aquimicasa.net\/blog\/#website","url":"https:\/\/www.aquimicasa.net\/blog\/","name":"Blog de aquimicasa.net","description":"Noticias del Mundo Inmobiliario","publisher":{"@id":"https:\/\/www.aquimicasa.net\/blog\/#organization"},"potentialAction":[{"@type":"SearchAction","target":{"@type":"EntryPoint","urlTemplate":"https:\/\/www.aquimicasa.net\/blog\/?s={search_term_string}"},"query-input":{"@type":"PropertyValueSpecification","valueRequired":true,"valueName":"search_term_string"}}],"inLanguage":"es"},{"@type":"Organization","@id":"https:\/\/www.aquimicasa.net\/blog\/#organization","name":"Blog de aquimicasa.net","url":"https:\/\/www.aquimicasa.net\/blog\/","logo":{"@type":"ImageObject","inLanguage":"es","@id":"https:\/\/www.aquimicasa.net\/blog\/#\/schema\/logo\/image\/","url":"https:\/\/www.aquimicasa.net\/blog\/wp-content\/uploads\/Logo-aquimicasa-1-e1528048213782.png","contentUrl":"https:\/\/www.aquimicasa.net\/blog\/wp-content\/uploads\/Logo-aquimicasa-1-e1528048213782.png","width":225,"height":225,"caption":"Blog de aquimicasa.net"},"image":{"@id":"https:\/\/www.aquimicasa.net\/blog\/#\/schema\/logo\/image\/"},"sameAs":["https:\/\/www.facebook.com\/aquimicasa.net","https:\/\/www.instagram.com\/","https:\/\/x.com\/EduLizarragaD","https:\/\/www.linkedin.com\/feed\/"]},{"@type":"Person","@id":"https:\/\/www.aquimicasa.net\/blog\/#\/schema\/person\/2cdfa2605534583395c8d7ce1d6cac14","name":"Eduardo Lizarraga","image":{"@type":"ImageObject","inLanguage":"es","@id":"https:\/\/secure.gravatar.com\/avatar\/bdabe1eeeed97b65a9cb7de2edd624b07995f7e13abc5fead15961f745f908cc?s=96&d=mm&r=g","url":"https:\/\/secure.gravatar.com\/avatar\/bdabe1eeeed97b65a9cb7de2edd624b07995f7e13abc5fead15961f745f908cc?s=96&d=mm&r=g","contentUrl":"https:\/\/secure.gravatar.com\/avatar\/bdabe1eeeed97b65a9cb7de2edd624b07995f7e13abc5fead15961f745f908cc?s=96&d=mm&r=g","caption":"Eduardo Lizarraga"},"description":"Periodista Econ\u00f3mico. Ha trabajado en diversos campos de la informaci\u00f3n. Corresponsal en conflictos, analista pol\u00edtico en Congreso y Senado, periodista del medio ambiente, editor, director editorial, director de comunicaci\u00f3n.... En estos momentos se ha especializado en el sector inmobiliario. Pero tambi\u00e9n es navegante y viajero, preocupado por la pobreza, el medio ambiente y por las actuaciones descontroladas del neoliberalismo empresarial y pol\u00edtico en todo el mundo. Los desahucios, la pobreza infantil y la falta de acceso a los suministros b\u00e1sicos son algunos de los grandes dramas de nuestra sociedad y que es preciso solucionar para hacerla m\u00e1s justa. CEO en www.aquimicasa.net","sameAs":["https:\/\/www.aquimicasa.net\/"],"url":"https:\/\/www.aquimicasa.net\/blog\/author\/eduardo\/"}]}},"jetpack_publicize_connections":[],"jetpack_featured_media_url":"https:\/\/www.aquimicasa.net\/blog\/wp-content\/uploads\/Homeless3-e1494098728534.jpg","jetpack_sharing_enabled":true,"jetpack_likes_enabled":true,"_links":{"self":[{"href":"https:\/\/www.aquimicasa.net\/blog\/wp-json\/wp\/v2\/posts\/15808","targetHints":{"allow":["GET"]}}],"collection":[{"href":"https:\/\/www.aquimicasa.net\/blog\/wp-json\/wp\/v2\/posts"}],"about":[{"href":"https:\/\/www.aquimicasa.net\/blog\/wp-json\/wp\/v2\/types\/post"}],"author":[{"embeddable":true,"href":"https:\/\/www.aquimicasa.net\/blog\/wp-json\/wp\/v2\/users\/3"}],"replies":[{"embeddable":true,"href":"https:\/\/www.aquimicasa.net\/blog\/wp-json\/wp\/v2\/comments?post=15808"}],"version-history":[{"count":7,"href":"https:\/\/www.aquimicasa.net\/blog\/wp-json\/wp\/v2\/posts\/15808\/revisions"}],"predecessor-version":[{"id":15853,"href":"https:\/\/www.aquimicasa.net\/blog\/wp-json\/wp\/v2\/posts\/15808\/revisions\/15853"}],"wp:featuredmedia":[{"embeddable":true,"href":"https:\/\/www.aquimicasa.net\/blog\/wp-json\/wp\/v2\/media\/15852"}],"wp:attachment":[{"href":"https:\/\/www.aquimicasa.net\/blog\/wp-json\/wp\/v2\/media?parent=15808"}],"wp:term":[{"taxonomy":"category","embeddable":true,"href":"https:\/\/www.aquimicasa.net\/blog\/wp-json\/wp\/v2\/categories?post=15808"},{"taxonomy":"post_tag","embeddable":true,"href":"https:\/\/www.aquimicasa.net\/blog\/wp-json\/wp\/v2\/tags?post=15808"}],"curies":[{"name":"wp","href":"https:\/\/api.w.org\/{rel}","templated":true}]}}