{"id":15966,"date":"2017-05-17T19:16:48","date_gmt":"2017-05-17T17:16:48","guid":{"rendered":"https:\/\/www.aquimicasa.net\/blog\/?p=15966"},"modified":"2020-04-02T18:30:06","modified_gmt":"2020-04-02T16:30:06","slug":"nueva-campana-de-venta-de-pisos-y-chalets-de-sareb","status":"publish","type":"post","link":"https:\/\/www.aquimicasa.net\/blog\/vivienda\/compraventa-de-viviendas\/nueva-campana-de-venta-de-pisos-y-chalets-de-sareb\/","title":{"rendered":"Nueva campa\u00f1a de venta de pisos y chalets de Sareb"},"content":{"rendered":"<p>Aprovechando el buen momento de compraventas, Sareb, el banco malo, ha puesto en marcha una nueva campa\u00f1a de comercializaci\u00f3n de inmuebles con buenos descuentos. En concreto saca a la venta una cartera de 3.716<strong> pisos y chalets<\/strong> de nueva construcci\u00f3n \u00a0ubicados en casi todo el territorio nacional. Son \u00a016 comunidades aut\u00f3nomas en las que hay ofertas y con precios que oscilan entre los \u00a017.000y casi 400.000 euros. El nombre de esta nueva campa\u00f1a de venta de Sareb se llama \u00bb Casas de estreno\u00bb, que durar\u00e1 tres meses.<\/p>\n<p>Entre todas estos<strong> pisos y chalets<\/strong> que componen la amplia oferta se encuentran algunas que ha terminado la propia compa\u00f1\u00eda, dado que las obras no estaban finalizadas en el momento de su constituci\u00f3n. Se trata de activos residenciales de diferentes tipos localizadas en Andaluc\u00eda, Arag\u00f3n, Asturias, Baleares, Canarias, Cantabria, Castilla y Le\u00f3n, Castilla-La Mancha, Catalu\u00f1a, Comunidad de Madrid, Comunidad Valenciana, Extremadura, Galicia, La Rioja, Murcia y Navarra.<\/p>\n<p>La mayor oferta de esta campa\u00f1a de la Sareb se encuentra en Comunidad Valenciana, con 816 <strong>pisos y chalets<\/strong> en venta, siendo \u00a0Alicante la m\u00e1s beneficiada con 359. Es en \u00e9sta provincia donde encontramos el activo m\u00e1s barato de la comunidad, que es una promoci\u00f3n de cuatro apartamentos tur\u00edsticos en Mutxamel, con un precio de 26.300 euros cada uno.<\/p>\n<p>Por detr\u00e1s de esta provincia se sit\u00faan Castilla-La Mancha (666 inmuebles), Andaluc\u00eda (537), Castilla y Le\u00f3n (474), Murcia (244), Galicia (227), Catalu\u00f1a (168), Cantabria (141), Extremadura (100), Comunidad de Madrid (66), Arag\u00f3n (90), La Rioja (81) y Asturias (65), Canarias (28).<\/p>\n<p>El precio m\u00e1s bajo, 17.700 euros, corresponde a un<strong> piso<\/strong> ubicado en Sayago (Zamora), mientras que el m\u00e1s alto, unos 394.417 euros, es el de un c<strong>halet<\/strong> de 220 metros cuadrados situado en Das (Gerona). Para atender a los interesados por los inmuebles de \u00e9sta campa\u00f1a, Sareb ha habilitado un microsite, en el que se pueden consultar los detalles de los <strong>pisos y chalets<\/strong> en venta. Como ya es costumbre, la comercializaci\u00f3n de todas estas viviendas se llevar\u00e1 a cabo por \u00a0Altamira Asset Management, Haya Real Estate, Servihabitat y Solvia, encargados de la gesti\u00f3n y la comercializaci\u00f3n de los activos de Sareb.<\/p>\n<p>&nbsp;<\/p>\n","protected":false},"excerpt":{"rendered":"<p>La Sareb, el banco malo, lanza una nueva campa\u00f1a de comercializaci\u00f3n de pisos y chalets en 16 comunidades aut\u00f3nomas<\/p>\n","protected":false},"author":3,"featured_media":15263,"comment_status":"open","ping_status":"open","sticky":false,"template":"","format":"standard","meta":{"_jetpack_memberships_contains_paid_content":false,"footnotes":"","jetpack_publicize_message":"","jetpack_publicize_feature_enabled":true,"jetpack_social_post_already_shared":true,"jetpack_social_options":{"image_generator_settings":{"template":"highway","default_image_id":0,"font":"","enabled":false},"version":2}},"categories":[46,100,7565],"tags":[556,3807,3806,3672],"class_list":["post-15966","post","type-post","status-publish","format-standard","has-post-thumbnail","hentry","category-bancos","category-compraventa-de-viviendas","category-noticias-mercado-inmobiliario","tag-banco-malo","tag-comercializacion-de-pisos-y-chalets","tag-oferta-de-ventas","tag-pisos-y-chalets"],"yoast_head":"<!-- This site is optimized with the Yoast SEO plugin v28.2 - https:\/\/yoast.com\/product\/yoast-seo-wordpress\/ -->\n<title>Nueva campa\u00f1a de venta de pisos y chalets de Sareb<\/title>\n<meta name=\"robots\" content=\"index, follow, max-snippet:-1, max-image-preview:large, max-video-preview:-1\" \/>\n<link rel=\"canonical\" href=\"https:\/\/www.aquimicasa.net\/blog\/vivienda\/compraventa-de-viviendas\/nueva-campana-de-venta-de-pisos-y-chalets-de-sareb\/\" \/>\n<meta property=\"og:locale\" content=\"es_ES\" \/>\n<meta property=\"og:type\" content=\"article\" \/>\n<meta property=\"og:title\" content=\"Nueva campa\u00f1a de venta de pisos y chalets de Sareb\" \/>\n<meta property=\"og:description\" content=\"La Sareb, el banco malo, lanza una nueva campa\u00f1a de comercializaci\u00f3n de pisos y chalets en 16 comunidades aut\u00f3nomas\" \/>\n<meta property=\"og:url\" content=\"https:\/\/www.aquimicasa.net\/blog\/vivienda\/compraventa-de-viviendas\/nueva-campana-de-venta-de-pisos-y-chalets-de-sareb\/\" \/>\n<meta property=\"og:site_name\" content=\"Blog de aquimicasa.net\" \/>\n<meta property=\"article:publisher\" content=\"https:\/\/www.facebook.com\/aquimicasa.net\" \/>\n<meta property=\"article:published_time\" content=\"2017-05-17T17:16:48+00:00\" \/>\n<meta property=\"article:modified_time\" content=\"2020-04-02T16:30:06+00:00\" \/>\n<meta property=\"og:image\" content=\"https:\/\/www.aquimicasa.net\/blog\/wp-content\/uploads\/Sareb1-e1491687050320.jpg\" \/>\n\t<meta property=\"og:image:width\" content=\"450\" \/>\n\t<meta property=\"og:image:height\" content=\"229\" \/>\n\t<meta property=\"og:image:type\" content=\"image\/jpeg\" \/>\n<meta name=\"author\" content=\"Eduardo Lizarraga\" \/>\n<meta name=\"twitter:label1\" content=\"Escrito por\" \/>\n\t<meta name=\"twitter:data1\" content=\"Eduardo Lizarraga\" \/>\n\t<meta name=\"twitter:label2\" content=\"Tiempo de lectura\" \/>\n\t<meta name=\"twitter:data2\" content=\"2 minutos\" \/>\n<script type=\"application\/ld+json\" class=\"yoast-schema-graph\">{\"@context\":\"https:\\\/\\\/schema.org\",\"@graph\":[{\"@type\":\"Article\",\"@id\":\"https:\\\/\\\/www.aquimicasa.net\\\/blog\\\/vivienda\\\/compraventa-de-viviendas\\\/nueva-campana-de-venta-de-pisos-y-chalets-de-sareb\\\/#article\",\"isPartOf\":{\"@id\":\"https:\\\/\\\/www.aquimicasa.net\\\/blog\\\/vivienda\\\/compraventa-de-viviendas\\\/nueva-campana-de-venta-de-pisos-y-chalets-de-sareb\\\/\"},\"author\":{\"name\":\"Eduardo Lizarraga\",\"@id\":\"https:\\\/\\\/www.aquimicasa.net\\\/blog\\\/#\\\/schema\\\/person\\\/2cdfa2605534583395c8d7ce1d6cac14\"},\"headline\":\"Nueva campa\u00f1a de venta de pisos y chalets de Sareb\",\"datePublished\":\"2017-05-17T17:16:48+00:00\",\"dateModified\":\"2020-04-02T16:30:06+00:00\",\"mainEntityOfPage\":{\"@id\":\"https:\\\/\\\/www.aquimicasa.net\\\/blog\\\/vivienda\\\/compraventa-de-viviendas\\\/nueva-campana-de-venta-de-pisos-y-chalets-de-sareb\\\/\"},\"wordCount\":373,\"commentCount\":0,\"publisher\":{\"@id\":\"https:\\\/\\\/www.aquimicasa.net\\\/blog\\\/#organization\"},\"image\":{\"@id\":\"https:\\\/\\\/www.aquimicasa.net\\\/blog\\\/vivienda\\\/compraventa-de-viviendas\\\/nueva-campana-de-venta-de-pisos-y-chalets-de-sareb\\\/#primaryimage\"},\"thumbnailUrl\":\"https:\\\/\\\/www.aquimicasa.net\\\/blog\\\/wp-content\\\/uploads\\\/Sareb1-e1491687050320.jpg\",\"keywords\":[\"banco malo\",\"comercializaci\u00f3n de pisos y chalets\",\"oferta de ventas\",\"pisos y chalets\"],\"articleSection\":[\"Bancos\",\"Compra Venta\",\"Noticias Mercado Inmobiliario\"],\"inLanguage\":\"es\",\"potentialAction\":[{\"@type\":\"CommentAction\",\"name\":\"Comment\",\"target\":[\"https:\\\/\\\/www.aquimicasa.net\\\/blog\\\/vivienda\\\/compraventa-de-viviendas\\\/nueva-campana-de-venta-de-pisos-y-chalets-de-sareb\\\/#respond\"]}]},{\"@type\":\"WebPage\",\"@id\":\"https:\\\/\\\/www.aquimicasa.net\\\/blog\\\/vivienda\\\/compraventa-de-viviendas\\\/nueva-campana-de-venta-de-pisos-y-chalets-de-sareb\\\/\",\"url\":\"https:\\\/\\\/www.aquimicasa.net\\\/blog\\\/vivienda\\\/compraventa-de-viviendas\\\/nueva-campana-de-venta-de-pisos-y-chalets-de-sareb\\\/\",\"name\":\"Nueva campa\u00f1a de venta de pisos y chalets de Sareb\",\"isPartOf\":{\"@id\":\"https:\\\/\\\/www.aquimicasa.net\\\/blog\\\/#website\"},\"primaryImageOfPage\":{\"@id\":\"https:\\\/\\\/www.aquimicasa.net\\\/blog\\\/vivienda\\\/compraventa-de-viviendas\\\/nueva-campana-de-venta-de-pisos-y-chalets-de-sareb\\\/#primaryimage\"},\"image\":{\"@id\":\"https:\\\/\\\/www.aquimicasa.net\\\/blog\\\/vivienda\\\/compraventa-de-viviendas\\\/nueva-campana-de-venta-de-pisos-y-chalets-de-sareb\\\/#primaryimage\"},\"thumbnailUrl\":\"https:\\\/\\\/www.aquimicasa.net\\\/blog\\\/wp-content\\\/uploads\\\/Sareb1-e1491687050320.jpg\",\"datePublished\":\"2017-05-17T17:16:48+00:00\",\"dateModified\":\"2020-04-02T16:30:06+00:00\",\"breadcrumb\":{\"@id\":\"https:\\\/\\\/www.aquimicasa.net\\\/blog\\\/vivienda\\\/compraventa-de-viviendas\\\/nueva-campana-de-venta-de-pisos-y-chalets-de-sareb\\\/#breadcrumb\"},\"inLanguage\":\"es\",\"potentialAction\":[{\"@type\":\"ReadAction\",\"target\":[\"https:\\\/\\\/www.aquimicasa.net\\\/blog\\\/vivienda\\\/compraventa-de-viviendas\\\/nueva-campana-de-venta-de-pisos-y-chalets-de-sareb\\\/\"]}]},{\"@type\":\"ImageObject\",\"inLanguage\":\"es\",\"@id\":\"https:\\\/\\\/www.aquimicasa.net\\\/blog\\\/vivienda\\\/compraventa-de-viviendas\\\/nueva-campana-de-venta-de-pisos-y-chalets-de-sareb\\\/#primaryimage\",\"url\":\"https:\\\/\\\/www.aquimicasa.net\\\/blog\\\/wp-content\\\/uploads\\\/Sareb1-e1491687050320.jpg\",\"contentUrl\":\"https:\\\/\\\/www.aquimicasa.net\\\/blog\\\/wp-content\\\/uploads\\\/Sareb1-e1491687050320.jpg\",\"width\":450,\"height\":229,\"caption\":\"La Sareb aportar\u00e1 50.000 viviendas para alquiler social\"},{\"@type\":\"BreadcrumbList\",\"@id\":\"https:\\\/\\\/www.aquimicasa.net\\\/blog\\\/vivienda\\\/compraventa-de-viviendas\\\/nueva-campana-de-venta-de-pisos-y-chalets-de-sareb\\\/#breadcrumb\",\"itemListElement\":[{\"@type\":\"ListItem\",\"position\":1,\"name\":\"Portada\",\"item\":\"https:\\\/\\\/www.aquimicasa.net\\\/blog\\\/\"},{\"@type\":\"ListItem\",\"position\":2,\"name\":\"Nueva campa\u00f1a de venta de pisos y chalets de Sareb\"}]},{\"@type\":\"WebSite\",\"@id\":\"https:\\\/\\\/www.aquimicasa.net\\\/blog\\\/#website\",\"url\":\"https:\\\/\\\/www.aquimicasa.net\\\/blog\\\/\",\"name\":\"Blog de aquimicasa.net\",\"description\":\"Noticias del Mundo Inmobiliario\",\"publisher\":{\"@id\":\"https:\\\/\\\/www.aquimicasa.net\\\/blog\\\/#organization\"},\"potentialAction\":[{\"@type\":\"SearchAction\",\"target\":{\"@type\":\"EntryPoint\",\"urlTemplate\":\"https:\\\/\\\/www.aquimicasa.net\\\/blog\\\/?s={search_term_string}\"},\"query-input\":{\"@type\":\"PropertyValueSpecification\",\"valueRequired\":true,\"valueName\":\"search_term_string\"}}],\"inLanguage\":\"es\"},{\"@type\":\"Organization\",\"@id\":\"https:\\\/\\\/www.aquimicasa.net\\\/blog\\\/#organization\",\"name\":\"Blog de aquimicasa.net\",\"url\":\"https:\\\/\\\/www.aquimicasa.net\\\/blog\\\/\",\"logo\":{\"@type\":\"ImageObject\",\"inLanguage\":\"es\",\"@id\":\"https:\\\/\\\/www.aquimicasa.net\\\/blog\\\/#\\\/schema\\\/logo\\\/image\\\/\",\"url\":\"https:\\\/\\\/www.aquimicasa.net\\\/blog\\\/wp-content\\\/uploads\\\/Logo-aquimicasa-1-e1528048213782.png\",\"contentUrl\":\"https:\\\/\\\/www.aquimicasa.net\\\/blog\\\/wp-content\\\/uploads\\\/Logo-aquimicasa-1-e1528048213782.png\",\"width\":225,\"height\":225,\"caption\":\"Blog de aquimicasa.net\"},\"image\":{\"@id\":\"https:\\\/\\\/www.aquimicasa.net\\\/blog\\\/#\\\/schema\\\/logo\\\/image\\\/\"},\"sameAs\":[\"https:\\\/\\\/www.facebook.com\\\/aquimicasa.net\",\"https:\\\/\\\/www.instagram.com\\\/\",\"https:\\\/\\\/x.com\\\/EduLizarragaD\",\"https:\\\/\\\/www.linkedin.com\\\/feed\\\/\"]},{\"@type\":\"Person\",\"@id\":\"https:\\\/\\\/www.aquimicasa.net\\\/blog\\\/#\\\/schema\\\/person\\\/2cdfa2605534583395c8d7ce1d6cac14\",\"name\":\"Eduardo Lizarraga\",\"image\":{\"@type\":\"ImageObject\",\"inLanguage\":\"es\",\"@id\":\"https:\\\/\\\/secure.gravatar.com\\\/avatar\\\/bdabe1eeeed97b65a9cb7de2edd624b07995f7e13abc5fead15961f745f908cc?s=96&d=mm&r=g\",\"url\":\"https:\\\/\\\/secure.gravatar.com\\\/avatar\\\/bdabe1eeeed97b65a9cb7de2edd624b07995f7e13abc5fead15961f745f908cc?s=96&d=mm&r=g\",\"contentUrl\":\"https:\\\/\\\/secure.gravatar.com\\\/avatar\\\/bdabe1eeeed97b65a9cb7de2edd624b07995f7e13abc5fead15961f745f908cc?s=96&d=mm&r=g\",\"caption\":\"Eduardo Lizarraga\"},\"description\":\"Periodista Econ\u00f3mico. Ha trabajado en diversos campos de la informaci\u00f3n. Corresponsal en conflictos, analista pol\u00edtico en Congreso y Senado, periodista del medio ambiente, editor, director editorial, director de comunicaci\u00f3n.... En estos momentos se ha especializado en el sector inmobiliario. Pero tambi\u00e9n es navegante y viajero, preocupado por la pobreza, el medio ambiente y por las actuaciones descontroladas del neoliberalismo empresarial y pol\u00edtico en todo el mundo. Los desahucios, la pobreza infantil y la falta de acceso a los suministros b\u00e1sicos son algunos de los grandes dramas de nuestra sociedad y que es preciso solucionar para hacerla m\u00e1s justa. CEO en www.aquimicasa.net\",\"sameAs\":[\"https:\\\/\\\/www.aquimicasa.net\\\/\"],\"url\":\"https:\\\/\\\/www.aquimicasa.net\\\/blog\\\/author\\\/eduardo\\\/\"}]}<\/script>\n<!-- \/ Yoast SEO plugin. -->","yoast_head_json":{"title":"Nueva campa\u00f1a de venta de pisos y chalets de Sareb","robots":{"index":"index","follow":"follow","max-snippet":"max-snippet:-1","max-image-preview":"max-image-preview:large","max-video-preview":"max-video-preview:-1"},"canonical":"https:\/\/www.aquimicasa.net\/blog\/vivienda\/compraventa-de-viviendas\/nueva-campana-de-venta-de-pisos-y-chalets-de-sareb\/","og_locale":"es_ES","og_type":"article","og_title":"Nueva campa\u00f1a de venta de pisos y chalets de Sareb","og_description":"La Sareb, el banco malo, lanza una nueva campa\u00f1a de comercializaci\u00f3n de pisos y chalets en 16 comunidades aut\u00f3nomas","og_url":"https:\/\/www.aquimicasa.net\/blog\/vivienda\/compraventa-de-viviendas\/nueva-campana-de-venta-de-pisos-y-chalets-de-sareb\/","og_site_name":"Blog de aquimicasa.net","article_publisher":"https:\/\/www.facebook.com\/aquimicasa.net","article_published_time":"2017-05-17T17:16:48+00:00","article_modified_time":"2020-04-02T16:30:06+00:00","og_image":[{"width":450,"height":229,"url":"https:\/\/www.aquimicasa.net\/blog\/wp-content\/uploads\/Sareb1-e1491687050320.jpg","type":"image\/jpeg"}],"author":"Eduardo Lizarraga","twitter_misc":{"Escrito por":"Eduardo Lizarraga","Tiempo de lectura":"2 minutos"},"schema":{"@context":"https:\/\/schema.org","@graph":[{"@type":"Article","@id":"https:\/\/www.aquimicasa.net\/blog\/vivienda\/compraventa-de-viviendas\/nueva-campana-de-venta-de-pisos-y-chalets-de-sareb\/#article","isPartOf":{"@id":"https:\/\/www.aquimicasa.net\/blog\/vivienda\/compraventa-de-viviendas\/nueva-campana-de-venta-de-pisos-y-chalets-de-sareb\/"},"author":{"name":"Eduardo Lizarraga","@id":"https:\/\/www.aquimicasa.net\/blog\/#\/schema\/person\/2cdfa2605534583395c8d7ce1d6cac14"},"headline":"Nueva campa\u00f1a de venta de pisos y chalets de Sareb","datePublished":"2017-05-17T17:16:48+00:00","dateModified":"2020-04-02T16:30:06+00:00","mainEntityOfPage":{"@id":"https:\/\/www.aquimicasa.net\/blog\/vivienda\/compraventa-de-viviendas\/nueva-campana-de-venta-de-pisos-y-chalets-de-sareb\/"},"wordCount":373,"commentCount":0,"publisher":{"@id":"https:\/\/www.aquimicasa.net\/blog\/#organization"},"image":{"@id":"https:\/\/www.aquimicasa.net\/blog\/vivienda\/compraventa-de-viviendas\/nueva-campana-de-venta-de-pisos-y-chalets-de-sareb\/#primaryimage"},"thumbnailUrl":"https:\/\/www.aquimicasa.net\/blog\/wp-content\/uploads\/Sareb1-e1491687050320.jpg","keywords":["banco malo","comercializaci\u00f3n de pisos y chalets","oferta de ventas","pisos y chalets"],"articleSection":["Bancos","Compra Venta","Noticias Mercado Inmobiliario"],"inLanguage":"es","potentialAction":[{"@type":"CommentAction","name":"Comment","target":["https:\/\/www.aquimicasa.net\/blog\/vivienda\/compraventa-de-viviendas\/nueva-campana-de-venta-de-pisos-y-chalets-de-sareb\/#respond"]}]},{"@type":"WebPage","@id":"https:\/\/www.aquimicasa.net\/blog\/vivienda\/compraventa-de-viviendas\/nueva-campana-de-venta-de-pisos-y-chalets-de-sareb\/","url":"https:\/\/www.aquimicasa.net\/blog\/vivienda\/compraventa-de-viviendas\/nueva-campana-de-venta-de-pisos-y-chalets-de-sareb\/","name":"Nueva campa\u00f1a de venta de pisos y chalets de Sareb","isPartOf":{"@id":"https:\/\/www.aquimicasa.net\/blog\/#website"},"primaryImageOfPage":{"@id":"https:\/\/www.aquimicasa.net\/blog\/vivienda\/compraventa-de-viviendas\/nueva-campana-de-venta-de-pisos-y-chalets-de-sareb\/#primaryimage"},"image":{"@id":"https:\/\/www.aquimicasa.net\/blog\/vivienda\/compraventa-de-viviendas\/nueva-campana-de-venta-de-pisos-y-chalets-de-sareb\/#primaryimage"},"thumbnailUrl":"https:\/\/www.aquimicasa.net\/blog\/wp-content\/uploads\/Sareb1-e1491687050320.jpg","datePublished":"2017-05-17T17:16:48+00:00","dateModified":"2020-04-02T16:30:06+00:00","breadcrumb":{"@id":"https:\/\/www.aquimicasa.net\/blog\/vivienda\/compraventa-de-viviendas\/nueva-campana-de-venta-de-pisos-y-chalets-de-sareb\/#breadcrumb"},"inLanguage":"es","potentialAction":[{"@type":"ReadAction","target":["https:\/\/www.aquimicasa.net\/blog\/vivienda\/compraventa-de-viviendas\/nueva-campana-de-venta-de-pisos-y-chalets-de-sareb\/"]}]},{"@type":"ImageObject","inLanguage":"es","@id":"https:\/\/www.aquimicasa.net\/blog\/vivienda\/compraventa-de-viviendas\/nueva-campana-de-venta-de-pisos-y-chalets-de-sareb\/#primaryimage","url":"https:\/\/www.aquimicasa.net\/blog\/wp-content\/uploads\/Sareb1-e1491687050320.jpg","contentUrl":"https:\/\/www.aquimicasa.net\/blog\/wp-content\/uploads\/Sareb1-e1491687050320.jpg","width":450,"height":229,"caption":"La Sareb aportar\u00e1 50.000 viviendas para alquiler social"},{"@type":"BreadcrumbList","@id":"https:\/\/www.aquimicasa.net\/blog\/vivienda\/compraventa-de-viviendas\/nueva-campana-de-venta-de-pisos-y-chalets-de-sareb\/#breadcrumb","itemListElement":[{"@type":"ListItem","position":1,"name":"Portada","item":"https:\/\/www.aquimicasa.net\/blog\/"},{"@type":"ListItem","position":2,"name":"Nueva campa\u00f1a de venta de pisos y chalets de Sareb"}]},{"@type":"WebSite","@id":"https:\/\/www.aquimicasa.net\/blog\/#website","url":"https:\/\/www.aquimicasa.net\/blog\/","name":"Blog de aquimicasa.net","description":"Noticias del Mundo Inmobiliario","publisher":{"@id":"https:\/\/www.aquimicasa.net\/blog\/#organization"},"potentialAction":[{"@type":"SearchAction","target":{"@type":"EntryPoint","urlTemplate":"https:\/\/www.aquimicasa.net\/blog\/?s={search_term_string}"},"query-input":{"@type":"PropertyValueSpecification","valueRequired":true,"valueName":"search_term_string"}}],"inLanguage":"es"},{"@type":"Organization","@id":"https:\/\/www.aquimicasa.net\/blog\/#organization","name":"Blog de aquimicasa.net","url":"https:\/\/www.aquimicasa.net\/blog\/","logo":{"@type":"ImageObject","inLanguage":"es","@id":"https:\/\/www.aquimicasa.net\/blog\/#\/schema\/logo\/image\/","url":"https:\/\/www.aquimicasa.net\/blog\/wp-content\/uploads\/Logo-aquimicasa-1-e1528048213782.png","contentUrl":"https:\/\/www.aquimicasa.net\/blog\/wp-content\/uploads\/Logo-aquimicasa-1-e1528048213782.png","width":225,"height":225,"caption":"Blog de aquimicasa.net"},"image":{"@id":"https:\/\/www.aquimicasa.net\/blog\/#\/schema\/logo\/image\/"},"sameAs":["https:\/\/www.facebook.com\/aquimicasa.net","https:\/\/www.instagram.com\/","https:\/\/x.com\/EduLizarragaD","https:\/\/www.linkedin.com\/feed\/"]},{"@type":"Person","@id":"https:\/\/www.aquimicasa.net\/blog\/#\/schema\/person\/2cdfa2605534583395c8d7ce1d6cac14","name":"Eduardo Lizarraga","image":{"@type":"ImageObject","inLanguage":"es","@id":"https:\/\/secure.gravatar.com\/avatar\/bdabe1eeeed97b65a9cb7de2edd624b07995f7e13abc5fead15961f745f908cc?s=96&d=mm&r=g","url":"https:\/\/secure.gravatar.com\/avatar\/bdabe1eeeed97b65a9cb7de2edd624b07995f7e13abc5fead15961f745f908cc?s=96&d=mm&r=g","contentUrl":"https:\/\/secure.gravatar.com\/avatar\/bdabe1eeeed97b65a9cb7de2edd624b07995f7e13abc5fead15961f745f908cc?s=96&d=mm&r=g","caption":"Eduardo Lizarraga"},"description":"Periodista Econ\u00f3mico. Ha trabajado en diversos campos de la informaci\u00f3n. Corresponsal en conflictos, analista pol\u00edtico en Congreso y Senado, periodista del medio ambiente, editor, director editorial, director de comunicaci\u00f3n.... En estos momentos se ha especializado en el sector inmobiliario. Pero tambi\u00e9n es navegante y viajero, preocupado por la pobreza, el medio ambiente y por las actuaciones descontroladas del neoliberalismo empresarial y pol\u00edtico en todo el mundo. Los desahucios, la pobreza infantil y la falta de acceso a los suministros b\u00e1sicos son algunos de los grandes dramas de nuestra sociedad y que es preciso solucionar para hacerla m\u00e1s justa. CEO en www.aquimicasa.net","sameAs":["https:\/\/www.aquimicasa.net\/"],"url":"https:\/\/www.aquimicasa.net\/blog\/author\/eduardo\/"}]}},"jetpack_publicize_connections":[],"jetpack_featured_media_url":"https:\/\/www.aquimicasa.net\/blog\/wp-content\/uploads\/Sareb1-e1491687050320.jpg","jetpack_sharing_enabled":true,"jetpack_likes_enabled":true,"_links":{"self":[{"href":"https:\/\/www.aquimicasa.net\/blog\/wp-json\/wp\/v2\/posts\/15966","targetHints":{"allow":["GET"]}}],"collection":[{"href":"https:\/\/www.aquimicasa.net\/blog\/wp-json\/wp\/v2\/posts"}],"about":[{"href":"https:\/\/www.aquimicasa.net\/blog\/wp-json\/wp\/v2\/types\/post"}],"author":[{"embeddable":true,"href":"https:\/\/www.aquimicasa.net\/blog\/wp-json\/wp\/v2\/users\/3"}],"replies":[{"embeddable":true,"href":"https:\/\/www.aquimicasa.net\/blog\/wp-json\/wp\/v2\/comments?post=15966"}],"version-history":[{"count":3,"href":"https:\/\/www.aquimicasa.net\/blog\/wp-json\/wp\/v2\/posts\/15966\/revisions"}],"predecessor-version":[{"id":15969,"href":"https:\/\/www.aquimicasa.net\/blog\/wp-json\/wp\/v2\/posts\/15966\/revisions\/15969"}],"wp:featuredmedia":[{"embeddable":true,"href":"https:\/\/www.aquimicasa.net\/blog\/wp-json\/wp\/v2\/media\/15263"}],"wp:attachment":[{"href":"https:\/\/www.aquimicasa.net\/blog\/wp-json\/wp\/v2\/media?parent=15966"}],"wp:term":[{"taxonomy":"category","embeddable":true,"href":"https:\/\/www.aquimicasa.net\/blog\/wp-json\/wp\/v2\/categories?post=15966"},{"taxonomy":"post_tag","embeddable":true,"href":"https:\/\/www.aquimicasa.net\/blog\/wp-json\/wp\/v2\/tags?post=15966"}],"curies":[{"name":"wp","href":"https:\/\/api.w.org\/{rel}","templated":true}]}}