{"id":16051,"date":"2017-05-23T21:35:50","date_gmt":"2017-05-23T19:35:50","guid":{"rendered":"https:\/\/www.aquimicasa.net\/blog\/?p=16051"},"modified":"2020-04-02T18:30:05","modified_gmt":"2020-04-02T16:30:05","slug":"pisos-y-casas-en-la-region-de-murcia","status":"publish","type":"post","link":"https:\/\/www.aquimicasa.net\/blog\/vivienda\/noticias-mercado-inmobiliario\/pisos-y-casas-en-la-region-de-murcia\/","title":{"rendered":"Pisos y casas en la Regi\u00f3n de Murcia"},"content":{"rendered":"<p>El precio medio de los<strong> pisos y casas en la Regi\u00f3n de Murcia<\/strong>\u00a0muestra en este primer trimestre del a\u00f1o 2017 un descenso \u00a0interanual del \u00a05%, hasta llegar a los 900 euros\/m2, de acuerdo a los datos del \u00edndice Tinsa IMIE. Desde los valores m\u00e1ximos alcanzados en el 2007, el valor de los <strong>pisos y casas en la Regi\u00f3n de Murcia\u00a0<\/strong>se ha depreciado un 48,3%. El mercado residencial est\u00e1 evolucionando en negativo durante estos primeros meses del 2107. El precio de los <strong>pisos y casas en la \u00a0Regi\u00f3n de Murcia<\/strong>\u00a0en el primer trimestre del 2107 es un 1,1%\u00a0inferior al registrado en el mismo periodo del a\u00f1o anterior. \u00a0 En 2016, el dato acumulado \u00a0a estas alturas del a\u00f1o reflejaba un descenso del 0,9%. El plazo medio de<strong>\u00a0 <\/strong>la venta de<strong> pisos y casas en la Regi\u00f3n de Murcia\u00a0<\/strong>se sit\u00faa en 12 meses, lo que es superior al plazo medio de venta en Espa\u00f1a que se sit\u00faa en 9,9 meses.<\/p>\n<p>Por su parte, el \u00edndice Tinsa IMIE muestra un descenso \u00a0interanual del 4,3% en el precio de los <strong>pisos en la ciudad de Murcia<\/strong>. Los datos, procedentes de las tasaciones realizadas durante el primer trimestre, sit\u00faan el precio medio de los <strong>pisos en la ciudad de Murcia<\/strong>\u00a0en 1008 euros\/m2, lo que supone una ca\u00edda del 43,3% respecto al m\u00e1ximo hist\u00f3rico alcanzado en el 2007. La evoluci\u00f3n durante \u00e9ste primer trimestre del 2017 est\u00e1 resultando positiva, siendo el precio medio de los<strong> pisos en la ciudad de Murcia<\/strong>, en el primer trimestre, un 2,9% superior al registrado en esta zona en el mismo periodo del a\u00f1o anterior. El plazo medio de venta de una vivienda en la <strong>ciudad de Murcia<\/strong> se sit\u00faa en 10,8 meses, por encima de los 9,9 meses que se tarda de media en Espa\u00f1a.<\/p>\n<ul>\n<li><a href=\"https:\/\/www.aquimicasa.net\/casas-chalets-adosados\/murcia\/casa-en-venta-en-santiago-de-la-ribera-i16545\">Casa en venta en Santiago de la Ribera (Murcia)<\/a>.\u00a0En murcia, se encuentra esta <b>casa en venta en Santiago de la Ribera <\/b>se trata de una <b>casa adosada&#8230;<\/b><\/li>\n<li><a href=\"https:\/\/www.aquimicasa.net\/inmuebles-especiales\/murcia\/casa-com-vistas-panoramicas-i16556\">Casa en Abanilla (Murcia)<\/a>.\u00a0Se vende casa de campo vistas al embalse de Santo Mera para fines de semana vacaciones o vivir todo el a\u00f1o parcela de 1015 metros toda con adoqu\u00edn&#8230;<\/li>\n<li><a href=\"https:\/\/www.aquimicasa.net\/pisos\/murcia\/casa-pareada-en-torres-de-cotillas-i16525\">Casa pareada en Torres de Cotillas (Murcia)<\/a>.\u00a0Casa independiente, c\u00e9ntrica ,totalmente reformada,sin comunidad&#8230;<\/li>\n<li><a href=\"https:\/\/www.aquimicasa.net\/casas-chalets-adosados\/murcia\/venta-de-casas-en-las-torres-de-cotillas-murcia-i16485\">Casa en Las Torres de Cotillas (Murcia)<\/a>\u00a0Venta de casa con muebles en terreno escriturado 187 metros, excelente comunicaci\u00f3n y ambiente, cerca del supermercado&#8230;<\/li>\n<li><a href=\"https:\/\/www.aquimicasa.net\/pisos\/murcia\/vivienda-con-plaza-de-garaje-y-trastero-en-los-dolores-murcia--i16443\">Casa en Los Dolores (Murcia)<\/a>.\u00a0Se vende vivienda de 3 dormitorios y dos ba\u00f1os en los dolores de murcia. Incluye cocina completamente equipada con vitrocer\u00e1mica de&#8230;<\/li>\n<li><a href=\"https:\/\/www.aquimicasa.net\/pisos\/murcia\/piso-en-cieza-i16316\">Piso en Cieza (Murcia)<\/a>.\u00a0Cocina completa y con todos los electrodom\u00e9sticos sal\u00f3n y alcoba amueblada armarios en todas las habitaciones sistema solar&#8230;<\/li>\n<li><a href=\"https:\/\/www.aquimicasa.net\/aticos\/murcia\/se-vende-atico-duplex-en-cll-mayor-espinardo-i16208\">\u00c1tico d\u00faplex en El Espinardo (Murcia)<\/a>.\u00a0Atico duplex en dos plantas, en calle mayor de espirnardo a 100 metros del tranv\u00eda y r\u00e1pida conexi\u00f3n a autov\u00eda. En planta baja, sal\u00f3n y&#8230;<\/li>\n<li><a href=\"https:\/\/www.aquimicasa.net\/casas-chalets-adosados\/murcia\/casa-de-campo-en-cieza-para-vivir-en-parcela-vallada-de-2000m-i16198\">Casa de campo en Cieza (Murcia)<\/a>.\u00a0Se vende casa de campo con parcela de 2000 m2 a 700m del pueblo (10 min andando). Toda la parcela est\u00e1 vallada con seto&#8230;<\/li>\n<li><a href=\"https:\/\/www.aquimicasa.net\/duplex\/murcia\/duplex-con-terraza-i16146\">D\u00faplex con terraza en Abanilla (Murcia)<\/a>.\u00a0Se vende d\u00faplex con terraza ,garaje para dos veh\u00edculos, patio exterior,porche,trastero, etc. Para mas informaci\u00f3n preguntar<\/li>\n<li><a href=\"https:\/\/www.aquimicasa.net\/casas-chalets-adosados\/murcia\/villa-semi-adosada-i16080\">Villa semiadosada en San Javier (Murcia)<\/a>.\u00a0Preciosa villa con jard\u00edn cenador barbacoa trastero y piscina privada. lugar tranquilo&#8230;<\/li>\n<li><a href=\"https:\/\/www.aquimicasa.net\/pisos\/murcia\/vendo-piso-en-vistabella-i16068\">Piso en Vistabella, Murcia<\/a>.\u00a0Piso en vistabella, murcia de 2 dormitorios (antes 3, le dimos uno al sal\u00f3n), cocina y ba\u00f1o con pie de ducha, vestidor y trastero&#8230;<\/li>\n<li><a href=\"https:\/\/www.aquimicasa.net\/casas-chalets-adosados\/murcia\/chalet-pareado-en-venta-en-camino-a-los-romanos-20-b-lentiscar-cartagena-i16038\">Chalet pareado en Cartagena (Murcia)<\/a>.\u00a0vivienda en planta baja. zona muy tranquila en la puebla (cartagena). tres dormitorios. dos ba\u00f1os con claraboya&#8230;<\/li>\n<\/ul>\n","protected":false},"excerpt":{"rendered":"<p>Pisos y casas en venta en la Regi\u00f3n de Murcia y en Murcia capital. \u00a1Busca la tuya!<\/p>\n","protected":false},"author":3,"featured_media":11239,"comment_status":"open","ping_status":"open","sticky":false,"template":"","format":"standard","meta":{"_jetpack_memberships_contains_paid_content":false,"footnotes":"","jetpack_publicize_message":"","jetpack_publicize_feature_enabled":true,"jetpack_social_post_already_shared":true,"jetpack_social_options":{"image_generator_settings":{"template":"highway","default_image_id":0,"font":"","enabled":false},"version":2}},"categories":[7565],"tags":[3853,2949,3856,3843,2950,3852,3847,3849,2948,3842,3846,3845,3860,3857,3855,3844,2951,3851,3854,3848,3850,2947,3859,3858],"class_list":["post-16051","post","type-post","status-publish","format-standard","has-post-thumbnail","hentry","category-noticias-mercado-inmobiliario","tag-atico-duplex-en-el-espinardo","tag-atico-en-murcia","tag-casa-de-campo-en-el-espinardo","tag-casa-en-abanilla","tag-casa-en-cartagena","tag-casa-en-cieza","tag-casa-en-las-torres-de-cotillas","tag-casa-en-los-dolores","tag-casa-en-murcia","tag-casa-en-venta-en-santiago-de-la-ribera","tag-casa-pareada-en-torre-de-cotillas","tag-chalet-en-abanilla","tag-chalet-pareado-en-cartagena","tag-duplex-con-terraza-en-abanilla","tag-duplex-en-murcia","tag-piso-en-abanilla","tag-piso-en-cartagena","tag-piso-en-cieza","tag-piso-en-el-espinardo","tag-piso-en-las-torres-de-cotillas","tag-piso-en-los-dolores","tag-piso-en-murcia","tag-piso-en-vistabella","tag-villa-semiadosada-en-san-javier"],"yoast_head":"<!-- This site is optimized with the Yoast SEO plugin v28.2 - https:\/\/yoast.com\/product\/yoast-seo-wordpress\/ -->\n<title>Pisos y casas en venta en la Regi\u00f3n de Murcia<\/title>\n<meta name=\"robots\" content=\"index, follow, max-snippet:-1, max-image-preview:large, max-video-preview:-1\" \/>\n<link rel=\"canonical\" href=\"https:\/\/www.aquimicasa.net\/blog\/vivienda\/noticias-mercado-inmobiliario\/pisos-y-casas-en-la-region-de-murcia\/\" \/>\n<meta property=\"og:locale\" content=\"es_ES\" \/>\n<meta property=\"og:type\" content=\"article\" \/>\n<meta property=\"og:title\" content=\"Pisos y casas en venta en la Regi\u00f3n de Murcia\" \/>\n<meta property=\"og:description\" content=\"Pisos y casas en venta en la Regi\u00f3n de Murcia y en Murcia capital. \u00a1Busca la tuya!\" \/>\n<meta property=\"og:url\" content=\"https:\/\/www.aquimicasa.net\/blog\/vivienda\/noticias-mercado-inmobiliario\/pisos-y-casas-en-la-region-de-murcia\/\" \/>\n<meta property=\"og:site_name\" content=\"Blog de aquimicasa.net\" \/>\n<meta property=\"article:publisher\" content=\"https:\/\/www.facebook.com\/aquimicasa.net\" \/>\n<meta property=\"article:published_time\" content=\"2017-05-23T19:35:50+00:00\" \/>\n<meta property=\"article:modified_time\" content=\"2020-04-02T16:30:05+00:00\" \/>\n<meta property=\"og:image\" content=\"https:\/\/www.aquimicasa.net\/blog\/wp-content\/uploads\/Murcia21-e1478691732693.jpg\" \/>\n\t<meta property=\"og:image:width\" content=\"400\" \/>\n\t<meta property=\"og:image:height\" content=\"244\" \/>\n\t<meta property=\"og:image:type\" content=\"image\/jpeg\" \/>\n<meta name=\"author\" content=\"Eduardo Lizarraga\" \/>\n<meta name=\"twitter:label1\" content=\"Escrito por\" \/>\n\t<meta name=\"twitter:data1\" content=\"Eduardo Lizarraga\" \/>\n\t<meta name=\"twitter:label2\" content=\"Tiempo de lectura\" \/>\n\t<meta name=\"twitter:data2\" content=\"3 minutos\" \/>\n<script type=\"application\/ld+json\" class=\"yoast-schema-graph\">{\"@context\":\"https:\\\/\\\/schema.org\",\"@graph\":[{\"@type\":\"Article\",\"@id\":\"https:\\\/\\\/www.aquimicasa.net\\\/blog\\\/vivienda\\\/noticias-mercado-inmobiliario\\\/pisos-y-casas-en-la-region-de-murcia\\\/#article\",\"isPartOf\":{\"@id\":\"https:\\\/\\\/www.aquimicasa.net\\\/blog\\\/vivienda\\\/noticias-mercado-inmobiliario\\\/pisos-y-casas-en-la-region-de-murcia\\\/\"},\"author\":{\"name\":\"Eduardo Lizarraga\",\"@id\":\"https:\\\/\\\/www.aquimicasa.net\\\/blog\\\/#\\\/schema\\\/person\\\/2cdfa2605534583395c8d7ce1d6cac14\"},\"headline\":\"Pisos y casas en la Regi\u00f3n de Murcia\",\"datePublished\":\"2017-05-23T19:35:50+00:00\",\"dateModified\":\"2020-04-02T16:30:05+00:00\",\"mainEntityOfPage\":{\"@id\":\"https:\\\/\\\/www.aquimicasa.net\\\/blog\\\/vivienda\\\/noticias-mercado-inmobiliario\\\/pisos-y-casas-en-la-region-de-murcia\\\/\"},\"wordCount\":623,\"commentCount\":0,\"publisher\":{\"@id\":\"https:\\\/\\\/www.aquimicasa.net\\\/blog\\\/#organization\"},\"image\":{\"@id\":\"https:\\\/\\\/www.aquimicasa.net\\\/blog\\\/vivienda\\\/noticias-mercado-inmobiliario\\\/pisos-y-casas-en-la-region-de-murcia\\\/#primaryimage\"},\"thumbnailUrl\":\"https:\\\/\\\/www.aquimicasa.net\\\/blog\\\/wp-content\\\/uploads\\\/Murcia21-e1478691732693.jpg\",\"keywords\":[\"\u00c1tico d\u00faplex en El Espinardo\",\"\u00e1tico en Murcia\",\"Casa de campo en El Espinardo\",\"Casa en Abanilla\",\"Casa en Cartagena\",\"casa en Cieza\",\"Casa en Las Torres de Cotillas\",\"Casa en Los Dolores\",\"casa en Murcia\",\"Casa en venta en Santiago de la Ribera\",\"Casa pareada en Torre de Cotillas\",\"Chalet en Abanilla\",\"Chalet pareado en Cartagena\",\"D\u00faplex con terraza en Abanilla\",\"d\u00faplex en Murcia\",\"piso en Abanilla\",\"piso en Cartagena\",\"Piso en Cieza\",\"Piso en El Espinardo\",\"piso en Las Torres de Cotillas\",\"piso en Los Dolores\",\"Piso en Murcia\",\"Piso en Vistabella\",\"Villa semiadosada en San Javier\"],\"articleSection\":[\"Noticias Mercado Inmobiliario\"],\"inLanguage\":\"es\",\"potentialAction\":[{\"@type\":\"CommentAction\",\"name\":\"Comment\",\"target\":[\"https:\\\/\\\/www.aquimicasa.net\\\/blog\\\/vivienda\\\/noticias-mercado-inmobiliario\\\/pisos-y-casas-en-la-region-de-murcia\\\/#respond\"]}]},{\"@type\":\"WebPage\",\"@id\":\"https:\\\/\\\/www.aquimicasa.net\\\/blog\\\/vivienda\\\/noticias-mercado-inmobiliario\\\/pisos-y-casas-en-la-region-de-murcia\\\/\",\"url\":\"https:\\\/\\\/www.aquimicasa.net\\\/blog\\\/vivienda\\\/noticias-mercado-inmobiliario\\\/pisos-y-casas-en-la-region-de-murcia\\\/\",\"name\":\"Pisos y casas en venta en la Regi\u00f3n de Murcia\",\"isPartOf\":{\"@id\":\"https:\\\/\\\/www.aquimicasa.net\\\/blog\\\/#website\"},\"primaryImageOfPage\":{\"@id\":\"https:\\\/\\\/www.aquimicasa.net\\\/blog\\\/vivienda\\\/noticias-mercado-inmobiliario\\\/pisos-y-casas-en-la-region-de-murcia\\\/#primaryimage\"},\"image\":{\"@id\":\"https:\\\/\\\/www.aquimicasa.net\\\/blog\\\/vivienda\\\/noticias-mercado-inmobiliario\\\/pisos-y-casas-en-la-region-de-murcia\\\/#primaryimage\"},\"thumbnailUrl\":\"https:\\\/\\\/www.aquimicasa.net\\\/blog\\\/wp-content\\\/uploads\\\/Murcia21-e1478691732693.jpg\",\"datePublished\":\"2017-05-23T19:35:50+00:00\",\"dateModified\":\"2020-04-02T16:30:05+00:00\",\"breadcrumb\":{\"@id\":\"https:\\\/\\\/www.aquimicasa.net\\\/blog\\\/vivienda\\\/noticias-mercado-inmobiliario\\\/pisos-y-casas-en-la-region-de-murcia\\\/#breadcrumb\"},\"inLanguage\":\"es\",\"potentialAction\":[{\"@type\":\"ReadAction\",\"target\":[\"https:\\\/\\\/www.aquimicasa.net\\\/blog\\\/vivienda\\\/noticias-mercado-inmobiliario\\\/pisos-y-casas-en-la-region-de-murcia\\\/\"]}]},{\"@type\":\"ImageObject\",\"inLanguage\":\"es\",\"@id\":\"https:\\\/\\\/www.aquimicasa.net\\\/blog\\\/vivienda\\\/noticias-mercado-inmobiliario\\\/pisos-y-casas-en-la-region-de-murcia\\\/#primaryimage\",\"url\":\"https:\\\/\\\/www.aquimicasa.net\\\/blog\\\/wp-content\\\/uploads\\\/Murcia21-e1478691732693.jpg\",\"contentUrl\":\"https:\\\/\\\/www.aquimicasa.net\\\/blog\\\/wp-content\\\/uploads\\\/Murcia21-e1478691732693.jpg\",\"width\":400,\"height\":244},{\"@type\":\"BreadcrumbList\",\"@id\":\"https:\\\/\\\/www.aquimicasa.net\\\/blog\\\/vivienda\\\/noticias-mercado-inmobiliario\\\/pisos-y-casas-en-la-region-de-murcia\\\/#breadcrumb\",\"itemListElement\":[{\"@type\":\"ListItem\",\"position\":1,\"name\":\"Portada\",\"item\":\"https:\\\/\\\/www.aquimicasa.net\\\/blog\\\/\"},{\"@type\":\"ListItem\",\"position\":2,\"name\":\"Pisos y casas en la Regi\u00f3n de Murcia\"}]},{\"@type\":\"WebSite\",\"@id\":\"https:\\\/\\\/www.aquimicasa.net\\\/blog\\\/#website\",\"url\":\"https:\\\/\\\/www.aquimicasa.net\\\/blog\\\/\",\"name\":\"Blog de aquimicasa.net\",\"description\":\"Noticias del Mundo Inmobiliario\",\"publisher\":{\"@id\":\"https:\\\/\\\/www.aquimicasa.net\\\/blog\\\/#organization\"},\"potentialAction\":[{\"@type\":\"SearchAction\",\"target\":{\"@type\":\"EntryPoint\",\"urlTemplate\":\"https:\\\/\\\/www.aquimicasa.net\\\/blog\\\/?s={search_term_string}\"},\"query-input\":{\"@type\":\"PropertyValueSpecification\",\"valueRequired\":true,\"valueName\":\"search_term_string\"}}],\"inLanguage\":\"es\"},{\"@type\":\"Organization\",\"@id\":\"https:\\\/\\\/www.aquimicasa.net\\\/blog\\\/#organization\",\"name\":\"Blog de aquimicasa.net\",\"url\":\"https:\\\/\\\/www.aquimicasa.net\\\/blog\\\/\",\"logo\":{\"@type\":\"ImageObject\",\"inLanguage\":\"es\",\"@id\":\"https:\\\/\\\/www.aquimicasa.net\\\/blog\\\/#\\\/schema\\\/logo\\\/image\\\/\",\"url\":\"https:\\\/\\\/www.aquimicasa.net\\\/blog\\\/wp-content\\\/uploads\\\/Logo-aquimicasa-1-e1528048213782.png\",\"contentUrl\":\"https:\\\/\\\/www.aquimicasa.net\\\/blog\\\/wp-content\\\/uploads\\\/Logo-aquimicasa-1-e1528048213782.png\",\"width\":225,\"height\":225,\"caption\":\"Blog de aquimicasa.net\"},\"image\":{\"@id\":\"https:\\\/\\\/www.aquimicasa.net\\\/blog\\\/#\\\/schema\\\/logo\\\/image\\\/\"},\"sameAs\":[\"https:\\\/\\\/www.facebook.com\\\/aquimicasa.net\",\"https:\\\/\\\/www.instagram.com\\\/\",\"https:\\\/\\\/x.com\\\/EduLizarragaD\",\"https:\\\/\\\/www.linkedin.com\\\/feed\\\/\"]},{\"@type\":\"Person\",\"@id\":\"https:\\\/\\\/www.aquimicasa.net\\\/blog\\\/#\\\/schema\\\/person\\\/2cdfa2605534583395c8d7ce1d6cac14\",\"name\":\"Eduardo Lizarraga\",\"image\":{\"@type\":\"ImageObject\",\"inLanguage\":\"es\",\"@id\":\"https:\\\/\\\/secure.gravatar.com\\\/avatar\\\/bdabe1eeeed97b65a9cb7de2edd624b07995f7e13abc5fead15961f745f908cc?s=96&d=mm&r=g\",\"url\":\"https:\\\/\\\/secure.gravatar.com\\\/avatar\\\/bdabe1eeeed97b65a9cb7de2edd624b07995f7e13abc5fead15961f745f908cc?s=96&d=mm&r=g\",\"contentUrl\":\"https:\\\/\\\/secure.gravatar.com\\\/avatar\\\/bdabe1eeeed97b65a9cb7de2edd624b07995f7e13abc5fead15961f745f908cc?s=96&d=mm&r=g\",\"caption\":\"Eduardo Lizarraga\"},\"description\":\"Periodista Econ\u00f3mico. Ha trabajado en diversos campos de la informaci\u00f3n. Corresponsal en conflictos, analista pol\u00edtico en Congreso y Senado, periodista del medio ambiente, editor, director editorial, director de comunicaci\u00f3n.... En estos momentos se ha especializado en el sector inmobiliario. Pero tambi\u00e9n es navegante y viajero, preocupado por la pobreza, el medio ambiente y por las actuaciones descontroladas del neoliberalismo empresarial y pol\u00edtico en todo el mundo. Los desahucios, la pobreza infantil y la falta de acceso a los suministros b\u00e1sicos son algunos de los grandes dramas de nuestra sociedad y que es preciso solucionar para hacerla m\u00e1s justa. CEO en www.aquimicasa.net\",\"sameAs\":[\"https:\\\/\\\/www.aquimicasa.net\\\/\"],\"url\":\"https:\\\/\\\/www.aquimicasa.net\\\/blog\\\/author\\\/eduardo\\\/\"}]}<\/script>\n<!-- \/ Yoast SEO plugin. -->","yoast_head_json":{"title":"Pisos y casas en venta en la Regi\u00f3n de Murcia","robots":{"index":"index","follow":"follow","max-snippet":"max-snippet:-1","max-image-preview":"max-image-preview:large","max-video-preview":"max-video-preview:-1"},"canonical":"https:\/\/www.aquimicasa.net\/blog\/vivienda\/noticias-mercado-inmobiliario\/pisos-y-casas-en-la-region-de-murcia\/","og_locale":"es_ES","og_type":"article","og_title":"Pisos y casas en venta en la Regi\u00f3n de Murcia","og_description":"Pisos y casas en venta en la Regi\u00f3n de Murcia y en Murcia capital. \u00a1Busca la tuya!","og_url":"https:\/\/www.aquimicasa.net\/blog\/vivienda\/noticias-mercado-inmobiliario\/pisos-y-casas-en-la-region-de-murcia\/","og_site_name":"Blog de aquimicasa.net","article_publisher":"https:\/\/www.facebook.com\/aquimicasa.net","article_published_time":"2017-05-23T19:35:50+00:00","article_modified_time":"2020-04-02T16:30:05+00:00","og_image":[{"width":400,"height":244,"url":"https:\/\/www.aquimicasa.net\/blog\/wp-content\/uploads\/Murcia21-e1478691732693.jpg","type":"image\/jpeg"}],"author":"Eduardo Lizarraga","twitter_misc":{"Escrito por":"Eduardo Lizarraga","Tiempo de lectura":"3 minutos"},"schema":{"@context":"https:\/\/schema.org","@graph":[{"@type":"Article","@id":"https:\/\/www.aquimicasa.net\/blog\/vivienda\/noticias-mercado-inmobiliario\/pisos-y-casas-en-la-region-de-murcia\/#article","isPartOf":{"@id":"https:\/\/www.aquimicasa.net\/blog\/vivienda\/noticias-mercado-inmobiliario\/pisos-y-casas-en-la-region-de-murcia\/"},"author":{"name":"Eduardo Lizarraga","@id":"https:\/\/www.aquimicasa.net\/blog\/#\/schema\/person\/2cdfa2605534583395c8d7ce1d6cac14"},"headline":"Pisos y casas en la Regi\u00f3n de Murcia","datePublished":"2017-05-23T19:35:50+00:00","dateModified":"2020-04-02T16:30:05+00:00","mainEntityOfPage":{"@id":"https:\/\/www.aquimicasa.net\/blog\/vivienda\/noticias-mercado-inmobiliario\/pisos-y-casas-en-la-region-de-murcia\/"},"wordCount":623,"commentCount":0,"publisher":{"@id":"https:\/\/www.aquimicasa.net\/blog\/#organization"},"image":{"@id":"https:\/\/www.aquimicasa.net\/blog\/vivienda\/noticias-mercado-inmobiliario\/pisos-y-casas-en-la-region-de-murcia\/#primaryimage"},"thumbnailUrl":"https:\/\/www.aquimicasa.net\/blog\/wp-content\/uploads\/Murcia21-e1478691732693.jpg","keywords":["\u00c1tico d\u00faplex en El Espinardo","\u00e1tico en Murcia","Casa de campo en El Espinardo","Casa en Abanilla","Casa en Cartagena","casa en Cieza","Casa en Las Torres de Cotillas","Casa en Los Dolores","casa en Murcia","Casa en venta en Santiago de la Ribera","Casa pareada en Torre de Cotillas","Chalet en Abanilla","Chalet pareado en Cartagena","D\u00faplex con terraza en Abanilla","d\u00faplex en Murcia","piso en Abanilla","piso en Cartagena","Piso en Cieza","Piso en El Espinardo","piso en Las Torres de Cotillas","piso en Los Dolores","Piso en Murcia","Piso en Vistabella","Villa semiadosada en San Javier"],"articleSection":["Noticias Mercado Inmobiliario"],"inLanguage":"es","potentialAction":[{"@type":"CommentAction","name":"Comment","target":["https:\/\/www.aquimicasa.net\/blog\/vivienda\/noticias-mercado-inmobiliario\/pisos-y-casas-en-la-region-de-murcia\/#respond"]}]},{"@type":"WebPage","@id":"https:\/\/www.aquimicasa.net\/blog\/vivienda\/noticias-mercado-inmobiliario\/pisos-y-casas-en-la-region-de-murcia\/","url":"https:\/\/www.aquimicasa.net\/blog\/vivienda\/noticias-mercado-inmobiliario\/pisos-y-casas-en-la-region-de-murcia\/","name":"Pisos y casas en venta en la Regi\u00f3n de Murcia","isPartOf":{"@id":"https:\/\/www.aquimicasa.net\/blog\/#website"},"primaryImageOfPage":{"@id":"https:\/\/www.aquimicasa.net\/blog\/vivienda\/noticias-mercado-inmobiliario\/pisos-y-casas-en-la-region-de-murcia\/#primaryimage"},"image":{"@id":"https:\/\/www.aquimicasa.net\/blog\/vivienda\/noticias-mercado-inmobiliario\/pisos-y-casas-en-la-region-de-murcia\/#primaryimage"},"thumbnailUrl":"https:\/\/www.aquimicasa.net\/blog\/wp-content\/uploads\/Murcia21-e1478691732693.jpg","datePublished":"2017-05-23T19:35:50+00:00","dateModified":"2020-04-02T16:30:05+00:00","breadcrumb":{"@id":"https:\/\/www.aquimicasa.net\/blog\/vivienda\/noticias-mercado-inmobiliario\/pisos-y-casas-en-la-region-de-murcia\/#breadcrumb"},"inLanguage":"es","potentialAction":[{"@type":"ReadAction","target":["https:\/\/www.aquimicasa.net\/blog\/vivienda\/noticias-mercado-inmobiliario\/pisos-y-casas-en-la-region-de-murcia\/"]}]},{"@type":"ImageObject","inLanguage":"es","@id":"https:\/\/www.aquimicasa.net\/blog\/vivienda\/noticias-mercado-inmobiliario\/pisos-y-casas-en-la-region-de-murcia\/#primaryimage","url":"https:\/\/www.aquimicasa.net\/blog\/wp-content\/uploads\/Murcia21-e1478691732693.jpg","contentUrl":"https:\/\/www.aquimicasa.net\/blog\/wp-content\/uploads\/Murcia21-e1478691732693.jpg","width":400,"height":244},{"@type":"BreadcrumbList","@id":"https:\/\/www.aquimicasa.net\/blog\/vivienda\/noticias-mercado-inmobiliario\/pisos-y-casas-en-la-region-de-murcia\/#breadcrumb","itemListElement":[{"@type":"ListItem","position":1,"name":"Portada","item":"https:\/\/www.aquimicasa.net\/blog\/"},{"@type":"ListItem","position":2,"name":"Pisos y casas en la Regi\u00f3n de Murcia"}]},{"@type":"WebSite","@id":"https:\/\/www.aquimicasa.net\/blog\/#website","url":"https:\/\/www.aquimicasa.net\/blog\/","name":"Blog de aquimicasa.net","description":"Noticias del Mundo Inmobiliario","publisher":{"@id":"https:\/\/www.aquimicasa.net\/blog\/#organization"},"potentialAction":[{"@type":"SearchAction","target":{"@type":"EntryPoint","urlTemplate":"https:\/\/www.aquimicasa.net\/blog\/?s={search_term_string}"},"query-input":{"@type":"PropertyValueSpecification","valueRequired":true,"valueName":"search_term_string"}}],"inLanguage":"es"},{"@type":"Organization","@id":"https:\/\/www.aquimicasa.net\/blog\/#organization","name":"Blog de aquimicasa.net","url":"https:\/\/www.aquimicasa.net\/blog\/","logo":{"@type":"ImageObject","inLanguage":"es","@id":"https:\/\/www.aquimicasa.net\/blog\/#\/schema\/logo\/image\/","url":"https:\/\/www.aquimicasa.net\/blog\/wp-content\/uploads\/Logo-aquimicasa-1-e1528048213782.png","contentUrl":"https:\/\/www.aquimicasa.net\/blog\/wp-content\/uploads\/Logo-aquimicasa-1-e1528048213782.png","width":225,"height":225,"caption":"Blog de aquimicasa.net"},"image":{"@id":"https:\/\/www.aquimicasa.net\/blog\/#\/schema\/logo\/image\/"},"sameAs":["https:\/\/www.facebook.com\/aquimicasa.net","https:\/\/www.instagram.com\/","https:\/\/x.com\/EduLizarragaD","https:\/\/www.linkedin.com\/feed\/"]},{"@type":"Person","@id":"https:\/\/www.aquimicasa.net\/blog\/#\/schema\/person\/2cdfa2605534583395c8d7ce1d6cac14","name":"Eduardo Lizarraga","image":{"@type":"ImageObject","inLanguage":"es","@id":"https:\/\/secure.gravatar.com\/avatar\/bdabe1eeeed97b65a9cb7de2edd624b07995f7e13abc5fead15961f745f908cc?s=96&d=mm&r=g","url":"https:\/\/secure.gravatar.com\/avatar\/bdabe1eeeed97b65a9cb7de2edd624b07995f7e13abc5fead15961f745f908cc?s=96&d=mm&r=g","contentUrl":"https:\/\/secure.gravatar.com\/avatar\/bdabe1eeeed97b65a9cb7de2edd624b07995f7e13abc5fead15961f745f908cc?s=96&d=mm&r=g","caption":"Eduardo Lizarraga"},"description":"Periodista Econ\u00f3mico. Ha trabajado en diversos campos de la informaci\u00f3n. Corresponsal en conflictos, analista pol\u00edtico en Congreso y Senado, periodista del medio ambiente, editor, director editorial, director de comunicaci\u00f3n.... En estos momentos se ha especializado en el sector inmobiliario. Pero tambi\u00e9n es navegante y viajero, preocupado por la pobreza, el medio ambiente y por las actuaciones descontroladas del neoliberalismo empresarial y pol\u00edtico en todo el mundo. Los desahucios, la pobreza infantil y la falta de acceso a los suministros b\u00e1sicos son algunos de los grandes dramas de nuestra sociedad y que es preciso solucionar para hacerla m\u00e1s justa. CEO en www.aquimicasa.net","sameAs":["https:\/\/www.aquimicasa.net\/"],"url":"https:\/\/www.aquimicasa.net\/blog\/author\/eduardo\/"}]}},"jetpack_publicize_connections":[],"jetpack_featured_media_url":"https:\/\/www.aquimicasa.net\/blog\/wp-content\/uploads\/Murcia21-e1478691732693.jpg","jetpack_sharing_enabled":true,"jetpack_likes_enabled":true,"_links":{"self":[{"href":"https:\/\/www.aquimicasa.net\/blog\/wp-json\/wp\/v2\/posts\/16051","targetHints":{"allow":["GET"]}}],"collection":[{"href":"https:\/\/www.aquimicasa.net\/blog\/wp-json\/wp\/v2\/posts"}],"about":[{"href":"https:\/\/www.aquimicasa.net\/blog\/wp-json\/wp\/v2\/types\/post"}],"author":[{"embeddable":true,"href":"https:\/\/www.aquimicasa.net\/blog\/wp-json\/wp\/v2\/users\/3"}],"replies":[{"embeddable":true,"href":"https:\/\/www.aquimicasa.net\/blog\/wp-json\/wp\/v2\/comments?post=16051"}],"version-history":[{"count":9,"href":"https:\/\/www.aquimicasa.net\/blog\/wp-json\/wp\/v2\/posts\/16051\/revisions"}],"predecessor-version":[{"id":16060,"href":"https:\/\/www.aquimicasa.net\/blog\/wp-json\/wp\/v2\/posts\/16051\/revisions\/16060"}],"wp:featuredmedia":[{"embeddable":true,"href":"https:\/\/www.aquimicasa.net\/blog\/wp-json\/wp\/v2\/media\/11239"}],"wp:attachment":[{"href":"https:\/\/www.aquimicasa.net\/blog\/wp-json\/wp\/v2\/media?parent=16051"}],"wp:term":[{"taxonomy":"category","embeddable":true,"href":"https:\/\/www.aquimicasa.net\/blog\/wp-json\/wp\/v2\/categories?post=16051"},{"taxonomy":"post_tag","embeddable":true,"href":"https:\/\/www.aquimicasa.net\/blog\/wp-json\/wp\/v2\/tags?post=16051"}],"curies":[{"name":"wp","href":"https:\/\/api.w.org\/{rel}","templated":true}]}}