{"id":16637,"date":"2017-07-19T22:32:08","date_gmt":"2017-07-19T20:32:08","guid":{"rendered":"https:\/\/www.aquimicasa.net\/blog\/?p=16637"},"modified":"2020-04-02T18:30:00","modified_gmt":"2020-04-02T16:30:00","slug":"pisos-y-chalets-en-venta-en-segovia","status":"publish","type":"post","link":"https:\/\/www.aquimicasa.net\/blog\/vivienda\/noticias-mercado-inmobiliario\/pisos-y-chalets-en-venta-en-segovia\/","title":{"rendered":"Pisos y chalets en venta en Segovia"},"content":{"rendered":"<p>El precio medio de los<strong>\u00a0pisos y chalets en la provincia de Segovia<\/strong>\u00a0muestra, en el segundo trimestre del a\u00f1o 2017, un descenso interanual del \u00a05,1%, hasta llegar a los 980 euros\/m2, de acuerdo a los datos del \u00edndice Tinsa IMIE. Desde los valores m\u00e1ximos alcanzados en el cuarto trimestre del 2007, el valor de los\u00a0<strong>pisos y chalets en la \u00a0provincia de Segovia\u00a0<\/strong>se ha depreciado un 45,5%. El mercado residencial est\u00e1 evolucionando en negativo durante la primera mitad del a\u00f1o. El precio de los\u00a0<strong>pisos y chalets en la \u00a0provincia de Segovia\u00a0<\/strong>en el segundo trimestre del 2107 es un 1,1% inferior al registrado en el mismo periodo del a\u00f1o anterior. \u00a0En 2016 el dato acumulado en estas fechas reflejaba una variaci\u00f3n del 0% en la provincia. \u00a0El plazo medio de<strong>\u00a0\u00a0<\/strong>la venta de<strong>\u00a0pisos y chalets en la \u00a0provincia de Segovia\u00a0<\/strong>se sit\u00faa en 15 meses, lo que es superior al plazo medio de venta en Espa\u00f1a que se sit\u00faa en 9,51 meses.<\/p>\n<p>Por otra parte, el \u00edndice Tinsa IMIE muestra un incremento \u00a0interanual del 1% en el precio de los\u00a0<strong>pisos en la ciudad de Segovia<\/strong>. Los datos, procedentes de las tasaciones realizadas durante el primer trimestre, sit\u00faan el precio medio de los\u00a0<strong>pisos en la ciudad de Segovia<\/strong><strong>\u00a0<\/strong>en 1278 euros\/m2, lo que supone una ca\u00edda del \u00a048,7% respecto al m\u00e1ximo hist\u00f3rico alcanzado en el 2007. La evoluci\u00f3n durante la primera mitad del 2017 est\u00e1 resultando positiva, siendo el precio medio de los<strong>\u00a0pisos en la ciudad de Segovia<\/strong>, en el segundo trimestre, un 2,7% superior \u00a0al registrado en esta zona en el mismo periodo del a\u00f1o anterior. En 2016, el dato acumulado a estas alturas del a\u00f1o reflejaba un \u00a0descenso del 3,4% en<strong>\u00a0Segovia.<\/strong>\u00a0Un vendedor tarda una media de 12,8 meses en encontrar un comprador para su vivienda en la\u00a0<strong>ciudad de Segovia<\/strong>.<\/p>\n<ul>\n<li><a href=\"https:\/\/www.aquimicasa.net\/solares-terrenos\/segovia\/10-parcelas-urbanizables-en-urbanizacion-coto-de-san-isidro-i16942\">Parcelas urbanizables en Coto San Isidro (Segovia)<\/a>.\u00a0Vendo 10 parcelas urbanizables de 1000 m2 cada una en la urbanizaci\u00f3n coto de san isidro (ituero y lama, villacast\u00edn, segovia). Urbanizaci\u00f3n con&#8230;<\/li>\n<li><a href=\"https:\/\/www.aquimicasa.net\/casas-chalets-adosados\/segovia\/chalet-con-piscina-colindante-terreno-rustico-i16468\">Chalet con piscina en Navas de Riofr\u00edo (Segovia)<\/a>.\u00a0Chalet independiente con piscina, en parcela de 1523 m2. La parcela que est\u00e1 vallada no refleja la actual, ya que se segregaron 2000 m2. La casa es&#8230;<\/li>\n<li><a href=\"https:\/\/www.aquimicasa.net\/casas-chalets-adosados\/segovia\/chalet-pareado-en-los-angeles-de-san-rafael-i16239\">Chalet pareado en Los \u00c1ngeles de San Rafael (Segovia)<\/a>.\u00a0Adosado en esquina, con jard\u00edn propio, piscina y zona infantil comunitarias. Orientaci\u00f3n este oeste y vistas a la sierra. Planta&#8230;<\/li>\n<li><a href=\"https:\/\/www.aquimicasa.net\/pisos\/segovia\/amplio-piso-i16077\">Amplio piso en Segovia<\/a>.\u00a0El piso son 114,97 metros cuadrados \u00fatiles 147 metros cuadrados construidos, bastante amplio con 4 habitaciones y 2 ba\u00f1os, comedor grande y una de las&#8230;<\/li>\n<li><a href=\"https:\/\/www.aquimicasa.net\/casas-chalets-adosados\/segovia\/venta-de-casa-de-pueblo-i16016\">Casa de pueblo en Hontanares de Eresma (Segovia)<\/a>.\u00a0Casa de una planta mas sobrado con acceso desde el patio,78m. Consta de tres habitaciones,sala ,cocina y ba\u00f1o completo.Patio&#8230;<\/li>\n<li><a href=\"https:\/\/www.aquimicasa.net\/pisos\/segovia\/precioso-piso-con-atico-a-la-puerta-del-colegio-venta-i15984\">Piso \u00e1tico en Palazuelos de Eresma (Segovia)<\/a>. Precioso piso en palazuelos de eresma, a 5 escasos metros del colegio municipal. 98m2 de vivienda, 60 m2 de \u00e1tico con inmejorables&#8230;<\/li>\n<li><a href=\"https:\/\/www.aquimicasa.net\/oficinas\/segovia\/local-de-oficina-multiusos-i15979\">Local de oficina multiusos en Cu\u00e9llar (Segovia)<\/a>.\u00a0Local para oficina o despacho multiusos, en planta baja, de f\u00e1cil acceso en cumplimiento de la ley de accesibilidad de Castilla y Le\u00f3n&#8230;<\/li>\n<li><a href=\"https:\/\/www.aquimicasa.net\/casas-chalets-adosados\/segovia\/grajera-chalet-i15809\">Chalet en Grajera (Segovia)<\/a>.\u00a0Chalet independiente con piscina individual en parcela de 500 metros en grajera. Vistas a Somosierra y construido con las mejores calidades&#8230;<\/li>\n<li><a href=\"https:\/\/www.aquimicasa.net\/casas-chalets-adosados\/segovia\/casas-con-parcela-marugan-urbanizada-i15552\">Casa con parcela en Marug\u00e1n (Segovia)<\/a>.\u00a0Parcela de 2650 metros cuadrados vallada y cerrada con 2 casas la derecha 30 metros equipada con cocina y ba\u00f1o. La foto de la derecha es home movil&#8230;<\/li>\n<li><a href=\"https:\/\/www.aquimicasa.net\/casas-chalets-adosados\/segovia\/casa-en-santa-maria-de-riaza-i15464\">Casa en Santa Mar\u00eda de Riaza (Segovia)<\/a>.\u00a0Casa de dos plantas con patio y gran cobertizo en un pueblo peque\u00f1o y muy bonito.En planta baja sal\u00f3n, cocina, ba\u00f1o con plato de ducha y un dormitorio&#8230;<\/li>\n<li><a href=\"https:\/\/www.aquimicasa.net\/casas-chalets-adosados\/segovia\/chalet-i15366\">Chalet en Arcones (Segovia)<\/a>.\u00a0Casa de piedra en huerta-arcones 165m, 70m de patio, 25 de terraza con vistas a la sierra del parque de Guadarrama&#8230;<\/li>\n<li><a href=\"https:\/\/www.aquimicasa.net\/casas-chalets-adosados\/segovia\/chalet-en-ortigosa-del-monte-i14952\">Chalet en Ortigosa del Monte (Segovia)<\/a>.\u00a0Chalet independiente en ortigosa del monte, compuesto por tres plantas y bodega, adem\u00e1s de garaje y dos trasteros. Cuatro habitaciones con&#8230;<\/li>\n<\/ul>\n","protected":false},"excerpt":{"rendered":"<p>Oferta de pisos y chalets en venta en la ciudad de Segovia y su provincia. <\/p>\n","protected":false},"author":3,"featured_media":16641,"comment_status":"open","ping_status":"open","sticky":false,"template":"","format":"standard","meta":{"_jetpack_memberships_contains_paid_content":false,"footnotes":"","jetpack_publicize_message":"","jetpack_publicize_feature_enabled":true,"jetpack_social_post_already_shared":true,"jetpack_social_options":{"image_generator_settings":{"template":"highway","default_image_id":0,"font":"","enabled":false},"version":2}},"categories":[7565],"tags":[4176,4181,4177,4182,4174,4183,4180,4184,4175,4179,4173,4178],"class_list":["post-16637","post","type-post","status-publish","format-standard","has-post-thumbnail","hentry","category-noticias-mercado-inmobiliario","tag-amplio-piso-en-segovia","tag-casa-con-parcela-en-marugan","tag-casa-de-pueblo-en-hontanares-de-reresma","tag-casa-en-santa-maria-de-riaza","tag-chalet-con-piscina-en-navas-de-riofrio","tag-chalet-en-arcones","tag-chalet-en-grajera","tag-chalet-en-ortigosa-del-monte","tag-chalet-pareado-en-los-angeles-de-san-rafel","tag-local-de-oficina-multiusos-en-cuellar","tag-parcelas-urbanizables-en-coto-san-isidro","tag-piso-atico-en-palazuelos-de-eresma"],"yoast_head":"<!-- This site is optimized with the Yoast SEO plugin v28.2 - https:\/\/yoast.com\/product\/yoast-seo-wordpress\/ -->\n<title>Pisos y chalets en venta en Segovia capital y provincia<\/title>\n<meta name=\"robots\" content=\"index, follow, max-snippet:-1, max-image-preview:large, max-video-preview:-1\" \/>\n<link rel=\"canonical\" href=\"https:\/\/www.aquimicasa.net\/blog\/vivienda\/noticias-mercado-inmobiliario\/pisos-y-chalets-en-venta-en-segovia\/\" \/>\n<meta property=\"og:locale\" content=\"es_ES\" \/>\n<meta property=\"og:type\" content=\"article\" \/>\n<meta property=\"og:title\" content=\"Pisos y chalets en venta en Segovia capital y provincia\" \/>\n<meta property=\"og:description\" content=\"Oferta de pisos y chalets en venta en la ciudad de Segovia y su provincia.\" \/>\n<meta property=\"og:url\" content=\"https:\/\/www.aquimicasa.net\/blog\/vivienda\/noticias-mercado-inmobiliario\/pisos-y-chalets-en-venta-en-segovia\/\" \/>\n<meta property=\"og:site_name\" content=\"Blog de aquimicasa.net\" \/>\n<meta property=\"article:publisher\" content=\"https:\/\/www.facebook.com\/aquimicasa.net\" \/>\n<meta property=\"article:published_time\" content=\"2017-07-19T20:32:08+00:00\" \/>\n<meta property=\"article:modified_time\" content=\"2020-04-02T16:30:00+00:00\" \/>\n<meta property=\"og:image\" content=\"https:\/\/www.aquimicasa.net\/blog\/wp-content\/uploads\/Segovia4-e1500496008777.jpg\" \/>\n\t<meta property=\"og:image:width\" content=\"360\" \/>\n\t<meta property=\"og:image:height\" content=\"241\" \/>\n\t<meta property=\"og:image:type\" content=\"image\/jpeg\" \/>\n<meta name=\"author\" content=\"Eduardo Lizarraga\" \/>\n<meta name=\"twitter:label1\" content=\"Escrito por\" \/>\n\t<meta name=\"twitter:data1\" content=\"Eduardo Lizarraga\" \/>\n\t<meta name=\"twitter:label2\" content=\"Tiempo de lectura\" \/>\n\t<meta name=\"twitter:data2\" content=\"3 minutos\" \/>\n<script type=\"application\/ld+json\" class=\"yoast-schema-graph\">{\"@context\":\"https:\\\/\\\/schema.org\",\"@graph\":[{\"@type\":\"Article\",\"@id\":\"https:\\\/\\\/www.aquimicasa.net\\\/blog\\\/vivienda\\\/noticias-mercado-inmobiliario\\\/pisos-y-chalets-en-venta-en-segovia\\\/#article\",\"isPartOf\":{\"@id\":\"https:\\\/\\\/www.aquimicasa.net\\\/blog\\\/vivienda\\\/noticias-mercado-inmobiliario\\\/pisos-y-chalets-en-venta-en-segovia\\\/\"},\"author\":{\"name\":\"Eduardo Lizarraga\",\"@id\":\"https:\\\/\\\/www.aquimicasa.net\\\/blog\\\/#\\\/schema\\\/person\\\/2cdfa2605534583395c8d7ce1d6cac14\"},\"headline\":\"Pisos y chalets en venta en Segovia\",\"datePublished\":\"2017-07-19T20:32:08+00:00\",\"dateModified\":\"2020-04-02T16:30:00+00:00\",\"mainEntityOfPage\":{\"@id\":\"https:\\\/\\\/www.aquimicasa.net\\\/blog\\\/vivienda\\\/noticias-mercado-inmobiliario\\\/pisos-y-chalets-en-venta-en-segovia\\\/\"},\"wordCount\":676,\"commentCount\":0,\"publisher\":{\"@id\":\"https:\\\/\\\/www.aquimicasa.net\\\/blog\\\/#organization\"},\"image\":{\"@id\":\"https:\\\/\\\/www.aquimicasa.net\\\/blog\\\/vivienda\\\/noticias-mercado-inmobiliario\\\/pisos-y-chalets-en-venta-en-segovia\\\/#primaryimage\"},\"thumbnailUrl\":\"https:\\\/\\\/www.aquimicasa.net\\\/blog\\\/wp-content\\\/uploads\\\/Segovia4-e1500496008777.jpg\",\"keywords\":[\"Amplio piso en Segovia\",\"Casa con parcela en Marug\u00e1n\",\"Casa de pueblo en Hontanares de Reresma\",\"Casa en Santa Mar\u00eda de Riaza\",\"Chalet con piscina en Navas de Riofr\u00edo\",\"Chalet en Arcones\",\"Chalet en Grajera\",\"Chalet en Ortigosa del Monte\",\"Chalet pareado en Los \u00c1ngeles de San Rafel\",\"Local de oficina multiusos en Cu\u00e9llar\",\"Parcelas urbanizables en Coto San Isidro\",\"Piso \u00e1tico en Palazuelos de Eresma\"],\"articleSection\":[\"Noticias Mercado Inmobiliario\"],\"inLanguage\":\"es\",\"potentialAction\":[{\"@type\":\"CommentAction\",\"name\":\"Comment\",\"target\":[\"https:\\\/\\\/www.aquimicasa.net\\\/blog\\\/vivienda\\\/noticias-mercado-inmobiliario\\\/pisos-y-chalets-en-venta-en-segovia\\\/#respond\"]}]},{\"@type\":\"WebPage\",\"@id\":\"https:\\\/\\\/www.aquimicasa.net\\\/blog\\\/vivienda\\\/noticias-mercado-inmobiliario\\\/pisos-y-chalets-en-venta-en-segovia\\\/\",\"url\":\"https:\\\/\\\/www.aquimicasa.net\\\/blog\\\/vivienda\\\/noticias-mercado-inmobiliario\\\/pisos-y-chalets-en-venta-en-segovia\\\/\",\"name\":\"Pisos y chalets en venta en Segovia capital y provincia\",\"isPartOf\":{\"@id\":\"https:\\\/\\\/www.aquimicasa.net\\\/blog\\\/#website\"},\"primaryImageOfPage\":{\"@id\":\"https:\\\/\\\/www.aquimicasa.net\\\/blog\\\/vivienda\\\/noticias-mercado-inmobiliario\\\/pisos-y-chalets-en-venta-en-segovia\\\/#primaryimage\"},\"image\":{\"@id\":\"https:\\\/\\\/www.aquimicasa.net\\\/blog\\\/vivienda\\\/noticias-mercado-inmobiliario\\\/pisos-y-chalets-en-venta-en-segovia\\\/#primaryimage\"},\"thumbnailUrl\":\"https:\\\/\\\/www.aquimicasa.net\\\/blog\\\/wp-content\\\/uploads\\\/Segovia4-e1500496008777.jpg\",\"datePublished\":\"2017-07-19T20:32:08+00:00\",\"dateModified\":\"2020-04-02T16:30:00+00:00\",\"breadcrumb\":{\"@id\":\"https:\\\/\\\/www.aquimicasa.net\\\/blog\\\/vivienda\\\/noticias-mercado-inmobiliario\\\/pisos-y-chalets-en-venta-en-segovia\\\/#breadcrumb\"},\"inLanguage\":\"es\",\"potentialAction\":[{\"@type\":\"ReadAction\",\"target\":[\"https:\\\/\\\/www.aquimicasa.net\\\/blog\\\/vivienda\\\/noticias-mercado-inmobiliario\\\/pisos-y-chalets-en-venta-en-segovia\\\/\"]}]},{\"@type\":\"ImageObject\",\"inLanguage\":\"es\",\"@id\":\"https:\\\/\\\/www.aquimicasa.net\\\/blog\\\/vivienda\\\/noticias-mercado-inmobiliario\\\/pisos-y-chalets-en-venta-en-segovia\\\/#primaryimage\",\"url\":\"https:\\\/\\\/www.aquimicasa.net\\\/blog\\\/wp-content\\\/uploads\\\/Segovia4-e1500496008777.jpg\",\"contentUrl\":\"https:\\\/\\\/www.aquimicasa.net\\\/blog\\\/wp-content\\\/uploads\\\/Segovia4-e1500496008777.jpg\",\"width\":360,\"height\":241},{\"@type\":\"BreadcrumbList\",\"@id\":\"https:\\\/\\\/www.aquimicasa.net\\\/blog\\\/vivienda\\\/noticias-mercado-inmobiliario\\\/pisos-y-chalets-en-venta-en-segovia\\\/#breadcrumb\",\"itemListElement\":[{\"@type\":\"ListItem\",\"position\":1,\"name\":\"Portada\",\"item\":\"https:\\\/\\\/www.aquimicasa.net\\\/blog\\\/\"},{\"@type\":\"ListItem\",\"position\":2,\"name\":\"Pisos y chalets en venta en Segovia\"}]},{\"@type\":\"WebSite\",\"@id\":\"https:\\\/\\\/www.aquimicasa.net\\\/blog\\\/#website\",\"url\":\"https:\\\/\\\/www.aquimicasa.net\\\/blog\\\/\",\"name\":\"Blog de aquimicasa.net\",\"description\":\"Noticias del Mundo Inmobiliario\",\"publisher\":{\"@id\":\"https:\\\/\\\/www.aquimicasa.net\\\/blog\\\/#organization\"},\"potentialAction\":[{\"@type\":\"SearchAction\",\"target\":{\"@type\":\"EntryPoint\",\"urlTemplate\":\"https:\\\/\\\/www.aquimicasa.net\\\/blog\\\/?s={search_term_string}\"},\"query-input\":{\"@type\":\"PropertyValueSpecification\",\"valueRequired\":true,\"valueName\":\"search_term_string\"}}],\"inLanguage\":\"es\"},{\"@type\":\"Organization\",\"@id\":\"https:\\\/\\\/www.aquimicasa.net\\\/blog\\\/#organization\",\"name\":\"Blog de aquimicasa.net\",\"url\":\"https:\\\/\\\/www.aquimicasa.net\\\/blog\\\/\",\"logo\":{\"@type\":\"ImageObject\",\"inLanguage\":\"es\",\"@id\":\"https:\\\/\\\/www.aquimicasa.net\\\/blog\\\/#\\\/schema\\\/logo\\\/image\\\/\",\"url\":\"https:\\\/\\\/www.aquimicasa.net\\\/blog\\\/wp-content\\\/uploads\\\/Logo-aquimicasa-1-e1528048213782.png\",\"contentUrl\":\"https:\\\/\\\/www.aquimicasa.net\\\/blog\\\/wp-content\\\/uploads\\\/Logo-aquimicasa-1-e1528048213782.png\",\"width\":225,\"height\":225,\"caption\":\"Blog de aquimicasa.net\"},\"image\":{\"@id\":\"https:\\\/\\\/www.aquimicasa.net\\\/blog\\\/#\\\/schema\\\/logo\\\/image\\\/\"},\"sameAs\":[\"https:\\\/\\\/www.facebook.com\\\/aquimicasa.net\",\"https:\\\/\\\/www.instagram.com\\\/\",\"https:\\\/\\\/x.com\\\/EduLizarragaD\",\"https:\\\/\\\/www.linkedin.com\\\/feed\\\/\"]},{\"@type\":\"Person\",\"@id\":\"https:\\\/\\\/www.aquimicasa.net\\\/blog\\\/#\\\/schema\\\/person\\\/2cdfa2605534583395c8d7ce1d6cac14\",\"name\":\"Eduardo Lizarraga\",\"image\":{\"@type\":\"ImageObject\",\"inLanguage\":\"es\",\"@id\":\"https:\\\/\\\/secure.gravatar.com\\\/avatar\\\/bdabe1eeeed97b65a9cb7de2edd624b07995f7e13abc5fead15961f745f908cc?s=96&d=mm&r=g\",\"url\":\"https:\\\/\\\/secure.gravatar.com\\\/avatar\\\/bdabe1eeeed97b65a9cb7de2edd624b07995f7e13abc5fead15961f745f908cc?s=96&d=mm&r=g\",\"contentUrl\":\"https:\\\/\\\/secure.gravatar.com\\\/avatar\\\/bdabe1eeeed97b65a9cb7de2edd624b07995f7e13abc5fead15961f745f908cc?s=96&d=mm&r=g\",\"caption\":\"Eduardo Lizarraga\"},\"description\":\"Periodista Econ\u00f3mico. Ha trabajado en diversos campos de la informaci\u00f3n. Corresponsal en conflictos, analista pol\u00edtico en Congreso y Senado, periodista del medio ambiente, editor, director editorial, director de comunicaci\u00f3n.... En estos momentos se ha especializado en el sector inmobiliario. Pero tambi\u00e9n es navegante y viajero, preocupado por la pobreza, el medio ambiente y por las actuaciones descontroladas del neoliberalismo empresarial y pol\u00edtico en todo el mundo. Los desahucios, la pobreza infantil y la falta de acceso a los suministros b\u00e1sicos son algunos de los grandes dramas de nuestra sociedad y que es preciso solucionar para hacerla m\u00e1s justa. CEO en www.aquimicasa.net\",\"sameAs\":[\"https:\\\/\\\/www.aquimicasa.net\\\/\"],\"url\":\"https:\\\/\\\/www.aquimicasa.net\\\/blog\\\/author\\\/eduardo\\\/\"}]}<\/script>\n<!-- \/ Yoast SEO plugin. -->","yoast_head_json":{"title":"Pisos y chalets en venta en Segovia capital y provincia","robots":{"index":"index","follow":"follow","max-snippet":"max-snippet:-1","max-image-preview":"max-image-preview:large","max-video-preview":"max-video-preview:-1"},"canonical":"https:\/\/www.aquimicasa.net\/blog\/vivienda\/noticias-mercado-inmobiliario\/pisos-y-chalets-en-venta-en-segovia\/","og_locale":"es_ES","og_type":"article","og_title":"Pisos y chalets en venta en Segovia capital y provincia","og_description":"Oferta de pisos y chalets en venta en la ciudad de Segovia y su provincia.","og_url":"https:\/\/www.aquimicasa.net\/blog\/vivienda\/noticias-mercado-inmobiliario\/pisos-y-chalets-en-venta-en-segovia\/","og_site_name":"Blog de aquimicasa.net","article_publisher":"https:\/\/www.facebook.com\/aquimicasa.net","article_published_time":"2017-07-19T20:32:08+00:00","article_modified_time":"2020-04-02T16:30:00+00:00","og_image":[{"width":360,"height":241,"url":"https:\/\/www.aquimicasa.net\/blog\/wp-content\/uploads\/Segovia4-e1500496008777.jpg","type":"image\/jpeg"}],"author":"Eduardo Lizarraga","twitter_misc":{"Escrito por":"Eduardo Lizarraga","Tiempo de lectura":"3 minutos"},"schema":{"@context":"https:\/\/schema.org","@graph":[{"@type":"Article","@id":"https:\/\/www.aquimicasa.net\/blog\/vivienda\/noticias-mercado-inmobiliario\/pisos-y-chalets-en-venta-en-segovia\/#article","isPartOf":{"@id":"https:\/\/www.aquimicasa.net\/blog\/vivienda\/noticias-mercado-inmobiliario\/pisos-y-chalets-en-venta-en-segovia\/"},"author":{"name":"Eduardo Lizarraga","@id":"https:\/\/www.aquimicasa.net\/blog\/#\/schema\/person\/2cdfa2605534583395c8d7ce1d6cac14"},"headline":"Pisos y chalets en venta en Segovia","datePublished":"2017-07-19T20:32:08+00:00","dateModified":"2020-04-02T16:30:00+00:00","mainEntityOfPage":{"@id":"https:\/\/www.aquimicasa.net\/blog\/vivienda\/noticias-mercado-inmobiliario\/pisos-y-chalets-en-venta-en-segovia\/"},"wordCount":676,"commentCount":0,"publisher":{"@id":"https:\/\/www.aquimicasa.net\/blog\/#organization"},"image":{"@id":"https:\/\/www.aquimicasa.net\/blog\/vivienda\/noticias-mercado-inmobiliario\/pisos-y-chalets-en-venta-en-segovia\/#primaryimage"},"thumbnailUrl":"https:\/\/www.aquimicasa.net\/blog\/wp-content\/uploads\/Segovia4-e1500496008777.jpg","keywords":["Amplio piso en Segovia","Casa con parcela en Marug\u00e1n","Casa de pueblo en Hontanares de Reresma","Casa en Santa Mar\u00eda de Riaza","Chalet con piscina en Navas de Riofr\u00edo","Chalet en Arcones","Chalet en Grajera","Chalet en Ortigosa del Monte","Chalet pareado en Los \u00c1ngeles de San Rafel","Local de oficina multiusos en Cu\u00e9llar","Parcelas urbanizables en Coto San Isidro","Piso \u00e1tico en Palazuelos de Eresma"],"articleSection":["Noticias Mercado Inmobiliario"],"inLanguage":"es","potentialAction":[{"@type":"CommentAction","name":"Comment","target":["https:\/\/www.aquimicasa.net\/blog\/vivienda\/noticias-mercado-inmobiliario\/pisos-y-chalets-en-venta-en-segovia\/#respond"]}]},{"@type":"WebPage","@id":"https:\/\/www.aquimicasa.net\/blog\/vivienda\/noticias-mercado-inmobiliario\/pisos-y-chalets-en-venta-en-segovia\/","url":"https:\/\/www.aquimicasa.net\/blog\/vivienda\/noticias-mercado-inmobiliario\/pisos-y-chalets-en-venta-en-segovia\/","name":"Pisos y chalets en venta en Segovia capital y provincia","isPartOf":{"@id":"https:\/\/www.aquimicasa.net\/blog\/#website"},"primaryImageOfPage":{"@id":"https:\/\/www.aquimicasa.net\/blog\/vivienda\/noticias-mercado-inmobiliario\/pisos-y-chalets-en-venta-en-segovia\/#primaryimage"},"image":{"@id":"https:\/\/www.aquimicasa.net\/blog\/vivienda\/noticias-mercado-inmobiliario\/pisos-y-chalets-en-venta-en-segovia\/#primaryimage"},"thumbnailUrl":"https:\/\/www.aquimicasa.net\/blog\/wp-content\/uploads\/Segovia4-e1500496008777.jpg","datePublished":"2017-07-19T20:32:08+00:00","dateModified":"2020-04-02T16:30:00+00:00","breadcrumb":{"@id":"https:\/\/www.aquimicasa.net\/blog\/vivienda\/noticias-mercado-inmobiliario\/pisos-y-chalets-en-venta-en-segovia\/#breadcrumb"},"inLanguage":"es","potentialAction":[{"@type":"ReadAction","target":["https:\/\/www.aquimicasa.net\/blog\/vivienda\/noticias-mercado-inmobiliario\/pisos-y-chalets-en-venta-en-segovia\/"]}]},{"@type":"ImageObject","inLanguage":"es","@id":"https:\/\/www.aquimicasa.net\/blog\/vivienda\/noticias-mercado-inmobiliario\/pisos-y-chalets-en-venta-en-segovia\/#primaryimage","url":"https:\/\/www.aquimicasa.net\/blog\/wp-content\/uploads\/Segovia4-e1500496008777.jpg","contentUrl":"https:\/\/www.aquimicasa.net\/blog\/wp-content\/uploads\/Segovia4-e1500496008777.jpg","width":360,"height":241},{"@type":"BreadcrumbList","@id":"https:\/\/www.aquimicasa.net\/blog\/vivienda\/noticias-mercado-inmobiliario\/pisos-y-chalets-en-venta-en-segovia\/#breadcrumb","itemListElement":[{"@type":"ListItem","position":1,"name":"Portada","item":"https:\/\/www.aquimicasa.net\/blog\/"},{"@type":"ListItem","position":2,"name":"Pisos y chalets en venta en Segovia"}]},{"@type":"WebSite","@id":"https:\/\/www.aquimicasa.net\/blog\/#website","url":"https:\/\/www.aquimicasa.net\/blog\/","name":"Blog de aquimicasa.net","description":"Noticias del Mundo Inmobiliario","publisher":{"@id":"https:\/\/www.aquimicasa.net\/blog\/#organization"},"potentialAction":[{"@type":"SearchAction","target":{"@type":"EntryPoint","urlTemplate":"https:\/\/www.aquimicasa.net\/blog\/?s={search_term_string}"},"query-input":{"@type":"PropertyValueSpecification","valueRequired":true,"valueName":"search_term_string"}}],"inLanguage":"es"},{"@type":"Organization","@id":"https:\/\/www.aquimicasa.net\/blog\/#organization","name":"Blog de aquimicasa.net","url":"https:\/\/www.aquimicasa.net\/blog\/","logo":{"@type":"ImageObject","inLanguage":"es","@id":"https:\/\/www.aquimicasa.net\/blog\/#\/schema\/logo\/image\/","url":"https:\/\/www.aquimicasa.net\/blog\/wp-content\/uploads\/Logo-aquimicasa-1-e1528048213782.png","contentUrl":"https:\/\/www.aquimicasa.net\/blog\/wp-content\/uploads\/Logo-aquimicasa-1-e1528048213782.png","width":225,"height":225,"caption":"Blog de aquimicasa.net"},"image":{"@id":"https:\/\/www.aquimicasa.net\/blog\/#\/schema\/logo\/image\/"},"sameAs":["https:\/\/www.facebook.com\/aquimicasa.net","https:\/\/www.instagram.com\/","https:\/\/x.com\/EduLizarragaD","https:\/\/www.linkedin.com\/feed\/"]},{"@type":"Person","@id":"https:\/\/www.aquimicasa.net\/blog\/#\/schema\/person\/2cdfa2605534583395c8d7ce1d6cac14","name":"Eduardo Lizarraga","image":{"@type":"ImageObject","inLanguage":"es","@id":"https:\/\/secure.gravatar.com\/avatar\/bdabe1eeeed97b65a9cb7de2edd624b07995f7e13abc5fead15961f745f908cc?s=96&d=mm&r=g","url":"https:\/\/secure.gravatar.com\/avatar\/bdabe1eeeed97b65a9cb7de2edd624b07995f7e13abc5fead15961f745f908cc?s=96&d=mm&r=g","contentUrl":"https:\/\/secure.gravatar.com\/avatar\/bdabe1eeeed97b65a9cb7de2edd624b07995f7e13abc5fead15961f745f908cc?s=96&d=mm&r=g","caption":"Eduardo Lizarraga"},"description":"Periodista Econ\u00f3mico. Ha trabajado en diversos campos de la informaci\u00f3n. Corresponsal en conflictos, analista pol\u00edtico en Congreso y Senado, periodista del medio ambiente, editor, director editorial, director de comunicaci\u00f3n.... En estos momentos se ha especializado en el sector inmobiliario. Pero tambi\u00e9n es navegante y viajero, preocupado por la pobreza, el medio ambiente y por las actuaciones descontroladas del neoliberalismo empresarial y pol\u00edtico en todo el mundo. Los desahucios, la pobreza infantil y la falta de acceso a los suministros b\u00e1sicos son algunos de los grandes dramas de nuestra sociedad y que es preciso solucionar para hacerla m\u00e1s justa. CEO en www.aquimicasa.net","sameAs":["https:\/\/www.aquimicasa.net\/"],"url":"https:\/\/www.aquimicasa.net\/blog\/author\/eduardo\/"}]}},"jetpack_publicize_connections":[],"jetpack_featured_media_url":"https:\/\/www.aquimicasa.net\/blog\/wp-content\/uploads\/Segovia4-e1500496008777.jpg","jetpack_sharing_enabled":true,"jetpack_likes_enabled":true,"_links":{"self":[{"href":"https:\/\/www.aquimicasa.net\/blog\/wp-json\/wp\/v2\/posts\/16637","targetHints":{"allow":["GET"]}}],"collection":[{"href":"https:\/\/www.aquimicasa.net\/blog\/wp-json\/wp\/v2\/posts"}],"about":[{"href":"https:\/\/www.aquimicasa.net\/blog\/wp-json\/wp\/v2\/types\/post"}],"author":[{"embeddable":true,"href":"https:\/\/www.aquimicasa.net\/blog\/wp-json\/wp\/v2\/users\/3"}],"replies":[{"embeddable":true,"href":"https:\/\/www.aquimicasa.net\/blog\/wp-json\/wp\/v2\/comments?post=16637"}],"version-history":[{"count":4,"href":"https:\/\/www.aquimicasa.net\/blog\/wp-json\/wp\/v2\/posts\/16637\/revisions"}],"predecessor-version":[{"id":16642,"href":"https:\/\/www.aquimicasa.net\/blog\/wp-json\/wp\/v2\/posts\/16637\/revisions\/16642"}],"wp:featuredmedia":[{"embeddable":true,"href":"https:\/\/www.aquimicasa.net\/blog\/wp-json\/wp\/v2\/media\/16641"}],"wp:attachment":[{"href":"https:\/\/www.aquimicasa.net\/blog\/wp-json\/wp\/v2\/media?parent=16637"}],"wp:term":[{"taxonomy":"category","embeddable":true,"href":"https:\/\/www.aquimicasa.net\/blog\/wp-json\/wp\/v2\/categories?post=16637"},{"taxonomy":"post_tag","embeddable":true,"href":"https:\/\/www.aquimicasa.net\/blog\/wp-json\/wp\/v2\/tags?post=16637"}],"curies":[{"name":"wp","href":"https:\/\/api.w.org\/{rel}","templated":true}]}}