{"id":17051,"date":"2017-09-16T12:29:54","date_gmt":"2017-09-16T10:29:54","guid":{"rendered":"https:\/\/www.aquimicasa.net\/blog\/?p=17051"},"modified":"2020-04-02T18:54:45","modified_gmt":"2020-04-02T16:54:45","slug":"pisos-y-chalets-en-venta-en-a-coruna","status":"publish","type":"post","link":"https:\/\/www.aquimicasa.net\/blog\/vivienda\/ofertas\/pisos-y-chalets-en-venta-en-a-coruna\/","title":{"rendered":"Pisos y chalets en venta en A Coru\u00f1a"},"content":{"rendered":"<p>El precio medio de los<strong>\u00a0pisos y chalets en la provincia de A Coru\u00f1a<\/strong>\u00a0muestra, en el segundo trimestre del a\u00f1o 2017, un incremento \u00a0interanual del \u00a01%, hasta llegar a los 1128 euros\/m2, de acuerdo a los datos del \u00edndice Tinsa IMIE. Desde los valores m\u00e1ximos alcanzados en el cuarto trimestre del 2007, el valor de los\u00a0<strong>pisos y chalets en la \u00a0provincia de A Coru\u00f1a\u00a0<\/strong>se ha depreciado un 30,6%. El mercado residencial est\u00e1 evolucionando en positivo durante la primera mitad del a\u00f1o. El precio de los\u00a0<strong>pisos y chalets en la \u00a0provincia de A Coru\u00f1a\u00a0<\/strong>en el segundo trimestre del 2107 es un 1,3% superior al registrado en el mismo periodo del a\u00f1o anterior. \u00a0 El plazo medio de<strong>\u00a0\u00a0<\/strong>la venta de<strong>\u00a0pisos y chalets en la \u00a0provincia de A Coru\u00f1a\u00a0<\/strong>se sit\u00faa en 13,9 meses, lo que es superio al plazo medio de venta en Espa\u00f1a que se sit\u00faa en 9,51 meses.<\/p>\n<p>Por otra parte, el \u00edndice Tinsa IMIE muestra un incremento \u00a0interanual del 2,2% en el precio de los\u00a0<strong>pisos en la ciudad de A Coru\u00f1a<\/strong>. Los datos, procedentes de las tasaciones realizadas durante el primer trimestre, sit\u00faan el precio medio de los\u00a0<strong>pisos en la ciudad de A Coru\u00f1a<\/strong><strong>\u00a0<\/strong>en 1532 euros\/m2, lo que supone una ca\u00edda del \u00a031,2% respecto al m\u00e1ximo hist\u00f3rico alcanzado en el 2008. La evoluci\u00f3n durante la primera mitad del 2017 est\u00e1 resultando positiva, siendo el precio medio de los<strong>\u00a0pisos en la ciudad de A Coru\u00f1a<\/strong>, en el segundo trimestre, un 1,4% superior \u00a0al registrado en esta zona en el mismo periodo del a\u00f1o anterior. En 2016, el dato acumulado a estas alturas del a\u00f1o reflejaba un \u00a0incremento del 1,1% en<strong>\u00a0A Coru\u00f1a.<\/strong>\u00a0Un vendedor tarda una media de 11,3 meses en encontrar un comprador para su vivienda en la\u00a0<strong>ciudad de A Coru\u00f1a<\/strong>, lo que es superior al plazo medio de venta de una vivienda en Espa\u00f1a que es de 9,51 meses.<\/p>\n<ul>\n<li><a href=\"https:\/\/www.aquimicasa.net\/casas-chalets-adosados\/la-coruna\/casa-en-venta-en-santiso-a-coruna-i17023\">Casa en venta en Santiso (A Coru\u00f1a)<\/a>. Construida en 1995 y con 240 metros cuadrados \u00fatiles y una parcela de 2.700 metros cuadrados, particular ofrece esta hermosa\u00a0<b>casa de\u00a0<\/b>dos plantas de&#8230;<\/li>\n<li><a href=\"https:\/\/www.aquimicasa.net\/casas-chalets-adosados\/la-coruna\/casa-en-venta-en-oza-de-rios-i17328\">Casa en venta en Oza de R\u00edos (A Coru\u00f1a)<\/a>.\u00a0\u00a0Reformada en el a\u00f1o 2107, a estrenar, con parcela de 1200 metros cuadrados, 64 metros cuadrados construidos y 60 metros cuadrados \u00fatiles, particular ofrece&#8230;<\/li>\n<li><a href=\"https:\/\/www.aquimicasa.net\/pisos\/la-coruna\/piso-en-venta-en-arteixo-i17391\">Piso en venta en Arteixo (A Coru\u00f1a)<\/a>. Con 78 metros cuadrados construidos y 68 metros cuadrados \u00fatiles, particular ofrece este\u00a0<b>piso <\/b>muy bien situado, en una urbanizaci\u00f3n, con&#8230;<\/li>\n<li><a href=\"https:\/\/www.aquimicasa.net\/solares-terrenos\/pontevedra\/parcela-para-promotores-en-sayanes-vigo-i16581\">Parcela para promotores en Sayanes (Vigo)<\/a>. \u00a0Con 1500 metros cuadrados, dotado de saneamiento, agua, luz y f\u00e1cil acceso, dispongo de\u00a0<b>parcela<\/b>\u00a0con norma urban\u00edstica 1.3.B que posibilita construcci\u00f3n&#8230;<\/li>\n<li><a href=\"https:\/\/www.aquimicasa.net\/solares-terrenos\/la-coruna\/parcelas-en-venta-en-oleiros-a-coruna-i16743\">Parcelas en venta en Oleiros (A Coru\u00f1a)<\/a>. D<b>os parcelas urbanas en venta\u00a0<\/b>con todos los servicios. Situadas en el centro del pueblo lindando con el ayuntamiento. Disponen de magnificas&#8230;<\/li>\n<li><a href=\"https:\/\/www.aquimicasa.net\/pisos\/la-coruna\/venta-alquiler-de-piso-en-carino-a-coruna--i16257\">Venta o alquiler de piso en Cari\u00f1o (A Coru\u00f1a)<\/a>.\u00a070 m., 2 habitaciones, 2 cuartos de ba\u00f1o, cocina, sal\u00f3n, espacio para lavadora\/secadora, terraza, garaje, trastero, a 100 m. de la playa, en muy&#8230;<\/li>\n<li><a href=\"https:\/\/www.aquimicasa.net\/casas-chalets-adosados\/la-coruna\/casa-rural-naron-ferrol-i17486\">Casa r\u00fastica en Nar\u00f3n (A Coru\u00f1a)<\/a>.\u00a0Casa r\u00fastica con finca de 12 ferrados (5.629 m2) cerrada con seto, en zona residencial del pedroso, a 5 minutos de la zona recreativa del pedroso&#8230;<\/li>\n<li><a href=\"https:\/\/www.aquimicasa.net\/pisos\/la-coruna\/acogedor-y-comodo-apartamento-en-santa-cruz-i17436\">Apartamento en alquiler en Oleiros (A Coru\u00f1a)<\/a>.\u00a0Acogedor apartamento de 47 mt en santa cruz, a 8 km de la ciudad de a coru\u00f1a. A 200 mt de la playa, en un pueblo muy amable y con todos los servicios&#8230;<\/li>\n<li><a href=\"https:\/\/www.aquimicasa.net\/pisos\/la-coruna\/apartemento-en-sada-i17364\">Apartamento en Sada (A Coru\u00f1a)<\/a>.\u00a0Alquilo o vendo apartamento c\u00e9ntrico en Sada, amueblado, 4\u00aa planta con ascensor cerca de la playa y del paseo mar\u00edtimo, cocina americana con vitro, lavavajilla&#8230;<\/li>\n<li><a href=\"https:\/\/www.aquimicasa.net\/duplex\/la-coruna\/duplex-totalmente-amueblado-i17234\">D\u00faplex amueblado en Nar\u00f3n (A Coru\u00f1a)<\/a>.\u00a0Se vende excelente d\u00faplex totalmente amueblado listo para entrar a vivir.Son 125 m2 \u00fatiles con 3 habitaciones, sal\u00f3n, cocina, 1 aseo 2 ba\u00f1os&#8230;<\/li>\n<li><a href=\"https:\/\/www.aquimicasa.net\/pisos\/la-coruna\/oportunidad-piso-en-venta-en-sigueiro-i17143\">Piso en venta en Santiago de Compostela (A Coru\u00f1a)<\/a>.\u00a0Piso de 3 dormitorios, es piso libre no de protecci\u00f3n , sal\u00f2n de 25 metros, cocina grande totalmente amueblada con horno&#8230;<\/li>\n<li><a href=\"https:\/\/www.aquimicasa.net\/pisos\/la-coruna\/estupendo-atico-i17014\">\u00c1tico en Culleredo (A Coru\u00f1a)<\/a>.\u00a0Se vende bonito y soleado \u00e1tico en o burgo, 5\u00aa planta, consta de sal\u00f3n, cocina independiente, 3 habitaciones y 2 ba\u00f1os, muy bien distribuido, completamente&#8230;<\/li>\n<\/ul>\n","protected":false},"excerpt":{"rendered":"<p>Oferta de pisos y chalets en venta o alquiler en la ciudad de A Coru\u00f1a y su provincia<\/p>\n","protected":false},"author":3,"featured_media":17055,"comment_status":"open","ping_status":"open","sticky":false,"template":"","format":"standard","meta":{"_jetpack_memberships_contains_paid_content":false,"footnotes":"","jetpack_publicize_message":"","jetpack_publicize_feature_enabled":true,"jetpack_social_post_already_shared":true,"jetpack_social_options":{"image_generator_settings":{"template":"highway","default_image_id":0,"font":"","enabled":false},"version":2}},"categories":[7562,120,100,77],"tags":[4305,4306,4309,4300,4299,4304,4307,4270,4302,4301,4308,4303],"class_list":["post-17051","post","type-post","status-publish","format-standard","has-post-thumbnail","hentry","category-agencias-inmobiliarias","category-alquileres","category-compraventa-de-viviendas","category-ofertas","tag-apartamento-en-alquiler-en-oleiros","tag-apartamento-en-sada","tag-atico-en-culleredo","tag-casa-en-venta-en-oza-de-rios","tag-casa-en-venta-en-santiso","tag-casa-rustica-en-naron","tag-duplex-amueblado-en-naron","tag-parcela-para-promotores-en-sayanes","tag-parcelas-en-venta-en-oleiros","tag-piso-en-venta-en-arteixo","tag-piso-en-venta-en-santiago-de-compostela","tag-venta-o-alquiler-de-piso-en-carino"],"yoast_head":"<!-- This site is optimized with the Yoast SEO plugin v28.2 - https:\/\/yoast.com\/product\/yoast-seo-wordpress\/ -->\n<title>Pisos y chalets en venta en A Coru\u00f1a y su provincia<\/title>\n<meta name=\"robots\" content=\"index, follow, max-snippet:-1, max-image-preview:large, max-video-preview:-1\" \/>\n<link rel=\"canonical\" href=\"https:\/\/www.aquimicasa.net\/blog\/vivienda\/ofertas\/pisos-y-chalets-en-venta-en-a-coruna\/\" \/>\n<meta property=\"og:locale\" content=\"es_ES\" \/>\n<meta property=\"og:type\" content=\"article\" \/>\n<meta property=\"og:title\" content=\"Pisos y chalets en venta en A Coru\u00f1a y su provincia\" \/>\n<meta property=\"og:description\" content=\"Oferta de pisos y chalets en venta o alquiler en la ciudad de A Coru\u00f1a y su provincia\" \/>\n<meta property=\"og:url\" content=\"https:\/\/www.aquimicasa.net\/blog\/vivienda\/ofertas\/pisos-y-chalets-en-venta-en-a-coruna\/\" \/>\n<meta property=\"og:site_name\" content=\"Blog de aquimicasa.net\" \/>\n<meta property=\"article:publisher\" content=\"https:\/\/www.facebook.com\/aquimicasa.net\" \/>\n<meta property=\"article:published_time\" content=\"2017-09-16T10:29:54+00:00\" \/>\n<meta property=\"article:modified_time\" content=\"2020-04-02T16:54:45+00:00\" \/>\n<meta property=\"og:image\" content=\"https:\/\/www.aquimicasa.net\/blog\/wp-content\/uploads\/A-Coru\u00f1a6-e1505556272450.jpg\" \/>\n\t<meta property=\"og:image:width\" content=\"350\" \/>\n\t<meta property=\"og:image:height\" content=\"234\" \/>\n\t<meta property=\"og:image:type\" content=\"image\/jpeg\" \/>\n<meta name=\"author\" content=\"Eduardo Lizarraga\" \/>\n<meta name=\"twitter:label1\" content=\"Escrito por\" \/>\n\t<meta name=\"twitter:data1\" content=\"Eduardo Lizarraga\" \/>\n\t<meta name=\"twitter:label2\" content=\"Tiempo de lectura\" \/>\n\t<meta name=\"twitter:data2\" content=\"4 minutos\" \/>\n<script type=\"application\/ld+json\" class=\"yoast-schema-graph\">{\"@context\":\"https:\\\/\\\/schema.org\",\"@graph\":[{\"@type\":\"Article\",\"@id\":\"https:\\\/\\\/www.aquimicasa.net\\\/blog\\\/vivienda\\\/ofertas\\\/pisos-y-chalets-en-venta-en-a-coruna\\\/#article\",\"isPartOf\":{\"@id\":\"https:\\\/\\\/www.aquimicasa.net\\\/blog\\\/vivienda\\\/ofertas\\\/pisos-y-chalets-en-venta-en-a-coruna\\\/\"},\"author\":{\"name\":\"Eduardo Lizarraga\",\"@id\":\"https:\\\/\\\/www.aquimicasa.net\\\/blog\\\/#\\\/schema\\\/person\\\/2cdfa2605534583395c8d7ce1d6cac14\"},\"headline\":\"Pisos y chalets en venta en A Coru\u00f1a\",\"datePublished\":\"2017-09-16T10:29:54+00:00\",\"dateModified\":\"2020-04-02T16:54:45+00:00\",\"mainEntityOfPage\":{\"@id\":\"https:\\\/\\\/www.aquimicasa.net\\\/blog\\\/vivienda\\\/ofertas\\\/pisos-y-chalets-en-venta-en-a-coruna\\\/\"},\"wordCount\":718,\"commentCount\":1,\"publisher\":{\"@id\":\"https:\\\/\\\/www.aquimicasa.net\\\/blog\\\/#organization\"},\"image\":{\"@id\":\"https:\\\/\\\/www.aquimicasa.net\\\/blog\\\/vivienda\\\/ofertas\\\/pisos-y-chalets-en-venta-en-a-coruna\\\/#primaryimage\"},\"thumbnailUrl\":\"https:\\\/\\\/www.aquimicasa.net\\\/blog\\\/wp-content\\\/uploads\\\/A-Coru\u00f1a6-e1505556272450.jpg\",\"keywords\":[\"Apartamento en alquiler en Oleiros\",\"Apartamento en Sada\",\"\u00c1tico en Culleredo\",\"Casa en venta en Oza de R\u00edos\",\"Casa en venta en Santiso\",\"Casa r\u00fastica en Nar\u00f3n\",\"D\u00faplex amueblado en Nar\u00f3n\",\"Parcela para promotores en Sayanes\",\"Parcelas en venta en Oleiros\",\"Piso en venta en Arteixo\",\"Piso en venta en Santiago de Compostela\",\"Venta o alquiler de piso en Cari\u00f1o\"],\"articleSection\":[\"Agencias Inmobiliarias\",\"Alquiler\",\"Compra Venta\",\"Ofertas\"],\"inLanguage\":\"es\",\"potentialAction\":[{\"@type\":\"CommentAction\",\"name\":\"Comment\",\"target\":[\"https:\\\/\\\/www.aquimicasa.net\\\/blog\\\/vivienda\\\/ofertas\\\/pisos-y-chalets-en-venta-en-a-coruna\\\/#respond\"]}]},{\"@type\":\"WebPage\",\"@id\":\"https:\\\/\\\/www.aquimicasa.net\\\/blog\\\/vivienda\\\/ofertas\\\/pisos-y-chalets-en-venta-en-a-coruna\\\/\",\"url\":\"https:\\\/\\\/www.aquimicasa.net\\\/blog\\\/vivienda\\\/ofertas\\\/pisos-y-chalets-en-venta-en-a-coruna\\\/\",\"name\":\"Pisos y chalets en venta en A Coru\u00f1a y su provincia\",\"isPartOf\":{\"@id\":\"https:\\\/\\\/www.aquimicasa.net\\\/blog\\\/#website\"},\"primaryImageOfPage\":{\"@id\":\"https:\\\/\\\/www.aquimicasa.net\\\/blog\\\/vivienda\\\/ofertas\\\/pisos-y-chalets-en-venta-en-a-coruna\\\/#primaryimage\"},\"image\":{\"@id\":\"https:\\\/\\\/www.aquimicasa.net\\\/blog\\\/vivienda\\\/ofertas\\\/pisos-y-chalets-en-venta-en-a-coruna\\\/#primaryimage\"},\"thumbnailUrl\":\"https:\\\/\\\/www.aquimicasa.net\\\/blog\\\/wp-content\\\/uploads\\\/A-Coru\u00f1a6-e1505556272450.jpg\",\"datePublished\":\"2017-09-16T10:29:54+00:00\",\"dateModified\":\"2020-04-02T16:54:45+00:00\",\"breadcrumb\":{\"@id\":\"https:\\\/\\\/www.aquimicasa.net\\\/blog\\\/vivienda\\\/ofertas\\\/pisos-y-chalets-en-venta-en-a-coruna\\\/#breadcrumb\"},\"inLanguage\":\"es\",\"potentialAction\":[{\"@type\":\"ReadAction\",\"target\":[\"https:\\\/\\\/www.aquimicasa.net\\\/blog\\\/vivienda\\\/ofertas\\\/pisos-y-chalets-en-venta-en-a-coruna\\\/\"]}]},{\"@type\":\"ImageObject\",\"inLanguage\":\"es\",\"@id\":\"https:\\\/\\\/www.aquimicasa.net\\\/blog\\\/vivienda\\\/ofertas\\\/pisos-y-chalets-en-venta-en-a-coruna\\\/#primaryimage\",\"url\":\"https:\\\/\\\/www.aquimicasa.net\\\/blog\\\/wp-content\\\/uploads\\\/A-Coru\u00f1a6-e1505556272450.jpg\",\"contentUrl\":\"https:\\\/\\\/www.aquimicasa.net\\\/blog\\\/wp-content\\\/uploads\\\/A-Coru\u00f1a6-e1505556272450.jpg\",\"width\":350,\"height\":234},{\"@type\":\"BreadcrumbList\",\"@id\":\"https:\\\/\\\/www.aquimicasa.net\\\/blog\\\/vivienda\\\/ofertas\\\/pisos-y-chalets-en-venta-en-a-coruna\\\/#breadcrumb\",\"itemListElement\":[{\"@type\":\"ListItem\",\"position\":1,\"name\":\"Portada\",\"item\":\"https:\\\/\\\/www.aquimicasa.net\\\/blog\\\/\"},{\"@type\":\"ListItem\",\"position\":2,\"name\":\"Pisos y chalets en venta en A Coru\u00f1a\"}]},{\"@type\":\"WebSite\",\"@id\":\"https:\\\/\\\/www.aquimicasa.net\\\/blog\\\/#website\",\"url\":\"https:\\\/\\\/www.aquimicasa.net\\\/blog\\\/\",\"name\":\"Blog de aquimicasa.net\",\"description\":\"Noticias del Mundo Inmobiliario\",\"publisher\":{\"@id\":\"https:\\\/\\\/www.aquimicasa.net\\\/blog\\\/#organization\"},\"potentialAction\":[{\"@type\":\"SearchAction\",\"target\":{\"@type\":\"EntryPoint\",\"urlTemplate\":\"https:\\\/\\\/www.aquimicasa.net\\\/blog\\\/?s={search_term_string}\"},\"query-input\":{\"@type\":\"PropertyValueSpecification\",\"valueRequired\":true,\"valueName\":\"search_term_string\"}}],\"inLanguage\":\"es\"},{\"@type\":\"Organization\",\"@id\":\"https:\\\/\\\/www.aquimicasa.net\\\/blog\\\/#organization\",\"name\":\"Blog de aquimicasa.net\",\"url\":\"https:\\\/\\\/www.aquimicasa.net\\\/blog\\\/\",\"logo\":{\"@type\":\"ImageObject\",\"inLanguage\":\"es\",\"@id\":\"https:\\\/\\\/www.aquimicasa.net\\\/blog\\\/#\\\/schema\\\/logo\\\/image\\\/\",\"url\":\"https:\\\/\\\/www.aquimicasa.net\\\/blog\\\/wp-content\\\/uploads\\\/Logo-aquimicasa-1-e1528048213782.png\",\"contentUrl\":\"https:\\\/\\\/www.aquimicasa.net\\\/blog\\\/wp-content\\\/uploads\\\/Logo-aquimicasa-1-e1528048213782.png\",\"width\":225,\"height\":225,\"caption\":\"Blog de aquimicasa.net\"},\"image\":{\"@id\":\"https:\\\/\\\/www.aquimicasa.net\\\/blog\\\/#\\\/schema\\\/logo\\\/image\\\/\"},\"sameAs\":[\"https:\\\/\\\/www.facebook.com\\\/aquimicasa.net\",\"https:\\\/\\\/www.instagram.com\\\/\",\"https:\\\/\\\/x.com\\\/EduLizarragaD\",\"https:\\\/\\\/www.linkedin.com\\\/feed\\\/\"]},{\"@type\":\"Person\",\"@id\":\"https:\\\/\\\/www.aquimicasa.net\\\/blog\\\/#\\\/schema\\\/person\\\/2cdfa2605534583395c8d7ce1d6cac14\",\"name\":\"Eduardo Lizarraga\",\"image\":{\"@type\":\"ImageObject\",\"inLanguage\":\"es\",\"@id\":\"https:\\\/\\\/secure.gravatar.com\\\/avatar\\\/bdabe1eeeed97b65a9cb7de2edd624b07995f7e13abc5fead15961f745f908cc?s=96&d=mm&r=g\",\"url\":\"https:\\\/\\\/secure.gravatar.com\\\/avatar\\\/bdabe1eeeed97b65a9cb7de2edd624b07995f7e13abc5fead15961f745f908cc?s=96&d=mm&r=g\",\"contentUrl\":\"https:\\\/\\\/secure.gravatar.com\\\/avatar\\\/bdabe1eeeed97b65a9cb7de2edd624b07995f7e13abc5fead15961f745f908cc?s=96&d=mm&r=g\",\"caption\":\"Eduardo Lizarraga\"},\"description\":\"Periodista Econ\u00f3mico. Ha trabajado en diversos campos de la informaci\u00f3n. Corresponsal en conflictos, analista pol\u00edtico en Congreso y Senado, periodista del medio ambiente, editor, director editorial, director de comunicaci\u00f3n.... En estos momentos se ha especializado en el sector inmobiliario. Pero tambi\u00e9n es navegante y viajero, preocupado por la pobreza, el medio ambiente y por las actuaciones descontroladas del neoliberalismo empresarial y pol\u00edtico en todo el mundo. Los desahucios, la pobreza infantil y la falta de acceso a los suministros b\u00e1sicos son algunos de los grandes dramas de nuestra sociedad y que es preciso solucionar para hacerla m\u00e1s justa. CEO en www.aquimicasa.net\",\"sameAs\":[\"https:\\\/\\\/www.aquimicasa.net\\\/\"],\"url\":\"https:\\\/\\\/www.aquimicasa.net\\\/blog\\\/author\\\/eduardo\\\/\"}]}<\/script>\n<!-- \/ Yoast SEO plugin. -->","yoast_head_json":{"title":"Pisos y chalets en venta en A Coru\u00f1a y su provincia","robots":{"index":"index","follow":"follow","max-snippet":"max-snippet:-1","max-image-preview":"max-image-preview:large","max-video-preview":"max-video-preview:-1"},"canonical":"https:\/\/www.aquimicasa.net\/blog\/vivienda\/ofertas\/pisos-y-chalets-en-venta-en-a-coruna\/","og_locale":"es_ES","og_type":"article","og_title":"Pisos y chalets en venta en A Coru\u00f1a y su provincia","og_description":"Oferta de pisos y chalets en venta o alquiler en la ciudad de A Coru\u00f1a y su provincia","og_url":"https:\/\/www.aquimicasa.net\/blog\/vivienda\/ofertas\/pisos-y-chalets-en-venta-en-a-coruna\/","og_site_name":"Blog de aquimicasa.net","article_publisher":"https:\/\/www.facebook.com\/aquimicasa.net","article_published_time":"2017-09-16T10:29:54+00:00","article_modified_time":"2020-04-02T16:54:45+00:00","og_image":[{"width":350,"height":234,"url":"https:\/\/www.aquimicasa.net\/blog\/wp-content\/uploads\/A-Coru\u00f1a6-e1505556272450.jpg","type":"image\/jpeg"}],"author":"Eduardo Lizarraga","twitter_misc":{"Escrito por":"Eduardo Lizarraga","Tiempo de lectura":"4 minutos"},"schema":{"@context":"https:\/\/schema.org","@graph":[{"@type":"Article","@id":"https:\/\/www.aquimicasa.net\/blog\/vivienda\/ofertas\/pisos-y-chalets-en-venta-en-a-coruna\/#article","isPartOf":{"@id":"https:\/\/www.aquimicasa.net\/blog\/vivienda\/ofertas\/pisos-y-chalets-en-venta-en-a-coruna\/"},"author":{"name":"Eduardo Lizarraga","@id":"https:\/\/www.aquimicasa.net\/blog\/#\/schema\/person\/2cdfa2605534583395c8d7ce1d6cac14"},"headline":"Pisos y chalets en venta en A Coru\u00f1a","datePublished":"2017-09-16T10:29:54+00:00","dateModified":"2020-04-02T16:54:45+00:00","mainEntityOfPage":{"@id":"https:\/\/www.aquimicasa.net\/blog\/vivienda\/ofertas\/pisos-y-chalets-en-venta-en-a-coruna\/"},"wordCount":718,"commentCount":1,"publisher":{"@id":"https:\/\/www.aquimicasa.net\/blog\/#organization"},"image":{"@id":"https:\/\/www.aquimicasa.net\/blog\/vivienda\/ofertas\/pisos-y-chalets-en-venta-en-a-coruna\/#primaryimage"},"thumbnailUrl":"https:\/\/www.aquimicasa.net\/blog\/wp-content\/uploads\/A-Coru\u00f1a6-e1505556272450.jpg","keywords":["Apartamento en alquiler en Oleiros","Apartamento en Sada","\u00c1tico en Culleredo","Casa en venta en Oza de R\u00edos","Casa en venta en Santiso","Casa r\u00fastica en Nar\u00f3n","D\u00faplex amueblado en Nar\u00f3n","Parcela para promotores en Sayanes","Parcelas en venta en Oleiros","Piso en venta en Arteixo","Piso en venta en Santiago de Compostela","Venta o alquiler de piso en Cari\u00f1o"],"articleSection":["Agencias Inmobiliarias","Alquiler","Compra Venta","Ofertas"],"inLanguage":"es","potentialAction":[{"@type":"CommentAction","name":"Comment","target":["https:\/\/www.aquimicasa.net\/blog\/vivienda\/ofertas\/pisos-y-chalets-en-venta-en-a-coruna\/#respond"]}]},{"@type":"WebPage","@id":"https:\/\/www.aquimicasa.net\/blog\/vivienda\/ofertas\/pisos-y-chalets-en-venta-en-a-coruna\/","url":"https:\/\/www.aquimicasa.net\/blog\/vivienda\/ofertas\/pisos-y-chalets-en-venta-en-a-coruna\/","name":"Pisos y chalets en venta en A Coru\u00f1a y su provincia","isPartOf":{"@id":"https:\/\/www.aquimicasa.net\/blog\/#website"},"primaryImageOfPage":{"@id":"https:\/\/www.aquimicasa.net\/blog\/vivienda\/ofertas\/pisos-y-chalets-en-venta-en-a-coruna\/#primaryimage"},"image":{"@id":"https:\/\/www.aquimicasa.net\/blog\/vivienda\/ofertas\/pisos-y-chalets-en-venta-en-a-coruna\/#primaryimage"},"thumbnailUrl":"https:\/\/www.aquimicasa.net\/blog\/wp-content\/uploads\/A-Coru\u00f1a6-e1505556272450.jpg","datePublished":"2017-09-16T10:29:54+00:00","dateModified":"2020-04-02T16:54:45+00:00","breadcrumb":{"@id":"https:\/\/www.aquimicasa.net\/blog\/vivienda\/ofertas\/pisos-y-chalets-en-venta-en-a-coruna\/#breadcrumb"},"inLanguage":"es","potentialAction":[{"@type":"ReadAction","target":["https:\/\/www.aquimicasa.net\/blog\/vivienda\/ofertas\/pisos-y-chalets-en-venta-en-a-coruna\/"]}]},{"@type":"ImageObject","inLanguage":"es","@id":"https:\/\/www.aquimicasa.net\/blog\/vivienda\/ofertas\/pisos-y-chalets-en-venta-en-a-coruna\/#primaryimage","url":"https:\/\/www.aquimicasa.net\/blog\/wp-content\/uploads\/A-Coru\u00f1a6-e1505556272450.jpg","contentUrl":"https:\/\/www.aquimicasa.net\/blog\/wp-content\/uploads\/A-Coru\u00f1a6-e1505556272450.jpg","width":350,"height":234},{"@type":"BreadcrumbList","@id":"https:\/\/www.aquimicasa.net\/blog\/vivienda\/ofertas\/pisos-y-chalets-en-venta-en-a-coruna\/#breadcrumb","itemListElement":[{"@type":"ListItem","position":1,"name":"Portada","item":"https:\/\/www.aquimicasa.net\/blog\/"},{"@type":"ListItem","position":2,"name":"Pisos y chalets en venta en A Coru\u00f1a"}]},{"@type":"WebSite","@id":"https:\/\/www.aquimicasa.net\/blog\/#website","url":"https:\/\/www.aquimicasa.net\/blog\/","name":"Blog de aquimicasa.net","description":"Noticias del Mundo Inmobiliario","publisher":{"@id":"https:\/\/www.aquimicasa.net\/blog\/#organization"},"potentialAction":[{"@type":"SearchAction","target":{"@type":"EntryPoint","urlTemplate":"https:\/\/www.aquimicasa.net\/blog\/?s={search_term_string}"},"query-input":{"@type":"PropertyValueSpecification","valueRequired":true,"valueName":"search_term_string"}}],"inLanguage":"es"},{"@type":"Organization","@id":"https:\/\/www.aquimicasa.net\/blog\/#organization","name":"Blog de aquimicasa.net","url":"https:\/\/www.aquimicasa.net\/blog\/","logo":{"@type":"ImageObject","inLanguage":"es","@id":"https:\/\/www.aquimicasa.net\/blog\/#\/schema\/logo\/image\/","url":"https:\/\/www.aquimicasa.net\/blog\/wp-content\/uploads\/Logo-aquimicasa-1-e1528048213782.png","contentUrl":"https:\/\/www.aquimicasa.net\/blog\/wp-content\/uploads\/Logo-aquimicasa-1-e1528048213782.png","width":225,"height":225,"caption":"Blog de aquimicasa.net"},"image":{"@id":"https:\/\/www.aquimicasa.net\/blog\/#\/schema\/logo\/image\/"},"sameAs":["https:\/\/www.facebook.com\/aquimicasa.net","https:\/\/www.instagram.com\/","https:\/\/x.com\/EduLizarragaD","https:\/\/www.linkedin.com\/feed\/"]},{"@type":"Person","@id":"https:\/\/www.aquimicasa.net\/blog\/#\/schema\/person\/2cdfa2605534583395c8d7ce1d6cac14","name":"Eduardo Lizarraga","image":{"@type":"ImageObject","inLanguage":"es","@id":"https:\/\/secure.gravatar.com\/avatar\/bdabe1eeeed97b65a9cb7de2edd624b07995f7e13abc5fead15961f745f908cc?s=96&d=mm&r=g","url":"https:\/\/secure.gravatar.com\/avatar\/bdabe1eeeed97b65a9cb7de2edd624b07995f7e13abc5fead15961f745f908cc?s=96&d=mm&r=g","contentUrl":"https:\/\/secure.gravatar.com\/avatar\/bdabe1eeeed97b65a9cb7de2edd624b07995f7e13abc5fead15961f745f908cc?s=96&d=mm&r=g","caption":"Eduardo Lizarraga"},"description":"Periodista Econ\u00f3mico. Ha trabajado en diversos campos de la informaci\u00f3n. Corresponsal en conflictos, analista pol\u00edtico en Congreso y Senado, periodista del medio ambiente, editor, director editorial, director de comunicaci\u00f3n.... En estos momentos se ha especializado en el sector inmobiliario. Pero tambi\u00e9n es navegante y viajero, preocupado por la pobreza, el medio ambiente y por las actuaciones descontroladas del neoliberalismo empresarial y pol\u00edtico en todo el mundo. Los desahucios, la pobreza infantil y la falta de acceso a los suministros b\u00e1sicos son algunos de los grandes dramas de nuestra sociedad y que es preciso solucionar para hacerla m\u00e1s justa. CEO en www.aquimicasa.net","sameAs":["https:\/\/www.aquimicasa.net\/"],"url":"https:\/\/www.aquimicasa.net\/blog\/author\/eduardo\/"}]}},"jetpack_publicize_connections":[],"jetpack_featured_media_url":"https:\/\/www.aquimicasa.net\/blog\/wp-content\/uploads\/A-Coru\u00f1a6-e1505556272450.jpg","jetpack_sharing_enabled":true,"jetpack_likes_enabled":true,"_links":{"self":[{"href":"https:\/\/www.aquimicasa.net\/blog\/wp-json\/wp\/v2\/posts\/17051","targetHints":{"allow":["GET"]}}],"collection":[{"href":"https:\/\/www.aquimicasa.net\/blog\/wp-json\/wp\/v2\/posts"}],"about":[{"href":"https:\/\/www.aquimicasa.net\/blog\/wp-json\/wp\/v2\/types\/post"}],"author":[{"embeddable":true,"href":"https:\/\/www.aquimicasa.net\/blog\/wp-json\/wp\/v2\/users\/3"}],"replies":[{"embeddable":true,"href":"https:\/\/www.aquimicasa.net\/blog\/wp-json\/wp\/v2\/comments?post=17051"}],"version-history":[{"count":4,"href":"https:\/\/www.aquimicasa.net\/blog\/wp-json\/wp\/v2\/posts\/17051\/revisions"}],"predecessor-version":[{"id":17057,"href":"https:\/\/www.aquimicasa.net\/blog\/wp-json\/wp\/v2\/posts\/17051\/revisions\/17057"}],"wp:featuredmedia":[{"embeddable":true,"href":"https:\/\/www.aquimicasa.net\/blog\/wp-json\/wp\/v2\/media\/17055"}],"wp:attachment":[{"href":"https:\/\/www.aquimicasa.net\/blog\/wp-json\/wp\/v2\/media?parent=17051"}],"wp:term":[{"taxonomy":"category","embeddable":true,"href":"https:\/\/www.aquimicasa.net\/blog\/wp-json\/wp\/v2\/categories?post=17051"},{"taxonomy":"post_tag","embeddable":true,"href":"https:\/\/www.aquimicasa.net\/blog\/wp-json\/wp\/v2\/tags?post=17051"}],"curies":[{"name":"wp","href":"https:\/\/api.w.org\/{rel}","templated":true}]}}