{"id":17350,"date":"2017-10-14T10:05:43","date_gmt":"2017-10-14T08:05:43","guid":{"rendered":"https:\/\/www.aquimicasa.net\/blog\/?p=17350"},"modified":"2020-04-02T18:29:55","modified_gmt":"2020-04-02T16:29:55","slug":"suben-las-operaciones-de-compraventa-de-vivienda-en-agosto","status":"publish","type":"post","link":"https:\/\/www.aquimicasa.net\/blog\/vivienda\/noticias-mercado-inmobiliario\/suben-las-operaciones-de-compraventa-de-vivienda-en-agosto\/","title":{"rendered":"Suben las operaciones de compraventa de vivienda en agosto"},"content":{"rendered":"<p>El Instituto Nacional de Estad\u00edstica confirma el incremento de operaciones de compra de viviendas durante el mes de agosto y pone la cifre en<strong> 41,282 compraventas<\/strong> en el octavo mes del a\u00f1o, es decir, un<strong> incremento del 16%<\/strong> respecto a agosto del a\u00f1o pasado y la mayor cifra para este mes los \u00faltimos siete a\u00f1os. Con estos resultados son ya cuatro meses seguidos al alza tras el descenso de abril por el efecto \u00abSemana Santa\u00bb.<\/p>\n<p>Observando los datos de este a\u00f1o, vemos que entre enero y agosto, la compraventa de casas acumul\u00f3 un incremento del 14%, seg\u00fan los datos del INE, que reflejan que frente a julio el avance fue del 6%. Aunque el repunte de agosto es ligeramente inferior al de julio (16,8%), el n\u00famero de compraventas (41.282) ha marcado su tercer mejor registro desde febrero de 2011, s\u00f3lo superado por el de mayo y junio de este a\u00f1o, cuando se hicieron m\u00e1s de 44.000 operaciones.<\/p>\n<p>Durante el mes de agosto, del total de transacciones de viviendas inscritas en los registros de la propiedad, <strong>el 82,1% correspondi\u00f3 a pisos y casas de segunda mano<\/strong>, con 33.886 operaciones y un avance interanual del 14,9% . Por su parte, la venta de inmuebles nuevos tambi\u00e9n vive un buen mes y se incrementa el 21,3%, hasta llegar a las<strong> 7.396 operaciones.<\/strong><\/p>\n<p>Por tipos de viviendas vendidas en el octavo mes del a\u00f1o, el 90,6% fueron viviendas libres y el 9,4%, protegidas. La compraventa de viviendas libres <strong>se increment\u00f3 un 16,6%<\/strong> en agosto en tasa interanual, hasta sumar 37.412 transacciones, en tanto que las operaciones sobre viviendas protegidas subieron un 10,2%, con 3.870 transacciones. Por su parte, las viviendas de protecci\u00f3n oficial <strong>subieron el 12,2%<\/strong> con el registro de 3.870 transacciones.<\/p>\n<p>La estad\u00edstica del INE nos muestra tambi\u00e9n lo dato por Comunidades Aut\u00f3nomas y as\u00ed, vemos que el pasado mes de agosto el mayor n\u00famero de compraventas de viviendas por cada 100.000 habitantes se dio en la <strong>Comunidad Valenciana (163)<\/strong>, seguida por Baleares (152) y Andaluc\u00eda (125). Por su parte, Andaluc\u00eda fue la regi\u00f3n que m\u00e1s operaciones sobre viviendas realiz\u00f3 en el octavo mes del a\u00f1o, con 8.224 compraventas, seguida de Catalu\u00f1a (6.720) y la Comunidad Valenciana (6.370). En el lado bajo de la tabla, las comunidades que realizaron un menor n\u00famero de compraventas de viviendas fueron La Rioja (262), Navarra (477) y Cantabria (507). Todas las regiones registraron en agosto <strong>crecimientos interanuales en la compraventa de viviendas<\/strong> comenzando por\u00a0 Castilla-La Mancha (+37,9%), Comunidad Valenciana (+32,5%) y Galicia (+23%), en tanto que Navarra (+1,9%) y Pa\u00eds Vasco (+4%) registraron las tasas m\u00e1s bajas.<\/p>\n<p>&nbsp;<\/p>\n","protected":false},"excerpt":{"rendered":"<p>El mes de agosto ha sido muy bueno para el sector inmobiliario con un incremento interanual del 16% hasta alcanzar la compraventa de 41.182 propiedades.<\/p>\n","protected":false},"author":3,"featured_media":15546,"comment_status":"open","ping_status":"open","sticky":false,"template":"","format":"standard","meta":{"_jetpack_memberships_contains_paid_content":false,"footnotes":"","jetpack_publicize_message":"","jetpack_publicize_feature_enabled":true,"jetpack_social_post_already_shared":true,"jetpack_social_options":{"image_generator_settings":{"template":"highway","default_image_id":0,"font":"","enabled":false},"version":2}},"categories":[7565],"tags":[222,706,636,2176],"class_list":["post-17350","post","type-post","status-publish","format-standard","has-post-thumbnail","hentry","category-noticias-mercado-inmobiliario","tag-andalucia","tag-baleares","tag-comunidad-valenciana","tag-instituto-nacional-de-estadistica-ine"],"yoast_head":"<!-- This site is optimized with the Yoast SEO plugin v27.5 - https:\/\/yoast.com\/product\/yoast-seo-wordpress\/ -->\n<title>Suben las operaciones de compraventa de viviendas en agosto<\/title>\n<meta name=\"robots\" content=\"index, follow, max-snippet:-1, max-image-preview:large, max-video-preview:-1\" \/>\n<link rel=\"canonical\" href=\"https:\/\/www.aquimicasa.net\/blog\/vivienda\/noticias-mercado-inmobiliario\/suben-las-operaciones-de-compraventa-de-vivienda-en-agosto\/\" \/>\n<meta property=\"og:locale\" content=\"es_ES\" \/>\n<meta property=\"og:type\" content=\"article\" \/>\n<meta property=\"og:title\" content=\"Suben las operaciones de compraventa de viviendas en agosto\" \/>\n<meta property=\"og:description\" content=\"El mes de agosto ha sido muy bueno para el sector inmobiliario con un incremento interanual del 16% hasta alcanzar la compraventa de 41.182 propiedades.\" \/>\n<meta property=\"og:url\" content=\"https:\/\/www.aquimicasa.net\/blog\/vivienda\/noticias-mercado-inmobiliario\/suben-las-operaciones-de-compraventa-de-vivienda-en-agosto\/\" \/>\n<meta property=\"og:site_name\" content=\"Blog de aquimicasa.net\" \/>\n<meta property=\"article:publisher\" content=\"https:\/\/www.facebook.com\/aquimicasa.net\" \/>\n<meta property=\"article:published_time\" content=\"2017-10-14T08:05:43+00:00\" \/>\n<meta property=\"article:modified_time\" content=\"2020-04-02T16:29:55+00:00\" \/>\n<meta property=\"og:image\" content=\"https:\/\/www.aquimicasa.net\/blog\/wp-content\/uploads\/alquiler-ilegal2-e1492449427602.jpg\" \/>\n\t<meta property=\"og:image:width\" content=\"400\" \/>\n\t<meta property=\"og:image:height\" content=\"225\" \/>\n\t<meta property=\"og:image:type\" content=\"image\/jpeg\" \/>\n<meta name=\"author\" content=\"Eduardo Lizarraga\" \/>\n<meta name=\"twitter:label1\" content=\"Escrito por\" \/>\n\t<meta name=\"twitter:data1\" content=\"Eduardo Lizarraga\" \/>\n\t<meta name=\"twitter:label2\" content=\"Tiempo de lectura\" \/>\n\t<meta name=\"twitter:data2\" content=\"2 minutos\" \/>\n<script type=\"application\/ld+json\" class=\"yoast-schema-graph\">{\"@context\":\"https:\\\/\\\/schema.org\",\"@graph\":[{\"@type\":\"Article\",\"@id\":\"https:\\\/\\\/www.aquimicasa.net\\\/blog\\\/vivienda\\\/noticias-mercado-inmobiliario\\\/suben-las-operaciones-de-compraventa-de-vivienda-en-agosto\\\/#article\",\"isPartOf\":{\"@id\":\"https:\\\/\\\/www.aquimicasa.net\\\/blog\\\/vivienda\\\/noticias-mercado-inmobiliario\\\/suben-las-operaciones-de-compraventa-de-vivienda-en-agosto\\\/\"},\"author\":{\"name\":\"Eduardo Lizarraga\",\"@id\":\"https:\\\/\\\/www.aquimicasa.net\\\/blog\\\/#\\\/schema\\\/person\\\/2cdfa2605534583395c8d7ce1d6cac14\"},\"headline\":\"Suben las operaciones de compraventa de vivienda en agosto\",\"datePublished\":\"2017-10-14T08:05:43+00:00\",\"dateModified\":\"2020-04-02T16:29:55+00:00\",\"mainEntityOfPage\":{\"@id\":\"https:\\\/\\\/www.aquimicasa.net\\\/blog\\\/vivienda\\\/noticias-mercado-inmobiliario\\\/suben-las-operaciones-de-compraventa-de-vivienda-en-agosto\\\/\"},\"wordCount\":429,\"commentCount\":0,\"publisher\":{\"@id\":\"https:\\\/\\\/www.aquimicasa.net\\\/blog\\\/#organization\"},\"image\":{\"@id\":\"https:\\\/\\\/www.aquimicasa.net\\\/blog\\\/vivienda\\\/noticias-mercado-inmobiliario\\\/suben-las-operaciones-de-compraventa-de-vivienda-en-agosto\\\/#primaryimage\"},\"thumbnailUrl\":\"https:\\\/\\\/www.aquimicasa.net\\\/blog\\\/wp-content\\\/uploads\\\/alquiler-ilegal2-e1492449427602.jpg\",\"keywords\":[\"Andaluc\u00eda\",\"Baleares\",\"Comunidad Valenciana\",\"Instituto Nacional de Estad\u00edstica (INE)\"],\"articleSection\":[\"Noticias Mercado Inmobiliario\"],\"inLanguage\":\"es\",\"potentialAction\":[{\"@type\":\"CommentAction\",\"name\":\"Comment\",\"target\":[\"https:\\\/\\\/www.aquimicasa.net\\\/blog\\\/vivienda\\\/noticias-mercado-inmobiliario\\\/suben-las-operaciones-de-compraventa-de-vivienda-en-agosto\\\/#respond\"]}]},{\"@type\":\"WebPage\",\"@id\":\"https:\\\/\\\/www.aquimicasa.net\\\/blog\\\/vivienda\\\/noticias-mercado-inmobiliario\\\/suben-las-operaciones-de-compraventa-de-vivienda-en-agosto\\\/\",\"url\":\"https:\\\/\\\/www.aquimicasa.net\\\/blog\\\/vivienda\\\/noticias-mercado-inmobiliario\\\/suben-las-operaciones-de-compraventa-de-vivienda-en-agosto\\\/\",\"name\":\"Suben las operaciones de compraventa de viviendas en agosto\",\"isPartOf\":{\"@id\":\"https:\\\/\\\/www.aquimicasa.net\\\/blog\\\/#website\"},\"primaryImageOfPage\":{\"@id\":\"https:\\\/\\\/www.aquimicasa.net\\\/blog\\\/vivienda\\\/noticias-mercado-inmobiliario\\\/suben-las-operaciones-de-compraventa-de-vivienda-en-agosto\\\/#primaryimage\"},\"image\":{\"@id\":\"https:\\\/\\\/www.aquimicasa.net\\\/blog\\\/vivienda\\\/noticias-mercado-inmobiliario\\\/suben-las-operaciones-de-compraventa-de-vivienda-en-agosto\\\/#primaryimage\"},\"thumbnailUrl\":\"https:\\\/\\\/www.aquimicasa.net\\\/blog\\\/wp-content\\\/uploads\\\/alquiler-ilegal2-e1492449427602.jpg\",\"datePublished\":\"2017-10-14T08:05:43+00:00\",\"dateModified\":\"2020-04-02T16:29:55+00:00\",\"breadcrumb\":{\"@id\":\"https:\\\/\\\/www.aquimicasa.net\\\/blog\\\/vivienda\\\/noticias-mercado-inmobiliario\\\/suben-las-operaciones-de-compraventa-de-vivienda-en-agosto\\\/#breadcrumb\"},\"inLanguage\":\"es\",\"potentialAction\":[{\"@type\":\"ReadAction\",\"target\":[\"https:\\\/\\\/www.aquimicasa.net\\\/blog\\\/vivienda\\\/noticias-mercado-inmobiliario\\\/suben-las-operaciones-de-compraventa-de-vivienda-en-agosto\\\/\"]}]},{\"@type\":\"ImageObject\",\"inLanguage\":\"es\",\"@id\":\"https:\\\/\\\/www.aquimicasa.net\\\/blog\\\/vivienda\\\/noticias-mercado-inmobiliario\\\/suben-las-operaciones-de-compraventa-de-vivienda-en-agosto\\\/#primaryimage\",\"url\":\"https:\\\/\\\/www.aquimicasa.net\\\/blog\\\/wp-content\\\/uploads\\\/alquiler-ilegal2-e1492449427602.jpg\",\"contentUrl\":\"https:\\\/\\\/www.aquimicasa.net\\\/blog\\\/wp-content\\\/uploads\\\/alquiler-ilegal2-e1492449427602.jpg\",\"width\":400,\"height\":225,\"caption\":\"La Ley de vivienda prohibe cobrar al arrendatario\"},{\"@type\":\"BreadcrumbList\",\"@id\":\"https:\\\/\\\/www.aquimicasa.net\\\/blog\\\/vivienda\\\/noticias-mercado-inmobiliario\\\/suben-las-operaciones-de-compraventa-de-vivienda-en-agosto\\\/#breadcrumb\",\"itemListElement\":[{\"@type\":\"ListItem\",\"position\":1,\"name\":\"Portada\",\"item\":\"https:\\\/\\\/www.aquimicasa.net\\\/blog\\\/\"},{\"@type\":\"ListItem\",\"position\":2,\"name\":\"Suben las operaciones de compraventa de vivienda en agosto\"}]},{\"@type\":\"WebSite\",\"@id\":\"https:\\\/\\\/www.aquimicasa.net\\\/blog\\\/#website\",\"url\":\"https:\\\/\\\/www.aquimicasa.net\\\/blog\\\/\",\"name\":\"Blog de aquimicasa.net\",\"description\":\"Noticias del Mundo Inmobiliario\",\"publisher\":{\"@id\":\"https:\\\/\\\/www.aquimicasa.net\\\/blog\\\/#organization\"},\"potentialAction\":[{\"@type\":\"SearchAction\",\"target\":{\"@type\":\"EntryPoint\",\"urlTemplate\":\"https:\\\/\\\/www.aquimicasa.net\\\/blog\\\/?s={search_term_string}\"},\"query-input\":{\"@type\":\"PropertyValueSpecification\",\"valueRequired\":true,\"valueName\":\"search_term_string\"}}],\"inLanguage\":\"es\"},{\"@type\":\"Organization\",\"@id\":\"https:\\\/\\\/www.aquimicasa.net\\\/blog\\\/#organization\",\"name\":\"Blog de aquimicasa.net\",\"url\":\"https:\\\/\\\/www.aquimicasa.net\\\/blog\\\/\",\"logo\":{\"@type\":\"ImageObject\",\"inLanguage\":\"es\",\"@id\":\"https:\\\/\\\/www.aquimicasa.net\\\/blog\\\/#\\\/schema\\\/logo\\\/image\\\/\",\"url\":\"https:\\\/\\\/www.aquimicasa.net\\\/blog\\\/wp-content\\\/uploads\\\/Logo-aquimicasa-1-e1528048213782.png\",\"contentUrl\":\"https:\\\/\\\/www.aquimicasa.net\\\/blog\\\/wp-content\\\/uploads\\\/Logo-aquimicasa-1-e1528048213782.png\",\"width\":225,\"height\":225,\"caption\":\"Blog de aquimicasa.net\"},\"image\":{\"@id\":\"https:\\\/\\\/www.aquimicasa.net\\\/blog\\\/#\\\/schema\\\/logo\\\/image\\\/\"},\"sameAs\":[\"https:\\\/\\\/www.facebook.com\\\/aquimicasa.net\",\"https:\\\/\\\/www.instagram.com\\\/\",\"https:\\\/\\\/x.com\\\/EduLizarragaD\",\"https:\\\/\\\/www.linkedin.com\\\/feed\\\/\"]},{\"@type\":\"Person\",\"@id\":\"https:\\\/\\\/www.aquimicasa.net\\\/blog\\\/#\\\/schema\\\/person\\\/2cdfa2605534583395c8d7ce1d6cac14\",\"name\":\"Eduardo Lizarraga\",\"image\":{\"@type\":\"ImageObject\",\"inLanguage\":\"es\",\"@id\":\"https:\\\/\\\/secure.gravatar.com\\\/avatar\\\/bdabe1eeeed97b65a9cb7de2edd624b07995f7e13abc5fead15961f745f908cc?s=96&d=mm&r=g\",\"url\":\"https:\\\/\\\/secure.gravatar.com\\\/avatar\\\/bdabe1eeeed97b65a9cb7de2edd624b07995f7e13abc5fead15961f745f908cc?s=96&d=mm&r=g\",\"contentUrl\":\"https:\\\/\\\/secure.gravatar.com\\\/avatar\\\/bdabe1eeeed97b65a9cb7de2edd624b07995f7e13abc5fead15961f745f908cc?s=96&d=mm&r=g\",\"caption\":\"Eduardo Lizarraga\"},\"description\":\"Periodista Econ\u00f3mico. Ha trabajado en diversos campos de la informaci\u00f3n. Corresponsal en conflictos, analista pol\u00edtico en Congreso y Senado, periodista del medio ambiente, editor, director editorial, director de comunicaci\u00f3n.... En estos momentos se ha especializado en el sector inmobiliario. Pero tambi\u00e9n es navegante y viajero, preocupado por la pobreza, el medio ambiente y por las actuaciones descontroladas del neoliberalismo empresarial y pol\u00edtico en todo el mundo. Los desahucios, la pobreza infantil y la falta de acceso a los suministros b\u00e1sicos son algunos de los grandes dramas de nuestra sociedad y que es preciso solucionar para hacerla m\u00e1s justa. CEO en www.aquimicasa.net\",\"sameAs\":[\"https:\\\/\\\/www.aquimicasa.net\\\/\"],\"url\":\"https:\\\/\\\/www.aquimicasa.net\\\/blog\\\/author\\\/eduardo\\\/\"}]}<\/script>\n<!-- \/ Yoast SEO plugin. -->","yoast_head_json":{"title":"Suben las operaciones de compraventa de viviendas en agosto","robots":{"index":"index","follow":"follow","max-snippet":"max-snippet:-1","max-image-preview":"max-image-preview:large","max-video-preview":"max-video-preview:-1"},"canonical":"https:\/\/www.aquimicasa.net\/blog\/vivienda\/noticias-mercado-inmobiliario\/suben-las-operaciones-de-compraventa-de-vivienda-en-agosto\/","og_locale":"es_ES","og_type":"article","og_title":"Suben las operaciones de compraventa de viviendas en agosto","og_description":"El mes de agosto ha sido muy bueno para el sector inmobiliario con un incremento interanual del 16% hasta alcanzar la compraventa de 41.182 propiedades.","og_url":"https:\/\/www.aquimicasa.net\/blog\/vivienda\/noticias-mercado-inmobiliario\/suben-las-operaciones-de-compraventa-de-vivienda-en-agosto\/","og_site_name":"Blog de aquimicasa.net","article_publisher":"https:\/\/www.facebook.com\/aquimicasa.net","article_published_time":"2017-10-14T08:05:43+00:00","article_modified_time":"2020-04-02T16:29:55+00:00","og_image":[{"width":400,"height":225,"url":"https:\/\/www.aquimicasa.net\/blog\/wp-content\/uploads\/alquiler-ilegal2-e1492449427602.jpg","type":"image\/jpeg"}],"author":"Eduardo Lizarraga","twitter_misc":{"Escrito por":"Eduardo Lizarraga","Tiempo de lectura":"2 minutos"},"schema":{"@context":"https:\/\/schema.org","@graph":[{"@type":"Article","@id":"https:\/\/www.aquimicasa.net\/blog\/vivienda\/noticias-mercado-inmobiliario\/suben-las-operaciones-de-compraventa-de-vivienda-en-agosto\/#article","isPartOf":{"@id":"https:\/\/www.aquimicasa.net\/blog\/vivienda\/noticias-mercado-inmobiliario\/suben-las-operaciones-de-compraventa-de-vivienda-en-agosto\/"},"author":{"name":"Eduardo Lizarraga","@id":"https:\/\/www.aquimicasa.net\/blog\/#\/schema\/person\/2cdfa2605534583395c8d7ce1d6cac14"},"headline":"Suben las operaciones de compraventa de vivienda en agosto","datePublished":"2017-10-14T08:05:43+00:00","dateModified":"2020-04-02T16:29:55+00:00","mainEntityOfPage":{"@id":"https:\/\/www.aquimicasa.net\/blog\/vivienda\/noticias-mercado-inmobiliario\/suben-las-operaciones-de-compraventa-de-vivienda-en-agosto\/"},"wordCount":429,"commentCount":0,"publisher":{"@id":"https:\/\/www.aquimicasa.net\/blog\/#organization"},"image":{"@id":"https:\/\/www.aquimicasa.net\/blog\/vivienda\/noticias-mercado-inmobiliario\/suben-las-operaciones-de-compraventa-de-vivienda-en-agosto\/#primaryimage"},"thumbnailUrl":"https:\/\/www.aquimicasa.net\/blog\/wp-content\/uploads\/alquiler-ilegal2-e1492449427602.jpg","keywords":["Andaluc\u00eda","Baleares","Comunidad Valenciana","Instituto Nacional de Estad\u00edstica (INE)"],"articleSection":["Noticias Mercado Inmobiliario"],"inLanguage":"es","potentialAction":[{"@type":"CommentAction","name":"Comment","target":["https:\/\/www.aquimicasa.net\/blog\/vivienda\/noticias-mercado-inmobiliario\/suben-las-operaciones-de-compraventa-de-vivienda-en-agosto\/#respond"]}]},{"@type":"WebPage","@id":"https:\/\/www.aquimicasa.net\/blog\/vivienda\/noticias-mercado-inmobiliario\/suben-las-operaciones-de-compraventa-de-vivienda-en-agosto\/","url":"https:\/\/www.aquimicasa.net\/blog\/vivienda\/noticias-mercado-inmobiliario\/suben-las-operaciones-de-compraventa-de-vivienda-en-agosto\/","name":"Suben las operaciones de compraventa de viviendas en agosto","isPartOf":{"@id":"https:\/\/www.aquimicasa.net\/blog\/#website"},"primaryImageOfPage":{"@id":"https:\/\/www.aquimicasa.net\/blog\/vivienda\/noticias-mercado-inmobiliario\/suben-las-operaciones-de-compraventa-de-vivienda-en-agosto\/#primaryimage"},"image":{"@id":"https:\/\/www.aquimicasa.net\/blog\/vivienda\/noticias-mercado-inmobiliario\/suben-las-operaciones-de-compraventa-de-vivienda-en-agosto\/#primaryimage"},"thumbnailUrl":"https:\/\/www.aquimicasa.net\/blog\/wp-content\/uploads\/alquiler-ilegal2-e1492449427602.jpg","datePublished":"2017-10-14T08:05:43+00:00","dateModified":"2020-04-02T16:29:55+00:00","breadcrumb":{"@id":"https:\/\/www.aquimicasa.net\/blog\/vivienda\/noticias-mercado-inmobiliario\/suben-las-operaciones-de-compraventa-de-vivienda-en-agosto\/#breadcrumb"},"inLanguage":"es","potentialAction":[{"@type":"ReadAction","target":["https:\/\/www.aquimicasa.net\/blog\/vivienda\/noticias-mercado-inmobiliario\/suben-las-operaciones-de-compraventa-de-vivienda-en-agosto\/"]}]},{"@type":"ImageObject","inLanguage":"es","@id":"https:\/\/www.aquimicasa.net\/blog\/vivienda\/noticias-mercado-inmobiliario\/suben-las-operaciones-de-compraventa-de-vivienda-en-agosto\/#primaryimage","url":"https:\/\/www.aquimicasa.net\/blog\/wp-content\/uploads\/alquiler-ilegal2-e1492449427602.jpg","contentUrl":"https:\/\/www.aquimicasa.net\/blog\/wp-content\/uploads\/alquiler-ilegal2-e1492449427602.jpg","width":400,"height":225,"caption":"La Ley de vivienda prohibe cobrar al arrendatario"},{"@type":"BreadcrumbList","@id":"https:\/\/www.aquimicasa.net\/blog\/vivienda\/noticias-mercado-inmobiliario\/suben-las-operaciones-de-compraventa-de-vivienda-en-agosto\/#breadcrumb","itemListElement":[{"@type":"ListItem","position":1,"name":"Portada","item":"https:\/\/www.aquimicasa.net\/blog\/"},{"@type":"ListItem","position":2,"name":"Suben las operaciones de compraventa de vivienda en agosto"}]},{"@type":"WebSite","@id":"https:\/\/www.aquimicasa.net\/blog\/#website","url":"https:\/\/www.aquimicasa.net\/blog\/","name":"Blog de aquimicasa.net","description":"Noticias del Mundo Inmobiliario","publisher":{"@id":"https:\/\/www.aquimicasa.net\/blog\/#organization"},"potentialAction":[{"@type":"SearchAction","target":{"@type":"EntryPoint","urlTemplate":"https:\/\/www.aquimicasa.net\/blog\/?s={search_term_string}"},"query-input":{"@type":"PropertyValueSpecification","valueRequired":true,"valueName":"search_term_string"}}],"inLanguage":"es"},{"@type":"Organization","@id":"https:\/\/www.aquimicasa.net\/blog\/#organization","name":"Blog de aquimicasa.net","url":"https:\/\/www.aquimicasa.net\/blog\/","logo":{"@type":"ImageObject","inLanguage":"es","@id":"https:\/\/www.aquimicasa.net\/blog\/#\/schema\/logo\/image\/","url":"https:\/\/www.aquimicasa.net\/blog\/wp-content\/uploads\/Logo-aquimicasa-1-e1528048213782.png","contentUrl":"https:\/\/www.aquimicasa.net\/blog\/wp-content\/uploads\/Logo-aquimicasa-1-e1528048213782.png","width":225,"height":225,"caption":"Blog de aquimicasa.net"},"image":{"@id":"https:\/\/www.aquimicasa.net\/blog\/#\/schema\/logo\/image\/"},"sameAs":["https:\/\/www.facebook.com\/aquimicasa.net","https:\/\/www.instagram.com\/","https:\/\/x.com\/EduLizarragaD","https:\/\/www.linkedin.com\/feed\/"]},{"@type":"Person","@id":"https:\/\/www.aquimicasa.net\/blog\/#\/schema\/person\/2cdfa2605534583395c8d7ce1d6cac14","name":"Eduardo Lizarraga","image":{"@type":"ImageObject","inLanguage":"es","@id":"https:\/\/secure.gravatar.com\/avatar\/bdabe1eeeed97b65a9cb7de2edd624b07995f7e13abc5fead15961f745f908cc?s=96&d=mm&r=g","url":"https:\/\/secure.gravatar.com\/avatar\/bdabe1eeeed97b65a9cb7de2edd624b07995f7e13abc5fead15961f745f908cc?s=96&d=mm&r=g","contentUrl":"https:\/\/secure.gravatar.com\/avatar\/bdabe1eeeed97b65a9cb7de2edd624b07995f7e13abc5fead15961f745f908cc?s=96&d=mm&r=g","caption":"Eduardo Lizarraga"},"description":"Periodista Econ\u00f3mico. Ha trabajado en diversos campos de la informaci\u00f3n. Corresponsal en conflictos, analista pol\u00edtico en Congreso y Senado, periodista del medio ambiente, editor, director editorial, director de comunicaci\u00f3n.... En estos momentos se ha especializado en el sector inmobiliario. Pero tambi\u00e9n es navegante y viajero, preocupado por la pobreza, el medio ambiente y por las actuaciones descontroladas del neoliberalismo empresarial y pol\u00edtico en todo el mundo. Los desahucios, la pobreza infantil y la falta de acceso a los suministros b\u00e1sicos son algunos de los grandes dramas de nuestra sociedad y que es preciso solucionar para hacerla m\u00e1s justa. CEO en www.aquimicasa.net","sameAs":["https:\/\/www.aquimicasa.net\/"],"url":"https:\/\/www.aquimicasa.net\/blog\/author\/eduardo\/"}]}},"jetpack_publicize_connections":[],"jetpack_featured_media_url":"https:\/\/www.aquimicasa.net\/blog\/wp-content\/uploads\/alquiler-ilegal2-e1492449427602.jpg","jetpack_sharing_enabled":true,"jetpack_likes_enabled":true,"_links":{"self":[{"href":"https:\/\/www.aquimicasa.net\/blog\/wp-json\/wp\/v2\/posts\/17350","targetHints":{"allow":["GET"]}}],"collection":[{"href":"https:\/\/www.aquimicasa.net\/blog\/wp-json\/wp\/v2\/posts"}],"about":[{"href":"https:\/\/www.aquimicasa.net\/blog\/wp-json\/wp\/v2\/types\/post"}],"author":[{"embeddable":true,"href":"https:\/\/www.aquimicasa.net\/blog\/wp-json\/wp\/v2\/users\/3"}],"replies":[{"embeddable":true,"href":"https:\/\/www.aquimicasa.net\/blog\/wp-json\/wp\/v2\/comments?post=17350"}],"version-history":[{"count":7,"href":"https:\/\/www.aquimicasa.net\/blog\/wp-json\/wp\/v2\/posts\/17350\/revisions"}],"predecessor-version":[{"id":17368,"href":"https:\/\/www.aquimicasa.net\/blog\/wp-json\/wp\/v2\/posts\/17350\/revisions\/17368"}],"wp:featuredmedia":[{"embeddable":true,"href":"https:\/\/www.aquimicasa.net\/blog\/wp-json\/wp\/v2\/media\/15546"}],"wp:attachment":[{"href":"https:\/\/www.aquimicasa.net\/blog\/wp-json\/wp\/v2\/media?parent=17350"}],"wp:term":[{"taxonomy":"category","embeddable":true,"href":"https:\/\/www.aquimicasa.net\/blog\/wp-json\/wp\/v2\/categories?post=17350"},{"taxonomy":"post_tag","embeddable":true,"href":"https:\/\/www.aquimicasa.net\/blog\/wp-json\/wp\/v2\/tags?post=17350"}],"curies":[{"name":"wp","href":"https:\/\/api.w.org\/{rel}","templated":true}]}}