{"id":17744,"date":"2017-11-18T12:15:28","date_gmt":"2017-11-18T11:15:28","guid":{"rendered":"https:\/\/www.aquimicasa.net\/blog\/?p=17744"},"modified":"2020-04-02T18:29:52","modified_gmt":"2020-04-02T16:29:52","slug":"pisos-y-chalets-en-venta-en-alava-y-vitoria","status":"publish","type":"post","link":"https:\/\/www.aquimicasa.net\/blog\/vivienda\/noticias-mercado-inmobiliario\/pisos-y-chalets-en-venta-en-alava-y-vitoria\/","title":{"rendered":"Pisos y chalets en venta en \u00c1lava y Vitoria"},"content":{"rendered":"<p>El precio medio de los<strong>\u00a0pisos y chalets en la provincia de \u00c1lava<\/strong>\u00a0muestra, en el tercer trimestre del a\u00f1o 2017, un incremento\u00a0 interanual del\u00a0 8,6%, hasta llegar a los 1.588 euros\/m2, de acuerdo a los datos del \u00edndice Tinsa IMIE. Desde los valores m\u00e1ximos alcanzados en el cuarto trimestre del 2007, el valor de los <strong>pisos y chalets en la provincia de \u00c1lava<\/strong><strong>\u00a0<\/strong>se ha depreciado un 41%. El mercado residencial est\u00e1 evolucionando en positivo durante los nueve primeros meses del a\u00f1o. El precio de los <strong>pisos y chalets en la provincia de \u00c1lava<\/strong><strong>\u00a0<\/strong>en el tercer trimestre del 2107 es un 6,2% superior al registrado en el mismo periodo del a\u00f1o anterior.\u00a0 \u00a0En 2016, el dato acumulado a estas alturas del a\u00f1o reflejaba un incremento del 4,3%. El plazo medio de<strong>\u00a0\u00a0<\/strong>la venta de<strong>\u00a0pisos y chalets en la provincia de \u00c1lava <\/strong>se sit\u00faa en 10,5 meses, lo que es\u00a0 superior al plazo medio de venta en Espa\u00f1a que se sit\u00faa en 9,12 meses.<\/p>\n<p>Por otra parte, el \u00edndice Tinsa IMIE muestra un incremento interanual del 10,6% en el precio de los\u00a0<strong>pisos en la ciudad de Vitoria-Gasteiz<\/strong>. Los datos, procedentes de las tasaciones realizadas durante el tercer trimestre, sit\u00faan el precio medio de los <strong>pisos en la ciudad de Vitoria-Gasteiz<\/strong><strong>\u00a0<\/strong>en 1.663 euros\/m2, lo que supone una ca\u00edda del\u00a0 44,3% respecto al m\u00e1ximo hist\u00f3rico alcanzado en el 2007. La evoluci\u00f3n durante los nueve primeros meses del 2017 est\u00e1 resultando positiva siendo el precio medio de los\u00a0<strong> pisos en la ciudad de Vitoria- Gasteiz<\/strong>, en el tercer trimestre, un 7,9% superior al registrado en esta zona en el mismo periodo del a\u00f1o anterior. Un vendedor tarda una media de 9,6 meses en encontrar un comprador para su vivienda en la\u00a0<strong>ciudad de Vitoria- Gasteiz<\/strong>, lo que es superior al plazo medio de venta de una vivienda en Espa\u00f1a que es de 9,12 meses.<\/p>\n<ul>\n<li><a href=\"https:\/\/www.aquimicasa.net\/pisos\/alava\/piso-vpo-i18014\">Piso VPO en Vitoria- Gasteiz<\/a>.\u00a0Se vende piso vpo. Barrio salburua. Vitoria-gasteiz. 2 habitaciones y 1 ba\u00f1o. Perfecto estado. Garaje y trastero incluidos en el precio.<\/li>\n<li><a href=\"https:\/\/www.aquimicasa.net\/pisos\/alava\/bonito-piso-cerca-del-centro-para-entrar-a-vivir-i17116\">Piso en el centro de Vitoria<\/a>.\u00a0Vendo piso muy luminoso, vistas al parque del norte. ascensor a cota 0. Edificio al d\u00eda; fachadas y tejado. parqu\u00e9 acuchillado y barnizado, ventanas doble acristalamiento&#8230;<\/li>\n<li><a href=\"https:\/\/www.aquimicasa.net\/pisos\/alava\/piso-amueblado-y-reformado-en-lateorro-i16575\">Piso reformado en Laudio\/Llodio (\u00c1lava)<\/a>.\u00a0Vivienda de 67 m\u00b2 en c\/ san martin, 12. Lateorro , a 2 min. Del centro, exterior y completamente reformada y amueblada: 3 dormitorios&#8230;<\/li>\n<li><a href=\"https:\/\/www.aquimicasa.net\/casas-chalets-adosados\/alava\/chalet-en-vitoria-ibaiondo-i16489\">Chalet en Ibaiondo, Vitoria (\u00c1lava)<\/a>.\u00a0Chalet de 120 m\u00b2, distribuidos en 2 plantas, m\u00e1s garaje y jardin. Tienee 3 dormitorios, el de matrimonio con vestidor y 2 ba\u00f1os. Gran oportunidad!!!<\/li>\n<li><a href=\"https:\/\/www.aquimicasa.net\/oficinas\/alava\/oficina-cercana-al-ayuntamiento-i16047\">Oficina cercana al Ayuntamiento de Vitoria (\u00c1lava)<\/a>.\u00a0Oficina, preparada para trabajo de cara al p\u00fablico, con excelentes acabados. Muy cercano a las nuevas oficinas del ayuntamiento y del&#8230;<\/li>\n<li><a href=\"https:\/\/www.aquimicasa.net\/casas-chalets-adosados\/alava\/casa-adosada-i15902\">Casa adosada en Txarrakea, Vitoria- Gasteiz<\/a>.\u00a0Inmueble para reformar completamente, se iniciaron obras pero no se han terminado, tiene un garaje de 100 metros con posibilidad de&#8230;<\/li>\n<li><a href=\"https:\/\/www.aquimicasa.net\/oficinas\/alava\/despacho-profesional-i15622\">Despacho profesional en el centro de Vitoria<\/a>.\u00a0Excelente despacho para uso directivo y profesional en el centro de la capital. Magnifica inversi\u00f3n&#8230;<\/li>\n<li><a href=\"https:\/\/www.aquimicasa.net\/pisos\/alava\/piso-en-llodio-c-vitoria-n-10-2--i15492\">Bonito piso reformado en Laudio\/Llodio (\u00c1lava)<\/a>.\u00a0Bonito piso de 65 m2, completamente reformado con materiales de primera calidad y a estrenar, en edificio de hormig\u00f3n reci\u00e9n&#8230;<\/li>\n<li><a href=\"https:\/\/www.aquimicasa.net\/pisos\/alava\/piso-en-senda-jose-pablo-ulibarri-1-i15333\">Piso exterior en Pablo Ulibarri, Vitoria-Gasteiz<\/a>. Vivienda totalmente exterior. 2 ascensores y una de ellas a cota cero. Muy buena orientaci\u00f3n. Preciosas vistas al parque y alrededores&#8230;<\/li>\n<li><a href=\"https:\/\/www.aquimicasa.net\/pisos\/alava\/piso-centrico-en-vitoria-i15331\">Piso c\u00e9ntrico en Vitoria- Gasteiz<\/a>.\u00a0Piso c\u00e9ntrico, a pocos metros de la plaza santa barbara y plaza de abastos. bien situado y completamente reformado hace 10 a\u00f1os. 2 habitaciones y el sal\u00f3n&#8230;<\/li>\n<li><a href=\"https:\/\/www.aquimicasa.net\/casas-chalets-adosados\/alava\/precioso-adosado-en-labastida-i15322\">Chalet adosado en Labastida (\u00c1lava)<\/a>.\u00a0Precioso chalet adosado de 3 plantas. Consta de 4 habitaciones, 3 ba\u00f1os, 1 aseo, sal\u00f3n, cocina, txoko montado con chimenea, le\u00f1era y garaje para&#8230;<\/li>\n<li><a href=\"https:\/\/www.aquimicasa.net\/pisos\/alava\/se-vende-o-cambia-i15321\">Vendo o permuto piso en Legutiano (\u00c1lava)<\/a>.\u00a0Se vende \u00f3 cambia piso en Legutiano por piso en Vitoria. El piso consta de 3 habitaciones 2 cuartos de ba\u00f1o, gran sal\u00f3n, camarote y plaza de garaje y&#8230;<\/li>\n<\/ul>\n","protected":false},"excerpt":{"rendered":"<p>Pisos y chalets en venta o alquiler al mejor precio en la provincia de \u00c1lava y la ciudad de Vitoria- Gasteiz. Con garaje, trastero, c\u00e9ntricos, cercanos&#8230;<\/p>\n","protected":false},"author":3,"featured_media":17752,"comment_status":"open","ping_status":"open","sticky":false,"template":"","format":"standard","meta":{"_jetpack_memberships_contains_paid_content":false,"footnotes":"","jetpack_publicize_message":"","jetpack_publicize_feature_enabled":true,"jetpack_social_post_already_shared":true,"jetpack_social_options":{"image_generator_settings":{"template":"highway","default_image_id":0,"font":"","enabled":false},"version":2}},"categories":[7565],"tags":[4554,4552,4557,4550,4553,4551,4556,4548,4555,4549,4547,4558,886],"class_list":["post-17744","post","type-post","status-publish","format-standard","has-post-thumbnail","hentry","category-noticias-mercado-inmobiliario","tag-bonito-piso-reformado-en-laudiollodio","tag-casa-adosada-en-txarrake-vitoria-gasteiz","tag-chalet-adosado-en-labastida","tag-chalet-en-ibaiondo","tag-despacho-profesional-en-el-centro-de-vitoria","tag-oficina-cercana-al-ayuntamiento-de-vitoria","tag-piso-centrico-en-vitoria-gasteiz","tag-piso-en-el-centro-de-vitoria","tag-piso-exterior-en-pablo-ulibarri-vitoria-gasteiz","tag-piso-reformado-en-laudiollodio","tag-piso-vpo-en-vitoria-gasteiz","tag-vendo-o-permuto-piso-en-legutiano","tag-vitoria"],"yoast_head":"<!-- This site is optimized with the Yoast SEO plugin v28.2 - https:\/\/yoast.com\/product\/yoast-seo-wordpress\/ -->\n<title>Pisos y chalets en venta en \u00c1lava y Vitoria-Gasteiz<\/title>\n<meta name=\"description\" content=\"Pisos y chalets en venta o alquiler al mejor precio en la provincia de \u00c1lava y la ciudad de Vitoria- Gasteiz. Con garaje, trastero, c\u00e9ntricos, cercanos...\" \/>\n<meta name=\"robots\" content=\"index, follow, max-snippet:-1, max-image-preview:large, max-video-preview:-1\" \/>\n<link rel=\"canonical\" href=\"https:\/\/www.aquimicasa.net\/blog\/vivienda\/noticias-mercado-inmobiliario\/pisos-y-chalets-en-venta-en-alava-y-vitoria\/\" \/>\n<meta property=\"og:locale\" content=\"es_ES\" \/>\n<meta property=\"og:type\" content=\"article\" \/>\n<meta property=\"og:title\" content=\"Pisos y chalets en venta en \u00c1lava y Vitoria-Gasteiz\" \/>\n<meta property=\"og:description\" content=\"Pisos y chalets en venta o alquiler al mejor precio en la provincia de \u00c1lava y la ciudad de Vitoria- Gasteiz. Con garaje, trastero, c\u00e9ntricos, cercanos...\" \/>\n<meta property=\"og:url\" content=\"https:\/\/www.aquimicasa.net\/blog\/vivienda\/noticias-mercado-inmobiliario\/pisos-y-chalets-en-venta-en-alava-y-vitoria\/\" \/>\n<meta property=\"og:site_name\" content=\"Blog de aquimicasa.net\" \/>\n<meta property=\"article:publisher\" content=\"https:\/\/www.facebook.com\/aquimicasa.net\" \/>\n<meta property=\"article:published_time\" content=\"2017-11-18T11:15:28+00:00\" \/>\n<meta property=\"article:modified_time\" content=\"2020-04-02T16:29:52+00:00\" \/>\n<meta property=\"og:image\" content=\"https:\/\/www.aquimicasa.net\/blog\/wp-content\/uploads\/Alava5-1-e1511003948838.jpg\" \/>\n\t<meta property=\"og:image:width\" content=\"450\" \/>\n\t<meta property=\"og:image:height\" content=\"225\" \/>\n\t<meta property=\"og:image:type\" content=\"image\/jpeg\" \/>\n<meta name=\"author\" content=\"Eduardo Lizarraga\" \/>\n<meta name=\"twitter:label1\" content=\"Escrito por\" \/>\n\t<meta name=\"twitter:data1\" content=\"Eduardo Lizarraga\" \/>\n\t<meta name=\"twitter:label2\" content=\"Tiempo de lectura\" \/>\n\t<meta name=\"twitter:data2\" content=\"3 minutos\" \/>\n<script type=\"application\/ld+json\" class=\"yoast-schema-graph\">{\"@context\":\"https:\\\/\\\/schema.org\",\"@graph\":[{\"@type\":\"Article\",\"@id\":\"https:\\\/\\\/www.aquimicasa.net\\\/blog\\\/vivienda\\\/noticias-mercado-inmobiliario\\\/pisos-y-chalets-en-venta-en-alava-y-vitoria\\\/#article\",\"isPartOf\":{\"@id\":\"https:\\\/\\\/www.aquimicasa.net\\\/blog\\\/vivienda\\\/noticias-mercado-inmobiliario\\\/pisos-y-chalets-en-venta-en-alava-y-vitoria\\\/\"},\"author\":{\"name\":\"Eduardo Lizarraga\",\"@id\":\"https:\\\/\\\/www.aquimicasa.net\\\/blog\\\/#\\\/schema\\\/person\\\/2cdfa2605534583395c8d7ce1d6cac14\"},\"headline\":\"Pisos y chalets en venta en \u00c1lava y Vitoria\",\"datePublished\":\"2017-11-18T11:15:28+00:00\",\"dateModified\":\"2020-04-02T16:29:52+00:00\",\"mainEntityOfPage\":{\"@id\":\"https:\\\/\\\/www.aquimicasa.net\\\/blog\\\/vivienda\\\/noticias-mercado-inmobiliario\\\/pisos-y-chalets-en-venta-en-alava-y-vitoria\\\/\"},\"wordCount\":662,\"commentCount\":0,\"publisher\":{\"@id\":\"https:\\\/\\\/www.aquimicasa.net\\\/blog\\\/#organization\"},\"image\":{\"@id\":\"https:\\\/\\\/www.aquimicasa.net\\\/blog\\\/vivienda\\\/noticias-mercado-inmobiliario\\\/pisos-y-chalets-en-venta-en-alava-y-vitoria\\\/#primaryimage\"},\"thumbnailUrl\":\"https:\\\/\\\/www.aquimicasa.net\\\/blog\\\/wp-content\\\/uploads\\\/Alava5-1-e1511003948838.jpg\",\"keywords\":[\"Bonito piso reformado en Laudio\\\/Llodio\",\"Casa adosada en Txarrake Vitoria Gasteiz\",\"Chalet adosado en Labastida\",\"Chalet en Ibaiondo\",\"Despacho profesional en el centro de Vitoria\",\"Oficina cercana al Ayuntamiento de Vitoria\",\"Piso c\u00e9ntrico en Vitoria- Gasteiz\",\"Piso en el centro de Vitoria\",\"Piso exterior en Pablo Ulibarri Vitoria-Gasteiz\",\"Piso reformado en Laudio\\\/Llodio\",\"Piso VPO en Vitoria- Gasteiz\",\"Vendo o permuto piso en Legutiano\",\"Vitoria\"],\"articleSection\":[\"Noticias Mercado Inmobiliario\"],\"inLanguage\":\"es\",\"potentialAction\":[{\"@type\":\"CommentAction\",\"name\":\"Comment\",\"target\":[\"https:\\\/\\\/www.aquimicasa.net\\\/blog\\\/vivienda\\\/noticias-mercado-inmobiliario\\\/pisos-y-chalets-en-venta-en-alava-y-vitoria\\\/#respond\"]}]},{\"@type\":\"WebPage\",\"@id\":\"https:\\\/\\\/www.aquimicasa.net\\\/blog\\\/vivienda\\\/noticias-mercado-inmobiliario\\\/pisos-y-chalets-en-venta-en-alava-y-vitoria\\\/\",\"url\":\"https:\\\/\\\/www.aquimicasa.net\\\/blog\\\/vivienda\\\/noticias-mercado-inmobiliario\\\/pisos-y-chalets-en-venta-en-alava-y-vitoria\\\/\",\"name\":\"Pisos y chalets en venta en \u00c1lava y Vitoria-Gasteiz\",\"isPartOf\":{\"@id\":\"https:\\\/\\\/www.aquimicasa.net\\\/blog\\\/#website\"},\"primaryImageOfPage\":{\"@id\":\"https:\\\/\\\/www.aquimicasa.net\\\/blog\\\/vivienda\\\/noticias-mercado-inmobiliario\\\/pisos-y-chalets-en-venta-en-alava-y-vitoria\\\/#primaryimage\"},\"image\":{\"@id\":\"https:\\\/\\\/www.aquimicasa.net\\\/blog\\\/vivienda\\\/noticias-mercado-inmobiliario\\\/pisos-y-chalets-en-venta-en-alava-y-vitoria\\\/#primaryimage\"},\"thumbnailUrl\":\"https:\\\/\\\/www.aquimicasa.net\\\/blog\\\/wp-content\\\/uploads\\\/Alava5-1-e1511003948838.jpg\",\"datePublished\":\"2017-11-18T11:15:28+00:00\",\"dateModified\":\"2020-04-02T16:29:52+00:00\",\"description\":\"Pisos y chalets en venta o alquiler al mejor precio en la provincia de \u00c1lava y la ciudad de Vitoria- Gasteiz. Con garaje, trastero, c\u00e9ntricos, cercanos...\",\"breadcrumb\":{\"@id\":\"https:\\\/\\\/www.aquimicasa.net\\\/blog\\\/vivienda\\\/noticias-mercado-inmobiliario\\\/pisos-y-chalets-en-venta-en-alava-y-vitoria\\\/#breadcrumb\"},\"inLanguage\":\"es\",\"potentialAction\":[{\"@type\":\"ReadAction\",\"target\":[\"https:\\\/\\\/www.aquimicasa.net\\\/blog\\\/vivienda\\\/noticias-mercado-inmobiliario\\\/pisos-y-chalets-en-venta-en-alava-y-vitoria\\\/\"]}]},{\"@type\":\"ImageObject\",\"inLanguage\":\"es\",\"@id\":\"https:\\\/\\\/www.aquimicasa.net\\\/blog\\\/vivienda\\\/noticias-mercado-inmobiliario\\\/pisos-y-chalets-en-venta-en-alava-y-vitoria\\\/#primaryimage\",\"url\":\"https:\\\/\\\/www.aquimicasa.net\\\/blog\\\/wp-content\\\/uploads\\\/Alava5-1-e1511003948838.jpg\",\"contentUrl\":\"https:\\\/\\\/www.aquimicasa.net\\\/blog\\\/wp-content\\\/uploads\\\/Alava5-1-e1511003948838.jpg\",\"width\":450,\"height\":225},{\"@type\":\"BreadcrumbList\",\"@id\":\"https:\\\/\\\/www.aquimicasa.net\\\/blog\\\/vivienda\\\/noticias-mercado-inmobiliario\\\/pisos-y-chalets-en-venta-en-alava-y-vitoria\\\/#breadcrumb\",\"itemListElement\":[{\"@type\":\"ListItem\",\"position\":1,\"name\":\"Portada\",\"item\":\"https:\\\/\\\/www.aquimicasa.net\\\/blog\\\/\"},{\"@type\":\"ListItem\",\"position\":2,\"name\":\"Pisos y chalets en venta en \u00c1lava y Vitoria\"}]},{\"@type\":\"WebSite\",\"@id\":\"https:\\\/\\\/www.aquimicasa.net\\\/blog\\\/#website\",\"url\":\"https:\\\/\\\/www.aquimicasa.net\\\/blog\\\/\",\"name\":\"Blog de aquimicasa.net\",\"description\":\"Noticias del Mundo Inmobiliario\",\"publisher\":{\"@id\":\"https:\\\/\\\/www.aquimicasa.net\\\/blog\\\/#organization\"},\"potentialAction\":[{\"@type\":\"SearchAction\",\"target\":{\"@type\":\"EntryPoint\",\"urlTemplate\":\"https:\\\/\\\/www.aquimicasa.net\\\/blog\\\/?s={search_term_string}\"},\"query-input\":{\"@type\":\"PropertyValueSpecification\",\"valueRequired\":true,\"valueName\":\"search_term_string\"}}],\"inLanguage\":\"es\"},{\"@type\":\"Organization\",\"@id\":\"https:\\\/\\\/www.aquimicasa.net\\\/blog\\\/#organization\",\"name\":\"Blog de aquimicasa.net\",\"url\":\"https:\\\/\\\/www.aquimicasa.net\\\/blog\\\/\",\"logo\":{\"@type\":\"ImageObject\",\"inLanguage\":\"es\",\"@id\":\"https:\\\/\\\/www.aquimicasa.net\\\/blog\\\/#\\\/schema\\\/logo\\\/image\\\/\",\"url\":\"https:\\\/\\\/www.aquimicasa.net\\\/blog\\\/wp-content\\\/uploads\\\/Logo-aquimicasa-1-e1528048213782.png\",\"contentUrl\":\"https:\\\/\\\/www.aquimicasa.net\\\/blog\\\/wp-content\\\/uploads\\\/Logo-aquimicasa-1-e1528048213782.png\",\"width\":225,\"height\":225,\"caption\":\"Blog de aquimicasa.net\"},\"image\":{\"@id\":\"https:\\\/\\\/www.aquimicasa.net\\\/blog\\\/#\\\/schema\\\/logo\\\/image\\\/\"},\"sameAs\":[\"https:\\\/\\\/www.facebook.com\\\/aquimicasa.net\",\"https:\\\/\\\/www.instagram.com\\\/\",\"https:\\\/\\\/x.com\\\/EduLizarragaD\",\"https:\\\/\\\/www.linkedin.com\\\/feed\\\/\"]},{\"@type\":\"Person\",\"@id\":\"https:\\\/\\\/www.aquimicasa.net\\\/blog\\\/#\\\/schema\\\/person\\\/2cdfa2605534583395c8d7ce1d6cac14\",\"name\":\"Eduardo Lizarraga\",\"image\":{\"@type\":\"ImageObject\",\"inLanguage\":\"es\",\"@id\":\"https:\\\/\\\/secure.gravatar.com\\\/avatar\\\/bdabe1eeeed97b65a9cb7de2edd624b07995f7e13abc5fead15961f745f908cc?s=96&d=mm&r=g\",\"url\":\"https:\\\/\\\/secure.gravatar.com\\\/avatar\\\/bdabe1eeeed97b65a9cb7de2edd624b07995f7e13abc5fead15961f745f908cc?s=96&d=mm&r=g\",\"contentUrl\":\"https:\\\/\\\/secure.gravatar.com\\\/avatar\\\/bdabe1eeeed97b65a9cb7de2edd624b07995f7e13abc5fead15961f745f908cc?s=96&d=mm&r=g\",\"caption\":\"Eduardo Lizarraga\"},\"description\":\"Periodista Econ\u00f3mico. Ha trabajado en diversos campos de la informaci\u00f3n. Corresponsal en conflictos, analista pol\u00edtico en Congreso y Senado, periodista del medio ambiente, editor, director editorial, director de comunicaci\u00f3n.... En estos momentos se ha especializado en el sector inmobiliario. Pero tambi\u00e9n es navegante y viajero, preocupado por la pobreza, el medio ambiente y por las actuaciones descontroladas del neoliberalismo empresarial y pol\u00edtico en todo el mundo. Los desahucios, la pobreza infantil y la falta de acceso a los suministros b\u00e1sicos son algunos de los grandes dramas de nuestra sociedad y que es preciso solucionar para hacerla m\u00e1s justa. CEO en www.aquimicasa.net\",\"sameAs\":[\"https:\\\/\\\/www.aquimicasa.net\\\/\"],\"url\":\"https:\\\/\\\/www.aquimicasa.net\\\/blog\\\/author\\\/eduardo\\\/\"}]}<\/script>\n<!-- \/ Yoast SEO plugin. -->","yoast_head_json":{"title":"Pisos y chalets en venta en \u00c1lava y Vitoria-Gasteiz","description":"Pisos y chalets en venta o alquiler al mejor precio en la provincia de \u00c1lava y la ciudad de Vitoria- Gasteiz. Con garaje, trastero, c\u00e9ntricos, cercanos...","robots":{"index":"index","follow":"follow","max-snippet":"max-snippet:-1","max-image-preview":"max-image-preview:large","max-video-preview":"max-video-preview:-1"},"canonical":"https:\/\/www.aquimicasa.net\/blog\/vivienda\/noticias-mercado-inmobiliario\/pisos-y-chalets-en-venta-en-alava-y-vitoria\/","og_locale":"es_ES","og_type":"article","og_title":"Pisos y chalets en venta en \u00c1lava y Vitoria-Gasteiz","og_description":"Pisos y chalets en venta o alquiler al mejor precio en la provincia de \u00c1lava y la ciudad de Vitoria- Gasteiz. Con garaje, trastero, c\u00e9ntricos, cercanos...","og_url":"https:\/\/www.aquimicasa.net\/blog\/vivienda\/noticias-mercado-inmobiliario\/pisos-y-chalets-en-venta-en-alava-y-vitoria\/","og_site_name":"Blog de aquimicasa.net","article_publisher":"https:\/\/www.facebook.com\/aquimicasa.net","article_published_time":"2017-11-18T11:15:28+00:00","article_modified_time":"2020-04-02T16:29:52+00:00","og_image":[{"width":450,"height":225,"url":"https:\/\/www.aquimicasa.net\/blog\/wp-content\/uploads\/Alava5-1-e1511003948838.jpg","type":"image\/jpeg"}],"author":"Eduardo Lizarraga","twitter_misc":{"Escrito por":"Eduardo Lizarraga","Tiempo de lectura":"3 minutos"},"schema":{"@context":"https:\/\/schema.org","@graph":[{"@type":"Article","@id":"https:\/\/www.aquimicasa.net\/blog\/vivienda\/noticias-mercado-inmobiliario\/pisos-y-chalets-en-venta-en-alava-y-vitoria\/#article","isPartOf":{"@id":"https:\/\/www.aquimicasa.net\/blog\/vivienda\/noticias-mercado-inmobiliario\/pisos-y-chalets-en-venta-en-alava-y-vitoria\/"},"author":{"name":"Eduardo Lizarraga","@id":"https:\/\/www.aquimicasa.net\/blog\/#\/schema\/person\/2cdfa2605534583395c8d7ce1d6cac14"},"headline":"Pisos y chalets en venta en \u00c1lava y Vitoria","datePublished":"2017-11-18T11:15:28+00:00","dateModified":"2020-04-02T16:29:52+00:00","mainEntityOfPage":{"@id":"https:\/\/www.aquimicasa.net\/blog\/vivienda\/noticias-mercado-inmobiliario\/pisos-y-chalets-en-venta-en-alava-y-vitoria\/"},"wordCount":662,"commentCount":0,"publisher":{"@id":"https:\/\/www.aquimicasa.net\/blog\/#organization"},"image":{"@id":"https:\/\/www.aquimicasa.net\/blog\/vivienda\/noticias-mercado-inmobiliario\/pisos-y-chalets-en-venta-en-alava-y-vitoria\/#primaryimage"},"thumbnailUrl":"https:\/\/www.aquimicasa.net\/blog\/wp-content\/uploads\/Alava5-1-e1511003948838.jpg","keywords":["Bonito piso reformado en Laudio\/Llodio","Casa adosada en Txarrake Vitoria Gasteiz","Chalet adosado en Labastida","Chalet en Ibaiondo","Despacho profesional en el centro de Vitoria","Oficina cercana al Ayuntamiento de Vitoria","Piso c\u00e9ntrico en Vitoria- Gasteiz","Piso en el centro de Vitoria","Piso exterior en Pablo Ulibarri Vitoria-Gasteiz","Piso reformado en Laudio\/Llodio","Piso VPO en Vitoria- Gasteiz","Vendo o permuto piso en Legutiano","Vitoria"],"articleSection":["Noticias Mercado Inmobiliario"],"inLanguage":"es","potentialAction":[{"@type":"CommentAction","name":"Comment","target":["https:\/\/www.aquimicasa.net\/blog\/vivienda\/noticias-mercado-inmobiliario\/pisos-y-chalets-en-venta-en-alava-y-vitoria\/#respond"]}]},{"@type":"WebPage","@id":"https:\/\/www.aquimicasa.net\/blog\/vivienda\/noticias-mercado-inmobiliario\/pisos-y-chalets-en-venta-en-alava-y-vitoria\/","url":"https:\/\/www.aquimicasa.net\/blog\/vivienda\/noticias-mercado-inmobiliario\/pisos-y-chalets-en-venta-en-alava-y-vitoria\/","name":"Pisos y chalets en venta en \u00c1lava y Vitoria-Gasteiz","isPartOf":{"@id":"https:\/\/www.aquimicasa.net\/blog\/#website"},"primaryImageOfPage":{"@id":"https:\/\/www.aquimicasa.net\/blog\/vivienda\/noticias-mercado-inmobiliario\/pisos-y-chalets-en-venta-en-alava-y-vitoria\/#primaryimage"},"image":{"@id":"https:\/\/www.aquimicasa.net\/blog\/vivienda\/noticias-mercado-inmobiliario\/pisos-y-chalets-en-venta-en-alava-y-vitoria\/#primaryimage"},"thumbnailUrl":"https:\/\/www.aquimicasa.net\/blog\/wp-content\/uploads\/Alava5-1-e1511003948838.jpg","datePublished":"2017-11-18T11:15:28+00:00","dateModified":"2020-04-02T16:29:52+00:00","description":"Pisos y chalets en venta o alquiler al mejor precio en la provincia de \u00c1lava y la ciudad de Vitoria- Gasteiz. Con garaje, trastero, c\u00e9ntricos, cercanos...","breadcrumb":{"@id":"https:\/\/www.aquimicasa.net\/blog\/vivienda\/noticias-mercado-inmobiliario\/pisos-y-chalets-en-venta-en-alava-y-vitoria\/#breadcrumb"},"inLanguage":"es","potentialAction":[{"@type":"ReadAction","target":["https:\/\/www.aquimicasa.net\/blog\/vivienda\/noticias-mercado-inmobiliario\/pisos-y-chalets-en-venta-en-alava-y-vitoria\/"]}]},{"@type":"ImageObject","inLanguage":"es","@id":"https:\/\/www.aquimicasa.net\/blog\/vivienda\/noticias-mercado-inmobiliario\/pisos-y-chalets-en-venta-en-alava-y-vitoria\/#primaryimage","url":"https:\/\/www.aquimicasa.net\/blog\/wp-content\/uploads\/Alava5-1-e1511003948838.jpg","contentUrl":"https:\/\/www.aquimicasa.net\/blog\/wp-content\/uploads\/Alava5-1-e1511003948838.jpg","width":450,"height":225},{"@type":"BreadcrumbList","@id":"https:\/\/www.aquimicasa.net\/blog\/vivienda\/noticias-mercado-inmobiliario\/pisos-y-chalets-en-venta-en-alava-y-vitoria\/#breadcrumb","itemListElement":[{"@type":"ListItem","position":1,"name":"Portada","item":"https:\/\/www.aquimicasa.net\/blog\/"},{"@type":"ListItem","position":2,"name":"Pisos y chalets en venta en \u00c1lava y Vitoria"}]},{"@type":"WebSite","@id":"https:\/\/www.aquimicasa.net\/blog\/#website","url":"https:\/\/www.aquimicasa.net\/blog\/","name":"Blog de aquimicasa.net","description":"Noticias del Mundo Inmobiliario","publisher":{"@id":"https:\/\/www.aquimicasa.net\/blog\/#organization"},"potentialAction":[{"@type":"SearchAction","target":{"@type":"EntryPoint","urlTemplate":"https:\/\/www.aquimicasa.net\/blog\/?s={search_term_string}"},"query-input":{"@type":"PropertyValueSpecification","valueRequired":true,"valueName":"search_term_string"}}],"inLanguage":"es"},{"@type":"Organization","@id":"https:\/\/www.aquimicasa.net\/blog\/#organization","name":"Blog de aquimicasa.net","url":"https:\/\/www.aquimicasa.net\/blog\/","logo":{"@type":"ImageObject","inLanguage":"es","@id":"https:\/\/www.aquimicasa.net\/blog\/#\/schema\/logo\/image\/","url":"https:\/\/www.aquimicasa.net\/blog\/wp-content\/uploads\/Logo-aquimicasa-1-e1528048213782.png","contentUrl":"https:\/\/www.aquimicasa.net\/blog\/wp-content\/uploads\/Logo-aquimicasa-1-e1528048213782.png","width":225,"height":225,"caption":"Blog de aquimicasa.net"},"image":{"@id":"https:\/\/www.aquimicasa.net\/blog\/#\/schema\/logo\/image\/"},"sameAs":["https:\/\/www.facebook.com\/aquimicasa.net","https:\/\/www.instagram.com\/","https:\/\/x.com\/EduLizarragaD","https:\/\/www.linkedin.com\/feed\/"]},{"@type":"Person","@id":"https:\/\/www.aquimicasa.net\/blog\/#\/schema\/person\/2cdfa2605534583395c8d7ce1d6cac14","name":"Eduardo Lizarraga","image":{"@type":"ImageObject","inLanguage":"es","@id":"https:\/\/secure.gravatar.com\/avatar\/bdabe1eeeed97b65a9cb7de2edd624b07995f7e13abc5fead15961f745f908cc?s=96&d=mm&r=g","url":"https:\/\/secure.gravatar.com\/avatar\/bdabe1eeeed97b65a9cb7de2edd624b07995f7e13abc5fead15961f745f908cc?s=96&d=mm&r=g","contentUrl":"https:\/\/secure.gravatar.com\/avatar\/bdabe1eeeed97b65a9cb7de2edd624b07995f7e13abc5fead15961f745f908cc?s=96&d=mm&r=g","caption":"Eduardo Lizarraga"},"description":"Periodista Econ\u00f3mico. Ha trabajado en diversos campos de la informaci\u00f3n. Corresponsal en conflictos, analista pol\u00edtico en Congreso y Senado, periodista del medio ambiente, editor, director editorial, director de comunicaci\u00f3n.... En estos momentos se ha especializado en el sector inmobiliario. Pero tambi\u00e9n es navegante y viajero, preocupado por la pobreza, el medio ambiente y por las actuaciones descontroladas del neoliberalismo empresarial y pol\u00edtico en todo el mundo. Los desahucios, la pobreza infantil y la falta de acceso a los suministros b\u00e1sicos son algunos de los grandes dramas de nuestra sociedad y que es preciso solucionar para hacerla m\u00e1s justa. CEO en www.aquimicasa.net","sameAs":["https:\/\/www.aquimicasa.net\/"],"url":"https:\/\/www.aquimicasa.net\/blog\/author\/eduardo\/"}]}},"jetpack_publicize_connections":[],"jetpack_featured_media_url":"https:\/\/www.aquimicasa.net\/blog\/wp-content\/uploads\/Alava5-1-e1511003948838.jpg","jetpack_sharing_enabled":true,"jetpack_likes_enabled":true,"_links":{"self":[{"href":"https:\/\/www.aquimicasa.net\/blog\/wp-json\/wp\/v2\/posts\/17744","targetHints":{"allow":["GET"]}}],"collection":[{"href":"https:\/\/www.aquimicasa.net\/blog\/wp-json\/wp\/v2\/posts"}],"about":[{"href":"https:\/\/www.aquimicasa.net\/blog\/wp-json\/wp\/v2\/types\/post"}],"author":[{"embeddable":true,"href":"https:\/\/www.aquimicasa.net\/blog\/wp-json\/wp\/v2\/users\/3"}],"replies":[{"embeddable":true,"href":"https:\/\/www.aquimicasa.net\/blog\/wp-json\/wp\/v2\/comments?post=17744"}],"version-history":[{"count":6,"href":"https:\/\/www.aquimicasa.net\/blog\/wp-json\/wp\/v2\/posts\/17744\/revisions"}],"predecessor-version":[{"id":17750,"href":"https:\/\/www.aquimicasa.net\/blog\/wp-json\/wp\/v2\/posts\/17744\/revisions\/17750"}],"wp:featuredmedia":[{"embeddable":true,"href":"https:\/\/www.aquimicasa.net\/blog\/wp-json\/wp\/v2\/media\/17752"}],"wp:attachment":[{"href":"https:\/\/www.aquimicasa.net\/blog\/wp-json\/wp\/v2\/media?parent=17744"}],"wp:term":[{"taxonomy":"category","embeddable":true,"href":"https:\/\/www.aquimicasa.net\/blog\/wp-json\/wp\/v2\/categories?post=17744"},{"taxonomy":"post_tag","embeddable":true,"href":"https:\/\/www.aquimicasa.net\/blog\/wp-json\/wp\/v2\/tags?post=17744"}],"curies":[{"name":"wp","href":"https:\/\/api.w.org\/{rel}","templated":true}]}}