{"id":18141,"date":"2017-12-17T09:26:21","date_gmt":"2017-12-17T08:26:21","guid":{"rendered":"https:\/\/www.aquimicasa.net\/blog\/?p=18141"},"modified":"2020-04-02T18:54:44","modified_gmt":"2020-04-02T16:54:44","slug":"boletin-inmobiliario-138-el-calenton-del-alquiler-propicia-abusos-y-especulacion","status":"publish","type":"post","link":"https:\/\/www.aquimicasa.net\/blog\/boletines\/boletin-inmobiliario-138-el-calenton-del-alquiler-propicia-abusos-y-especulacion\/","title":{"rendered":"Bolet\u00edn Inmobiliario 138 \u00abEl calent\u00f3n del alquiler propicia abusos y especulaci\u00f3n\u00bb"},"content":{"rendered":"<ul>\n<li><img decoding=\"async\" class=\"alignnone size-thumbnail wp-image-15954\" src=\"https:\/\/www.aquimicasa.net\/blog\/wp-content\/uploads\/AQUIMICASA-NUEVA-1-150x100.jpg\" alt=\"\" width=\"150\" height=\"100\" \/>\u00a0<a href=\"http:\/\/aquimicasa.mailrelay-v.es\/campaign\/1885753\/152.html?t=5554414359090f545346045e020907325a585457085d50510b0a56040402095d524041585701025710050653\"  rel=\"nofollow noopener\">BOLET\u00cdN COMPLETO<\/a><\/li>\n<\/ul>\n<p>&nbsp;<\/p>\n<ul>\n<li><img decoding=\"async\" class=\"alignnone size-thumbnail wp-image-18095\" src=\"https:\/\/www.aquimicasa.net\/blog\/wp-content\/uploads\/Impuestos-municipales6-150x100.jpeg\" alt=\"\" width=\"150\" height=\"100\" \/>\u00a0Opini\u00f3n, por Eduardo Lizarraga <a href=\"https:\/\/www.aquimicasa.net\/blog\/articulos-de-opinion\/18093\">\u00abEl calent\u00f3n del alquiler propicia abusos y&#8230;.\u00bb<\/a><\/li>\n<\/ul>\n<p>&nbsp;<\/p>\n<ul>\n<li><img decoding=\"async\" class=\"alignnone size-thumbnail wp-image-13998\" src=\"https:\/\/www.aquimicasa.net\/blog\/wp-content\/uploads\/Movistar-150x84.jpg\" alt=\"\" width=\"150\" height=\"84\" \/>\u00a0<a href=\"https:\/\/www.aquimicasa.net\/blog\/asociacion\/la-demanda-contra-movistar-fusion-continua-viva\">La demanda contra Movistar Fusi\u00f3n contin\u00faa viva<\/a><\/li>\n<\/ul>\n<p>&nbsp;<\/p>\n<ul>\n<li><img decoding=\"async\" class=\"alignnone size-thumbnail wp-image-17334\" src=\"https:\/\/www.aquimicasa.net\/blog\/wp-content\/uploads\/Rentabilidad3-150x150.jpg\" alt=\"\" width=\"150\" height=\"150\" \/>\u00a0<a href=\"https:\/\/www.aquimicasa.net\/blog\/activos-inmobiliarios\/la-firma-de-hipotecas-vuelve-a-subir-en-septiembre\">La firma de hipotecas vuelve a subir en septiembre<\/a><\/li>\n<\/ul>\n<p>&nbsp;<\/p>\n<ul>\n<li><img decoding=\"async\" class=\"alignnone size-thumbnail wp-image-17576\" src=\"https:\/\/www.aquimicasa.net\/blog\/wp-content\/uploads\/susto-150x83.jpg\" alt=\"\" width=\"150\" height=\"83\" \/>\u00a0<a href=\"https:\/\/www.aquimicasa.net\/blog\/precios\/tinsa-6\">El precio de la vivienda comienza a acelerarse<\/a><\/li>\n<\/ul>\n<p>&nbsp;<\/p>\n<ul>\n<li><img decoding=\"async\" class=\"alignnone size-thumbnail wp-image-16751\" src=\"https:\/\/www.aquimicasa.net\/blog\/wp-content\/uploads\/Construicci\u00f3n5-1-150x77.jpg\" alt=\"\" width=\"150\" height=\"77\" \/>\u00a0<a href=\"https:\/\/www.aquimicasa.net\/blog\/construccion-de-viviendas\/crecimiento\">Previsiones de ligero crecimiento para la construcci\u00f3n<\/a><\/li>\n<\/ul>\n<p>&nbsp;<\/p>\n<ul>\n<li><img decoding=\"async\" class=\"alignnone size-thumbnail wp-image-17101\" src=\"https:\/\/www.aquimicasa.net\/blog\/wp-content\/uploads\/Taxes5-150x84.jpg\" alt=\"\" width=\"150\" height=\"84\" \/>\u00a0<a href=\"https:\/\/www.aquimicasa.net\/blog\/precios\/el-precio-de-la-vivienda-sube-un-67\">El precio de la vivienda sube un 6,7% anual<\/a><\/li>\n<\/ul>\n<p>&nbsp;<\/p>\n<ul>\n<li><img decoding=\"async\" class=\"alignnone size-thumbnail wp-image-14184\" src=\"https:\/\/www.aquimicasa.net\/blog\/wp-content\/uploads\/Compraventa2-150x112.jpg\" alt=\"\" width=\"150\" height=\"112\" \/>\u00a0<a href=\"https:\/\/www.aquimicasa.net\/blog\/compraventa-de-viviendas\/incremento-de-operaciones-en-el-tercer-trimestre\">Incremento en la compraventa de vivienda en el tercer trimestre<\/a><\/li>\n<\/ul>\n<p>&nbsp;<\/p>\n<h2>Pisos y chalets en venta<\/h2>\n<ul>\n<li><img decoding=\"async\" class=\"alignnone size-thumbnail wp-image-18144\" src=\"https:\/\/www.aquimicasa.net\/blog\/wp-content\/uploads\/Bolet\u00edn-138-150x113.jpg\" alt=\"\" width=\"150\" height=\"113\" srcset=\"https:\/\/www.aquimicasa.net\/blog\/wp-content\/uploads\/Bolet\u00edn-138-150x113.jpg 150w, https:\/\/www.aquimicasa.net\/blog\/wp-content\/uploads\/Bolet\u00edn-138-300x225.jpg 300w, https:\/\/www.aquimicasa.net\/blog\/wp-content\/uploads\/Bolet\u00edn-138.jpg 640w\" sizes=\"(max-width: 150px) 100vw, 150px\" \/>\u00a0Vivienda m\u00e1s visitada de la semana: <a href=\"https:\/\/www.aquimicasa.net\/pisos\/malaga\/atico-en-venta-con-piscina-privada-en-marbella-i18156\">\u00c1tico en venta con piscina privada en Marbella\u00bb<\/a><\/li>\n<\/ul>\n<p>&nbsp;<\/p>\n<ul>\n<li><img decoding=\"async\" class=\"alignnone size-thumbnail wp-image-18053\" src=\"https:\/\/www.aquimicasa.net\/blog\/wp-content\/uploads\/Navarra8-150x107.jpg\" alt=\"\" width=\"150\" height=\"107\" \/>\u00a0<a href=\"https:\/\/www.aquimicasa.net\/blog\/viviendas-en-venta-y-alquiler-en\/pisos-venta-alquiler-pamplona\">Pisos y chalets en venta en Pamplona<\/a><\/li>\n<\/ul>\n<p>&nbsp;<\/p>\n<ul>\n<li><img decoding=\"async\" class=\"alignnone size-thumbnail wp-image-18012\" src=\"https:\/\/www.aquimicasa.net\/blog\/wp-content\/uploads\/Valencia-5-150x79.jpg\" alt=\"\" width=\"150\" height=\"79\" \/>\u00a0<a href=\"https:\/\/www.aquimicasa.net\/blog\/activos-inmobiliarios\/pisos-en-venta-en-la-ciudad-de-valencia\">Pisos en venta en la ciudad de Valencia<\/a><\/li>\n<\/ul>\n<p>&nbsp;<\/p>\n<ul>\n<li><img decoding=\"async\" class=\"alignnone size-thumbnail wp-image-13986\" src=\"https:\/\/www.aquimicasa.net\/blog\/wp-content\/uploads\/logo-aquimicasa-news-150x35.png\" alt=\"\" width=\"150\" height=\"35\" srcset=\"https:\/\/www.aquimicasa.net\/blog\/wp-content\/uploads\/logo-aquimicasa-news-150x35.png 150w, https:\/\/www.aquimicasa.net\/blog\/wp-content\/uploads\/logo-aquimicasa-news-300x69.png 300w, https:\/\/www.aquimicasa.net\/blog\/wp-content\/uploads\/logo-aquimicasa-news-400x92.png 400w, https:\/\/www.aquimicasa.net\/blog\/wp-content\/uploads\/logo-aquimicasa-news.png 407w\" sizes=\"(max-width: 150px) 100vw, 150px\" \/>\u00a0<a href=\"https:\/\/www.aquimicasa.net\/\">M\u00e1s pisos y chalets en venta<\/a><\/li>\n<\/ul>\n<p>&nbsp;<\/p>\n","protected":false},"excerpt":{"rendered":"<p>Bolet\u00edn Inmobiliario 138 \u00abEl calent\u00f3n del alquiler propicia abusos y especulaci\u00f3n\u00bb Noticias, pisos y chalets en venta, opini\u00f3n, vivienda m\u00e1s visitada, pisos y chalets en Pamplona, pisos y chalets en Valencia&#8230;<\/p>\n","protected":false},"author":3,"featured_media":17772,"comment_status":"open","ping_status":"open","sticky":false,"template":"","format":"standard","meta":{"_jetpack_memberships_contains_paid_content":false,"footnotes":"","jetpack_publicize_message":"","jetpack_publicize_feature_enabled":true,"jetpack_social_post_already_shared":true,"jetpack_social_options":{"image_generator_settings":{"template":"highway","default_image_id":0,"font":"","enabled":false},"version":2}},"categories":[7562,100,2548,3249],"tags":[3695,4698,4699,3811],"class_list":["post-18141","post","type-post","status-publish","format-standard","has-post-thumbnail","hentry","category-agencias-inmobiliarias","category-compraventa-de-viviendas","category-boletines","category-opinion","tag-boletin-inmobiliario","tag-pisos-y-chalets-en-venta-en-la-ciudad-de-valencia","tag-pisos-y-chalets-en-venta-en-pamplona","tag-vivienda-mas-visitada"],"yoast_head":"<!-- This site is optimized with the Yoast SEO plugin v28.2 - https:\/\/yoast.com\/product\/yoast-seo-wordpress\/ -->\n<title>Bolet\u00edn Inmobiliario 138 &quot;El calent\u00f3n del alquiler propicia abusos y especulaci\u00f3n&quot;<\/title>\n<meta name=\"description\" content=\"Bolet\u00edn Inmobiliario 138 &quot;El calent\u00f3n del alquiler propicia abusos y especulaci\u00f3n&quot; Noticias, pisos y chalets en venta, opini\u00f3n, vivienda m\u00e1s visitada...\" \/>\n<meta name=\"robots\" content=\"index, follow, max-snippet:-1, max-image-preview:large, max-video-preview:-1\" \/>\n<link rel=\"canonical\" href=\"https:\/\/www.aquimicasa.net\/blog\/boletines\/boletin-inmobiliario-138-el-calenton-del-alquiler-propicia-abusos-y-especulacion\/\" \/>\n<meta property=\"og:locale\" content=\"es_ES\" \/>\n<meta property=\"og:type\" content=\"article\" \/>\n<meta property=\"og:title\" content=\"Bolet\u00edn Inmobiliario 138 &quot;El calent\u00f3n del alquiler propicia abusos y especulaci\u00f3n&quot;\" \/>\n<meta property=\"og:description\" content=\"Bolet\u00edn Inmobiliario 138 &quot;El calent\u00f3n del alquiler propicia abusos y especulaci\u00f3n&quot; Noticias, pisos y chalets en venta, opini\u00f3n, vivienda m\u00e1s visitada...\" \/>\n<meta property=\"og:url\" content=\"https:\/\/www.aquimicasa.net\/blog\/boletines\/boletin-inmobiliario-138-el-calenton-del-alquiler-propicia-abusos-y-especulacion\/\" \/>\n<meta property=\"og:site_name\" content=\"Blog de aquimicasa.net\" \/>\n<meta property=\"article:publisher\" content=\"https:\/\/www.facebook.com\/aquimicasa.net\" \/>\n<meta property=\"article:published_time\" content=\"2017-12-17T08:26:21+00:00\" \/>\n<meta property=\"article:modified_time\" content=\"2020-04-02T16:54:44+00:00\" \/>\n<meta property=\"og:image\" content=\"https:\/\/www.aquimicasa.net\/blog\/wp-content\/uploads\/Logo-aquimicasa.png\" \/>\n\t<meta property=\"og:image:width\" content=\"300\" \/>\n\t<meta property=\"og:image:height\" content=\"300\" \/>\n\t<meta property=\"og:image:type\" content=\"image\/png\" \/>\n<meta name=\"author\" content=\"Eduardo Lizarraga\" \/>\n<meta name=\"twitter:label1\" content=\"Escrito por\" \/>\n\t<meta name=\"twitter:data1\" content=\"Eduardo Lizarraga\" \/>\n\t<meta name=\"twitter:label2\" content=\"Tiempo de lectura\" \/>\n\t<meta name=\"twitter:data2\" content=\"1 minuto\" \/>\n<script type=\"application\/ld+json\" class=\"yoast-schema-graph\">{\"@context\":\"https:\\\/\\\/schema.org\",\"@graph\":[{\"@type\":\"Article\",\"@id\":\"https:\\\/\\\/www.aquimicasa.net\\\/blog\\\/boletines\\\/boletin-inmobiliario-138-el-calenton-del-alquiler-propicia-abusos-y-especulacion\\\/#article\",\"isPartOf\":{\"@id\":\"https:\\\/\\\/www.aquimicasa.net\\\/blog\\\/boletines\\\/boletin-inmobiliario-138-el-calenton-del-alquiler-propicia-abusos-y-especulacion\\\/\"},\"author\":{\"name\":\"Eduardo Lizarraga\",\"@id\":\"https:\\\/\\\/www.aquimicasa.net\\\/blog\\\/#\\\/schema\\\/person\\\/2cdfa2605534583395c8d7ce1d6cac14\"},\"headline\":\"Bolet\u00edn Inmobiliario 138 \u00abEl calent\u00f3n del alquiler propicia abusos y especulaci\u00f3n\u00bb\",\"datePublished\":\"2017-12-17T08:26:21+00:00\",\"dateModified\":\"2020-04-02T16:54:44+00:00\",\"mainEntityOfPage\":{\"@id\":\"https:\\\/\\\/www.aquimicasa.net\\\/blog\\\/boletines\\\/boletin-inmobiliario-138-el-calenton-del-alquiler-propicia-abusos-y-especulacion\\\/\"},\"wordCount\":135,\"commentCount\":0,\"publisher\":{\"@id\":\"https:\\\/\\\/www.aquimicasa.net\\\/blog\\\/#organization\"},\"image\":{\"@id\":\"https:\\\/\\\/www.aquimicasa.net\\\/blog\\\/boletines\\\/boletin-inmobiliario-138-el-calenton-del-alquiler-propicia-abusos-y-especulacion\\\/#primaryimage\"},\"thumbnailUrl\":\"https:\\\/\\\/www.aquimicasa.net\\\/blog\\\/wp-content\\\/uploads\\\/Logo-aquimicasa.png\",\"keywords\":[\"Bolet\u00edn inmobiliario\",\"pisos y chalets en venta en la ciudad de Valencia\",\"pisos y chalets en venta en Pamplona\",\"Vivienda m\u00e1s visitada\"],\"articleSection\":[\"Agencias Inmobiliarias\",\"Compra Venta\",\"Newsletters\",\"Opini\u00f3n\"],\"inLanguage\":\"es\",\"potentialAction\":[{\"@type\":\"CommentAction\",\"name\":\"Comment\",\"target\":[\"https:\\\/\\\/www.aquimicasa.net\\\/blog\\\/boletines\\\/boletin-inmobiliario-138-el-calenton-del-alquiler-propicia-abusos-y-especulacion\\\/#respond\"]}]},{\"@type\":\"WebPage\",\"@id\":\"https:\\\/\\\/www.aquimicasa.net\\\/blog\\\/boletines\\\/boletin-inmobiliario-138-el-calenton-del-alquiler-propicia-abusos-y-especulacion\\\/\",\"url\":\"https:\\\/\\\/www.aquimicasa.net\\\/blog\\\/boletines\\\/boletin-inmobiliario-138-el-calenton-del-alquiler-propicia-abusos-y-especulacion\\\/\",\"name\":\"Bolet\u00edn Inmobiliario 138 \\\"El calent\u00f3n del alquiler propicia abusos y especulaci\u00f3n\\\"\",\"isPartOf\":{\"@id\":\"https:\\\/\\\/www.aquimicasa.net\\\/blog\\\/#website\"},\"primaryImageOfPage\":{\"@id\":\"https:\\\/\\\/www.aquimicasa.net\\\/blog\\\/boletines\\\/boletin-inmobiliario-138-el-calenton-del-alquiler-propicia-abusos-y-especulacion\\\/#primaryimage\"},\"image\":{\"@id\":\"https:\\\/\\\/www.aquimicasa.net\\\/blog\\\/boletines\\\/boletin-inmobiliario-138-el-calenton-del-alquiler-propicia-abusos-y-especulacion\\\/#primaryimage\"},\"thumbnailUrl\":\"https:\\\/\\\/www.aquimicasa.net\\\/blog\\\/wp-content\\\/uploads\\\/Logo-aquimicasa.png\",\"datePublished\":\"2017-12-17T08:26:21+00:00\",\"dateModified\":\"2020-04-02T16:54:44+00:00\",\"description\":\"Bolet\u00edn Inmobiliario 138 \\\"El calent\u00f3n del alquiler propicia abusos y especulaci\u00f3n\\\" Noticias, pisos y chalets en venta, opini\u00f3n, vivienda m\u00e1s visitada...\",\"breadcrumb\":{\"@id\":\"https:\\\/\\\/www.aquimicasa.net\\\/blog\\\/boletines\\\/boletin-inmobiliario-138-el-calenton-del-alquiler-propicia-abusos-y-especulacion\\\/#breadcrumb\"},\"inLanguage\":\"es\",\"potentialAction\":[{\"@type\":\"ReadAction\",\"target\":[\"https:\\\/\\\/www.aquimicasa.net\\\/blog\\\/boletines\\\/boletin-inmobiliario-138-el-calenton-del-alquiler-propicia-abusos-y-especulacion\\\/\"]}]},{\"@type\":\"ImageObject\",\"inLanguage\":\"es\",\"@id\":\"https:\\\/\\\/www.aquimicasa.net\\\/blog\\\/boletines\\\/boletin-inmobiliario-138-el-calenton-del-alquiler-propicia-abusos-y-especulacion\\\/#primaryimage\",\"url\":\"https:\\\/\\\/www.aquimicasa.net\\\/blog\\\/wp-content\\\/uploads\\\/Logo-aquimicasa.png\",\"contentUrl\":\"https:\\\/\\\/www.aquimicasa.net\\\/blog\\\/wp-content\\\/uploads\\\/Logo-aquimicasa.png\",\"width\":300,\"height\":300},{\"@type\":\"BreadcrumbList\",\"@id\":\"https:\\\/\\\/www.aquimicasa.net\\\/blog\\\/boletines\\\/boletin-inmobiliario-138-el-calenton-del-alquiler-propicia-abusos-y-especulacion\\\/#breadcrumb\",\"itemListElement\":[{\"@type\":\"ListItem\",\"position\":1,\"name\":\"Portada\",\"item\":\"https:\\\/\\\/www.aquimicasa.net\\\/blog\\\/\"},{\"@type\":\"ListItem\",\"position\":2,\"name\":\"Bolet\u00edn Inmobiliario 138 \u00abEl calent\u00f3n del alquiler propicia abusos y especulaci\u00f3n\u00bb\"}]},{\"@type\":\"WebSite\",\"@id\":\"https:\\\/\\\/www.aquimicasa.net\\\/blog\\\/#website\",\"url\":\"https:\\\/\\\/www.aquimicasa.net\\\/blog\\\/\",\"name\":\"Blog de aquimicasa.net\",\"description\":\"Noticias del Mundo Inmobiliario\",\"publisher\":{\"@id\":\"https:\\\/\\\/www.aquimicasa.net\\\/blog\\\/#organization\"},\"potentialAction\":[{\"@type\":\"SearchAction\",\"target\":{\"@type\":\"EntryPoint\",\"urlTemplate\":\"https:\\\/\\\/www.aquimicasa.net\\\/blog\\\/?s={search_term_string}\"},\"query-input\":{\"@type\":\"PropertyValueSpecification\",\"valueRequired\":true,\"valueName\":\"search_term_string\"}}],\"inLanguage\":\"es\"},{\"@type\":\"Organization\",\"@id\":\"https:\\\/\\\/www.aquimicasa.net\\\/blog\\\/#organization\",\"name\":\"Blog de aquimicasa.net\",\"url\":\"https:\\\/\\\/www.aquimicasa.net\\\/blog\\\/\",\"logo\":{\"@type\":\"ImageObject\",\"inLanguage\":\"es\",\"@id\":\"https:\\\/\\\/www.aquimicasa.net\\\/blog\\\/#\\\/schema\\\/logo\\\/image\\\/\",\"url\":\"https:\\\/\\\/www.aquimicasa.net\\\/blog\\\/wp-content\\\/uploads\\\/Logo-aquimicasa-1-e1528048213782.png\",\"contentUrl\":\"https:\\\/\\\/www.aquimicasa.net\\\/blog\\\/wp-content\\\/uploads\\\/Logo-aquimicasa-1-e1528048213782.png\",\"width\":225,\"height\":225,\"caption\":\"Blog de aquimicasa.net\"},\"image\":{\"@id\":\"https:\\\/\\\/www.aquimicasa.net\\\/blog\\\/#\\\/schema\\\/logo\\\/image\\\/\"},\"sameAs\":[\"https:\\\/\\\/www.facebook.com\\\/aquimicasa.net\",\"https:\\\/\\\/www.instagram.com\\\/\",\"https:\\\/\\\/x.com\\\/EduLizarragaD\",\"https:\\\/\\\/www.linkedin.com\\\/feed\\\/\"]},{\"@type\":\"Person\",\"@id\":\"https:\\\/\\\/www.aquimicasa.net\\\/blog\\\/#\\\/schema\\\/person\\\/2cdfa2605534583395c8d7ce1d6cac14\",\"name\":\"Eduardo Lizarraga\",\"image\":{\"@type\":\"ImageObject\",\"inLanguage\":\"es\",\"@id\":\"https:\\\/\\\/secure.gravatar.com\\\/avatar\\\/bdabe1eeeed97b65a9cb7de2edd624b07995f7e13abc5fead15961f745f908cc?s=96&d=mm&r=g\",\"url\":\"https:\\\/\\\/secure.gravatar.com\\\/avatar\\\/bdabe1eeeed97b65a9cb7de2edd624b07995f7e13abc5fead15961f745f908cc?s=96&d=mm&r=g\",\"contentUrl\":\"https:\\\/\\\/secure.gravatar.com\\\/avatar\\\/bdabe1eeeed97b65a9cb7de2edd624b07995f7e13abc5fead15961f745f908cc?s=96&d=mm&r=g\",\"caption\":\"Eduardo Lizarraga\"},\"description\":\"Periodista Econ\u00f3mico. Ha trabajado en diversos campos de la informaci\u00f3n. Corresponsal en conflictos, analista pol\u00edtico en Congreso y Senado, periodista del medio ambiente, editor, director editorial, director de comunicaci\u00f3n.... En estos momentos se ha especializado en el sector inmobiliario. Pero tambi\u00e9n es navegante y viajero, preocupado por la pobreza, el medio ambiente y por las actuaciones descontroladas del neoliberalismo empresarial y pol\u00edtico en todo el mundo. Los desahucios, la pobreza infantil y la falta de acceso a los suministros b\u00e1sicos son algunos de los grandes dramas de nuestra sociedad y que es preciso solucionar para hacerla m\u00e1s justa. CEO en www.aquimicasa.net\",\"sameAs\":[\"https:\\\/\\\/www.aquimicasa.net\\\/\"],\"url\":\"https:\\\/\\\/www.aquimicasa.net\\\/blog\\\/author\\\/eduardo\\\/\"}]}<\/script>\n<!-- \/ Yoast SEO plugin. -->","yoast_head_json":{"title":"Bolet\u00edn Inmobiliario 138 \"El calent\u00f3n del alquiler propicia abusos y especulaci\u00f3n\"","description":"Bolet\u00edn Inmobiliario 138 \"El calent\u00f3n del alquiler propicia abusos y especulaci\u00f3n\" Noticias, pisos y chalets en venta, opini\u00f3n, vivienda m\u00e1s visitada...","robots":{"index":"index","follow":"follow","max-snippet":"max-snippet:-1","max-image-preview":"max-image-preview:large","max-video-preview":"max-video-preview:-1"},"canonical":"https:\/\/www.aquimicasa.net\/blog\/boletines\/boletin-inmobiliario-138-el-calenton-del-alquiler-propicia-abusos-y-especulacion\/","og_locale":"es_ES","og_type":"article","og_title":"Bolet\u00edn Inmobiliario 138 \"El calent\u00f3n del alquiler propicia abusos y especulaci\u00f3n\"","og_description":"Bolet\u00edn Inmobiliario 138 \"El calent\u00f3n del alquiler propicia abusos y especulaci\u00f3n\" Noticias, pisos y chalets en venta, opini\u00f3n, vivienda m\u00e1s visitada...","og_url":"https:\/\/www.aquimicasa.net\/blog\/boletines\/boletin-inmobiliario-138-el-calenton-del-alquiler-propicia-abusos-y-especulacion\/","og_site_name":"Blog de aquimicasa.net","article_publisher":"https:\/\/www.facebook.com\/aquimicasa.net","article_published_time":"2017-12-17T08:26:21+00:00","article_modified_time":"2020-04-02T16:54:44+00:00","og_image":[{"width":300,"height":300,"url":"https:\/\/www.aquimicasa.net\/blog\/wp-content\/uploads\/Logo-aquimicasa.png","type":"image\/png"}],"author":"Eduardo Lizarraga","twitter_misc":{"Escrito por":"Eduardo Lizarraga","Tiempo de lectura":"1 minuto"},"schema":{"@context":"https:\/\/schema.org","@graph":[{"@type":"Article","@id":"https:\/\/www.aquimicasa.net\/blog\/boletines\/boletin-inmobiliario-138-el-calenton-del-alquiler-propicia-abusos-y-especulacion\/#article","isPartOf":{"@id":"https:\/\/www.aquimicasa.net\/blog\/boletines\/boletin-inmobiliario-138-el-calenton-del-alquiler-propicia-abusos-y-especulacion\/"},"author":{"name":"Eduardo Lizarraga","@id":"https:\/\/www.aquimicasa.net\/blog\/#\/schema\/person\/2cdfa2605534583395c8d7ce1d6cac14"},"headline":"Bolet\u00edn Inmobiliario 138 \u00abEl calent\u00f3n del alquiler propicia abusos y especulaci\u00f3n\u00bb","datePublished":"2017-12-17T08:26:21+00:00","dateModified":"2020-04-02T16:54:44+00:00","mainEntityOfPage":{"@id":"https:\/\/www.aquimicasa.net\/blog\/boletines\/boletin-inmobiliario-138-el-calenton-del-alquiler-propicia-abusos-y-especulacion\/"},"wordCount":135,"commentCount":0,"publisher":{"@id":"https:\/\/www.aquimicasa.net\/blog\/#organization"},"image":{"@id":"https:\/\/www.aquimicasa.net\/blog\/boletines\/boletin-inmobiliario-138-el-calenton-del-alquiler-propicia-abusos-y-especulacion\/#primaryimage"},"thumbnailUrl":"https:\/\/www.aquimicasa.net\/blog\/wp-content\/uploads\/Logo-aquimicasa.png","keywords":["Bolet\u00edn inmobiliario","pisos y chalets en venta en la ciudad de Valencia","pisos y chalets en venta en Pamplona","Vivienda m\u00e1s visitada"],"articleSection":["Agencias Inmobiliarias","Compra Venta","Newsletters","Opini\u00f3n"],"inLanguage":"es","potentialAction":[{"@type":"CommentAction","name":"Comment","target":["https:\/\/www.aquimicasa.net\/blog\/boletines\/boletin-inmobiliario-138-el-calenton-del-alquiler-propicia-abusos-y-especulacion\/#respond"]}]},{"@type":"WebPage","@id":"https:\/\/www.aquimicasa.net\/blog\/boletines\/boletin-inmobiliario-138-el-calenton-del-alquiler-propicia-abusos-y-especulacion\/","url":"https:\/\/www.aquimicasa.net\/blog\/boletines\/boletin-inmobiliario-138-el-calenton-del-alquiler-propicia-abusos-y-especulacion\/","name":"Bolet\u00edn Inmobiliario 138 \"El calent\u00f3n del alquiler propicia abusos y especulaci\u00f3n\"","isPartOf":{"@id":"https:\/\/www.aquimicasa.net\/blog\/#website"},"primaryImageOfPage":{"@id":"https:\/\/www.aquimicasa.net\/blog\/boletines\/boletin-inmobiliario-138-el-calenton-del-alquiler-propicia-abusos-y-especulacion\/#primaryimage"},"image":{"@id":"https:\/\/www.aquimicasa.net\/blog\/boletines\/boletin-inmobiliario-138-el-calenton-del-alquiler-propicia-abusos-y-especulacion\/#primaryimage"},"thumbnailUrl":"https:\/\/www.aquimicasa.net\/blog\/wp-content\/uploads\/Logo-aquimicasa.png","datePublished":"2017-12-17T08:26:21+00:00","dateModified":"2020-04-02T16:54:44+00:00","description":"Bolet\u00edn Inmobiliario 138 \"El calent\u00f3n del alquiler propicia abusos y especulaci\u00f3n\" Noticias, pisos y chalets en venta, opini\u00f3n, vivienda m\u00e1s visitada...","breadcrumb":{"@id":"https:\/\/www.aquimicasa.net\/blog\/boletines\/boletin-inmobiliario-138-el-calenton-del-alquiler-propicia-abusos-y-especulacion\/#breadcrumb"},"inLanguage":"es","potentialAction":[{"@type":"ReadAction","target":["https:\/\/www.aquimicasa.net\/blog\/boletines\/boletin-inmobiliario-138-el-calenton-del-alquiler-propicia-abusos-y-especulacion\/"]}]},{"@type":"ImageObject","inLanguage":"es","@id":"https:\/\/www.aquimicasa.net\/blog\/boletines\/boletin-inmobiliario-138-el-calenton-del-alquiler-propicia-abusos-y-especulacion\/#primaryimage","url":"https:\/\/www.aquimicasa.net\/blog\/wp-content\/uploads\/Logo-aquimicasa.png","contentUrl":"https:\/\/www.aquimicasa.net\/blog\/wp-content\/uploads\/Logo-aquimicasa.png","width":300,"height":300},{"@type":"BreadcrumbList","@id":"https:\/\/www.aquimicasa.net\/blog\/boletines\/boletin-inmobiliario-138-el-calenton-del-alquiler-propicia-abusos-y-especulacion\/#breadcrumb","itemListElement":[{"@type":"ListItem","position":1,"name":"Portada","item":"https:\/\/www.aquimicasa.net\/blog\/"},{"@type":"ListItem","position":2,"name":"Bolet\u00edn Inmobiliario 138 \u00abEl calent\u00f3n del alquiler propicia abusos y especulaci\u00f3n\u00bb"}]},{"@type":"WebSite","@id":"https:\/\/www.aquimicasa.net\/blog\/#website","url":"https:\/\/www.aquimicasa.net\/blog\/","name":"Blog de aquimicasa.net","description":"Noticias del Mundo Inmobiliario","publisher":{"@id":"https:\/\/www.aquimicasa.net\/blog\/#organization"},"potentialAction":[{"@type":"SearchAction","target":{"@type":"EntryPoint","urlTemplate":"https:\/\/www.aquimicasa.net\/blog\/?s={search_term_string}"},"query-input":{"@type":"PropertyValueSpecification","valueRequired":true,"valueName":"search_term_string"}}],"inLanguage":"es"},{"@type":"Organization","@id":"https:\/\/www.aquimicasa.net\/blog\/#organization","name":"Blog de aquimicasa.net","url":"https:\/\/www.aquimicasa.net\/blog\/","logo":{"@type":"ImageObject","inLanguage":"es","@id":"https:\/\/www.aquimicasa.net\/blog\/#\/schema\/logo\/image\/","url":"https:\/\/www.aquimicasa.net\/blog\/wp-content\/uploads\/Logo-aquimicasa-1-e1528048213782.png","contentUrl":"https:\/\/www.aquimicasa.net\/blog\/wp-content\/uploads\/Logo-aquimicasa-1-e1528048213782.png","width":225,"height":225,"caption":"Blog de aquimicasa.net"},"image":{"@id":"https:\/\/www.aquimicasa.net\/blog\/#\/schema\/logo\/image\/"},"sameAs":["https:\/\/www.facebook.com\/aquimicasa.net","https:\/\/www.instagram.com\/","https:\/\/x.com\/EduLizarragaD","https:\/\/www.linkedin.com\/feed\/"]},{"@type":"Person","@id":"https:\/\/www.aquimicasa.net\/blog\/#\/schema\/person\/2cdfa2605534583395c8d7ce1d6cac14","name":"Eduardo Lizarraga","image":{"@type":"ImageObject","inLanguage":"es","@id":"https:\/\/secure.gravatar.com\/avatar\/bdabe1eeeed97b65a9cb7de2edd624b07995f7e13abc5fead15961f745f908cc?s=96&d=mm&r=g","url":"https:\/\/secure.gravatar.com\/avatar\/bdabe1eeeed97b65a9cb7de2edd624b07995f7e13abc5fead15961f745f908cc?s=96&d=mm&r=g","contentUrl":"https:\/\/secure.gravatar.com\/avatar\/bdabe1eeeed97b65a9cb7de2edd624b07995f7e13abc5fead15961f745f908cc?s=96&d=mm&r=g","caption":"Eduardo Lizarraga"},"description":"Periodista Econ\u00f3mico. Ha trabajado en diversos campos de la informaci\u00f3n. Corresponsal en conflictos, analista pol\u00edtico en Congreso y Senado, periodista del medio ambiente, editor, director editorial, director de comunicaci\u00f3n.... En estos momentos se ha especializado en el sector inmobiliario. Pero tambi\u00e9n es navegante y viajero, preocupado por la pobreza, el medio ambiente y por las actuaciones descontroladas del neoliberalismo empresarial y pol\u00edtico en todo el mundo. Los desahucios, la pobreza infantil y la falta de acceso a los suministros b\u00e1sicos son algunos de los grandes dramas de nuestra sociedad y que es preciso solucionar para hacerla m\u00e1s justa. CEO en www.aquimicasa.net","sameAs":["https:\/\/www.aquimicasa.net\/"],"url":"https:\/\/www.aquimicasa.net\/blog\/author\/eduardo\/"}]}},"jetpack_publicize_connections":[],"jetpack_featured_media_url":"https:\/\/www.aquimicasa.net\/blog\/wp-content\/uploads\/Logo-aquimicasa.png","jetpack_sharing_enabled":true,"jetpack_likes_enabled":true,"_links":{"self":[{"href":"https:\/\/www.aquimicasa.net\/blog\/wp-json\/wp\/v2\/posts\/18141","targetHints":{"allow":["GET"]}}],"collection":[{"href":"https:\/\/www.aquimicasa.net\/blog\/wp-json\/wp\/v2\/posts"}],"about":[{"href":"https:\/\/www.aquimicasa.net\/blog\/wp-json\/wp\/v2\/types\/post"}],"author":[{"embeddable":true,"href":"https:\/\/www.aquimicasa.net\/blog\/wp-json\/wp\/v2\/users\/3"}],"replies":[{"embeddable":true,"href":"https:\/\/www.aquimicasa.net\/blog\/wp-json\/wp\/v2\/comments?post=18141"}],"version-history":[{"count":2,"href":"https:\/\/www.aquimicasa.net\/blog\/wp-json\/wp\/v2\/posts\/18141\/revisions"}],"predecessor-version":[{"id":18145,"href":"https:\/\/www.aquimicasa.net\/blog\/wp-json\/wp\/v2\/posts\/18141\/revisions\/18145"}],"wp:featuredmedia":[{"embeddable":true,"href":"https:\/\/www.aquimicasa.net\/blog\/wp-json\/wp\/v2\/media\/17772"}],"wp:attachment":[{"href":"https:\/\/www.aquimicasa.net\/blog\/wp-json\/wp\/v2\/media?parent=18141"}],"wp:term":[{"taxonomy":"category","embeddable":true,"href":"https:\/\/www.aquimicasa.net\/blog\/wp-json\/wp\/v2\/categories?post=18141"},{"taxonomy":"post_tag","embeddable":true,"href":"https:\/\/www.aquimicasa.net\/blog\/wp-json\/wp\/v2\/tags?post=18141"}],"curies":[{"name":"wp","href":"https:\/\/api.w.org\/{rel}","templated":true}]}}