{"id":18162,"date":"2017-12-19T16:59:12","date_gmt":"2017-12-19T15:59:12","guid":{"rendered":"https:\/\/www.aquimicasa.net\/blog\/?p=18162"},"modified":"2020-04-02T18:29:50","modified_gmt":"2020-04-02T16:29:50","slug":"el-precio-de-la-vivienda-experimenta-una-ligera-reduccion","status":"publish","type":"post","link":"https:\/\/www.aquimicasa.net\/blog\/vivienda\/noticias-mercado-inmobiliario\/el-precio-de-la-vivienda-experimenta-una-ligera-reduccion\/","title":{"rendered":"El precio de la vivienda experimenta una ligera reducci\u00f3n"},"content":{"rendered":"<p>Se sab\u00eda que la recuperaci\u00f3n del sector inmobiliario sufrir\u00eda de altibajos y que no iba a ser sencilla y buena muestra de ello es la <strong>reducci\u00f3n del precio en un 1%<\/strong> ,que afirman los notarios, se ha producido en el mes de octubre. Asegura el Consejo General del Notariado, que el metro cuadrado de las viviendas compradas en octubre cost\u00f3 1.328 euros, es decir, un 1% por debajo de los anteriores datos.<\/p>\n<p>El abaratamiento del metro cuadrado de las viviendas se debe tanto a la<strong> reducci\u00f3n del precio de las viviendas unifamiliares,<\/strong> que lo hacen en un -1,4%, como la de los pisos en un -0,5%. Seg\u00fan los notarios, el precio del metro cuadrado de los pisos de precio libre se redujo ligeramente un 0,3%. Dentro de estos, el precio del metro cuadrado de los de segunda mano se situ\u00f3 en los 1.449 euros, lo que supone una ca\u00edda del 1,6% interanual, y el precio de los pisos nuevos alcanz\u00f3 los 1.809 euros por metro cuadrado, un 11,6% menos en tasa interanual.<\/p>\n<h2>Se incrementa la compraventa de viviendas<\/h2>\n<p>Por su parte, la compraventa de vivienda alcanz\u00f3 las 43.504 transacciones en octubre, lo que supone un <strong>incremento del 15,6% en tasa interanual,<\/strong> aumento que se rebaja al 11,6% en la serie corregida de estacionalidad. En cuanto a la venta de pisos mostr\u00f3 un incremento interanual del 14,3% y la de pisos de precio libre registr\u00f3 un aumento del 14%. Seg\u00fan los notarios, el <strong>crecimiento de la venta de pisos libres<\/strong> se debi\u00f3, como viene siendo ya habitual, a la expansi\u00f3n de ventas de pisos de segunda mano (+16,4%), ya que la venta de pisos nuevos se redujo un 7,7% interanual.\u00a0 En cuanto a la venta de viviendas unifamiliares en octubre, se experimenta un <strong>incremento del 20,3%<\/strong>.<\/p>\n<p>Tambi\u00e9n se incrementa, en una relaci\u00f3n muy proporcional, el n\u00famero de nuevos pr\u00e9stamos hipotecarios realizados en octubre, que <strong>alcanz\u00f3 los 25.886<\/strong>, con un incremento del 4,2% interanual.\u00a0 La cuant\u00eda promedio de tales pr\u00e9stamos fue de 158.417 euros, reflejando as\u00ed una ca\u00edda del 2,5% respecto al mismo mes del a\u00f1o anterior. Por su parte, los pr\u00e9stamos hipotecarios destinados a la adquisici\u00f3n de un inmueble se incrementaron en octubre un 9,2% interanual (19.142 pr\u00e9stamos), debido al incremento en la concesi\u00f3n de pr\u00e9stamos para la adquisici\u00f3n de una vivienda (+10 interanual), ya que los pr\u00e9stamos hipotecarios para la compra de otros inmuebles descendieron un 0,7% en tasa interanual. En el caso de las viviendas,<strong> el capital medio prestado fue de 127.850 euros<\/strong>, lo que representa una ca\u00edda del 2,4% interanual, y para el resto de inmuebles el pr\u00e9stamos promedio alcanzaron los 212.148 euros, lo que supone tambi\u00e9n una ca\u00edda del 3,6% respecto al mismo mes del a\u00f1o anterior.<\/p>\n<p>&nbsp;<\/p>\n","protected":false},"excerpt":{"rendered":"<p>Ya sab\u00edamos que la recuperaci\u00f3n del sector inmobiliario sufrir\u00eda de altibajos y que no iba a ser sencilla y buena muestra de ello es la reducci\u00f3n del precio en un 1% ,que afirman los notarios, se ha producido en el mes de octubre.<\/p>\n","protected":false},"author":3,"featured_media":16486,"comment_status":"open","ping_status":"open","sticky":false,"template":"","format":"standard","meta":{"_jetpack_memberships_contains_paid_content":false,"footnotes":"","jetpack_publicize_message":"","jetpack_publicize_feature_enabled":true,"jetpack_social_post_already_shared":true,"jetpack_social_options":{"image_generator_settings":{"template":"highway","default_image_id":0,"font":"","enabled":false},"version":2}},"categories":[7565],"tags":[186,4715,482,4714],"class_list":["post-18162","post","type-post","status-publish","format-standard","has-post-thumbnail","hentry","category-noticias-mercado-inmobiliario","tag-consejo-general-del-notariado","tag-el-precio-de-la-vivienda-experimenta-una-ligera-reduccion","tag-notarios","tag-se-incrementa-la-compraventa-de-viviendas"],"yoast_head":"<!-- This site is optimized with the Yoast SEO plugin v27.5 - https:\/\/yoast.com\/product\/yoast-seo-wordpress\/ -->\n<title>El precio de la vivienda experimenta una ligera reducci\u00f3n<\/title>\n<meta name=\"description\" content=\"La recuperaci\u00f3n del sector inmobiliario sufrir\u00eda de altibajos y no va a ser sencilla y muestra de ello es la reducci\u00f3n del precio en un 1%.\" \/>\n<meta name=\"robots\" content=\"index, follow, max-snippet:-1, max-image-preview:large, max-video-preview:-1\" \/>\n<link rel=\"canonical\" href=\"https:\/\/www.aquimicasa.net\/blog\/vivienda\/noticias-mercado-inmobiliario\/el-precio-de-la-vivienda-experimenta-una-ligera-reduccion\/\" \/>\n<meta property=\"og:locale\" content=\"es_ES\" \/>\n<meta property=\"og:type\" content=\"article\" \/>\n<meta property=\"og:title\" content=\"El precio de la vivienda experimenta una ligera reducci\u00f3n\" \/>\n<meta property=\"og:description\" content=\"La recuperaci\u00f3n del sector inmobiliario sufrir\u00eda de altibajos y no va a ser sencilla y muestra de ello es la reducci\u00f3n del precio en un 1%.\" \/>\n<meta property=\"og:url\" content=\"https:\/\/www.aquimicasa.net\/blog\/vivienda\/noticias-mercado-inmobiliario\/el-precio-de-la-vivienda-experimenta-una-ligera-reduccion\/\" \/>\n<meta property=\"og:site_name\" content=\"Blog de aquimicasa.net\" \/>\n<meta property=\"article:publisher\" content=\"https:\/\/www.facebook.com\/aquimicasa.net\" \/>\n<meta property=\"article:published_time\" content=\"2017-12-19T15:59:12+00:00\" \/>\n<meta property=\"article:modified_time\" content=\"2020-04-02T16:29:50+00:00\" \/>\n<meta property=\"og:image\" content=\"https:\/\/www.aquimicasa.net\/blog\/wp-content\/uploads\/Impuestos-municipales6-e1499103730962.jpg\" \/>\n\t<meta property=\"og:image:width\" content=\"340\" \/>\n\t<meta property=\"og:image:height\" content=\"233\" \/>\n\t<meta property=\"og:image:type\" content=\"image\/jpeg\" \/>\n<meta name=\"author\" content=\"Eduardo Lizarraga\" \/>\n<meta name=\"twitter:label1\" content=\"Escrito por\" \/>\n\t<meta name=\"twitter:data1\" content=\"Eduardo Lizarraga\" \/>\n\t<meta name=\"twitter:label2\" content=\"Tiempo de lectura\" \/>\n\t<meta name=\"twitter:data2\" content=\"2 minutos\" \/>\n<script type=\"application\/ld+json\" class=\"yoast-schema-graph\">{\"@context\":\"https:\\\/\\\/schema.org\",\"@graph\":[{\"@type\":\"Article\",\"@id\":\"https:\\\/\\\/www.aquimicasa.net\\\/blog\\\/vivienda\\\/noticias-mercado-inmobiliario\\\/el-precio-de-la-vivienda-experimenta-una-ligera-reduccion\\\/#article\",\"isPartOf\":{\"@id\":\"https:\\\/\\\/www.aquimicasa.net\\\/blog\\\/vivienda\\\/noticias-mercado-inmobiliario\\\/el-precio-de-la-vivienda-experimenta-una-ligera-reduccion\\\/\"},\"author\":{\"name\":\"Eduardo Lizarraga\",\"@id\":\"https:\\\/\\\/www.aquimicasa.net\\\/blog\\\/#\\\/schema\\\/person\\\/2cdfa2605534583395c8d7ce1d6cac14\"},\"headline\":\"El precio de la vivienda experimenta una ligera reducci\u00f3n\",\"datePublished\":\"2017-12-19T15:59:12+00:00\",\"dateModified\":\"2020-04-02T16:29:50+00:00\",\"mainEntityOfPage\":{\"@id\":\"https:\\\/\\\/www.aquimicasa.net\\\/blog\\\/vivienda\\\/noticias-mercado-inmobiliario\\\/el-precio-de-la-vivienda-experimenta-una-ligera-reduccion\\\/\"},\"wordCount\":462,\"commentCount\":0,\"publisher\":{\"@id\":\"https:\\\/\\\/www.aquimicasa.net\\\/blog\\\/#organization\"},\"image\":{\"@id\":\"https:\\\/\\\/www.aquimicasa.net\\\/blog\\\/vivienda\\\/noticias-mercado-inmobiliario\\\/el-precio-de-la-vivienda-experimenta-una-ligera-reduccion\\\/#primaryimage\"},\"thumbnailUrl\":\"https:\\\/\\\/www.aquimicasa.net\\\/blog\\\/wp-content\\\/uploads\\\/Impuestos-municipales6-e1499103730962.jpg\",\"keywords\":[\"Consejo General del Notariado\",\"El precio de la vivienda experimenta una ligera reducci\u00f3n\",\"notarios\",\"se incrementa la compraventa de viviendas\"],\"articleSection\":[\"Noticias Mercado Inmobiliario\"],\"inLanguage\":\"es\",\"potentialAction\":[{\"@type\":\"CommentAction\",\"name\":\"Comment\",\"target\":[\"https:\\\/\\\/www.aquimicasa.net\\\/blog\\\/vivienda\\\/noticias-mercado-inmobiliario\\\/el-precio-de-la-vivienda-experimenta-una-ligera-reduccion\\\/#respond\"]}]},{\"@type\":\"WebPage\",\"@id\":\"https:\\\/\\\/www.aquimicasa.net\\\/blog\\\/vivienda\\\/noticias-mercado-inmobiliario\\\/el-precio-de-la-vivienda-experimenta-una-ligera-reduccion\\\/\",\"url\":\"https:\\\/\\\/www.aquimicasa.net\\\/blog\\\/vivienda\\\/noticias-mercado-inmobiliario\\\/el-precio-de-la-vivienda-experimenta-una-ligera-reduccion\\\/\",\"name\":\"El precio de la vivienda experimenta una ligera reducci\u00f3n\",\"isPartOf\":{\"@id\":\"https:\\\/\\\/www.aquimicasa.net\\\/blog\\\/#website\"},\"primaryImageOfPage\":{\"@id\":\"https:\\\/\\\/www.aquimicasa.net\\\/blog\\\/vivienda\\\/noticias-mercado-inmobiliario\\\/el-precio-de-la-vivienda-experimenta-una-ligera-reduccion\\\/#primaryimage\"},\"image\":{\"@id\":\"https:\\\/\\\/www.aquimicasa.net\\\/blog\\\/vivienda\\\/noticias-mercado-inmobiliario\\\/el-precio-de-la-vivienda-experimenta-una-ligera-reduccion\\\/#primaryimage\"},\"thumbnailUrl\":\"https:\\\/\\\/www.aquimicasa.net\\\/blog\\\/wp-content\\\/uploads\\\/Impuestos-municipales6-e1499103730962.jpg\",\"datePublished\":\"2017-12-19T15:59:12+00:00\",\"dateModified\":\"2020-04-02T16:29:50+00:00\",\"description\":\"La recuperaci\u00f3n del sector inmobiliario sufrir\u00eda de altibajos y no va a ser sencilla y muestra de ello es la reducci\u00f3n del precio en un 1%.\",\"breadcrumb\":{\"@id\":\"https:\\\/\\\/www.aquimicasa.net\\\/blog\\\/vivienda\\\/noticias-mercado-inmobiliario\\\/el-precio-de-la-vivienda-experimenta-una-ligera-reduccion\\\/#breadcrumb\"},\"inLanguage\":\"es\",\"potentialAction\":[{\"@type\":\"ReadAction\",\"target\":[\"https:\\\/\\\/www.aquimicasa.net\\\/blog\\\/vivienda\\\/noticias-mercado-inmobiliario\\\/el-precio-de-la-vivienda-experimenta-una-ligera-reduccion\\\/\"]}]},{\"@type\":\"ImageObject\",\"inLanguage\":\"es\",\"@id\":\"https:\\\/\\\/www.aquimicasa.net\\\/blog\\\/vivienda\\\/noticias-mercado-inmobiliario\\\/el-precio-de-la-vivienda-experimenta-una-ligera-reduccion\\\/#primaryimage\",\"url\":\"https:\\\/\\\/www.aquimicasa.net\\\/blog\\\/wp-content\\\/uploads\\\/Impuestos-municipales6-e1499103730962.jpg\",\"contentUrl\":\"https:\\\/\\\/www.aquimicasa.net\\\/blog\\\/wp-content\\\/uploads\\\/Impuestos-municipales6-e1499103730962.jpg\",\"width\":340,\"height\":233},{\"@type\":\"BreadcrumbList\",\"@id\":\"https:\\\/\\\/www.aquimicasa.net\\\/blog\\\/vivienda\\\/noticias-mercado-inmobiliario\\\/el-precio-de-la-vivienda-experimenta-una-ligera-reduccion\\\/#breadcrumb\",\"itemListElement\":[{\"@type\":\"ListItem\",\"position\":1,\"name\":\"Portada\",\"item\":\"https:\\\/\\\/www.aquimicasa.net\\\/blog\\\/\"},{\"@type\":\"ListItem\",\"position\":2,\"name\":\"El precio de la vivienda experimenta una ligera reducci\u00f3n\"}]},{\"@type\":\"WebSite\",\"@id\":\"https:\\\/\\\/www.aquimicasa.net\\\/blog\\\/#website\",\"url\":\"https:\\\/\\\/www.aquimicasa.net\\\/blog\\\/\",\"name\":\"Blog de aquimicasa.net\",\"description\":\"Noticias del Mundo Inmobiliario\",\"publisher\":{\"@id\":\"https:\\\/\\\/www.aquimicasa.net\\\/blog\\\/#organization\"},\"potentialAction\":[{\"@type\":\"SearchAction\",\"target\":{\"@type\":\"EntryPoint\",\"urlTemplate\":\"https:\\\/\\\/www.aquimicasa.net\\\/blog\\\/?s={search_term_string}\"},\"query-input\":{\"@type\":\"PropertyValueSpecification\",\"valueRequired\":true,\"valueName\":\"search_term_string\"}}],\"inLanguage\":\"es\"},{\"@type\":\"Organization\",\"@id\":\"https:\\\/\\\/www.aquimicasa.net\\\/blog\\\/#organization\",\"name\":\"Blog de aquimicasa.net\",\"url\":\"https:\\\/\\\/www.aquimicasa.net\\\/blog\\\/\",\"logo\":{\"@type\":\"ImageObject\",\"inLanguage\":\"es\",\"@id\":\"https:\\\/\\\/www.aquimicasa.net\\\/blog\\\/#\\\/schema\\\/logo\\\/image\\\/\",\"url\":\"https:\\\/\\\/www.aquimicasa.net\\\/blog\\\/wp-content\\\/uploads\\\/Logo-aquimicasa-1-e1528048213782.png\",\"contentUrl\":\"https:\\\/\\\/www.aquimicasa.net\\\/blog\\\/wp-content\\\/uploads\\\/Logo-aquimicasa-1-e1528048213782.png\",\"width\":225,\"height\":225,\"caption\":\"Blog de aquimicasa.net\"},\"image\":{\"@id\":\"https:\\\/\\\/www.aquimicasa.net\\\/blog\\\/#\\\/schema\\\/logo\\\/image\\\/\"},\"sameAs\":[\"https:\\\/\\\/www.facebook.com\\\/aquimicasa.net\",\"https:\\\/\\\/www.instagram.com\\\/\",\"https:\\\/\\\/x.com\\\/EduLizarragaD\",\"https:\\\/\\\/www.linkedin.com\\\/feed\\\/\"]},{\"@type\":\"Person\",\"@id\":\"https:\\\/\\\/www.aquimicasa.net\\\/blog\\\/#\\\/schema\\\/person\\\/2cdfa2605534583395c8d7ce1d6cac14\",\"name\":\"Eduardo Lizarraga\",\"image\":{\"@type\":\"ImageObject\",\"inLanguage\":\"es\",\"@id\":\"https:\\\/\\\/secure.gravatar.com\\\/avatar\\\/bdabe1eeeed97b65a9cb7de2edd624b07995f7e13abc5fead15961f745f908cc?s=96&d=mm&r=g\",\"url\":\"https:\\\/\\\/secure.gravatar.com\\\/avatar\\\/bdabe1eeeed97b65a9cb7de2edd624b07995f7e13abc5fead15961f745f908cc?s=96&d=mm&r=g\",\"contentUrl\":\"https:\\\/\\\/secure.gravatar.com\\\/avatar\\\/bdabe1eeeed97b65a9cb7de2edd624b07995f7e13abc5fead15961f745f908cc?s=96&d=mm&r=g\",\"caption\":\"Eduardo Lizarraga\"},\"description\":\"Periodista Econ\u00f3mico. Ha trabajado en diversos campos de la informaci\u00f3n. Corresponsal en conflictos, analista pol\u00edtico en Congreso y Senado, periodista del medio ambiente, editor, director editorial, director de comunicaci\u00f3n.... En estos momentos se ha especializado en el sector inmobiliario. Pero tambi\u00e9n es navegante y viajero, preocupado por la pobreza, el medio ambiente y por las actuaciones descontroladas del neoliberalismo empresarial y pol\u00edtico en todo el mundo. Los desahucios, la pobreza infantil y la falta de acceso a los suministros b\u00e1sicos son algunos de los grandes dramas de nuestra sociedad y que es preciso solucionar para hacerla m\u00e1s justa. CEO en www.aquimicasa.net\",\"sameAs\":[\"https:\\\/\\\/www.aquimicasa.net\\\/\"],\"url\":\"https:\\\/\\\/www.aquimicasa.net\\\/blog\\\/author\\\/eduardo\\\/\"}]}<\/script>\n<!-- \/ Yoast SEO plugin. -->","yoast_head_json":{"title":"El precio de la vivienda experimenta una ligera reducci\u00f3n","description":"La recuperaci\u00f3n del sector inmobiliario sufrir\u00eda de altibajos y no va a ser sencilla y muestra de ello es la reducci\u00f3n del precio en un 1%.","robots":{"index":"index","follow":"follow","max-snippet":"max-snippet:-1","max-image-preview":"max-image-preview:large","max-video-preview":"max-video-preview:-1"},"canonical":"https:\/\/www.aquimicasa.net\/blog\/vivienda\/noticias-mercado-inmobiliario\/el-precio-de-la-vivienda-experimenta-una-ligera-reduccion\/","og_locale":"es_ES","og_type":"article","og_title":"El precio de la vivienda experimenta una ligera reducci\u00f3n","og_description":"La recuperaci\u00f3n del sector inmobiliario sufrir\u00eda de altibajos y no va a ser sencilla y muestra de ello es la reducci\u00f3n del precio en un 1%.","og_url":"https:\/\/www.aquimicasa.net\/blog\/vivienda\/noticias-mercado-inmobiliario\/el-precio-de-la-vivienda-experimenta-una-ligera-reduccion\/","og_site_name":"Blog de aquimicasa.net","article_publisher":"https:\/\/www.facebook.com\/aquimicasa.net","article_published_time":"2017-12-19T15:59:12+00:00","article_modified_time":"2020-04-02T16:29:50+00:00","og_image":[{"width":340,"height":233,"url":"https:\/\/www.aquimicasa.net\/blog\/wp-content\/uploads\/Impuestos-municipales6-e1499103730962.jpg","type":"image\/jpeg"}],"author":"Eduardo Lizarraga","twitter_misc":{"Escrito por":"Eduardo Lizarraga","Tiempo de lectura":"2 minutos"},"schema":{"@context":"https:\/\/schema.org","@graph":[{"@type":"Article","@id":"https:\/\/www.aquimicasa.net\/blog\/vivienda\/noticias-mercado-inmobiliario\/el-precio-de-la-vivienda-experimenta-una-ligera-reduccion\/#article","isPartOf":{"@id":"https:\/\/www.aquimicasa.net\/blog\/vivienda\/noticias-mercado-inmobiliario\/el-precio-de-la-vivienda-experimenta-una-ligera-reduccion\/"},"author":{"name":"Eduardo Lizarraga","@id":"https:\/\/www.aquimicasa.net\/blog\/#\/schema\/person\/2cdfa2605534583395c8d7ce1d6cac14"},"headline":"El precio de la vivienda experimenta una ligera reducci\u00f3n","datePublished":"2017-12-19T15:59:12+00:00","dateModified":"2020-04-02T16:29:50+00:00","mainEntityOfPage":{"@id":"https:\/\/www.aquimicasa.net\/blog\/vivienda\/noticias-mercado-inmobiliario\/el-precio-de-la-vivienda-experimenta-una-ligera-reduccion\/"},"wordCount":462,"commentCount":0,"publisher":{"@id":"https:\/\/www.aquimicasa.net\/blog\/#organization"},"image":{"@id":"https:\/\/www.aquimicasa.net\/blog\/vivienda\/noticias-mercado-inmobiliario\/el-precio-de-la-vivienda-experimenta-una-ligera-reduccion\/#primaryimage"},"thumbnailUrl":"https:\/\/www.aquimicasa.net\/blog\/wp-content\/uploads\/Impuestos-municipales6-e1499103730962.jpg","keywords":["Consejo General del Notariado","El precio de la vivienda experimenta una ligera reducci\u00f3n","notarios","se incrementa la compraventa de viviendas"],"articleSection":["Noticias Mercado Inmobiliario"],"inLanguage":"es","potentialAction":[{"@type":"CommentAction","name":"Comment","target":["https:\/\/www.aquimicasa.net\/blog\/vivienda\/noticias-mercado-inmobiliario\/el-precio-de-la-vivienda-experimenta-una-ligera-reduccion\/#respond"]}]},{"@type":"WebPage","@id":"https:\/\/www.aquimicasa.net\/blog\/vivienda\/noticias-mercado-inmobiliario\/el-precio-de-la-vivienda-experimenta-una-ligera-reduccion\/","url":"https:\/\/www.aquimicasa.net\/blog\/vivienda\/noticias-mercado-inmobiliario\/el-precio-de-la-vivienda-experimenta-una-ligera-reduccion\/","name":"El precio de la vivienda experimenta una ligera reducci\u00f3n","isPartOf":{"@id":"https:\/\/www.aquimicasa.net\/blog\/#website"},"primaryImageOfPage":{"@id":"https:\/\/www.aquimicasa.net\/blog\/vivienda\/noticias-mercado-inmobiliario\/el-precio-de-la-vivienda-experimenta-una-ligera-reduccion\/#primaryimage"},"image":{"@id":"https:\/\/www.aquimicasa.net\/blog\/vivienda\/noticias-mercado-inmobiliario\/el-precio-de-la-vivienda-experimenta-una-ligera-reduccion\/#primaryimage"},"thumbnailUrl":"https:\/\/www.aquimicasa.net\/blog\/wp-content\/uploads\/Impuestos-municipales6-e1499103730962.jpg","datePublished":"2017-12-19T15:59:12+00:00","dateModified":"2020-04-02T16:29:50+00:00","description":"La recuperaci\u00f3n del sector inmobiliario sufrir\u00eda de altibajos y no va a ser sencilla y muestra de ello es la reducci\u00f3n del precio en un 1%.","breadcrumb":{"@id":"https:\/\/www.aquimicasa.net\/blog\/vivienda\/noticias-mercado-inmobiliario\/el-precio-de-la-vivienda-experimenta-una-ligera-reduccion\/#breadcrumb"},"inLanguage":"es","potentialAction":[{"@type":"ReadAction","target":["https:\/\/www.aquimicasa.net\/blog\/vivienda\/noticias-mercado-inmobiliario\/el-precio-de-la-vivienda-experimenta-una-ligera-reduccion\/"]}]},{"@type":"ImageObject","inLanguage":"es","@id":"https:\/\/www.aquimicasa.net\/blog\/vivienda\/noticias-mercado-inmobiliario\/el-precio-de-la-vivienda-experimenta-una-ligera-reduccion\/#primaryimage","url":"https:\/\/www.aquimicasa.net\/blog\/wp-content\/uploads\/Impuestos-municipales6-e1499103730962.jpg","contentUrl":"https:\/\/www.aquimicasa.net\/blog\/wp-content\/uploads\/Impuestos-municipales6-e1499103730962.jpg","width":340,"height":233},{"@type":"BreadcrumbList","@id":"https:\/\/www.aquimicasa.net\/blog\/vivienda\/noticias-mercado-inmobiliario\/el-precio-de-la-vivienda-experimenta-una-ligera-reduccion\/#breadcrumb","itemListElement":[{"@type":"ListItem","position":1,"name":"Portada","item":"https:\/\/www.aquimicasa.net\/blog\/"},{"@type":"ListItem","position":2,"name":"El precio de la vivienda experimenta una ligera reducci\u00f3n"}]},{"@type":"WebSite","@id":"https:\/\/www.aquimicasa.net\/blog\/#website","url":"https:\/\/www.aquimicasa.net\/blog\/","name":"Blog de aquimicasa.net","description":"Noticias del Mundo Inmobiliario","publisher":{"@id":"https:\/\/www.aquimicasa.net\/blog\/#organization"},"potentialAction":[{"@type":"SearchAction","target":{"@type":"EntryPoint","urlTemplate":"https:\/\/www.aquimicasa.net\/blog\/?s={search_term_string}"},"query-input":{"@type":"PropertyValueSpecification","valueRequired":true,"valueName":"search_term_string"}}],"inLanguage":"es"},{"@type":"Organization","@id":"https:\/\/www.aquimicasa.net\/blog\/#organization","name":"Blog de aquimicasa.net","url":"https:\/\/www.aquimicasa.net\/blog\/","logo":{"@type":"ImageObject","inLanguage":"es","@id":"https:\/\/www.aquimicasa.net\/blog\/#\/schema\/logo\/image\/","url":"https:\/\/www.aquimicasa.net\/blog\/wp-content\/uploads\/Logo-aquimicasa-1-e1528048213782.png","contentUrl":"https:\/\/www.aquimicasa.net\/blog\/wp-content\/uploads\/Logo-aquimicasa-1-e1528048213782.png","width":225,"height":225,"caption":"Blog de aquimicasa.net"},"image":{"@id":"https:\/\/www.aquimicasa.net\/blog\/#\/schema\/logo\/image\/"},"sameAs":["https:\/\/www.facebook.com\/aquimicasa.net","https:\/\/www.instagram.com\/","https:\/\/x.com\/EduLizarragaD","https:\/\/www.linkedin.com\/feed\/"]},{"@type":"Person","@id":"https:\/\/www.aquimicasa.net\/blog\/#\/schema\/person\/2cdfa2605534583395c8d7ce1d6cac14","name":"Eduardo Lizarraga","image":{"@type":"ImageObject","inLanguage":"es","@id":"https:\/\/secure.gravatar.com\/avatar\/bdabe1eeeed97b65a9cb7de2edd624b07995f7e13abc5fead15961f745f908cc?s=96&d=mm&r=g","url":"https:\/\/secure.gravatar.com\/avatar\/bdabe1eeeed97b65a9cb7de2edd624b07995f7e13abc5fead15961f745f908cc?s=96&d=mm&r=g","contentUrl":"https:\/\/secure.gravatar.com\/avatar\/bdabe1eeeed97b65a9cb7de2edd624b07995f7e13abc5fead15961f745f908cc?s=96&d=mm&r=g","caption":"Eduardo Lizarraga"},"description":"Periodista Econ\u00f3mico. Ha trabajado en diversos campos de la informaci\u00f3n. Corresponsal en conflictos, analista pol\u00edtico en Congreso y Senado, periodista del medio ambiente, editor, director editorial, director de comunicaci\u00f3n.... En estos momentos se ha especializado en el sector inmobiliario. Pero tambi\u00e9n es navegante y viajero, preocupado por la pobreza, el medio ambiente y por las actuaciones descontroladas del neoliberalismo empresarial y pol\u00edtico en todo el mundo. Los desahucios, la pobreza infantil y la falta de acceso a los suministros b\u00e1sicos son algunos de los grandes dramas de nuestra sociedad y que es preciso solucionar para hacerla m\u00e1s justa. CEO en www.aquimicasa.net","sameAs":["https:\/\/www.aquimicasa.net\/"],"url":"https:\/\/www.aquimicasa.net\/blog\/author\/eduardo\/"}]}},"jetpack_publicize_connections":[],"jetpack_featured_media_url":"https:\/\/www.aquimicasa.net\/blog\/wp-content\/uploads\/Impuestos-municipales6-e1499103730962.jpg","jetpack_sharing_enabled":true,"jetpack_likes_enabled":true,"_links":{"self":[{"href":"https:\/\/www.aquimicasa.net\/blog\/wp-json\/wp\/v2\/posts\/18162","targetHints":{"allow":["GET"]}}],"collection":[{"href":"https:\/\/www.aquimicasa.net\/blog\/wp-json\/wp\/v2\/posts"}],"about":[{"href":"https:\/\/www.aquimicasa.net\/blog\/wp-json\/wp\/v2\/types\/post"}],"author":[{"embeddable":true,"href":"https:\/\/www.aquimicasa.net\/blog\/wp-json\/wp\/v2\/users\/3"}],"replies":[{"embeddable":true,"href":"https:\/\/www.aquimicasa.net\/blog\/wp-json\/wp\/v2\/comments?post=18162"}],"version-history":[{"count":7,"href":"https:\/\/www.aquimicasa.net\/blog\/wp-json\/wp\/v2\/posts\/18162\/revisions"}],"predecessor-version":[{"id":18178,"href":"https:\/\/www.aquimicasa.net\/blog\/wp-json\/wp\/v2\/posts\/18162\/revisions\/18178"}],"wp:featuredmedia":[{"embeddable":true,"href":"https:\/\/www.aquimicasa.net\/blog\/wp-json\/wp\/v2\/media\/16486"}],"wp:attachment":[{"href":"https:\/\/www.aquimicasa.net\/blog\/wp-json\/wp\/v2\/media?parent=18162"}],"wp:term":[{"taxonomy":"category","embeddable":true,"href":"https:\/\/www.aquimicasa.net\/blog\/wp-json\/wp\/v2\/categories?post=18162"},{"taxonomy":"post_tag","embeddable":true,"href":"https:\/\/www.aquimicasa.net\/blog\/wp-json\/wp\/v2\/tags?post=18162"}],"curies":[{"name":"wp","href":"https:\/\/api.w.org\/{rel}","templated":true}]}}