{"id":18299,"date":"2017-04-08T10:23:50","date_gmt":"2017-04-08T08:23:50","guid":{"rendered":"https:\/\/www.aquimicasa.net\/blog\/?p=18299"},"modified":"2020-10-21T00:20:02","modified_gmt":"2020-10-20T22:20:02","slug":"pisos-y-casas-en-avila-y-sierra-de-gredos","status":"publish","type":"post","link":"https:\/\/www.aquimicasa.net\/blog\/vivienda\/noticias-mercado-inmobiliario\/pisos-y-casas-en-avila-y-sierra-de-gredos\/","title":{"rendered":"Pisos y casas en \u00c1vila y Sierra de Gredos"},"content":{"rendered":"<div class=\"fusion-fullwidth fullwidth-box fusion-builder-row-1 nonhundred-percent-fullwidth non-hundred-percent-height-scrolling\" style=\"background-color: rgba(255,255,255,0);background-position: center center;background-repeat: no-repeat;padding-top:0px;padding-right:0px;padding-bottom:0px;padding-left:0px;margin-bottom: 0px;margin-top: 0px;border-width: 0px 0px 0px 0px;border-color:#eae9e9;border-style:solid;\" ><div class=\"fusion-builder-row fusion-row\"><div class=\"fusion-layout-column fusion_builder_column fusion-builder-column-0 fusion_builder_column_1_1 1_1 fusion-one-full fusion-column-first fusion-column-last\" style=\"margin-top:0px;margin-bottom:20px;\"><div class=\"fusion-column-wrapper fusion-flex-column-wrapper-legacy\" style=\"background-position:left top;background-repeat:no-repeat;-webkit-background-size:cover;-moz-background-size:cover;-o-background-size:cover;background-size:cover;padding: 0px 0px 2% 0px;\"><div class=\"fusion-text fusion-text-1\"><p>\u00c1vila y la Sierra de Gredos son el refugio de monta\u00f1a de Madrid y aqu\u00ed encontrar\u00e1s las casas<\/p>\n<\/div><div class=\"fusion-sep-clear\"><\/div><div class=\"fusion-separator fusion-full-width-sep\" style=\"margin-left: auto;margin-right: auto;margin-top:1%;margin-bottom:1%;width:100%;\"><\/div><div class=\"fusion-sep-clear\"><\/div><div class=\"fusion-text fusion-text-2\"><p>El \u00edndice Tinsa IMIE muestra un <strong>descenso interanual del 10,4%%<\/strong> en el precio de los <strong>pisos y casas en la provincia de \u00c1vila y Sierra de Gredos<\/strong><strong>.\u00a0<\/strong>Los datos, procedentes de las tasaciones realizadas durante el\u00a0 tercer trimestre, sit\u00faan el precio medio de los <strong>pisos y casas en la provincia de \u00c1vila y Sierra de Gredos<\/strong><strong>\u00a0<\/strong>en 704 euros\/m2, lo que supone una ca\u00edda del\u00a0 53,2% respecto al m\u00e1ximo hist\u00f3rico alcanzado en el 2007. La evoluci\u00f3n durante lo que llevamos del\u00a0 2020 est\u00e1 <strong>resultando negativa<\/strong>\u00a0siendo el precio medio de los\u00a0<strong> pisos y casas en la provincia de \u00c1vila y Sierra de Gredos <\/strong>en el cuarto trimestre, un 11% inferior al registrado en esta zona en el mismo periodo del a\u00f1o anterior.\u00a0 \u00a0El plazo medio de<strong>\u00a0\u00a0<\/strong>la venta de <strong>pisos y casas en la provincia de \u00c1vila y Sierra de Gredos<\/strong><strong>\u00a0<\/strong>se sit\u00faa en 11,5 meses, lo que es\u00a0 superior al plazo medio de venta en Espa\u00f1a que se sit\u00faa en 8,63 meses.<\/p>\n<h2>Pisos y casas en la ciudad de \u00c1vila<\/h2>\n<p>El precio medio de los<strong> pisos y casas en la ciudad de \u00c1vila <\/strong>muestra, en el tercer trimestre del a\u00f1o 2020, un descenso interanual del\u00a0 7,2%, hasta llegar a los 868 euros\/m2, de acuerdo a los datos del \u00edndice Tinsa IMIE. Desde los valores m\u00e1ximos alcanzados en el cuarto trimestre del 2007, el valor de los <strong>pisos y casas en la ciudad de \u00c1vila<\/strong><strong>\u00a0<\/strong>se ha depreciado un 56,2%. El mercado residencial est\u00e1 evolucionando en negativo durante lo que llevamos de a\u00f1o. El precio de los <strong>pisos y casas en la ciudad de \u00c1vila<\/strong><strong>\u00a0<\/strong>en el tercer trimestre del 2020 es un 9%\u00a0 inferior al registrado en el mismo periodo del a\u00f1o anterior.\u00a0 \u00a0En 2019, el dato acumulado a estas alturas del a\u00f1o reflejaba un incremento del 1,2%. El plazo medio de venta de una vivienda en la <strong>ciudad de \u00c1vila<\/strong><strong>\u00a0<\/strong>es de 14,9 meses frente a los 8,63 de la media espa\u00f1ola.<\/p>\n<\/div><div class=\"fusion-clearfix\"><\/div><\/div><\/div><div class=\"fusion-layout-column fusion_builder_column fusion-builder-column-1 fusion_builder_column_1_1 1_1 fusion-one-full fusion-column-first fusion-column-last\" style=\"margin-top:0px;margin-bottom:20px;\"><div class=\"fusion-column-wrapper fusion-flex-column-wrapper-legacy\" style=\"background-position:left top;background-repeat:no-repeat;-webkit-background-size:cover;-moz-background-size:cover;-o-background-size:cover;background-size:cover;background-color:#f6f6f6;padding: 2% 0px 0px 0px;\"><style type=\"text\/css\"><\/style><div class=\"fusion-title title fusion-title-1 fusion-sep-none fusion-title-center fusion-title-text fusion-title-size-two\" style=\"font-size:22px;margin-top:0px;margin-right:0px;margin-bottom:31px;margin-left:0px;\"><h2 class=\"title-heading-center\" style=\"margin:0;font-size:1em;\"><p style=\"text-align: center;\">Ver Inmuebles de este Profesional<\/p><\/h2><\/div><div class=\"fusion-clearfix\"><\/div><\/div><\/div><div class=\"fusion-layout-column fusion_builder_column fusion-builder-column-2 fusion_builder_column_1_1 1_1 fusion-one-full fusion-column-first fusion-column-last\" style=\"margin-top:0px;margin-bottom:20px;\"><div class=\"fusion-column-wrapper fusion-flex-column-wrapper-legacy\" style=\"background-position:left top;background-repeat:no-repeat;-webkit-background-size:cover;-moz-background-size:cover;-o-background-size:cover;background-size:cover;padding: 0px 0px 0px 0px;\"><div class=\"fusion-sep-clear\"><\/div><div class=\"fusion-separator fusion-full-width-sep\" style=\"margin-left: auto;margin-right: auto;margin-bottom:2%;width:100%;\"><\/div><div class=\"fusion-sep-clear\"><\/div><div class=\"fusion-clearfix\"><\/div><\/div><\/div><div class=\"fusion-layout-column fusion_builder_column fusion-builder-column-3 fusion_builder_column_1_4 1_4 fusion-one-fourth fusion-column-first\" style=\"width:25%;width:calc(25% - ( ( 4% + 4% + 4% ) * 0.25 ) );margin-right: 4%;margin-top:0px;margin-bottom:20px;\"><div class=\"fusion-column-wrapper fusion-flex-column-wrapper-legacy\" style=\"background-position:left top;background-repeat:no-repeat;-webkit-background-size:cover;-moz-background-size:cover;-o-background-size:cover;background-size:cover;padding: 10% 0px 10% 0px;\"><div class=\"fusion-fa-align-center\"><i class=\"fb-icon-element-1 fb-icon-element fontawesome-icon fa-building fas circle-yes\" style=\"font-size:44px;line-height:86px;height:88px;width:88px;border-width:1px;\"><\/i><\/div><style>i.fb-icon-element.fontawesome-icon.fb-icon-element-1{ color: rgba(0,0,0,0.8); background-color: #ffffff; border-color: rgba(101,188,123,0.8);}i.fb-icon-element.fontawesome-icon.fb-icon-element-1:hover { color: rgba(0,0,0,0.8); background-color: #ffffff; border-color: rgba(101,188,123,0.8);}<\/style><div class=\"fusion-sep-clear\"><\/div><div class=\"fusion-separator fusion-full-width-sep\" style=\"margin-left: auto;margin-right: auto;margin-top:5%;margin-bottom:5%;width:100%;\"><\/div><div class=\"fusion-sep-clear\"><\/div><div class=\"fusion-aligncenter\"><style type=\"text\/css\">.fusion-button.button-1 .fusion-button-text, .fusion-button.button-1 i {color:rgba(101,188,123,0.8);}.fusion-button.button-1 .fusion-button-icon-divider{border-color:rgba(101,188,123,0.8);}.fusion-button.button-1:hover .fusion-button-text, .fusion-button.button-1:hover i,.fusion-button.button-1:focus .fusion-button-text, .fusion-button.button-1:focus i,.fusion-button.button-1:active .fusion-button-text, .fusion-button.button-1:active{color:#ffffff;}.fusion-button.button-1:hover .fusion-button-icon-divider, .fusion-button.button-1:hover .fusion-button-icon-divider, .fusion-button.button-1:active .fusion-button-icon-divider{border-color:#ffffff;}.fusion-button.button-1:hover, .fusion-button.button-1:focus, .fusion-button.button-1:active{border-color:#ffffff;border-width:0px;}.fusion-button.button-1 {border-color:rgba(101,188,123,0.8);border-width:0px;border-radius:0px;}.fusion-button.button-1{background: #f6f6f6;}.fusion-button.button-1:hover,.button-1:focus,.fusion-button.button-1:active{background: rgba(101,188,123,0.8);}<\/style><a class=\"fusion-button button-flat button-xlarge button-custom button-1 fusion-button-default-span fusion-button-default-type\" target=\"_blank\" rel=\"noopener noreferrer\" href=\"https:\/\/www.aquimicasa.net\/profesionales\/111\/celemin-ral-estate-slu\/t\/pisos\/\"><span class=\"fusion-button-text\">pisos<\/span><\/a><\/div><div class=\"fusion-clearfix\"><\/div><\/div><\/div><div class=\"fusion-layout-column fusion_builder_column fusion-builder-column-4 fusion_builder_column_1_4 1_4 fusion-one-fourth\" style=\"width:25%;width:calc(25% - ( ( 4% + 4% + 4% ) * 0.25 ) );margin-right: 4%;margin-top:0px;margin-bottom:20px;\"><div class=\"fusion-column-wrapper fusion-flex-column-wrapper-legacy\" style=\"background-position:left top;background-repeat:no-repeat;-webkit-background-size:cover;-moz-background-size:cover;-o-background-size:cover;background-size:cover;padding: 10% 0px 10% 0px;\"><div class=\"fusion-fa-align-center\"><i class=\"fb-icon-element-2 fb-icon-element fontawesome-icon fa-home fas circle-yes\" style=\"font-size:44px;line-height:86px;height:88px;width:88px;border-width:1px;\"><\/i><\/div><style>i.fb-icon-element.fontawesome-icon.fb-icon-element-2{ color: #000000; background-color: #ffffff; border-color: rgba(101,188,123,0.8);}i.fb-icon-element.fontawesome-icon.fb-icon-element-2:hover { color: #000000; background-color: #ffffff; border-color: rgba(101,188,123,0.8);}<\/style><div class=\"fusion-sep-clear\"><\/div><div class=\"fusion-separator fusion-full-width-sep\" style=\"margin-left: auto;margin-right: auto;margin-top:5%;margin-bottom:5%;width:100%;\"><\/div><div class=\"fusion-sep-clear\"><\/div><div class=\"fusion-aligncenter\"><style type=\"text\/css\">.fusion-button.button-2 .fusion-button-text, .fusion-button.button-2 i {color:rgba(101,188,123,0.8);}.fusion-button.button-2 .fusion-button-icon-divider{border-color:rgba(101,188,123,0.8);}.fusion-button.button-2:hover .fusion-button-text, .fusion-button.button-2:hover i,.fusion-button.button-2:focus .fusion-button-text, .fusion-button.button-2:focus i,.fusion-button.button-2:active .fusion-button-text, .fusion-button.button-2:active{color:#ffffff;}.fusion-button.button-2:hover .fusion-button-icon-divider, .fusion-button.button-2:hover .fusion-button-icon-divider, .fusion-button.button-2:active .fusion-button-icon-divider{border-color:#ffffff;}.fusion-button.button-2:hover, .fusion-button.button-2:focus, .fusion-button.button-2:active{border-color:#ffffff;border-width:0px;}.fusion-button.button-2 {border-color:rgba(101,188,123,0.8);border-width:0px;border-radius:0px;}.fusion-button.button-2{background: #f6f6f6;}.fusion-button.button-2:hover,.button-2:focus,.fusion-button.button-2:active{background: rgba(101,188,123,0.8);}.fusion-button.button-2 .fusion-button-text {text-transform:uppercase;}<\/style><a class=\"fusion-button button-flat button-xlarge button-custom button-2 fusion-button-default-span \" target=\"_blank\" rel=\"noopener noreferrer\" href=\"https:\/\/www.aquimicasa.net\/profesionales\/111\/celemin-ral-estate-slu\/t\/casas-chalets-adosados\/\"><span class=\"fusion-button-text\">casas y chalets<\/span><\/a><\/div><div class=\"fusion-clearfix\"><\/div><\/div><\/div><div class=\"fusion-layout-column fusion_builder_column fusion-builder-column-5 fusion_builder_column_1_4 1_4 fusion-one-fourth\" style=\"width:25%;width:calc(25% - ( ( 4% + 4% + 4% ) * 0.25 ) );margin-right: 4%;margin-top:0px;margin-bottom:20px;\"><div class=\"fusion-column-wrapper fusion-flex-column-wrapper-legacy\" style=\"background-position:left top;background-repeat:no-repeat;-webkit-background-size:cover;-moz-background-size:cover;-o-background-size:cover;background-size:cover;padding: 10% 0px 10% 0px;\"><div class=\"fusion-fa-align-center\"><i class=\"fb-icon-element-3 fb-icon-element fontawesome-icon fa-city fas circle-yes\" style=\"font-size:44px;line-height:86px;height:88px;width:88px;border-width:1px;\"><\/i><\/div><style>i.fb-icon-element.fontawesome-icon.fb-icon-element-3{ color: #000000; background-color: #ffffff; border-color: rgba(101,188,123,0.8);}i.fb-icon-element.fontawesome-icon.fb-icon-element-3:hover { color: #000000; background-color: #ffffff; border-color: rgba(101,188,123,0.8);}<\/style><div class=\"fusion-sep-clear\"><\/div><div class=\"fusion-separator fusion-full-width-sep\" style=\"margin-left: auto;margin-right: auto;margin-top:5%;margin-bottom:5%;width:100%;\"><\/div><div class=\"fusion-sep-clear\"><\/div><div class=\"fusion-aligncenter\"><style type=\"text\/css\">.fusion-button.button-3 .fusion-button-text, .fusion-button.button-3 i {color:rgba(101,188,123,0.8);}.fusion-button.button-3 .fusion-button-icon-divider{border-color:rgba(101,188,123,0.8);}.fusion-button.button-3:hover .fusion-button-text, .fusion-button.button-3:hover i,.fusion-button.button-3:focus .fusion-button-text, .fusion-button.button-3:focus i,.fusion-button.button-3:active .fusion-button-text, .fusion-button.button-3:active{color:#ffffff;}.fusion-button.button-3:hover .fusion-button-icon-divider, .fusion-button.button-3:hover .fusion-button-icon-divider, .fusion-button.button-3:active .fusion-button-icon-divider{border-color:#ffffff;}.fusion-button.button-3:hover, .fusion-button.button-3:focus, .fusion-button.button-3:active{border-color:#ffffff;border-width:0px;}.fusion-button.button-3 {border-color:rgba(101,188,123,0.8);border-width:0px;border-radius:0px;}.fusion-button.button-3{background: #f6f6f6;}.fusion-button.button-3:hover,.button-3:focus,.fusion-button.button-3:active{background: rgba(101,188,123,0.8);}<\/style><a class=\"fusion-button button-flat button-xlarge button-custom button-3 fusion-button-default-span fusion-button-default-type\" target=\"_blank\" rel=\"noopener noreferrer\" href=\"https:\/\/www.aquimicasa.net\/profesionales\/111\/celemin-ral-estate-slu\/t\/aticos\/\"><span class=\"fusion-button-text\">\u00e1ticos<\/span><\/a><\/div><div class=\"fusion-clearfix\"><\/div><\/div><\/div><div class=\"fusion-layout-column fusion_builder_column fusion-builder-column-6 fusion_builder_column_1_4 1_4 fusion-one-fourth fusion-column-last\" style=\"width:25%;width:calc(25% - ( ( 4% + 4% + 4% ) * 0.25 ) );margin-top:0px;margin-bottom:20px;\"><div class=\"fusion-column-wrapper fusion-flex-column-wrapper-legacy\" style=\"background-position:left top;background-repeat:no-repeat;-webkit-background-size:cover;-moz-background-size:cover;-o-background-size:cover;background-size:cover;padding: 10% 0px 10% 0px;\"><div class=\"fusion-fa-align-center\"><i class=\"fb-icon-element-4 fb-icon-element fontawesome-icon fa-laptop-house fas circle-yes\" style=\"font-size:44px;line-height:86px;height:88px;width:88px;border-width:1px;\"><\/i><\/div><style>i.fb-icon-element.fontawesome-icon.fb-icon-element-4{ color: #000000; background-color: #ffffff; border-color: rgba(101,188,123,0.8);}i.fb-icon-element.fontawesome-icon.fb-icon-element-4:hover { color: #000000; background-color: #ffffff; border-color: rgba(101,188,123,0.8);}<\/style><div class=\"fusion-sep-clear\"><\/div><div class=\"fusion-separator fusion-full-width-sep\" style=\"margin-left: auto;margin-right: auto;margin-top:5%;margin-bottom:5%;width:100%;\"><\/div><div class=\"fusion-sep-clear\"><\/div><div class=\"fusion-aligncenter\"><style type=\"text\/css\">.fusion-button.button-4 .fusion-button-text, .fusion-button.button-4 i {color:rgba(101,188,123,0.8);}.fusion-button.button-4 .fusion-button-icon-divider{border-color:rgba(101,188,123,0.8);}.fusion-button.button-4:hover .fusion-button-text, .fusion-button.button-4:hover i,.fusion-button.button-4:focus .fusion-button-text, .fusion-button.button-4:focus i,.fusion-button.button-4:active .fusion-button-text, .fusion-button.button-4:active{color:#ffffff;}.fusion-button.button-4:hover .fusion-button-icon-divider, .fusion-button.button-4:hover .fusion-button-icon-divider, .fusion-button.button-4:active .fusion-button-icon-divider{border-color:#ffffff;}.fusion-button.button-4:hover, .fusion-button.button-4:focus, .fusion-button.button-4:active{border-color:#ffffff;border-width:0px;}.fusion-button.button-4 {border-color:rgba(101,188,123,0.8);border-width:0px;border-radius:0px;}.fusion-button.button-4{background: #f6f6f6;}.fusion-button.button-4:hover,.button-4:focus,.fusion-button.button-4:active{background: rgba(101,188,123,0.8);}<\/style><a class=\"fusion-button button-flat button-xlarge button-custom button-4 fusion-button-default-span fusion-button-default-type\" target=\"_blank\" rel=\"noopener noreferrer\" href=\"https:\/\/www.aquimicasa.net\/profesionales\/111\/celemin-ral-estate-slu\/t\/oficinas\/\"><span class=\"fusion-button-text\">oficinas<\/span><\/a><\/div><div class=\"fusion-clearfix\"><\/div><\/div><\/div><div class=\"fusion-layout-column fusion_builder_column fusion-builder-column-7 fusion_builder_column_1_3 1_3 fusion-one-third fusion-column-first\" style=\"width:33.333333333333%;width:calc(33.333333333333% - ( ( 4% + 4% ) * 0.33333333333333 ) );margin-right: 4%;margin-top:0px;margin-bottom:20px;\"><div class=\"fusion-column-wrapper fusion-flex-column-wrapper-legacy\" style=\"background-position:left top;background-repeat:no-repeat;-webkit-background-size:cover;-moz-background-size:cover;-o-background-size:cover;background-size:cover;padding: 10% 0px 10% 0px;\"><div class=\"fusion-fa-align-center\"><i class=\"fb-icon-element-5 fb-icon-element fontawesome-icon fa-store-alt fas circle-yes\" style=\"font-size:44px;line-height:86px;height:88px;width:88px;border-width:1px;\"><\/i><\/div><style>i.fb-icon-element.fontawesome-icon.fb-icon-element-5{ color: #000000; background-color: #ffffff; border-color: rgba(101,188,123,0.8);}i.fb-icon-element.fontawesome-icon.fb-icon-element-5:hover { color: #000000; background-color: #ffffff; border-color: rgba(101,188,123,0.8);}<\/style><div class=\"fusion-sep-clear\"><\/div><div class=\"fusion-separator fusion-full-width-sep\" style=\"margin-left: auto;margin-right: auto;margin-top:5%;margin-bottom:5%;width:100%;\"><\/div><div class=\"fusion-sep-clear\"><\/div><div class=\"fusion-aligncenter\"><style type=\"text\/css\">.fusion-button.button-5 .fusion-button-text, .fusion-button.button-5 i {color:rgba(101,188,123,0.8);}.fusion-button.button-5 .fusion-button-icon-divider{border-color:rgba(101,188,123,0.8);}.fusion-button.button-5:hover .fusion-button-text, .fusion-button.button-5:hover i,.fusion-button.button-5:focus .fusion-button-text, .fusion-button.button-5:focus i,.fusion-button.button-5:active .fusion-button-text, .fusion-button.button-5:active{color:#ffffff;}.fusion-button.button-5:hover .fusion-button-icon-divider, .fusion-button.button-5:hover .fusion-button-icon-divider, .fusion-button.button-5:active .fusion-button-icon-divider{border-color:#ffffff;}.fusion-button.button-5:hover, .fusion-button.button-5:focus, .fusion-button.button-5:active{border-color:#ffffff;border-width:0px;}.fusion-button.button-5 {border-color:rgba(101,188,123,0.8);border-width:0px;border-radius:0px;}.fusion-button.button-5{background: #f6f6f6;}.fusion-button.button-5:hover,.button-5:focus,.fusion-button.button-5:active{background: rgba(101,188,123,0.8);}<\/style><a class=\"fusion-button button-flat button-xlarge button-custom button-5 fusion-button-default-span fusion-button-default-type\" target=\"_blank\" rel=\"noopener noreferrer\" href=\"https:\/\/www.aquimicasa.net\/profesionales\/111\/celemin-ral-estate-slu\/t\/locales-comerciales\/\"><span class=\"fusion-button-text\">locales comerciales<\/span><\/a><\/div><div class=\"fusion-clearfix\"><\/div><\/div><\/div><div class=\"fusion-layout-column fusion_builder_column fusion-builder-column-8 fusion_builder_column_1_3 1_3 fusion-one-third\" style=\"width:33.333333333333%;width:calc(33.333333333333% - ( ( 4% + 4% ) * 0.33333333333333 ) );margin-right: 4%;margin-top:0px;margin-bottom:20px;\"><div class=\"fusion-column-wrapper fusion-flex-column-wrapper-legacy\" style=\"background-position:left top;background-repeat:no-repeat;-webkit-background-size:cover;-moz-background-size:cover;-o-background-size:cover;background-size:cover;padding: 10% 0px 10% 0px;\"><div class=\"fusion-fa-align-center\"><i class=\"fb-icon-element-6 fb-icon-element fontawesome-icon fa-tree fas circle-yes\" style=\"font-size:44px;line-height:86px;height:88px;width:88px;border-width:1px;\"><\/i><\/div><style>i.fb-icon-element.fontawesome-icon.fb-icon-element-6{ color: #000000; background-color: #ffffff; border-color: rgba(101,188,123,0.8);}i.fb-icon-element.fontawesome-icon.fb-icon-element-6:hover { color: #000000; background-color: #ffffff; border-color: rgba(101,188,123,0.8);}<\/style><div class=\"fusion-sep-clear\"><\/div><div class=\"fusion-separator fusion-full-width-sep\" style=\"margin-left: auto;margin-right: auto;margin-top:5%;margin-bottom:5%;width:100%;\"><\/div><div class=\"fusion-sep-clear\"><\/div><div class=\"fusion-aligncenter\"><style type=\"text\/css\">.fusion-button.button-6 .fusion-button-text, .fusion-button.button-6 i {color:rgba(101,188,123,0.8);}.fusion-button.button-6 .fusion-button-icon-divider{border-color:rgba(101,188,123,0.8);}.fusion-button.button-6:hover .fusion-button-text, .fusion-button.button-6:hover i,.fusion-button.button-6:focus .fusion-button-text, .fusion-button.button-6:focus i,.fusion-button.button-6:active .fusion-button-text, .fusion-button.button-6:active{color:#ffffff;}.fusion-button.button-6:hover .fusion-button-icon-divider, .fusion-button.button-6:hover .fusion-button-icon-divider, .fusion-button.button-6:active .fusion-button-icon-divider{border-color:#ffffff;}.fusion-button.button-6:hover, .fusion-button.button-6:focus, .fusion-button.button-6:active{border-color:#ffffff;border-width:0px;}.fusion-button.button-6 {border-color:rgba(101,188,123,0.8);border-width:0px;border-radius:0px;}.fusion-button.button-6{background: #f6f6f6;}.fusion-button.button-6:hover,.button-6:focus,.fusion-button.button-6:active{background: rgba(101,188,123,0.8);}<\/style><a class=\"fusion-button button-flat button-xlarge button-custom button-6 fusion-button-default-span fusion-button-default-type\" target=\"_blank\" rel=\"noopener noreferrer\" href=\"https:\/\/www.aquimicasa.net\/profesionales\/111\/celemin-ral-estate-slu\/t\/solares-terrenos\/\"><span class=\"fusion-button-text\">terrenos y parcelas<\/span><\/a><\/div><div class=\"fusion-clearfix\"><\/div><\/div><\/div><div class=\"fusion-layout-column fusion_builder_column fusion-builder-column-9 fusion_builder_column_1_3 1_3 fusion-one-third fusion-column-last\" style=\"width:33.333333333333%;width:calc(33.333333333333% - ( ( 4% + 4% ) * 0.33333333333333 ) );margin-top:0px;margin-bottom:20px;\"><div class=\"fusion-column-wrapper fusion-flex-column-wrapper-legacy\" style=\"background-position:left top;background-repeat:no-repeat;-webkit-background-size:cover;-moz-background-size:cover;-o-background-size:cover;background-size:cover;padding: 10% 0px 10% 0px;\"><div class=\"fusion-fa-align-center\"><i class=\"fb-icon-element-7 fb-icon-element fontawesome-icon fa-industry fas circle-yes\" style=\"font-size:44px;line-height:86px;height:88px;width:88px;border-width:1px;\"><\/i><\/div><style>i.fb-icon-element.fontawesome-icon.fb-icon-element-7{ color: #000000; background-color: #ffffff; border-color: rgba(101,188,123,0.8);}i.fb-icon-element.fontawesome-icon.fb-icon-element-7:hover { color: #000000; background-color: #ffffff; border-color: rgba(101,188,123,0.8);}<\/style><div class=\"fusion-sep-clear\"><\/div><div class=\"fusion-separator fusion-full-width-sep\" style=\"margin-left: auto;margin-right: auto;margin-top:5%;margin-bottom:5%;width:100%;\"><\/div><div class=\"fusion-sep-clear\"><\/div><div class=\"fusion-aligncenter\"><style type=\"text\/css\">.fusion-button.button-7 .fusion-button-text, .fusion-button.button-7 i {color:rgba(101,188,123,0.8);}.fusion-button.button-7 .fusion-button-icon-divider{border-color:rgba(101,188,123,0.8);}.fusion-button.button-7:hover .fusion-button-text, .fusion-button.button-7:hover i,.fusion-button.button-7:focus .fusion-button-text, .fusion-button.button-7:focus i,.fusion-button.button-7:active .fusion-button-text, .fusion-button.button-7:active{color:#ffffff;}.fusion-button.button-7:hover .fusion-button-icon-divider, .fusion-button.button-7:hover .fusion-button-icon-divider, .fusion-button.button-7:active .fusion-button-icon-divider{border-color:#ffffff;}.fusion-button.button-7:hover, .fusion-button.button-7:focus, .fusion-button.button-7:active{border-color:#ffffff;border-width:0px;}.fusion-button.button-7 {border-color:rgba(101,188,123,0.8);border-width:0px;border-radius:0px;}.fusion-button.button-7{background: #f6f6f6;}.fusion-button.button-7:hover,.button-7:focus,.fusion-button.button-7:active{background: rgba(101,188,123,0.8);}<\/style><a class=\"fusion-button button-flat button-xlarge button-custom button-7 fusion-button-default-span fusion-button-default-type\" target=\"_blank\" rel=\"noopener noreferrer\" href=\"https:\/\/www.aquimicasa.net\/profesionales\/111\/celemin-ral-estate-slu\/t\/naves-industriales\/\"><span class=\"fusion-button-text\">naves industriales<\/span><\/a><\/div><div class=\"fusion-clearfix\"><\/div><\/div><\/div><div class=\"fusion-layout-column fusion_builder_column fusion-builder-column-10 fusion_builder_column_1_1 1_1 fusion-one-full fusion-column-first fusion-column-last\" style=\"margin-top:0px;margin-bottom:20px;\"><div class=\"fusion-column-wrapper fusion-flex-column-wrapper-legacy\" style=\"background-position:left top;background-repeat:no-repeat;-webkit-background-size:cover;-moz-background-size:cover;-o-background-size:cover;background-size:cover;padding: 0px 0px 0px 0px;\"><div class=\"fusion-sep-clear\"><\/div><div class=\"fusion-separator fusion-full-width-sep\" style=\"margin-left: auto;margin-right: auto;margin-bottom:2%;width:100%;\"><\/div><div class=\"fusion-sep-clear\"><\/div><div class=\"fusion-clearfix\"><\/div><\/div><\/div><\/div><\/div>\n","protected":false},"excerpt":{"rendered":"<p>El precio medio de los\u00a0pisos y casas en la provincia de \u00c1vila y Sierra de Gredos\u00a0muestra, en el tercer trimestre del a\u00f1o 2017, un incremento interanual del\u00a0 3,7%, hasta llegar a los 794 euros\/m2, de acuerdo a los datos del \u00edndice Tinsa IMIE.<\/p>\n","protected":false},"author":3,"featured_media":18303,"comment_status":"open","ping_status":"open","sticky":false,"template":"","format":"standard","meta":{"_jetpack_memberships_contains_paid_content":false,"footnotes":"","jetpack_publicize_message":"","jetpack_publicize_feature_enabled":true,"jetpack_social_post_already_shared":true,"jetpack_social_options":{"image_generator_settings":{"template":"highway","default_image_id":0,"font":"","enabled":false},"version":2}},"categories":[7565],"tags":[4764,4763,4762,5322,4766,4765,4769,4761,4759,4770,4760,4767,4768],"class_list":["post-18299","post","type-post","status-publish","format-standard","has-post-thumbnail","hentry","category-noticias-mercado-inmobiliario","tag-apartamentos-rurales-en-venta-en-sierra-de-gredos","tag-atico-en-zona-norte-de-avila","tag-casa-adosada-en-avila","tag-casa-en-venta-con-jardin-en-sierra-de-gredos","tag-casa-restaurada-en-venta-en-sierra-de-gredos","tag-chalet-a-estrenar-en-venta-en-sierra-de-gredos","tag-chalet-en-sotillo-de-la-adrada","tag-chalet-en-zona-sur-de-avila","tag-piso-en-la-carretera-de-burgohondo","tag-piso-en-santa-maria-del-tietar","tag-restaurante-de-prestigio-en-avila","tag-solares-en-venta-en-sierra-de-gredos","tag-tranquilo-duplex-en-arevalo"],"yoast_head":"<!-- This site is optimized with the Yoast SEO plugin v28.2 - https:\/\/yoast.com\/product\/yoast-seo-wordpress\/ -->\n<title>Pisos y casas en \u00c1vila y Sierra de Gredos<\/title>\n<meta name=\"description\" content=\"El precio medio de los\u00a0pisos y casas en \u00c1vila y Sierra de Gredos\u00a0muestra, en el tercer trimestre del a\u00f1o 2017, un incremento interanual del\u00a0 3,7%,\" \/>\n<meta name=\"robots\" content=\"index, follow, max-snippet:-1, max-image-preview:large, max-video-preview:-1\" \/>\n<link rel=\"canonical\" href=\"https:\/\/www.aquimicasa.net\/blog\/vivienda\/noticias-mercado-inmobiliario\/pisos-y-casas-en-avila-y-sierra-de-gredos\/\" \/>\n<meta property=\"og:locale\" content=\"es_ES\" \/>\n<meta property=\"og:type\" content=\"article\" \/>\n<meta property=\"og:title\" content=\"Pisos y casas en \u00c1vila y Sierra de Gredos\" \/>\n<meta property=\"og:description\" content=\"El precio medio de los\u00a0pisos y casas en \u00c1vila y Sierra de Gredos\u00a0muestra, en el tercer trimestre del a\u00f1o 2017, un incremento interanual del\u00a0 3,7%,\" \/>\n<meta property=\"og:url\" content=\"https:\/\/www.aquimicasa.net\/blog\/vivienda\/noticias-mercado-inmobiliario\/pisos-y-casas-en-avila-y-sierra-de-gredos\/\" \/>\n<meta property=\"og:site_name\" content=\"Blog de aquimicasa.net\" \/>\n<meta property=\"article:publisher\" content=\"https:\/\/www.facebook.com\/aquimicasa.net\" \/>\n<meta property=\"article:published_time\" content=\"2017-04-08T08:23:50+00:00\" \/>\n<meta property=\"article:modified_time\" content=\"2020-10-20T22:20:02+00:00\" \/>\n<meta property=\"og:image\" content=\"https:\/\/www.aquimicasa.net\/blog\/wp-content\/uploads\/Avila4-1-e1514575410155.jpg\" \/>\n\t<meta property=\"og:image:width\" content=\"325\" \/>\n\t<meta property=\"og:image:height\" content=\"232\" \/>\n\t<meta property=\"og:image:type\" content=\"image\/jpeg\" \/>\n<meta name=\"author\" content=\"Eduardo Lizarraga\" \/>\n<meta name=\"twitter:label1\" content=\"Escrito por\" \/>\n\t<meta name=\"twitter:data1\" content=\"Eduardo Lizarraga\" \/>\n\t<meta name=\"twitter:label2\" content=\"Tiempo de lectura\" \/>\n\t<meta name=\"twitter:data2\" content=\"26 minutos\" \/>\n<script type=\"application\/ld+json\" class=\"yoast-schema-graph\">{\"@context\":\"https:\\\/\\\/schema.org\",\"@graph\":[{\"@type\":\"Article\",\"@id\":\"https:\\\/\\\/www.aquimicasa.net\\\/blog\\\/vivienda\\\/noticias-mercado-inmobiliario\\\/pisos-y-casas-en-avila-y-sierra-de-gredos\\\/#article\",\"isPartOf\":{\"@id\":\"https:\\\/\\\/www.aquimicasa.net\\\/blog\\\/vivienda\\\/noticias-mercado-inmobiliario\\\/pisos-y-casas-en-avila-y-sierra-de-gredos\\\/\"},\"author\":{\"name\":\"Eduardo Lizarraga\",\"@id\":\"https:\\\/\\\/www.aquimicasa.net\\\/blog\\\/#\\\/schema\\\/person\\\/2cdfa2605534583395c8d7ce1d6cac14\"},\"headline\":\"Pisos y casas en \u00c1vila y Sierra de Gredos\",\"datePublished\":\"2017-04-08T08:23:50+00:00\",\"dateModified\":\"2020-10-20T22:20:02+00:00\",\"mainEntityOfPage\":{\"@id\":\"https:\\\/\\\/www.aquimicasa.net\\\/blog\\\/vivienda\\\/noticias-mercado-inmobiliario\\\/pisos-y-casas-en-avila-y-sierra-de-gredos\\\/\"},\"wordCount\":5127,\"commentCount\":0,\"publisher\":{\"@id\":\"https:\\\/\\\/www.aquimicasa.net\\\/blog\\\/#organization\"},\"image\":{\"@id\":\"https:\\\/\\\/www.aquimicasa.net\\\/blog\\\/vivienda\\\/noticias-mercado-inmobiliario\\\/pisos-y-casas-en-avila-y-sierra-de-gredos\\\/#primaryimage\"},\"thumbnailUrl\":\"https:\\\/\\\/www.aquimicasa.net\\\/blog\\\/wp-content\\\/uploads\\\/Avila4-1-e1514575410155.jpg\",\"keywords\":[\"Apartamentos rurales en venta en Sierra de Gredos\",\"\u00c1tico en zona norte de \u00c1vila\",\"Casa adosada en \u00c1vila\",\"Casa en venta con jard\u00edn en Sierra de Gredos\",\"Casa restaurada en venta en Sierra de Gredos\",\"Chalet a estrenar en venta en Sierra de Gredos\",\"Chalet en Sotillo de la Adrada\",\"Chalet en zona sur de \u00c1vila\",\"Piso en la carretera de Burgohondo\",\"Piso en Santa Mar\u00eda del Ti\u00e9tar\",\"Restaurante de prestigio en \u00c1vila\",\"Solares en venta en Sierra de Gredos\",\"Tranquilo d\u00faplex en Ar\u00e9valo\"],\"articleSection\":[\"Noticias Mercado Inmobiliario\"],\"inLanguage\":\"es\",\"potentialAction\":[{\"@type\":\"CommentAction\",\"name\":\"Comment\",\"target\":[\"https:\\\/\\\/www.aquimicasa.net\\\/blog\\\/vivienda\\\/noticias-mercado-inmobiliario\\\/pisos-y-casas-en-avila-y-sierra-de-gredos\\\/#respond\"]}]},{\"@type\":\"WebPage\",\"@id\":\"https:\\\/\\\/www.aquimicasa.net\\\/blog\\\/vivienda\\\/noticias-mercado-inmobiliario\\\/pisos-y-casas-en-avila-y-sierra-de-gredos\\\/\",\"url\":\"https:\\\/\\\/www.aquimicasa.net\\\/blog\\\/vivienda\\\/noticias-mercado-inmobiliario\\\/pisos-y-casas-en-avila-y-sierra-de-gredos\\\/\",\"name\":\"Pisos y casas en \u00c1vila y Sierra de Gredos\",\"isPartOf\":{\"@id\":\"https:\\\/\\\/www.aquimicasa.net\\\/blog\\\/#website\"},\"primaryImageOfPage\":{\"@id\":\"https:\\\/\\\/www.aquimicasa.net\\\/blog\\\/vivienda\\\/noticias-mercado-inmobiliario\\\/pisos-y-casas-en-avila-y-sierra-de-gredos\\\/#primaryimage\"},\"image\":{\"@id\":\"https:\\\/\\\/www.aquimicasa.net\\\/blog\\\/vivienda\\\/noticias-mercado-inmobiliario\\\/pisos-y-casas-en-avila-y-sierra-de-gredos\\\/#primaryimage\"},\"thumbnailUrl\":\"https:\\\/\\\/www.aquimicasa.net\\\/blog\\\/wp-content\\\/uploads\\\/Avila4-1-e1514575410155.jpg\",\"datePublished\":\"2017-04-08T08:23:50+00:00\",\"dateModified\":\"2020-10-20T22:20:02+00:00\",\"description\":\"El precio medio de los\u00a0pisos y casas en \u00c1vila y Sierra de Gredos\u00a0muestra, en el tercer trimestre del a\u00f1o 2017, un incremento interanual del\u00a0 3,7%,\",\"breadcrumb\":{\"@id\":\"https:\\\/\\\/www.aquimicasa.net\\\/blog\\\/vivienda\\\/noticias-mercado-inmobiliario\\\/pisos-y-casas-en-avila-y-sierra-de-gredos\\\/#breadcrumb\"},\"inLanguage\":\"es\",\"potentialAction\":[{\"@type\":\"ReadAction\",\"target\":[\"https:\\\/\\\/www.aquimicasa.net\\\/blog\\\/vivienda\\\/noticias-mercado-inmobiliario\\\/pisos-y-casas-en-avila-y-sierra-de-gredos\\\/\"]}]},{\"@type\":\"ImageObject\",\"inLanguage\":\"es\",\"@id\":\"https:\\\/\\\/www.aquimicasa.net\\\/blog\\\/vivienda\\\/noticias-mercado-inmobiliario\\\/pisos-y-casas-en-avila-y-sierra-de-gredos\\\/#primaryimage\",\"url\":\"https:\\\/\\\/www.aquimicasa.net\\\/blog\\\/wp-content\\\/uploads\\\/Avila4-1-e1514575410155.jpg\",\"contentUrl\":\"https:\\\/\\\/www.aquimicasa.net\\\/blog\\\/wp-content\\\/uploads\\\/Avila4-1-e1514575410155.jpg\",\"width\":325,\"height\":232},{\"@type\":\"BreadcrumbList\",\"@id\":\"https:\\\/\\\/www.aquimicasa.net\\\/blog\\\/vivienda\\\/noticias-mercado-inmobiliario\\\/pisos-y-casas-en-avila-y-sierra-de-gredos\\\/#breadcrumb\",\"itemListElement\":[{\"@type\":\"ListItem\",\"position\":1,\"name\":\"Portada\",\"item\":\"https:\\\/\\\/www.aquimicasa.net\\\/blog\\\/\"},{\"@type\":\"ListItem\",\"position\":2,\"name\":\"Pisos y casas en \u00c1vila y Sierra de Gredos\"}]},{\"@type\":\"WebSite\",\"@id\":\"https:\\\/\\\/www.aquimicasa.net\\\/blog\\\/#website\",\"url\":\"https:\\\/\\\/www.aquimicasa.net\\\/blog\\\/\",\"name\":\"Blog de aquimicasa.net\",\"description\":\"Noticias del Mundo Inmobiliario\",\"publisher\":{\"@id\":\"https:\\\/\\\/www.aquimicasa.net\\\/blog\\\/#organization\"},\"potentialAction\":[{\"@type\":\"SearchAction\",\"target\":{\"@type\":\"EntryPoint\",\"urlTemplate\":\"https:\\\/\\\/www.aquimicasa.net\\\/blog\\\/?s={search_term_string}\"},\"query-input\":{\"@type\":\"PropertyValueSpecification\",\"valueRequired\":true,\"valueName\":\"search_term_string\"}}],\"inLanguage\":\"es\"},{\"@type\":\"Organization\",\"@id\":\"https:\\\/\\\/www.aquimicasa.net\\\/blog\\\/#organization\",\"name\":\"Blog de aquimicasa.net\",\"url\":\"https:\\\/\\\/www.aquimicasa.net\\\/blog\\\/\",\"logo\":{\"@type\":\"ImageObject\",\"inLanguage\":\"es\",\"@id\":\"https:\\\/\\\/www.aquimicasa.net\\\/blog\\\/#\\\/schema\\\/logo\\\/image\\\/\",\"url\":\"https:\\\/\\\/www.aquimicasa.net\\\/blog\\\/wp-content\\\/uploads\\\/Logo-aquimicasa-1-e1528048213782.png\",\"contentUrl\":\"https:\\\/\\\/www.aquimicasa.net\\\/blog\\\/wp-content\\\/uploads\\\/Logo-aquimicasa-1-e1528048213782.png\",\"width\":225,\"height\":225,\"caption\":\"Blog de aquimicasa.net\"},\"image\":{\"@id\":\"https:\\\/\\\/www.aquimicasa.net\\\/blog\\\/#\\\/schema\\\/logo\\\/image\\\/\"},\"sameAs\":[\"https:\\\/\\\/www.facebook.com\\\/aquimicasa.net\",\"https:\\\/\\\/www.instagram.com\\\/\",\"https:\\\/\\\/x.com\\\/EduLizarragaD\",\"https:\\\/\\\/www.linkedin.com\\\/feed\\\/\"]},{\"@type\":\"Person\",\"@id\":\"https:\\\/\\\/www.aquimicasa.net\\\/blog\\\/#\\\/schema\\\/person\\\/2cdfa2605534583395c8d7ce1d6cac14\",\"name\":\"Eduardo Lizarraga\",\"image\":{\"@type\":\"ImageObject\",\"inLanguage\":\"es\",\"@id\":\"https:\\\/\\\/secure.gravatar.com\\\/avatar\\\/bdabe1eeeed97b65a9cb7de2edd624b07995f7e13abc5fead15961f745f908cc?s=96&d=mm&r=g\",\"url\":\"https:\\\/\\\/secure.gravatar.com\\\/avatar\\\/bdabe1eeeed97b65a9cb7de2edd624b07995f7e13abc5fead15961f745f908cc?s=96&d=mm&r=g\",\"contentUrl\":\"https:\\\/\\\/secure.gravatar.com\\\/avatar\\\/bdabe1eeeed97b65a9cb7de2edd624b07995f7e13abc5fead15961f745f908cc?s=96&d=mm&r=g\",\"caption\":\"Eduardo Lizarraga\"},\"description\":\"Periodista Econ\u00f3mico. Ha trabajado en diversos campos de la informaci\u00f3n. Corresponsal en conflictos, analista pol\u00edtico en Congreso y Senado, periodista del medio ambiente, editor, director editorial, director de comunicaci\u00f3n.... En estos momentos se ha especializado en el sector inmobiliario. Pero tambi\u00e9n es navegante y viajero, preocupado por la pobreza, el medio ambiente y por las actuaciones descontroladas del neoliberalismo empresarial y pol\u00edtico en todo el mundo. Los desahucios, la pobreza infantil y la falta de acceso a los suministros b\u00e1sicos son algunos de los grandes dramas de nuestra sociedad y que es preciso solucionar para hacerla m\u00e1s justa. CEO en www.aquimicasa.net\",\"sameAs\":[\"https:\\\/\\\/www.aquimicasa.net\\\/\"],\"url\":\"https:\\\/\\\/www.aquimicasa.net\\\/blog\\\/author\\\/eduardo\\\/\"}]}<\/script>\n<!-- \/ Yoast SEO plugin. -->","yoast_head_json":{"title":"Pisos y casas en \u00c1vila y Sierra de Gredos","description":"El precio medio de los\u00a0pisos y casas en \u00c1vila y Sierra de Gredos\u00a0muestra, en el tercer trimestre del a\u00f1o 2017, un incremento interanual del\u00a0 3,7%,","robots":{"index":"index","follow":"follow","max-snippet":"max-snippet:-1","max-image-preview":"max-image-preview:large","max-video-preview":"max-video-preview:-1"},"canonical":"https:\/\/www.aquimicasa.net\/blog\/vivienda\/noticias-mercado-inmobiliario\/pisos-y-casas-en-avila-y-sierra-de-gredos\/","og_locale":"es_ES","og_type":"article","og_title":"Pisos y casas en \u00c1vila y Sierra de Gredos","og_description":"El precio medio de los\u00a0pisos y casas en \u00c1vila y Sierra de Gredos\u00a0muestra, en el tercer trimestre del a\u00f1o 2017, un incremento interanual del\u00a0 3,7%,","og_url":"https:\/\/www.aquimicasa.net\/blog\/vivienda\/noticias-mercado-inmobiliario\/pisos-y-casas-en-avila-y-sierra-de-gredos\/","og_site_name":"Blog de aquimicasa.net","article_publisher":"https:\/\/www.facebook.com\/aquimicasa.net","article_published_time":"2017-04-08T08:23:50+00:00","article_modified_time":"2020-10-20T22:20:02+00:00","og_image":[{"width":325,"height":232,"url":"https:\/\/www.aquimicasa.net\/blog\/wp-content\/uploads\/Avila4-1-e1514575410155.jpg","type":"image\/jpeg"}],"author":"Eduardo Lizarraga","twitter_misc":{"Escrito por":"Eduardo Lizarraga","Tiempo de lectura":"26 minutos"},"schema":{"@context":"https:\/\/schema.org","@graph":[{"@type":"Article","@id":"https:\/\/www.aquimicasa.net\/blog\/vivienda\/noticias-mercado-inmobiliario\/pisos-y-casas-en-avila-y-sierra-de-gredos\/#article","isPartOf":{"@id":"https:\/\/www.aquimicasa.net\/blog\/vivienda\/noticias-mercado-inmobiliario\/pisos-y-casas-en-avila-y-sierra-de-gredos\/"},"author":{"name":"Eduardo Lizarraga","@id":"https:\/\/www.aquimicasa.net\/blog\/#\/schema\/person\/2cdfa2605534583395c8d7ce1d6cac14"},"headline":"Pisos y casas en \u00c1vila y Sierra de Gredos","datePublished":"2017-04-08T08:23:50+00:00","dateModified":"2020-10-20T22:20:02+00:00","mainEntityOfPage":{"@id":"https:\/\/www.aquimicasa.net\/blog\/vivienda\/noticias-mercado-inmobiliario\/pisos-y-casas-en-avila-y-sierra-de-gredos\/"},"wordCount":5127,"commentCount":0,"publisher":{"@id":"https:\/\/www.aquimicasa.net\/blog\/#organization"},"image":{"@id":"https:\/\/www.aquimicasa.net\/blog\/vivienda\/noticias-mercado-inmobiliario\/pisos-y-casas-en-avila-y-sierra-de-gredos\/#primaryimage"},"thumbnailUrl":"https:\/\/www.aquimicasa.net\/blog\/wp-content\/uploads\/Avila4-1-e1514575410155.jpg","keywords":["Apartamentos rurales en venta en Sierra de Gredos","\u00c1tico en zona norte de \u00c1vila","Casa adosada en \u00c1vila","Casa en venta con jard\u00edn en Sierra de Gredos","Casa restaurada en venta en Sierra de Gredos","Chalet a estrenar en venta en Sierra de Gredos","Chalet en Sotillo de la Adrada","Chalet en zona sur de \u00c1vila","Piso en la carretera de Burgohondo","Piso en Santa Mar\u00eda del Ti\u00e9tar","Restaurante de prestigio en \u00c1vila","Solares en venta en Sierra de Gredos","Tranquilo d\u00faplex en Ar\u00e9valo"],"articleSection":["Noticias Mercado Inmobiliario"],"inLanguage":"es","potentialAction":[{"@type":"CommentAction","name":"Comment","target":["https:\/\/www.aquimicasa.net\/blog\/vivienda\/noticias-mercado-inmobiliario\/pisos-y-casas-en-avila-y-sierra-de-gredos\/#respond"]}]},{"@type":"WebPage","@id":"https:\/\/www.aquimicasa.net\/blog\/vivienda\/noticias-mercado-inmobiliario\/pisos-y-casas-en-avila-y-sierra-de-gredos\/","url":"https:\/\/www.aquimicasa.net\/blog\/vivienda\/noticias-mercado-inmobiliario\/pisos-y-casas-en-avila-y-sierra-de-gredos\/","name":"Pisos y casas en \u00c1vila y Sierra de Gredos","isPartOf":{"@id":"https:\/\/www.aquimicasa.net\/blog\/#website"},"primaryImageOfPage":{"@id":"https:\/\/www.aquimicasa.net\/blog\/vivienda\/noticias-mercado-inmobiliario\/pisos-y-casas-en-avila-y-sierra-de-gredos\/#primaryimage"},"image":{"@id":"https:\/\/www.aquimicasa.net\/blog\/vivienda\/noticias-mercado-inmobiliario\/pisos-y-casas-en-avila-y-sierra-de-gredos\/#primaryimage"},"thumbnailUrl":"https:\/\/www.aquimicasa.net\/blog\/wp-content\/uploads\/Avila4-1-e1514575410155.jpg","datePublished":"2017-04-08T08:23:50+00:00","dateModified":"2020-10-20T22:20:02+00:00","description":"El precio medio de los\u00a0pisos y casas en \u00c1vila y Sierra de Gredos\u00a0muestra, en el tercer trimestre del a\u00f1o 2017, un incremento interanual del\u00a0 3,7%,","breadcrumb":{"@id":"https:\/\/www.aquimicasa.net\/blog\/vivienda\/noticias-mercado-inmobiliario\/pisos-y-casas-en-avila-y-sierra-de-gredos\/#breadcrumb"},"inLanguage":"es","potentialAction":[{"@type":"ReadAction","target":["https:\/\/www.aquimicasa.net\/blog\/vivienda\/noticias-mercado-inmobiliario\/pisos-y-casas-en-avila-y-sierra-de-gredos\/"]}]},{"@type":"ImageObject","inLanguage":"es","@id":"https:\/\/www.aquimicasa.net\/blog\/vivienda\/noticias-mercado-inmobiliario\/pisos-y-casas-en-avila-y-sierra-de-gredos\/#primaryimage","url":"https:\/\/www.aquimicasa.net\/blog\/wp-content\/uploads\/Avila4-1-e1514575410155.jpg","contentUrl":"https:\/\/www.aquimicasa.net\/blog\/wp-content\/uploads\/Avila4-1-e1514575410155.jpg","width":325,"height":232},{"@type":"BreadcrumbList","@id":"https:\/\/www.aquimicasa.net\/blog\/vivienda\/noticias-mercado-inmobiliario\/pisos-y-casas-en-avila-y-sierra-de-gredos\/#breadcrumb","itemListElement":[{"@type":"ListItem","position":1,"name":"Portada","item":"https:\/\/www.aquimicasa.net\/blog\/"},{"@type":"ListItem","position":2,"name":"Pisos y casas en \u00c1vila y Sierra de Gredos"}]},{"@type":"WebSite","@id":"https:\/\/www.aquimicasa.net\/blog\/#website","url":"https:\/\/www.aquimicasa.net\/blog\/","name":"Blog de aquimicasa.net","description":"Noticias del Mundo Inmobiliario","publisher":{"@id":"https:\/\/www.aquimicasa.net\/blog\/#organization"},"potentialAction":[{"@type":"SearchAction","target":{"@type":"EntryPoint","urlTemplate":"https:\/\/www.aquimicasa.net\/blog\/?s={search_term_string}"},"query-input":{"@type":"PropertyValueSpecification","valueRequired":true,"valueName":"search_term_string"}}],"inLanguage":"es"},{"@type":"Organization","@id":"https:\/\/www.aquimicasa.net\/blog\/#organization","name":"Blog de aquimicasa.net","url":"https:\/\/www.aquimicasa.net\/blog\/","logo":{"@type":"ImageObject","inLanguage":"es","@id":"https:\/\/www.aquimicasa.net\/blog\/#\/schema\/logo\/image\/","url":"https:\/\/www.aquimicasa.net\/blog\/wp-content\/uploads\/Logo-aquimicasa-1-e1528048213782.png","contentUrl":"https:\/\/www.aquimicasa.net\/blog\/wp-content\/uploads\/Logo-aquimicasa-1-e1528048213782.png","width":225,"height":225,"caption":"Blog de aquimicasa.net"},"image":{"@id":"https:\/\/www.aquimicasa.net\/blog\/#\/schema\/logo\/image\/"},"sameAs":["https:\/\/www.facebook.com\/aquimicasa.net","https:\/\/www.instagram.com\/","https:\/\/x.com\/EduLizarragaD","https:\/\/www.linkedin.com\/feed\/"]},{"@type":"Person","@id":"https:\/\/www.aquimicasa.net\/blog\/#\/schema\/person\/2cdfa2605534583395c8d7ce1d6cac14","name":"Eduardo Lizarraga","image":{"@type":"ImageObject","inLanguage":"es","@id":"https:\/\/secure.gravatar.com\/avatar\/bdabe1eeeed97b65a9cb7de2edd624b07995f7e13abc5fead15961f745f908cc?s=96&d=mm&r=g","url":"https:\/\/secure.gravatar.com\/avatar\/bdabe1eeeed97b65a9cb7de2edd624b07995f7e13abc5fead15961f745f908cc?s=96&d=mm&r=g","contentUrl":"https:\/\/secure.gravatar.com\/avatar\/bdabe1eeeed97b65a9cb7de2edd624b07995f7e13abc5fead15961f745f908cc?s=96&d=mm&r=g","caption":"Eduardo Lizarraga"},"description":"Periodista Econ\u00f3mico. Ha trabajado en diversos campos de la informaci\u00f3n. Corresponsal en conflictos, analista pol\u00edtico en Congreso y Senado, periodista del medio ambiente, editor, director editorial, director de comunicaci\u00f3n.... En estos momentos se ha especializado en el sector inmobiliario. Pero tambi\u00e9n es navegante y viajero, preocupado por la pobreza, el medio ambiente y por las actuaciones descontroladas del neoliberalismo empresarial y pol\u00edtico en todo el mundo. Los desahucios, la pobreza infantil y la falta de acceso a los suministros b\u00e1sicos son algunos de los grandes dramas de nuestra sociedad y que es preciso solucionar para hacerla m\u00e1s justa. CEO en www.aquimicasa.net","sameAs":["https:\/\/www.aquimicasa.net\/"],"url":"https:\/\/www.aquimicasa.net\/blog\/author\/eduardo\/"}]}},"jetpack_publicize_connections":[],"jetpack_featured_media_url":"https:\/\/www.aquimicasa.net\/blog\/wp-content\/uploads\/Avila4-1-e1514575410155.jpg","jetpack_sharing_enabled":true,"jetpack_likes_enabled":true,"_links":{"self":[{"href":"https:\/\/www.aquimicasa.net\/blog\/wp-json\/wp\/v2\/posts\/18299","targetHints":{"allow":["GET"]}}],"collection":[{"href":"https:\/\/www.aquimicasa.net\/blog\/wp-json\/wp\/v2\/posts"}],"about":[{"href":"https:\/\/www.aquimicasa.net\/blog\/wp-json\/wp\/v2\/types\/post"}],"author":[{"embeddable":true,"href":"https:\/\/www.aquimicasa.net\/blog\/wp-json\/wp\/v2\/users\/3"}],"replies":[{"embeddable":true,"href":"https:\/\/www.aquimicasa.net\/blog\/wp-json\/wp\/v2\/comments?post=18299"}],"version-history":[{"count":5,"href":"https:\/\/www.aquimicasa.net\/blog\/wp-json\/wp\/v2\/posts\/18299\/revisions"}],"predecessor-version":[{"id":34515,"href":"https:\/\/www.aquimicasa.net\/blog\/wp-json\/wp\/v2\/posts\/18299\/revisions\/34515"}],"wp:featuredmedia":[{"embeddable":true,"href":"https:\/\/www.aquimicasa.net\/blog\/wp-json\/wp\/v2\/media\/18303"}],"wp:attachment":[{"href":"https:\/\/www.aquimicasa.net\/blog\/wp-json\/wp\/v2\/media?parent=18299"}],"wp:term":[{"taxonomy":"category","embeddable":true,"href":"https:\/\/www.aquimicasa.net\/blog\/wp-json\/wp\/v2\/categories?post=18299"},{"taxonomy":"post_tag","embeddable":true,"href":"https:\/\/www.aquimicasa.net\/blog\/wp-json\/wp\/v2\/tags?post=18299"}],"curies":[{"name":"wp","href":"https:\/\/api.w.org\/{rel}","templated":true}]}}