{"id":18418,"date":"2018-12-08T14:37:08","date_gmt":"2018-12-08T13:37:08","guid":{"rendered":"https:\/\/www.aquimicasa.net\/blog\/?p=18418"},"modified":"2020-04-02T18:54:32","modified_gmt":"2020-04-02T16:54:32","slug":"pisos-y-chalets-en-venta-en-la-ciudad-de-alicante","status":"publish","type":"post","link":"https:\/\/www.aquimicasa.net\/blog\/vivienda\/ofertas\/pisos-y-chalets-en-venta-en-la-ciudad-de-alicante\/","title":{"rendered":"Pisos y chalets en venta en la ciudad de Alicante"},"content":{"rendered":"<p>El \u00edndice Tinsa IMIE muestra un <strong>incremento interanual del 13,2%<\/strong>\u00a0en el precio de los <strong>pisos y chalets en venta en la ciudad de Alicante<\/strong><strong>.\u00a0<\/strong>Los datos, procedentes de las tasaciones realizadas durante el\u00a0 tercer trimestre, sit\u00faan el precio medio de los <strong>pisos y chalets en venta en la ciudad de Alicante<\/strong><strong>\u00a0<\/strong>en 1315 euros\/m2, lo que supone una ca\u00edda del\u00a0 32,9% respecto al m\u00e1ximo hist\u00f3rico alcanzado en el 2007. La evoluci\u00f3n durante el\u00a0 2018 est\u00e1 <strong>resultando positiva<\/strong> siendo el precio medio de los\u00a0<strong>\u00a0pisos y chalets en venta en la ciudad de Alicante <\/strong>en el tercer trimestre, un 11,2% superior al registrado en esta zona en el mismo periodo del a\u00f1o anterior.\u00a0 El plazo medio de<strong>\u00a0\u00a0<\/strong>la venta de\u00a0<strong>\u00a0pisos y chalets en venta en la ciudad de Alicante <\/strong>se sit\u00faa en 7,1 meses, lo que es\u00a0 inferior al plazo medio de venta en Espa\u00f1a que se sit\u00faa en 7,82 meses. Si analizamos la evoluci\u00f3n del precio de los pisos como si fuera un \u00edndice en el que el punto de partida es el a\u00f1o 2001 (base 1000 puntos) encontramos que el precio medio de la vivienda en el segundo trimestre del 2018 se situ\u00f3 en 1696 puntos en la ciudad de Alicante.<\/p>\n<ul>\n<li><img decoding=\"async\" class=\"\" src=\"https:\/\/www.aquimicasa.net\/imagenes\/inmuebles\/22461\/g_566262.jpg\" width=\"151\" height=\"101\" \/>\u00a0<a href=\"https:\/\/www.aquimicasa.net\/casas-chalets-adosados\/alicante\/villa-en-venta-en-zona-playa-de-la-albufera-i22461\">Villa en venta en zona Playa de la Albufera<\/a>. Situada a 500 metros de distancia de la playa de\u00a0<b>La Albufera\u00a0<\/b>. Este preciosa\u00a0<b>villa en venta\u00a0\u00a0<\/b>est\u00e1 distribuida en\u00a0<b>tres plantas\u00a0<\/b>y consta de\u00a0<b>sal\u00f3n comedor\u00a0<\/b>, cocina\u2026<\/li>\n<li><img decoding=\"async\" class=\"\" src=\"https:\/\/www.aquimicasa.net\/imagenes\/inmuebles\/22462\/g_566271.jpg\" width=\"151\" height=\"113\" \/>\u00a0<a href=\"https:\/\/www.aquimicasa.net\/casas-chalets-adosados\/alicante\/chalet-en-venta-en-vistahermosa-alicante-i22462\">Chalet en venta en Vistahermosa de Alicante<\/a>.\u00a0<b>Urbanabril\u00a0<\/b>dispone de un\u00a0<b>chalet en venta\u00a0<\/b>\u00a0con una distribuci\u00f3n muy acogedora disponiendo de un amplio\u00a0<b>sal\u00f3n comedor\u00a0<\/b>, cuatro\u00a0<b>dormitorios\u00a0<\/b>y tres\u00a0<b>ba\u00f1os completos\u2026<\/b><\/li>\n<li><a href=\"https:\/\/www.aquimicasa.net\/pisos\/alicante\/piso-en-venta-en-zona-san-blas-de-alicante-i22457\"><img decoding=\"async\" class=\"\" src=\"https:\/\/www.aquimicasa.net\/imagenes\/inmuebles\/22457\/g_566225.jpg\" width=\"151\" height=\"113\" \/><\/a>\u00a0<a href=\"https:\/\/www.aquimicasa.net\/pisos\/alicante\/piso-en-venta-en-zona-san-blas-de-alicante-i22457\">Piso en venta en zona San Blas de Alicante<\/a>.\u00a0\u00a0<b>Urbanabril\u00a0<\/b>dispone de un\u00a0<b>piso en venta\u00a0\u00a0<\/b>con 78 m2. de superficie. La propiedad est\u00e1 para\u00a0<b>entrar a vivir<\/b>. En cuanto a la distribuci\u00f3n \u00a0dispone de cocina completamente equipada\u2026<\/li>\n<li><b><a href=\"https:\/\/www.aquimicasa.net\/pisos\/alicante\/piso-en-venta-en-zona-mercado-de-alicante-i22460\"><img decoding=\"async\" class=\"\" src=\"https:\/\/www.aquimicasa.net\/imagenes\/inmuebles\/22460\/g_566260.jpg\" width=\"150\" height=\"113\" \/><\/a>\u00a0<\/b><a href=\"https:\/\/www.aquimicasa.net\/pisos\/alicante\/piso-en-venta-en-zona-mercado-de-alicante-i22460\">Piso en venta en zona Mercado de Alicante<\/a>.\u00a0<b>Urbanabril\u00a0<\/b>ofrece un\u00a0<b>piso en venta\u00a0<\/b>\u00a0de 100 m2 con\u00a0<b>4 dormitorios\u00a0<\/b>, 1\u00a0<b>ba\u00f1o completo\u00a0<\/b>, sal\u00f3n comedor, cocina completamente\u00a0<b>equipada mobiliario\u00a0<\/b>y\u00a0<b>electrodom\u00e9sticos&#8230;<\/b><\/li>\n<li><a href=\"https:\/\/www.aquimicasa.net\/pisos\/alicante\/piso-en-venta-en-zona-centro-de-alicante-i22458\"><img decoding=\"async\" class=\"\" src=\"https:\/\/www.aquimicasa.net\/imagenes\/inmuebles\/22458\/g_566235.jpg\" width=\"151\" height=\"113\" \/><\/a>\u00a0<a href=\"https:\/\/www.aquimicasa.net\/pisos\/alicante\/piso-en-venta-en-zona-centro-de-alicante-i22458\">Piso en venta en zona centro de Alicante<\/a>.\u00a0La distribuci\u00f3n est\u00e1 muy bien conseguida y dispone de\u00a0<b>2 habitaciones dobles\u00a0<\/b>y de\u00a0<b>2 ba\u00f1os completos\u00a0<\/b>. La propiedad est\u00e1 seminueva y lista para<b>\u00a0entrar a vivir<\/b>. ..<\/li>\n<li><b>\u00a0<a href=\"https:\/\/www.aquimicasa.net\/pisos\/alicante\/apartamento-en-venta-en-zona-canalejas-de-alicante-i22455\"><img decoding=\"async\" class=\"\" src=\"https:\/\/www.aquimicasa.net\/imagenes\/inmuebles\/22455\/g_566204.jpg\" width=\"151\" height=\"101\" \/><\/a>\u00a0<\/b><a href=\"https:\/\/www.aquimicasa.net\/pisos\/alicante\/apartamento-en-venta-en-zona-canalejas-de-alicante-i22455\">Apartamento en venta en zona Canalejas de Alicante<\/a>.\u00a0\u00a0Con 163 metros cuadrados construidos y situado en la quinta planta del edificio\u00a0<b>Urbanabril\u00a0<\/b>dispone de un amplio y luminoso\u00a0<b>apartamento en venta\u2026<\/b><\/li>\n<li><a href=\"https:\/\/www.aquimicasa.net\/pisos\/alicante\/vivienda-en-zona-mercado-central-de-alicante-i22454\"><img decoding=\"async\" class=\"\" src=\"https:\/\/www.aquimicasa.net\/imagenes\/inmuebles\/22454\/g_566201.jpg\" width=\"84\" height=\"153\" \/><\/a>\u00a0<a href=\"https:\/\/www.aquimicasa.net\/pisos\/alicante\/vivienda-en-zona-mercado-central-de-alicante-i22454\">Vivienda en zona Mercado Central de Alicante<\/a>.\u00a0La\u00a0<b>vivienda\u00a0<\/b>cuenta con una superficie de 90 mt distribuida en\u00a0<b>sal\u00f3n comedor<\/b>\u00a0con balc\u00f3n,<b>\u00a03 dormitorios\u00a0<\/b>, 1 cuarto de\u00a0<b>ba\u00f1o completo\u00a0<\/b>, cocina\u00a0<b>equipada<\/b>\u00a0con\u00a0<b>electrodom\u00e9sticos\u2026<\/b><\/li>\n<li><a href=\"https:\/\/www.aquimicasa.net\/pisos\/alicante\/piso-en-venta-en-zona-auditorio-de-alicante-i22452\"><img decoding=\"async\" class=\"\" src=\"https:\/\/www.aquimicasa.net\/imagenes\/inmuebles\/22452\/g_566176.jpg\" width=\"151\" height=\"85\" \/><\/a>\u00a0<a href=\"https:\/\/www.aquimicasa.net\/pisos\/alicante\/piso-en-venta-en-zona-auditorio-de-alicante-i22452\">Piso en venta en zona Auditorio de Alicante<\/a>.\u00a0Con 95 metros cuadrados construidos y situado en la segunda planta del edificio\u00a0<b>Urbanabril\u00a0<\/b>te ofrece un\u00a0<b>piso en venta\u00a0\u00a0<\/b>con orientaci\u00f3n de ma\u00f1ana.\u00a0 Consta de\u00a0<b>sal\u00f3n\u2026\u00a0<\/b><\/li>\n<\/ul>\n<p>&nbsp;<\/p>\n<p>&nbsp;<\/p>\n<ul>\n<li><a href=\"https:\/\/www.aquimicasa.net\/blog\/viviendas-en-venta-y-alquiler-en\/pisos-en-venta-en-zona-las-carolinas-de-alicante\"><img decoding=\"async\" class=\"\" src=\"https:\/\/www.aquimicasa.net\/blog\/wp-content\/uploads\/Alicante4-2-e1496696692995.jpg\" width=\"303\" height=\"227\" \/><\/a>\u00a0<a href=\"https:\/\/www.aquimicasa.net\/blog\/viviendas-en-venta-y-alquiler-en\/pisos-en-venta-en-zona-las-carolinas-de-alicante\">Pisos en venta en zona Las Carolinas Alicante<\/a><\/li>\n<\/ul>\n<h2>Pisos y chalets en venta en la provincia de Alicante<\/h2>\n<p>El precio medio de los\u00a0<strong> pisos y chalets en la provincia de Alicante<\/strong>\u00a0muestra, en el tercer trimestre del a\u00f1o 2018, un crecimiento interanual del\u00a0 4,7%, hasta llegar a los 1178 euros\/m2, de acuerdo a los datos del \u00edndice Tinsa IMIE. Desde los valores m\u00e1ximos alcanzados en el cuarto trimestre del 2007, el valor de los <strong>pisos y chalets en la provincia de Alicante<\/strong><strong>\u00a0<\/strong>se ha depreciado un 40,4%. El mercado residencial est\u00e1 evolucionando en positivo durante lo que llevamos de a\u00f1o. El precio de los <strong>pisos y chalets en la provincia de Alicante<\/strong><strong>\u00a0<\/strong>en el cuarto trimestre del 2107 es un 5,2%\u00a0 superior al registrado en el mismo periodo del a\u00f1o anterior.\u00a0 El plazo medio de venta de una vivienda en la <strong>provincia de Alicante\u00a0<\/strong>es de 8,4 meses frente a los 7,82 de la media espa\u00f1ola.<\/p>\n<p>&nbsp;<\/p>\n<ul>\n<li><a href=\"https:\/\/www.aquimicasa.net\/blog\/viviendas-en-venta-y-alquiler-en\/un-apartamento-en-venta-en-la-playa-de-calpe\"><img decoding=\"async\" class=\"\" src=\"https:\/\/www.aquimicasa.net\/blog\/wp-content\/uploads\/CalpeA1-e1531672902908.jpg\" width=\"213\" height=\"140\" \/><\/a>\u00a0<a href=\"https:\/\/www.aquimicasa.net\/blog\/viviendas-en-venta-y-alquiler-en\/un-apartamento-en-venta-en-la-playa-de-calpe\">Un apartamento en venta en la playa de Calpe<\/a><\/li>\n<\/ul>\n<p>&nbsp;<\/p>\n<ul>\n<li><img decoding=\"async\" class=\"\" src=\"https:\/\/www.aquimicasa.net\/blog\/wp-content\/uploads\/Calpev2-e1525813205470.jpg\" width=\"210\" height=\"142\" \/>\u00a0<a href=\"https:\/\/www.aquimicasa.net\/blog\/compraventa-de-viviendas\/casas-para-vivir-en-la-playa-de-calpe\">Casas para vivir en la playa de Calpe<\/a><\/li>\n<\/ul>\n<p>&nbsp;<\/p>\n<ul>\n<li><a href=\"https:\/\/www.aquimicasa.net\/blog\/activos-inmobiliarios\/aticos-para-vivir-en-la-playa-de-calpe\"><img decoding=\"async\" class=\"\" src=\"https:\/\/www.aquimicasa.net\/blog\/wp-content\/uploads\/Ifach2-1000x642.jpg\" width=\"207\" height=\"133\" \/><\/a>\u00a0<a href=\"https:\/\/www.aquimicasa.net\/blog\/activos-inmobiliarios\/aticos-para-vivir-en-la-playa-de-calpe\">\u00c1ticos para vivir en la playa de Calpe<\/a><\/li>\n<\/ul>\n<p>&nbsp;<\/p>\n<ul>\n<li><a href=\"https:\/\/www.aquimicasa.net\/blog\/articulos-de-localizacion-geografica\/casas-en-venta-para-la-playa-en-santa-pola\"><img decoding=\"async\" class=\"\" src=\"https:\/\/www.aquimicasa.net\/blog\/wp-content\/uploads\/Santa-Pola7.jpg\" width=\"214\" height=\"90\" \/><\/a>\u00a0C<a href=\"https:\/\/www.aquimicasa.net\/blog\/articulos-de-localizacion-geografica\/casas-en-venta-para-la-playa-en-santa-pola\">asas en venta para la playa en Santa Pola<\/a><\/li>\n<\/ul>\n<p>&nbsp;<\/p>\n<ul>\n<li><a href=\"https:\/\/www.aquimicasa.net\/blog\/activos-inmobiliarios\/pisos-para-vivir-en-la-playa-en-santa-pola\"><img decoding=\"async\" class=\"\" src=\"https:\/\/www.aquimicasa.net\/blog\/wp-content\/uploads\/sANTA-pOLA2-e1523777385103.jpg\" width=\"219\" height=\"131\" \/><\/a>\u00a0<a href=\"https:\/\/www.aquimicasa.net\/blog\/activos-inmobiliarios\/pisos-para-vivir-en-la-playa-en-santa-pola\">Pisos para vivir en la playa en Santa Pola<\/a><\/li>\n<\/ul>\n","protected":false},"excerpt":{"rendered":"<p>Pisos en venta y alquiler en Las Carolinas de Alicante, Carolinas Altas, Carolinas Bajas, Villa en venta en zona Playa de la Albufera, Chalet en venta en Vistahermosa de Alicante, Piso en venta en zona Mercado de Alicante, Piso en venta en zona centro de Alicante, Piso en venta en zona San Blas de Alicante, Apartamento en venta en zona Canalejas de Alicante, Vivienda en zona Mercado Central de Alicante, Piso en venta en zona Auditorio de Alicante, Piso en venta en el Pla de Alicante, Vivienda en venta en zona Plaza de los Luceros de Alicante, Vivienda en venta en barrio Las Carolinas de Alicante, Vivienda en venta en zona Carolinas de Alicante, Piso en venta en zona Carolinas Altas de Alicante, Piso en venta en zona Carolinas Altas de Alicante, Chalet en venta en el Moralet de San Vicente del Raspeig, <\/p>\n","protected":false},"author":3,"featured_media":22924,"comment_status":"open","ping_status":"open","sticky":false,"template":"","format":"standard","meta":{"_jetpack_memberships_contains_paid_content":false,"footnotes":"","jetpack_publicize_message":"","jetpack_publicize_feature_enabled":true,"jetpack_social_post_already_shared":true,"jetpack_social_options":{"image_generator_settings":{"template":"highway","default_image_id":0,"font":"","enabled":false},"version":2}},"categories":[7562,100,7565,77],"tags":[6161,5566,6154,6155,5663,5465,6169,6157,6164,6163,6168,6159,6158,6160,6153,5380,6113,6156,6166,6167,6165,6162],"class_list":["post-18418","post","type-post","status-publish","format-standard","has-post-thumbnail","hentry","category-agencias-inmobiliarias","category-compraventa-de-viviendas","category-noticias-mercado-inmobiliario","category-ofertas","tag-apartamento-en-venta-en-zona-canalejas-de-alicante","tag-aticos-para-vivir-en-la-playa-de-calpe","tag-carolinas-altas","tag-carolinas-bajas","tag-casas-en-venta-para-la-playa-en-santa-pola","tag-casas-para-vivir-en-la-playa-de-calpe","tag-chalet-en-venta-en-el-moralet-de-san-vicente-del-raspeig","tag-chalet-en-venta-en-vistahermosa-de-alicante","tag-piso-en-venta-en-el-pla-de-alicante","tag-piso-en-venta-en-zona-auditorio-de-alicante","tag-piso-en-venta-en-zona-carolinas-altas-de-alicante","tag-piso-en-venta-en-zona-centro-de-alicante","tag-piso-en-venta-en-zona-mercado-de-alicante","tag-piso-en-venta-en-zona-san-blas-de-alicante","tag-pisos-en-venta-y-alquiler-en-las-carolinas-de-alicante","tag-pisos-para-vivir-en-la-playa-en-santa-pola","tag-un-apartamento-en-venta-en-la-playa-de-calpe","tag-villa-en-venta-en-zona-playa-de-la-albufera","tag-vivienda-en-venta-en-barrio-las-carolinas-de-alicante","tag-vivienda-en-venta-en-zona-carolinas-de-alicante","tag-vivienda-en-venta-en-zona-plaza-de-los-luceros-de-alicante","tag-vivienda-en-zona-mercado-central-de-alicante"],"yoast_head":"<!-- This site is optimized with the Yoast SEO plugin v28.2 - https:\/\/yoast.com\/product\/yoast-seo-wordpress\/ -->\n<title>Pisos y chalets en venta en la ciudad de Alicante<\/title>\n<meta name=\"description\" content=\"Se produce un incremento interanual del 4%\u00a0en el precio de los pisos y chalets en venta en la ciudad de Alicante.\u00a0 el precio medio en 1021 euros\/m2,\" \/>\n<meta name=\"robots\" content=\"index, follow, max-snippet:-1, max-image-preview:large, max-video-preview:-1\" \/>\n<link rel=\"canonical\" href=\"https:\/\/www.aquimicasa.net\/blog\/vivienda\/ofertas\/pisos-y-chalets-en-venta-en-la-ciudad-de-alicante\/\" \/>\n<meta property=\"og:locale\" content=\"es_ES\" \/>\n<meta property=\"og:type\" content=\"article\" \/>\n<meta property=\"og:title\" content=\"Pisos y chalets en venta en la ciudad de Alicante\" \/>\n<meta property=\"og:description\" content=\"Se produce un incremento interanual del 4%\u00a0en el precio de los pisos y chalets en venta en la ciudad de Alicante.\u00a0 el precio medio en 1021 euros\/m2,\" \/>\n<meta property=\"og:url\" content=\"https:\/\/www.aquimicasa.net\/blog\/vivienda\/ofertas\/pisos-y-chalets-en-venta-en-la-ciudad-de-alicante\/\" \/>\n<meta property=\"og:site_name\" content=\"Blog de aquimicasa.net\" \/>\n<meta property=\"article:publisher\" content=\"https:\/\/www.facebook.com\/aquimicasa.net\" \/>\n<meta property=\"article:published_time\" content=\"2018-12-08T13:37:08+00:00\" \/>\n<meta property=\"article:modified_time\" content=\"2020-04-02T16:54:32+00:00\" \/>\n<meta property=\"og:image\" content=\"https:\/\/www.aquimicasa.net\/blog\/wp-content\/uploads\/Alicante8-e1544228003437.jpg\" \/>\n\t<meta property=\"og:image:width\" content=\"400\" \/>\n\t<meta property=\"og:image:height\" content=\"225\" \/>\n\t<meta property=\"og:image:type\" content=\"image\/jpeg\" \/>\n<meta name=\"author\" content=\"Eduardo Lizarraga\" \/>\n<meta name=\"twitter:label1\" content=\"Escrito por\" \/>\n\t<meta name=\"twitter:data1\" content=\"Eduardo Lizarraga\" \/>\n\t<meta name=\"twitter:label2\" content=\"Tiempo de lectura\" \/>\n\t<meta name=\"twitter:data2\" content=\"3 minutos\" \/>\n<script type=\"application\/ld+json\" class=\"yoast-schema-graph\">{\"@context\":\"https:\\\/\\\/schema.org\",\"@graph\":[{\"@type\":\"Article\",\"@id\":\"https:\\\/\\\/www.aquimicasa.net\\\/blog\\\/vivienda\\\/ofertas\\\/pisos-y-chalets-en-venta-en-la-ciudad-de-alicante\\\/#article\",\"isPartOf\":{\"@id\":\"https:\\\/\\\/www.aquimicasa.net\\\/blog\\\/vivienda\\\/ofertas\\\/pisos-y-chalets-en-venta-en-la-ciudad-de-alicante\\\/\"},\"author\":{\"name\":\"Eduardo Lizarraga\",\"@id\":\"https:\\\/\\\/www.aquimicasa.net\\\/blog\\\/#\\\/schema\\\/person\\\/2cdfa2605534583395c8d7ce1d6cac14\"},\"headline\":\"Pisos y chalets en venta en la ciudad de Alicante\",\"datePublished\":\"2018-12-08T13:37:08+00:00\",\"dateModified\":\"2020-04-02T16:54:32+00:00\",\"mainEntityOfPage\":{\"@id\":\"https:\\\/\\\/www.aquimicasa.net\\\/blog\\\/vivienda\\\/ofertas\\\/pisos-y-chalets-en-venta-en-la-ciudad-de-alicante\\\/\"},\"wordCount\":693,\"commentCount\":0,\"publisher\":{\"@id\":\"https:\\\/\\\/www.aquimicasa.net\\\/blog\\\/#organization\"},\"image\":{\"@id\":\"https:\\\/\\\/www.aquimicasa.net\\\/blog\\\/vivienda\\\/ofertas\\\/pisos-y-chalets-en-venta-en-la-ciudad-de-alicante\\\/#primaryimage\"},\"thumbnailUrl\":\"https:\\\/\\\/www.aquimicasa.net\\\/blog\\\/wp-content\\\/uploads\\\/Alicante8-e1544228003437.jpg\",\"keywords\":[\"Apartamento en venta en zona Canalejas de Alicante\",\"\u00c1ticos para vivir en la playa de Calpe\",\"Carolinas Altas\",\"Carolinas Bajas\",\"Casas en venta para la playa en Santa Pola\",\"Casas para vivir en la playa de Calpe\",\"Chalet en venta en el Moralet de San Vicente del Raspeig\",\"Chalet en venta en Vistahermosa de Alicante\",\"Piso en venta en el Pla de Alicante\",\"Piso en venta en zona Auditorio de Alicante\",\"Piso en venta en zona Carolinas Altas de Alicante\",\"Piso en venta en zona centro de Alicante\",\"Piso en venta en zona Mercado de Alicante\",\"Piso en venta en zona San Blas de Alicante\",\"Pisos en venta y alquiler en Las Carolinas de Alicante\",\"Pisos para vivir en la playa en Santa Pola\",\"Un apartamento en venta en la playa de Calpe\",\"Villa en venta en zona Playa de la Albufera\",\"Vivienda en venta en barrio Las Carolinas de Alicante\",\"Vivienda en venta en zona Carolinas de Alicante\",\"Vivienda en venta en zona Plaza de los Luceros de Alicante\",\"Vivienda en zona Mercado Central de Alicante\"],\"articleSection\":[\"Agencias Inmobiliarias\",\"Compra Venta\",\"Noticias Mercado Inmobiliario\",\"Ofertas\"],\"inLanguage\":\"es\",\"potentialAction\":[{\"@type\":\"CommentAction\",\"name\":\"Comment\",\"target\":[\"https:\\\/\\\/www.aquimicasa.net\\\/blog\\\/vivienda\\\/ofertas\\\/pisos-y-chalets-en-venta-en-la-ciudad-de-alicante\\\/#respond\"]}]},{\"@type\":\"WebPage\",\"@id\":\"https:\\\/\\\/www.aquimicasa.net\\\/blog\\\/vivienda\\\/ofertas\\\/pisos-y-chalets-en-venta-en-la-ciudad-de-alicante\\\/\",\"url\":\"https:\\\/\\\/www.aquimicasa.net\\\/blog\\\/vivienda\\\/ofertas\\\/pisos-y-chalets-en-venta-en-la-ciudad-de-alicante\\\/\",\"name\":\"Pisos y chalets en venta en la ciudad de Alicante\",\"isPartOf\":{\"@id\":\"https:\\\/\\\/www.aquimicasa.net\\\/blog\\\/#website\"},\"primaryImageOfPage\":{\"@id\":\"https:\\\/\\\/www.aquimicasa.net\\\/blog\\\/vivienda\\\/ofertas\\\/pisos-y-chalets-en-venta-en-la-ciudad-de-alicante\\\/#primaryimage\"},\"image\":{\"@id\":\"https:\\\/\\\/www.aquimicasa.net\\\/blog\\\/vivienda\\\/ofertas\\\/pisos-y-chalets-en-venta-en-la-ciudad-de-alicante\\\/#primaryimage\"},\"thumbnailUrl\":\"https:\\\/\\\/www.aquimicasa.net\\\/blog\\\/wp-content\\\/uploads\\\/Alicante8-e1544228003437.jpg\",\"datePublished\":\"2018-12-08T13:37:08+00:00\",\"dateModified\":\"2020-04-02T16:54:32+00:00\",\"description\":\"Se produce un incremento interanual del 4%\u00a0en el precio de los pisos y chalets en venta en la ciudad de Alicante.\u00a0 el precio medio en 1021 euros\\\/m2,\",\"breadcrumb\":{\"@id\":\"https:\\\/\\\/www.aquimicasa.net\\\/blog\\\/vivienda\\\/ofertas\\\/pisos-y-chalets-en-venta-en-la-ciudad-de-alicante\\\/#breadcrumb\"},\"inLanguage\":\"es\",\"potentialAction\":[{\"@type\":\"ReadAction\",\"target\":[\"https:\\\/\\\/www.aquimicasa.net\\\/blog\\\/vivienda\\\/ofertas\\\/pisos-y-chalets-en-venta-en-la-ciudad-de-alicante\\\/\"]}]},{\"@type\":\"ImageObject\",\"inLanguage\":\"es\",\"@id\":\"https:\\\/\\\/www.aquimicasa.net\\\/blog\\\/vivienda\\\/ofertas\\\/pisos-y-chalets-en-venta-en-la-ciudad-de-alicante\\\/#primaryimage\",\"url\":\"https:\\\/\\\/www.aquimicasa.net\\\/blog\\\/wp-content\\\/uploads\\\/Alicante8-e1544228003437.jpg\",\"contentUrl\":\"https:\\\/\\\/www.aquimicasa.net\\\/blog\\\/wp-content\\\/uploads\\\/Alicante8-e1544228003437.jpg\",\"width\":400,\"height\":225},{\"@type\":\"BreadcrumbList\",\"@id\":\"https:\\\/\\\/www.aquimicasa.net\\\/blog\\\/vivienda\\\/ofertas\\\/pisos-y-chalets-en-venta-en-la-ciudad-de-alicante\\\/#breadcrumb\",\"itemListElement\":[{\"@type\":\"ListItem\",\"position\":1,\"name\":\"Portada\",\"item\":\"https:\\\/\\\/www.aquimicasa.net\\\/blog\\\/\"},{\"@type\":\"ListItem\",\"position\":2,\"name\":\"Pisos y chalets en venta en la ciudad de Alicante\"}]},{\"@type\":\"WebSite\",\"@id\":\"https:\\\/\\\/www.aquimicasa.net\\\/blog\\\/#website\",\"url\":\"https:\\\/\\\/www.aquimicasa.net\\\/blog\\\/\",\"name\":\"Blog de aquimicasa.net\",\"description\":\"Noticias del Mundo Inmobiliario\",\"publisher\":{\"@id\":\"https:\\\/\\\/www.aquimicasa.net\\\/blog\\\/#organization\"},\"potentialAction\":[{\"@type\":\"SearchAction\",\"target\":{\"@type\":\"EntryPoint\",\"urlTemplate\":\"https:\\\/\\\/www.aquimicasa.net\\\/blog\\\/?s={search_term_string}\"},\"query-input\":{\"@type\":\"PropertyValueSpecification\",\"valueRequired\":true,\"valueName\":\"search_term_string\"}}],\"inLanguage\":\"es\"},{\"@type\":\"Organization\",\"@id\":\"https:\\\/\\\/www.aquimicasa.net\\\/blog\\\/#organization\",\"name\":\"Blog de aquimicasa.net\",\"url\":\"https:\\\/\\\/www.aquimicasa.net\\\/blog\\\/\",\"logo\":{\"@type\":\"ImageObject\",\"inLanguage\":\"es\",\"@id\":\"https:\\\/\\\/www.aquimicasa.net\\\/blog\\\/#\\\/schema\\\/logo\\\/image\\\/\",\"url\":\"https:\\\/\\\/www.aquimicasa.net\\\/blog\\\/wp-content\\\/uploads\\\/Logo-aquimicasa-1-e1528048213782.png\",\"contentUrl\":\"https:\\\/\\\/www.aquimicasa.net\\\/blog\\\/wp-content\\\/uploads\\\/Logo-aquimicasa-1-e1528048213782.png\",\"width\":225,\"height\":225,\"caption\":\"Blog de aquimicasa.net\"},\"image\":{\"@id\":\"https:\\\/\\\/www.aquimicasa.net\\\/blog\\\/#\\\/schema\\\/logo\\\/image\\\/\"},\"sameAs\":[\"https:\\\/\\\/www.facebook.com\\\/aquimicasa.net\",\"https:\\\/\\\/www.instagram.com\\\/\",\"https:\\\/\\\/x.com\\\/EduLizarragaD\",\"https:\\\/\\\/www.linkedin.com\\\/feed\\\/\"]},{\"@type\":\"Person\",\"@id\":\"https:\\\/\\\/www.aquimicasa.net\\\/blog\\\/#\\\/schema\\\/person\\\/2cdfa2605534583395c8d7ce1d6cac14\",\"name\":\"Eduardo Lizarraga\",\"image\":{\"@type\":\"ImageObject\",\"inLanguage\":\"es\",\"@id\":\"https:\\\/\\\/secure.gravatar.com\\\/avatar\\\/bdabe1eeeed97b65a9cb7de2edd624b07995f7e13abc5fead15961f745f908cc?s=96&d=mm&r=g\",\"url\":\"https:\\\/\\\/secure.gravatar.com\\\/avatar\\\/bdabe1eeeed97b65a9cb7de2edd624b07995f7e13abc5fead15961f745f908cc?s=96&d=mm&r=g\",\"contentUrl\":\"https:\\\/\\\/secure.gravatar.com\\\/avatar\\\/bdabe1eeeed97b65a9cb7de2edd624b07995f7e13abc5fead15961f745f908cc?s=96&d=mm&r=g\",\"caption\":\"Eduardo Lizarraga\"},\"description\":\"Periodista Econ\u00f3mico. Ha trabajado en diversos campos de la informaci\u00f3n. Corresponsal en conflictos, analista pol\u00edtico en Congreso y Senado, periodista del medio ambiente, editor, director editorial, director de comunicaci\u00f3n.... En estos momentos se ha especializado en el sector inmobiliario. Pero tambi\u00e9n es navegante y viajero, preocupado por la pobreza, el medio ambiente y por las actuaciones descontroladas del neoliberalismo empresarial y pol\u00edtico en todo el mundo. Los desahucios, la pobreza infantil y la falta de acceso a los suministros b\u00e1sicos son algunos de los grandes dramas de nuestra sociedad y que es preciso solucionar para hacerla m\u00e1s justa. CEO en www.aquimicasa.net\",\"sameAs\":[\"https:\\\/\\\/www.aquimicasa.net\\\/\"],\"url\":\"https:\\\/\\\/www.aquimicasa.net\\\/blog\\\/author\\\/eduardo\\\/\"}]}<\/script>\n<!-- \/ Yoast SEO plugin. -->","yoast_head_json":{"title":"Pisos y chalets en venta en la ciudad de Alicante","description":"Se produce un incremento interanual del 4%\u00a0en el precio de los pisos y chalets en venta en la ciudad de Alicante.\u00a0 el precio medio en 1021 euros\/m2,","robots":{"index":"index","follow":"follow","max-snippet":"max-snippet:-1","max-image-preview":"max-image-preview:large","max-video-preview":"max-video-preview:-1"},"canonical":"https:\/\/www.aquimicasa.net\/blog\/vivienda\/ofertas\/pisos-y-chalets-en-venta-en-la-ciudad-de-alicante\/","og_locale":"es_ES","og_type":"article","og_title":"Pisos y chalets en venta en la ciudad de Alicante","og_description":"Se produce un incremento interanual del 4%\u00a0en el precio de los pisos y chalets en venta en la ciudad de Alicante.\u00a0 el precio medio en 1021 euros\/m2,","og_url":"https:\/\/www.aquimicasa.net\/blog\/vivienda\/ofertas\/pisos-y-chalets-en-venta-en-la-ciudad-de-alicante\/","og_site_name":"Blog de aquimicasa.net","article_publisher":"https:\/\/www.facebook.com\/aquimicasa.net","article_published_time":"2018-12-08T13:37:08+00:00","article_modified_time":"2020-04-02T16:54:32+00:00","og_image":[{"width":400,"height":225,"url":"https:\/\/www.aquimicasa.net\/blog\/wp-content\/uploads\/Alicante8-e1544228003437.jpg","type":"image\/jpeg"}],"author":"Eduardo Lizarraga","twitter_misc":{"Escrito por":"Eduardo Lizarraga","Tiempo de lectura":"3 minutos"},"schema":{"@context":"https:\/\/schema.org","@graph":[{"@type":"Article","@id":"https:\/\/www.aquimicasa.net\/blog\/vivienda\/ofertas\/pisos-y-chalets-en-venta-en-la-ciudad-de-alicante\/#article","isPartOf":{"@id":"https:\/\/www.aquimicasa.net\/blog\/vivienda\/ofertas\/pisos-y-chalets-en-venta-en-la-ciudad-de-alicante\/"},"author":{"name":"Eduardo Lizarraga","@id":"https:\/\/www.aquimicasa.net\/blog\/#\/schema\/person\/2cdfa2605534583395c8d7ce1d6cac14"},"headline":"Pisos y chalets en venta en la ciudad de Alicante","datePublished":"2018-12-08T13:37:08+00:00","dateModified":"2020-04-02T16:54:32+00:00","mainEntityOfPage":{"@id":"https:\/\/www.aquimicasa.net\/blog\/vivienda\/ofertas\/pisos-y-chalets-en-venta-en-la-ciudad-de-alicante\/"},"wordCount":693,"commentCount":0,"publisher":{"@id":"https:\/\/www.aquimicasa.net\/blog\/#organization"},"image":{"@id":"https:\/\/www.aquimicasa.net\/blog\/vivienda\/ofertas\/pisos-y-chalets-en-venta-en-la-ciudad-de-alicante\/#primaryimage"},"thumbnailUrl":"https:\/\/www.aquimicasa.net\/blog\/wp-content\/uploads\/Alicante8-e1544228003437.jpg","keywords":["Apartamento en venta en zona Canalejas de Alicante","\u00c1ticos para vivir en la playa de Calpe","Carolinas Altas","Carolinas Bajas","Casas en venta para la playa en Santa Pola","Casas para vivir en la playa de Calpe","Chalet en venta en el Moralet de San Vicente del Raspeig","Chalet en venta en Vistahermosa de Alicante","Piso en venta en el Pla de Alicante","Piso en venta en zona Auditorio de Alicante","Piso en venta en zona Carolinas Altas de Alicante","Piso en venta en zona centro de Alicante","Piso en venta en zona Mercado de Alicante","Piso en venta en zona San Blas de Alicante","Pisos en venta y alquiler en Las Carolinas de Alicante","Pisos para vivir en la playa en Santa Pola","Un apartamento en venta en la playa de Calpe","Villa en venta en zona Playa de la Albufera","Vivienda en venta en barrio Las Carolinas de Alicante","Vivienda en venta en zona Carolinas de Alicante","Vivienda en venta en zona Plaza de los Luceros de Alicante","Vivienda en zona Mercado Central de Alicante"],"articleSection":["Agencias Inmobiliarias","Compra Venta","Noticias Mercado Inmobiliario","Ofertas"],"inLanguage":"es","potentialAction":[{"@type":"CommentAction","name":"Comment","target":["https:\/\/www.aquimicasa.net\/blog\/vivienda\/ofertas\/pisos-y-chalets-en-venta-en-la-ciudad-de-alicante\/#respond"]}]},{"@type":"WebPage","@id":"https:\/\/www.aquimicasa.net\/blog\/vivienda\/ofertas\/pisos-y-chalets-en-venta-en-la-ciudad-de-alicante\/","url":"https:\/\/www.aquimicasa.net\/blog\/vivienda\/ofertas\/pisos-y-chalets-en-venta-en-la-ciudad-de-alicante\/","name":"Pisos y chalets en venta en la ciudad de Alicante","isPartOf":{"@id":"https:\/\/www.aquimicasa.net\/blog\/#website"},"primaryImageOfPage":{"@id":"https:\/\/www.aquimicasa.net\/blog\/vivienda\/ofertas\/pisos-y-chalets-en-venta-en-la-ciudad-de-alicante\/#primaryimage"},"image":{"@id":"https:\/\/www.aquimicasa.net\/blog\/vivienda\/ofertas\/pisos-y-chalets-en-venta-en-la-ciudad-de-alicante\/#primaryimage"},"thumbnailUrl":"https:\/\/www.aquimicasa.net\/blog\/wp-content\/uploads\/Alicante8-e1544228003437.jpg","datePublished":"2018-12-08T13:37:08+00:00","dateModified":"2020-04-02T16:54:32+00:00","description":"Se produce un incremento interanual del 4%\u00a0en el precio de los pisos y chalets en venta en la ciudad de Alicante.\u00a0 el precio medio en 1021 euros\/m2,","breadcrumb":{"@id":"https:\/\/www.aquimicasa.net\/blog\/vivienda\/ofertas\/pisos-y-chalets-en-venta-en-la-ciudad-de-alicante\/#breadcrumb"},"inLanguage":"es","potentialAction":[{"@type":"ReadAction","target":["https:\/\/www.aquimicasa.net\/blog\/vivienda\/ofertas\/pisos-y-chalets-en-venta-en-la-ciudad-de-alicante\/"]}]},{"@type":"ImageObject","inLanguage":"es","@id":"https:\/\/www.aquimicasa.net\/blog\/vivienda\/ofertas\/pisos-y-chalets-en-venta-en-la-ciudad-de-alicante\/#primaryimage","url":"https:\/\/www.aquimicasa.net\/blog\/wp-content\/uploads\/Alicante8-e1544228003437.jpg","contentUrl":"https:\/\/www.aquimicasa.net\/blog\/wp-content\/uploads\/Alicante8-e1544228003437.jpg","width":400,"height":225},{"@type":"BreadcrumbList","@id":"https:\/\/www.aquimicasa.net\/blog\/vivienda\/ofertas\/pisos-y-chalets-en-venta-en-la-ciudad-de-alicante\/#breadcrumb","itemListElement":[{"@type":"ListItem","position":1,"name":"Portada","item":"https:\/\/www.aquimicasa.net\/blog\/"},{"@type":"ListItem","position":2,"name":"Pisos y chalets en venta en la ciudad de Alicante"}]},{"@type":"WebSite","@id":"https:\/\/www.aquimicasa.net\/blog\/#website","url":"https:\/\/www.aquimicasa.net\/blog\/","name":"Blog de aquimicasa.net","description":"Noticias del Mundo Inmobiliario","publisher":{"@id":"https:\/\/www.aquimicasa.net\/blog\/#organization"},"potentialAction":[{"@type":"SearchAction","target":{"@type":"EntryPoint","urlTemplate":"https:\/\/www.aquimicasa.net\/blog\/?s={search_term_string}"},"query-input":{"@type":"PropertyValueSpecification","valueRequired":true,"valueName":"search_term_string"}}],"inLanguage":"es"},{"@type":"Organization","@id":"https:\/\/www.aquimicasa.net\/blog\/#organization","name":"Blog de aquimicasa.net","url":"https:\/\/www.aquimicasa.net\/blog\/","logo":{"@type":"ImageObject","inLanguage":"es","@id":"https:\/\/www.aquimicasa.net\/blog\/#\/schema\/logo\/image\/","url":"https:\/\/www.aquimicasa.net\/blog\/wp-content\/uploads\/Logo-aquimicasa-1-e1528048213782.png","contentUrl":"https:\/\/www.aquimicasa.net\/blog\/wp-content\/uploads\/Logo-aquimicasa-1-e1528048213782.png","width":225,"height":225,"caption":"Blog de aquimicasa.net"},"image":{"@id":"https:\/\/www.aquimicasa.net\/blog\/#\/schema\/logo\/image\/"},"sameAs":["https:\/\/www.facebook.com\/aquimicasa.net","https:\/\/www.instagram.com\/","https:\/\/x.com\/EduLizarragaD","https:\/\/www.linkedin.com\/feed\/"]},{"@type":"Person","@id":"https:\/\/www.aquimicasa.net\/blog\/#\/schema\/person\/2cdfa2605534583395c8d7ce1d6cac14","name":"Eduardo Lizarraga","image":{"@type":"ImageObject","inLanguage":"es","@id":"https:\/\/secure.gravatar.com\/avatar\/bdabe1eeeed97b65a9cb7de2edd624b07995f7e13abc5fead15961f745f908cc?s=96&d=mm&r=g","url":"https:\/\/secure.gravatar.com\/avatar\/bdabe1eeeed97b65a9cb7de2edd624b07995f7e13abc5fead15961f745f908cc?s=96&d=mm&r=g","contentUrl":"https:\/\/secure.gravatar.com\/avatar\/bdabe1eeeed97b65a9cb7de2edd624b07995f7e13abc5fead15961f745f908cc?s=96&d=mm&r=g","caption":"Eduardo Lizarraga"},"description":"Periodista Econ\u00f3mico. Ha trabajado en diversos campos de la informaci\u00f3n. Corresponsal en conflictos, analista pol\u00edtico en Congreso y Senado, periodista del medio ambiente, editor, director editorial, director de comunicaci\u00f3n.... En estos momentos se ha especializado en el sector inmobiliario. Pero tambi\u00e9n es navegante y viajero, preocupado por la pobreza, el medio ambiente y por las actuaciones descontroladas del neoliberalismo empresarial y pol\u00edtico en todo el mundo. Los desahucios, la pobreza infantil y la falta de acceso a los suministros b\u00e1sicos son algunos de los grandes dramas de nuestra sociedad y que es preciso solucionar para hacerla m\u00e1s justa. CEO en www.aquimicasa.net","sameAs":["https:\/\/www.aquimicasa.net\/"],"url":"https:\/\/www.aquimicasa.net\/blog\/author\/eduardo\/"}]}},"jetpack_publicize_connections":[],"jetpack_featured_media_url":"https:\/\/www.aquimicasa.net\/blog\/wp-content\/uploads\/Alicante8-e1544228003437.jpg","jetpack_sharing_enabled":true,"jetpack_likes_enabled":true,"_links":{"self":[{"href":"https:\/\/www.aquimicasa.net\/blog\/wp-json\/wp\/v2\/posts\/18418","targetHints":{"allow":["GET"]}}],"collection":[{"href":"https:\/\/www.aquimicasa.net\/blog\/wp-json\/wp\/v2\/posts"}],"about":[{"href":"https:\/\/www.aquimicasa.net\/blog\/wp-json\/wp\/v2\/types\/post"}],"author":[{"embeddable":true,"href":"https:\/\/www.aquimicasa.net\/blog\/wp-json\/wp\/v2\/users\/3"}],"replies":[{"embeddable":true,"href":"https:\/\/www.aquimicasa.net\/blog\/wp-json\/wp\/v2\/comments?post=18418"}],"version-history":[{"count":14,"href":"https:\/\/www.aquimicasa.net\/blog\/wp-json\/wp\/v2\/posts\/18418\/revisions"}],"predecessor-version":[{"id":22929,"href":"https:\/\/www.aquimicasa.net\/blog\/wp-json\/wp\/v2\/posts\/18418\/revisions\/22929"}],"wp:featuredmedia":[{"embeddable":true,"href":"https:\/\/www.aquimicasa.net\/blog\/wp-json\/wp\/v2\/media\/22924"}],"wp:attachment":[{"href":"https:\/\/www.aquimicasa.net\/blog\/wp-json\/wp\/v2\/media?parent=18418"}],"wp:term":[{"taxonomy":"category","embeddable":true,"href":"https:\/\/www.aquimicasa.net\/blog\/wp-json\/wp\/v2\/categories?post=18418"},{"taxonomy":"post_tag","embeddable":true,"href":"https:\/\/www.aquimicasa.net\/blog\/wp-json\/wp\/v2\/tags?post=18418"}],"curies":[{"name":"wp","href":"https:\/\/api.w.org\/{rel}","templated":true}]}}