{"id":19364,"date":"2018-03-20T22:52:58","date_gmt":"2018-03-20T21:52:58","guid":{"rendered":"https:\/\/www.aquimicasa.net\/blog\/?p=19364"},"modified":"2020-04-02T18:49:37","modified_gmt":"2020-04-02T16:49:37","slug":"baja-el-gas-butano","status":"publish","type":"post","link":"https:\/\/www.aquimicasa.net\/blog\/consumo\/consumidores\/baja-el-gas-butano\/","title":{"rendered":"Primera bajada de precio del gas butano en veinte meses"},"content":{"rendered":"<p>Por fin podemos informar de una bajada en lo que va de a\u00f1o, en concreto el butano baja por primera vez en 20 meses. Comprar una bombona de 12,5 kg, desde este martes 20 de marzo, tiene un coste m\u00e1ximo de 13,96 euros (incluidos los 0,015 euros del impuesto de hidrocarburos y el 21% del IVA). Esta cantidad un 5% m\u00e1s barato que en el pasado mes de enero, cuando alcanzaba los 14,69 euros.<\/p>\n<p>Con la \u00faltima revisi\u00f3n bimestral, el\u00a0 precio m\u00e1ximo sigue siendo un 3,3% m\u00e1s caro que hace un a\u00f1o, cuando en marzo de 2017 su coste era de 13,52 euros. La asociaci\u00f3n de consumidores, Facua,\u00a0viene reclamando al Gobierno central que establezca otros instrumentos de c\u00e1lculo en la revisi\u00f3n de tarifas, con el fin de garantizar\u00a0 la protecci\u00f3n de los intereses econ\u00f3micos de los consumidores.<\/p>\n<p>El butano, cuyo precio es actualizado bimestralmente por la Direcci\u00f3n General de Pol\u00edtica Energ\u00e9tica y Minas del Ministerio de Energ\u00eda, ha sufrido la primera bajada en 20 meses, desde que en julio de 2016 la bombona alcanzara 11,27 euros, un 23,9% menos que ahora.<\/p>\n<p>La bombona est\u00e1ndar de 12,5 kg se comercializaba en julio de 2017 a 11,27 euros, impuestos indirectos incluidos, precio que empez\u00f3 a aplicarse desde el d\u00eda 19. A partir de entonces, el 20 de septiembre en 11,73 euros, el 15 de noviembre en 12,29 euros, el 17 de enero de 2017 en 12,89 euros, el 21 de marzo en 13,52 euros, el 16 de mayo en 14,19 euros, el 18 de julio en 14,89 euros, el 19 de septiembre en 14,15 euros, el 21 de noviembre en 14,45 euros y el 16 de enero de 2018 en 14,69 euros.<\/p>\n<p><strong>M\u00e1ximo hist\u00f3rico de 17,50 euros<\/strong><\/p>\n<p>FACUA recuerda que el m\u00e1ximo hist\u00f3rico de la bombona han sido los 17,50 euros que tuvieron que pagar los usuarios durante casi la mitad de la d\u00e9cima legislatura, entre el 14 de mayo de 2013 y el 16 de marzo de 2015 (672 d\u00edas). El precio m\u00e1s alto durante los gobiernos de Zapatero fueron los 15,19 euros vigentes desde el 1 de octubre de 2011 (a 81 d\u00edas del fin de su segunda legislatura) y que Rajoy mantuvo hasta el 31 de marzo de 2012.<\/p>\n","protected":false},"excerpt":{"rendered":"<p>Por fin podemos informar de una bajada en lo que va de a\u00f1o, en concreto el butano baja por primera vez en 20 meses. Comprar una bombona de 12,5 kg, desde este martes 20 de marzo, tiene un coste m\u00e1ximo de 13,96 euros (incluidos los 0,015 euros del impuesto de hidrocarburos y el 21% del IVA). Esta cantidad un 5% m\u00e1s barato que en el pasado mes de enero, cuando alcanzaba los 14,69 euros.<\/p>\n","protected":false},"author":3,"featured_media":13009,"comment_status":"open","ping_status":"open","sticky":false,"template":"","format":"standard","meta":{"_jetpack_memberships_contains_paid_content":false,"footnotes":"","jetpack_publicize_message":"","jetpack_publicize_feature_enabled":true,"jetpack_social_post_already_shared":true,"jetpack_social_options":{"image_generator_settings":{"template":"highway","default_image_id":0,"font":"","enabled":false},"version":2}},"categories":[7512,7563,7564,7565],"tags":[1059,5245],"class_list":["post-19364","post","type-post","status-publish","format-standard","has-post-thumbnail","hentry","category-consumidores","category-noticias-consumo","category-noticias-economia","category-noticias-mercado-inmobiliario","tag-facua-consumidores-en-accion","tag-gas-butano"],"yoast_head":"<!-- This site is optimized with the Yoast SEO plugin v28.2 - https:\/\/yoast.com\/product\/yoast-seo-wordpress\/ -->\n<title>Primera bajada de precio del gas butano en veinte meses<\/title>\n<meta name=\"description\" content=\"Comprar una bombona de 12,5 kg, desde este martes 20 de marzo, tiene un coste m\u00e1ximo de 13,96 euros (incluidos los 0,015 euros del impuesto de hidrocarburos y el 21% del IVA). Esta cantidad un 5% m\u00e1s barato que en el pasado mes de enero, cuando alcanzaba los 14,69 euros.\" \/>\n<meta name=\"robots\" content=\"index, follow, max-snippet:-1, max-image-preview:large, max-video-preview:-1\" \/>\n<link rel=\"canonical\" href=\"https:\/\/www.aquimicasa.net\/blog\/consumo\/consumidores\/baja-el-gas-butano\/\" \/>\n<meta property=\"og:locale\" content=\"es_ES\" \/>\n<meta property=\"og:type\" content=\"article\" \/>\n<meta property=\"og:title\" content=\"Primera bajada de precio del gas butano en veinte meses\" \/>\n<meta property=\"og:description\" content=\"Comprar una bombona de 12,5 kg, desde este martes 20 de marzo, tiene un coste m\u00e1ximo de 13,96 euros (incluidos los 0,015 euros del impuesto de hidrocarburos y el 21% del IVA). Esta cantidad un 5% m\u00e1s barato que en el pasado mes de enero, cuando alcanzaba los 14,69 euros.\" \/>\n<meta property=\"og:url\" content=\"https:\/\/www.aquimicasa.net\/blog\/consumo\/consumidores\/baja-el-gas-butano\/\" \/>\n<meta property=\"og:site_name\" content=\"Blog de aquimicasa.net\" \/>\n<meta property=\"article:publisher\" content=\"https:\/\/www.facebook.com\/aquimicasa.net\" \/>\n<meta property=\"article:published_time\" content=\"2018-03-20T21:52:58+00:00\" \/>\n<meta property=\"article:modified_time\" content=\"2020-04-02T16:49:37+00:00\" \/>\n<meta property=\"og:image\" content=\"https:\/\/www.aquimicasa.net\/blog\/wp-content\/uploads\/bombona-e1484670343245.png\" \/>\n\t<meta property=\"og:image:width\" content=\"480\" \/>\n\t<meta property=\"og:image:height\" content=\"232\" \/>\n\t<meta property=\"og:image:type\" content=\"image\/png\" \/>\n<meta name=\"author\" content=\"Eduardo Lizarraga\" \/>\n<meta name=\"twitter:label1\" content=\"Escrito por\" \/>\n\t<meta name=\"twitter:data1\" content=\"Eduardo Lizarraga\" \/>\n\t<meta name=\"twitter:label2\" content=\"Tiempo de lectura\" \/>\n\t<meta name=\"twitter:data2\" content=\"2 minutos\" \/>\n<script type=\"application\/ld+json\" class=\"yoast-schema-graph\">{\"@context\":\"https:\\\/\\\/schema.org\",\"@graph\":[{\"@type\":\"Article\",\"@id\":\"https:\\\/\\\/www.aquimicasa.net\\\/blog\\\/consumo\\\/consumidores\\\/baja-el-gas-butano\\\/#article\",\"isPartOf\":{\"@id\":\"https:\\\/\\\/www.aquimicasa.net\\\/blog\\\/consumo\\\/consumidores\\\/baja-el-gas-butano\\\/\"},\"author\":{\"name\":\"Eduardo Lizarraga\",\"@id\":\"https:\\\/\\\/www.aquimicasa.net\\\/blog\\\/#\\\/schema\\\/person\\\/2cdfa2605534583395c8d7ce1d6cac14\"},\"headline\":\"Primera bajada de precio del gas butano en veinte meses\",\"datePublished\":\"2018-03-20T21:52:58+00:00\",\"dateModified\":\"2020-04-02T16:49:37+00:00\",\"mainEntityOfPage\":{\"@id\":\"https:\\\/\\\/www.aquimicasa.net\\\/blog\\\/consumo\\\/consumidores\\\/baja-el-gas-butano\\\/\"},\"wordCount\":355,\"commentCount\":0,\"publisher\":{\"@id\":\"https:\\\/\\\/www.aquimicasa.net\\\/blog\\\/#organization\"},\"image\":{\"@id\":\"https:\\\/\\\/www.aquimicasa.net\\\/blog\\\/consumo\\\/consumidores\\\/baja-el-gas-butano\\\/#primaryimage\"},\"thumbnailUrl\":\"https:\\\/\\\/www.aquimicasa.net\\\/blog\\\/wp-content\\\/uploads\\\/bombona-e1484670343245.png\",\"keywords\":[\"Facua Consumidores en Acci\u00f3n\",\"Gas butano\"],\"articleSection\":[\"Consumidores\",\"Noticias Consumo\",\"Noticias Econom\u00eda\",\"Noticias Mercado Inmobiliario\"],\"inLanguage\":\"es\",\"potentialAction\":[{\"@type\":\"CommentAction\",\"name\":\"Comment\",\"target\":[\"https:\\\/\\\/www.aquimicasa.net\\\/blog\\\/consumo\\\/consumidores\\\/baja-el-gas-butano\\\/#respond\"]}]},{\"@type\":\"WebPage\",\"@id\":\"https:\\\/\\\/www.aquimicasa.net\\\/blog\\\/consumo\\\/consumidores\\\/baja-el-gas-butano\\\/\",\"url\":\"https:\\\/\\\/www.aquimicasa.net\\\/blog\\\/consumo\\\/consumidores\\\/baja-el-gas-butano\\\/\",\"name\":\"Primera bajada de precio del gas butano en veinte meses\",\"isPartOf\":{\"@id\":\"https:\\\/\\\/www.aquimicasa.net\\\/blog\\\/#website\"},\"primaryImageOfPage\":{\"@id\":\"https:\\\/\\\/www.aquimicasa.net\\\/blog\\\/consumo\\\/consumidores\\\/baja-el-gas-butano\\\/#primaryimage\"},\"image\":{\"@id\":\"https:\\\/\\\/www.aquimicasa.net\\\/blog\\\/consumo\\\/consumidores\\\/baja-el-gas-butano\\\/#primaryimage\"},\"thumbnailUrl\":\"https:\\\/\\\/www.aquimicasa.net\\\/blog\\\/wp-content\\\/uploads\\\/bombona-e1484670343245.png\",\"datePublished\":\"2018-03-20T21:52:58+00:00\",\"dateModified\":\"2020-04-02T16:49:37+00:00\",\"description\":\"Comprar una bombona de 12,5 kg, desde este martes 20 de marzo, tiene un coste m\u00e1ximo de 13,96 euros (incluidos los 0,015 euros del impuesto de hidrocarburos y el 21% del IVA). Esta cantidad un 5% m\u00e1s barato que en el pasado mes de enero, cuando alcanzaba los 14,69 euros.\",\"breadcrumb\":{\"@id\":\"https:\\\/\\\/www.aquimicasa.net\\\/blog\\\/consumo\\\/consumidores\\\/baja-el-gas-butano\\\/#breadcrumb\"},\"inLanguage\":\"es\",\"potentialAction\":[{\"@type\":\"ReadAction\",\"target\":[\"https:\\\/\\\/www.aquimicasa.net\\\/blog\\\/consumo\\\/consumidores\\\/baja-el-gas-butano\\\/\"]}]},{\"@type\":\"ImageObject\",\"inLanguage\":\"es\",\"@id\":\"https:\\\/\\\/www.aquimicasa.net\\\/blog\\\/consumo\\\/consumidores\\\/baja-el-gas-butano\\\/#primaryimage\",\"url\":\"https:\\\/\\\/www.aquimicasa.net\\\/blog\\\/wp-content\\\/uploads\\\/bombona-e1484670343245.png\",\"contentUrl\":\"https:\\\/\\\/www.aquimicasa.net\\\/blog\\\/wp-content\\\/uploads\\\/bombona-e1484670343245.png\",\"width\":480,\"height\":232},{\"@type\":\"BreadcrumbList\",\"@id\":\"https:\\\/\\\/www.aquimicasa.net\\\/blog\\\/consumo\\\/consumidores\\\/baja-el-gas-butano\\\/#breadcrumb\",\"itemListElement\":[{\"@type\":\"ListItem\",\"position\":1,\"name\":\"Portada\",\"item\":\"https:\\\/\\\/www.aquimicasa.net\\\/blog\\\/\"},{\"@type\":\"ListItem\",\"position\":2,\"name\":\"Primera bajada de precio del gas butano en veinte meses\"}]},{\"@type\":\"WebSite\",\"@id\":\"https:\\\/\\\/www.aquimicasa.net\\\/blog\\\/#website\",\"url\":\"https:\\\/\\\/www.aquimicasa.net\\\/blog\\\/\",\"name\":\"Blog de aquimicasa.net\",\"description\":\"Noticias del Mundo Inmobiliario\",\"publisher\":{\"@id\":\"https:\\\/\\\/www.aquimicasa.net\\\/blog\\\/#organization\"},\"potentialAction\":[{\"@type\":\"SearchAction\",\"target\":{\"@type\":\"EntryPoint\",\"urlTemplate\":\"https:\\\/\\\/www.aquimicasa.net\\\/blog\\\/?s={search_term_string}\"},\"query-input\":{\"@type\":\"PropertyValueSpecification\",\"valueRequired\":true,\"valueName\":\"search_term_string\"}}],\"inLanguage\":\"es\"},{\"@type\":\"Organization\",\"@id\":\"https:\\\/\\\/www.aquimicasa.net\\\/blog\\\/#organization\",\"name\":\"Blog de aquimicasa.net\",\"url\":\"https:\\\/\\\/www.aquimicasa.net\\\/blog\\\/\",\"logo\":{\"@type\":\"ImageObject\",\"inLanguage\":\"es\",\"@id\":\"https:\\\/\\\/www.aquimicasa.net\\\/blog\\\/#\\\/schema\\\/logo\\\/image\\\/\",\"url\":\"https:\\\/\\\/www.aquimicasa.net\\\/blog\\\/wp-content\\\/uploads\\\/Logo-aquimicasa-1-e1528048213782.png\",\"contentUrl\":\"https:\\\/\\\/www.aquimicasa.net\\\/blog\\\/wp-content\\\/uploads\\\/Logo-aquimicasa-1-e1528048213782.png\",\"width\":225,\"height\":225,\"caption\":\"Blog de aquimicasa.net\"},\"image\":{\"@id\":\"https:\\\/\\\/www.aquimicasa.net\\\/blog\\\/#\\\/schema\\\/logo\\\/image\\\/\"},\"sameAs\":[\"https:\\\/\\\/www.facebook.com\\\/aquimicasa.net\",\"https:\\\/\\\/www.instagram.com\\\/\",\"https:\\\/\\\/x.com\\\/EduLizarragaD\",\"https:\\\/\\\/www.linkedin.com\\\/feed\\\/\"]},{\"@type\":\"Person\",\"@id\":\"https:\\\/\\\/www.aquimicasa.net\\\/blog\\\/#\\\/schema\\\/person\\\/2cdfa2605534583395c8d7ce1d6cac14\",\"name\":\"Eduardo Lizarraga\",\"image\":{\"@type\":\"ImageObject\",\"inLanguage\":\"es\",\"@id\":\"https:\\\/\\\/secure.gravatar.com\\\/avatar\\\/bdabe1eeeed97b65a9cb7de2edd624b07995f7e13abc5fead15961f745f908cc?s=96&d=mm&r=g\",\"url\":\"https:\\\/\\\/secure.gravatar.com\\\/avatar\\\/bdabe1eeeed97b65a9cb7de2edd624b07995f7e13abc5fead15961f745f908cc?s=96&d=mm&r=g\",\"contentUrl\":\"https:\\\/\\\/secure.gravatar.com\\\/avatar\\\/bdabe1eeeed97b65a9cb7de2edd624b07995f7e13abc5fead15961f745f908cc?s=96&d=mm&r=g\",\"caption\":\"Eduardo Lizarraga\"},\"description\":\"Periodista Econ\u00f3mico. Ha trabajado en diversos campos de la informaci\u00f3n. Corresponsal en conflictos, analista pol\u00edtico en Congreso y Senado, periodista del medio ambiente, editor, director editorial, director de comunicaci\u00f3n.... En estos momentos se ha especializado en el sector inmobiliario. Pero tambi\u00e9n es navegante y viajero, preocupado por la pobreza, el medio ambiente y por las actuaciones descontroladas del neoliberalismo empresarial y pol\u00edtico en todo el mundo. Los desahucios, la pobreza infantil y la falta de acceso a los suministros b\u00e1sicos son algunos de los grandes dramas de nuestra sociedad y que es preciso solucionar para hacerla m\u00e1s justa. CEO en www.aquimicasa.net\",\"sameAs\":[\"https:\\\/\\\/www.aquimicasa.net\\\/\"],\"url\":\"https:\\\/\\\/www.aquimicasa.net\\\/blog\\\/author\\\/eduardo\\\/\"}]}<\/script>\n<!-- \/ Yoast SEO plugin. -->","yoast_head_json":{"title":"Primera bajada de precio del gas butano en veinte meses","description":"Comprar una bombona de 12,5 kg, desde este martes 20 de marzo, tiene un coste m\u00e1ximo de 13,96 euros (incluidos los 0,015 euros del impuesto de hidrocarburos y el 21% del IVA). Esta cantidad un 5% m\u00e1s barato que en el pasado mes de enero, cuando alcanzaba los 14,69 euros.","robots":{"index":"index","follow":"follow","max-snippet":"max-snippet:-1","max-image-preview":"max-image-preview:large","max-video-preview":"max-video-preview:-1"},"canonical":"https:\/\/www.aquimicasa.net\/blog\/consumo\/consumidores\/baja-el-gas-butano\/","og_locale":"es_ES","og_type":"article","og_title":"Primera bajada de precio del gas butano en veinte meses","og_description":"Comprar una bombona de 12,5 kg, desde este martes 20 de marzo, tiene un coste m\u00e1ximo de 13,96 euros (incluidos los 0,015 euros del impuesto de hidrocarburos y el 21% del IVA). Esta cantidad un 5% m\u00e1s barato que en el pasado mes de enero, cuando alcanzaba los 14,69 euros.","og_url":"https:\/\/www.aquimicasa.net\/blog\/consumo\/consumidores\/baja-el-gas-butano\/","og_site_name":"Blog de aquimicasa.net","article_publisher":"https:\/\/www.facebook.com\/aquimicasa.net","article_published_time":"2018-03-20T21:52:58+00:00","article_modified_time":"2020-04-02T16:49:37+00:00","og_image":[{"width":480,"height":232,"url":"https:\/\/www.aquimicasa.net\/blog\/wp-content\/uploads\/bombona-e1484670343245.png","type":"image\/png"}],"author":"Eduardo Lizarraga","twitter_misc":{"Escrito por":"Eduardo Lizarraga","Tiempo de lectura":"2 minutos"},"schema":{"@context":"https:\/\/schema.org","@graph":[{"@type":"Article","@id":"https:\/\/www.aquimicasa.net\/blog\/consumo\/consumidores\/baja-el-gas-butano\/#article","isPartOf":{"@id":"https:\/\/www.aquimicasa.net\/blog\/consumo\/consumidores\/baja-el-gas-butano\/"},"author":{"name":"Eduardo Lizarraga","@id":"https:\/\/www.aquimicasa.net\/blog\/#\/schema\/person\/2cdfa2605534583395c8d7ce1d6cac14"},"headline":"Primera bajada de precio del gas butano en veinte meses","datePublished":"2018-03-20T21:52:58+00:00","dateModified":"2020-04-02T16:49:37+00:00","mainEntityOfPage":{"@id":"https:\/\/www.aquimicasa.net\/blog\/consumo\/consumidores\/baja-el-gas-butano\/"},"wordCount":355,"commentCount":0,"publisher":{"@id":"https:\/\/www.aquimicasa.net\/blog\/#organization"},"image":{"@id":"https:\/\/www.aquimicasa.net\/blog\/consumo\/consumidores\/baja-el-gas-butano\/#primaryimage"},"thumbnailUrl":"https:\/\/www.aquimicasa.net\/blog\/wp-content\/uploads\/bombona-e1484670343245.png","keywords":["Facua Consumidores en Acci\u00f3n","Gas butano"],"articleSection":["Consumidores","Noticias Consumo","Noticias Econom\u00eda","Noticias Mercado Inmobiliario"],"inLanguage":"es","potentialAction":[{"@type":"CommentAction","name":"Comment","target":["https:\/\/www.aquimicasa.net\/blog\/consumo\/consumidores\/baja-el-gas-butano\/#respond"]}]},{"@type":"WebPage","@id":"https:\/\/www.aquimicasa.net\/blog\/consumo\/consumidores\/baja-el-gas-butano\/","url":"https:\/\/www.aquimicasa.net\/blog\/consumo\/consumidores\/baja-el-gas-butano\/","name":"Primera bajada de precio del gas butano en veinte meses","isPartOf":{"@id":"https:\/\/www.aquimicasa.net\/blog\/#website"},"primaryImageOfPage":{"@id":"https:\/\/www.aquimicasa.net\/blog\/consumo\/consumidores\/baja-el-gas-butano\/#primaryimage"},"image":{"@id":"https:\/\/www.aquimicasa.net\/blog\/consumo\/consumidores\/baja-el-gas-butano\/#primaryimage"},"thumbnailUrl":"https:\/\/www.aquimicasa.net\/blog\/wp-content\/uploads\/bombona-e1484670343245.png","datePublished":"2018-03-20T21:52:58+00:00","dateModified":"2020-04-02T16:49:37+00:00","description":"Comprar una bombona de 12,5 kg, desde este martes 20 de marzo, tiene un coste m\u00e1ximo de 13,96 euros (incluidos los 0,015 euros del impuesto de hidrocarburos y el 21% del IVA). Esta cantidad un 5% m\u00e1s barato que en el pasado mes de enero, cuando alcanzaba los 14,69 euros.","breadcrumb":{"@id":"https:\/\/www.aquimicasa.net\/blog\/consumo\/consumidores\/baja-el-gas-butano\/#breadcrumb"},"inLanguage":"es","potentialAction":[{"@type":"ReadAction","target":["https:\/\/www.aquimicasa.net\/blog\/consumo\/consumidores\/baja-el-gas-butano\/"]}]},{"@type":"ImageObject","inLanguage":"es","@id":"https:\/\/www.aquimicasa.net\/blog\/consumo\/consumidores\/baja-el-gas-butano\/#primaryimage","url":"https:\/\/www.aquimicasa.net\/blog\/wp-content\/uploads\/bombona-e1484670343245.png","contentUrl":"https:\/\/www.aquimicasa.net\/blog\/wp-content\/uploads\/bombona-e1484670343245.png","width":480,"height":232},{"@type":"BreadcrumbList","@id":"https:\/\/www.aquimicasa.net\/blog\/consumo\/consumidores\/baja-el-gas-butano\/#breadcrumb","itemListElement":[{"@type":"ListItem","position":1,"name":"Portada","item":"https:\/\/www.aquimicasa.net\/blog\/"},{"@type":"ListItem","position":2,"name":"Primera bajada de precio del gas butano en veinte meses"}]},{"@type":"WebSite","@id":"https:\/\/www.aquimicasa.net\/blog\/#website","url":"https:\/\/www.aquimicasa.net\/blog\/","name":"Blog de aquimicasa.net","description":"Noticias del Mundo Inmobiliario","publisher":{"@id":"https:\/\/www.aquimicasa.net\/blog\/#organization"},"potentialAction":[{"@type":"SearchAction","target":{"@type":"EntryPoint","urlTemplate":"https:\/\/www.aquimicasa.net\/blog\/?s={search_term_string}"},"query-input":{"@type":"PropertyValueSpecification","valueRequired":true,"valueName":"search_term_string"}}],"inLanguage":"es"},{"@type":"Organization","@id":"https:\/\/www.aquimicasa.net\/blog\/#organization","name":"Blog de aquimicasa.net","url":"https:\/\/www.aquimicasa.net\/blog\/","logo":{"@type":"ImageObject","inLanguage":"es","@id":"https:\/\/www.aquimicasa.net\/blog\/#\/schema\/logo\/image\/","url":"https:\/\/www.aquimicasa.net\/blog\/wp-content\/uploads\/Logo-aquimicasa-1-e1528048213782.png","contentUrl":"https:\/\/www.aquimicasa.net\/blog\/wp-content\/uploads\/Logo-aquimicasa-1-e1528048213782.png","width":225,"height":225,"caption":"Blog de aquimicasa.net"},"image":{"@id":"https:\/\/www.aquimicasa.net\/blog\/#\/schema\/logo\/image\/"},"sameAs":["https:\/\/www.facebook.com\/aquimicasa.net","https:\/\/www.instagram.com\/","https:\/\/x.com\/EduLizarragaD","https:\/\/www.linkedin.com\/feed\/"]},{"@type":"Person","@id":"https:\/\/www.aquimicasa.net\/blog\/#\/schema\/person\/2cdfa2605534583395c8d7ce1d6cac14","name":"Eduardo Lizarraga","image":{"@type":"ImageObject","inLanguage":"es","@id":"https:\/\/secure.gravatar.com\/avatar\/bdabe1eeeed97b65a9cb7de2edd624b07995f7e13abc5fead15961f745f908cc?s=96&d=mm&r=g","url":"https:\/\/secure.gravatar.com\/avatar\/bdabe1eeeed97b65a9cb7de2edd624b07995f7e13abc5fead15961f745f908cc?s=96&d=mm&r=g","contentUrl":"https:\/\/secure.gravatar.com\/avatar\/bdabe1eeeed97b65a9cb7de2edd624b07995f7e13abc5fead15961f745f908cc?s=96&d=mm&r=g","caption":"Eduardo Lizarraga"},"description":"Periodista Econ\u00f3mico. Ha trabajado en diversos campos de la informaci\u00f3n. Corresponsal en conflictos, analista pol\u00edtico en Congreso y Senado, periodista del medio ambiente, editor, director editorial, director de comunicaci\u00f3n.... En estos momentos se ha especializado en el sector inmobiliario. Pero tambi\u00e9n es navegante y viajero, preocupado por la pobreza, el medio ambiente y por las actuaciones descontroladas del neoliberalismo empresarial y pol\u00edtico en todo el mundo. Los desahucios, la pobreza infantil y la falta de acceso a los suministros b\u00e1sicos son algunos de los grandes dramas de nuestra sociedad y que es preciso solucionar para hacerla m\u00e1s justa. CEO en www.aquimicasa.net","sameAs":["https:\/\/www.aquimicasa.net\/"],"url":"https:\/\/www.aquimicasa.net\/blog\/author\/eduardo\/"}]}},"jetpack_publicize_connections":[],"jetpack_featured_media_url":"https:\/\/www.aquimicasa.net\/blog\/wp-content\/uploads\/bombona-e1484670343245.png","jetpack_sharing_enabled":true,"jetpack_likes_enabled":true,"_links":{"self":[{"href":"https:\/\/www.aquimicasa.net\/blog\/wp-json\/wp\/v2\/posts\/19364","targetHints":{"allow":["GET"]}}],"collection":[{"href":"https:\/\/www.aquimicasa.net\/blog\/wp-json\/wp\/v2\/posts"}],"about":[{"href":"https:\/\/www.aquimicasa.net\/blog\/wp-json\/wp\/v2\/types\/post"}],"author":[{"embeddable":true,"href":"https:\/\/www.aquimicasa.net\/blog\/wp-json\/wp\/v2\/users\/3"}],"replies":[{"embeddable":true,"href":"https:\/\/www.aquimicasa.net\/blog\/wp-json\/wp\/v2\/comments?post=19364"}],"version-history":[{"count":3,"href":"https:\/\/www.aquimicasa.net\/blog\/wp-json\/wp\/v2\/posts\/19364\/revisions"}],"predecessor-version":[{"id":19367,"href":"https:\/\/www.aquimicasa.net\/blog\/wp-json\/wp\/v2\/posts\/19364\/revisions\/19367"}],"wp:featuredmedia":[{"embeddable":true,"href":"https:\/\/www.aquimicasa.net\/blog\/wp-json\/wp\/v2\/media\/13009"}],"wp:attachment":[{"href":"https:\/\/www.aquimicasa.net\/blog\/wp-json\/wp\/v2\/media?parent=19364"}],"wp:term":[{"taxonomy":"category","embeddable":true,"href":"https:\/\/www.aquimicasa.net\/blog\/wp-json\/wp\/v2\/categories?post=19364"},{"taxonomy":"post_tag","embeddable":true,"href":"https:\/\/www.aquimicasa.net\/blog\/wp-json\/wp\/v2\/tags?post=19364"}],"curies":[{"name":"wp","href":"https:\/\/api.w.org\/{rel}","templated":true}]}}