{"id":20225,"date":"2018-05-19T21:34:31","date_gmt":"2018-05-19T19:34:31","guid":{"rendered":"https:\/\/www.aquimicasa.net\/blog\/?p=20225"},"modified":"2018-05-19T21:36:10","modified_gmt":"2018-05-19T19:36:10","slug":"la-construccion-toma-velocidad","status":"publish","type":"post","link":"https:\/\/www.aquimicasa.net\/blog\/vivienda\/construccion-de-viviendas\/la-construccion-toma-velocidad\/","title":{"rendered":"La construcci\u00f3n en Espa\u00f1a toma velocidad seg\u00fan Eurostat"},"content":{"rendered":"<p><strong>La construcci\u00f3n<\/strong> va cogiendo velocidad en nuestro pa\u00eds y ya es el segundo pa\u00eds de la <strong>Uni\u00f3n Europea<\/strong> (UE)\u00a0donde m\u00e1s sube\u00a0en marzo de 2018, con respecto al mismo mes del a\u00f1o anterior. Es lo que asegura la<strong> oficina estad\u00edstica comunitaria Eurostat<\/strong>. En total, creci\u00f3 un 17,1%, solo por detr\u00e1s de Polonia (18,8%) y muy por encima de la media de la Zona euro, que se situ\u00f3 en el 0,8%. El conjunto de los pa\u00edses de la UE cay\u00f3 un 1,3% en valores interanuales en el tercer mes del a\u00f1o.<\/p>\n<p>Nuestro pa\u00eds registra adem\u00e1s valores muy por encima de Eslovaquia, siguiente en la estad\u00edstica con un 4,9% de incremento. Respecto a marzo de 2017, los pa\u00edses que registraron las mayores ca\u00eddas en la producci\u00f3n fueron Ruman\u00eda, con un descenso del 10,8%, Reino Unido con el 8,1% menos y Francia con una ca\u00edda del 2,5%.<\/p>\n<div class=\"teads-inread xs-screen\">\n<div>\n<div class=\"teads-ui-components-adchoices\">Los valores del incremento de un 0,8% de la Zona euro, vinieron propiciados por la subida del 2,4% de la <strong>construcci\u00f3n de edificios<\/strong>, que contrasta con la ca\u00edda del 4,2% en las obras de ingenier\u00eda civil en marzo. Por su parte, la <strong>Uni\u00f3n Europea<\/strong> registr\u00f3 un descenso del 1,3% por ca\u00eddas tanto en las obras de ingenier\u00eda civil de un 4,4% y en la construcci\u00f3n de edificios (0,8%).<\/div>\n<\/div>\n<\/div>\n<h2>Espa\u00f1a a la cabeza del crecimiento en febrero<\/h2>\n<p>En cuanto al crecimiento en t\u00e9rminos mensuales, <strong>Espa\u00f1a<\/strong> se situ\u00f3 como el pa\u00eds en el que m\u00e1s aument\u00f3 la producci\u00f3n del <strong>sector de la construcci\u00f3n<\/strong> en marzo de 2018 respecto a las cifras del mes anterior, con una subida del 3,1%. Le siguen pa\u00edses como Eslovaquia con un 2,3% y B\u00e9lgica con un 1,1%. La mayor\u00eda de los pa\u00edses registraron valores negativos.<\/p>\n<p>Entre los Estados miembros para los que Eurostat tiene datos disponibles, los principales descensos en el sector se dieron en Hungr\u00eda , con una ca\u00edda del 10,3%, Ruman\u00eda con una bajada del 9,2% y Francia con un 2,6% menos respecto al mes anterior.\u00a0El descenso del 0,3% en la <strong>construcci\u00f3n en la eurozona<\/strong> en marzo\u00a0con respecto a febrero se debi\u00f3 a la disminuci\u00f3n del 0,3% en la construcci\u00f3n de edificios y del 0,2% en las obras de ingenier\u00eda civil. Por su parte, en el conjunto de la Uni\u00f3n Europea se registr\u00f3 un descenso del 0,9% debido a las ca\u00eddas del 1% en la <strong>construcci\u00f3n de edificios<\/strong> y del 0,7% en la ingenier\u00eda civil.<\/p>\n<section id=\"sumario_2|foto\" class=\"sumario_foto centro\"><a name=\"sumario_2\"><\/a><\/p>\n<div class=\"sumario__interior\">\n<figure class=\"foto foto_w980\"><img decoding=\"async\" src=\"https:\/\/ep01.epimg.net\/economia\/imagenes\/2018\/05\/17\/actualidad\/1526550507_303717_1526554143_sumario_normal.jpg\" srcset=\"\/\/ep01.epimg.net\/economia\/imagenes\/2018\/05\/17\/actualidad\/1526550507_303717_1526554143_sumario_normal_recorte1.jpg 1960w, \/\/ep01.epimg.net\/economia\/imagenes\/2018\/05\/17\/actualidad\/1526550507_303717_1526554143_sumario_normal_recorte2.jpg 720w, \/\/ep01.epimg.net\/economia\/imagenes\/2018\/05\/17\/actualidad\/1526550507_303717_1526554143_sumario_normal.jpg 980w\" alt=\"Evoluci\u00f3n trimestral de la producci\u00f3n en el sector de la construcci\u00f3n en la Zona euro y la UE.\" width=\"980\" height=\"604\" \/><figcaption class=\"foto-pie\"><span class=\"foto-texto\">Evoluci\u00f3n trimestral de la producci\u00f3n en el sector de la construcci\u00f3n en la Zona euro y la UE.<\/span>\u00a0<span class=\"foto-firma\"><span class=\"foto-autor\">EUROSTAT<\/span><\/span><\/figcaption><\/figure>\n<\/div>\n<\/section>\n","protected":false},"excerpt":{"rendered":"<p>La construcci\u00f3n va cogiendo velocidad en nuestro pa\u00eds y ya es el segundo pa\u00eds de la Uni\u00f3n Europea (UE)\u00a0donde m\u00e1s sube\u00a0en marzo de 2018, con respecto al mismo mes del a\u00f1o anterior. Es lo que asegura la oficina estad\u00edstica comunitaria Eurostat. En total, creci\u00f3 un 17,1%, solo por detr\u00e1s de Polonia (18,8%) y muy por encima de la media de la Zona euro, que se situ\u00f3 en el 0,8%. El conjunto de los pa\u00edses de la UE cay\u00f3 un 1,3% en valores interanuales en el tercer mes del a\u00f1o.<\/p>\n","protected":false},"author":3,"featured_media":0,"comment_status":"open","ping_status":"open","sticky":false,"template":"","format":"standard","meta":{"_jetpack_memberships_contains_paid_content":false,"footnotes":"","jetpack_publicize_message":"","jetpack_publicize_feature_enabled":true,"jetpack_social_post_already_shared":true,"jetpack_social_options":{"image_generator_settings":{"template":"highway","default_image_id":0,"font":"","enabled":false},"version":2}},"categories":[96],"tags":[623,5485,1020],"class_list":["post-20225","post","type-post","status-publish","format-standard","hentry","category-construccion-de-viviendas","tag-eurostat","tag-ingenieria-cicil","tag-sector-de-la-construccion"],"yoast_head":"<!-- This site is optimized with the Yoast SEO plugin v28.2 - https:\/\/yoast.com\/product\/yoast-seo-wordpress\/ -->\n<title>La construcci\u00f3n en Espa\u00f1a toma velocidad seg\u00fan Eurostat<\/title>\n<meta name=\"description\" content=\"La construcci\u00f3n va cogiendo velocidad en nuestro pa\u00eds y ya es el segundo pa\u00eds de la Uni\u00f3n Europea (UE)\u00a0donde m\u00e1s sube\u00a0en marzo de 2018, con respecto al mismo mes del a\u00f1o anterior. Es lo que asegura la oficina estad\u00edstica comunitaria Eurostat.\" \/>\n<meta name=\"robots\" content=\"index, follow, max-snippet:-1, max-image-preview:large, max-video-preview:-1\" \/>\n<link rel=\"canonical\" href=\"https:\/\/www.aquimicasa.net\/blog\/vivienda\/construccion-de-viviendas\/la-construccion-toma-velocidad\/\" \/>\n<meta property=\"og:locale\" content=\"es_ES\" \/>\n<meta property=\"og:type\" content=\"article\" \/>\n<meta property=\"og:title\" content=\"La construcci\u00f3n en Espa\u00f1a toma velocidad seg\u00fan Eurostat\" \/>\n<meta property=\"og:description\" content=\"La construcci\u00f3n va cogiendo velocidad en nuestro pa\u00eds y ya es el segundo pa\u00eds de la Uni\u00f3n Europea (UE)\u00a0donde m\u00e1s sube\u00a0en marzo de 2018, con respecto al mismo mes del a\u00f1o anterior. Es lo que asegura la oficina estad\u00edstica comunitaria Eurostat.\" \/>\n<meta property=\"og:url\" content=\"https:\/\/www.aquimicasa.net\/blog\/vivienda\/construccion-de-viviendas\/la-construccion-toma-velocidad\/\" \/>\n<meta property=\"og:site_name\" content=\"Blog de aquimicasa.net\" \/>\n<meta property=\"article:publisher\" content=\"https:\/\/www.facebook.com\/aquimicasa.net\" \/>\n<meta property=\"article:published_time\" content=\"2018-05-19T19:34:31+00:00\" \/>\n<meta property=\"article:modified_time\" content=\"2018-05-19T19:36:10+00:00\" \/>\n<meta property=\"og:image\" content=\"https:\/\/www.aquimicasa.net\/blog\/wp-content\/uploads\/Construcci\u00f3n3-3-e1526758463253.jpg\" \/>\n\t<meta property=\"og:image:width\" content=\"400\" \/>\n\t<meta property=\"og:image:height\" content=\"225\" \/>\n\t<meta property=\"og:image:type\" content=\"image\/jpeg\" \/>\n<meta name=\"author\" content=\"Eduardo Lizarraga\" \/>\n<meta name=\"twitter:label1\" content=\"Escrito por\" \/>\n\t<meta name=\"twitter:data1\" content=\"Eduardo Lizarraga\" \/>\n\t<meta name=\"twitter:label2\" content=\"Tiempo de lectura\" \/>\n\t<meta name=\"twitter:data2\" content=\"2 minutos\" \/>\n<script type=\"application\/ld+json\" class=\"yoast-schema-graph\">{\"@context\":\"https:\\\/\\\/schema.org\",\"@graph\":[{\"@type\":\"Article\",\"@id\":\"https:\\\/\\\/www.aquimicasa.net\\\/blog\\\/vivienda\\\/construccion-de-viviendas\\\/la-construccion-toma-velocidad\\\/#article\",\"isPartOf\":{\"@id\":\"https:\\\/\\\/www.aquimicasa.net\\\/blog\\\/vivienda\\\/construccion-de-viviendas\\\/la-construccion-toma-velocidad\\\/\"},\"author\":{\"name\":\"Eduardo Lizarraga\",\"@id\":\"https:\\\/\\\/www.aquimicasa.net\\\/blog\\\/#\\\/schema\\\/person\\\/2cdfa2605534583395c8d7ce1d6cac14\"},\"headline\":\"La construcci\u00f3n en Espa\u00f1a toma velocidad seg\u00fan Eurostat\",\"datePublished\":\"2018-05-19T19:34:31+00:00\",\"dateModified\":\"2018-05-19T19:36:10+00:00\",\"mainEntityOfPage\":{\"@id\":\"https:\\\/\\\/www.aquimicasa.net\\\/blog\\\/vivienda\\\/construccion-de-viviendas\\\/la-construccion-toma-velocidad\\\/\"},\"wordCount\":447,\"commentCount\":0,\"publisher\":{\"@id\":\"https:\\\/\\\/www.aquimicasa.net\\\/blog\\\/#organization\"},\"image\":{\"@id\":\"https:\\\/\\\/www.aquimicasa.net\\\/blog\\\/vivienda\\\/construccion-de-viviendas\\\/la-construccion-toma-velocidad\\\/#primaryimage\"},\"thumbnailUrl\":\"https:\\\/\\\/ep01.epimg.net\\\/economia\\\/imagenes\\\/2018\\\/05\\\/17\\\/actualidad\\\/1526550507_303717_1526554143_sumario_normal.jpg\",\"keywords\":[\"Eurostat\",\"ingenier\u00eda cicil\",\"sector de la construcci\u00f3n\"],\"articleSection\":[\"Obra Nueva\"],\"inLanguage\":\"es\",\"potentialAction\":[{\"@type\":\"CommentAction\",\"name\":\"Comment\",\"target\":[\"https:\\\/\\\/www.aquimicasa.net\\\/blog\\\/vivienda\\\/construccion-de-viviendas\\\/la-construccion-toma-velocidad\\\/#respond\"]}]},{\"@type\":\"WebPage\",\"@id\":\"https:\\\/\\\/www.aquimicasa.net\\\/blog\\\/vivienda\\\/construccion-de-viviendas\\\/la-construccion-toma-velocidad\\\/\",\"url\":\"https:\\\/\\\/www.aquimicasa.net\\\/blog\\\/vivienda\\\/construccion-de-viviendas\\\/la-construccion-toma-velocidad\\\/\",\"name\":\"La construcci\u00f3n en Espa\u00f1a toma velocidad seg\u00fan Eurostat\",\"isPartOf\":{\"@id\":\"https:\\\/\\\/www.aquimicasa.net\\\/blog\\\/#website\"},\"primaryImageOfPage\":{\"@id\":\"https:\\\/\\\/www.aquimicasa.net\\\/blog\\\/vivienda\\\/construccion-de-viviendas\\\/la-construccion-toma-velocidad\\\/#primaryimage\"},\"image\":{\"@id\":\"https:\\\/\\\/www.aquimicasa.net\\\/blog\\\/vivienda\\\/construccion-de-viviendas\\\/la-construccion-toma-velocidad\\\/#primaryimage\"},\"thumbnailUrl\":\"https:\\\/\\\/ep01.epimg.net\\\/economia\\\/imagenes\\\/2018\\\/05\\\/17\\\/actualidad\\\/1526550507_303717_1526554143_sumario_normal.jpg\",\"datePublished\":\"2018-05-19T19:34:31+00:00\",\"dateModified\":\"2018-05-19T19:36:10+00:00\",\"description\":\"La construcci\u00f3n va cogiendo velocidad en nuestro pa\u00eds y ya es el segundo pa\u00eds de la Uni\u00f3n Europea (UE)\u00a0donde m\u00e1s sube\u00a0en marzo de 2018, con respecto al mismo mes del a\u00f1o anterior. Es lo que asegura la oficina estad\u00edstica comunitaria Eurostat.\",\"breadcrumb\":{\"@id\":\"https:\\\/\\\/www.aquimicasa.net\\\/blog\\\/vivienda\\\/construccion-de-viviendas\\\/la-construccion-toma-velocidad\\\/#breadcrumb\"},\"inLanguage\":\"es\",\"potentialAction\":[{\"@type\":\"ReadAction\",\"target\":[\"https:\\\/\\\/www.aquimicasa.net\\\/blog\\\/vivienda\\\/construccion-de-viviendas\\\/la-construccion-toma-velocidad\\\/\"]}]},{\"@type\":\"ImageObject\",\"inLanguage\":\"es\",\"@id\":\"https:\\\/\\\/www.aquimicasa.net\\\/blog\\\/vivienda\\\/construccion-de-viviendas\\\/la-construccion-toma-velocidad\\\/#primaryimage\",\"url\":\"https:\\\/\\\/ep01.epimg.net\\\/economia\\\/imagenes\\\/2018\\\/05\\\/17\\\/actualidad\\\/1526550507_303717_1526554143_sumario_normal.jpg\",\"contentUrl\":\"https:\\\/\\\/ep01.epimg.net\\\/economia\\\/imagenes\\\/2018\\\/05\\\/17\\\/actualidad\\\/1526550507_303717_1526554143_sumario_normal.jpg\"},{\"@type\":\"BreadcrumbList\",\"@id\":\"https:\\\/\\\/www.aquimicasa.net\\\/blog\\\/vivienda\\\/construccion-de-viviendas\\\/la-construccion-toma-velocidad\\\/#breadcrumb\",\"itemListElement\":[{\"@type\":\"ListItem\",\"position\":1,\"name\":\"Portada\",\"item\":\"https:\\\/\\\/www.aquimicasa.net\\\/blog\\\/\"},{\"@type\":\"ListItem\",\"position\":2,\"name\":\"La construcci\u00f3n en Espa\u00f1a toma velocidad seg\u00fan Eurostat\"}]},{\"@type\":\"WebSite\",\"@id\":\"https:\\\/\\\/www.aquimicasa.net\\\/blog\\\/#website\",\"url\":\"https:\\\/\\\/www.aquimicasa.net\\\/blog\\\/\",\"name\":\"Blog de aquimicasa.net\",\"description\":\"Noticias del Mundo Inmobiliario\",\"publisher\":{\"@id\":\"https:\\\/\\\/www.aquimicasa.net\\\/blog\\\/#organization\"},\"potentialAction\":[{\"@type\":\"SearchAction\",\"target\":{\"@type\":\"EntryPoint\",\"urlTemplate\":\"https:\\\/\\\/www.aquimicasa.net\\\/blog\\\/?s={search_term_string}\"},\"query-input\":{\"@type\":\"PropertyValueSpecification\",\"valueRequired\":true,\"valueName\":\"search_term_string\"}}],\"inLanguage\":\"es\"},{\"@type\":\"Organization\",\"@id\":\"https:\\\/\\\/www.aquimicasa.net\\\/blog\\\/#organization\",\"name\":\"Blog de aquimicasa.net\",\"url\":\"https:\\\/\\\/www.aquimicasa.net\\\/blog\\\/\",\"logo\":{\"@type\":\"ImageObject\",\"inLanguage\":\"es\",\"@id\":\"https:\\\/\\\/www.aquimicasa.net\\\/blog\\\/#\\\/schema\\\/logo\\\/image\\\/\",\"url\":\"https:\\\/\\\/www.aquimicasa.net\\\/blog\\\/wp-content\\\/uploads\\\/Logo-aquimicasa-1-e1528048213782.png\",\"contentUrl\":\"https:\\\/\\\/www.aquimicasa.net\\\/blog\\\/wp-content\\\/uploads\\\/Logo-aquimicasa-1-e1528048213782.png\",\"width\":225,\"height\":225,\"caption\":\"Blog de aquimicasa.net\"},\"image\":{\"@id\":\"https:\\\/\\\/www.aquimicasa.net\\\/blog\\\/#\\\/schema\\\/logo\\\/image\\\/\"},\"sameAs\":[\"https:\\\/\\\/www.facebook.com\\\/aquimicasa.net\",\"https:\\\/\\\/www.instagram.com\\\/\",\"https:\\\/\\\/x.com\\\/EduLizarragaD\",\"https:\\\/\\\/www.linkedin.com\\\/feed\\\/\"]},{\"@type\":\"Person\",\"@id\":\"https:\\\/\\\/www.aquimicasa.net\\\/blog\\\/#\\\/schema\\\/person\\\/2cdfa2605534583395c8d7ce1d6cac14\",\"name\":\"Eduardo Lizarraga\",\"image\":{\"@type\":\"ImageObject\",\"inLanguage\":\"es\",\"@id\":\"https:\\\/\\\/secure.gravatar.com\\\/avatar\\\/bdabe1eeeed97b65a9cb7de2edd624b07995f7e13abc5fead15961f745f908cc?s=96&d=mm&r=g\",\"url\":\"https:\\\/\\\/secure.gravatar.com\\\/avatar\\\/bdabe1eeeed97b65a9cb7de2edd624b07995f7e13abc5fead15961f745f908cc?s=96&d=mm&r=g\",\"contentUrl\":\"https:\\\/\\\/secure.gravatar.com\\\/avatar\\\/bdabe1eeeed97b65a9cb7de2edd624b07995f7e13abc5fead15961f745f908cc?s=96&d=mm&r=g\",\"caption\":\"Eduardo Lizarraga\"},\"description\":\"Periodista Econ\u00f3mico. Ha trabajado en diversos campos de la informaci\u00f3n. Corresponsal en conflictos, analista pol\u00edtico en Congreso y Senado, periodista del medio ambiente, editor, director editorial, director de comunicaci\u00f3n.... En estos momentos se ha especializado en el sector inmobiliario. Pero tambi\u00e9n es navegante y viajero, preocupado por la pobreza, el medio ambiente y por las actuaciones descontroladas del neoliberalismo empresarial y pol\u00edtico en todo el mundo. Los desahucios, la pobreza infantil y la falta de acceso a los suministros b\u00e1sicos son algunos de los grandes dramas de nuestra sociedad y que es preciso solucionar para hacerla m\u00e1s justa. CEO en www.aquimicasa.net\",\"sameAs\":[\"https:\\\/\\\/www.aquimicasa.net\\\/\"],\"url\":\"https:\\\/\\\/www.aquimicasa.net\\\/blog\\\/author\\\/eduardo\\\/\"}]}<\/script>\n<!-- \/ Yoast SEO plugin. -->","yoast_head_json":{"title":"La construcci\u00f3n en Espa\u00f1a toma velocidad seg\u00fan Eurostat","description":"La construcci\u00f3n va cogiendo velocidad en nuestro pa\u00eds y ya es el segundo pa\u00eds de la Uni\u00f3n Europea (UE)\u00a0donde m\u00e1s sube\u00a0en marzo de 2018, con respecto al mismo mes del a\u00f1o anterior. Es lo que asegura la oficina estad\u00edstica comunitaria Eurostat.","robots":{"index":"index","follow":"follow","max-snippet":"max-snippet:-1","max-image-preview":"max-image-preview:large","max-video-preview":"max-video-preview:-1"},"canonical":"https:\/\/www.aquimicasa.net\/blog\/vivienda\/construccion-de-viviendas\/la-construccion-toma-velocidad\/","og_locale":"es_ES","og_type":"article","og_title":"La construcci\u00f3n en Espa\u00f1a toma velocidad seg\u00fan Eurostat","og_description":"La construcci\u00f3n va cogiendo velocidad en nuestro pa\u00eds y ya es el segundo pa\u00eds de la Uni\u00f3n Europea (UE)\u00a0donde m\u00e1s sube\u00a0en marzo de 2018, con respecto al mismo mes del a\u00f1o anterior. Es lo que asegura la oficina estad\u00edstica comunitaria Eurostat.","og_url":"https:\/\/www.aquimicasa.net\/blog\/vivienda\/construccion-de-viviendas\/la-construccion-toma-velocidad\/","og_site_name":"Blog de aquimicasa.net","article_publisher":"https:\/\/www.facebook.com\/aquimicasa.net","article_published_time":"2018-05-19T19:34:31+00:00","article_modified_time":"2018-05-19T19:36:10+00:00","og_image":[{"width":400,"height":225,"url":"https:\/\/www.aquimicasa.net\/blog\/wp-content\/uploads\/Construcci\u00f3n3-3-e1526758463253.jpg","type":"image\/jpeg"}],"author":"Eduardo Lizarraga","twitter_misc":{"Escrito por":"Eduardo Lizarraga","Tiempo de lectura":"2 minutos"},"schema":{"@context":"https:\/\/schema.org","@graph":[{"@type":"Article","@id":"https:\/\/www.aquimicasa.net\/blog\/vivienda\/construccion-de-viviendas\/la-construccion-toma-velocidad\/#article","isPartOf":{"@id":"https:\/\/www.aquimicasa.net\/blog\/vivienda\/construccion-de-viviendas\/la-construccion-toma-velocidad\/"},"author":{"name":"Eduardo Lizarraga","@id":"https:\/\/www.aquimicasa.net\/blog\/#\/schema\/person\/2cdfa2605534583395c8d7ce1d6cac14"},"headline":"La construcci\u00f3n en Espa\u00f1a toma velocidad seg\u00fan Eurostat","datePublished":"2018-05-19T19:34:31+00:00","dateModified":"2018-05-19T19:36:10+00:00","mainEntityOfPage":{"@id":"https:\/\/www.aquimicasa.net\/blog\/vivienda\/construccion-de-viviendas\/la-construccion-toma-velocidad\/"},"wordCount":447,"commentCount":0,"publisher":{"@id":"https:\/\/www.aquimicasa.net\/blog\/#organization"},"image":{"@id":"https:\/\/www.aquimicasa.net\/blog\/vivienda\/construccion-de-viviendas\/la-construccion-toma-velocidad\/#primaryimage"},"thumbnailUrl":"https:\/\/ep01.epimg.net\/economia\/imagenes\/2018\/05\/17\/actualidad\/1526550507_303717_1526554143_sumario_normal.jpg","keywords":["Eurostat","ingenier\u00eda cicil","sector de la construcci\u00f3n"],"articleSection":["Obra Nueva"],"inLanguage":"es","potentialAction":[{"@type":"CommentAction","name":"Comment","target":["https:\/\/www.aquimicasa.net\/blog\/vivienda\/construccion-de-viviendas\/la-construccion-toma-velocidad\/#respond"]}]},{"@type":"WebPage","@id":"https:\/\/www.aquimicasa.net\/blog\/vivienda\/construccion-de-viviendas\/la-construccion-toma-velocidad\/","url":"https:\/\/www.aquimicasa.net\/blog\/vivienda\/construccion-de-viviendas\/la-construccion-toma-velocidad\/","name":"La construcci\u00f3n en Espa\u00f1a toma velocidad seg\u00fan Eurostat","isPartOf":{"@id":"https:\/\/www.aquimicasa.net\/blog\/#website"},"primaryImageOfPage":{"@id":"https:\/\/www.aquimicasa.net\/blog\/vivienda\/construccion-de-viviendas\/la-construccion-toma-velocidad\/#primaryimage"},"image":{"@id":"https:\/\/www.aquimicasa.net\/blog\/vivienda\/construccion-de-viviendas\/la-construccion-toma-velocidad\/#primaryimage"},"thumbnailUrl":"https:\/\/ep01.epimg.net\/economia\/imagenes\/2018\/05\/17\/actualidad\/1526550507_303717_1526554143_sumario_normal.jpg","datePublished":"2018-05-19T19:34:31+00:00","dateModified":"2018-05-19T19:36:10+00:00","description":"La construcci\u00f3n va cogiendo velocidad en nuestro pa\u00eds y ya es el segundo pa\u00eds de la Uni\u00f3n Europea (UE)\u00a0donde m\u00e1s sube\u00a0en marzo de 2018, con respecto al mismo mes del a\u00f1o anterior. Es lo que asegura la oficina estad\u00edstica comunitaria Eurostat.","breadcrumb":{"@id":"https:\/\/www.aquimicasa.net\/blog\/vivienda\/construccion-de-viviendas\/la-construccion-toma-velocidad\/#breadcrumb"},"inLanguage":"es","potentialAction":[{"@type":"ReadAction","target":["https:\/\/www.aquimicasa.net\/blog\/vivienda\/construccion-de-viviendas\/la-construccion-toma-velocidad\/"]}]},{"@type":"ImageObject","inLanguage":"es","@id":"https:\/\/www.aquimicasa.net\/blog\/vivienda\/construccion-de-viviendas\/la-construccion-toma-velocidad\/#primaryimage","url":"https:\/\/ep01.epimg.net\/economia\/imagenes\/2018\/05\/17\/actualidad\/1526550507_303717_1526554143_sumario_normal.jpg","contentUrl":"https:\/\/ep01.epimg.net\/economia\/imagenes\/2018\/05\/17\/actualidad\/1526550507_303717_1526554143_sumario_normal.jpg"},{"@type":"BreadcrumbList","@id":"https:\/\/www.aquimicasa.net\/blog\/vivienda\/construccion-de-viviendas\/la-construccion-toma-velocidad\/#breadcrumb","itemListElement":[{"@type":"ListItem","position":1,"name":"Portada","item":"https:\/\/www.aquimicasa.net\/blog\/"},{"@type":"ListItem","position":2,"name":"La construcci\u00f3n en Espa\u00f1a toma velocidad seg\u00fan Eurostat"}]},{"@type":"WebSite","@id":"https:\/\/www.aquimicasa.net\/blog\/#website","url":"https:\/\/www.aquimicasa.net\/blog\/","name":"Blog de aquimicasa.net","description":"Noticias del Mundo Inmobiliario","publisher":{"@id":"https:\/\/www.aquimicasa.net\/blog\/#organization"},"potentialAction":[{"@type":"SearchAction","target":{"@type":"EntryPoint","urlTemplate":"https:\/\/www.aquimicasa.net\/blog\/?s={search_term_string}"},"query-input":{"@type":"PropertyValueSpecification","valueRequired":true,"valueName":"search_term_string"}}],"inLanguage":"es"},{"@type":"Organization","@id":"https:\/\/www.aquimicasa.net\/blog\/#organization","name":"Blog de aquimicasa.net","url":"https:\/\/www.aquimicasa.net\/blog\/","logo":{"@type":"ImageObject","inLanguage":"es","@id":"https:\/\/www.aquimicasa.net\/blog\/#\/schema\/logo\/image\/","url":"https:\/\/www.aquimicasa.net\/blog\/wp-content\/uploads\/Logo-aquimicasa-1-e1528048213782.png","contentUrl":"https:\/\/www.aquimicasa.net\/blog\/wp-content\/uploads\/Logo-aquimicasa-1-e1528048213782.png","width":225,"height":225,"caption":"Blog de aquimicasa.net"},"image":{"@id":"https:\/\/www.aquimicasa.net\/blog\/#\/schema\/logo\/image\/"},"sameAs":["https:\/\/www.facebook.com\/aquimicasa.net","https:\/\/www.instagram.com\/","https:\/\/x.com\/EduLizarragaD","https:\/\/www.linkedin.com\/feed\/"]},{"@type":"Person","@id":"https:\/\/www.aquimicasa.net\/blog\/#\/schema\/person\/2cdfa2605534583395c8d7ce1d6cac14","name":"Eduardo Lizarraga","image":{"@type":"ImageObject","inLanguage":"es","@id":"https:\/\/secure.gravatar.com\/avatar\/bdabe1eeeed97b65a9cb7de2edd624b07995f7e13abc5fead15961f745f908cc?s=96&d=mm&r=g","url":"https:\/\/secure.gravatar.com\/avatar\/bdabe1eeeed97b65a9cb7de2edd624b07995f7e13abc5fead15961f745f908cc?s=96&d=mm&r=g","contentUrl":"https:\/\/secure.gravatar.com\/avatar\/bdabe1eeeed97b65a9cb7de2edd624b07995f7e13abc5fead15961f745f908cc?s=96&d=mm&r=g","caption":"Eduardo Lizarraga"},"description":"Periodista Econ\u00f3mico. Ha trabajado en diversos campos de la informaci\u00f3n. Corresponsal en conflictos, analista pol\u00edtico en Congreso y Senado, periodista del medio ambiente, editor, director editorial, director de comunicaci\u00f3n.... En estos momentos se ha especializado en el sector inmobiliario. Pero tambi\u00e9n es navegante y viajero, preocupado por la pobreza, el medio ambiente y por las actuaciones descontroladas del neoliberalismo empresarial y pol\u00edtico en todo el mundo. Los desahucios, la pobreza infantil y la falta de acceso a los suministros b\u00e1sicos son algunos de los grandes dramas de nuestra sociedad y que es preciso solucionar para hacerla m\u00e1s justa. CEO en www.aquimicasa.net","sameAs":["https:\/\/www.aquimicasa.net\/"],"url":"https:\/\/www.aquimicasa.net\/blog\/author\/eduardo\/"}]}},"jetpack_publicize_connections":[],"jetpack_featured_media_url":"","jetpack_sharing_enabled":true,"jetpack_likes_enabled":true,"_links":{"self":[{"href":"https:\/\/www.aquimicasa.net\/blog\/wp-json\/wp\/v2\/posts\/20225","targetHints":{"allow":["GET"]}}],"collection":[{"href":"https:\/\/www.aquimicasa.net\/blog\/wp-json\/wp\/v2\/posts"}],"about":[{"href":"https:\/\/www.aquimicasa.net\/blog\/wp-json\/wp\/v2\/types\/post"}],"author":[{"embeddable":true,"href":"https:\/\/www.aquimicasa.net\/blog\/wp-json\/wp\/v2\/users\/3"}],"replies":[{"embeddable":true,"href":"https:\/\/www.aquimicasa.net\/blog\/wp-json\/wp\/v2\/comments?post=20225"}],"version-history":[{"count":5,"href":"https:\/\/www.aquimicasa.net\/blog\/wp-json\/wp\/v2\/posts\/20225\/revisions"}],"predecessor-version":[{"id":20282,"href":"https:\/\/www.aquimicasa.net\/blog\/wp-json\/wp\/v2\/posts\/20225\/revisions\/20282"}],"wp:attachment":[{"href":"https:\/\/www.aquimicasa.net\/blog\/wp-json\/wp\/v2\/media?parent=20225"}],"wp:term":[{"taxonomy":"category","embeddable":true,"href":"https:\/\/www.aquimicasa.net\/blog\/wp-json\/wp\/v2\/categories?post=20225"},{"taxonomy":"post_tag","embeddable":true,"href":"https:\/\/www.aquimicasa.net\/blog\/wp-json\/wp\/v2\/tags?post=20225"}],"curies":[{"name":"wp","href":"https:\/\/api.w.org\/{rel}","templated":true}]}}