{"id":2075,"date":"2013-10-16T08:24:17","date_gmt":"2013-10-16T08:24:17","guid":{"rendered":"http:\/\/haciadelante.es\/?p=2075"},"modified":"2020-04-02T18:47:45","modified_gmt":"2020-04-02T16:47:45","slug":"la-pah-consigue-paralizar-el-desahucio-de-salt","status":"publish","type":"post","link":"https:\/\/www.aquimicasa.net\/blog\/vivienda\/desahucio\/la-pah-consigue-paralizar-el-desahucio-de-salt\/","title":{"rendered":"La PAH consigue paralizar el desahucio de Salt"},"content":{"rendered":"<p>La petici\u00f3n de la PAH al Tribunal de Derechos Humanos de Estrasburgo ha surtido efecto y se ha paralizado cautelarmente el desalojo previsto para hoy de un bloque de viviendas de Salt, ocupado desde marzo y en el que viven 43 personas -21 adultos y 22 ni\u00f1os-.<\/p>\n<p>Ante la nula respuesta de los pol\u00edticos e instituciones p\u00fablicas espa\u00f1olas la Plataforma de Afectados por la Hipoteca (PAH) present\u00f3 un recurso ante el tribunal europeo, que ha logrado aplazar el desalojo, como m\u00ednimo hasta el 29 de octubre.<\/p>\n<p>Salellas, el abogado de la PAH, ha explicado que el tribunal europeo pregunta al Gobierno central \u00abqu\u00e9 medidas piensa tomar\u00bb con las personas que viven en el edificio si son desalojadas, y le ha dado hasta el 29 de octubre para dar una respuesta.<\/p>\n<p>Salellas ha celebrado que se trata de un \u00abprecedente\u00bb por v\u00eda penal que puede ayudar a paralizar situaciones similares al edificio de Salt, propiedad de la Sareb.<\/p>\n<p>Cerca de un millar de personas, pertenecientes a la PAH y otros colectivos sociales, se hab\u00eda concentrado a las puertas del edificio ocupado en Salt, entre ellos diputados de ICV-EUiA y la CUP.<\/p>\n<p>Resulta como poco vergonzoso que el Tribunal de derechos Humanos de Estrasburgo deba intervenir para defender a ciudadanos europeos dentro de un estado europeo. Y eso es as\u00ed porque ninguna instituci\u00f3n p\u00fablica espa\u00f1ola est\u00e1 moviendo un dedo para apoyar a la ciudadan\u00eda frente a los bancos y parar los desahucios. Parece que el derecho constitucional a una vivienda est\u00e1 por detr\u00e1s a la obtenci\u00f3n de beneficios por parte de los bancos.<\/p>\n","protected":false},"excerpt":{"rendered":"<p>La petici\u00f3n de la PAH al Tribunal de Derechos Humanos [&hellip;]<\/p>\n","protected":false},"author":3,"featured_media":0,"comment_status":"open","ping_status":"open","sticky":false,"template":"","format":"standard","meta":{"_jetpack_memberships_contains_paid_content":false,"footnotes":"","jetpack_publicize_message":"","jetpack_publicize_feature_enabled":true,"jetpack_social_post_already_shared":false,"jetpack_social_options":{"image_generator_settings":{"template":"highway","default_image_id":0,"font":"","enabled":false},"version":2}},"categories":[5461,46,100,43,25,104,7564,7565,7566,28,27],"tags":[310],"class_list":["post-2075","post","type-post","status-publish","format-standard","hentry","category-ayuntamientos","category-bancos","category-compraventa-de-viviendas","category-credito-hipotecario","category-desahucio","category-leyes","category-noticias-economia","category-noticias-mercado-inmobiliario","category-noticias-sobre-el-mercado-hipotecario","category-plataforma-de-afectados-por-la-hipoteca","category-tribunal-europeo-de-derechos-humanos","tag-estrasburgo"],"yoast_head":"<!-- This site is optimized with the Yoast SEO plugin v27.5 - https:\/\/yoast.com\/product\/yoast-seo-wordpress\/ -->\n<title>La PAH consigue paralizar el desahucio de Salt - Blog de aquimicasa.net<\/title>\n<meta name=\"description\" content=\"La Plataforma de Afectados por la Hipoteca (PAH) ha paralizado el desahucio de Salt merced a un recurso ante el Tribunal de derechos Humanos de Estrasburgo\" \/>\n<meta name=\"robots\" content=\"index, follow, max-snippet:-1, max-image-preview:large, max-video-preview:-1\" \/>\n<link rel=\"canonical\" href=\"https:\/\/www.aquimicasa.net\/blog\/vivienda\/desahucio\/la-pah-consigue-paralizar-el-desahucio-de-salt\/\" \/>\n<meta property=\"og:locale\" content=\"es_ES\" \/>\n<meta property=\"og:type\" content=\"article\" \/>\n<meta property=\"og:title\" content=\"La PAH consigue paralizar el desahucio de Salt - Blog de aquimicasa.net\" \/>\n<meta property=\"og:description\" content=\"La Plataforma de Afectados por la Hipoteca (PAH) ha paralizado el desahucio de Salt merced a un recurso ante el Tribunal de derechos Humanos de Estrasburgo\" \/>\n<meta property=\"og:url\" content=\"https:\/\/www.aquimicasa.net\/blog\/vivienda\/desahucio\/la-pah-consigue-paralizar-el-desahucio-de-salt\/\" \/>\n<meta property=\"og:site_name\" content=\"Blog de aquimicasa.net\" \/>\n<meta property=\"article:publisher\" content=\"https:\/\/www.facebook.com\/aquimicasa.net\" \/>\n<meta property=\"article:published_time\" content=\"2013-10-16T08:24:17+00:00\" \/>\n<meta property=\"article:modified_time\" content=\"2020-04-02T16:47:45+00:00\" \/>\n<meta name=\"author\" content=\"Eduardo Lizarraga\" \/>\n<meta name=\"twitter:label1\" content=\"Escrito por\" \/>\n\t<meta name=\"twitter:data1\" content=\"Eduardo Lizarraga\" \/>\n\t<meta name=\"twitter:label2\" content=\"Tiempo de lectura\" \/>\n\t<meta name=\"twitter:data2\" content=\"1 minuto\" \/>\n<script type=\"application\/ld+json\" class=\"yoast-schema-graph\">{\"@context\":\"https:\\\/\\\/schema.org\",\"@graph\":[{\"@type\":\"Article\",\"@id\":\"https:\\\/\\\/www.aquimicasa.net\\\/blog\\\/vivienda\\\/desahucio\\\/la-pah-consigue-paralizar-el-desahucio-de-salt\\\/#article\",\"isPartOf\":{\"@id\":\"https:\\\/\\\/www.aquimicasa.net\\\/blog\\\/vivienda\\\/desahucio\\\/la-pah-consigue-paralizar-el-desahucio-de-salt\\\/\"},\"author\":{\"name\":\"Eduardo Lizarraga\",\"@id\":\"https:\\\/\\\/www.aquimicasa.net\\\/blog\\\/#\\\/schema\\\/person\\\/2cdfa2605534583395c8d7ce1d6cac14\"},\"headline\":\"La PAH consigue paralizar el desahucio de Salt\",\"datePublished\":\"2013-10-16T08:24:17+00:00\",\"dateModified\":\"2020-04-02T16:47:45+00:00\",\"mainEntityOfPage\":{\"@id\":\"https:\\\/\\\/www.aquimicasa.net\\\/blog\\\/vivienda\\\/desahucio\\\/la-pah-consigue-paralizar-el-desahucio-de-salt\\\/\"},\"wordCount\":279,\"commentCount\":0,\"publisher\":{\"@id\":\"https:\\\/\\\/www.aquimicasa.net\\\/blog\\\/#organization\"},\"keywords\":[\"Estrasburgo\"],\"articleSection\":[\"Ayuntamientos\",\"Bancos\",\"Compra Venta\",\"Cr\u00e9dito hipotecario\",\"Desahucios\",\"Leyes\",\"Noticias Econom\u00eda\",\"Noticias Mercado Inmobiliario\",\"Noticias sobre el Mercado Hipotecario\",\"Plataforma de Afectados por la Hipoteca\",\"Tribunal Europeo de Derechos Humanos\"],\"inLanguage\":\"es\",\"potentialAction\":[{\"@type\":\"CommentAction\",\"name\":\"Comment\",\"target\":[\"https:\\\/\\\/www.aquimicasa.net\\\/blog\\\/vivienda\\\/desahucio\\\/la-pah-consigue-paralizar-el-desahucio-de-salt\\\/#respond\"]}]},{\"@type\":\"WebPage\",\"@id\":\"https:\\\/\\\/www.aquimicasa.net\\\/blog\\\/vivienda\\\/desahucio\\\/la-pah-consigue-paralizar-el-desahucio-de-salt\\\/\",\"url\":\"https:\\\/\\\/www.aquimicasa.net\\\/blog\\\/vivienda\\\/desahucio\\\/la-pah-consigue-paralizar-el-desahucio-de-salt\\\/\",\"name\":\"La PAH consigue paralizar el desahucio de Salt - Blog de aquimicasa.net\",\"isPartOf\":{\"@id\":\"https:\\\/\\\/www.aquimicasa.net\\\/blog\\\/#website\"},\"datePublished\":\"2013-10-16T08:24:17+00:00\",\"dateModified\":\"2020-04-02T16:47:45+00:00\",\"description\":\"La Plataforma de Afectados por la Hipoteca (PAH) ha paralizado el desahucio de Salt merced a un recurso ante el Tribunal de derechos Humanos de Estrasburgo\",\"breadcrumb\":{\"@id\":\"https:\\\/\\\/www.aquimicasa.net\\\/blog\\\/vivienda\\\/desahucio\\\/la-pah-consigue-paralizar-el-desahucio-de-salt\\\/#breadcrumb\"},\"inLanguage\":\"es\",\"potentialAction\":[{\"@type\":\"ReadAction\",\"target\":[\"https:\\\/\\\/www.aquimicasa.net\\\/blog\\\/vivienda\\\/desahucio\\\/la-pah-consigue-paralizar-el-desahucio-de-salt\\\/\"]}]},{\"@type\":\"BreadcrumbList\",\"@id\":\"https:\\\/\\\/www.aquimicasa.net\\\/blog\\\/vivienda\\\/desahucio\\\/la-pah-consigue-paralizar-el-desahucio-de-salt\\\/#breadcrumb\",\"itemListElement\":[{\"@type\":\"ListItem\",\"position\":1,\"name\":\"Portada\",\"item\":\"https:\\\/\\\/www.aquimicasa.net\\\/blog\\\/\"},{\"@type\":\"ListItem\",\"position\":2,\"name\":\"La PAH consigue paralizar el desahucio de Salt\"}]},{\"@type\":\"WebSite\",\"@id\":\"https:\\\/\\\/www.aquimicasa.net\\\/blog\\\/#website\",\"url\":\"https:\\\/\\\/www.aquimicasa.net\\\/blog\\\/\",\"name\":\"Blog de aquimicasa.net\",\"description\":\"Noticias del Mundo Inmobiliario\",\"publisher\":{\"@id\":\"https:\\\/\\\/www.aquimicasa.net\\\/blog\\\/#organization\"},\"potentialAction\":[{\"@type\":\"SearchAction\",\"target\":{\"@type\":\"EntryPoint\",\"urlTemplate\":\"https:\\\/\\\/www.aquimicasa.net\\\/blog\\\/?s={search_term_string}\"},\"query-input\":{\"@type\":\"PropertyValueSpecification\",\"valueRequired\":true,\"valueName\":\"search_term_string\"}}],\"inLanguage\":\"es\"},{\"@type\":\"Organization\",\"@id\":\"https:\\\/\\\/www.aquimicasa.net\\\/blog\\\/#organization\",\"name\":\"Blog de aquimicasa.net\",\"url\":\"https:\\\/\\\/www.aquimicasa.net\\\/blog\\\/\",\"logo\":{\"@type\":\"ImageObject\",\"inLanguage\":\"es\",\"@id\":\"https:\\\/\\\/www.aquimicasa.net\\\/blog\\\/#\\\/schema\\\/logo\\\/image\\\/\",\"url\":\"https:\\\/\\\/www.aquimicasa.net\\\/blog\\\/wp-content\\\/uploads\\\/Logo-aquimicasa-1-e1528048213782.png\",\"contentUrl\":\"https:\\\/\\\/www.aquimicasa.net\\\/blog\\\/wp-content\\\/uploads\\\/Logo-aquimicasa-1-e1528048213782.png\",\"width\":225,\"height\":225,\"caption\":\"Blog de aquimicasa.net\"},\"image\":{\"@id\":\"https:\\\/\\\/www.aquimicasa.net\\\/blog\\\/#\\\/schema\\\/logo\\\/image\\\/\"},\"sameAs\":[\"https:\\\/\\\/www.facebook.com\\\/aquimicasa.net\",\"https:\\\/\\\/www.instagram.com\\\/\",\"https:\\\/\\\/x.com\\\/EduLizarragaD\",\"https:\\\/\\\/www.linkedin.com\\\/feed\\\/\"]},{\"@type\":\"Person\",\"@id\":\"https:\\\/\\\/www.aquimicasa.net\\\/blog\\\/#\\\/schema\\\/person\\\/2cdfa2605534583395c8d7ce1d6cac14\",\"name\":\"Eduardo Lizarraga\",\"image\":{\"@type\":\"ImageObject\",\"inLanguage\":\"es\",\"@id\":\"https:\\\/\\\/secure.gravatar.com\\\/avatar\\\/bdabe1eeeed97b65a9cb7de2edd624b07995f7e13abc5fead15961f745f908cc?s=96&d=mm&r=g\",\"url\":\"https:\\\/\\\/secure.gravatar.com\\\/avatar\\\/bdabe1eeeed97b65a9cb7de2edd624b07995f7e13abc5fead15961f745f908cc?s=96&d=mm&r=g\",\"contentUrl\":\"https:\\\/\\\/secure.gravatar.com\\\/avatar\\\/bdabe1eeeed97b65a9cb7de2edd624b07995f7e13abc5fead15961f745f908cc?s=96&d=mm&r=g\",\"caption\":\"Eduardo Lizarraga\"},\"description\":\"Periodista Econ\u00f3mico. Ha trabajado en diversos campos de la informaci\u00f3n. Corresponsal en conflictos, analista pol\u00edtico en Congreso y Senado, periodista del medio ambiente, editor, director editorial, director de comunicaci\u00f3n.... En estos momentos se ha especializado en el sector inmobiliario. Pero tambi\u00e9n es navegante y viajero, preocupado por la pobreza, el medio ambiente y por las actuaciones descontroladas del neoliberalismo empresarial y pol\u00edtico en todo el mundo. Los desahucios, la pobreza infantil y la falta de acceso a los suministros b\u00e1sicos son algunos de los grandes dramas de nuestra sociedad y que es preciso solucionar para hacerla m\u00e1s justa. CEO en www.aquimicasa.net\",\"sameAs\":[\"https:\\\/\\\/www.aquimicasa.net\\\/\"],\"url\":\"https:\\\/\\\/www.aquimicasa.net\\\/blog\\\/author\\\/eduardo\\\/\"}]}<\/script>\n<!-- \/ Yoast SEO plugin. -->","yoast_head_json":{"title":"La PAH consigue paralizar el desahucio de Salt - Blog de aquimicasa.net","description":"La Plataforma de Afectados por la Hipoteca (PAH) ha paralizado el desahucio de Salt merced a un recurso ante el Tribunal de derechos Humanos de Estrasburgo","robots":{"index":"index","follow":"follow","max-snippet":"max-snippet:-1","max-image-preview":"max-image-preview:large","max-video-preview":"max-video-preview:-1"},"canonical":"https:\/\/www.aquimicasa.net\/blog\/vivienda\/desahucio\/la-pah-consigue-paralizar-el-desahucio-de-salt\/","og_locale":"es_ES","og_type":"article","og_title":"La PAH consigue paralizar el desahucio de Salt - Blog de aquimicasa.net","og_description":"La Plataforma de Afectados por la Hipoteca (PAH) ha paralizado el desahucio de Salt merced a un recurso ante el Tribunal de derechos Humanos de Estrasburgo","og_url":"https:\/\/www.aquimicasa.net\/blog\/vivienda\/desahucio\/la-pah-consigue-paralizar-el-desahucio-de-salt\/","og_site_name":"Blog de aquimicasa.net","article_publisher":"https:\/\/www.facebook.com\/aquimicasa.net","article_published_time":"2013-10-16T08:24:17+00:00","article_modified_time":"2020-04-02T16:47:45+00:00","author":"Eduardo Lizarraga","twitter_misc":{"Escrito por":"Eduardo Lizarraga","Tiempo de lectura":"1 minuto"},"schema":{"@context":"https:\/\/schema.org","@graph":[{"@type":"Article","@id":"https:\/\/www.aquimicasa.net\/blog\/vivienda\/desahucio\/la-pah-consigue-paralizar-el-desahucio-de-salt\/#article","isPartOf":{"@id":"https:\/\/www.aquimicasa.net\/blog\/vivienda\/desahucio\/la-pah-consigue-paralizar-el-desahucio-de-salt\/"},"author":{"name":"Eduardo Lizarraga","@id":"https:\/\/www.aquimicasa.net\/blog\/#\/schema\/person\/2cdfa2605534583395c8d7ce1d6cac14"},"headline":"La PAH consigue paralizar el desahucio de Salt","datePublished":"2013-10-16T08:24:17+00:00","dateModified":"2020-04-02T16:47:45+00:00","mainEntityOfPage":{"@id":"https:\/\/www.aquimicasa.net\/blog\/vivienda\/desahucio\/la-pah-consigue-paralizar-el-desahucio-de-salt\/"},"wordCount":279,"commentCount":0,"publisher":{"@id":"https:\/\/www.aquimicasa.net\/blog\/#organization"},"keywords":["Estrasburgo"],"articleSection":["Ayuntamientos","Bancos","Compra Venta","Cr\u00e9dito hipotecario","Desahucios","Leyes","Noticias Econom\u00eda","Noticias Mercado Inmobiliario","Noticias sobre el Mercado Hipotecario","Plataforma de Afectados por la Hipoteca","Tribunal Europeo de Derechos Humanos"],"inLanguage":"es","potentialAction":[{"@type":"CommentAction","name":"Comment","target":["https:\/\/www.aquimicasa.net\/blog\/vivienda\/desahucio\/la-pah-consigue-paralizar-el-desahucio-de-salt\/#respond"]}]},{"@type":"WebPage","@id":"https:\/\/www.aquimicasa.net\/blog\/vivienda\/desahucio\/la-pah-consigue-paralizar-el-desahucio-de-salt\/","url":"https:\/\/www.aquimicasa.net\/blog\/vivienda\/desahucio\/la-pah-consigue-paralizar-el-desahucio-de-salt\/","name":"La PAH consigue paralizar el desahucio de Salt - Blog de aquimicasa.net","isPartOf":{"@id":"https:\/\/www.aquimicasa.net\/blog\/#website"},"datePublished":"2013-10-16T08:24:17+00:00","dateModified":"2020-04-02T16:47:45+00:00","description":"La Plataforma de Afectados por la Hipoteca (PAH) ha paralizado el desahucio de Salt merced a un recurso ante el Tribunal de derechos Humanos de Estrasburgo","breadcrumb":{"@id":"https:\/\/www.aquimicasa.net\/blog\/vivienda\/desahucio\/la-pah-consigue-paralizar-el-desahucio-de-salt\/#breadcrumb"},"inLanguage":"es","potentialAction":[{"@type":"ReadAction","target":["https:\/\/www.aquimicasa.net\/blog\/vivienda\/desahucio\/la-pah-consigue-paralizar-el-desahucio-de-salt\/"]}]},{"@type":"BreadcrumbList","@id":"https:\/\/www.aquimicasa.net\/blog\/vivienda\/desahucio\/la-pah-consigue-paralizar-el-desahucio-de-salt\/#breadcrumb","itemListElement":[{"@type":"ListItem","position":1,"name":"Portada","item":"https:\/\/www.aquimicasa.net\/blog\/"},{"@type":"ListItem","position":2,"name":"La PAH consigue paralizar el desahucio de Salt"}]},{"@type":"WebSite","@id":"https:\/\/www.aquimicasa.net\/blog\/#website","url":"https:\/\/www.aquimicasa.net\/blog\/","name":"Blog de aquimicasa.net","description":"Noticias del Mundo Inmobiliario","publisher":{"@id":"https:\/\/www.aquimicasa.net\/blog\/#organization"},"potentialAction":[{"@type":"SearchAction","target":{"@type":"EntryPoint","urlTemplate":"https:\/\/www.aquimicasa.net\/blog\/?s={search_term_string}"},"query-input":{"@type":"PropertyValueSpecification","valueRequired":true,"valueName":"search_term_string"}}],"inLanguage":"es"},{"@type":"Organization","@id":"https:\/\/www.aquimicasa.net\/blog\/#organization","name":"Blog de aquimicasa.net","url":"https:\/\/www.aquimicasa.net\/blog\/","logo":{"@type":"ImageObject","inLanguage":"es","@id":"https:\/\/www.aquimicasa.net\/blog\/#\/schema\/logo\/image\/","url":"https:\/\/www.aquimicasa.net\/blog\/wp-content\/uploads\/Logo-aquimicasa-1-e1528048213782.png","contentUrl":"https:\/\/www.aquimicasa.net\/blog\/wp-content\/uploads\/Logo-aquimicasa-1-e1528048213782.png","width":225,"height":225,"caption":"Blog de aquimicasa.net"},"image":{"@id":"https:\/\/www.aquimicasa.net\/blog\/#\/schema\/logo\/image\/"},"sameAs":["https:\/\/www.facebook.com\/aquimicasa.net","https:\/\/www.instagram.com\/","https:\/\/x.com\/EduLizarragaD","https:\/\/www.linkedin.com\/feed\/"]},{"@type":"Person","@id":"https:\/\/www.aquimicasa.net\/blog\/#\/schema\/person\/2cdfa2605534583395c8d7ce1d6cac14","name":"Eduardo Lizarraga","image":{"@type":"ImageObject","inLanguage":"es","@id":"https:\/\/secure.gravatar.com\/avatar\/bdabe1eeeed97b65a9cb7de2edd624b07995f7e13abc5fead15961f745f908cc?s=96&d=mm&r=g","url":"https:\/\/secure.gravatar.com\/avatar\/bdabe1eeeed97b65a9cb7de2edd624b07995f7e13abc5fead15961f745f908cc?s=96&d=mm&r=g","contentUrl":"https:\/\/secure.gravatar.com\/avatar\/bdabe1eeeed97b65a9cb7de2edd624b07995f7e13abc5fead15961f745f908cc?s=96&d=mm&r=g","caption":"Eduardo Lizarraga"},"description":"Periodista Econ\u00f3mico. Ha trabajado en diversos campos de la informaci\u00f3n. Corresponsal en conflictos, analista pol\u00edtico en Congreso y Senado, periodista del medio ambiente, editor, director editorial, director de comunicaci\u00f3n.... En estos momentos se ha especializado en el sector inmobiliario. Pero tambi\u00e9n es navegante y viajero, preocupado por la pobreza, el medio ambiente y por las actuaciones descontroladas del neoliberalismo empresarial y pol\u00edtico en todo el mundo. Los desahucios, la pobreza infantil y la falta de acceso a los suministros b\u00e1sicos son algunos de los grandes dramas de nuestra sociedad y que es preciso solucionar para hacerla m\u00e1s justa. CEO en www.aquimicasa.net","sameAs":["https:\/\/www.aquimicasa.net\/"],"url":"https:\/\/www.aquimicasa.net\/blog\/author\/eduardo\/"}]}},"jetpack_publicize_connections":[],"jetpack_featured_media_url":"","jetpack_sharing_enabled":true,"jetpack_likes_enabled":true,"_links":{"self":[{"href":"https:\/\/www.aquimicasa.net\/blog\/wp-json\/wp\/v2\/posts\/2075","targetHints":{"allow":["GET"]}}],"collection":[{"href":"https:\/\/www.aquimicasa.net\/blog\/wp-json\/wp\/v2\/posts"}],"about":[{"href":"https:\/\/www.aquimicasa.net\/blog\/wp-json\/wp\/v2\/types\/post"}],"author":[{"embeddable":true,"href":"https:\/\/www.aquimicasa.net\/blog\/wp-json\/wp\/v2\/users\/3"}],"replies":[{"embeddable":true,"href":"https:\/\/www.aquimicasa.net\/blog\/wp-json\/wp\/v2\/comments?post=2075"}],"version-history":[{"count":1,"href":"https:\/\/www.aquimicasa.net\/blog\/wp-json\/wp\/v2\/posts\/2075\/revisions"}],"predecessor-version":[{"id":30453,"href":"https:\/\/www.aquimicasa.net\/blog\/wp-json\/wp\/v2\/posts\/2075\/revisions\/30453"}],"wp:attachment":[{"href":"https:\/\/www.aquimicasa.net\/blog\/wp-json\/wp\/v2\/media?parent=2075"}],"wp:term":[{"taxonomy":"category","embeddable":true,"href":"https:\/\/www.aquimicasa.net\/blog\/wp-json\/wp\/v2\/categories?post=2075"},{"taxonomy":"post_tag","embeddable":true,"href":"https:\/\/www.aquimicasa.net\/blog\/wp-json\/wp\/v2\/tags?post=2075"}],"curies":[{"name":"wp","href":"https:\/\/api.w.org\/{rel}","templated":true}]}}