{"id":20903,"date":"2018-07-05T09:08:02","date_gmt":"2018-07-05T07:08:02","guid":{"rendered":"https:\/\/www.aquimicasa.net\/blog\/?p=20903"},"modified":"2020-04-02T18:29:30","modified_gmt":"2020-04-02T16:29:30","slug":"colau-frente-al-ladrillo","status":"publish","type":"post","link":"https:\/\/www.aquimicasa.net\/blog\/vivienda\/compraventa-de-viviendas\/colau-frente-al-ladrillo\/","title":{"rendered":"Colau de nuevo frente al ladrillo y la especulaci\u00f3n"},"content":{"rendered":"<p>La situaci\u00f3n que viven con la vivienda las grandes ciudades, con el claro ejemplo de <strong>Madrid y Barcelona<\/strong> en primer lugar, est\u00e1 obligando a tomar medidas y r\u00e1pidas. El nuevo Gobierno de S\u00e1nchez ya adelant\u00f3 que reformar\u00e1 de nuevo la <strong>LAU<\/strong>, excesivamente balanceada del lado de los propietarios, para conseguir alquileres m\u00e1s asequibles y de mayor duraci\u00f3n. Es una condici\u00f3n obligada para que los centros de las grandes ciudades no se conviertan en <strong>parque tem\u00e1ticos para el turismo<\/strong>, con alquileres desorbitados y de frecuente rotaci\u00f3n.<\/p>\n<p>Pero la situaci\u00f3n es tan grave que estas medidas pueden no ser suficientes, sobre todo cuando la cifra de vivienda social en nuestro pa\u00eds es rid\u00edcula. Espa\u00f1a dispone de <strong>un 1,5% de vivienda social<\/strong> de todo el parque inmobiliario frente al 11% de media europea. Del total de las viviendas protegidas, el 2,5% son alquileres sociales, a ignominiosa distancia de pa\u00edses de nuestro entorno, como Holanda que tiene un 30%, Reino Unido un 21% o Francia un 17%.<\/p>\n<p>Por ello, y ayudada por una opini\u00f3n p\u00fablica, que de forma mayoritaria estima que<strong> la situaci\u00f3n en Barcelona es muy grave<\/strong>, <strong>Ada Colau<\/strong>, alcaldesa de la Ciudad Condal, ha decidido tomar una medida pol\u00e9mica y que seguro terminar\u00e1 en los tribunales o en nada. Quiere obligar a los promotores de obra nueva residencial o grandes rehabilitaciones de edificios que se realicen en cualquier barrio de Barcelona, a dedicar a vivienda social el 30% de los pisos que se construyan o rehabiliten, sea cual sea el precio del suelo y el barrio.<\/p>\n<p>La norma, que se ha aprobado en el Consistorio, con la abstenci\u00f3n de Ciudadanos y el voto contrario del PP, supondr\u00e1 cambiar el Plan General Metropolitano. La norma tiene todav\u00eda un largo desarrollo por delante y por eso se est\u00e1 produciendo una verdadera tromba de solicitudes de certificado de obra para eludir la imposici\u00f3n.<\/p>\n<p>La pol\u00e9mica medida, ha llegado avalada por una encuesta realizada por el Bar\u00f3metro Semestral del Ayuntamiento, que ha preguntado a los barceloneses por la situaci\u00f3n de la vivienda. Las respuestas obtenidas, de un total de 800 encuestas realizadas, no dejan lugar a dudas. As\u00ed, el 94, 2 de los encuestados estiman que la ciudad tiene un problema de vivienda, consideran el 48, 6% que el problema es muy grave y un 39% que es tan s\u00f3lo grave. Un casi irrelevante 6,6% no lo ve trascendente.<\/p>\n<p>Y en cuanto las soluciones a adoptar, que tambi\u00e9n se les ha preguntado al respecto, m\u00e1s de un 42% proponen bajar o regular los precios de la vivienda , el 28,4% que se incremente la vivienda social, el 16,9% cambios en el marco legislativo, un 14,7% mayor control de los pisos tur\u00edsticos y algo m\u00e1s de un 10% extender el control a los pisos vac\u00edos. Adem\u00e1s, una gran mayor\u00eda superior al 75%, pide que la administraci\u00f3n regule el precio de los alquileres, frente a un 22% que estima no debe ser as\u00ed.<\/p>\n<p>La encuesta ha\u00a0 servido de justificante para el consistorio barcelon\u00e9s, que asegura que el cambio de la<strong> LAU<\/strong> por parte del <strong>Gobierno de Madrid<\/strong> se queda corto y que hacen falta pol\u00edticas m\u00e1s\u00a0 agresivas con la situaci\u00f3n especulativa que se est\u00e1 sufriendo, como la de obligar a los promotores a destinar un 30% de lo que se construya o rehabilite a vivienda social.<\/p>\n<p>La comisi\u00f3n municipal de Urbanismo ha logrado el apoyo de los partidos necesarios para sacar adelante su propuesta, a cambio de renunciar a suspender las licencias y a que la nueva normativa no se aplique de forma inmediata, sino que deba pasar por el pleno del Ayuntamiento en oto\u00f1o y por la Comisi\u00f3n de Urbanismo de la Generalitat a continuaci\u00f3n. De ah\u00ed, las carreras de los promotores entregando solicitudes. Tanto el PDeCat como el PP, que para esto no se han repugnado y han votado juntos, acusan al consistorio de no haber sabido solucionar el problema de la vivienda y pasar la responsabilidad a la iniciativa privada.<\/p>\n<p>Y en el lado contrario, la <strong>Asociaci\u00f3n de Promotores de Catalu\u00f1a<\/strong> ha puesto el ladrillo en el cielo, amenazando de paso con toda una bater\u00eda de denuncias ya que, a su juicio, esta medida adem\u00e1s de electoralista es ilegal, por ir contra la Ley de Urbanismo Catalana y la Ley del Suelo espa\u00f1ola. Para los promotores, las p\u00e9rdidas, si no venden todos los pisos a precio libre, est\u00e1n garantizadas \u00a0\u00a0y ello aunque el ayuntamiento ha explicado que la medida no se aplicar\u00e1 a los promotores que tengan ya suelo comprado\u00a0 con anterioridad al 1 de enero. Y los que hayan comprado el suelo estos primeros seis meses del a\u00f1o, deber\u00e1n destinar a vivienda social tan s\u00f3lo el 20% de lo que se construya, que ser\u00e1 menos de lo previsto, aseguran los<strong> promotores<\/strong>, y por lo tanto la medida no causar\u00e1 el efecto buscado, que, seg\u00fan declaraciones de Colau, conseguir\u00eda unos 300 pisos sociales al a\u00f1o.<\/p>\n<p><strong>Colau<\/strong> ha acusado a la especulaci\u00f3n reinante estos \u00faltimos a\u00f1os de haber llevado la situaci\u00f3n a un l\u00edmite que obliga a tomar decisiones r\u00e1pidas y extremas. Las\u00a0 decisiones del ayuntamiento est\u00e1n apoyadas por\u00a0 la <strong>Federaci\u00f3n de Asociaciones de Vecinos<\/strong>, el Sindicato de Inquilinos, el<strong> Observatorio DESC<\/strong> y la propia<strong> PAH<\/strong> y son legales, aseguran, ya que figuran en la Ley del derecho a la Vivienda de 2007.<\/p>\n<p>Todo comenz\u00f3, cuando en febrero de este a\u00f1o el ayuntamiento apoy\u00f3 una moci\u00f3n de entidades\u00a0 ciudadanas que preve\u00eda f\u00f3rmulas para ampliar el parque p\u00fablico de viviendas, aprovechando para ello normativas vigentes y no utilizadas. Y en su primer punto figuraba el aprovechamiento de leyes auton\u00f3micas\u00a0 junto con el derecho a la vivienda contemplado en la Constituci\u00f3n, para obligar a los promotores a destinar el 30% de los pisos que se construyan o rehabiliten a vivienda social, con lo que se conseguir\u00e1n en todos los barrios y no \u00fanicamente en los nuevos planeamientos urban\u00edsticos.<\/p>\n<p>Tambi\u00e9n se ha declarado toda la ciudad de de <strong>Barcelona<\/strong> \u00e1rea de tanteo y retracto, para que el ayuntamiento tenga derecho de compra preferente en las transacciones inmobiliarias. As\u00ed el consistorio podr\u00e1 adquirir los pisos sociales que hagan a la fuerza los promotores y que no quieran destinar al alquiler. Una f\u00f3rmula para no perderlos cuando acaben los 20 a\u00f1os de protecci\u00f3n.<\/p>\n<p>La medida del <strong>ayuntamiento de Barcelona<\/strong> es pol\u00e9mica y traer\u00e1 cola, sobre todo porque los promotores saben que tienen que hacerle frente antes de que se extienda por otras ciudades y municipios afectados por la locura especulativa de la vivienda y con gobiernos progresistas, con <strong>Madrid<\/strong> a la cabeza. Pero si en la anterior ocasi\u00f3n fueron los bancos los principales adversarios de este movimiento social, \u00a0ahora la situaci\u00f3n ha cambiado. Los fondos oportunistas que llegaron, atra\u00eddos por los beneficios, se han hecho con el inmobiliario que ten\u00edan las instituciones financieras y, adem\u00e1s, han invertido comprando constructoras, promotoras y suelo. La acci\u00f3n emprendida por Barcelona choca con su planteamiento empresarial de obtenci\u00f3n r\u00e1pida de grandes beneficios y no se van a dejar. Lo de <strong>Colau de nuevo frente al ladrillo<\/strong> <strong>y la especulaci\u00f3n<\/strong>, en un entorno pol\u00edtico desfavorable, con S\u00e1nchez en el Gobierno, no entraba en sus planteamientos. Veremos qu\u00e9 sucede porque la acci\u00f3n no acaba m\u00e1s que de comenzar.<\/p>\n<p>&nbsp;<\/p>\n<p><img decoding=\"async\" class=\"alignnone size-thumbnail wp-image-19694\" src=\"https:\/\/www.aquimicasa.net\/blog\/wp-content\/uploads\/8fa465d5-826e-469d-9120-c066626ddd9d-1-150x112.jpg\" alt=\"\" width=\"150\" height=\"112\" srcset=\"https:\/\/www.aquimicasa.net\/blog\/wp-content\/uploads\/8fa465d5-826e-469d-9120-c066626ddd9d-1-150x112.jpg 150w, https:\/\/www.aquimicasa.net\/blog\/wp-content\/uploads\/8fa465d5-826e-469d-9120-c066626ddd9d-1-300x224.jpg 300w, https:\/\/www.aquimicasa.net\/blog\/wp-content\/uploads\/8fa465d5-826e-469d-9120-c066626ddd9d-1.jpg 639w\" sizes=\"(max-width: 150px) 100vw, 150px\" \/><\/p>\n<p>Eduardo Lizarraga<\/p>\n<p>WWW.AQUIMICASA.NET<\/p>\n","protected":false},"excerpt":{"rendered":"<p>La situaci\u00f3n que viven con la vivienda las grandes ciudades, con el claro ejemplo de Madrid y Barcelona en primer lugar, est\u00e1 obligando a tomar medidas y r\u00e1pidas. El nuevo Gobierno de S\u00e1nchez ya adelant\u00f3 que reformar\u00e1 de nuevo la LAU, excesivamente balanceada del lado de los propietarios, para conseguir alquileres m\u00e1s asequibles y de mayor duraci\u00f3n. Es una condici\u00f3n obligada para que los centros de las grandes ciudades no se conviertan en parque tem\u00e1ticos para el turismo, con alquileres desorbitados y de frecuente rotaci\u00f3n.<\/p>\n","protected":false},"author":3,"featured_media":20920,"comment_status":"open","ping_status":"open","sticky":false,"template":"","format":"standard","meta":{"_jetpack_memberships_contains_paid_content":false,"footnotes":"","jetpack_publicize_message":"","jetpack_publicize_feature_enabled":true,"jetpack_social_post_already_shared":true,"jetpack_social_options":{"image_generator_settings":{"template":"highway","default_image_id":0,"font":"","enabled":false},"version":2}},"categories":[5461,100,7565,3249,489],"tags":[532,3317],"class_list":["post-20903","post","type-post","status-publish","format-standard","has-post-thumbnail","hentry","category-ayuntamientos","category-compraventa-de-viviendas","category-noticias-mercado-inmobiliario","category-opinion","category-partidos","tag-fondos-oportunistas","tag-pdecat"],"yoast_head":"<!-- This site is optimized with the Yoast SEO plugin v27.5 - https:\/\/yoast.com\/product\/yoast-seo-wordpress\/ -->\n<title>Colau de nuevo frente al ladrillo y la especulaci\u00f3n<\/title>\n<meta name=\"description\" content=\"La situaci\u00f3n que viven con la vivienda las grandes ciudades, con el claro ejemplo de Madrid y Barcelona en primer lugar, est\u00e1 obligando a tomar medidas y r\u00e1pidas. El nuevo Gobierno de S\u00e1nchez ya adelant\u00f3 que reformar\u00e1 de nuevo la LAU, excesivamente balanceada del lado de los propietarios.\" \/>\n<meta name=\"robots\" content=\"index, follow, max-snippet:-1, max-image-preview:large, max-video-preview:-1\" \/>\n<link rel=\"canonical\" href=\"https:\/\/www.aquimicasa.net\/blog\/vivienda\/compraventa-de-viviendas\/colau-frente-al-ladrillo\/\" \/>\n<meta property=\"og:locale\" content=\"es_ES\" \/>\n<meta property=\"og:type\" content=\"article\" \/>\n<meta property=\"og:title\" content=\"Colau de nuevo frente al ladrillo y la especulaci\u00f3n\" \/>\n<meta property=\"og:description\" content=\"La situaci\u00f3n que viven con la vivienda las grandes ciudades, con el claro ejemplo de Madrid y Barcelona en primer lugar, est\u00e1 obligando a tomar medidas y r\u00e1pidas. El nuevo Gobierno de S\u00e1nchez ya adelant\u00f3 que reformar\u00e1 de nuevo la LAU, excesivamente balanceada del lado de los propietarios.\" \/>\n<meta property=\"og:url\" content=\"https:\/\/www.aquimicasa.net\/blog\/vivienda\/compraventa-de-viviendas\/colau-frente-al-ladrillo\/\" \/>\n<meta property=\"og:site_name\" content=\"Blog de aquimicasa.net\" \/>\n<meta property=\"article:publisher\" content=\"https:\/\/www.facebook.com\/aquimicasa.net\" \/>\n<meta property=\"article:published_time\" content=\"2018-07-05T07:08:02+00:00\" \/>\n<meta property=\"article:modified_time\" content=\"2020-04-02T16:29:30+00:00\" \/>\n<meta property=\"og:image\" content=\"https:\/\/www.aquimicasa.net\/blog\/wp-content\/uploads\/Colau5-e1530773966289.jpg\" \/>\n\t<meta property=\"og:image:width\" content=\"280\" \/>\n\t<meta property=\"og:image:height\" content=\"210\" \/>\n\t<meta property=\"og:image:type\" content=\"image\/jpeg\" \/>\n<meta name=\"author\" content=\"Eduardo Lizarraga\" \/>\n<meta name=\"twitter:label1\" content=\"Escrito por\" \/>\n\t<meta name=\"twitter:data1\" content=\"Eduardo Lizarraga\" \/>\n\t<meta name=\"twitter:label2\" content=\"Tiempo de lectura\" \/>\n\t<meta name=\"twitter:data2\" content=\"6 minutos\" \/>\n<script type=\"application\/ld+json\" class=\"yoast-schema-graph\">{\"@context\":\"https:\\\/\\\/schema.org\",\"@graph\":[{\"@type\":\"Article\",\"@id\":\"https:\\\/\\\/www.aquimicasa.net\\\/blog\\\/vivienda\\\/compraventa-de-viviendas\\\/colau-frente-al-ladrillo\\\/#article\",\"isPartOf\":{\"@id\":\"https:\\\/\\\/www.aquimicasa.net\\\/blog\\\/vivienda\\\/compraventa-de-viviendas\\\/colau-frente-al-ladrillo\\\/\"},\"author\":{\"name\":\"Eduardo Lizarraga\",\"@id\":\"https:\\\/\\\/www.aquimicasa.net\\\/blog\\\/#\\\/schema\\\/person\\\/2cdfa2605534583395c8d7ce1d6cac14\"},\"headline\":\"Colau de nuevo frente al ladrillo y la especulaci\u00f3n\",\"datePublished\":\"2018-07-05T07:08:02+00:00\",\"dateModified\":\"2020-04-02T16:29:30+00:00\",\"mainEntityOfPage\":{\"@id\":\"https:\\\/\\\/www.aquimicasa.net\\\/blog\\\/vivienda\\\/compraventa-de-viviendas\\\/colau-frente-al-ladrillo\\\/\"},\"wordCount\":1265,\"commentCount\":1,\"publisher\":{\"@id\":\"https:\\\/\\\/www.aquimicasa.net\\\/blog\\\/#organization\"},\"image\":{\"@id\":\"https:\\\/\\\/www.aquimicasa.net\\\/blog\\\/vivienda\\\/compraventa-de-viviendas\\\/colau-frente-al-ladrillo\\\/#primaryimage\"},\"thumbnailUrl\":\"https:\\\/\\\/www.aquimicasa.net\\\/blog\\\/wp-content\\\/uploads\\\/Colau5-e1530773966289.jpg\",\"keywords\":[\"Fondos oportunistas\",\"PDECat\"],\"articleSection\":[\"Ayuntamientos\",\"Compra Venta\",\"Noticias Mercado Inmobiliario\",\"Opini\u00f3n\",\"Partidos\"],\"inLanguage\":\"es\",\"potentialAction\":[{\"@type\":\"CommentAction\",\"name\":\"Comment\",\"target\":[\"https:\\\/\\\/www.aquimicasa.net\\\/blog\\\/vivienda\\\/compraventa-de-viviendas\\\/colau-frente-al-ladrillo\\\/#respond\"]}]},{\"@type\":\"WebPage\",\"@id\":\"https:\\\/\\\/www.aquimicasa.net\\\/blog\\\/vivienda\\\/compraventa-de-viviendas\\\/colau-frente-al-ladrillo\\\/\",\"url\":\"https:\\\/\\\/www.aquimicasa.net\\\/blog\\\/vivienda\\\/compraventa-de-viviendas\\\/colau-frente-al-ladrillo\\\/\",\"name\":\"Colau de nuevo frente al ladrillo y la especulaci\u00f3n\",\"isPartOf\":{\"@id\":\"https:\\\/\\\/www.aquimicasa.net\\\/blog\\\/#website\"},\"primaryImageOfPage\":{\"@id\":\"https:\\\/\\\/www.aquimicasa.net\\\/blog\\\/vivienda\\\/compraventa-de-viviendas\\\/colau-frente-al-ladrillo\\\/#primaryimage\"},\"image\":{\"@id\":\"https:\\\/\\\/www.aquimicasa.net\\\/blog\\\/vivienda\\\/compraventa-de-viviendas\\\/colau-frente-al-ladrillo\\\/#primaryimage\"},\"thumbnailUrl\":\"https:\\\/\\\/www.aquimicasa.net\\\/blog\\\/wp-content\\\/uploads\\\/Colau5-e1530773966289.jpg\",\"datePublished\":\"2018-07-05T07:08:02+00:00\",\"dateModified\":\"2020-04-02T16:29:30+00:00\",\"description\":\"La situaci\u00f3n que viven con la vivienda las grandes ciudades, con el claro ejemplo de Madrid y Barcelona en primer lugar, est\u00e1 obligando a tomar medidas y r\u00e1pidas. El nuevo Gobierno de S\u00e1nchez ya adelant\u00f3 que reformar\u00e1 de nuevo la LAU, excesivamente balanceada del lado de los propietarios.\",\"breadcrumb\":{\"@id\":\"https:\\\/\\\/www.aquimicasa.net\\\/blog\\\/vivienda\\\/compraventa-de-viviendas\\\/colau-frente-al-ladrillo\\\/#breadcrumb\"},\"inLanguage\":\"es\",\"potentialAction\":[{\"@type\":\"ReadAction\",\"target\":[\"https:\\\/\\\/www.aquimicasa.net\\\/blog\\\/vivienda\\\/compraventa-de-viviendas\\\/colau-frente-al-ladrillo\\\/\"]}]},{\"@type\":\"ImageObject\",\"inLanguage\":\"es\",\"@id\":\"https:\\\/\\\/www.aquimicasa.net\\\/blog\\\/vivienda\\\/compraventa-de-viviendas\\\/colau-frente-al-ladrillo\\\/#primaryimage\",\"url\":\"https:\\\/\\\/www.aquimicasa.net\\\/blog\\\/wp-content\\\/uploads\\\/Colau5-e1530773966289.jpg\",\"contentUrl\":\"https:\\\/\\\/www.aquimicasa.net\\\/blog\\\/wp-content\\\/uploads\\\/Colau5-e1530773966289.jpg\",\"width\":280,\"height\":210},{\"@type\":\"BreadcrumbList\",\"@id\":\"https:\\\/\\\/www.aquimicasa.net\\\/blog\\\/vivienda\\\/compraventa-de-viviendas\\\/colau-frente-al-ladrillo\\\/#breadcrumb\",\"itemListElement\":[{\"@type\":\"ListItem\",\"position\":1,\"name\":\"Portada\",\"item\":\"https:\\\/\\\/www.aquimicasa.net\\\/blog\\\/\"},{\"@type\":\"ListItem\",\"position\":2,\"name\":\"Colau de nuevo frente al ladrillo y la especulaci\u00f3n\"}]},{\"@type\":\"WebSite\",\"@id\":\"https:\\\/\\\/www.aquimicasa.net\\\/blog\\\/#website\",\"url\":\"https:\\\/\\\/www.aquimicasa.net\\\/blog\\\/\",\"name\":\"Blog de aquimicasa.net\",\"description\":\"Noticias del Mundo Inmobiliario\",\"publisher\":{\"@id\":\"https:\\\/\\\/www.aquimicasa.net\\\/blog\\\/#organization\"},\"potentialAction\":[{\"@type\":\"SearchAction\",\"target\":{\"@type\":\"EntryPoint\",\"urlTemplate\":\"https:\\\/\\\/www.aquimicasa.net\\\/blog\\\/?s={search_term_string}\"},\"query-input\":{\"@type\":\"PropertyValueSpecification\",\"valueRequired\":true,\"valueName\":\"search_term_string\"}}],\"inLanguage\":\"es\"},{\"@type\":\"Organization\",\"@id\":\"https:\\\/\\\/www.aquimicasa.net\\\/blog\\\/#organization\",\"name\":\"Blog de aquimicasa.net\",\"url\":\"https:\\\/\\\/www.aquimicasa.net\\\/blog\\\/\",\"logo\":{\"@type\":\"ImageObject\",\"inLanguage\":\"es\",\"@id\":\"https:\\\/\\\/www.aquimicasa.net\\\/blog\\\/#\\\/schema\\\/logo\\\/image\\\/\",\"url\":\"https:\\\/\\\/www.aquimicasa.net\\\/blog\\\/wp-content\\\/uploads\\\/Logo-aquimicasa-1-e1528048213782.png\",\"contentUrl\":\"https:\\\/\\\/www.aquimicasa.net\\\/blog\\\/wp-content\\\/uploads\\\/Logo-aquimicasa-1-e1528048213782.png\",\"width\":225,\"height\":225,\"caption\":\"Blog de aquimicasa.net\"},\"image\":{\"@id\":\"https:\\\/\\\/www.aquimicasa.net\\\/blog\\\/#\\\/schema\\\/logo\\\/image\\\/\"},\"sameAs\":[\"https:\\\/\\\/www.facebook.com\\\/aquimicasa.net\",\"https:\\\/\\\/www.instagram.com\\\/\",\"https:\\\/\\\/x.com\\\/EduLizarragaD\",\"https:\\\/\\\/www.linkedin.com\\\/feed\\\/\"]},{\"@type\":\"Person\",\"@id\":\"https:\\\/\\\/www.aquimicasa.net\\\/blog\\\/#\\\/schema\\\/person\\\/2cdfa2605534583395c8d7ce1d6cac14\",\"name\":\"Eduardo Lizarraga\",\"image\":{\"@type\":\"ImageObject\",\"inLanguage\":\"es\",\"@id\":\"https:\\\/\\\/secure.gravatar.com\\\/avatar\\\/bdabe1eeeed97b65a9cb7de2edd624b07995f7e13abc5fead15961f745f908cc?s=96&d=mm&r=g\",\"url\":\"https:\\\/\\\/secure.gravatar.com\\\/avatar\\\/bdabe1eeeed97b65a9cb7de2edd624b07995f7e13abc5fead15961f745f908cc?s=96&d=mm&r=g\",\"contentUrl\":\"https:\\\/\\\/secure.gravatar.com\\\/avatar\\\/bdabe1eeeed97b65a9cb7de2edd624b07995f7e13abc5fead15961f745f908cc?s=96&d=mm&r=g\",\"caption\":\"Eduardo Lizarraga\"},\"description\":\"Periodista Econ\u00f3mico. Ha trabajado en diversos campos de la informaci\u00f3n. Corresponsal en conflictos, analista pol\u00edtico en Congreso y Senado, periodista del medio ambiente, editor, director editorial, director de comunicaci\u00f3n.... En estos momentos se ha especializado en el sector inmobiliario. Pero tambi\u00e9n es navegante y viajero, preocupado por la pobreza, el medio ambiente y por las actuaciones descontroladas del neoliberalismo empresarial y pol\u00edtico en todo el mundo. Los desahucios, la pobreza infantil y la falta de acceso a los suministros b\u00e1sicos son algunos de los grandes dramas de nuestra sociedad y que es preciso solucionar para hacerla m\u00e1s justa. CEO en www.aquimicasa.net\",\"sameAs\":[\"https:\\\/\\\/www.aquimicasa.net\\\/\"],\"url\":\"https:\\\/\\\/www.aquimicasa.net\\\/blog\\\/author\\\/eduardo\\\/\"}]}<\/script>\n<!-- \/ Yoast SEO plugin. -->","yoast_head_json":{"title":"Colau de nuevo frente al ladrillo y la especulaci\u00f3n","description":"La situaci\u00f3n que viven con la vivienda las grandes ciudades, con el claro ejemplo de Madrid y Barcelona en primer lugar, est\u00e1 obligando a tomar medidas y r\u00e1pidas. El nuevo Gobierno de S\u00e1nchez ya adelant\u00f3 que reformar\u00e1 de nuevo la LAU, excesivamente balanceada del lado de los propietarios.","robots":{"index":"index","follow":"follow","max-snippet":"max-snippet:-1","max-image-preview":"max-image-preview:large","max-video-preview":"max-video-preview:-1"},"canonical":"https:\/\/www.aquimicasa.net\/blog\/vivienda\/compraventa-de-viviendas\/colau-frente-al-ladrillo\/","og_locale":"es_ES","og_type":"article","og_title":"Colau de nuevo frente al ladrillo y la especulaci\u00f3n","og_description":"La situaci\u00f3n que viven con la vivienda las grandes ciudades, con el claro ejemplo de Madrid y Barcelona en primer lugar, est\u00e1 obligando a tomar medidas y r\u00e1pidas. El nuevo Gobierno de S\u00e1nchez ya adelant\u00f3 que reformar\u00e1 de nuevo la LAU, excesivamente balanceada del lado de los propietarios.","og_url":"https:\/\/www.aquimicasa.net\/blog\/vivienda\/compraventa-de-viviendas\/colau-frente-al-ladrillo\/","og_site_name":"Blog de aquimicasa.net","article_publisher":"https:\/\/www.facebook.com\/aquimicasa.net","article_published_time":"2018-07-05T07:08:02+00:00","article_modified_time":"2020-04-02T16:29:30+00:00","og_image":[{"width":280,"height":210,"url":"https:\/\/www.aquimicasa.net\/blog\/wp-content\/uploads\/Colau5-e1530773966289.jpg","type":"image\/jpeg"}],"author":"Eduardo Lizarraga","twitter_misc":{"Escrito por":"Eduardo Lizarraga","Tiempo de lectura":"6 minutos"},"schema":{"@context":"https:\/\/schema.org","@graph":[{"@type":"Article","@id":"https:\/\/www.aquimicasa.net\/blog\/vivienda\/compraventa-de-viviendas\/colau-frente-al-ladrillo\/#article","isPartOf":{"@id":"https:\/\/www.aquimicasa.net\/blog\/vivienda\/compraventa-de-viviendas\/colau-frente-al-ladrillo\/"},"author":{"name":"Eduardo Lizarraga","@id":"https:\/\/www.aquimicasa.net\/blog\/#\/schema\/person\/2cdfa2605534583395c8d7ce1d6cac14"},"headline":"Colau de nuevo frente al ladrillo y la especulaci\u00f3n","datePublished":"2018-07-05T07:08:02+00:00","dateModified":"2020-04-02T16:29:30+00:00","mainEntityOfPage":{"@id":"https:\/\/www.aquimicasa.net\/blog\/vivienda\/compraventa-de-viviendas\/colau-frente-al-ladrillo\/"},"wordCount":1265,"commentCount":1,"publisher":{"@id":"https:\/\/www.aquimicasa.net\/blog\/#organization"},"image":{"@id":"https:\/\/www.aquimicasa.net\/blog\/vivienda\/compraventa-de-viviendas\/colau-frente-al-ladrillo\/#primaryimage"},"thumbnailUrl":"https:\/\/www.aquimicasa.net\/blog\/wp-content\/uploads\/Colau5-e1530773966289.jpg","keywords":["Fondos oportunistas","PDECat"],"articleSection":["Ayuntamientos","Compra Venta","Noticias Mercado Inmobiliario","Opini\u00f3n","Partidos"],"inLanguage":"es","potentialAction":[{"@type":"CommentAction","name":"Comment","target":["https:\/\/www.aquimicasa.net\/blog\/vivienda\/compraventa-de-viviendas\/colau-frente-al-ladrillo\/#respond"]}]},{"@type":"WebPage","@id":"https:\/\/www.aquimicasa.net\/blog\/vivienda\/compraventa-de-viviendas\/colau-frente-al-ladrillo\/","url":"https:\/\/www.aquimicasa.net\/blog\/vivienda\/compraventa-de-viviendas\/colau-frente-al-ladrillo\/","name":"Colau de nuevo frente al ladrillo y la especulaci\u00f3n","isPartOf":{"@id":"https:\/\/www.aquimicasa.net\/blog\/#website"},"primaryImageOfPage":{"@id":"https:\/\/www.aquimicasa.net\/blog\/vivienda\/compraventa-de-viviendas\/colau-frente-al-ladrillo\/#primaryimage"},"image":{"@id":"https:\/\/www.aquimicasa.net\/blog\/vivienda\/compraventa-de-viviendas\/colau-frente-al-ladrillo\/#primaryimage"},"thumbnailUrl":"https:\/\/www.aquimicasa.net\/blog\/wp-content\/uploads\/Colau5-e1530773966289.jpg","datePublished":"2018-07-05T07:08:02+00:00","dateModified":"2020-04-02T16:29:30+00:00","description":"La situaci\u00f3n que viven con la vivienda las grandes ciudades, con el claro ejemplo de Madrid y Barcelona en primer lugar, est\u00e1 obligando a tomar medidas y r\u00e1pidas. El nuevo Gobierno de S\u00e1nchez ya adelant\u00f3 que reformar\u00e1 de nuevo la LAU, excesivamente balanceada del lado de los propietarios.","breadcrumb":{"@id":"https:\/\/www.aquimicasa.net\/blog\/vivienda\/compraventa-de-viviendas\/colau-frente-al-ladrillo\/#breadcrumb"},"inLanguage":"es","potentialAction":[{"@type":"ReadAction","target":["https:\/\/www.aquimicasa.net\/blog\/vivienda\/compraventa-de-viviendas\/colau-frente-al-ladrillo\/"]}]},{"@type":"ImageObject","inLanguage":"es","@id":"https:\/\/www.aquimicasa.net\/blog\/vivienda\/compraventa-de-viviendas\/colau-frente-al-ladrillo\/#primaryimage","url":"https:\/\/www.aquimicasa.net\/blog\/wp-content\/uploads\/Colau5-e1530773966289.jpg","contentUrl":"https:\/\/www.aquimicasa.net\/blog\/wp-content\/uploads\/Colau5-e1530773966289.jpg","width":280,"height":210},{"@type":"BreadcrumbList","@id":"https:\/\/www.aquimicasa.net\/blog\/vivienda\/compraventa-de-viviendas\/colau-frente-al-ladrillo\/#breadcrumb","itemListElement":[{"@type":"ListItem","position":1,"name":"Portada","item":"https:\/\/www.aquimicasa.net\/blog\/"},{"@type":"ListItem","position":2,"name":"Colau de nuevo frente al ladrillo y la especulaci\u00f3n"}]},{"@type":"WebSite","@id":"https:\/\/www.aquimicasa.net\/blog\/#website","url":"https:\/\/www.aquimicasa.net\/blog\/","name":"Blog de aquimicasa.net","description":"Noticias del Mundo Inmobiliario","publisher":{"@id":"https:\/\/www.aquimicasa.net\/blog\/#organization"},"potentialAction":[{"@type":"SearchAction","target":{"@type":"EntryPoint","urlTemplate":"https:\/\/www.aquimicasa.net\/blog\/?s={search_term_string}"},"query-input":{"@type":"PropertyValueSpecification","valueRequired":true,"valueName":"search_term_string"}}],"inLanguage":"es"},{"@type":"Organization","@id":"https:\/\/www.aquimicasa.net\/blog\/#organization","name":"Blog de aquimicasa.net","url":"https:\/\/www.aquimicasa.net\/blog\/","logo":{"@type":"ImageObject","inLanguage":"es","@id":"https:\/\/www.aquimicasa.net\/blog\/#\/schema\/logo\/image\/","url":"https:\/\/www.aquimicasa.net\/blog\/wp-content\/uploads\/Logo-aquimicasa-1-e1528048213782.png","contentUrl":"https:\/\/www.aquimicasa.net\/blog\/wp-content\/uploads\/Logo-aquimicasa-1-e1528048213782.png","width":225,"height":225,"caption":"Blog de aquimicasa.net"},"image":{"@id":"https:\/\/www.aquimicasa.net\/blog\/#\/schema\/logo\/image\/"},"sameAs":["https:\/\/www.facebook.com\/aquimicasa.net","https:\/\/www.instagram.com\/","https:\/\/x.com\/EduLizarragaD","https:\/\/www.linkedin.com\/feed\/"]},{"@type":"Person","@id":"https:\/\/www.aquimicasa.net\/blog\/#\/schema\/person\/2cdfa2605534583395c8d7ce1d6cac14","name":"Eduardo Lizarraga","image":{"@type":"ImageObject","inLanguage":"es","@id":"https:\/\/secure.gravatar.com\/avatar\/bdabe1eeeed97b65a9cb7de2edd624b07995f7e13abc5fead15961f745f908cc?s=96&d=mm&r=g","url":"https:\/\/secure.gravatar.com\/avatar\/bdabe1eeeed97b65a9cb7de2edd624b07995f7e13abc5fead15961f745f908cc?s=96&d=mm&r=g","contentUrl":"https:\/\/secure.gravatar.com\/avatar\/bdabe1eeeed97b65a9cb7de2edd624b07995f7e13abc5fead15961f745f908cc?s=96&d=mm&r=g","caption":"Eduardo Lizarraga"},"description":"Periodista Econ\u00f3mico. Ha trabajado en diversos campos de la informaci\u00f3n. Corresponsal en conflictos, analista pol\u00edtico en Congreso y Senado, periodista del medio ambiente, editor, director editorial, director de comunicaci\u00f3n.... En estos momentos se ha especializado en el sector inmobiliario. Pero tambi\u00e9n es navegante y viajero, preocupado por la pobreza, el medio ambiente y por las actuaciones descontroladas del neoliberalismo empresarial y pol\u00edtico en todo el mundo. Los desahucios, la pobreza infantil y la falta de acceso a los suministros b\u00e1sicos son algunos de los grandes dramas de nuestra sociedad y que es preciso solucionar para hacerla m\u00e1s justa. CEO en www.aquimicasa.net","sameAs":["https:\/\/www.aquimicasa.net\/"],"url":"https:\/\/www.aquimicasa.net\/blog\/author\/eduardo\/"}]}},"jetpack_publicize_connections":[],"jetpack_featured_media_url":"https:\/\/www.aquimicasa.net\/blog\/wp-content\/uploads\/Colau5-e1530773966289.jpg","jetpack_sharing_enabled":true,"jetpack_likes_enabled":true,"_links":{"self":[{"href":"https:\/\/www.aquimicasa.net\/blog\/wp-json\/wp\/v2\/posts\/20903","targetHints":{"allow":["GET"]}}],"collection":[{"href":"https:\/\/www.aquimicasa.net\/blog\/wp-json\/wp\/v2\/posts"}],"about":[{"href":"https:\/\/www.aquimicasa.net\/blog\/wp-json\/wp\/v2\/types\/post"}],"author":[{"embeddable":true,"href":"https:\/\/www.aquimicasa.net\/blog\/wp-json\/wp\/v2\/users\/3"}],"replies":[{"embeddable":true,"href":"https:\/\/www.aquimicasa.net\/blog\/wp-json\/wp\/v2\/comments?post=20903"}],"version-history":[{"count":5,"href":"https:\/\/www.aquimicasa.net\/blog\/wp-json\/wp\/v2\/posts\/20903\/revisions"}],"predecessor-version":[{"id":20923,"href":"https:\/\/www.aquimicasa.net\/blog\/wp-json\/wp\/v2\/posts\/20903\/revisions\/20923"}],"wp:featuredmedia":[{"embeddable":true,"href":"https:\/\/www.aquimicasa.net\/blog\/wp-json\/wp\/v2\/media\/20920"}],"wp:attachment":[{"href":"https:\/\/www.aquimicasa.net\/blog\/wp-json\/wp\/v2\/media?parent=20903"}],"wp:term":[{"taxonomy":"category","embeddable":true,"href":"https:\/\/www.aquimicasa.net\/blog\/wp-json\/wp\/v2\/categories?post=20903"},{"taxonomy":"post_tag","embeddable":true,"href":"https:\/\/www.aquimicasa.net\/blog\/wp-json\/wp\/v2\/tags?post=20903"}],"curies":[{"name":"wp","href":"https:\/\/api.w.org\/{rel}","templated":true}]}}