{"id":20978,"date":"2018-07-08T23:44:49","date_gmt":"2018-07-08T21:44:49","guid":{"rendered":"https:\/\/www.aquimicasa.net\/blog\/?p=20978"},"modified":"2020-04-02T18:54:37","modified_gmt":"2020-04-02T16:54:37","slug":"boletin-inmobiliario-167-colau-de-nuevo-frente-al-ladrillo-y-la-especulacion","status":"publish","type":"post","link":"https:\/\/www.aquimicasa.net\/blog\/boletines\/boletin-inmobiliario-167-colau-de-nuevo-frente-al-ladrillo-y-la-especulacion\/","title":{"rendered":"Bolet\u00edn Inmobiliario 167 \u00bb Colau de nuevo frente al ladrillo y la especulaci\u00f3n\u00bb"},"content":{"rendered":"<ul>\n<li><img decoding=\"async\" class=\"alignnone size-thumbnail wp-image-15954\" src=\"https:\/\/www.aquimicasa.net\/blog\/wp-content\/uploads\/AQUIMICASA-NUEVA-1-150x100.jpg\" alt=\"\" width=\"150\" height=\"100\" \/>\u00a0<a href=\"http:\/\/aquimicasa.mailrelay-v.es\/campaign\/2408571\/183.html?t=555940435a0507595144065e540906665c050601040d52075c5b0a03045257565044180d0602510644515100\"  rel=\"nofollow noopener\">BOLET\u00cdN COMPLETO<\/a><\/li>\n<\/ul>\n<p>&nbsp;<\/p>\n<ul>\n<li><img decoding=\"async\" class=\"alignnone size-thumbnail wp-image-20920\" src=\"https:\/\/www.aquimicasa.net\/blog\/wp-content\/uploads\/Colau5-150x113.jpg\" alt=\"\" width=\"150\" height=\"113\" \/>\u00a0Opini\u00f3n, por Eduardo Lizarraga \u00ab<a href=\"https:\/\/www.aquimicasa.net\/blog\/ada-colau\/colau-frente-al-ladrillo\">Colau de nuevo frente al ladrillo y la especulaci\u00f3n<\/a>\u00ab<\/li>\n<\/ul>\n<p>&nbsp;<\/p>\n<ul>\n<li><img decoding=\"async\" class=\"alignnone size-thumbnail wp-image-14150\" src=\"https:\/\/www.aquimicasa.net\/blog\/wp-content\/uploads\/justicia_dinero-150x100.jpg\" alt=\"\" width=\"150\" height=\"100\" \/>\u00a0<a href=\"https:\/\/www.aquimicasa.net\/blog\/activos-inmobiliarios\/a-vuelta-con-el-pago-del-impuesto-de-actos-juridicos-documentados\">A vueltas con el impuesto de Actos Jur\u00eddicos Documentados<\/a><\/li>\n<\/ul>\n<p>&nbsp;<\/p>\n<ul>\n<li><img decoding=\"async\" class=\"alignnone size-thumbnail wp-image-17576\" src=\"https:\/\/www.aquimicasa.net\/blog\/wp-content\/uploads\/susto-150x83.jpg\" alt=\"\" width=\"150\" height=\"83\" \/>\u00a0<a href=\"https:\/\/www.aquimicasa.net\/blog\/activos-inmobiliarios\/sube-la-vivienda-un-66\">La vivienda se encarece un 6,6% interanual en el segundo trimestre<\/a><\/li>\n<\/ul>\n<p>&nbsp;<\/p>\n<ul>\n<li><img decoding=\"async\" class=\"alignnone size-thumbnail wp-image-20321\" src=\"https:\/\/www.aquimicasa.net\/blog\/wp-content\/uploads\/Buscadores-150x76.jpg\" alt=\"\" width=\"150\" height=\"76\" \/>\u00a0<a href=\"https:\/\/www.aquimicasa.net\/blog\/vivienda\/posicionamiento-seo\">Posicionamiento SEM y SEO para agencias inmobiliarias<\/a>.<\/li>\n<\/ul>\n<p>&nbsp;<\/p>\n<ul>\n<li><img decoding=\"async\" class=\"alignnone size-thumbnail wp-image-20981\" src=\"https:\/\/www.aquimicasa.net\/blog\/wp-content\/uploads\/logo-sociedad-de-tasaci\u00f3n-150x77.jpg\" alt=\"\" width=\"150\" height=\"77\" \/>\u00a0<a href=\"https:\/\/www.aquimicasa.net\/blog\/activos-inmobiliarios\/sociedad-de-tasacion-actualiza-el-censo-de-vivienda-2018\">Sociedad de Tasaci\u00f3n actualiza el censo de vivienda nueva 2018<\/a><\/li>\n<\/ul>\n<p>&nbsp;<\/p>\n<ul>\n<li><img decoding=\"async\" class=\"alignnone size-thumbnail wp-image-16153\" src=\"https:\/\/www.aquimicasa.net\/blog\/wp-content\/uploads\/instalaciones-electricas-2-2-150x99.jpg\" alt=\"\" width=\"150\" height=\"99\" \/>\u00a0<a href=\"https:\/\/www.aquimicasa.net\/blog\/electricas\/la-factura-de-la-luz-vuelve-a-subir-en-junio\">La factura de la luz vuelve a subir en junio<\/a><\/li>\n<\/ul>\n<p>&nbsp;<\/p>\n<ul>\n<li><img decoding=\"async\" class=\"alignnone size-thumbnail wp-image-18095\" src=\"https:\/\/www.aquimicasa.net\/blog\/wp-content\/uploads\/Impuestos-municipales6-150x100.jpeg\" alt=\"\" width=\"150\" height=\"100\" \/>\u00a0<a href=\"https:\/\/www.aquimicasa.net\/blog\/activos-inmobiliarios\/tinsa-te-describe-el-procedimiento-para-tasar-tu-casa\">Tinsa te describe el procedimiento para tasar tu casa<\/a><\/li>\n<\/ul>\n<p>&nbsp;<\/p>\n<h2>Pisos y casas en venta<\/h2>\n<ul>\n<li><img decoding=\"async\" class=\"alignnone size-thumbnail wp-image-20983\" src=\"https:\/\/www.aquimicasa.net\/blog\/wp-content\/uploads\/Bolet\u00edn-167-150x100.jpg\" alt=\"\" width=\"150\" height=\"100\" srcset=\"https:\/\/www.aquimicasa.net\/blog\/wp-content\/uploads\/Bolet\u00edn-167-150x100.jpg 150w, https:\/\/www.aquimicasa.net\/blog\/wp-content\/uploads\/Bolet\u00edn-167-300x200.jpg 300w, https:\/\/www.aquimicasa.net\/blog\/wp-content\/uploads\/Bolet\u00edn-167-768x513.jpg 768w, https:\/\/www.aquimicasa.net\/blog\/wp-content\/uploads\/Bolet\u00edn-167.jpg 800w\" sizes=\"(max-width: 150px) 100vw, 150px\" \/>\u00a0Vivienda m\u00e1s visitada <a href=\"https:\/\/www.aquimicasa.net\/casas-chalets-adosados\/alicante\/chalet-en-venta-en-la-vallesa-de-calpe-i20350\">\u00abChalet en venta en La Vallesa de Calpe<\/a>\u00ab<\/li>\n<\/ul>\n<p>&nbsp;<\/p>\n<ul>\n<li><img decoding=\"async\" class=\"alignnone size-thumbnail wp-image-20854\" src=\"https:\/\/www.aquimicasa.net\/blog\/wp-content\/uploads\/Santa-Pola7-150x63.jpg\" alt=\"\" width=\"150\" height=\"63\" srcset=\"https:\/\/www.aquimicasa.net\/blog\/wp-content\/uploads\/Santa-Pola7-150x63.jpg 150w, https:\/\/www.aquimicasa.net\/blog\/wp-content\/uploads\/Santa-Pola7-300x126.jpg 300w, https:\/\/www.aquimicasa.net\/blog\/wp-content\/uploads\/Santa-Pola7.jpg 576w\" sizes=\"(max-width: 150px) 100vw, 150px\" \/>\u00a0<a href=\"https:\/\/www.aquimicasa.net\/blog\/articulos-de-localizacion-geografica\/casas-en-venta-para-la-playa-en-santa-pola\">Casas en venta para la playa en Santa Pola<\/a><\/li>\n<\/ul>\n<p>&nbsp;<\/p>\n<ul>\n<li><img decoding=\"async\" class=\"alignnone size-thumbnail wp-image-20836\" src=\"https:\/\/www.aquimicasa.net\/blog\/wp-content\/uploads\/beni4-150x93.jpg\" alt=\"\" width=\"150\" height=\"93\" \/>\u00a0<a href=\"https:\/\/www.aquimicasa.net\/blog\/viviendas-en-venta-y-alquiler-en\/casas-en-venta-para-vivir-en-benitachell\">Casas en venta para vivir en Benitachell<\/a><\/li>\n<\/ul>\n<p>&nbsp;<\/p>\n<ul>\n<li><img decoding=\"async\" class=\"alignnone size-thumbnail wp-image-20808\" src=\"https:\/\/www.aquimicasa.net\/blog\/wp-content\/uploads\/Imkassa-150x100.jpg\" alt=\"\" width=\"150\" height=\"100\" \/>\u00a0<a href=\"https:\/\/www.aquimicasa.net\/blog\/viviendas-en-venta-y-alquiler-en\/casas-en-venta-para-vivir-en-miramadrid\">Casas en venta para vivir en Miramadrid<\/a><\/li>\n<\/ul>\n<p>&nbsp;<\/p>\n<ul>\n<li><img decoding=\"async\" class=\"alignnone wp-image-20063\" src=\"https:\/\/www.aquimicasa.net\/blog\/wp-content\/uploads\/Calpev2-e1525813205470.jpg\" alt=\"\" width=\"150\" height=\"102\" \/>\u00a0<a href=\"https:\/\/www.aquimicasa.net\/blog\/compraventa-de-viviendas\/casas-para-vivir-en-la-playa-de-calpe\">Casas en venta para vivir en la playa en Calpe<\/a><\/li>\n<\/ul>\n<p>&nbsp;<\/p>\n<ul>\n<li><img decoding=\"async\" class=\"alignnone size-thumbnail wp-image-20120\" src=\"https:\/\/www.aquimicasa.net\/blog\/wp-content\/uploads\/Lliria-P-150x100.jpg\" alt=\"\" width=\"150\" height=\"100\" \/>\u00a0<a href=\"https:\/\/www.aquimicasa.net\/blog\/viviendas-en-venta-y-alquiler-en\/casas-para-vivir-en-lliria\">Casas en venta para vivir en Lliria<\/a><\/li>\n<\/ul>\n<p>&nbsp;<\/p>\n<ul>\n<li><img decoding=\"async\" class=\"alignnone size-thumbnail wp-image-20403\" src=\"https:\/\/www.aquimicasa.net\/blog\/wp-content\/uploads\/Paterna6-150x100.jpg\" alt=\"\" width=\"150\" height=\"100\" \/>\u00a0<a href=\"https:\/\/www.aquimicasa.net\/blog\/viviendas-en-venta-y-alquiler-en\/pisos-y-casas-en-venta-para-vivir-en-paterna\">Pisos y casas en venta para vivir en Paterna<\/a><\/li>\n<\/ul>\n<p>&nbsp;<\/p>\n<ul>\n<li><img decoding=\"async\" class=\"alignnone size-thumbnail wp-image-17944\" src=\"https:\/\/www.aquimicasa.net\/blog\/wp-content\/uploads\/M\u00e1laga4-150x61.jpg\" alt=\"\" width=\"150\" height=\"61\" \/>\u00a0<a href=\"https:\/\/www.aquimicasa.net\/blog\/activos-inmobiliarios\/locales-venta-alquiler-malaga\">Locales en venta y alquiler en M\u00e1laga<\/a><\/li>\n<\/ul>\n<p>&nbsp;<\/p>\n<ul>\n<li><img decoding=\"async\" class=\"alignnone size-thumbnail wp-image-10454\" src=\"https:\/\/www.aquimicasa.net\/blog\/wp-content\/uploads\/Madrid5-150x100.jpg\" alt=\"\" width=\"150\" height=\"100\" \/>\u00a0<a href=\"https:\/\/www.aquimicasa.net\/blog\/activos-inmobiliarios\/locales-comerciales-venta-alquiler-madrid\">Locales comerciales en venta o alquiler en Madrid<\/a><\/li>\n<\/ul>\n<p>&nbsp;<\/p>\n<ul>\n<li><img decoding=\"async\" class=\"alignnone size-thumbnail wp-image-12814\" src=\"https:\/\/www.aquimicasa.net\/blog\/wp-content\/uploads\/logo-aquimicasa-traz-g-150x35.png\" alt=\"\" width=\"150\" height=\"35\" srcset=\"https:\/\/www.aquimicasa.net\/blog\/wp-content\/uploads\/logo-aquimicasa-traz-g-150x35.png 150w, https:\/\/www.aquimicasa.net\/blog\/wp-content\/uploads\/logo-aquimicasa-traz-g-300x70.png 300w, https:\/\/www.aquimicasa.net\/blog\/wp-content\/uploads\/logo-aquimicasa-traz-g-400x93.png 400w, https:\/\/www.aquimicasa.net\/blog\/wp-content\/uploads\/logo-aquimicasa-traz-g-768x178.png 768w, https:\/\/www.aquimicasa.net\/blog\/wp-content\/uploads\/logo-aquimicasa-traz-g-1024x238.png 1024w, https:\/\/www.aquimicasa.net\/blog\/wp-content\/uploads\/logo-aquimicasa-traz-g.png 1185w\" sizes=\"(max-width: 150px) 100vw, 150px\" \/>\u00a0<a href=\"https:\/\/www.aquimicasa.net\/\">M\u00e1s pisos y chalets en venta<\/a><\/li>\n<\/ul>\n","protected":false},"excerpt":{"rendered":"<p>Bolet\u00edn Inmobiliario 167 \u00bb Colau de nuevo frente al ladrillo y la especulaci\u00f3n\u00bb, vivienda m\u00e1s visitada, Casas en venta en la playa de Santa Pola, Casas en venta para vivir en Benitachell, Casas en venta para vivir en Miramadrid, Casas para vivir en la playa de Calpe, Casas en venta para vivir en Lliria, Pisos y casas en venta para vivir en Paterna, <\/p>\n","protected":false},"author":3,"featured_media":19760,"comment_status":"open","ping_status":"open","sticky":false,"template":"","format":"standard","meta":{"_jetpack_memberships_contains_paid_content":false,"footnotes":"","jetpack_publicize_message":"","jetpack_publicize_feature_enabled":true,"jetpack_social_post_already_shared":true,"jetpack_social_options":{"image_generator_settings":{"template":"highway","default_image_id":0,"font":"","enabled":false},"version":2}},"categories":[7562,100,2548],"tags":[5686,5687,5689,5688,5465,5125,4621,5690],"class_list":["post-20978","post","type-post","status-publish","format-standard","has-post-thumbnail","hentry","category-agencias-inmobiliarias","category-compraventa-de-viviendas","category-boletines","tag-casas-en-venta-en-la-playa-de-santa-pola","tag-casas-en-venta-para-vivir-en-benitachell","tag-casas-en-venta-para-vivir-en-lliria","tag-casas-en-venta-para-vivir-en-miramadrid","tag-casas-para-vivir-en-la-playa-de-calpe","tag-locales-comerciales-en-venta-o-alquiler-en-madrid","tag-locales-en-venta-o-alquiler-en-malaga","tag-pisos-y-casas-en-venta-para-vivir-en-paterna"],"yoast_head":"<!-- This site is optimized with the Yoast SEO plugin v28.2 - https:\/\/yoast.com\/product\/yoast-seo-wordpress\/ -->\n<title>Bolet\u00edn Inmobiliario 167&quot;Colau de nuevo frente al ladrillo y la especulaci\u00f3n&quot;<\/title>\n<meta name=\"description\" content=\"Bolet\u00edn Inmobiliario 167 &quot; Colau de nuevo frente al ladrillo y la especulaci\u00f3n&quot;, vivienda m\u00e1s visitada, Casas en venta en la playa de Santa Pola, Casas en venta para vivir en Benitachell, Casas en venta para vivir en Miramadrid, Casas para vivir en la playa de Calpe, Casas en venta para vivir en Lliria,\" \/>\n<meta name=\"robots\" content=\"index, follow, max-snippet:-1, max-image-preview:large, max-video-preview:-1\" \/>\n<link rel=\"canonical\" href=\"https:\/\/www.aquimicasa.net\/blog\/boletines\/boletin-inmobiliario-167-colau-de-nuevo-frente-al-ladrillo-y-la-especulacion\/\" \/>\n<meta property=\"og:locale\" content=\"es_ES\" \/>\n<meta property=\"og:type\" content=\"article\" \/>\n<meta property=\"og:title\" content=\"Bolet\u00edn Inmobiliario 167&quot;Colau de nuevo frente al ladrillo y la especulaci\u00f3n&quot;\" \/>\n<meta property=\"og:description\" content=\"Bolet\u00edn Inmobiliario 167 &quot; Colau de nuevo frente al ladrillo y la especulaci\u00f3n&quot;, vivienda m\u00e1s visitada, Casas en venta en la playa de Santa Pola, Casas en venta para vivir en Benitachell, Casas en venta para vivir en Miramadrid, Casas para vivir en la playa de Calpe, Casas en venta para vivir en Lliria,\" \/>\n<meta property=\"og:url\" content=\"https:\/\/www.aquimicasa.net\/blog\/boletines\/boletin-inmobiliario-167-colau-de-nuevo-frente-al-ladrillo-y-la-especulacion\/\" \/>\n<meta property=\"og:site_name\" content=\"Blog de aquimicasa.net\" \/>\n<meta property=\"article:publisher\" content=\"https:\/\/www.facebook.com\/aquimicasa.net\" \/>\n<meta property=\"article:published_time\" content=\"2018-07-08T21:44:49+00:00\" \/>\n<meta property=\"article:modified_time\" content=\"2020-04-02T16:54:37+00:00\" \/>\n<meta property=\"og:image\" content=\"https:\/\/www.aquimicasa.net\/blog\/wp-content\/uploads\/Logo-aquimicasa-1-e1528048213782.png\" \/>\n\t<meta property=\"og:image:width\" content=\"225\" \/>\n\t<meta property=\"og:image:height\" content=\"225\" \/>\n\t<meta property=\"og:image:type\" content=\"image\/png\" \/>\n<meta name=\"author\" content=\"Eduardo Lizarraga\" \/>\n<meta name=\"twitter:label1\" content=\"Escrito por\" \/>\n\t<meta name=\"twitter:data1\" content=\"Eduardo Lizarraga\" \/>\n\t<meta name=\"twitter:label2\" content=\"Tiempo de lectura\" \/>\n\t<meta name=\"twitter:data2\" content=\"1 minuto\" \/>\n<script type=\"application\/ld+json\" class=\"yoast-schema-graph\">{\"@context\":\"https:\\\/\\\/schema.org\",\"@graph\":[{\"@type\":\"Article\",\"@id\":\"https:\\\/\\\/www.aquimicasa.net\\\/blog\\\/boletines\\\/boletin-inmobiliario-167-colau-de-nuevo-frente-al-ladrillo-y-la-especulacion\\\/#article\",\"isPartOf\":{\"@id\":\"https:\\\/\\\/www.aquimicasa.net\\\/blog\\\/boletines\\\/boletin-inmobiliario-167-colau-de-nuevo-frente-al-ladrillo-y-la-especulacion\\\/\"},\"author\":{\"name\":\"Eduardo Lizarraga\",\"@id\":\"https:\\\/\\\/www.aquimicasa.net\\\/blog\\\/#\\\/schema\\\/person\\\/2cdfa2605534583395c8d7ce1d6cac14\"},\"headline\":\"Bolet\u00edn Inmobiliario 167 \u00bb Colau de nuevo frente al ladrillo y la especulaci\u00f3n\u00bb\",\"datePublished\":\"2018-07-08T21:44:49+00:00\",\"dateModified\":\"2020-04-02T16:54:37+00:00\",\"mainEntityOfPage\":{\"@id\":\"https:\\\/\\\/www.aquimicasa.net\\\/blog\\\/boletines\\\/boletin-inmobiliario-167-colau-de-nuevo-frente-al-ladrillo-y-la-especulacion\\\/\"},\"wordCount\":193,\"commentCount\":0,\"publisher\":{\"@id\":\"https:\\\/\\\/www.aquimicasa.net\\\/blog\\\/#organization\"},\"image\":{\"@id\":\"https:\\\/\\\/www.aquimicasa.net\\\/blog\\\/boletines\\\/boletin-inmobiliario-167-colau-de-nuevo-frente-al-ladrillo-y-la-especulacion\\\/#primaryimage\"},\"thumbnailUrl\":\"https:\\\/\\\/www.aquimicasa.net\\\/blog\\\/wp-content\\\/uploads\\\/Logo-aquimicasa-1-e1528048213782.png\",\"keywords\":[\"Casas en venta en la playa de Santa Pola\",\"Casas en venta para vivir en Benitachell\",\"Casas en venta para vivir en Lliria\",\"Casas en venta para vivir en Miramadrid\",\"Casas para vivir en la playa de Calpe\",\"Locales comerciales en venta o alquiler en Madrid\",\"locales en venta o alquiler en M\u00e1laga\",\"Pisos y casas en venta para vivir en Paterna\"],\"articleSection\":[\"Agencias Inmobiliarias\",\"Compra Venta\",\"Newsletters\"],\"inLanguage\":\"es\",\"potentialAction\":[{\"@type\":\"CommentAction\",\"name\":\"Comment\",\"target\":[\"https:\\\/\\\/www.aquimicasa.net\\\/blog\\\/boletines\\\/boletin-inmobiliario-167-colau-de-nuevo-frente-al-ladrillo-y-la-especulacion\\\/#respond\"]}]},{\"@type\":\"WebPage\",\"@id\":\"https:\\\/\\\/www.aquimicasa.net\\\/blog\\\/boletines\\\/boletin-inmobiliario-167-colau-de-nuevo-frente-al-ladrillo-y-la-especulacion\\\/\",\"url\":\"https:\\\/\\\/www.aquimicasa.net\\\/blog\\\/boletines\\\/boletin-inmobiliario-167-colau-de-nuevo-frente-al-ladrillo-y-la-especulacion\\\/\",\"name\":\"Bolet\u00edn Inmobiliario 167\\\"Colau de nuevo frente al ladrillo y la especulaci\u00f3n\\\"\",\"isPartOf\":{\"@id\":\"https:\\\/\\\/www.aquimicasa.net\\\/blog\\\/#website\"},\"primaryImageOfPage\":{\"@id\":\"https:\\\/\\\/www.aquimicasa.net\\\/blog\\\/boletines\\\/boletin-inmobiliario-167-colau-de-nuevo-frente-al-ladrillo-y-la-especulacion\\\/#primaryimage\"},\"image\":{\"@id\":\"https:\\\/\\\/www.aquimicasa.net\\\/blog\\\/boletines\\\/boletin-inmobiliario-167-colau-de-nuevo-frente-al-ladrillo-y-la-especulacion\\\/#primaryimage\"},\"thumbnailUrl\":\"https:\\\/\\\/www.aquimicasa.net\\\/blog\\\/wp-content\\\/uploads\\\/Logo-aquimicasa-1-e1528048213782.png\",\"datePublished\":\"2018-07-08T21:44:49+00:00\",\"dateModified\":\"2020-04-02T16:54:37+00:00\",\"description\":\"Bolet\u00edn Inmobiliario 167 \\\" Colau de nuevo frente al ladrillo y la especulaci\u00f3n\\\", vivienda m\u00e1s visitada, Casas en venta en la playa de Santa Pola, Casas en venta para vivir en Benitachell, Casas en venta para vivir en Miramadrid, Casas para vivir en la playa de Calpe, Casas en venta para vivir en Lliria,\",\"breadcrumb\":{\"@id\":\"https:\\\/\\\/www.aquimicasa.net\\\/blog\\\/boletines\\\/boletin-inmobiliario-167-colau-de-nuevo-frente-al-ladrillo-y-la-especulacion\\\/#breadcrumb\"},\"inLanguage\":\"es\",\"potentialAction\":[{\"@type\":\"ReadAction\",\"target\":[\"https:\\\/\\\/www.aquimicasa.net\\\/blog\\\/boletines\\\/boletin-inmobiliario-167-colau-de-nuevo-frente-al-ladrillo-y-la-especulacion\\\/\"]}]},{\"@type\":\"ImageObject\",\"inLanguage\":\"es\",\"@id\":\"https:\\\/\\\/www.aquimicasa.net\\\/blog\\\/boletines\\\/boletin-inmobiliario-167-colau-de-nuevo-frente-al-ladrillo-y-la-especulacion\\\/#primaryimage\",\"url\":\"https:\\\/\\\/www.aquimicasa.net\\\/blog\\\/wp-content\\\/uploads\\\/Logo-aquimicasa-1-e1528048213782.png\",\"contentUrl\":\"https:\\\/\\\/www.aquimicasa.net\\\/blog\\\/wp-content\\\/uploads\\\/Logo-aquimicasa-1-e1528048213782.png\",\"width\":225,\"height\":225},{\"@type\":\"BreadcrumbList\",\"@id\":\"https:\\\/\\\/www.aquimicasa.net\\\/blog\\\/boletines\\\/boletin-inmobiliario-167-colau-de-nuevo-frente-al-ladrillo-y-la-especulacion\\\/#breadcrumb\",\"itemListElement\":[{\"@type\":\"ListItem\",\"position\":1,\"name\":\"Portada\",\"item\":\"https:\\\/\\\/www.aquimicasa.net\\\/blog\\\/\"},{\"@type\":\"ListItem\",\"position\":2,\"name\":\"Bolet\u00edn Inmobiliario 167 \u00bb Colau de nuevo frente al ladrillo y la especulaci\u00f3n\u00bb\"}]},{\"@type\":\"WebSite\",\"@id\":\"https:\\\/\\\/www.aquimicasa.net\\\/blog\\\/#website\",\"url\":\"https:\\\/\\\/www.aquimicasa.net\\\/blog\\\/\",\"name\":\"Blog de aquimicasa.net\",\"description\":\"Noticias del Mundo Inmobiliario\",\"publisher\":{\"@id\":\"https:\\\/\\\/www.aquimicasa.net\\\/blog\\\/#organization\"},\"potentialAction\":[{\"@type\":\"SearchAction\",\"target\":{\"@type\":\"EntryPoint\",\"urlTemplate\":\"https:\\\/\\\/www.aquimicasa.net\\\/blog\\\/?s={search_term_string}\"},\"query-input\":{\"@type\":\"PropertyValueSpecification\",\"valueRequired\":true,\"valueName\":\"search_term_string\"}}],\"inLanguage\":\"es\"},{\"@type\":\"Organization\",\"@id\":\"https:\\\/\\\/www.aquimicasa.net\\\/blog\\\/#organization\",\"name\":\"Blog de aquimicasa.net\",\"url\":\"https:\\\/\\\/www.aquimicasa.net\\\/blog\\\/\",\"logo\":{\"@type\":\"ImageObject\",\"inLanguage\":\"es\",\"@id\":\"https:\\\/\\\/www.aquimicasa.net\\\/blog\\\/#\\\/schema\\\/logo\\\/image\\\/\",\"url\":\"https:\\\/\\\/www.aquimicasa.net\\\/blog\\\/wp-content\\\/uploads\\\/Logo-aquimicasa-1-e1528048213782.png\",\"contentUrl\":\"https:\\\/\\\/www.aquimicasa.net\\\/blog\\\/wp-content\\\/uploads\\\/Logo-aquimicasa-1-e1528048213782.png\",\"width\":225,\"height\":225,\"caption\":\"Blog de aquimicasa.net\"},\"image\":{\"@id\":\"https:\\\/\\\/www.aquimicasa.net\\\/blog\\\/#\\\/schema\\\/logo\\\/image\\\/\"},\"sameAs\":[\"https:\\\/\\\/www.facebook.com\\\/aquimicasa.net\",\"https:\\\/\\\/www.instagram.com\\\/\",\"https:\\\/\\\/x.com\\\/EduLizarragaD\",\"https:\\\/\\\/www.linkedin.com\\\/feed\\\/\"]},{\"@type\":\"Person\",\"@id\":\"https:\\\/\\\/www.aquimicasa.net\\\/blog\\\/#\\\/schema\\\/person\\\/2cdfa2605534583395c8d7ce1d6cac14\",\"name\":\"Eduardo Lizarraga\",\"image\":{\"@type\":\"ImageObject\",\"inLanguage\":\"es\",\"@id\":\"https:\\\/\\\/secure.gravatar.com\\\/avatar\\\/bdabe1eeeed97b65a9cb7de2edd624b07995f7e13abc5fead15961f745f908cc?s=96&d=mm&r=g\",\"url\":\"https:\\\/\\\/secure.gravatar.com\\\/avatar\\\/bdabe1eeeed97b65a9cb7de2edd624b07995f7e13abc5fead15961f745f908cc?s=96&d=mm&r=g\",\"contentUrl\":\"https:\\\/\\\/secure.gravatar.com\\\/avatar\\\/bdabe1eeeed97b65a9cb7de2edd624b07995f7e13abc5fead15961f745f908cc?s=96&d=mm&r=g\",\"caption\":\"Eduardo Lizarraga\"},\"description\":\"Periodista Econ\u00f3mico. Ha trabajado en diversos campos de la informaci\u00f3n. Corresponsal en conflictos, analista pol\u00edtico en Congreso y Senado, periodista del medio ambiente, editor, director editorial, director de comunicaci\u00f3n.... En estos momentos se ha especializado en el sector inmobiliario. Pero tambi\u00e9n es navegante y viajero, preocupado por la pobreza, el medio ambiente y por las actuaciones descontroladas del neoliberalismo empresarial y pol\u00edtico en todo el mundo. Los desahucios, la pobreza infantil y la falta de acceso a los suministros b\u00e1sicos son algunos de los grandes dramas de nuestra sociedad y que es preciso solucionar para hacerla m\u00e1s justa. CEO en www.aquimicasa.net\",\"sameAs\":[\"https:\\\/\\\/www.aquimicasa.net\\\/\"],\"url\":\"https:\\\/\\\/www.aquimicasa.net\\\/blog\\\/author\\\/eduardo\\\/\"}]}<\/script>\n<!-- \/ Yoast SEO plugin. -->","yoast_head_json":{"title":"Bolet\u00edn Inmobiliario 167\"Colau de nuevo frente al ladrillo y la especulaci\u00f3n\"","description":"Bolet\u00edn Inmobiliario 167 \" Colau de nuevo frente al ladrillo y la especulaci\u00f3n\", vivienda m\u00e1s visitada, Casas en venta en la playa de Santa Pola, Casas en venta para vivir en Benitachell, Casas en venta para vivir en Miramadrid, Casas para vivir en la playa de Calpe, Casas en venta para vivir en Lliria,","robots":{"index":"index","follow":"follow","max-snippet":"max-snippet:-1","max-image-preview":"max-image-preview:large","max-video-preview":"max-video-preview:-1"},"canonical":"https:\/\/www.aquimicasa.net\/blog\/boletines\/boletin-inmobiliario-167-colau-de-nuevo-frente-al-ladrillo-y-la-especulacion\/","og_locale":"es_ES","og_type":"article","og_title":"Bolet\u00edn Inmobiliario 167\"Colau de nuevo frente al ladrillo y la especulaci\u00f3n\"","og_description":"Bolet\u00edn Inmobiliario 167 \" Colau de nuevo frente al ladrillo y la especulaci\u00f3n\", vivienda m\u00e1s visitada, Casas en venta en la playa de Santa Pola, Casas en venta para vivir en Benitachell, Casas en venta para vivir en Miramadrid, Casas para vivir en la playa de Calpe, Casas en venta para vivir en Lliria,","og_url":"https:\/\/www.aquimicasa.net\/blog\/boletines\/boletin-inmobiliario-167-colau-de-nuevo-frente-al-ladrillo-y-la-especulacion\/","og_site_name":"Blog de aquimicasa.net","article_publisher":"https:\/\/www.facebook.com\/aquimicasa.net","article_published_time":"2018-07-08T21:44:49+00:00","article_modified_time":"2020-04-02T16:54:37+00:00","og_image":[{"width":225,"height":225,"url":"https:\/\/www.aquimicasa.net\/blog\/wp-content\/uploads\/Logo-aquimicasa-1-e1528048213782.png","type":"image\/png"}],"author":"Eduardo Lizarraga","twitter_misc":{"Escrito por":"Eduardo Lizarraga","Tiempo de lectura":"1 minuto"},"schema":{"@context":"https:\/\/schema.org","@graph":[{"@type":"Article","@id":"https:\/\/www.aquimicasa.net\/blog\/boletines\/boletin-inmobiliario-167-colau-de-nuevo-frente-al-ladrillo-y-la-especulacion\/#article","isPartOf":{"@id":"https:\/\/www.aquimicasa.net\/blog\/boletines\/boletin-inmobiliario-167-colau-de-nuevo-frente-al-ladrillo-y-la-especulacion\/"},"author":{"name":"Eduardo Lizarraga","@id":"https:\/\/www.aquimicasa.net\/blog\/#\/schema\/person\/2cdfa2605534583395c8d7ce1d6cac14"},"headline":"Bolet\u00edn Inmobiliario 167 \u00bb Colau de nuevo frente al ladrillo y la especulaci\u00f3n\u00bb","datePublished":"2018-07-08T21:44:49+00:00","dateModified":"2020-04-02T16:54:37+00:00","mainEntityOfPage":{"@id":"https:\/\/www.aquimicasa.net\/blog\/boletines\/boletin-inmobiliario-167-colau-de-nuevo-frente-al-ladrillo-y-la-especulacion\/"},"wordCount":193,"commentCount":0,"publisher":{"@id":"https:\/\/www.aquimicasa.net\/blog\/#organization"},"image":{"@id":"https:\/\/www.aquimicasa.net\/blog\/boletines\/boletin-inmobiliario-167-colau-de-nuevo-frente-al-ladrillo-y-la-especulacion\/#primaryimage"},"thumbnailUrl":"https:\/\/www.aquimicasa.net\/blog\/wp-content\/uploads\/Logo-aquimicasa-1-e1528048213782.png","keywords":["Casas en venta en la playa de Santa Pola","Casas en venta para vivir en Benitachell","Casas en venta para vivir en Lliria","Casas en venta para vivir en Miramadrid","Casas para vivir en la playa de Calpe","Locales comerciales en venta o alquiler en Madrid","locales en venta o alquiler en M\u00e1laga","Pisos y casas en venta para vivir en Paterna"],"articleSection":["Agencias Inmobiliarias","Compra Venta","Newsletters"],"inLanguage":"es","potentialAction":[{"@type":"CommentAction","name":"Comment","target":["https:\/\/www.aquimicasa.net\/blog\/boletines\/boletin-inmobiliario-167-colau-de-nuevo-frente-al-ladrillo-y-la-especulacion\/#respond"]}]},{"@type":"WebPage","@id":"https:\/\/www.aquimicasa.net\/blog\/boletines\/boletin-inmobiliario-167-colau-de-nuevo-frente-al-ladrillo-y-la-especulacion\/","url":"https:\/\/www.aquimicasa.net\/blog\/boletines\/boletin-inmobiliario-167-colau-de-nuevo-frente-al-ladrillo-y-la-especulacion\/","name":"Bolet\u00edn Inmobiliario 167\"Colau de nuevo frente al ladrillo y la especulaci\u00f3n\"","isPartOf":{"@id":"https:\/\/www.aquimicasa.net\/blog\/#website"},"primaryImageOfPage":{"@id":"https:\/\/www.aquimicasa.net\/blog\/boletines\/boletin-inmobiliario-167-colau-de-nuevo-frente-al-ladrillo-y-la-especulacion\/#primaryimage"},"image":{"@id":"https:\/\/www.aquimicasa.net\/blog\/boletines\/boletin-inmobiliario-167-colau-de-nuevo-frente-al-ladrillo-y-la-especulacion\/#primaryimage"},"thumbnailUrl":"https:\/\/www.aquimicasa.net\/blog\/wp-content\/uploads\/Logo-aquimicasa-1-e1528048213782.png","datePublished":"2018-07-08T21:44:49+00:00","dateModified":"2020-04-02T16:54:37+00:00","description":"Bolet\u00edn Inmobiliario 167 \" Colau de nuevo frente al ladrillo y la especulaci\u00f3n\", vivienda m\u00e1s visitada, Casas en venta en la playa de Santa Pola, Casas en venta para vivir en Benitachell, Casas en venta para vivir en Miramadrid, Casas para vivir en la playa de Calpe, Casas en venta para vivir en Lliria,","breadcrumb":{"@id":"https:\/\/www.aquimicasa.net\/blog\/boletines\/boletin-inmobiliario-167-colau-de-nuevo-frente-al-ladrillo-y-la-especulacion\/#breadcrumb"},"inLanguage":"es","potentialAction":[{"@type":"ReadAction","target":["https:\/\/www.aquimicasa.net\/blog\/boletines\/boletin-inmobiliario-167-colau-de-nuevo-frente-al-ladrillo-y-la-especulacion\/"]}]},{"@type":"ImageObject","inLanguage":"es","@id":"https:\/\/www.aquimicasa.net\/blog\/boletines\/boletin-inmobiliario-167-colau-de-nuevo-frente-al-ladrillo-y-la-especulacion\/#primaryimage","url":"https:\/\/www.aquimicasa.net\/blog\/wp-content\/uploads\/Logo-aquimicasa-1-e1528048213782.png","contentUrl":"https:\/\/www.aquimicasa.net\/blog\/wp-content\/uploads\/Logo-aquimicasa-1-e1528048213782.png","width":225,"height":225},{"@type":"BreadcrumbList","@id":"https:\/\/www.aquimicasa.net\/blog\/boletines\/boletin-inmobiliario-167-colau-de-nuevo-frente-al-ladrillo-y-la-especulacion\/#breadcrumb","itemListElement":[{"@type":"ListItem","position":1,"name":"Portada","item":"https:\/\/www.aquimicasa.net\/blog\/"},{"@type":"ListItem","position":2,"name":"Bolet\u00edn Inmobiliario 167 \u00bb Colau de nuevo frente al ladrillo y la especulaci\u00f3n\u00bb"}]},{"@type":"WebSite","@id":"https:\/\/www.aquimicasa.net\/blog\/#website","url":"https:\/\/www.aquimicasa.net\/blog\/","name":"Blog de aquimicasa.net","description":"Noticias del Mundo Inmobiliario","publisher":{"@id":"https:\/\/www.aquimicasa.net\/blog\/#organization"},"potentialAction":[{"@type":"SearchAction","target":{"@type":"EntryPoint","urlTemplate":"https:\/\/www.aquimicasa.net\/blog\/?s={search_term_string}"},"query-input":{"@type":"PropertyValueSpecification","valueRequired":true,"valueName":"search_term_string"}}],"inLanguage":"es"},{"@type":"Organization","@id":"https:\/\/www.aquimicasa.net\/blog\/#organization","name":"Blog de aquimicasa.net","url":"https:\/\/www.aquimicasa.net\/blog\/","logo":{"@type":"ImageObject","inLanguage":"es","@id":"https:\/\/www.aquimicasa.net\/blog\/#\/schema\/logo\/image\/","url":"https:\/\/www.aquimicasa.net\/blog\/wp-content\/uploads\/Logo-aquimicasa-1-e1528048213782.png","contentUrl":"https:\/\/www.aquimicasa.net\/blog\/wp-content\/uploads\/Logo-aquimicasa-1-e1528048213782.png","width":225,"height":225,"caption":"Blog de aquimicasa.net"},"image":{"@id":"https:\/\/www.aquimicasa.net\/blog\/#\/schema\/logo\/image\/"},"sameAs":["https:\/\/www.facebook.com\/aquimicasa.net","https:\/\/www.instagram.com\/","https:\/\/x.com\/EduLizarragaD","https:\/\/www.linkedin.com\/feed\/"]},{"@type":"Person","@id":"https:\/\/www.aquimicasa.net\/blog\/#\/schema\/person\/2cdfa2605534583395c8d7ce1d6cac14","name":"Eduardo Lizarraga","image":{"@type":"ImageObject","inLanguage":"es","@id":"https:\/\/secure.gravatar.com\/avatar\/bdabe1eeeed97b65a9cb7de2edd624b07995f7e13abc5fead15961f745f908cc?s=96&d=mm&r=g","url":"https:\/\/secure.gravatar.com\/avatar\/bdabe1eeeed97b65a9cb7de2edd624b07995f7e13abc5fead15961f745f908cc?s=96&d=mm&r=g","contentUrl":"https:\/\/secure.gravatar.com\/avatar\/bdabe1eeeed97b65a9cb7de2edd624b07995f7e13abc5fead15961f745f908cc?s=96&d=mm&r=g","caption":"Eduardo Lizarraga"},"description":"Periodista Econ\u00f3mico. Ha trabajado en diversos campos de la informaci\u00f3n. Corresponsal en conflictos, analista pol\u00edtico en Congreso y Senado, periodista del medio ambiente, editor, director editorial, director de comunicaci\u00f3n.... En estos momentos se ha especializado en el sector inmobiliario. Pero tambi\u00e9n es navegante y viajero, preocupado por la pobreza, el medio ambiente y por las actuaciones descontroladas del neoliberalismo empresarial y pol\u00edtico en todo el mundo. Los desahucios, la pobreza infantil y la falta de acceso a los suministros b\u00e1sicos son algunos de los grandes dramas de nuestra sociedad y que es preciso solucionar para hacerla m\u00e1s justa. CEO en www.aquimicasa.net","sameAs":["https:\/\/www.aquimicasa.net\/"],"url":"https:\/\/www.aquimicasa.net\/blog\/author\/eduardo\/"}]}},"jetpack_publicize_connections":[],"jetpack_featured_media_url":"https:\/\/www.aquimicasa.net\/blog\/wp-content\/uploads\/Logo-aquimicasa-1-e1528048213782.png","jetpack_sharing_enabled":true,"jetpack_likes_enabled":true,"_links":{"self":[{"href":"https:\/\/www.aquimicasa.net\/blog\/wp-json\/wp\/v2\/posts\/20978","targetHints":{"allow":["GET"]}}],"collection":[{"href":"https:\/\/www.aquimicasa.net\/blog\/wp-json\/wp\/v2\/posts"}],"about":[{"href":"https:\/\/www.aquimicasa.net\/blog\/wp-json\/wp\/v2\/types\/post"}],"author":[{"embeddable":true,"href":"https:\/\/www.aquimicasa.net\/blog\/wp-json\/wp\/v2\/users\/3"}],"replies":[{"embeddable":true,"href":"https:\/\/www.aquimicasa.net\/blog\/wp-json\/wp\/v2\/comments?post=20978"}],"version-history":[{"count":5,"href":"https:\/\/www.aquimicasa.net\/blog\/wp-json\/wp\/v2\/posts\/20978\/revisions"}],"predecessor-version":[{"id":20985,"href":"https:\/\/www.aquimicasa.net\/blog\/wp-json\/wp\/v2\/posts\/20978\/revisions\/20985"}],"wp:featuredmedia":[{"embeddable":true,"href":"https:\/\/www.aquimicasa.net\/blog\/wp-json\/wp\/v2\/media\/19760"}],"wp:attachment":[{"href":"https:\/\/www.aquimicasa.net\/blog\/wp-json\/wp\/v2\/media?parent=20978"}],"wp:term":[{"taxonomy":"category","embeddable":true,"href":"https:\/\/www.aquimicasa.net\/blog\/wp-json\/wp\/v2\/categories?post=20978"},{"taxonomy":"post_tag","embeddable":true,"href":"https:\/\/www.aquimicasa.net\/blog\/wp-json\/wp\/v2\/tags?post=20978"}],"curies":[{"name":"wp","href":"https:\/\/api.w.org\/{rel}","templated":true}]}}