{"id":21249,"date":"2018-07-31T23:57:10","date_gmt":"2018-07-31T21:57:10","guid":{"rendered":"https:\/\/www.aquimicasa.net\/blog\/?p=21249"},"modified":"2020-04-02T18:18:19","modified_gmt":"2020-04-02T16:18:19","slug":"el-recibo-de-la-luz-en-julio-vuelve-a-subir-de-nuevo","status":"publish","type":"post","link":"https:\/\/www.aquimicasa.net\/blog\/energia\/electricas\/el-recibo-de-la-luz-en-julio-vuelve-a-subir-de-nuevo\/","title":{"rendered":"El recibo de la luz de julio vuelve a subir de nuevo"},"content":{"rendered":"<div id=\"contenedor\">\n<div id=\"contenido\" class=\"p70\">\n<div class=\"interior\">\n<div id=\"textoScroll\">\n<div class=\"elemento\">\n<div class=\"txtContenido\">\n<p>El mes de julio finaliza con un recibo de la luz <strong>a\u00fan m\u00e1s caro que el mes anterior<\/strong> y una subida interanual del <strong>9,1%<\/strong>. Entre el 1 y el 31 del mes el recibo del usuario medio con las tarifas semirreguladas PVPC se ha situado en 78,39 euros, nada menos que <strong>6,57 euros por encima<\/strong> de los 71,82 euros de julio del a\u00f1o pasado.<\/p>\n<p>La <strong>subida mensual ha sido del 2,2%<\/strong>, lo que supone que el recibo del usuario medio ser\u00e1 1,68 euros m\u00e1s caro que el de junio. La factura para un usuario con un consumo de 366 kWh mensuales y 4,4 kW de potencia contratada (la media seg\u00fan los estudios de FACUA) se situ\u00f3 en junio en 76,71 (mes en que subi\u00f3 un 1,8%). En mayo, el mismo recibo fue de 75,34 euros (subi\u00f3 un 7,7%), en abril en 69,94 euros (subi\u00f3 un 0,7%), en marzo en 69,46 euros (baj\u00f3 un 9,0%), en febrero en 76,32 euros (subi\u00f3 un 2,0%) y en enero en 74,81 euros (baj\u00f3 un 6,1%).<\/p>\n<p>En cuanto al precio de la energ\u00eda consumida, el kWh se ha situado en julio en una media de 16,18 c\u00e9ntimos (12,72 m\u00e1s el 27,19% de impuestos). Sube un 12,5% con respecto a los 14,38 c\u00e9ntimos\/kWh (11,30 m\u00e1s impuestos) de julio de 2017 y un 11,3% sobre los 14,54 c\u00e9ntimos\/kWh (11,43 m\u00e1s impuestos) de junio de este a\u00f1o.<\/p>\n<p>FACUA reclama al nuevo presidente del Gobierno,\u00a0<strong>Pedro S\u00e1nchez<\/strong>, que asuma las reivindicaciones de la sociedad civil e <strong>intervenga las tarifas del sector el\u00e9ctrico<\/strong> para acabar con la especulaci\u00f3n y las injustificadamente altas tarifas el\u00e9ctricas que sufren los usuarios en Espa\u00f1a.<\/p>\n<p>A finales de 2016, FACUA promovi\u00f3 un manifiesto junto a m\u00e1s de una veintena de organizaciones de la sociedad civil para reivindicar seis medidas en materia de pol\u00edtica el\u00e9ctrica. Una de ellas es la aprobaci\u00f3n de una tarifa asequible, regulada por el Gobierno, a la que puedan acogerse <strong>todos los consumidores dom\u00e9sticos en su primera residencia.<\/strong><\/p>\n<p>La aprobaci\u00f3n de una aut\u00e9ntica tarifa social para los usuarios con menos poder adquisitivo y sufragada por las el\u00e9ctricas es otra de las reclamaciones de las organizaciones ciudadanas. El a\u00f1o pasado el Gobierno de\u00a0<strong>Rajoy<\/strong>\u00a0recort\u00f3 los ya de por s\u00ed <strong>insuficientes descuentos<\/strong> aplicados con el bono social creado en la etapa de\u00a0<strong>Zapatero<\/strong>.<\/p>\n<p>Entre las reivindicaciones de FACUA y numerosos movimientos ciudadanos tambi\u00e9n se incluye la aplicaci\u00f3n del tipo de<strong> IVA superreducido<\/strong> a la electricidad, pasando del 21% actual al 4% por ser considerado un servicio esencial para la ciudadan\u00eda. El manifiesto, denominado\u00a0<em>No m\u00e1s cortes de luz<\/em>, no fue suscrito por el PSOE. Las fuerzas pol\u00edticas que lo apoyaron fueron las formaciones que forman parte del grupo parlamentario Unidos Podemos, ERC y Coalici\u00f3n Canaria.<\/p>\n<\/div>\n<\/div>\n<\/div>\n<\/div>\n<\/div>\n<div id=\"barra\" class=\"p30\">\n<div class=\"p50\">\n<div class=\"elemento mod_fca ventana\"><\/div>\n<div id=\"noticiasMasVistas\" class=\"elemento noticias\">\n<div id=\"menuLoMasVisto\">\n<div id=\"hoyLoMasVisto\" class=\"elementoMenuLoMasVisto\"><\/div>\n<\/div>\n<\/div>\n<\/div>\n<div class=\"p50\"><\/div>\n<\/div>\n<\/div>\n<div class=\"mod_eh_footer\">\n<div id=\"logo\"><\/div>\n<\/div>\n","protected":false},"excerpt":{"rendered":"<p>El mes de julio finaliza con un recibo de la luz a\u00fan m\u00e1s caro que el mes anterior y una subida interanual del 9,1%. Entre el 1 y el 31 del mes el recibo del usuario medio con las tarifas semirreguladas PVPC se ha situado en 78,39 euros, nada menos que 6,57 euros por encima de los 71,82 euros de julio del a\u00f1o pasado.<\/p>\n","protected":false},"author":3,"featured_media":15776,"comment_status":"open","ping_status":"open","sticky":false,"template":"","format":"standard","meta":{"_jetpack_memberships_contains_paid_content":false,"footnotes":"","jetpack_publicize_message":"","jetpack_publicize_feature_enabled":true,"jetpack_social_post_already_shared":true,"jetpack_social_options":{"image_generator_settings":{"template":"highway","default_image_id":0,"font":"","enabled":false},"version":2}},"categories":[641,639,7563],"tags":[1732,427],"class_list":["post-21249","post","type-post","status-publish","format-standard","has-post-thumbnail","hentry","category-asociacion-de-consumidores","category-electricas","category-noticias-consumo","tag-facua-consunidores-en-accion","tag-iberdrola"],"yoast_head":"<!-- This site is optimized with the Yoast SEO plugin v28.2 - https:\/\/yoast.com\/product\/yoast-seo-wordpress\/ -->\n<title>El recibo de la luz de julio vuelve a subir de nuevo<\/title>\n<meta name=\"description\" content=\"El mes de julio finaliza con un recibo de la luz a\u00fan m\u00e1s caro que el mes anterior y una subida interanual del 9,1%.\" \/>\n<meta name=\"robots\" content=\"index, follow, max-snippet:-1, max-image-preview:large, max-video-preview:-1\" \/>\n<link rel=\"canonical\" href=\"https:\/\/www.aquimicasa.net\/blog\/energia\/electricas\/el-recibo-de-la-luz-en-julio-vuelve-a-subir-de-nuevo\/\" \/>\n<meta property=\"og:locale\" content=\"es_ES\" \/>\n<meta property=\"og:type\" content=\"article\" \/>\n<meta property=\"og:title\" content=\"El recibo de la luz de julio vuelve a subir de nuevo\" \/>\n<meta property=\"og:description\" content=\"El mes de julio finaliza con un recibo de la luz a\u00fan m\u00e1s caro que el mes anterior y una subida interanual del 9,1%.\" \/>\n<meta property=\"og:url\" content=\"https:\/\/www.aquimicasa.net\/blog\/energia\/electricas\/el-recibo-de-la-luz-en-julio-vuelve-a-subir-de-nuevo\/\" \/>\n<meta property=\"og:site_name\" content=\"Blog de aquimicasa.net\" \/>\n<meta property=\"article:publisher\" content=\"https:\/\/www.facebook.com\/aquimicasa.net\" \/>\n<meta property=\"article:published_time\" content=\"2018-07-31T21:57:10+00:00\" \/>\n<meta property=\"article:modified_time\" content=\"2020-04-02T16:18:19+00:00\" \/>\n<meta property=\"og:image\" content=\"https:\/\/www.aquimicasa.net\/blog\/wp-content\/uploads\/instalaciones-electricas-2-1-e1493745261938.jpg\" \/>\n\t<meta property=\"og:image:width\" content=\"360\" \/>\n\t<meta property=\"og:image:height\" content=\"238\" \/>\n\t<meta property=\"og:image:type\" content=\"image\/jpeg\" \/>\n<meta name=\"author\" content=\"Eduardo Lizarraga\" \/>\n<meta name=\"twitter:label1\" content=\"Escrito por\" \/>\n\t<meta name=\"twitter:data1\" content=\"Eduardo Lizarraga\" \/>\n\t<meta name=\"twitter:label2\" content=\"Tiempo de lectura\" \/>\n\t<meta name=\"twitter:data2\" content=\"2 minutos\" \/>\n<script type=\"application\/ld+json\" class=\"yoast-schema-graph\">{\"@context\":\"https:\\\/\\\/schema.org\",\"@graph\":[{\"@type\":\"Article\",\"@id\":\"https:\\\/\\\/www.aquimicasa.net\\\/blog\\\/energia\\\/electricas\\\/el-recibo-de-la-luz-en-julio-vuelve-a-subir-de-nuevo\\\/#article\",\"isPartOf\":{\"@id\":\"https:\\\/\\\/www.aquimicasa.net\\\/blog\\\/energia\\\/electricas\\\/el-recibo-de-la-luz-en-julio-vuelve-a-subir-de-nuevo\\\/\"},\"author\":{\"name\":\"Eduardo Lizarraga\",\"@id\":\"https:\\\/\\\/www.aquimicasa.net\\\/blog\\\/#\\\/schema\\\/person\\\/2cdfa2605534583395c8d7ce1d6cac14\"},\"headline\":\"El recibo de la luz de julio vuelve a subir de nuevo\",\"datePublished\":\"2018-07-31T21:57:10+00:00\",\"dateModified\":\"2020-04-02T16:18:19+00:00\",\"mainEntityOfPage\":{\"@id\":\"https:\\\/\\\/www.aquimicasa.net\\\/blog\\\/energia\\\/electricas\\\/el-recibo-de-la-luz-en-julio-vuelve-a-subir-de-nuevo\\\/\"},\"wordCount\":464,\"commentCount\":0,\"publisher\":{\"@id\":\"https:\\\/\\\/www.aquimicasa.net\\\/blog\\\/#organization\"},\"image\":{\"@id\":\"https:\\\/\\\/www.aquimicasa.net\\\/blog\\\/energia\\\/electricas\\\/el-recibo-de-la-luz-en-julio-vuelve-a-subir-de-nuevo\\\/#primaryimage\"},\"thumbnailUrl\":\"https:\\\/\\\/www.aquimicasa.net\\\/blog\\\/wp-content\\\/uploads\\\/instalaciones-electricas-2-1-e1493745261938.jpg\",\"keywords\":[\"FACUA-Consunidores en acc\u00edon\",\"Iberdrola\"],\"articleSection\":[\"Asociaciones de Consumidores\",\"El\u00e9ctricas\",\"Noticias Consumo\"],\"inLanguage\":\"es\",\"potentialAction\":[{\"@type\":\"CommentAction\",\"name\":\"Comment\",\"target\":[\"https:\\\/\\\/www.aquimicasa.net\\\/blog\\\/energia\\\/electricas\\\/el-recibo-de-la-luz-en-julio-vuelve-a-subir-de-nuevo\\\/#respond\"]}]},{\"@type\":\"WebPage\",\"@id\":\"https:\\\/\\\/www.aquimicasa.net\\\/blog\\\/energia\\\/electricas\\\/el-recibo-de-la-luz-en-julio-vuelve-a-subir-de-nuevo\\\/\",\"url\":\"https:\\\/\\\/www.aquimicasa.net\\\/blog\\\/energia\\\/electricas\\\/el-recibo-de-la-luz-en-julio-vuelve-a-subir-de-nuevo\\\/\",\"name\":\"El recibo de la luz de julio vuelve a subir de nuevo\",\"isPartOf\":{\"@id\":\"https:\\\/\\\/www.aquimicasa.net\\\/blog\\\/#website\"},\"primaryImageOfPage\":{\"@id\":\"https:\\\/\\\/www.aquimicasa.net\\\/blog\\\/energia\\\/electricas\\\/el-recibo-de-la-luz-en-julio-vuelve-a-subir-de-nuevo\\\/#primaryimage\"},\"image\":{\"@id\":\"https:\\\/\\\/www.aquimicasa.net\\\/blog\\\/energia\\\/electricas\\\/el-recibo-de-la-luz-en-julio-vuelve-a-subir-de-nuevo\\\/#primaryimage\"},\"thumbnailUrl\":\"https:\\\/\\\/www.aquimicasa.net\\\/blog\\\/wp-content\\\/uploads\\\/instalaciones-electricas-2-1-e1493745261938.jpg\",\"datePublished\":\"2018-07-31T21:57:10+00:00\",\"dateModified\":\"2020-04-02T16:18:19+00:00\",\"description\":\"El mes de julio finaliza con un recibo de la luz a\u00fan m\u00e1s caro que el mes anterior y una subida interanual del 9,1%.\",\"breadcrumb\":{\"@id\":\"https:\\\/\\\/www.aquimicasa.net\\\/blog\\\/energia\\\/electricas\\\/el-recibo-de-la-luz-en-julio-vuelve-a-subir-de-nuevo\\\/#breadcrumb\"},\"inLanguage\":\"es\",\"potentialAction\":[{\"@type\":\"ReadAction\",\"target\":[\"https:\\\/\\\/www.aquimicasa.net\\\/blog\\\/energia\\\/electricas\\\/el-recibo-de-la-luz-en-julio-vuelve-a-subir-de-nuevo\\\/\"]}]},{\"@type\":\"ImageObject\",\"inLanguage\":\"es\",\"@id\":\"https:\\\/\\\/www.aquimicasa.net\\\/blog\\\/energia\\\/electricas\\\/el-recibo-de-la-luz-en-julio-vuelve-a-subir-de-nuevo\\\/#primaryimage\",\"url\":\"https:\\\/\\\/www.aquimicasa.net\\\/blog\\\/wp-content\\\/uploads\\\/instalaciones-electricas-2-1-e1493745261938.jpg\",\"contentUrl\":\"https:\\\/\\\/www.aquimicasa.net\\\/blog\\\/wp-content\\\/uploads\\\/instalaciones-electricas-2-1-e1493745261938.jpg\",\"width\":360,\"height\":238},{\"@type\":\"BreadcrumbList\",\"@id\":\"https:\\\/\\\/www.aquimicasa.net\\\/blog\\\/energia\\\/electricas\\\/el-recibo-de-la-luz-en-julio-vuelve-a-subir-de-nuevo\\\/#breadcrumb\",\"itemListElement\":[{\"@type\":\"ListItem\",\"position\":1,\"name\":\"Portada\",\"item\":\"https:\\\/\\\/www.aquimicasa.net\\\/blog\\\/\"},{\"@type\":\"ListItem\",\"position\":2,\"name\":\"El recibo de la luz de julio vuelve a subir de nuevo\"}]},{\"@type\":\"WebSite\",\"@id\":\"https:\\\/\\\/www.aquimicasa.net\\\/blog\\\/#website\",\"url\":\"https:\\\/\\\/www.aquimicasa.net\\\/blog\\\/\",\"name\":\"Blog de aquimicasa.net\",\"description\":\"Noticias del Mundo Inmobiliario\",\"publisher\":{\"@id\":\"https:\\\/\\\/www.aquimicasa.net\\\/blog\\\/#organization\"},\"potentialAction\":[{\"@type\":\"SearchAction\",\"target\":{\"@type\":\"EntryPoint\",\"urlTemplate\":\"https:\\\/\\\/www.aquimicasa.net\\\/blog\\\/?s={search_term_string}\"},\"query-input\":{\"@type\":\"PropertyValueSpecification\",\"valueRequired\":true,\"valueName\":\"search_term_string\"}}],\"inLanguage\":\"es\"},{\"@type\":\"Organization\",\"@id\":\"https:\\\/\\\/www.aquimicasa.net\\\/blog\\\/#organization\",\"name\":\"Blog de aquimicasa.net\",\"url\":\"https:\\\/\\\/www.aquimicasa.net\\\/blog\\\/\",\"logo\":{\"@type\":\"ImageObject\",\"inLanguage\":\"es\",\"@id\":\"https:\\\/\\\/www.aquimicasa.net\\\/blog\\\/#\\\/schema\\\/logo\\\/image\\\/\",\"url\":\"https:\\\/\\\/www.aquimicasa.net\\\/blog\\\/wp-content\\\/uploads\\\/Logo-aquimicasa-1-e1528048213782.png\",\"contentUrl\":\"https:\\\/\\\/www.aquimicasa.net\\\/blog\\\/wp-content\\\/uploads\\\/Logo-aquimicasa-1-e1528048213782.png\",\"width\":225,\"height\":225,\"caption\":\"Blog de aquimicasa.net\"},\"image\":{\"@id\":\"https:\\\/\\\/www.aquimicasa.net\\\/blog\\\/#\\\/schema\\\/logo\\\/image\\\/\"},\"sameAs\":[\"https:\\\/\\\/www.facebook.com\\\/aquimicasa.net\",\"https:\\\/\\\/www.instagram.com\\\/\",\"https:\\\/\\\/x.com\\\/EduLizarragaD\",\"https:\\\/\\\/www.linkedin.com\\\/feed\\\/\"]},{\"@type\":\"Person\",\"@id\":\"https:\\\/\\\/www.aquimicasa.net\\\/blog\\\/#\\\/schema\\\/person\\\/2cdfa2605534583395c8d7ce1d6cac14\",\"name\":\"Eduardo Lizarraga\",\"image\":{\"@type\":\"ImageObject\",\"inLanguage\":\"es\",\"@id\":\"https:\\\/\\\/secure.gravatar.com\\\/avatar\\\/bdabe1eeeed97b65a9cb7de2edd624b07995f7e13abc5fead15961f745f908cc?s=96&d=mm&r=g\",\"url\":\"https:\\\/\\\/secure.gravatar.com\\\/avatar\\\/bdabe1eeeed97b65a9cb7de2edd624b07995f7e13abc5fead15961f745f908cc?s=96&d=mm&r=g\",\"contentUrl\":\"https:\\\/\\\/secure.gravatar.com\\\/avatar\\\/bdabe1eeeed97b65a9cb7de2edd624b07995f7e13abc5fead15961f745f908cc?s=96&d=mm&r=g\",\"caption\":\"Eduardo Lizarraga\"},\"description\":\"Periodista Econ\u00f3mico. Ha trabajado en diversos campos de la informaci\u00f3n. Corresponsal en conflictos, analista pol\u00edtico en Congreso y Senado, periodista del medio ambiente, editor, director editorial, director de comunicaci\u00f3n.... En estos momentos se ha especializado en el sector inmobiliario. Pero tambi\u00e9n es navegante y viajero, preocupado por la pobreza, el medio ambiente y por las actuaciones descontroladas del neoliberalismo empresarial y pol\u00edtico en todo el mundo. Los desahucios, la pobreza infantil y la falta de acceso a los suministros b\u00e1sicos son algunos de los grandes dramas de nuestra sociedad y que es preciso solucionar para hacerla m\u00e1s justa. CEO en www.aquimicasa.net\",\"sameAs\":[\"https:\\\/\\\/www.aquimicasa.net\\\/\"],\"url\":\"https:\\\/\\\/www.aquimicasa.net\\\/blog\\\/author\\\/eduardo\\\/\"}]}<\/script>\n<!-- \/ Yoast SEO plugin. -->","yoast_head_json":{"title":"El recibo de la luz de julio vuelve a subir de nuevo","description":"El mes de julio finaliza con un recibo de la luz a\u00fan m\u00e1s caro que el mes anterior y una subida interanual del 9,1%.","robots":{"index":"index","follow":"follow","max-snippet":"max-snippet:-1","max-image-preview":"max-image-preview:large","max-video-preview":"max-video-preview:-1"},"canonical":"https:\/\/www.aquimicasa.net\/blog\/energia\/electricas\/el-recibo-de-la-luz-en-julio-vuelve-a-subir-de-nuevo\/","og_locale":"es_ES","og_type":"article","og_title":"El recibo de la luz de julio vuelve a subir de nuevo","og_description":"El mes de julio finaliza con un recibo de la luz a\u00fan m\u00e1s caro que el mes anterior y una subida interanual del 9,1%.","og_url":"https:\/\/www.aquimicasa.net\/blog\/energia\/electricas\/el-recibo-de-la-luz-en-julio-vuelve-a-subir-de-nuevo\/","og_site_name":"Blog de aquimicasa.net","article_publisher":"https:\/\/www.facebook.com\/aquimicasa.net","article_published_time":"2018-07-31T21:57:10+00:00","article_modified_time":"2020-04-02T16:18:19+00:00","og_image":[{"width":360,"height":238,"url":"https:\/\/www.aquimicasa.net\/blog\/wp-content\/uploads\/instalaciones-electricas-2-1-e1493745261938.jpg","type":"image\/jpeg"}],"author":"Eduardo Lizarraga","twitter_misc":{"Escrito por":"Eduardo Lizarraga","Tiempo de lectura":"2 minutos"},"schema":{"@context":"https:\/\/schema.org","@graph":[{"@type":"Article","@id":"https:\/\/www.aquimicasa.net\/blog\/energia\/electricas\/el-recibo-de-la-luz-en-julio-vuelve-a-subir-de-nuevo\/#article","isPartOf":{"@id":"https:\/\/www.aquimicasa.net\/blog\/energia\/electricas\/el-recibo-de-la-luz-en-julio-vuelve-a-subir-de-nuevo\/"},"author":{"name":"Eduardo Lizarraga","@id":"https:\/\/www.aquimicasa.net\/blog\/#\/schema\/person\/2cdfa2605534583395c8d7ce1d6cac14"},"headline":"El recibo de la luz de julio vuelve a subir de nuevo","datePublished":"2018-07-31T21:57:10+00:00","dateModified":"2020-04-02T16:18:19+00:00","mainEntityOfPage":{"@id":"https:\/\/www.aquimicasa.net\/blog\/energia\/electricas\/el-recibo-de-la-luz-en-julio-vuelve-a-subir-de-nuevo\/"},"wordCount":464,"commentCount":0,"publisher":{"@id":"https:\/\/www.aquimicasa.net\/blog\/#organization"},"image":{"@id":"https:\/\/www.aquimicasa.net\/blog\/energia\/electricas\/el-recibo-de-la-luz-en-julio-vuelve-a-subir-de-nuevo\/#primaryimage"},"thumbnailUrl":"https:\/\/www.aquimicasa.net\/blog\/wp-content\/uploads\/instalaciones-electricas-2-1-e1493745261938.jpg","keywords":["FACUA-Consunidores en acc\u00edon","Iberdrola"],"articleSection":["Asociaciones de Consumidores","El\u00e9ctricas","Noticias Consumo"],"inLanguage":"es","potentialAction":[{"@type":"CommentAction","name":"Comment","target":["https:\/\/www.aquimicasa.net\/blog\/energia\/electricas\/el-recibo-de-la-luz-en-julio-vuelve-a-subir-de-nuevo\/#respond"]}]},{"@type":"WebPage","@id":"https:\/\/www.aquimicasa.net\/blog\/energia\/electricas\/el-recibo-de-la-luz-en-julio-vuelve-a-subir-de-nuevo\/","url":"https:\/\/www.aquimicasa.net\/blog\/energia\/electricas\/el-recibo-de-la-luz-en-julio-vuelve-a-subir-de-nuevo\/","name":"El recibo de la luz de julio vuelve a subir de nuevo","isPartOf":{"@id":"https:\/\/www.aquimicasa.net\/blog\/#website"},"primaryImageOfPage":{"@id":"https:\/\/www.aquimicasa.net\/blog\/energia\/electricas\/el-recibo-de-la-luz-en-julio-vuelve-a-subir-de-nuevo\/#primaryimage"},"image":{"@id":"https:\/\/www.aquimicasa.net\/blog\/energia\/electricas\/el-recibo-de-la-luz-en-julio-vuelve-a-subir-de-nuevo\/#primaryimage"},"thumbnailUrl":"https:\/\/www.aquimicasa.net\/blog\/wp-content\/uploads\/instalaciones-electricas-2-1-e1493745261938.jpg","datePublished":"2018-07-31T21:57:10+00:00","dateModified":"2020-04-02T16:18:19+00:00","description":"El mes de julio finaliza con un recibo de la luz a\u00fan m\u00e1s caro que el mes anterior y una subida interanual del 9,1%.","breadcrumb":{"@id":"https:\/\/www.aquimicasa.net\/blog\/energia\/electricas\/el-recibo-de-la-luz-en-julio-vuelve-a-subir-de-nuevo\/#breadcrumb"},"inLanguage":"es","potentialAction":[{"@type":"ReadAction","target":["https:\/\/www.aquimicasa.net\/blog\/energia\/electricas\/el-recibo-de-la-luz-en-julio-vuelve-a-subir-de-nuevo\/"]}]},{"@type":"ImageObject","inLanguage":"es","@id":"https:\/\/www.aquimicasa.net\/blog\/energia\/electricas\/el-recibo-de-la-luz-en-julio-vuelve-a-subir-de-nuevo\/#primaryimage","url":"https:\/\/www.aquimicasa.net\/blog\/wp-content\/uploads\/instalaciones-electricas-2-1-e1493745261938.jpg","contentUrl":"https:\/\/www.aquimicasa.net\/blog\/wp-content\/uploads\/instalaciones-electricas-2-1-e1493745261938.jpg","width":360,"height":238},{"@type":"BreadcrumbList","@id":"https:\/\/www.aquimicasa.net\/blog\/energia\/electricas\/el-recibo-de-la-luz-en-julio-vuelve-a-subir-de-nuevo\/#breadcrumb","itemListElement":[{"@type":"ListItem","position":1,"name":"Portada","item":"https:\/\/www.aquimicasa.net\/blog\/"},{"@type":"ListItem","position":2,"name":"El recibo de la luz de julio vuelve a subir de nuevo"}]},{"@type":"WebSite","@id":"https:\/\/www.aquimicasa.net\/blog\/#website","url":"https:\/\/www.aquimicasa.net\/blog\/","name":"Blog de aquimicasa.net","description":"Noticias del Mundo Inmobiliario","publisher":{"@id":"https:\/\/www.aquimicasa.net\/blog\/#organization"},"potentialAction":[{"@type":"SearchAction","target":{"@type":"EntryPoint","urlTemplate":"https:\/\/www.aquimicasa.net\/blog\/?s={search_term_string}"},"query-input":{"@type":"PropertyValueSpecification","valueRequired":true,"valueName":"search_term_string"}}],"inLanguage":"es"},{"@type":"Organization","@id":"https:\/\/www.aquimicasa.net\/blog\/#organization","name":"Blog de aquimicasa.net","url":"https:\/\/www.aquimicasa.net\/blog\/","logo":{"@type":"ImageObject","inLanguage":"es","@id":"https:\/\/www.aquimicasa.net\/blog\/#\/schema\/logo\/image\/","url":"https:\/\/www.aquimicasa.net\/blog\/wp-content\/uploads\/Logo-aquimicasa-1-e1528048213782.png","contentUrl":"https:\/\/www.aquimicasa.net\/blog\/wp-content\/uploads\/Logo-aquimicasa-1-e1528048213782.png","width":225,"height":225,"caption":"Blog de aquimicasa.net"},"image":{"@id":"https:\/\/www.aquimicasa.net\/blog\/#\/schema\/logo\/image\/"},"sameAs":["https:\/\/www.facebook.com\/aquimicasa.net","https:\/\/www.instagram.com\/","https:\/\/x.com\/EduLizarragaD","https:\/\/www.linkedin.com\/feed\/"]},{"@type":"Person","@id":"https:\/\/www.aquimicasa.net\/blog\/#\/schema\/person\/2cdfa2605534583395c8d7ce1d6cac14","name":"Eduardo Lizarraga","image":{"@type":"ImageObject","inLanguage":"es","@id":"https:\/\/secure.gravatar.com\/avatar\/bdabe1eeeed97b65a9cb7de2edd624b07995f7e13abc5fead15961f745f908cc?s=96&d=mm&r=g","url":"https:\/\/secure.gravatar.com\/avatar\/bdabe1eeeed97b65a9cb7de2edd624b07995f7e13abc5fead15961f745f908cc?s=96&d=mm&r=g","contentUrl":"https:\/\/secure.gravatar.com\/avatar\/bdabe1eeeed97b65a9cb7de2edd624b07995f7e13abc5fead15961f745f908cc?s=96&d=mm&r=g","caption":"Eduardo Lizarraga"},"description":"Periodista Econ\u00f3mico. Ha trabajado en diversos campos de la informaci\u00f3n. Corresponsal en conflictos, analista pol\u00edtico en Congreso y Senado, periodista del medio ambiente, editor, director editorial, director de comunicaci\u00f3n.... En estos momentos se ha especializado en el sector inmobiliario. Pero tambi\u00e9n es navegante y viajero, preocupado por la pobreza, el medio ambiente y por las actuaciones descontroladas del neoliberalismo empresarial y pol\u00edtico en todo el mundo. Los desahucios, la pobreza infantil y la falta de acceso a los suministros b\u00e1sicos son algunos de los grandes dramas de nuestra sociedad y que es preciso solucionar para hacerla m\u00e1s justa. CEO en www.aquimicasa.net","sameAs":["https:\/\/www.aquimicasa.net\/"],"url":"https:\/\/www.aquimicasa.net\/blog\/author\/eduardo\/"}]}},"jetpack_publicize_connections":[],"jetpack_featured_media_url":"https:\/\/www.aquimicasa.net\/blog\/wp-content\/uploads\/instalaciones-electricas-2-1-e1493745261938.jpg","jetpack_sharing_enabled":true,"jetpack_likes_enabled":true,"_links":{"self":[{"href":"https:\/\/www.aquimicasa.net\/blog\/wp-json\/wp\/v2\/posts\/21249","targetHints":{"allow":["GET"]}}],"collection":[{"href":"https:\/\/www.aquimicasa.net\/blog\/wp-json\/wp\/v2\/posts"}],"about":[{"href":"https:\/\/www.aquimicasa.net\/blog\/wp-json\/wp\/v2\/types\/post"}],"author":[{"embeddable":true,"href":"https:\/\/www.aquimicasa.net\/blog\/wp-json\/wp\/v2\/users\/3"}],"replies":[{"embeddable":true,"href":"https:\/\/www.aquimicasa.net\/blog\/wp-json\/wp\/v2\/comments?post=21249"}],"version-history":[{"count":3,"href":"https:\/\/www.aquimicasa.net\/blog\/wp-json\/wp\/v2\/posts\/21249\/revisions"}],"predecessor-version":[{"id":21252,"href":"https:\/\/www.aquimicasa.net\/blog\/wp-json\/wp\/v2\/posts\/21249\/revisions\/21252"}],"wp:featuredmedia":[{"embeddable":true,"href":"https:\/\/www.aquimicasa.net\/blog\/wp-json\/wp\/v2\/media\/15776"}],"wp:attachment":[{"href":"https:\/\/www.aquimicasa.net\/blog\/wp-json\/wp\/v2\/media?parent=21249"}],"wp:term":[{"taxonomy":"category","embeddable":true,"href":"https:\/\/www.aquimicasa.net\/blog\/wp-json\/wp\/v2\/categories?post=21249"},{"taxonomy":"post_tag","embeddable":true,"href":"https:\/\/www.aquimicasa.net\/blog\/wp-json\/wp\/v2\/tags?post=21249"}],"curies":[{"name":"wp","href":"https:\/\/api.w.org\/{rel}","templated":true}]}}