{"id":22818,"date":"2018-12-05T10:38:12","date_gmt":"2018-12-05T09:38:12","guid":{"rendered":"https:\/\/www.aquimicasa.net\/blog\/?p=22818"},"modified":"2020-04-02T18:44:26","modified_gmt":"2020-04-02T16:44:26","slug":"mirada-de-los-ninos","status":"publish","type":"post","link":"https:\/\/www.aquimicasa.net\/blog\/vivienda\/desahucio\/mirada-de-los-ninos\/","title":{"rendered":"La profunda mirada de los ni\u00f1os en el desahucio de sus casas"},"content":{"rendered":"<p>Los d\u00edas de noviembre han sido unas semanas en las que<strong> los desahucios<\/strong>, su crudeza y consecuencias han vuelto a saltar a las primeras p\u00e1ginas de los peri\u00f3dicos, asom\u00e1ndose a la vez desde la pantalla del\u00a0 televisor. El asalto a los medios comenz\u00f3 con la noticia de que el Juzgado de Instrucci\u00f3n y Primera Instancia n\u00ba 3 de Legan\u00e9s, aplazaba el desahucio de una familia numerosa, con dos miembros con discapacidad, tras recibir las medidas cautelares solicitadas por el <strong>Comit\u00e9 de Derechos Econ\u00f3micos, Sociales y Culturales (CDESC<\/strong>) del alto comisionado de la ONU,\u00a0 que ped\u00eda la paralizaci\u00f3n del desahucio. Una semana despu\u00e9s <strong>Alicia,<\/strong> una mujer de 65 a\u00f1os<strong>,<\/strong> saltaba desde el balc\u00f3n de su casa, en una quinta planta, cuando la comitiva judicial tocaba el timbre de su puerta. Hace tres d\u00edas el desahucio de <strong>Mari<\/strong>, una anciana de 99 a\u00f1os, conmov\u00eda a todo el pa\u00eds.<\/p>\n<p><strong>Los desahucios no se han ido<\/strong>, contin\u00faan ah\u00ed, ocultos tras el desinter\u00e9s y el caudal informativo diario, pero podr\u00eda producirse un verdadero tsunami de casos, si el Congreso no elimina la retroactividad en la <strong>cl\u00e1usula de vencimiento anticipado<\/strong> que quieren imponer <strong>PP, Ciudadanos <\/strong>y<strong> PSOE<\/strong> en el nuevo contrato hipotecario.<\/p>\n<p>Hace ya casi un a\u00f1o que no acompa\u00f1o a la <strong>PAH<\/strong> en alguna de sus convocatorias de paralizaci\u00f3n. Y no es por la <strong>Ley Mordaza<\/strong>, que los a\u00f1os que tengo ya me permitieron bregar con los grises, la brutalidad de sus porras y el obligado silencio que impon\u00eda el franquismo en sus estertores. Es, por un lado, el sentimiento de impotencia ante la <strong>brutalidad financiera<\/strong>, tambi\u00e9n por los gritos que dan los enseres y colchones desperdigados por las aceras y, sobre todo, por esa mirada que tienen los ni\u00f1os, v\u00edctimas de algo que no entienden y que te lacera el alma con un sollozo silencioso que te hiere para siempre.<\/p>\n<p>Los <strong>ni\u00f1os<\/strong>\u2026uno o varios, cuando los veo en la calle, bajo la que fue su casa y que no entienden porque ya no lo es, las l\u00e1grimas irrumpen en mis ojos y me obligan a mirar al vac\u00edo, para no verlos, con cobard\u00eda vergonzante porque no puedo hacer casi nada para cambiar la tragedia y la impotencia me vence. Alguno llora, la mayor\u00eda no dicen nada, est\u00e1n quietos, entre sus bolsas y maletas, mirando asustados, con alg\u00fan juguete en sus manos que les sostiene cuando todo se derrumba.<\/p>\n<p>La <strong>Constituci\u00f3n<\/strong> en su art\u00edculo 33 protege y consagra en Espa\u00f1a la propiedad privada. Propiedad supeditada al inter\u00e9s general por su funci\u00f3n social.\u00a0 Esta misma<strong> Constituci\u00f3<\/strong>n en su <strong>art\u00edculo 47<\/strong> nos dice que todos los espa\u00f1oles tienen derecho a disfrutar de una vivienda digna y adecuada, siendo los poderes p\u00fablicos los que deben asegurar la protecci\u00f3n social econ\u00f3mica y jur\u00eddica de la familia. Por otra parte, el estado est\u00e1 obligado a respetar los derechos de los ni\u00f1os reconocidos en los acuerdos internacionales.<\/p>\n<p>La panoplia legal existente es amplia, pero se queda en verborrea y papel mojado en un pa\u00eds que carece de la vivienda social necesaria para dar cobertura a todos los casos en que se conculca el derecho a un hogar.<\/p>\n<p>\u2013\u00a0\u00a0\u00a0\u00a0\u00a0\u00a0\u00a0\u00a0\u00a0 <a href=\"http:\/\/www.congreso.es\/consti\/constitucion\/indice\/titulos\/articulos.jsp?ini=47&amp;tipo=2\"  rel=\"nofollow noopener\">Art. 47 de la\u00a0Constituci\u00f3n espa\u00f1ola<\/a>: \u201cTodos los espa\u00f1oles tienen derecho a disfrutar de una vivienda digna y adecuada. Los poderes p\u00fablicos promover\u00e1n las condiciones necesarias y establecer\u00e1n las normas pertinentes para hacer efectivo este derecho, regulando la utilizaci\u00f3n del suelo de acuerdo con el inter\u00e9s general para impedir la especulaci\u00f3n\u201d.<\/p>\n<p>\u2013\u00a0\u00a0\u00a0\u00a0\u00a0\u00a0\u00a0\u00a0\u00a0 <a href=\"https:\/\/www.boe.es\/buscar\/pdf\/1996\/BOE-A-1996-1069-consolidado.pdf\"  rel=\"nofollow noopener\">Art. 2 de la\u00a0<\/a><u><a href=\"https:\/\/www.boe.es\/buscar\/pdf\/1996\/BOE-A-1996-1069-consolidado.pdf\"  rel=\"nofollow noopener\">Ley Org\u00e1nica 1\/1996, de 15 de enero<\/a>, de Protecci\u00f3n Jur\u00eddica del Menor<\/u> que proclama entre los principios b\u00e1sicos la primac\u00eda del inter\u00e9s superior de los menores sobre cualquier otro que pudiera concurrir.<\/p>\n<p>\u2013\u00a0\u00a0\u00a0\u00a0\u00a0\u00a0\u00a0\u00a0\u00a0 <a href=\"https:\/\/www.boe.es\/buscar\/pdf\/1996\/BOE-A-1996-1069-consolidado.pdf\"  rel=\"nofollow noopener\">Art. 3 de la Ley Org\u00e1nica 1\/1996, de 15 de enero<\/a>, de <strong>Protecci\u00f3n Jur\u00eddica del Menor<\/strong>, que proclama que \u201clos menores gozar\u00e1n de los derechos que les reconoce la Constituci\u00f3n y los Tratados Internacionales de los que Espa\u00f1a sea parte, especialmente la <strong>Convenci\u00f3n de Derechos del Ni\u00f1o de Naciones Unidas<\/strong> y los dem\u00e1s derechos garantizados en el ordenamiento jur\u00eddico, sin discriminaci\u00f3n alguna por raz\u00f3n de nacimiento, nacionalidad, raza, sexo, deficiencia o enfermedad, religi\u00f3n, lengua, cultura, opini\u00f3n o cualquier otra circunstancia personal, familiar o social\u201d. A\u00f1ade\u00a0 el art\u00edculo que \u201clos poderes p\u00fablicos garantizar\u00e1n el respeto de los derechos de los menores y adecuar\u00e1n sus actuaciones a la presente Ley y a la mencionada normativa internacional\u201d.<\/p>\n<p>\u2013\u00a0\u00a0\u00a0\u00a0\u00a0\u00a0\u00a0\u00a0\u00a0 <a href=\"https:\/\/www.boe.es\/buscar\/pdf\/1996\/BOE-A-1996-1069-consolidado.pdf\"  rel=\"nofollow noopener\">Art. 13.1 de la Ley Org\u00e1nica 1\/1996, de 15 de enero<\/a>, de <strong>Protecci\u00f3n Jur\u00eddica del Menor<\/strong>, que obliga a toda persona o autoridad, y especialmente a aquellos que, por su profesi\u00f3n o funci\u00f3n, detecten una situaci\u00f3n de riesgo o posible desamparo de un menor, lo comuniquen a la autoridad o sus agentes m\u00e1s pr\u00f3ximos, sin perjuicio de prestarle el auxilio inmediato que precise.<\/p>\n<p>\u2013\u00a0\u00a0\u00a0\u00a0\u00a0\u00a0\u00a0\u00a0\u00a0 <a href=\"https:\/\/www.unicef.org\/ecuador\/convencion.pdf\"  rel=\"nofollow noopener\">Art. 27.1 de la\u00a0Convenci\u00f3n de 20 de noviembre de 1989 sobre los Derechos del Ni\u00f1o, adoptada por la Asamblea General de las Naciones Unidas,<\/a> que dispone que los Estados parte reconocen el derecho de todo ni\u00f1o a un \u201cnivel de vida adecuado para su desarrollo f\u00edsico, mental, espiritual, moral y social\u201d.<\/p>\n<p>Sin embargo, nada de esto es cierto ante el \u00a0<strong>derecho a la propiedad<\/strong> y el <strong>desahucio<\/strong> para ejercerlo. Los derechos chocan entre ellos y siempre prevalece el de las entidades financieras y particulares, que pone en la calle a los ni\u00f1os y a sus padres. A pesar de los acuerdos internacionales, del art\u00edculo 47, del 39 y de todos los que vengan detr\u00e1s.<\/p>\n<p>Vemos todos los d\u00edas que los ni\u00f1os en nuestra sociedad est\u00e1n protegidos del maltrato y del acoso, de las rupturas familiares y de los abusos, cualesquiera que puedan ser estos, salvo si son causados por un banco en defensa de su derecho a la propiedad. Aqu\u00ed <strong>desaparecen los juzgados de familia<\/strong>, el <strong>fiscal de menores<\/strong> no existe, el <strong>Defensor del Menor<\/strong> est\u00e1 en otro sitio, la polic\u00eda que debiera defenderles aporrea a sus padres&#8230;\u00a0 y el inter\u00e9s por su futuro y bienestar desaparece. Los ni\u00f1os se vuelven invisibles.<\/p>\n<p>Pero a pesar de ser los <strong>bancos<\/strong> los principales ejecutores, con centenares de miles de viviendas en sus manos y una obligaci\u00f3n social que no reconocen, no son con ello los \u00fanicos culpables de la situaci\u00f3n, aunque se beneficien de ella. Es el <strong>Estado espa\u00f1ol<\/strong>, siempre en manos de Gobiernos m\u00e1s preocupados por no colisionar con los intereses econ\u00f3micos de empresas y particulares que el de dar cumplimiento a nuestra <strong>Constituci\u00f3n<\/strong>, \u00a0el que ha propiciado que nuestro pa\u00eds est\u00e9 a la cola del <strong>alquiler social<\/strong> en Europa.<\/p>\n<p>En 2017 solo se adjudicaron 5.375 casas de protecci\u00f3n oficial y de ellas \u00fanicamente el 2,5% de los pisos fueron de <strong>alquiler social<\/strong>, frente al 17% en Francia y el 30% en Pa\u00edses Bajos. Es decir, m\u00e1s del 96,6% de los pisos de protecci\u00f3n, ya sean de promoci\u00f3n p\u00fablica o privada, se ceden en r\u00e9gimen de propiedad, y solo el 3,3% se destinan al alquiler. Con ello la <strong>alternativa habitacional<\/strong> a la p\u00e9rdida de la vivienda por desahucio desaparece. Podemos poner entre par\u00e9ntesis casos sangrantes, como la venta de vivienda p\u00fablica por \u201cno necesaria\u201d que realizaron a fondos buitre, tanto el Ayuntamiento como la Comunidad de Madrid, en manos del <strong>Partido Popular\u00a0<\/strong>y que ahora est\u00e1 en los tribunales.<\/p>\n<p>Vivimos en una sociedad de hipocres\u00eda y postureo, en la que se nos llena la boca con los <strong>derechos de los ni\u00f1os<\/strong>, la reagrupaci\u00f3n familiar y el <strong>art\u00edculo 47 de la Constituci\u00f3n<\/strong>, pero luego permitimos con nuestros votos que los partidos pol\u00edticos prioricen los derechos de<strong> propiedad de las entidades financieras<\/strong> a unas viviendas, haciendo caso omiso a su utilizaci\u00f3n social. La responsabilidad del Estado es poner los medios para que exista una <strong>alternativa habitaciona<\/strong>l ante cualquier <strong>desahucio<\/strong>, respetando la unidad familiar y los <strong>derechos de los ni\u00f1os<\/strong> si los hubiere. E<strong> imposibilitar el desahucio<\/strong> por Ley, hasta que esta condici\u00f3n se cumpla. Obligando a los pol\u00edticos a hacerlo, podremos suavizar nuestras conciencias y conseguir que la mirada de los ni\u00f1os en la calle no nos rompan el alma.<\/p>\n<p>&nbsp;<\/p>\n<p><img decoding=\"async\" class=\"alignnone size-thumbnail wp-image-11756\" src=\"https:\/\/www.aquimicasa.net\/blog\/wp-content\/uploads\/8fa465d5-826e-469d-9120-c066626ddd9d-e1468013202474-150x112.jpg\" alt=\"\" width=\"150\" height=\"112\" srcset=\"https:\/\/www.aquimicasa.net\/blog\/wp-content\/uploads\/8fa465d5-826e-469d-9120-c066626ddd9d-e1468013202474-150x112.jpg 150w, https:\/\/www.aquimicasa.net\/blog\/wp-content\/uploads\/8fa465d5-826e-469d-9120-c066626ddd9d-e1468013202474.jpg 200w\" sizes=\"(max-width: 150px) 100vw, 150px\" \/><\/p>\n<p>Eduardo Lizarraga<\/p>\n<p>WWW.AQUIMICASA.NET<\/p>\n<p>&nbsp;<\/p>\n<p><strong>\u00a0<\/strong><\/p>\n<table style=\"font-weight: 400;\">\n<tbody>\n<tr>\n<td colspan=\"2\" width=\"340\"><b><strong>RANKING DE PISOS DE ALQUILER SOCIAL<\/strong><\/b><\/p>\n<p><b><strong>EN EUROPA<\/strong><\/b><\/p>\n<p><b><strong>(% sobre el parque total de la vivienda)<\/strong><\/b><\/td>\n<\/tr>\n<tr>\n<td width=\"227\"><b><strong>Pa\u00eds<\/strong><\/b><\/td>\n<td width=\"113\"><b><strong>Porcentaje<\/strong><\/b><\/td>\n<\/tr>\n<tr>\n<td width=\"227\">Holanda<\/td>\n<td width=\"113\">35%<\/td>\n<\/tr>\n<tr>\n<td width=\"227\">Austria<\/td>\n<td width=\"113\">21%<\/td>\n<\/tr>\n<tr>\n<td width=\"227\">Suecia<\/td>\n<td width=\"113\">21%<\/td>\n<\/tr>\n<tr>\n<td width=\"227\">Dinamarca<\/td>\n<td width=\"113\">20%<\/td>\n<\/tr>\n<tr>\n<td width=\"227\">Francia<\/td>\n<td width=\"113\">19%<\/td>\n<\/tr>\n<tr>\n<td width=\"227\">Finlandia<\/td>\n<td width=\"113\">18%<\/td>\n<\/tr>\n<tr>\n<td width=\"227\">Rep\u00fablica Checa<\/td>\n<td width=\"113\">13%<\/td>\n<\/tr>\n<tr>\n<td width=\"227\">Polonia<\/td>\n<td width=\"113\">12%<\/td>\n<\/tr>\n<tr>\n<td width=\"227\">Reino Unido<\/td>\n<td width=\"113\">10%<\/td>\n<\/tr>\n<tr>\n<td width=\"227\">Irlanda<\/td>\n<td width=\"113\">8%<\/td>\n<\/tr>\n<tr>\n<td width=\"227\">B\u00e9lgica<\/td>\n<td width=\"113\">7%<\/td>\n<\/tr>\n<tr>\n<td width=\"227\">Alemania<\/td>\n<td width=\"113\">6%<\/td>\n<\/tr>\n<tr>\n<td width=\"227\">Italia<\/td>\n<td width=\"113\">5%<\/td>\n<\/tr>\n<tr>\n<td width=\"227\">Hungr\u00eda<\/td>\n<td width=\"113\">4%<\/td>\n<\/tr>\n<tr>\n<td width=\"227\">Portugal<\/td>\n<td width=\"113\">3%<\/td>\n<\/tr>\n<tr>\n<td width=\"227\">Luxemburgo<\/td>\n<td width=\"113\">2%<\/td>\n<\/tr>\n<tr>\n<td width=\"227\"><b><strong>Espa\u00f1a<\/strong><\/b><\/td>\n<td width=\"113\"><b><strong>1%<\/strong><\/b><\/td>\n<\/tr>\n<\/tbody>\n<\/table>\n<p style=\"font-weight: 400;\">Cabe se\u00f1alar, en ese sentido, que mientras en Espa\u00f1a el 65% de los j\u00f3venes de entre 25 y 29 a\u00f1os vive con sus padres, en Francia, Holanda y Reino Unido esta proporci\u00f3n se mueve entre el 20% y el 22%, seg\u00fan datos de un informe de la Fundaci\u00f3n de Estudios de Econom\u00eda Aplicada (Fedea).<\/p>\n<p>&nbsp;<\/p>\n","protected":false},"excerpt":{"rendered":"<p>Las pasadas han sido unas semanas en las que los desahucios, su crudeza y consecuencias han vuelto a saltar a las primeras p\u00e1ginas de los peri\u00f3dicos, asom\u00e1ndose a la vez desde la pantalla del\u00a0 televisor.<\/p>\n","protected":false},"author":3,"featured_media":22820,"comment_status":"open","ping_status":"open","sticky":false,"template":"","format":"standard","meta":{"_jetpack_memberships_contains_paid_content":false,"footnotes":"","jetpack_publicize_message":"","jetpack_publicize_feature_enabled":true,"jetpack_social_post_already_shared":true,"jetpack_social_options":{"image_generator_settings":{"template":"highway","default_image_id":0,"font":"","enabled":false},"version":2}},"categories":[120,46,100,25,104,7564,7565,96,489,28],"tags":[135,718,1748],"class_list":["post-22818","post","type-post","status-publish","format-standard","has-post-thumbnail","hentry","category-alquileres","category-bancos","category-compraventa-de-viviendas","category-desahucio","category-leyes","category-noticias-economia","category-noticias-mercado-inmobiliario","category-construccion-de-viviendas","category-partidos","category-plataforma-de-afectados-por-la-hipoteca","tag-alquiler-social","tag-emergencia-habitacional","tag-vivienda-social"],"yoast_head":"<!-- This site is optimized with the Yoast SEO plugin v27.4 - https:\/\/yoast.com\/product\/yoast-seo-wordpress\/ -->\n<title>La profunda mirada de los ni\u00f1os en el desahucio de sus casas<\/title>\n<meta name=\"description\" content=\"Esa mirada que tienen los ni\u00f1os, v\u00edctimas de algo que no entienden y que te lacera el alma con un sollozo silencioso que te hiere para siempre\" \/>\n<meta name=\"robots\" content=\"index, follow, max-snippet:-1, max-image-preview:large, max-video-preview:-1\" \/>\n<link rel=\"canonical\" href=\"https:\/\/www.aquimicasa.net\/blog\/vivienda\/desahucio\/mirada-de-los-ninos\/\" \/>\n<meta property=\"og:locale\" content=\"es_ES\" \/>\n<meta property=\"og:type\" content=\"article\" \/>\n<meta property=\"og:title\" content=\"La profunda mirada de los ni\u00f1os en el desahucio de sus casas\" \/>\n<meta property=\"og:description\" content=\"Esa mirada que tienen los ni\u00f1os, v\u00edctimas de algo que no entienden y que te lacera el alma con un sollozo silencioso que te hiere para siempre\" \/>\n<meta property=\"og:url\" content=\"https:\/\/www.aquimicasa.net\/blog\/vivienda\/desahucio\/mirada-de-los-ninos\/\" \/>\n<meta property=\"og:site_name\" content=\"Blog de aquimicasa.net\" \/>\n<meta property=\"article:publisher\" content=\"https:\/\/www.facebook.com\/aquimicasa.net\" \/>\n<meta property=\"article:published_time\" content=\"2018-12-05T09:38:12+00:00\" \/>\n<meta property=\"article:modified_time\" content=\"2020-04-02T16:44:26+00:00\" \/>\n<meta property=\"og:image\" content=\"https:\/\/www.aquimicasa.net\/blog\/wp-content\/uploads\/Desahucio4-e1544000391374.jpg\" \/>\n\t<meta property=\"og:image:width\" content=\"350\" \/>\n\t<meta property=\"og:image:height\" content=\"233\" \/>\n\t<meta property=\"og:image:type\" content=\"image\/jpeg\" \/>\n<meta name=\"author\" content=\"Eduardo Lizarraga\" \/>\n<meta name=\"twitter:label1\" content=\"Escrito por\" \/>\n\t<meta name=\"twitter:data1\" content=\"Eduardo Lizarraga\" \/>\n\t<meta name=\"twitter:label2\" content=\"Tiempo de lectura\" \/>\n\t<meta name=\"twitter:data2\" content=\"8 minutos\" \/>\n<script type=\"application\/ld+json\" class=\"yoast-schema-graph\">{\"@context\":\"https:\\\/\\\/schema.org\",\"@graph\":[{\"@type\":\"Article\",\"@id\":\"https:\\\/\\\/www.aquimicasa.net\\\/blog\\\/vivienda\\\/desahucio\\\/mirada-de-los-ninos\\\/#article\",\"isPartOf\":{\"@id\":\"https:\\\/\\\/www.aquimicasa.net\\\/blog\\\/vivienda\\\/desahucio\\\/mirada-de-los-ninos\\\/\"},\"author\":{\"name\":\"Eduardo Lizarraga\",\"@id\":\"https:\\\/\\\/www.aquimicasa.net\\\/blog\\\/#\\\/schema\\\/person\\\/2cdfa2605534583395c8d7ce1d6cac14\"},\"headline\":\"La profunda mirada de los ni\u00f1os en el desahucio de sus casas\",\"datePublished\":\"2018-12-05T09:38:12+00:00\",\"dateModified\":\"2020-04-02T16:44:26+00:00\",\"mainEntityOfPage\":{\"@id\":\"https:\\\/\\\/www.aquimicasa.net\\\/blog\\\/vivienda\\\/desahucio\\\/mirada-de-los-ninos\\\/\"},\"wordCount\":1542,\"commentCount\":0,\"publisher\":{\"@id\":\"https:\\\/\\\/www.aquimicasa.net\\\/blog\\\/#organization\"},\"image\":{\"@id\":\"https:\\\/\\\/www.aquimicasa.net\\\/blog\\\/vivienda\\\/desahucio\\\/mirada-de-los-ninos\\\/#primaryimage\"},\"thumbnailUrl\":\"https:\\\/\\\/www.aquimicasa.net\\\/blog\\\/wp-content\\\/uploads\\\/Desahucio4-e1544000391374.jpg\",\"keywords\":[\"alquiler social\",\"emergencia habitacional\",\"vivienda social\"],\"articleSection\":[\"Alquiler\",\"Bancos\",\"Compra Venta\",\"Desahucios\",\"Leyes\",\"Noticias Econom\u00eda\",\"Noticias Mercado Inmobiliario\",\"Obra Nueva\",\"Partidos\",\"Plataforma de Afectados por la Hipoteca\"],\"inLanguage\":\"es\",\"potentialAction\":[{\"@type\":\"CommentAction\",\"name\":\"Comment\",\"target\":[\"https:\\\/\\\/www.aquimicasa.net\\\/blog\\\/vivienda\\\/desahucio\\\/mirada-de-los-ninos\\\/#respond\"]}]},{\"@type\":\"WebPage\",\"@id\":\"https:\\\/\\\/www.aquimicasa.net\\\/blog\\\/vivienda\\\/desahucio\\\/mirada-de-los-ninos\\\/\",\"url\":\"https:\\\/\\\/www.aquimicasa.net\\\/blog\\\/vivienda\\\/desahucio\\\/mirada-de-los-ninos\\\/\",\"name\":\"La profunda mirada de los ni\u00f1os en el desahucio de sus casas\",\"isPartOf\":{\"@id\":\"https:\\\/\\\/www.aquimicasa.net\\\/blog\\\/#website\"},\"primaryImageOfPage\":{\"@id\":\"https:\\\/\\\/www.aquimicasa.net\\\/blog\\\/vivienda\\\/desahucio\\\/mirada-de-los-ninos\\\/#primaryimage\"},\"image\":{\"@id\":\"https:\\\/\\\/www.aquimicasa.net\\\/blog\\\/vivienda\\\/desahucio\\\/mirada-de-los-ninos\\\/#primaryimage\"},\"thumbnailUrl\":\"https:\\\/\\\/www.aquimicasa.net\\\/blog\\\/wp-content\\\/uploads\\\/Desahucio4-e1544000391374.jpg\",\"datePublished\":\"2018-12-05T09:38:12+00:00\",\"dateModified\":\"2020-04-02T16:44:26+00:00\",\"description\":\"Esa mirada que tienen los ni\u00f1os, v\u00edctimas de algo que no entienden y que te lacera el alma con un sollozo silencioso que te hiere para siempre\",\"breadcrumb\":{\"@id\":\"https:\\\/\\\/www.aquimicasa.net\\\/blog\\\/vivienda\\\/desahucio\\\/mirada-de-los-ninos\\\/#breadcrumb\"},\"inLanguage\":\"es\",\"potentialAction\":[{\"@type\":\"ReadAction\",\"target\":[\"https:\\\/\\\/www.aquimicasa.net\\\/blog\\\/vivienda\\\/desahucio\\\/mirada-de-los-ninos\\\/\"]}]},{\"@type\":\"ImageObject\",\"inLanguage\":\"es\",\"@id\":\"https:\\\/\\\/www.aquimicasa.net\\\/blog\\\/vivienda\\\/desahucio\\\/mirada-de-los-ninos\\\/#primaryimage\",\"url\":\"https:\\\/\\\/www.aquimicasa.net\\\/blog\\\/wp-content\\\/uploads\\\/Desahucio4-e1544000391374.jpg\",\"contentUrl\":\"https:\\\/\\\/www.aquimicasa.net\\\/blog\\\/wp-content\\\/uploads\\\/Desahucio4-e1544000391374.jpg\",\"width\":350,\"height\":233,\"caption\":\"El problema de la vivienda amenaza a los ni\u00f1os espa\u00f1oles\"},{\"@type\":\"BreadcrumbList\",\"@id\":\"https:\\\/\\\/www.aquimicasa.net\\\/blog\\\/vivienda\\\/desahucio\\\/mirada-de-los-ninos\\\/#breadcrumb\",\"itemListElement\":[{\"@type\":\"ListItem\",\"position\":1,\"name\":\"Portada\",\"item\":\"https:\\\/\\\/www.aquimicasa.net\\\/blog\\\/\"},{\"@type\":\"ListItem\",\"position\":2,\"name\":\"La profunda mirada de los ni\u00f1os en el desahucio de sus casas\"}]},{\"@type\":\"WebSite\",\"@id\":\"https:\\\/\\\/www.aquimicasa.net\\\/blog\\\/#website\",\"url\":\"https:\\\/\\\/www.aquimicasa.net\\\/blog\\\/\",\"name\":\"Blog de aquimicasa.net\",\"description\":\"Noticias del Mundo Inmobiliario\",\"publisher\":{\"@id\":\"https:\\\/\\\/www.aquimicasa.net\\\/blog\\\/#organization\"},\"potentialAction\":[{\"@type\":\"SearchAction\",\"target\":{\"@type\":\"EntryPoint\",\"urlTemplate\":\"https:\\\/\\\/www.aquimicasa.net\\\/blog\\\/?s={search_term_string}\"},\"query-input\":{\"@type\":\"PropertyValueSpecification\",\"valueRequired\":true,\"valueName\":\"search_term_string\"}}],\"inLanguage\":\"es\"},{\"@type\":\"Organization\",\"@id\":\"https:\\\/\\\/www.aquimicasa.net\\\/blog\\\/#organization\",\"name\":\"Blog de aquimicasa.net\",\"url\":\"https:\\\/\\\/www.aquimicasa.net\\\/blog\\\/\",\"logo\":{\"@type\":\"ImageObject\",\"inLanguage\":\"es\",\"@id\":\"https:\\\/\\\/www.aquimicasa.net\\\/blog\\\/#\\\/schema\\\/logo\\\/image\\\/\",\"url\":\"https:\\\/\\\/www.aquimicasa.net\\\/blog\\\/wp-content\\\/uploads\\\/Logo-aquimicasa-1-e1528048213782.png\",\"contentUrl\":\"https:\\\/\\\/www.aquimicasa.net\\\/blog\\\/wp-content\\\/uploads\\\/Logo-aquimicasa-1-e1528048213782.png\",\"width\":225,\"height\":225,\"caption\":\"Blog de aquimicasa.net\"},\"image\":{\"@id\":\"https:\\\/\\\/www.aquimicasa.net\\\/blog\\\/#\\\/schema\\\/logo\\\/image\\\/\"},\"sameAs\":[\"https:\\\/\\\/www.facebook.com\\\/aquimicasa.net\",\"https:\\\/\\\/www.instagram.com\\\/\",\"https:\\\/\\\/x.com\\\/EduLizarragaD\",\"https:\\\/\\\/www.linkedin.com\\\/feed\\\/\"]},{\"@type\":\"Person\",\"@id\":\"https:\\\/\\\/www.aquimicasa.net\\\/blog\\\/#\\\/schema\\\/person\\\/2cdfa2605534583395c8d7ce1d6cac14\",\"name\":\"Eduardo Lizarraga\",\"image\":{\"@type\":\"ImageObject\",\"inLanguage\":\"es\",\"@id\":\"https:\\\/\\\/secure.gravatar.com\\\/avatar\\\/bdabe1eeeed97b65a9cb7de2edd624b07995f7e13abc5fead15961f745f908cc?s=96&d=mm&r=g\",\"url\":\"https:\\\/\\\/secure.gravatar.com\\\/avatar\\\/bdabe1eeeed97b65a9cb7de2edd624b07995f7e13abc5fead15961f745f908cc?s=96&d=mm&r=g\",\"contentUrl\":\"https:\\\/\\\/secure.gravatar.com\\\/avatar\\\/bdabe1eeeed97b65a9cb7de2edd624b07995f7e13abc5fead15961f745f908cc?s=96&d=mm&r=g\",\"caption\":\"Eduardo Lizarraga\"},\"description\":\"Periodista Econ\u00f3mico. Ha trabajado en diversos campos de la informaci\u00f3n. Corresponsal en conflictos, analista pol\u00edtico en Congreso y Senado, periodista del medio ambiente, editor, director editorial, director de comunicaci\u00f3n.... En estos momentos se ha especializado en el sector inmobiliario. Pero tambi\u00e9n es navegante y viajero, preocupado por la pobreza, el medio ambiente y por las actuaciones descontroladas del neoliberalismo empresarial y pol\u00edtico en todo el mundo. Los desahucios, la pobreza infantil y la falta de acceso a los suministros b\u00e1sicos son algunos de los grandes dramas de nuestra sociedad y que es preciso solucionar para hacerla m\u00e1s justa. CEO en www.aquimicasa.net\",\"sameAs\":[\"https:\\\/\\\/www.aquimicasa.net\\\/\"],\"url\":\"https:\\\/\\\/www.aquimicasa.net\\\/blog\\\/author\\\/eduardo\\\/\"}]}<\/script>\n<!-- \/ Yoast SEO plugin. -->","yoast_head_json":{"title":"La profunda mirada de los ni\u00f1os en el desahucio de sus casas","description":"Esa mirada que tienen los ni\u00f1os, v\u00edctimas de algo que no entienden y que te lacera el alma con un sollozo silencioso que te hiere para siempre","robots":{"index":"index","follow":"follow","max-snippet":"max-snippet:-1","max-image-preview":"max-image-preview:large","max-video-preview":"max-video-preview:-1"},"canonical":"https:\/\/www.aquimicasa.net\/blog\/vivienda\/desahucio\/mirada-de-los-ninos\/","og_locale":"es_ES","og_type":"article","og_title":"La profunda mirada de los ni\u00f1os en el desahucio de sus casas","og_description":"Esa mirada que tienen los ni\u00f1os, v\u00edctimas de algo que no entienden y que te lacera el alma con un sollozo silencioso que te hiere para siempre","og_url":"https:\/\/www.aquimicasa.net\/blog\/vivienda\/desahucio\/mirada-de-los-ninos\/","og_site_name":"Blog de aquimicasa.net","article_publisher":"https:\/\/www.facebook.com\/aquimicasa.net","article_published_time":"2018-12-05T09:38:12+00:00","article_modified_time":"2020-04-02T16:44:26+00:00","og_image":[{"width":350,"height":233,"url":"https:\/\/www.aquimicasa.net\/blog\/wp-content\/uploads\/Desahucio4-e1544000391374.jpg","type":"image\/jpeg"}],"author":"Eduardo Lizarraga","twitter_misc":{"Escrito por":"Eduardo Lizarraga","Tiempo de lectura":"8 minutos"},"schema":{"@context":"https:\/\/schema.org","@graph":[{"@type":"Article","@id":"https:\/\/www.aquimicasa.net\/blog\/vivienda\/desahucio\/mirada-de-los-ninos\/#article","isPartOf":{"@id":"https:\/\/www.aquimicasa.net\/blog\/vivienda\/desahucio\/mirada-de-los-ninos\/"},"author":{"name":"Eduardo Lizarraga","@id":"https:\/\/www.aquimicasa.net\/blog\/#\/schema\/person\/2cdfa2605534583395c8d7ce1d6cac14"},"headline":"La profunda mirada de los ni\u00f1os en el desahucio de sus casas","datePublished":"2018-12-05T09:38:12+00:00","dateModified":"2020-04-02T16:44:26+00:00","mainEntityOfPage":{"@id":"https:\/\/www.aquimicasa.net\/blog\/vivienda\/desahucio\/mirada-de-los-ninos\/"},"wordCount":1542,"commentCount":0,"publisher":{"@id":"https:\/\/www.aquimicasa.net\/blog\/#organization"},"image":{"@id":"https:\/\/www.aquimicasa.net\/blog\/vivienda\/desahucio\/mirada-de-los-ninos\/#primaryimage"},"thumbnailUrl":"https:\/\/www.aquimicasa.net\/blog\/wp-content\/uploads\/Desahucio4-e1544000391374.jpg","keywords":["alquiler social","emergencia habitacional","vivienda social"],"articleSection":["Alquiler","Bancos","Compra Venta","Desahucios","Leyes","Noticias Econom\u00eda","Noticias Mercado Inmobiliario","Obra Nueva","Partidos","Plataforma de Afectados por la Hipoteca"],"inLanguage":"es","potentialAction":[{"@type":"CommentAction","name":"Comment","target":["https:\/\/www.aquimicasa.net\/blog\/vivienda\/desahucio\/mirada-de-los-ninos\/#respond"]}]},{"@type":"WebPage","@id":"https:\/\/www.aquimicasa.net\/blog\/vivienda\/desahucio\/mirada-de-los-ninos\/","url":"https:\/\/www.aquimicasa.net\/blog\/vivienda\/desahucio\/mirada-de-los-ninos\/","name":"La profunda mirada de los ni\u00f1os en el desahucio de sus casas","isPartOf":{"@id":"https:\/\/www.aquimicasa.net\/blog\/#website"},"primaryImageOfPage":{"@id":"https:\/\/www.aquimicasa.net\/blog\/vivienda\/desahucio\/mirada-de-los-ninos\/#primaryimage"},"image":{"@id":"https:\/\/www.aquimicasa.net\/blog\/vivienda\/desahucio\/mirada-de-los-ninos\/#primaryimage"},"thumbnailUrl":"https:\/\/www.aquimicasa.net\/blog\/wp-content\/uploads\/Desahucio4-e1544000391374.jpg","datePublished":"2018-12-05T09:38:12+00:00","dateModified":"2020-04-02T16:44:26+00:00","description":"Esa mirada que tienen los ni\u00f1os, v\u00edctimas de algo que no entienden y que te lacera el alma con un sollozo silencioso que te hiere para siempre","breadcrumb":{"@id":"https:\/\/www.aquimicasa.net\/blog\/vivienda\/desahucio\/mirada-de-los-ninos\/#breadcrumb"},"inLanguage":"es","potentialAction":[{"@type":"ReadAction","target":["https:\/\/www.aquimicasa.net\/blog\/vivienda\/desahucio\/mirada-de-los-ninos\/"]}]},{"@type":"ImageObject","inLanguage":"es","@id":"https:\/\/www.aquimicasa.net\/blog\/vivienda\/desahucio\/mirada-de-los-ninos\/#primaryimage","url":"https:\/\/www.aquimicasa.net\/blog\/wp-content\/uploads\/Desahucio4-e1544000391374.jpg","contentUrl":"https:\/\/www.aquimicasa.net\/blog\/wp-content\/uploads\/Desahucio4-e1544000391374.jpg","width":350,"height":233,"caption":"El problema de la vivienda amenaza a los ni\u00f1os espa\u00f1oles"},{"@type":"BreadcrumbList","@id":"https:\/\/www.aquimicasa.net\/blog\/vivienda\/desahucio\/mirada-de-los-ninos\/#breadcrumb","itemListElement":[{"@type":"ListItem","position":1,"name":"Portada","item":"https:\/\/www.aquimicasa.net\/blog\/"},{"@type":"ListItem","position":2,"name":"La profunda mirada de los ni\u00f1os en el desahucio de sus casas"}]},{"@type":"WebSite","@id":"https:\/\/www.aquimicasa.net\/blog\/#website","url":"https:\/\/www.aquimicasa.net\/blog\/","name":"Blog de aquimicasa.net","description":"Noticias del Mundo Inmobiliario","publisher":{"@id":"https:\/\/www.aquimicasa.net\/blog\/#organization"},"potentialAction":[{"@type":"SearchAction","target":{"@type":"EntryPoint","urlTemplate":"https:\/\/www.aquimicasa.net\/blog\/?s={search_term_string}"},"query-input":{"@type":"PropertyValueSpecification","valueRequired":true,"valueName":"search_term_string"}}],"inLanguage":"es"},{"@type":"Organization","@id":"https:\/\/www.aquimicasa.net\/blog\/#organization","name":"Blog de aquimicasa.net","url":"https:\/\/www.aquimicasa.net\/blog\/","logo":{"@type":"ImageObject","inLanguage":"es","@id":"https:\/\/www.aquimicasa.net\/blog\/#\/schema\/logo\/image\/","url":"https:\/\/www.aquimicasa.net\/blog\/wp-content\/uploads\/Logo-aquimicasa-1-e1528048213782.png","contentUrl":"https:\/\/www.aquimicasa.net\/blog\/wp-content\/uploads\/Logo-aquimicasa-1-e1528048213782.png","width":225,"height":225,"caption":"Blog de aquimicasa.net"},"image":{"@id":"https:\/\/www.aquimicasa.net\/blog\/#\/schema\/logo\/image\/"},"sameAs":["https:\/\/www.facebook.com\/aquimicasa.net","https:\/\/www.instagram.com\/","https:\/\/x.com\/EduLizarragaD","https:\/\/www.linkedin.com\/feed\/"]},{"@type":"Person","@id":"https:\/\/www.aquimicasa.net\/blog\/#\/schema\/person\/2cdfa2605534583395c8d7ce1d6cac14","name":"Eduardo Lizarraga","image":{"@type":"ImageObject","inLanguage":"es","@id":"https:\/\/secure.gravatar.com\/avatar\/bdabe1eeeed97b65a9cb7de2edd624b07995f7e13abc5fead15961f745f908cc?s=96&d=mm&r=g","url":"https:\/\/secure.gravatar.com\/avatar\/bdabe1eeeed97b65a9cb7de2edd624b07995f7e13abc5fead15961f745f908cc?s=96&d=mm&r=g","contentUrl":"https:\/\/secure.gravatar.com\/avatar\/bdabe1eeeed97b65a9cb7de2edd624b07995f7e13abc5fead15961f745f908cc?s=96&d=mm&r=g","caption":"Eduardo Lizarraga"},"description":"Periodista Econ\u00f3mico. Ha trabajado en diversos campos de la informaci\u00f3n. Corresponsal en conflictos, analista pol\u00edtico en Congreso y Senado, periodista del medio ambiente, editor, director editorial, director de comunicaci\u00f3n.... En estos momentos se ha especializado en el sector inmobiliario. Pero tambi\u00e9n es navegante y viajero, preocupado por la pobreza, el medio ambiente y por las actuaciones descontroladas del neoliberalismo empresarial y pol\u00edtico en todo el mundo. Los desahucios, la pobreza infantil y la falta de acceso a los suministros b\u00e1sicos son algunos de los grandes dramas de nuestra sociedad y que es preciso solucionar para hacerla m\u00e1s justa. CEO en www.aquimicasa.net","sameAs":["https:\/\/www.aquimicasa.net\/"],"url":"https:\/\/www.aquimicasa.net\/blog\/author\/eduardo\/"}]}},"jetpack_publicize_connections":[],"jetpack_featured_media_url":"https:\/\/www.aquimicasa.net\/blog\/wp-content\/uploads\/Desahucio4-e1544000391374.jpg","jetpack_sharing_enabled":true,"jetpack_likes_enabled":true,"_links":{"self":[{"href":"https:\/\/www.aquimicasa.net\/blog\/wp-json\/wp\/v2\/posts\/22818","targetHints":{"allow":["GET"]}}],"collection":[{"href":"https:\/\/www.aquimicasa.net\/blog\/wp-json\/wp\/v2\/posts"}],"about":[{"href":"https:\/\/www.aquimicasa.net\/blog\/wp-json\/wp\/v2\/types\/post"}],"author":[{"embeddable":true,"href":"https:\/\/www.aquimicasa.net\/blog\/wp-json\/wp\/v2\/users\/3"}],"replies":[{"embeddable":true,"href":"https:\/\/www.aquimicasa.net\/blog\/wp-json\/wp\/v2\/comments?post=22818"}],"version-history":[{"count":9,"href":"https:\/\/www.aquimicasa.net\/blog\/wp-json\/wp\/v2\/posts\/22818\/revisions"}],"predecessor-version":[{"id":23663,"href":"https:\/\/www.aquimicasa.net\/blog\/wp-json\/wp\/v2\/posts\/22818\/revisions\/23663"}],"wp:featuredmedia":[{"embeddable":true,"href":"https:\/\/www.aquimicasa.net\/blog\/wp-json\/wp\/v2\/media\/22820"}],"wp:attachment":[{"href":"https:\/\/www.aquimicasa.net\/blog\/wp-json\/wp\/v2\/media?parent=22818"}],"wp:term":[{"taxonomy":"category","embeddable":true,"href":"https:\/\/www.aquimicasa.net\/blog\/wp-json\/wp\/v2\/categories?post=22818"},{"taxonomy":"post_tag","embeddable":true,"href":"https:\/\/www.aquimicasa.net\/blog\/wp-json\/wp\/v2\/tags?post=22818"}],"curies":[{"name":"wp","href":"https:\/\/api.w.org\/{rel}","templated":true}]}}