{"id":23284,"date":"2019-01-02T12:40:17","date_gmt":"2019-01-02T11:40:17","guid":{"rendered":"https:\/\/www.aquimicasa.net\/blog\/?p=23284"},"modified":"2021-03-17T08:11:49","modified_gmt":"2021-03-17T07:11:49","slug":"mejor-oferta-de-pisos-en-venta-en-el-frente-maritimo-de-badalona","status":"publish","type":"post","link":"https:\/\/www.aquimicasa.net\/blog\/vivienda\/compraventa-de-viviendas\/mejor-oferta-de-pisos-en-venta-en-el-frente-maritimo-de-badalona\/","title":{"rendered":"Mejor oferta de pisos en venta en el Frente Mar\u00edtimo de Badalona"},"content":{"rendered":"<p><div class=\"fusion-fullwidth fullwidth-box fusion-builder-row-1 nonhundred-percent-fullwidth non-hundred-percent-height-scrolling\" style=\"background-color: rgba(255,255,255,0);background-position: center center;background-repeat: no-repeat;padding-top:0px;padding-right:0px;padding-bottom:0px;padding-left:0px;margin-bottom: 0px;margin-top: 0px;border-width: 0px 0px 0px 0px;border-color:#eae9e9;border-style:solid;\" ><div class=\"fusion-builder-row fusion-row\"><div class=\"fusion-layout-column fusion_builder_column fusion-builder-column-0 fusion_builder_column_1_1 1_1 fusion-one-full fusion-column-first fusion-column-last\" style=\"margin-top:0px;margin-bottom:20px;\"><div class=\"fusion-column-wrapper fusion-flex-column-wrapper-legacy\" style=\"background-position:left top;background-repeat:no-repeat;-webkit-background-size:cover;-moz-background-size:cover;-o-background-size:cover;background-size:cover;padding: 0px 0px 0px 0px;\"><style type=\"text\/css\"><\/style><div class=\"fusion-title title fusion-title-1 fusion-sep-none fusion-title-text fusion-title-size-two\" style=\"font-size:28px;margin-top:0px;margin-right:0px;margin-bottom:31px;margin-left:0px;\"><h2 class=\"title-heading-left\" style=\"margin:0;font-size:1em;\">La mejor oferta en l\u00ednea de mar y otras zona de la ciudad<\/h2><\/div><div class=\"fusion-text fusion-text-1\"><p>Situada en la\u00a0<strong>costa del mar Mediterr\u00e1neo<\/strong>\u00a0y a 10 km de Barcelona, una de las ciudades m\u00e1s cosmopolitas de Espa\u00f1a,\u00a0<strong>Badalona<\/strong> inici\u00f3 su larga andadura como poblaci\u00f3n alrededor del a\u00f1o 100 AC, cuando se funda por los romanos con el nombre de Baetulo. Su situaci\u00f3n privilegiada, en la costa entre el delta del Bes\u00f3s y la Sierra de la Marina,\u00a0\u00a0 hija por igual del mar y la monta\u00f1a, le confiere un clima mediterr\u00e1neo suave, con veranos h\u00famedos y c\u00e1lidos e inviernos suaves.<\/p>\n<\/div><div class=\"fusion-clearfix\"><\/div><\/div><\/div><\/div><\/div><div class=\"fusion-fullwidth fullwidth-box fusion-builder-row-2 nonhundred-percent-fullwidth non-hundred-percent-height-scrolling\" style=\"background-color: rgba(255,255,255,0);background-position: center center;background-repeat: no-repeat;padding-top:0px;padding-right:0px;padding-bottom:0px;padding-left:0px;margin-bottom: 0px;margin-top: 0px;border-width: 0px 0px 0px 0px;border-color:#eae9e9;border-style:solid;\" ><div class=\"fusion-builder-row fusion-row\"><div class=\"fusion-layout-column fusion_builder_column fusion-builder-column-1 fusion_builder_column_1_4 1_4 fusion-one-fourth fusion-column-first\" style=\"width:25%;width:calc(25% - ( ( 4% + 4% + 4% ) * 0.25 ) );margin-right: 4%;margin-top:0px;margin-bottom:20px;\"><div class=\"fusion-column-wrapper fusion-flex-column-wrapper-legacy\" style=\"background-position:left top;background-repeat:no-repeat;-webkit-background-size:cover;-moz-background-size:cover;-o-background-size:cover;background-size:cover;padding: 10% 0px 10% 0px;\"><div class=\"fusion-fa-align-center\"><i class=\"fb-icon-element-1 fb-icon-element fontawesome-icon fa-building fas circle-yes\" style=\"font-size:44px;line-height:86px;height:88px;width:88px;border-width:1px;\"><\/i><\/div><style>i.fb-icon-element.fontawesome-icon.fb-icon-element-1{ color: rgba(0,0,0,0.8); background-color: #ffffff; border-color: rgba(101,188,123,0.8);}i.fb-icon-element.fontawesome-icon.fb-icon-element-1:hover { color: rgba(0,0,0,0.8); background-color: #ffffff; border-color: rgba(101,188,123,0.8);}<\/style><div class=\"fusion-sep-clear\"><\/div><div class=\"fusion-separator fusion-full-width-sep\" style=\"margin-left: auto;margin-right: auto;margin-top:5%;margin-bottom:5%;width:100%;\"><\/div><div class=\"fusion-sep-clear\"><\/div><div class=\"fusion-aligncenter\"><style type=\"text\/css\">.fusion-button.button-1 .fusion-button-text, .fusion-button.button-1 i {color:rgba(101,188,123,0.8);}.fusion-button.button-1 .fusion-button-icon-divider{border-color:rgba(101,188,123,0.8);}.fusion-button.button-1:hover .fusion-button-text, .fusion-button.button-1:hover i,.fusion-button.button-1:focus .fusion-button-text, .fusion-button.button-1:focus i,.fusion-button.button-1:active .fusion-button-text, .fusion-button.button-1:active{color:#ffffff;}.fusion-button.button-1:hover .fusion-button-icon-divider, .fusion-button.button-1:hover .fusion-button-icon-divider, .fusion-button.button-1:active .fusion-button-icon-divider{border-color:#ffffff;}.fusion-button.button-1:hover, .fusion-button.button-1:focus, .fusion-button.button-1:active{border-color:#ffffff;border-width:0px;}.fusion-button.button-1 {border-color:rgba(101,188,123,0.8);border-width:0px;border-radius:0px;}.fusion-button.button-1{background: #f6f6f6;}.fusion-button.button-1:hover,.button-1:focus,.fusion-button.button-1:active{background: rgba(101,188,123,0.8);}<\/style><a class=\"fusion-button button-flat button-xlarge button-custom button-1 fusion-button-default-span fusion-button-default-type\" target=\"_blank\" rel=\"noopener noreferrer\" href=\"https:\/\/www.aquimicasa.net\/profesionales\/362\/alfa-badalona-centro-mar\/t\/pisos\/\"><span class=\"fusion-button-text\">pisos<\/span><\/a><\/div><div class=\"fusion-clearfix\"><\/div><\/div><\/div><div class=\"fusion-layout-column fusion_builder_column fusion-builder-column-2 fusion_builder_column_1_4 1_4 fusion-one-fourth\" style=\"width:25%;width:calc(25% - ( ( 4% + 4% + 4% ) * 0.25 ) );margin-right: 4%;margin-top:0px;margin-bottom:20px;\"><div class=\"fusion-column-wrapper fusion-flex-column-wrapper-legacy\" style=\"background-position:left top;background-repeat:no-repeat;-webkit-background-size:cover;-moz-background-size:cover;-o-background-size:cover;background-size:cover;padding: 10% 0px 10% 0px;\"><div class=\"fusion-fa-align-center\"><i class=\"fb-icon-element-2 fb-icon-element fontawesome-icon fa-home fas circle-yes\" style=\"font-size:44px;line-height:86px;height:88px;width:88px;border-width:1px;\"><\/i><\/div><style>i.fb-icon-element.fontawesome-icon.fb-icon-element-2{ color: #000000; background-color: #ffffff; border-color: rgba(101,188,123,0.8);}i.fb-icon-element.fontawesome-icon.fb-icon-element-2:hover { color: #000000; background-color: #ffffff; border-color: rgba(101,188,123,0.8);}<\/style><div class=\"fusion-sep-clear\"><\/div><div class=\"fusion-separator fusion-full-width-sep\" style=\"margin-left: auto;margin-right: auto;margin-top:5%;margin-bottom:5%;width:100%;\"><\/div><div class=\"fusion-sep-clear\"><\/div><div class=\"fusion-aligncenter\"><style type=\"text\/css\">.fusion-button.button-2 .fusion-button-text, .fusion-button.button-2 i {color:rgba(101,188,123,0.8);}.fusion-button.button-2 .fusion-button-icon-divider{border-color:rgba(101,188,123,0.8);}.fusion-button.button-2:hover .fusion-button-text, .fusion-button.button-2:hover i,.fusion-button.button-2:focus .fusion-button-text, .fusion-button.button-2:focus i,.fusion-button.button-2:active .fusion-button-text, .fusion-button.button-2:active{color:#ffffff;}.fusion-button.button-2:hover .fusion-button-icon-divider, .fusion-button.button-2:hover .fusion-button-icon-divider, .fusion-button.button-2:active .fusion-button-icon-divider{border-color:#ffffff;}.fusion-button.button-2:hover, .fusion-button.button-2:focus, .fusion-button.button-2:active{border-color:#ffffff;border-width:0px;}.fusion-button.button-2 {border-color:rgba(101,188,123,0.8);border-width:0px;border-radius:0px;}.fusion-button.button-2{background: #f6f6f6;}.fusion-button.button-2:hover,.button-2:focus,.fusion-button.button-2:active{background: rgba(101,188,123,0.8);}.fusion-button.button-2 .fusion-button-text {text-transform:uppercase;}<\/style><a class=\"fusion-button button-flat button-xlarge button-custom button-2 fusion-button-default-span \" target=\"_blank\" rel=\"noopener noreferrer\" href=\"https:\/\/www.aquimicasa.net\/profesionales\/362\/alfa-badalona-centro-mar\/t\/casas-chalets-adosados\/\"><span class=\"fusion-button-text\">casas y chalets<\/span><\/a><\/div><div class=\"fusion-clearfix\"><\/div><\/div><\/div><div class=\"fusion-layout-column fusion_builder_column fusion-builder-column-3 fusion_builder_column_1_4 1_4 fusion-one-fourth\" style=\"width:25%;width:calc(25% - ( ( 4% + 4% + 4% ) * 0.25 ) );margin-right: 4%;margin-top:0px;margin-bottom:20px;\"><div class=\"fusion-column-wrapper fusion-flex-column-wrapper-legacy\" style=\"background-position:left top;background-repeat:no-repeat;-webkit-background-size:cover;-moz-background-size:cover;-o-background-size:cover;background-size:cover;padding: 10% 0px 10% 0px;\"><div class=\"fusion-fa-align-center\"><i class=\"fb-icon-element-3 fb-icon-element fontawesome-icon fa-city fas circle-yes\" style=\"font-size:44px;line-height:86px;height:88px;width:88px;border-width:1px;\"><\/i><\/div><style>i.fb-icon-element.fontawesome-icon.fb-icon-element-3{ color: #000000; background-color: #ffffff; border-color: rgba(101,188,123,0.8);}i.fb-icon-element.fontawesome-icon.fb-icon-element-3:hover { color: #000000; background-color: #ffffff; border-color: rgba(101,188,123,0.8);}<\/style><div class=\"fusion-sep-clear\"><\/div><div class=\"fusion-separator fusion-full-width-sep\" style=\"margin-left: auto;margin-right: auto;margin-top:5%;margin-bottom:5%;width:100%;\"><\/div><div class=\"fusion-sep-clear\"><\/div><div class=\"fusion-aligncenter\"><style type=\"text\/css\">.fusion-button.button-3 .fusion-button-text, .fusion-button.button-3 i {color:rgba(101,188,123,0.8);}.fusion-button.button-3 .fusion-button-icon-divider{border-color:rgba(101,188,123,0.8);}.fusion-button.button-3:hover .fusion-button-text, .fusion-button.button-3:hover i,.fusion-button.button-3:focus .fusion-button-text, .fusion-button.button-3:focus i,.fusion-button.button-3:active .fusion-button-text, .fusion-button.button-3:active{color:#ffffff;}.fusion-button.button-3:hover .fusion-button-icon-divider, .fusion-button.button-3:hover .fusion-button-icon-divider, .fusion-button.button-3:active .fusion-button-icon-divider{border-color:#ffffff;}.fusion-button.button-3:hover, .fusion-button.button-3:focus, .fusion-button.button-3:active{border-color:#ffffff;border-width:0px;}.fusion-button.button-3 {border-color:rgba(101,188,123,0.8);border-width:0px;border-radius:0px;}.fusion-button.button-3{background: #f6f6f6;}.fusion-button.button-3:hover,.button-3:focus,.fusion-button.button-3:active{background: rgba(101,188,123,0.8);}<\/style><a class=\"fusion-button button-flat button-xlarge button-custom button-3 fusion-button-default-span fusion-button-default-type\" target=\"_blank\" rel=\"noopener noreferrer\" href=\"https:\/\/www.aquimicasa.net\/profesionales\/362\/alfa-badalona-centro-mar\/t\/aticos\/\"><span class=\"fusion-button-text\">\u00e1ticos<\/span><\/a><\/div><div class=\"fusion-clearfix\"><\/div><\/div><\/div><div class=\"fusion-layout-column fusion_builder_column fusion-builder-column-4 fusion_builder_column_1_4 1_4 fusion-one-fourth fusion-column-last\" style=\"width:25%;width:calc(25% - ( ( 4% + 4% + 4% ) * 0.25 ) );margin-top:0px;margin-bottom:20px;\"><div class=\"fusion-column-wrapper fusion-flex-column-wrapper-legacy\" style=\"background-position:left top;background-repeat:no-repeat;-webkit-background-size:cover;-moz-background-size:cover;-o-background-size:cover;background-size:cover;padding: 10% 0px 10% 0px;\"><div class=\"fusion-fa-align-center\"><i class=\"fb-icon-element-4 fb-icon-element fontawesome-icon fa-laptop-house fas circle-yes\" style=\"font-size:44px;line-height:86px;height:88px;width:88px;border-width:1px;\"><\/i><\/div><style>i.fb-icon-element.fontawesome-icon.fb-icon-element-4{ color: #000000; background-color: #ffffff; border-color: rgba(101,188,123,0.8);}i.fb-icon-element.fontawesome-icon.fb-icon-element-4:hover { color: #000000; background-color: #ffffff; border-color: rgba(101,188,123,0.8);}<\/style><div class=\"fusion-sep-clear\"><\/div><div class=\"fusion-separator fusion-full-width-sep\" style=\"margin-left: auto;margin-right: auto;margin-top:5%;margin-bottom:5%;width:100%;\"><\/div><div class=\"fusion-sep-clear\"><\/div><div class=\"fusion-aligncenter\"><style type=\"text\/css\">.fusion-button.button-4 .fusion-button-text, .fusion-button.button-4 i {color:rgba(101,188,123,0.8);}.fusion-button.button-4 .fusion-button-icon-divider{border-color:rgba(101,188,123,0.8);}.fusion-button.button-4:hover .fusion-button-text, .fusion-button.button-4:hover i,.fusion-button.button-4:focus .fusion-button-text, .fusion-button.button-4:focus i,.fusion-button.button-4:active .fusion-button-text, .fusion-button.button-4:active{color:#ffffff;}.fusion-button.button-4:hover .fusion-button-icon-divider, .fusion-button.button-4:hover .fusion-button-icon-divider, .fusion-button.button-4:active .fusion-button-icon-divider{border-color:#ffffff;}.fusion-button.button-4:hover, .fusion-button.button-4:focus, .fusion-button.button-4:active{border-color:#ffffff;border-width:0px;}.fusion-button.button-4 {border-color:rgba(101,188,123,0.8);border-width:0px;border-radius:0px;}.fusion-button.button-4{background: #f6f6f6;}.fusion-button.button-4:hover,.button-4:focus,.fusion-button.button-4:active{background: rgba(101,188,123,0.8);}<\/style><a class=\"fusion-button button-flat button-xlarge button-custom button-4 fusion-button-default-span fusion-button-default-type\" target=\"_blank\" rel=\"noopener noreferrer\" href=\"https:\/\/www.aquimicasa.net\/profesionales\/362\/alfa-badalona-centro-mar\/t\/oficinas\/\"><span class=\"fusion-button-text\">oficinas<\/span><\/a><\/div><div class=\"fusion-clearfix\"><\/div><\/div><\/div><div class=\"fusion-layout-column fusion_builder_column fusion-builder-column-5 fusion_builder_column_1_3 1_3 fusion-one-third fusion-column-first\" style=\"width:33.333333333333%;width:calc(33.333333333333% - ( ( 4% + 4% ) * 0.33333333333333 ) );margin-right: 4%;margin-top:0px;margin-bottom:20px;\"><div class=\"fusion-column-wrapper fusion-flex-column-wrapper-legacy\" style=\"background-position:left top;background-repeat:no-repeat;-webkit-background-size:cover;-moz-background-size:cover;-o-background-size:cover;background-size:cover;padding: 10% 0px 10% 0px;\"><div class=\"fusion-fa-align-center\"><i class=\"fb-icon-element-5 fb-icon-element fontawesome-icon fa-store-alt fas circle-yes\" style=\"font-size:44px;line-height:86px;height:88px;width:88px;border-width:1px;\"><\/i><\/div><style>i.fb-icon-element.fontawesome-icon.fb-icon-element-5{ color: #000000; background-color: #ffffff; border-color: rgba(101,188,123,0.8);}i.fb-icon-element.fontawesome-icon.fb-icon-element-5:hover { color: #000000; background-color: #ffffff; border-color: rgba(101,188,123,0.8);}<\/style><div class=\"fusion-sep-clear\"><\/div><div class=\"fusion-separator fusion-full-width-sep\" style=\"margin-left: auto;margin-right: auto;margin-top:5%;margin-bottom:5%;width:100%;\"><\/div><div class=\"fusion-sep-clear\"><\/div><div class=\"fusion-aligncenter\"><style type=\"text\/css\">.fusion-button.button-5 .fusion-button-text, .fusion-button.button-5 i {color:rgba(101,188,123,0.8);}.fusion-button.button-5 .fusion-button-icon-divider{border-color:rgba(101,188,123,0.8);}.fusion-button.button-5:hover .fusion-button-text, .fusion-button.button-5:hover i,.fusion-button.button-5:focus .fusion-button-text, .fusion-button.button-5:focus i,.fusion-button.button-5:active .fusion-button-text, .fusion-button.button-5:active{color:#ffffff;}.fusion-button.button-5:hover .fusion-button-icon-divider, .fusion-button.button-5:hover .fusion-button-icon-divider, .fusion-button.button-5:active .fusion-button-icon-divider{border-color:#ffffff;}.fusion-button.button-5:hover, .fusion-button.button-5:focus, .fusion-button.button-5:active{border-color:#ffffff;border-width:0px;}.fusion-button.button-5 {border-color:rgba(101,188,123,0.8);border-width:0px;border-radius:0px;}.fusion-button.button-5{background: #f6f6f6;}.fusion-button.button-5:hover,.button-5:focus,.fusion-button.button-5:active{background: rgba(101,188,123,0.8);}<\/style><a class=\"fusion-button button-flat button-xlarge button-custom button-5 fusion-button-default-span fusion-button-default-type\" target=\"_blank\" rel=\"noopener noreferrer\" href=\"https:\/\/www.aquimicasa.net\/profesionales\/362\/alfa-badalona-centro-mar\/t\/locales-comerciales\/\"><span class=\"fusion-button-text\">locales comerciales<\/span><\/a><\/div><div class=\"fusion-clearfix\"><\/div><\/div><\/div><div class=\"fusion-layout-column fusion_builder_column fusion-builder-column-6 fusion_builder_column_1_3 1_3 fusion-one-third\" style=\"width:33.333333333333%;width:calc(33.333333333333% - ( ( 4% + 4% ) * 0.33333333333333 ) );margin-right: 4%;margin-top:0px;margin-bottom:20px;\"><div class=\"fusion-column-wrapper fusion-flex-column-wrapper-legacy\" style=\"background-position:left top;background-repeat:no-repeat;-webkit-background-size:cover;-moz-background-size:cover;-o-background-size:cover;background-size:cover;padding: 10% 0px 10% 0px;\"><div class=\"fusion-fa-align-center\"><i class=\"fb-icon-element-6 fb-icon-element fontawesome-icon fa-tree fas circle-yes\" style=\"font-size:44px;line-height:86px;height:88px;width:88px;border-width:1px;\"><\/i><\/div><style>i.fb-icon-element.fontawesome-icon.fb-icon-element-6{ color: #000000; background-color: #ffffff; border-color: rgba(101,188,123,0.8);}i.fb-icon-element.fontawesome-icon.fb-icon-element-6:hover { color: #000000; background-color: #ffffff; border-color: rgba(101,188,123,0.8);}<\/style><div class=\"fusion-sep-clear\"><\/div><div class=\"fusion-separator fusion-full-width-sep\" style=\"margin-left: auto;margin-right: auto;margin-top:5%;margin-bottom:5%;width:100%;\"><\/div><div class=\"fusion-sep-clear\"><\/div><div class=\"fusion-aligncenter\"><style type=\"text\/css\">.fusion-button.button-6 .fusion-button-text, .fusion-button.button-6 i {color:rgba(101,188,123,0.8);}.fusion-button.button-6 .fusion-button-icon-divider{border-color:rgba(101,188,123,0.8);}.fusion-button.button-6:hover .fusion-button-text, .fusion-button.button-6:hover i,.fusion-button.button-6:focus .fusion-button-text, .fusion-button.button-6:focus i,.fusion-button.button-6:active .fusion-button-text, .fusion-button.button-6:active{color:#ffffff;}.fusion-button.button-6:hover .fusion-button-icon-divider, .fusion-button.button-6:hover .fusion-button-icon-divider, .fusion-button.button-6:active .fusion-button-icon-divider{border-color:#ffffff;}.fusion-button.button-6:hover, .fusion-button.button-6:focus, .fusion-button.button-6:active{border-color:#ffffff;border-width:0px;}.fusion-button.button-6 {border-color:rgba(101,188,123,0.8);border-width:0px;border-radius:0px;}.fusion-button.button-6{background: #f6f6f6;}.fusion-button.button-6:hover,.button-6:focus,.fusion-button.button-6:active{background: rgba(101,188,123,0.8);}<\/style><a class=\"fusion-button button-flat button-xlarge button-custom button-6 fusion-button-default-span fusion-button-default-type\" target=\"_blank\" rel=\"noopener noreferrer\" href=\"https:\/\/www.aquimicasa.net\/profesionales\/362\/alfa-badalona-centro-mar\/t\/solares-terrenos\/\"><span class=\"fusion-button-text\">terrenos y parcelas<\/span><\/a><\/div><div class=\"fusion-clearfix\"><\/div><\/div><\/div><div class=\"fusion-layout-column fusion_builder_column fusion-builder-column-7 fusion_builder_column_1_3 1_3 fusion-one-third fusion-column-last\" style=\"width:33.333333333333%;width:calc(33.333333333333% - ( ( 4% + 4% ) * 0.33333333333333 ) );margin-top:0px;margin-bottom:20px;\"><div class=\"fusion-column-wrapper fusion-flex-column-wrapper-legacy\" style=\"background-position:left top;background-repeat:no-repeat;-webkit-background-size:cover;-moz-background-size:cover;-o-background-size:cover;background-size:cover;padding: 10% 0px 10% 0px;\"><div class=\"fusion-fa-align-center\"><i class=\"fb-icon-element-7 fb-icon-element fontawesome-icon fa-industry fas circle-yes\" style=\"font-size:44px;line-height:86px;height:88px;width:88px;border-width:1px;\"><\/i><\/div><style>i.fb-icon-element.fontawesome-icon.fb-icon-element-7{ color: #000000; background-color: #ffffff; border-color: rgba(101,188,123,0.8);}i.fb-icon-element.fontawesome-icon.fb-icon-element-7:hover { color: #000000; background-color: #ffffff; border-color: rgba(101,188,123,0.8);}<\/style><div class=\"fusion-sep-clear\"><\/div><div class=\"fusion-separator fusion-full-width-sep\" style=\"margin-left: auto;margin-right: auto;margin-top:5%;margin-bottom:5%;width:100%;\"><\/div><div class=\"fusion-sep-clear\"><\/div><div class=\"fusion-aligncenter\"><style type=\"text\/css\">.fusion-button.button-7 .fusion-button-text, .fusion-button.button-7 i {color:rgba(101,188,123,0.8);}.fusion-button.button-7 .fusion-button-icon-divider{border-color:rgba(101,188,123,0.8);}.fusion-button.button-7:hover .fusion-button-text, .fusion-button.button-7:hover i,.fusion-button.button-7:focus .fusion-button-text, .fusion-button.button-7:focus i,.fusion-button.button-7:active .fusion-button-text, .fusion-button.button-7:active{color:#ffffff;}.fusion-button.button-7:hover .fusion-button-icon-divider, .fusion-button.button-7:hover .fusion-button-icon-divider, .fusion-button.button-7:active .fusion-button-icon-divider{border-color:#ffffff;}.fusion-button.button-7:hover, .fusion-button.button-7:focus, .fusion-button.button-7:active{border-color:#ffffff;border-width:0px;}.fusion-button.button-7 {border-color:rgba(101,188,123,0.8);border-width:0px;border-radius:0px;}.fusion-button.button-7{background: #f6f6f6;}.fusion-button.button-7:hover,.button-7:focus,.fusion-button.button-7:active{background: rgba(101,188,123,0.8);}<\/style><a class=\"fusion-button button-flat button-xlarge button-custom button-7 fusion-button-default-span fusion-button-default-type\" target=\"_blank\" rel=\"noopener noreferrer\" href=\"https:\/\/www.aquimicasa.net\/profesionales\/362\/alfa-badalona-centro-mar\/t\/naves-industriales\/\"><span class=\"fusion-button-text\">naves industriales<\/span><\/a><\/div><div class=\"fusion-clearfix\"><\/div><\/div><\/div><\/div><\/div><div class=\"fusion-fullwidth fullwidth-box fusion-builder-row-3 nonhundred-percent-fullwidth non-hundred-percent-height-scrolling\" style=\"background-color: rgba(255,255,255,0);background-position: center center;background-repeat: no-repeat;padding-top:0px;padding-right:0px;padding-bottom:0px;padding-left:0px;margin-bottom: 0px;margin-top: 0px;border-width: 0px 0px 0px 0px;border-color:#eae9e9;border-style:solid;\" ><div class=\"fusion-builder-row fusion-row\"><div class=\"fusion-layout-column fusion_builder_column fusion-builder-column-8 fusion_builder_column_1_1 1_1 fusion-one-full fusion-column-first fusion-column-last\" style=\"margin-top:0px;margin-bottom:20px;\"><div class=\"fusion-column-wrapper fusion-flex-column-wrapper-legacy\" style=\"background-position:left top;background-repeat:no-repeat;-webkit-background-size:cover;-moz-background-size:cover;-o-background-size:cover;background-size:cover;padding: 0px 0px 2% 0px;\"><div class=\"fusion-sep-clear\"><\/div><div class=\"fusion-separator fusion-full-width-sep\" style=\"margin-left: auto;margin-right: auto;margin-top:1%;margin-bottom:1%;width:100%;\"><\/div><div class=\"fusion-sep-clear\"><\/div><div class=\"fusion-text fusion-text-2\"><p>La ca\u00edda del Imperio Romano y los des\u00f3rdenes e invasiones subsiguientes hicieron casi desparecer la poblaci\u00f3n y no es hasta el siglo X cuando vuelve a encontr\u00e1rsela en la historia, ocupando la antigua ubicaci\u00f3n romana, desde la cuenca del Bes\u00f3s al mar y desde el Montgat hasta la sierra Litoral. Fue en todo caso un periodo en que las enfermedades y las correr\u00edas berberiscas azotaron la renacida poblaci\u00f3n, consolid\u00e1ndola como n\u00facleo urbano pero impidiendo un mayor desarrollo.<\/p>\n<p>La industrializaci\u00f3n catalana, iniciada en el XIX y la emigraci\u00f3n interior, la hacen crecer con fuerza transform\u00e1ndola hoy, con sus casi 225.000 habitantes, en la tercera ciudad de Catalu\u00f1a.<\/p>\n<p>Y uno de los principales impulsos con el que\u00a0<strong>Badalona<\/strong>\u00a0se enfrent\u00f3 al siglo XXI fue la recuperaci\u00f3n de la costa. Se comenz\u00f3 a finales de 1980 inaugurando el Paseo Mar\u00edtimo, conectado ya con el puerto y que da acceso a algunas de las playas m\u00e1s emblem\u00e1ticas del litoral. Nada desde\u00f1able en todo este proceso fue el impulso que supuso la designaci\u00f3n de\u00a0<strong>Badalona<\/strong>\u00a0como subsede de los JJ.OO de 1992, continuado 12 a\u00f1os despu\u00e9s con \u00a0el F\u00f3rum Universal de las Culturas que complet\u00f3 el impulso transformador. Desde ese momento se fue valorando y consolidando la\u00a0<strong>mejor oferta pisos en venta en el Frente Mar\u00edtimo de Badalona<\/strong>.<\/p>\n<p>El a\u00f1o 2008 supuso la culminaci\u00f3n de todo el proceso comenzado veinte a\u00f1os atr\u00e1s con la desaparici\u00f3n del cintur\u00f3n industrial que separaba a la ciudad del mar. Se recuperaban as\u00ed 5 kil\u00f3metros de playas para los ciudadanos y turistas construy\u00e9ndose, tambi\u00e9n, buen n\u00famero de infraestructuras como puertos deportivos, y una buena dotaci\u00f3n de instalaciones deportivas a lo largo del frente mar\u00edtimo. Por ello interesa encontrar la\u00a0<strong>mejor oferta pisos en venta en el Frente Mar\u00edtimo de Badalona<\/strong><\/p>\n<p>Badalona tiene una superficie de 21.17 km\u00b2 con 35 barrios agrupados en 6 distritos:<\/p>\n<ul>\n<li><strong>.\u00a0 \u00a0 \u00a0Distrito 1:<\/strong>\u00a0Casagemes, Manres\u00e0, Centre, Dalt la Vila, Coll i Pujol y Progr\u00e9s.<\/li>\n<li>\u00a0 \u00a0 \u00a0 \u00a0<strong>Distrito 2:<\/strong>\u00a0Sant Crist, Sistrells, Lloreda, Nueva Lloreda, Puigfred, La Paz y Montigal\u00e0 Occidental.<\/li>\n<li>\u00a0 \u00a0 \u00a0 \u00a0<strong>Distrito 3:<\/strong>\u00a0Montigal\u00e0 Oriental, Canyet, Mas Ram, Bufal\u00e0, Pomar de Dalt, Morera y Les Guixeres.<\/li>\n<li>\u00a0 \u00a0 \u00a0 \u00a0<strong>Distrito 4:<\/strong>\u00a0La Salud, Sant Joan de\u00a0Llefi\u00e0, Sant Mori de Llefi\u00e0 y Sant Antoni de Llefi\u00e0.<\/li>\n<li>\u00b7\u00a0\u00a0\u00a0\u00a0\u00a0\u00a0<strong>Distrito 5:<\/strong>\u00a0Gorg, La Mora, Congr\u00e9s, Can Claris y Raval.<\/li>\n<li>\u00a0 \u00a0 \u00a0 \u00a0\u00a0<strong>Distrito 6:<\/strong>\u00a0Artigas,San Roque\u00a0y El Remedio.<\/li>\n<\/ul>\n<h2 class=\"\" data-fontsize=\"18\" data-lineheight=\"27px\">Pisos en venta para vivir en el Frente Mar\u00edtimo de Badalona<\/h2>\n<p>La costa mediterr\u00e1nea es hoy en d\u00eda la zona residencial m\u00e1s valorada de la ciudad,\u00a0 con la\u00a0<strong>mejor oferta pisos en venta en el Frente Mar\u00edtimo de Badalona.\u00a0\u00a0<\/strong>\u00a0Esta costa cuenta con nueve playas que se extienden a lo largo de casi 5 km de litoral. En la zona sur encontramos el nuevo\u00a0<strong>Puerto Deportivo<\/strong>\u00a0cuya construcci\u00f3n provoc\u00f3 un mayor aporte de arena a todas las playas situadas al norte.<\/p>\n<p>Entre las playas m\u00e1s conocidas, la Playa de los Pescadores, la Playa del Cristall, la playa de la Estaci\u00f3n, la Playa del Coco y la Playa de la Mora, esta \u00faltima nudista.<\/p>\n<p><img decoding=\"async\" class=\"\" src=\"https:\/\/www.aquimicasa.net\/imagenes\/profesionales\/362\/362_log.jpg\" alt=\"Alfa Badalona Centro Mar\" width=\"382\" height=\"151\" \/><\/p>\n<\/div><div class=\"fusion-clearfix\"><\/div><\/div><\/div><div class=\"fusion-layout-column fusion_builder_column fusion-builder-column-9 fusion_builder_column_1_1 1_1 fusion-one-full fusion-column-first fusion-column-last\" style=\"margin-top:0px;margin-bottom:20px;\"><div class=\"fusion-column-wrapper fusion-flex-column-wrapper-legacy\" style=\"background-position:left top;background-repeat:no-repeat;-webkit-background-size:cover;-moz-background-size:cover;-o-background-size:cover;background-size:cover;padding: 2% 0px 0px 0px;\"><div class=\"fusion-aligncenter\"><style type=\"text\/css\">.fusion-button.button-8 {border-radius:2px;}<\/style><a class=\"fusion-button button-flat button-xlarge button-default button-8 fusion-button-default-span fusion-button-default-type\" target=\"_blank\" rel=\"noopener noreferrer\" href=\"https:\/\/www.aquimicasa.net\/profesionales\/362\/alfa-badalona-centro-mar\/\"><span class=\"fusion-button-text\">Ver m\u00e1s inmuebles de Alfa Badalona Centromar<\/span><\/a><\/div><div class=\"fusion-clearfix\"><\/div><\/div><\/div><div class=\"fusion-layout-column fusion_builder_column fusion-builder-column-10 fusion_builder_column_1_1 1_1 fusion-one-full fusion-column-first fusion-column-last\" style=\"margin-top:0px;margin-bottom:20px;\"><div class=\"fusion-column-wrapper fusion-flex-column-wrapper-legacy\" style=\"background-position:left top;background-repeat:no-repeat;-webkit-background-size:cover;-moz-background-size:cover;-o-background-size:cover;background-size:cover;padding: 0px 0px 0px 0px;\"><div class=\"fusion-sep-clear\"><\/div><div class=\"fusion-separator fusion-full-width-sep\" style=\"margin-left: auto;margin-right: auto;margin-bottom:2%;width:100%;\"><\/div><div class=\"fusion-sep-clear\"><\/div><div class=\"fusion-clearfix\"><\/div><\/div><\/div><\/div><\/div><\/p>\n","protected":false},"excerpt":{"rendered":"","protected":false},"author":3,"featured_media":23303,"comment_status":"open","ping_status":"open","sticky":false,"template":"","format":"standard","meta":{"_jetpack_memberships_contains_paid_content":false,"footnotes":"","jetpack_publicize_message":"","jetpack_publicize_feature_enabled":true,"jetpack_social_post_already_shared":true,"jetpack_social_options":{"image_generator_settings":{"template":"highway","default_image_id":0,"font":"","enabled":false},"version":2}},"categories":[100],"tags":[7860,6312,6313,1945,6309,6310],"class_list":["post-23284","post","type-post","status-publish","format-standard","has-post-thumbnail","hentry","category-compraventa-de-viviendas","tag-agencia-boletin-2","tag-alfa-badalona","tag-alfa-badalona-centromar","tag-badalona","tag-frente-maritimo-de-badalona","tag-front-maritime"],"yoast_head":"<!-- This site is optimized with the Yoast SEO plugin v27.5 - https:\/\/yoast.com\/product\/yoast-seo-wordpress\/ -->\n<title>Mejor oferta de pisos en venta en el Frente Mar\u00edtimo de Badalona<\/title>\n<meta name=\"description\" content=\"La costa mediterr\u00e1nea es la zona residencial m\u00e1s valorada con una buena oferta de pisos en venta para vivir en el Frente Mar\u00edtimo de Badalona\" \/>\n<meta name=\"robots\" content=\"index, follow, max-snippet:-1, max-image-preview:large, max-video-preview:-1\" \/>\n<link rel=\"canonical\" href=\"https:\/\/www.aquimicasa.net\/blog\/vivienda\/compraventa-de-viviendas\/mejor-oferta-de-pisos-en-venta-en-el-frente-maritimo-de-badalona\/\" \/>\n<meta property=\"og:locale\" content=\"es_ES\" \/>\n<meta property=\"og:type\" content=\"article\" \/>\n<meta property=\"og:title\" content=\"Mejor oferta de pisos en venta en el Frente Mar\u00edtimo de Badalona\" \/>\n<meta property=\"og:description\" content=\"La costa mediterr\u00e1nea es la zona residencial m\u00e1s valorada con una buena oferta de pisos en venta para vivir en el Frente Mar\u00edtimo de Badalona\" \/>\n<meta property=\"og:url\" content=\"https:\/\/www.aquimicasa.net\/blog\/vivienda\/compraventa-de-viviendas\/mejor-oferta-de-pisos-en-venta-en-el-frente-maritimo-de-badalona\/\" \/>\n<meta property=\"og:site_name\" content=\"Blog de aquimicasa.net\" \/>\n<meta property=\"article:publisher\" content=\"https:\/\/www.facebook.com\/aquimicasa.net\" \/>\n<meta property=\"article:published_time\" content=\"2019-01-02T11:40:17+00:00\" \/>\n<meta property=\"article:modified_time\" content=\"2021-03-17T07:11:49+00:00\" \/>\n<meta property=\"og:image\" content=\"https:\/\/www.aquimicasa.net\/blog\/wp-content\/uploads\/Fente-maritimo4-e1546429602899.jpg\" \/>\n\t<meta property=\"og:image:width\" content=\"360\" \/>\n\t<meta property=\"og:image:height\" content=\"222\" \/>\n\t<meta property=\"og:image:type\" content=\"image\/jpeg\" \/>\n<meta name=\"author\" content=\"Eduardo Lizarraga\" \/>\n<meta name=\"twitter:label1\" content=\"Escrito por\" \/>\n\t<meta name=\"twitter:data1\" content=\"Eduardo Lizarraga\" \/>\n\t<meta name=\"twitter:label2\" content=\"Tiempo de lectura\" \/>\n\t<meta name=\"twitter:data2\" content=\"12 minutos\" \/>\n<script type=\"application\/ld+json\" class=\"yoast-schema-graph\">{\"@context\":\"https:\\\/\\\/schema.org\",\"@graph\":[{\"@type\":\"Article\",\"@id\":\"https:\\\/\\\/www.aquimicasa.net\\\/blog\\\/vivienda\\\/compraventa-de-viviendas\\\/mejor-oferta-de-pisos-en-venta-en-el-frente-maritimo-de-badalona\\\/#article\",\"isPartOf\":{\"@id\":\"https:\\\/\\\/www.aquimicasa.net\\\/blog\\\/vivienda\\\/compraventa-de-viviendas\\\/mejor-oferta-de-pisos-en-venta-en-el-frente-maritimo-de-badalona\\\/\"},\"author\":{\"name\":\"Eduardo Lizarraga\",\"@id\":\"https:\\\/\\\/www.aquimicasa.net\\\/blog\\\/#\\\/schema\\\/person\\\/2cdfa2605534583395c8d7ce1d6cac14\"},\"headline\":\"Mejor oferta de pisos en venta en el Frente Mar\u00edtimo de Badalona\",\"datePublished\":\"2019-01-02T11:40:17+00:00\",\"dateModified\":\"2021-03-17T07:11:49+00:00\",\"mainEntityOfPage\":{\"@id\":\"https:\\\/\\\/www.aquimicasa.net\\\/blog\\\/vivienda\\\/compraventa-de-viviendas\\\/mejor-oferta-de-pisos-en-venta-en-el-frente-maritimo-de-badalona\\\/\"},\"wordCount\":5553,\"commentCount\":0,\"publisher\":{\"@id\":\"https:\\\/\\\/www.aquimicasa.net\\\/blog\\\/#organization\"},\"image\":{\"@id\":\"https:\\\/\\\/www.aquimicasa.net\\\/blog\\\/vivienda\\\/compraventa-de-viviendas\\\/mejor-oferta-de-pisos-en-venta-en-el-frente-maritimo-de-badalona\\\/#primaryimage\"},\"thumbnailUrl\":\"https:\\\/\\\/www.aquimicasa.net\\\/blog\\\/wp-content\\\/uploads\\\/Fente-maritimo4-e1546429602899.jpg\",\"keywords\":[\"Agencia Newsletter 2\",\"Alfa Badalona\",\"Alfa Badalona Centromar\",\"Badalona\",\"Frente Mar\u00edtimo de Badalona\",\"Front Maritime\"],\"articleSection\":[\"Compra Venta\"],\"inLanguage\":\"es\",\"potentialAction\":[{\"@type\":\"CommentAction\",\"name\":\"Comment\",\"target\":[\"https:\\\/\\\/www.aquimicasa.net\\\/blog\\\/vivienda\\\/compraventa-de-viviendas\\\/mejor-oferta-de-pisos-en-venta-en-el-frente-maritimo-de-badalona\\\/#respond\"]}]},{\"@type\":\"WebPage\",\"@id\":\"https:\\\/\\\/www.aquimicasa.net\\\/blog\\\/vivienda\\\/compraventa-de-viviendas\\\/mejor-oferta-de-pisos-en-venta-en-el-frente-maritimo-de-badalona\\\/\",\"url\":\"https:\\\/\\\/www.aquimicasa.net\\\/blog\\\/vivienda\\\/compraventa-de-viviendas\\\/mejor-oferta-de-pisos-en-venta-en-el-frente-maritimo-de-badalona\\\/\",\"name\":\"Mejor oferta de pisos en venta en el Frente Mar\u00edtimo de Badalona\",\"isPartOf\":{\"@id\":\"https:\\\/\\\/www.aquimicasa.net\\\/blog\\\/#website\"},\"primaryImageOfPage\":{\"@id\":\"https:\\\/\\\/www.aquimicasa.net\\\/blog\\\/vivienda\\\/compraventa-de-viviendas\\\/mejor-oferta-de-pisos-en-venta-en-el-frente-maritimo-de-badalona\\\/#primaryimage\"},\"image\":{\"@id\":\"https:\\\/\\\/www.aquimicasa.net\\\/blog\\\/vivienda\\\/compraventa-de-viviendas\\\/mejor-oferta-de-pisos-en-venta-en-el-frente-maritimo-de-badalona\\\/#primaryimage\"},\"thumbnailUrl\":\"https:\\\/\\\/www.aquimicasa.net\\\/blog\\\/wp-content\\\/uploads\\\/Fente-maritimo4-e1546429602899.jpg\",\"datePublished\":\"2019-01-02T11:40:17+00:00\",\"dateModified\":\"2021-03-17T07:11:49+00:00\",\"description\":\"La costa mediterr\u00e1nea es la zona residencial m\u00e1s valorada con una buena oferta de pisos en venta para vivir en el Frente Mar\u00edtimo de Badalona\",\"breadcrumb\":{\"@id\":\"https:\\\/\\\/www.aquimicasa.net\\\/blog\\\/vivienda\\\/compraventa-de-viviendas\\\/mejor-oferta-de-pisos-en-venta-en-el-frente-maritimo-de-badalona\\\/#breadcrumb\"},\"inLanguage\":\"es\",\"potentialAction\":[{\"@type\":\"ReadAction\",\"target\":[\"https:\\\/\\\/www.aquimicasa.net\\\/blog\\\/vivienda\\\/compraventa-de-viviendas\\\/mejor-oferta-de-pisos-en-venta-en-el-frente-maritimo-de-badalona\\\/\"]}]},{\"@type\":\"ImageObject\",\"inLanguage\":\"es\",\"@id\":\"https:\\\/\\\/www.aquimicasa.net\\\/blog\\\/vivienda\\\/compraventa-de-viviendas\\\/mejor-oferta-de-pisos-en-venta-en-el-frente-maritimo-de-badalona\\\/#primaryimage\",\"url\":\"https:\\\/\\\/www.aquimicasa.net\\\/blog\\\/wp-content\\\/uploads\\\/Fente-maritimo4-e1546429602899.jpg\",\"contentUrl\":\"https:\\\/\\\/www.aquimicasa.net\\\/blog\\\/wp-content\\\/uploads\\\/Fente-maritimo4-e1546429602899.jpg\",\"width\":360,\"height\":222},{\"@type\":\"BreadcrumbList\",\"@id\":\"https:\\\/\\\/www.aquimicasa.net\\\/blog\\\/vivienda\\\/compraventa-de-viviendas\\\/mejor-oferta-de-pisos-en-venta-en-el-frente-maritimo-de-badalona\\\/#breadcrumb\",\"itemListElement\":[{\"@type\":\"ListItem\",\"position\":1,\"name\":\"Portada\",\"item\":\"https:\\\/\\\/www.aquimicasa.net\\\/blog\\\/\"},{\"@type\":\"ListItem\",\"position\":2,\"name\":\"Mejor oferta de pisos en venta en el Frente Mar\u00edtimo de Badalona\"}]},{\"@type\":\"WebSite\",\"@id\":\"https:\\\/\\\/www.aquimicasa.net\\\/blog\\\/#website\",\"url\":\"https:\\\/\\\/www.aquimicasa.net\\\/blog\\\/\",\"name\":\"Blog de aquimicasa.net\",\"description\":\"Noticias del Mundo Inmobiliario\",\"publisher\":{\"@id\":\"https:\\\/\\\/www.aquimicasa.net\\\/blog\\\/#organization\"},\"potentialAction\":[{\"@type\":\"SearchAction\",\"target\":{\"@type\":\"EntryPoint\",\"urlTemplate\":\"https:\\\/\\\/www.aquimicasa.net\\\/blog\\\/?s={search_term_string}\"},\"query-input\":{\"@type\":\"PropertyValueSpecification\",\"valueRequired\":true,\"valueName\":\"search_term_string\"}}],\"inLanguage\":\"es\"},{\"@type\":\"Organization\",\"@id\":\"https:\\\/\\\/www.aquimicasa.net\\\/blog\\\/#organization\",\"name\":\"Blog de aquimicasa.net\",\"url\":\"https:\\\/\\\/www.aquimicasa.net\\\/blog\\\/\",\"logo\":{\"@type\":\"ImageObject\",\"inLanguage\":\"es\",\"@id\":\"https:\\\/\\\/www.aquimicasa.net\\\/blog\\\/#\\\/schema\\\/logo\\\/image\\\/\",\"url\":\"https:\\\/\\\/www.aquimicasa.net\\\/blog\\\/wp-content\\\/uploads\\\/Logo-aquimicasa-1-e1528048213782.png\",\"contentUrl\":\"https:\\\/\\\/www.aquimicasa.net\\\/blog\\\/wp-content\\\/uploads\\\/Logo-aquimicasa-1-e1528048213782.png\",\"width\":225,\"height\":225,\"caption\":\"Blog de aquimicasa.net\"},\"image\":{\"@id\":\"https:\\\/\\\/www.aquimicasa.net\\\/blog\\\/#\\\/schema\\\/logo\\\/image\\\/\"},\"sameAs\":[\"https:\\\/\\\/www.facebook.com\\\/aquimicasa.net\",\"https:\\\/\\\/www.instagram.com\\\/\",\"https:\\\/\\\/x.com\\\/EduLizarragaD\",\"https:\\\/\\\/www.linkedin.com\\\/feed\\\/\"]},{\"@type\":\"Person\",\"@id\":\"https:\\\/\\\/www.aquimicasa.net\\\/blog\\\/#\\\/schema\\\/person\\\/2cdfa2605534583395c8d7ce1d6cac14\",\"name\":\"Eduardo Lizarraga\",\"image\":{\"@type\":\"ImageObject\",\"inLanguage\":\"es\",\"@id\":\"https:\\\/\\\/secure.gravatar.com\\\/avatar\\\/bdabe1eeeed97b65a9cb7de2edd624b07995f7e13abc5fead15961f745f908cc?s=96&d=mm&r=g\",\"url\":\"https:\\\/\\\/secure.gravatar.com\\\/avatar\\\/bdabe1eeeed97b65a9cb7de2edd624b07995f7e13abc5fead15961f745f908cc?s=96&d=mm&r=g\",\"contentUrl\":\"https:\\\/\\\/secure.gravatar.com\\\/avatar\\\/bdabe1eeeed97b65a9cb7de2edd624b07995f7e13abc5fead15961f745f908cc?s=96&d=mm&r=g\",\"caption\":\"Eduardo Lizarraga\"},\"description\":\"Periodista Econ\u00f3mico. Ha trabajado en diversos campos de la informaci\u00f3n. Corresponsal en conflictos, analista pol\u00edtico en Congreso y Senado, periodista del medio ambiente, editor, director editorial, director de comunicaci\u00f3n.... En estos momentos se ha especializado en el sector inmobiliario. Pero tambi\u00e9n es navegante y viajero, preocupado por la pobreza, el medio ambiente y por las actuaciones descontroladas del neoliberalismo empresarial y pol\u00edtico en todo el mundo. Los desahucios, la pobreza infantil y la falta de acceso a los suministros b\u00e1sicos son algunos de los grandes dramas de nuestra sociedad y que es preciso solucionar para hacerla m\u00e1s justa. CEO en www.aquimicasa.net\",\"sameAs\":[\"https:\\\/\\\/www.aquimicasa.net\\\/\"],\"url\":\"https:\\\/\\\/www.aquimicasa.net\\\/blog\\\/author\\\/eduardo\\\/\"}]}<\/script>\n<!-- \/ Yoast SEO plugin. -->","yoast_head_json":{"title":"Mejor oferta de pisos en venta en el Frente Mar\u00edtimo de Badalona","description":"La costa mediterr\u00e1nea es la zona residencial m\u00e1s valorada con una buena oferta de pisos en venta para vivir en el Frente Mar\u00edtimo de Badalona","robots":{"index":"index","follow":"follow","max-snippet":"max-snippet:-1","max-image-preview":"max-image-preview:large","max-video-preview":"max-video-preview:-1"},"canonical":"https:\/\/www.aquimicasa.net\/blog\/vivienda\/compraventa-de-viviendas\/mejor-oferta-de-pisos-en-venta-en-el-frente-maritimo-de-badalona\/","og_locale":"es_ES","og_type":"article","og_title":"Mejor oferta de pisos en venta en el Frente Mar\u00edtimo de Badalona","og_description":"La costa mediterr\u00e1nea es la zona residencial m\u00e1s valorada con una buena oferta de pisos en venta para vivir en el Frente Mar\u00edtimo de Badalona","og_url":"https:\/\/www.aquimicasa.net\/blog\/vivienda\/compraventa-de-viviendas\/mejor-oferta-de-pisos-en-venta-en-el-frente-maritimo-de-badalona\/","og_site_name":"Blog de aquimicasa.net","article_publisher":"https:\/\/www.facebook.com\/aquimicasa.net","article_published_time":"2019-01-02T11:40:17+00:00","article_modified_time":"2021-03-17T07:11:49+00:00","og_image":[{"width":360,"height":222,"url":"https:\/\/www.aquimicasa.net\/blog\/wp-content\/uploads\/Fente-maritimo4-e1546429602899.jpg","type":"image\/jpeg"}],"author":"Eduardo Lizarraga","twitter_misc":{"Escrito por":"Eduardo Lizarraga","Tiempo de lectura":"12 minutos"},"schema":{"@context":"https:\/\/schema.org","@graph":[{"@type":"Article","@id":"https:\/\/www.aquimicasa.net\/blog\/vivienda\/compraventa-de-viviendas\/mejor-oferta-de-pisos-en-venta-en-el-frente-maritimo-de-badalona\/#article","isPartOf":{"@id":"https:\/\/www.aquimicasa.net\/blog\/vivienda\/compraventa-de-viviendas\/mejor-oferta-de-pisos-en-venta-en-el-frente-maritimo-de-badalona\/"},"author":{"name":"Eduardo Lizarraga","@id":"https:\/\/www.aquimicasa.net\/blog\/#\/schema\/person\/2cdfa2605534583395c8d7ce1d6cac14"},"headline":"Mejor oferta de pisos en venta en el Frente Mar\u00edtimo de Badalona","datePublished":"2019-01-02T11:40:17+00:00","dateModified":"2021-03-17T07:11:49+00:00","mainEntityOfPage":{"@id":"https:\/\/www.aquimicasa.net\/blog\/vivienda\/compraventa-de-viviendas\/mejor-oferta-de-pisos-en-venta-en-el-frente-maritimo-de-badalona\/"},"wordCount":5553,"commentCount":0,"publisher":{"@id":"https:\/\/www.aquimicasa.net\/blog\/#organization"},"image":{"@id":"https:\/\/www.aquimicasa.net\/blog\/vivienda\/compraventa-de-viviendas\/mejor-oferta-de-pisos-en-venta-en-el-frente-maritimo-de-badalona\/#primaryimage"},"thumbnailUrl":"https:\/\/www.aquimicasa.net\/blog\/wp-content\/uploads\/Fente-maritimo4-e1546429602899.jpg","keywords":["Agencia Newsletter 2","Alfa Badalona","Alfa Badalona Centromar","Badalona","Frente Mar\u00edtimo de Badalona","Front Maritime"],"articleSection":["Compra Venta"],"inLanguage":"es","potentialAction":[{"@type":"CommentAction","name":"Comment","target":["https:\/\/www.aquimicasa.net\/blog\/vivienda\/compraventa-de-viviendas\/mejor-oferta-de-pisos-en-venta-en-el-frente-maritimo-de-badalona\/#respond"]}]},{"@type":"WebPage","@id":"https:\/\/www.aquimicasa.net\/blog\/vivienda\/compraventa-de-viviendas\/mejor-oferta-de-pisos-en-venta-en-el-frente-maritimo-de-badalona\/","url":"https:\/\/www.aquimicasa.net\/blog\/vivienda\/compraventa-de-viviendas\/mejor-oferta-de-pisos-en-venta-en-el-frente-maritimo-de-badalona\/","name":"Mejor oferta de pisos en venta en el Frente Mar\u00edtimo de Badalona","isPartOf":{"@id":"https:\/\/www.aquimicasa.net\/blog\/#website"},"primaryImageOfPage":{"@id":"https:\/\/www.aquimicasa.net\/blog\/vivienda\/compraventa-de-viviendas\/mejor-oferta-de-pisos-en-venta-en-el-frente-maritimo-de-badalona\/#primaryimage"},"image":{"@id":"https:\/\/www.aquimicasa.net\/blog\/vivienda\/compraventa-de-viviendas\/mejor-oferta-de-pisos-en-venta-en-el-frente-maritimo-de-badalona\/#primaryimage"},"thumbnailUrl":"https:\/\/www.aquimicasa.net\/blog\/wp-content\/uploads\/Fente-maritimo4-e1546429602899.jpg","datePublished":"2019-01-02T11:40:17+00:00","dateModified":"2021-03-17T07:11:49+00:00","description":"La costa mediterr\u00e1nea es la zona residencial m\u00e1s valorada con una buena oferta de pisos en venta para vivir en el Frente Mar\u00edtimo de Badalona","breadcrumb":{"@id":"https:\/\/www.aquimicasa.net\/blog\/vivienda\/compraventa-de-viviendas\/mejor-oferta-de-pisos-en-venta-en-el-frente-maritimo-de-badalona\/#breadcrumb"},"inLanguage":"es","potentialAction":[{"@type":"ReadAction","target":["https:\/\/www.aquimicasa.net\/blog\/vivienda\/compraventa-de-viviendas\/mejor-oferta-de-pisos-en-venta-en-el-frente-maritimo-de-badalona\/"]}]},{"@type":"ImageObject","inLanguage":"es","@id":"https:\/\/www.aquimicasa.net\/blog\/vivienda\/compraventa-de-viviendas\/mejor-oferta-de-pisos-en-venta-en-el-frente-maritimo-de-badalona\/#primaryimage","url":"https:\/\/www.aquimicasa.net\/blog\/wp-content\/uploads\/Fente-maritimo4-e1546429602899.jpg","contentUrl":"https:\/\/www.aquimicasa.net\/blog\/wp-content\/uploads\/Fente-maritimo4-e1546429602899.jpg","width":360,"height":222},{"@type":"BreadcrumbList","@id":"https:\/\/www.aquimicasa.net\/blog\/vivienda\/compraventa-de-viviendas\/mejor-oferta-de-pisos-en-venta-en-el-frente-maritimo-de-badalona\/#breadcrumb","itemListElement":[{"@type":"ListItem","position":1,"name":"Portada","item":"https:\/\/www.aquimicasa.net\/blog\/"},{"@type":"ListItem","position":2,"name":"Mejor oferta de pisos en venta en el Frente Mar\u00edtimo de Badalona"}]},{"@type":"WebSite","@id":"https:\/\/www.aquimicasa.net\/blog\/#website","url":"https:\/\/www.aquimicasa.net\/blog\/","name":"Blog de aquimicasa.net","description":"Noticias del Mundo Inmobiliario","publisher":{"@id":"https:\/\/www.aquimicasa.net\/blog\/#organization"},"potentialAction":[{"@type":"SearchAction","target":{"@type":"EntryPoint","urlTemplate":"https:\/\/www.aquimicasa.net\/blog\/?s={search_term_string}"},"query-input":{"@type":"PropertyValueSpecification","valueRequired":true,"valueName":"search_term_string"}}],"inLanguage":"es"},{"@type":"Organization","@id":"https:\/\/www.aquimicasa.net\/blog\/#organization","name":"Blog de aquimicasa.net","url":"https:\/\/www.aquimicasa.net\/blog\/","logo":{"@type":"ImageObject","inLanguage":"es","@id":"https:\/\/www.aquimicasa.net\/blog\/#\/schema\/logo\/image\/","url":"https:\/\/www.aquimicasa.net\/blog\/wp-content\/uploads\/Logo-aquimicasa-1-e1528048213782.png","contentUrl":"https:\/\/www.aquimicasa.net\/blog\/wp-content\/uploads\/Logo-aquimicasa-1-e1528048213782.png","width":225,"height":225,"caption":"Blog de aquimicasa.net"},"image":{"@id":"https:\/\/www.aquimicasa.net\/blog\/#\/schema\/logo\/image\/"},"sameAs":["https:\/\/www.facebook.com\/aquimicasa.net","https:\/\/www.instagram.com\/","https:\/\/x.com\/EduLizarragaD","https:\/\/www.linkedin.com\/feed\/"]},{"@type":"Person","@id":"https:\/\/www.aquimicasa.net\/blog\/#\/schema\/person\/2cdfa2605534583395c8d7ce1d6cac14","name":"Eduardo Lizarraga","image":{"@type":"ImageObject","inLanguage":"es","@id":"https:\/\/secure.gravatar.com\/avatar\/bdabe1eeeed97b65a9cb7de2edd624b07995f7e13abc5fead15961f745f908cc?s=96&d=mm&r=g","url":"https:\/\/secure.gravatar.com\/avatar\/bdabe1eeeed97b65a9cb7de2edd624b07995f7e13abc5fead15961f745f908cc?s=96&d=mm&r=g","contentUrl":"https:\/\/secure.gravatar.com\/avatar\/bdabe1eeeed97b65a9cb7de2edd624b07995f7e13abc5fead15961f745f908cc?s=96&d=mm&r=g","caption":"Eduardo Lizarraga"},"description":"Periodista Econ\u00f3mico. Ha trabajado en diversos campos de la informaci\u00f3n. Corresponsal en conflictos, analista pol\u00edtico en Congreso y Senado, periodista del medio ambiente, editor, director editorial, director de comunicaci\u00f3n.... En estos momentos se ha especializado en el sector inmobiliario. Pero tambi\u00e9n es navegante y viajero, preocupado por la pobreza, el medio ambiente y por las actuaciones descontroladas del neoliberalismo empresarial y pol\u00edtico en todo el mundo. Los desahucios, la pobreza infantil y la falta de acceso a los suministros b\u00e1sicos son algunos de los grandes dramas de nuestra sociedad y que es preciso solucionar para hacerla m\u00e1s justa. CEO en www.aquimicasa.net","sameAs":["https:\/\/www.aquimicasa.net\/"],"url":"https:\/\/www.aquimicasa.net\/blog\/author\/eduardo\/"}]}},"jetpack_publicize_connections":[],"jetpack_featured_media_url":"https:\/\/www.aquimicasa.net\/blog\/wp-content\/uploads\/Fente-maritimo4-e1546429602899.jpg","jetpack_sharing_enabled":true,"jetpack_likes_enabled":true,"_links":{"self":[{"href":"https:\/\/www.aquimicasa.net\/blog\/wp-json\/wp\/v2\/posts\/23284","targetHints":{"allow":["GET"]}}],"collection":[{"href":"https:\/\/www.aquimicasa.net\/blog\/wp-json\/wp\/v2\/posts"}],"about":[{"href":"https:\/\/www.aquimicasa.net\/blog\/wp-json\/wp\/v2\/types\/post"}],"author":[{"embeddable":true,"href":"https:\/\/www.aquimicasa.net\/blog\/wp-json\/wp\/v2\/users\/3"}],"replies":[{"embeddable":true,"href":"https:\/\/www.aquimicasa.net\/blog\/wp-json\/wp\/v2\/comments?post=23284"}],"version-history":[{"count":48,"href":"https:\/\/www.aquimicasa.net\/blog\/wp-json\/wp\/v2\/posts\/23284\/revisions"}],"predecessor-version":[{"id":36399,"href":"https:\/\/www.aquimicasa.net\/blog\/wp-json\/wp\/v2\/posts\/23284\/revisions\/36399"}],"wp:featuredmedia":[{"embeddable":true,"href":"https:\/\/www.aquimicasa.net\/blog\/wp-json\/wp\/v2\/media\/23303"}],"wp:attachment":[{"href":"https:\/\/www.aquimicasa.net\/blog\/wp-json\/wp\/v2\/media?parent=23284"}],"wp:term":[{"taxonomy":"category","embeddable":true,"href":"https:\/\/www.aquimicasa.net\/blog\/wp-json\/wp\/v2\/categories?post=23284"},{"taxonomy":"post_tag","embeddable":true,"href":"https:\/\/www.aquimicasa.net\/blog\/wp-json\/wp\/v2\/tags?post=23284"}],"curies":[{"name":"wp","href":"https:\/\/api.w.org\/{rel}","templated":true}]}}