{"id":23475,"date":"2019-01-19T10:03:28","date_gmt":"2019-01-19T09:03:28","guid":{"rendered":"https:\/\/www.aquimicasa.net\/blog\/?p=23475"},"modified":"2019-01-19T10:04:26","modified_gmt":"2019-01-19T09:04:26","slug":"el-alza-de-precios-fue-general-en-todas-las-comunidades-autonomas","status":"publish","type":"post","link":"https:\/\/www.aquimicasa.net\/blog\/vivienda\/compraventa-de-viviendas\/el-alza-de-precios-fue-general-en-todas-las-comunidades-autonomas\/","title":{"rendered":"El alza de precios fue general en todas las Comunidades Aut\u00f3nomas"},"content":{"rendered":"<div class=\"post_title_con\">\n<p>La vivienda terminada (nueva y usada) <strong>se encareci\u00f3 en Espa\u00f1a* un 5,8 % interanua<\/strong>l en el cuarto trimestre, hasta 1.337 \u20ac\/m2, seg\u00fan el dato provisional que refleja la estad\u00edstica Tinsa IMIE Mercados Locales. Se trata del <strong>mayor incremento<\/strong> en tasa anual desde el tercer trimestre de 2007. \u201cContin\u00faa el ciclo expansivo del mercado residencial, creciendo consistentemente la demanda y aumentando los valores de forma heterog\u00e9nea\u201d, afirma Rafael Gil, director del Servicio de Estudios de Tinsa.<\/p>\n<\/div>\n<div class=\"content_block col-md-9 f_left\">\n<div class=\"hm_blog_full_list hm_blog_list clearfix\">\n<div id=\"post-309090\" class=\"clearfix post-309090 sala-de-prensa type-sala-de-prensa status-publish has-post-thumbnail hentry tag-imie tag-vivienda sala_de_prensa_taxonomy-imie\">\n<p>La variaci\u00f3n media en el conjunto del 2018 (media de los cuatro trimestres del a\u00f1o) fue del 5 %. Desde que tocara suelo en el primer trimestre de 2015, el precio medio en Espa\u00f1a se ha revalorizado de media un 11,7 % y se mantiene <strong>un 34,7 % por debajo de los niveles que alcanz\u00f3 en 2007<\/strong>. Actualmente, el valor est\u00e1 en niveles de principios de 2013.<\/p>\n<p>\u201cAunque a ritmos dispares, el encarecimiento residencial es ya <strong>com\u00fan a todas las regiones<\/strong>. Todas las Comunidades Aut\u00f3nomas registraron en el cuarto trimestre crecimientos interanuales de precios\u201d, afirma Gil. Y hasta diez capitales de provincia, lideradas por Valencia (16,8 %), M\u00e1laga (15,4 %), Tarragona (15,1 %) y Madrid (14,0 %), registraron revalorizaciones del 10 % o superiores en los \u00faltimos 12 meses. Sin embargo, la evoluci\u00f3n es dispar y todav\u00eda se observan importantes diferencias al descender el an\u00e1lisis local: 11 provincias y 12 capitales mostraron en cuarto trimestre precios medios m\u00e1s baratos que en el mismo trimestre del a\u00f1o anterior.<\/p>\n<h2 class=\"title upper\">CCAA<\/h2>\n<p><a href=\"https:\/\/www.tinsa.es\/wp-content\/uploads\/2018\/12\/COMUNIDADES.jpg\"  rel=\"nofollow noopener\"><img decoding=\"async\" class=\"alignnone size-full wp-image-309111 lazyloaded\" src=\"https:\/\/www.tinsa.es\/wp-content\/uploads\/2018\/12\/COMUNIDADES.jpg\" sizes=\"(max-width: 1203px) 100vw, 1203px\" srcset=\"https:\/\/www.tinsa.es\/wp-content\/uploads\/2018\/12\/COMUNIDADES.jpg 1203w, https:\/\/www.tinsa.es\/wp-content\/uploads\/2018\/12\/COMUNIDADES-250x300.jpg 250w, https:\/\/www.tinsa.es\/wp-content\/uploads\/2018\/12\/COMUNIDADES-768x920.jpg 768w, https:\/\/www.tinsa.es\/wp-content\/uploads\/2018\/12\/COMUNIDADES-334x400.jpg 334w\" alt=\"\" width=\"1203\" height=\"1441\" data-lazy-src=\"https:\/\/www.tinsa.es\/wp-content\/uploads\/2018\/12\/COMUNIDADES.jpg\" data-lazy-srcset=\"https:\/\/www.tinsa.es\/wp-content\/uploads\/2018\/12\/COMUNIDADES.jpg 1203w, https:\/\/www.tinsa.es\/wp-content\/uploads\/2018\/12\/COMUNIDADES-250x300.jpg 250w, https:\/\/www.tinsa.es\/wp-content\/uploads\/2018\/12\/COMUNIDADES-768x920.jpg 768w, https:\/\/www.tinsa.es\/wp-content\/uploads\/2018\/12\/COMUNIDADES-334x400.jpg 334w\" data-lazy-sizes=\"(max-width: 1203px) 100vw, 1203px\" data-was-processed=\"true\" \/><\/a><\/p>\n<p>La <strong>Comunidad de Madrid lidera el encarecimiento nacional<\/strong> y es la \u00fanica regi\u00f3n con una apreciaci\u00f3n superior al 10 % (10,8 %), seguida por la Comunidad Valenciana (7,8 %), Asturias (7,4 %), Castilla y Le\u00f3n (7,4 %) y Arag\u00f3n (7,3 %). Las regiones de La Rioja, Catalu\u00f1a, Baleares, Andaluc\u00eda, Canarias, Castilla-La Mancha y Murcia registran tasas superiores al 5 %. Los crecimientos interanuales m\u00e1s moderados en el cuarto trimestre, <strong>por debajo del 1,5 %, se situaron en Extremadura, Pa\u00eds Vasco, Navarra y Cantabria<\/strong>.<\/p>\n<p>Las Comunidades Aut\u00f3nomas que mantienen una mayor diferencia de precio respecto a los m\u00e1ximos alcanzados hace m\u00e1s de una d\u00e9cada son Castilla-La Mancha, con un descenso acumulado del 52,3 %, seguida de La Rioja (-50,3%) y Arag\u00f3n (-46,4%). En el extremo contrario, las regiones que m\u00e1s se aproximan a los precios registrados en el punto \u00e1lgido de la pasada d\u00e9cada son Islas Baleares (-21,4%), Comunidad de Madrid (-27,5%) y Galicia (-30,1%).<\/p>\n<\/div>\n<\/div>\n<\/div>\n","protected":false},"excerpt":{"rendered":"<p>La vivienda terminada (nueva y usada) se encareci\u00f3 en Espa\u00f1a un 5,8 % interanual en el cuarto trimestre, hasta 1.337 \u20ac\/m2, seg\u00fan el dato provisional que refleja la estad\u00edstica Tinsa IMIE Mercados Locales. Se trata del mayor incremento en tasa anual desde el tercer trimestre de 2007.<\/p>\n","protected":false},"author":3,"featured_media":17576,"comment_status":"open","ping_status":"open","sticky":false,"template":"","format":"standard","meta":{"_jetpack_memberships_contains_paid_content":false,"footnotes":"","jetpack_publicize_message":"","jetpack_publicize_feature_enabled":true,"jetpack_social_post_already_shared":true,"jetpack_social_options":{"image_generator_settings":{"template":"highway","default_image_id":0,"font":"","enabled":false},"version":2}},"categories":[100],"tags":[],"class_list":["post-23475","post","type-post","status-publish","format-standard","has-post-thumbnail","hentry","category-compraventa-de-viviendas"],"yoast_head":"<!-- This site is optimized with the Yoast SEO plugin v28.2 - https:\/\/yoast.com\/product\/yoast-seo-wordpress\/ -->\n<title>El alza de precios fue general en todas las Comunidades Aut\u00f3nomas<\/title>\n<meta name=\"description\" content=\"La vivienda terminada (nueva y usada) se encareci\u00f3 en Espa\u00f1a un 5,8 % interanual en el cuarto trimestre, hasta 1.337 \u20ac\/m2\" \/>\n<meta name=\"robots\" content=\"index, follow, max-snippet:-1, max-image-preview:large, max-video-preview:-1\" \/>\n<link rel=\"canonical\" href=\"https:\/\/www.aquimicasa.net\/blog\/vivienda\/compraventa-de-viviendas\/el-alza-de-precios-fue-general-en-todas-las-comunidades-autonomas\/\" \/>\n<meta property=\"og:locale\" content=\"es_ES\" \/>\n<meta property=\"og:type\" content=\"article\" \/>\n<meta property=\"og:title\" content=\"El alza de precios fue general en todas las Comunidades Aut\u00f3nomas\" \/>\n<meta property=\"og:description\" content=\"La vivienda terminada (nueva y usada) se encareci\u00f3 en Espa\u00f1a un 5,8 % interanual en el cuarto trimestre, hasta 1.337 \u20ac\/m2\" \/>\n<meta property=\"og:url\" content=\"https:\/\/www.aquimicasa.net\/blog\/vivienda\/compraventa-de-viviendas\/el-alza-de-precios-fue-general-en-todas-las-comunidades-autonomas\/\" \/>\n<meta property=\"og:site_name\" content=\"Blog de aquimicasa.net\" \/>\n<meta property=\"article:publisher\" content=\"https:\/\/www.facebook.com\/aquimicasa.net\" \/>\n<meta property=\"article:published_time\" content=\"2019-01-19T09:03:28+00:00\" \/>\n<meta property=\"article:modified_time\" content=\"2019-01-19T09:04:26+00:00\" \/>\n<meta property=\"og:image\" content=\"https:\/\/www.aquimicasa.net\/blog\/wp-content\/uploads\/susto-e1509580471558.jpg\" \/>\n\t<meta property=\"og:image:width\" content=\"400\" \/>\n\t<meta property=\"og:image:height\" content=\"222\" \/>\n\t<meta property=\"og:image:type\" content=\"image\/jpeg\" \/>\n<meta name=\"author\" content=\"Eduardo Lizarraga\" \/>\n<meta name=\"twitter:label1\" content=\"Escrito por\" \/>\n\t<meta name=\"twitter:data1\" content=\"Eduardo Lizarraga\" \/>\n\t<meta name=\"twitter:label2\" content=\"Tiempo de lectura\" \/>\n\t<meta name=\"twitter:data2\" content=\"2 minutos\" \/>\n<script type=\"application\/ld+json\" class=\"yoast-schema-graph\">{\"@context\":\"https:\\\/\\\/schema.org\",\"@graph\":[{\"@type\":\"Article\",\"@id\":\"https:\\\/\\\/www.aquimicasa.net\\\/blog\\\/vivienda\\\/compraventa-de-viviendas\\\/el-alza-de-precios-fue-general-en-todas-las-comunidades-autonomas\\\/#article\",\"isPartOf\":{\"@id\":\"https:\\\/\\\/www.aquimicasa.net\\\/blog\\\/vivienda\\\/compraventa-de-viviendas\\\/el-alza-de-precios-fue-general-en-todas-las-comunidades-autonomas\\\/\"},\"author\":{\"name\":\"Eduardo Lizarraga\",\"@id\":\"https:\\\/\\\/www.aquimicasa.net\\\/blog\\\/#\\\/schema\\\/person\\\/2cdfa2605534583395c8d7ce1d6cac14\"},\"headline\":\"El alza de precios fue general en todas las Comunidades Aut\u00f3nomas\",\"datePublished\":\"2019-01-19T09:03:28+00:00\",\"dateModified\":\"2019-01-19T09:04:26+00:00\",\"mainEntityOfPage\":{\"@id\":\"https:\\\/\\\/www.aquimicasa.net\\\/blog\\\/vivienda\\\/compraventa-de-viviendas\\\/el-alza-de-precios-fue-general-en-todas-las-comunidades-autonomas\\\/\"},\"wordCount\":395,\"commentCount\":0,\"publisher\":{\"@id\":\"https:\\\/\\\/www.aquimicasa.net\\\/blog\\\/#organization\"},\"image\":{\"@id\":\"https:\\\/\\\/www.aquimicasa.net\\\/blog\\\/vivienda\\\/compraventa-de-viviendas\\\/el-alza-de-precios-fue-general-en-todas-las-comunidades-autonomas\\\/#primaryimage\"},\"thumbnailUrl\":\"https:\\\/\\\/www.aquimicasa.net\\\/blog\\\/wp-content\\\/uploads\\\/susto-e1509580471558.jpg\",\"articleSection\":[\"Compra Venta\"],\"inLanguage\":\"es\",\"potentialAction\":[{\"@type\":\"CommentAction\",\"name\":\"Comment\",\"target\":[\"https:\\\/\\\/www.aquimicasa.net\\\/blog\\\/vivienda\\\/compraventa-de-viviendas\\\/el-alza-de-precios-fue-general-en-todas-las-comunidades-autonomas\\\/#respond\"]}]},{\"@type\":\"WebPage\",\"@id\":\"https:\\\/\\\/www.aquimicasa.net\\\/blog\\\/vivienda\\\/compraventa-de-viviendas\\\/el-alza-de-precios-fue-general-en-todas-las-comunidades-autonomas\\\/\",\"url\":\"https:\\\/\\\/www.aquimicasa.net\\\/blog\\\/vivienda\\\/compraventa-de-viviendas\\\/el-alza-de-precios-fue-general-en-todas-las-comunidades-autonomas\\\/\",\"name\":\"El alza de precios fue general en todas las Comunidades Aut\u00f3nomas\",\"isPartOf\":{\"@id\":\"https:\\\/\\\/www.aquimicasa.net\\\/blog\\\/#website\"},\"primaryImageOfPage\":{\"@id\":\"https:\\\/\\\/www.aquimicasa.net\\\/blog\\\/vivienda\\\/compraventa-de-viviendas\\\/el-alza-de-precios-fue-general-en-todas-las-comunidades-autonomas\\\/#primaryimage\"},\"image\":{\"@id\":\"https:\\\/\\\/www.aquimicasa.net\\\/blog\\\/vivienda\\\/compraventa-de-viviendas\\\/el-alza-de-precios-fue-general-en-todas-las-comunidades-autonomas\\\/#primaryimage\"},\"thumbnailUrl\":\"https:\\\/\\\/www.aquimicasa.net\\\/blog\\\/wp-content\\\/uploads\\\/susto-e1509580471558.jpg\",\"datePublished\":\"2019-01-19T09:03:28+00:00\",\"dateModified\":\"2019-01-19T09:04:26+00:00\",\"description\":\"La vivienda terminada (nueva y usada) se encareci\u00f3 en Espa\u00f1a un 5,8 % interanual en el cuarto trimestre, hasta 1.337 \u20ac\\\/m2\",\"breadcrumb\":{\"@id\":\"https:\\\/\\\/www.aquimicasa.net\\\/blog\\\/vivienda\\\/compraventa-de-viviendas\\\/el-alza-de-precios-fue-general-en-todas-las-comunidades-autonomas\\\/#breadcrumb\"},\"inLanguage\":\"es\",\"potentialAction\":[{\"@type\":\"ReadAction\",\"target\":[\"https:\\\/\\\/www.aquimicasa.net\\\/blog\\\/vivienda\\\/compraventa-de-viviendas\\\/el-alza-de-precios-fue-general-en-todas-las-comunidades-autonomas\\\/\"]}]},{\"@type\":\"ImageObject\",\"inLanguage\":\"es\",\"@id\":\"https:\\\/\\\/www.aquimicasa.net\\\/blog\\\/vivienda\\\/compraventa-de-viviendas\\\/el-alza-de-precios-fue-general-en-todas-las-comunidades-autonomas\\\/#primaryimage\",\"url\":\"https:\\\/\\\/www.aquimicasa.net\\\/blog\\\/wp-content\\\/uploads\\\/susto-e1509580471558.jpg\",\"contentUrl\":\"https:\\\/\\\/www.aquimicasa.net\\\/blog\\\/wp-content\\\/uploads\\\/susto-e1509580471558.jpg\",\"width\":400,\"height\":222,\"caption\":\"Suben la compraventas de vivienda\"},{\"@type\":\"BreadcrumbList\",\"@id\":\"https:\\\/\\\/www.aquimicasa.net\\\/blog\\\/vivienda\\\/compraventa-de-viviendas\\\/el-alza-de-precios-fue-general-en-todas-las-comunidades-autonomas\\\/#breadcrumb\",\"itemListElement\":[{\"@type\":\"ListItem\",\"position\":1,\"name\":\"Portada\",\"item\":\"https:\\\/\\\/www.aquimicasa.net\\\/blog\\\/\"},{\"@type\":\"ListItem\",\"position\":2,\"name\":\"El alza de precios fue general en todas las Comunidades Aut\u00f3nomas\"}]},{\"@type\":\"WebSite\",\"@id\":\"https:\\\/\\\/www.aquimicasa.net\\\/blog\\\/#website\",\"url\":\"https:\\\/\\\/www.aquimicasa.net\\\/blog\\\/\",\"name\":\"Blog de aquimicasa.net\",\"description\":\"Noticias del Mundo Inmobiliario\",\"publisher\":{\"@id\":\"https:\\\/\\\/www.aquimicasa.net\\\/blog\\\/#organization\"},\"potentialAction\":[{\"@type\":\"SearchAction\",\"target\":{\"@type\":\"EntryPoint\",\"urlTemplate\":\"https:\\\/\\\/www.aquimicasa.net\\\/blog\\\/?s={search_term_string}\"},\"query-input\":{\"@type\":\"PropertyValueSpecification\",\"valueRequired\":true,\"valueName\":\"search_term_string\"}}],\"inLanguage\":\"es\"},{\"@type\":\"Organization\",\"@id\":\"https:\\\/\\\/www.aquimicasa.net\\\/blog\\\/#organization\",\"name\":\"Blog de aquimicasa.net\",\"url\":\"https:\\\/\\\/www.aquimicasa.net\\\/blog\\\/\",\"logo\":{\"@type\":\"ImageObject\",\"inLanguage\":\"es\",\"@id\":\"https:\\\/\\\/www.aquimicasa.net\\\/blog\\\/#\\\/schema\\\/logo\\\/image\\\/\",\"url\":\"https:\\\/\\\/www.aquimicasa.net\\\/blog\\\/wp-content\\\/uploads\\\/Logo-aquimicasa-1-e1528048213782.png\",\"contentUrl\":\"https:\\\/\\\/www.aquimicasa.net\\\/blog\\\/wp-content\\\/uploads\\\/Logo-aquimicasa-1-e1528048213782.png\",\"width\":225,\"height\":225,\"caption\":\"Blog de aquimicasa.net\"},\"image\":{\"@id\":\"https:\\\/\\\/www.aquimicasa.net\\\/blog\\\/#\\\/schema\\\/logo\\\/image\\\/\"},\"sameAs\":[\"https:\\\/\\\/www.facebook.com\\\/aquimicasa.net\",\"https:\\\/\\\/www.instagram.com\\\/\",\"https:\\\/\\\/x.com\\\/EduLizarragaD\",\"https:\\\/\\\/www.linkedin.com\\\/feed\\\/\"]},{\"@type\":\"Person\",\"@id\":\"https:\\\/\\\/www.aquimicasa.net\\\/blog\\\/#\\\/schema\\\/person\\\/2cdfa2605534583395c8d7ce1d6cac14\",\"name\":\"Eduardo Lizarraga\",\"image\":{\"@type\":\"ImageObject\",\"inLanguage\":\"es\",\"@id\":\"https:\\\/\\\/secure.gravatar.com\\\/avatar\\\/bdabe1eeeed97b65a9cb7de2edd624b07995f7e13abc5fead15961f745f908cc?s=96&d=mm&r=g\",\"url\":\"https:\\\/\\\/secure.gravatar.com\\\/avatar\\\/bdabe1eeeed97b65a9cb7de2edd624b07995f7e13abc5fead15961f745f908cc?s=96&d=mm&r=g\",\"contentUrl\":\"https:\\\/\\\/secure.gravatar.com\\\/avatar\\\/bdabe1eeeed97b65a9cb7de2edd624b07995f7e13abc5fead15961f745f908cc?s=96&d=mm&r=g\",\"caption\":\"Eduardo Lizarraga\"},\"description\":\"Periodista Econ\u00f3mico. Ha trabajado en diversos campos de la informaci\u00f3n. Corresponsal en conflictos, analista pol\u00edtico en Congreso y Senado, periodista del medio ambiente, editor, director editorial, director de comunicaci\u00f3n.... En estos momentos se ha especializado en el sector inmobiliario. Pero tambi\u00e9n es navegante y viajero, preocupado por la pobreza, el medio ambiente y por las actuaciones descontroladas del neoliberalismo empresarial y pol\u00edtico en todo el mundo. Los desahucios, la pobreza infantil y la falta de acceso a los suministros b\u00e1sicos son algunos de los grandes dramas de nuestra sociedad y que es preciso solucionar para hacerla m\u00e1s justa. CEO en www.aquimicasa.net\",\"sameAs\":[\"https:\\\/\\\/www.aquimicasa.net\\\/\"],\"url\":\"https:\\\/\\\/www.aquimicasa.net\\\/blog\\\/author\\\/eduardo\\\/\"}]}<\/script>\n<!-- \/ Yoast SEO plugin. -->","yoast_head_json":{"title":"El alza de precios fue general en todas las Comunidades Aut\u00f3nomas","description":"La vivienda terminada (nueva y usada) se encareci\u00f3 en Espa\u00f1a un 5,8 % interanual en el cuarto trimestre, hasta 1.337 \u20ac\/m2","robots":{"index":"index","follow":"follow","max-snippet":"max-snippet:-1","max-image-preview":"max-image-preview:large","max-video-preview":"max-video-preview:-1"},"canonical":"https:\/\/www.aquimicasa.net\/blog\/vivienda\/compraventa-de-viviendas\/el-alza-de-precios-fue-general-en-todas-las-comunidades-autonomas\/","og_locale":"es_ES","og_type":"article","og_title":"El alza de precios fue general en todas las Comunidades Aut\u00f3nomas","og_description":"La vivienda terminada (nueva y usada) se encareci\u00f3 en Espa\u00f1a un 5,8 % interanual en el cuarto trimestre, hasta 1.337 \u20ac\/m2","og_url":"https:\/\/www.aquimicasa.net\/blog\/vivienda\/compraventa-de-viviendas\/el-alza-de-precios-fue-general-en-todas-las-comunidades-autonomas\/","og_site_name":"Blog de aquimicasa.net","article_publisher":"https:\/\/www.facebook.com\/aquimicasa.net","article_published_time":"2019-01-19T09:03:28+00:00","article_modified_time":"2019-01-19T09:04:26+00:00","og_image":[{"width":400,"height":222,"url":"https:\/\/www.aquimicasa.net\/blog\/wp-content\/uploads\/susto-e1509580471558.jpg","type":"image\/jpeg"}],"author":"Eduardo Lizarraga","twitter_misc":{"Escrito por":"Eduardo Lizarraga","Tiempo de lectura":"2 minutos"},"schema":{"@context":"https:\/\/schema.org","@graph":[{"@type":"Article","@id":"https:\/\/www.aquimicasa.net\/blog\/vivienda\/compraventa-de-viviendas\/el-alza-de-precios-fue-general-en-todas-las-comunidades-autonomas\/#article","isPartOf":{"@id":"https:\/\/www.aquimicasa.net\/blog\/vivienda\/compraventa-de-viviendas\/el-alza-de-precios-fue-general-en-todas-las-comunidades-autonomas\/"},"author":{"name":"Eduardo Lizarraga","@id":"https:\/\/www.aquimicasa.net\/blog\/#\/schema\/person\/2cdfa2605534583395c8d7ce1d6cac14"},"headline":"El alza de precios fue general en todas las Comunidades Aut\u00f3nomas","datePublished":"2019-01-19T09:03:28+00:00","dateModified":"2019-01-19T09:04:26+00:00","mainEntityOfPage":{"@id":"https:\/\/www.aquimicasa.net\/blog\/vivienda\/compraventa-de-viviendas\/el-alza-de-precios-fue-general-en-todas-las-comunidades-autonomas\/"},"wordCount":395,"commentCount":0,"publisher":{"@id":"https:\/\/www.aquimicasa.net\/blog\/#organization"},"image":{"@id":"https:\/\/www.aquimicasa.net\/blog\/vivienda\/compraventa-de-viviendas\/el-alza-de-precios-fue-general-en-todas-las-comunidades-autonomas\/#primaryimage"},"thumbnailUrl":"https:\/\/www.aquimicasa.net\/blog\/wp-content\/uploads\/susto-e1509580471558.jpg","articleSection":["Compra Venta"],"inLanguage":"es","potentialAction":[{"@type":"CommentAction","name":"Comment","target":["https:\/\/www.aquimicasa.net\/blog\/vivienda\/compraventa-de-viviendas\/el-alza-de-precios-fue-general-en-todas-las-comunidades-autonomas\/#respond"]}]},{"@type":"WebPage","@id":"https:\/\/www.aquimicasa.net\/blog\/vivienda\/compraventa-de-viviendas\/el-alza-de-precios-fue-general-en-todas-las-comunidades-autonomas\/","url":"https:\/\/www.aquimicasa.net\/blog\/vivienda\/compraventa-de-viviendas\/el-alza-de-precios-fue-general-en-todas-las-comunidades-autonomas\/","name":"El alza de precios fue general en todas las Comunidades Aut\u00f3nomas","isPartOf":{"@id":"https:\/\/www.aquimicasa.net\/blog\/#website"},"primaryImageOfPage":{"@id":"https:\/\/www.aquimicasa.net\/blog\/vivienda\/compraventa-de-viviendas\/el-alza-de-precios-fue-general-en-todas-las-comunidades-autonomas\/#primaryimage"},"image":{"@id":"https:\/\/www.aquimicasa.net\/blog\/vivienda\/compraventa-de-viviendas\/el-alza-de-precios-fue-general-en-todas-las-comunidades-autonomas\/#primaryimage"},"thumbnailUrl":"https:\/\/www.aquimicasa.net\/blog\/wp-content\/uploads\/susto-e1509580471558.jpg","datePublished":"2019-01-19T09:03:28+00:00","dateModified":"2019-01-19T09:04:26+00:00","description":"La vivienda terminada (nueva y usada) se encareci\u00f3 en Espa\u00f1a un 5,8 % interanual en el cuarto trimestre, hasta 1.337 \u20ac\/m2","breadcrumb":{"@id":"https:\/\/www.aquimicasa.net\/blog\/vivienda\/compraventa-de-viviendas\/el-alza-de-precios-fue-general-en-todas-las-comunidades-autonomas\/#breadcrumb"},"inLanguage":"es","potentialAction":[{"@type":"ReadAction","target":["https:\/\/www.aquimicasa.net\/blog\/vivienda\/compraventa-de-viviendas\/el-alza-de-precios-fue-general-en-todas-las-comunidades-autonomas\/"]}]},{"@type":"ImageObject","inLanguage":"es","@id":"https:\/\/www.aquimicasa.net\/blog\/vivienda\/compraventa-de-viviendas\/el-alza-de-precios-fue-general-en-todas-las-comunidades-autonomas\/#primaryimage","url":"https:\/\/www.aquimicasa.net\/blog\/wp-content\/uploads\/susto-e1509580471558.jpg","contentUrl":"https:\/\/www.aquimicasa.net\/blog\/wp-content\/uploads\/susto-e1509580471558.jpg","width":400,"height":222,"caption":"Suben la compraventas de vivienda"},{"@type":"BreadcrumbList","@id":"https:\/\/www.aquimicasa.net\/blog\/vivienda\/compraventa-de-viviendas\/el-alza-de-precios-fue-general-en-todas-las-comunidades-autonomas\/#breadcrumb","itemListElement":[{"@type":"ListItem","position":1,"name":"Portada","item":"https:\/\/www.aquimicasa.net\/blog\/"},{"@type":"ListItem","position":2,"name":"El alza de precios fue general en todas las Comunidades Aut\u00f3nomas"}]},{"@type":"WebSite","@id":"https:\/\/www.aquimicasa.net\/blog\/#website","url":"https:\/\/www.aquimicasa.net\/blog\/","name":"Blog de aquimicasa.net","description":"Noticias del Mundo Inmobiliario","publisher":{"@id":"https:\/\/www.aquimicasa.net\/blog\/#organization"},"potentialAction":[{"@type":"SearchAction","target":{"@type":"EntryPoint","urlTemplate":"https:\/\/www.aquimicasa.net\/blog\/?s={search_term_string}"},"query-input":{"@type":"PropertyValueSpecification","valueRequired":true,"valueName":"search_term_string"}}],"inLanguage":"es"},{"@type":"Organization","@id":"https:\/\/www.aquimicasa.net\/blog\/#organization","name":"Blog de aquimicasa.net","url":"https:\/\/www.aquimicasa.net\/blog\/","logo":{"@type":"ImageObject","inLanguage":"es","@id":"https:\/\/www.aquimicasa.net\/blog\/#\/schema\/logo\/image\/","url":"https:\/\/www.aquimicasa.net\/blog\/wp-content\/uploads\/Logo-aquimicasa-1-e1528048213782.png","contentUrl":"https:\/\/www.aquimicasa.net\/blog\/wp-content\/uploads\/Logo-aquimicasa-1-e1528048213782.png","width":225,"height":225,"caption":"Blog de aquimicasa.net"},"image":{"@id":"https:\/\/www.aquimicasa.net\/blog\/#\/schema\/logo\/image\/"},"sameAs":["https:\/\/www.facebook.com\/aquimicasa.net","https:\/\/www.instagram.com\/","https:\/\/x.com\/EduLizarragaD","https:\/\/www.linkedin.com\/feed\/"]},{"@type":"Person","@id":"https:\/\/www.aquimicasa.net\/blog\/#\/schema\/person\/2cdfa2605534583395c8d7ce1d6cac14","name":"Eduardo Lizarraga","image":{"@type":"ImageObject","inLanguage":"es","@id":"https:\/\/secure.gravatar.com\/avatar\/bdabe1eeeed97b65a9cb7de2edd624b07995f7e13abc5fead15961f745f908cc?s=96&d=mm&r=g","url":"https:\/\/secure.gravatar.com\/avatar\/bdabe1eeeed97b65a9cb7de2edd624b07995f7e13abc5fead15961f745f908cc?s=96&d=mm&r=g","contentUrl":"https:\/\/secure.gravatar.com\/avatar\/bdabe1eeeed97b65a9cb7de2edd624b07995f7e13abc5fead15961f745f908cc?s=96&d=mm&r=g","caption":"Eduardo Lizarraga"},"description":"Periodista Econ\u00f3mico. Ha trabajado en diversos campos de la informaci\u00f3n. Corresponsal en conflictos, analista pol\u00edtico en Congreso y Senado, periodista del medio ambiente, editor, director editorial, director de comunicaci\u00f3n.... En estos momentos se ha especializado en el sector inmobiliario. Pero tambi\u00e9n es navegante y viajero, preocupado por la pobreza, el medio ambiente y por las actuaciones descontroladas del neoliberalismo empresarial y pol\u00edtico en todo el mundo. Los desahucios, la pobreza infantil y la falta de acceso a los suministros b\u00e1sicos son algunos de los grandes dramas de nuestra sociedad y que es preciso solucionar para hacerla m\u00e1s justa. CEO en www.aquimicasa.net","sameAs":["https:\/\/www.aquimicasa.net\/"],"url":"https:\/\/www.aquimicasa.net\/blog\/author\/eduardo\/"}]}},"jetpack_publicize_connections":[],"jetpack_featured_media_url":"https:\/\/www.aquimicasa.net\/blog\/wp-content\/uploads\/susto-e1509580471558.jpg","jetpack_sharing_enabled":true,"jetpack_likes_enabled":true,"_links":{"self":[{"href":"https:\/\/www.aquimicasa.net\/blog\/wp-json\/wp\/v2\/posts\/23475","targetHints":{"allow":["GET"]}}],"collection":[{"href":"https:\/\/www.aquimicasa.net\/blog\/wp-json\/wp\/v2\/posts"}],"about":[{"href":"https:\/\/www.aquimicasa.net\/blog\/wp-json\/wp\/v2\/types\/post"}],"author":[{"embeddable":true,"href":"https:\/\/www.aquimicasa.net\/blog\/wp-json\/wp\/v2\/users\/3"}],"replies":[{"embeddable":true,"href":"https:\/\/www.aquimicasa.net\/blog\/wp-json\/wp\/v2\/comments?post=23475"}],"version-history":[{"count":4,"href":"https:\/\/www.aquimicasa.net\/blog\/wp-json\/wp\/v2\/posts\/23475\/revisions"}],"predecessor-version":[{"id":23479,"href":"https:\/\/www.aquimicasa.net\/blog\/wp-json\/wp\/v2\/posts\/23475\/revisions\/23479"}],"wp:featuredmedia":[{"embeddable":true,"href":"https:\/\/www.aquimicasa.net\/blog\/wp-json\/wp\/v2\/media\/17576"}],"wp:attachment":[{"href":"https:\/\/www.aquimicasa.net\/blog\/wp-json\/wp\/v2\/media?parent=23475"}],"wp:term":[{"taxonomy":"category","embeddable":true,"href":"https:\/\/www.aquimicasa.net\/blog\/wp-json\/wp\/v2\/categories?post=23475"},{"taxonomy":"post_tag","embeddable":true,"href":"https:\/\/www.aquimicasa.net\/blog\/wp-json\/wp\/v2\/tags?post=23475"}],"curies":[{"name":"wp","href":"https:\/\/api.w.org\/{rel}","templated":true}]}}