{"id":24373,"date":"2019-04-01T22:05:12","date_gmt":"2019-04-01T20:05:12","guid":{"rendered":"https:\/\/www.aquimicasa.net\/blog\/?p=24373"},"modified":"2023-06-22T22:07:56","modified_gmt":"2023-06-22T20:07:56","slug":"pisos-y-casas-en-venta-en-segur-de-calafell","status":"publish","type":"post","link":"https:\/\/www.aquimicasa.net\/blog\/vivienda\/agencias-inmobiliarias\/pisos-y-casas-en-venta-en-segur-de-calafell\/","title":{"rendered":"Pisos y casas en venta en Segur de Calafell"},"content":{"rendered":"<p><div class=\"fusion-fullwidth fullwidth-box fusion-builder-row-1 nonhundred-percent-fullwidth non-hundred-percent-height-scrolling\" style=\"background-color: rgba(255,255,255,0);background-position: center center;background-repeat: no-repeat;padding-top:0px;padding-right:0px;padding-bottom:0px;padding-left:0px;margin-bottom: 0px;margin-top: 0px;border-width: 0px 0px 0px 0px;border-color:#eae9e9;border-style:solid;\" ><div class=\"fusion-builder-row fusion-row\"><div class=\"fusion-layout-column fusion_builder_column fusion-builder-column-0 fusion_builder_column_1_1 1_1 fusion-one-full fusion-column-first fusion-column-last\" style=\"margin-top:0px;margin-bottom:20px;\"><div class=\"fusion-column-wrapper fusion-flex-column-wrapper-legacy\" style=\"background-position:left top;background-repeat:no-repeat;-webkit-background-size:cover;-moz-background-size:cover;-o-background-size:cover;background-size:cover;padding: 0px 0px 0px 0px;\"><style type=\"text\/css\"><\/style><div class=\"fusion-title title fusion-title-1 fusion-sep-none fusion-title-text fusion-title-size-two\" style=\"font-size:28px;margin-top:0px;margin-right:0px;margin-bottom:31px;margin-left:0px;\"><h2 class=\"title-heading-left\" style=\"margin:0;font-size:1em;\">Busca aqu\u00ed la mejor propuesta de pisos y casas en Segur de Calafell<\/h2><\/div><div class=\"fusion-text fusion-text-1\"><p>Aunque el primer poblamiento rese\u00f1able \u00a0en Calafell procede de la cultura ib\u00e9rica, con el importante yacimiento de \u201cLa Ciudadela\u201d, ya desde el paleol\u00edtico existen evidencias de poblaci\u00f3n humana en la zona. Tambi\u00e9n los romanos dejaron sus huellas en la regi\u00f3n, como podemos comprobarlo en el yacimiento romano del Vilarenc. Pero no es hasta muchos a\u00f1os despu\u00e9s, hace unos mil a\u00f1os m\u00e1s o menos, cuando nos llegan las primeras referencias escritas.<\/p>\n<\/div><div class=\"fusion-clearfix\"><\/div><\/div><\/div><\/div><\/div><div class=\"fusion-fullwidth fullwidth-box fusion-builder-row-2 nonhundred-percent-fullwidth non-hundred-percent-height-scrolling\" style=\"background-color: rgba(255,255,255,0);background-position: center center;background-repeat: no-repeat;padding-top:0px;padding-right:0px;padding-bottom:0px;padding-left:0px;margin-bottom: 0px;margin-top: 0px;border-width: 0px 0px 0px 0px;border-color:#eae9e9;border-style:solid;\" ><div class=\"fusion-builder-row fusion-row\"><div class=\"fusion-layout-column fusion_builder_column fusion-builder-column-1 fusion_builder_column_1_4 1_4 fusion-one-fourth fusion-column-first\" style=\"width:25%;width:calc(25% - ( ( 4% + 4% + 4% ) * 0.25 ) );margin-right: 4%;margin-top:0px;margin-bottom:20px;\"><div class=\"fusion-column-wrapper fusion-flex-column-wrapper-legacy\" style=\"background-position:left top;background-repeat:no-repeat;-webkit-background-size:cover;-moz-background-size:cover;-o-background-size:cover;background-size:cover;padding: 10% 0px 10% 0px;\"><div class=\"fusion-fa-align-center\"><i class=\"fb-icon-element-1 fb-icon-element fontawesome-icon fa-building fas circle-yes\" style=\"font-size:44px;line-height:86px;height:88px;width:88px;border-width:1px;\"><\/i><\/div><style>i.fb-icon-element.fontawesome-icon.fb-icon-element-1{ color: rgba(0,0,0,0.8); background-color: #ffffff; border-color: rgba(101,188,123,0.8);}i.fb-icon-element.fontawesome-icon.fb-icon-element-1:hover { color: rgba(0,0,0,0.8); background-color: #ffffff; border-color: rgba(101,188,123,0.8);}<\/style><div class=\"fusion-sep-clear\"><\/div><div class=\"fusion-separator fusion-full-width-sep\" style=\"margin-left: auto;margin-right: auto;margin-top:5%;margin-bottom:5%;width:100%;\"><\/div><div class=\"fusion-sep-clear\"><\/div><div class=\"fusion-aligncenter\"><style type=\"text\/css\">.fusion-button.button-1 .fusion-button-text, .fusion-button.button-1 i {color:rgba(101,188,123,0.8);}.fusion-button.button-1 .fusion-button-icon-divider{border-color:rgba(101,188,123,0.8);}.fusion-button.button-1:hover .fusion-button-text, .fusion-button.button-1:hover i,.fusion-button.button-1:focus .fusion-button-text, .fusion-button.button-1:focus i,.fusion-button.button-1:active .fusion-button-text, .fusion-button.button-1:active{color:#ffffff;}.fusion-button.button-1:hover .fusion-button-icon-divider, .fusion-button.button-1:hover .fusion-button-icon-divider, .fusion-button.button-1:active .fusion-button-icon-divider{border-color:#ffffff;}.fusion-button.button-1:hover, .fusion-button.button-1:focus, .fusion-button.button-1:active{border-color:#ffffff;border-width:0px;}.fusion-button.button-1 {border-color:rgba(101,188,123,0.8);border-width:0px;border-radius:0px;}.fusion-button.button-1{background: #f6f6f6;}.fusion-button.button-1:hover,.button-1:focus,.fusion-button.button-1:active{background: rgba(101,188,123,0.8);}<\/style><a class=\"fusion-button button-flat button-xlarge button-custom button-1 fusion-button-default-span fusion-button-default-type\" target=\"_blank\" rel=\"noopener noreferrer\" href=\"https:\/\/www.aquimicasa.net\/profesionales\/379\/merkapiso-calafell\/t\/pisos\/\"><span class=\"fusion-button-text\">pisos<\/span><\/a><\/div><div class=\"fusion-clearfix\"><\/div><\/div><\/div><div class=\"fusion-layout-column fusion_builder_column fusion-builder-column-2 fusion_builder_column_1_4 1_4 fusion-one-fourth\" style=\"width:25%;width:calc(25% - ( ( 4% + 4% + 4% ) * 0.25 ) );margin-right: 4%;margin-top:0px;margin-bottom:20px;\"><div class=\"fusion-column-wrapper fusion-flex-column-wrapper-legacy\" style=\"background-position:left top;background-repeat:no-repeat;-webkit-background-size:cover;-moz-background-size:cover;-o-background-size:cover;background-size:cover;padding: 10% 0px 10% 0px;\"><div class=\"fusion-fa-align-center\"><i class=\"fb-icon-element-2 fb-icon-element fontawesome-icon fa-home fas circle-yes\" style=\"font-size:44px;line-height:86px;height:88px;width:88px;border-width:1px;\"><\/i><\/div><style>i.fb-icon-element.fontawesome-icon.fb-icon-element-2{ color: #000000; background-color: #ffffff; border-color: rgba(101,188,123,0.8);}i.fb-icon-element.fontawesome-icon.fb-icon-element-2:hover { color: #000000; background-color: #ffffff; border-color: rgba(101,188,123,0.8);}<\/style><div class=\"fusion-sep-clear\"><\/div><div class=\"fusion-separator fusion-full-width-sep\" style=\"margin-left: auto;margin-right: auto;margin-top:5%;margin-bottom:5%;width:100%;\"><\/div><div class=\"fusion-sep-clear\"><\/div><div class=\"fusion-aligncenter\"><style type=\"text\/css\">.fusion-button.button-2 .fusion-button-text, .fusion-button.button-2 i {color:rgba(101,188,123,0.8);}.fusion-button.button-2 .fusion-button-icon-divider{border-color:rgba(101,188,123,0.8);}.fusion-button.button-2:hover .fusion-button-text, .fusion-button.button-2:hover i,.fusion-button.button-2:focus .fusion-button-text, .fusion-button.button-2:focus i,.fusion-button.button-2:active .fusion-button-text, .fusion-button.button-2:active{color:#ffffff;}.fusion-button.button-2:hover .fusion-button-icon-divider, .fusion-button.button-2:hover .fusion-button-icon-divider, .fusion-button.button-2:active .fusion-button-icon-divider{border-color:#ffffff;}.fusion-button.button-2:hover, .fusion-button.button-2:focus, .fusion-button.button-2:active{border-color:#ffffff;border-width:0px;}.fusion-button.button-2 {border-color:rgba(101,188,123,0.8);border-width:0px;border-radius:0px;}.fusion-button.button-2{background: #f6f6f6;}.fusion-button.button-2:hover,.button-2:focus,.fusion-button.button-2:active{background: rgba(101,188,123,0.8);}.fusion-button.button-2 .fusion-button-text {text-transform:uppercase;}<\/style><a class=\"fusion-button button-flat button-xlarge button-custom button-2 fusion-button-default-span \" target=\"_blank\" rel=\"noopener noreferrer\" href=\"https:\/\/www.aquimicasa.net\/profesionales\/379\/merkapiso-calafell\/t\/casas-chalets-adosados\/\"><span class=\"fusion-button-text\">casas y chalets<\/span><\/a><\/div><div class=\"fusion-clearfix\"><\/div><\/div><\/div><div class=\"fusion-layout-column fusion_builder_column fusion-builder-column-3 fusion_builder_column_1_4 1_4 fusion-one-fourth\" style=\"width:25%;width:calc(25% - ( ( 4% + 4% + 4% ) * 0.25 ) );margin-right: 4%;margin-top:0px;margin-bottom:20px;\"><div class=\"fusion-column-wrapper fusion-flex-column-wrapper-legacy\" style=\"background-position:left top;background-repeat:no-repeat;-webkit-background-size:cover;-moz-background-size:cover;-o-background-size:cover;background-size:cover;padding: 10% 0px 10% 0px;\"><div class=\"fusion-fa-align-center\"><i class=\"fb-icon-element-3 fb-icon-element fontawesome-icon fa-city fas circle-yes\" style=\"font-size:44px;line-height:86px;height:88px;width:88px;border-width:1px;\"><\/i><\/div><style>i.fb-icon-element.fontawesome-icon.fb-icon-element-3{ color: #000000; background-color: #ffffff; border-color: rgba(101,188,123,0.8);}i.fb-icon-element.fontawesome-icon.fb-icon-element-3:hover { color: #000000; background-color: #ffffff; border-color: rgba(101,188,123,0.8);}<\/style><div class=\"fusion-sep-clear\"><\/div><div class=\"fusion-separator fusion-full-width-sep\" style=\"margin-left: auto;margin-right: auto;margin-top:5%;margin-bottom:5%;width:100%;\"><\/div><div class=\"fusion-sep-clear\"><\/div><div class=\"fusion-aligncenter\"><style type=\"text\/css\">.fusion-button.button-3 .fusion-button-text, .fusion-button.button-3 i {color:rgba(101,188,123,0.8);}.fusion-button.button-3 .fusion-button-icon-divider{border-color:rgba(101,188,123,0.8);}.fusion-button.button-3:hover .fusion-button-text, .fusion-button.button-3:hover i,.fusion-button.button-3:focus .fusion-button-text, .fusion-button.button-3:focus i,.fusion-button.button-3:active .fusion-button-text, .fusion-button.button-3:active{color:#ffffff;}.fusion-button.button-3:hover .fusion-button-icon-divider, .fusion-button.button-3:hover .fusion-button-icon-divider, .fusion-button.button-3:active .fusion-button-icon-divider{border-color:#ffffff;}.fusion-button.button-3:hover, .fusion-button.button-3:focus, .fusion-button.button-3:active{border-color:#ffffff;border-width:0px;}.fusion-button.button-3 {border-color:rgba(101,188,123,0.8);border-width:0px;border-radius:0px;}.fusion-button.button-3{background: #f6f6f6;}.fusion-button.button-3:hover,.button-3:focus,.fusion-button.button-3:active{background: rgba(101,188,123,0.8);}<\/style><a class=\"fusion-button button-flat button-xlarge button-custom button-3 fusion-button-default-span fusion-button-default-type\" target=\"_blank\" rel=\"noopener noreferrer\" href=\"https:\/\/www.aquimicasa.net\/profesionales\/379\/merkapiso-calafell\/t\/aticos\/\"><span class=\"fusion-button-text\">\u00e1ticos<\/span><\/a><\/div><div class=\"fusion-clearfix\"><\/div><\/div><\/div><div class=\"fusion-layout-column fusion_builder_column fusion-builder-column-4 fusion_builder_column_1_4 1_4 fusion-one-fourth fusion-column-last\" style=\"width:25%;width:calc(25% - ( ( 4% + 4% + 4% ) * 0.25 ) );margin-top:0px;margin-bottom:20px;\"><div class=\"fusion-column-wrapper fusion-flex-column-wrapper-legacy\" style=\"background-position:left top;background-repeat:no-repeat;-webkit-background-size:cover;-moz-background-size:cover;-o-background-size:cover;background-size:cover;padding: 10% 0px 10% 0px;\"><div class=\"fusion-fa-align-center\"><i class=\"fb-icon-element-4 fb-icon-element fontawesome-icon fa-laptop-house fas circle-yes\" style=\"font-size:44px;line-height:86px;height:88px;width:88px;border-width:1px;\"><\/i><\/div><style>i.fb-icon-element.fontawesome-icon.fb-icon-element-4{ color: #000000; background-color: #ffffff; border-color: rgba(101,188,123,0.8);}i.fb-icon-element.fontawesome-icon.fb-icon-element-4:hover { color: #000000; background-color: #ffffff; border-color: rgba(101,188,123,0.8);}<\/style><div class=\"fusion-sep-clear\"><\/div><div class=\"fusion-separator fusion-full-width-sep\" style=\"margin-left: auto;margin-right: auto;margin-top:5%;margin-bottom:5%;width:100%;\"><\/div><div class=\"fusion-sep-clear\"><\/div><div class=\"fusion-aligncenter\"><style type=\"text\/css\">.fusion-button.button-4 .fusion-button-text, .fusion-button.button-4 i {color:rgba(101,188,123,0.8);}.fusion-button.button-4 .fusion-button-icon-divider{border-color:rgba(101,188,123,0.8);}.fusion-button.button-4:hover .fusion-button-text, .fusion-button.button-4:hover i,.fusion-button.button-4:focus .fusion-button-text, .fusion-button.button-4:focus i,.fusion-button.button-4:active .fusion-button-text, .fusion-button.button-4:active{color:#ffffff;}.fusion-button.button-4:hover .fusion-button-icon-divider, .fusion-button.button-4:hover .fusion-button-icon-divider, .fusion-button.button-4:active .fusion-button-icon-divider{border-color:#ffffff;}.fusion-button.button-4:hover, .fusion-button.button-4:focus, .fusion-button.button-4:active{border-color:#ffffff;border-width:0px;}.fusion-button.button-4 {border-color:rgba(101,188,123,0.8);border-width:0px;border-radius:0px;}.fusion-button.button-4{background: #f6f6f6;}.fusion-button.button-4:hover,.button-4:focus,.fusion-button.button-4:active{background: rgba(101,188,123,0.8);}<\/style><a class=\"fusion-button button-flat button-xlarge button-custom button-4 fusion-button-default-span fusion-button-default-type\" target=\"_blank\" rel=\"noopener noreferrer\" href=\"https:\/\/www.aquimicasa.net\/profesionales\/379\/merkapiso-calafell\/t\/oficinas\/\"><span class=\"fusion-button-text\">oficinas<\/span><\/a><\/div><div class=\"fusion-clearfix\"><\/div><\/div><\/div><div class=\"fusion-layout-column fusion_builder_column fusion-builder-column-5 fusion_builder_column_1_3 1_3 fusion-one-third fusion-column-first\" style=\"width:33.333333333333%;width:calc(33.333333333333% - ( ( 4% + 4% ) * 0.33333333333333 ) );margin-right: 4%;margin-top:0px;margin-bottom:20px;\"><div class=\"fusion-column-wrapper fusion-flex-column-wrapper-legacy\" style=\"background-position:left top;background-repeat:no-repeat;-webkit-background-size:cover;-moz-background-size:cover;-o-background-size:cover;background-size:cover;padding: 10% 0px 10% 0px;\"><div class=\"fusion-fa-align-center\"><i class=\"fb-icon-element-5 fb-icon-element fontawesome-icon fa-store-alt fas circle-yes\" style=\"font-size:44px;line-height:86px;height:88px;width:88px;border-width:1px;\"><\/i><\/div><style>i.fb-icon-element.fontawesome-icon.fb-icon-element-5{ color: #000000; background-color: #ffffff; border-color: rgba(101,188,123,0.8);}i.fb-icon-element.fontawesome-icon.fb-icon-element-5:hover { color: #000000; background-color: #ffffff; border-color: rgba(101,188,123,0.8);}<\/style><div class=\"fusion-sep-clear\"><\/div><div class=\"fusion-separator fusion-full-width-sep\" style=\"margin-left: auto;margin-right: auto;margin-top:5%;margin-bottom:5%;width:100%;\"><\/div><div class=\"fusion-sep-clear\"><\/div><div class=\"fusion-aligncenter\"><style type=\"text\/css\">.fusion-button.button-5 .fusion-button-text, .fusion-button.button-5 i {color:rgba(101,188,123,0.8);}.fusion-button.button-5 .fusion-button-icon-divider{border-color:rgba(101,188,123,0.8);}.fusion-button.button-5:hover .fusion-button-text, .fusion-button.button-5:hover i,.fusion-button.button-5:focus .fusion-button-text, .fusion-button.button-5:focus i,.fusion-button.button-5:active .fusion-button-text, .fusion-button.button-5:active{color:#ffffff;}.fusion-button.button-5:hover .fusion-button-icon-divider, .fusion-button.button-5:hover .fusion-button-icon-divider, .fusion-button.button-5:active .fusion-button-icon-divider{border-color:#ffffff;}.fusion-button.button-5:hover, .fusion-button.button-5:focus, .fusion-button.button-5:active{border-color:#ffffff;border-width:0px;}.fusion-button.button-5 {border-color:rgba(101,188,123,0.8);border-width:0px;border-radius:0px;}.fusion-button.button-5{background: #f6f6f6;}.fusion-button.button-5:hover,.button-5:focus,.fusion-button.button-5:active{background: rgba(101,188,123,0.8);}<\/style><a class=\"fusion-button button-flat button-xlarge button-custom button-5 fusion-button-default-span fusion-button-default-type\" target=\"_blank\" rel=\"noopener noreferrer\" href=\"https:\/\/www.aquimicasa.net\/profesionales\/379\/merkapiso-calafell\/t\/locales-comerciales\/\"><span class=\"fusion-button-text\">locales comerciales<\/span><\/a><\/div><div class=\"fusion-clearfix\"><\/div><\/div><\/div><div class=\"fusion-layout-column fusion_builder_column fusion-builder-column-6 fusion_builder_column_1_3 1_3 fusion-one-third\" style=\"width:33.333333333333%;width:calc(33.333333333333% - ( ( 4% + 4% ) * 0.33333333333333 ) );margin-right: 4%;margin-top:0px;margin-bottom:20px;\"><div class=\"fusion-column-wrapper fusion-flex-column-wrapper-legacy\" style=\"background-position:left top;background-repeat:no-repeat;-webkit-background-size:cover;-moz-background-size:cover;-o-background-size:cover;background-size:cover;padding: 10% 0px 10% 0px;\"><div class=\"fusion-fa-align-center\"><i class=\"fb-icon-element-6 fb-icon-element fontawesome-icon fa-tree fas circle-yes\" style=\"font-size:44px;line-height:86px;height:88px;width:88px;border-width:1px;\"><\/i><\/div><style>i.fb-icon-element.fontawesome-icon.fb-icon-element-6{ color: #000000; background-color: #ffffff; border-color: rgba(101,188,123,0.8);}i.fb-icon-element.fontawesome-icon.fb-icon-element-6:hover { color: #000000; background-color: #ffffff; border-color: rgba(101,188,123,0.8);}<\/style><div class=\"fusion-sep-clear\"><\/div><div class=\"fusion-separator fusion-full-width-sep\" style=\"margin-left: auto;margin-right: auto;margin-top:5%;margin-bottom:5%;width:100%;\"><\/div><div class=\"fusion-sep-clear\"><\/div><div class=\"fusion-aligncenter\"><style type=\"text\/css\">.fusion-button.button-6 .fusion-button-text, .fusion-button.button-6 i {color:rgba(101,188,123,0.8);}.fusion-button.button-6 .fusion-button-icon-divider{border-color:rgba(101,188,123,0.8);}.fusion-button.button-6:hover .fusion-button-text, .fusion-button.button-6:hover i,.fusion-button.button-6:focus .fusion-button-text, .fusion-button.button-6:focus i,.fusion-button.button-6:active .fusion-button-text, .fusion-button.button-6:active{color:#ffffff;}.fusion-button.button-6:hover .fusion-button-icon-divider, .fusion-button.button-6:hover .fusion-button-icon-divider, .fusion-button.button-6:active .fusion-button-icon-divider{border-color:#ffffff;}.fusion-button.button-6:hover, .fusion-button.button-6:focus, .fusion-button.button-6:active{border-color:#ffffff;border-width:0px;}.fusion-button.button-6 {border-color:rgba(101,188,123,0.8);border-width:0px;border-radius:0px;}.fusion-button.button-6{background: #f6f6f6;}.fusion-button.button-6:hover,.button-6:focus,.fusion-button.button-6:active{background: rgba(101,188,123,0.8);}<\/style><a class=\"fusion-button button-flat button-xlarge button-custom button-6 fusion-button-default-span fusion-button-default-type\" target=\"_blank\" rel=\"noopener noreferrer\" href=\"https:\/\/www.aquimicasa.net\/profesionales\/379\/merkapiso-calafell\/t\/solares-terrenos\/\"><span class=\"fusion-button-text\">terrenos y parcelas<\/span><\/a><\/div><div class=\"fusion-clearfix\"><\/div><\/div><\/div><div class=\"fusion-layout-column fusion_builder_column fusion-builder-column-7 fusion_builder_column_1_3 1_3 fusion-one-third fusion-column-last\" style=\"width:33.333333333333%;width:calc(33.333333333333% - ( ( 4% + 4% ) * 0.33333333333333 ) );margin-top:0px;margin-bottom:20px;\"><div class=\"fusion-column-wrapper fusion-flex-column-wrapper-legacy\" style=\"background-position:left top;background-repeat:no-repeat;-webkit-background-size:cover;-moz-background-size:cover;-o-background-size:cover;background-size:cover;padding: 10% 0px 10% 0px;\"><div class=\"fusion-fa-align-center\"><i class=\"fb-icon-element-7 fb-icon-element fontawesome-icon fa-industry fas circle-yes\" style=\"font-size:44px;line-height:86px;height:88px;width:88px;border-width:1px;\"><\/i><\/div><style>i.fb-icon-element.fontawesome-icon.fb-icon-element-7{ color: #000000; background-color: #ffffff; border-color: rgba(101,188,123,0.8);}i.fb-icon-element.fontawesome-icon.fb-icon-element-7:hover { color: #000000; background-color: #ffffff; border-color: rgba(101,188,123,0.8);}<\/style><div class=\"fusion-sep-clear\"><\/div><div class=\"fusion-separator fusion-full-width-sep\" style=\"margin-left: auto;margin-right: auto;margin-top:5%;margin-bottom:5%;width:100%;\"><\/div><div class=\"fusion-sep-clear\"><\/div><div class=\"fusion-aligncenter\"><style type=\"text\/css\">.fusion-button.button-7 .fusion-button-text, .fusion-button.button-7 i {color:rgba(101,188,123,0.8);}.fusion-button.button-7 .fusion-button-icon-divider{border-color:rgba(101,188,123,0.8);}.fusion-button.button-7:hover .fusion-button-text, .fusion-button.button-7:hover i,.fusion-button.button-7:focus .fusion-button-text, .fusion-button.button-7:focus i,.fusion-button.button-7:active .fusion-button-text, .fusion-button.button-7:active{color:#ffffff;}.fusion-button.button-7:hover .fusion-button-icon-divider, .fusion-button.button-7:hover .fusion-button-icon-divider, .fusion-button.button-7:active .fusion-button-icon-divider{border-color:#ffffff;}.fusion-button.button-7:hover, .fusion-button.button-7:focus, .fusion-button.button-7:active{border-color:#ffffff;border-width:0px;}.fusion-button.button-7 {border-color:rgba(101,188,123,0.8);border-width:0px;border-radius:0px;}.fusion-button.button-7{background: #f6f6f6;}.fusion-button.button-7:hover,.button-7:focus,.fusion-button.button-7:active{background: rgba(101,188,123,0.8);}<\/style><a class=\"fusion-button button-flat button-xlarge button-custom button-7 fusion-button-default-span fusion-button-default-type\" target=\"_blank\" rel=\"noopener noreferrer\" href=\"https:\/\/www.aquimicasa.net\/profesionales\/379\/merkapiso-calafell\/t\/naves-industriales\/\"><span class=\"fusion-button-text\">naves industriales<\/span><\/a><\/div><div class=\"fusion-clearfix\"><\/div><\/div><\/div><\/div><\/div><div class=\"fusion-fullwidth fullwidth-box fusion-builder-row-3 nonhundred-percent-fullwidth non-hundred-percent-height-scrolling\" style=\"background-color: rgba(255,255,255,0);background-position: center center;background-repeat: no-repeat;padding-top:0px;padding-right:0px;padding-bottom:0px;padding-left:0px;margin-bottom: 0px;margin-top: 0px;border-width: 0px 0px 0px 0px;border-color:#eae9e9;border-style:solid;\" ><div class=\"fusion-builder-row fusion-row\"><div class=\"fusion-layout-column fusion_builder_column fusion-builder-column-8 fusion_builder_column_1_1 1_1 fusion-one-full fusion-column-first fusion-column-last\" style=\"margin-top:0px;margin-bottom:20px;\"><div class=\"fusion-column-wrapper fusion-flex-column-wrapper-legacy\" style=\"background-position:left top;background-repeat:no-repeat;-webkit-background-size:cover;-moz-background-size:cover;-o-background-size:cover;background-size:cover;padding: 0px 0px 2% 0px;\"><div class=\"fusion-sep-clear\"><\/div><div class=\"fusion-separator fusion-full-width-sep\" style=\"margin-left: auto;margin-right: auto;margin-top:1%;margin-bottom:1%;width:100%;\"><\/div><div class=\"fusion-sep-clear\"><\/div><div class=\"fusion-text fusion-text-2\"><p>El primitivo \u201cpeque\u00f1o castillo\u201d del siglo XI es hoy una poblaci\u00f3n\u00a0 de unos 40.000 habitantes, situada al norte de la Costa Dorada \u00a0y que en periodos vacacionales puede llegar a los 150.000. Pero no es hasta el proyecto Ciudad Jard\u00edn de 1947 cuando el municipio comienza su imparable crecimiento y cuando miles de personas buscan\u00a0<strong>pisos y casas en venta en Segur de Calafell<\/strong>.\u00a0 Hoy son tres los n\u00facleos en que se divide la poblaci\u00f3n:\u00a0<strong>Calafell, Segur de Calafell<\/strong>\u00a0y\u00a0<strong>La Playa de Calafell<\/strong>, con un total de 28 urbanizaciones censadas.<\/p>\n<p>La primitiva poblaci\u00f3n agr\u00edcola que sufri\u00f3 guerras, pestes y sequ\u00edas a lo largo de nueve centurias fue siendo sustituida, desde la mitad del pasado siglo, por una poblaci\u00f3n en principio transe\u00fante, de fin de semana y vacaciones que, al amparo de la que fue en su momento \u201cla urbanizaci\u00f3n m\u00e1s grande de Europa\u201d, impuls\u00f3 el crecimiento, el desarrollo inmobiliario y la econom\u00eda de este municipio, a caballo\u00a0<strong>entre Tarragona y Barcelona<\/strong>.<\/p>\n<p>Calafell es uno de los municipios tur\u00edsticos m\u00e1s importantes de Tarragona, con numerosos edificios de apartamentos y\u00a0 diferentes urbanizaciones\u00a0 en las que resulta f\u00e1cil encontrar\u00a0<strong>pisos y casas en venta en Segur de Calafell<\/strong>. Adem\u00e1s de la playa \u00a0del verano, cuenta con una importante infraestructura de ocio y gastronom\u00eda durante todo el a\u00f1o. A\u00fan mantiene bastante\u00a0 agricultura y son destacables sus aceites, acogidos a la denominaci\u00f3n de origen Siurana y sobre todo el vino local del Pened\u00e9s. La oferta gastron\u00f3mica se centra en los productos locales y en su importante tradici\u00f3n pesquera y marinera.<\/p>\n<p>La que fuera en su tiempo mayo urbanizaci\u00f3n de Europa tiene su origen en la hist\u00f3rica finca San Miquel propiedad de los marqueses de Alcarr\u00e1s. La autorizaci\u00f3n municipal al proyecto y la inauguraci\u00f3n de una estaci\u00f3n de Renfe en el lugar marcan el inicio de un proyecto que hoy d\u00eda es el principal n\u00facleo de poblaci\u00f3n de Calafell.<\/p>\n<p>Se extiende desde el trazado ferroviario hacia la monta\u00f1a con calles largas y un tanto irregulares que son se\u00f1al de la antig\u00fcedad de la urbanizaci\u00f3n, que tuvo que respetar construcciones sin planteamiento previo y de los diferentes avatares pol\u00edticos por los que ha pasado. \u00a0Hoy d\u00eda es el n\u00facleo con m\u00e1s habitantes censados de los tres que componen el t\u00e9rmino municipal con una cierta oferta de\u00a0<strong>pisos y casas en venta en Segur de Calafell<\/strong>.<\/p>\n<p><strong>La Playa de Calafell<\/strong>\u00a0es una bonita playa de arena dorada y aguas muy claras de oleaje suave, que se ubica en el pueblo de Calafell. Posee un amplio paseo mar\u00edtimo y en la misma playa encontramos un club n\u00e1utico. Esta playa est\u00e1 distinguida, tanto por sus servicios, conservaci\u00f3n y posibilidades con la bandera azul;\u00a0 se ubica cerca a la zona urbana. Cuenta con una longitud de unos 1100 metros y una anchura media de 35.<\/p>\n<p><a href=\"https:\/\/www.merkapisocalafell.es\/\"  rel=\"nofollow noopener\"><img decoding=\"async\" src=\"https:\/\/www.merkapisocalafell.es\/img\/header\/logo.png\" \/><\/a><\/p>\n<\/div><div class=\"fusion-clearfix\"><\/div><\/div><\/div><div class=\"fusion-layout-column fusion_builder_column fusion-builder-column-9 fusion_builder_column_1_1 1_1 fusion-one-full fusion-column-first fusion-column-last\" style=\"margin-top:0px;margin-bottom:20px;\"><div class=\"fusion-column-wrapper fusion-flex-column-wrapper-legacy\" style=\"background-position:left top;background-repeat:no-repeat;-webkit-background-size:cover;-moz-background-size:cover;-o-background-size:cover;background-size:cover;padding: 2% 0px 0px 0px;\"><div class=\"fusion-aligncenter\"><style type=\"text\/css\">.fusion-button.button-8 {border-radius:2px;}<\/style><a class=\"fusion-button button-flat button-xlarge button-default button-8 fusion-button-default-span fusion-button-default-type\" target=\"_blank\" rel=\"noopener noreferrer\" href=\"https:\/\/www.aquimicasa.net\/profesionales\/379\/merkapiso-calafell\/\"><span class=\"fusion-button-text\">Ver m\u00e1s inmuebles de Merkapiso Calafell<\/span><\/a><\/div><div class=\"fusion-clearfix\"><\/div><\/div><\/div><div class=\"fusion-layout-column fusion_builder_column fusion-builder-column-10 fusion_builder_column_1_1 1_1 fusion-one-full fusion-column-first fusion-column-last\" style=\"margin-top:0px;margin-bottom:20px;\"><div class=\"fusion-column-wrapper fusion-flex-column-wrapper-legacy\" style=\"background-position:left top;background-repeat:no-repeat;-webkit-background-size:cover;-moz-background-size:cover;-o-background-size:cover;background-size:cover;padding: 0px 0px 0px 0px;\"><div class=\"fusion-sep-clear\"><\/div><div class=\"fusion-separator fusion-full-width-sep\" style=\"margin-left: auto;margin-right: auto;margin-bottom:2%;width:100%;\"><\/div><div class=\"fusion-sep-clear\"><\/div><div class=\"fusion-clearfix\"><\/div><\/div><\/div><\/div><\/div><\/p>\n","protected":false},"excerpt":{"rendered":"<p>Calafell es uno de los municipios tur\u00edsticos m\u00e1s importantes de Tarragona, con numerosos edificios de apartamentos y\u00a0 diferentes urbanizaciones\u00a0 en las que resulta f\u00e1cil encontrar pisos y casas en venta en Segur de Calafell. Adem\u00e1s de la playa \u00a0del verano, cuenta con una importante infraestructura de ocio y gastronom\u00eda durante todo el a\u00f1o. <\/p>\n","protected":false},"author":3,"featured_media":24403,"comment_status":"open","ping_status":"open","sticky":false,"template":"","format":"standard","meta":{"_jetpack_memberships_contains_paid_content":false,"footnotes":"","jetpack_publicize_message":"","jetpack_publicize_feature_enabled":true,"jetpack_social_post_already_shared":true,"jetpack_social_options":{"image_generator_settings":{"template":"highway","default_image_id":0,"font":"","enabled":false},"version":2}},"categories":[7562],"tags":[7859,7748,6700,7747,6699,6698],"class_list":["post-24373","post","type-post","status-publish","format-standard","has-post-thumbnail","hentry","category-agencias-inmobiliarias","tag-agencia-boletin-1","tag-casas-en-venta-en-segur-de-calafell","tag-merkapiso","tag-pisos-en-venta-en-segur-de-calafell","tag-playa-de-calafell","tag-segur-de-calafell"],"yoast_head":"<!-- This site is optimized with the Yoast SEO plugin v27.4 - https:\/\/yoast.com\/product\/yoast-seo-wordpress\/ -->\n<title>Pisos y casas en venta en Segur de Calafell<\/title>\n<meta name=\"description\" content=\"Calafell es uno de los municipios tur\u00edsticos m\u00e1s importantes de Tarragona y disponer de una casa es una opci\u00f3n miu interesante\" \/>\n<meta name=\"robots\" content=\"index, follow, max-snippet:-1, max-image-preview:large, max-video-preview:-1\" \/>\n<link rel=\"canonical\" href=\"https:\/\/www.aquimicasa.net\/blog\/vivienda\/agencias-inmobiliarias\/pisos-y-casas-en-venta-en-segur-de-calafell\/\" \/>\n<meta property=\"og:locale\" content=\"es_ES\" \/>\n<meta property=\"og:type\" content=\"article\" \/>\n<meta property=\"og:title\" content=\"Pisos y casas en venta en Segur de Calafell\" \/>\n<meta property=\"og:description\" content=\"Calafell es uno de los municipios tur\u00edsticos m\u00e1s importantes de Tarragona y disponer de una casa es una opci\u00f3n miu interesante\" \/>\n<meta property=\"og:url\" content=\"https:\/\/www.aquimicasa.net\/blog\/vivienda\/agencias-inmobiliarias\/pisos-y-casas-en-venta-en-segur-de-calafell\/\" \/>\n<meta property=\"og:site_name\" content=\"Blog de aquimicasa.net\" \/>\n<meta property=\"article:publisher\" content=\"https:\/\/www.facebook.com\/aquimicasa.net\" \/>\n<meta property=\"article:published_time\" content=\"2019-04-01T20:05:12+00:00\" \/>\n<meta property=\"article:modified_time\" content=\"2023-06-22T20:07:56+00:00\" \/>\n<meta property=\"og:image\" content=\"https:\/\/www.aquimicasa.net\/blog\/wp-content\/uploads\/Calafell1-e1554149517541.jpg\" \/>\n\t<meta property=\"og:image:width\" content=\"600\" \/>\n\t<meta property=\"og:image:height\" content=\"239\" \/>\n\t<meta property=\"og:image:type\" content=\"image\/jpeg\" \/>\n<meta name=\"author\" content=\"Eduardo Lizarraga\" \/>\n<meta name=\"twitter:label1\" content=\"Escrito por\" \/>\n\t<meta name=\"twitter:data1\" content=\"Eduardo Lizarraga\" \/>\n\t<meta name=\"twitter:label2\" content=\"Tiempo de lectura\" \/>\n\t<meta name=\"twitter:data2\" content=\"12 minutos\" \/>\n<script type=\"application\/ld+json\" class=\"yoast-schema-graph\">{\"@context\":\"https:\\\/\\\/schema.org\",\"@graph\":[{\"@type\":\"Article\",\"@id\":\"https:\\\/\\\/www.aquimicasa.net\\\/blog\\\/vivienda\\\/agencias-inmobiliarias\\\/pisos-y-casas-en-venta-en-segur-de-calafell\\\/#article\",\"isPartOf\":{\"@id\":\"https:\\\/\\\/www.aquimicasa.net\\\/blog\\\/vivienda\\\/agencias-inmobiliarias\\\/pisos-y-casas-en-venta-en-segur-de-calafell\\\/\"},\"author\":{\"name\":\"Eduardo Lizarraga\",\"@id\":\"https:\\\/\\\/www.aquimicasa.net\\\/blog\\\/#\\\/schema\\\/person\\\/2cdfa2605534583395c8d7ce1d6cac14\"},\"headline\":\"Pisos y casas en venta en Segur de Calafell\",\"datePublished\":\"2019-04-01T20:05:12+00:00\",\"dateModified\":\"2023-06-22T20:07:56+00:00\",\"mainEntityOfPage\":{\"@id\":\"https:\\\/\\\/www.aquimicasa.net\\\/blog\\\/vivienda\\\/agencias-inmobiliarias\\\/pisos-y-casas-en-venta-en-segur-de-calafell\\\/\"},\"wordCount\":5521,\"commentCount\":0,\"publisher\":{\"@id\":\"https:\\\/\\\/www.aquimicasa.net\\\/blog\\\/#organization\"},\"image\":{\"@id\":\"https:\\\/\\\/www.aquimicasa.net\\\/blog\\\/vivienda\\\/agencias-inmobiliarias\\\/pisos-y-casas-en-venta-en-segur-de-calafell\\\/#primaryimage\"},\"thumbnailUrl\":\"https:\\\/\\\/www.aquimicasa.net\\\/blog\\\/wp-content\\\/uploads\\\/Calafell1-e1554149517541.jpg\",\"keywords\":[\"Agencia Newsletter 1\",\"Casas en venta en Segur de Calafell\",\"Merkapiso\",\"Pisos en venta en Segur de Calafell\",\"Playa de Calafell\",\"Segur de calafell\"],\"articleSection\":[\"Agencias Inmobiliarias\"],\"inLanguage\":\"es\",\"potentialAction\":[{\"@type\":\"CommentAction\",\"name\":\"Comment\",\"target\":[\"https:\\\/\\\/www.aquimicasa.net\\\/blog\\\/vivienda\\\/agencias-inmobiliarias\\\/pisos-y-casas-en-venta-en-segur-de-calafell\\\/#respond\"]}]},{\"@type\":\"WebPage\",\"@id\":\"https:\\\/\\\/www.aquimicasa.net\\\/blog\\\/vivienda\\\/agencias-inmobiliarias\\\/pisos-y-casas-en-venta-en-segur-de-calafell\\\/\",\"url\":\"https:\\\/\\\/www.aquimicasa.net\\\/blog\\\/vivienda\\\/agencias-inmobiliarias\\\/pisos-y-casas-en-venta-en-segur-de-calafell\\\/\",\"name\":\"Pisos y casas en venta en Segur de Calafell\",\"isPartOf\":{\"@id\":\"https:\\\/\\\/www.aquimicasa.net\\\/blog\\\/#website\"},\"primaryImageOfPage\":{\"@id\":\"https:\\\/\\\/www.aquimicasa.net\\\/blog\\\/vivienda\\\/agencias-inmobiliarias\\\/pisos-y-casas-en-venta-en-segur-de-calafell\\\/#primaryimage\"},\"image\":{\"@id\":\"https:\\\/\\\/www.aquimicasa.net\\\/blog\\\/vivienda\\\/agencias-inmobiliarias\\\/pisos-y-casas-en-venta-en-segur-de-calafell\\\/#primaryimage\"},\"thumbnailUrl\":\"https:\\\/\\\/www.aquimicasa.net\\\/blog\\\/wp-content\\\/uploads\\\/Calafell1-e1554149517541.jpg\",\"datePublished\":\"2019-04-01T20:05:12+00:00\",\"dateModified\":\"2023-06-22T20:07:56+00:00\",\"description\":\"Calafell es uno de los municipios tur\u00edsticos m\u00e1s importantes de Tarragona y disponer de una casa es una opci\u00f3n miu interesante\",\"breadcrumb\":{\"@id\":\"https:\\\/\\\/www.aquimicasa.net\\\/blog\\\/vivienda\\\/agencias-inmobiliarias\\\/pisos-y-casas-en-venta-en-segur-de-calafell\\\/#breadcrumb\"},\"inLanguage\":\"es\",\"potentialAction\":[{\"@type\":\"ReadAction\",\"target\":[\"https:\\\/\\\/www.aquimicasa.net\\\/blog\\\/vivienda\\\/agencias-inmobiliarias\\\/pisos-y-casas-en-venta-en-segur-de-calafell\\\/\"]}]},{\"@type\":\"ImageObject\",\"inLanguage\":\"es\",\"@id\":\"https:\\\/\\\/www.aquimicasa.net\\\/blog\\\/vivienda\\\/agencias-inmobiliarias\\\/pisos-y-casas-en-venta-en-segur-de-calafell\\\/#primaryimage\",\"url\":\"https:\\\/\\\/www.aquimicasa.net\\\/blog\\\/wp-content\\\/uploads\\\/Calafell1-e1554149517541.jpg\",\"contentUrl\":\"https:\\\/\\\/www.aquimicasa.net\\\/blog\\\/wp-content\\\/uploads\\\/Calafell1-e1554149517541.jpg\",\"width\":600,\"height\":239},{\"@type\":\"BreadcrumbList\",\"@id\":\"https:\\\/\\\/www.aquimicasa.net\\\/blog\\\/vivienda\\\/agencias-inmobiliarias\\\/pisos-y-casas-en-venta-en-segur-de-calafell\\\/#breadcrumb\",\"itemListElement\":[{\"@type\":\"ListItem\",\"position\":1,\"name\":\"Portada\",\"item\":\"https:\\\/\\\/www.aquimicasa.net\\\/blog\\\/\"},{\"@type\":\"ListItem\",\"position\":2,\"name\":\"Pisos y casas en venta en Segur de Calafell\"}]},{\"@type\":\"WebSite\",\"@id\":\"https:\\\/\\\/www.aquimicasa.net\\\/blog\\\/#website\",\"url\":\"https:\\\/\\\/www.aquimicasa.net\\\/blog\\\/\",\"name\":\"Blog de aquimicasa.net\",\"description\":\"Noticias del Mundo Inmobiliario\",\"publisher\":{\"@id\":\"https:\\\/\\\/www.aquimicasa.net\\\/blog\\\/#organization\"},\"potentialAction\":[{\"@type\":\"SearchAction\",\"target\":{\"@type\":\"EntryPoint\",\"urlTemplate\":\"https:\\\/\\\/www.aquimicasa.net\\\/blog\\\/?s={search_term_string}\"},\"query-input\":{\"@type\":\"PropertyValueSpecification\",\"valueRequired\":true,\"valueName\":\"search_term_string\"}}],\"inLanguage\":\"es\"},{\"@type\":\"Organization\",\"@id\":\"https:\\\/\\\/www.aquimicasa.net\\\/blog\\\/#organization\",\"name\":\"Blog de aquimicasa.net\",\"url\":\"https:\\\/\\\/www.aquimicasa.net\\\/blog\\\/\",\"logo\":{\"@type\":\"ImageObject\",\"inLanguage\":\"es\",\"@id\":\"https:\\\/\\\/www.aquimicasa.net\\\/blog\\\/#\\\/schema\\\/logo\\\/image\\\/\",\"url\":\"https:\\\/\\\/www.aquimicasa.net\\\/blog\\\/wp-content\\\/uploads\\\/Logo-aquimicasa-1-e1528048213782.png\",\"contentUrl\":\"https:\\\/\\\/www.aquimicasa.net\\\/blog\\\/wp-content\\\/uploads\\\/Logo-aquimicasa-1-e1528048213782.png\",\"width\":225,\"height\":225,\"caption\":\"Blog de aquimicasa.net\"},\"image\":{\"@id\":\"https:\\\/\\\/www.aquimicasa.net\\\/blog\\\/#\\\/schema\\\/logo\\\/image\\\/\"},\"sameAs\":[\"https:\\\/\\\/www.facebook.com\\\/aquimicasa.net\",\"https:\\\/\\\/www.instagram.com\\\/\",\"https:\\\/\\\/x.com\\\/EduLizarragaD\",\"https:\\\/\\\/www.linkedin.com\\\/feed\\\/\"]},{\"@type\":\"Person\",\"@id\":\"https:\\\/\\\/www.aquimicasa.net\\\/blog\\\/#\\\/schema\\\/person\\\/2cdfa2605534583395c8d7ce1d6cac14\",\"name\":\"Eduardo Lizarraga\",\"image\":{\"@type\":\"ImageObject\",\"inLanguage\":\"es\",\"@id\":\"https:\\\/\\\/secure.gravatar.com\\\/avatar\\\/bdabe1eeeed97b65a9cb7de2edd624b07995f7e13abc5fead15961f745f908cc?s=96&d=mm&r=g\",\"url\":\"https:\\\/\\\/secure.gravatar.com\\\/avatar\\\/bdabe1eeeed97b65a9cb7de2edd624b07995f7e13abc5fead15961f745f908cc?s=96&d=mm&r=g\",\"contentUrl\":\"https:\\\/\\\/secure.gravatar.com\\\/avatar\\\/bdabe1eeeed97b65a9cb7de2edd624b07995f7e13abc5fead15961f745f908cc?s=96&d=mm&r=g\",\"caption\":\"Eduardo Lizarraga\"},\"description\":\"Periodista Econ\u00f3mico. Ha trabajado en diversos campos de la informaci\u00f3n. Corresponsal en conflictos, analista pol\u00edtico en Congreso y Senado, periodista del medio ambiente, editor, director editorial, director de comunicaci\u00f3n.... En estos momentos se ha especializado en el sector inmobiliario. Pero tambi\u00e9n es navegante y viajero, preocupado por la pobreza, el medio ambiente y por las actuaciones descontroladas del neoliberalismo empresarial y pol\u00edtico en todo el mundo. Los desahucios, la pobreza infantil y la falta de acceso a los suministros b\u00e1sicos son algunos de los grandes dramas de nuestra sociedad y que es preciso solucionar para hacerla m\u00e1s justa. CEO en www.aquimicasa.net\",\"sameAs\":[\"https:\\\/\\\/www.aquimicasa.net\\\/\"],\"url\":\"https:\\\/\\\/www.aquimicasa.net\\\/blog\\\/author\\\/eduardo\\\/\"}]}<\/script>\n<!-- \/ Yoast SEO plugin. -->","yoast_head_json":{"title":"Pisos y casas en venta en Segur de Calafell","description":"Calafell es uno de los municipios tur\u00edsticos m\u00e1s importantes de Tarragona y disponer de una casa es una opci\u00f3n miu interesante","robots":{"index":"index","follow":"follow","max-snippet":"max-snippet:-1","max-image-preview":"max-image-preview:large","max-video-preview":"max-video-preview:-1"},"canonical":"https:\/\/www.aquimicasa.net\/blog\/vivienda\/agencias-inmobiliarias\/pisos-y-casas-en-venta-en-segur-de-calafell\/","og_locale":"es_ES","og_type":"article","og_title":"Pisos y casas en venta en Segur de Calafell","og_description":"Calafell es uno de los municipios tur\u00edsticos m\u00e1s importantes de Tarragona y disponer de una casa es una opci\u00f3n miu interesante","og_url":"https:\/\/www.aquimicasa.net\/blog\/vivienda\/agencias-inmobiliarias\/pisos-y-casas-en-venta-en-segur-de-calafell\/","og_site_name":"Blog de aquimicasa.net","article_publisher":"https:\/\/www.facebook.com\/aquimicasa.net","article_published_time":"2019-04-01T20:05:12+00:00","article_modified_time":"2023-06-22T20:07:56+00:00","og_image":[{"width":600,"height":239,"url":"https:\/\/www.aquimicasa.net\/blog\/wp-content\/uploads\/Calafell1-e1554149517541.jpg","type":"image\/jpeg"}],"author":"Eduardo Lizarraga","twitter_misc":{"Escrito por":"Eduardo Lizarraga","Tiempo de lectura":"12 minutos"},"schema":{"@context":"https:\/\/schema.org","@graph":[{"@type":"Article","@id":"https:\/\/www.aquimicasa.net\/blog\/vivienda\/agencias-inmobiliarias\/pisos-y-casas-en-venta-en-segur-de-calafell\/#article","isPartOf":{"@id":"https:\/\/www.aquimicasa.net\/blog\/vivienda\/agencias-inmobiliarias\/pisos-y-casas-en-venta-en-segur-de-calafell\/"},"author":{"name":"Eduardo Lizarraga","@id":"https:\/\/www.aquimicasa.net\/blog\/#\/schema\/person\/2cdfa2605534583395c8d7ce1d6cac14"},"headline":"Pisos y casas en venta en Segur de Calafell","datePublished":"2019-04-01T20:05:12+00:00","dateModified":"2023-06-22T20:07:56+00:00","mainEntityOfPage":{"@id":"https:\/\/www.aquimicasa.net\/blog\/vivienda\/agencias-inmobiliarias\/pisos-y-casas-en-venta-en-segur-de-calafell\/"},"wordCount":5521,"commentCount":0,"publisher":{"@id":"https:\/\/www.aquimicasa.net\/blog\/#organization"},"image":{"@id":"https:\/\/www.aquimicasa.net\/blog\/vivienda\/agencias-inmobiliarias\/pisos-y-casas-en-venta-en-segur-de-calafell\/#primaryimage"},"thumbnailUrl":"https:\/\/www.aquimicasa.net\/blog\/wp-content\/uploads\/Calafell1-e1554149517541.jpg","keywords":["Agencia Newsletter 1","Casas en venta en Segur de Calafell","Merkapiso","Pisos en venta en Segur de Calafell","Playa de Calafell","Segur de calafell"],"articleSection":["Agencias Inmobiliarias"],"inLanguage":"es","potentialAction":[{"@type":"CommentAction","name":"Comment","target":["https:\/\/www.aquimicasa.net\/blog\/vivienda\/agencias-inmobiliarias\/pisos-y-casas-en-venta-en-segur-de-calafell\/#respond"]}]},{"@type":"WebPage","@id":"https:\/\/www.aquimicasa.net\/blog\/vivienda\/agencias-inmobiliarias\/pisos-y-casas-en-venta-en-segur-de-calafell\/","url":"https:\/\/www.aquimicasa.net\/blog\/vivienda\/agencias-inmobiliarias\/pisos-y-casas-en-venta-en-segur-de-calafell\/","name":"Pisos y casas en venta en Segur de Calafell","isPartOf":{"@id":"https:\/\/www.aquimicasa.net\/blog\/#website"},"primaryImageOfPage":{"@id":"https:\/\/www.aquimicasa.net\/blog\/vivienda\/agencias-inmobiliarias\/pisos-y-casas-en-venta-en-segur-de-calafell\/#primaryimage"},"image":{"@id":"https:\/\/www.aquimicasa.net\/blog\/vivienda\/agencias-inmobiliarias\/pisos-y-casas-en-venta-en-segur-de-calafell\/#primaryimage"},"thumbnailUrl":"https:\/\/www.aquimicasa.net\/blog\/wp-content\/uploads\/Calafell1-e1554149517541.jpg","datePublished":"2019-04-01T20:05:12+00:00","dateModified":"2023-06-22T20:07:56+00:00","description":"Calafell es uno de los municipios tur\u00edsticos m\u00e1s importantes de Tarragona y disponer de una casa es una opci\u00f3n miu interesante","breadcrumb":{"@id":"https:\/\/www.aquimicasa.net\/blog\/vivienda\/agencias-inmobiliarias\/pisos-y-casas-en-venta-en-segur-de-calafell\/#breadcrumb"},"inLanguage":"es","potentialAction":[{"@type":"ReadAction","target":["https:\/\/www.aquimicasa.net\/blog\/vivienda\/agencias-inmobiliarias\/pisos-y-casas-en-venta-en-segur-de-calafell\/"]}]},{"@type":"ImageObject","inLanguage":"es","@id":"https:\/\/www.aquimicasa.net\/blog\/vivienda\/agencias-inmobiliarias\/pisos-y-casas-en-venta-en-segur-de-calafell\/#primaryimage","url":"https:\/\/www.aquimicasa.net\/blog\/wp-content\/uploads\/Calafell1-e1554149517541.jpg","contentUrl":"https:\/\/www.aquimicasa.net\/blog\/wp-content\/uploads\/Calafell1-e1554149517541.jpg","width":600,"height":239},{"@type":"BreadcrumbList","@id":"https:\/\/www.aquimicasa.net\/blog\/vivienda\/agencias-inmobiliarias\/pisos-y-casas-en-venta-en-segur-de-calafell\/#breadcrumb","itemListElement":[{"@type":"ListItem","position":1,"name":"Portada","item":"https:\/\/www.aquimicasa.net\/blog\/"},{"@type":"ListItem","position":2,"name":"Pisos y casas en venta en Segur de Calafell"}]},{"@type":"WebSite","@id":"https:\/\/www.aquimicasa.net\/blog\/#website","url":"https:\/\/www.aquimicasa.net\/blog\/","name":"Blog de aquimicasa.net","description":"Noticias del Mundo Inmobiliario","publisher":{"@id":"https:\/\/www.aquimicasa.net\/blog\/#organization"},"potentialAction":[{"@type":"SearchAction","target":{"@type":"EntryPoint","urlTemplate":"https:\/\/www.aquimicasa.net\/blog\/?s={search_term_string}"},"query-input":{"@type":"PropertyValueSpecification","valueRequired":true,"valueName":"search_term_string"}}],"inLanguage":"es"},{"@type":"Organization","@id":"https:\/\/www.aquimicasa.net\/blog\/#organization","name":"Blog de aquimicasa.net","url":"https:\/\/www.aquimicasa.net\/blog\/","logo":{"@type":"ImageObject","inLanguage":"es","@id":"https:\/\/www.aquimicasa.net\/blog\/#\/schema\/logo\/image\/","url":"https:\/\/www.aquimicasa.net\/blog\/wp-content\/uploads\/Logo-aquimicasa-1-e1528048213782.png","contentUrl":"https:\/\/www.aquimicasa.net\/blog\/wp-content\/uploads\/Logo-aquimicasa-1-e1528048213782.png","width":225,"height":225,"caption":"Blog de aquimicasa.net"},"image":{"@id":"https:\/\/www.aquimicasa.net\/blog\/#\/schema\/logo\/image\/"},"sameAs":["https:\/\/www.facebook.com\/aquimicasa.net","https:\/\/www.instagram.com\/","https:\/\/x.com\/EduLizarragaD","https:\/\/www.linkedin.com\/feed\/"]},{"@type":"Person","@id":"https:\/\/www.aquimicasa.net\/blog\/#\/schema\/person\/2cdfa2605534583395c8d7ce1d6cac14","name":"Eduardo Lizarraga","image":{"@type":"ImageObject","inLanguage":"es","@id":"https:\/\/secure.gravatar.com\/avatar\/bdabe1eeeed97b65a9cb7de2edd624b07995f7e13abc5fead15961f745f908cc?s=96&d=mm&r=g","url":"https:\/\/secure.gravatar.com\/avatar\/bdabe1eeeed97b65a9cb7de2edd624b07995f7e13abc5fead15961f745f908cc?s=96&d=mm&r=g","contentUrl":"https:\/\/secure.gravatar.com\/avatar\/bdabe1eeeed97b65a9cb7de2edd624b07995f7e13abc5fead15961f745f908cc?s=96&d=mm&r=g","caption":"Eduardo Lizarraga"},"description":"Periodista Econ\u00f3mico. Ha trabajado en diversos campos de la informaci\u00f3n. Corresponsal en conflictos, analista pol\u00edtico en Congreso y Senado, periodista del medio ambiente, editor, director editorial, director de comunicaci\u00f3n.... En estos momentos se ha especializado en el sector inmobiliario. Pero tambi\u00e9n es navegante y viajero, preocupado por la pobreza, el medio ambiente y por las actuaciones descontroladas del neoliberalismo empresarial y pol\u00edtico en todo el mundo. Los desahucios, la pobreza infantil y la falta de acceso a los suministros b\u00e1sicos son algunos de los grandes dramas de nuestra sociedad y que es preciso solucionar para hacerla m\u00e1s justa. CEO en www.aquimicasa.net","sameAs":["https:\/\/www.aquimicasa.net\/"],"url":"https:\/\/www.aquimicasa.net\/blog\/author\/eduardo\/"}]}},"jetpack_publicize_connections":[],"jetpack_featured_media_url":"https:\/\/www.aquimicasa.net\/blog\/wp-content\/uploads\/Calafell1-e1554149517541.jpg","jetpack_sharing_enabled":true,"jetpack_likes_enabled":true,"_links":{"self":[{"href":"https:\/\/www.aquimicasa.net\/blog\/wp-json\/wp\/v2\/posts\/24373","targetHints":{"allow":["GET"]}}],"collection":[{"href":"https:\/\/www.aquimicasa.net\/blog\/wp-json\/wp\/v2\/posts"}],"about":[{"href":"https:\/\/www.aquimicasa.net\/blog\/wp-json\/wp\/v2\/types\/post"}],"author":[{"embeddable":true,"href":"https:\/\/www.aquimicasa.net\/blog\/wp-json\/wp\/v2\/users\/3"}],"replies":[{"embeddable":true,"href":"https:\/\/www.aquimicasa.net\/blog\/wp-json\/wp\/v2\/comments?post=24373"}],"version-history":[{"count":29,"href":"https:\/\/www.aquimicasa.net\/blog\/wp-json\/wp\/v2\/posts\/24373\/revisions"}],"predecessor-version":[{"id":44613,"href":"https:\/\/www.aquimicasa.net\/blog\/wp-json\/wp\/v2\/posts\/24373\/revisions\/44613"}],"wp:featuredmedia":[{"embeddable":true,"href":"https:\/\/www.aquimicasa.net\/blog\/wp-json\/wp\/v2\/media\/24403"}],"wp:attachment":[{"href":"https:\/\/www.aquimicasa.net\/blog\/wp-json\/wp\/v2\/media?parent=24373"}],"wp:term":[{"taxonomy":"category","embeddable":true,"href":"https:\/\/www.aquimicasa.net\/blog\/wp-json\/wp\/v2\/categories?post=24373"},{"taxonomy":"post_tag","embeddable":true,"href":"https:\/\/www.aquimicasa.net\/blog\/wp-json\/wp\/v2\/tags?post=24373"}],"curies":[{"name":"wp","href":"https:\/\/api.w.org\/{rel}","templated":true}]}}