{"id":2438,"date":"2013-11-06T12:29:42","date_gmt":"2013-11-06T12:29:42","guid":{"rendered":"http:\/\/haciadelante.es\/?p=2438"},"modified":"2020-04-02T18:47:42","modified_gmt":"2020-04-02T16:47:42","slug":"denuncia-por-estafa-contra-los-responsables-del-santander-y-bnp-paribas","status":"publish","type":"post","link":"https:\/\/www.aquimicasa.net\/blog\/vivienda\/desahucio\/denuncia-por-estafa-contra-los-responsables-del-santander-y-bnp-paribas\/","title":{"rendered":"Denuncia por estafa contra los responsables de UCI, Santander y BNP Paribas"},"content":{"rendered":"<p><strong>Visita nuestro Portal Inmobiliario exclusivo para particulares<\/strong><a href=\"http:\/\/www.antesqueselolleveelbanco.es\"  rel=\"nofollow noopener\"><a href=\"http:\/\/www.antesqueselolleveelbanco.es\"  rel=\"nofollow noopener\"><img decoding=\"async\" src=\"http:\/\/haciadelante.es\/wp-content\/uploads\/LOGO-2opia-150x105.jpg\" alt=\"Portal Inmobiliario exclusivo para particulares.\" width=\"150\" height=\"105\" class=\"size-thumbnail wp-image-2456\" \/><\/a> <\/p>\n<p>Varias decenas de afectados por la financiera UCI de Madrid, Catalu\u00f1a y Murcia han presentado, con el apoyo de la Plataforma de Afectados por la Hipoteca (PAH) una denuncia penal en la Audiencia Nacional contra los m\u00e1ximos responsables del grupo financiero Santander, BNP Paribas y la Uni\u00f3n de Cr\u00e9ditos Inmobiliarios (UCI). La denuncia se realiza por presuntos delitos de estafa continuada, delito contra los consumidores, contra el orden socioecon\u00f3mico y asociaci\u00f3n il\u00edcita en concurso con organizaci\u00f3n criminal por la comercializaci\u00f3n de hipotecas basura o subprime a trav\u00e9s de la financiera UCI.http:\/\/www.uci.es\/index.asp<\/p>\n<p>Las familias denunciantes piden a la Audiencia Nacional que abra una investigaci\u00f3n judicial sobre estos hechos con protecci\u00f3n espec\u00edfica a los denunciantes, la reparaci\u00f3n del da\u00f1o causado y la depuraci\u00f3n de responsabilidades de quienes dise\u00f1aron y ordenaron la puesta en pr\u00e1ctica del sistema de comercializaci\u00f3n de productos t\u00f3xicos, entre los que destacan Emilio Bot\u00edn, Patricia Bot\u00edn y Alfredo S\u00e1enz.<\/p>\n<p>La parte denunciante tiene indicios de que el grupo Santander y BNP Paribas otorgaron pr\u00e9stamos hipotecarios para el acceso a la vivienda en condiciones tales que hac\u00edan previsible el impago de un elevado n\u00famero de ellos, sin avisar a los clientes del riesgo de la operaci\u00f3n. El objetivo de esta comercializaci\u00f3n, con gesti\u00f3n temeraria del riesgo, es el \u00e1nimo de lucro y la posterior venta de los pr\u00e9stamos a inversores internacionales (titulizaci\u00f3n). Las entidades logran sacar as\u00ed tales hipotecas de los balances internos para conseguir nueva financiaci\u00f3n con la que continuar el negocio de pr\u00e9stamo hipotecario.<\/p>\n<p>Las entidades financieras concedieron a trav\u00e9s de UCI pr\u00e9stamos a j\u00f3venes, poblaci\u00f3n migrante y personas con escasa solvencia econ\u00f3mica. Aparecen indicios de estafa en la concesi\u00f3n de tales pr\u00e9stamos al provocar endeudamientos durante d\u00e9cadas con falta de informaci\u00f3n y enga\u00f1o acerca del riesgo contraido. Los pr\u00e9stamos incluyen adem\u00e1s condiciones declaradas abusivas por los tribunales, un abuso que se multiplica en los casos de renegociaci\u00f3n de deuda en los que UCI impone condiciones usurarias como la capitalizaci\u00f3n de intereses durante el periodo de duraci\u00f3n de los acuerdos.<\/p>\n<p>La venta de estos productos hipotecarios se realizaba a trav\u00e9s de una compleja red de sociedades mercantiles y profesionales del \u00e1mbito inmobiliario, como la tasadora asociada a UCI, Valtecnic, y de la asesor\u00eda financiera, que cumpl\u00edan los planes de UCI de colocaci\u00f3n de hipotecas t\u00f3xicas.<\/p>\n<p>El volumen de cotizaci\u00f3n de los fondos de UCI entre los a\u00f1os 1999 a 2009 asciende a 14.365,8 millones de euros, con un total de 133.701 hipotecas y 22.831 pr\u00e9stamos personales no hipotecarios. Entre un 11 y 15% de las hipotecas concedidas lo fueron sobre viviendas de protecci\u00f3n oficial, y por encima del 30% a j\u00f3venes menores de 39 a\u00f1os.<\/p>\n<p>Hasta ahora la PAH ha denunciado que ha habido estafas con hipotecas, en las que se han violado los derechos humanos, y les ha dicho a los banqueros que son unos criminales. Ahora adem\u00e1s se les se\u00f1ala y en los casos en los que haya posibilidad de reunir prueba suficiente les quiere lanzar el mensaje de que se les va a sentar en el banquillo. As\u00ed, esta denuncia se enmarca en la estrategia de lucha contra impunidad financiera impulsada por la PAH a trav\u00e9s de la campa\u00f1a <strong>Juicio y Castigo<\/strong>. Una campa\u00f1a de denuncia social y p\u00fablica que gracias a la lucha colectiva permite a la PAH a abrir una l\u00ednea judicial de trabajo como otra importante herramienta para exigir juicio y castigo a los culpables y para dar un paso m\u00e1s hacia el fin de la impunidad de la estafa hipotecaria; tambi\u00e9n es una herramienta para exigir verdad, justicia, reparaci\u00f3n y no repetici\u00f3n de lo acontecido. El poder financiero, a trav\u00e9s de los pol\u00edticos del PP, rechaz\u00f3 la propuesta de m\u00ednimos, la ILP, y ahora la PAH dice alto y claro que sube las apuestas, y va a por los responsables \u00faltimos de la estafa hipotecaria: los integrantes m\u00e1s poderosos de los consejos de administraci\u00f3n de las entidades financieras.<\/p>\n<p>La iniciativa JUICIO y CASTIGO no ha hecho m\u00e1s que comenzar. La PAH sabe que el camino ser\u00e1 largo pero tambi\u00e9n sabe que \u201cla \u00fanica lucha que se pierde es la que se abandona\u201d. Ya es hora de que las denuncias y los problemas legales les empiecen a llegar a los banqueros. <\/p>\n","protected":false},"excerpt":{"rendered":"<p>Visita nuestro Portal Inmobiliario exclusivo para particulares Varias decenas de [&hellip;]<\/p>\n","protected":false},"author":3,"featured_media":0,"comment_status":"open","ping_status":"open","sticky":false,"template":"","format":"standard","meta":{"_jetpack_memberships_contains_paid_content":false,"footnotes":"","jetpack_publicize_message":"","jetpack_publicize_feature_enabled":true,"jetpack_social_post_already_shared":false,"jetpack_social_options":{"image_generator_settings":{"template":"highway","default_image_id":0,"font":"","enabled":false},"version":2}},"categories":[5461,46,100,25,104,7564,7565,7566,28],"tags":[354,356,352,353,355],"class_list":["post-2438","post","type-post","status-publish","format-standard","hentry","category-ayuntamientos","category-bancos","category-compraventa-de-viviendas","category-desahucio","category-leyes","category-noticias-economia","category-noticias-mercado-inmobiliario","category-noticias-sobre-el-mercado-hipotecario","category-plataforma-de-afectados-por-la-hipoteca","tag-alfredo-saez","tag-bnp-paribas","tag-emilio-botin","tag-patricia-botin","tag-uci"],"yoast_head":"<!-- This site is optimized with the Yoast SEO plugin v27.5 - https:\/\/yoast.com\/product\/yoast-seo-wordpress\/ -->\n<title>Afectados denuncian por estafa a la UCI, Santander y BNP Paribas<\/title>\n<meta name=\"description\" content=\"Decenas de afectados por los manejos financieros denuncian la los responsable de UCI, Santander y BNP Paribas por estafa y asociaci\u00f3n il\u00edcita para delinquir\" \/>\n<meta name=\"robots\" content=\"index, follow, max-snippet:-1, max-image-preview:large, max-video-preview:-1\" \/>\n<link rel=\"canonical\" href=\"https:\/\/www.aquimicasa.net\/blog\/vivienda\/desahucio\/denuncia-por-estafa-contra-los-responsables-del-santander-y-bnp-paribas\/\" \/>\n<meta property=\"og:locale\" content=\"es_ES\" \/>\n<meta property=\"og:type\" content=\"article\" \/>\n<meta property=\"og:title\" content=\"Afectados denuncian por estafa a la UCI, Santander y BNP Paribas\" \/>\n<meta property=\"og:description\" content=\"Decenas de afectados por los manejos financieros denuncian la los responsable de UCI, Santander y BNP Paribas por estafa y asociaci\u00f3n il\u00edcita para delinquir\" \/>\n<meta property=\"og:url\" content=\"https:\/\/www.aquimicasa.net\/blog\/vivienda\/desahucio\/denuncia-por-estafa-contra-los-responsables-del-santander-y-bnp-paribas\/\" \/>\n<meta property=\"og:site_name\" content=\"Blog de aquimicasa.net\" \/>\n<meta property=\"article:publisher\" content=\"https:\/\/www.facebook.com\/aquimicasa.net\" \/>\n<meta property=\"article:published_time\" content=\"2013-11-06T12:29:42+00:00\" \/>\n<meta property=\"article:modified_time\" content=\"2020-04-02T16:47:42+00:00\" \/>\n<meta property=\"og:image\" content=\"http:\/\/haciadelante.es\/wp-content\/uploads\/LOGO-2opia-150x105.jpg\" \/>\n<meta name=\"author\" content=\"Eduardo Lizarraga\" \/>\n<meta name=\"twitter:label1\" content=\"Escrito por\" \/>\n\t<meta name=\"twitter:data1\" content=\"Eduardo Lizarraga\" \/>\n\t<meta name=\"twitter:label2\" content=\"Tiempo de lectura\" \/>\n\t<meta name=\"twitter:data2\" content=\"4 minutos\" \/>\n<script type=\"application\/ld+json\" class=\"yoast-schema-graph\">{\"@context\":\"https:\\\/\\\/schema.org\",\"@graph\":[{\"@type\":\"Article\",\"@id\":\"https:\\\/\\\/www.aquimicasa.net\\\/blog\\\/vivienda\\\/desahucio\\\/denuncia-por-estafa-contra-los-responsables-del-santander-y-bnp-paribas\\\/#article\",\"isPartOf\":{\"@id\":\"https:\\\/\\\/www.aquimicasa.net\\\/blog\\\/vivienda\\\/desahucio\\\/denuncia-por-estafa-contra-los-responsables-del-santander-y-bnp-paribas\\\/\"},\"author\":{\"name\":\"Eduardo Lizarraga\",\"@id\":\"https:\\\/\\\/www.aquimicasa.net\\\/blog\\\/#\\\/schema\\\/person\\\/2cdfa2605534583395c8d7ce1d6cac14\"},\"headline\":\"Denuncia por estafa contra los responsables de UCI, Santander y BNP Paribas\",\"datePublished\":\"2013-11-06T12:29:42+00:00\",\"dateModified\":\"2020-04-02T16:47:42+00:00\",\"mainEntityOfPage\":{\"@id\":\"https:\\\/\\\/www.aquimicasa.net\\\/blog\\\/vivienda\\\/desahucio\\\/denuncia-por-estafa-contra-los-responsables-del-santander-y-bnp-paribas\\\/\"},\"wordCount\":798,\"commentCount\":5,\"publisher\":{\"@id\":\"https:\\\/\\\/www.aquimicasa.net\\\/blog\\\/#organization\"},\"image\":{\"@id\":\"https:\\\/\\\/www.aquimicasa.net\\\/blog\\\/vivienda\\\/desahucio\\\/denuncia-por-estafa-contra-los-responsables-del-santander-y-bnp-paribas\\\/#primaryimage\"},\"thumbnailUrl\":\"http:\\\/\\\/haciadelante.es\\\/wp-content\\\/uploads\\\/LOGO-2opia-150x105.jpg\",\"keywords\":[\"Alfredo S\u00e1ez\",\"BNP Paribas\",\"Emilio Bot\u00edn\",\"Patricia Bot\u00edn\",\"UCI\"],\"articleSection\":[\"Ayuntamientos\",\"Bancos\",\"Compra Venta\",\"Desahucios\",\"Leyes\",\"Noticias Econom\u00eda\",\"Noticias Mercado Inmobiliario\",\"Noticias sobre el Mercado Hipotecario\",\"Plataforma de Afectados por la Hipoteca\"],\"inLanguage\":\"es\",\"potentialAction\":[{\"@type\":\"CommentAction\",\"name\":\"Comment\",\"target\":[\"https:\\\/\\\/www.aquimicasa.net\\\/blog\\\/vivienda\\\/desahucio\\\/denuncia-por-estafa-contra-los-responsables-del-santander-y-bnp-paribas\\\/#respond\"]}]},{\"@type\":\"WebPage\",\"@id\":\"https:\\\/\\\/www.aquimicasa.net\\\/blog\\\/vivienda\\\/desahucio\\\/denuncia-por-estafa-contra-los-responsables-del-santander-y-bnp-paribas\\\/\",\"url\":\"https:\\\/\\\/www.aquimicasa.net\\\/blog\\\/vivienda\\\/desahucio\\\/denuncia-por-estafa-contra-los-responsables-del-santander-y-bnp-paribas\\\/\",\"name\":\"Afectados denuncian por estafa a la UCI, Santander y BNP Paribas\",\"isPartOf\":{\"@id\":\"https:\\\/\\\/www.aquimicasa.net\\\/blog\\\/#website\"},\"primaryImageOfPage\":{\"@id\":\"https:\\\/\\\/www.aquimicasa.net\\\/blog\\\/vivienda\\\/desahucio\\\/denuncia-por-estafa-contra-los-responsables-del-santander-y-bnp-paribas\\\/#primaryimage\"},\"image\":{\"@id\":\"https:\\\/\\\/www.aquimicasa.net\\\/blog\\\/vivienda\\\/desahucio\\\/denuncia-por-estafa-contra-los-responsables-del-santander-y-bnp-paribas\\\/#primaryimage\"},\"thumbnailUrl\":\"http:\\\/\\\/haciadelante.es\\\/wp-content\\\/uploads\\\/LOGO-2opia-150x105.jpg\",\"datePublished\":\"2013-11-06T12:29:42+00:00\",\"dateModified\":\"2020-04-02T16:47:42+00:00\",\"description\":\"Decenas de afectados por los manejos financieros denuncian la los responsable de UCI, Santander y BNP Paribas por estafa y asociaci\u00f3n il\u00edcita para delinquir\",\"breadcrumb\":{\"@id\":\"https:\\\/\\\/www.aquimicasa.net\\\/blog\\\/vivienda\\\/desahucio\\\/denuncia-por-estafa-contra-los-responsables-del-santander-y-bnp-paribas\\\/#breadcrumb\"},\"inLanguage\":\"es\",\"potentialAction\":[{\"@type\":\"ReadAction\",\"target\":[\"https:\\\/\\\/www.aquimicasa.net\\\/blog\\\/vivienda\\\/desahucio\\\/denuncia-por-estafa-contra-los-responsables-del-santander-y-bnp-paribas\\\/\"]}]},{\"@type\":\"ImageObject\",\"inLanguage\":\"es\",\"@id\":\"https:\\\/\\\/www.aquimicasa.net\\\/blog\\\/vivienda\\\/desahucio\\\/denuncia-por-estafa-contra-los-responsables-del-santander-y-bnp-paribas\\\/#primaryimage\",\"url\":\"http:\\\/\\\/haciadelante.es\\\/wp-content\\\/uploads\\\/LOGO-2opia-150x105.jpg\",\"contentUrl\":\"http:\\\/\\\/haciadelante.es\\\/wp-content\\\/uploads\\\/LOGO-2opia-150x105.jpg\"},{\"@type\":\"BreadcrumbList\",\"@id\":\"https:\\\/\\\/www.aquimicasa.net\\\/blog\\\/vivienda\\\/desahucio\\\/denuncia-por-estafa-contra-los-responsables-del-santander-y-bnp-paribas\\\/#breadcrumb\",\"itemListElement\":[{\"@type\":\"ListItem\",\"position\":1,\"name\":\"Portada\",\"item\":\"https:\\\/\\\/www.aquimicasa.net\\\/blog\\\/\"},{\"@type\":\"ListItem\",\"position\":2,\"name\":\"Denuncia por estafa contra los responsables de UCI, Santander y BNP Paribas\"}]},{\"@type\":\"WebSite\",\"@id\":\"https:\\\/\\\/www.aquimicasa.net\\\/blog\\\/#website\",\"url\":\"https:\\\/\\\/www.aquimicasa.net\\\/blog\\\/\",\"name\":\"Blog de aquimicasa.net\",\"description\":\"Noticias del Mundo Inmobiliario\",\"publisher\":{\"@id\":\"https:\\\/\\\/www.aquimicasa.net\\\/blog\\\/#organization\"},\"potentialAction\":[{\"@type\":\"SearchAction\",\"target\":{\"@type\":\"EntryPoint\",\"urlTemplate\":\"https:\\\/\\\/www.aquimicasa.net\\\/blog\\\/?s={search_term_string}\"},\"query-input\":{\"@type\":\"PropertyValueSpecification\",\"valueRequired\":true,\"valueName\":\"search_term_string\"}}],\"inLanguage\":\"es\"},{\"@type\":\"Organization\",\"@id\":\"https:\\\/\\\/www.aquimicasa.net\\\/blog\\\/#organization\",\"name\":\"Blog de aquimicasa.net\",\"url\":\"https:\\\/\\\/www.aquimicasa.net\\\/blog\\\/\",\"logo\":{\"@type\":\"ImageObject\",\"inLanguage\":\"es\",\"@id\":\"https:\\\/\\\/www.aquimicasa.net\\\/blog\\\/#\\\/schema\\\/logo\\\/image\\\/\",\"url\":\"https:\\\/\\\/www.aquimicasa.net\\\/blog\\\/wp-content\\\/uploads\\\/Logo-aquimicasa-1-e1528048213782.png\",\"contentUrl\":\"https:\\\/\\\/www.aquimicasa.net\\\/blog\\\/wp-content\\\/uploads\\\/Logo-aquimicasa-1-e1528048213782.png\",\"width\":225,\"height\":225,\"caption\":\"Blog de aquimicasa.net\"},\"image\":{\"@id\":\"https:\\\/\\\/www.aquimicasa.net\\\/blog\\\/#\\\/schema\\\/logo\\\/image\\\/\"},\"sameAs\":[\"https:\\\/\\\/www.facebook.com\\\/aquimicasa.net\",\"https:\\\/\\\/www.instagram.com\\\/\",\"https:\\\/\\\/x.com\\\/EduLizarragaD\",\"https:\\\/\\\/www.linkedin.com\\\/feed\\\/\"]},{\"@type\":\"Person\",\"@id\":\"https:\\\/\\\/www.aquimicasa.net\\\/blog\\\/#\\\/schema\\\/person\\\/2cdfa2605534583395c8d7ce1d6cac14\",\"name\":\"Eduardo Lizarraga\",\"image\":{\"@type\":\"ImageObject\",\"inLanguage\":\"es\",\"@id\":\"https:\\\/\\\/secure.gravatar.com\\\/avatar\\\/bdabe1eeeed97b65a9cb7de2edd624b07995f7e13abc5fead15961f745f908cc?s=96&d=mm&r=g\",\"url\":\"https:\\\/\\\/secure.gravatar.com\\\/avatar\\\/bdabe1eeeed97b65a9cb7de2edd624b07995f7e13abc5fead15961f745f908cc?s=96&d=mm&r=g\",\"contentUrl\":\"https:\\\/\\\/secure.gravatar.com\\\/avatar\\\/bdabe1eeeed97b65a9cb7de2edd624b07995f7e13abc5fead15961f745f908cc?s=96&d=mm&r=g\",\"caption\":\"Eduardo Lizarraga\"},\"description\":\"Periodista Econ\u00f3mico. Ha trabajado en diversos campos de la informaci\u00f3n. Corresponsal en conflictos, analista pol\u00edtico en Congreso y Senado, periodista del medio ambiente, editor, director editorial, director de comunicaci\u00f3n.... En estos momentos se ha especializado en el sector inmobiliario. Pero tambi\u00e9n es navegante y viajero, preocupado por la pobreza, el medio ambiente y por las actuaciones descontroladas del neoliberalismo empresarial y pol\u00edtico en todo el mundo. Los desahucios, la pobreza infantil y la falta de acceso a los suministros b\u00e1sicos son algunos de los grandes dramas de nuestra sociedad y que es preciso solucionar para hacerla m\u00e1s justa. CEO en www.aquimicasa.net\",\"sameAs\":[\"https:\\\/\\\/www.aquimicasa.net\\\/\"],\"url\":\"https:\\\/\\\/www.aquimicasa.net\\\/blog\\\/author\\\/eduardo\\\/\"}]}<\/script>\n<!-- \/ Yoast SEO plugin. -->","yoast_head_json":{"title":"Afectados denuncian por estafa a la UCI, Santander y BNP Paribas","description":"Decenas de afectados por los manejos financieros denuncian la los responsable de UCI, Santander y BNP Paribas por estafa y asociaci\u00f3n il\u00edcita para delinquir","robots":{"index":"index","follow":"follow","max-snippet":"max-snippet:-1","max-image-preview":"max-image-preview:large","max-video-preview":"max-video-preview:-1"},"canonical":"https:\/\/www.aquimicasa.net\/blog\/vivienda\/desahucio\/denuncia-por-estafa-contra-los-responsables-del-santander-y-bnp-paribas\/","og_locale":"es_ES","og_type":"article","og_title":"Afectados denuncian por estafa a la UCI, Santander y BNP Paribas","og_description":"Decenas de afectados por los manejos financieros denuncian la los responsable de UCI, Santander y BNP Paribas por estafa y asociaci\u00f3n il\u00edcita para delinquir","og_url":"https:\/\/www.aquimicasa.net\/blog\/vivienda\/desahucio\/denuncia-por-estafa-contra-los-responsables-del-santander-y-bnp-paribas\/","og_site_name":"Blog de aquimicasa.net","article_publisher":"https:\/\/www.facebook.com\/aquimicasa.net","article_published_time":"2013-11-06T12:29:42+00:00","article_modified_time":"2020-04-02T16:47:42+00:00","og_image":[{"url":"http:\/\/haciadelante.es\/wp-content\/uploads\/LOGO-2opia-150x105.jpg","type":"","width":"","height":""}],"author":"Eduardo Lizarraga","twitter_misc":{"Escrito por":"Eduardo Lizarraga","Tiempo de lectura":"4 minutos"},"schema":{"@context":"https:\/\/schema.org","@graph":[{"@type":"Article","@id":"https:\/\/www.aquimicasa.net\/blog\/vivienda\/desahucio\/denuncia-por-estafa-contra-los-responsables-del-santander-y-bnp-paribas\/#article","isPartOf":{"@id":"https:\/\/www.aquimicasa.net\/blog\/vivienda\/desahucio\/denuncia-por-estafa-contra-los-responsables-del-santander-y-bnp-paribas\/"},"author":{"name":"Eduardo Lizarraga","@id":"https:\/\/www.aquimicasa.net\/blog\/#\/schema\/person\/2cdfa2605534583395c8d7ce1d6cac14"},"headline":"Denuncia por estafa contra los responsables de UCI, Santander y BNP Paribas","datePublished":"2013-11-06T12:29:42+00:00","dateModified":"2020-04-02T16:47:42+00:00","mainEntityOfPage":{"@id":"https:\/\/www.aquimicasa.net\/blog\/vivienda\/desahucio\/denuncia-por-estafa-contra-los-responsables-del-santander-y-bnp-paribas\/"},"wordCount":798,"commentCount":5,"publisher":{"@id":"https:\/\/www.aquimicasa.net\/blog\/#organization"},"image":{"@id":"https:\/\/www.aquimicasa.net\/blog\/vivienda\/desahucio\/denuncia-por-estafa-contra-los-responsables-del-santander-y-bnp-paribas\/#primaryimage"},"thumbnailUrl":"http:\/\/haciadelante.es\/wp-content\/uploads\/LOGO-2opia-150x105.jpg","keywords":["Alfredo S\u00e1ez","BNP Paribas","Emilio Bot\u00edn","Patricia Bot\u00edn","UCI"],"articleSection":["Ayuntamientos","Bancos","Compra Venta","Desahucios","Leyes","Noticias Econom\u00eda","Noticias Mercado Inmobiliario","Noticias sobre el Mercado Hipotecario","Plataforma de Afectados por la Hipoteca"],"inLanguage":"es","potentialAction":[{"@type":"CommentAction","name":"Comment","target":["https:\/\/www.aquimicasa.net\/blog\/vivienda\/desahucio\/denuncia-por-estafa-contra-los-responsables-del-santander-y-bnp-paribas\/#respond"]}]},{"@type":"WebPage","@id":"https:\/\/www.aquimicasa.net\/blog\/vivienda\/desahucio\/denuncia-por-estafa-contra-los-responsables-del-santander-y-bnp-paribas\/","url":"https:\/\/www.aquimicasa.net\/blog\/vivienda\/desahucio\/denuncia-por-estafa-contra-los-responsables-del-santander-y-bnp-paribas\/","name":"Afectados denuncian por estafa a la UCI, Santander y BNP Paribas","isPartOf":{"@id":"https:\/\/www.aquimicasa.net\/blog\/#website"},"primaryImageOfPage":{"@id":"https:\/\/www.aquimicasa.net\/blog\/vivienda\/desahucio\/denuncia-por-estafa-contra-los-responsables-del-santander-y-bnp-paribas\/#primaryimage"},"image":{"@id":"https:\/\/www.aquimicasa.net\/blog\/vivienda\/desahucio\/denuncia-por-estafa-contra-los-responsables-del-santander-y-bnp-paribas\/#primaryimage"},"thumbnailUrl":"http:\/\/haciadelante.es\/wp-content\/uploads\/LOGO-2opia-150x105.jpg","datePublished":"2013-11-06T12:29:42+00:00","dateModified":"2020-04-02T16:47:42+00:00","description":"Decenas de afectados por los manejos financieros denuncian la los responsable de UCI, Santander y BNP Paribas por estafa y asociaci\u00f3n il\u00edcita para delinquir","breadcrumb":{"@id":"https:\/\/www.aquimicasa.net\/blog\/vivienda\/desahucio\/denuncia-por-estafa-contra-los-responsables-del-santander-y-bnp-paribas\/#breadcrumb"},"inLanguage":"es","potentialAction":[{"@type":"ReadAction","target":["https:\/\/www.aquimicasa.net\/blog\/vivienda\/desahucio\/denuncia-por-estafa-contra-los-responsables-del-santander-y-bnp-paribas\/"]}]},{"@type":"ImageObject","inLanguage":"es","@id":"https:\/\/www.aquimicasa.net\/blog\/vivienda\/desahucio\/denuncia-por-estafa-contra-los-responsables-del-santander-y-bnp-paribas\/#primaryimage","url":"http:\/\/haciadelante.es\/wp-content\/uploads\/LOGO-2opia-150x105.jpg","contentUrl":"http:\/\/haciadelante.es\/wp-content\/uploads\/LOGO-2opia-150x105.jpg"},{"@type":"BreadcrumbList","@id":"https:\/\/www.aquimicasa.net\/blog\/vivienda\/desahucio\/denuncia-por-estafa-contra-los-responsables-del-santander-y-bnp-paribas\/#breadcrumb","itemListElement":[{"@type":"ListItem","position":1,"name":"Portada","item":"https:\/\/www.aquimicasa.net\/blog\/"},{"@type":"ListItem","position":2,"name":"Denuncia por estafa contra los responsables de UCI, Santander y BNP Paribas"}]},{"@type":"WebSite","@id":"https:\/\/www.aquimicasa.net\/blog\/#website","url":"https:\/\/www.aquimicasa.net\/blog\/","name":"Blog de aquimicasa.net","description":"Noticias del Mundo Inmobiliario","publisher":{"@id":"https:\/\/www.aquimicasa.net\/blog\/#organization"},"potentialAction":[{"@type":"SearchAction","target":{"@type":"EntryPoint","urlTemplate":"https:\/\/www.aquimicasa.net\/blog\/?s={search_term_string}"},"query-input":{"@type":"PropertyValueSpecification","valueRequired":true,"valueName":"search_term_string"}}],"inLanguage":"es"},{"@type":"Organization","@id":"https:\/\/www.aquimicasa.net\/blog\/#organization","name":"Blog de aquimicasa.net","url":"https:\/\/www.aquimicasa.net\/blog\/","logo":{"@type":"ImageObject","inLanguage":"es","@id":"https:\/\/www.aquimicasa.net\/blog\/#\/schema\/logo\/image\/","url":"https:\/\/www.aquimicasa.net\/blog\/wp-content\/uploads\/Logo-aquimicasa-1-e1528048213782.png","contentUrl":"https:\/\/www.aquimicasa.net\/blog\/wp-content\/uploads\/Logo-aquimicasa-1-e1528048213782.png","width":225,"height":225,"caption":"Blog de aquimicasa.net"},"image":{"@id":"https:\/\/www.aquimicasa.net\/blog\/#\/schema\/logo\/image\/"},"sameAs":["https:\/\/www.facebook.com\/aquimicasa.net","https:\/\/www.instagram.com\/","https:\/\/x.com\/EduLizarragaD","https:\/\/www.linkedin.com\/feed\/"]},{"@type":"Person","@id":"https:\/\/www.aquimicasa.net\/blog\/#\/schema\/person\/2cdfa2605534583395c8d7ce1d6cac14","name":"Eduardo Lizarraga","image":{"@type":"ImageObject","inLanguage":"es","@id":"https:\/\/secure.gravatar.com\/avatar\/bdabe1eeeed97b65a9cb7de2edd624b07995f7e13abc5fead15961f745f908cc?s=96&d=mm&r=g","url":"https:\/\/secure.gravatar.com\/avatar\/bdabe1eeeed97b65a9cb7de2edd624b07995f7e13abc5fead15961f745f908cc?s=96&d=mm&r=g","contentUrl":"https:\/\/secure.gravatar.com\/avatar\/bdabe1eeeed97b65a9cb7de2edd624b07995f7e13abc5fead15961f745f908cc?s=96&d=mm&r=g","caption":"Eduardo Lizarraga"},"description":"Periodista Econ\u00f3mico. Ha trabajado en diversos campos de la informaci\u00f3n. Corresponsal en conflictos, analista pol\u00edtico en Congreso y Senado, periodista del medio ambiente, editor, director editorial, director de comunicaci\u00f3n.... En estos momentos se ha especializado en el sector inmobiliario. Pero tambi\u00e9n es navegante y viajero, preocupado por la pobreza, el medio ambiente y por las actuaciones descontroladas del neoliberalismo empresarial y pol\u00edtico en todo el mundo. Los desahucios, la pobreza infantil y la falta de acceso a los suministros b\u00e1sicos son algunos de los grandes dramas de nuestra sociedad y que es preciso solucionar para hacerla m\u00e1s justa. CEO en www.aquimicasa.net","sameAs":["https:\/\/www.aquimicasa.net\/"],"url":"https:\/\/www.aquimicasa.net\/blog\/author\/eduardo\/"}]}},"jetpack_publicize_connections":[],"jetpack_featured_media_url":"","jetpack_sharing_enabled":true,"jetpack_likes_enabled":true,"_links":{"self":[{"href":"https:\/\/www.aquimicasa.net\/blog\/wp-json\/wp\/v2\/posts\/2438","targetHints":{"allow":["GET"]}}],"collection":[{"href":"https:\/\/www.aquimicasa.net\/blog\/wp-json\/wp\/v2\/posts"}],"about":[{"href":"https:\/\/www.aquimicasa.net\/blog\/wp-json\/wp\/v2\/types\/post"}],"author":[{"embeddable":true,"href":"https:\/\/www.aquimicasa.net\/blog\/wp-json\/wp\/v2\/users\/3"}],"replies":[{"embeddable":true,"href":"https:\/\/www.aquimicasa.net\/blog\/wp-json\/wp\/v2\/comments?post=2438"}],"version-history":[{"count":1,"href":"https:\/\/www.aquimicasa.net\/blog\/wp-json\/wp\/v2\/posts\/2438\/revisions"}],"predecessor-version":[{"id":30261,"href":"https:\/\/www.aquimicasa.net\/blog\/wp-json\/wp\/v2\/posts\/2438\/revisions\/30261"}],"wp:attachment":[{"href":"https:\/\/www.aquimicasa.net\/blog\/wp-json\/wp\/v2\/media?parent=2438"}],"wp:term":[{"taxonomy":"category","embeddable":true,"href":"https:\/\/www.aquimicasa.net\/blog\/wp-json\/wp\/v2\/categories?post=2438"},{"taxonomy":"post_tag","embeddable":true,"href":"https:\/\/www.aquimicasa.net\/blog\/wp-json\/wp\/v2\/tags?post=2438"}],"curies":[{"name":"wp","href":"https:\/\/api.w.org\/{rel}","templated":true}]}}