{"id":24958,"date":"2019-05-20T12:05:20","date_gmt":"2019-05-20T10:05:20","guid":{"rendered":"https:\/\/www.aquimicasa.net\/blog\/?p=24958"},"modified":"2020-04-02T18:22:33","modified_gmt":"2020-04-02T16:22:33","slug":"el-ayuntamiento-de-barcelona-podra-limitar-el-precio-de-los-alquileres","status":"publish","type":"post","link":"https:\/\/www.aquimicasa.net\/blog\/vivienda\/compraventa-de-viviendas\/el-ayuntamiento-de-barcelona-podra-limitar-el-precio-de-los-alquileres\/","title":{"rendered":"El Ayuntamiento de Barcelona podr\u00e1 limitar el precio de los alquileres"},"content":{"rendered":"<p id=\"m31-2-32\">El Govern tiene previsto aprobar un decreto ley que permitir\u00e1 al Ayuntamiento de Barcelona <strong>limitar el precio de los alquileres<\/strong> en aquellos barrios de la ciudad donde se han disparado por la escasa oferta. La decisi\u00f3n que ya es firma y toma como modelos la regulaci\u00f3n de alquileres en Alemana, ha llegado precedida de diversas reuniones con empresas y asociaciones del sector. Ser\u00e1 la primera vez \u00a0Catalunya regule directamente los alquileres de viviendas, en base a art\u00edculos del C\u00f3digo Civil catal\u00e1n\u00a0que as\u00ed lo permiten.<\/p>\n<p id=\"m101-3-102\">La medida se aprobar\u00e1 el martes d\u00eda 21 y precede a la <strong>Ley de arrendamientos<\/strong> que est\u00e1 preparando el Govern. En el anteproyecto de ley que ya se est\u00e1 preparando, adem\u00e1s de la limitaci\u00f3n del precio de los alquileres se alargar\u00e1 la duraci\u00f3n de los contratos y se pretende impedir las fianzas abusivas.<\/p>\n<p id=\"m113-5-114\">Como <strong>Barcelona es la ciudad m\u00e1s afectada por el alza imparable de los alquileres<\/strong>, la Generalitat ha decidido ceder la competencia de su regulaci\u00f3n al Ayuntamiento, en aquellos barrios calificados como \u00abzonas tensas\u00bb, estableciendo un \u00edndice de referencia de precios. Cuesti\u00f3n que estaba siendo solicitada desde hace tiempo por su alcaldesa, Ada Colau.<\/p>\n<p id=\"m119-6-120\">La <strong>Generalitat<\/strong> ha decidido basarse en el sistema alem\u00e1n, que cuenta con m\u00e1s de 30 a\u00f1os de experiencia y se fundamenta en los salarios de las personas y las diversas situaciones sociales.<\/p>\n<p id=\"m125-7-126\">La consellera de Justicia y dirigente de ERC, <strong>Esther Capella<\/strong> ha asegurado que\u00a0 \u00abestamos en una situaci\u00f3n de urgencia\u00bb, ha sostenido la consellera de Justicia, tras recordar que en Barcelona ciudad el precio de los alquileres ha aumentado cerca de un 38% en apenas cinco a\u00f1os, por lo que es necesario detener \u00ablos abusos, la gentrificaci\u00f3n y la conversi\u00f3n de las ciudades en parques tem\u00e1ticos\u00bb en clara alusi\u00f3n al <strong>problema de la vivienda tur\u00edstica<\/strong>.<\/p>\n<p>No es \u00fanicamente Alemania quien ha fijado <strong>limitaciones al precio de los alquileres en Europa<\/strong>, Italia lo hace desde 1998 y tambi\u00e9n Austria, Suiza y nuestra vecina Portugal.<\/p>\n<hr \/>\n<p id=\"m337-7-338\">\n","protected":false},"excerpt":{"rendered":"<p>El Govern tiene previsto aprobar un decreto ley que permitir\u00e1 al Ayuntamiento de Barcelona limitar el precio de los alquileres en aquellos barrios de la ciudad donde se han disparado por la escasa oferta<\/p>\n","protected":false},"author":3,"featured_media":18877,"comment_status":"open","ping_status":"open","sticky":false,"template":"","format":"standard","meta":{"_jetpack_memberships_contains_paid_content":false,"footnotes":"","jetpack_publicize_message":"","jetpack_publicize_feature_enabled":true,"jetpack_social_post_already_shared":true,"jetpack_social_options":{"image_generator_settings":{"template":"highway","default_image_id":0,"font":"","enabled":false},"version":2}},"categories":[100,7563,7564],"tags":[6979],"class_list":["post-24958","post","type-post","status-publish","format-standard","has-post-thumbnail","hentry","category-compraventa-de-viviendas","category-noticias-consumo","category-noticias-economia","tag-ayuntamiento-de-barcelona-alquileres"],"yoast_head":"<!-- This site is optimized with the Yoast SEO plugin v28.2 - https:\/\/yoast.com\/product\/yoast-seo-wordpress\/ -->\n<title>El Ayuntamiento de Barcelona podr\u00e1 limitar el precio de los alquileres<\/title>\n<meta name=\"description\" content=\"El Govern tiene previsto aprobar un decreto ley que permitir\u00e1 al Ayuntamiento de Barcelona limitar el precio de los alquileres\" \/>\n<meta name=\"robots\" content=\"index, follow, max-snippet:-1, max-image-preview:large, max-video-preview:-1\" \/>\n<link rel=\"canonical\" href=\"https:\/\/www.aquimicasa.net\/blog\/vivienda\/compraventa-de-viviendas\/el-ayuntamiento-de-barcelona-podra-limitar-el-precio-de-los-alquileres\/\" \/>\n<meta property=\"og:locale\" content=\"es_ES\" \/>\n<meta property=\"og:type\" content=\"article\" \/>\n<meta property=\"og:title\" content=\"El Ayuntamiento de Barcelona podr\u00e1 limitar el precio de los alquileres\" \/>\n<meta property=\"og:description\" content=\"El Govern tiene previsto aprobar un decreto ley que permitir\u00e1 al Ayuntamiento de Barcelona limitar el precio de los alquileres\" \/>\n<meta property=\"og:url\" content=\"https:\/\/www.aquimicasa.net\/blog\/vivienda\/compraventa-de-viviendas\/el-ayuntamiento-de-barcelona-podra-limitar-el-precio-de-los-alquileres\/\" \/>\n<meta property=\"og:site_name\" content=\"Blog de aquimicasa.net\" \/>\n<meta property=\"article:publisher\" content=\"https:\/\/www.facebook.com\/aquimicasa.net\" \/>\n<meta property=\"article:published_time\" content=\"2019-05-20T10:05:20+00:00\" \/>\n<meta property=\"article:modified_time\" content=\"2020-04-02T16:22:33+00:00\" \/>\n<meta property=\"og:image\" content=\"https:\/\/www.aquimicasa.net\/blog\/wp-content\/uploads\/Ayuntamiento-de-Elche2-e1518378665365.jpg\" \/>\n\t<meta property=\"og:image:width\" content=\"400\" \/>\n\t<meta property=\"og:image:height\" content=\"235\" \/>\n\t<meta property=\"og:image:type\" content=\"image\/jpeg\" \/>\n<meta name=\"author\" content=\"Eduardo Lizarraga\" \/>\n<meta name=\"twitter:label1\" content=\"Escrito por\" \/>\n\t<meta name=\"twitter:data1\" content=\"Eduardo Lizarraga\" \/>\n\t<meta name=\"twitter:label2\" content=\"Tiempo de lectura\" \/>\n\t<meta name=\"twitter:data2\" content=\"2 minutos\" \/>\n<script type=\"application\/ld+json\" class=\"yoast-schema-graph\">{\"@context\":\"https:\\\/\\\/schema.org\",\"@graph\":[{\"@type\":\"Article\",\"@id\":\"https:\\\/\\\/www.aquimicasa.net\\\/blog\\\/vivienda\\\/compraventa-de-viviendas\\\/el-ayuntamiento-de-barcelona-podra-limitar-el-precio-de-los-alquileres\\\/#article\",\"isPartOf\":{\"@id\":\"https:\\\/\\\/www.aquimicasa.net\\\/blog\\\/vivienda\\\/compraventa-de-viviendas\\\/el-ayuntamiento-de-barcelona-podra-limitar-el-precio-de-los-alquileres\\\/\"},\"author\":{\"name\":\"Eduardo Lizarraga\",\"@id\":\"https:\\\/\\\/www.aquimicasa.net\\\/blog\\\/#\\\/schema\\\/person\\\/2cdfa2605534583395c8d7ce1d6cac14\"},\"headline\":\"El Ayuntamiento de Barcelona podr\u00e1 limitar el precio de los alquileres\",\"datePublished\":\"2019-05-20T10:05:20+00:00\",\"dateModified\":\"2020-04-02T16:22:33+00:00\",\"mainEntityOfPage\":{\"@id\":\"https:\\\/\\\/www.aquimicasa.net\\\/blog\\\/vivienda\\\/compraventa-de-viviendas\\\/el-ayuntamiento-de-barcelona-podra-limitar-el-precio-de-los-alquileres\\\/\"},\"wordCount\":355,\"commentCount\":0,\"publisher\":{\"@id\":\"https:\\\/\\\/www.aquimicasa.net\\\/blog\\\/#organization\"},\"image\":{\"@id\":\"https:\\\/\\\/www.aquimicasa.net\\\/blog\\\/vivienda\\\/compraventa-de-viviendas\\\/el-ayuntamiento-de-barcelona-podra-limitar-el-precio-de-los-alquileres\\\/#primaryimage\"},\"thumbnailUrl\":\"https:\\\/\\\/www.aquimicasa.net\\\/blog\\\/wp-content\\\/uploads\\\/Ayuntamiento-de-Elche2-e1518378665365.jpg\",\"keywords\":[\"Ayuntamiento de Barcelona. alquileres\"],\"articleSection\":[\"Compra Venta\",\"Noticias Consumo\",\"Noticias Econom\u00eda\"],\"inLanguage\":\"es\",\"potentialAction\":[{\"@type\":\"CommentAction\",\"name\":\"Comment\",\"target\":[\"https:\\\/\\\/www.aquimicasa.net\\\/blog\\\/vivienda\\\/compraventa-de-viviendas\\\/el-ayuntamiento-de-barcelona-podra-limitar-el-precio-de-los-alquileres\\\/#respond\"]}]},{\"@type\":\"WebPage\",\"@id\":\"https:\\\/\\\/www.aquimicasa.net\\\/blog\\\/vivienda\\\/compraventa-de-viviendas\\\/el-ayuntamiento-de-barcelona-podra-limitar-el-precio-de-los-alquileres\\\/\",\"url\":\"https:\\\/\\\/www.aquimicasa.net\\\/blog\\\/vivienda\\\/compraventa-de-viviendas\\\/el-ayuntamiento-de-barcelona-podra-limitar-el-precio-de-los-alquileres\\\/\",\"name\":\"El Ayuntamiento de Barcelona podr\u00e1 limitar el precio de los alquileres\",\"isPartOf\":{\"@id\":\"https:\\\/\\\/www.aquimicasa.net\\\/blog\\\/#website\"},\"primaryImageOfPage\":{\"@id\":\"https:\\\/\\\/www.aquimicasa.net\\\/blog\\\/vivienda\\\/compraventa-de-viviendas\\\/el-ayuntamiento-de-barcelona-podra-limitar-el-precio-de-los-alquileres\\\/#primaryimage\"},\"image\":{\"@id\":\"https:\\\/\\\/www.aquimicasa.net\\\/blog\\\/vivienda\\\/compraventa-de-viviendas\\\/el-ayuntamiento-de-barcelona-podra-limitar-el-precio-de-los-alquileres\\\/#primaryimage\"},\"thumbnailUrl\":\"https:\\\/\\\/www.aquimicasa.net\\\/blog\\\/wp-content\\\/uploads\\\/Ayuntamiento-de-Elche2-e1518378665365.jpg\",\"datePublished\":\"2019-05-20T10:05:20+00:00\",\"dateModified\":\"2020-04-02T16:22:33+00:00\",\"description\":\"El Govern tiene previsto aprobar un decreto ley que permitir\u00e1 al Ayuntamiento de Barcelona limitar el precio de los alquileres\",\"breadcrumb\":{\"@id\":\"https:\\\/\\\/www.aquimicasa.net\\\/blog\\\/vivienda\\\/compraventa-de-viviendas\\\/el-ayuntamiento-de-barcelona-podra-limitar-el-precio-de-los-alquileres\\\/#breadcrumb\"},\"inLanguage\":\"es\",\"potentialAction\":[{\"@type\":\"ReadAction\",\"target\":[\"https:\\\/\\\/www.aquimicasa.net\\\/blog\\\/vivienda\\\/compraventa-de-viviendas\\\/el-ayuntamiento-de-barcelona-podra-limitar-el-precio-de-los-alquileres\\\/\"]}]},{\"@type\":\"ImageObject\",\"inLanguage\":\"es\",\"@id\":\"https:\\\/\\\/www.aquimicasa.net\\\/blog\\\/vivienda\\\/compraventa-de-viviendas\\\/el-ayuntamiento-de-barcelona-podra-limitar-el-precio-de-los-alquileres\\\/#primaryimage\",\"url\":\"https:\\\/\\\/www.aquimicasa.net\\\/blog\\\/wp-content\\\/uploads\\\/Ayuntamiento-de-Elche2-e1518378665365.jpg\",\"contentUrl\":\"https:\\\/\\\/www.aquimicasa.net\\\/blog\\\/wp-content\\\/uploads\\\/Ayuntamiento-de-Elche2-e1518378665365.jpg\",\"width\":400,\"height\":235},{\"@type\":\"BreadcrumbList\",\"@id\":\"https:\\\/\\\/www.aquimicasa.net\\\/blog\\\/vivienda\\\/compraventa-de-viviendas\\\/el-ayuntamiento-de-barcelona-podra-limitar-el-precio-de-los-alquileres\\\/#breadcrumb\",\"itemListElement\":[{\"@type\":\"ListItem\",\"position\":1,\"name\":\"Portada\",\"item\":\"https:\\\/\\\/www.aquimicasa.net\\\/blog\\\/\"},{\"@type\":\"ListItem\",\"position\":2,\"name\":\"El Ayuntamiento de Barcelona podr\u00e1 limitar el precio de los alquileres\"}]},{\"@type\":\"WebSite\",\"@id\":\"https:\\\/\\\/www.aquimicasa.net\\\/blog\\\/#website\",\"url\":\"https:\\\/\\\/www.aquimicasa.net\\\/blog\\\/\",\"name\":\"Blog de aquimicasa.net\",\"description\":\"Noticias del Mundo Inmobiliario\",\"publisher\":{\"@id\":\"https:\\\/\\\/www.aquimicasa.net\\\/blog\\\/#organization\"},\"potentialAction\":[{\"@type\":\"SearchAction\",\"target\":{\"@type\":\"EntryPoint\",\"urlTemplate\":\"https:\\\/\\\/www.aquimicasa.net\\\/blog\\\/?s={search_term_string}\"},\"query-input\":{\"@type\":\"PropertyValueSpecification\",\"valueRequired\":true,\"valueName\":\"search_term_string\"}}],\"inLanguage\":\"es\"},{\"@type\":\"Organization\",\"@id\":\"https:\\\/\\\/www.aquimicasa.net\\\/blog\\\/#organization\",\"name\":\"Blog de aquimicasa.net\",\"url\":\"https:\\\/\\\/www.aquimicasa.net\\\/blog\\\/\",\"logo\":{\"@type\":\"ImageObject\",\"inLanguage\":\"es\",\"@id\":\"https:\\\/\\\/www.aquimicasa.net\\\/blog\\\/#\\\/schema\\\/logo\\\/image\\\/\",\"url\":\"https:\\\/\\\/www.aquimicasa.net\\\/blog\\\/wp-content\\\/uploads\\\/Logo-aquimicasa-1-e1528048213782.png\",\"contentUrl\":\"https:\\\/\\\/www.aquimicasa.net\\\/blog\\\/wp-content\\\/uploads\\\/Logo-aquimicasa-1-e1528048213782.png\",\"width\":225,\"height\":225,\"caption\":\"Blog de aquimicasa.net\"},\"image\":{\"@id\":\"https:\\\/\\\/www.aquimicasa.net\\\/blog\\\/#\\\/schema\\\/logo\\\/image\\\/\"},\"sameAs\":[\"https:\\\/\\\/www.facebook.com\\\/aquimicasa.net\",\"https:\\\/\\\/www.instagram.com\\\/\",\"https:\\\/\\\/x.com\\\/EduLizarragaD\",\"https:\\\/\\\/www.linkedin.com\\\/feed\\\/\"]},{\"@type\":\"Person\",\"@id\":\"https:\\\/\\\/www.aquimicasa.net\\\/blog\\\/#\\\/schema\\\/person\\\/2cdfa2605534583395c8d7ce1d6cac14\",\"name\":\"Eduardo Lizarraga\",\"image\":{\"@type\":\"ImageObject\",\"inLanguage\":\"es\",\"@id\":\"https:\\\/\\\/secure.gravatar.com\\\/avatar\\\/bdabe1eeeed97b65a9cb7de2edd624b07995f7e13abc5fead15961f745f908cc?s=96&d=mm&r=g\",\"url\":\"https:\\\/\\\/secure.gravatar.com\\\/avatar\\\/bdabe1eeeed97b65a9cb7de2edd624b07995f7e13abc5fead15961f745f908cc?s=96&d=mm&r=g\",\"contentUrl\":\"https:\\\/\\\/secure.gravatar.com\\\/avatar\\\/bdabe1eeeed97b65a9cb7de2edd624b07995f7e13abc5fead15961f745f908cc?s=96&d=mm&r=g\",\"caption\":\"Eduardo Lizarraga\"},\"description\":\"Periodista Econ\u00f3mico. Ha trabajado en diversos campos de la informaci\u00f3n. Corresponsal en conflictos, analista pol\u00edtico en Congreso y Senado, periodista del medio ambiente, editor, director editorial, director de comunicaci\u00f3n.... En estos momentos se ha especializado en el sector inmobiliario. Pero tambi\u00e9n es navegante y viajero, preocupado por la pobreza, el medio ambiente y por las actuaciones descontroladas del neoliberalismo empresarial y pol\u00edtico en todo el mundo. Los desahucios, la pobreza infantil y la falta de acceso a los suministros b\u00e1sicos son algunos de los grandes dramas de nuestra sociedad y que es preciso solucionar para hacerla m\u00e1s justa. CEO en www.aquimicasa.net\",\"sameAs\":[\"https:\\\/\\\/www.aquimicasa.net\\\/\"],\"url\":\"https:\\\/\\\/www.aquimicasa.net\\\/blog\\\/author\\\/eduardo\\\/\"}]}<\/script>\n<!-- \/ Yoast SEO plugin. -->","yoast_head_json":{"title":"El Ayuntamiento de Barcelona podr\u00e1 limitar el precio de los alquileres","description":"El Govern tiene previsto aprobar un decreto ley que permitir\u00e1 al Ayuntamiento de Barcelona limitar el precio de los alquileres","robots":{"index":"index","follow":"follow","max-snippet":"max-snippet:-1","max-image-preview":"max-image-preview:large","max-video-preview":"max-video-preview:-1"},"canonical":"https:\/\/www.aquimicasa.net\/blog\/vivienda\/compraventa-de-viviendas\/el-ayuntamiento-de-barcelona-podra-limitar-el-precio-de-los-alquileres\/","og_locale":"es_ES","og_type":"article","og_title":"El Ayuntamiento de Barcelona podr\u00e1 limitar el precio de los alquileres","og_description":"El Govern tiene previsto aprobar un decreto ley que permitir\u00e1 al Ayuntamiento de Barcelona limitar el precio de los alquileres","og_url":"https:\/\/www.aquimicasa.net\/blog\/vivienda\/compraventa-de-viviendas\/el-ayuntamiento-de-barcelona-podra-limitar-el-precio-de-los-alquileres\/","og_site_name":"Blog de aquimicasa.net","article_publisher":"https:\/\/www.facebook.com\/aquimicasa.net","article_published_time":"2019-05-20T10:05:20+00:00","article_modified_time":"2020-04-02T16:22:33+00:00","og_image":[{"width":400,"height":235,"url":"https:\/\/www.aquimicasa.net\/blog\/wp-content\/uploads\/Ayuntamiento-de-Elche2-e1518378665365.jpg","type":"image\/jpeg"}],"author":"Eduardo Lizarraga","twitter_misc":{"Escrito por":"Eduardo Lizarraga","Tiempo de lectura":"2 minutos"},"schema":{"@context":"https:\/\/schema.org","@graph":[{"@type":"Article","@id":"https:\/\/www.aquimicasa.net\/blog\/vivienda\/compraventa-de-viviendas\/el-ayuntamiento-de-barcelona-podra-limitar-el-precio-de-los-alquileres\/#article","isPartOf":{"@id":"https:\/\/www.aquimicasa.net\/blog\/vivienda\/compraventa-de-viviendas\/el-ayuntamiento-de-barcelona-podra-limitar-el-precio-de-los-alquileres\/"},"author":{"name":"Eduardo Lizarraga","@id":"https:\/\/www.aquimicasa.net\/blog\/#\/schema\/person\/2cdfa2605534583395c8d7ce1d6cac14"},"headline":"El Ayuntamiento de Barcelona podr\u00e1 limitar el precio de los alquileres","datePublished":"2019-05-20T10:05:20+00:00","dateModified":"2020-04-02T16:22:33+00:00","mainEntityOfPage":{"@id":"https:\/\/www.aquimicasa.net\/blog\/vivienda\/compraventa-de-viviendas\/el-ayuntamiento-de-barcelona-podra-limitar-el-precio-de-los-alquileres\/"},"wordCount":355,"commentCount":0,"publisher":{"@id":"https:\/\/www.aquimicasa.net\/blog\/#organization"},"image":{"@id":"https:\/\/www.aquimicasa.net\/blog\/vivienda\/compraventa-de-viviendas\/el-ayuntamiento-de-barcelona-podra-limitar-el-precio-de-los-alquileres\/#primaryimage"},"thumbnailUrl":"https:\/\/www.aquimicasa.net\/blog\/wp-content\/uploads\/Ayuntamiento-de-Elche2-e1518378665365.jpg","keywords":["Ayuntamiento de Barcelona. alquileres"],"articleSection":["Compra Venta","Noticias Consumo","Noticias Econom\u00eda"],"inLanguage":"es","potentialAction":[{"@type":"CommentAction","name":"Comment","target":["https:\/\/www.aquimicasa.net\/blog\/vivienda\/compraventa-de-viviendas\/el-ayuntamiento-de-barcelona-podra-limitar-el-precio-de-los-alquileres\/#respond"]}]},{"@type":"WebPage","@id":"https:\/\/www.aquimicasa.net\/blog\/vivienda\/compraventa-de-viviendas\/el-ayuntamiento-de-barcelona-podra-limitar-el-precio-de-los-alquileres\/","url":"https:\/\/www.aquimicasa.net\/blog\/vivienda\/compraventa-de-viviendas\/el-ayuntamiento-de-barcelona-podra-limitar-el-precio-de-los-alquileres\/","name":"El Ayuntamiento de Barcelona podr\u00e1 limitar el precio de los alquileres","isPartOf":{"@id":"https:\/\/www.aquimicasa.net\/blog\/#website"},"primaryImageOfPage":{"@id":"https:\/\/www.aquimicasa.net\/blog\/vivienda\/compraventa-de-viviendas\/el-ayuntamiento-de-barcelona-podra-limitar-el-precio-de-los-alquileres\/#primaryimage"},"image":{"@id":"https:\/\/www.aquimicasa.net\/blog\/vivienda\/compraventa-de-viviendas\/el-ayuntamiento-de-barcelona-podra-limitar-el-precio-de-los-alquileres\/#primaryimage"},"thumbnailUrl":"https:\/\/www.aquimicasa.net\/blog\/wp-content\/uploads\/Ayuntamiento-de-Elche2-e1518378665365.jpg","datePublished":"2019-05-20T10:05:20+00:00","dateModified":"2020-04-02T16:22:33+00:00","description":"El Govern tiene previsto aprobar un decreto ley que permitir\u00e1 al Ayuntamiento de Barcelona limitar el precio de los alquileres","breadcrumb":{"@id":"https:\/\/www.aquimicasa.net\/blog\/vivienda\/compraventa-de-viviendas\/el-ayuntamiento-de-barcelona-podra-limitar-el-precio-de-los-alquileres\/#breadcrumb"},"inLanguage":"es","potentialAction":[{"@type":"ReadAction","target":["https:\/\/www.aquimicasa.net\/blog\/vivienda\/compraventa-de-viviendas\/el-ayuntamiento-de-barcelona-podra-limitar-el-precio-de-los-alquileres\/"]}]},{"@type":"ImageObject","inLanguage":"es","@id":"https:\/\/www.aquimicasa.net\/blog\/vivienda\/compraventa-de-viviendas\/el-ayuntamiento-de-barcelona-podra-limitar-el-precio-de-los-alquileres\/#primaryimage","url":"https:\/\/www.aquimicasa.net\/blog\/wp-content\/uploads\/Ayuntamiento-de-Elche2-e1518378665365.jpg","contentUrl":"https:\/\/www.aquimicasa.net\/blog\/wp-content\/uploads\/Ayuntamiento-de-Elche2-e1518378665365.jpg","width":400,"height":235},{"@type":"BreadcrumbList","@id":"https:\/\/www.aquimicasa.net\/blog\/vivienda\/compraventa-de-viviendas\/el-ayuntamiento-de-barcelona-podra-limitar-el-precio-de-los-alquileres\/#breadcrumb","itemListElement":[{"@type":"ListItem","position":1,"name":"Portada","item":"https:\/\/www.aquimicasa.net\/blog\/"},{"@type":"ListItem","position":2,"name":"El Ayuntamiento de Barcelona podr\u00e1 limitar el precio de los alquileres"}]},{"@type":"WebSite","@id":"https:\/\/www.aquimicasa.net\/blog\/#website","url":"https:\/\/www.aquimicasa.net\/blog\/","name":"Blog de aquimicasa.net","description":"Noticias del Mundo Inmobiliario","publisher":{"@id":"https:\/\/www.aquimicasa.net\/blog\/#organization"},"potentialAction":[{"@type":"SearchAction","target":{"@type":"EntryPoint","urlTemplate":"https:\/\/www.aquimicasa.net\/blog\/?s={search_term_string}"},"query-input":{"@type":"PropertyValueSpecification","valueRequired":true,"valueName":"search_term_string"}}],"inLanguage":"es"},{"@type":"Organization","@id":"https:\/\/www.aquimicasa.net\/blog\/#organization","name":"Blog de aquimicasa.net","url":"https:\/\/www.aquimicasa.net\/blog\/","logo":{"@type":"ImageObject","inLanguage":"es","@id":"https:\/\/www.aquimicasa.net\/blog\/#\/schema\/logo\/image\/","url":"https:\/\/www.aquimicasa.net\/blog\/wp-content\/uploads\/Logo-aquimicasa-1-e1528048213782.png","contentUrl":"https:\/\/www.aquimicasa.net\/blog\/wp-content\/uploads\/Logo-aquimicasa-1-e1528048213782.png","width":225,"height":225,"caption":"Blog de aquimicasa.net"},"image":{"@id":"https:\/\/www.aquimicasa.net\/blog\/#\/schema\/logo\/image\/"},"sameAs":["https:\/\/www.facebook.com\/aquimicasa.net","https:\/\/www.instagram.com\/","https:\/\/x.com\/EduLizarragaD","https:\/\/www.linkedin.com\/feed\/"]},{"@type":"Person","@id":"https:\/\/www.aquimicasa.net\/blog\/#\/schema\/person\/2cdfa2605534583395c8d7ce1d6cac14","name":"Eduardo Lizarraga","image":{"@type":"ImageObject","inLanguage":"es","@id":"https:\/\/secure.gravatar.com\/avatar\/bdabe1eeeed97b65a9cb7de2edd624b07995f7e13abc5fead15961f745f908cc?s=96&d=mm&r=g","url":"https:\/\/secure.gravatar.com\/avatar\/bdabe1eeeed97b65a9cb7de2edd624b07995f7e13abc5fead15961f745f908cc?s=96&d=mm&r=g","contentUrl":"https:\/\/secure.gravatar.com\/avatar\/bdabe1eeeed97b65a9cb7de2edd624b07995f7e13abc5fead15961f745f908cc?s=96&d=mm&r=g","caption":"Eduardo Lizarraga"},"description":"Periodista Econ\u00f3mico. Ha trabajado en diversos campos de la informaci\u00f3n. Corresponsal en conflictos, analista pol\u00edtico en Congreso y Senado, periodista del medio ambiente, editor, director editorial, director de comunicaci\u00f3n.... En estos momentos se ha especializado en el sector inmobiliario. Pero tambi\u00e9n es navegante y viajero, preocupado por la pobreza, el medio ambiente y por las actuaciones descontroladas del neoliberalismo empresarial y pol\u00edtico en todo el mundo. Los desahucios, la pobreza infantil y la falta de acceso a los suministros b\u00e1sicos son algunos de los grandes dramas de nuestra sociedad y que es preciso solucionar para hacerla m\u00e1s justa. CEO en www.aquimicasa.net","sameAs":["https:\/\/www.aquimicasa.net\/"],"url":"https:\/\/www.aquimicasa.net\/blog\/author\/eduardo\/"}]}},"jetpack_publicize_connections":[],"jetpack_featured_media_url":"https:\/\/www.aquimicasa.net\/blog\/wp-content\/uploads\/Ayuntamiento-de-Elche2-e1518378665365.jpg","jetpack_sharing_enabled":true,"jetpack_likes_enabled":true,"_links":{"self":[{"href":"https:\/\/www.aquimicasa.net\/blog\/wp-json\/wp\/v2\/posts\/24958","targetHints":{"allow":["GET"]}}],"collection":[{"href":"https:\/\/www.aquimicasa.net\/blog\/wp-json\/wp\/v2\/posts"}],"about":[{"href":"https:\/\/www.aquimicasa.net\/blog\/wp-json\/wp\/v2\/types\/post"}],"author":[{"embeddable":true,"href":"https:\/\/www.aquimicasa.net\/blog\/wp-json\/wp\/v2\/users\/3"}],"replies":[{"embeddable":true,"href":"https:\/\/www.aquimicasa.net\/blog\/wp-json\/wp\/v2\/comments?post=24958"}],"version-history":[{"count":1,"href":"https:\/\/www.aquimicasa.net\/blog\/wp-json\/wp\/v2\/posts\/24958\/revisions"}],"predecessor-version":[{"id":30891,"href":"https:\/\/www.aquimicasa.net\/blog\/wp-json\/wp\/v2\/posts\/24958\/revisions\/30891"}],"wp:featuredmedia":[{"embeddable":true,"href":"https:\/\/www.aquimicasa.net\/blog\/wp-json\/wp\/v2\/media\/18877"}],"wp:attachment":[{"href":"https:\/\/www.aquimicasa.net\/blog\/wp-json\/wp\/v2\/media?parent=24958"}],"wp:term":[{"taxonomy":"category","embeddable":true,"href":"https:\/\/www.aquimicasa.net\/blog\/wp-json\/wp\/v2\/categories?post=24958"},{"taxonomy":"post_tag","embeddable":true,"href":"https:\/\/www.aquimicasa.net\/blog\/wp-json\/wp\/v2\/tags?post=24958"}],"curies":[{"name":"wp","href":"https:\/\/api.w.org\/{rel}","templated":true}]}}