{"id":25325,"date":"2019-06-18T00:20:58","date_gmt":"2019-06-17T22:20:58","guid":{"rendered":"https:\/\/www.aquimicasa.net\/blog\/?p=25325"},"modified":"2020-04-02T18:28:55","modified_gmt":"2020-04-02T16:28:55","slug":"sevilla-se-mueve-con-grandes-proyectos-inmobiliarios","status":"publish","type":"post","link":"https:\/\/www.aquimicasa.net\/blog\/vivienda\/compraventa-de-viviendas\/sevilla-se-mueve-con-grandes-proyectos-inmobiliarios\/","title":{"rendered":"Sevilla se mueve con grandes proyectos inmobiliarios"},"content":{"rendered":"<p>La\u00a0capital\u00a0andaluza se mueve al comp\u00e1s de los proyectos residenciales, hoteleros y comerciales que est\u00e1n ejecutando diferentes promotores privados y espera consolidar exponencialmente sus distritos comercial e industrial con la inauguraci\u00f3n de dos proyectos de gran magnitud:\u00a0<strong>e<\/strong>l <strong>centro comercial Lagoh, en la zona de Palmas Altas en Sevilla<\/strong> Capital, y <strong>Megapark La Isla, en el municipio de Mairena de Aljarafe<\/strong>. La sociedad de tasaci\u00f3n, Tinsa analiza los distintos proyectos inmobiliarios que se est\u00e1n desarrollando en Sevilla.<\/p>\n<p>Lagoh espera llegar a ser el mayor centro comercial de Andaluc\u00eda tanto en dise\u00f1o como en servicios y eficiencia energ\u00e9tica<strong>.<\/strong>\u00a0Sus instalaciones, cuya puesta en marcha requerir\u00e1 de una<strong> inversi\u00f3n de 260 millones de euros<\/strong>, ocupar\u00e1n una extensi\u00f3n de 123.500 m2 (casi 17 campos de f\u00fatbol como el del S\u00e1nchez Pizju\u00e1n) y estar\u00e1n dotadas de la \u00faltima tecnolog\u00eda y de sostenibilidad a trav\u00e9s de energ\u00edas renovables, como placas solares y sistemas geotermales. Su ejecuci\u00f3n, ya avanzada en un 65%, <strong>podr\u00eda finalizar en septiembre de este a\u00f1o<\/strong>.<\/p>\n<p>Por su parte, la ampliaci\u00f3n del pol\u00edgono industrial La Isla hasta convertirlo en lo que se ha denominado \u2018Megapark\u2019 supone la transformaci\u00f3n completa de suelo de uso industrial y terciario para la puesta en marcha de iniciativas como<strong> el mayor centro log\u00edstico de Amazon en Espa\u00f1a<\/strong>, que ya cuenta con la licencia de construcci\u00f3n.<\/p>\n<p>En \u00faltimo lugar, Sevilla capital impulsar\u00e1 notablemente su capacidad log\u00edstica, de la mano de Mercadona<strong>.<\/strong>\u00a0El gigante de distribuci\u00f3n alimentaria ha anunciado que levantar\u00e1 <strong>un almac\u00e9n exclusivo para la venta online<\/strong> en la capital y poblaciones lim\u00edtrofes, en una parcela de 30.220 m2 situada en la zona de Higuer\u00f3n Sur.<\/p>\n<h2><strong>Plurifamiliares y viviendas libres para Hacienda del Rosario<\/strong><\/h2>\n<p>En materia de vivienda, Sevilla proyecta desarrollos en las zonas de Hacienda del Rosario, Sevilla Este y Pineda del Parque y, en menor medida, en el casco hist\u00f3rico de la ciudad<strong>.<\/strong>\u00a0En Hacienda del Rosario, <strong>Aedas Homes<\/strong> adquiri\u00f3 terrenos totalmente desarrollados para poner en marcha 1.000 viviendas nuevas en tres fases, de los que ya ha culminado una primera y ha comenzado a comercializar viviendas sobre plano de la segunda y tercera fase.<\/p>\n<p>En Sevilla Este (pol\u00edgono Aeropuerto),<strong> V\u00eda C\u00e9lere<\/strong> est\u00e1 promoviendo viviendas plurifamiliares en parcelas finalistas vacantes adquiridas a entidades financieras y en Pineda del Parque, <strong>Insur<\/strong> promueve varios bloques con 100 pisos de\u00a0obra nueva.\u00a0En el caso hist\u00f3rico, hay varios desarrollos programados. Entre los m\u00e1s avanzados, destacan 52 viviendas en el barrio de Triana, junto a peque\u00f1as obras de rehabilitaci\u00f3n en antiguas sedes de entidades financieras para convertirlas en hoteles de 4* y 5*.<\/p>\n<p>Fuera la capital, los municipios de Dos Hermanas y Aljarafe son los m\u00e1s activos en proyectos residenciales<strong>.<\/strong>\u00a0En Dos Hermanas, la zona de Entren\u00facleos, prev\u00e9 una actuaci\u00f3n en tres fases (UA1, UA2 ya previstas y aprobadas), para incrementar la dotaci\u00f3n de la zona con<strong> 20.000 pisos de obra nueva.<\/strong> En esta primera fase, ya est\u00e1 en marcha la construcci\u00f3n del nuevo campus de la Universidad Privada Loyola, que se mover\u00e1 desde el edificio de Abengoa, en Palmas Altas, hasta Entren\u00facleos, y que podr\u00eda inaugurarse en 2020.<\/p>\n<p>Esto es solo el principio, ya que, a medio plazo, el \u00e1rea aglutinar\u00e1 nuevos parques residenciales de la mano de empresas como <strong>Inmobiliaria del Sur<\/strong> (en alianza con Anida), <strong>H\u00e1bitat, V\u00eda C\u00e9lere y Metrovacesa<\/strong>, que ya han anunciado que promover\u00e1n en la zona tanto plurifamiliares como unifamiliares y que ampliar\u00e1n su oferta a Mairena de Aljarafe.<\/p>\n","protected":false},"excerpt":{"rendered":"<p>La\u00a0capital\u00a0andaluza se mueve al comp\u00e1s de los proyectos residenciales, hoteleros y comerciales que est\u00e1n ejecutando diferentes promotores privados y espera consolidar exponencialmente sus distritos comercial e industrial con la inauguraci\u00f3n de dos proyectos de gran magnitud:\u00a0el centro comercial Lagoh, en la zona de Palmas Altas en Sevilla Capital, y Megapark La Isla, en el municipio de Mairena de Aljarafe.<\/p>\n","protected":false},"author":3,"featured_media":25422,"comment_status":"open","ping_status":"open","sticky":false,"template":"","format":"standard","meta":{"_jetpack_memberships_contains_paid_content":false,"footnotes":"","jetpack_publicize_message":"","jetpack_publicize_feature_enabled":true,"jetpack_social_post_already_shared":true,"jetpack_social_options":{"image_generator_settings":{"template":"highway","default_image_id":0,"font":"","enabled":false},"version":2}},"categories":[100,7564,7565],"tags":[1010,7036,7037,7038,431,1535,7039],"class_list":["post-25325","post","type-post","status-publish","format-standard","has-post-thumbnail","hentry","category-compraventa-de-viviendas","category-noticias-economia","category-noticias-mercado-inmobiliario","tag-anida","tag-habitat","tag-inmobiliaria-del-sur","tag-metrovacesa","tag-sevilla","tag-tinsa","tag-via-celere"],"yoast_head":"<!-- This site is optimized with the Yoast SEO plugin v28.2 - https:\/\/yoast.com\/product\/yoast-seo-wordpress\/ -->\n<title>Sevilla se mueve con grandes proyectos inmobiliarios<\/title>\n<meta name=\"description\" content=\"La\u00a0capital\u00a0andaluza se mueve al comp\u00e1s de los proyectos residenciales, hoteleros y comerciales que est\u00e1n ejecutando diferentes promotores privados\" \/>\n<meta name=\"robots\" content=\"index, follow, max-snippet:-1, max-image-preview:large, max-video-preview:-1\" \/>\n<link rel=\"canonical\" href=\"https:\/\/www.aquimicasa.net\/blog\/vivienda\/compraventa-de-viviendas\/sevilla-se-mueve-con-grandes-proyectos-inmobiliarios\/\" \/>\n<meta property=\"og:locale\" content=\"es_ES\" \/>\n<meta property=\"og:type\" content=\"article\" \/>\n<meta property=\"og:title\" content=\"Sevilla se mueve con grandes proyectos inmobiliarios\" \/>\n<meta property=\"og:description\" content=\"La\u00a0capital\u00a0andaluza se mueve al comp\u00e1s de los proyectos residenciales, hoteleros y comerciales que est\u00e1n ejecutando diferentes promotores privados\" \/>\n<meta property=\"og:url\" content=\"https:\/\/www.aquimicasa.net\/blog\/vivienda\/compraventa-de-viviendas\/sevilla-se-mueve-con-grandes-proyectos-inmobiliarios\/\" \/>\n<meta property=\"og:site_name\" content=\"Blog de aquimicasa.net\" \/>\n<meta property=\"article:publisher\" content=\"https:\/\/www.facebook.com\/aquimicasa.net\" \/>\n<meta property=\"article:published_time\" content=\"2019-06-17T22:20:58+00:00\" \/>\n<meta property=\"article:modified_time\" content=\"2020-04-02T16:28:55+00:00\" \/>\n<meta property=\"og:image\" content=\"https:\/\/www.aquimicasa.net\/blog\/wp-content\/uploads\/Sevilla4.jpg\" \/>\n\t<meta property=\"og:image:width\" content=\"800\" \/>\n\t<meta property=\"og:image:height\" content=\"534\" \/>\n\t<meta property=\"og:image:type\" content=\"image\/jpeg\" \/>\n<meta name=\"author\" content=\"Eduardo Lizarraga\" \/>\n<meta name=\"twitter:label1\" content=\"Escrito por\" \/>\n\t<meta name=\"twitter:data1\" content=\"Eduardo Lizarraga\" \/>\n\t<meta name=\"twitter:label2\" content=\"Tiempo de lectura\" \/>\n\t<meta name=\"twitter:data2\" content=\"3 minutos\" \/>\n<script type=\"application\/ld+json\" class=\"yoast-schema-graph\">{\"@context\":\"https:\\\/\\\/schema.org\",\"@graph\":[{\"@type\":\"Article\",\"@id\":\"https:\\\/\\\/www.aquimicasa.net\\\/blog\\\/vivienda\\\/compraventa-de-viviendas\\\/sevilla-se-mueve-con-grandes-proyectos-inmobiliarios\\\/#article\",\"isPartOf\":{\"@id\":\"https:\\\/\\\/www.aquimicasa.net\\\/blog\\\/vivienda\\\/compraventa-de-viviendas\\\/sevilla-se-mueve-con-grandes-proyectos-inmobiliarios\\\/\"},\"author\":{\"name\":\"Eduardo Lizarraga\",\"@id\":\"https:\\\/\\\/www.aquimicasa.net\\\/blog\\\/#\\\/schema\\\/person\\\/2cdfa2605534583395c8d7ce1d6cac14\"},\"headline\":\"Sevilla se mueve con grandes proyectos inmobiliarios\",\"datePublished\":\"2019-06-17T22:20:58+00:00\",\"dateModified\":\"2020-04-02T16:28:55+00:00\",\"mainEntityOfPage\":{\"@id\":\"https:\\\/\\\/www.aquimicasa.net\\\/blog\\\/vivienda\\\/compraventa-de-viviendas\\\/sevilla-se-mueve-con-grandes-proyectos-inmobiliarios\\\/\"},\"wordCount\":612,\"commentCount\":0,\"publisher\":{\"@id\":\"https:\\\/\\\/www.aquimicasa.net\\\/blog\\\/#organization\"},\"image\":{\"@id\":\"https:\\\/\\\/www.aquimicasa.net\\\/blog\\\/vivienda\\\/compraventa-de-viviendas\\\/sevilla-se-mueve-con-grandes-proyectos-inmobiliarios\\\/#primaryimage\"},\"thumbnailUrl\":\"https:\\\/\\\/www.aquimicasa.net\\\/blog\\\/wp-content\\\/uploads\\\/Sevilla4-e1756311425539.jpg\",\"keywords\":[\"Anida\",\"H\u00e1bitat\",\"Inmobiliaria del Sur\",\"Metrovacesa\",\"Sevilla\",\"Tinsa\",\"V\u00eda C\u00e9lere\"],\"articleSection\":[\"Compra Venta\",\"Noticias Econom\u00eda\",\"Noticias Mercado Inmobiliario\"],\"inLanguage\":\"es\",\"potentialAction\":[{\"@type\":\"CommentAction\",\"name\":\"Comment\",\"target\":[\"https:\\\/\\\/www.aquimicasa.net\\\/blog\\\/vivienda\\\/compraventa-de-viviendas\\\/sevilla-se-mueve-con-grandes-proyectos-inmobiliarios\\\/#respond\"]}]},{\"@type\":\"WebPage\",\"@id\":\"https:\\\/\\\/www.aquimicasa.net\\\/blog\\\/vivienda\\\/compraventa-de-viviendas\\\/sevilla-se-mueve-con-grandes-proyectos-inmobiliarios\\\/\",\"url\":\"https:\\\/\\\/www.aquimicasa.net\\\/blog\\\/vivienda\\\/compraventa-de-viviendas\\\/sevilla-se-mueve-con-grandes-proyectos-inmobiliarios\\\/\",\"name\":\"Sevilla se mueve con grandes proyectos inmobiliarios\",\"isPartOf\":{\"@id\":\"https:\\\/\\\/www.aquimicasa.net\\\/blog\\\/#website\"},\"primaryImageOfPage\":{\"@id\":\"https:\\\/\\\/www.aquimicasa.net\\\/blog\\\/vivienda\\\/compraventa-de-viviendas\\\/sevilla-se-mueve-con-grandes-proyectos-inmobiliarios\\\/#primaryimage\"},\"image\":{\"@id\":\"https:\\\/\\\/www.aquimicasa.net\\\/blog\\\/vivienda\\\/compraventa-de-viviendas\\\/sevilla-se-mueve-con-grandes-proyectos-inmobiliarios\\\/#primaryimage\"},\"thumbnailUrl\":\"https:\\\/\\\/www.aquimicasa.net\\\/blog\\\/wp-content\\\/uploads\\\/Sevilla4-e1756311425539.jpg\",\"datePublished\":\"2019-06-17T22:20:58+00:00\",\"dateModified\":\"2020-04-02T16:28:55+00:00\",\"description\":\"La\u00a0capital\u00a0andaluza se mueve al comp\u00e1s de los proyectos residenciales, hoteleros y comerciales que est\u00e1n ejecutando diferentes promotores privados\",\"breadcrumb\":{\"@id\":\"https:\\\/\\\/www.aquimicasa.net\\\/blog\\\/vivienda\\\/compraventa-de-viviendas\\\/sevilla-se-mueve-con-grandes-proyectos-inmobiliarios\\\/#breadcrumb\"},\"inLanguage\":\"es\",\"potentialAction\":[{\"@type\":\"ReadAction\",\"target\":[\"https:\\\/\\\/www.aquimicasa.net\\\/blog\\\/vivienda\\\/compraventa-de-viviendas\\\/sevilla-se-mueve-con-grandes-proyectos-inmobiliarios\\\/\"]}]},{\"@type\":\"ImageObject\",\"inLanguage\":\"es\",\"@id\":\"https:\\\/\\\/www.aquimicasa.net\\\/blog\\\/vivienda\\\/compraventa-de-viviendas\\\/sevilla-se-mueve-con-grandes-proyectos-inmobiliarios\\\/#primaryimage\",\"url\":\"https:\\\/\\\/www.aquimicasa.net\\\/blog\\\/wp-content\\\/uploads\\\/Sevilla4-e1756311425539.jpg\",\"contentUrl\":\"https:\\\/\\\/www.aquimicasa.net\\\/blog\\\/wp-content\\\/uploads\\\/Sevilla4-e1756311425539.jpg\",\"width\":500,\"height\":334,\"caption\":\"Aprobado el Registro obligatorio de agentes inmobiliarios en Andaluc\u00eda\"},{\"@type\":\"BreadcrumbList\",\"@id\":\"https:\\\/\\\/www.aquimicasa.net\\\/blog\\\/vivienda\\\/compraventa-de-viviendas\\\/sevilla-se-mueve-con-grandes-proyectos-inmobiliarios\\\/#breadcrumb\",\"itemListElement\":[{\"@type\":\"ListItem\",\"position\":1,\"name\":\"Portada\",\"item\":\"https:\\\/\\\/www.aquimicasa.net\\\/blog\\\/\"},{\"@type\":\"ListItem\",\"position\":2,\"name\":\"Sevilla se mueve con grandes proyectos inmobiliarios\"}]},{\"@type\":\"WebSite\",\"@id\":\"https:\\\/\\\/www.aquimicasa.net\\\/blog\\\/#website\",\"url\":\"https:\\\/\\\/www.aquimicasa.net\\\/blog\\\/\",\"name\":\"Blog de aquimicasa.net\",\"description\":\"Noticias del Mundo Inmobiliario\",\"publisher\":{\"@id\":\"https:\\\/\\\/www.aquimicasa.net\\\/blog\\\/#organization\"},\"potentialAction\":[{\"@type\":\"SearchAction\",\"target\":{\"@type\":\"EntryPoint\",\"urlTemplate\":\"https:\\\/\\\/www.aquimicasa.net\\\/blog\\\/?s={search_term_string}\"},\"query-input\":{\"@type\":\"PropertyValueSpecification\",\"valueRequired\":true,\"valueName\":\"search_term_string\"}}],\"inLanguage\":\"es\"},{\"@type\":\"Organization\",\"@id\":\"https:\\\/\\\/www.aquimicasa.net\\\/blog\\\/#organization\",\"name\":\"Blog de aquimicasa.net\",\"url\":\"https:\\\/\\\/www.aquimicasa.net\\\/blog\\\/\",\"logo\":{\"@type\":\"ImageObject\",\"inLanguage\":\"es\",\"@id\":\"https:\\\/\\\/www.aquimicasa.net\\\/blog\\\/#\\\/schema\\\/logo\\\/image\\\/\",\"url\":\"https:\\\/\\\/www.aquimicasa.net\\\/blog\\\/wp-content\\\/uploads\\\/Logo-aquimicasa-1-e1528048213782.png\",\"contentUrl\":\"https:\\\/\\\/www.aquimicasa.net\\\/blog\\\/wp-content\\\/uploads\\\/Logo-aquimicasa-1-e1528048213782.png\",\"width\":225,\"height\":225,\"caption\":\"Blog de aquimicasa.net\"},\"image\":{\"@id\":\"https:\\\/\\\/www.aquimicasa.net\\\/blog\\\/#\\\/schema\\\/logo\\\/image\\\/\"},\"sameAs\":[\"https:\\\/\\\/www.facebook.com\\\/aquimicasa.net\",\"https:\\\/\\\/www.instagram.com\\\/\",\"https:\\\/\\\/x.com\\\/EduLizarragaD\",\"https:\\\/\\\/www.linkedin.com\\\/feed\\\/\"]},{\"@type\":\"Person\",\"@id\":\"https:\\\/\\\/www.aquimicasa.net\\\/blog\\\/#\\\/schema\\\/person\\\/2cdfa2605534583395c8d7ce1d6cac14\",\"name\":\"Eduardo Lizarraga\",\"image\":{\"@type\":\"ImageObject\",\"inLanguage\":\"es\",\"@id\":\"https:\\\/\\\/secure.gravatar.com\\\/avatar\\\/bdabe1eeeed97b65a9cb7de2edd624b07995f7e13abc5fead15961f745f908cc?s=96&d=mm&r=g\",\"url\":\"https:\\\/\\\/secure.gravatar.com\\\/avatar\\\/bdabe1eeeed97b65a9cb7de2edd624b07995f7e13abc5fead15961f745f908cc?s=96&d=mm&r=g\",\"contentUrl\":\"https:\\\/\\\/secure.gravatar.com\\\/avatar\\\/bdabe1eeeed97b65a9cb7de2edd624b07995f7e13abc5fead15961f745f908cc?s=96&d=mm&r=g\",\"caption\":\"Eduardo Lizarraga\"},\"description\":\"Periodista Econ\u00f3mico. Ha trabajado en diversos campos de la informaci\u00f3n. Corresponsal en conflictos, analista pol\u00edtico en Congreso y Senado, periodista del medio ambiente, editor, director editorial, director de comunicaci\u00f3n.... En estos momentos se ha especializado en el sector inmobiliario. Pero tambi\u00e9n es navegante y viajero, preocupado por la pobreza, el medio ambiente y por las actuaciones descontroladas del neoliberalismo empresarial y pol\u00edtico en todo el mundo. Los desahucios, la pobreza infantil y la falta de acceso a los suministros b\u00e1sicos son algunos de los grandes dramas de nuestra sociedad y que es preciso solucionar para hacerla m\u00e1s justa. CEO en www.aquimicasa.net\",\"sameAs\":[\"https:\\\/\\\/www.aquimicasa.net\\\/\"],\"url\":\"https:\\\/\\\/www.aquimicasa.net\\\/blog\\\/author\\\/eduardo\\\/\"}]}<\/script>\n<!-- \/ Yoast SEO plugin. -->","yoast_head_json":{"title":"Sevilla se mueve con grandes proyectos inmobiliarios","description":"La\u00a0capital\u00a0andaluza se mueve al comp\u00e1s de los proyectos residenciales, hoteleros y comerciales que est\u00e1n ejecutando diferentes promotores privados","robots":{"index":"index","follow":"follow","max-snippet":"max-snippet:-1","max-image-preview":"max-image-preview:large","max-video-preview":"max-video-preview:-1"},"canonical":"https:\/\/www.aquimicasa.net\/blog\/vivienda\/compraventa-de-viviendas\/sevilla-se-mueve-con-grandes-proyectos-inmobiliarios\/","og_locale":"es_ES","og_type":"article","og_title":"Sevilla se mueve con grandes proyectos inmobiliarios","og_description":"La\u00a0capital\u00a0andaluza se mueve al comp\u00e1s de los proyectos residenciales, hoteleros y comerciales que est\u00e1n ejecutando diferentes promotores privados","og_url":"https:\/\/www.aquimicasa.net\/blog\/vivienda\/compraventa-de-viviendas\/sevilla-se-mueve-con-grandes-proyectos-inmobiliarios\/","og_site_name":"Blog de aquimicasa.net","article_publisher":"https:\/\/www.facebook.com\/aquimicasa.net","article_published_time":"2019-06-17T22:20:58+00:00","article_modified_time":"2020-04-02T16:28:55+00:00","og_image":[{"width":800,"height":534,"url":"https:\/\/www.aquimicasa.net\/blog\/wp-content\/uploads\/Sevilla4.jpg","type":"image\/jpeg"}],"author":"Eduardo Lizarraga","twitter_misc":{"Escrito por":"Eduardo Lizarraga","Tiempo de lectura":"3 minutos"},"schema":{"@context":"https:\/\/schema.org","@graph":[{"@type":"Article","@id":"https:\/\/www.aquimicasa.net\/blog\/vivienda\/compraventa-de-viviendas\/sevilla-se-mueve-con-grandes-proyectos-inmobiliarios\/#article","isPartOf":{"@id":"https:\/\/www.aquimicasa.net\/blog\/vivienda\/compraventa-de-viviendas\/sevilla-se-mueve-con-grandes-proyectos-inmobiliarios\/"},"author":{"name":"Eduardo Lizarraga","@id":"https:\/\/www.aquimicasa.net\/blog\/#\/schema\/person\/2cdfa2605534583395c8d7ce1d6cac14"},"headline":"Sevilla se mueve con grandes proyectos inmobiliarios","datePublished":"2019-06-17T22:20:58+00:00","dateModified":"2020-04-02T16:28:55+00:00","mainEntityOfPage":{"@id":"https:\/\/www.aquimicasa.net\/blog\/vivienda\/compraventa-de-viviendas\/sevilla-se-mueve-con-grandes-proyectos-inmobiliarios\/"},"wordCount":612,"commentCount":0,"publisher":{"@id":"https:\/\/www.aquimicasa.net\/blog\/#organization"},"image":{"@id":"https:\/\/www.aquimicasa.net\/blog\/vivienda\/compraventa-de-viviendas\/sevilla-se-mueve-con-grandes-proyectos-inmobiliarios\/#primaryimage"},"thumbnailUrl":"https:\/\/www.aquimicasa.net\/blog\/wp-content\/uploads\/Sevilla4-e1756311425539.jpg","keywords":["Anida","H\u00e1bitat","Inmobiliaria del Sur","Metrovacesa","Sevilla","Tinsa","V\u00eda C\u00e9lere"],"articleSection":["Compra Venta","Noticias Econom\u00eda","Noticias Mercado Inmobiliario"],"inLanguage":"es","potentialAction":[{"@type":"CommentAction","name":"Comment","target":["https:\/\/www.aquimicasa.net\/blog\/vivienda\/compraventa-de-viviendas\/sevilla-se-mueve-con-grandes-proyectos-inmobiliarios\/#respond"]}]},{"@type":"WebPage","@id":"https:\/\/www.aquimicasa.net\/blog\/vivienda\/compraventa-de-viviendas\/sevilla-se-mueve-con-grandes-proyectos-inmobiliarios\/","url":"https:\/\/www.aquimicasa.net\/blog\/vivienda\/compraventa-de-viviendas\/sevilla-se-mueve-con-grandes-proyectos-inmobiliarios\/","name":"Sevilla se mueve con grandes proyectos inmobiliarios","isPartOf":{"@id":"https:\/\/www.aquimicasa.net\/blog\/#website"},"primaryImageOfPage":{"@id":"https:\/\/www.aquimicasa.net\/blog\/vivienda\/compraventa-de-viviendas\/sevilla-se-mueve-con-grandes-proyectos-inmobiliarios\/#primaryimage"},"image":{"@id":"https:\/\/www.aquimicasa.net\/blog\/vivienda\/compraventa-de-viviendas\/sevilla-se-mueve-con-grandes-proyectos-inmobiliarios\/#primaryimage"},"thumbnailUrl":"https:\/\/www.aquimicasa.net\/blog\/wp-content\/uploads\/Sevilla4-e1756311425539.jpg","datePublished":"2019-06-17T22:20:58+00:00","dateModified":"2020-04-02T16:28:55+00:00","description":"La\u00a0capital\u00a0andaluza se mueve al comp\u00e1s de los proyectos residenciales, hoteleros y comerciales que est\u00e1n ejecutando diferentes promotores privados","breadcrumb":{"@id":"https:\/\/www.aquimicasa.net\/blog\/vivienda\/compraventa-de-viviendas\/sevilla-se-mueve-con-grandes-proyectos-inmobiliarios\/#breadcrumb"},"inLanguage":"es","potentialAction":[{"@type":"ReadAction","target":["https:\/\/www.aquimicasa.net\/blog\/vivienda\/compraventa-de-viviendas\/sevilla-se-mueve-con-grandes-proyectos-inmobiliarios\/"]}]},{"@type":"ImageObject","inLanguage":"es","@id":"https:\/\/www.aquimicasa.net\/blog\/vivienda\/compraventa-de-viviendas\/sevilla-se-mueve-con-grandes-proyectos-inmobiliarios\/#primaryimage","url":"https:\/\/www.aquimicasa.net\/blog\/wp-content\/uploads\/Sevilla4-e1756311425539.jpg","contentUrl":"https:\/\/www.aquimicasa.net\/blog\/wp-content\/uploads\/Sevilla4-e1756311425539.jpg","width":500,"height":334,"caption":"Aprobado el Registro obligatorio de agentes inmobiliarios en Andaluc\u00eda"},{"@type":"BreadcrumbList","@id":"https:\/\/www.aquimicasa.net\/blog\/vivienda\/compraventa-de-viviendas\/sevilla-se-mueve-con-grandes-proyectos-inmobiliarios\/#breadcrumb","itemListElement":[{"@type":"ListItem","position":1,"name":"Portada","item":"https:\/\/www.aquimicasa.net\/blog\/"},{"@type":"ListItem","position":2,"name":"Sevilla se mueve con grandes proyectos inmobiliarios"}]},{"@type":"WebSite","@id":"https:\/\/www.aquimicasa.net\/blog\/#website","url":"https:\/\/www.aquimicasa.net\/blog\/","name":"Blog de aquimicasa.net","description":"Noticias del Mundo Inmobiliario","publisher":{"@id":"https:\/\/www.aquimicasa.net\/blog\/#organization"},"potentialAction":[{"@type":"SearchAction","target":{"@type":"EntryPoint","urlTemplate":"https:\/\/www.aquimicasa.net\/blog\/?s={search_term_string}"},"query-input":{"@type":"PropertyValueSpecification","valueRequired":true,"valueName":"search_term_string"}}],"inLanguage":"es"},{"@type":"Organization","@id":"https:\/\/www.aquimicasa.net\/blog\/#organization","name":"Blog de aquimicasa.net","url":"https:\/\/www.aquimicasa.net\/blog\/","logo":{"@type":"ImageObject","inLanguage":"es","@id":"https:\/\/www.aquimicasa.net\/blog\/#\/schema\/logo\/image\/","url":"https:\/\/www.aquimicasa.net\/blog\/wp-content\/uploads\/Logo-aquimicasa-1-e1528048213782.png","contentUrl":"https:\/\/www.aquimicasa.net\/blog\/wp-content\/uploads\/Logo-aquimicasa-1-e1528048213782.png","width":225,"height":225,"caption":"Blog de aquimicasa.net"},"image":{"@id":"https:\/\/www.aquimicasa.net\/blog\/#\/schema\/logo\/image\/"},"sameAs":["https:\/\/www.facebook.com\/aquimicasa.net","https:\/\/www.instagram.com\/","https:\/\/x.com\/EduLizarragaD","https:\/\/www.linkedin.com\/feed\/"]},{"@type":"Person","@id":"https:\/\/www.aquimicasa.net\/blog\/#\/schema\/person\/2cdfa2605534583395c8d7ce1d6cac14","name":"Eduardo Lizarraga","image":{"@type":"ImageObject","inLanguage":"es","@id":"https:\/\/secure.gravatar.com\/avatar\/bdabe1eeeed97b65a9cb7de2edd624b07995f7e13abc5fead15961f745f908cc?s=96&d=mm&r=g","url":"https:\/\/secure.gravatar.com\/avatar\/bdabe1eeeed97b65a9cb7de2edd624b07995f7e13abc5fead15961f745f908cc?s=96&d=mm&r=g","contentUrl":"https:\/\/secure.gravatar.com\/avatar\/bdabe1eeeed97b65a9cb7de2edd624b07995f7e13abc5fead15961f745f908cc?s=96&d=mm&r=g","caption":"Eduardo Lizarraga"},"description":"Periodista Econ\u00f3mico. Ha trabajado en diversos campos de la informaci\u00f3n. Corresponsal en conflictos, analista pol\u00edtico en Congreso y Senado, periodista del medio ambiente, editor, director editorial, director de comunicaci\u00f3n.... En estos momentos se ha especializado en el sector inmobiliario. Pero tambi\u00e9n es navegante y viajero, preocupado por la pobreza, el medio ambiente y por las actuaciones descontroladas del neoliberalismo empresarial y pol\u00edtico en todo el mundo. Los desahucios, la pobreza infantil y la falta de acceso a los suministros b\u00e1sicos son algunos de los grandes dramas de nuestra sociedad y que es preciso solucionar para hacerla m\u00e1s justa. CEO en www.aquimicasa.net","sameAs":["https:\/\/www.aquimicasa.net\/"],"url":"https:\/\/www.aquimicasa.net\/blog\/author\/eduardo\/"}]}},"jetpack_publicize_connections":[],"jetpack_featured_media_url":"https:\/\/www.aquimicasa.net\/blog\/wp-content\/uploads\/Sevilla4-e1756311425539.jpg","jetpack_sharing_enabled":true,"jetpack_likes_enabled":true,"_links":{"self":[{"href":"https:\/\/www.aquimicasa.net\/blog\/wp-json\/wp\/v2\/posts\/25325","targetHints":{"allow":["GET"]}}],"collection":[{"href":"https:\/\/www.aquimicasa.net\/blog\/wp-json\/wp\/v2\/posts"}],"about":[{"href":"https:\/\/www.aquimicasa.net\/blog\/wp-json\/wp\/v2\/types\/post"}],"author":[{"embeddable":true,"href":"https:\/\/www.aquimicasa.net\/blog\/wp-json\/wp\/v2\/users\/3"}],"replies":[{"embeddable":true,"href":"https:\/\/www.aquimicasa.net\/blog\/wp-json\/wp\/v2\/comments?post=25325"}],"version-history":[{"count":1,"href":"https:\/\/www.aquimicasa.net\/blog\/wp-json\/wp\/v2\/posts\/25325\/revisions"}],"predecessor-version":[{"id":30962,"href":"https:\/\/www.aquimicasa.net\/blog\/wp-json\/wp\/v2\/posts\/25325\/revisions\/30962"}],"wp:featuredmedia":[{"embeddable":true,"href":"https:\/\/www.aquimicasa.net\/blog\/wp-json\/wp\/v2\/media\/25422"}],"wp:attachment":[{"href":"https:\/\/www.aquimicasa.net\/blog\/wp-json\/wp\/v2\/media?parent=25325"}],"wp:term":[{"taxonomy":"category","embeddable":true,"href":"https:\/\/www.aquimicasa.net\/blog\/wp-json\/wp\/v2\/categories?post=25325"},{"taxonomy":"post_tag","embeddable":true,"href":"https:\/\/www.aquimicasa.net\/blog\/wp-json\/wp\/v2\/tags?post=25325"}],"curies":[{"name":"wp","href":"https:\/\/api.w.org\/{rel}","templated":true}]}}