{"id":2624,"date":"2013-11-20T17:08:39","date_gmt":"2013-11-20T17:08:39","guid":{"rendered":"http:\/\/haciadelante.es\/?p=2624"},"modified":"2020-04-02T18:32:12","modified_gmt":"2020-04-02T16:32:12","slug":"el-tribunal-supremo-reitera-el-no-a-las-clausulas-suelo","status":"publish","type":"post","link":"https:\/\/www.aquimicasa.net\/blog\/economia\/bancos\/el-tribunal-supremo-reitera-el-no-a-las-clausulas-suelo\/","title":{"rendered":"El Tribunal Supremo reitera el no a las cla\u00fasulas suelo"},"content":{"rendered":"<p><strong>Visita nuestro Portal Inmobiliario exclusivo para particulares<\/strong><a href=\"http:\/\/www.antesqueselolleveelbanco.es\"  rel=\"nofollow noopener\"><a href=\"http:\/\/www.antesqueselolleveelbanco.es\"  rel=\"nofollow noopener\"><img decoding=\"async\" src=\"http:\/\/haciadelante.es\/wp-content\/uploads\/LOGO-2opia-150x105.jpg\" alt=\"Portal Inmobiliario exclusivo para particulares.\" width=\"150\" height=\"105\" class=\"size-thumbnail wp-image-2456\" \/><\/a> <\/p>\n<p>El Tribunal Supremo (TS) vuelve a decir &#8216;no&#8217; a la cl\u00e1usulas suelo poco claras en pr\u00e9stamos hipotecarios. El Supremo, como se preve\u00eda, ha rechazado el incidente de nulidad interpuesto por el BBVA y Cajamar, confirmando la sentencia en la que anulaba las cl\u00e1usulas suelo en los casos en los que se produzca una falta de transparencia. Una negativa que deja el Tribunal Constitucional como \u00fanica v\u00eda de recurso para las entidades bancarias.<\/p>\n<p>El pleno de la sala civil del Supremo rechaza el argumento de los recurrentes -a los que se adhiri\u00f3 NCG Banco- de que su sentencia fuera incongruente por basar la nulidad de las cl\u00e1usulas en la falta de transparencia y no en el \u00abdesequilibrio\u00bb entre las obligaciones de las partes alegado por Ausbanc.<\/p>\n<p>La sala a\u00f1ade que Ausbanc tambi\u00e9n aleg\u00f3 la falta de conocimiento real del alcance de dichas cl\u00e1usulas por parte de los consumidores y recuerda que, de hecho, en la causa, las entidades de cr\u00e9dito defendieron la transparencia y claridad de las mismas. Por ello concluye que \u00abla sentencia cuya nulidad se pide no se apart\u00f3 de las cuestiones debatidas en el proceso\u00bb y a\u00f1ade que \u00ablas partes tuvieron oportunidad de realizar alegaciones y prueba sobre las mismas y que el fallo no fue extra\u00f1o a las pretensiones ejercitadas\u00bb.<\/p>\n<p>Tambi\u00e9n rechaza el Supremo que su resoluci\u00f3n no sea v\u00e1lida porque, a partir de un caso concreto, anulara todas las cl\u00e1usulas suelo en las que se acreditara falta de transparencia sin tener en cuenta \u00ablas caracter\u00edsticas concurrentes en cada caso concreto y en cada contrato\u00bb. Los magistrados responden que su decisi\u00f3n est\u00e1 plenamente justificada \u00abpor la existencia de condiciones generales de contrataci\u00f3n empleadas en una pluralidad de contratos y en la utilizaci\u00f3n por las entidades demandadas de pautas estandarizadas en la contrataci\u00f3n de estos pr\u00e9stamos, propias de la contrataci\u00f3n en masa\u00bb.<\/p>\n<p>A las alegaciones de indefensi\u00f3n planteadas por las entidades de cr\u00e9dito, que criticaron al Supremo por establecer una jurisprudencia \u00abinnovadora\u00bb en cuanto al control de la transparencia, el tribunal contesta que esto \u00abno es un hecho en s\u00ed mismo negativo, sino una muestra del progreso de la citada jurisprudencia, que no puede considerarse infractor del ordenamiento\u00bb.<\/p>\n<p>El pleno de la Sala de lo Civil deliber\u00f3 el pasado 23 de octubre sobre anular su sentencia, que obliga a la banca a advertir expresamente a los clientes de que si firman una hipoteca con cl\u00e1usula suelo no podr\u00e1n beneficiarse de determinadas bajadas del Euribor. Si bien, no ha sido hasta hoy, 19 de noviembre, cuando ha hecho p\u00fablica su decisi\u00f3n. A partir de ahora, a las entidades afectadas ya s\u00f3lo les queda presentar un recurso de amparo ante el TC para derogar el fallo del Supremo.<\/p>\n","protected":false},"excerpt":{"rendered":"<p>Visita nuestro Portal Inmobiliario exclusivo para particulares El Tribunal Supremo [&hellip;]<\/p>\n","protected":false},"author":3,"featured_media":0,"comment_status":"open","ping_status":"open","sticky":false,"template":"","format":"standard","meta":{"_jetpack_memberships_contains_paid_content":false,"footnotes":"","jetpack_publicize_message":"","jetpack_publicize_feature_enabled":true,"jetpack_social_post_already_shared":false,"jetpack_social_options":{"image_generator_settings":{"template":"highway","default_image_id":0,"font":"","enabled":false},"version":2}},"categories":[46,100,7565,7559],"tags":[374,375,209],"class_list":["post-2624","post","type-post","status-publish","format-standard","hentry","category-bancos","category-compraventa-de-viviendas","category-noticias-mercado-inmobiliario","category-tribunal-supremo","tag-cajamar","tag-novacaixa-galicia","tag-tribunal-supremo"],"yoast_head":"<!-- This site is optimized with the Yoast SEO plugin v28.2 - https:\/\/yoast.com\/product\/yoast-seo-wordpress\/ -->\n<title>El Tribunal Supremo reitera el no a las cla\u00fasulas suelo<\/title>\n<meta name=\"robots\" content=\"index, follow, max-snippet:-1, max-image-preview:large, max-video-preview:-1\" \/>\n<link rel=\"canonical\" href=\"https:\/\/www.aquimicasa.net\/blog\/economia\/bancos\/el-tribunal-supremo-reitera-el-no-a-las-clausulas-suelo\/\" \/>\n<meta property=\"og:locale\" content=\"es_ES\" \/>\n<meta property=\"og:type\" content=\"article\" \/>\n<meta property=\"og:title\" content=\"El Tribunal Supremo reitera el no a las cla\u00fasulas suelo\" \/>\n<meta property=\"og:description\" content=\"Visita nuestro Portal Inmobiliario exclusivo para particulares El Tribunal Supremo [&hellip;]\" \/>\n<meta property=\"og:url\" content=\"https:\/\/www.aquimicasa.net\/blog\/economia\/bancos\/el-tribunal-supremo-reitera-el-no-a-las-clausulas-suelo\/\" \/>\n<meta property=\"og:site_name\" content=\"Blog de aquimicasa.net\" \/>\n<meta property=\"article:publisher\" content=\"https:\/\/www.facebook.com\/aquimicasa.net\" \/>\n<meta property=\"article:published_time\" content=\"2013-11-20T17:08:39+00:00\" \/>\n<meta property=\"article:modified_time\" content=\"2020-04-02T16:32:12+00:00\" \/>\n<meta property=\"og:image\" content=\"http:\/\/haciadelante.es\/wp-content\/uploads\/LOGO-2opia-150x105.jpg\" \/>\n<meta name=\"author\" content=\"Eduardo Lizarraga\" \/>\n<meta name=\"twitter:label1\" content=\"Escrito por\" \/>\n\t<meta name=\"twitter:data1\" content=\"Eduardo Lizarraga\" \/>\n\t<meta name=\"twitter:label2\" content=\"Tiempo de lectura\" \/>\n\t<meta name=\"twitter:data2\" content=\"2 minutos\" \/>\n<script type=\"application\/ld+json\" class=\"yoast-schema-graph\">{\"@context\":\"https:\\\/\\\/schema.org\",\"@graph\":[{\"@type\":\"Article\",\"@id\":\"https:\\\/\\\/www.aquimicasa.net\\\/blog\\\/economia\\\/bancos\\\/el-tribunal-supremo-reitera-el-no-a-las-clausulas-suelo\\\/#article\",\"isPartOf\":{\"@id\":\"https:\\\/\\\/www.aquimicasa.net\\\/blog\\\/economia\\\/bancos\\\/el-tribunal-supremo-reitera-el-no-a-las-clausulas-suelo\\\/\"},\"author\":{\"name\":\"Eduardo Lizarraga\",\"@id\":\"https:\\\/\\\/www.aquimicasa.net\\\/blog\\\/#\\\/schema\\\/person\\\/2cdfa2605534583395c8d7ce1d6cac14\"},\"headline\":\"El Tribunal Supremo reitera el no a las cla\u00fasulas suelo\",\"datePublished\":\"2013-11-20T17:08:39+00:00\",\"dateModified\":\"2020-04-02T16:32:12+00:00\",\"mainEntityOfPage\":{\"@id\":\"https:\\\/\\\/www.aquimicasa.net\\\/blog\\\/economia\\\/bancos\\\/el-tribunal-supremo-reitera-el-no-a-las-clausulas-suelo\\\/\"},\"wordCount\":500,\"commentCount\":0,\"publisher\":{\"@id\":\"https:\\\/\\\/www.aquimicasa.net\\\/blog\\\/#organization\"},\"image\":{\"@id\":\"https:\\\/\\\/www.aquimicasa.net\\\/blog\\\/economia\\\/bancos\\\/el-tribunal-supremo-reitera-el-no-a-las-clausulas-suelo\\\/#primaryimage\"},\"thumbnailUrl\":\"http:\\\/\\\/haciadelante.es\\\/wp-content\\\/uploads\\\/LOGO-2opia-150x105.jpg\",\"keywords\":[\"Cajamar\",\"Novacaixa Galicia\",\"Tribunal Supremo\"],\"articleSection\":[\"Bancos\",\"Compra Venta\",\"Noticias Mercado Inmobiliario\",\"Tribunal Supremo\"],\"inLanguage\":\"es\",\"potentialAction\":[{\"@type\":\"CommentAction\",\"name\":\"Comment\",\"target\":[\"https:\\\/\\\/www.aquimicasa.net\\\/blog\\\/economia\\\/bancos\\\/el-tribunal-supremo-reitera-el-no-a-las-clausulas-suelo\\\/#respond\"]}]},{\"@type\":\"WebPage\",\"@id\":\"https:\\\/\\\/www.aquimicasa.net\\\/blog\\\/economia\\\/bancos\\\/el-tribunal-supremo-reitera-el-no-a-las-clausulas-suelo\\\/\",\"url\":\"https:\\\/\\\/www.aquimicasa.net\\\/blog\\\/economia\\\/bancos\\\/el-tribunal-supremo-reitera-el-no-a-las-clausulas-suelo\\\/\",\"name\":\"El Tribunal Supremo reitera el no a las cla\u00fasulas suelo\",\"isPartOf\":{\"@id\":\"https:\\\/\\\/www.aquimicasa.net\\\/blog\\\/#website\"},\"primaryImageOfPage\":{\"@id\":\"https:\\\/\\\/www.aquimicasa.net\\\/blog\\\/economia\\\/bancos\\\/el-tribunal-supremo-reitera-el-no-a-las-clausulas-suelo\\\/#primaryimage\"},\"image\":{\"@id\":\"https:\\\/\\\/www.aquimicasa.net\\\/blog\\\/economia\\\/bancos\\\/el-tribunal-supremo-reitera-el-no-a-las-clausulas-suelo\\\/#primaryimage\"},\"thumbnailUrl\":\"http:\\\/\\\/haciadelante.es\\\/wp-content\\\/uploads\\\/LOGO-2opia-150x105.jpg\",\"datePublished\":\"2013-11-20T17:08:39+00:00\",\"dateModified\":\"2020-04-02T16:32:12+00:00\",\"breadcrumb\":{\"@id\":\"https:\\\/\\\/www.aquimicasa.net\\\/blog\\\/economia\\\/bancos\\\/el-tribunal-supremo-reitera-el-no-a-las-clausulas-suelo\\\/#breadcrumb\"},\"inLanguage\":\"es\",\"potentialAction\":[{\"@type\":\"ReadAction\",\"target\":[\"https:\\\/\\\/www.aquimicasa.net\\\/blog\\\/economia\\\/bancos\\\/el-tribunal-supremo-reitera-el-no-a-las-clausulas-suelo\\\/\"]}]},{\"@type\":\"ImageObject\",\"inLanguage\":\"es\",\"@id\":\"https:\\\/\\\/www.aquimicasa.net\\\/blog\\\/economia\\\/bancos\\\/el-tribunal-supremo-reitera-el-no-a-las-clausulas-suelo\\\/#primaryimage\",\"url\":\"http:\\\/\\\/haciadelante.es\\\/wp-content\\\/uploads\\\/LOGO-2opia-150x105.jpg\",\"contentUrl\":\"http:\\\/\\\/haciadelante.es\\\/wp-content\\\/uploads\\\/LOGO-2opia-150x105.jpg\"},{\"@type\":\"BreadcrumbList\",\"@id\":\"https:\\\/\\\/www.aquimicasa.net\\\/blog\\\/economia\\\/bancos\\\/el-tribunal-supremo-reitera-el-no-a-las-clausulas-suelo\\\/#breadcrumb\",\"itemListElement\":[{\"@type\":\"ListItem\",\"position\":1,\"name\":\"Portada\",\"item\":\"https:\\\/\\\/www.aquimicasa.net\\\/blog\\\/\"},{\"@type\":\"ListItem\",\"position\":2,\"name\":\"El Tribunal Supremo reitera el no a las cla\u00fasulas suelo\"}]},{\"@type\":\"WebSite\",\"@id\":\"https:\\\/\\\/www.aquimicasa.net\\\/blog\\\/#website\",\"url\":\"https:\\\/\\\/www.aquimicasa.net\\\/blog\\\/\",\"name\":\"Blog de aquimicasa.net\",\"description\":\"Noticias del Mundo Inmobiliario\",\"publisher\":{\"@id\":\"https:\\\/\\\/www.aquimicasa.net\\\/blog\\\/#organization\"},\"potentialAction\":[{\"@type\":\"SearchAction\",\"target\":{\"@type\":\"EntryPoint\",\"urlTemplate\":\"https:\\\/\\\/www.aquimicasa.net\\\/blog\\\/?s={search_term_string}\"},\"query-input\":{\"@type\":\"PropertyValueSpecification\",\"valueRequired\":true,\"valueName\":\"search_term_string\"}}],\"inLanguage\":\"es\"},{\"@type\":\"Organization\",\"@id\":\"https:\\\/\\\/www.aquimicasa.net\\\/blog\\\/#organization\",\"name\":\"Blog de aquimicasa.net\",\"url\":\"https:\\\/\\\/www.aquimicasa.net\\\/blog\\\/\",\"logo\":{\"@type\":\"ImageObject\",\"inLanguage\":\"es\",\"@id\":\"https:\\\/\\\/www.aquimicasa.net\\\/blog\\\/#\\\/schema\\\/logo\\\/image\\\/\",\"url\":\"https:\\\/\\\/www.aquimicasa.net\\\/blog\\\/wp-content\\\/uploads\\\/Logo-aquimicasa-1-e1528048213782.png\",\"contentUrl\":\"https:\\\/\\\/www.aquimicasa.net\\\/blog\\\/wp-content\\\/uploads\\\/Logo-aquimicasa-1-e1528048213782.png\",\"width\":225,\"height\":225,\"caption\":\"Blog de aquimicasa.net\"},\"image\":{\"@id\":\"https:\\\/\\\/www.aquimicasa.net\\\/blog\\\/#\\\/schema\\\/logo\\\/image\\\/\"},\"sameAs\":[\"https:\\\/\\\/www.facebook.com\\\/aquimicasa.net\",\"https:\\\/\\\/www.instagram.com\\\/\",\"https:\\\/\\\/x.com\\\/EduLizarragaD\",\"https:\\\/\\\/www.linkedin.com\\\/feed\\\/\"]},{\"@type\":\"Person\",\"@id\":\"https:\\\/\\\/www.aquimicasa.net\\\/blog\\\/#\\\/schema\\\/person\\\/2cdfa2605534583395c8d7ce1d6cac14\",\"name\":\"Eduardo Lizarraga\",\"image\":{\"@type\":\"ImageObject\",\"inLanguage\":\"es\",\"@id\":\"https:\\\/\\\/secure.gravatar.com\\\/avatar\\\/bdabe1eeeed97b65a9cb7de2edd624b07995f7e13abc5fead15961f745f908cc?s=96&d=mm&r=g\",\"url\":\"https:\\\/\\\/secure.gravatar.com\\\/avatar\\\/bdabe1eeeed97b65a9cb7de2edd624b07995f7e13abc5fead15961f745f908cc?s=96&d=mm&r=g\",\"contentUrl\":\"https:\\\/\\\/secure.gravatar.com\\\/avatar\\\/bdabe1eeeed97b65a9cb7de2edd624b07995f7e13abc5fead15961f745f908cc?s=96&d=mm&r=g\",\"caption\":\"Eduardo Lizarraga\"},\"description\":\"Periodista Econ\u00f3mico. Ha trabajado en diversos campos de la informaci\u00f3n. Corresponsal en conflictos, analista pol\u00edtico en Congreso y Senado, periodista del medio ambiente, editor, director editorial, director de comunicaci\u00f3n.... En estos momentos se ha especializado en el sector inmobiliario. Pero tambi\u00e9n es navegante y viajero, preocupado por la pobreza, el medio ambiente y por las actuaciones descontroladas del neoliberalismo empresarial y pol\u00edtico en todo el mundo. Los desahucios, la pobreza infantil y la falta de acceso a los suministros b\u00e1sicos son algunos de los grandes dramas de nuestra sociedad y que es preciso solucionar para hacerla m\u00e1s justa. CEO en www.aquimicasa.net\",\"sameAs\":[\"https:\\\/\\\/www.aquimicasa.net\\\/\"],\"url\":\"https:\\\/\\\/www.aquimicasa.net\\\/blog\\\/author\\\/eduardo\\\/\"}]}<\/script>\n<!-- \/ Yoast SEO plugin. -->","yoast_head_json":{"title":"El Tribunal Supremo reitera el no a las cla\u00fasulas suelo","robots":{"index":"index","follow":"follow","max-snippet":"max-snippet:-1","max-image-preview":"max-image-preview:large","max-video-preview":"max-video-preview:-1"},"canonical":"https:\/\/www.aquimicasa.net\/blog\/economia\/bancos\/el-tribunal-supremo-reitera-el-no-a-las-clausulas-suelo\/","og_locale":"es_ES","og_type":"article","og_title":"El Tribunal Supremo reitera el no a las cla\u00fasulas suelo","og_description":"Visita nuestro Portal Inmobiliario exclusivo para particulares El Tribunal Supremo [&hellip;]","og_url":"https:\/\/www.aquimicasa.net\/blog\/economia\/bancos\/el-tribunal-supremo-reitera-el-no-a-las-clausulas-suelo\/","og_site_name":"Blog de aquimicasa.net","article_publisher":"https:\/\/www.facebook.com\/aquimicasa.net","article_published_time":"2013-11-20T17:08:39+00:00","article_modified_time":"2020-04-02T16:32:12+00:00","og_image":[{"url":"http:\/\/haciadelante.es\/wp-content\/uploads\/LOGO-2opia-150x105.jpg","type":"","width":"","height":""}],"author":"Eduardo Lizarraga","twitter_misc":{"Escrito por":"Eduardo Lizarraga","Tiempo de lectura":"2 minutos"},"schema":{"@context":"https:\/\/schema.org","@graph":[{"@type":"Article","@id":"https:\/\/www.aquimicasa.net\/blog\/economia\/bancos\/el-tribunal-supremo-reitera-el-no-a-las-clausulas-suelo\/#article","isPartOf":{"@id":"https:\/\/www.aquimicasa.net\/blog\/economia\/bancos\/el-tribunal-supremo-reitera-el-no-a-las-clausulas-suelo\/"},"author":{"name":"Eduardo Lizarraga","@id":"https:\/\/www.aquimicasa.net\/blog\/#\/schema\/person\/2cdfa2605534583395c8d7ce1d6cac14"},"headline":"El Tribunal Supremo reitera el no a las cla\u00fasulas suelo","datePublished":"2013-11-20T17:08:39+00:00","dateModified":"2020-04-02T16:32:12+00:00","mainEntityOfPage":{"@id":"https:\/\/www.aquimicasa.net\/blog\/economia\/bancos\/el-tribunal-supremo-reitera-el-no-a-las-clausulas-suelo\/"},"wordCount":500,"commentCount":0,"publisher":{"@id":"https:\/\/www.aquimicasa.net\/blog\/#organization"},"image":{"@id":"https:\/\/www.aquimicasa.net\/blog\/economia\/bancos\/el-tribunal-supremo-reitera-el-no-a-las-clausulas-suelo\/#primaryimage"},"thumbnailUrl":"http:\/\/haciadelante.es\/wp-content\/uploads\/LOGO-2opia-150x105.jpg","keywords":["Cajamar","Novacaixa Galicia","Tribunal Supremo"],"articleSection":["Bancos","Compra Venta","Noticias Mercado Inmobiliario","Tribunal Supremo"],"inLanguage":"es","potentialAction":[{"@type":"CommentAction","name":"Comment","target":["https:\/\/www.aquimicasa.net\/blog\/economia\/bancos\/el-tribunal-supremo-reitera-el-no-a-las-clausulas-suelo\/#respond"]}]},{"@type":"WebPage","@id":"https:\/\/www.aquimicasa.net\/blog\/economia\/bancos\/el-tribunal-supremo-reitera-el-no-a-las-clausulas-suelo\/","url":"https:\/\/www.aquimicasa.net\/blog\/economia\/bancos\/el-tribunal-supremo-reitera-el-no-a-las-clausulas-suelo\/","name":"El Tribunal Supremo reitera el no a las cla\u00fasulas suelo","isPartOf":{"@id":"https:\/\/www.aquimicasa.net\/blog\/#website"},"primaryImageOfPage":{"@id":"https:\/\/www.aquimicasa.net\/blog\/economia\/bancos\/el-tribunal-supremo-reitera-el-no-a-las-clausulas-suelo\/#primaryimage"},"image":{"@id":"https:\/\/www.aquimicasa.net\/blog\/economia\/bancos\/el-tribunal-supremo-reitera-el-no-a-las-clausulas-suelo\/#primaryimage"},"thumbnailUrl":"http:\/\/haciadelante.es\/wp-content\/uploads\/LOGO-2opia-150x105.jpg","datePublished":"2013-11-20T17:08:39+00:00","dateModified":"2020-04-02T16:32:12+00:00","breadcrumb":{"@id":"https:\/\/www.aquimicasa.net\/blog\/economia\/bancos\/el-tribunal-supremo-reitera-el-no-a-las-clausulas-suelo\/#breadcrumb"},"inLanguage":"es","potentialAction":[{"@type":"ReadAction","target":["https:\/\/www.aquimicasa.net\/blog\/economia\/bancos\/el-tribunal-supremo-reitera-el-no-a-las-clausulas-suelo\/"]}]},{"@type":"ImageObject","inLanguage":"es","@id":"https:\/\/www.aquimicasa.net\/blog\/economia\/bancos\/el-tribunal-supremo-reitera-el-no-a-las-clausulas-suelo\/#primaryimage","url":"http:\/\/haciadelante.es\/wp-content\/uploads\/LOGO-2opia-150x105.jpg","contentUrl":"http:\/\/haciadelante.es\/wp-content\/uploads\/LOGO-2opia-150x105.jpg"},{"@type":"BreadcrumbList","@id":"https:\/\/www.aquimicasa.net\/blog\/economia\/bancos\/el-tribunal-supremo-reitera-el-no-a-las-clausulas-suelo\/#breadcrumb","itemListElement":[{"@type":"ListItem","position":1,"name":"Portada","item":"https:\/\/www.aquimicasa.net\/blog\/"},{"@type":"ListItem","position":2,"name":"El Tribunal Supremo reitera el no a las cla\u00fasulas suelo"}]},{"@type":"WebSite","@id":"https:\/\/www.aquimicasa.net\/blog\/#website","url":"https:\/\/www.aquimicasa.net\/blog\/","name":"Blog de aquimicasa.net","description":"Noticias del Mundo Inmobiliario","publisher":{"@id":"https:\/\/www.aquimicasa.net\/blog\/#organization"},"potentialAction":[{"@type":"SearchAction","target":{"@type":"EntryPoint","urlTemplate":"https:\/\/www.aquimicasa.net\/blog\/?s={search_term_string}"},"query-input":{"@type":"PropertyValueSpecification","valueRequired":true,"valueName":"search_term_string"}}],"inLanguage":"es"},{"@type":"Organization","@id":"https:\/\/www.aquimicasa.net\/blog\/#organization","name":"Blog de aquimicasa.net","url":"https:\/\/www.aquimicasa.net\/blog\/","logo":{"@type":"ImageObject","inLanguage":"es","@id":"https:\/\/www.aquimicasa.net\/blog\/#\/schema\/logo\/image\/","url":"https:\/\/www.aquimicasa.net\/blog\/wp-content\/uploads\/Logo-aquimicasa-1-e1528048213782.png","contentUrl":"https:\/\/www.aquimicasa.net\/blog\/wp-content\/uploads\/Logo-aquimicasa-1-e1528048213782.png","width":225,"height":225,"caption":"Blog de aquimicasa.net"},"image":{"@id":"https:\/\/www.aquimicasa.net\/blog\/#\/schema\/logo\/image\/"},"sameAs":["https:\/\/www.facebook.com\/aquimicasa.net","https:\/\/www.instagram.com\/","https:\/\/x.com\/EduLizarragaD","https:\/\/www.linkedin.com\/feed\/"]},{"@type":"Person","@id":"https:\/\/www.aquimicasa.net\/blog\/#\/schema\/person\/2cdfa2605534583395c8d7ce1d6cac14","name":"Eduardo Lizarraga","image":{"@type":"ImageObject","inLanguage":"es","@id":"https:\/\/secure.gravatar.com\/avatar\/bdabe1eeeed97b65a9cb7de2edd624b07995f7e13abc5fead15961f745f908cc?s=96&d=mm&r=g","url":"https:\/\/secure.gravatar.com\/avatar\/bdabe1eeeed97b65a9cb7de2edd624b07995f7e13abc5fead15961f745f908cc?s=96&d=mm&r=g","contentUrl":"https:\/\/secure.gravatar.com\/avatar\/bdabe1eeeed97b65a9cb7de2edd624b07995f7e13abc5fead15961f745f908cc?s=96&d=mm&r=g","caption":"Eduardo Lizarraga"},"description":"Periodista Econ\u00f3mico. Ha trabajado en diversos campos de la informaci\u00f3n. Corresponsal en conflictos, analista pol\u00edtico en Congreso y Senado, periodista del medio ambiente, editor, director editorial, director de comunicaci\u00f3n.... En estos momentos se ha especializado en el sector inmobiliario. Pero tambi\u00e9n es navegante y viajero, preocupado por la pobreza, el medio ambiente y por las actuaciones descontroladas del neoliberalismo empresarial y pol\u00edtico en todo el mundo. Los desahucios, la pobreza infantil y la falta de acceso a los suministros b\u00e1sicos son algunos de los grandes dramas de nuestra sociedad y que es preciso solucionar para hacerla m\u00e1s justa. CEO en www.aquimicasa.net","sameAs":["https:\/\/www.aquimicasa.net\/"],"url":"https:\/\/www.aquimicasa.net\/blog\/author\/eduardo\/"}]}},"jetpack_publicize_connections":[],"jetpack_featured_media_url":"","jetpack_sharing_enabled":true,"jetpack_likes_enabled":true,"_links":{"self":[{"href":"https:\/\/www.aquimicasa.net\/blog\/wp-json\/wp\/v2\/posts\/2624","targetHints":{"allow":["GET"]}}],"collection":[{"href":"https:\/\/www.aquimicasa.net\/blog\/wp-json\/wp\/v2\/posts"}],"about":[{"href":"https:\/\/www.aquimicasa.net\/blog\/wp-json\/wp\/v2\/types\/post"}],"author":[{"embeddable":true,"href":"https:\/\/www.aquimicasa.net\/blog\/wp-json\/wp\/v2\/users\/3"}],"replies":[{"embeddable":true,"href":"https:\/\/www.aquimicasa.net\/blog\/wp-json\/wp\/v2\/comments?post=2624"}],"version-history":[{"count":1,"href":"https:\/\/www.aquimicasa.net\/blog\/wp-json\/wp\/v2\/posts\/2624\/revisions"}],"predecessor-version":[{"id":30285,"href":"https:\/\/www.aquimicasa.net\/blog\/wp-json\/wp\/v2\/posts\/2624\/revisions\/30285"}],"wp:attachment":[{"href":"https:\/\/www.aquimicasa.net\/blog\/wp-json\/wp\/v2\/media?parent=2624"}],"wp:term":[{"taxonomy":"category","embeddable":true,"href":"https:\/\/www.aquimicasa.net\/blog\/wp-json\/wp\/v2\/categories?post=2624"},{"taxonomy":"post_tag","embeddable":true,"href":"https:\/\/www.aquimicasa.net\/blog\/wp-json\/wp\/v2\/tags?post=2624"}],"curies":[{"name":"wp","href":"https:\/\/api.w.org\/{rel}","templated":true}]}}