{"id":26282,"date":"2019-09-01T10:11:27","date_gmt":"2019-09-01T08:11:27","guid":{"rendered":"https:\/\/www.aquimicasa.net\/blog\/?p=26282"},"modified":"2020-04-02T18:22:29","modified_gmt":"2020-04-02T16:22:29","slug":"el-euribor-carece-de-clausula-suelo","status":"publish","type":"post","link":"https:\/\/www.aquimicasa.net\/blog\/economia\/bancos\/el-euribor-carece-de-clausula-suelo\/","title":{"rendered":"El eur\u00edbor carece de cl\u00e1usula suelo"},"content":{"rendered":"<p class=\"Cuerpo\">El \u00edndice al que est\u00e1 referenciada la inmensa mayor\u00eda de las hipotecas a tipo de inter\u00e9s variable en Espa\u00f1a ha vuelto a derrumbarse y la media de agosto cierra en el -0,354, el nivel m\u00e1s bajo del <strong>eur\u00edbor<\/strong> en toda su historia. Pero ante la situaci\u00f3n econ\u00f3mica el mes de septiembre puede traer nuevos descensos.<\/p>\n<p>Esta <strong>ca\u00edda sin suelo<\/strong> comenz\u00f3 hace cinco meses, poniendo fin a un a\u00f1o de subidas constantes que le hab\u00edan llevado al -0,108 en febrero de \u00e9ste a\u00f1o. Pero comenzaron a sonar tambores de crisis y el eur\u00edbor invirti\u00f3 su marcha, profundizando en los valores negativos en los que se haya inmerso desde hace tres a\u00f1os y medio.<\/p>\n<p>La primera consecuencia, la m\u00e1s visible, es el <strong>abaratamiento de las hipotecas a inter\u00e9s variable<\/strong>. Y aunque los bancos han aumentado los diferenciales -llegaron a estar a eur\u00edbor + 0,3% con un eur\u00edbor al 5%- hasta una media del 2%, la realidad para los bancos es m\u00e1s bien pobre y les est\u00e1 obligando a cambiar el mercado hipotecario hacia el inter\u00e9s fijo, adem\u00e1s de incrementar las comisiones hasta por el aire acondicionado en sus oficinas bancarias. Para qu\u00e9 hablar de los ERE que est\u00e1n realizando entre sus plantillas.<\/p>\n<p>Y ya no son s\u00f3lo los hipotecados a inter\u00e9s variable los beneficiados por esta <strong>nueva ca\u00edda del eur\u00edbor<\/strong>, sino que tambi\u00e9n los que firmaron una hipoteca a inter\u00e9s fijo el pasado mes de agosto, ver\u00e1n reducida su cuota hipotecaria. Porque en agosto del a\u00f1o pasado el eur\u00edbor se situ\u00f3 en -0,169 y la variaci\u00f3n interanual de este mes arroja casi 20 puntos b\u00e1sicos menos.<\/p>\n<p>Si a este<strong> eur\u00edbor en negativo<\/strong> le sumamos un exceso de liquidez monetaria encontramos que el suelo del \u00edndice podr\u00eda alejarse a\u00fan. \u00bf-0,5%, -1%?&#8230;nadie se atreve a vaticinarlo, pero las consecuencias, tal vez la \u00fanica situaci\u00f3n favorable para el mercado inmobiliario, es que la cuota hipotecaria va a seguir descendiendo y marcar\u00e1 mayores distancias con la mensualidad del alquiler.<\/p>\n","protected":false},"excerpt":{"rendered":"<p>El \u00edndice al que est\u00e1 referenciada la inmensa mayor\u00eda de las hipotecas a tipo de inter\u00e9s variable en Espa\u00f1a ha vuelto a derrumbarse y la media de agosto cierra en el -0,354, el nivel m\u00e1s bajo de toda su historia. Pero ante la situaci\u00f3n econ\u00f3mica el mes de septiembre puede traer nuevos descensos.<\/p>\n","protected":false},"author":3,"featured_media":16078,"comment_status":"open","ping_status":"open","sticky":false,"template":"","format":"standard","meta":{"_jetpack_memberships_contains_paid_content":false,"footnotes":"","jetpack_publicize_message":"","jetpack_publicize_feature_enabled":true,"jetpack_social_post_already_shared":true,"jetpack_social_options":{"image_generator_settings":{"template":"highway","default_image_id":0,"font":"","enabled":false},"version":2}},"categories":[46,7564],"tags":[164],"class_list":["post-26282","post","type-post","status-publish","format-standard","has-post-thumbnail","hentry","category-bancos","category-noticias-economia","tag-euribor"],"yoast_head":"<!-- This site is optimized with the Yoast SEO plugin v28.2 - https:\/\/yoast.com\/product\/yoast-seo-wordpress\/ -->\n<title>El eur\u00edbor carece de cl\u00e1usula suelo<\/title>\n<meta name=\"description\" content=\"El \u00edndice al que est\u00e1 referenciada la inmensa mayor\u00eda de las hipotecas a tipo de inter\u00e9s variable en Espa\u00f1a ha vuelto a derrumbarse\" \/>\n<meta name=\"robots\" content=\"index, follow, max-snippet:-1, max-image-preview:large, max-video-preview:-1\" \/>\n<link rel=\"canonical\" href=\"https:\/\/www.aquimicasa.net\/blog\/economia\/bancos\/el-euribor-carece-de-clausula-suelo\/\" \/>\n<meta property=\"og:locale\" content=\"es_ES\" \/>\n<meta property=\"og:type\" content=\"article\" \/>\n<meta property=\"og:title\" content=\"El eur\u00edbor carece de cl\u00e1usula suelo\" \/>\n<meta property=\"og:description\" content=\"El \u00edndice al que est\u00e1 referenciada la inmensa mayor\u00eda de las hipotecas a tipo de inter\u00e9s variable en Espa\u00f1a ha vuelto a derrumbarse\" \/>\n<meta property=\"og:url\" content=\"https:\/\/www.aquimicasa.net\/blog\/economia\/bancos\/el-euribor-carece-de-clausula-suelo\/\" \/>\n<meta property=\"og:site_name\" content=\"Blog de aquimicasa.net\" \/>\n<meta property=\"article:publisher\" content=\"https:\/\/www.facebook.com\/aquimicasa.net\" \/>\n<meta property=\"article:published_time\" content=\"2019-09-01T08:11:27+00:00\" \/>\n<meta property=\"article:modified_time\" content=\"2020-04-02T16:22:29+00:00\" \/>\n<meta property=\"og:image\" content=\"https:\/\/www.aquimicasa.net\/blog\/wp-content\/uploads\/credit-immobilier.large_-e1495749240588.jpg\" \/>\n\t<meta property=\"og:image:width\" content=\"460\" \/>\n\t<meta property=\"og:image:height\" content=\"223\" \/>\n\t<meta property=\"og:image:type\" content=\"image\/jpeg\" \/>\n<meta name=\"author\" content=\"Eduardo Lizarraga\" \/>\n<meta name=\"twitter:label1\" content=\"Escrito por\" \/>\n\t<meta name=\"twitter:data1\" content=\"Eduardo Lizarraga\" \/>\n\t<meta name=\"twitter:label2\" content=\"Tiempo de lectura\" \/>\n\t<meta name=\"twitter:data2\" content=\"2 minutos\" \/>\n<script type=\"application\/ld+json\" class=\"yoast-schema-graph\">{\"@context\":\"https:\\\/\\\/schema.org\",\"@graph\":[{\"@type\":\"Article\",\"@id\":\"https:\\\/\\\/www.aquimicasa.net\\\/blog\\\/economia\\\/bancos\\\/el-euribor-carece-de-clausula-suelo\\\/#article\",\"isPartOf\":{\"@id\":\"https:\\\/\\\/www.aquimicasa.net\\\/blog\\\/economia\\\/bancos\\\/el-euribor-carece-de-clausula-suelo\\\/\"},\"author\":{\"name\":\"Eduardo Lizarraga\",\"@id\":\"https:\\\/\\\/www.aquimicasa.net\\\/blog\\\/#\\\/schema\\\/person\\\/2cdfa2605534583395c8d7ce1d6cac14\"},\"headline\":\"El eur\u00edbor carece de cl\u00e1usula suelo\",\"datePublished\":\"2019-09-01T08:11:27+00:00\",\"dateModified\":\"2020-04-02T16:22:29+00:00\",\"mainEntityOfPage\":{\"@id\":\"https:\\\/\\\/www.aquimicasa.net\\\/blog\\\/economia\\\/bancos\\\/el-euribor-carece-de-clausula-suelo\\\/\"},\"wordCount\":364,\"commentCount\":0,\"publisher\":{\"@id\":\"https:\\\/\\\/www.aquimicasa.net\\\/blog\\\/#organization\"},\"image\":{\"@id\":\"https:\\\/\\\/www.aquimicasa.net\\\/blog\\\/economia\\\/bancos\\\/el-euribor-carece-de-clausula-suelo\\\/#primaryimage\"},\"thumbnailUrl\":\"https:\\\/\\\/www.aquimicasa.net\\\/blog\\\/wp-content\\\/uploads\\\/credit-immobilier.large_-e1495749240588.jpg\",\"keywords\":[\"Euribor\"],\"articleSection\":[\"Bancos\",\"Noticias Econom\u00eda\"],\"inLanguage\":\"es\",\"potentialAction\":[{\"@type\":\"CommentAction\",\"name\":\"Comment\",\"target\":[\"https:\\\/\\\/www.aquimicasa.net\\\/blog\\\/economia\\\/bancos\\\/el-euribor-carece-de-clausula-suelo\\\/#respond\"]}]},{\"@type\":\"WebPage\",\"@id\":\"https:\\\/\\\/www.aquimicasa.net\\\/blog\\\/economia\\\/bancos\\\/el-euribor-carece-de-clausula-suelo\\\/\",\"url\":\"https:\\\/\\\/www.aquimicasa.net\\\/blog\\\/economia\\\/bancos\\\/el-euribor-carece-de-clausula-suelo\\\/\",\"name\":\"El eur\u00edbor carece de cl\u00e1usula suelo\",\"isPartOf\":{\"@id\":\"https:\\\/\\\/www.aquimicasa.net\\\/blog\\\/#website\"},\"primaryImageOfPage\":{\"@id\":\"https:\\\/\\\/www.aquimicasa.net\\\/blog\\\/economia\\\/bancos\\\/el-euribor-carece-de-clausula-suelo\\\/#primaryimage\"},\"image\":{\"@id\":\"https:\\\/\\\/www.aquimicasa.net\\\/blog\\\/economia\\\/bancos\\\/el-euribor-carece-de-clausula-suelo\\\/#primaryimage\"},\"thumbnailUrl\":\"https:\\\/\\\/www.aquimicasa.net\\\/blog\\\/wp-content\\\/uploads\\\/credit-immobilier.large_-e1495749240588.jpg\",\"datePublished\":\"2019-09-01T08:11:27+00:00\",\"dateModified\":\"2020-04-02T16:22:29+00:00\",\"description\":\"El \u00edndice al que est\u00e1 referenciada la inmensa mayor\u00eda de las hipotecas a tipo de inter\u00e9s variable en Espa\u00f1a ha vuelto a derrumbarse\",\"breadcrumb\":{\"@id\":\"https:\\\/\\\/www.aquimicasa.net\\\/blog\\\/economia\\\/bancos\\\/el-euribor-carece-de-clausula-suelo\\\/#breadcrumb\"},\"inLanguage\":\"es\",\"potentialAction\":[{\"@type\":\"ReadAction\",\"target\":[\"https:\\\/\\\/www.aquimicasa.net\\\/blog\\\/economia\\\/bancos\\\/el-euribor-carece-de-clausula-suelo\\\/\"]}]},{\"@type\":\"ImageObject\",\"inLanguage\":\"es\",\"@id\":\"https:\\\/\\\/www.aquimicasa.net\\\/blog\\\/economia\\\/bancos\\\/el-euribor-carece-de-clausula-suelo\\\/#primaryimage\",\"url\":\"https:\\\/\\\/www.aquimicasa.net\\\/blog\\\/wp-content\\\/uploads\\\/credit-immobilier.large_-e1495749240588.jpg\",\"contentUrl\":\"https:\\\/\\\/www.aquimicasa.net\\\/blog\\\/wp-content\\\/uploads\\\/credit-immobilier.large_-e1495749240588.jpg\",\"width\":460,\"height\":223},{\"@type\":\"BreadcrumbList\",\"@id\":\"https:\\\/\\\/www.aquimicasa.net\\\/blog\\\/economia\\\/bancos\\\/el-euribor-carece-de-clausula-suelo\\\/#breadcrumb\",\"itemListElement\":[{\"@type\":\"ListItem\",\"position\":1,\"name\":\"Portada\",\"item\":\"https:\\\/\\\/www.aquimicasa.net\\\/blog\\\/\"},{\"@type\":\"ListItem\",\"position\":2,\"name\":\"El eur\u00edbor carece de cl\u00e1usula suelo\"}]},{\"@type\":\"WebSite\",\"@id\":\"https:\\\/\\\/www.aquimicasa.net\\\/blog\\\/#website\",\"url\":\"https:\\\/\\\/www.aquimicasa.net\\\/blog\\\/\",\"name\":\"Blog de aquimicasa.net\",\"description\":\"Noticias del Mundo Inmobiliario\",\"publisher\":{\"@id\":\"https:\\\/\\\/www.aquimicasa.net\\\/blog\\\/#organization\"},\"potentialAction\":[{\"@type\":\"SearchAction\",\"target\":{\"@type\":\"EntryPoint\",\"urlTemplate\":\"https:\\\/\\\/www.aquimicasa.net\\\/blog\\\/?s={search_term_string}\"},\"query-input\":{\"@type\":\"PropertyValueSpecification\",\"valueRequired\":true,\"valueName\":\"search_term_string\"}}],\"inLanguage\":\"es\"},{\"@type\":\"Organization\",\"@id\":\"https:\\\/\\\/www.aquimicasa.net\\\/blog\\\/#organization\",\"name\":\"Blog de aquimicasa.net\",\"url\":\"https:\\\/\\\/www.aquimicasa.net\\\/blog\\\/\",\"logo\":{\"@type\":\"ImageObject\",\"inLanguage\":\"es\",\"@id\":\"https:\\\/\\\/www.aquimicasa.net\\\/blog\\\/#\\\/schema\\\/logo\\\/image\\\/\",\"url\":\"https:\\\/\\\/www.aquimicasa.net\\\/blog\\\/wp-content\\\/uploads\\\/Logo-aquimicasa-1-e1528048213782.png\",\"contentUrl\":\"https:\\\/\\\/www.aquimicasa.net\\\/blog\\\/wp-content\\\/uploads\\\/Logo-aquimicasa-1-e1528048213782.png\",\"width\":225,\"height\":225,\"caption\":\"Blog de aquimicasa.net\"},\"image\":{\"@id\":\"https:\\\/\\\/www.aquimicasa.net\\\/blog\\\/#\\\/schema\\\/logo\\\/image\\\/\"},\"sameAs\":[\"https:\\\/\\\/www.facebook.com\\\/aquimicasa.net\",\"https:\\\/\\\/www.instagram.com\\\/\",\"https:\\\/\\\/x.com\\\/EduLizarragaD\",\"https:\\\/\\\/www.linkedin.com\\\/feed\\\/\"]},{\"@type\":\"Person\",\"@id\":\"https:\\\/\\\/www.aquimicasa.net\\\/blog\\\/#\\\/schema\\\/person\\\/2cdfa2605534583395c8d7ce1d6cac14\",\"name\":\"Eduardo Lizarraga\",\"image\":{\"@type\":\"ImageObject\",\"inLanguage\":\"es\",\"@id\":\"https:\\\/\\\/secure.gravatar.com\\\/avatar\\\/bdabe1eeeed97b65a9cb7de2edd624b07995f7e13abc5fead15961f745f908cc?s=96&d=mm&r=g\",\"url\":\"https:\\\/\\\/secure.gravatar.com\\\/avatar\\\/bdabe1eeeed97b65a9cb7de2edd624b07995f7e13abc5fead15961f745f908cc?s=96&d=mm&r=g\",\"contentUrl\":\"https:\\\/\\\/secure.gravatar.com\\\/avatar\\\/bdabe1eeeed97b65a9cb7de2edd624b07995f7e13abc5fead15961f745f908cc?s=96&d=mm&r=g\",\"caption\":\"Eduardo Lizarraga\"},\"description\":\"Periodista Econ\u00f3mico. Ha trabajado en diversos campos de la informaci\u00f3n. Corresponsal en conflictos, analista pol\u00edtico en Congreso y Senado, periodista del medio ambiente, editor, director editorial, director de comunicaci\u00f3n.... En estos momentos se ha especializado en el sector inmobiliario. Pero tambi\u00e9n es navegante y viajero, preocupado por la pobreza, el medio ambiente y por las actuaciones descontroladas del neoliberalismo empresarial y pol\u00edtico en todo el mundo. Los desahucios, la pobreza infantil y la falta de acceso a los suministros b\u00e1sicos son algunos de los grandes dramas de nuestra sociedad y que es preciso solucionar para hacerla m\u00e1s justa. CEO en www.aquimicasa.net\",\"sameAs\":[\"https:\\\/\\\/www.aquimicasa.net\\\/\"],\"url\":\"https:\\\/\\\/www.aquimicasa.net\\\/blog\\\/author\\\/eduardo\\\/\"}]}<\/script>\n<!-- \/ Yoast SEO plugin. -->","yoast_head_json":{"title":"El eur\u00edbor carece de cl\u00e1usula suelo","description":"El \u00edndice al que est\u00e1 referenciada la inmensa mayor\u00eda de las hipotecas a tipo de inter\u00e9s variable en Espa\u00f1a ha vuelto a derrumbarse","robots":{"index":"index","follow":"follow","max-snippet":"max-snippet:-1","max-image-preview":"max-image-preview:large","max-video-preview":"max-video-preview:-1"},"canonical":"https:\/\/www.aquimicasa.net\/blog\/economia\/bancos\/el-euribor-carece-de-clausula-suelo\/","og_locale":"es_ES","og_type":"article","og_title":"El eur\u00edbor carece de cl\u00e1usula suelo","og_description":"El \u00edndice al que est\u00e1 referenciada la inmensa mayor\u00eda de las hipotecas a tipo de inter\u00e9s variable en Espa\u00f1a ha vuelto a derrumbarse","og_url":"https:\/\/www.aquimicasa.net\/blog\/economia\/bancos\/el-euribor-carece-de-clausula-suelo\/","og_site_name":"Blog de aquimicasa.net","article_publisher":"https:\/\/www.facebook.com\/aquimicasa.net","article_published_time":"2019-09-01T08:11:27+00:00","article_modified_time":"2020-04-02T16:22:29+00:00","og_image":[{"width":460,"height":223,"url":"https:\/\/www.aquimicasa.net\/blog\/wp-content\/uploads\/credit-immobilier.large_-e1495749240588.jpg","type":"image\/jpeg"}],"author":"Eduardo Lizarraga","twitter_misc":{"Escrito por":"Eduardo Lizarraga","Tiempo de lectura":"2 minutos"},"schema":{"@context":"https:\/\/schema.org","@graph":[{"@type":"Article","@id":"https:\/\/www.aquimicasa.net\/blog\/economia\/bancos\/el-euribor-carece-de-clausula-suelo\/#article","isPartOf":{"@id":"https:\/\/www.aquimicasa.net\/blog\/economia\/bancos\/el-euribor-carece-de-clausula-suelo\/"},"author":{"name":"Eduardo Lizarraga","@id":"https:\/\/www.aquimicasa.net\/blog\/#\/schema\/person\/2cdfa2605534583395c8d7ce1d6cac14"},"headline":"El eur\u00edbor carece de cl\u00e1usula suelo","datePublished":"2019-09-01T08:11:27+00:00","dateModified":"2020-04-02T16:22:29+00:00","mainEntityOfPage":{"@id":"https:\/\/www.aquimicasa.net\/blog\/economia\/bancos\/el-euribor-carece-de-clausula-suelo\/"},"wordCount":364,"commentCount":0,"publisher":{"@id":"https:\/\/www.aquimicasa.net\/blog\/#organization"},"image":{"@id":"https:\/\/www.aquimicasa.net\/blog\/economia\/bancos\/el-euribor-carece-de-clausula-suelo\/#primaryimage"},"thumbnailUrl":"https:\/\/www.aquimicasa.net\/blog\/wp-content\/uploads\/credit-immobilier.large_-e1495749240588.jpg","keywords":["Euribor"],"articleSection":["Bancos","Noticias Econom\u00eda"],"inLanguage":"es","potentialAction":[{"@type":"CommentAction","name":"Comment","target":["https:\/\/www.aquimicasa.net\/blog\/economia\/bancos\/el-euribor-carece-de-clausula-suelo\/#respond"]}]},{"@type":"WebPage","@id":"https:\/\/www.aquimicasa.net\/blog\/economia\/bancos\/el-euribor-carece-de-clausula-suelo\/","url":"https:\/\/www.aquimicasa.net\/blog\/economia\/bancos\/el-euribor-carece-de-clausula-suelo\/","name":"El eur\u00edbor carece de cl\u00e1usula suelo","isPartOf":{"@id":"https:\/\/www.aquimicasa.net\/blog\/#website"},"primaryImageOfPage":{"@id":"https:\/\/www.aquimicasa.net\/blog\/economia\/bancos\/el-euribor-carece-de-clausula-suelo\/#primaryimage"},"image":{"@id":"https:\/\/www.aquimicasa.net\/blog\/economia\/bancos\/el-euribor-carece-de-clausula-suelo\/#primaryimage"},"thumbnailUrl":"https:\/\/www.aquimicasa.net\/blog\/wp-content\/uploads\/credit-immobilier.large_-e1495749240588.jpg","datePublished":"2019-09-01T08:11:27+00:00","dateModified":"2020-04-02T16:22:29+00:00","description":"El \u00edndice al que est\u00e1 referenciada la inmensa mayor\u00eda de las hipotecas a tipo de inter\u00e9s variable en Espa\u00f1a ha vuelto a derrumbarse","breadcrumb":{"@id":"https:\/\/www.aquimicasa.net\/blog\/economia\/bancos\/el-euribor-carece-de-clausula-suelo\/#breadcrumb"},"inLanguage":"es","potentialAction":[{"@type":"ReadAction","target":["https:\/\/www.aquimicasa.net\/blog\/economia\/bancos\/el-euribor-carece-de-clausula-suelo\/"]}]},{"@type":"ImageObject","inLanguage":"es","@id":"https:\/\/www.aquimicasa.net\/blog\/economia\/bancos\/el-euribor-carece-de-clausula-suelo\/#primaryimage","url":"https:\/\/www.aquimicasa.net\/blog\/wp-content\/uploads\/credit-immobilier.large_-e1495749240588.jpg","contentUrl":"https:\/\/www.aquimicasa.net\/blog\/wp-content\/uploads\/credit-immobilier.large_-e1495749240588.jpg","width":460,"height":223},{"@type":"BreadcrumbList","@id":"https:\/\/www.aquimicasa.net\/blog\/economia\/bancos\/el-euribor-carece-de-clausula-suelo\/#breadcrumb","itemListElement":[{"@type":"ListItem","position":1,"name":"Portada","item":"https:\/\/www.aquimicasa.net\/blog\/"},{"@type":"ListItem","position":2,"name":"El eur\u00edbor carece de cl\u00e1usula suelo"}]},{"@type":"WebSite","@id":"https:\/\/www.aquimicasa.net\/blog\/#website","url":"https:\/\/www.aquimicasa.net\/blog\/","name":"Blog de aquimicasa.net","description":"Noticias del Mundo Inmobiliario","publisher":{"@id":"https:\/\/www.aquimicasa.net\/blog\/#organization"},"potentialAction":[{"@type":"SearchAction","target":{"@type":"EntryPoint","urlTemplate":"https:\/\/www.aquimicasa.net\/blog\/?s={search_term_string}"},"query-input":{"@type":"PropertyValueSpecification","valueRequired":true,"valueName":"search_term_string"}}],"inLanguage":"es"},{"@type":"Organization","@id":"https:\/\/www.aquimicasa.net\/blog\/#organization","name":"Blog de aquimicasa.net","url":"https:\/\/www.aquimicasa.net\/blog\/","logo":{"@type":"ImageObject","inLanguage":"es","@id":"https:\/\/www.aquimicasa.net\/blog\/#\/schema\/logo\/image\/","url":"https:\/\/www.aquimicasa.net\/blog\/wp-content\/uploads\/Logo-aquimicasa-1-e1528048213782.png","contentUrl":"https:\/\/www.aquimicasa.net\/blog\/wp-content\/uploads\/Logo-aquimicasa-1-e1528048213782.png","width":225,"height":225,"caption":"Blog de aquimicasa.net"},"image":{"@id":"https:\/\/www.aquimicasa.net\/blog\/#\/schema\/logo\/image\/"},"sameAs":["https:\/\/www.facebook.com\/aquimicasa.net","https:\/\/www.instagram.com\/","https:\/\/x.com\/EduLizarragaD","https:\/\/www.linkedin.com\/feed\/"]},{"@type":"Person","@id":"https:\/\/www.aquimicasa.net\/blog\/#\/schema\/person\/2cdfa2605534583395c8d7ce1d6cac14","name":"Eduardo Lizarraga","image":{"@type":"ImageObject","inLanguage":"es","@id":"https:\/\/secure.gravatar.com\/avatar\/bdabe1eeeed97b65a9cb7de2edd624b07995f7e13abc5fead15961f745f908cc?s=96&d=mm&r=g","url":"https:\/\/secure.gravatar.com\/avatar\/bdabe1eeeed97b65a9cb7de2edd624b07995f7e13abc5fead15961f745f908cc?s=96&d=mm&r=g","contentUrl":"https:\/\/secure.gravatar.com\/avatar\/bdabe1eeeed97b65a9cb7de2edd624b07995f7e13abc5fead15961f745f908cc?s=96&d=mm&r=g","caption":"Eduardo Lizarraga"},"description":"Periodista Econ\u00f3mico. Ha trabajado en diversos campos de la informaci\u00f3n. Corresponsal en conflictos, analista pol\u00edtico en Congreso y Senado, periodista del medio ambiente, editor, director editorial, director de comunicaci\u00f3n.... En estos momentos se ha especializado en el sector inmobiliario. Pero tambi\u00e9n es navegante y viajero, preocupado por la pobreza, el medio ambiente y por las actuaciones descontroladas del neoliberalismo empresarial y pol\u00edtico en todo el mundo. Los desahucios, la pobreza infantil y la falta de acceso a los suministros b\u00e1sicos son algunos de los grandes dramas de nuestra sociedad y que es preciso solucionar para hacerla m\u00e1s justa. CEO en www.aquimicasa.net","sameAs":["https:\/\/www.aquimicasa.net\/"],"url":"https:\/\/www.aquimicasa.net\/blog\/author\/eduardo\/"}]}},"jetpack_publicize_connections":[],"jetpack_featured_media_url":"https:\/\/www.aquimicasa.net\/blog\/wp-content\/uploads\/credit-immobilier.large_-e1495749240588.jpg","jetpack_sharing_enabled":true,"jetpack_likes_enabled":true,"_links":{"self":[{"href":"https:\/\/www.aquimicasa.net\/blog\/wp-json\/wp\/v2\/posts\/26282","targetHints":{"allow":["GET"]}}],"collection":[{"href":"https:\/\/www.aquimicasa.net\/blog\/wp-json\/wp\/v2\/posts"}],"about":[{"href":"https:\/\/www.aquimicasa.net\/blog\/wp-json\/wp\/v2\/types\/post"}],"author":[{"embeddable":true,"href":"https:\/\/www.aquimicasa.net\/blog\/wp-json\/wp\/v2\/users\/3"}],"replies":[{"embeddable":true,"href":"https:\/\/www.aquimicasa.net\/blog\/wp-json\/wp\/v2\/comments?post=26282"}],"version-history":[{"count":1,"href":"https:\/\/www.aquimicasa.net\/blog\/wp-json\/wp\/v2\/posts\/26282\/revisions"}],"predecessor-version":[{"id":30331,"href":"https:\/\/www.aquimicasa.net\/blog\/wp-json\/wp\/v2\/posts\/26282\/revisions\/30331"}],"wp:featuredmedia":[{"embeddable":true,"href":"https:\/\/www.aquimicasa.net\/blog\/wp-json\/wp\/v2\/media\/16078"}],"wp:attachment":[{"href":"https:\/\/www.aquimicasa.net\/blog\/wp-json\/wp\/v2\/media?parent=26282"}],"wp:term":[{"taxonomy":"category","embeddable":true,"href":"https:\/\/www.aquimicasa.net\/blog\/wp-json\/wp\/v2\/categories?post=26282"},{"taxonomy":"post_tag","embeddable":true,"href":"https:\/\/www.aquimicasa.net\/blog\/wp-json\/wp\/v2\/tags?post=26282"}],"curies":[{"name":"wp","href":"https:\/\/api.w.org\/{rel}","templated":true}]}}