{"id":26817,"date":"2019-10-20T10:25:10","date_gmt":"2019-10-20T08:25:10","guid":{"rendered":"https:\/\/www.aquimicasa.net\/blog\/?p=26817"},"modified":"2020-04-02T18:49:28","modified_gmt":"2020-04-02T16:49:28","slug":"evolucion-dispar-de-los-precios-en-distritos-de-madrid-y-barcelona","status":"publish","type":"post","link":"https:\/\/www.aquimicasa.net\/blog\/vivienda\/compraventa-de-viviendas\/evolucion-dispar-de-los-precios-en-distritos-de-madrid-y-barcelona\/","title":{"rendered":"Evoluci\u00f3n dispar de los precios en distritos de Madrid y Barcelona"},"content":{"rendered":"<p>La situaci\u00f3n de crisis internacional en la que estamos entrando sumada a otros condicionantes nacionales, como la par\u00e1lisis pol\u00edtica o las medidas jur\u00eddicas tomadas o por tomar en el entorno de la vivienda, est\u00e1n propiciando que <strong>los precios comiencen a ajustarse<\/strong>. Y si bien no es a\u00fan una consecuencia mayoritaria, es cierto que ya se est\u00e1 notando en todos aquellos distritos que impulsaron las principales subidas, aunque los m\u00e1s damnificados por el ajuste del 2008 contin\u00faan experimentando incrementos superiores a la media.<\/p>\n<p>\u201c<strong>Barcelona anticipa ajustes intertrimestrales en la mayor\u00eda de sus distritos<\/strong>\u201d, apunta Rafael Gil. Seis de los diez distritos de la Ciudad Condal registraron <strong>ajustes de precio a la baja<\/strong> entre el segundo y el tercer trimestre del a\u00f1o. La excepci\u00f3n la marcaron Les Corts, Sant Andreu, Sants-Monjuic y Horta-Guinard\u00f3. Estos dos \u00faltimos distritos, sin embargo, est\u00e1n en niveles de precio inferiores a los de un a\u00f1o antes (-1,4% y .0,2%, respectivamente) Tambi\u00e9n se registraron ca\u00eddas interanuales de valor en el tercer trimestre los distritos de Ciutat Vella (-1,6%), Gr\u00e0cia y Nou Barrris (-1% en ambos casos). Por el contrario, Les Corts (+6%) y Sant Andreu (+4,5%) destacan en el tercer trimestre con los mayores incrementos interanuales de precio.<\/p>\n<p>En Madrid, dos de los principales (y m\u00e1s caros) distritos residenciales del centro de la ciudad, Salamanca y Chamart\u00edn, <strong>redujeron ligeramente sus precios medios<\/strong> en tasa intertrimestral (-0,2% y -0,7%, respectivamente), aunque todav\u00eda se mantienen entre un 8% y un 9% por encima del nivel de precio del a\u00f1o anterior. Salvo en San Blas (-0,4%), los valores medios de la\u00a0capital\u00a0crecen en tasa interanual en todos los distritos, localiz\u00e1ndose <strong>los mayores incrementos en Carabanchel<\/strong> <strong>(+10,8%), Tetu\u00e1n (+10,2%) y Vic\u00e1lvaro (+9,5%)<\/strong><\/p>\n<p>En Sevilla, Valencia y Zaragoza la mayor\u00eda de distritos est\u00e1 <strong>por encima de los valores del tercer trimestre de 2018<\/strong>, aunque alguno de ellos ha registrado ajustes trimestrales.<\/p>\n<p>Los distritos m\u00e1s caros de las cinco mayores capitales, con un valor medio superior a 4.000 \u20ac\/m<sup>2<\/sup>, son los madrile\u00f1os de Salamanca, Chamber\u00ed, Centro, Chamart\u00edn y Retiro, y, en la Ciudad Condal, los de Sarri\u00e0-Sant Gervasi, Les Corts y Eixample. El madrile\u00f1o <strong>Barrio de Salamanca<\/strong> es el \u00fanico que supera los 5.000 \u20ac\/m<sup>2<\/sup>\u00a0de media (5.148 \u20ac\/m<sup>2<\/sup>).<\/p>\n<ul>\n<li><a href=\"https:\/\/www.aquimicasa.net\/blog\/viviendas-en-venta-y-alquiler-en\/un-piso-en-venta-para-vivir-la-almendra-central-de-madrid\"><img decoding=\"async\" class=\"\" src=\"https:\/\/www.aquimicasa.net\/blog\/wp-content\/uploads\/Madrid3-1210x642.jpg\" width=\"200\" height=\"106\" \/><\/a> <a href=\"https:\/\/www.aquimicasa.net\/blog\/viviendas-en-venta-y-alquiler-en\/un-piso-en-venta-para-vivir-la-almendra-central-de-madrid\">Un piso en venta para vivir la Almendra Central de Madrid<\/a><\/li>\n<\/ul>\n<p>&nbsp;<\/p>\n<ul>\n<li><a href=\"https:\/\/www.aquimicasa.net\/blog\/activos-inmobiliarios\/pisos-en-venta-y-alquiler-en-chamberi-arguelles-de-madrid\"><img decoding=\"async\" class=\"\" src=\"https:\/\/www.aquimicasa.net\/blog\/wp-content\/uploads\/Arguelles1.jpg\" width=\"200\" height=\"150\" \/><\/a> <a href=\"https:\/\/www.aquimicasa.net\/blog\/activos-inmobiliarios\/pisos-en-venta-y-alquiler-en-chamberi-arguelles-de-madrid\">Pisos en venta y alquiler en Chamberi y Arguelles<\/a><\/li>\n<\/ul>\n<p>&nbsp;<\/p>\n<ul>\n<li><a href=\"https:\/\/www.aquimicasa.net\/blog\/activos-inmobiliarios\/pisos-en-venta-para-vivir-en-salamanca-retiro\"><img decoding=\"async\" class=\"\" src=\"https:\/\/www.aquimicasa.net\/blog\/wp-content\/uploads\/Retiro-madrid5.jpg\" width=\"199\" height=\"112\" \/><\/a> <a href=\"https:\/\/www.aquimicasa.net\/blog\/activos-inmobiliarios\/pisos-en-venta-para-vivir-en-salamanca-retiro\">Pisos en venta para vivir en Salamanca y Retiro<\/a><\/li>\n<\/ul>\n<p>&nbsp;<\/p>\n<ul>\n<li><a href=\"https:\/\/www.aquimicasa.net\/blog\/viviendas-en-venta-y-alquiler-en\/casas-en-venta-para-vivir-en-premia-de-dalt\"><img decoding=\"async\" class=\"\" src=\"https:\/\/www.aquimicasa.net\/blog\/wp-content\/uploads\/Premia1-e1524313909786.jpg\" width=\"201\" height=\"151\" \/><\/a> <a href=\"https:\/\/www.aquimicasa.net\/blog\/viviendas-en-venta-y-alquiler-en\/casas-en-venta-para-vivir-en-premia-de-dalt\">Casas en venta para vivir en Premi\u00e1 de Dalt<\/a><\/li>\n<\/ul>\n","protected":false},"excerpt":{"rendered":"<p>La situaci\u00f3n de crisis internacional en la que estamos entrando sumada a otros condicionantes nacionales, como la par\u00e1lisis pol\u00edtica o las medidas jur\u00eddicas tomadas o por tomar en el entorno de la vivienda, est\u00e1n propiciando que los precios comiencen a ajustarse<\/p>\n","protected":false},"author":3,"featured_media":25792,"comment_status":"open","ping_status":"open","sticky":false,"template":"","format":"standard","meta":{"_jetpack_memberships_contains_paid_content":false,"footnotes":"","jetpack_publicize_message":"","jetpack_publicize_feature_enabled":true,"jetpack_social_post_already_shared":true,"jetpack_social_options":{"image_generator_settings":{"template":"highway","default_image_id":0,"font":"","enabled":false},"version":2}},"categories":[100,7565],"tags":[4840,3094],"class_list":["post-26817","post","type-post","status-publish","format-standard","has-post-thumbnail","hentry","category-compraventa-de-viviendas","category-noticias-mercado-inmobiliario","tag-precios-en-barcelona","tag-precios-en-madrid"],"yoast_head":"<!-- This site is optimized with the Yoast SEO plugin v28.2 - https:\/\/yoast.com\/product\/yoast-seo-wordpress\/ -->\n<title>Evoluci\u00f3n dispar de los precios en distritos de Madrid y Barcelona<\/title>\n<meta name=\"description\" content=\"La situaci\u00f3n de crisis internacional sumada a otros condicionantes nacionales, est\u00e1n propiciando que los precios comiencen a ajustarse\" \/>\n<meta name=\"robots\" content=\"index, follow, max-snippet:-1, max-image-preview:large, max-video-preview:-1\" \/>\n<link rel=\"canonical\" href=\"https:\/\/www.aquimicasa.net\/blog\/vivienda\/compraventa-de-viviendas\/evolucion-dispar-de-los-precios-en-distritos-de-madrid-y-barcelona\/\" \/>\n<meta property=\"og:locale\" content=\"es_ES\" \/>\n<meta property=\"og:type\" content=\"article\" \/>\n<meta property=\"og:title\" content=\"Evoluci\u00f3n dispar de los precios en distritos de Madrid y Barcelona\" \/>\n<meta property=\"og:description\" content=\"La situaci\u00f3n de crisis internacional sumada a otros condicionantes nacionales, est\u00e1n propiciando que los precios comiencen a ajustarse\" \/>\n<meta property=\"og:url\" content=\"https:\/\/www.aquimicasa.net\/blog\/vivienda\/compraventa-de-viviendas\/evolucion-dispar-de-los-precios-en-distritos-de-madrid-y-barcelona\/\" \/>\n<meta property=\"og:site_name\" content=\"Blog de aquimicasa.net\" \/>\n<meta property=\"article:publisher\" content=\"https:\/\/www.facebook.com\/aquimicasa.net\" \/>\n<meta property=\"article:published_time\" content=\"2019-10-20T08:25:10+00:00\" \/>\n<meta property=\"article:modified_time\" content=\"2020-04-02T16:49:28+00:00\" \/>\n<meta property=\"og:image\" content=\"https:\/\/www.aquimicasa.net\/blog\/wp-content\/uploads\/Venta-casa-e1591135878425.png\" \/>\n\t<meta property=\"og:image:width\" content=\"450\" \/>\n\t<meta property=\"og:image:height\" content=\"280\" \/>\n\t<meta property=\"og:image:type\" content=\"image\/png\" \/>\n<meta name=\"author\" content=\"Eduardo Lizarraga\" \/>\n<meta name=\"twitter:label1\" content=\"Escrito por\" \/>\n\t<meta name=\"twitter:data1\" content=\"Eduardo Lizarraga\" \/>\n\t<meta name=\"twitter:label2\" content=\"Tiempo de lectura\" \/>\n\t<meta name=\"twitter:data2\" content=\"2 minutos\" \/>\n<script type=\"application\/ld+json\" class=\"yoast-schema-graph\">{\"@context\":\"https:\\\/\\\/schema.org\",\"@graph\":[{\"@type\":\"Article\",\"@id\":\"https:\\\/\\\/www.aquimicasa.net\\\/blog\\\/vivienda\\\/compraventa-de-viviendas\\\/evolucion-dispar-de-los-precios-en-distritos-de-madrid-y-barcelona\\\/#article\",\"isPartOf\":{\"@id\":\"https:\\\/\\\/www.aquimicasa.net\\\/blog\\\/vivienda\\\/compraventa-de-viviendas\\\/evolucion-dispar-de-los-precios-en-distritos-de-madrid-y-barcelona\\\/\"},\"author\":{\"name\":\"Eduardo Lizarraga\",\"@id\":\"https:\\\/\\\/www.aquimicasa.net\\\/blog\\\/#\\\/schema\\\/person\\\/2cdfa2605534583395c8d7ce1d6cac14\"},\"headline\":\"Evoluci\u00f3n dispar de los precios en distritos de Madrid y Barcelona\",\"datePublished\":\"2019-10-20T08:25:10+00:00\",\"dateModified\":\"2020-04-02T16:49:28+00:00\",\"mainEntityOfPage\":{\"@id\":\"https:\\\/\\\/www.aquimicasa.net\\\/blog\\\/vivienda\\\/compraventa-de-viviendas\\\/evolucion-dispar-de-los-precios-en-distritos-de-madrid-y-barcelona\\\/\"},\"wordCount\":435,\"commentCount\":0,\"publisher\":{\"@id\":\"https:\\\/\\\/www.aquimicasa.net\\\/blog\\\/#organization\"},\"image\":{\"@id\":\"https:\\\/\\\/www.aquimicasa.net\\\/blog\\\/vivienda\\\/compraventa-de-viviendas\\\/evolucion-dispar-de-los-precios-en-distritos-de-madrid-y-barcelona\\\/#primaryimage\"},\"thumbnailUrl\":\"https:\\\/\\\/www.aquimicasa.net\\\/blog\\\/wp-content\\\/uploads\\\/Venta-casa-e1591135878425.png\",\"keywords\":[\"precios en Barcelona\",\"precios en Madrid\"],\"articleSection\":[\"Compra Venta\",\"Noticias Mercado Inmobiliario\"],\"inLanguage\":\"es\",\"potentialAction\":[{\"@type\":\"CommentAction\",\"name\":\"Comment\",\"target\":[\"https:\\\/\\\/www.aquimicasa.net\\\/blog\\\/vivienda\\\/compraventa-de-viviendas\\\/evolucion-dispar-de-los-precios-en-distritos-de-madrid-y-barcelona\\\/#respond\"]}]},{\"@type\":\"WebPage\",\"@id\":\"https:\\\/\\\/www.aquimicasa.net\\\/blog\\\/vivienda\\\/compraventa-de-viviendas\\\/evolucion-dispar-de-los-precios-en-distritos-de-madrid-y-barcelona\\\/\",\"url\":\"https:\\\/\\\/www.aquimicasa.net\\\/blog\\\/vivienda\\\/compraventa-de-viviendas\\\/evolucion-dispar-de-los-precios-en-distritos-de-madrid-y-barcelona\\\/\",\"name\":\"Evoluci\u00f3n dispar de los precios en distritos de Madrid y Barcelona\",\"isPartOf\":{\"@id\":\"https:\\\/\\\/www.aquimicasa.net\\\/blog\\\/#website\"},\"primaryImageOfPage\":{\"@id\":\"https:\\\/\\\/www.aquimicasa.net\\\/blog\\\/vivienda\\\/compraventa-de-viviendas\\\/evolucion-dispar-de-los-precios-en-distritos-de-madrid-y-barcelona\\\/#primaryimage\"},\"image\":{\"@id\":\"https:\\\/\\\/www.aquimicasa.net\\\/blog\\\/vivienda\\\/compraventa-de-viviendas\\\/evolucion-dispar-de-los-precios-en-distritos-de-madrid-y-barcelona\\\/#primaryimage\"},\"thumbnailUrl\":\"https:\\\/\\\/www.aquimicasa.net\\\/blog\\\/wp-content\\\/uploads\\\/Venta-casa-e1591135878425.png\",\"datePublished\":\"2019-10-20T08:25:10+00:00\",\"dateModified\":\"2020-04-02T16:49:28+00:00\",\"description\":\"La situaci\u00f3n de crisis internacional sumada a otros condicionantes nacionales, est\u00e1n propiciando que los precios comiencen a ajustarse\",\"breadcrumb\":{\"@id\":\"https:\\\/\\\/www.aquimicasa.net\\\/blog\\\/vivienda\\\/compraventa-de-viviendas\\\/evolucion-dispar-de-los-precios-en-distritos-de-madrid-y-barcelona\\\/#breadcrumb\"},\"inLanguage\":\"es\",\"potentialAction\":[{\"@type\":\"ReadAction\",\"target\":[\"https:\\\/\\\/www.aquimicasa.net\\\/blog\\\/vivienda\\\/compraventa-de-viviendas\\\/evolucion-dispar-de-los-precios-en-distritos-de-madrid-y-barcelona\\\/\"]}]},{\"@type\":\"ImageObject\",\"inLanguage\":\"es\",\"@id\":\"https:\\\/\\\/www.aquimicasa.net\\\/blog\\\/vivienda\\\/compraventa-de-viviendas\\\/evolucion-dispar-de-los-precios-en-distritos-de-madrid-y-barcelona\\\/#primaryimage\",\"url\":\"https:\\\/\\\/www.aquimicasa.net\\\/blog\\\/wp-content\\\/uploads\\\/Venta-casa-e1591135878425.png\",\"contentUrl\":\"https:\\\/\\\/www.aquimicasa.net\\\/blog\\\/wp-content\\\/uploads\\\/Venta-casa-e1591135878425.png\",\"width\":450,\"height\":280},{\"@type\":\"BreadcrumbList\",\"@id\":\"https:\\\/\\\/www.aquimicasa.net\\\/blog\\\/vivienda\\\/compraventa-de-viviendas\\\/evolucion-dispar-de-los-precios-en-distritos-de-madrid-y-barcelona\\\/#breadcrumb\",\"itemListElement\":[{\"@type\":\"ListItem\",\"position\":1,\"name\":\"Portada\",\"item\":\"https:\\\/\\\/www.aquimicasa.net\\\/blog\\\/\"},{\"@type\":\"ListItem\",\"position\":2,\"name\":\"Evoluci\u00f3n dispar de los precios en distritos de Madrid y Barcelona\"}]},{\"@type\":\"WebSite\",\"@id\":\"https:\\\/\\\/www.aquimicasa.net\\\/blog\\\/#website\",\"url\":\"https:\\\/\\\/www.aquimicasa.net\\\/blog\\\/\",\"name\":\"Blog de aquimicasa.net\",\"description\":\"Noticias del Mundo Inmobiliario\",\"publisher\":{\"@id\":\"https:\\\/\\\/www.aquimicasa.net\\\/blog\\\/#organization\"},\"potentialAction\":[{\"@type\":\"SearchAction\",\"target\":{\"@type\":\"EntryPoint\",\"urlTemplate\":\"https:\\\/\\\/www.aquimicasa.net\\\/blog\\\/?s={search_term_string}\"},\"query-input\":{\"@type\":\"PropertyValueSpecification\",\"valueRequired\":true,\"valueName\":\"search_term_string\"}}],\"inLanguage\":\"es\"},{\"@type\":\"Organization\",\"@id\":\"https:\\\/\\\/www.aquimicasa.net\\\/blog\\\/#organization\",\"name\":\"Blog de aquimicasa.net\",\"url\":\"https:\\\/\\\/www.aquimicasa.net\\\/blog\\\/\",\"logo\":{\"@type\":\"ImageObject\",\"inLanguage\":\"es\",\"@id\":\"https:\\\/\\\/www.aquimicasa.net\\\/blog\\\/#\\\/schema\\\/logo\\\/image\\\/\",\"url\":\"https:\\\/\\\/www.aquimicasa.net\\\/blog\\\/wp-content\\\/uploads\\\/Logo-aquimicasa-1-e1528048213782.png\",\"contentUrl\":\"https:\\\/\\\/www.aquimicasa.net\\\/blog\\\/wp-content\\\/uploads\\\/Logo-aquimicasa-1-e1528048213782.png\",\"width\":225,\"height\":225,\"caption\":\"Blog de aquimicasa.net\"},\"image\":{\"@id\":\"https:\\\/\\\/www.aquimicasa.net\\\/blog\\\/#\\\/schema\\\/logo\\\/image\\\/\"},\"sameAs\":[\"https:\\\/\\\/www.facebook.com\\\/aquimicasa.net\",\"https:\\\/\\\/www.instagram.com\\\/\",\"https:\\\/\\\/x.com\\\/EduLizarragaD\",\"https:\\\/\\\/www.linkedin.com\\\/feed\\\/\"]},{\"@type\":\"Person\",\"@id\":\"https:\\\/\\\/www.aquimicasa.net\\\/blog\\\/#\\\/schema\\\/person\\\/2cdfa2605534583395c8d7ce1d6cac14\",\"name\":\"Eduardo Lizarraga\",\"image\":{\"@type\":\"ImageObject\",\"inLanguage\":\"es\",\"@id\":\"https:\\\/\\\/secure.gravatar.com\\\/avatar\\\/bdabe1eeeed97b65a9cb7de2edd624b07995f7e13abc5fead15961f745f908cc?s=96&d=mm&r=g\",\"url\":\"https:\\\/\\\/secure.gravatar.com\\\/avatar\\\/bdabe1eeeed97b65a9cb7de2edd624b07995f7e13abc5fead15961f745f908cc?s=96&d=mm&r=g\",\"contentUrl\":\"https:\\\/\\\/secure.gravatar.com\\\/avatar\\\/bdabe1eeeed97b65a9cb7de2edd624b07995f7e13abc5fead15961f745f908cc?s=96&d=mm&r=g\",\"caption\":\"Eduardo Lizarraga\"},\"description\":\"Periodista Econ\u00f3mico. Ha trabajado en diversos campos de la informaci\u00f3n. Corresponsal en conflictos, analista pol\u00edtico en Congreso y Senado, periodista del medio ambiente, editor, director editorial, director de comunicaci\u00f3n.... En estos momentos se ha especializado en el sector inmobiliario. Pero tambi\u00e9n es navegante y viajero, preocupado por la pobreza, el medio ambiente y por las actuaciones descontroladas del neoliberalismo empresarial y pol\u00edtico en todo el mundo. Los desahucios, la pobreza infantil y la falta de acceso a los suministros b\u00e1sicos son algunos de los grandes dramas de nuestra sociedad y que es preciso solucionar para hacerla m\u00e1s justa. CEO en www.aquimicasa.net\",\"sameAs\":[\"https:\\\/\\\/www.aquimicasa.net\\\/\"],\"url\":\"https:\\\/\\\/www.aquimicasa.net\\\/blog\\\/author\\\/eduardo\\\/\"}]}<\/script>\n<!-- \/ Yoast SEO plugin. -->","yoast_head_json":{"title":"Evoluci\u00f3n dispar de los precios en distritos de Madrid y Barcelona","description":"La situaci\u00f3n de crisis internacional sumada a otros condicionantes nacionales, est\u00e1n propiciando que los precios comiencen a ajustarse","robots":{"index":"index","follow":"follow","max-snippet":"max-snippet:-1","max-image-preview":"max-image-preview:large","max-video-preview":"max-video-preview:-1"},"canonical":"https:\/\/www.aquimicasa.net\/blog\/vivienda\/compraventa-de-viviendas\/evolucion-dispar-de-los-precios-en-distritos-de-madrid-y-barcelona\/","og_locale":"es_ES","og_type":"article","og_title":"Evoluci\u00f3n dispar de los precios en distritos de Madrid y Barcelona","og_description":"La situaci\u00f3n de crisis internacional sumada a otros condicionantes nacionales, est\u00e1n propiciando que los precios comiencen a ajustarse","og_url":"https:\/\/www.aquimicasa.net\/blog\/vivienda\/compraventa-de-viviendas\/evolucion-dispar-de-los-precios-en-distritos-de-madrid-y-barcelona\/","og_site_name":"Blog de aquimicasa.net","article_publisher":"https:\/\/www.facebook.com\/aquimicasa.net","article_published_time":"2019-10-20T08:25:10+00:00","article_modified_time":"2020-04-02T16:49:28+00:00","og_image":[{"width":450,"height":280,"url":"https:\/\/www.aquimicasa.net\/blog\/wp-content\/uploads\/Venta-casa-e1591135878425.png","type":"image\/png"}],"author":"Eduardo Lizarraga","twitter_misc":{"Escrito por":"Eduardo Lizarraga","Tiempo de lectura":"2 minutos"},"schema":{"@context":"https:\/\/schema.org","@graph":[{"@type":"Article","@id":"https:\/\/www.aquimicasa.net\/blog\/vivienda\/compraventa-de-viviendas\/evolucion-dispar-de-los-precios-en-distritos-de-madrid-y-barcelona\/#article","isPartOf":{"@id":"https:\/\/www.aquimicasa.net\/blog\/vivienda\/compraventa-de-viviendas\/evolucion-dispar-de-los-precios-en-distritos-de-madrid-y-barcelona\/"},"author":{"name":"Eduardo Lizarraga","@id":"https:\/\/www.aquimicasa.net\/blog\/#\/schema\/person\/2cdfa2605534583395c8d7ce1d6cac14"},"headline":"Evoluci\u00f3n dispar de los precios en distritos de Madrid y Barcelona","datePublished":"2019-10-20T08:25:10+00:00","dateModified":"2020-04-02T16:49:28+00:00","mainEntityOfPage":{"@id":"https:\/\/www.aquimicasa.net\/blog\/vivienda\/compraventa-de-viviendas\/evolucion-dispar-de-los-precios-en-distritos-de-madrid-y-barcelona\/"},"wordCount":435,"commentCount":0,"publisher":{"@id":"https:\/\/www.aquimicasa.net\/blog\/#organization"},"image":{"@id":"https:\/\/www.aquimicasa.net\/blog\/vivienda\/compraventa-de-viviendas\/evolucion-dispar-de-los-precios-en-distritos-de-madrid-y-barcelona\/#primaryimage"},"thumbnailUrl":"https:\/\/www.aquimicasa.net\/blog\/wp-content\/uploads\/Venta-casa-e1591135878425.png","keywords":["precios en Barcelona","precios en Madrid"],"articleSection":["Compra Venta","Noticias Mercado Inmobiliario"],"inLanguage":"es","potentialAction":[{"@type":"CommentAction","name":"Comment","target":["https:\/\/www.aquimicasa.net\/blog\/vivienda\/compraventa-de-viviendas\/evolucion-dispar-de-los-precios-en-distritos-de-madrid-y-barcelona\/#respond"]}]},{"@type":"WebPage","@id":"https:\/\/www.aquimicasa.net\/blog\/vivienda\/compraventa-de-viviendas\/evolucion-dispar-de-los-precios-en-distritos-de-madrid-y-barcelona\/","url":"https:\/\/www.aquimicasa.net\/blog\/vivienda\/compraventa-de-viviendas\/evolucion-dispar-de-los-precios-en-distritos-de-madrid-y-barcelona\/","name":"Evoluci\u00f3n dispar de los precios en distritos de Madrid y Barcelona","isPartOf":{"@id":"https:\/\/www.aquimicasa.net\/blog\/#website"},"primaryImageOfPage":{"@id":"https:\/\/www.aquimicasa.net\/blog\/vivienda\/compraventa-de-viviendas\/evolucion-dispar-de-los-precios-en-distritos-de-madrid-y-barcelona\/#primaryimage"},"image":{"@id":"https:\/\/www.aquimicasa.net\/blog\/vivienda\/compraventa-de-viviendas\/evolucion-dispar-de-los-precios-en-distritos-de-madrid-y-barcelona\/#primaryimage"},"thumbnailUrl":"https:\/\/www.aquimicasa.net\/blog\/wp-content\/uploads\/Venta-casa-e1591135878425.png","datePublished":"2019-10-20T08:25:10+00:00","dateModified":"2020-04-02T16:49:28+00:00","description":"La situaci\u00f3n de crisis internacional sumada a otros condicionantes nacionales, est\u00e1n propiciando que los precios comiencen a ajustarse","breadcrumb":{"@id":"https:\/\/www.aquimicasa.net\/blog\/vivienda\/compraventa-de-viviendas\/evolucion-dispar-de-los-precios-en-distritos-de-madrid-y-barcelona\/#breadcrumb"},"inLanguage":"es","potentialAction":[{"@type":"ReadAction","target":["https:\/\/www.aquimicasa.net\/blog\/vivienda\/compraventa-de-viviendas\/evolucion-dispar-de-los-precios-en-distritos-de-madrid-y-barcelona\/"]}]},{"@type":"ImageObject","inLanguage":"es","@id":"https:\/\/www.aquimicasa.net\/blog\/vivienda\/compraventa-de-viviendas\/evolucion-dispar-de-los-precios-en-distritos-de-madrid-y-barcelona\/#primaryimage","url":"https:\/\/www.aquimicasa.net\/blog\/wp-content\/uploads\/Venta-casa-e1591135878425.png","contentUrl":"https:\/\/www.aquimicasa.net\/blog\/wp-content\/uploads\/Venta-casa-e1591135878425.png","width":450,"height":280},{"@type":"BreadcrumbList","@id":"https:\/\/www.aquimicasa.net\/blog\/vivienda\/compraventa-de-viviendas\/evolucion-dispar-de-los-precios-en-distritos-de-madrid-y-barcelona\/#breadcrumb","itemListElement":[{"@type":"ListItem","position":1,"name":"Portada","item":"https:\/\/www.aquimicasa.net\/blog\/"},{"@type":"ListItem","position":2,"name":"Evoluci\u00f3n dispar de los precios en distritos de Madrid y Barcelona"}]},{"@type":"WebSite","@id":"https:\/\/www.aquimicasa.net\/blog\/#website","url":"https:\/\/www.aquimicasa.net\/blog\/","name":"Blog de aquimicasa.net","description":"Noticias del Mundo Inmobiliario","publisher":{"@id":"https:\/\/www.aquimicasa.net\/blog\/#organization"},"potentialAction":[{"@type":"SearchAction","target":{"@type":"EntryPoint","urlTemplate":"https:\/\/www.aquimicasa.net\/blog\/?s={search_term_string}"},"query-input":{"@type":"PropertyValueSpecification","valueRequired":true,"valueName":"search_term_string"}}],"inLanguage":"es"},{"@type":"Organization","@id":"https:\/\/www.aquimicasa.net\/blog\/#organization","name":"Blog de aquimicasa.net","url":"https:\/\/www.aquimicasa.net\/blog\/","logo":{"@type":"ImageObject","inLanguage":"es","@id":"https:\/\/www.aquimicasa.net\/blog\/#\/schema\/logo\/image\/","url":"https:\/\/www.aquimicasa.net\/blog\/wp-content\/uploads\/Logo-aquimicasa-1-e1528048213782.png","contentUrl":"https:\/\/www.aquimicasa.net\/blog\/wp-content\/uploads\/Logo-aquimicasa-1-e1528048213782.png","width":225,"height":225,"caption":"Blog de aquimicasa.net"},"image":{"@id":"https:\/\/www.aquimicasa.net\/blog\/#\/schema\/logo\/image\/"},"sameAs":["https:\/\/www.facebook.com\/aquimicasa.net","https:\/\/www.instagram.com\/","https:\/\/x.com\/EduLizarragaD","https:\/\/www.linkedin.com\/feed\/"]},{"@type":"Person","@id":"https:\/\/www.aquimicasa.net\/blog\/#\/schema\/person\/2cdfa2605534583395c8d7ce1d6cac14","name":"Eduardo Lizarraga","image":{"@type":"ImageObject","inLanguage":"es","@id":"https:\/\/secure.gravatar.com\/avatar\/bdabe1eeeed97b65a9cb7de2edd624b07995f7e13abc5fead15961f745f908cc?s=96&d=mm&r=g","url":"https:\/\/secure.gravatar.com\/avatar\/bdabe1eeeed97b65a9cb7de2edd624b07995f7e13abc5fead15961f745f908cc?s=96&d=mm&r=g","contentUrl":"https:\/\/secure.gravatar.com\/avatar\/bdabe1eeeed97b65a9cb7de2edd624b07995f7e13abc5fead15961f745f908cc?s=96&d=mm&r=g","caption":"Eduardo Lizarraga"},"description":"Periodista Econ\u00f3mico. Ha trabajado en diversos campos de la informaci\u00f3n. Corresponsal en conflictos, analista pol\u00edtico en Congreso y Senado, periodista del medio ambiente, editor, director editorial, director de comunicaci\u00f3n.... En estos momentos se ha especializado en el sector inmobiliario. Pero tambi\u00e9n es navegante y viajero, preocupado por la pobreza, el medio ambiente y por las actuaciones descontroladas del neoliberalismo empresarial y pol\u00edtico en todo el mundo. Los desahucios, la pobreza infantil y la falta de acceso a los suministros b\u00e1sicos son algunos de los grandes dramas de nuestra sociedad y que es preciso solucionar para hacerla m\u00e1s justa. CEO en www.aquimicasa.net","sameAs":["https:\/\/www.aquimicasa.net\/"],"url":"https:\/\/www.aquimicasa.net\/blog\/author\/eduardo\/"}]}},"jetpack_publicize_connections":[],"jetpack_featured_media_url":"https:\/\/www.aquimicasa.net\/blog\/wp-content\/uploads\/Venta-casa-e1591135878425.png","jetpack_sharing_enabled":true,"jetpack_likes_enabled":true,"_links":{"self":[{"href":"https:\/\/www.aquimicasa.net\/blog\/wp-json\/wp\/v2\/posts\/26817","targetHints":{"allow":["GET"]}}],"collection":[{"href":"https:\/\/www.aquimicasa.net\/blog\/wp-json\/wp\/v2\/posts"}],"about":[{"href":"https:\/\/www.aquimicasa.net\/blog\/wp-json\/wp\/v2\/types\/post"}],"author":[{"embeddable":true,"href":"https:\/\/www.aquimicasa.net\/blog\/wp-json\/wp\/v2\/users\/3"}],"replies":[{"embeddable":true,"href":"https:\/\/www.aquimicasa.net\/blog\/wp-json\/wp\/v2\/comments?post=26817"}],"version-history":[{"count":1,"href":"https:\/\/www.aquimicasa.net\/blog\/wp-json\/wp\/v2\/posts\/26817\/revisions"}],"predecessor-version":[{"id":31050,"href":"https:\/\/www.aquimicasa.net\/blog\/wp-json\/wp\/v2\/posts\/26817\/revisions\/31050"}],"wp:featuredmedia":[{"embeddable":true,"href":"https:\/\/www.aquimicasa.net\/blog\/wp-json\/wp\/v2\/media\/25792"}],"wp:attachment":[{"href":"https:\/\/www.aquimicasa.net\/blog\/wp-json\/wp\/v2\/media?parent=26817"}],"wp:term":[{"taxonomy":"category","embeddable":true,"href":"https:\/\/www.aquimicasa.net\/blog\/wp-json\/wp\/v2\/categories?post=26817"},{"taxonomy":"post_tag","embeddable":true,"href":"https:\/\/www.aquimicasa.net\/blog\/wp-json\/wp\/v2\/tags?post=26817"}],"curies":[{"name":"wp","href":"https:\/\/api.w.org\/{rel}","templated":true}]}}