{"id":27111,"date":"2019-11-19T00:28:45","date_gmt":"2019-11-18T23:28:45","guid":{"rendered":"https:\/\/www.aquimicasa.net\/blog\/?p=27111"},"modified":"2020-07-22T08:04:25","modified_gmt":"2020-07-22T06:04:25","slug":"pisos-y-casas-en-venta-para-vivir-en-elda","status":"publish","type":"post","link":"https:\/\/www.aquimicasa.net\/blog\/vivienda\/agencias-inmobiliarias\/pisos-y-casas-en-venta-para-vivir-en-elda\/","title":{"rendered":"Pisos y casas en venta para vivir en Elda"},"content":{"rendered":"<div class=\"fusion-fullwidth fullwidth-box fusion-builder-row-1 nonhundred-percent-fullwidth non-hundred-percent-height-scrolling\" style=\"background-color: rgba(255,255,255,0);background-position: center center;background-repeat: no-repeat;padding-top:0px;padding-right:0px;padding-bottom:0px;padding-left:0px;margin-bottom: 0px;margin-top: 0px;border-width: 0px 0px 0px 0px;border-color:#eae9e9;border-style:solid;\" ><div class=\"fusion-builder-row fusion-row\"><div class=\"fusion-layout-column fusion_builder_column fusion-builder-column-0 fusion_builder_column_1_1 1_1 fusion-one-full fusion-column-first fusion-column-last\" style=\"margin-top:0px;margin-bottom:0px;\"><div class=\"fusion-column-wrapper fusion-flex-column-wrapper-legacy\" style=\"background-position:left top;background-repeat:no-repeat;-webkit-background-size:cover;-moz-background-size:cover;-o-background-size:cover;background-size:cover;padding: 0px 0px 0px 0px;\"><div class=\"fusion-text fusion-text-1\"><p>Capital del Medio Vinalop\u00f3, la ciudad de Elda hunde sus or\u00edgenes en el Neol\u00edtico con restos \u00a0en los parajes del Chorrillo y el Chopo. La Edad del Bronce, como lo indica el poblado \u00edbero de hace 2500 a\u00f1os de El Monastil, ya muestra un poblamiento m\u00e1s intenso. En estos momentos su poblaci\u00f3n supera los 50.000 habitantes, aunque si los sumamos a Petrer, la conurbaci\u00f3n que engloba a las dos poblaciones, con l\u00edmites muy difusos entre ellas, alcanza los 90.000 habitantes.<\/p>\n<p>La poblaci\u00f3n ha conocido a una docena de culturas a lo largo de toda su existencia. \u00cdberos, fenicios, cartagineses, romanos, visigodos, bizantinos, omeyas\u2026hasta llegar a la Edad Contempor\u00e1nea. Su nombre aparece con el Imperio Romano cuando se la comenz\u00f3 a denominar Ela.\u00a0 Pero su posici\u00f3n, entre el Mediterr\u00e1neo y el interior, al borde de la v\u00eda Augusta romana, tambi\u00e9n ha conseguido que tuviera un papel clave en todos los conflictos que han afectado a la regi\u00f3n y al Estado. Guerra de Sucesi\u00f3n, Guerra de Independencia, guerras carlistas, Guerra Civil\u2026invasiones, pillaje y problemas para sus habitantes, que han demostrado a lo largo del tiempo que siempre sobreviven.<\/p>\n<p>La presencia \u00e1rabe en la <strong>comarca del Vinalop<\/strong>\u00f3 se remonta a los primeros momentos de la conquista, aunque quedaron bajo el gobierno del visigodo Teodomiro de Orihuela que lleg\u00f3 a un acuerdo con el emir de C\u00f3rdoba. Con \u00e9ste periodo vuelve a repoblarse y prosperan las labores agr\u00edcolas en las zonas m\u00e1s f\u00e9rtiles de las riberas. Es en el siglo XII cuando se levanta el<strong> castillo de Elda<\/strong> y se concentra la poblaci\u00f3n a su alrededor construyendo edificaciones \u00e1rabes cuyos restos han llegado hasta nuestros d\u00edas.<\/p>\n<p>Tras la reconquista la regi\u00f3n queda en manos de Castilla y alternativamente de Arag\u00f3n, con distintos se\u00f1ores a su cargo. La ca\u00edda del reino de Granada y\u00a0 la desaparici\u00f3n de las razzias que desde all\u00ed se realizaban, coincide con la venta de la propiedad por parte de los Corella, que es adquirida por la familia Coloma que convierten el castillo en palacio condal y comienzan la progresiva cristianizaci\u00f3n de la <strong>comarca del Vinalop\u00f3<\/strong>.<\/p>\n<p>El escaso \u00e9xito logrado, caus\u00f3 que casi 100 a\u00f1os despu\u00e9s la expulsi\u00f3n de los moriscos, por orden de Felipe III, dejara la ciudad despoblada y se iniciara una larga crisis econ\u00f3mica y demogr\u00e1fica que tardar\u00eda m\u00e1s de 30 a\u00f1os en resolverse.La econom\u00eda tradicional de la regi\u00f3n durante muchos siglos fue la agricultura, favorecida por su situaci\u00f3n en una f\u00e9rtil terraza aluvial,\u00a0 circundada por monta\u00f1as de mediana altitud,\u00a0 con cambios en los cultivos que alternaron los cereales con las hortalizas, el olivo y el vino, intentando solucionar siempre la escasez del agua necesaria.<\/p>\n<p>El r\u00edo <strong>Vinalop\u00f3<\/strong> propici\u00f3 la construcci\u00f3n de molinos, que aprovecharon su fuerza hidr\u00e1ulica en una incipiente industria que poco a poco cambi\u00f3 el sector primario por las f\u00e1bricas, de papel, de transformaci\u00f3n del abundante esparto para su utilizaci\u00f3n en cordajes y alpargatas en Elche. A finales del XIX comienza la actividad de una incipiente industria zapatera que dar\u00e1 fama a la ciudad y que\u00a0 convierte a <strong>Elda<\/strong> en la capital nacional del calzado. A partir de ese momento comienza la oferta de <strong>pisos y casas en venta para vivir en Elda.<\/strong><\/p>\n<p>A pesar de la crisis del sector, con la entrada de productos baratos y de peor calidad procedentes del mercado asi\u00e1tico, la fabricaci\u00f3n del calzado femenino contin\u00faa siendo el principal motor econ\u00f3mico de la ciudad.<\/p>\n<p>La crisis general del a\u00f1o 2008, unida a la particular que viven algunos de los sectores econ\u00f3micos de la zona y a la emigraci\u00f3n, ha hecho que el precio de la vivienda se mantenga bajo, pudi\u00e9ndose encontrar<strong> pisos y casas en venta para vivir en Elda<\/strong> . En este sentido, el Ministerio de Fomento public\u00f3 a mediados del 2018, una estad\u00edstica en la que asignaba los precios m\u00e1s bajos de la Comunidad Valenciana a <strong>Elda<\/strong>, seguida de <strong>Petrer<\/strong>, Villena y Onteniente.<\/p>\n<p>Estos son los barrios en los que se divide actualmente la ciudad: La Torreta, Virgen de la Cabeza, Nueva Fraternidad, Ciudad Vergel, Numancia-Tener\u00edas, La Prosperidad, El Progreso, Plaza de Toros, Tafalera, Casco Antiguo, Trinquete, Centro, La Ficia, Huerta Nueva, Estaci\u00f3n, Caliu, Virgen de la Salud, Molinos de F\u00e9lix, Las 300, San Francisco de Sales, Almafr\u00e1&#8230;en todos estos barrios existe oferta de<\/p>\n<p><strong>pisos y casas en venta para vivir en Elda<\/strong><\/p>\n<dl>\n<dt><\/dt>\n<dt>\n<h2><strong>Pisos y casas baratas en venta en Elda Petrer<\/strong><\/h2>\n<\/dt>\n<\/dl>\n<p>Distinta situaci\u00f3n se da en la conurbaci\u00f3n con <strong>Petrer<\/strong>, iniciada a finales de la d\u00e9cada de los 70 con la construcci\u00f3n del Barrio de la Frontera que llev\u00f3 al ayuntamiento de <strong>Elda<\/strong> a pedir la uni\u00f3n \u2013denegada- con \u00e9ste municipio. Hoy en d\u00eda existe ya una mancomunidad de servicios, denominada Mancomunidad Intermunicipal del <strong>Valle del Vinalop\u00f3<\/strong>.<\/p>\n<p>En todo caso la l\u00ednea divisoria entre ambos municipios es tan sutil que muchos de los vecinos la desconocen, d\u00e1ndose el caso de casas con la cocina en Elda y los dormitorios en Petrer. En toda la conurbaci\u00f3n es posible disponer de <strong>pisos y casas en venta para vivir en Elda <\/strong>Petrer<strong>.<\/strong><\/p>\n<h2>Pisos en venta para vivir en Petrer<\/h2>\n<\/div><div class=\"fusion-clearfix\"><\/div><\/div><\/div><\/div><\/div>\n","protected":false},"excerpt":{"rendered":"","protected":false},"author":3,"featured_media":27140,"comment_status":"open","ping_status":"open","sticky":false,"template":"","format":"standard","meta":{"_jetpack_memberships_contains_paid_content":false,"footnotes":"","jetpack_publicize_message":"","jetpack_publicize_feature_enabled":true,"jetpack_social_post_already_shared":true,"jetpack_social_options":{"image_generator_settings":{"template":"highway","default_image_id":0,"font":"","enabled":false},"version":2}},"categories":[7562],"tags":[7711,7350,7710,7295],"class_list":["post-27111","post","type-post","status-publish","format-standard","has-post-thumbnail","hentry","category-agencias-inmobiliarias","tag-casas-en-elda","tag-elda","tag-pisos-en-venta-en-elda","tag-soluciones-inmobiliarias"],"yoast_head":"<!-- This site is optimized with the Yoast SEO plugin v28.2 - https:\/\/yoast.com\/product\/yoast-seo-wordpress\/ -->\n<title>Pisos y casas en venta para vivir en Elda<\/title>\n<meta name=\"robots\" content=\"index, follow, max-snippet:-1, max-image-preview:large, max-video-preview:-1\" \/>\n<link rel=\"canonical\" href=\"https:\/\/www.aquimicasa.net\/blog\/vivienda\/agencias-inmobiliarias\/pisos-y-casas-en-venta-para-vivir-en-elda\/\" \/>\n<meta property=\"og:locale\" content=\"es_ES\" \/>\n<meta property=\"og:type\" content=\"article\" \/>\n<meta property=\"og:title\" content=\"Pisos y casas en venta para vivir en Elda\" \/>\n<meta property=\"og:url\" content=\"https:\/\/www.aquimicasa.net\/blog\/vivienda\/agencias-inmobiliarias\/pisos-y-casas-en-venta-para-vivir-en-elda\/\" \/>\n<meta property=\"og:site_name\" content=\"Blog de aquimicasa.net\" \/>\n<meta property=\"article:publisher\" content=\"https:\/\/www.facebook.com\/aquimicasa.net\" \/>\n<meta property=\"article:published_time\" content=\"2019-11-18T23:28:45+00:00\" \/>\n<meta property=\"article:modified_time\" content=\"2020-07-22T06:04:25+00:00\" \/>\n<meta property=\"og:image\" content=\"https:\/\/www.aquimicasa.net\/blog\/wp-content\/uploads\/Elda2-e1591686872389.jpg\" \/>\n\t<meta property=\"og:image:width\" content=\"400\" \/>\n\t<meta property=\"og:image:height\" content=\"267\" \/>\n\t<meta property=\"og:image:type\" content=\"image\/jpeg\" \/>\n<meta name=\"author\" content=\"Eduardo Lizarraga\" \/>\n<meta name=\"twitter:label1\" content=\"Escrito por\" \/>\n\t<meta name=\"twitter:data1\" content=\"Eduardo Lizarraga\" \/>\n\t<meta name=\"twitter:label2\" content=\"Tiempo de lectura\" \/>\n\t<meta name=\"twitter:data2\" content=\"5 minutos\" \/>\n<script type=\"application\/ld+json\" class=\"yoast-schema-graph\">{\"@context\":\"https:\\\/\\\/schema.org\",\"@graph\":[{\"@type\":\"Article\",\"@id\":\"https:\\\/\\\/www.aquimicasa.net\\\/blog\\\/vivienda\\\/agencias-inmobiliarias\\\/pisos-y-casas-en-venta-para-vivir-en-elda\\\/#article\",\"isPartOf\":{\"@id\":\"https:\\\/\\\/www.aquimicasa.net\\\/blog\\\/vivienda\\\/agencias-inmobiliarias\\\/pisos-y-casas-en-venta-para-vivir-en-elda\\\/\"},\"author\":{\"name\":\"Eduardo Lizarraga\",\"@id\":\"https:\\\/\\\/www.aquimicasa.net\\\/blog\\\/#\\\/schema\\\/person\\\/2cdfa2605534583395c8d7ce1d6cac14\"},\"headline\":\"Pisos y casas en venta para vivir en Elda\",\"datePublished\":\"2019-11-18T23:28:45+00:00\",\"dateModified\":\"2020-07-22T06:04:25+00:00\",\"mainEntityOfPage\":{\"@id\":\"https:\\\/\\\/www.aquimicasa.net\\\/blog\\\/vivienda\\\/agencias-inmobiliarias\\\/pisos-y-casas-en-venta-para-vivir-en-elda\\\/\"},\"wordCount\":1068,\"commentCount\":0,\"publisher\":{\"@id\":\"https:\\\/\\\/www.aquimicasa.net\\\/blog\\\/#organization\"},\"image\":{\"@id\":\"https:\\\/\\\/www.aquimicasa.net\\\/blog\\\/vivienda\\\/agencias-inmobiliarias\\\/pisos-y-casas-en-venta-para-vivir-en-elda\\\/#primaryimage\"},\"thumbnailUrl\":\"https:\\\/\\\/www.aquimicasa.net\\\/blog\\\/wp-content\\\/uploads\\\/Elda2-e1591686872389.jpg\",\"keywords\":[\"casas en Elda\",\"Elda\",\"pisos en venta en Elda\",\"Soluciones inmobiliarias\"],\"articleSection\":[\"Agencias Inmobiliarias\"],\"inLanguage\":\"es\",\"potentialAction\":[{\"@type\":\"CommentAction\",\"name\":\"Comment\",\"target\":[\"https:\\\/\\\/www.aquimicasa.net\\\/blog\\\/vivienda\\\/agencias-inmobiliarias\\\/pisos-y-casas-en-venta-para-vivir-en-elda\\\/#respond\"]}]},{\"@type\":\"WebPage\",\"@id\":\"https:\\\/\\\/www.aquimicasa.net\\\/blog\\\/vivienda\\\/agencias-inmobiliarias\\\/pisos-y-casas-en-venta-para-vivir-en-elda\\\/\",\"url\":\"https:\\\/\\\/www.aquimicasa.net\\\/blog\\\/vivienda\\\/agencias-inmobiliarias\\\/pisos-y-casas-en-venta-para-vivir-en-elda\\\/\",\"name\":\"Pisos y casas en venta para vivir en Elda\",\"isPartOf\":{\"@id\":\"https:\\\/\\\/www.aquimicasa.net\\\/blog\\\/#website\"},\"primaryImageOfPage\":{\"@id\":\"https:\\\/\\\/www.aquimicasa.net\\\/blog\\\/vivienda\\\/agencias-inmobiliarias\\\/pisos-y-casas-en-venta-para-vivir-en-elda\\\/#primaryimage\"},\"image\":{\"@id\":\"https:\\\/\\\/www.aquimicasa.net\\\/blog\\\/vivienda\\\/agencias-inmobiliarias\\\/pisos-y-casas-en-venta-para-vivir-en-elda\\\/#primaryimage\"},\"thumbnailUrl\":\"https:\\\/\\\/www.aquimicasa.net\\\/blog\\\/wp-content\\\/uploads\\\/Elda2-e1591686872389.jpg\",\"datePublished\":\"2019-11-18T23:28:45+00:00\",\"dateModified\":\"2020-07-22T06:04:25+00:00\",\"breadcrumb\":{\"@id\":\"https:\\\/\\\/www.aquimicasa.net\\\/blog\\\/vivienda\\\/agencias-inmobiliarias\\\/pisos-y-casas-en-venta-para-vivir-en-elda\\\/#breadcrumb\"},\"inLanguage\":\"es\",\"potentialAction\":[{\"@type\":\"ReadAction\",\"target\":[\"https:\\\/\\\/www.aquimicasa.net\\\/blog\\\/vivienda\\\/agencias-inmobiliarias\\\/pisos-y-casas-en-venta-para-vivir-en-elda\\\/\"]}]},{\"@type\":\"ImageObject\",\"inLanguage\":\"es\",\"@id\":\"https:\\\/\\\/www.aquimicasa.net\\\/blog\\\/vivienda\\\/agencias-inmobiliarias\\\/pisos-y-casas-en-venta-para-vivir-en-elda\\\/#primaryimage\",\"url\":\"https:\\\/\\\/www.aquimicasa.net\\\/blog\\\/wp-content\\\/uploads\\\/Elda2-e1591686872389.jpg\",\"contentUrl\":\"https:\\\/\\\/www.aquimicasa.net\\\/blog\\\/wp-content\\\/uploads\\\/Elda2-e1591686872389.jpg\",\"width\":400,\"height\":267},{\"@type\":\"BreadcrumbList\",\"@id\":\"https:\\\/\\\/www.aquimicasa.net\\\/blog\\\/vivienda\\\/agencias-inmobiliarias\\\/pisos-y-casas-en-venta-para-vivir-en-elda\\\/#breadcrumb\",\"itemListElement\":[{\"@type\":\"ListItem\",\"position\":1,\"name\":\"Portada\",\"item\":\"https:\\\/\\\/www.aquimicasa.net\\\/blog\\\/\"},{\"@type\":\"ListItem\",\"position\":2,\"name\":\"Pisos y casas en venta para vivir en Elda\"}]},{\"@type\":\"WebSite\",\"@id\":\"https:\\\/\\\/www.aquimicasa.net\\\/blog\\\/#website\",\"url\":\"https:\\\/\\\/www.aquimicasa.net\\\/blog\\\/\",\"name\":\"Blog de aquimicasa.net\",\"description\":\"Noticias del Mundo Inmobiliario\",\"publisher\":{\"@id\":\"https:\\\/\\\/www.aquimicasa.net\\\/blog\\\/#organization\"},\"potentialAction\":[{\"@type\":\"SearchAction\",\"target\":{\"@type\":\"EntryPoint\",\"urlTemplate\":\"https:\\\/\\\/www.aquimicasa.net\\\/blog\\\/?s={search_term_string}\"},\"query-input\":{\"@type\":\"PropertyValueSpecification\",\"valueRequired\":true,\"valueName\":\"search_term_string\"}}],\"inLanguage\":\"es\"},{\"@type\":\"Organization\",\"@id\":\"https:\\\/\\\/www.aquimicasa.net\\\/blog\\\/#organization\",\"name\":\"Blog de aquimicasa.net\",\"url\":\"https:\\\/\\\/www.aquimicasa.net\\\/blog\\\/\",\"logo\":{\"@type\":\"ImageObject\",\"inLanguage\":\"es\",\"@id\":\"https:\\\/\\\/www.aquimicasa.net\\\/blog\\\/#\\\/schema\\\/logo\\\/image\\\/\",\"url\":\"https:\\\/\\\/www.aquimicasa.net\\\/blog\\\/wp-content\\\/uploads\\\/Logo-aquimicasa-1-e1528048213782.png\",\"contentUrl\":\"https:\\\/\\\/www.aquimicasa.net\\\/blog\\\/wp-content\\\/uploads\\\/Logo-aquimicasa-1-e1528048213782.png\",\"width\":225,\"height\":225,\"caption\":\"Blog de aquimicasa.net\"},\"image\":{\"@id\":\"https:\\\/\\\/www.aquimicasa.net\\\/blog\\\/#\\\/schema\\\/logo\\\/image\\\/\"},\"sameAs\":[\"https:\\\/\\\/www.facebook.com\\\/aquimicasa.net\",\"https:\\\/\\\/www.instagram.com\\\/\",\"https:\\\/\\\/x.com\\\/EduLizarragaD\",\"https:\\\/\\\/www.linkedin.com\\\/feed\\\/\"]},{\"@type\":\"Person\",\"@id\":\"https:\\\/\\\/www.aquimicasa.net\\\/blog\\\/#\\\/schema\\\/person\\\/2cdfa2605534583395c8d7ce1d6cac14\",\"name\":\"Eduardo Lizarraga\",\"image\":{\"@type\":\"ImageObject\",\"inLanguage\":\"es\",\"@id\":\"https:\\\/\\\/secure.gravatar.com\\\/avatar\\\/bdabe1eeeed97b65a9cb7de2edd624b07995f7e13abc5fead15961f745f908cc?s=96&d=mm&r=g\",\"url\":\"https:\\\/\\\/secure.gravatar.com\\\/avatar\\\/bdabe1eeeed97b65a9cb7de2edd624b07995f7e13abc5fead15961f745f908cc?s=96&d=mm&r=g\",\"contentUrl\":\"https:\\\/\\\/secure.gravatar.com\\\/avatar\\\/bdabe1eeeed97b65a9cb7de2edd624b07995f7e13abc5fead15961f745f908cc?s=96&d=mm&r=g\",\"caption\":\"Eduardo Lizarraga\"},\"description\":\"Periodista Econ\u00f3mico. Ha trabajado en diversos campos de la informaci\u00f3n. Corresponsal en conflictos, analista pol\u00edtico en Congreso y Senado, periodista del medio ambiente, editor, director editorial, director de comunicaci\u00f3n.... En estos momentos se ha especializado en el sector inmobiliario. Pero tambi\u00e9n es navegante y viajero, preocupado por la pobreza, el medio ambiente y por las actuaciones descontroladas del neoliberalismo empresarial y pol\u00edtico en todo el mundo. Los desahucios, la pobreza infantil y la falta de acceso a los suministros b\u00e1sicos son algunos de los grandes dramas de nuestra sociedad y que es preciso solucionar para hacerla m\u00e1s justa. CEO en www.aquimicasa.net\",\"sameAs\":[\"https:\\\/\\\/www.aquimicasa.net\\\/\"],\"url\":\"https:\\\/\\\/www.aquimicasa.net\\\/blog\\\/author\\\/eduardo\\\/\"}]}<\/script>\n<!-- \/ Yoast SEO plugin. -->","yoast_head_json":{"title":"Pisos y casas en venta para vivir en Elda","robots":{"index":"index","follow":"follow","max-snippet":"max-snippet:-1","max-image-preview":"max-image-preview:large","max-video-preview":"max-video-preview:-1"},"canonical":"https:\/\/www.aquimicasa.net\/blog\/vivienda\/agencias-inmobiliarias\/pisos-y-casas-en-venta-para-vivir-en-elda\/","og_locale":"es_ES","og_type":"article","og_title":"Pisos y casas en venta para vivir en Elda","og_url":"https:\/\/www.aquimicasa.net\/blog\/vivienda\/agencias-inmobiliarias\/pisos-y-casas-en-venta-para-vivir-en-elda\/","og_site_name":"Blog de aquimicasa.net","article_publisher":"https:\/\/www.facebook.com\/aquimicasa.net","article_published_time":"2019-11-18T23:28:45+00:00","article_modified_time":"2020-07-22T06:04:25+00:00","og_image":[{"width":400,"height":267,"url":"https:\/\/www.aquimicasa.net\/blog\/wp-content\/uploads\/Elda2-e1591686872389.jpg","type":"image\/jpeg"}],"author":"Eduardo Lizarraga","twitter_misc":{"Escrito por":"Eduardo Lizarraga","Tiempo de lectura":"5 minutos"},"schema":{"@context":"https:\/\/schema.org","@graph":[{"@type":"Article","@id":"https:\/\/www.aquimicasa.net\/blog\/vivienda\/agencias-inmobiliarias\/pisos-y-casas-en-venta-para-vivir-en-elda\/#article","isPartOf":{"@id":"https:\/\/www.aquimicasa.net\/blog\/vivienda\/agencias-inmobiliarias\/pisos-y-casas-en-venta-para-vivir-en-elda\/"},"author":{"name":"Eduardo Lizarraga","@id":"https:\/\/www.aquimicasa.net\/blog\/#\/schema\/person\/2cdfa2605534583395c8d7ce1d6cac14"},"headline":"Pisos y casas en venta para vivir en Elda","datePublished":"2019-11-18T23:28:45+00:00","dateModified":"2020-07-22T06:04:25+00:00","mainEntityOfPage":{"@id":"https:\/\/www.aquimicasa.net\/blog\/vivienda\/agencias-inmobiliarias\/pisos-y-casas-en-venta-para-vivir-en-elda\/"},"wordCount":1068,"commentCount":0,"publisher":{"@id":"https:\/\/www.aquimicasa.net\/blog\/#organization"},"image":{"@id":"https:\/\/www.aquimicasa.net\/blog\/vivienda\/agencias-inmobiliarias\/pisos-y-casas-en-venta-para-vivir-en-elda\/#primaryimage"},"thumbnailUrl":"https:\/\/www.aquimicasa.net\/blog\/wp-content\/uploads\/Elda2-e1591686872389.jpg","keywords":["casas en Elda","Elda","pisos en venta en Elda","Soluciones inmobiliarias"],"articleSection":["Agencias Inmobiliarias"],"inLanguage":"es","potentialAction":[{"@type":"CommentAction","name":"Comment","target":["https:\/\/www.aquimicasa.net\/blog\/vivienda\/agencias-inmobiliarias\/pisos-y-casas-en-venta-para-vivir-en-elda\/#respond"]}]},{"@type":"WebPage","@id":"https:\/\/www.aquimicasa.net\/blog\/vivienda\/agencias-inmobiliarias\/pisos-y-casas-en-venta-para-vivir-en-elda\/","url":"https:\/\/www.aquimicasa.net\/blog\/vivienda\/agencias-inmobiliarias\/pisos-y-casas-en-venta-para-vivir-en-elda\/","name":"Pisos y casas en venta para vivir en Elda","isPartOf":{"@id":"https:\/\/www.aquimicasa.net\/blog\/#website"},"primaryImageOfPage":{"@id":"https:\/\/www.aquimicasa.net\/blog\/vivienda\/agencias-inmobiliarias\/pisos-y-casas-en-venta-para-vivir-en-elda\/#primaryimage"},"image":{"@id":"https:\/\/www.aquimicasa.net\/blog\/vivienda\/agencias-inmobiliarias\/pisos-y-casas-en-venta-para-vivir-en-elda\/#primaryimage"},"thumbnailUrl":"https:\/\/www.aquimicasa.net\/blog\/wp-content\/uploads\/Elda2-e1591686872389.jpg","datePublished":"2019-11-18T23:28:45+00:00","dateModified":"2020-07-22T06:04:25+00:00","breadcrumb":{"@id":"https:\/\/www.aquimicasa.net\/blog\/vivienda\/agencias-inmobiliarias\/pisos-y-casas-en-venta-para-vivir-en-elda\/#breadcrumb"},"inLanguage":"es","potentialAction":[{"@type":"ReadAction","target":["https:\/\/www.aquimicasa.net\/blog\/vivienda\/agencias-inmobiliarias\/pisos-y-casas-en-venta-para-vivir-en-elda\/"]}]},{"@type":"ImageObject","inLanguage":"es","@id":"https:\/\/www.aquimicasa.net\/blog\/vivienda\/agencias-inmobiliarias\/pisos-y-casas-en-venta-para-vivir-en-elda\/#primaryimage","url":"https:\/\/www.aquimicasa.net\/blog\/wp-content\/uploads\/Elda2-e1591686872389.jpg","contentUrl":"https:\/\/www.aquimicasa.net\/blog\/wp-content\/uploads\/Elda2-e1591686872389.jpg","width":400,"height":267},{"@type":"BreadcrumbList","@id":"https:\/\/www.aquimicasa.net\/blog\/vivienda\/agencias-inmobiliarias\/pisos-y-casas-en-venta-para-vivir-en-elda\/#breadcrumb","itemListElement":[{"@type":"ListItem","position":1,"name":"Portada","item":"https:\/\/www.aquimicasa.net\/blog\/"},{"@type":"ListItem","position":2,"name":"Pisos y casas en venta para vivir en Elda"}]},{"@type":"WebSite","@id":"https:\/\/www.aquimicasa.net\/blog\/#website","url":"https:\/\/www.aquimicasa.net\/blog\/","name":"Blog de aquimicasa.net","description":"Noticias del Mundo Inmobiliario","publisher":{"@id":"https:\/\/www.aquimicasa.net\/blog\/#organization"},"potentialAction":[{"@type":"SearchAction","target":{"@type":"EntryPoint","urlTemplate":"https:\/\/www.aquimicasa.net\/blog\/?s={search_term_string}"},"query-input":{"@type":"PropertyValueSpecification","valueRequired":true,"valueName":"search_term_string"}}],"inLanguage":"es"},{"@type":"Organization","@id":"https:\/\/www.aquimicasa.net\/blog\/#organization","name":"Blog de aquimicasa.net","url":"https:\/\/www.aquimicasa.net\/blog\/","logo":{"@type":"ImageObject","inLanguage":"es","@id":"https:\/\/www.aquimicasa.net\/blog\/#\/schema\/logo\/image\/","url":"https:\/\/www.aquimicasa.net\/blog\/wp-content\/uploads\/Logo-aquimicasa-1-e1528048213782.png","contentUrl":"https:\/\/www.aquimicasa.net\/blog\/wp-content\/uploads\/Logo-aquimicasa-1-e1528048213782.png","width":225,"height":225,"caption":"Blog de aquimicasa.net"},"image":{"@id":"https:\/\/www.aquimicasa.net\/blog\/#\/schema\/logo\/image\/"},"sameAs":["https:\/\/www.facebook.com\/aquimicasa.net","https:\/\/www.instagram.com\/","https:\/\/x.com\/EduLizarragaD","https:\/\/www.linkedin.com\/feed\/"]},{"@type":"Person","@id":"https:\/\/www.aquimicasa.net\/blog\/#\/schema\/person\/2cdfa2605534583395c8d7ce1d6cac14","name":"Eduardo Lizarraga","image":{"@type":"ImageObject","inLanguage":"es","@id":"https:\/\/secure.gravatar.com\/avatar\/bdabe1eeeed97b65a9cb7de2edd624b07995f7e13abc5fead15961f745f908cc?s=96&d=mm&r=g","url":"https:\/\/secure.gravatar.com\/avatar\/bdabe1eeeed97b65a9cb7de2edd624b07995f7e13abc5fead15961f745f908cc?s=96&d=mm&r=g","contentUrl":"https:\/\/secure.gravatar.com\/avatar\/bdabe1eeeed97b65a9cb7de2edd624b07995f7e13abc5fead15961f745f908cc?s=96&d=mm&r=g","caption":"Eduardo Lizarraga"},"description":"Periodista Econ\u00f3mico. Ha trabajado en diversos campos de la informaci\u00f3n. Corresponsal en conflictos, analista pol\u00edtico en Congreso y Senado, periodista del medio ambiente, editor, director editorial, director de comunicaci\u00f3n.... En estos momentos se ha especializado en el sector inmobiliario. Pero tambi\u00e9n es navegante y viajero, preocupado por la pobreza, el medio ambiente y por las actuaciones descontroladas del neoliberalismo empresarial y pol\u00edtico en todo el mundo. Los desahucios, la pobreza infantil y la falta de acceso a los suministros b\u00e1sicos son algunos de los grandes dramas de nuestra sociedad y que es preciso solucionar para hacerla m\u00e1s justa. CEO en www.aquimicasa.net","sameAs":["https:\/\/www.aquimicasa.net\/"],"url":"https:\/\/www.aquimicasa.net\/blog\/author\/eduardo\/"}]}},"jetpack_publicize_connections":[],"jetpack_featured_media_url":"https:\/\/www.aquimicasa.net\/blog\/wp-content\/uploads\/Elda2-e1591686872389.jpg","jetpack_sharing_enabled":true,"jetpack_likes_enabled":true,"_links":{"self":[{"href":"https:\/\/www.aquimicasa.net\/blog\/wp-json\/wp\/v2\/posts\/27111","targetHints":{"allow":["GET"]}}],"collection":[{"href":"https:\/\/www.aquimicasa.net\/blog\/wp-json\/wp\/v2\/posts"}],"about":[{"href":"https:\/\/www.aquimicasa.net\/blog\/wp-json\/wp\/v2\/types\/post"}],"author":[{"embeddable":true,"href":"https:\/\/www.aquimicasa.net\/blog\/wp-json\/wp\/v2\/users\/3"}],"replies":[{"embeddable":true,"href":"https:\/\/www.aquimicasa.net\/blog\/wp-json\/wp\/v2\/comments?post=27111"}],"version-history":[{"count":4,"href":"https:\/\/www.aquimicasa.net\/blog\/wp-json\/wp\/v2\/posts\/27111\/revisions"}],"predecessor-version":[{"id":33488,"href":"https:\/\/www.aquimicasa.net\/blog\/wp-json\/wp\/v2\/posts\/27111\/revisions\/33488"}],"wp:featuredmedia":[{"embeddable":true,"href":"https:\/\/www.aquimicasa.net\/blog\/wp-json\/wp\/v2\/media\/27140"}],"wp:attachment":[{"href":"https:\/\/www.aquimicasa.net\/blog\/wp-json\/wp\/v2\/media?parent=27111"}],"wp:term":[{"taxonomy":"category","embeddable":true,"href":"https:\/\/www.aquimicasa.net\/blog\/wp-json\/wp\/v2\/categories?post=27111"},{"taxonomy":"post_tag","embeddable":true,"href":"https:\/\/www.aquimicasa.net\/blog\/wp-json\/wp\/v2\/tags?post=27111"}],"curies":[{"name":"wp","href":"https:\/\/api.w.org\/{rel}","templated":true}]}}