{"id":27119,"date":"2019-11-19T20:37:38","date_gmt":"2019-11-19T19:37:38","guid":{"rendered":"https:\/\/www.aquimicasa.net\/blog\/?p=27119"},"modified":"2020-04-02T18:22:25","modified_gmt":"2020-04-02T16:22:25","slug":"el-precio-de-la-bombona-de-butano-se-incrementa-un-49","status":"publish","type":"post","link":"https:\/\/www.aquimicasa.net\/blog\/consumo\/consumidores\/el-precio-de-la-bombona-de-butano-se-incrementa-un-49\/","title":{"rendered":"El precio de la bombona de butano se incrementa un 4,9%"},"content":{"rendered":"<div class=\"article-body\">\n<div class=\"article-text\">\n<p>El precio medio de la <strong>bombona de butano<\/strong> de 12,5 kilogramos costar\u00e1 a partir de este martes 12,75 euros, un 4,9% m\u00e1s que en la \u00faltima revisi\u00f3n de la tarifa en el mes de septiembre, cuando costaba 12,15 euros. Es la primera subida en un a\u00f1o, desde la de noviembre de 2018, cuando se situ\u00f3 en 15,33 euros. En julio se fij\u00f3 en 12,75 euros, 13,18 euros en mayo, 13,86 euros en marzo y 14,58 euros en enero.<\/p>\n<p>El nuevo precio del butano pasa a ser de 82,7840 c\u00e9ntimos de euro por kilogramo (sin incluir impuestos), seg\u00fan una\u00a0resoluci\u00f3n\u00a0que aparece en el Bolet\u00edn Oficial del Estado (BOE).<\/p>\n<p>El precio regulado afecta a las bombonas de butano que m\u00e1s com\u00fanmente utilizan los hogares, envases con carga igual o superior a ocho kilogramos e inferior a 20 kilos.<b>\u00a0Cerca de ocho millones de personas utilizan la bombona de butano<\/b>\u00a0en Espa\u00f1a.<\/p>\n<p>La subida se debe a los incrementos de la cotizaci\u00f3n internacional de la materia prima (+35,3%) y los fletes, junto a la depreciaci\u00f3n del euro frente al d\u00f3lar (0,6%) con respecto al bimestre anterior. De no aplicarse la limitaci\u00f3n de variaci\u00f3n del precio establecida en la normativa vigente -situado tanto al alza como a la baja en un 5%- la subida habr\u00eda sido del 12%.<\/p>\n<p>En la \u00faltima d\u00e9cada, el precio m\u00e1s bajo del butano ha sido el fijado en julio de 2009, 10,58 euros. FACUA critica la subida y reclama al futuro Gobierno <strong>que modifique los instrumentos de c\u00e1lculo<\/strong> en la revisi\u00f3n de tarifas que aseguren la protecci\u00f3n de los intereses econ\u00f3micos de los consumidores.<\/p>\n<p>FACUA recuerda que el m\u00e1ximo hist\u00f3rico de la bombona han sido los 17,50 euros que tuvieron que abonar los usuarios durante casi la mitad de la d\u00e9cima legislatura, entre el 14 de mayo de 2013 y el 16 de marzo de 2015 (un total de 672 d\u00edas). El precio m\u00e1s alto durante los gobiernos de\u00a0<strong>Zapatero<\/strong>\u00a0fueron los 15,19 euros vigentes desde el 1 de octubre de 2011 (a 81 d\u00edas del fin de su segunda legislatura) y que\u00a0<strong>Rajoy<\/strong>\u00a0mantuvo hasta el 31 de marzo de 2012.<\/p>\n<p>Por su parte, <strong>los precios de venta del GLP canalizado<\/strong> registrar\u00e1n para un consumidor tipo (500 kg) un encarecimiento en su factura despu\u00e9s de impuestos de <b>un 4,8%<\/b>\u00a0respecto a los precios en vigor.<\/p>\n<p id=\"m133-8-134\">\n<\/div>\n<\/div>\n<div class=\"article-tags\"><\/div>\n","protected":false},"excerpt":{"rendered":"<p>El precio medio de la bombona de butano de 12,5 [&hellip;]<\/p>\n","protected":false},"author":3,"featured_media":12405,"comment_status":"open","ping_status":"open","sticky":false,"template":"","format":"standard","meta":{"_jetpack_memberships_contains_paid_content":false,"footnotes":"","jetpack_publicize_message":"","jetpack_publicize_feature_enabled":true,"jetpack_social_post_already_shared":true,"jetpack_social_options":{"image_generator_settings":{"template":"highway","default_image_id":0,"font":"","enabled":false},"version":2}},"categories":[7512,7563,7564],"tags":[2976,1059],"class_list":["post-27119","post","type-post","status-publish","format-standard","has-post-thumbnail","hentry","category-consumidores","category-noticias-consumo","category-noticias-economia","tag-bombona-de-butano","tag-facua-consumidores-en-accion"],"yoast_head":"<!-- This site is optimized with the Yoast SEO plugin v28.2 - https:\/\/yoast.com\/product\/yoast-seo-wordpress\/ -->\n<title>El precio de la bombona de butano se incrementa un 4,9%<\/title>\n<meta name=\"description\" content=\"El precio de la bombona de butano de 12,5 kilogramos costar\u00e1 a partir de este martes 12,75 euros, un 4,9% m\u00e1s que en la revisi\u00f3n de la tarifa en septiembre\" \/>\n<meta name=\"robots\" content=\"index, follow, max-snippet:-1, max-image-preview:large, max-video-preview:-1\" \/>\n<link rel=\"canonical\" href=\"https:\/\/www.aquimicasa.net\/blog\/consumo\/consumidores\/el-precio-de-la-bombona-de-butano-se-incrementa-un-49\/\" \/>\n<meta property=\"og:locale\" content=\"es_ES\" \/>\n<meta property=\"og:type\" content=\"article\" \/>\n<meta property=\"og:title\" content=\"El precio de la bombona de butano se incrementa un 4,9%\" \/>\n<meta property=\"og:description\" content=\"El precio de la bombona de butano de 12,5 kilogramos costar\u00e1 a partir de este martes 12,75 euros, un 4,9% m\u00e1s que en la revisi\u00f3n de la tarifa en septiembre\" \/>\n<meta property=\"og:url\" content=\"https:\/\/www.aquimicasa.net\/blog\/consumo\/consumidores\/el-precio-de-la-bombona-de-butano-se-incrementa-un-49\/\" \/>\n<meta property=\"og:site_name\" content=\"Blog de aquimicasa.net\" \/>\n<meta property=\"article:publisher\" content=\"https:\/\/www.facebook.com\/aquimicasa.net\" \/>\n<meta property=\"article:published_time\" content=\"2019-11-19T19:37:38+00:00\" \/>\n<meta property=\"article:modified_time\" content=\"2020-04-02T16:22:25+00:00\" \/>\n<meta property=\"og:image\" content=\"https:\/\/www.aquimicasa.net\/blog\/wp-content\/uploads\/Butano1-e1537298782726.jpg\" \/>\n\t<meta property=\"og:image:width\" content=\"400\" \/>\n\t<meta property=\"og:image:height\" content=\"226\" \/>\n\t<meta property=\"og:image:type\" content=\"image\/jpeg\" \/>\n<meta name=\"author\" content=\"Eduardo Lizarraga\" \/>\n<meta name=\"twitter:label1\" content=\"Escrito por\" \/>\n\t<meta name=\"twitter:data1\" content=\"Eduardo Lizarraga\" \/>\n\t<meta name=\"twitter:label2\" content=\"Tiempo de lectura\" \/>\n\t<meta name=\"twitter:data2\" content=\"2 minutos\" \/>\n<script type=\"application\/ld+json\" class=\"yoast-schema-graph\">{\"@context\":\"https:\\\/\\\/schema.org\",\"@graph\":[{\"@type\":\"Article\",\"@id\":\"https:\\\/\\\/www.aquimicasa.net\\\/blog\\\/consumo\\\/consumidores\\\/el-precio-de-la-bombona-de-butano-se-incrementa-un-49\\\/#article\",\"isPartOf\":{\"@id\":\"https:\\\/\\\/www.aquimicasa.net\\\/blog\\\/consumo\\\/consumidores\\\/el-precio-de-la-bombona-de-butano-se-incrementa-un-49\\\/\"},\"author\":{\"name\":\"Eduardo Lizarraga\",\"@id\":\"https:\\\/\\\/www.aquimicasa.net\\\/blog\\\/#\\\/schema\\\/person\\\/2cdfa2605534583395c8d7ce1d6cac14\"},\"headline\":\"El precio de la bombona de butano se incrementa un 4,9%\",\"datePublished\":\"2019-11-19T19:37:38+00:00\",\"dateModified\":\"2020-04-02T16:22:25+00:00\",\"mainEntityOfPage\":{\"@id\":\"https:\\\/\\\/www.aquimicasa.net\\\/blog\\\/consumo\\\/consumidores\\\/el-precio-de-la-bombona-de-butano-se-incrementa-un-49\\\/\"},\"wordCount\":397,\"commentCount\":0,\"publisher\":{\"@id\":\"https:\\\/\\\/www.aquimicasa.net\\\/blog\\\/#organization\"},\"image\":{\"@id\":\"https:\\\/\\\/www.aquimicasa.net\\\/blog\\\/consumo\\\/consumidores\\\/el-precio-de-la-bombona-de-butano-se-incrementa-un-49\\\/#primaryimage\"},\"thumbnailUrl\":\"https:\\\/\\\/www.aquimicasa.net\\\/blog\\\/wp-content\\\/uploads\\\/Butano1-e1537298782726.jpg\",\"keywords\":[\"bombona de butano\",\"Facua Consumidores en Acci\u00f3n\"],\"articleSection\":[\"Consumidores\",\"Noticias Consumo\",\"Noticias Econom\u00eda\"],\"inLanguage\":\"es\",\"potentialAction\":[{\"@type\":\"CommentAction\",\"name\":\"Comment\",\"target\":[\"https:\\\/\\\/www.aquimicasa.net\\\/blog\\\/consumo\\\/consumidores\\\/el-precio-de-la-bombona-de-butano-se-incrementa-un-49\\\/#respond\"]}]},{\"@type\":\"WebPage\",\"@id\":\"https:\\\/\\\/www.aquimicasa.net\\\/blog\\\/consumo\\\/consumidores\\\/el-precio-de-la-bombona-de-butano-se-incrementa-un-49\\\/\",\"url\":\"https:\\\/\\\/www.aquimicasa.net\\\/blog\\\/consumo\\\/consumidores\\\/el-precio-de-la-bombona-de-butano-se-incrementa-un-49\\\/\",\"name\":\"El precio de la bombona de butano se incrementa un 4,9%\",\"isPartOf\":{\"@id\":\"https:\\\/\\\/www.aquimicasa.net\\\/blog\\\/#website\"},\"primaryImageOfPage\":{\"@id\":\"https:\\\/\\\/www.aquimicasa.net\\\/blog\\\/consumo\\\/consumidores\\\/el-precio-de-la-bombona-de-butano-se-incrementa-un-49\\\/#primaryimage\"},\"image\":{\"@id\":\"https:\\\/\\\/www.aquimicasa.net\\\/blog\\\/consumo\\\/consumidores\\\/el-precio-de-la-bombona-de-butano-se-incrementa-un-49\\\/#primaryimage\"},\"thumbnailUrl\":\"https:\\\/\\\/www.aquimicasa.net\\\/blog\\\/wp-content\\\/uploads\\\/Butano1-e1537298782726.jpg\",\"datePublished\":\"2019-11-19T19:37:38+00:00\",\"dateModified\":\"2020-04-02T16:22:25+00:00\",\"description\":\"El precio de la bombona de butano de 12,5 kilogramos costar\u00e1 a partir de este martes 12,75 euros, un 4,9% m\u00e1s que en la revisi\u00f3n de la tarifa en septiembre\",\"breadcrumb\":{\"@id\":\"https:\\\/\\\/www.aquimicasa.net\\\/blog\\\/consumo\\\/consumidores\\\/el-precio-de-la-bombona-de-butano-se-incrementa-un-49\\\/#breadcrumb\"},\"inLanguage\":\"es\",\"potentialAction\":[{\"@type\":\"ReadAction\",\"target\":[\"https:\\\/\\\/www.aquimicasa.net\\\/blog\\\/consumo\\\/consumidores\\\/el-precio-de-la-bombona-de-butano-se-incrementa-un-49\\\/\"]}]},{\"@type\":\"ImageObject\",\"inLanguage\":\"es\",\"@id\":\"https:\\\/\\\/www.aquimicasa.net\\\/blog\\\/consumo\\\/consumidores\\\/el-precio-de-la-bombona-de-butano-se-incrementa-un-49\\\/#primaryimage\",\"url\":\"https:\\\/\\\/www.aquimicasa.net\\\/blog\\\/wp-content\\\/uploads\\\/Butano1-e1537298782726.jpg\",\"contentUrl\":\"https:\\\/\\\/www.aquimicasa.net\\\/blog\\\/wp-content\\\/uploads\\\/Butano1-e1537298782726.jpg\",\"width\":400,\"height\":226,\"caption\":\"Baja el butano un 5%\"},{\"@type\":\"BreadcrumbList\",\"@id\":\"https:\\\/\\\/www.aquimicasa.net\\\/blog\\\/consumo\\\/consumidores\\\/el-precio-de-la-bombona-de-butano-se-incrementa-un-49\\\/#breadcrumb\",\"itemListElement\":[{\"@type\":\"ListItem\",\"position\":1,\"name\":\"Portada\",\"item\":\"https:\\\/\\\/www.aquimicasa.net\\\/blog\\\/\"},{\"@type\":\"ListItem\",\"position\":2,\"name\":\"El precio de la bombona de butano se incrementa un 4,9%\"}]},{\"@type\":\"WebSite\",\"@id\":\"https:\\\/\\\/www.aquimicasa.net\\\/blog\\\/#website\",\"url\":\"https:\\\/\\\/www.aquimicasa.net\\\/blog\\\/\",\"name\":\"Blog de aquimicasa.net\",\"description\":\"Noticias del Mundo Inmobiliario\",\"publisher\":{\"@id\":\"https:\\\/\\\/www.aquimicasa.net\\\/blog\\\/#organization\"},\"potentialAction\":[{\"@type\":\"SearchAction\",\"target\":{\"@type\":\"EntryPoint\",\"urlTemplate\":\"https:\\\/\\\/www.aquimicasa.net\\\/blog\\\/?s={search_term_string}\"},\"query-input\":{\"@type\":\"PropertyValueSpecification\",\"valueRequired\":true,\"valueName\":\"search_term_string\"}}],\"inLanguage\":\"es\"},{\"@type\":\"Organization\",\"@id\":\"https:\\\/\\\/www.aquimicasa.net\\\/blog\\\/#organization\",\"name\":\"Blog de aquimicasa.net\",\"url\":\"https:\\\/\\\/www.aquimicasa.net\\\/blog\\\/\",\"logo\":{\"@type\":\"ImageObject\",\"inLanguage\":\"es\",\"@id\":\"https:\\\/\\\/www.aquimicasa.net\\\/blog\\\/#\\\/schema\\\/logo\\\/image\\\/\",\"url\":\"https:\\\/\\\/www.aquimicasa.net\\\/blog\\\/wp-content\\\/uploads\\\/Logo-aquimicasa-1-e1528048213782.png\",\"contentUrl\":\"https:\\\/\\\/www.aquimicasa.net\\\/blog\\\/wp-content\\\/uploads\\\/Logo-aquimicasa-1-e1528048213782.png\",\"width\":225,\"height\":225,\"caption\":\"Blog de aquimicasa.net\"},\"image\":{\"@id\":\"https:\\\/\\\/www.aquimicasa.net\\\/blog\\\/#\\\/schema\\\/logo\\\/image\\\/\"},\"sameAs\":[\"https:\\\/\\\/www.facebook.com\\\/aquimicasa.net\",\"https:\\\/\\\/www.instagram.com\\\/\",\"https:\\\/\\\/x.com\\\/EduLizarragaD\",\"https:\\\/\\\/www.linkedin.com\\\/feed\\\/\"]},{\"@type\":\"Person\",\"@id\":\"https:\\\/\\\/www.aquimicasa.net\\\/blog\\\/#\\\/schema\\\/person\\\/2cdfa2605534583395c8d7ce1d6cac14\",\"name\":\"Eduardo Lizarraga\",\"image\":{\"@type\":\"ImageObject\",\"inLanguage\":\"es\",\"@id\":\"https:\\\/\\\/secure.gravatar.com\\\/avatar\\\/bdabe1eeeed97b65a9cb7de2edd624b07995f7e13abc5fead15961f745f908cc?s=96&d=mm&r=g\",\"url\":\"https:\\\/\\\/secure.gravatar.com\\\/avatar\\\/bdabe1eeeed97b65a9cb7de2edd624b07995f7e13abc5fead15961f745f908cc?s=96&d=mm&r=g\",\"contentUrl\":\"https:\\\/\\\/secure.gravatar.com\\\/avatar\\\/bdabe1eeeed97b65a9cb7de2edd624b07995f7e13abc5fead15961f745f908cc?s=96&d=mm&r=g\",\"caption\":\"Eduardo Lizarraga\"},\"description\":\"Periodista Econ\u00f3mico. Ha trabajado en diversos campos de la informaci\u00f3n. Corresponsal en conflictos, analista pol\u00edtico en Congreso y Senado, periodista del medio ambiente, editor, director editorial, director de comunicaci\u00f3n.... En estos momentos se ha especializado en el sector inmobiliario. Pero tambi\u00e9n es navegante y viajero, preocupado por la pobreza, el medio ambiente y por las actuaciones descontroladas del neoliberalismo empresarial y pol\u00edtico en todo el mundo. Los desahucios, la pobreza infantil y la falta de acceso a los suministros b\u00e1sicos son algunos de los grandes dramas de nuestra sociedad y que es preciso solucionar para hacerla m\u00e1s justa. CEO en www.aquimicasa.net\",\"sameAs\":[\"https:\\\/\\\/www.aquimicasa.net\\\/\"],\"url\":\"https:\\\/\\\/www.aquimicasa.net\\\/blog\\\/author\\\/eduardo\\\/\"}]}<\/script>\n<!-- \/ Yoast SEO plugin. -->","yoast_head_json":{"title":"El precio de la bombona de butano se incrementa un 4,9%","description":"El precio de la bombona de butano de 12,5 kilogramos costar\u00e1 a partir de este martes 12,75 euros, un 4,9% m\u00e1s que en la revisi\u00f3n de la tarifa en septiembre","robots":{"index":"index","follow":"follow","max-snippet":"max-snippet:-1","max-image-preview":"max-image-preview:large","max-video-preview":"max-video-preview:-1"},"canonical":"https:\/\/www.aquimicasa.net\/blog\/consumo\/consumidores\/el-precio-de-la-bombona-de-butano-se-incrementa-un-49\/","og_locale":"es_ES","og_type":"article","og_title":"El precio de la bombona de butano se incrementa un 4,9%","og_description":"El precio de la bombona de butano de 12,5 kilogramos costar\u00e1 a partir de este martes 12,75 euros, un 4,9% m\u00e1s que en la revisi\u00f3n de la tarifa en septiembre","og_url":"https:\/\/www.aquimicasa.net\/blog\/consumo\/consumidores\/el-precio-de-la-bombona-de-butano-se-incrementa-un-49\/","og_site_name":"Blog de aquimicasa.net","article_publisher":"https:\/\/www.facebook.com\/aquimicasa.net","article_published_time":"2019-11-19T19:37:38+00:00","article_modified_time":"2020-04-02T16:22:25+00:00","og_image":[{"width":400,"height":226,"url":"https:\/\/www.aquimicasa.net\/blog\/wp-content\/uploads\/Butano1-e1537298782726.jpg","type":"image\/jpeg"}],"author":"Eduardo Lizarraga","twitter_misc":{"Escrito por":"Eduardo Lizarraga","Tiempo de lectura":"2 minutos"},"schema":{"@context":"https:\/\/schema.org","@graph":[{"@type":"Article","@id":"https:\/\/www.aquimicasa.net\/blog\/consumo\/consumidores\/el-precio-de-la-bombona-de-butano-se-incrementa-un-49\/#article","isPartOf":{"@id":"https:\/\/www.aquimicasa.net\/blog\/consumo\/consumidores\/el-precio-de-la-bombona-de-butano-se-incrementa-un-49\/"},"author":{"name":"Eduardo Lizarraga","@id":"https:\/\/www.aquimicasa.net\/blog\/#\/schema\/person\/2cdfa2605534583395c8d7ce1d6cac14"},"headline":"El precio de la bombona de butano se incrementa un 4,9%","datePublished":"2019-11-19T19:37:38+00:00","dateModified":"2020-04-02T16:22:25+00:00","mainEntityOfPage":{"@id":"https:\/\/www.aquimicasa.net\/blog\/consumo\/consumidores\/el-precio-de-la-bombona-de-butano-se-incrementa-un-49\/"},"wordCount":397,"commentCount":0,"publisher":{"@id":"https:\/\/www.aquimicasa.net\/blog\/#organization"},"image":{"@id":"https:\/\/www.aquimicasa.net\/blog\/consumo\/consumidores\/el-precio-de-la-bombona-de-butano-se-incrementa-un-49\/#primaryimage"},"thumbnailUrl":"https:\/\/www.aquimicasa.net\/blog\/wp-content\/uploads\/Butano1-e1537298782726.jpg","keywords":["bombona de butano","Facua Consumidores en Acci\u00f3n"],"articleSection":["Consumidores","Noticias Consumo","Noticias Econom\u00eda"],"inLanguage":"es","potentialAction":[{"@type":"CommentAction","name":"Comment","target":["https:\/\/www.aquimicasa.net\/blog\/consumo\/consumidores\/el-precio-de-la-bombona-de-butano-se-incrementa-un-49\/#respond"]}]},{"@type":"WebPage","@id":"https:\/\/www.aquimicasa.net\/blog\/consumo\/consumidores\/el-precio-de-la-bombona-de-butano-se-incrementa-un-49\/","url":"https:\/\/www.aquimicasa.net\/blog\/consumo\/consumidores\/el-precio-de-la-bombona-de-butano-se-incrementa-un-49\/","name":"El precio de la bombona de butano se incrementa un 4,9%","isPartOf":{"@id":"https:\/\/www.aquimicasa.net\/blog\/#website"},"primaryImageOfPage":{"@id":"https:\/\/www.aquimicasa.net\/blog\/consumo\/consumidores\/el-precio-de-la-bombona-de-butano-se-incrementa-un-49\/#primaryimage"},"image":{"@id":"https:\/\/www.aquimicasa.net\/blog\/consumo\/consumidores\/el-precio-de-la-bombona-de-butano-se-incrementa-un-49\/#primaryimage"},"thumbnailUrl":"https:\/\/www.aquimicasa.net\/blog\/wp-content\/uploads\/Butano1-e1537298782726.jpg","datePublished":"2019-11-19T19:37:38+00:00","dateModified":"2020-04-02T16:22:25+00:00","description":"El precio de la bombona de butano de 12,5 kilogramos costar\u00e1 a partir de este martes 12,75 euros, un 4,9% m\u00e1s que en la revisi\u00f3n de la tarifa en septiembre","breadcrumb":{"@id":"https:\/\/www.aquimicasa.net\/blog\/consumo\/consumidores\/el-precio-de-la-bombona-de-butano-se-incrementa-un-49\/#breadcrumb"},"inLanguage":"es","potentialAction":[{"@type":"ReadAction","target":["https:\/\/www.aquimicasa.net\/blog\/consumo\/consumidores\/el-precio-de-la-bombona-de-butano-se-incrementa-un-49\/"]}]},{"@type":"ImageObject","inLanguage":"es","@id":"https:\/\/www.aquimicasa.net\/blog\/consumo\/consumidores\/el-precio-de-la-bombona-de-butano-se-incrementa-un-49\/#primaryimage","url":"https:\/\/www.aquimicasa.net\/blog\/wp-content\/uploads\/Butano1-e1537298782726.jpg","contentUrl":"https:\/\/www.aquimicasa.net\/blog\/wp-content\/uploads\/Butano1-e1537298782726.jpg","width":400,"height":226,"caption":"Baja el butano un 5%"},{"@type":"BreadcrumbList","@id":"https:\/\/www.aquimicasa.net\/blog\/consumo\/consumidores\/el-precio-de-la-bombona-de-butano-se-incrementa-un-49\/#breadcrumb","itemListElement":[{"@type":"ListItem","position":1,"name":"Portada","item":"https:\/\/www.aquimicasa.net\/blog\/"},{"@type":"ListItem","position":2,"name":"El precio de la bombona de butano se incrementa un 4,9%"}]},{"@type":"WebSite","@id":"https:\/\/www.aquimicasa.net\/blog\/#website","url":"https:\/\/www.aquimicasa.net\/blog\/","name":"Blog de aquimicasa.net","description":"Noticias del Mundo Inmobiliario","publisher":{"@id":"https:\/\/www.aquimicasa.net\/blog\/#organization"},"potentialAction":[{"@type":"SearchAction","target":{"@type":"EntryPoint","urlTemplate":"https:\/\/www.aquimicasa.net\/blog\/?s={search_term_string}"},"query-input":{"@type":"PropertyValueSpecification","valueRequired":true,"valueName":"search_term_string"}}],"inLanguage":"es"},{"@type":"Organization","@id":"https:\/\/www.aquimicasa.net\/blog\/#organization","name":"Blog de aquimicasa.net","url":"https:\/\/www.aquimicasa.net\/blog\/","logo":{"@type":"ImageObject","inLanguage":"es","@id":"https:\/\/www.aquimicasa.net\/blog\/#\/schema\/logo\/image\/","url":"https:\/\/www.aquimicasa.net\/blog\/wp-content\/uploads\/Logo-aquimicasa-1-e1528048213782.png","contentUrl":"https:\/\/www.aquimicasa.net\/blog\/wp-content\/uploads\/Logo-aquimicasa-1-e1528048213782.png","width":225,"height":225,"caption":"Blog de aquimicasa.net"},"image":{"@id":"https:\/\/www.aquimicasa.net\/blog\/#\/schema\/logo\/image\/"},"sameAs":["https:\/\/www.facebook.com\/aquimicasa.net","https:\/\/www.instagram.com\/","https:\/\/x.com\/EduLizarragaD","https:\/\/www.linkedin.com\/feed\/"]},{"@type":"Person","@id":"https:\/\/www.aquimicasa.net\/blog\/#\/schema\/person\/2cdfa2605534583395c8d7ce1d6cac14","name":"Eduardo Lizarraga","image":{"@type":"ImageObject","inLanguage":"es","@id":"https:\/\/secure.gravatar.com\/avatar\/bdabe1eeeed97b65a9cb7de2edd624b07995f7e13abc5fead15961f745f908cc?s=96&d=mm&r=g","url":"https:\/\/secure.gravatar.com\/avatar\/bdabe1eeeed97b65a9cb7de2edd624b07995f7e13abc5fead15961f745f908cc?s=96&d=mm&r=g","contentUrl":"https:\/\/secure.gravatar.com\/avatar\/bdabe1eeeed97b65a9cb7de2edd624b07995f7e13abc5fead15961f745f908cc?s=96&d=mm&r=g","caption":"Eduardo Lizarraga"},"description":"Periodista Econ\u00f3mico. Ha trabajado en diversos campos de la informaci\u00f3n. Corresponsal en conflictos, analista pol\u00edtico en Congreso y Senado, periodista del medio ambiente, editor, director editorial, director de comunicaci\u00f3n.... En estos momentos se ha especializado en el sector inmobiliario. Pero tambi\u00e9n es navegante y viajero, preocupado por la pobreza, el medio ambiente y por las actuaciones descontroladas del neoliberalismo empresarial y pol\u00edtico en todo el mundo. Los desahucios, la pobreza infantil y la falta de acceso a los suministros b\u00e1sicos son algunos de los grandes dramas de nuestra sociedad y que es preciso solucionar para hacerla m\u00e1s justa. CEO en www.aquimicasa.net","sameAs":["https:\/\/www.aquimicasa.net\/"],"url":"https:\/\/www.aquimicasa.net\/blog\/author\/eduardo\/"}]}},"jetpack_publicize_connections":[],"jetpack_featured_media_url":"https:\/\/www.aquimicasa.net\/blog\/wp-content\/uploads\/Butano1-e1537298782726.jpg","jetpack_sharing_enabled":true,"jetpack_likes_enabled":true,"_links":{"self":[{"href":"https:\/\/www.aquimicasa.net\/blog\/wp-json\/wp\/v2\/posts\/27119","targetHints":{"allow":["GET"]}}],"collection":[{"href":"https:\/\/www.aquimicasa.net\/blog\/wp-json\/wp\/v2\/posts"}],"about":[{"href":"https:\/\/www.aquimicasa.net\/blog\/wp-json\/wp\/v2\/types\/post"}],"author":[{"embeddable":true,"href":"https:\/\/www.aquimicasa.net\/blog\/wp-json\/wp\/v2\/users\/3"}],"replies":[{"embeddable":true,"href":"https:\/\/www.aquimicasa.net\/blog\/wp-json\/wp\/v2\/comments?post=27119"}],"version-history":[{"count":1,"href":"https:\/\/www.aquimicasa.net\/blog\/wp-json\/wp\/v2\/posts\/27119\/revisions"}],"predecessor-version":[{"id":29226,"href":"https:\/\/www.aquimicasa.net\/blog\/wp-json\/wp\/v2\/posts\/27119\/revisions\/29226"}],"wp:featuredmedia":[{"embeddable":true,"href":"https:\/\/www.aquimicasa.net\/blog\/wp-json\/wp\/v2\/media\/12405"}],"wp:attachment":[{"href":"https:\/\/www.aquimicasa.net\/blog\/wp-json\/wp\/v2\/media?parent=27119"}],"wp:term":[{"taxonomy":"category","embeddable":true,"href":"https:\/\/www.aquimicasa.net\/blog\/wp-json\/wp\/v2\/categories?post=27119"},{"taxonomy":"post_tag","embeddable":true,"href":"https:\/\/www.aquimicasa.net\/blog\/wp-json\/wp\/v2\/tags?post=27119"}],"curies":[{"name":"wp","href":"https:\/\/api.w.org\/{rel}","templated":true}]}}