{"id":27123,"date":"2019-11-19T23:48:48","date_gmt":"2019-11-19T22:48:48","guid":{"rendered":"https:\/\/www.aquimicasa.net\/blog\/?p=27123"},"modified":"2020-04-02T18:44:25","modified_gmt":"2020-04-02T16:44:25","slug":"las-pah-acuerdan-seguir-actuando-contra-los-fondos-buitre","status":"publish","type":"post","link":"https:\/\/www.aquimicasa.net\/blog\/vivienda\/desahucio\/las-pah-acuerdan-seguir-actuando-contra-los-fondos-buitre\/","title":{"rendered":"Las PAH acuerdan seguir actuando contra los fondos buitre"},"content":{"rendered":"<p id=\"m21-20-22\">El primer congreso de la vivienda de Catalunya, que reuni\u00f3 en Barcelona a m\u00e1s de <b>500 activistas y 70 colectivos\u00a0<\/b>por el derecho a la vivienda catalanes, acord\u00f3 intensificar su campa\u00f1a contra los fondos buitre que se han apropiado de grandes cantidades de vivienda. Y entre ellos han elegido a <strong>Divariam<\/strong>, propiedad de BBVA y Cerberus, como blanco principal de sus actuaciones para se\u00f1alar a todos los fondos buitre que hacen negocio con las viviendas malvendidas o embargadas con la crisis.<\/p>\n<p><strong>Divariam<\/strong>, la antigua Anida del BBVA, con 13.000 millones en activos,\u00a0 es una <strong>filial de Cerberus<\/strong> compartida con el BBVA que dispone del 20% del capital accionarial. Aunque en su momento se habl\u00f3 de una fusi\u00f3n entre Haya Real Estate -47.000 millones en activos- y Divariam, de momento parece que <strong>Cerberus<\/strong> ha renunciado al plan <strong>dejando a Divariam como el &#8216;holding&#8217; propietario de los activos<\/strong>, cuya gesti\u00f3n delega en Haya Real Estate.<\/p>\n<p id=\"m104-1-105\">Adem\u00e1s de esta campa\u00f1a contra Divariam, los activistas pro derecho a la vivienda han aprobado un <strong>programa unitario<\/strong>. Este programa, que se presentar\u00e1 el pr\u00f3ximo mes de diciembre a los partidos pol\u00edticos para que se posicionen al respecto, es la propuesta conjunta de las diferentes <strong>Plataformas de Afectados por la Hipoteca (PAH)<\/strong>, grupos y asambleas de viviendas de barrios y pueblos y los sindicatos de inquilinos del territorio catal\u00e1n.<\/p>\n<div class=\"teads-inread\">\n<div>\n<div class=\"teads-ui-components-credits\">Entre las l\u00edneas b\u00e1sicas del programa acordado por los activistas para \u00ab<strong>poner fin a la crisis de vivienda<\/strong>\u00bb actual est\u00e1n el <strong>fin de los desahucios<\/strong>, pinchar la burbuja del alquiler, la \u00abexpropiaci\u00f3n\u00bb de los pisos vac\u00edos de bancos y fondos de inversi\u00f3n y avanzar en la construcci\u00f3n del movimiento social.<\/div>\n<\/div>\n<\/div>\n","protected":false},"excerpt":{"rendered":"<p>El primer congreso de la vivienda de Catalunya, que reuni\u00f3 [&hellip;]<\/p>\n","protected":false},"author":3,"featured_media":25223,"comment_status":"open","ping_status":"open","sticky":false,"template":"","format":"standard","meta":{"_jetpack_memberships_contains_paid_content":false,"footnotes":"","jetpack_publicize_message":"","jetpack_publicize_feature_enabled":true,"jetpack_social_post_already_shared":true,"jetpack_social_options":{"image_generator_settings":{"template":"highway","default_image_id":0,"font":"","enabled":false},"version":2}},"categories":[641,46,100,25,7564,7565,28],"tags":[341,7297,7298],"class_list":["post-27123","post","type-post","status-publish","format-standard","has-post-thumbnail","hentry","category-asociacion-de-consumidores","category-bancos","category-compraventa-de-viviendas","category-desahucio","category-noticias-economia","category-noticias-mercado-inmobiliario","category-plataforma-de-afectados-por-la-hipoteca","tag-cerberus","tag-divariam","tag-plataforma-de-afectados-por-la-hipoteca-pah"],"yoast_head":"<!-- This site is optimized with the Yoast SEO plugin v27.5 - https:\/\/yoast.com\/product\/yoast-seo-wordpress\/ -->\n<title>Las PAH acuerdan seguir actuando contra los fondos buitre<\/title>\n<meta name=\"description\" content=\"Divariam ser\u00e1 el blanco principal dela PAH para se\u00f1alar a los fondos buitre que hacen negocio con las viviendas malvendidas o embargadas con la crisis.\" \/>\n<meta name=\"robots\" content=\"index, follow, max-snippet:-1, max-image-preview:large, max-video-preview:-1\" \/>\n<link rel=\"canonical\" href=\"https:\/\/www.aquimicasa.net\/blog\/vivienda\/desahucio\/las-pah-acuerdan-seguir-actuando-contra-los-fondos-buitre\/\" \/>\n<meta property=\"og:locale\" content=\"es_ES\" \/>\n<meta property=\"og:type\" content=\"article\" \/>\n<meta property=\"og:title\" content=\"Las PAH acuerdan seguir actuando contra los fondos buitre\" \/>\n<meta property=\"og:description\" content=\"Divariam ser\u00e1 el blanco principal dela PAH para se\u00f1alar a los fondos buitre que hacen negocio con las viviendas malvendidas o embargadas con la crisis.\" \/>\n<meta property=\"og:url\" content=\"https:\/\/www.aquimicasa.net\/blog\/vivienda\/desahucio\/las-pah-acuerdan-seguir-actuando-contra-los-fondos-buitre\/\" \/>\n<meta property=\"og:site_name\" content=\"Blog de aquimicasa.net\" \/>\n<meta property=\"article:publisher\" content=\"https:\/\/www.facebook.com\/aquimicasa.net\" \/>\n<meta property=\"article:published_time\" content=\"2019-11-19T22:48:48+00:00\" \/>\n<meta property=\"article:modified_time\" content=\"2020-04-02T16:44:25+00:00\" \/>\n<meta property=\"og:image\" content=\"https:\/\/www.aquimicasa.net\/blog\/wp-content\/uploads\/buitres16-1.jpg\" \/>\n\t<meta property=\"og:image:width\" content=\"600\" \/>\n\t<meta property=\"og:image:height\" content=\"300\" \/>\n\t<meta property=\"og:image:type\" content=\"image\/jpeg\" \/>\n<meta name=\"author\" content=\"Eduardo Lizarraga\" \/>\n<meta name=\"twitter:label1\" content=\"Escrito por\" \/>\n\t<meta name=\"twitter:data1\" content=\"Eduardo Lizarraga\" \/>\n\t<meta name=\"twitter:label2\" content=\"Tiempo de lectura\" \/>\n\t<meta name=\"twitter:data2\" content=\"1 minuto\" \/>\n<script type=\"application\/ld+json\" class=\"yoast-schema-graph\">{\"@context\":\"https:\\\/\\\/schema.org\",\"@graph\":[{\"@type\":\"Article\",\"@id\":\"https:\\\/\\\/www.aquimicasa.net\\\/blog\\\/vivienda\\\/desahucio\\\/las-pah-acuerdan-seguir-actuando-contra-los-fondos-buitre\\\/#article\",\"isPartOf\":{\"@id\":\"https:\\\/\\\/www.aquimicasa.net\\\/blog\\\/vivienda\\\/desahucio\\\/las-pah-acuerdan-seguir-actuando-contra-los-fondos-buitre\\\/\"},\"author\":{\"name\":\"Eduardo Lizarraga\",\"@id\":\"https:\\\/\\\/www.aquimicasa.net\\\/blog\\\/#\\\/schema\\\/person\\\/2cdfa2605534583395c8d7ce1d6cac14\"},\"headline\":\"Las PAH acuerdan seguir actuando contra los fondos buitre\",\"datePublished\":\"2019-11-19T22:48:48+00:00\",\"dateModified\":\"2020-04-02T16:44:25+00:00\",\"mainEntityOfPage\":{\"@id\":\"https:\\\/\\\/www.aquimicasa.net\\\/blog\\\/vivienda\\\/desahucio\\\/las-pah-acuerdan-seguir-actuando-contra-los-fondos-buitre\\\/\"},\"wordCount\":294,\"commentCount\":0,\"publisher\":{\"@id\":\"https:\\\/\\\/www.aquimicasa.net\\\/blog\\\/#organization\"},\"image\":{\"@id\":\"https:\\\/\\\/www.aquimicasa.net\\\/blog\\\/vivienda\\\/desahucio\\\/las-pah-acuerdan-seguir-actuando-contra-los-fondos-buitre\\\/#primaryimage\"},\"thumbnailUrl\":\"https:\\\/\\\/www.aquimicasa.net\\\/blog\\\/wp-content\\\/uploads\\\/buitres16-1.jpg\",\"keywords\":[\"Cerberus\",\"Divariam\",\"Plataforma de Afectados por la Hipoteca (PAH)\"],\"articleSection\":[\"Asociaciones de Consumidores\",\"Bancos\",\"Compra Venta\",\"Desahucios\",\"Noticias Econom\u00eda\",\"Noticias Mercado Inmobiliario\",\"Plataforma de Afectados por la Hipoteca\"],\"inLanguage\":\"es\",\"potentialAction\":[{\"@type\":\"CommentAction\",\"name\":\"Comment\",\"target\":[\"https:\\\/\\\/www.aquimicasa.net\\\/blog\\\/vivienda\\\/desahucio\\\/las-pah-acuerdan-seguir-actuando-contra-los-fondos-buitre\\\/#respond\"]}]},{\"@type\":\"WebPage\",\"@id\":\"https:\\\/\\\/www.aquimicasa.net\\\/blog\\\/vivienda\\\/desahucio\\\/las-pah-acuerdan-seguir-actuando-contra-los-fondos-buitre\\\/\",\"url\":\"https:\\\/\\\/www.aquimicasa.net\\\/blog\\\/vivienda\\\/desahucio\\\/las-pah-acuerdan-seguir-actuando-contra-los-fondos-buitre\\\/\",\"name\":\"Las PAH acuerdan seguir actuando contra los fondos buitre\",\"isPartOf\":{\"@id\":\"https:\\\/\\\/www.aquimicasa.net\\\/blog\\\/#website\"},\"primaryImageOfPage\":{\"@id\":\"https:\\\/\\\/www.aquimicasa.net\\\/blog\\\/vivienda\\\/desahucio\\\/las-pah-acuerdan-seguir-actuando-contra-los-fondos-buitre\\\/#primaryimage\"},\"image\":{\"@id\":\"https:\\\/\\\/www.aquimicasa.net\\\/blog\\\/vivienda\\\/desahucio\\\/las-pah-acuerdan-seguir-actuando-contra-los-fondos-buitre\\\/#primaryimage\"},\"thumbnailUrl\":\"https:\\\/\\\/www.aquimicasa.net\\\/blog\\\/wp-content\\\/uploads\\\/buitres16-1.jpg\",\"datePublished\":\"2019-11-19T22:48:48+00:00\",\"dateModified\":\"2020-04-02T16:44:25+00:00\",\"description\":\"Divariam ser\u00e1 el blanco principal dela PAH para se\u00f1alar a los fondos buitre que hacen negocio con las viviendas malvendidas o embargadas con la crisis.\",\"breadcrumb\":{\"@id\":\"https:\\\/\\\/www.aquimicasa.net\\\/blog\\\/vivienda\\\/desahucio\\\/las-pah-acuerdan-seguir-actuando-contra-los-fondos-buitre\\\/#breadcrumb\"},\"inLanguage\":\"es\",\"potentialAction\":[{\"@type\":\"ReadAction\",\"target\":[\"https:\\\/\\\/www.aquimicasa.net\\\/blog\\\/vivienda\\\/desahucio\\\/las-pah-acuerdan-seguir-actuando-contra-los-fondos-buitre\\\/\"]}]},{\"@type\":\"ImageObject\",\"inLanguage\":\"es\",\"@id\":\"https:\\\/\\\/www.aquimicasa.net\\\/blog\\\/vivienda\\\/desahucio\\\/las-pah-acuerdan-seguir-actuando-contra-los-fondos-buitre\\\/#primaryimage\",\"url\":\"https:\\\/\\\/www.aquimicasa.net\\\/blog\\\/wp-content\\\/uploads\\\/buitres16-1.jpg\",\"contentUrl\":\"https:\\\/\\\/www.aquimicasa.net\\\/blog\\\/wp-content\\\/uploads\\\/buitres16-1.jpg\",\"width\":600,\"height\":300},{\"@type\":\"BreadcrumbList\",\"@id\":\"https:\\\/\\\/www.aquimicasa.net\\\/blog\\\/vivienda\\\/desahucio\\\/las-pah-acuerdan-seguir-actuando-contra-los-fondos-buitre\\\/#breadcrumb\",\"itemListElement\":[{\"@type\":\"ListItem\",\"position\":1,\"name\":\"Portada\",\"item\":\"https:\\\/\\\/www.aquimicasa.net\\\/blog\\\/\"},{\"@type\":\"ListItem\",\"position\":2,\"name\":\"Las PAH acuerdan seguir actuando contra los fondos buitre\"}]},{\"@type\":\"WebSite\",\"@id\":\"https:\\\/\\\/www.aquimicasa.net\\\/blog\\\/#website\",\"url\":\"https:\\\/\\\/www.aquimicasa.net\\\/blog\\\/\",\"name\":\"Blog de aquimicasa.net\",\"description\":\"Noticias del Mundo Inmobiliario\",\"publisher\":{\"@id\":\"https:\\\/\\\/www.aquimicasa.net\\\/blog\\\/#organization\"},\"potentialAction\":[{\"@type\":\"SearchAction\",\"target\":{\"@type\":\"EntryPoint\",\"urlTemplate\":\"https:\\\/\\\/www.aquimicasa.net\\\/blog\\\/?s={search_term_string}\"},\"query-input\":{\"@type\":\"PropertyValueSpecification\",\"valueRequired\":true,\"valueName\":\"search_term_string\"}}],\"inLanguage\":\"es\"},{\"@type\":\"Organization\",\"@id\":\"https:\\\/\\\/www.aquimicasa.net\\\/blog\\\/#organization\",\"name\":\"Blog de aquimicasa.net\",\"url\":\"https:\\\/\\\/www.aquimicasa.net\\\/blog\\\/\",\"logo\":{\"@type\":\"ImageObject\",\"inLanguage\":\"es\",\"@id\":\"https:\\\/\\\/www.aquimicasa.net\\\/blog\\\/#\\\/schema\\\/logo\\\/image\\\/\",\"url\":\"https:\\\/\\\/www.aquimicasa.net\\\/blog\\\/wp-content\\\/uploads\\\/Logo-aquimicasa-1-e1528048213782.png\",\"contentUrl\":\"https:\\\/\\\/www.aquimicasa.net\\\/blog\\\/wp-content\\\/uploads\\\/Logo-aquimicasa-1-e1528048213782.png\",\"width\":225,\"height\":225,\"caption\":\"Blog de aquimicasa.net\"},\"image\":{\"@id\":\"https:\\\/\\\/www.aquimicasa.net\\\/blog\\\/#\\\/schema\\\/logo\\\/image\\\/\"},\"sameAs\":[\"https:\\\/\\\/www.facebook.com\\\/aquimicasa.net\",\"https:\\\/\\\/www.instagram.com\\\/\",\"https:\\\/\\\/x.com\\\/EduLizarragaD\",\"https:\\\/\\\/www.linkedin.com\\\/feed\\\/\"]},{\"@type\":\"Person\",\"@id\":\"https:\\\/\\\/www.aquimicasa.net\\\/blog\\\/#\\\/schema\\\/person\\\/2cdfa2605534583395c8d7ce1d6cac14\",\"name\":\"Eduardo Lizarraga\",\"image\":{\"@type\":\"ImageObject\",\"inLanguage\":\"es\",\"@id\":\"https:\\\/\\\/secure.gravatar.com\\\/avatar\\\/bdabe1eeeed97b65a9cb7de2edd624b07995f7e13abc5fead15961f745f908cc?s=96&d=mm&r=g\",\"url\":\"https:\\\/\\\/secure.gravatar.com\\\/avatar\\\/bdabe1eeeed97b65a9cb7de2edd624b07995f7e13abc5fead15961f745f908cc?s=96&d=mm&r=g\",\"contentUrl\":\"https:\\\/\\\/secure.gravatar.com\\\/avatar\\\/bdabe1eeeed97b65a9cb7de2edd624b07995f7e13abc5fead15961f745f908cc?s=96&d=mm&r=g\",\"caption\":\"Eduardo Lizarraga\"},\"description\":\"Periodista Econ\u00f3mico. Ha trabajado en diversos campos de la informaci\u00f3n. Corresponsal en conflictos, analista pol\u00edtico en Congreso y Senado, periodista del medio ambiente, editor, director editorial, director de comunicaci\u00f3n.... En estos momentos se ha especializado en el sector inmobiliario. Pero tambi\u00e9n es navegante y viajero, preocupado por la pobreza, el medio ambiente y por las actuaciones descontroladas del neoliberalismo empresarial y pol\u00edtico en todo el mundo. Los desahucios, la pobreza infantil y la falta de acceso a los suministros b\u00e1sicos son algunos de los grandes dramas de nuestra sociedad y que es preciso solucionar para hacerla m\u00e1s justa. CEO en www.aquimicasa.net\",\"sameAs\":[\"https:\\\/\\\/www.aquimicasa.net\\\/\"],\"url\":\"https:\\\/\\\/www.aquimicasa.net\\\/blog\\\/author\\\/eduardo\\\/\"}]}<\/script>\n<!-- \/ Yoast SEO plugin. -->","yoast_head_json":{"title":"Las PAH acuerdan seguir actuando contra los fondos buitre","description":"Divariam ser\u00e1 el blanco principal dela PAH para se\u00f1alar a los fondos buitre que hacen negocio con las viviendas malvendidas o embargadas con la crisis.","robots":{"index":"index","follow":"follow","max-snippet":"max-snippet:-1","max-image-preview":"max-image-preview:large","max-video-preview":"max-video-preview:-1"},"canonical":"https:\/\/www.aquimicasa.net\/blog\/vivienda\/desahucio\/las-pah-acuerdan-seguir-actuando-contra-los-fondos-buitre\/","og_locale":"es_ES","og_type":"article","og_title":"Las PAH acuerdan seguir actuando contra los fondos buitre","og_description":"Divariam ser\u00e1 el blanco principal dela PAH para se\u00f1alar a los fondos buitre que hacen negocio con las viviendas malvendidas o embargadas con la crisis.","og_url":"https:\/\/www.aquimicasa.net\/blog\/vivienda\/desahucio\/las-pah-acuerdan-seguir-actuando-contra-los-fondos-buitre\/","og_site_name":"Blog de aquimicasa.net","article_publisher":"https:\/\/www.facebook.com\/aquimicasa.net","article_published_time":"2019-11-19T22:48:48+00:00","article_modified_time":"2020-04-02T16:44:25+00:00","og_image":[{"width":600,"height":300,"url":"https:\/\/www.aquimicasa.net\/blog\/wp-content\/uploads\/buitres16-1.jpg","type":"image\/jpeg"}],"author":"Eduardo Lizarraga","twitter_misc":{"Escrito por":"Eduardo Lizarraga","Tiempo de lectura":"1 minuto"},"schema":{"@context":"https:\/\/schema.org","@graph":[{"@type":"Article","@id":"https:\/\/www.aquimicasa.net\/blog\/vivienda\/desahucio\/las-pah-acuerdan-seguir-actuando-contra-los-fondos-buitre\/#article","isPartOf":{"@id":"https:\/\/www.aquimicasa.net\/blog\/vivienda\/desahucio\/las-pah-acuerdan-seguir-actuando-contra-los-fondos-buitre\/"},"author":{"name":"Eduardo Lizarraga","@id":"https:\/\/www.aquimicasa.net\/blog\/#\/schema\/person\/2cdfa2605534583395c8d7ce1d6cac14"},"headline":"Las PAH acuerdan seguir actuando contra los fondos buitre","datePublished":"2019-11-19T22:48:48+00:00","dateModified":"2020-04-02T16:44:25+00:00","mainEntityOfPage":{"@id":"https:\/\/www.aquimicasa.net\/blog\/vivienda\/desahucio\/las-pah-acuerdan-seguir-actuando-contra-los-fondos-buitre\/"},"wordCount":294,"commentCount":0,"publisher":{"@id":"https:\/\/www.aquimicasa.net\/blog\/#organization"},"image":{"@id":"https:\/\/www.aquimicasa.net\/blog\/vivienda\/desahucio\/las-pah-acuerdan-seguir-actuando-contra-los-fondos-buitre\/#primaryimage"},"thumbnailUrl":"https:\/\/www.aquimicasa.net\/blog\/wp-content\/uploads\/buitres16-1.jpg","keywords":["Cerberus","Divariam","Plataforma de Afectados por la Hipoteca (PAH)"],"articleSection":["Asociaciones de Consumidores","Bancos","Compra Venta","Desahucios","Noticias Econom\u00eda","Noticias Mercado Inmobiliario","Plataforma de Afectados por la Hipoteca"],"inLanguage":"es","potentialAction":[{"@type":"CommentAction","name":"Comment","target":["https:\/\/www.aquimicasa.net\/blog\/vivienda\/desahucio\/las-pah-acuerdan-seguir-actuando-contra-los-fondos-buitre\/#respond"]}]},{"@type":"WebPage","@id":"https:\/\/www.aquimicasa.net\/blog\/vivienda\/desahucio\/las-pah-acuerdan-seguir-actuando-contra-los-fondos-buitre\/","url":"https:\/\/www.aquimicasa.net\/blog\/vivienda\/desahucio\/las-pah-acuerdan-seguir-actuando-contra-los-fondos-buitre\/","name":"Las PAH acuerdan seguir actuando contra los fondos buitre","isPartOf":{"@id":"https:\/\/www.aquimicasa.net\/blog\/#website"},"primaryImageOfPage":{"@id":"https:\/\/www.aquimicasa.net\/blog\/vivienda\/desahucio\/las-pah-acuerdan-seguir-actuando-contra-los-fondos-buitre\/#primaryimage"},"image":{"@id":"https:\/\/www.aquimicasa.net\/blog\/vivienda\/desahucio\/las-pah-acuerdan-seguir-actuando-contra-los-fondos-buitre\/#primaryimage"},"thumbnailUrl":"https:\/\/www.aquimicasa.net\/blog\/wp-content\/uploads\/buitres16-1.jpg","datePublished":"2019-11-19T22:48:48+00:00","dateModified":"2020-04-02T16:44:25+00:00","description":"Divariam ser\u00e1 el blanco principal dela PAH para se\u00f1alar a los fondos buitre que hacen negocio con las viviendas malvendidas o embargadas con la crisis.","breadcrumb":{"@id":"https:\/\/www.aquimicasa.net\/blog\/vivienda\/desahucio\/las-pah-acuerdan-seguir-actuando-contra-los-fondos-buitre\/#breadcrumb"},"inLanguage":"es","potentialAction":[{"@type":"ReadAction","target":["https:\/\/www.aquimicasa.net\/blog\/vivienda\/desahucio\/las-pah-acuerdan-seguir-actuando-contra-los-fondos-buitre\/"]}]},{"@type":"ImageObject","inLanguage":"es","@id":"https:\/\/www.aquimicasa.net\/blog\/vivienda\/desahucio\/las-pah-acuerdan-seguir-actuando-contra-los-fondos-buitre\/#primaryimage","url":"https:\/\/www.aquimicasa.net\/blog\/wp-content\/uploads\/buitres16-1.jpg","contentUrl":"https:\/\/www.aquimicasa.net\/blog\/wp-content\/uploads\/buitres16-1.jpg","width":600,"height":300},{"@type":"BreadcrumbList","@id":"https:\/\/www.aquimicasa.net\/blog\/vivienda\/desahucio\/las-pah-acuerdan-seguir-actuando-contra-los-fondos-buitre\/#breadcrumb","itemListElement":[{"@type":"ListItem","position":1,"name":"Portada","item":"https:\/\/www.aquimicasa.net\/blog\/"},{"@type":"ListItem","position":2,"name":"Las PAH acuerdan seguir actuando contra los fondos buitre"}]},{"@type":"WebSite","@id":"https:\/\/www.aquimicasa.net\/blog\/#website","url":"https:\/\/www.aquimicasa.net\/blog\/","name":"Blog de aquimicasa.net","description":"Noticias del Mundo Inmobiliario","publisher":{"@id":"https:\/\/www.aquimicasa.net\/blog\/#organization"},"potentialAction":[{"@type":"SearchAction","target":{"@type":"EntryPoint","urlTemplate":"https:\/\/www.aquimicasa.net\/blog\/?s={search_term_string}"},"query-input":{"@type":"PropertyValueSpecification","valueRequired":true,"valueName":"search_term_string"}}],"inLanguage":"es"},{"@type":"Organization","@id":"https:\/\/www.aquimicasa.net\/blog\/#organization","name":"Blog de aquimicasa.net","url":"https:\/\/www.aquimicasa.net\/blog\/","logo":{"@type":"ImageObject","inLanguage":"es","@id":"https:\/\/www.aquimicasa.net\/blog\/#\/schema\/logo\/image\/","url":"https:\/\/www.aquimicasa.net\/blog\/wp-content\/uploads\/Logo-aquimicasa-1-e1528048213782.png","contentUrl":"https:\/\/www.aquimicasa.net\/blog\/wp-content\/uploads\/Logo-aquimicasa-1-e1528048213782.png","width":225,"height":225,"caption":"Blog de aquimicasa.net"},"image":{"@id":"https:\/\/www.aquimicasa.net\/blog\/#\/schema\/logo\/image\/"},"sameAs":["https:\/\/www.facebook.com\/aquimicasa.net","https:\/\/www.instagram.com\/","https:\/\/x.com\/EduLizarragaD","https:\/\/www.linkedin.com\/feed\/"]},{"@type":"Person","@id":"https:\/\/www.aquimicasa.net\/blog\/#\/schema\/person\/2cdfa2605534583395c8d7ce1d6cac14","name":"Eduardo Lizarraga","image":{"@type":"ImageObject","inLanguage":"es","@id":"https:\/\/secure.gravatar.com\/avatar\/bdabe1eeeed97b65a9cb7de2edd624b07995f7e13abc5fead15961f745f908cc?s=96&d=mm&r=g","url":"https:\/\/secure.gravatar.com\/avatar\/bdabe1eeeed97b65a9cb7de2edd624b07995f7e13abc5fead15961f745f908cc?s=96&d=mm&r=g","contentUrl":"https:\/\/secure.gravatar.com\/avatar\/bdabe1eeeed97b65a9cb7de2edd624b07995f7e13abc5fead15961f745f908cc?s=96&d=mm&r=g","caption":"Eduardo Lizarraga"},"description":"Periodista Econ\u00f3mico. Ha trabajado en diversos campos de la informaci\u00f3n. Corresponsal en conflictos, analista pol\u00edtico en Congreso y Senado, periodista del medio ambiente, editor, director editorial, director de comunicaci\u00f3n.... En estos momentos se ha especializado en el sector inmobiliario. Pero tambi\u00e9n es navegante y viajero, preocupado por la pobreza, el medio ambiente y por las actuaciones descontroladas del neoliberalismo empresarial y pol\u00edtico en todo el mundo. Los desahucios, la pobreza infantil y la falta de acceso a los suministros b\u00e1sicos son algunos de los grandes dramas de nuestra sociedad y que es preciso solucionar para hacerla m\u00e1s justa. CEO en www.aquimicasa.net","sameAs":["https:\/\/www.aquimicasa.net\/"],"url":"https:\/\/www.aquimicasa.net\/blog\/author\/eduardo\/"}]}},"jetpack_publicize_connections":[],"jetpack_featured_media_url":"https:\/\/www.aquimicasa.net\/blog\/wp-content\/uploads\/buitres16-1.jpg","jetpack_sharing_enabled":true,"jetpack_likes_enabled":true,"_links":{"self":[{"href":"https:\/\/www.aquimicasa.net\/blog\/wp-json\/wp\/v2\/posts\/27123","targetHints":{"allow":["GET"]}}],"collection":[{"href":"https:\/\/www.aquimicasa.net\/blog\/wp-json\/wp\/v2\/posts"}],"about":[{"href":"https:\/\/www.aquimicasa.net\/blog\/wp-json\/wp\/v2\/types\/post"}],"author":[{"embeddable":true,"href":"https:\/\/www.aquimicasa.net\/blog\/wp-json\/wp\/v2\/users\/3"}],"replies":[{"embeddable":true,"href":"https:\/\/www.aquimicasa.net\/blog\/wp-json\/wp\/v2\/comments?post=27123"}],"version-history":[{"count":1,"href":"https:\/\/www.aquimicasa.net\/blog\/wp-json\/wp\/v2\/posts\/27123\/revisions"}],"predecessor-version":[{"id":30300,"href":"https:\/\/www.aquimicasa.net\/blog\/wp-json\/wp\/v2\/posts\/27123\/revisions\/30300"}],"wp:featuredmedia":[{"embeddable":true,"href":"https:\/\/www.aquimicasa.net\/blog\/wp-json\/wp\/v2\/media\/25223"}],"wp:attachment":[{"href":"https:\/\/www.aquimicasa.net\/blog\/wp-json\/wp\/v2\/media?parent=27123"}],"wp:term":[{"taxonomy":"category","embeddable":true,"href":"https:\/\/www.aquimicasa.net\/blog\/wp-json\/wp\/v2\/categories?post=27123"},{"taxonomy":"post_tag","embeddable":true,"href":"https:\/\/www.aquimicasa.net\/blog\/wp-json\/wp\/v2\/tags?post=27123"}],"curies":[{"name":"wp","href":"https:\/\/api.w.org\/{rel}","templated":true}]}}