{"id":27313,"date":"2019-12-03T21:47:17","date_gmt":"2019-12-03T20:47:17","guid":{"rendered":"https:\/\/www.aquimicasa.net\/blog\/?p=27313"},"modified":"2020-04-02T18:49:27","modified_gmt":"2020-04-02T16:49:27","slug":"francia-contra-el-black-friday-por-enganoso-y-contaminante","status":"publish","type":"post","link":"https:\/\/www.aquimicasa.net\/blog\/vivienda\/ofertas\/francia-contra-el-black-friday-por-enganoso-y-contaminante\/","title":{"rendered":"Francia contra el Black Friday por enga\u00f1oso y contaminante"},"content":{"rendered":"<p>En pocas palabras un secreto a voces. El<strong> Black Friday<\/strong> enga\u00f1a con los descuentos, genera residuos y contaminaci\u00f3n en beneficio s\u00f3lo de las grandes empresas; y es un desastre para el peque\u00f1o comercio. Diputados de \u00a1En Marcha!, el partido del presidente de la Rep\u00fablica, <strong>Emmanuel Macron<\/strong>, con el apoyo de otras fuerzas pol\u00edticas han aprobado una enmienda contra los falsos descuentos que consideran que ocurren este d\u00eda. Se enmarca dentro del borrador del <strong>proyecto de ley anti residuos<\/strong> que el Parlamento de Francia debatir\u00e1 el pr\u00f3ximo 9 de diciembre.<\/p>\n<p>En el texto aprobado se establece que\u00a0\u00ab<em>adem\u00e1s de su desastroso historial medioambiental, Black Friday se basa en comunicaciones enga\u00f1osas a los consumidores en las que les hacen creer que se est\u00e1n beneficiando de reducciones de precios considerables<\/em>\u00ab, cuenta<em>\u00a0Cinco D\u00edas.<\/em><\/p>\n<p>Diputados del partido de Macron ya se han manifestado a trav\u00e9s de su cuenta de<em>\u00a0twitter<\/em>. Es el caso de\u00a0<strong>Matthieu Orphelin\u00a0<\/strong>que se mostr\u00f3 satisfecho en su publicaci\u00f3n \u00ab<em>Aprobamos una enmienda para que se detenga la pr\u00e1ctica abusiva del Black Friday. Stop al consumo excesivo y a las comunicaciones que inducen a error a los consumidores<\/em>\u00bb haciendo referencia a la publicidad enga\u00f1osa. Acto seguido, felicit\u00f3 a la propulsora de la medida, <strong>Delphine Batho<\/strong>, exministra de Medio Ambiente y diputada del partido Generaci\u00f3n Ecol\u00f3gica.<\/p>\n<p>La ministra de Transici\u00f3n Ecol\u00f3gica del pa\u00eds galo tambi\u00e9n se ha mostrado en contra de la celebraci\u00f3n de este d\u00eda.\u00a0<strong>Elisabeth Borne<\/strong>\u00a0ha criticado los atascos que se producen y la contaminaci\u00f3n y emisiones de gases que esto provoca. Adem\u00e1s, la ministra cree que esta fecha <strong>no beneficia a los peque\u00f1os comercios franceses<\/strong> sino \u00fanicamente a las grandes empresas.<\/p>\n<p><em>Cinco D\u00edas<\/em>\u00a0tambi\u00e9n se\u00f1ala un estudio de 2016 realizado\u00a0por la asociaci\u00f3n de consumidores UFC-Que Choisir en el que se apuntaba que\u00a0la reducci\u00f3n promedio de los precios del\u00a0<em>Black Friday<\/em><strong>\u00a0fue inferior al 2%.<\/strong><\/p>\n<blockquote class=\"twitter-tweet\"><p>&nbsp;<\/p><\/blockquote>\n","protected":false},"excerpt":{"rendered":"<p>En pocas palabras un secreto a voces. El Black Friday enga\u00f1a con los descuentos, genera residuos y contaminaci\u00f3n en beneficio s\u00f3lo de las grandes empresas; y es un desastre para el peque\u00f1o comercio. Diputados de \u00a1En Marcha!, el partido del presidente de la Rep\u00fablica, Emmanuel Macron, con el apoyo de otras fuerzas pol\u00edticas han aprobado una enmienda contra los falsos descuentos que consideran que ocurren este d\u00eda<\/p>\n","protected":false},"author":3,"featured_media":27375,"comment_status":"open","ping_status":"open","sticky":false,"template":"","format":"standard","meta":{"_jetpack_memberships_contains_paid_content":false,"footnotes":"","jetpack_publicize_message":"","jetpack_publicize_feature_enabled":true,"jetpack_social_post_already_shared":true,"jetpack_social_options":{"image_generator_settings":{"template":"highway","default_image_id":0,"font":"","enabled":false},"version":2}},"categories":[7563,7564,7565,77],"tags":[7325,7326],"class_list":["post-27313","post","type-post","status-publish","format-standard","has-post-thumbnail","hentry","category-noticias-consumo","category-noticias-economia","category-noticias-mercado-inmobiliario","category-ofertas","tag-black-friday","tag-francia-emmanuel-macron"],"yoast_head":"<!-- This site is optimized with the Yoast SEO plugin v27.5 - https:\/\/yoast.com\/product\/yoast-seo-wordpress\/ -->\n<title>Francia contra el Black Friday por enga\u00f1oso y contaminante<\/title>\n<meta name=\"description\" content=\"Diputados de \u00a1En Marcha!, el partido de Emmanuel Macron, con el apoyo de otras fuerzas pol\u00edticas han aprobado una enmienda contra el el Black Friday\" \/>\n<meta name=\"robots\" content=\"index, follow, max-snippet:-1, max-image-preview:large, max-video-preview:-1\" \/>\n<link rel=\"canonical\" href=\"https:\/\/www.aquimicasa.net\/blog\/vivienda\/ofertas\/francia-contra-el-black-friday-por-enganoso-y-contaminante\/\" \/>\n<meta property=\"og:locale\" content=\"es_ES\" \/>\n<meta property=\"og:type\" content=\"article\" \/>\n<meta property=\"og:title\" content=\"Francia contra el Black Friday por enga\u00f1oso y contaminante\" \/>\n<meta property=\"og:description\" content=\"Diputados de \u00a1En Marcha!, el partido de Emmanuel Macron, con el apoyo de otras fuerzas pol\u00edticas han aprobado una enmienda contra el el Black Friday\" \/>\n<meta property=\"og:url\" content=\"https:\/\/www.aquimicasa.net\/blog\/vivienda\/ofertas\/francia-contra-el-black-friday-por-enganoso-y-contaminante\/\" \/>\n<meta property=\"og:site_name\" content=\"Blog de aquimicasa.net\" \/>\n<meta property=\"article:publisher\" content=\"https:\/\/www.facebook.com\/aquimicasa.net\" \/>\n<meta property=\"article:published_time\" content=\"2019-12-03T20:47:17+00:00\" \/>\n<meta property=\"article:modified_time\" content=\"2020-04-02T16:49:27+00:00\" \/>\n<meta property=\"og:image\" content=\"https:\/\/www.aquimicasa.net\/blog\/wp-content\/uploads\/Black-FRiday1.jpg\" \/>\n\t<meta property=\"og:image:width\" content=\"640\" \/>\n\t<meta property=\"og:image:height\" content=\"360\" \/>\n\t<meta property=\"og:image:type\" content=\"image\/jpeg\" \/>\n<meta name=\"author\" content=\"Eduardo Lizarraga\" \/>\n<meta name=\"twitter:label1\" content=\"Escrito por\" \/>\n\t<meta name=\"twitter:data1\" content=\"Eduardo Lizarraga\" \/>\n\t<meta name=\"twitter:label2\" content=\"Tiempo de lectura\" \/>\n\t<meta name=\"twitter:data2\" content=\"2 minutos\" \/>\n<script type=\"application\/ld+json\" class=\"yoast-schema-graph\">{\"@context\":\"https:\\\/\\\/schema.org\",\"@graph\":[{\"@type\":\"Article\",\"@id\":\"https:\\\/\\\/www.aquimicasa.net\\\/blog\\\/vivienda\\\/ofertas\\\/francia-contra-el-black-friday-por-enganoso-y-contaminante\\\/#article\",\"isPartOf\":{\"@id\":\"https:\\\/\\\/www.aquimicasa.net\\\/blog\\\/vivienda\\\/ofertas\\\/francia-contra-el-black-friday-por-enganoso-y-contaminante\\\/\"},\"author\":{\"name\":\"Eduardo Lizarraga\",\"@id\":\"https:\\\/\\\/www.aquimicasa.net\\\/blog\\\/#\\\/schema\\\/person\\\/2cdfa2605534583395c8d7ce1d6cac14\"},\"headline\":\"Francia contra el Black Friday por enga\u00f1oso y contaminante\",\"datePublished\":\"2019-12-03T20:47:17+00:00\",\"dateModified\":\"2020-04-02T16:49:27+00:00\",\"mainEntityOfPage\":{\"@id\":\"https:\\\/\\\/www.aquimicasa.net\\\/blog\\\/vivienda\\\/ofertas\\\/francia-contra-el-black-friday-por-enganoso-y-contaminante\\\/\"},\"wordCount\":348,\"commentCount\":0,\"publisher\":{\"@id\":\"https:\\\/\\\/www.aquimicasa.net\\\/blog\\\/#organization\"},\"image\":{\"@id\":\"https:\\\/\\\/www.aquimicasa.net\\\/blog\\\/vivienda\\\/ofertas\\\/francia-contra-el-black-friday-por-enganoso-y-contaminante\\\/#primaryimage\"},\"thumbnailUrl\":\"https:\\\/\\\/www.aquimicasa.net\\\/blog\\\/wp-content\\\/uploads\\\/Black-FRiday1.jpg\",\"keywords\":[\"Black Friday\",\"Francia Emmanuel Macron\"],\"articleSection\":[\"Noticias Consumo\",\"Noticias Econom\u00eda\",\"Noticias Mercado Inmobiliario\",\"Ofertas\"],\"inLanguage\":\"es\",\"potentialAction\":[{\"@type\":\"CommentAction\",\"name\":\"Comment\",\"target\":[\"https:\\\/\\\/www.aquimicasa.net\\\/blog\\\/vivienda\\\/ofertas\\\/francia-contra-el-black-friday-por-enganoso-y-contaminante\\\/#respond\"]}]},{\"@type\":\"WebPage\",\"@id\":\"https:\\\/\\\/www.aquimicasa.net\\\/blog\\\/vivienda\\\/ofertas\\\/francia-contra-el-black-friday-por-enganoso-y-contaminante\\\/\",\"url\":\"https:\\\/\\\/www.aquimicasa.net\\\/blog\\\/vivienda\\\/ofertas\\\/francia-contra-el-black-friday-por-enganoso-y-contaminante\\\/\",\"name\":\"Francia contra el Black Friday por enga\u00f1oso y contaminante\",\"isPartOf\":{\"@id\":\"https:\\\/\\\/www.aquimicasa.net\\\/blog\\\/#website\"},\"primaryImageOfPage\":{\"@id\":\"https:\\\/\\\/www.aquimicasa.net\\\/blog\\\/vivienda\\\/ofertas\\\/francia-contra-el-black-friday-por-enganoso-y-contaminante\\\/#primaryimage\"},\"image\":{\"@id\":\"https:\\\/\\\/www.aquimicasa.net\\\/blog\\\/vivienda\\\/ofertas\\\/francia-contra-el-black-friday-por-enganoso-y-contaminante\\\/#primaryimage\"},\"thumbnailUrl\":\"https:\\\/\\\/www.aquimicasa.net\\\/blog\\\/wp-content\\\/uploads\\\/Black-FRiday1.jpg\",\"datePublished\":\"2019-12-03T20:47:17+00:00\",\"dateModified\":\"2020-04-02T16:49:27+00:00\",\"description\":\"Diputados de \u00a1En Marcha!, el partido de Emmanuel Macron, con el apoyo de otras fuerzas pol\u00edticas han aprobado una enmienda contra el el Black Friday\",\"breadcrumb\":{\"@id\":\"https:\\\/\\\/www.aquimicasa.net\\\/blog\\\/vivienda\\\/ofertas\\\/francia-contra-el-black-friday-por-enganoso-y-contaminante\\\/#breadcrumb\"},\"inLanguage\":\"es\",\"potentialAction\":[{\"@type\":\"ReadAction\",\"target\":[\"https:\\\/\\\/www.aquimicasa.net\\\/blog\\\/vivienda\\\/ofertas\\\/francia-contra-el-black-friday-por-enganoso-y-contaminante\\\/\"]}]},{\"@type\":\"ImageObject\",\"inLanguage\":\"es\",\"@id\":\"https:\\\/\\\/www.aquimicasa.net\\\/blog\\\/vivienda\\\/ofertas\\\/francia-contra-el-black-friday-por-enganoso-y-contaminante\\\/#primaryimage\",\"url\":\"https:\\\/\\\/www.aquimicasa.net\\\/blog\\\/wp-content\\\/uploads\\\/Black-FRiday1.jpg\",\"contentUrl\":\"https:\\\/\\\/www.aquimicasa.net\\\/blog\\\/wp-content\\\/uploads\\\/Black-FRiday1.jpg\",\"width\":640,\"height\":360},{\"@type\":\"BreadcrumbList\",\"@id\":\"https:\\\/\\\/www.aquimicasa.net\\\/blog\\\/vivienda\\\/ofertas\\\/francia-contra-el-black-friday-por-enganoso-y-contaminante\\\/#breadcrumb\",\"itemListElement\":[{\"@type\":\"ListItem\",\"position\":1,\"name\":\"Portada\",\"item\":\"https:\\\/\\\/www.aquimicasa.net\\\/blog\\\/\"},{\"@type\":\"ListItem\",\"position\":2,\"name\":\"Francia contra el Black Friday por enga\u00f1oso y contaminante\"}]},{\"@type\":\"WebSite\",\"@id\":\"https:\\\/\\\/www.aquimicasa.net\\\/blog\\\/#website\",\"url\":\"https:\\\/\\\/www.aquimicasa.net\\\/blog\\\/\",\"name\":\"Blog de aquimicasa.net\",\"description\":\"Noticias del Mundo Inmobiliario\",\"publisher\":{\"@id\":\"https:\\\/\\\/www.aquimicasa.net\\\/blog\\\/#organization\"},\"potentialAction\":[{\"@type\":\"SearchAction\",\"target\":{\"@type\":\"EntryPoint\",\"urlTemplate\":\"https:\\\/\\\/www.aquimicasa.net\\\/blog\\\/?s={search_term_string}\"},\"query-input\":{\"@type\":\"PropertyValueSpecification\",\"valueRequired\":true,\"valueName\":\"search_term_string\"}}],\"inLanguage\":\"es\"},{\"@type\":\"Organization\",\"@id\":\"https:\\\/\\\/www.aquimicasa.net\\\/blog\\\/#organization\",\"name\":\"Blog de aquimicasa.net\",\"url\":\"https:\\\/\\\/www.aquimicasa.net\\\/blog\\\/\",\"logo\":{\"@type\":\"ImageObject\",\"inLanguage\":\"es\",\"@id\":\"https:\\\/\\\/www.aquimicasa.net\\\/blog\\\/#\\\/schema\\\/logo\\\/image\\\/\",\"url\":\"https:\\\/\\\/www.aquimicasa.net\\\/blog\\\/wp-content\\\/uploads\\\/Logo-aquimicasa-1-e1528048213782.png\",\"contentUrl\":\"https:\\\/\\\/www.aquimicasa.net\\\/blog\\\/wp-content\\\/uploads\\\/Logo-aquimicasa-1-e1528048213782.png\",\"width\":225,\"height\":225,\"caption\":\"Blog de aquimicasa.net\"},\"image\":{\"@id\":\"https:\\\/\\\/www.aquimicasa.net\\\/blog\\\/#\\\/schema\\\/logo\\\/image\\\/\"},\"sameAs\":[\"https:\\\/\\\/www.facebook.com\\\/aquimicasa.net\",\"https:\\\/\\\/www.instagram.com\\\/\",\"https:\\\/\\\/x.com\\\/EduLizarragaD\",\"https:\\\/\\\/www.linkedin.com\\\/feed\\\/\"]},{\"@type\":\"Person\",\"@id\":\"https:\\\/\\\/www.aquimicasa.net\\\/blog\\\/#\\\/schema\\\/person\\\/2cdfa2605534583395c8d7ce1d6cac14\",\"name\":\"Eduardo Lizarraga\",\"image\":{\"@type\":\"ImageObject\",\"inLanguage\":\"es\",\"@id\":\"https:\\\/\\\/secure.gravatar.com\\\/avatar\\\/bdabe1eeeed97b65a9cb7de2edd624b07995f7e13abc5fead15961f745f908cc?s=96&d=mm&r=g\",\"url\":\"https:\\\/\\\/secure.gravatar.com\\\/avatar\\\/bdabe1eeeed97b65a9cb7de2edd624b07995f7e13abc5fead15961f745f908cc?s=96&d=mm&r=g\",\"contentUrl\":\"https:\\\/\\\/secure.gravatar.com\\\/avatar\\\/bdabe1eeeed97b65a9cb7de2edd624b07995f7e13abc5fead15961f745f908cc?s=96&d=mm&r=g\",\"caption\":\"Eduardo Lizarraga\"},\"description\":\"Periodista Econ\u00f3mico. Ha trabajado en diversos campos de la informaci\u00f3n. Corresponsal en conflictos, analista pol\u00edtico en Congreso y Senado, periodista del medio ambiente, editor, director editorial, director de comunicaci\u00f3n.... En estos momentos se ha especializado en el sector inmobiliario. Pero tambi\u00e9n es navegante y viajero, preocupado por la pobreza, el medio ambiente y por las actuaciones descontroladas del neoliberalismo empresarial y pol\u00edtico en todo el mundo. Los desahucios, la pobreza infantil y la falta de acceso a los suministros b\u00e1sicos son algunos de los grandes dramas de nuestra sociedad y que es preciso solucionar para hacerla m\u00e1s justa. CEO en www.aquimicasa.net\",\"sameAs\":[\"https:\\\/\\\/www.aquimicasa.net\\\/\"],\"url\":\"https:\\\/\\\/www.aquimicasa.net\\\/blog\\\/author\\\/eduardo\\\/\"}]}<\/script>\n<!-- \/ Yoast SEO plugin. -->","yoast_head_json":{"title":"Francia contra el Black Friday por enga\u00f1oso y contaminante","description":"Diputados de \u00a1En Marcha!, el partido de Emmanuel Macron, con el apoyo de otras fuerzas pol\u00edticas han aprobado una enmienda contra el el Black Friday","robots":{"index":"index","follow":"follow","max-snippet":"max-snippet:-1","max-image-preview":"max-image-preview:large","max-video-preview":"max-video-preview:-1"},"canonical":"https:\/\/www.aquimicasa.net\/blog\/vivienda\/ofertas\/francia-contra-el-black-friday-por-enganoso-y-contaminante\/","og_locale":"es_ES","og_type":"article","og_title":"Francia contra el Black Friday por enga\u00f1oso y contaminante","og_description":"Diputados de \u00a1En Marcha!, el partido de Emmanuel Macron, con el apoyo de otras fuerzas pol\u00edticas han aprobado una enmienda contra el el Black Friday","og_url":"https:\/\/www.aquimicasa.net\/blog\/vivienda\/ofertas\/francia-contra-el-black-friday-por-enganoso-y-contaminante\/","og_site_name":"Blog de aquimicasa.net","article_publisher":"https:\/\/www.facebook.com\/aquimicasa.net","article_published_time":"2019-12-03T20:47:17+00:00","article_modified_time":"2020-04-02T16:49:27+00:00","og_image":[{"width":640,"height":360,"url":"https:\/\/www.aquimicasa.net\/blog\/wp-content\/uploads\/Black-FRiday1.jpg","type":"image\/jpeg"}],"author":"Eduardo Lizarraga","twitter_misc":{"Escrito por":"Eduardo Lizarraga","Tiempo de lectura":"2 minutos"},"schema":{"@context":"https:\/\/schema.org","@graph":[{"@type":"Article","@id":"https:\/\/www.aquimicasa.net\/blog\/vivienda\/ofertas\/francia-contra-el-black-friday-por-enganoso-y-contaminante\/#article","isPartOf":{"@id":"https:\/\/www.aquimicasa.net\/blog\/vivienda\/ofertas\/francia-contra-el-black-friday-por-enganoso-y-contaminante\/"},"author":{"name":"Eduardo Lizarraga","@id":"https:\/\/www.aquimicasa.net\/blog\/#\/schema\/person\/2cdfa2605534583395c8d7ce1d6cac14"},"headline":"Francia contra el Black Friday por enga\u00f1oso y contaminante","datePublished":"2019-12-03T20:47:17+00:00","dateModified":"2020-04-02T16:49:27+00:00","mainEntityOfPage":{"@id":"https:\/\/www.aquimicasa.net\/blog\/vivienda\/ofertas\/francia-contra-el-black-friday-por-enganoso-y-contaminante\/"},"wordCount":348,"commentCount":0,"publisher":{"@id":"https:\/\/www.aquimicasa.net\/blog\/#organization"},"image":{"@id":"https:\/\/www.aquimicasa.net\/blog\/vivienda\/ofertas\/francia-contra-el-black-friday-por-enganoso-y-contaminante\/#primaryimage"},"thumbnailUrl":"https:\/\/www.aquimicasa.net\/blog\/wp-content\/uploads\/Black-FRiday1.jpg","keywords":["Black Friday","Francia Emmanuel Macron"],"articleSection":["Noticias Consumo","Noticias Econom\u00eda","Noticias Mercado Inmobiliario","Ofertas"],"inLanguage":"es","potentialAction":[{"@type":"CommentAction","name":"Comment","target":["https:\/\/www.aquimicasa.net\/blog\/vivienda\/ofertas\/francia-contra-el-black-friday-por-enganoso-y-contaminante\/#respond"]}]},{"@type":"WebPage","@id":"https:\/\/www.aquimicasa.net\/blog\/vivienda\/ofertas\/francia-contra-el-black-friday-por-enganoso-y-contaminante\/","url":"https:\/\/www.aquimicasa.net\/blog\/vivienda\/ofertas\/francia-contra-el-black-friday-por-enganoso-y-contaminante\/","name":"Francia contra el Black Friday por enga\u00f1oso y contaminante","isPartOf":{"@id":"https:\/\/www.aquimicasa.net\/blog\/#website"},"primaryImageOfPage":{"@id":"https:\/\/www.aquimicasa.net\/blog\/vivienda\/ofertas\/francia-contra-el-black-friday-por-enganoso-y-contaminante\/#primaryimage"},"image":{"@id":"https:\/\/www.aquimicasa.net\/blog\/vivienda\/ofertas\/francia-contra-el-black-friday-por-enganoso-y-contaminante\/#primaryimage"},"thumbnailUrl":"https:\/\/www.aquimicasa.net\/blog\/wp-content\/uploads\/Black-FRiday1.jpg","datePublished":"2019-12-03T20:47:17+00:00","dateModified":"2020-04-02T16:49:27+00:00","description":"Diputados de \u00a1En Marcha!, el partido de Emmanuel Macron, con el apoyo de otras fuerzas pol\u00edticas han aprobado una enmienda contra el el Black Friday","breadcrumb":{"@id":"https:\/\/www.aquimicasa.net\/blog\/vivienda\/ofertas\/francia-contra-el-black-friday-por-enganoso-y-contaminante\/#breadcrumb"},"inLanguage":"es","potentialAction":[{"@type":"ReadAction","target":["https:\/\/www.aquimicasa.net\/blog\/vivienda\/ofertas\/francia-contra-el-black-friday-por-enganoso-y-contaminante\/"]}]},{"@type":"ImageObject","inLanguage":"es","@id":"https:\/\/www.aquimicasa.net\/blog\/vivienda\/ofertas\/francia-contra-el-black-friday-por-enganoso-y-contaminante\/#primaryimage","url":"https:\/\/www.aquimicasa.net\/blog\/wp-content\/uploads\/Black-FRiday1.jpg","contentUrl":"https:\/\/www.aquimicasa.net\/blog\/wp-content\/uploads\/Black-FRiday1.jpg","width":640,"height":360},{"@type":"BreadcrumbList","@id":"https:\/\/www.aquimicasa.net\/blog\/vivienda\/ofertas\/francia-contra-el-black-friday-por-enganoso-y-contaminante\/#breadcrumb","itemListElement":[{"@type":"ListItem","position":1,"name":"Portada","item":"https:\/\/www.aquimicasa.net\/blog\/"},{"@type":"ListItem","position":2,"name":"Francia contra el Black Friday por enga\u00f1oso y contaminante"}]},{"@type":"WebSite","@id":"https:\/\/www.aquimicasa.net\/blog\/#website","url":"https:\/\/www.aquimicasa.net\/blog\/","name":"Blog de aquimicasa.net","description":"Noticias del Mundo Inmobiliario","publisher":{"@id":"https:\/\/www.aquimicasa.net\/blog\/#organization"},"potentialAction":[{"@type":"SearchAction","target":{"@type":"EntryPoint","urlTemplate":"https:\/\/www.aquimicasa.net\/blog\/?s={search_term_string}"},"query-input":{"@type":"PropertyValueSpecification","valueRequired":true,"valueName":"search_term_string"}}],"inLanguage":"es"},{"@type":"Organization","@id":"https:\/\/www.aquimicasa.net\/blog\/#organization","name":"Blog de aquimicasa.net","url":"https:\/\/www.aquimicasa.net\/blog\/","logo":{"@type":"ImageObject","inLanguage":"es","@id":"https:\/\/www.aquimicasa.net\/blog\/#\/schema\/logo\/image\/","url":"https:\/\/www.aquimicasa.net\/blog\/wp-content\/uploads\/Logo-aquimicasa-1-e1528048213782.png","contentUrl":"https:\/\/www.aquimicasa.net\/blog\/wp-content\/uploads\/Logo-aquimicasa-1-e1528048213782.png","width":225,"height":225,"caption":"Blog de aquimicasa.net"},"image":{"@id":"https:\/\/www.aquimicasa.net\/blog\/#\/schema\/logo\/image\/"},"sameAs":["https:\/\/www.facebook.com\/aquimicasa.net","https:\/\/www.instagram.com\/","https:\/\/x.com\/EduLizarragaD","https:\/\/www.linkedin.com\/feed\/"]},{"@type":"Person","@id":"https:\/\/www.aquimicasa.net\/blog\/#\/schema\/person\/2cdfa2605534583395c8d7ce1d6cac14","name":"Eduardo Lizarraga","image":{"@type":"ImageObject","inLanguage":"es","@id":"https:\/\/secure.gravatar.com\/avatar\/bdabe1eeeed97b65a9cb7de2edd624b07995f7e13abc5fead15961f745f908cc?s=96&d=mm&r=g","url":"https:\/\/secure.gravatar.com\/avatar\/bdabe1eeeed97b65a9cb7de2edd624b07995f7e13abc5fead15961f745f908cc?s=96&d=mm&r=g","contentUrl":"https:\/\/secure.gravatar.com\/avatar\/bdabe1eeeed97b65a9cb7de2edd624b07995f7e13abc5fead15961f745f908cc?s=96&d=mm&r=g","caption":"Eduardo Lizarraga"},"description":"Periodista Econ\u00f3mico. Ha trabajado en diversos campos de la informaci\u00f3n. Corresponsal en conflictos, analista pol\u00edtico en Congreso y Senado, periodista del medio ambiente, editor, director editorial, director de comunicaci\u00f3n.... En estos momentos se ha especializado en el sector inmobiliario. Pero tambi\u00e9n es navegante y viajero, preocupado por la pobreza, el medio ambiente y por las actuaciones descontroladas del neoliberalismo empresarial y pol\u00edtico en todo el mundo. Los desahucios, la pobreza infantil y la falta de acceso a los suministros b\u00e1sicos son algunos de los grandes dramas de nuestra sociedad y que es preciso solucionar para hacerla m\u00e1s justa. CEO en www.aquimicasa.net","sameAs":["https:\/\/www.aquimicasa.net\/"],"url":"https:\/\/www.aquimicasa.net\/blog\/author\/eduardo\/"}]}},"jetpack_publicize_connections":[],"jetpack_featured_media_url":"https:\/\/www.aquimicasa.net\/blog\/wp-content\/uploads\/Black-FRiday1.jpg","jetpack_sharing_enabled":true,"jetpack_likes_enabled":true,"_links":{"self":[{"href":"https:\/\/www.aquimicasa.net\/blog\/wp-json\/wp\/v2\/posts\/27313","targetHints":{"allow":["GET"]}}],"collection":[{"href":"https:\/\/www.aquimicasa.net\/blog\/wp-json\/wp\/v2\/posts"}],"about":[{"href":"https:\/\/www.aquimicasa.net\/blog\/wp-json\/wp\/v2\/types\/post"}],"author":[{"embeddable":true,"href":"https:\/\/www.aquimicasa.net\/blog\/wp-json\/wp\/v2\/users\/3"}],"replies":[{"embeddable":true,"href":"https:\/\/www.aquimicasa.net\/blog\/wp-json\/wp\/v2\/comments?post=27313"}],"version-history":[{"count":1,"href":"https:\/\/www.aquimicasa.net\/blog\/wp-json\/wp\/v2\/posts\/27313\/revisions"}],"predecessor-version":[{"id":30875,"href":"https:\/\/www.aquimicasa.net\/blog\/wp-json\/wp\/v2\/posts\/27313\/revisions\/30875"}],"wp:featuredmedia":[{"embeddable":true,"href":"https:\/\/www.aquimicasa.net\/blog\/wp-json\/wp\/v2\/media\/27375"}],"wp:attachment":[{"href":"https:\/\/www.aquimicasa.net\/blog\/wp-json\/wp\/v2\/media?parent=27313"}],"wp:term":[{"taxonomy":"category","embeddable":true,"href":"https:\/\/www.aquimicasa.net\/blog\/wp-json\/wp\/v2\/categories?post=27313"},{"taxonomy":"post_tag","embeddable":true,"href":"https:\/\/www.aquimicasa.net\/blog\/wp-json\/wp\/v2\/tags?post=27313"}],"curies":[{"name":"wp","href":"https:\/\/api.w.org\/{rel}","templated":true}]}}