{"id":28418,"date":"2020-02-20T08:56:13","date_gmt":"2020-02-20T07:56:13","guid":{"rendered":"https:\/\/www.aquimicasa.net\/blog\/?p=28418"},"modified":"2020-04-02T18:22:19","modified_gmt":"2020-04-02T16:22:19","slug":"blackstone-el-jefe-de-la-bandada-controla-ya-el-mercado-del-alquiler","status":"publish","type":"post","link":"https:\/\/www.aquimicasa.net\/blog\/economia\/bancos\/blackstone-el-jefe-de-la-bandada-controla-ya-el-mercado-del-alquiler\/","title":{"rendered":"Blackstone, el jefe de la bandada, controla ya el mercado del alquiler"},"content":{"rendered":"<p>No se han ido, siguen revoloteando sobre los cielos de nuestras ciudades buscando comida. Y como los bancos les han cerrado un poco el <strong>acceso a sus grandes carteras inmobiliarias<\/strong>, que ya no son tan t\u00f3xicas,\u00a0 ahora buscan otros tenedores de vivienda, empresas familiares que quieran hacer caja poniendo en valor sus activos o bancos sin escr\u00fapulos que venden sus bloques de viviendas sociales. Y no buscan en los territorios de precios bajos, sino que sobrevuelan las regiones elevadas, por eso de buscar la mayor rentabilidad.<\/p>\n<p>Ha pasado estas \u00faltimas semanas en<strong> Pamplona y San Sebasti\u00e1n<\/strong>, el de Gipuzkoa, el que ocupa siempre la parte alta de las tablas de precios de la vivienda. En Pamplona han sido, como poco, dos bloques de viviendas de alquiler social, con 160 familias afectadas, los que ha comprado a un banco,\u00a0 <strong>Testa Residencial<\/strong>, un fondo buitre de la peor especie, propiedad de <strong>Blackstone<\/strong>, el jefe de la banda,\u00a0 aprovechando que a los 20 a\u00f1os finaliza su calificaci\u00f3n social y podr\u00e1n obtener rentabilidades interesantes. La empresa dispone ya de m\u00e1s de 11.000 viviendas en alquiler con un precio que supera los 2.500 millones de euros.<\/p>\n<p>Y ha comenzado a presionar a los inquilinos, que carecen de alternativa habitacional, para que se vayan a la finalizaci\u00f3n de su contrato, en poco m\u00e1s de cuarenta d\u00edas, el pr\u00f3ximo 31 de marzo. Lo hace <strong>subiendo sus alquileres<\/strong>, a lo que se suma el fin de las subvenciones recibidas por parte del Gobierno de Navarra al no ser ya viviendas sociales. Los inquilinos son <strong>familias con pocos recursos<\/strong>, pensionistas, jubilados que no podr\u00e1n hacer frente a la subida de los alquileres que se est\u00e1n <strong>casi triplicando<\/strong>. Testa Residencial les conmina a que si no pueden pagar el alquiler dejen las llaves e inmediatamente pondr\u00e1 las propiedades en el <strong>mercado libre de alquiler<\/strong>.<\/p>\n<p><a href=\"https:\/\/www.aquimicasa.net\/blog\/alquileres\/pareja-de-buitres-aterriza-en-euskal-herria-sin-graznidos\">En San Sebasti\u00e1n<\/a> ha\u00a0 cambiado de manos, vendiendo\u00a0sus acciones al <strong>Fondo Azora, <\/strong>una antigua empresa familiar, propietaria de una buena cartera de inmuebles, la <strong>Inmobiliaria Vascongada,<\/strong> con diversas propiedades inmobiliarias en todo Euskadi, pero sobre todo en Donostia, . \u00a0La nueva direcci\u00f3n de la inmobiliaria ha\u00a0 <strong>remitido un burofax a los inquilinos<\/strong>, dando por <strong>finalizados los contratos a su fecha de vencimiento<\/strong>. Y en lugar de renovar los contratos, cobra mes a mes. Basta con conocer la actuaci\u00f3n de este fondo en Madrid para comprender sus intenciones y lo que est\u00e1 por venir. Como en el caso de Pamplona la operaci\u00f3n se ha llevado a cabo con la m\u00e1xima discreci\u00f3n.<\/p>\n<p>Como podemos ver la bandada de buitres contin\u00faa al acecho y haci\u00e9ndose con todas las viviendas posibles para ponerlas en rentabilidad. Las operaciones ya no son tan grandes como las de hace unos a\u00f1os, pero hasta que los restos de las carteras inmobiliarias que a\u00fan mantienen los bancos vuelvan a estar accesibles, van llenando sus buches con lo que encuentran aqu\u00ed o all\u00ed.<\/p>\n<p>La primera bandada lleg\u00f3 a nuestro pa\u00eds all\u00e1 por los finales del 2012 y principios del 2013. Ven\u00edan atra\u00eddos por el olor a\u00a0<strong>carro\u00f1a inmobiliaria<\/strong>\u00a0y por la existencia de un gobierno al que se le abr\u00eda la boca y no la cerraba, hablando de neoliberalismo y del mandato de los mercados. Y comenzaron a hacer grandes operaciones, comprando paquetes inmobiliarios a todo el que se los ofrec\u00eda y\u00a0<strong>pagando una cuarta o quinta parte de su valor.<\/strong><\/p>\n<p>Los bancos espa\u00f1oles, que obedeciendo la normativa del BCE, deb\u00edan deshacerse de activos y pr\u00e9stamos fallidos, para dejar limpios sus balances, encontraron buitres que les solucionaban el problema digiriendo los cad\u00e1veres. Y\u00a0 comenzaron a vender. Entonces aprendimos el significado de la palabra \u201cservicers\u201d, las entidades que gestionan las viviendas compradas sac\u00e1ndolas a la venta, o<strong> creando socimis para su alquiler<\/strong>, esa figura empresarial fomentada por el PP y que est\u00e1 siendo el verdadero c\u00e1ncer del mercado de la vivienda..<\/p>\n<p>En un principio todos estaban t\u00edmidos y las operaciones fueron peque\u00f1as. As\u00ed, en 2013 Sareb vendi\u00f3 una peque\u00f1a cartera valorada en 100 millones de euros y compuesta por viviendas y garajes a\u00a0<strong>HIG Capital.\u00a0 Apollo<\/strong>\u00a0compr\u00f3 en el 2014 Altamira, la inmobiliaria del Santander por unos 700 millones de euros. Tambi\u00e9n se acercaron a los pol\u00edticos o tal vez fue al rev\u00e9s, el caso es que tanto la Comunidad de Madrid como el Ayuntamiento, les <strong>vendieron su vivienda social<\/strong> y ahora tienen l\u00edos por su canallada.<\/p>\n<p>Aprovechando las rebajas, la basura pol\u00edtica y la inyecci\u00f3n de dinero p\u00fablico en el sector, se hicieron con<strong> amplias carteras inmobiliarias.<\/strong> Todo les serv\u00eda siempre que fuera barato. Desde paquetes inmobiliarios de bancos y cajas intervenidas y vendidas, hasta las miles de viviendas sociales que les vendieron los pol\u00edticos madrile\u00f1os en un alarde de desfachatez, que fue delincuencia.<\/p>\n<p>As\u00ed las cosas y en estos \u00faltimos seis a\u00f1os, las operaciones fueron aumentando de tama\u00f1o. Y si en el 2016 alcanzaron los\u00a0<strong>22.000 millones de euros<\/strong>\u00a0frente a poco m\u00e1s de 9.000 millones el a\u00f1o anterior, \u00a0batieron todas las marcas en el \u00a02017, al superarse las compras,\u00a0 por parte de estos fondos, de m\u00e1s de<strong> 50.000 millones en activos inmobiliarios de todo tipo.<\/strong><\/p>\n<p>En el 2018, s\u00f3lo en vivienda, los fondos invirtieron en Espa\u00f1a 19.000 millones de euros, \u00a05.500 millones de los cuales correspondieron a Blackstone,\u00a0 que se ha convertido en <strong>el primer casero de Espa\u00f1a<\/strong>.<\/p>\n<p>Y no hay que perder de vista que en todo este pastel inmobiliario, los buitres que se est\u00e1n repartiendo nuestro pa\u00eds,\u00a0<strong>Apollo, Oaktree, Bain, Cerberus, Blackstone, Lone Star, Castlelake, V\u00e4rde Partners, Lindorff, TPG o Goldman Sachs<\/strong>\u2026tienen prisa por comprar antes de que los precios suban m\u00e1s. El problema es que ahora los bancos se muestran algo m\u00e1s reticentes ante las previsiones del mercado.<\/p>\n<p>La situaci\u00f3n de lo que ha venido sucediendo est\u00e1 muy clara, los fondos se han aprovechado de la necesidad de los bancos por vender y de la <strong>ausencia de normas en nuestro pa\u00eds<\/strong>, que les est\u00e1n permitiendo entrar en el mercado inmobiliario. Son <strong>acaparadores de vivienda<\/strong>, un bien estrat\u00e9gico para la ciudadan\u00eda.<\/p>\n<p>Y la situaci\u00f3n, es que entre todos ellos\u00a0 disponen de m\u00e1s de 200.000 millones de euros en activos inmobiliarios en nuestro pa\u00eds al finalizar el 2019. A lo que habr\u00e1 que sumar los que gestionan a trav\u00e9s de sus servicers. Y con esta posici\u00f3n financiera tienen el<strong>\u00a0control del mercado de los alquileres,<\/strong>\u00a0con las consecuencias de<strong> incrementos abusivos<\/strong> y de precios m\u00e1s altos que al comienzo de la crisis inmobiliaria. Su objetivo es <strong>la rentabilidad del 7%<\/strong> caiga quien caiga.<\/p>\n<p>Con m\u00e1s de <strong>30.000 viviendas en sus garras<\/strong>, con un valor de mercado que supera los 5.800 millones de euros, <strong>Blackstone es el jefe de la banda<\/strong>. Cuenta con cinco sociedades cotizadas de inversi\u00f3n (socimis) Testa, Albirana, Fidere, Torbel y Euripo y contin\u00faa afianzando su negocio. No s\u00f3lo en vivienda, sino que ya lleva invertidos en Espa\u00f1a m\u00e1s de 25.000 millones de euros, muchos de ellos en negocios a largo plazo.<\/p>\n<p>Son m\u00e1s de una treintena de socimis, con inmuebles valorados en algo m\u00e1s de 10.000 millones, las que operan en el mercado espa\u00f1ol y est\u00e1n muy preocupadas con la entrada de Unidas Podemos en el Gobierno. Podr\u00edan llegar a perder sus privilegios y por eso se han unido en Asocimi, un lobby para mantener sus <strong>prebendas tributarias y la opacidad<\/strong>.<\/p>\n<p>Voces en su defensa aseguran que es imposible manejar el mercado de los alquileres con una participaci\u00f3n del 4%. Voces interesadas sin duda, porque por poner un ejemplo, la familia Bot\u00edn controla el Santander con el 0,5% del capital social.<\/p>\n<p>La preocupaci\u00f3n por las actuaciones de Blackstone y sus compa\u00f1eros alados ha llegado a la ONU, que considera que el modo de actuar de este tipo de firmas de inversi\u00f3n, con Blackstone a la cabeza, puede considerarse \u00abatroz\u00bb, al <strong>especular con el precio de estas viviendas<\/strong> e impedir que las rentas m\u00e1s bajas puedan tener acceso a ellas. Siempre tomando como modelo a la firma norteamericana, aseguran desde la ONU,\u00a0 su forma de actuar se ha convertido en el modelo a seguir por el resto. Compran en masa propiedades minusvaloradas, eliminan la presencia de sus inquilinos y las vuelven a poner en el mercado despu\u00e9s de renovarlas, a precios inalcanzables para los que las habitaron. Esta forma de actuar causa estragos en los derechos de los inquilinos y necesita de la complicidad de la administraci\u00f3n para poder llevarse adelante.<\/p>\n<p>En unos pocos a\u00f1os, firmas como Blackstone se han convertido en los mayores caseros del mundo, comprando miles de inmuebles tanto en Europa, como Asia y Am\u00e9rica, convirtiendo la vivienda en un instrumento financiero y de inversi\u00f3n, que consigue multiplicar su precio y sus rentas para alcanzar la rentabilidad que necesitan los accionistas para estar satisfechos.<\/p>\n<p>El grupo de trabajo de la ONU, ha enviado cartas a seis gobiernos, entre ellos, <strong>Espa\u00f1a<\/strong>, adem\u00e1s de la<strong>\u00a0Rep\u00fablica Checa, Dinamarca, Irlanda, Suecia y Estados Unidos<\/strong>. En ellas, indica que las\u00a0legislaciones nacionales han permitido el desembarco de este tipo de fondos, otorgando ventajas fiscales y debilitando la protecci\u00f3n de los inquilinos.<\/p>\n<p>No parece l\u00f3gico que un\u00a0<strong>bien de primera necesidad<\/strong> y alrededor del cual se vertebra nuestra sociedad, como es la vivienda, quede en mano de unas empresas que no son ni de lejos hermanitas de la caridad y que lo \u00fanico que buscan es el beneficio de sus accionistas en el menor plazo posible. Es preciso controlar la situaci\u00f3n\u00a0 de este bien estrat\u00e9gico\u00a0 y sobre todo la actuaci\u00f3n de estos grandes tenedores de vivienda,\u00a0 culpables de la crisis del sistema y su accesibilidad. Y el estado lo tiene sencillo si mira a nuestra Constituci\u00f3n, no s\u00f3lo al art\u00edculo 47, que dice que todos los espa\u00f1oles tienen el derecho a disfrutar de una vivienda digna y adecuada, sino tambi\u00e9n el Art\u00edculo 128: <strong>Toda la riqueza del pa\u00eds en sus distintas formas y sea cual fuere su titularidad est\u00e1 subordinada al inter\u00e9s general. Se reconoce la iniciativa p\u00fablica en la actividad econ\u00f3mica.<\/strong><\/p>\n<p>Estamos viviendo <strong>actuaciones propias de terrorismo financiero,<\/strong> con el consentimiento de una administraci\u00f3n muy equivocada en cuanto a los valores que debe tener una naci\u00f3n y por la que sentirnos orgullosos. Un terrorismo consentido, aplaudido y protegido por los que llenan su boca con la palabra Espa\u00f1a. El patriotismo no se demuestra con la pulserita y las soflamas fascistas, sino con el apoyo a un estado social que mire por todos, aunque a los buitres y sus accionistas no les guste.<\/p>\n<p><img decoding=\"async\" class=\"alignnone wp-image-27470\" src=\"https:\/\/www.aquimicasa.net\/blog\/wp-content\/uploads\/Eduardo2.jpg\" alt=\"\" width=\"102\" height=\"125\" srcset=\"https:\/\/www.aquimicasa.net\/blog\/wp-content\/uploads\/Eduardo2-122x150.jpg 122w, https:\/\/www.aquimicasa.net\/blog\/wp-content\/uploads\/Eduardo2-200x246.jpg 200w, https:\/\/www.aquimicasa.net\/blog\/wp-content\/uploads\/Eduardo2-244x300.jpg 244w, https:\/\/www.aquimicasa.net\/blog\/wp-content\/uploads\/Eduardo2-400x492.jpg 400w, https:\/\/www.aquimicasa.net\/blog\/wp-content\/uploads\/Eduardo2.jpg 513w\" sizes=\"(max-width: 102px) 100vw, 102px\" \/><\/p>\n<p>Eduardo Lizarraga<\/p>\n<p>WWW.AQUIMICASA.NET<\/p>\n","protected":false},"excerpt":{"rendered":"<p>Estamos viviendo actuaciones propias de terrorismo financiero, con el consentimiento de una administraci\u00f3n muy equivocada en cuanto a los valores que debe tener una naci\u00f3n y por la que sentirnos orgullosos. Un terrorismo consentido, aplaudido y protegido por los que llenan su boca con la palabra Espa\u00f1a. El patriotismo no se demuestra con la pulserita y las soflamas fascistas, sino con el apoyo a un estado social que mire por todos, aunque a los buitres y sus accionistas no les guste.<\/p>\n","protected":false},"author":3,"featured_media":25223,"comment_status":"open","ping_status":"open","sticky":false,"template":"","format":"standard","meta":{"_jetpack_memberships_contains_paid_content":false,"footnotes":"","jetpack_publicize_message":"","jetpack_publicize_feature_enabled":true,"jetpack_social_post_already_shared":true,"jetpack_social_options":{"image_generator_settings":{"template":"highway","default_image_id":0,"font":"","enabled":false},"version":2}},"categories":[120,46,100,7512,7564,3249],"tags":[342,295,277],"class_list":["post-28418","post","type-post","status-publish","format-standard","has-post-thumbnail","hentry","category-alquileres","category-bancos","category-compraventa-de-viviendas","category-consumidores","category-noticias-economia","category-opinion","tag-blackstone","tag-fondos-buitre","tag-fondos-de-inversion"],"yoast_head":"<!-- This site is optimized with the Yoast SEO plugin v28.2 - https:\/\/yoast.com\/product\/yoast-seo-wordpress\/ -->\n<title>Blackstone, el jefe de la bandada, controla ya el mercado del alquiler<\/title>\n<meta name=\"description\" content=\"Estamos viviendo actuaciones propias de terrorismo financiero, con el consentimiento de una administraci\u00f3n muy equivocada\" \/>\n<meta name=\"robots\" content=\"index, follow, max-snippet:-1, max-image-preview:large, max-video-preview:-1\" \/>\n<link rel=\"canonical\" href=\"https:\/\/www.aquimicasa.net\/blog\/economia\/bancos\/blackstone-el-jefe-de-la-bandada-controla-ya-el-mercado-del-alquiler\/\" \/>\n<meta property=\"og:locale\" content=\"es_ES\" \/>\n<meta property=\"og:type\" content=\"article\" \/>\n<meta property=\"og:title\" content=\"Blackstone, el jefe de la bandada, controla ya el mercado del alquiler\" \/>\n<meta property=\"og:description\" content=\"Estamos viviendo actuaciones propias de terrorismo financiero, con el consentimiento de una administraci\u00f3n muy equivocada\" \/>\n<meta property=\"og:url\" content=\"https:\/\/www.aquimicasa.net\/blog\/economia\/bancos\/blackstone-el-jefe-de-la-bandada-controla-ya-el-mercado-del-alquiler\/\" \/>\n<meta property=\"og:site_name\" content=\"Blog de aquimicasa.net\" \/>\n<meta property=\"article:publisher\" content=\"https:\/\/www.facebook.com\/aquimicasa.net\" \/>\n<meta property=\"article:published_time\" content=\"2020-02-20T07:56:13+00:00\" \/>\n<meta property=\"article:modified_time\" content=\"2020-04-02T16:22:19+00:00\" \/>\n<meta property=\"og:image\" content=\"https:\/\/www.aquimicasa.net\/blog\/wp-content\/uploads\/buitres16-1.jpg\" \/>\n\t<meta property=\"og:image:width\" content=\"600\" \/>\n\t<meta property=\"og:image:height\" content=\"300\" \/>\n\t<meta property=\"og:image:type\" content=\"image\/jpeg\" \/>\n<meta name=\"author\" content=\"Eduardo Lizarraga\" \/>\n<meta name=\"twitter:label1\" content=\"Escrito por\" \/>\n\t<meta name=\"twitter:data1\" content=\"Eduardo Lizarraga\" \/>\n\t<meta name=\"twitter:label2\" content=\"Tiempo de lectura\" \/>\n\t<meta name=\"twitter:data2\" content=\"9 minutos\" \/>\n<script type=\"application\/ld+json\" class=\"yoast-schema-graph\">{\"@context\":\"https:\\\/\\\/schema.org\",\"@graph\":[{\"@type\":\"Article\",\"@id\":\"https:\\\/\\\/www.aquimicasa.net\\\/blog\\\/economia\\\/bancos\\\/blackstone-el-jefe-de-la-bandada-controla-ya-el-mercado-del-alquiler\\\/#article\",\"isPartOf\":{\"@id\":\"https:\\\/\\\/www.aquimicasa.net\\\/blog\\\/economia\\\/bancos\\\/blackstone-el-jefe-de-la-bandada-controla-ya-el-mercado-del-alquiler\\\/\"},\"author\":{\"name\":\"Eduardo Lizarraga\",\"@id\":\"https:\\\/\\\/www.aquimicasa.net\\\/blog\\\/#\\\/schema\\\/person\\\/2cdfa2605534583395c8d7ce1d6cac14\"},\"headline\":\"Blackstone, el jefe de la bandada, controla ya el mercado del alquiler\",\"datePublished\":\"2020-02-20T07:56:13+00:00\",\"dateModified\":\"2020-04-02T16:22:19+00:00\",\"mainEntityOfPage\":{\"@id\":\"https:\\\/\\\/www.aquimicasa.net\\\/blog\\\/economia\\\/bancos\\\/blackstone-el-jefe-de-la-bandada-controla-ya-el-mercado-del-alquiler\\\/\"},\"wordCount\":1823,\"commentCount\":0,\"publisher\":{\"@id\":\"https:\\\/\\\/www.aquimicasa.net\\\/blog\\\/#organization\"},\"image\":{\"@id\":\"https:\\\/\\\/www.aquimicasa.net\\\/blog\\\/economia\\\/bancos\\\/blackstone-el-jefe-de-la-bandada-controla-ya-el-mercado-del-alquiler\\\/#primaryimage\"},\"thumbnailUrl\":\"https:\\\/\\\/www.aquimicasa.net\\\/blog\\\/wp-content\\\/uploads\\\/buitres16-1.jpg\",\"keywords\":[\"Blackstone\",\"Fondos buitre\",\"Fondos de Inversi\u00f3n\"],\"articleSection\":[\"Alquiler\",\"Bancos\",\"Compra Venta\",\"Consumidores\",\"Noticias Econom\u00eda\",\"Opini\u00f3n\"],\"inLanguage\":\"es\",\"potentialAction\":[{\"@type\":\"CommentAction\",\"name\":\"Comment\",\"target\":[\"https:\\\/\\\/www.aquimicasa.net\\\/blog\\\/economia\\\/bancos\\\/blackstone-el-jefe-de-la-bandada-controla-ya-el-mercado-del-alquiler\\\/#respond\"]}]},{\"@type\":\"WebPage\",\"@id\":\"https:\\\/\\\/www.aquimicasa.net\\\/blog\\\/economia\\\/bancos\\\/blackstone-el-jefe-de-la-bandada-controla-ya-el-mercado-del-alquiler\\\/\",\"url\":\"https:\\\/\\\/www.aquimicasa.net\\\/blog\\\/economia\\\/bancos\\\/blackstone-el-jefe-de-la-bandada-controla-ya-el-mercado-del-alquiler\\\/\",\"name\":\"Blackstone, el jefe de la bandada, controla ya el mercado del alquiler\",\"isPartOf\":{\"@id\":\"https:\\\/\\\/www.aquimicasa.net\\\/blog\\\/#website\"},\"primaryImageOfPage\":{\"@id\":\"https:\\\/\\\/www.aquimicasa.net\\\/blog\\\/economia\\\/bancos\\\/blackstone-el-jefe-de-la-bandada-controla-ya-el-mercado-del-alquiler\\\/#primaryimage\"},\"image\":{\"@id\":\"https:\\\/\\\/www.aquimicasa.net\\\/blog\\\/economia\\\/bancos\\\/blackstone-el-jefe-de-la-bandada-controla-ya-el-mercado-del-alquiler\\\/#primaryimage\"},\"thumbnailUrl\":\"https:\\\/\\\/www.aquimicasa.net\\\/blog\\\/wp-content\\\/uploads\\\/buitres16-1.jpg\",\"datePublished\":\"2020-02-20T07:56:13+00:00\",\"dateModified\":\"2020-04-02T16:22:19+00:00\",\"description\":\"Estamos viviendo actuaciones propias de terrorismo financiero, con el consentimiento de una administraci\u00f3n muy equivocada\",\"breadcrumb\":{\"@id\":\"https:\\\/\\\/www.aquimicasa.net\\\/blog\\\/economia\\\/bancos\\\/blackstone-el-jefe-de-la-bandada-controla-ya-el-mercado-del-alquiler\\\/#breadcrumb\"},\"inLanguage\":\"es\",\"potentialAction\":[{\"@type\":\"ReadAction\",\"target\":[\"https:\\\/\\\/www.aquimicasa.net\\\/blog\\\/economia\\\/bancos\\\/blackstone-el-jefe-de-la-bandada-controla-ya-el-mercado-del-alquiler\\\/\"]}]},{\"@type\":\"ImageObject\",\"inLanguage\":\"es\",\"@id\":\"https:\\\/\\\/www.aquimicasa.net\\\/blog\\\/economia\\\/bancos\\\/blackstone-el-jefe-de-la-bandada-controla-ya-el-mercado-del-alquiler\\\/#primaryimage\",\"url\":\"https:\\\/\\\/www.aquimicasa.net\\\/blog\\\/wp-content\\\/uploads\\\/buitres16-1.jpg\",\"contentUrl\":\"https:\\\/\\\/www.aquimicasa.net\\\/blog\\\/wp-content\\\/uploads\\\/buitres16-1.jpg\",\"width\":600,\"height\":300},{\"@type\":\"BreadcrumbList\",\"@id\":\"https:\\\/\\\/www.aquimicasa.net\\\/blog\\\/economia\\\/bancos\\\/blackstone-el-jefe-de-la-bandada-controla-ya-el-mercado-del-alquiler\\\/#breadcrumb\",\"itemListElement\":[{\"@type\":\"ListItem\",\"position\":1,\"name\":\"Portada\",\"item\":\"https:\\\/\\\/www.aquimicasa.net\\\/blog\\\/\"},{\"@type\":\"ListItem\",\"position\":2,\"name\":\"Blackstone, el jefe de la bandada, controla ya el mercado del alquiler\"}]},{\"@type\":\"WebSite\",\"@id\":\"https:\\\/\\\/www.aquimicasa.net\\\/blog\\\/#website\",\"url\":\"https:\\\/\\\/www.aquimicasa.net\\\/blog\\\/\",\"name\":\"Blog de aquimicasa.net\",\"description\":\"Noticias del Mundo Inmobiliario\",\"publisher\":{\"@id\":\"https:\\\/\\\/www.aquimicasa.net\\\/blog\\\/#organization\"},\"potentialAction\":[{\"@type\":\"SearchAction\",\"target\":{\"@type\":\"EntryPoint\",\"urlTemplate\":\"https:\\\/\\\/www.aquimicasa.net\\\/blog\\\/?s={search_term_string}\"},\"query-input\":{\"@type\":\"PropertyValueSpecification\",\"valueRequired\":true,\"valueName\":\"search_term_string\"}}],\"inLanguage\":\"es\"},{\"@type\":\"Organization\",\"@id\":\"https:\\\/\\\/www.aquimicasa.net\\\/blog\\\/#organization\",\"name\":\"Blog de aquimicasa.net\",\"url\":\"https:\\\/\\\/www.aquimicasa.net\\\/blog\\\/\",\"logo\":{\"@type\":\"ImageObject\",\"inLanguage\":\"es\",\"@id\":\"https:\\\/\\\/www.aquimicasa.net\\\/blog\\\/#\\\/schema\\\/logo\\\/image\\\/\",\"url\":\"https:\\\/\\\/www.aquimicasa.net\\\/blog\\\/wp-content\\\/uploads\\\/Logo-aquimicasa-1-e1528048213782.png\",\"contentUrl\":\"https:\\\/\\\/www.aquimicasa.net\\\/blog\\\/wp-content\\\/uploads\\\/Logo-aquimicasa-1-e1528048213782.png\",\"width\":225,\"height\":225,\"caption\":\"Blog de aquimicasa.net\"},\"image\":{\"@id\":\"https:\\\/\\\/www.aquimicasa.net\\\/blog\\\/#\\\/schema\\\/logo\\\/image\\\/\"},\"sameAs\":[\"https:\\\/\\\/www.facebook.com\\\/aquimicasa.net\",\"https:\\\/\\\/www.instagram.com\\\/\",\"https:\\\/\\\/x.com\\\/EduLizarragaD\",\"https:\\\/\\\/www.linkedin.com\\\/feed\\\/\"]},{\"@type\":\"Person\",\"@id\":\"https:\\\/\\\/www.aquimicasa.net\\\/blog\\\/#\\\/schema\\\/person\\\/2cdfa2605534583395c8d7ce1d6cac14\",\"name\":\"Eduardo Lizarraga\",\"image\":{\"@type\":\"ImageObject\",\"inLanguage\":\"es\",\"@id\":\"https:\\\/\\\/secure.gravatar.com\\\/avatar\\\/bdabe1eeeed97b65a9cb7de2edd624b07995f7e13abc5fead15961f745f908cc?s=96&d=mm&r=g\",\"url\":\"https:\\\/\\\/secure.gravatar.com\\\/avatar\\\/bdabe1eeeed97b65a9cb7de2edd624b07995f7e13abc5fead15961f745f908cc?s=96&d=mm&r=g\",\"contentUrl\":\"https:\\\/\\\/secure.gravatar.com\\\/avatar\\\/bdabe1eeeed97b65a9cb7de2edd624b07995f7e13abc5fead15961f745f908cc?s=96&d=mm&r=g\",\"caption\":\"Eduardo Lizarraga\"},\"description\":\"Periodista Econ\u00f3mico. Ha trabajado en diversos campos de la informaci\u00f3n. Corresponsal en conflictos, analista pol\u00edtico en Congreso y Senado, periodista del medio ambiente, editor, director editorial, director de comunicaci\u00f3n.... En estos momentos se ha especializado en el sector inmobiliario. Pero tambi\u00e9n es navegante y viajero, preocupado por la pobreza, el medio ambiente y por las actuaciones descontroladas del neoliberalismo empresarial y pol\u00edtico en todo el mundo. Los desahucios, la pobreza infantil y la falta de acceso a los suministros b\u00e1sicos son algunos de los grandes dramas de nuestra sociedad y que es preciso solucionar para hacerla m\u00e1s justa. CEO en www.aquimicasa.net\",\"sameAs\":[\"https:\\\/\\\/www.aquimicasa.net\\\/\"],\"url\":\"https:\\\/\\\/www.aquimicasa.net\\\/blog\\\/author\\\/eduardo\\\/\"}]}<\/script>\n<!-- \/ Yoast SEO plugin. -->","yoast_head_json":{"title":"Blackstone, el jefe de la bandada, controla ya el mercado del alquiler","description":"Estamos viviendo actuaciones propias de terrorismo financiero, con el consentimiento de una administraci\u00f3n muy equivocada","robots":{"index":"index","follow":"follow","max-snippet":"max-snippet:-1","max-image-preview":"max-image-preview:large","max-video-preview":"max-video-preview:-1"},"canonical":"https:\/\/www.aquimicasa.net\/blog\/economia\/bancos\/blackstone-el-jefe-de-la-bandada-controla-ya-el-mercado-del-alquiler\/","og_locale":"es_ES","og_type":"article","og_title":"Blackstone, el jefe de la bandada, controla ya el mercado del alquiler","og_description":"Estamos viviendo actuaciones propias de terrorismo financiero, con el consentimiento de una administraci\u00f3n muy equivocada","og_url":"https:\/\/www.aquimicasa.net\/blog\/economia\/bancos\/blackstone-el-jefe-de-la-bandada-controla-ya-el-mercado-del-alquiler\/","og_site_name":"Blog de aquimicasa.net","article_publisher":"https:\/\/www.facebook.com\/aquimicasa.net","article_published_time":"2020-02-20T07:56:13+00:00","article_modified_time":"2020-04-02T16:22:19+00:00","og_image":[{"width":600,"height":300,"url":"https:\/\/www.aquimicasa.net\/blog\/wp-content\/uploads\/buitres16-1.jpg","type":"image\/jpeg"}],"author":"Eduardo Lizarraga","twitter_misc":{"Escrito por":"Eduardo Lizarraga","Tiempo de lectura":"9 minutos"},"schema":{"@context":"https:\/\/schema.org","@graph":[{"@type":"Article","@id":"https:\/\/www.aquimicasa.net\/blog\/economia\/bancos\/blackstone-el-jefe-de-la-bandada-controla-ya-el-mercado-del-alquiler\/#article","isPartOf":{"@id":"https:\/\/www.aquimicasa.net\/blog\/economia\/bancos\/blackstone-el-jefe-de-la-bandada-controla-ya-el-mercado-del-alquiler\/"},"author":{"name":"Eduardo Lizarraga","@id":"https:\/\/www.aquimicasa.net\/blog\/#\/schema\/person\/2cdfa2605534583395c8d7ce1d6cac14"},"headline":"Blackstone, el jefe de la bandada, controla ya el mercado del alquiler","datePublished":"2020-02-20T07:56:13+00:00","dateModified":"2020-04-02T16:22:19+00:00","mainEntityOfPage":{"@id":"https:\/\/www.aquimicasa.net\/blog\/economia\/bancos\/blackstone-el-jefe-de-la-bandada-controla-ya-el-mercado-del-alquiler\/"},"wordCount":1823,"commentCount":0,"publisher":{"@id":"https:\/\/www.aquimicasa.net\/blog\/#organization"},"image":{"@id":"https:\/\/www.aquimicasa.net\/blog\/economia\/bancos\/blackstone-el-jefe-de-la-bandada-controla-ya-el-mercado-del-alquiler\/#primaryimage"},"thumbnailUrl":"https:\/\/www.aquimicasa.net\/blog\/wp-content\/uploads\/buitres16-1.jpg","keywords":["Blackstone","Fondos buitre","Fondos de Inversi\u00f3n"],"articleSection":["Alquiler","Bancos","Compra Venta","Consumidores","Noticias Econom\u00eda","Opini\u00f3n"],"inLanguage":"es","potentialAction":[{"@type":"CommentAction","name":"Comment","target":["https:\/\/www.aquimicasa.net\/blog\/economia\/bancos\/blackstone-el-jefe-de-la-bandada-controla-ya-el-mercado-del-alquiler\/#respond"]}]},{"@type":"WebPage","@id":"https:\/\/www.aquimicasa.net\/blog\/economia\/bancos\/blackstone-el-jefe-de-la-bandada-controla-ya-el-mercado-del-alquiler\/","url":"https:\/\/www.aquimicasa.net\/blog\/economia\/bancos\/blackstone-el-jefe-de-la-bandada-controla-ya-el-mercado-del-alquiler\/","name":"Blackstone, el jefe de la bandada, controla ya el mercado del alquiler","isPartOf":{"@id":"https:\/\/www.aquimicasa.net\/blog\/#website"},"primaryImageOfPage":{"@id":"https:\/\/www.aquimicasa.net\/blog\/economia\/bancos\/blackstone-el-jefe-de-la-bandada-controla-ya-el-mercado-del-alquiler\/#primaryimage"},"image":{"@id":"https:\/\/www.aquimicasa.net\/blog\/economia\/bancos\/blackstone-el-jefe-de-la-bandada-controla-ya-el-mercado-del-alquiler\/#primaryimage"},"thumbnailUrl":"https:\/\/www.aquimicasa.net\/blog\/wp-content\/uploads\/buitres16-1.jpg","datePublished":"2020-02-20T07:56:13+00:00","dateModified":"2020-04-02T16:22:19+00:00","description":"Estamos viviendo actuaciones propias de terrorismo financiero, con el consentimiento de una administraci\u00f3n muy equivocada","breadcrumb":{"@id":"https:\/\/www.aquimicasa.net\/blog\/economia\/bancos\/blackstone-el-jefe-de-la-bandada-controla-ya-el-mercado-del-alquiler\/#breadcrumb"},"inLanguage":"es","potentialAction":[{"@type":"ReadAction","target":["https:\/\/www.aquimicasa.net\/blog\/economia\/bancos\/blackstone-el-jefe-de-la-bandada-controla-ya-el-mercado-del-alquiler\/"]}]},{"@type":"ImageObject","inLanguage":"es","@id":"https:\/\/www.aquimicasa.net\/blog\/economia\/bancos\/blackstone-el-jefe-de-la-bandada-controla-ya-el-mercado-del-alquiler\/#primaryimage","url":"https:\/\/www.aquimicasa.net\/blog\/wp-content\/uploads\/buitres16-1.jpg","contentUrl":"https:\/\/www.aquimicasa.net\/blog\/wp-content\/uploads\/buitres16-1.jpg","width":600,"height":300},{"@type":"BreadcrumbList","@id":"https:\/\/www.aquimicasa.net\/blog\/economia\/bancos\/blackstone-el-jefe-de-la-bandada-controla-ya-el-mercado-del-alquiler\/#breadcrumb","itemListElement":[{"@type":"ListItem","position":1,"name":"Portada","item":"https:\/\/www.aquimicasa.net\/blog\/"},{"@type":"ListItem","position":2,"name":"Blackstone, el jefe de la bandada, controla ya el mercado del alquiler"}]},{"@type":"WebSite","@id":"https:\/\/www.aquimicasa.net\/blog\/#website","url":"https:\/\/www.aquimicasa.net\/blog\/","name":"Blog de aquimicasa.net","description":"Noticias del Mundo Inmobiliario","publisher":{"@id":"https:\/\/www.aquimicasa.net\/blog\/#organization"},"potentialAction":[{"@type":"SearchAction","target":{"@type":"EntryPoint","urlTemplate":"https:\/\/www.aquimicasa.net\/blog\/?s={search_term_string}"},"query-input":{"@type":"PropertyValueSpecification","valueRequired":true,"valueName":"search_term_string"}}],"inLanguage":"es"},{"@type":"Organization","@id":"https:\/\/www.aquimicasa.net\/blog\/#organization","name":"Blog de aquimicasa.net","url":"https:\/\/www.aquimicasa.net\/blog\/","logo":{"@type":"ImageObject","inLanguage":"es","@id":"https:\/\/www.aquimicasa.net\/blog\/#\/schema\/logo\/image\/","url":"https:\/\/www.aquimicasa.net\/blog\/wp-content\/uploads\/Logo-aquimicasa-1-e1528048213782.png","contentUrl":"https:\/\/www.aquimicasa.net\/blog\/wp-content\/uploads\/Logo-aquimicasa-1-e1528048213782.png","width":225,"height":225,"caption":"Blog de aquimicasa.net"},"image":{"@id":"https:\/\/www.aquimicasa.net\/blog\/#\/schema\/logo\/image\/"},"sameAs":["https:\/\/www.facebook.com\/aquimicasa.net","https:\/\/www.instagram.com\/","https:\/\/x.com\/EduLizarragaD","https:\/\/www.linkedin.com\/feed\/"]},{"@type":"Person","@id":"https:\/\/www.aquimicasa.net\/blog\/#\/schema\/person\/2cdfa2605534583395c8d7ce1d6cac14","name":"Eduardo Lizarraga","image":{"@type":"ImageObject","inLanguage":"es","@id":"https:\/\/secure.gravatar.com\/avatar\/bdabe1eeeed97b65a9cb7de2edd624b07995f7e13abc5fead15961f745f908cc?s=96&d=mm&r=g","url":"https:\/\/secure.gravatar.com\/avatar\/bdabe1eeeed97b65a9cb7de2edd624b07995f7e13abc5fead15961f745f908cc?s=96&d=mm&r=g","contentUrl":"https:\/\/secure.gravatar.com\/avatar\/bdabe1eeeed97b65a9cb7de2edd624b07995f7e13abc5fead15961f745f908cc?s=96&d=mm&r=g","caption":"Eduardo Lizarraga"},"description":"Periodista Econ\u00f3mico. Ha trabajado en diversos campos de la informaci\u00f3n. Corresponsal en conflictos, analista pol\u00edtico en Congreso y Senado, periodista del medio ambiente, editor, director editorial, director de comunicaci\u00f3n.... En estos momentos se ha especializado en el sector inmobiliario. Pero tambi\u00e9n es navegante y viajero, preocupado por la pobreza, el medio ambiente y por las actuaciones descontroladas del neoliberalismo empresarial y pol\u00edtico en todo el mundo. Los desahucios, la pobreza infantil y la falta de acceso a los suministros b\u00e1sicos son algunos de los grandes dramas de nuestra sociedad y que es preciso solucionar para hacerla m\u00e1s justa. CEO en www.aquimicasa.net","sameAs":["https:\/\/www.aquimicasa.net\/"],"url":"https:\/\/www.aquimicasa.net\/blog\/author\/eduardo\/"}]}},"jetpack_publicize_connections":[],"jetpack_featured_media_url":"https:\/\/www.aquimicasa.net\/blog\/wp-content\/uploads\/buitres16-1.jpg","jetpack_sharing_enabled":true,"jetpack_likes_enabled":true,"_links":{"self":[{"href":"https:\/\/www.aquimicasa.net\/blog\/wp-json\/wp\/v2\/posts\/28418","targetHints":{"allow":["GET"]}}],"collection":[{"href":"https:\/\/www.aquimicasa.net\/blog\/wp-json\/wp\/v2\/posts"}],"about":[{"href":"https:\/\/www.aquimicasa.net\/blog\/wp-json\/wp\/v2\/types\/post"}],"author":[{"embeddable":true,"href":"https:\/\/www.aquimicasa.net\/blog\/wp-json\/wp\/v2\/users\/3"}],"replies":[{"embeddable":true,"href":"https:\/\/www.aquimicasa.net\/blog\/wp-json\/wp\/v2\/comments?post=28418"}],"version-history":[{"count":1,"href":"https:\/\/www.aquimicasa.net\/blog\/wp-json\/wp\/v2\/posts\/28418\/revisions"}],"predecessor-version":[{"id":29202,"href":"https:\/\/www.aquimicasa.net\/blog\/wp-json\/wp\/v2\/posts\/28418\/revisions\/29202"}],"wp:featuredmedia":[{"embeddable":true,"href":"https:\/\/www.aquimicasa.net\/blog\/wp-json\/wp\/v2\/media\/25223"}],"wp:attachment":[{"href":"https:\/\/www.aquimicasa.net\/blog\/wp-json\/wp\/v2\/media?parent=28418"}],"wp:term":[{"taxonomy":"category","embeddable":true,"href":"https:\/\/www.aquimicasa.net\/blog\/wp-json\/wp\/v2\/categories?post=28418"},{"taxonomy":"post_tag","embeddable":true,"href":"https:\/\/www.aquimicasa.net\/blog\/wp-json\/wp\/v2\/tags?post=28418"}],"curies":[{"name":"wp","href":"https:\/\/api.w.org\/{rel}","templated":true}]}}