{"id":28834,"date":"2020-03-19T09:23:47","date_gmt":"2020-03-19T08:23:47","guid":{"rendered":"https:\/\/www.aquimicasa.net\/blog\/?p=28834"},"modified":"2020-04-02T18:22:18","modified_gmt":"2020-04-02T16:22:18","slug":"en-la-crisis-sanitaria-economica-y-social-del-coronavirus","status":"publish","type":"post","link":"https:\/\/www.aquimicasa.net\/blog\/opinion\/en-la-crisis-sanitaria-economica-y-social-del-coronavirus\/","title":{"rendered":"En la crisis sanitaria, econ\u00f3mica y social del coronavirus"},"content":{"rendered":"<p>Apenas han pasado tres meses desde que en China se registraron los primeros afectados por el coronavirus. Poco m\u00e1s de un mes despu\u00e9s lo segu\u00edamos viendo como algo lejano, casi sin importancia, a pesar de que en Italia se hab\u00eda producido ya alg\u00fan caso. Hoy <strong>el coronavirus es un terremoto que sacude el mundo<\/strong> y que ha cambiado por completo nuestras vidas. Pero debemos conseguir que esta crisis global no sea para siempre.<\/p>\n<p>Comenzamos la semana previa al aislamiento con una parte de la poblaci\u00f3n tomando a broma la situaci\u00f3n. El cierre de los colegios y universidades en Madrid, \u00a0consigui\u00f3 una estampida de irresponsables hacia las segundas residencias de la costa. Desde el primero, con <strong>Aznar y Botella saliendo hacia Marbella<\/strong>, hasta el \u00faltimo, con la enfermedad ya activa, entendieron que eran unas vacaciones y actuaron en consecuencia, difundiendo el virus a\u00fan m\u00e1s de lo que ya estaba.<\/p>\n<p>El domingo de aquella misma semana aterrizamos en el drama, con la intervenci\u00f3n del <strong>Presidente del Gobierno<\/strong> meti\u00e9ndonos el miedo en el cuerpo y la orden de <strong>confinamiento para todo el pa\u00eds<\/strong>. El silencio se adue\u00f1\u00f3 de nuestras calles, vigiladas por los cuerpos de seguridad del estado para cumplir con el estado de alerta.<\/p>\n<p>Va a haber<strong> un antes y un despu\u00e9s del Covid-19<\/strong>, \u00a0no s\u00f3lo en lo sanitario, industrial y econ\u00f3mico, sino tambi\u00e9n, y esto es lo verdaderamente importante, en nuestra forma de ver la realidad y en nuestro comportamiento social e individual. \u00a0En la soledad de nuestra cuarentena estamos teniendo mucho tiempo para reflexionar y observar la <strong>fragilidad de este mundo<\/strong> que pens\u00e1bamos fuerte,\u00a0 moderno y preparado.<\/p>\n<p>Ahora podemos contemplar el <strong>tremendo error<\/strong> que supuso la debilitaci\u00f3n de nuestro sistema sanitario, porque estamos viendo sus carencias y a\u00fan no hemos llegado a lo peor. Hasta podr\u00edamos se\u00f1alar con el dedo a los culpables, pero para qu\u00e9, lo importante es salir y aprender. Tambi\u00e9n podemos estar cuestionando esta globalizaci\u00f3n que consigue parar f\u00e1bricas y sectores, porque los suministradores est\u00e1n lejos y en zonas afectadas.<\/p>\n<p>En lo econ\u00f3mico<strong> la situaci\u00f3n asusta<\/strong>. Y podr\u00eda tener consecuencias a\u00fan m\u00e1s demoledoras si no fuera porque <strong>aprendimos mucho de la crisis financiera del 2008<\/strong>. De aquella crisis desatada por la ruptura de la burbuja financiera, y que para nuestro pa\u00eds tuvo consecuencias desastrosas, por la inmensa deuda que manten\u00edamos y el movedizo mercado inmobiliario que hab\u00edamos construido. Tal vez la primera ense\u00f1anza fue la de que <strong>no se puede abandonar a nadie en la lucha<\/strong>, porque tendr\u00e1 consecuencias. Y la propia Merkel ya ha reconocido que la pol\u00edtica de austeridad fue un error.<\/p>\n<p>La Comisi\u00f3n ya ha adelantado <strong>la recesi\u00f3n que nos espera<\/strong> y ha dado cifras, del 1,2% esperado de crecimiento podemos pasar a un 2,5% de ca\u00edda. Y esto es mucho, sobre todo porque en Espa\u00f1a, con un 14,3% del PIB debido al turismo, el descalabro puede ser mayor.<\/p>\n<p>No s\u00e9 yo si nuestros l\u00edderes pol\u00edticos se creen sus cifras o es que pretenden dorarnos la p\u00edldora y <strong>que nos demos cuenta a peque\u00f1as dosis<\/strong>. El colapso va a ser brutal, empeorando sus expectativas d\u00eda a d\u00eda, con una recesi\u00f3n que basta mirar la Bolsa para darse cuenta de lo que los mercados financieros ya sospechan y que no se produjo en el 2009. Alemania ya ha puesto encima de la mesa 500.000 millones de euros de liquidez gratis para las empresas. Y esta cantidad es superior a la que ha puesto el resto de Europa.<\/p>\n<p>Lo humano de nuestro planeta se ha parado en seco, despu\u00e9s de vivir en un mundo globalizado, que se hab\u00eda hecho\u00a0 peque\u00f1o a golpe de avi\u00f3n barato, ahora estamos <strong>recluidos en nuestras viviendas<\/strong>, contemplando desde detr\u00e1s de los cristales un mundo que no va m\u00e1s all\u00e1 de nuestra calle y que ya no es nuestro. Y para recuperarlo, o al menos lo que podamos salvar, tenemos que hacer un gran esfuerzo centrado en cuatro aspectos fundamentales:<\/p>\n<p>Aplanar la curva de contagios, aplastar el sombrero que dicen, para no colapsar los hospitales y minimizar las v\u00edctimas. Es preciso <strong>dotar de m\u00e1s recursos, humanos y materiales a la Sanidad<\/strong> y cumplir, como si no hubiera otra verdad en el mundo, las recomendaciones sanitarias de aislamiento y distanciamiento social. Esto s\u00ed es <strong>solidaridad con nuestro pa\u00eds\u00a0<\/strong>y con nuestros mayores que son los m\u00e1s afectados por la situaci\u00f3n.<\/p>\n<p>Proveer de los necesarios recursos econ\u00f3micos para que el frenazo que acabamos de dar, necesario para dilatar las infecciones en el tiempo y <strong>disminuir la mortalidad<\/strong>, no se prolongue m\u00e1s de lo necesario. Y es que el da\u00f1o del par\u00f3n es inmenso. Las calles se han vaciado, no hay clientes para las actividades y los servicios; y las consecuencias de los ERTES se van a contar por cientos de miles. Es imprescindible lograr que no se conviertan en ERES o en parados de larga duraci\u00f3n. Hace falta un plan, ambicioso y <strong>que contemple a todos<\/strong>, porque tenemos que salir todos. Avales, moratorias de impuestos, ayudas a aut\u00f3nomos, reforzar el subsidio de desempleo, impedir los desahucios, no permitir los cortes de suministros, moratoria en las hipotecas\u2026<\/p>\n<p>Y tan importante como amortiguar el impacto, es reconstruir la situaci\u00f3n del mes anterior a la aparici\u00f3n del virus, lo m\u00e1s r\u00e1pido posible. Y para ello va a hacer falta un <strong>plan de reconstrucci\u00f3n<\/strong>, europeo y nacional, un verdadero Plan Marshall, con tipos de inter\u00e9s cero para impulsar la inversi\u00f3n y el empleo. Y sin volver a repetir los errores del pasado. <strong>La prioridad debe ser el crecimiento y no reducir la deuda y el d\u00e9ficit en un par de a\u00f1os<\/strong>. Y con un dinero sin diferencias de precio inherentes a la prima de riesgo, con eurobonos que financien el plan de reconstrucci\u00f3n y tipos de inter\u00e9s que permanezcan por debajo de la tasa de crecimiento de la econom\u00eda durante mucho tiempo. Sin rescate de ning\u00fan pa\u00eds y con compra de bonos por parte del banco central, aunque no les guste a las entidades financieras. Decisi\u00f3n que parece ha tomado el BCE con un <strong>Plan de 750.000 millones en est\u00edmulos<\/strong>,\u00a0 que asegurar\u00e1 a todos los pa\u00edses estar <strong>en igualdad de condiciones<\/strong>, sea cual sea su prima de riesgo.<\/p>\n<p>La \u00faltima cuesti\u00f3n que tendremos que afrontar, ser\u00e1 un cuidadoso an\u00e1lisis de lo que se ha hecho bien y lo que se debe mejorar. Se han cometido equivocaciones, muchas, pero hay que a\u00f1adir que <strong>la situaci\u00f3n era desconocida<\/strong> y la forma de enfrentarse a ella ha sido un ensayo constante. Si analizamos y obtenemos conclusiones, <strong>sin fundamentalismos y con la mente abierta,<\/strong> podremos parar una hipot\u00e9tica repetici\u00f3n futura, que podr\u00eda ser peor.<\/p>\n<p>Pero la emergencia sanitaria, la cuarentena y los problemas que vemos todos los d\u00edas a nuestro alrededor tambi\u00e9n est\u00e1n haciendo brotar unas actitudes que no se ve\u00edan hac\u00eda mucho tiempo. Con la <strong>pol\u00edtica de balcones<\/strong> hemos conocido a nuestros vecinos y aplaudimos y gritamos juntos, nos emocionamos a la vez, aunque sea a distancia. Y eso es bueno. El virus y sus horrores han despertado unas conciencias demasiado adormecidas, que necesitaban de un acicate como \u00e9ste para cambiar. Y es que el aislamiento ha conseguido unirnos, anteponiendo a nuestro ego\u00edsmo conceptos casi olvidados. Y hablo de solidaridad, y de\u00a0 lo emotivo que resulta comprobar que aunque encerrados no estamos solos y que luchamos por los dem\u00e1s. A ello obedece el confinamiento, a un <strong>luchar entre todos<\/strong> sin caer en un \u00a1s\u00e1lvese quien pueda! dejando atr\u00e1s a los d\u00e9biles y los mayores.<\/p>\n<p>Y es ese sentimiento de solidaridad com\u00fan, el que nos hace sentirnos parte del esfuerzo que estamos realizando para afrontar la situaci\u00f3n, para vencer, <strong>para estar orgullosos<\/strong>. Y lo hacemos en familia, con nuestros hijos que comparten con nosotros las noticias, que contemplan los esfuerzos y colaboran en ellos. Con vecinos de balc\u00f3n, del portal de enfrente, de la calle a la que nos asomamos. Es una gran lecci\u00f3n, in\u00e9dita, que nadie vivo ha podido experimentar y que <strong>nuestro hijos recordar\u00e1n para siempre<\/strong>.<\/p>\n<p>Y si importante es ese sentimiento de solidaridad que todos compartimos, no menos trascendental es el reconocimiento que estamos haciendo a la labor, hasta ahora silenciosa e inadvertida, de todos los que est\u00e1n ah\u00ed para que lo importante no se pare. Para que nuestros supermercados est\u00e9n abastecidos, para que sepamos todo lo que est\u00e1 pasando, para que la log\u00edstica funcione. Transportistas, tenderos, periodistas, cajeros del s\u00faper, repartidores, basureros\u2026est\u00e1n ah\u00ed y ahora nos damos cuenta.<\/p>\n<p>Y est\u00e1 claro que por encima de todos valoramos a nuestro personal sanitario, m\u00e9dicos, enfermeros, celadores, ATS, personal de administraci\u00f3n, auxiliares de geriatr\u00eda. Perseguidos y ninguneados estos \u00faltimos a\u00f1os por <strong>administraciones absurdas<\/strong>, casi delincuentes, que dejaron su futuro y el nuestro en manos del beneficio privado, con salarios bajos, jornadas agotadoras, escasos medios\u2026pero ah\u00ed est\u00e1n, dando todo lo que tienen y mucho m\u00e1s. Cayendo enfermos y conociendo el riesgo, pero <strong>al pie del ca\u00f1\u00f3n<\/strong>. Todos los aplausos que les demos son pocos. Y es de esperar que aprendamos la lecci\u00f3n y salgamos con ellos a defender nuestra Sanidad cuando alguien la agreda, nunca sabremos cu\u00e1nto la podremos necesitar. \u00bfO es que hab\u00e9is o\u00eddo o visto salir a la Sanidad privada a defendernos de la pandemia?<\/p>\n<p><img decoding=\"async\" class=\"alignnone wp-image-27470\" src=\"https:\/\/www.aquimicasa.net\/blog\/wp-content\/uploads\/Eduardo2.jpg\" alt=\"\" width=\"101\" height=\"124\" srcset=\"https:\/\/www.aquimicasa.net\/blog\/wp-content\/uploads\/Eduardo2-122x150.jpg 122w, https:\/\/www.aquimicasa.net\/blog\/wp-content\/uploads\/Eduardo2-200x246.jpg 200w, https:\/\/www.aquimicasa.net\/blog\/wp-content\/uploads\/Eduardo2-244x300.jpg 244w, https:\/\/www.aquimicasa.net\/blog\/wp-content\/uploads\/Eduardo2-400x492.jpg 400w, https:\/\/www.aquimicasa.net\/blog\/wp-content\/uploads\/Eduardo2.jpg 513w\" sizes=\"(max-width: 101px) 100vw, 101px\" \/><\/p>\n<p>Eduardo Lizarraga<\/p>\n<p>WWW.AQUIMICASA.NET<\/p>\n<p>&nbsp;<\/p>\n<p>&nbsp;<\/p>\n","protected":false},"excerpt":{"rendered":"<p>Y tan importante como amortiguar el impacto, es reconstruir la situaci\u00f3n del mes anterior a la aparici\u00f3n del virus, lo m\u00e1s r\u00e1pido posible. Y para ello va a hacer falta un plan de reconstrucci\u00f3n, europeo y nacional, un verdadero Plan Marshall, con tipos de inter\u00e9s cero para impulsar la inversi\u00f3n y el empleo. Y sin volver a repetir los errores del pasado. La prioridad debe ser el crecimiento y no reducir la deuda y el d\u00e9ficit en un par de a\u00f1os<\/p>\n","protected":false},"author":3,"featured_media":28843,"comment_status":"open","ping_status":"open","sticky":false,"template":"","format":"standard","meta":{"_jetpack_memberships_contains_paid_content":false,"footnotes":"","jetpack_publicize_message":"","jetpack_publicize_feature_enabled":true,"jetpack_social_post_already_shared":true,"jetpack_social_options":{"image_generator_settings":{"template":"highway","default_image_id":0,"font":"","enabled":false},"version":2}},"categories":[7564,3249],"tags":[7537],"class_list":["post-28834","post","type-post","status-publish","format-standard","has-post-thumbnail","hentry","category-noticias-economia","category-opinion","tag-coronavirus"],"yoast_head":"<!-- This site is optimized with the Yoast SEO plugin v27.5 - https:\/\/yoast.com\/product\/yoast-seo-wordpress\/ -->\n<title>En la crisis sanitaria, econ\u00f3mica y social del coronavirus<\/title>\n<meta name=\"description\" content=\"La crisis del coronavirus es una gran lecci\u00f3n, in\u00e9dita, que nadie vivo ha podido experimentar y que nuestro hijos recordar\u00e1n para siempre.\" \/>\n<meta name=\"robots\" content=\"index, follow, max-snippet:-1, max-image-preview:large, max-video-preview:-1\" \/>\n<link rel=\"canonical\" href=\"https:\/\/www.aquimicasa.net\/blog\/opinion\/en-la-crisis-sanitaria-economica-y-social-del-coronavirus\/\" \/>\n<meta property=\"og:locale\" content=\"es_ES\" \/>\n<meta property=\"og:type\" content=\"article\" \/>\n<meta property=\"og:title\" content=\"En la crisis sanitaria, econ\u00f3mica y social del coronavirus\" \/>\n<meta property=\"og:description\" content=\"La crisis del coronavirus es una gran lecci\u00f3n, in\u00e9dita, que nadie vivo ha podido experimentar y que nuestro hijos recordar\u00e1n para siempre.\" \/>\n<meta property=\"og:url\" content=\"https:\/\/www.aquimicasa.net\/blog\/opinion\/en-la-crisis-sanitaria-economica-y-social-del-coronavirus\/\" \/>\n<meta property=\"og:site_name\" content=\"Blog de aquimicasa.net\" \/>\n<meta property=\"article:publisher\" content=\"https:\/\/www.facebook.com\/aquimicasa.net\" \/>\n<meta property=\"article:published_time\" content=\"2020-03-19T08:23:47+00:00\" \/>\n<meta property=\"article:modified_time\" content=\"2020-04-02T16:22:18+00:00\" \/>\n<meta property=\"og:image\" content=\"https:\/\/www.aquimicasa.net\/blog\/wp-content\/uploads\/coronavirus8-e1591521410721.jpg\" \/>\n\t<meta property=\"og:image:width\" content=\"500\" \/>\n\t<meta property=\"og:image:height\" content=\"281\" \/>\n\t<meta property=\"og:image:type\" content=\"image\/jpeg\" \/>\n<meta name=\"author\" content=\"Eduardo Lizarraga\" \/>\n<meta name=\"twitter:label1\" content=\"Escrito por\" \/>\n\t<meta name=\"twitter:data1\" content=\"Eduardo Lizarraga\" \/>\n\t<meta name=\"twitter:label2\" content=\"Tiempo de lectura\" \/>\n\t<meta name=\"twitter:data2\" content=\"8 minutos\" \/>\n<script type=\"application\/ld+json\" class=\"yoast-schema-graph\">{\"@context\":\"https:\\\/\\\/schema.org\",\"@graph\":[{\"@type\":\"Article\",\"@id\":\"https:\\\/\\\/www.aquimicasa.net\\\/blog\\\/opinion\\\/en-la-crisis-sanitaria-economica-y-social-del-coronavirus\\\/#article\",\"isPartOf\":{\"@id\":\"https:\\\/\\\/www.aquimicasa.net\\\/blog\\\/opinion\\\/en-la-crisis-sanitaria-economica-y-social-del-coronavirus\\\/\"},\"author\":{\"name\":\"Eduardo Lizarraga\",\"@id\":\"https:\\\/\\\/www.aquimicasa.net\\\/blog\\\/#\\\/schema\\\/person\\\/2cdfa2605534583395c8d7ce1d6cac14\"},\"headline\":\"En la crisis sanitaria, econ\u00f3mica y social del coronavirus\",\"datePublished\":\"2020-03-19T08:23:47+00:00\",\"dateModified\":\"2020-04-02T16:22:18+00:00\",\"mainEntityOfPage\":{\"@id\":\"https:\\\/\\\/www.aquimicasa.net\\\/blog\\\/opinion\\\/en-la-crisis-sanitaria-economica-y-social-del-coronavirus\\\/\"},\"wordCount\":1647,\"commentCount\":4,\"publisher\":{\"@id\":\"https:\\\/\\\/www.aquimicasa.net\\\/blog\\\/#organization\"},\"image\":{\"@id\":\"https:\\\/\\\/www.aquimicasa.net\\\/blog\\\/opinion\\\/en-la-crisis-sanitaria-economica-y-social-del-coronavirus\\\/#primaryimage\"},\"thumbnailUrl\":\"https:\\\/\\\/www.aquimicasa.net\\\/blog\\\/wp-content\\\/uploads\\\/coronavirus8-e1591521410721.jpg\",\"keywords\":[\"Coronavirus\"],\"articleSection\":[\"Noticias Econom\u00eda\",\"Opini\u00f3n\"],\"inLanguage\":\"es\",\"potentialAction\":[{\"@type\":\"CommentAction\",\"name\":\"Comment\",\"target\":[\"https:\\\/\\\/www.aquimicasa.net\\\/blog\\\/opinion\\\/en-la-crisis-sanitaria-economica-y-social-del-coronavirus\\\/#respond\"]}]},{\"@type\":\"WebPage\",\"@id\":\"https:\\\/\\\/www.aquimicasa.net\\\/blog\\\/opinion\\\/en-la-crisis-sanitaria-economica-y-social-del-coronavirus\\\/\",\"url\":\"https:\\\/\\\/www.aquimicasa.net\\\/blog\\\/opinion\\\/en-la-crisis-sanitaria-economica-y-social-del-coronavirus\\\/\",\"name\":\"En la crisis sanitaria, econ\u00f3mica y social del coronavirus\",\"isPartOf\":{\"@id\":\"https:\\\/\\\/www.aquimicasa.net\\\/blog\\\/#website\"},\"primaryImageOfPage\":{\"@id\":\"https:\\\/\\\/www.aquimicasa.net\\\/blog\\\/opinion\\\/en-la-crisis-sanitaria-economica-y-social-del-coronavirus\\\/#primaryimage\"},\"image\":{\"@id\":\"https:\\\/\\\/www.aquimicasa.net\\\/blog\\\/opinion\\\/en-la-crisis-sanitaria-economica-y-social-del-coronavirus\\\/#primaryimage\"},\"thumbnailUrl\":\"https:\\\/\\\/www.aquimicasa.net\\\/blog\\\/wp-content\\\/uploads\\\/coronavirus8-e1591521410721.jpg\",\"datePublished\":\"2020-03-19T08:23:47+00:00\",\"dateModified\":\"2020-04-02T16:22:18+00:00\",\"description\":\"La crisis del coronavirus es una gran lecci\u00f3n, in\u00e9dita, que nadie vivo ha podido experimentar y que nuestro hijos recordar\u00e1n para siempre.\",\"breadcrumb\":{\"@id\":\"https:\\\/\\\/www.aquimicasa.net\\\/blog\\\/opinion\\\/en-la-crisis-sanitaria-economica-y-social-del-coronavirus\\\/#breadcrumb\"},\"inLanguage\":\"es\",\"potentialAction\":[{\"@type\":\"ReadAction\",\"target\":[\"https:\\\/\\\/www.aquimicasa.net\\\/blog\\\/opinion\\\/en-la-crisis-sanitaria-economica-y-social-del-coronavirus\\\/\"]}]},{\"@type\":\"ImageObject\",\"inLanguage\":\"es\",\"@id\":\"https:\\\/\\\/www.aquimicasa.net\\\/blog\\\/opinion\\\/en-la-crisis-sanitaria-economica-y-social-del-coronavirus\\\/#primaryimage\",\"url\":\"https:\\\/\\\/www.aquimicasa.net\\\/blog\\\/wp-content\\\/uploads\\\/coronavirus8-e1591521410721.jpg\",\"contentUrl\":\"https:\\\/\\\/www.aquimicasa.net\\\/blog\\\/wp-content\\\/uploads\\\/coronavirus8-e1591521410721.jpg\",\"width\":500,\"height\":281},{\"@type\":\"BreadcrumbList\",\"@id\":\"https:\\\/\\\/www.aquimicasa.net\\\/blog\\\/opinion\\\/en-la-crisis-sanitaria-economica-y-social-del-coronavirus\\\/#breadcrumb\",\"itemListElement\":[{\"@type\":\"ListItem\",\"position\":1,\"name\":\"Portada\",\"item\":\"https:\\\/\\\/www.aquimicasa.net\\\/blog\\\/\"},{\"@type\":\"ListItem\",\"position\":2,\"name\":\"En la crisis sanitaria, econ\u00f3mica y social del coronavirus\"}]},{\"@type\":\"WebSite\",\"@id\":\"https:\\\/\\\/www.aquimicasa.net\\\/blog\\\/#website\",\"url\":\"https:\\\/\\\/www.aquimicasa.net\\\/blog\\\/\",\"name\":\"Blog de aquimicasa.net\",\"description\":\"Noticias del Mundo Inmobiliario\",\"publisher\":{\"@id\":\"https:\\\/\\\/www.aquimicasa.net\\\/blog\\\/#organization\"},\"potentialAction\":[{\"@type\":\"SearchAction\",\"target\":{\"@type\":\"EntryPoint\",\"urlTemplate\":\"https:\\\/\\\/www.aquimicasa.net\\\/blog\\\/?s={search_term_string}\"},\"query-input\":{\"@type\":\"PropertyValueSpecification\",\"valueRequired\":true,\"valueName\":\"search_term_string\"}}],\"inLanguage\":\"es\"},{\"@type\":\"Organization\",\"@id\":\"https:\\\/\\\/www.aquimicasa.net\\\/blog\\\/#organization\",\"name\":\"Blog de aquimicasa.net\",\"url\":\"https:\\\/\\\/www.aquimicasa.net\\\/blog\\\/\",\"logo\":{\"@type\":\"ImageObject\",\"inLanguage\":\"es\",\"@id\":\"https:\\\/\\\/www.aquimicasa.net\\\/blog\\\/#\\\/schema\\\/logo\\\/image\\\/\",\"url\":\"https:\\\/\\\/www.aquimicasa.net\\\/blog\\\/wp-content\\\/uploads\\\/Logo-aquimicasa-1-e1528048213782.png\",\"contentUrl\":\"https:\\\/\\\/www.aquimicasa.net\\\/blog\\\/wp-content\\\/uploads\\\/Logo-aquimicasa-1-e1528048213782.png\",\"width\":225,\"height\":225,\"caption\":\"Blog de aquimicasa.net\"},\"image\":{\"@id\":\"https:\\\/\\\/www.aquimicasa.net\\\/blog\\\/#\\\/schema\\\/logo\\\/image\\\/\"},\"sameAs\":[\"https:\\\/\\\/www.facebook.com\\\/aquimicasa.net\",\"https:\\\/\\\/www.instagram.com\\\/\",\"https:\\\/\\\/x.com\\\/EduLizarragaD\",\"https:\\\/\\\/www.linkedin.com\\\/feed\\\/\"]},{\"@type\":\"Person\",\"@id\":\"https:\\\/\\\/www.aquimicasa.net\\\/blog\\\/#\\\/schema\\\/person\\\/2cdfa2605534583395c8d7ce1d6cac14\",\"name\":\"Eduardo Lizarraga\",\"image\":{\"@type\":\"ImageObject\",\"inLanguage\":\"es\",\"@id\":\"https:\\\/\\\/secure.gravatar.com\\\/avatar\\\/bdabe1eeeed97b65a9cb7de2edd624b07995f7e13abc5fead15961f745f908cc?s=96&d=mm&r=g\",\"url\":\"https:\\\/\\\/secure.gravatar.com\\\/avatar\\\/bdabe1eeeed97b65a9cb7de2edd624b07995f7e13abc5fead15961f745f908cc?s=96&d=mm&r=g\",\"contentUrl\":\"https:\\\/\\\/secure.gravatar.com\\\/avatar\\\/bdabe1eeeed97b65a9cb7de2edd624b07995f7e13abc5fead15961f745f908cc?s=96&d=mm&r=g\",\"caption\":\"Eduardo Lizarraga\"},\"description\":\"Periodista Econ\u00f3mico. Ha trabajado en diversos campos de la informaci\u00f3n. Corresponsal en conflictos, analista pol\u00edtico en Congreso y Senado, periodista del medio ambiente, editor, director editorial, director de comunicaci\u00f3n.... En estos momentos se ha especializado en el sector inmobiliario. Pero tambi\u00e9n es navegante y viajero, preocupado por la pobreza, el medio ambiente y por las actuaciones descontroladas del neoliberalismo empresarial y pol\u00edtico en todo el mundo. Los desahucios, la pobreza infantil y la falta de acceso a los suministros b\u00e1sicos son algunos de los grandes dramas de nuestra sociedad y que es preciso solucionar para hacerla m\u00e1s justa. CEO en www.aquimicasa.net\",\"sameAs\":[\"https:\\\/\\\/www.aquimicasa.net\\\/\"],\"url\":\"https:\\\/\\\/www.aquimicasa.net\\\/blog\\\/author\\\/eduardo\\\/\"}]}<\/script>\n<!-- \/ Yoast SEO plugin. -->","yoast_head_json":{"title":"En la crisis sanitaria, econ\u00f3mica y social del coronavirus","description":"La crisis del coronavirus es una gran lecci\u00f3n, in\u00e9dita, que nadie vivo ha podido experimentar y que nuestro hijos recordar\u00e1n para siempre.","robots":{"index":"index","follow":"follow","max-snippet":"max-snippet:-1","max-image-preview":"max-image-preview:large","max-video-preview":"max-video-preview:-1"},"canonical":"https:\/\/www.aquimicasa.net\/blog\/opinion\/en-la-crisis-sanitaria-economica-y-social-del-coronavirus\/","og_locale":"es_ES","og_type":"article","og_title":"En la crisis sanitaria, econ\u00f3mica y social del coronavirus","og_description":"La crisis del coronavirus es una gran lecci\u00f3n, in\u00e9dita, que nadie vivo ha podido experimentar y que nuestro hijos recordar\u00e1n para siempre.","og_url":"https:\/\/www.aquimicasa.net\/blog\/opinion\/en-la-crisis-sanitaria-economica-y-social-del-coronavirus\/","og_site_name":"Blog de aquimicasa.net","article_publisher":"https:\/\/www.facebook.com\/aquimicasa.net","article_published_time":"2020-03-19T08:23:47+00:00","article_modified_time":"2020-04-02T16:22:18+00:00","og_image":[{"width":500,"height":281,"url":"https:\/\/www.aquimicasa.net\/blog\/wp-content\/uploads\/coronavirus8-e1591521410721.jpg","type":"image\/jpeg"}],"author":"Eduardo Lizarraga","twitter_misc":{"Escrito por":"Eduardo Lizarraga","Tiempo de lectura":"8 minutos"},"schema":{"@context":"https:\/\/schema.org","@graph":[{"@type":"Article","@id":"https:\/\/www.aquimicasa.net\/blog\/opinion\/en-la-crisis-sanitaria-economica-y-social-del-coronavirus\/#article","isPartOf":{"@id":"https:\/\/www.aquimicasa.net\/blog\/opinion\/en-la-crisis-sanitaria-economica-y-social-del-coronavirus\/"},"author":{"name":"Eduardo Lizarraga","@id":"https:\/\/www.aquimicasa.net\/blog\/#\/schema\/person\/2cdfa2605534583395c8d7ce1d6cac14"},"headline":"En la crisis sanitaria, econ\u00f3mica y social del coronavirus","datePublished":"2020-03-19T08:23:47+00:00","dateModified":"2020-04-02T16:22:18+00:00","mainEntityOfPage":{"@id":"https:\/\/www.aquimicasa.net\/blog\/opinion\/en-la-crisis-sanitaria-economica-y-social-del-coronavirus\/"},"wordCount":1647,"commentCount":4,"publisher":{"@id":"https:\/\/www.aquimicasa.net\/blog\/#organization"},"image":{"@id":"https:\/\/www.aquimicasa.net\/blog\/opinion\/en-la-crisis-sanitaria-economica-y-social-del-coronavirus\/#primaryimage"},"thumbnailUrl":"https:\/\/www.aquimicasa.net\/blog\/wp-content\/uploads\/coronavirus8-e1591521410721.jpg","keywords":["Coronavirus"],"articleSection":["Noticias Econom\u00eda","Opini\u00f3n"],"inLanguage":"es","potentialAction":[{"@type":"CommentAction","name":"Comment","target":["https:\/\/www.aquimicasa.net\/blog\/opinion\/en-la-crisis-sanitaria-economica-y-social-del-coronavirus\/#respond"]}]},{"@type":"WebPage","@id":"https:\/\/www.aquimicasa.net\/blog\/opinion\/en-la-crisis-sanitaria-economica-y-social-del-coronavirus\/","url":"https:\/\/www.aquimicasa.net\/blog\/opinion\/en-la-crisis-sanitaria-economica-y-social-del-coronavirus\/","name":"En la crisis sanitaria, econ\u00f3mica y social del coronavirus","isPartOf":{"@id":"https:\/\/www.aquimicasa.net\/blog\/#website"},"primaryImageOfPage":{"@id":"https:\/\/www.aquimicasa.net\/blog\/opinion\/en-la-crisis-sanitaria-economica-y-social-del-coronavirus\/#primaryimage"},"image":{"@id":"https:\/\/www.aquimicasa.net\/blog\/opinion\/en-la-crisis-sanitaria-economica-y-social-del-coronavirus\/#primaryimage"},"thumbnailUrl":"https:\/\/www.aquimicasa.net\/blog\/wp-content\/uploads\/coronavirus8-e1591521410721.jpg","datePublished":"2020-03-19T08:23:47+00:00","dateModified":"2020-04-02T16:22:18+00:00","description":"La crisis del coronavirus es una gran lecci\u00f3n, in\u00e9dita, que nadie vivo ha podido experimentar y que nuestro hijos recordar\u00e1n para siempre.","breadcrumb":{"@id":"https:\/\/www.aquimicasa.net\/blog\/opinion\/en-la-crisis-sanitaria-economica-y-social-del-coronavirus\/#breadcrumb"},"inLanguage":"es","potentialAction":[{"@type":"ReadAction","target":["https:\/\/www.aquimicasa.net\/blog\/opinion\/en-la-crisis-sanitaria-economica-y-social-del-coronavirus\/"]}]},{"@type":"ImageObject","inLanguage":"es","@id":"https:\/\/www.aquimicasa.net\/blog\/opinion\/en-la-crisis-sanitaria-economica-y-social-del-coronavirus\/#primaryimage","url":"https:\/\/www.aquimicasa.net\/blog\/wp-content\/uploads\/coronavirus8-e1591521410721.jpg","contentUrl":"https:\/\/www.aquimicasa.net\/blog\/wp-content\/uploads\/coronavirus8-e1591521410721.jpg","width":500,"height":281},{"@type":"BreadcrumbList","@id":"https:\/\/www.aquimicasa.net\/blog\/opinion\/en-la-crisis-sanitaria-economica-y-social-del-coronavirus\/#breadcrumb","itemListElement":[{"@type":"ListItem","position":1,"name":"Portada","item":"https:\/\/www.aquimicasa.net\/blog\/"},{"@type":"ListItem","position":2,"name":"En la crisis sanitaria, econ\u00f3mica y social del coronavirus"}]},{"@type":"WebSite","@id":"https:\/\/www.aquimicasa.net\/blog\/#website","url":"https:\/\/www.aquimicasa.net\/blog\/","name":"Blog de aquimicasa.net","description":"Noticias del Mundo Inmobiliario","publisher":{"@id":"https:\/\/www.aquimicasa.net\/blog\/#organization"},"potentialAction":[{"@type":"SearchAction","target":{"@type":"EntryPoint","urlTemplate":"https:\/\/www.aquimicasa.net\/blog\/?s={search_term_string}"},"query-input":{"@type":"PropertyValueSpecification","valueRequired":true,"valueName":"search_term_string"}}],"inLanguage":"es"},{"@type":"Organization","@id":"https:\/\/www.aquimicasa.net\/blog\/#organization","name":"Blog de aquimicasa.net","url":"https:\/\/www.aquimicasa.net\/blog\/","logo":{"@type":"ImageObject","inLanguage":"es","@id":"https:\/\/www.aquimicasa.net\/blog\/#\/schema\/logo\/image\/","url":"https:\/\/www.aquimicasa.net\/blog\/wp-content\/uploads\/Logo-aquimicasa-1-e1528048213782.png","contentUrl":"https:\/\/www.aquimicasa.net\/blog\/wp-content\/uploads\/Logo-aquimicasa-1-e1528048213782.png","width":225,"height":225,"caption":"Blog de aquimicasa.net"},"image":{"@id":"https:\/\/www.aquimicasa.net\/blog\/#\/schema\/logo\/image\/"},"sameAs":["https:\/\/www.facebook.com\/aquimicasa.net","https:\/\/www.instagram.com\/","https:\/\/x.com\/EduLizarragaD","https:\/\/www.linkedin.com\/feed\/"]},{"@type":"Person","@id":"https:\/\/www.aquimicasa.net\/blog\/#\/schema\/person\/2cdfa2605534583395c8d7ce1d6cac14","name":"Eduardo Lizarraga","image":{"@type":"ImageObject","inLanguage":"es","@id":"https:\/\/secure.gravatar.com\/avatar\/bdabe1eeeed97b65a9cb7de2edd624b07995f7e13abc5fead15961f745f908cc?s=96&d=mm&r=g","url":"https:\/\/secure.gravatar.com\/avatar\/bdabe1eeeed97b65a9cb7de2edd624b07995f7e13abc5fead15961f745f908cc?s=96&d=mm&r=g","contentUrl":"https:\/\/secure.gravatar.com\/avatar\/bdabe1eeeed97b65a9cb7de2edd624b07995f7e13abc5fead15961f745f908cc?s=96&d=mm&r=g","caption":"Eduardo Lizarraga"},"description":"Periodista Econ\u00f3mico. Ha trabajado en diversos campos de la informaci\u00f3n. Corresponsal en conflictos, analista pol\u00edtico en Congreso y Senado, periodista del medio ambiente, editor, director editorial, director de comunicaci\u00f3n.... En estos momentos se ha especializado en el sector inmobiliario. Pero tambi\u00e9n es navegante y viajero, preocupado por la pobreza, el medio ambiente y por las actuaciones descontroladas del neoliberalismo empresarial y pol\u00edtico en todo el mundo. Los desahucios, la pobreza infantil y la falta de acceso a los suministros b\u00e1sicos son algunos de los grandes dramas de nuestra sociedad y que es preciso solucionar para hacerla m\u00e1s justa. CEO en www.aquimicasa.net","sameAs":["https:\/\/www.aquimicasa.net\/"],"url":"https:\/\/www.aquimicasa.net\/blog\/author\/eduardo\/"}]}},"jetpack_publicize_connections":[],"jetpack_featured_media_url":"https:\/\/www.aquimicasa.net\/blog\/wp-content\/uploads\/coronavirus8-e1591521410721.jpg","jetpack_sharing_enabled":true,"jetpack_likes_enabled":true,"_links":{"self":[{"href":"https:\/\/www.aquimicasa.net\/blog\/wp-json\/wp\/v2\/posts\/28834","targetHints":{"allow":["GET"]}}],"collection":[{"href":"https:\/\/www.aquimicasa.net\/blog\/wp-json\/wp\/v2\/posts"}],"about":[{"href":"https:\/\/www.aquimicasa.net\/blog\/wp-json\/wp\/v2\/types\/post"}],"author":[{"embeddable":true,"href":"https:\/\/www.aquimicasa.net\/blog\/wp-json\/wp\/v2\/users\/3"}],"replies":[{"embeddable":true,"href":"https:\/\/www.aquimicasa.net\/blog\/wp-json\/wp\/v2\/comments?post=28834"}],"version-history":[{"count":1,"href":"https:\/\/www.aquimicasa.net\/blog\/wp-json\/wp\/v2\/posts\/28834\/revisions"}],"predecessor-version":[{"id":29157,"href":"https:\/\/www.aquimicasa.net\/blog\/wp-json\/wp\/v2\/posts\/28834\/revisions\/29157"}],"wp:featuredmedia":[{"embeddable":true,"href":"https:\/\/www.aquimicasa.net\/blog\/wp-json\/wp\/v2\/media\/28843"}],"wp:attachment":[{"href":"https:\/\/www.aquimicasa.net\/blog\/wp-json\/wp\/v2\/media?parent=28834"}],"wp:term":[{"taxonomy":"category","embeddable":true,"href":"https:\/\/www.aquimicasa.net\/blog\/wp-json\/wp\/v2\/categories?post=28834"},{"taxonomy":"post_tag","embeddable":true,"href":"https:\/\/www.aquimicasa.net\/blog\/wp-json\/wp\/v2\/tags?post=28834"}],"curies":[{"name":"wp","href":"https:\/\/api.w.org\/{rel}","templated":true}]}}