{"id":29064,"date":"2020-03-29T11:31:44","date_gmt":"2020-03-29T09:31:44","guid":{"rendered":"https:\/\/www.aquimicasa.net\/blog\/?p=29064"},"modified":"2020-04-02T18:54:15","modified_gmt":"2020-04-02T16:54:15","slug":"boletin-246-el-coronavirus-manda-a-hibernar-al-sector-inmobiliario","status":"publish","type":"post","link":"https:\/\/www.aquimicasa.net\/blog\/boletines\/boletin-246-el-coronavirus-manda-a-hibernar-al-sector-inmobiliario\/","title":{"rendered":"Bolet\u00edn Inmobiliario 246 \u00abEl coronavirus manda a hibernar al sector inmobiliario\u00bb"},"content":{"rendered":"<ul>\n<li><a href=\"http:\/\/aquimicasa.mailrelay-v.es\/campaign\/4119840\/265.html?t=565746435c0006585c47075e570e016151050253570f07045d0a015153070254074a4f5c0203075d44535751\"  rel=\"nofollow noopener\"><img decoding=\"async\" class=\"\" src=\"http:\/\/aquimicasa.ip-zone.com\/mailing-manager\/domains\/aquimicasa_ip-zone_com\/files\/img\/\/portal-inmobiliario-nueva.jpg\" alt=\"aquimicasa.net Noticias del mercado inmobiliario\" width=\"251\" height=\"167\" \/><\/a> <a href=\"http:\/\/aquimicasa.mailrelay-v.es\/campaign\/4119840\/265.html?t=565746435c0006585c47075e570e016151050253570f07045d0a015153070254074a4f5c0203075d44535751\"  rel=\"nofollow noopener\"><strong>BOLET\u00cdN COMPLETO<\/strong><\/a><\/li>\n<\/ul>\n<p>&nbsp;<\/p>\n<ul>\n<li><a href=\"https:\/\/www.aquimicasa.net\/blog\/articulo-de-opinion\/el-coronavirus-manda-a-hibernar-al-sector-inmobiliario\"><img decoding=\"async\" class=\"\" src=\"https:\/\/www.aquimicasa.net\/blog\/wp-content\/uploads\/terremoto2-900x642.jpg\" width=\"250\" height=\"178\" \/><\/a> Opini\u00f3n, por Eduardo Lizarraga<b> \u00ab<a href=\"https:\/\/www.aquimicasa.net\/blog\/articulo-de-opinion\/el-coronavirus-manda-a-hibernar-al-sector-inmobiliario\">El coronavirus manda a hibernar..\u00bb<\/a><\/b><\/li>\n<\/ul>\n<p>&nbsp;<\/p>\n<ul>\n<li><a href=\"https:\/\/www.aquimicasa.net\/blog\/bancos\/condiciones-para-la-moratoria-hipotecaria-a-causa-del-coronavirus\"><img decoding=\"async\" class=\"\" src=\"https:\/\/www.aquimicasa.net\/blog\/wp-content\/uploads\/credit-immobilier.large_-2.jpg\" width=\"251\" height=\"122\" \/><\/a> <strong><a href=\"https:\/\/www.aquimicasa.net\/blog\/bancos\/condiciones-para-la-moratoria-hipotecaria-a-causa-del-coronavirus\">Condiciones para la moratoria hipotecaria por el coronavirus<\/a><\/strong><\/li>\n<\/ul>\n<p>&nbsp;<\/p>\n<ul>\n<li><a href=\"https:\/\/www.aquimicasa.net\/blog\/activos-inmobiliarios\/se-suspende-el-precio-de-la-bombona-de-butano-hasta-septiembre\"><img decoding=\"async\" class=\"\" src=\"https:\/\/www.aquimicasa.net\/blog\/wp-content\/uploads\/Butano1-e1537298782726.jpg\" width=\"251\" height=\"142\" \/><\/a>\u00a0<a href=\"https:\/\/www.aquimicasa.net\/blog\/activos-inmobiliarios\/se-suspende-el-precio-de-la-bombona-de-butano-hasta-septiembre\"><b>Se suspende el precio de la bombona de butano<\/b><\/a><\/li>\n<\/ul>\n<p>&nbsp;<\/p>\n<ul>\n<li><a href=\"https:\/\/www.aquimicasa.net\/blog\/usuarios\/para-que-en-la-crisis-del-coronavirus-no-te-corten-la-luz\"><img decoding=\"async\" class=\"\" src=\"https:\/\/www.aquimicasa.net\/blog\/wp-content\/uploads\/Electricidad-1210x642.jpg\" width=\"250\" height=\"133\" \/><\/a> <a href=\"https:\/\/www.aquimicasa.net\/blog\/usuarios\/para-que-en-la-crisis-del-coronavirus-no-te-corten-la-luz\">Para que en la crisis del coronavirus no te corten la luz<\/a><\/li>\n<\/ul>\n<p>&nbsp;<\/p>\n<ul>\n<li><a href=\"https:\/\/www.aquimicasa.net\/blog\/activos-inmobiliarios\/la-pah-pide-la-suspension-de-pagos-de-alquiler-e-hipoteca\"><img decoding=\"async\" class=\"\" src=\"https:\/\/www.aquimicasa.net\/blog\/wp-content\/uploads\/PAH-Desahucios-1.jpg\" width=\"251\" height=\"133\" \/><\/a>\u00a0<a href=\"https:\/\/www.aquimicasa.net\/blog\/activos-inmobiliarios\/la-pah-pide-la-suspension-de-pagos-de-alquiler-e-hipoteca\"><b>La PAH pide la suspensi\u00f3n de pagos de alquiler e hipotecas<\/b><\/a><\/li>\n<\/ul>\n<p>&nbsp;<\/p>\n<ul>\n<li><a href=\"https:\/\/www.aquimicasa.net\/blog\/consumidores\/el-recurrente-misterio-en-los-precios-de-los-carburantes\"><img decoding=\"async\" class=\"\" src=\"https:\/\/www.aquimicasa.net\/blog\/wp-content\/uploads\/petroleo1.jpg\" width=\"251\" height=\"141\" \/><\/a>\u00a0<a href=\"https:\/\/www.aquimicasa.net\/blog\/consumidores\/el-recurrente-misterio-en-los-precios-de-los-carburantes\"><b>El recurrente misterio en el precio de los carburantes<\/b><\/a><\/li>\n<\/ul>\n<p>&nbsp;<\/p>\n<ul>\n<li><a href=\"https:\/\/www.aquimicasa.net\/blog\/alquileres\/cataluna-establece-una-moratoria-en-el-pago-del-alquiler\"><img decoding=\"async\" class=\"\" src=\"https:\/\/www.aquimicasa.net\/blog\/wp-content\/uploads\/Logo-Agencia-Habitatge.jpg\" width=\"251\" height=\"135\" \/><\/a>\u00a0<a href=\"https:\/\/www.aquimicasa.net\/blog\/alquileres\/cataluna-establece-una-moratoria-en-el-pago-del-alquiler\"><b>Catalu\u00f1a establece una moratoria en el pago del alquiler<\/b><\/a><\/li>\n<\/ul>\n<p>&nbsp;<\/p>\n<ul>\n<li><a href=\"https:\/\/www.aquimicasa.net\/blog\/consumidores\/aumenta-un-70-el-phishing-con-motivo-del-coronavirus\"><img decoding=\"async\" class=\"\" src=\"https:\/\/www.aquimicasa.net\/blog\/wp-content\/uploads\/pirata-informatico1-1200x642.jpg\" width=\"250\" height=\"134\" \/><\/a> <a href=\"https:\/\/www.aquimicasa.net\/blog\/consumidores\/aumenta-un-70-el-phishing-con-motivo-del-coronavirus\"><strong>Aumenta un 70% el phishing por efecto del coronavirus<\/strong><\/a><\/li>\n<\/ul>\n<p>&nbsp;<\/p>\n<h2><a href=\"https:\/\/www.aquimicasa.net\/\">Pisos y casas en venta en Aqu\u00edmicasa<\/a><\/h2>\n<p>&nbsp;<\/p>\n<ul>\n<li><a href=\"https:\/\/www.aquimicasa.net\/blog\/activos-inmobiliarios\/promocion-de-obra-nueva-para-vivir-en-los-alcazares\"><img decoding=\"async\" class=\"\" src=\"https:\/\/www.aquimicasa.net\/blog\/wp-content\/uploads\/672187579-1210x642.jpg\" width=\"250\" height=\"133\" \/><\/a> <strong><a href=\"https:\/\/www.aquimicasa.net\/blog\/activos-inmobiliarios\/promocion-de-obra-nueva-para-vivir-en-los-alcazares\">Promoci\u00f3n de obra nueva en venta en Los Alc\u00e1zares<\/a><\/strong><\/li>\n<\/ul>\n<p>&nbsp;<\/p>\n<ul>\n<li><a href=\"https:\/\/www.aquimicasa.net\/blog\/viviendas-en-venta-y-alquiler-en\/un-apartamento-en-venta-en-la-playa-de-calpe\" data-cke-saved-href=\"https:\/\/www.aquimicasa.net\/blog\/viviendas-en-venta-y-alquiler-en\/un-apartamento-en-venta-en-la-playa-de-calpe\"><img decoding=\"async\" class=\"\" src=\"https:\/\/www.aquimicasa.net\/blog\/wp-content\/uploads\/Playa-de-calpe5.jpg\" width=\"251\" height=\"186\" data-cke-saved-src=\"https:\/\/www.aquimicasa.net\/blog\/wp-content\/uploads\/Playa-de-calpe5.jpg\" \/><\/a> <strong><a href=\"https:\/\/www.aquimicasa.net\/blog\/viviendas-en-venta-y-alquiler-en\/un-apartamento-en-venta-en-la-playa-de-calpe\">Un apartamento en venta en la playa de Calpe<\/a><\/strong><\/li>\n<\/ul>\n<p>&nbsp;<\/p>\n<ul>\n<li><a href=\"https:\/\/www.aquimicasa.net\/blog\/viviendas-en-venta-y-alquiler-en\/pisos-para-vivir-en-san-carlos-de-la-rapita\"><img decoding=\"async\" class=\"\" src=\"https:\/\/www.aquimicasa.net\/blog\/wp-content\/uploads\/sant-carles2-e1538242995386.jpg\" width=\"251\" height=\"141\" \/><\/a> <strong><a href=\"https:\/\/www.aquimicasa.net\/blog\/viviendas-en-venta-y-alquiler-en\/pisos-para-vivir-en-san-carlos-de-la-rapita\">Pisos para vivir en San Carlos de la R\u00e1pita<\/a><\/strong><\/li>\n<\/ul>\n<p>&nbsp;<\/p>\n<ul>\n<li><a href=\"https:\/\/www.aquimicasa.net\/blog\/articulos-de-localizacion-geografica\/pisos-y-casas-en-venta-para-vivir-en-calafell\"><img decoding=\"async\" class=\"\" src=\"https:\/\/www.aquimicasa.net\/blog\/wp-content\/uploads\/CALAFELL4-1210x625.jpg\" width=\"250\" height=\"129\" \/><\/a> <strong><a href=\"https:\/\/www.aquimicasa.net\/blog\/articulos-de-localizacion-geografica\/pisos-y-casas-en-venta-para-vivir-en-calafell\">Pisos y casas en venta para vivir en Calafell<\/a><\/strong><\/li>\n<\/ul>\n<ul>\n<li><a href=\"https:\/\/www.aquimicasa.net\/blog\/activos-inmobiliarios\/pisos-en-venta-para-la-playa-en-santa-pola\"><img decoding=\"async\" class=\"\" src=\"https:\/\/www.aquimicasa.net\/blog\/wp-content\/uploads\/Santa-Pola3-1000x642.jpg\" width=\"251\" height=\"161\" \/><\/a> <a href=\"https:\/\/www.aquimicasa.net\/blog\/activos-inmobiliarios\/pisos-en-venta-para-la-playa-en-santa-pola\"><b>Pisos en venta para la playa en Santa Pola<\/b><\/a><\/li>\n<\/ul>\n<p>&nbsp;<\/p>\n<ul>\n<li><a href=\"https:\/\/www.aquimicasa.net\/blog\/activos-inmobiliarios\/pisos-en-venta-en-badalona\"><img decoding=\"async\" class=\"\" src=\"https:\/\/www.aquimicasa.net\/blog\/wp-content\/uploads\/Fente-maritimo4-e1546429602899.jpg\" width=\"250\" height=\"154\" \/><\/a> <strong><a href=\"https:\/\/www.aquimicasa.net\/blog\/activos-inmobiliarios\/pisos-en-venta-en-badalona\">Pisos en venta en el Frente Mar\u00edtimo de Badalona<\/a><\/strong><\/li>\n<\/ul>\n<p>&nbsp;<\/p>\n<ul>\n<li><a href=\"https:\/\/www.aquimicasa.net\/blog\/articulos-de-localizacion-geografica\/artiiculos-de-agencias-inmobiliarias\/articulos-de-vivienda-por-tipologia\/aticos-en-venta-para-vivir-en-la-manga-del-mar-menor\"><img decoding=\"async\" class=\"\" src=\"https:\/\/www.aquimicasa.net\/blog\/wp-content\/uploads\/La-Manga1-1210x642.jpg\" width=\"250\" height=\"133\" \/><\/a>\u00a0<a href=\"https:\/\/www.aquimicasa.net\/blog\/articulos-de-localizacion-geografica\/artiiculos-de-agencias-inmobiliarias\/articulos-de-vivienda-por-tipologia\/aticos-en-venta-para-vivir-en-la-manga-del-mar-menor\"><b>\u00c1ticos en venta para vivir en La Manga del Mar Menor<\/b><\/a><\/li>\n<\/ul>\n<p>&nbsp;<\/p>\n<ul>\n<li><a href=\"https:\/\/www.aquimicasa.net\/blog\/activos-inmobiliarios\/pisos-en-venta-para-la-playa-en-puerto-de-sagunto\"><img decoding=\"async\" class=\"\" src=\"https:\/\/www.aquimicasa.net\/blog\/wp-content\/uploads\/Puerto-de-Sagunto3-1024x642.jpg\" width=\"250\" height=\"157\" \/><\/a>\u00a0<a href=\"https:\/\/www.aquimicasa.net\/blog\/activos-inmobiliarios\/pisos-en-venta-para-la-playa-en-puerto-de-sagunto\"><b>Pisos en venta para la playa en Puerto de Sagunto<\/b><\/a><\/li>\n<\/ul>\n<p>&nbsp;<\/p>\n<ul>\n<li><a href=\"https:\/\/www.aquimicasa.net\/blog\/activos-inmobiliarios\/locales-comerciales-en-venta-o-alquiler-en-pamplona\"><img decoding=\"async\" class=\"\" src=\"https:\/\/www.aquimicasa.net\/blog\/wp-content\/uploads\/pamplonab7-e1537031119253.jpg\" width=\"250\" height=\"125\" \/><\/a> <strong><a href=\"https:\/\/www.aquimicasa.net\/blog\/activos-inmobiliarios\/locales-comerciales-en-venta-o-alquiler-en-pamplona\">Locales en venta o alquiler en Pamplona<\/a><\/strong><\/li>\n<\/ul>\n<p>&nbsp;<\/p>\n<ul>\n<li><a href=\"https:\/\/www.aquimicasa.net\/blog\/activos-inmobiliarios\/promocion-de-villas-en-venta-en-cala-finestrat-alicante?_mrMailingList=237&amp;_mrSubscriber=666\"><img decoding=\"async\" class=\"\" src=\"https:\/\/www.aquimicasa.net\/blog\/wp-content\/uploads\/foto7-1210x642.jpg\" width=\"250\" height=\"133\" \/><\/a> <a href=\"https:\/\/www.aquimicasa.net\/blog\/activos-inmobiliarios\/promocion-de-villas-en-venta-en-cala-finestrat-alicante?_mrMailingList=237&amp;_mrSubscriber=666\"><strong>Promoci\u00f3n de villas en venta en Cala Finestrat<\/strong><\/a><\/li>\n<\/ul>\n<p>&nbsp;<\/p>\n<ul>\n<li><a href=\"https:\/\/www.aquimicasa.net\/blog\/viviendas-en-venta-y-alquiler-en\/pisos-y-casas-en-venta-para-la-playa-en-lampolla?_mrMailingList=237&amp;_mrSubscriber=666\"><img decoding=\"async\" class=\"\" src=\"https:\/\/www.aquimicasa.net\/blog\/wp-content\/uploads\/Lampolla2.jpg\" width=\"251\" height=\"132\" \/><\/a>\u00a0<a href=\"https:\/\/www.aquimicasa.net\/blog\/viviendas-en-venta-y-alquiler-en\/pisos-y-casas-en-venta-para-la-playa-en-lampolla?_mrMailingList=237&amp;_mrSubscriber=666\"><b>Pisos y casas en venta para la playa en L&#8217;Ampolla<\/b><\/a><\/li>\n<\/ul>\n<p>&nbsp;<\/p>\n<ul>\n<li><a href=\"https:\/\/www.aquimicasa.net\/blog\/viviendas-en-venta-y-alquiler-en\/un-piso-en-venta-para-vivir-la-almendra-central-de-madrid\"><img decoding=\"async\" class=\"\" src=\"https:\/\/www.aquimicasa.net\/blog\/wp-content\/uploads\/Madrid3-1210x642.jpg\" width=\"250\" height=\"133\" \/><\/a> <strong><a href=\"https:\/\/www.aquimicasa.net\/blog\/viviendas-en-venta-y-alquiler-en\/un-piso-en-venta-para-vivir-la-almendra-central-de-madrid\">Un piso en venta para vivir en la Almendra Central de Madrid<\/a><\/strong><\/li>\n<\/ul>\n<p>&nbsp;<\/p>\n<ul>\n<li><a href=\"https:\/\/www.aquimicasa.net\/blog\/activos-inmobiliarios\/pisos-en-venta-y-alquiler-en-chamberi-arguelles-de-madrid\"><img decoding=\"async\" class=\"\" src=\"https:\/\/www.aquimicasa.net\/blog\/wp-content\/uploads\/Arguelles1.jpg\" width=\"252\" height=\"189\" \/><\/a> <strong><a href=\"https:\/\/www.aquimicasa.net\/blog\/activos-inmobiliarios\/pisos-en-venta-y-alquiler-en-chamberi-arguelles-de-madrid\">Pisos en venta y alquiler en Chamber\u00ed Arguelles de Madrid<\/a><\/strong><\/li>\n<\/ul>\n<p>&nbsp;<\/p>\n<ul>\n<li><a href=\"https:\/\/www.aquimicasa.net\/blog\/viviendas-en-venta-y-alquiler-en\/fincas-en-venta-para-vivir-el-interior-de-mallorca?_mrMailingList=237&amp;_mrSubscriber=666\"><img decoding=\"async\" class=\"\" src=\"https:\/\/www.aquimicasa.net\/blog\/wp-content\/uploads\/Valldemosa-1-e1550321746243.jpg\" width=\"250\" height=\"173\" \/><\/a>\u00a0<a href=\"https:\/\/www.aquimicasa.net\/blog\/viviendas-en-venta-y-alquiler-en\/fincas-en-venta-para-vivir-el-interior-de-mallorca?_mrMailingList=237&amp;_mrSubscriber=666\"><b>Fincas en venta para vivir en el interior de Mallorca<\/b><\/a><\/li>\n<\/ul>\n<p>&nbsp;<\/p>\n<ul>\n<li><a href=\"https:\/\/www.aquimicasa.net\/blog\/viviendas-en-venta-y-alquiler-en\/casas-en-venta-para-vivir-en-premia-de-dalt\"><img decoding=\"async\" class=\"\" src=\"https:\/\/www.aquimicasa.net\/blog\/wp-content\/uploads\/Premia1-e1524313909786.jpg\" width=\"251\" height=\"188\" \/><\/a> <strong><a href=\"https:\/\/www.aquimicasa.net\/blog\/viviendas-en-venta-y-alquiler-en\/casas-en-venta-para-vivir-en-premia-de-dalt\">Casas en venta para vivir en Premi\u00e1 de Dalt<\/a><\/strong><\/li>\n<\/ul>\n<p>&nbsp;<\/p>\n<ul>\n<li><a href=\"https:\/\/www.aquimicasa.net\/blog\/activos-inmobiliarios\/pisos-y-chalets-en-venta-o-alquiler-en-malaga\"><img decoding=\"async\" class=\"\" src=\"https:\/\/www.aquimicasa.net\/blog\/wp-content\/uploads\/Malagaw1-e1555015935954.jpg\" width=\"251\" height=\"166\" \/><\/a> <strong><a href=\"https:\/\/www.aquimicasa.net\/blog\/activos-inmobiliarios\/pisos-y-chalets-en-venta-o-alquiler-en-malaga\">Piso y chalets en venta o alquiler en M\u00e1laga<\/a><\/strong><\/li>\n<\/ul>\n<p>&nbsp;<\/p>\n<ul>\n<li><a href=\"https:\/\/www.aquimicasa.net\/blog\/activos-inmobiliarios\/pisos-y-casas-en-venta-para-vivir-en-elda\"><img decoding=\"async\" class=\"\" src=\"https:\/\/www.aquimicasa.net\/blog\/wp-content\/uploads\/Elda2-1210x642.jpg\" width=\"251\" height=\"133\" \/><\/a> <strong><a href=\"https:\/\/www.aquimicasa.net\/blog\/activos-inmobiliarios\/pisos-y-casas-en-venta-para-vivir-en-elda\">Pisos y casas en venta para vivir en Elda<\/a><\/strong><\/li>\n<\/ul>\n<p>&nbsp;<\/p>\n<ul>\n<li><a href=\"https:\/\/www.aquimicasa.net\/blog\/articulos-de-localizacion-geografica\/artiiculos-de-agencias-inmobiliarias\/pisos-en-venta-en-la-ciudad-de-oviedo?_mrMailingList=237&amp;_mrSubscriber=666\"><img decoding=\"async\" class=\"\" src=\"https:\/\/www.aquimicasa.net\/blog\/wp-content\/uploads\/Oviedo2-1200x642.jpg\" width=\"250\" height=\"134\" \/><\/a> <strong><a href=\"https:\/\/www.aquimicasa.net\/blog\/articulos-de-localizacion-geografica\/artiiculos-de-agencias-inmobiliarias\/pisos-en-venta-en-la-ciudad-de-oviedo?_mrMailingList=237&amp;_mrSubscriber=666\">Pisos en venta en la ciudad de Oviedo<\/a><\/strong><\/li>\n<\/ul>\n<p>&nbsp;<\/p>\n<ul>\n<li><a href=\"https:\/\/www.aquimicasa.net\/\"><img decoding=\"async\" class=\"\" src=\"http:\/\/aquimicasa.ip-zone.com\/mailing-manager\/domains\/aquimicasa_ip-zone_com\/files\/img\/\/logo-aquimicasa-news.png\" alt=\"aquimicasa.net\" width=\"251\" height=\"58\" \/><\/a><\/li>\n<\/ul>\n<p>&nbsp;<\/p>\n","protected":false},"excerpt":{"rendered":"<p>Bolet\u00edn Inmobiliario 246, \u00abEl coronavirus manda a hibernar al sector inmobiliario\u00bb, Promoci\u00f3n de obra nueva en venta en Los Alc\u00e1zares, Pisos y casas en venta en Aqu\u00edmicasa, Casas en venta para vivir en Lliria, Pisos para vivir en San Carlos de la R\u00e1pita, Pisos en venta para vivir en Santander, Pisos en venta y alquiler en Ciutat Vella de Valencia, Pisos en venta en el Frente Mar\u00edtimo de Badalona, Pisos y casas en venta en el Sector Sur de C\u00f3rdoba, Casas en venta para vivir en Sagunto, Locales en venta o alquiler en Pamplona, Casas en venta para vivir en Cartagena, Casas en venta para la playa en Puerto Mazarr\u00f3n, Un piso en venta para vivir en la Almendra Central de Madrid, Pisos en venta y alquiler en Chamber\u00ed Arguelles de Madrid, Promoci\u00f3n de villas en venta en Cala Finestrat de Alicante, Casas en venta para vivir en Premi\u00e1 de Dalt, Piso y chalets en venta o alquiler en M\u00e1laga, Locales en venta y alquiler en M\u00e1laga, Casas para vivir en la Playa de Calpe, Pisos para vivir en la Ciudad de las Artes y las Ciencias,<\/p>\n","protected":false},"author":3,"featured_media":17772,"comment_status":"open","ping_status":"open","sticky":false,"template":"","format":"standard","meta":{"_jetpack_memberships_contains_paid_content":false,"footnotes":"","jetpack_publicize_message":"","jetpack_publicize_feature_enabled":true,"jetpack_social_post_already_shared":true,"jetpack_social_options":{"image_generator_settings":{"template":"highway","default_image_id":0,"font":"","enabled":false},"version":2}},"categories":[7562,2548],"tags":[7553,7554,7195,5715,5689,5402,5620,5465,6123,4675,7205,6466,5745,7187,7167,6111,5239,6864,6245,7206,7207,6997],"class_list":["post-29064","post","type-post","status-publish","format-standard","has-post-thumbnail","hentry","category-agencias-inmobiliarias","category-boletines","tag-el-coronavirus-manda-a-hibernar-al-sector-inmobiliario","tag-boletin-inmobiliario-246","tag-casas-en-venta-para-la-playa-en-puerto-mazarron","tag-casas-en-venta-para-vivir-en-cartagena","tag-casas-en-venta-para-vivir-en-lliria","tag-casas-en-venta-para-vivir-en-premia-de-dalt","tag-casas-en-venta-para-vivir-en-sagunto","tag-casas-para-vivir-en-la-playa-de-calpe","tag-locales-en-venta-o-alquiler-en-pamplona","tag-locales-en-venta-y-alquiler-en-malaga","tag-piso-y-chalets-en-venta-o-alquiler-en-malaga","tag-pisos-en-venta-en-el-frente-maritimo-de-badalona","tag-pisos-en-venta-para-vivir-en-santander","tag-pisos-en-venta-y-alquiler-en-chamberi-arguelles-de-madrid","tag-pisos-en-venta-y-alquiler-en-ciutat-vella-de-valencia","tag-pisos-para-vivir-en-la-ciudad-de-las-artes-y-las-ciencias","tag-pisos-para-vivir-en-san-carlos-de-la-rapita","tag-pisos-y-casas-en-venta-en-aquimicasa","tag-pisos-y-casas-en-venta-en-el-sector-sur-de-cordoba","tag-promocion-de-obra-nueva-en-venta-en-los-alcazares","tag-promocion-de-villas-en-venta-en-cala-finestrat-de-alicante","tag-un-piso-en-venta-para-vivir-en-la-almendra-central-de-madrid"],"yoast_head":"<!-- This site is optimized with the Yoast SEO plugin v28.2 - https:\/\/yoast.com\/product\/yoast-seo-wordpress\/ -->\n<title>Bolet\u00edn 246 &quot;El coronavirus manda a hibernar al sector inmobiliario&quot;<\/title>\n<meta name=\"description\" content=\"Bolet\u00edn Inmobiliario 246 &quot;El coronavirus manda a hibernar al sector inmobiliario&quot;, Promoci\u00f3n de obra nueva en venta en Los Alc\u00e1zares,\" \/>\n<meta name=\"robots\" content=\"index, follow, max-snippet:-1, max-image-preview:large, max-video-preview:-1\" \/>\n<link rel=\"canonical\" href=\"https:\/\/www.aquimicasa.net\/blog\/boletines\/boletin-246-el-coronavirus-manda-a-hibernar-al-sector-inmobiliario\/\" \/>\n<meta property=\"og:locale\" content=\"es_ES\" \/>\n<meta property=\"og:type\" content=\"article\" \/>\n<meta property=\"og:title\" content=\"Bolet\u00edn 246 &quot;El coronavirus manda a hibernar al sector inmobiliario&quot;\" \/>\n<meta property=\"og:description\" content=\"Bolet\u00edn Inmobiliario 246 &quot;El coronavirus manda a hibernar al sector inmobiliario&quot;, Promoci\u00f3n de obra nueva en venta en Los Alc\u00e1zares,\" \/>\n<meta property=\"og:url\" content=\"https:\/\/www.aquimicasa.net\/blog\/boletines\/boletin-246-el-coronavirus-manda-a-hibernar-al-sector-inmobiliario\/\" \/>\n<meta property=\"og:site_name\" content=\"Blog de aquimicasa.net\" \/>\n<meta property=\"article:publisher\" content=\"https:\/\/www.facebook.com\/aquimicasa.net\" \/>\n<meta property=\"article:published_time\" content=\"2020-03-29T09:31:44+00:00\" \/>\n<meta property=\"article:modified_time\" content=\"2020-04-02T16:54:15+00:00\" \/>\n<meta property=\"og:image\" content=\"https:\/\/www.aquimicasa.net\/blog\/wp-content\/uploads\/Logo-aquimicasa.png\" \/>\n\t<meta property=\"og:image:width\" content=\"300\" \/>\n\t<meta property=\"og:image:height\" content=\"300\" \/>\n\t<meta property=\"og:image:type\" content=\"image\/png\" \/>\n<meta name=\"author\" content=\"Eduardo Lizarraga\" \/>\n<meta name=\"twitter:label1\" content=\"Escrito por\" \/>\n\t<meta name=\"twitter:data1\" content=\"Eduardo Lizarraga\" \/>\n\t<meta name=\"twitter:label2\" content=\"Tiempo de lectura\" \/>\n\t<meta name=\"twitter:data2\" content=\"1 minuto\" \/>\n<script type=\"application\/ld+json\" class=\"yoast-schema-graph\">{\"@context\":\"https:\\\/\\\/schema.org\",\"@graph\":[{\"@type\":\"Article\",\"@id\":\"https:\\\/\\\/www.aquimicasa.net\\\/blog\\\/boletines\\\/boletin-246-el-coronavirus-manda-a-hibernar-al-sector-inmobiliario\\\/#article\",\"isPartOf\":{\"@id\":\"https:\\\/\\\/www.aquimicasa.net\\\/blog\\\/boletines\\\/boletin-246-el-coronavirus-manda-a-hibernar-al-sector-inmobiliario\\\/\"},\"author\":{\"name\":\"Eduardo Lizarraga\",\"@id\":\"https:\\\/\\\/www.aquimicasa.net\\\/blog\\\/#\\\/schema\\\/person\\\/2cdfa2605534583395c8d7ce1d6cac14\"},\"headline\":\"Bolet\u00edn Inmobiliario 246 \u00abEl coronavirus manda a hibernar al sector inmobiliario\u00bb\",\"datePublished\":\"2020-03-29T09:31:44+00:00\",\"dateModified\":\"2020-04-02T16:54:15+00:00\",\"mainEntityOfPage\":{\"@id\":\"https:\\\/\\\/www.aquimicasa.net\\\/blog\\\/boletines\\\/boletin-246-el-coronavirus-manda-a-hibernar-al-sector-inmobiliario\\\/\"},\"wordCount\":302,\"commentCount\":0,\"publisher\":{\"@id\":\"https:\\\/\\\/www.aquimicasa.net\\\/blog\\\/#organization\"},\"image\":{\"@id\":\"https:\\\/\\\/www.aquimicasa.net\\\/blog\\\/boletines\\\/boletin-246-el-coronavirus-manda-a-hibernar-al-sector-inmobiliario\\\/#primaryimage\"},\"thumbnailUrl\":\"https:\\\/\\\/www.aquimicasa.net\\\/blog\\\/wp-content\\\/uploads\\\/Logo-aquimicasa.png\",\"keywords\":[\"\\\"El coronavirus manda a hibernar al sector inmobiliario\\\"\",\"Bolet\u00edn Inmobiliario 246\",\"Casas en venta para la playa en Puerto Mazarr\u00f3n\",\"Casas en venta para vivir en Cartagena\",\"Casas en venta para vivir en Lliria\",\"Casas en venta para vivir en Premi\u00e1 de Dalt\",\"casas en venta para vivir en Sagunto\",\"Casas para vivir en la playa de Calpe\",\"Locales en venta o alquiler en Pamplona\",\"locales en venta y alquiler en M\u00e1laga\",\"Piso y chalets en venta o alquiler en M\u00e1laga\",\"Pisos en venta en el Frente Mar\u00edtimo de Badalona\",\"pisos en venta para vivir en Santander\",\"pisos en venta y alquiler en Chamberi Arguelles de Madrid\",\"Pisos en venta y alquiler en Ciutat Vella de Valencia\",\"Pisos para vivir en la Ciudad de las Artes y las Ciencias\",\"Pisos para vivir en San Carlos de la R\u00e1pita\",\"Pisos y casas en venta en aquimicasa\",\"Pisos y casas en venta en el Sector Sur de C\u00f3rdoba\",\"Promoci\u00f3n de obra nueva en venta en Los Alc\u00e1zares\",\"Promoci\u00f3n de villas en venta en Cala Finestrat de Alicante\",\"Un piso en venta para vivir en la almendra central de Madrid\"],\"articleSection\":[\"Agencias Inmobiliarias\",\"Newsletters\"],\"inLanguage\":\"es\",\"potentialAction\":[{\"@type\":\"CommentAction\",\"name\":\"Comment\",\"target\":[\"https:\\\/\\\/www.aquimicasa.net\\\/blog\\\/boletines\\\/boletin-246-el-coronavirus-manda-a-hibernar-al-sector-inmobiliario\\\/#respond\"]}]},{\"@type\":\"WebPage\",\"@id\":\"https:\\\/\\\/www.aquimicasa.net\\\/blog\\\/boletines\\\/boletin-246-el-coronavirus-manda-a-hibernar-al-sector-inmobiliario\\\/\",\"url\":\"https:\\\/\\\/www.aquimicasa.net\\\/blog\\\/boletines\\\/boletin-246-el-coronavirus-manda-a-hibernar-al-sector-inmobiliario\\\/\",\"name\":\"Bolet\u00edn 246 \\\"El coronavirus manda a hibernar al sector inmobiliario\\\"\",\"isPartOf\":{\"@id\":\"https:\\\/\\\/www.aquimicasa.net\\\/blog\\\/#website\"},\"primaryImageOfPage\":{\"@id\":\"https:\\\/\\\/www.aquimicasa.net\\\/blog\\\/boletines\\\/boletin-246-el-coronavirus-manda-a-hibernar-al-sector-inmobiliario\\\/#primaryimage\"},\"image\":{\"@id\":\"https:\\\/\\\/www.aquimicasa.net\\\/blog\\\/boletines\\\/boletin-246-el-coronavirus-manda-a-hibernar-al-sector-inmobiliario\\\/#primaryimage\"},\"thumbnailUrl\":\"https:\\\/\\\/www.aquimicasa.net\\\/blog\\\/wp-content\\\/uploads\\\/Logo-aquimicasa.png\",\"datePublished\":\"2020-03-29T09:31:44+00:00\",\"dateModified\":\"2020-04-02T16:54:15+00:00\",\"description\":\"Bolet\u00edn Inmobiliario 246 \\\"El coronavirus manda a hibernar al sector inmobiliario\\\", Promoci\u00f3n de obra nueva en venta en Los Alc\u00e1zares,\",\"breadcrumb\":{\"@id\":\"https:\\\/\\\/www.aquimicasa.net\\\/blog\\\/boletines\\\/boletin-246-el-coronavirus-manda-a-hibernar-al-sector-inmobiliario\\\/#breadcrumb\"},\"inLanguage\":\"es\",\"potentialAction\":[{\"@type\":\"ReadAction\",\"target\":[\"https:\\\/\\\/www.aquimicasa.net\\\/blog\\\/boletines\\\/boletin-246-el-coronavirus-manda-a-hibernar-al-sector-inmobiliario\\\/\"]}]},{\"@type\":\"ImageObject\",\"inLanguage\":\"es\",\"@id\":\"https:\\\/\\\/www.aquimicasa.net\\\/blog\\\/boletines\\\/boletin-246-el-coronavirus-manda-a-hibernar-al-sector-inmobiliario\\\/#primaryimage\",\"url\":\"https:\\\/\\\/www.aquimicasa.net\\\/blog\\\/wp-content\\\/uploads\\\/Logo-aquimicasa.png\",\"contentUrl\":\"https:\\\/\\\/www.aquimicasa.net\\\/blog\\\/wp-content\\\/uploads\\\/Logo-aquimicasa.png\",\"width\":300,\"height\":300},{\"@type\":\"BreadcrumbList\",\"@id\":\"https:\\\/\\\/www.aquimicasa.net\\\/blog\\\/boletines\\\/boletin-246-el-coronavirus-manda-a-hibernar-al-sector-inmobiliario\\\/#breadcrumb\",\"itemListElement\":[{\"@type\":\"ListItem\",\"position\":1,\"name\":\"Portada\",\"item\":\"https:\\\/\\\/www.aquimicasa.net\\\/blog\\\/\"},{\"@type\":\"ListItem\",\"position\":2,\"name\":\"Bolet\u00edn Inmobiliario 246 \u00abEl coronavirus manda a hibernar al sector inmobiliario\u00bb\"}]},{\"@type\":\"WebSite\",\"@id\":\"https:\\\/\\\/www.aquimicasa.net\\\/blog\\\/#website\",\"url\":\"https:\\\/\\\/www.aquimicasa.net\\\/blog\\\/\",\"name\":\"Blog de aquimicasa.net\",\"description\":\"Noticias del Mundo Inmobiliario\",\"publisher\":{\"@id\":\"https:\\\/\\\/www.aquimicasa.net\\\/blog\\\/#organization\"},\"potentialAction\":[{\"@type\":\"SearchAction\",\"target\":{\"@type\":\"EntryPoint\",\"urlTemplate\":\"https:\\\/\\\/www.aquimicasa.net\\\/blog\\\/?s={search_term_string}\"},\"query-input\":{\"@type\":\"PropertyValueSpecification\",\"valueRequired\":true,\"valueName\":\"search_term_string\"}}],\"inLanguage\":\"es\"},{\"@type\":\"Organization\",\"@id\":\"https:\\\/\\\/www.aquimicasa.net\\\/blog\\\/#organization\",\"name\":\"Blog de aquimicasa.net\",\"url\":\"https:\\\/\\\/www.aquimicasa.net\\\/blog\\\/\",\"logo\":{\"@type\":\"ImageObject\",\"inLanguage\":\"es\",\"@id\":\"https:\\\/\\\/www.aquimicasa.net\\\/blog\\\/#\\\/schema\\\/logo\\\/image\\\/\",\"url\":\"https:\\\/\\\/www.aquimicasa.net\\\/blog\\\/wp-content\\\/uploads\\\/Logo-aquimicasa-1-e1528048213782.png\",\"contentUrl\":\"https:\\\/\\\/www.aquimicasa.net\\\/blog\\\/wp-content\\\/uploads\\\/Logo-aquimicasa-1-e1528048213782.png\",\"width\":225,\"height\":225,\"caption\":\"Blog de aquimicasa.net\"},\"image\":{\"@id\":\"https:\\\/\\\/www.aquimicasa.net\\\/blog\\\/#\\\/schema\\\/logo\\\/image\\\/\"},\"sameAs\":[\"https:\\\/\\\/www.facebook.com\\\/aquimicasa.net\",\"https:\\\/\\\/www.instagram.com\\\/\",\"https:\\\/\\\/x.com\\\/EduLizarragaD\",\"https:\\\/\\\/www.linkedin.com\\\/feed\\\/\"]},{\"@type\":\"Person\",\"@id\":\"https:\\\/\\\/www.aquimicasa.net\\\/blog\\\/#\\\/schema\\\/person\\\/2cdfa2605534583395c8d7ce1d6cac14\",\"name\":\"Eduardo Lizarraga\",\"image\":{\"@type\":\"ImageObject\",\"inLanguage\":\"es\",\"@id\":\"https:\\\/\\\/secure.gravatar.com\\\/avatar\\\/bdabe1eeeed97b65a9cb7de2edd624b07995f7e13abc5fead15961f745f908cc?s=96&d=mm&r=g\",\"url\":\"https:\\\/\\\/secure.gravatar.com\\\/avatar\\\/bdabe1eeeed97b65a9cb7de2edd624b07995f7e13abc5fead15961f745f908cc?s=96&d=mm&r=g\",\"contentUrl\":\"https:\\\/\\\/secure.gravatar.com\\\/avatar\\\/bdabe1eeeed97b65a9cb7de2edd624b07995f7e13abc5fead15961f745f908cc?s=96&d=mm&r=g\",\"caption\":\"Eduardo Lizarraga\"},\"description\":\"Periodista Econ\u00f3mico. Ha trabajado en diversos campos de la informaci\u00f3n. Corresponsal en conflictos, analista pol\u00edtico en Congreso y Senado, periodista del medio ambiente, editor, director editorial, director de comunicaci\u00f3n.... En estos momentos se ha especializado en el sector inmobiliario. Pero tambi\u00e9n es navegante y viajero, preocupado por la pobreza, el medio ambiente y por las actuaciones descontroladas del neoliberalismo empresarial y pol\u00edtico en todo el mundo. Los desahucios, la pobreza infantil y la falta de acceso a los suministros b\u00e1sicos son algunos de los grandes dramas de nuestra sociedad y que es preciso solucionar para hacerla m\u00e1s justa. CEO en www.aquimicasa.net\",\"sameAs\":[\"https:\\\/\\\/www.aquimicasa.net\\\/\"],\"url\":\"https:\\\/\\\/www.aquimicasa.net\\\/blog\\\/author\\\/eduardo\\\/\"}]}<\/script>\n<!-- \/ Yoast SEO plugin. -->","yoast_head_json":{"title":"Bolet\u00edn 246 \"El coronavirus manda a hibernar al sector inmobiliario\"","description":"Bolet\u00edn Inmobiliario 246 \"El coronavirus manda a hibernar al sector inmobiliario\", Promoci\u00f3n de obra nueva en venta en Los Alc\u00e1zares,","robots":{"index":"index","follow":"follow","max-snippet":"max-snippet:-1","max-image-preview":"max-image-preview:large","max-video-preview":"max-video-preview:-1"},"canonical":"https:\/\/www.aquimicasa.net\/blog\/boletines\/boletin-246-el-coronavirus-manda-a-hibernar-al-sector-inmobiliario\/","og_locale":"es_ES","og_type":"article","og_title":"Bolet\u00edn 246 \"El coronavirus manda a hibernar al sector inmobiliario\"","og_description":"Bolet\u00edn Inmobiliario 246 \"El coronavirus manda a hibernar al sector inmobiliario\", Promoci\u00f3n de obra nueva en venta en Los Alc\u00e1zares,","og_url":"https:\/\/www.aquimicasa.net\/blog\/boletines\/boletin-246-el-coronavirus-manda-a-hibernar-al-sector-inmobiliario\/","og_site_name":"Blog de aquimicasa.net","article_publisher":"https:\/\/www.facebook.com\/aquimicasa.net","article_published_time":"2020-03-29T09:31:44+00:00","article_modified_time":"2020-04-02T16:54:15+00:00","og_image":[{"width":300,"height":300,"url":"https:\/\/www.aquimicasa.net\/blog\/wp-content\/uploads\/Logo-aquimicasa.png","type":"image\/png"}],"author":"Eduardo Lizarraga","twitter_misc":{"Escrito por":"Eduardo Lizarraga","Tiempo de lectura":"1 minuto"},"schema":{"@context":"https:\/\/schema.org","@graph":[{"@type":"Article","@id":"https:\/\/www.aquimicasa.net\/blog\/boletines\/boletin-246-el-coronavirus-manda-a-hibernar-al-sector-inmobiliario\/#article","isPartOf":{"@id":"https:\/\/www.aquimicasa.net\/blog\/boletines\/boletin-246-el-coronavirus-manda-a-hibernar-al-sector-inmobiliario\/"},"author":{"name":"Eduardo Lizarraga","@id":"https:\/\/www.aquimicasa.net\/blog\/#\/schema\/person\/2cdfa2605534583395c8d7ce1d6cac14"},"headline":"Bolet\u00edn Inmobiliario 246 \u00abEl coronavirus manda a hibernar al sector inmobiliario\u00bb","datePublished":"2020-03-29T09:31:44+00:00","dateModified":"2020-04-02T16:54:15+00:00","mainEntityOfPage":{"@id":"https:\/\/www.aquimicasa.net\/blog\/boletines\/boletin-246-el-coronavirus-manda-a-hibernar-al-sector-inmobiliario\/"},"wordCount":302,"commentCount":0,"publisher":{"@id":"https:\/\/www.aquimicasa.net\/blog\/#organization"},"image":{"@id":"https:\/\/www.aquimicasa.net\/blog\/boletines\/boletin-246-el-coronavirus-manda-a-hibernar-al-sector-inmobiliario\/#primaryimage"},"thumbnailUrl":"https:\/\/www.aquimicasa.net\/blog\/wp-content\/uploads\/Logo-aquimicasa.png","keywords":["\"El coronavirus manda a hibernar al sector inmobiliario\"","Bolet\u00edn Inmobiliario 246","Casas en venta para la playa en Puerto Mazarr\u00f3n","Casas en venta para vivir en Cartagena","Casas en venta para vivir en Lliria","Casas en venta para vivir en Premi\u00e1 de Dalt","casas en venta para vivir en Sagunto","Casas para vivir en la playa de Calpe","Locales en venta o alquiler en Pamplona","locales en venta y alquiler en M\u00e1laga","Piso y chalets en venta o alquiler en M\u00e1laga","Pisos en venta en el Frente Mar\u00edtimo de Badalona","pisos en venta para vivir en Santander","pisos en venta y alquiler en Chamberi Arguelles de Madrid","Pisos en venta y alquiler en Ciutat Vella de Valencia","Pisos para vivir en la Ciudad de las Artes y las Ciencias","Pisos para vivir en San Carlos de la R\u00e1pita","Pisos y casas en venta en aquimicasa","Pisos y casas en venta en el Sector Sur de C\u00f3rdoba","Promoci\u00f3n de obra nueva en venta en Los Alc\u00e1zares","Promoci\u00f3n de villas en venta en Cala Finestrat de Alicante","Un piso en venta para vivir en la almendra central de Madrid"],"articleSection":["Agencias Inmobiliarias","Newsletters"],"inLanguage":"es","potentialAction":[{"@type":"CommentAction","name":"Comment","target":["https:\/\/www.aquimicasa.net\/blog\/boletines\/boletin-246-el-coronavirus-manda-a-hibernar-al-sector-inmobiliario\/#respond"]}]},{"@type":"WebPage","@id":"https:\/\/www.aquimicasa.net\/blog\/boletines\/boletin-246-el-coronavirus-manda-a-hibernar-al-sector-inmobiliario\/","url":"https:\/\/www.aquimicasa.net\/blog\/boletines\/boletin-246-el-coronavirus-manda-a-hibernar-al-sector-inmobiliario\/","name":"Bolet\u00edn 246 \"El coronavirus manda a hibernar al sector inmobiliario\"","isPartOf":{"@id":"https:\/\/www.aquimicasa.net\/blog\/#website"},"primaryImageOfPage":{"@id":"https:\/\/www.aquimicasa.net\/blog\/boletines\/boletin-246-el-coronavirus-manda-a-hibernar-al-sector-inmobiliario\/#primaryimage"},"image":{"@id":"https:\/\/www.aquimicasa.net\/blog\/boletines\/boletin-246-el-coronavirus-manda-a-hibernar-al-sector-inmobiliario\/#primaryimage"},"thumbnailUrl":"https:\/\/www.aquimicasa.net\/blog\/wp-content\/uploads\/Logo-aquimicasa.png","datePublished":"2020-03-29T09:31:44+00:00","dateModified":"2020-04-02T16:54:15+00:00","description":"Bolet\u00edn Inmobiliario 246 \"El coronavirus manda a hibernar al sector inmobiliario\", Promoci\u00f3n de obra nueva en venta en Los Alc\u00e1zares,","breadcrumb":{"@id":"https:\/\/www.aquimicasa.net\/blog\/boletines\/boletin-246-el-coronavirus-manda-a-hibernar-al-sector-inmobiliario\/#breadcrumb"},"inLanguage":"es","potentialAction":[{"@type":"ReadAction","target":["https:\/\/www.aquimicasa.net\/blog\/boletines\/boletin-246-el-coronavirus-manda-a-hibernar-al-sector-inmobiliario\/"]}]},{"@type":"ImageObject","inLanguage":"es","@id":"https:\/\/www.aquimicasa.net\/blog\/boletines\/boletin-246-el-coronavirus-manda-a-hibernar-al-sector-inmobiliario\/#primaryimage","url":"https:\/\/www.aquimicasa.net\/blog\/wp-content\/uploads\/Logo-aquimicasa.png","contentUrl":"https:\/\/www.aquimicasa.net\/blog\/wp-content\/uploads\/Logo-aquimicasa.png","width":300,"height":300},{"@type":"BreadcrumbList","@id":"https:\/\/www.aquimicasa.net\/blog\/boletines\/boletin-246-el-coronavirus-manda-a-hibernar-al-sector-inmobiliario\/#breadcrumb","itemListElement":[{"@type":"ListItem","position":1,"name":"Portada","item":"https:\/\/www.aquimicasa.net\/blog\/"},{"@type":"ListItem","position":2,"name":"Bolet\u00edn Inmobiliario 246 \u00abEl coronavirus manda a hibernar al sector inmobiliario\u00bb"}]},{"@type":"WebSite","@id":"https:\/\/www.aquimicasa.net\/blog\/#website","url":"https:\/\/www.aquimicasa.net\/blog\/","name":"Blog de aquimicasa.net","description":"Noticias del Mundo Inmobiliario","publisher":{"@id":"https:\/\/www.aquimicasa.net\/blog\/#organization"},"potentialAction":[{"@type":"SearchAction","target":{"@type":"EntryPoint","urlTemplate":"https:\/\/www.aquimicasa.net\/blog\/?s={search_term_string}"},"query-input":{"@type":"PropertyValueSpecification","valueRequired":true,"valueName":"search_term_string"}}],"inLanguage":"es"},{"@type":"Organization","@id":"https:\/\/www.aquimicasa.net\/blog\/#organization","name":"Blog de aquimicasa.net","url":"https:\/\/www.aquimicasa.net\/blog\/","logo":{"@type":"ImageObject","inLanguage":"es","@id":"https:\/\/www.aquimicasa.net\/blog\/#\/schema\/logo\/image\/","url":"https:\/\/www.aquimicasa.net\/blog\/wp-content\/uploads\/Logo-aquimicasa-1-e1528048213782.png","contentUrl":"https:\/\/www.aquimicasa.net\/blog\/wp-content\/uploads\/Logo-aquimicasa-1-e1528048213782.png","width":225,"height":225,"caption":"Blog de aquimicasa.net"},"image":{"@id":"https:\/\/www.aquimicasa.net\/blog\/#\/schema\/logo\/image\/"},"sameAs":["https:\/\/www.facebook.com\/aquimicasa.net","https:\/\/www.instagram.com\/","https:\/\/x.com\/EduLizarragaD","https:\/\/www.linkedin.com\/feed\/"]},{"@type":"Person","@id":"https:\/\/www.aquimicasa.net\/blog\/#\/schema\/person\/2cdfa2605534583395c8d7ce1d6cac14","name":"Eduardo Lizarraga","image":{"@type":"ImageObject","inLanguage":"es","@id":"https:\/\/secure.gravatar.com\/avatar\/bdabe1eeeed97b65a9cb7de2edd624b07995f7e13abc5fead15961f745f908cc?s=96&d=mm&r=g","url":"https:\/\/secure.gravatar.com\/avatar\/bdabe1eeeed97b65a9cb7de2edd624b07995f7e13abc5fead15961f745f908cc?s=96&d=mm&r=g","contentUrl":"https:\/\/secure.gravatar.com\/avatar\/bdabe1eeeed97b65a9cb7de2edd624b07995f7e13abc5fead15961f745f908cc?s=96&d=mm&r=g","caption":"Eduardo Lizarraga"},"description":"Periodista Econ\u00f3mico. Ha trabajado en diversos campos de la informaci\u00f3n. Corresponsal en conflictos, analista pol\u00edtico en Congreso y Senado, periodista del medio ambiente, editor, director editorial, director de comunicaci\u00f3n.... En estos momentos se ha especializado en el sector inmobiliario. Pero tambi\u00e9n es navegante y viajero, preocupado por la pobreza, el medio ambiente y por las actuaciones descontroladas del neoliberalismo empresarial y pol\u00edtico en todo el mundo. Los desahucios, la pobreza infantil y la falta de acceso a los suministros b\u00e1sicos son algunos de los grandes dramas de nuestra sociedad y que es preciso solucionar para hacerla m\u00e1s justa. CEO en www.aquimicasa.net","sameAs":["https:\/\/www.aquimicasa.net\/"],"url":"https:\/\/www.aquimicasa.net\/blog\/author\/eduardo\/"}]}},"jetpack_publicize_connections":[],"jetpack_featured_media_url":"https:\/\/www.aquimicasa.net\/blog\/wp-content\/uploads\/Logo-aquimicasa.png","jetpack_sharing_enabled":true,"jetpack_likes_enabled":true,"_links":{"self":[{"href":"https:\/\/www.aquimicasa.net\/blog\/wp-json\/wp\/v2\/posts\/29064","targetHints":{"allow":["GET"]}}],"collection":[{"href":"https:\/\/www.aquimicasa.net\/blog\/wp-json\/wp\/v2\/posts"}],"about":[{"href":"https:\/\/www.aquimicasa.net\/blog\/wp-json\/wp\/v2\/types\/post"}],"author":[{"embeddable":true,"href":"https:\/\/www.aquimicasa.net\/blog\/wp-json\/wp\/v2\/users\/3"}],"replies":[{"embeddable":true,"href":"https:\/\/www.aquimicasa.net\/blog\/wp-json\/wp\/v2\/comments?post=29064"}],"version-history":[{"count":1,"href":"https:\/\/www.aquimicasa.net\/blog\/wp-json\/wp\/v2\/posts\/29064\/revisions"}],"predecessor-version":[{"id":29120,"href":"https:\/\/www.aquimicasa.net\/blog\/wp-json\/wp\/v2\/posts\/29064\/revisions\/29120"}],"wp:featuredmedia":[{"embeddable":true,"href":"https:\/\/www.aquimicasa.net\/blog\/wp-json\/wp\/v2\/media\/17772"}],"wp:attachment":[{"href":"https:\/\/www.aquimicasa.net\/blog\/wp-json\/wp\/v2\/media?parent=29064"}],"wp:term":[{"taxonomy":"category","embeddable":true,"href":"https:\/\/www.aquimicasa.net\/blog\/wp-json\/wp\/v2\/categories?post=29064"},{"taxonomy":"post_tag","embeddable":true,"href":"https:\/\/www.aquimicasa.net\/blog\/wp-json\/wp\/v2\/tags?post=29064"}],"curies":[{"name":"wp","href":"https:\/\/api.w.org\/{rel}","templated":true}]}}